{"id":849,"date":"2020-03-13T16:58:13","date_gmt":"2020-03-13T15:58:13","guid":{"rendered":"http:\/\/infolocale.data.blog\/?p=849"},"modified":"2021-10-27T17:40:14","modified_gmt":"2021-10-27T15:40:14","slug":"the-seacleaners-nettoyer-ocean-plastique","status":"publish","type":"post","link":"https:\/\/www.infolocale.fr\/blog\/the-seacleaners-nettoyer-ocean-plastique\/","title":{"rendered":"Nettoyer les oc\u00e9ans du plastique qui les \u00e9touffe"},"content":{"rendered":"\n<div class=\"wp-block-columns alignfull is-layout-flex wp-container-core-columns-is-layout-1 wp-block-columns-is-layout-flex\">\n<div class=\"wp-block-column is-layout-flow wp-block-column-is-layout-flow\" style=\"flex-basis:100%\">\n<p class=\"has-text-align-justify has-background has-normal-font-size\" style=\"background-color:#ffffff;line-height:2\">Yvan Bourgnon, 47 ans a fr\u00e9quent\u00e9 la mer enfant, \u00e0 l&rsquo;occasion d&rsquo;un tour du monde avec ses parents. <br><br>\u00ab <strong>\u00c0 l&rsquo;\u00e9poque, il n&rsquo;y avait pas tous ces d\u00e9tritus. Trente-cinq ans plus tard, j&rsquo;ai navigu\u00e9 pendant deux mois au milieu des plastiques en longeant l&rsquo;Indon\u00e9sie, le Sri Lanka et les Maldives. C&rsquo;est ma g\u00e9n\u00e9ration qui a pollu\u00e9 les oc\u00e9ans.<\/strong> \u00bb. Il r\u00e9fl\u00e9chit au sens \u00e0 donner \u00e0 sa vie.<br><br>Il s\u2019engage avec son association The SeaCleaners pour la pr\u00e9servation des oc\u00e9ans, \u00e0 long terme et d\u2019envergure plan\u00e9taire. Ce projet int\u00e8gre des perspectives \u00e9conomiques, soci\u00e9tales, humaines, p\u00e9dagogiques et scientifiques dans une dynamique solidaire.<br><br>Les oc\u00e9ans repr\u00e9sentent plus de 70 % de la surface de la plan\u00e8te et contiennent 97 % de son eau. Ils sont un fournisseur essentiel d\u2019oxyg\u00e8ne, un r\u00e9gulateur du climat, une \u00ab mer \u00bb nourrici\u00e8re, un garant de notre sant\u00e9\u2026<\/p>\n\n\n\n<h4 class=\"has-text-align-center wp-block-heading\">+ de 8 millions de tonnes &nbsp;de d\u00e9chets plastiques &nbsp;dans les mers par an<\/h4>\n\n\n\n<p class=\"has-text-align-justify has-background has-normal-font-size\" style=\"background-color:#ffffff;line-height:2\">Aujourd\u2019hui, les oc\u00e9ans sont en grand danger ! Plus de 8 millions de tonnes de plastiques se d\u00e9versent chaque ann\u00e9e dans les oc\u00e9ans, impactant la vie de plus de 1 400 esp\u00e8ces marines. 1 million d\u2019oiseaux marins et 100 000 mammif\u00e8res marins en meurent chaque ann\u00e9e. Si nous ne r\u00e9agissons pas, en 2050, il y aura plus de plastiques dans les oc\u00e9ans que de poissons.<\/p>\n\n\n\n<h4 class=\"has-text-align-center wp-block-heading\">Autonomie \u00e9nerg\u00e9tique totale<\/h4>\n\n\n\n<p class=\"has-text-align-justify has-background has-normal-font-size\" style=\"background-color:#ffffff;line-height:2\"><strong><em>&nbsp;<\/em><\/strong>Avec la construction du bateau-usine, <em>Le Manta<\/em> collectera 80 % du plastique en surface \u00e0 l&#8217;embouchure des fleuves, avant qu&rsquo;il ne se d\u00e9sagr\u00e8ge dans l&rsquo;oc\u00e9an. A son bord 15 membres d\u2019\u00e9quipage, une \u00e9quipe de 15 trieurs. Bois et algues seront rejet\u00e9s \u00e0 la mer mais les plastiques subiront un traitement diff\u00e9rent. Ils seront compact\u00e9s et transform\u00e9s en \u00e9nergie gr\u00e2ce au four \u00e0 pyrolise, un r\u00e9acteur \u00e0 haute temp\u00e9rature qui fait fondre le plastique en circuit ferm\u00e9. Il alimentera ainsi le fonctionnement du bateau. <\/p>\n\n\n\n<p class=\"has-text-align-justify has-background has-normal-font-size\" style=\"background-color:#ffffff;line-height:2\">\u00ab <strong>Quand il n&rsquo;y aura pas assez de soleil ou de vent, il restera le carburant g\u00e9n\u00e9r\u00e9 par la pyrolyse. <\/strong>\u00bb Le bateau sera \u00e9quip\u00e9 d&rsquo;\u00e9oliennes, d&rsquo;hydroliennes et de panneaux photovolta\u00efques. Cette usine flottante est innovante. Yvan Bourgnon s\u2019enthousiasme : \u00ab <strong>j&rsquo;avais une conscience \u00e9cologique comme tout le monde, mais l\u00e0, \u00e7a m&rsquo;a confort\u00e9 dans le projet de toute une vie.<\/strong> \u00bb<\/p>\n\n\n\n<figure class=\"wp-block-image alignfull size-large\"><img decoding=\"async\" src=\"https:\/\/blog.infolocale.fr\/wp-content\/uploads\/2020\/03\/thumbnail-1.png?w=580\" alt=\"The SeaCleaners Manta oc\u00e9an plastique pollution mer\" class=\"wp-image-1783\"\/><figcaption>Cr\u00e9dit: <em>The SeaCleaners<\/em> <\/figcaption><\/figure>\n\n\n\n<h4 class=\"has-text-align-center wp-block-heading\">Un bateau porte-\u00e9tendard<\/h4>\n\n\n\n<p class=\"has-text-align-justify has-background has-normal-font-size\" style=\"background-color:#ffffff;line-height:2\">15&nbsp; % des plastiques sont recyclables et <em>Le Manta<\/em> peut en stocker entre 50 et 80 tonnes. Elles pourraient \u00eatre trait\u00e9es et recycl\u00e9es \u00e0&nbsp;terre.&nbsp;Donner \u00e0 voir du plastique compact\u00e9 lors d\u2019une escale. Pourquoi pas \u00e0&nbsp;Shanghai, pour alimenter une usine de recyclage locale&nbsp;par exemple ? Et promouvoir la pyrolise, en apportant deux solutions aux fl\u00e9aux des pays asiatiques&nbsp;: le plastique qu\u2019ils n\u2019arrivent pas \u00e0 traiter, et la production d\u2019\u00e9nergie dont ils pourraient manquer.<\/p>\n\n\n\n<h4 class=\"has-text-align-center wp-block-heading\">Sensibiliser, alerter, \u00e9duquer&nbsp;: les enfants motivent leurs parents<\/h4>\n\n\n\n<p class=\"has-text-align-justify has-background has-normal-font-size\" style=\"background-color:#ffffff;line-height:2\">Depuis trois ans, un partenariat a \u00e9t\u00e9 d\u00e9velopp\u00e9 entre The SeaCleaners et l&rsquo;\u00c9ducation nationale pour d\u00e9velopper des kits p\u00e9dagogiques. Ils sont disponibles depuis la rentr\u00e9e 2019 dans des \u00e9coles pilotes, et traduits en 14 langues pour toucher 30 pays d&rsquo;ici cinq ans. <\/p>\n\n\n\n<p class=\"has-text-align-justify has-background has-normal-font-size\" style=\"background-color:#ffffff;line-height:2\">\u00ab <strong>Parce qu&rsquo;il faut<\/strong> <strong>former les gens en France, en Europe mais aussi au Bangladesh ou en Indon\u00e9sie pour leur expliquer les dommages de la pollution des plastiques. On touche \u00e0 la physique, les sciences naturelles, l&rsquo;histoire, la g\u00e9ographie et on esp\u00e8re cr\u00e9er un r\u00e9seau mondial avec des b\u00e9n\u00e9voles.<\/strong> \u00bb<\/p>\n\n\n\n<figure class=\"wp-block-image alignfull size-large\"><img decoding=\"async\" src=\"https:\/\/blog.infolocale.fr\/wp-content\/uploads\/2020\/03\/photo-1559304879-0bbc7c0314ad.jpg?w=967\" alt=\"The SeaCleaners oc\u00e9an mer pollution plastique\" class=\"wp-image-859\"\/><\/figure>\n\n\n\n<h4 class=\"has-text-align-center wp-block-heading\">Une lev\u00e9e de fonds a permis de r\u00e9colter 15 millions en 18 mois, soit 1\/3 du financement<\/h4>\n\n\n\n<p class=\"has-text-align-justify has-background has-normal-font-size\" style=\"background-color:#ffffff;line-height:2\">The SeaCleaners a convaincu de gros sponsors (dont Allianz, Pilot Pen France) d\u2019embarquer dans l\u2019aventure pour optimiser le budget qui flirtera avec les 40 millions. Le co\u00fbt du bateau est de 35 millions d&rsquo;euros. <em>Le Manta<\/em>, un catamaran en acier recyclable (70 m de long et 49 m de large) sera capable de traiter 250 tonnes de d\u00e9chets. <br>\u00ab <strong>On va lancer un plan de communication \u00e9largi au niveau international. Entre la Chine, les \u00c9tats-Unis\u2026 Il y a un potentiel \u00e9norme. <\/strong>\u00bb<\/p>\n\n\n\n<figure class=\"wp-block-pullquote\"><blockquote><p>&nbsp;\u00ab&nbsp;<strong>30 % du budget est subventionn\u00e9 par de petits porteurs, \u00e0 raison de 20 \u20ac\/mois<\/strong>&nbsp;\u00bb pr\u00e9cise Yvan Bourgnon.<\/p><\/blockquote><\/figure>\n\n\n\n<h4 class=\"has-text-align-center wp-block-heading\"><em>Le Manta<\/em> sera lanc\u00e9 en 2023<\/h4>\n\n\n\n<p class=\"has-text-align-justify has-background has-normal-font-size\" style=\"background-color:#ffffff;line-height:2\">La construction de ce navire r\u00e9volutionnaire est pr\u00e9vue en 2021 et le lancement en 2023. Le tapis roulant sur lequel les d\u00e9chets seront tri\u00e9s a \u00e9t\u00e9 test\u00e9 sur un prototype. \u00ab<strong>Nos estimations se basent sur 60 \u00e0 70 % de la fabrication des mat\u00e9riaux en France, et l\u2019assemblage \u00e9galement. Les gr\u00e9ements, eux,  pourraient venir d\u2019Angleterre.<\/strong> \u00bb<\/p>\n\n\n\n<h4 class=\"has-text-align-center wp-block-heading\">\u00ab Le plastique, c\u2019est dramatique \u00bb<\/h4>\n\n\n\n<p class=\"has-background has-normal-font-size\" style=\"background-color:#ffffff;line-height:2\">Il faut 450 ans pour qu\u2019une bouteille en plastique se d\u00e9grade. immerg\u00e9e, ce temps est quasi infini.<\/p>\n\n\n\n<h4 class=\"has-text-align-center wp-block-heading\">La t\u00e2che \u00e0 accomplir est immense, mais on peut nettoyer les oc\u00e9ans&nbsp;<\/h4>\n\n\n\n<p class=\"has-text-align-justify has-background has-normal-font-size\" style=\"background-color:#ffffff;line-height:2\">Pour ceux qui \u00e9mettent un doute, comme si Yvan Bourgnon voulait vider la mer avec une cuill\u00e8re, avec obstination le navigateur assure : \u00ab <strong>vingt fleuves dans le monde rejettent environ 60 % des plastiques. Si on va aux endroits strat\u00e9giques, en amont, ou que l&rsquo;on remonte le fleuve, quand le plastique n&rsquo;est pas encore d\u00e9sagr\u00e9g\u00e9 en bouillie, on sera plus efficace. La pollution par les macrod\u00e9chets se trouve sur 0,1 % des oc\u00e9ans. Il n&rsquo;y a pas besoin de ratisser toutes les mers, il faut simplement aller aux bons endroits.<\/strong> \u00bb L\u2019Association <em>The SeaCleaners<\/em> recrute. Elle estime qu\u2019il faudrait 300 bateaux du type du <em>Manta<\/em> pour nettoyer les oc\u00e9ans.<\/p>\n<\/div>\n<\/div>\n\n\n\n<figure class=\"wp-block-image size-large\"><a href=\"https:\/\/s.infolocale.fr\/?utm_source=blog&amp;utm_medium=banner&amp;utm_campaign=blog-contents\"><img fetchpriority=\"high\" decoding=\"async\" width=\"908\" height=\"196\" src=\"https:\/\/www.infolocale.fr\/blog\/wp-content\/uploads\/2021\/02\/Banniere_evenement.png\" alt=\"\" class=\"wp-image-5949\" srcset=\"https:\/\/www.infolocale.fr\/blog\/wp-content\/uploads\/2021\/02\/Banniere_evenement.png 908w, https:\/\/www.infolocale.fr\/blog\/wp-content\/uploads\/2021\/02\/Banniere_evenement-300x65.png 300w, https:\/\/www.infolocale.fr\/blog\/wp-content\/uploads\/2021\/02\/Banniere_evenement-768x166.png 768w, https:\/\/www.infolocale.fr\/blog\/wp-content\/uploads\/2021\/02\/Banniere_evenement-278x60.png 278w\" sizes=\"(max-width: 908px) 100vw, 908px\" \/><\/a><\/figure>\n","protected":false},"excerpt":{"rendered":"<p>Yvan Bourgnon, 47 ans a fr\u00e9quent\u00e9 la mer enfant, \u00e0 l&rsquo;occasion d&rsquo;un tour du monde avec ses parents. \u00ab \u00c0 l&rsquo;\u00e9poque, il n&rsquo;y avait pas [&hellip;]<\/p>\n","protected":false},"author":8,"featured_media":4255,"comment_status":"open","ping_status":"open","sticky":false,"template":"","format":"standard","meta":{"_coblocks_attr":"","_coblocks_dimensions":"","_coblocks_responsive_height":"","_coblocks_accordion_ie_support":"","_mo_disable_npp":"","footnotes":""},"categories":[6,8],"tags":[45],"class_list":["post-849","post","type-post","status-publish","format-standard","has-post-thumbnail","hentry","category-actu-acteurs-locaux","category-acteurs-locaux","tag-portraits"],"yoast_head":"<!-- This site is optimized with the Yoast SEO plugin v23.2 - https:\/\/yoast.com\/wordpress\/plugins\/seo\/ -->\n<title>The SeaCleaners : Nettoyer les oc\u00e9ans du plastique qui les \u00e9touffe |<\/title>\n<meta name=\"description\" content=\"A 47 ans, Yvan Bourgnon s\u2019engage avec son association The SeaCleaners pour la pr\u00e9servation des oc\u00e9ans et de leur biodiversit\u00e9\" \/>\n<meta name=\"robots\" content=\"index, follow, max-snippet:-1, max-image-preview:large, max-video-preview:-1\" \/>\n<link rel=\"canonical\" href=\"https:\/\/infolocale.20minutes.fr\/blog\/the-seacleaners-nettoyer-ocean-plastique\/\" \/>\n<meta property=\"og:locale\" content=\"fr_FR\" \/>\n<meta property=\"og:type\" content=\"article\" \/>\n<meta property=\"og:title\" content=\"The SeaCleaners : Nettoyer les oc\u00e9ans du plastique qui les \u00e9touffe |\" \/>\n<meta property=\"og:description\" content=\"A 47 ans, Yvan Bourgnon s\u2019engage avec son association The SeaCleaners pour la pr\u00e9servation des oc\u00e9ans et de leur biodiversit\u00e9\" \/>\n<meta property=\"og:url\" content=\"https:\/\/infolocale.20minutes.fr\/blog\/the-seacleaners-nettoyer-ocean-plastique\/\" \/>\n<meta property=\"article:publisher\" content=\"https:\/\/www.facebook.com\/infolocaleFR\/\" \/>\n<meta property=\"article:published_time\" content=\"2020-03-13T15:58:13+00:00\" \/>\n<meta property=\"article:modified_time\" content=\"2021-10-27T15:40:14+00:00\" \/>\n<meta property=\"og:image\" content=\"https:\/\/infolocale.20minutes.fr\/blog\/wp-content\/uploads\/2020\/05\/Yvan-Bourgnon.jpg\" \/>\n\t<meta property=\"og:image:width\" content=\"1024\" \/>\n\t<meta property=\"og:image:height\" content=\"768\" \/>\n\t<meta property=\"og:image:type\" content=\"image\/jpeg\" \/>\n<meta name=\"author\" content=\"Myl\u00e8ne\" \/>\n<meta name=\"twitter:card\" content=\"summary_large_image\" \/>\n<meta name=\"twitter:creator\" content=\"@infolocale\" \/>\n<meta name=\"twitter:site\" content=\"@infolocale\" \/>\n<meta name=\"twitter:label1\" content=\"\u00c9crit par\" \/>\n\t<meta name=\"twitter:data1\" content=\"Myl\u00e8ne\" \/>\n\t<meta name=\"twitter:label2\" content=\"Dur\u00e9e de lecture estim\u00e9e\" \/>\n\t<meta name=\"twitter:data2\" content=\"5 minutes\" \/>\n<script type=\"application\/ld+json\" class=\"yoast-schema-graph\">{\"@context\":\"https:\/\/schema.org\",\"@graph\":[{\"@type\":\"Article\",\"@id\":\"https:\/\/infolocale.20minutes.fr\/blog\/the-seacleaners-nettoyer-ocean-plastique\/#article\",\"isPartOf\":{\"@id\":\"https:\/\/infolocale.20minutes.fr\/blog\/the-seacleaners-nettoyer-ocean-plastique\/\"},\"author\":{\"name\":\"Myl\u00e8ne\",\"@id\":\"https:\/\/www.infolocale.fr\/blog\/#\/schema\/person\/bf2dc50c6636ffa2ce3e44ef1f9eb97f\"},\"headline\":\"Nettoyer les oc\u00e9ans du plastique qui les \u00e9touffe\",\"datePublished\":\"2020-03-13T15:58:13+00:00\",\"dateModified\":\"2021-10-27T15:40:14+00:00\",\"mainEntityOfPage\":{\"@id\":\"https:\/\/infolocale.20minutes.fr\/blog\/the-seacleaners-nettoyer-ocean-plastique\/\"},\"wordCount\":915,\"commentCount\":0,\"publisher\":{\"@id\":\"https:\/\/www.infolocale.fr\/blog\/#organization\"},\"image\":{\"@id\":\"https:\/\/infolocale.20minutes.fr\/blog\/the-seacleaners-nettoyer-ocean-plastique\/#primaryimage\"},\"thumbnailUrl\":\"https:\/\/www.infolocale.fr\/blog\/wp-content\/uploads\/2020\/05\/Yvan-Bourgnon.jpg\",\"keywords\":[\"Portraits\"],\"articleSection\":[\"En ce moment\",\"Portraits\"],\"inLanguage\":\"fr-FR\",\"potentialAction\":[{\"@type\":\"CommentAction\",\"name\":\"Comment\",\"target\":[\"https:\/\/infolocale.20minutes.fr\/blog\/the-seacleaners-nettoyer-ocean-plastique\/#respond\"]}]},{\"@type\":\"WebPage\",\"@id\":\"https:\/\/infolocale.20minutes.fr\/blog\/the-seacleaners-nettoyer-ocean-plastique\/\",\"url\":\"https:\/\/infolocale.20minutes.fr\/blog\/the-seacleaners-nettoyer-ocean-plastique\/\",\"name\":\"The SeaCleaners : Nettoyer les oc\u00e9ans du plastique qui les \u00e9touffe |\",\"isPartOf\":{\"@id\":\"https:\/\/www.infolocale.fr\/blog\/#website\"},\"primaryImageOfPage\":{\"@id\":\"https:\/\/infolocale.20minutes.fr\/blog\/the-seacleaners-nettoyer-ocean-plastique\/#primaryimage\"},\"image\":{\"@id\":\"https:\/\/infolocale.20minutes.fr\/blog\/the-seacleaners-nettoyer-ocean-plastique\/#primaryimage\"},\"thumbnailUrl\":\"https:\/\/www.infolocale.fr\/blog\/wp-content\/uploads\/2020\/05\/Yvan-Bourgnon.jpg\",\"datePublished\":\"2020-03-13T15:58:13+00:00\",\"dateModified\":\"2021-10-27T15:40:14+00:00\",\"description\":\"A 47 ans, Yvan Bourgnon s\u2019engage avec son association The SeaCleaners pour la pr\u00e9servation des oc\u00e9ans et de leur biodiversit\u00e9\",\"breadcrumb\":{\"@id\":\"https:\/\/infolocale.20minutes.fr\/blog\/the-seacleaners-nettoyer-ocean-plastique\/#breadcrumb\"},\"inLanguage\":\"fr-FR\",\"potentialAction\":[{\"@type\":\"ReadAction\",\"target\":[\"https:\/\/infolocale.20minutes.fr\/blog\/the-seacleaners-nettoyer-ocean-plastique\/\"]}]},{\"@type\":\"ImageObject\",\"inLanguage\":\"fr-FR\",\"@id\":\"https:\/\/infolocale.20minutes.fr\/blog\/the-seacleaners-nettoyer-ocean-plastique\/#primaryimage\",\"url\":\"https:\/\/www.infolocale.fr\/blog\/wp-content\/uploads\/2020\/05\/Yvan-Bourgnon.jpg\",\"contentUrl\":\"https:\/\/www.infolocale.fr\/blog\/wp-content\/uploads\/2020\/05\/Yvan-Bourgnon.jpg\",\"width\":1024,\"height\":768,\"caption\":\"Yvan Bourgnon\"},{\"@type\":\"BreadcrumbList\",\"@id\":\"https:\/\/infolocale.20minutes.fr\/blog\/the-seacleaners-nettoyer-ocean-plastique\/#breadcrumb\",\"itemListElement\":[{\"@type\":\"ListItem\",\"position\":1,\"name\":\"Blog\",\"item\":\"https:\/\/infolocale.ouest-france.fr\/blog\/\"},{\"@type\":\"ListItem\",\"position\":2,\"name\":\"Portraits\",\"item\":\"https:\/\/infolocale.20minutes.fr\/blog\/cat\/acteurs-locaux\/\"},{\"@type\":\"ListItem\",\"position\":3,\"name\":\"Nettoyer les oc\u00e9ans du plastique qui les \u00e9touffe\"}]},{\"@type\":\"WebSite\",\"@id\":\"https:\/\/www.infolocale.fr\/blog\/#website\",\"url\":\"https:\/\/www.infolocale.fr\/blog\/\",\"name\":\"\",\"description\":\"\",\"publisher\":{\"@id\":\"https:\/\/www.infolocale.fr\/blog\/#organization\"},\"potentialAction\":[{\"@type\":\"SearchAction\",\"target\":{\"@type\":\"EntryPoint\",\"urlTemplate\":\"https:\/\/www.infolocale.fr\/blog\/?s={search_term_string}\"},\"query-input\":\"required name=search_term_string\"}],\"inLanguage\":\"fr-FR\"},{\"@type\":\"Organization\",\"@id\":\"https:\/\/www.infolocale.fr\/blog\/#organization\",\"name\":\"Infolocale\",\"url\":\"https:\/\/www.infolocale.fr\/blog\/\",\"logo\":{\"@type\":\"ImageObject\",\"inLanguage\":\"fr-FR\",\"@id\":\"https:\/\/www.infolocale.fr\/blog\/#\/schema\/logo\/image\/\",\"url\":\"https:\/\/www.infolocale.fr\/blog\/wp-content\/uploads\/2020\/11\/logol.jpg\",\"contentUrl\":\"https:\/\/www.infolocale.fr\/blog\/wp-content\/uploads\/2020\/11\/logol.jpg\",\"width\":1031,\"height\":398,\"caption\":\"Infolocale\"},\"image\":{\"@id\":\"https:\/\/www.infolocale.fr\/blog\/#\/schema\/logo\/image\/\"},\"sameAs\":[\"https:\/\/www.facebook.com\/infolocaleFR\/\",\"https:\/\/x.com\/infolocale\",\"https:\/\/www.instagram.com\/infolocale\/\",\"https:\/\/fr.linkedin.com\/company\/infolocale\",\"https:\/\/www.youtube.com\/channel\/UCnv4FA8EYEuu_si3TGr7xeA\"]},{\"@type\":\"Person\",\"@id\":\"https:\/\/www.infolocale.fr\/blog\/#\/schema\/person\/bf2dc50c6636ffa2ce3e44ef1f9eb97f\",\"name\":\"Myl\u00e8ne\",\"image\":{\"@type\":\"ImageObject\",\"inLanguage\":\"fr-FR\",\"@id\":\"https:\/\/www.infolocale.fr\/blog\/#\/schema\/person\/image\/\",\"url\":\"https:\/\/secure.gravatar.com\/avatar\/49511f0ea4b41ed3062b218e30f07042?s=96&d=mm&r=g\",\"contentUrl\":\"https:\/\/secure.gravatar.com\/avatar\/49511f0ea4b41ed3062b218e30f07042?s=96&d=mm&r=g\",\"caption\":\"Myl\u00e8ne\"},\"url\":\"https:\/\/www.infolocale.fr\/blog\/author\/mylene-michel\/\"}]}<\/script>\n<!-- \/ Yoast SEO plugin. -->","yoast_head_json":{"title":"The SeaCleaners : Nettoyer les oc\u00e9ans du plastique qui les \u00e9touffe |","description":"A 47 ans, Yvan Bourgnon s\u2019engage avec son association The SeaCleaners pour la pr\u00e9servation des oc\u00e9ans et de leur biodiversit\u00e9","robots":{"index":"index","follow":"follow","max-snippet":"max-snippet:-1","max-image-preview":"max-image-preview:large","max-video-preview":"max-video-preview:-1"},"canonical":"https:\/\/infolocale.20minutes.fr\/blog\/the-seacleaners-nettoyer-ocean-plastique\/","og_locale":"fr_FR","og_type":"article","og_title":"The SeaCleaners : Nettoyer les oc\u00e9ans du plastique qui les \u00e9touffe |","og_description":"A 47 ans, Yvan Bourgnon s\u2019engage avec son association The SeaCleaners pour la pr\u00e9servation des oc\u00e9ans et de leur biodiversit\u00e9","og_url":"https:\/\/infolocale.20minutes.fr\/blog\/the-seacleaners-nettoyer-ocean-plastique\/","article_publisher":"https:\/\/www.facebook.com\/infolocaleFR\/","article_published_time":"2020-03-13T15:58:13+00:00","article_modified_time":"2021-10-27T15:40:14+00:00","og_image":[{"width":1024,"height":768,"url":"https:\/\/infolocale.20minutes.fr\/blog\/wp-content\/uploads\/2020\/05\/Yvan-Bourgnon.jpg","type":"image\/jpeg"}],"author":"Myl\u00e8ne","twitter_card":"summary_large_image","twitter_creator":"@infolocale","twitter_site":"@infolocale","twitter_misc":{"\u00c9crit par":"Myl\u00e8ne","Dur\u00e9e de lecture estim\u00e9e":"5 minutes"},"schema":{"@context":"https:\/\/schema.org","@graph":[{"@type":"Article","@id":"https:\/\/infolocale.20minutes.fr\/blog\/the-seacleaners-nettoyer-ocean-plastique\/#article","isPartOf":{"@id":"https:\/\/infolocale.20minutes.fr\/blog\/the-seacleaners-nettoyer-ocean-plastique\/"},"author":{"name":"Myl\u00e8ne","@id":"https:\/\/www.infolocale.fr\/blog\/#\/schema\/person\/bf2dc50c6636ffa2ce3e44ef1f9eb97f"},"headline":"Nettoyer les oc\u00e9ans du plastique qui les \u00e9touffe","datePublished":"2020-03-13T15:58:13+00:00","dateModified":"2021-10-27T15:40:14+00:00","mainEntityOfPage":{"@id":"https:\/\/infolocale.20minutes.fr\/blog\/the-seacleaners-nettoyer-ocean-plastique\/"},"wordCount":915,"commentCount":0,"publisher":{"@id":"https:\/\/www.infolocale.fr\/blog\/#organization"},"image":{"@id":"https:\/\/infolocale.20minutes.fr\/blog\/the-seacleaners-nettoyer-ocean-plastique\/#primaryimage"},"thumbnailUrl":"https:\/\/www.infolocale.fr\/blog\/wp-content\/uploads\/2020\/05\/Yvan-Bourgnon.jpg","keywords":["Portraits"],"articleSection":["En ce moment","Portraits"],"inLanguage":"fr-FR","potentialAction":[{"@type":"CommentAction","name":"Comment","target":["https:\/\/infolocale.20minutes.fr\/blog\/the-seacleaners-nettoyer-ocean-plastique\/#respond"]}]},{"@type":"WebPage","@id":"https:\/\/infolocale.20minutes.fr\/blog\/the-seacleaners-nettoyer-ocean-plastique\/","url":"https:\/\/infolocale.20minutes.fr\/blog\/the-seacleaners-nettoyer-ocean-plastique\/","name":"The SeaCleaners : Nettoyer les oc\u00e9ans du plastique qui les \u00e9touffe |","isPartOf":{"@id":"https:\/\/www.infolocale.fr\/blog\/#website"},"primaryImageOfPage":{"@id":"https:\/\/infolocale.20minutes.fr\/blog\/the-seacleaners-nettoyer-ocean-plastique\/#primaryimage"},"image":{"@id":"https:\/\/infolocale.20minutes.fr\/blog\/the-seacleaners-nettoyer-ocean-plastique\/#primaryimage"},"thumbnailUrl":"https:\/\/www.infolocale.fr\/blog\/wp-content\/uploads\/2020\/05\/Yvan-Bourgnon.jpg","datePublished":"2020-03-13T15:58:13+00:00","dateModified":"2021-10-27T15:40:14+00:00","description":"A 47 ans, Yvan Bourgnon s\u2019engage avec son association The SeaCleaners pour la pr\u00e9servation des oc\u00e9ans et de leur biodiversit\u00e9","breadcrumb":{"@id":"https:\/\/infolocale.20minutes.fr\/blog\/the-seacleaners-nettoyer-ocean-plastique\/#breadcrumb"},"inLanguage":"fr-FR","potentialAction":[{"@type":"ReadAction","target":["https:\/\/infolocale.20minutes.fr\/blog\/the-seacleaners-nettoyer-ocean-plastique\/"]}]},{"@type":"ImageObject","inLanguage":"fr-FR","@id":"https:\/\/infolocale.20minutes.fr\/blog\/the-seacleaners-nettoyer-ocean-plastique\/#primaryimage","url":"https:\/\/www.infolocale.fr\/blog\/wp-content\/uploads\/2020\/05\/Yvan-Bourgnon.jpg","contentUrl":"https:\/\/www.infolocale.fr\/blog\/wp-content\/uploads\/2020\/05\/Yvan-Bourgnon.jpg","width":1024,"height":768,"caption":"Yvan Bourgnon"},{"@type":"BreadcrumbList","@id":"https:\/\/infolocale.20minutes.fr\/blog\/the-seacleaners-nettoyer-ocean-plastique\/#breadcrumb","itemListElement":[{"@type":"ListItem","position":1,"name":"Blog","item":"https:\/\/infolocale.ouest-france.fr\/blog\/"},{"@type":"ListItem","position":2,"name":"Portraits","item":"https:\/\/infolocale.20minutes.fr\/blog\/cat\/acteurs-locaux\/"},{"@type":"ListItem","position":3,"name":"Nettoyer les oc\u00e9ans du plastique qui les \u00e9touffe"}]},{"@type":"WebSite","@id":"https:\/\/www.infolocale.fr\/blog\/#website","url":"https:\/\/www.infolocale.fr\/blog\/","name":"","description":"","publisher":{"@id":"https:\/\/www.infolocale.fr\/blog\/#organization"},"potentialAction":[{"@type":"SearchAction","target":{"@type":"EntryPoint","urlTemplate":"https:\/\/www.infolocale.fr\/blog\/?s={search_term_string}"},"query-input":"required name=search_term_string"}],"inLanguage":"fr-FR"},{"@type":"Organization","@id":"https:\/\/www.infolocale.fr\/blog\/#organization","name":"Infolocale","url":"https:\/\/www.infolocale.fr\/blog\/","logo":{"@type":"ImageObject","inLanguage":"fr-FR","@id":"https:\/\/www.infolocale.fr\/blog\/#\/schema\/logo\/image\/","url":"https:\/\/www.infolocale.fr\/blog\/wp-content\/uploads\/2020\/11\/logol.jpg","contentUrl":"https:\/\/www.infolocale.fr\/blog\/wp-content\/uploads\/2020\/11\/logol.jpg","width":1031,"height":398,"caption":"Infolocale"},"image":{"@id":"https:\/\/www.infolocale.fr\/blog\/#\/schema\/logo\/image\/"},"sameAs":["https:\/\/www.facebook.com\/infolocaleFR\/","https:\/\/x.com\/infolocale","https:\/\/www.instagram.com\/infolocale\/","https:\/\/fr.linkedin.com\/company\/infolocale","https:\/\/www.youtube.com\/channel\/UCnv4FA8EYEuu_si3TGr7xeA"]},{"@type":"Person","@id":"https:\/\/www.infolocale.fr\/blog\/#\/schema\/person\/bf2dc50c6636ffa2ce3e44ef1f9eb97f","name":"Myl\u00e8ne","image":{"@type":"ImageObject","inLanguage":"fr-FR","@id":"https:\/\/www.infolocale.fr\/blog\/#\/schema\/person\/image\/","url":"https:\/\/secure.gravatar.com\/avatar\/49511f0ea4b41ed3062b218e30f07042?s=96&d=mm&r=g","contentUrl":"https:\/\/secure.gravatar.com\/avatar\/49511f0ea4b41ed3062b218e30f07042?s=96&d=mm&r=g","caption":"Myl\u00e8ne"},"url":"https:\/\/www.infolocale.fr\/blog\/author\/mylene-michel\/"}]}},"_links":{"self":[{"href":"https:\/\/www.infolocale.fr\/blog\/wp-json\/wp\/v2\/posts\/849"}],"collection":[{"href":"https:\/\/www.infolocale.fr\/blog\/wp-json\/wp\/v2\/posts"}],"about":[{"href":"https:\/\/www.infolocale.fr\/blog\/wp-json\/wp\/v2\/types\/post"}],"author":[{"embeddable":true,"href":"https:\/\/www.infolocale.fr\/blog\/wp-json\/wp\/v2\/users\/8"}],"replies":[{"embeddable":true,"href":"https:\/\/www.infolocale.fr\/blog\/wp-json\/wp\/v2\/comments?post=849"}],"version-history":[{"count":0,"href":"https:\/\/www.infolocale.fr\/blog\/wp-json\/wp\/v2\/posts\/849\/revisions"}],"wp:featuredmedia":[{"embeddable":true,"href":"https:\/\/www.infolocale.fr\/blog\/wp-json\/wp\/v2\/media\/4255"}],"wp:attachment":[{"href":"https:\/\/www.infolocale.fr\/blog\/wp-json\/wp\/v2\/media?parent=849"}],"wp:term":[{"taxonomy":"category","embeddable":true,"href":"https:\/\/www.infolocale.fr\/blog\/wp-json\/wp\/v2\/categories?post=849"},{"taxonomy":"post_tag","embeddable":true,"href":"https:\/\/www.infolocale.fr\/blog\/wp-json\/wp\/v2\/tags?post=849"}],"curies":[{"name":"wp","href":"https:\/\/api.w.org\/{rel}","templated":true}]}}