{"id":6718,"date":"2021-03-23T14:59:18","date_gmt":"2021-03-23T13:59:18","guid":{"rendered":"https:\/\/www.infolocale.fr\/blog\/?p=6718"},"modified":"2021-03-31T09:23:20","modified_gmt":"2021-03-31T07:23:20","slug":"les-besoins-des-associations-sont-criants","status":"publish","type":"post","link":"https:\/\/www.infolocale.fr\/blog\/les-besoins-des-associations-sont-criants\/","title":{"rendered":"Les besoins des associations sont criants, l&rsquo;Etat et les territoires les soutiennent"},"content":{"rendered":"\n<p>Depuis mars 2020, les associations rencontrent difficult\u00e9s et contraintes. Le monde associatif avec ses 20 millions de b\u00e9n\u00e9voles et 1.8 million de salari\u00e9s repr\u00e9sente une des forces des territoires. Au plus pr\u00e8s des besoins, les associations agissent dans l\u2019int\u00e9r\u00eat g\u00e9n\u00e9ral. G\u00e9n\u00e9ratrices d\u2019emplois, organis\u00e9es en r\u00e9seaux, f\u00e9d\u00e9rations, unions aux diff\u00e9rents \u00e9chelons territoriaux, elles sont des interlocuteurs des pouvoirs publics.&nbsp; Pour faire face aux implications de la Covid-19, les associations ont besoin d&rsquo;\u00eatre soutenues. Repr\u00e9sentants du Gouvernement &nbsp;et du monde associatif r\u00e9fl\u00e9chissent ensemble sur les orientations strat\u00e9giques possibles. Le budget 2021 est celui du plan de relance, mais aussi de l\u2019engagement en actes pour la vie associative largement impact\u00e9e par la crise. &nbsp;<\/p>\n\n\n\n<h2 class=\"wp-block-heading\">\u00ab\u00a030 000 associations en grandes difficult\u00e9s\u00a0\u00bb<\/h2>\n\n\n\n<p>\u00ab\u00a0<strong>\u00c0 l\u2019heure o\u00f9 plus de 30 000 associations risquent le d\u00e9p\u00f4t de bilan, o\u00f9 un tiers des associations employeuses craignent ne pas pouvoir maintenir leur effectif salari\u00e9 en l\u2019\u00e9tat, o\u00f9 la reprise d\u2019activit\u00e9s associatives est rendue difficile par le contexte sanitaire, o\u00f9 le lien social est de plus en plus fragilis\u00e9, en particulier dans les territoires les plus isol\u00e9s, il est plus qu\u2019urgent de se mobiliser pour la vie associative<\/strong>&nbsp;\u00bb <strong>Le Mouvement associatif <\/strong>, qui rassemble plus de 700 000 associations &nbsp;membres (soit 1 association sur 2), appelle le Gouvernement et les parlementaires \u00e0 accro\u00eetre les efforts pour compl\u00e9ter le dispositif et \u00e0 agir.<\/p>\n\n\n\n<h2 class=\"wp-block-heading\">Fon<strong>ds de solidarit\u00e9 et associations<\/strong><\/h2>\n\n\n\n<p>Parce qu&rsquo;elles ne pouvaient plus accueillir du public, certaines associations ont d\u00fb fermer. Durement touch\u00e9es par la crise sanitaire, elles subissent une perte importante de chiffre d\u2019affaire. Le fonds de solidarit\u00e9 a pu \u00eatre sollicit\u00e9 jusqu\u2019\u00e0 fin janvier 2021. <\/p>\n\n\n\n<figure class=\"wp-block-image size-large\"><img fetchpriority=\"high\" decoding=\"async\" width=\"1024\" height=\"267\" src=\"https:\/\/www.infolocale.fr\/blog\/wp-content\/uploads\/2021\/03\/A-1024x267.jpg\" alt=\"\" class=\"wp-image-6719\" srcset=\"https:\/\/www.infolocale.fr\/blog\/wp-content\/uploads\/2021\/03\/A-1024x267.jpg 1024w, https:\/\/www.infolocale.fr\/blog\/wp-content\/uploads\/2021\/03\/A-300x78.jpg 300w, https:\/\/www.infolocale.fr\/blog\/wp-content\/uploads\/2021\/03\/A-768x201.jpg 768w, https:\/\/www.infolocale.fr\/blog\/wp-content\/uploads\/2021\/03\/A-230x60.jpg 230w, https:\/\/www.infolocale.fr\/blog\/wp-content\/uploads\/2021\/03\/A.jpg 1340w\" sizes=\"(max-width: 1024px) 100vw, 1024px\" \/><figcaption>Infographie Le Mouvement associatif<\/figcaption><\/figure>\n\n\n\n<h2 class=\"wp-block-heading\">Fonds national et territoriaux sont r\u00e9activ\u00e9s et renforc\u00e9s<\/h2>\n\n\n\n<p>Initialement, le fonds de solidarit\u00e9 national  permettait aux petites structures associatives d\u2019obtenir une aide pouvant aller jusqu\u2019\u00e0 1 500 euros, constituant le premier volet national. Un second volet r\u00e9gional, sous r\u00e9serve de l\u2019obtention du<br>premier, venait abonder l\u2019aide de 2000 \u00e0 5000 euros suppl\u00e9mentaires, selon les r\u00e9gions. Des associations sont \u00e9galement soutenues par leurs Conseils d\u00e9partementaux, EPCI et communes.<br>Un d\u00e9cret du 25 septembre 2020 est venu augmenter l&rsquo;aide \u00e0 hauteur de 60% du chiffre d&rsquo;affaires<br>(plafonn\u00e9e \u00e0 10 000 \u20ac) sous certaines conditions, et pour certains secteurs.<br>Avec le reconfinement en date du 30\/10\/2020, le fonds de solidarit\u00e9 devrait \u00eatre renforc\u00e9. Le confinement r\u00e9gionalis\u00e9 du 20\/03\/2021, en cours, va accentuer les besoins.<\/p>\n\n\n\n<h2 class=\"wp-block-heading\">Soutien de l&#8217;emploi associatif <\/h2>\n\n\n\n<p><strong>Un soutien \u00e0 l\u2019emploi<\/strong> pour les associations par l\u2019augmentation du budget allou\u00e9 aux Parcours Emplois Comp\u00e9tences et par une augmentation du nombre de postes <a href=\"https:\/\/youtu.be\/NCGLoLqIAbQ\">Fonjep <\/a>(Fonds de coop\u00e9ration de la jeunesse et de l\u2019\u00e9ducation populaire ) Les&nbsp;<strong>subventions<\/strong>&nbsp;allou\u00e9es par l&rsquo;Etat aux associations sont d&rsquo;un montant de 7 164 \u20ac Elles permettent le maintien de 1000 postes en&nbsp;<strong>2021<\/strong>, et 1000 postes en 2022. Ce dispositif r\u00e9pond \u00e0 un double objectif : soutenir l&rsquo;insertion des jeunes dans l&#8217;emploi et pr\u00e9server l&rsquo;action associative. <\/p>\n\n\n\n<figure class=\"wp-block-embed is-type-video is-provider-youtube wp-block-embed-youtube wp-embed-aspect-16-9 wp-has-aspect-ratio\"><div class=\"wp-block-embed__wrapper\">\n<iframe title=\"4 minutes pour comprendre le fonjep\" width=\"1020\" height=\"574\" src=\"https:\/\/www.youtube.com\/embed\/NCGLoLqIAbQ?feature=oembed\" frameborder=\"0\" allow=\"accelerometer; autoplay; clipboard-write; encrypted-media; gyroscope; picture-in-picture\" allowfullscreen><\/iframe>\n<\/div><\/figure>\n\n\n\n<p><\/p>\n\n\n\n<p>L&rsquo;<strong>exon\u00e9ration de taxes<\/strong>,&nbsp;pour les salari\u00e9s d&rsquo;associations de moins de 50 salari\u00e9s pour l&rsquo;ann\u00e9e 2020, renforce les fonds propres des associations. Le Gouvernement s&rsquo;est engag\u00e9 \u00e0 veiller \u00e0 leur effectivit\u00e9 et accessibilit\u00e9. <\/p>\n\n\n\n<h2 class=\"wp-block-heading\">Des mesures pour favoriser la relance associative<\/h2>\n\n\n\n<p>Un travail est \u00e9galement en cours pour simplifier les proc\u00e9dures de sauvegarde des associations devant les tribunaux. Le besoin d\u2019un renforcement budg\u00e9taire significatif Du Fonds de D\u00e9veloppement de la Vie Associative (FDVA) en tant que fonds de soutien transversal et structurel \u00e0 la vie associative. Celui-ci s\u2019adresse plus particuli\u00e8rement aux petites associations et \u00e0 la formation des b\u00e9n\u00e9voles. Les dossiers de demande de subvention \u00ab\u00a0FDVA Formation\u00a0\u00bb, sont r\u00e9gionalis\u00e9s et doivent \u00eatre retourn\u00e9s actuellement (mars 2021).<\/p>\n\n\n\n<h2 class=\"wp-block-heading\">\u00ab&nbsp;Les associations, acteurs essentiels de la relance \u00bb<\/h2>\n\n\n\n<p>Bertrand Sorre, d\u00e9put\u00e9 de la Manche, co-pr\u00e9sident du groupe d\u2019\u00e9tude vie associative et b\u00e9n\u00e9volat \u00e0 l\u2019Assembl\u00e9e Nationale, invite les territoires \u00e0 <strong>\u00ab&nbsp;s\u2019appuyer sur ce qui est le ciment de notre mod\u00e8le d\u00e9mocratique, la vie associative.&nbsp;\u00bb <\/strong><a href=\"https:\/\/www.ouest-france.fr\/societe\/point-de-vue-s-appuyer-sur-les-associations-pour-une-sortie-de-crise-sanitaire-reussie-c55f4c20-8ae7-11eb-be07-a782e4049e5a\">La tribune<\/a>, co-sign\u00e9e par une cinquantaine de d\u00e9put\u00e9s, appelle \u00e0 \u00ab <strong>s\u2019appuyer sur les associations pour une sortie de crise sanitaire r\u00e9ussie <\/strong>\u00bb. <\/p>\n\n\n\n<h2 class=\"wp-block-heading\">Les territoires soutiennent les associations<\/h2>\n\n\n\n<p>La R\u00e9gion Bretagne a initi\u00e9 le <a href=\"https:\/\/www.bretagne.bzh\/aides\/fiches\/covid-19-pass-asso-2\/\">Pass Asso<\/a> pour soutenir le monde associatif. En partenariat avec les Communaut\u00e9s de communes, les communaut\u00e9s d\u2019agglom\u00e9ration et les communes insulaires non membres d\u2019un EPCI.&nbsp;L\u2019intercommunalit\u00e9 <a href=\"https:\/\/www.ouest-france.fr\/bretagne\/auray-56400\/pays-d-auray-une-aide-pour-les-associations-fragilisees-9dfc06da-8d96-11eb-b4f4-a825bc036020\">Auray Quiberon terre atlantique<\/a> (Aqta) abonde le fonds de soutien r\u00e9gional : un euro d\u2019Aqta, un euro de la R\u00e9gion. <a href=\"https:\/\/www.ouest-france.fr\/bretagne\/lorient-56100\/pays-de-lorient-un-fonds-pour-soutenir-les-associations-touchees-par-la-crise-6c138d34-8b32-11eb-be07-a782e4049e5a\">Lorient Agglom\u00e9ration <\/a>soutient son r\u00e9seau associatif et profite de ce d\u00e9ploiement r\u00e9gional pour participer \u00e0 l&rsquo;effort commun. Le maire de <a href=\"https:\/\/www.ouest-france.fr\/bretagne\/lorient-56100\/lorient-assemblee-des-associations-a-la-fin-mars-2021-c81ac380-8660-11eb-bc3c-353fb8518503\">Lorient<\/a>, Fabrice Loher, organise une visioconf\u00e9rence avec ses \u00e9lus et les membres des associations. Tous convi\u00e9s \u00e0 participer au bilan de la vie associative, aux orientations de la municipalit\u00e9, des mesures de soutien. <\/p>\n\n\n\n<h2 class=\"wp-block-heading\">Agir face \u00e0 la pr\u00e9carit\u00e9 engendr\u00e9e par la pand\u00e9mie<\/h2>\n\n\n\n<p>Alors que la pr\u00e9carit\u00e9 progresse, la pand\u00e9mie augmente la difficult\u00e9 d&rsquo;action des associations caritatives confront\u00e9es \u00e0 des soucis d&rsquo;approvisionnement et de distribution. Ces associations humanitaires doivent innover face \u00e0 une situation in\u00e9dite qui bouleverse les dispositifs traditionnels. Un sursaut d&rsquo;entraide solidaire est constat\u00e9 depuis la Covid-19. Ces associations accueillent de nouveaux b\u00e9n\u00e9voles. <\/p>\n\n\n\n<h2 class=\"wp-block-heading\">Forte mobilisation des b\u00e9n\u00e9voles<\/h2>\n\n\n\n<figure class=\"wp-block-image size-large is-resized\"><img decoding=\"async\" src=\"https:\/\/www.infolocale.fr\/blog\/wp-content\/uploads\/2021\/03\/alencon-resto.jpg\" alt=\"\" class=\"wp-image-6741\" width=\"853\" height=\"639\" srcset=\"https:\/\/www.infolocale.fr\/blog\/wp-content\/uploads\/2021\/03\/alencon-resto.jpg 630w, https:\/\/www.infolocale.fr\/blog\/wp-content\/uploads\/2021\/03\/alencon-resto-300x225.jpg 300w, https:\/\/www.infolocale.fr\/blog\/wp-content\/uploads\/2021\/03\/alencon-resto-80x60.jpg 80w, https:\/\/www.infolocale.fr\/blog\/wp-content\/uploads\/2021\/03\/alencon-resto-600x450.jpg 600w\" sizes=\"(max-width: 853px) 100vw, 853px\" \/><figcaption>L&rsquo;\u00e9quipe des Restos du coeur d&rsquo;Alen\u00e7on (Orne) mobilis\u00e9e pour la distribution des produits alimentaires (photo Ouest-France)<\/figcaption><\/figure>\n\n\n\n<p>Lors du premier confinement en mars et avril 2020, le ch\u00f4mage partiel a permis l&rsquo;engagement dans des associations caritatives. De nouveaux profils de b\u00e9n\u00e9voles sont apparus. Tous investis, et mobilis\u00e9s pour maintenir le lien social et se sentir utile. Des t\u00e9moignages d&rsquo;\u00e9lans de solidarit\u00e9  \u00e0 <a href=\"https:\/\/www.ouest-france.fr\/normandie\/alencon-61000\/alencon-face-a-la-crise-du-covid-les-associations-caritatives-ne-manquent-pas-de-benevoles-7189932\">Alen\u00e7on<\/a>, dans l&rsquo;Orne  : <strong>\u00ab\u00a0En cette p\u00e9riode, les dossiers d\u2019inscription pour obtenir le statut de b\u00e9n\u00e9ficiaire du Secours populaire pendant six mois s\u2019accumulent. Entre 400 et 600&nbsp;demandes sont enregistr\u00e9es par mois.\u00a0\u00bb \u00a0\u00bb&nbsp;Aux Restos du coeur, nous avons des personnes motiv\u00e9es et soud\u00e9es, c\u2019est notre force collective&nbsp;\u00ab\u00a0<\/strong>, assure Francis Somnard, responsable de la locale alen\u00e7onnaise.<\/p>\n\n\n\n<h1 class=\"wp-block-heading\">Que se met-il en place chez vous ? <\/h1>\n\n\n\n<p><strong>Comment r\u00e9agit le tissu associatif de votre territoire durant cette crise sanitaire qui se prolonge ? Quelles animations lui proposez-vous ? Membre d&rsquo;une association, vous la faites vivre encore, plus que jamais ? Comment l&rsquo;animez-vous ? Qu&rsquo;avez-vous entrepris, tant au niveau des d\u00e9marches administratives, qu&rsquo;initiatives collectives pour vous retrouver et agir ? Vos t\u00e9moignages nous int\u00e9ressent ! <\/strong><\/p>\n\n\n\n<figure class=\"wp-block-image size-large\"><a href=\"https:\/\/s.infolocale.fr\/?utm_source=blog&amp;utm_medium=banner&amp;utm_campaign=blog-contents\"><img decoding=\"async\" width=\"1024\" height=\"243\" src=\"https:\/\/www.infolocale.fr\/blog\/wp-content\/uploads\/2021\/02\/Association_bleu-1024x243.png\" alt=\"\" class=\"wp-image-5938\" srcset=\"https:\/\/www.infolocale.fr\/blog\/wp-content\/uploads\/2021\/02\/Association_bleu-1024x243.png 1024w, https:\/\/www.infolocale.fr\/blog\/wp-content\/uploads\/2021\/02\/Association_bleu-300x71.png 300w, https:\/\/www.infolocale.fr\/blog\/wp-content\/uploads\/2021\/02\/Association_bleu-768x182.png 768w, https:\/\/www.infolocale.fr\/blog\/wp-content\/uploads\/2021\/02\/Association_bleu-253x60.png 253w, https:\/\/www.infolocale.fr\/blog\/wp-content\/uploads\/2021\/02\/Association_bleu.png 1166w\" sizes=\"(max-width: 1024px) 100vw, 1024px\" \/><\/a><\/figure>\n","protected":false},"excerpt":{"rendered":"<p>Depuis mars 2020, les associations rencontrent difficult\u00e9s et contraintes. Le monde associatif avec ses 20 millions de b\u00e9n\u00e9voles et 1.8 million de salari\u00e9s repr\u00e9sente une [&hellip;]<\/p>\n","protected":false},"author":8,"featured_media":6719,"comment_status":"open","ping_status":"open","sticky":false,"template":"","format":"standard","meta":{"_coblocks_attr":"","_coblocks_dimensions":"","_coblocks_responsive_height":"","_coblocks_accordion_ie_support":"","_mo_disable_npp":"","footnotes":""},"categories":[6],"tags":[66],"class_list":["post-6718","post","type-post","status-publish","format-standard","has-post-thumbnail","hentry","category-actu-acteurs-locaux","tag-covid19"],"yoast_head":"<!-- This site is optimized with the Yoast SEO plugin v23.2 - https:\/\/yoast.com\/wordpress\/plugins\/seo\/ -->\n<title>Crise sanitaire. Quelles aides pour votre association ? |<\/title>\n<meta name=\"description\" content=\"Depuis mars 2020, les associations rencontrent difficult\u00e9s et contraintes. Face au Covid, elles ont besoin de soutiens.\" \/>\n<meta name=\"robots\" content=\"index, follow, max-snippet:-1, max-image-preview:large, max-video-preview:-1\" \/>\n<link rel=\"canonical\" href=\"https:\/\/infolocale.ouest-france.fr\/blog\/les-besoins-des-associations-sont-criants\/\" \/>\n<meta property=\"og:locale\" content=\"fr_FR\" \/>\n<meta property=\"og:type\" content=\"article\" \/>\n<meta property=\"og:title\" content=\"Crise sanitaire. Quelles aides pour votre association ? |\" \/>\n<meta property=\"og:description\" content=\"Depuis mars 2020, les associations rencontrent difficult\u00e9s et contraintes. Face au Covid, elles ont besoin de soutiens.\" \/>\n<meta property=\"og:url\" content=\"https:\/\/infolocale.ouest-france.fr\/blog\/les-besoins-des-associations-sont-criants\/\" \/>\n<meta property=\"article:publisher\" content=\"https:\/\/www.facebook.com\/infolocaleFR\/\" \/>\n<meta property=\"article:published_time\" content=\"2021-03-23T13:59:18+00:00\" \/>\n<meta property=\"article:modified_time\" content=\"2021-03-31T07:23:20+00:00\" \/>\n<meta property=\"og:image\" content=\"https:\/\/infolocale.ouest-france.fr\/blog\/wp-content\/uploads\/2021\/03\/A.jpg\" \/>\n\t<meta property=\"og:image:width\" content=\"1340\" \/>\n\t<meta property=\"og:image:height\" content=\"350\" \/>\n\t<meta property=\"og:image:type\" content=\"image\/jpeg\" \/>\n<meta name=\"author\" content=\"Myl\u00e8ne\" \/>\n<meta name=\"twitter:card\" content=\"summary_large_image\" \/>\n<meta name=\"twitter:creator\" content=\"@infolocale\" \/>\n<meta name=\"twitter:site\" content=\"@infolocale\" \/>\n<meta name=\"twitter:label1\" content=\"\u00c9crit par\" \/>\n\t<meta name=\"twitter:data1\" content=\"Myl\u00e8ne\" \/>\n\t<meta name=\"twitter:label2\" content=\"Dur\u00e9e de lecture estim\u00e9e\" \/>\n\t<meta name=\"twitter:data2\" content=\"5 minutes\" \/>\n<script type=\"application\/ld+json\" class=\"yoast-schema-graph\">{\"@context\":\"https:\/\/schema.org\",\"@graph\":[{\"@type\":\"Article\",\"@id\":\"https:\/\/infolocale.ouest-france.fr\/blog\/les-besoins-des-associations-sont-criants\/#article\",\"isPartOf\":{\"@id\":\"https:\/\/infolocale.ouest-france.fr\/blog\/les-besoins-des-associations-sont-criants\/\"},\"author\":{\"name\":\"Myl\u00e8ne\",\"@id\":\"https:\/\/www.infolocale.fr\/blog\/#\/schema\/person\/bf2dc50c6636ffa2ce3e44ef1f9eb97f\"},\"headline\":\"Les besoins des associations sont criants, l&rsquo;Etat et les territoires les soutiennent\",\"datePublished\":\"2021-03-23T13:59:18+00:00\",\"dateModified\":\"2021-03-31T07:23:20+00:00\",\"mainEntityOfPage\":{\"@id\":\"https:\/\/infolocale.ouest-france.fr\/blog\/les-besoins-des-associations-sont-criants\/\"},\"wordCount\":1113,\"commentCount\":0,\"publisher\":{\"@id\":\"https:\/\/www.infolocale.fr\/blog\/#organization\"},\"image\":{\"@id\":\"https:\/\/infolocale.ouest-france.fr\/blog\/les-besoins-des-associations-sont-criants\/#primaryimage\"},\"thumbnailUrl\":\"https:\/\/www.infolocale.fr\/blog\/wp-content\/uploads\/2021\/03\/A.jpg\",\"keywords\":[\"COVID19\"],\"articleSection\":[\"En ce moment\"],\"inLanguage\":\"fr-FR\",\"potentialAction\":[{\"@type\":\"CommentAction\",\"name\":\"Comment\",\"target\":[\"https:\/\/infolocale.ouest-france.fr\/blog\/les-besoins-des-associations-sont-criants\/#respond\"]}]},{\"@type\":\"WebPage\",\"@id\":\"https:\/\/infolocale.ouest-france.fr\/blog\/les-besoins-des-associations-sont-criants\/\",\"url\":\"https:\/\/infolocale.ouest-france.fr\/blog\/les-besoins-des-associations-sont-criants\/\",\"name\":\"Crise sanitaire. Quelles aides pour votre association ? |\",\"isPartOf\":{\"@id\":\"https:\/\/www.infolocale.fr\/blog\/#website\"},\"primaryImageOfPage\":{\"@id\":\"https:\/\/infolocale.ouest-france.fr\/blog\/les-besoins-des-associations-sont-criants\/#primaryimage\"},\"image\":{\"@id\":\"https:\/\/infolocale.ouest-france.fr\/blog\/les-besoins-des-associations-sont-criants\/#primaryimage\"},\"thumbnailUrl\":\"https:\/\/www.infolocale.fr\/blog\/wp-content\/uploads\/2021\/03\/A.jpg\",\"datePublished\":\"2021-03-23T13:59:18+00:00\",\"dateModified\":\"2021-03-31T07:23:20+00:00\",\"description\":\"Depuis mars 2020, les associations rencontrent difficult\u00e9s et contraintes. Face au Covid, elles ont besoin de soutiens.\",\"breadcrumb\":{\"@id\":\"https:\/\/infolocale.ouest-france.fr\/blog\/les-besoins-des-associations-sont-criants\/#breadcrumb\"},\"inLanguage\":\"fr-FR\",\"potentialAction\":[{\"@type\":\"ReadAction\",\"target\":[\"https:\/\/infolocale.ouest-france.fr\/blog\/les-besoins-des-associations-sont-criants\/\"]}]},{\"@type\":\"ImageObject\",\"inLanguage\":\"fr-FR\",\"@id\":\"https:\/\/infolocale.ouest-france.fr\/blog\/les-besoins-des-associations-sont-criants\/#primaryimage\",\"url\":\"https:\/\/www.infolocale.fr\/blog\/wp-content\/uploads\/2021\/03\/A.jpg\",\"contentUrl\":\"https:\/\/www.infolocale.fr\/blog\/wp-content\/uploads\/2021\/03\/A.jpg\",\"width\":1340,\"height\":350},{\"@type\":\"BreadcrumbList\",\"@id\":\"https:\/\/infolocale.ouest-france.fr\/blog\/les-besoins-des-associations-sont-criants\/#breadcrumb\",\"itemListElement\":[{\"@type\":\"ListItem\",\"position\":1,\"name\":\"Blog\",\"item\":\"https:\/\/infolocale.ouest-france.fr\/blog\/\"},{\"@type\":\"ListItem\",\"position\":2,\"name\":\"En ce moment\",\"item\":\"https:\/\/infolocale.20minutes.fr\/blog\/cat\/actu-acteurs-locaux\/\"},{\"@type\":\"ListItem\",\"position\":3,\"name\":\"Les besoins des associations sont criants, l&rsquo;Etat et les territoires les soutiennent\"}]},{\"@type\":\"WebSite\",\"@id\":\"https:\/\/www.infolocale.fr\/blog\/#website\",\"url\":\"https:\/\/www.infolocale.fr\/blog\/\",\"name\":\"\",\"description\":\"\",\"publisher\":{\"@id\":\"https:\/\/www.infolocale.fr\/blog\/#organization\"},\"potentialAction\":[{\"@type\":\"SearchAction\",\"target\":{\"@type\":\"EntryPoint\",\"urlTemplate\":\"https:\/\/www.infolocale.fr\/blog\/?s={search_term_string}\"},\"query-input\":\"required name=search_term_string\"}],\"inLanguage\":\"fr-FR\"},{\"@type\":\"Organization\",\"@id\":\"https:\/\/www.infolocale.fr\/blog\/#organization\",\"name\":\"Infolocale\",\"url\":\"https:\/\/www.infolocale.fr\/blog\/\",\"logo\":{\"@type\":\"ImageObject\",\"inLanguage\":\"fr-FR\",\"@id\":\"https:\/\/www.infolocale.fr\/blog\/#\/schema\/logo\/image\/\",\"url\":\"https:\/\/www.infolocale.fr\/blog\/wp-content\/uploads\/2020\/11\/logol.jpg\",\"contentUrl\":\"https:\/\/www.infolocale.fr\/blog\/wp-content\/uploads\/2020\/11\/logol.jpg\",\"width\":1031,\"height\":398,\"caption\":\"Infolocale\"},\"image\":{\"@id\":\"https:\/\/www.infolocale.fr\/blog\/#\/schema\/logo\/image\/\"},\"sameAs\":[\"https:\/\/www.facebook.com\/infolocaleFR\/\",\"https:\/\/x.com\/infolocale\",\"https:\/\/www.instagram.com\/infolocale\/\",\"https:\/\/fr.linkedin.com\/company\/infolocale\",\"https:\/\/www.youtube.com\/channel\/UCnv4FA8EYEuu_si3TGr7xeA\"]},{\"@type\":\"Person\",\"@id\":\"https:\/\/www.infolocale.fr\/blog\/#\/schema\/person\/bf2dc50c6636ffa2ce3e44ef1f9eb97f\",\"name\":\"Myl\u00e8ne\",\"image\":{\"@type\":\"ImageObject\",\"inLanguage\":\"fr-FR\",\"@id\":\"https:\/\/www.infolocale.fr\/blog\/#\/schema\/person\/image\/\",\"url\":\"https:\/\/secure.gravatar.com\/avatar\/49511f0ea4b41ed3062b218e30f07042?s=96&d=mm&r=g\",\"contentUrl\":\"https:\/\/secure.gravatar.com\/avatar\/49511f0ea4b41ed3062b218e30f07042?s=96&d=mm&r=g\",\"caption\":\"Myl\u00e8ne\"},\"url\":\"https:\/\/www.infolocale.fr\/blog\/author\/mylene-michel\/\"}]}<\/script>\n<!-- \/ Yoast SEO plugin. -->","yoast_head_json":{"title":"Crise sanitaire. Quelles aides pour votre association ? |","description":"Depuis mars 2020, les associations rencontrent difficult\u00e9s et contraintes. Face au Covid, elles ont besoin de soutiens.","robots":{"index":"index","follow":"follow","max-snippet":"max-snippet:-1","max-image-preview":"max-image-preview:large","max-video-preview":"max-video-preview:-1"},"canonical":"https:\/\/infolocale.ouest-france.fr\/blog\/les-besoins-des-associations-sont-criants\/","og_locale":"fr_FR","og_type":"article","og_title":"Crise sanitaire. Quelles aides pour votre association ? |","og_description":"Depuis mars 2020, les associations rencontrent difficult\u00e9s et contraintes. Face au Covid, elles ont besoin de soutiens.","og_url":"https:\/\/infolocale.ouest-france.fr\/blog\/les-besoins-des-associations-sont-criants\/","article_publisher":"https:\/\/www.facebook.com\/infolocaleFR\/","article_published_time":"2021-03-23T13:59:18+00:00","article_modified_time":"2021-03-31T07:23:20+00:00","og_image":[{"width":1340,"height":350,"url":"https:\/\/infolocale.ouest-france.fr\/blog\/wp-content\/uploads\/2021\/03\/A.jpg","type":"image\/jpeg"}],"author":"Myl\u00e8ne","twitter_card":"summary_large_image","twitter_creator":"@infolocale","twitter_site":"@infolocale","twitter_misc":{"\u00c9crit par":"Myl\u00e8ne","Dur\u00e9e de lecture estim\u00e9e":"5 minutes"},"schema":{"@context":"https:\/\/schema.org","@graph":[{"@type":"Article","@id":"https:\/\/infolocale.ouest-france.fr\/blog\/les-besoins-des-associations-sont-criants\/#article","isPartOf":{"@id":"https:\/\/infolocale.ouest-france.fr\/blog\/les-besoins-des-associations-sont-criants\/"},"author":{"name":"Myl\u00e8ne","@id":"https:\/\/www.infolocale.fr\/blog\/#\/schema\/person\/bf2dc50c6636ffa2ce3e44ef1f9eb97f"},"headline":"Les besoins des associations sont criants, l&rsquo;Etat et les territoires les soutiennent","datePublished":"2021-03-23T13:59:18+00:00","dateModified":"2021-03-31T07:23:20+00:00","mainEntityOfPage":{"@id":"https:\/\/infolocale.ouest-france.fr\/blog\/les-besoins-des-associations-sont-criants\/"},"wordCount":1113,"commentCount":0,"publisher":{"@id":"https:\/\/www.infolocale.fr\/blog\/#organization"},"image":{"@id":"https:\/\/infolocale.ouest-france.fr\/blog\/les-besoins-des-associations-sont-criants\/#primaryimage"},"thumbnailUrl":"https:\/\/www.infolocale.fr\/blog\/wp-content\/uploads\/2021\/03\/A.jpg","keywords":["COVID19"],"articleSection":["En ce moment"],"inLanguage":"fr-FR","potentialAction":[{"@type":"CommentAction","name":"Comment","target":["https:\/\/infolocale.ouest-france.fr\/blog\/les-besoins-des-associations-sont-criants\/#respond"]}]},{"@type":"WebPage","@id":"https:\/\/infolocale.ouest-france.fr\/blog\/les-besoins-des-associations-sont-criants\/","url":"https:\/\/infolocale.ouest-france.fr\/blog\/les-besoins-des-associations-sont-criants\/","name":"Crise sanitaire. Quelles aides pour votre association ? |","isPartOf":{"@id":"https:\/\/www.infolocale.fr\/blog\/#website"},"primaryImageOfPage":{"@id":"https:\/\/infolocale.ouest-france.fr\/blog\/les-besoins-des-associations-sont-criants\/#primaryimage"},"image":{"@id":"https:\/\/infolocale.ouest-france.fr\/blog\/les-besoins-des-associations-sont-criants\/#primaryimage"},"thumbnailUrl":"https:\/\/www.infolocale.fr\/blog\/wp-content\/uploads\/2021\/03\/A.jpg","datePublished":"2021-03-23T13:59:18+00:00","dateModified":"2021-03-31T07:23:20+00:00","description":"Depuis mars 2020, les associations rencontrent difficult\u00e9s et contraintes. Face au Covid, elles ont besoin de soutiens.","breadcrumb":{"@id":"https:\/\/infolocale.ouest-france.fr\/blog\/les-besoins-des-associations-sont-criants\/#breadcrumb"},"inLanguage":"fr-FR","potentialAction":[{"@type":"ReadAction","target":["https:\/\/infolocale.ouest-france.fr\/blog\/les-besoins-des-associations-sont-criants\/"]}]},{"@type":"ImageObject","inLanguage":"fr-FR","@id":"https:\/\/infolocale.ouest-france.fr\/blog\/les-besoins-des-associations-sont-criants\/#primaryimage","url":"https:\/\/www.infolocale.fr\/blog\/wp-content\/uploads\/2021\/03\/A.jpg","contentUrl":"https:\/\/www.infolocale.fr\/blog\/wp-content\/uploads\/2021\/03\/A.jpg","width":1340,"height":350},{"@type":"BreadcrumbList","@id":"https:\/\/infolocale.ouest-france.fr\/blog\/les-besoins-des-associations-sont-criants\/#breadcrumb","itemListElement":[{"@type":"ListItem","position":1,"name":"Blog","item":"https:\/\/infolocale.ouest-france.fr\/blog\/"},{"@type":"ListItem","position":2,"name":"En ce moment","item":"https:\/\/infolocale.20minutes.fr\/blog\/cat\/actu-acteurs-locaux\/"},{"@type":"ListItem","position":3,"name":"Les besoins des associations sont criants, l&rsquo;Etat et les territoires les soutiennent"}]},{"@type":"WebSite","@id":"https:\/\/www.infolocale.fr\/blog\/#website","url":"https:\/\/www.infolocale.fr\/blog\/","name":"","description":"","publisher":{"@id":"https:\/\/www.infolocale.fr\/blog\/#organization"},"potentialAction":[{"@type":"SearchAction","target":{"@type":"EntryPoint","urlTemplate":"https:\/\/www.infolocale.fr\/blog\/?s={search_term_string}"},"query-input":"required name=search_term_string"}],"inLanguage":"fr-FR"},{"@type":"Organization","@id":"https:\/\/www.infolocale.fr\/blog\/#organization","name":"Infolocale","url":"https:\/\/www.infolocale.fr\/blog\/","logo":{"@type":"ImageObject","inLanguage":"fr-FR","@id":"https:\/\/www.infolocale.fr\/blog\/#\/schema\/logo\/image\/","url":"https:\/\/www.infolocale.fr\/blog\/wp-content\/uploads\/2020\/11\/logol.jpg","contentUrl":"https:\/\/www.infolocale.fr\/blog\/wp-content\/uploads\/2020\/11\/logol.jpg","width":1031,"height":398,"caption":"Infolocale"},"image":{"@id":"https:\/\/www.infolocale.fr\/blog\/#\/schema\/logo\/image\/"},"sameAs":["https:\/\/www.facebook.com\/infolocaleFR\/","https:\/\/x.com\/infolocale","https:\/\/www.instagram.com\/infolocale\/","https:\/\/fr.linkedin.com\/company\/infolocale","https:\/\/www.youtube.com\/channel\/UCnv4FA8EYEuu_si3TGr7xeA"]},{"@type":"Person","@id":"https:\/\/www.infolocale.fr\/blog\/#\/schema\/person\/bf2dc50c6636ffa2ce3e44ef1f9eb97f","name":"Myl\u00e8ne","image":{"@type":"ImageObject","inLanguage":"fr-FR","@id":"https:\/\/www.infolocale.fr\/blog\/#\/schema\/person\/image\/","url":"https:\/\/secure.gravatar.com\/avatar\/49511f0ea4b41ed3062b218e30f07042?s=96&d=mm&r=g","contentUrl":"https:\/\/secure.gravatar.com\/avatar\/49511f0ea4b41ed3062b218e30f07042?s=96&d=mm&r=g","caption":"Myl\u00e8ne"},"url":"https:\/\/www.infolocale.fr\/blog\/author\/mylene-michel\/"}]}},"_links":{"self":[{"href":"https:\/\/www.infolocale.fr\/blog\/wp-json\/wp\/v2\/posts\/6718"}],"collection":[{"href":"https:\/\/www.infolocale.fr\/blog\/wp-json\/wp\/v2\/posts"}],"about":[{"href":"https:\/\/www.infolocale.fr\/blog\/wp-json\/wp\/v2\/types\/post"}],"author":[{"embeddable":true,"href":"https:\/\/www.infolocale.fr\/blog\/wp-json\/wp\/v2\/users\/8"}],"replies":[{"embeddable":true,"href":"https:\/\/www.infolocale.fr\/blog\/wp-json\/wp\/v2\/comments?post=6718"}],"version-history":[{"count":0,"href":"https:\/\/www.infolocale.fr\/blog\/wp-json\/wp\/v2\/posts\/6718\/revisions"}],"wp:featuredmedia":[{"embeddable":true,"href":"https:\/\/www.infolocale.fr\/blog\/wp-json\/wp\/v2\/media\/6719"}],"wp:attachment":[{"href":"https:\/\/www.infolocale.fr\/blog\/wp-json\/wp\/v2\/media?parent=6718"}],"wp:term":[{"taxonomy":"category","embeddable":true,"href":"https:\/\/www.infolocale.fr\/blog\/wp-json\/wp\/v2\/categories?post=6718"},{"taxonomy":"post_tag","embeddable":true,"href":"https:\/\/www.infolocale.fr\/blog\/wp-json\/wp\/v2\/tags?post=6718"}],"curies":[{"name":"wp","href":"https:\/\/api.w.org\/{rel}","templated":true}]}}