{"id":6143,"date":"2022-03-04T12:24:00","date_gmt":"2022-03-04T11:24:00","guid":{"rendered":"https:\/\/www.infolocale.fr\/blog\/?p=6143"},"modified":"2022-03-08T09:26:58","modified_gmt":"2022-03-08T08:26:58","slug":"la-journee-des-droits-des-femmes-du-8-mars-2022","status":"publish","type":"post","link":"https:\/\/www.infolocale.fr\/blog\/la-journee-des-droits-des-femmes-du-8-mars-2022\/","title":{"rendered":"La Journ\u00e9e des droits des femmes du 8 mars 2022"},"content":{"rendered":"\n<p>La Journ\u00e9e des droits des femmes du 8 mars 2022 s&rsquo;attache \u00e0 la progression de l&rsquo;\u00e9galit\u00e9 des sexes pour un avenir durable. Cette journ\u00e9e des droits des femmes du 8 mars est c\u00e9l\u00e9br\u00e9e chaque ann\u00e9e, avec des focus particuliers. <\/p>\n\n\n\n<h2 class=\"wp-block-heading\">La Journ\u00e9e des droits des femmes<\/h2>\n\n\n\n<p>Officialis\u00e9 en 1977 par les Nations Unies, ce rendez-vous annuel permet de faire un bilan sur la situation des droits des femmes&nbsp;: \u00e9galit\u00e9 civique et \u00e9conomique, lutte contre les discriminations et les violences, lutte contre les st\u00e9r\u00e9otypes et le sexisme. &nbsp;Ces Journ\u00e9es trouvent leur origine dans les luttes ouvri\u00e8res des femmes suffragettes britanniques du d\u00e9but du XXe si\u00e8cle. Elles revendiquaient de meilleures conditions de travail et le droit de vote. En France, le droit de vote et d\u2019\u00e9ligibilit\u00e9 pour les femmes date de 1944.<\/p>\n\n\n\n<h2 class=\"wp-block-heading\">En 2022, La journ\u00e9e des droits des femmes revendique \u00ab\u00a0l\u2019\u00e9galit\u00e9 des sexes aujourd&rsquo;hui pour un avenir durable\u00a0\u00bb<\/h2>\n\n\n\n<p><a href=\"https:\/\/www.education.gouv.fr\/journee-internationale-des-droits-des-femmes-11900\" target=\"_blank\" rel=\"noreferrer noopener\">La Journ\u00e9e des droits des femmes du 8 mars 2022 <\/a>revendique \u00ab\u00a0l\u2019\u00e9galit\u00e9 des sexes aujourd&rsquo;hui pour un avenir durable.\u00a0\u00bb Les probl\u00e8mes li\u00e9s aux changements climatiques et \u00e0 la durabilit\u00e9 ont et continueront d\u2019avoir des r\u00e9percussions graves et durables sur notre environnement et sur le d\u00e9veloppement \u00e9conomique. La Journ\u00e9e du 8 mars s&rsquo;inscrit dans ce contexte de crise climatique et le devoir de r\u00e9duire les risques de catastrophes.<\/p>\n\n\n\n<p>Les associations, militantes ou non, pr\u00e9parent des \u00e9v\u00e9nements et initiatives pour \u00e9changer, d\u00e9battre, mobiliser autour de l\u2019\u00e9galit\u00e9 entre les femmes et les hommes. Saluer victoires et acquis, &nbsp;d\u00e9noncer l\u2019inadmissible et revendiquer des am\u00e9liorations. &nbsp;<\/p>\n\n\n\n<p>D\u00e9couvrez les \u00e9v\u00e9nements organis\u00e9s dans le cadre de la <a href=\"https:\/\/www.infolocale.fr\/evenements?q=journ%C3%A9e%20femmes\">Journ\u00e9e internationale des droits des femmes 2022<\/a>. Ils ont \u00e9t\u00e9 d\u00e9pos\u00e9s sur Infolocale.fr<\/p>\n\n\n\n<p>A Talence (Gironde), quatre animations principales sont organis\u00e9es \u00e0 l&rsquo;occasion de la <a href=\"https:\/\/www.infolocale.fr\/evenements\/evenement-talence-conference-debat-journee-internationale-des-droits-des-femmes-706297307#:~:text=Le%20D%C3%B4me%20organise%20la%20Journ%C3%A9e,gratuites%20et%20ouvertes%20%C3%A0%20tous.\">Journ\u00e9e internationale des droits des femmes.<\/a> Elles sont gratuites et ouvertes \u00e0 tous. La premi\u00e8re animation consiste \u00e0 recueillir des t\u00e9moignages d&rsquo;un panel de femmes, habitantes de Talence. Ceci pour mettre en lumi\u00e8re leurs parcours, engagements professionnels, personnels ou b\u00e9n\u00e9voles. En parall\u00e8le, des travaux cr\u00e9\u00e9s par des artiste de l&rsquo;association LaSSSo sont expos\u00e9s, au D\u00f4me, durant le mois de mars. Cette exposition s&rsquo;intitule \u00ab\u00a0<em>La preuve par l&rsquo;image<\/em>\u00a0\u00bb et met en avant les repr\u00e9sentations genr\u00e9es \u00e0 travers l&rsquo;histoire de l&rsquo;art. Le 8 mars, un Caf\u00e9 Philo<strong> <\/strong>et une rencontre-d\u00e9bat \u00e0 la Librairie Georges vont permettre des \u00e9changes directs, notamment sur les in\u00e9galit\u00e9s de genres v\u00e9cues quotidiennement par les femmes.<\/p>\n\n\n\n<p>A Roubaix (Nord), La Ville, le CCAS et leurs partenaires se mobilisent pour la <a href=\"https:\/\/www.infolocale.fr\/evenements\/evenement-roubaix-exposition-musee-journee-internationale-des-droits-des-femmes-2022-706299272\">Journ\u00e9e internationale des droits des Femmes<\/a>. Plusieurs actions solidaires sont organis\u00e9es durant tout le mois de mars, dans diff\u00e9rents quartiers de Roubaix : marche, table ronde, visio-conf\u00e9rence, th\u00e9\u00e2tre&#8230;<\/p>\n\n\n\n<p>La ville de <a href=\"https:\/\/infolocale.ouest-france.fr\/evenements\/evenement-saulge-exposition-musee-journee-internationale-des-droits-des-femmes-706220634\">Montmorillon <\/a>(Vienne) propose diff\u00e9rents temps forts tout au long du mois de mars pour valoriser les femmes d\u2019ici et d\u2019ailleurs qui s\u2019engagent sur leur territoire pour faire vivre au quotidien l\u2019\u00e9galit\u00e9 et la solidarit\u00e9.<\/p>\n\n\n\n<figure class=\"wp-block-image size-full is-resized\"><img fetchpriority=\"high\" decoding=\"async\" src=\"https:\/\/www.infolocale.fr\/blog\/wp-content\/uploads\/2022\/03\/journee-internationale-droits-des-femmes_630x900.jpg\" alt=\"\" class=\"wp-image-17713\" width=\"840\" height=\"588\" srcset=\"https:\/\/www.infolocale.fr\/blog\/wp-content\/uploads\/2022\/03\/journee-internationale-droits-des-femmes_630x900.jpg 900w, https:\/\/www.infolocale.fr\/blog\/wp-content\/uploads\/2022\/03\/journee-internationale-droits-des-femmes_630x900-300x210.jpg 300w, https:\/\/www.infolocale.fr\/blog\/wp-content\/uploads\/2022\/03\/journee-internationale-droits-des-femmes_630x900-768x538.jpg 768w\" sizes=\"(max-width: 840px) 100vw, 840px\" \/><figcaption> Journ\u00e9e internationale pour les droits des femmes (ONU, ce visuel est celui du Yoga G\u00e9ant organis\u00e9 en Moselle pour \u00ab\u00a0Faire de cette journ\u00e9e un temps fort de sensibilisation et de mobilisation\u00a0\u00bb ! L&rsquo;\u00e9v\u00e8nement est organis\u00e9 en partenariat avec les Ar\u00e8nes de Metz et et avec le soutien de la Ville de Metz. <\/figcaption><\/figure>\n\n\n\n<p><a href=\"https:\/\/www.infolocale.fr\/collectivites-institutions\/ville-de-plouha-391529\/evenement-plouha-exposition-musee-journee-internationale-des-droits-de-la-femme-exposition-les-femmes-dans-la-resistance-7453380\">A Plouha<\/a> (C\u00f4tes d&rsquo;Armor), l\u2019association \u00ab&nbsp;<em>Les M\u00e9moires de l\u2019Histoire<\/em>&nbsp;\u00bb choisit l&rsquo;angle des Femmes dans la R\u00e9sistance pour organiser ses animations : l&rsquo;exposition visible du 8 au 11 mars, la conf\u00e9rence du 8 mars.&nbsp;Enfin, la soir\u00e9e du 9 mars pr\u00e9voit des lectures de textes, \u00e9crits par des femmes du <em>R\u00e9seau Shelburn<\/em>* et des chansons interpr\u00e9t\u00e9es par H\u00e9l\u00e8ne Thauvin et Jean-Luc Chicot. *<em>Le R\u00e9seau Shelburn est mis en place pendant la seconde guerre mondiale par les alli\u00e9s et la R\u00e9sistance Fran\u00e7aise pour \u00e9vacuer les aviateurs vers l&rsquo;Angleterre<\/em>.\u00a0\u00bb<br><\/p>\n\n\n\n<p>Tandis qu&rsquo;\u00e0 <a href=\"https:\/\/admin.infolocale.fr\/modeles\/annonces\/form\/detail.aspx?ident=7461797\">La Bernerie-en-Retz<\/a> (Loire-Atlantique), le Biblioclub<strong> <\/strong>consacre une exposition -du 8 au 26&nbsp;mars- \u00e0 Olympe de Gouges, \u00e9crivaine engag\u00e9e du XVIIIe si\u00e8cle. Une des pionni\u00e8res du f\u00e9minisme fran\u00e7ais, elle a r\u00e9dig\u00e9 la D\u00e9claration des droits de la femme et de la citoyenne. Olympe de Gouges a laiss\u00e9 de nombreux \u00e9crits et pamphlets en faveur des droits civils et politiques des femmes et de l&rsquo;abolition de l&rsquo;esclavage des Noirs. Le 8 mars, le film \u00ab <em>Murina<\/em> \u00bb d\u2019A. Alamat Kusijanovic -laur\u00e9ate du prix des femmes de cin\u00e9ma Sisley au festival des Arcs 2021- sera projet\u00e9 en avant-premi\u00e8re au Cin\u00e9ma Jeanne-d\u2019Arc, \u00e0 20 h 30.&nbsp;<\/p>\n\n\n\n<p><a href=\"https:\/\/admin.infolocale.fr\/modeles\/annonces\/form\/detail.aspx?ident=7465144\">A Sautron<\/a> (Loire-Atlantique), dans le cadre de la journ\u00e9e internationale des droits des femmes, la ville organise une conf\u00e9rence sur les \u00ab Femmes bretonnes impressionNantes \u00bb. Une conf\u00e9rence pour d\u00e9couvrir l&rsquo;h\u00e9ritage culturel l\u00e9gu\u00e9 par les g\u00e9n\u00e9rations de femmes bretonnes.<\/p>\n\n\n\n<p><a href=\"https:\/\/admin.infolocale.fr\/modeles\/annonces\/form\/detail.aspx?ident=7455477\">A Morlaix<\/a> (Finist\u00e8re), le 8 mars est l&rsquo;occasion de jouer au Quizz de la journ\u00e9e de la Journ\u00e9e de la Femme. \u00ab\u00a0<strong>De mettre \u00e0 l&rsquo;\u00e9preuve ses connaissances sur <em>Celles qui ont fait l&rsquo;Histoire<\/em> ?<\/strong>\u00ab\u00a0<\/p>\n\n\n\n<h2 class=\"wp-block-heading\"><strong>Et vous qu\u2019avez-vous pr\u00e9vu pour c\u00e9l\u00e9brer la journ\u00e9e des droits des femmes ?<\/strong><\/h2>\n\n\n\n<p>Votre association a programm\u00e9 des \u00e9v\u00e9nements dans le cadre de cette Journ\u00e9e Internationale des droits des femmes ? Assurez leurs succ\u00e8s en les annon\u00e7ant sur <a href=\"https:\/\/infolocale.ouest-france.fr\/evenements?q=journ%C3%A9e%20femmes\">infolocale.fr<\/a>  <\/p>\n","protected":false},"excerpt":{"rendered":"<p>Banni\u00e8re cr\u00e9\u00e9e par  Burcu K\u00f6leli pour ONU Femmes (2022),  dans le cadre de La Journ\u00e9e des droits des femmes du 8 mars.<\/p>\n","protected":false},"author":8,"featured_media":17704,"comment_status":"open","ping_status":"open","sticky":false,"template":"","format":"standard","meta":{"_coblocks_attr":"","_coblocks_dimensions":"","_coblocks_responsive_height":"","_coblocks_accordion_ie_support":"","_mo_disable_npp":"","footnotes":""},"categories":[6],"tags":[],"class_list":["post-6143","post","type-post","status-publish","format-standard","has-post-thumbnail","hentry","category-actu-acteurs-locaux"],"yoast_head":"<!-- This site is optimized with the Yoast SEO plugin v23.2 - https:\/\/yoast.com\/wordpress\/plugins\/seo\/ -->\n<title>La Journ\u00e9e des droits des femmes du 8 mars 2022 |<\/title>\n<meta name=\"description\" content=\"La Journ\u00e9e des droits des femmes du 8 mars 2022 s&#039;attache \u00e0 la progression de l\u2019\u00e9galit\u00e9 des sexes pour un avenir durable.\" \/>\n<meta name=\"robots\" content=\"index, follow, max-snippet:-1, max-image-preview:large, max-video-preview:-1\" \/>\n<link rel=\"canonical\" href=\"https:\/\/infolocale.20minutes.fr\/blog\/la-journee-des-droits-des-femmes-du-8-mars-2022\/\" \/>\n<meta property=\"og:locale\" content=\"fr_FR\" \/>\n<meta property=\"og:type\" content=\"article\" \/>\n<meta property=\"og:title\" content=\"La Journ\u00e9e des droits des femmes du 8 mars 2022 |\" \/>\n<meta property=\"og:description\" content=\"La Journ\u00e9e des droits des femmes du 8 mars 2022 s&#039;attache \u00e0 la progression de l\u2019\u00e9galit\u00e9 des sexes pour un avenir durable.\" \/>\n<meta property=\"og:url\" content=\"https:\/\/infolocale.20minutes.fr\/blog\/la-journee-des-droits-des-femmes-du-8-mars-2022\/\" \/>\n<meta property=\"article:publisher\" content=\"https:\/\/www.facebook.com\/infolocaleFR\/\" \/>\n<meta property=\"article:published_time\" content=\"2022-03-04T11:24:00+00:00\" \/>\n<meta property=\"article:modified_time\" content=\"2022-03-08T08:26:58+00:00\" \/>\n<meta property=\"og:image\" content=\"https:\/\/infolocale.20minutes.fr\/blog\/wp-content\/uploads\/2022\/03\/LOGO_630X900-1.jpg\" \/>\n\t<meta property=\"og:image:width\" content=\"900\" \/>\n\t<meta property=\"og:image:height\" content=\"630\" \/>\n\t<meta property=\"og:image:type\" content=\"image\/jpeg\" \/>\n<meta name=\"author\" content=\"Myl\u00e8ne\" \/>\n<meta name=\"twitter:card\" content=\"summary_large_image\" \/>\n<meta name=\"twitter:creator\" content=\"@infolocale\" \/>\n<meta name=\"twitter:site\" content=\"@infolocale\" \/>\n<meta name=\"twitter:label1\" content=\"\u00c9crit par\" \/>\n\t<meta name=\"twitter:data1\" content=\"Myl\u00e8ne\" \/>\n\t<meta name=\"twitter:label2\" content=\"Dur\u00e9e de lecture estim\u00e9e\" \/>\n\t<meta name=\"twitter:data2\" content=\"5 minutes\" \/>\n<script type=\"application\/ld+json\" class=\"yoast-schema-graph\">{\"@context\":\"https:\/\/schema.org\",\"@graph\":[{\"@type\":\"Article\",\"@id\":\"https:\/\/infolocale.20minutes.fr\/blog\/la-journee-des-droits-des-femmes-du-8-mars-2022\/#article\",\"isPartOf\":{\"@id\":\"https:\/\/infolocale.20minutes.fr\/blog\/la-journee-des-droits-des-femmes-du-8-mars-2022\/\"},\"author\":{\"name\":\"Myl\u00e8ne\",\"@id\":\"https:\/\/www.infolocale.fr\/blog\/#\/schema\/person\/bf2dc50c6636ffa2ce3e44ef1f9eb97f\"},\"headline\":\"La Journ\u00e9e des droits des femmes du 8 mars 2022\",\"datePublished\":\"2022-03-04T11:24:00+00:00\",\"dateModified\":\"2022-03-08T08:26:58+00:00\",\"mainEntityOfPage\":{\"@id\":\"https:\/\/infolocale.20minutes.fr\/blog\/la-journee-des-droits-des-femmes-du-8-mars-2022\/\"},\"wordCount\":924,\"commentCount\":0,\"publisher\":{\"@id\":\"https:\/\/www.infolocale.fr\/blog\/#organization\"},\"image\":{\"@id\":\"https:\/\/infolocale.20minutes.fr\/blog\/la-journee-des-droits-des-femmes-du-8-mars-2022\/#primaryimage\"},\"thumbnailUrl\":\"https:\/\/www.infolocale.fr\/blog\/wp-content\/uploads\/2022\/03\/LOGO_630X900-1.jpg\",\"articleSection\":[\"En ce moment\"],\"inLanguage\":\"fr-FR\",\"potentialAction\":[{\"@type\":\"CommentAction\",\"name\":\"Comment\",\"target\":[\"https:\/\/infolocale.20minutes.fr\/blog\/la-journee-des-droits-des-femmes-du-8-mars-2022\/#respond\"]}]},{\"@type\":\"WebPage\",\"@id\":\"https:\/\/infolocale.20minutes.fr\/blog\/la-journee-des-droits-des-femmes-du-8-mars-2022\/\",\"url\":\"https:\/\/infolocale.20minutes.fr\/blog\/la-journee-des-droits-des-femmes-du-8-mars-2022\/\",\"name\":\"La Journ\u00e9e des droits des femmes du 8 mars 2022 |\",\"isPartOf\":{\"@id\":\"https:\/\/www.infolocale.fr\/blog\/#website\"},\"primaryImageOfPage\":{\"@id\":\"https:\/\/infolocale.20minutes.fr\/blog\/la-journee-des-droits-des-femmes-du-8-mars-2022\/#primaryimage\"},\"image\":{\"@id\":\"https:\/\/infolocale.20minutes.fr\/blog\/la-journee-des-droits-des-femmes-du-8-mars-2022\/#primaryimage\"},\"thumbnailUrl\":\"https:\/\/www.infolocale.fr\/blog\/wp-content\/uploads\/2022\/03\/LOGO_630X900-1.jpg\",\"datePublished\":\"2022-03-04T11:24:00+00:00\",\"dateModified\":\"2022-03-08T08:26:58+00:00\",\"description\":\"La Journ\u00e9e des droits des femmes du 8 mars 2022 s'attache \u00e0 la progression de l\u2019\u00e9galit\u00e9 des sexes pour un avenir durable.\",\"breadcrumb\":{\"@id\":\"https:\/\/infolocale.20minutes.fr\/blog\/la-journee-des-droits-des-femmes-du-8-mars-2022\/#breadcrumb\"},\"inLanguage\":\"fr-FR\",\"potentialAction\":[{\"@type\":\"ReadAction\",\"target\":[\"https:\/\/infolocale.20minutes.fr\/blog\/la-journee-des-droits-des-femmes-du-8-mars-2022\/\"]}]},{\"@type\":\"ImageObject\",\"inLanguage\":\"fr-FR\",\"@id\":\"https:\/\/infolocale.20minutes.fr\/blog\/la-journee-des-droits-des-femmes-du-8-mars-2022\/#primaryimage\",\"url\":\"https:\/\/www.infolocale.fr\/blog\/wp-content\/uploads\/2022\/03\/LOGO_630X900-1.jpg\",\"contentUrl\":\"https:\/\/www.infolocale.fr\/blog\/wp-content\/uploads\/2022\/03\/LOGO_630X900-1.jpg\",\"width\":900,\"height\":630},{\"@type\":\"BreadcrumbList\",\"@id\":\"https:\/\/infolocale.20minutes.fr\/blog\/la-journee-des-droits-des-femmes-du-8-mars-2022\/#breadcrumb\",\"itemListElement\":[{\"@type\":\"ListItem\",\"position\":1,\"name\":\"Blog\",\"item\":\"https:\/\/infolocale.ouest-france.fr\/blog\/\"},{\"@type\":\"ListItem\",\"position\":2,\"name\":\"En ce moment\",\"item\":\"https:\/\/infolocale.20minutes.fr\/blog\/cat\/actu-acteurs-locaux\/\"},{\"@type\":\"ListItem\",\"position\":3,\"name\":\"La Journ\u00e9e des droits des femmes du 8 mars 2022\"}]},{\"@type\":\"WebSite\",\"@id\":\"https:\/\/www.infolocale.fr\/blog\/#website\",\"url\":\"https:\/\/www.infolocale.fr\/blog\/\",\"name\":\"\",\"description\":\"\",\"publisher\":{\"@id\":\"https:\/\/www.infolocale.fr\/blog\/#organization\"},\"potentialAction\":[{\"@type\":\"SearchAction\",\"target\":{\"@type\":\"EntryPoint\",\"urlTemplate\":\"https:\/\/www.infolocale.fr\/blog\/?s={search_term_string}\"},\"query-input\":\"required name=search_term_string\"}],\"inLanguage\":\"fr-FR\"},{\"@type\":\"Organization\",\"@id\":\"https:\/\/www.infolocale.fr\/blog\/#organization\",\"name\":\"Infolocale\",\"url\":\"https:\/\/www.infolocale.fr\/blog\/\",\"logo\":{\"@type\":\"ImageObject\",\"inLanguage\":\"fr-FR\",\"@id\":\"https:\/\/www.infolocale.fr\/blog\/#\/schema\/logo\/image\/\",\"url\":\"https:\/\/www.infolocale.fr\/blog\/wp-content\/uploads\/2020\/11\/logol.jpg\",\"contentUrl\":\"https:\/\/www.infolocale.fr\/blog\/wp-content\/uploads\/2020\/11\/logol.jpg\",\"width\":1031,\"height\":398,\"caption\":\"Infolocale\"},\"image\":{\"@id\":\"https:\/\/www.infolocale.fr\/blog\/#\/schema\/logo\/image\/\"},\"sameAs\":[\"https:\/\/www.facebook.com\/infolocaleFR\/\",\"https:\/\/x.com\/infolocale\",\"https:\/\/www.instagram.com\/infolocale\/\",\"https:\/\/fr.linkedin.com\/company\/infolocale\",\"https:\/\/www.youtube.com\/channel\/UCnv4FA8EYEuu_si3TGr7xeA\"]},{\"@type\":\"Person\",\"@id\":\"https:\/\/www.infolocale.fr\/blog\/#\/schema\/person\/bf2dc50c6636ffa2ce3e44ef1f9eb97f\",\"name\":\"Myl\u00e8ne\",\"image\":{\"@type\":\"ImageObject\",\"inLanguage\":\"fr-FR\",\"@id\":\"https:\/\/www.infolocale.fr\/blog\/#\/schema\/person\/image\/\",\"url\":\"https:\/\/secure.gravatar.com\/avatar\/49511f0ea4b41ed3062b218e30f07042?s=96&d=mm&r=g\",\"contentUrl\":\"https:\/\/secure.gravatar.com\/avatar\/49511f0ea4b41ed3062b218e30f07042?s=96&d=mm&r=g\",\"caption\":\"Myl\u00e8ne\"},\"url\":\"https:\/\/www.infolocale.fr\/blog\/author\/mylene-michel\/\"}]}<\/script>\n<!-- \/ Yoast SEO plugin. -->","yoast_head_json":{"title":"La Journ\u00e9e des droits des femmes du 8 mars 2022 |","description":"La Journ\u00e9e des droits des femmes du 8 mars 2022 s'attache \u00e0 la progression de l\u2019\u00e9galit\u00e9 des sexes pour un avenir durable.","robots":{"index":"index","follow":"follow","max-snippet":"max-snippet:-1","max-image-preview":"max-image-preview:large","max-video-preview":"max-video-preview:-1"},"canonical":"https:\/\/infolocale.20minutes.fr\/blog\/la-journee-des-droits-des-femmes-du-8-mars-2022\/","og_locale":"fr_FR","og_type":"article","og_title":"La Journ\u00e9e des droits des femmes du 8 mars 2022 |","og_description":"La Journ\u00e9e des droits des femmes du 8 mars 2022 s'attache \u00e0 la progression de l\u2019\u00e9galit\u00e9 des sexes pour un avenir durable.","og_url":"https:\/\/infolocale.20minutes.fr\/blog\/la-journee-des-droits-des-femmes-du-8-mars-2022\/","article_publisher":"https:\/\/www.facebook.com\/infolocaleFR\/","article_published_time":"2022-03-04T11:24:00+00:00","article_modified_time":"2022-03-08T08:26:58+00:00","og_image":[{"width":900,"height":630,"url":"https:\/\/infolocale.20minutes.fr\/blog\/wp-content\/uploads\/2022\/03\/LOGO_630X900-1.jpg","type":"image\/jpeg"}],"author":"Myl\u00e8ne","twitter_card":"summary_large_image","twitter_creator":"@infolocale","twitter_site":"@infolocale","twitter_misc":{"\u00c9crit par":"Myl\u00e8ne","Dur\u00e9e de lecture estim\u00e9e":"5 minutes"},"schema":{"@context":"https:\/\/schema.org","@graph":[{"@type":"Article","@id":"https:\/\/infolocale.20minutes.fr\/blog\/la-journee-des-droits-des-femmes-du-8-mars-2022\/#article","isPartOf":{"@id":"https:\/\/infolocale.20minutes.fr\/blog\/la-journee-des-droits-des-femmes-du-8-mars-2022\/"},"author":{"name":"Myl\u00e8ne","@id":"https:\/\/www.infolocale.fr\/blog\/#\/schema\/person\/bf2dc50c6636ffa2ce3e44ef1f9eb97f"},"headline":"La Journ\u00e9e des droits des femmes du 8 mars 2022","datePublished":"2022-03-04T11:24:00+00:00","dateModified":"2022-03-08T08:26:58+00:00","mainEntityOfPage":{"@id":"https:\/\/infolocale.20minutes.fr\/blog\/la-journee-des-droits-des-femmes-du-8-mars-2022\/"},"wordCount":924,"commentCount":0,"publisher":{"@id":"https:\/\/www.infolocale.fr\/blog\/#organization"},"image":{"@id":"https:\/\/infolocale.20minutes.fr\/blog\/la-journee-des-droits-des-femmes-du-8-mars-2022\/#primaryimage"},"thumbnailUrl":"https:\/\/www.infolocale.fr\/blog\/wp-content\/uploads\/2022\/03\/LOGO_630X900-1.jpg","articleSection":["En ce moment"],"inLanguage":"fr-FR","potentialAction":[{"@type":"CommentAction","name":"Comment","target":["https:\/\/infolocale.20minutes.fr\/blog\/la-journee-des-droits-des-femmes-du-8-mars-2022\/#respond"]}]},{"@type":"WebPage","@id":"https:\/\/infolocale.20minutes.fr\/blog\/la-journee-des-droits-des-femmes-du-8-mars-2022\/","url":"https:\/\/infolocale.20minutes.fr\/blog\/la-journee-des-droits-des-femmes-du-8-mars-2022\/","name":"La Journ\u00e9e des droits des femmes du 8 mars 2022 |","isPartOf":{"@id":"https:\/\/www.infolocale.fr\/blog\/#website"},"primaryImageOfPage":{"@id":"https:\/\/infolocale.20minutes.fr\/blog\/la-journee-des-droits-des-femmes-du-8-mars-2022\/#primaryimage"},"image":{"@id":"https:\/\/infolocale.20minutes.fr\/blog\/la-journee-des-droits-des-femmes-du-8-mars-2022\/#primaryimage"},"thumbnailUrl":"https:\/\/www.infolocale.fr\/blog\/wp-content\/uploads\/2022\/03\/LOGO_630X900-1.jpg","datePublished":"2022-03-04T11:24:00+00:00","dateModified":"2022-03-08T08:26:58+00:00","description":"La Journ\u00e9e des droits des femmes du 8 mars 2022 s'attache \u00e0 la progression de l\u2019\u00e9galit\u00e9 des sexes pour un avenir durable.","breadcrumb":{"@id":"https:\/\/infolocale.20minutes.fr\/blog\/la-journee-des-droits-des-femmes-du-8-mars-2022\/#breadcrumb"},"inLanguage":"fr-FR","potentialAction":[{"@type":"ReadAction","target":["https:\/\/infolocale.20minutes.fr\/blog\/la-journee-des-droits-des-femmes-du-8-mars-2022\/"]}]},{"@type":"ImageObject","inLanguage":"fr-FR","@id":"https:\/\/infolocale.20minutes.fr\/blog\/la-journee-des-droits-des-femmes-du-8-mars-2022\/#primaryimage","url":"https:\/\/www.infolocale.fr\/blog\/wp-content\/uploads\/2022\/03\/LOGO_630X900-1.jpg","contentUrl":"https:\/\/www.infolocale.fr\/blog\/wp-content\/uploads\/2022\/03\/LOGO_630X900-1.jpg","width":900,"height":630},{"@type":"BreadcrumbList","@id":"https:\/\/infolocale.20minutes.fr\/blog\/la-journee-des-droits-des-femmes-du-8-mars-2022\/#breadcrumb","itemListElement":[{"@type":"ListItem","position":1,"name":"Blog","item":"https:\/\/infolocale.ouest-france.fr\/blog\/"},{"@type":"ListItem","position":2,"name":"En ce moment","item":"https:\/\/infolocale.20minutes.fr\/blog\/cat\/actu-acteurs-locaux\/"},{"@type":"ListItem","position":3,"name":"La Journ\u00e9e des droits des femmes du 8 mars 2022"}]},{"@type":"WebSite","@id":"https:\/\/www.infolocale.fr\/blog\/#website","url":"https:\/\/www.infolocale.fr\/blog\/","name":"","description":"","publisher":{"@id":"https:\/\/www.infolocale.fr\/blog\/#organization"},"potentialAction":[{"@type":"SearchAction","target":{"@type":"EntryPoint","urlTemplate":"https:\/\/www.infolocale.fr\/blog\/?s={search_term_string}"},"query-input":"required name=search_term_string"}],"inLanguage":"fr-FR"},{"@type":"Organization","@id":"https:\/\/www.infolocale.fr\/blog\/#organization","name":"Infolocale","url":"https:\/\/www.infolocale.fr\/blog\/","logo":{"@type":"ImageObject","inLanguage":"fr-FR","@id":"https:\/\/www.infolocale.fr\/blog\/#\/schema\/logo\/image\/","url":"https:\/\/www.infolocale.fr\/blog\/wp-content\/uploads\/2020\/11\/logol.jpg","contentUrl":"https:\/\/www.infolocale.fr\/blog\/wp-content\/uploads\/2020\/11\/logol.jpg","width":1031,"height":398,"caption":"Infolocale"},"image":{"@id":"https:\/\/www.infolocale.fr\/blog\/#\/schema\/logo\/image\/"},"sameAs":["https:\/\/www.facebook.com\/infolocaleFR\/","https:\/\/x.com\/infolocale","https:\/\/www.instagram.com\/infolocale\/","https:\/\/fr.linkedin.com\/company\/infolocale","https:\/\/www.youtube.com\/channel\/UCnv4FA8EYEuu_si3TGr7xeA"]},{"@type":"Person","@id":"https:\/\/www.infolocale.fr\/blog\/#\/schema\/person\/bf2dc50c6636ffa2ce3e44ef1f9eb97f","name":"Myl\u00e8ne","image":{"@type":"ImageObject","inLanguage":"fr-FR","@id":"https:\/\/www.infolocale.fr\/blog\/#\/schema\/person\/image\/","url":"https:\/\/secure.gravatar.com\/avatar\/49511f0ea4b41ed3062b218e30f07042?s=96&d=mm&r=g","contentUrl":"https:\/\/secure.gravatar.com\/avatar\/49511f0ea4b41ed3062b218e30f07042?s=96&d=mm&r=g","caption":"Myl\u00e8ne"},"url":"https:\/\/www.infolocale.fr\/blog\/author\/mylene-michel\/"}]}},"_links":{"self":[{"href":"https:\/\/www.infolocale.fr\/blog\/wp-json\/wp\/v2\/posts\/6143"}],"collection":[{"href":"https:\/\/www.infolocale.fr\/blog\/wp-json\/wp\/v2\/posts"}],"about":[{"href":"https:\/\/www.infolocale.fr\/blog\/wp-json\/wp\/v2\/types\/post"}],"author":[{"embeddable":true,"href":"https:\/\/www.infolocale.fr\/blog\/wp-json\/wp\/v2\/users\/8"}],"replies":[{"embeddable":true,"href":"https:\/\/www.infolocale.fr\/blog\/wp-json\/wp\/v2\/comments?post=6143"}],"version-history":[{"count":0,"href":"https:\/\/www.infolocale.fr\/blog\/wp-json\/wp\/v2\/posts\/6143\/revisions"}],"wp:featuredmedia":[{"embeddable":true,"href":"https:\/\/www.infolocale.fr\/blog\/wp-json\/wp\/v2\/media\/17704"}],"wp:attachment":[{"href":"https:\/\/www.infolocale.fr\/blog\/wp-json\/wp\/v2\/media?parent=6143"}],"wp:term":[{"taxonomy":"category","embeddable":true,"href":"https:\/\/www.infolocale.fr\/blog\/wp-json\/wp\/v2\/categories?post=6143"},{"taxonomy":"post_tag","embeddable":true,"href":"https:\/\/www.infolocale.fr\/blog\/wp-json\/wp\/v2\/tags?post=6143"}],"curies":[{"name":"wp","href":"https:\/\/api.w.org\/{rel}","templated":true}]}}