{"id":6135,"date":"2021-03-03T09:34:27","date_gmt":"2021-03-03T08:34:27","guid":{"rendered":"https:\/\/www.infolocale.fr\/blog\/?p=6135"},"modified":"2021-11-15T15:13:57","modified_gmt":"2021-11-15T14:13:57","slug":"proces-verbal-assemblee-generale-association","status":"publish","type":"post","link":"https:\/\/www.infolocale.fr\/blog\/proces-verbal-assemblee-generale-association\/","title":{"rendered":"Exemple de proc\u00e8s-verbal d\u2019assembl\u00e9e g\u00e9n\u00e9rale constitutive \u00e0 t\u00e9l\u00e9charger"},"content":{"rendered":"\n<p>Le proc\u00e8s-verbal de l\u2019assembl\u00e9e g\u00e9n\u00e9rale constitutive d\u2019une association est un document tr\u00e8s codifi\u00e9. G\u00e9n\u00e9ralement, c\u2019est au secr\u00e9taire de s\u00e9ance de votre AG que revient son \u00e9criture. Le but de ce document est de rendre compte des discussions et des d\u00e9cisions prises par l\u2019assembl\u00e9e g\u00e9n\u00e9rale. Il doit \u00eatre sign\u00e9 par au moins un repr\u00e9sentant de l\u2019association. Ceci fait, vous devez en joindre une copie sign\u00e9e au dossier au greffe des associations. Le proc\u00e8s-verbal doit \u00eatre archiv\u00e9 pendant toute l\u2019existence de votre association.<\/p>\n\n\n\n\n\n<h2 class=\"wp-block-heading\">Quand r\u00e9diger le proc\u00e8s-verbal de l\u2019assembl\u00e9e constitutive de votre association ?<\/h2>\n\n\n\n<p>Vous \u00eates plong\u00e9 dans les d\u00e9marches de <a href=\"https:\/\/www.infolocale.fr\/blog\/creer-une-association\/\">cr\u00e9ation d\u2019une association<\/a>. Vous avez d\u00e9j\u00e0 pass\u00e9 les premi\u00e8res \u00e9tapes que sont :<\/p>\n\n\n\n<ul class=\"wp-block-list\"><li>l\u2019organisation de votre <a href=\"https:\/\/www.infolocale.fr\/blog\/assemblee-generale-constitutive-association\/\">assembl\u00e9e g\u00e9n\u00e9rale constitutive<\/a>,&nbsp;<\/li><li>le vote des <a href=\"https:\/\/www.infolocale.fr\/blog\/rediger-statuts-dune-association\/\">statuts de votre association<\/a>,<\/li><li>l&rsquo;\u00e9lection des membres dirigeants, le bureau et\/ou le <a href=\"https:\/\/www.infolocale.fr\/blog\/conseil-dadministration-association\/\">conseil d&rsquo;administration de votre association<\/a>&nbsp;<\/li><\/ul>\n\n\n\n<p>Naturellement, l\u2019\u00e9tape suivante sera de faire votre d\u00e9claration au greffe des associations.&nbsp;Pour cette d\u00e9claration, vous devrez joindre une copie du <strong>proc\u00e8s-verbal de votre assembl\u00e9e g\u00e9n\u00e9rale constitutive<\/strong>. Ce proc\u00e8s-verbal est un document administratif dont la forme est tr\u00e8s codifi\u00e9e. Toutefois, vous verrez que l\u2019administration laisse une certaine amplitude permettant d\u2019adapter vos documents aux cas particuliers que peut rencontrer votre association.&nbsp;<\/p>\n\n\n\n<p>Vous trouverez dans cet article, un exemple de <strong>proc\u00e8s-verbal d\u2019assembl\u00e9e g\u00e9n\u00e9rale constitutive<\/strong> \u00e0 t\u00e9l\u00e9charger gratuitement. Suivez notre descriptif et adaptez votre version aux besoins de votre association. Celui-ci vous permettra de r\u00e9diger votre <strong>proc\u00e8s-verbal<\/strong> en quelques minutes.<\/p>\n\n\n\n<div class=\"wp-block-buttons is-content-justification-center is-layout-flex wp-block-buttons-is-layout-flex\">\n\n\n<div class=\"wp-block-button is-style-fill\"><a class=\"wp-block-button__link has-vivid-cyan-blue-color has-white-background-color has-text-color has-background\" href=\"#elementor-action%3Aaction%3Dpopup%3Aopen%26settings%3DeyJpZCI6Ijc4MzMiLCJ0b2dnbGUiOmZhbHNlfQ%3D%3D\">&gt;&gt; T\u00e9l\u00e9chargez votre exemple de proc\u00e8s-verbal pour votre association<\/a><\/div>\n<\/div>\n\n\n\n<h2 class=\"wp-block-heading\">Pourquoi le r\u00e9diger ?<\/h2>\n\n\n\n<p>Le proc\u00e8s-verbal est un document que vous devrez r\u00e9diger \u00e0 la suite de l&rsquo;assembl\u00e9e g\u00e9n\u00e9rale constitutive. Son r\u00f4le est multiple.<\/p>\n\n\n\n<p>Tout d&rsquo;abord, il permet de transcrire le contenus de la r\u00e9union et de faire \u00e9tat des d\u00e9cisions prises. En outre, il vous permet de nommer les mandataires qui repr\u00e9senteront votre association dans les formalit\u00e9s faisant suite \u00e0 l\u2019AG constitutive. Il fera \u00e9galement office de compte rendu et permettra aux absents d\u2019avoir une id\u00e9e de la nature des \u00e9changes pendant la r\u00e9union. Enfin, c\u2019est aussi un document que vous devez joindre \u00e0 la d\u00e9claration au greffe des associations.<\/p>\n\n\n\n<p>Vous devez porter un soin particulier \u00e0 la cr\u00e9ation du proc\u00e8s-verbal. Une invalidation de celui-ci peut mener \u00e0 l\u2019annulation de l\u2019acte de cr\u00e9ation de votre association.<\/p>\n\n\n\n<div class=\"wp-block-buttons is-horizontal is-content-justification-center is-layout-flex wp-container-core-buttons-is-layout-2 wp-block-buttons-is-layout-flex\">\n<div class=\"wp-block-button\"><a class=\"wp-block-button__link has-white-color has-luminous-vivid-amber-background-color has-text-color has-background wp-element-button\"><strong>&gt;&gt;Inscrire mon asso \u00e0 Infolocale <\/strong><\/a><\/div>\n<\/div>\n\n\n\n<h2 class=\"wp-block-heading\">Combien de temps faut-il l&rsquo;archiver ?<\/h2>\n\n\n\n<p>Vous devez imp\u00e9rativement conserver l&rsquo;original de votre proc\u00e8s-verbal. D&rsquo;ailleurs, l&rsquo;ensemble des documents li\u00e9s \u00e0 la cr\u00e9ation de votre association sont \u00e0 conserver pendant toute son existence. Ainsi, la d\u00e9claration au greffe, le r\u00e9c\u00e9piss\u00e9, la demande d\u2019insertion au JO ou encore l&rsquo;extrait du JO font-ils partie des pi\u00e8ces \u00e0 archiver.<\/p>\n\n\n\n<p>Les documents li\u00e9s au fonctionnement de votre association, eux, sont \u00e0 garder pour une dur\u00e9e d\u2019au moins cinq ann\u00e9es.&nbsp;<\/p>\n\n\n\n<h2 class=\"wp-block-heading\">Proc\u00e8s-verbal d\u2019assembl\u00e9e constitutive. Comment le r\u00e9diger ?<\/h2>\n\n\n\n<p>Le proc\u00e8s-verbal d&rsquo;assembl\u00e9e g\u00e9n\u00e9rale peut prendre la forme d\u2019un simple document texte r\u00e9alis\u00e9 sur ordinateur. <\/p>\n\n\n\n<p>Le plus souvent, vous confierez sa r\u00e9daction au secr\u00e9taire de s\u00e9ance de votre AG. Sur le document, vous devez faire figurer la signature d\u2019au moins un dirigeant de votre association. Finalement, n&rsquo;oubliez pas de joindre une copie sign\u00e9e du proc\u00e8s-verbal \u00e0 la d\u00e9claration envoy\u00e9e au greffe des associations.<\/p>\n\n\n\n<h2 class=\"wp-block-heading\">Exemple de proc\u00e8s-verbal<\/h2>\n\n\n\n<p>T\u00e9l\u00e9chargez notre exemple de proc\u00e8s verbal. Suivez le guide et r\u00e9digez la version de votre association.<\/p>\n\n\n\n<div class=\"wp-block-buttons is-content-justification-center is-layout-flex wp-block-buttons-is-layout-flex\">\n<div class=\"wp-block-button\"><a class=\"wp-block-button__link has-white-color has-text-color has-background\" href=\"#elementor-action%3Aaction%3Dpopup%3Aopen%26settings%3DeyJpZCI6Ijc4MzMiLCJ0b2dnbGUiOmZhbHNlfQ%3D%3D\" style=\"background-color:#ffbc4f\">Je t\u00e9l\u00e9charge mon exemple de proc\u00e8s-verbal<\/a><\/div>\n<\/div>\n\n\n\n<h3 class=\"wp-block-heading\">El\u00e9ments \u00e0 int\u00e9grer dans votre proc\u00e8s-verbal<\/h3>\n\n\n\n<ol class=\"wp-block-list\"><li>Ent\u00eate. Inscrivez le nom et l&rsquo;adresse de l&rsquo;association en cr\u00e9ation.<\/li><li>Titre. \u00ab\u00a0Proc\u00e8s-verbal de l\u2019assembl\u00e9e g\u00e9n\u00e9rale constitutive du&#8230;\u00a0\u00bb Pensez \u00e0 renseigner la date.<\/li><li>Renseignez la date et lieu de la r\u00e9union.<\/li><li>En pr\u00e9sence de. Faites figurer ici le nom, pr\u00e9nom et l\u2019adresse de chaque personne pr\u00e9sentes lors de votre assembl\u00e9e.<\/li><li>D\u00e9signez le pr\u00e9sident et le secr\u00e9taire de s\u00e9ance en inscrivant leurs pr\u00e9noms et noms.<\/li><li>Listez les documents mis \u00e0 disposition des membres. Adaptez la liste selon les documents transmis pendant votre AG.<\/li><li>Ordre du jour. Vous pouvez modifier les points en fonction de ceux d\u00e9roul\u00e9s pendant votre AG constitutive.<\/li><li>D\u00e9roulement. Vous pouvez d\u00e9crire ici chaque point pr\u00e9sent \u00e0 l\u2019ordre du jour. Notez en substance le contenu des \u00e9changes entre les membres fondateurs de votre association.&nbsp;<\/li><li>R\u00e9solutions. La liste pr\u00e9sent\u00e9e ici est non-exhaustive, vous pouvez l\u2019adapter selon vos besoins. Veillez \u00e0 la faire correspondre aux diff\u00e9rents points de l\u2019ordre du jour.<\/li><li>Il se peut que vos statuts ne soient pas adopt\u00e9s \u00e0 l&rsquo;unanimit\u00e9. Dans ce cas, vous devez indiquer les personnes les ayant adopt\u00e9. Les personnes ne votant pas les statuts ne sont pas en mesure d&rsquo;int\u00e9grer votre association.<\/li><li>D\u00e9signation des membres dirigeants. Cet exemple est \u00e0 appliquer dans le cas ou votre association souhaiterait se doter d&rsquo;un conseil d&rsquo;administration.<\/li><li>Si vos repr\u00e9sentants sont dans l\u2019incapacit\u00e9 de faire la d\u00e9claration en pr\u00e9fecture, vous devez nommer un mandataire. <\/li><li>Pensez \u00e0 faire signer le document par au moins un repr\u00e9sentant de l\u2019association.<\/li><\/ol>\n\n\n\n<div class=\"wp-block-buttons is-layout-flex wp-block-buttons-is-layout-flex\"><\/div>\n\n\n\n<figure class=\"wp-block-image size-large\"><img fetchpriority=\"high\" decoding=\"async\" width=\"595\" height=\"842\" src=\"https:\/\/www.infolocale.fr\/blog\/wp-content\/uploads\/2021\/03\/proces-verbal-assemblee-generale-constitutive.jpg\" alt=\"\" class=\"wp-image-6136\" srcset=\"https:\/\/www.infolocale.fr\/blog\/wp-content\/uploads\/2021\/03\/proces-verbal-assemblee-generale-constitutive.jpg 595w, https:\/\/www.infolocale.fr\/blog\/wp-content\/uploads\/2021\/03\/proces-verbal-assemblee-generale-constitutive-212x300.jpg 212w, https:\/\/www.infolocale.fr\/blog\/wp-content\/uploads\/2021\/03\/proces-verbal-assemblee-generale-constitutive-42x60.jpg 42w\" sizes=\"(max-width: 595px) 100vw, 595px\" \/><\/figure>\n\n\n\n<figure class=\"wp-block-image size-large\"><img decoding=\"async\" width=\"595\" height=\"842\" src=\"https:\/\/www.infolocale.fr\/blog\/wp-content\/uploads\/2021\/03\/proces-verbal-assemblee-generale-constitutive2.jpg\" alt=\"\" class=\"wp-image-6137\" srcset=\"https:\/\/www.infolocale.fr\/blog\/wp-content\/uploads\/2021\/03\/proces-verbal-assemblee-generale-constitutive2.jpg 595w, https:\/\/www.infolocale.fr\/blog\/wp-content\/uploads\/2021\/03\/proces-verbal-assemblee-generale-constitutive2-212x300.jpg 212w, https:\/\/www.infolocale.fr\/blog\/wp-content\/uploads\/2021\/03\/proces-verbal-assemblee-generale-constitutive2-42x60.jpg 42w\" sizes=\"(max-width: 595px) 100vw, 595px\" \/><\/figure>\n","protected":false},"excerpt":{"rendered":"<p>Le proc\u00e8s-verbal de l\u2019assembl\u00e9e g\u00e9n\u00e9rale constitutive d\u2019une association est un document tr\u00e8s codifi\u00e9. G\u00e9n\u00e9ralement, c\u2019est au secr\u00e9taire de s\u00e9ance de votre AG que revient son [&hellip;]<\/p>\n","protected":false},"author":2,"featured_media":11359,"comment_status":"open","ping_status":"open","sticky":false,"template":"","format":"standard","meta":{"_coblocks_attr":"","_coblocks_dimensions":"","_coblocks_responsive_height":"","_coblocks_accordion_ie_support":"","_mo_disable_npp":"","footnotes":""},"categories":[74],"tags":[87],"class_list":["post-6135","post","type-post","status-publish","format-standard","has-post-thumbnail","hentry","category-creer-et-administrer-une-association-1901","tag-telechargement-gratuit"],"yoast_head":"<!-- This site is optimized with the Yoast SEO plugin v23.2 - https:\/\/yoast.com\/wordpress\/plugins\/seo\/ -->\n<title>\u25b7 Exemple de proc\u00e8s-verbal d&#039;assembl\u00e9e g\u00e9n\u00e9rale constitutive |<\/title>\n<meta name=\"description\" content=\"T\u00e9l\u00e9chargez gratuitement votre proc\u00e8s-verbal d\u2019assembl\u00e9e g\u00e9n\u00e9rale constitutive et suivez ce pas \u00e0 pas pour cr\u00e9er votre association.\" \/>\n<meta name=\"robots\" content=\"index, follow, max-snippet:-1, max-image-preview:large, max-video-preview:-1\" \/>\n<link rel=\"canonical\" href=\"https:\/\/www.infolocale.fr\/blog\/proces-verbal-assemblee-generale-association\/\" \/>\n<meta property=\"og:locale\" content=\"fr_FR\" \/>\n<meta property=\"og:type\" content=\"article\" \/>\n<meta property=\"og:title\" content=\"\u25b7 Exemple de proc\u00e8s-verbal d&#039;assembl\u00e9e g\u00e9n\u00e9rale constitutive |\" \/>\n<meta property=\"og:description\" content=\"T\u00e9l\u00e9chargez gratuitement votre proc\u00e8s-verbal d\u2019assembl\u00e9e g\u00e9n\u00e9rale constitutive et suivez ce pas \u00e0 pas pour cr\u00e9er votre association.\" \/>\n<meta property=\"og:url\" content=\"https:\/\/www.infolocale.fr\/blog\/proces-verbal-assemblee-generale-association\/\" \/>\n<meta property=\"article:publisher\" content=\"https:\/\/www.facebook.com\/infolocaleFR\/\" \/>\n<meta property=\"article:published_time\" content=\"2021-03-03T08:34:27+00:00\" \/>\n<meta property=\"article:modified_time\" content=\"2021-11-15T14:13:57+00:00\" \/>\n<meta property=\"og:image\" content=\"https:\/\/infolocale.actu.fr\/blog\/wp-content\/uploads\/2021\/03\/exemple-proces-verbal-assemblee-generale-constitutive.jpg\" \/>\n\t<meta property=\"og:image:width\" content=\"900\" \/>\n\t<meta property=\"og:image:height\" content=\"630\" \/>\n\t<meta property=\"og:image:type\" content=\"image\/jpeg\" \/>\n<meta name=\"author\" content=\"Morgan\" \/>\n<meta name=\"twitter:card\" content=\"summary_large_image\" \/>\n<meta name=\"twitter:creator\" content=\"@infolocale\" \/>\n<meta name=\"twitter:site\" content=\"@infolocale\" \/>\n<meta name=\"twitter:label1\" content=\"\u00c9crit par\" \/>\n\t<meta name=\"twitter:data1\" content=\"Morgan\" \/>\n\t<meta name=\"twitter:label2\" content=\"Dur\u00e9e de lecture estim\u00e9e\" \/>\n\t<meta name=\"twitter:data2\" content=\"4 minutes\" \/>\n<script type=\"application\/ld+json\" class=\"yoast-schema-graph\">{\"@context\":\"https:\/\/schema.org\",\"@graph\":[{\"@type\":\"Article\",\"@id\":\"https:\/\/www.infolocale.fr\/blog\/proces-verbal-assemblee-generale-association\/#article\",\"isPartOf\":{\"@id\":\"https:\/\/infolocale.actu.fr\/blog\/proces-verbal-assemblee-generale-association\/\"},\"author\":{\"name\":\"Morgan\",\"@id\":\"https:\/\/www.infolocale.fr\/blog\/#\/schema\/person\/f0f748ece99417833166b3ba8890f3db\"},\"headline\":\"Exemple de proc\u00e8s-verbal d\u2019assembl\u00e9e g\u00e9n\u00e9rale constitutive \u00e0 t\u00e9l\u00e9charger\",\"datePublished\":\"2021-03-03T08:34:27+00:00\",\"dateModified\":\"2021-11-15T14:13:57+00:00\",\"mainEntityOfPage\":{\"@id\":\"https:\/\/infolocale.actu.fr\/blog\/proces-verbal-assemblee-generale-association\/\"},\"wordCount\":945,\"commentCount\":0,\"publisher\":{\"@id\":\"https:\/\/www.infolocale.fr\/blog\/#organization\"},\"image\":{\"@id\":\"https:\/\/www.infolocale.fr\/blog\/proces-verbal-assemblee-generale-association\/#primaryimage\"},\"thumbnailUrl\":\"https:\/\/www.infolocale.fr\/blog\/wp-content\/uploads\/2021\/03\/exemple-proces-verbal-assemblee-generale-constitutive.jpg\",\"keywords\":[\"T\u00e9l\u00e9chargements gratuits\"],\"articleSection\":[\"Cr\u00e9er et g\u00e9rer une association\"],\"inLanguage\":\"fr-FR\",\"potentialAction\":[{\"@type\":\"CommentAction\",\"name\":\"Comment\",\"target\":[\"https:\/\/www.infolocale.fr\/blog\/proces-verbal-assemblee-generale-association\/#respond\"]}]},{\"@type\":\"WebPage\",\"@id\":\"https:\/\/infolocale.actu.fr\/blog\/proces-verbal-assemblee-generale-association\/\",\"url\":\"https:\/\/www.infolocale.fr\/blog\/proces-verbal-assemblee-generale-association\/\",\"name\":\"\u25b7 Exemple de proc\u00e8s-verbal d'assembl\u00e9e g\u00e9n\u00e9rale constitutive |\",\"isPartOf\":{\"@id\":\"https:\/\/www.infolocale.fr\/blog\/#website\"},\"primaryImageOfPage\":{\"@id\":\"https:\/\/www.infolocale.fr\/blog\/proces-verbal-assemblee-generale-association\/#primaryimage\"},\"image\":{\"@id\":\"https:\/\/www.infolocale.fr\/blog\/proces-verbal-assemblee-generale-association\/#primaryimage\"},\"thumbnailUrl\":\"https:\/\/www.infolocale.fr\/blog\/wp-content\/uploads\/2021\/03\/exemple-proces-verbal-assemblee-generale-constitutive.jpg\",\"datePublished\":\"2021-03-03T08:34:27+00:00\",\"dateModified\":\"2021-11-15T14:13:57+00:00\",\"description\":\"T\u00e9l\u00e9chargez gratuitement votre proc\u00e8s-verbal d\u2019assembl\u00e9e g\u00e9n\u00e9rale constitutive et suivez ce pas \u00e0 pas pour cr\u00e9er votre association.\",\"breadcrumb\":{\"@id\":\"https:\/\/www.infolocale.fr\/blog\/proces-verbal-assemblee-generale-association\/#breadcrumb\"},\"inLanguage\":\"fr-FR\",\"potentialAction\":[{\"@type\":\"ReadAction\",\"target\":[\"https:\/\/www.infolocale.fr\/blog\/proces-verbal-assemblee-generale-association\/\"]}]},{\"@type\":\"ImageObject\",\"inLanguage\":\"fr-FR\",\"@id\":\"https:\/\/www.infolocale.fr\/blog\/proces-verbal-assemblee-generale-association\/#primaryimage\",\"url\":\"https:\/\/www.infolocale.fr\/blog\/wp-content\/uploads\/2021\/03\/exemple-proces-verbal-assemblee-generale-constitutive.jpg\",\"contentUrl\":\"https:\/\/www.infolocale.fr\/blog\/wp-content\/uploads\/2021\/03\/exemple-proces-verbal-assemblee-generale-constitutive.jpg\",\"width\":900,\"height\":630,\"caption\":\"exemple de proc\u00e8s-verbal d'assembl\u00e9e constitutive d'association et suivez le guide pour r\u00e9aliser le votre\"},{\"@type\":\"BreadcrumbList\",\"@id\":\"https:\/\/www.infolocale.fr\/blog\/proces-verbal-assemblee-generale-association\/#breadcrumb\",\"itemListElement\":[{\"@type\":\"ListItem\",\"position\":1,\"name\":\"Blog\",\"item\":\"https:\/\/infolocale.ouest-france.fr\/blog\/\"},{\"@type\":\"ListItem\",\"position\":2,\"name\":\"Cr\u00e9er et g\u00e9rer une association\",\"item\":\"https:\/\/infolocale.ouest-france.fr\/blog\/cat\/creer-et-administrer-une-association-1901\/\"},{\"@type\":\"ListItem\",\"position\":3,\"name\":\"Exemple de proc\u00e8s-verbal d\u2019assembl\u00e9e g\u00e9n\u00e9rale constitutive \u00e0 t\u00e9l\u00e9charger\"}]},{\"@type\":\"WebSite\",\"@id\":\"https:\/\/www.infolocale.fr\/blog\/#website\",\"url\":\"https:\/\/www.infolocale.fr\/blog\/\",\"name\":\"\",\"description\":\"\",\"publisher\":{\"@id\":\"https:\/\/www.infolocale.fr\/blog\/#organization\"},\"potentialAction\":[{\"@type\":\"SearchAction\",\"target\":{\"@type\":\"EntryPoint\",\"urlTemplate\":\"https:\/\/www.infolocale.fr\/blog\/?s={search_term_string}\"},\"query-input\":\"required name=search_term_string\"}],\"inLanguage\":\"fr-FR\"},{\"@type\":\"Organization\",\"@id\":\"https:\/\/www.infolocale.fr\/blog\/#organization\",\"name\":\"Infolocale\",\"url\":\"https:\/\/www.infolocale.fr\/blog\/\",\"logo\":{\"@type\":\"ImageObject\",\"inLanguage\":\"fr-FR\",\"@id\":\"https:\/\/www.infolocale.fr\/blog\/#\/schema\/logo\/image\/\",\"url\":\"https:\/\/www.infolocale.fr\/blog\/wp-content\/uploads\/2020\/11\/logol.jpg\",\"contentUrl\":\"https:\/\/www.infolocale.fr\/blog\/wp-content\/uploads\/2020\/11\/logol.jpg\",\"width\":1031,\"height\":398,\"caption\":\"Infolocale\"},\"image\":{\"@id\":\"https:\/\/www.infolocale.fr\/blog\/#\/schema\/logo\/image\/\"},\"sameAs\":[\"https:\/\/www.facebook.com\/infolocaleFR\/\",\"https:\/\/x.com\/infolocale\",\"https:\/\/www.instagram.com\/infolocale\/\",\"https:\/\/fr.linkedin.com\/company\/infolocale\",\"https:\/\/www.youtube.com\/channel\/UCnv4FA8EYEuu_si3TGr7xeA\"]},{\"@type\":\"Person\",\"@id\":\"https:\/\/www.infolocale.fr\/blog\/#\/schema\/person\/f0f748ece99417833166b3ba8890f3db\",\"name\":\"Morgan\",\"image\":{\"@type\":\"ImageObject\",\"inLanguage\":\"fr-FR\",\"@id\":\"https:\/\/www.infolocale.fr\/blog\/#\/schema\/person\/image\/\",\"url\":\"https:\/\/secure.gravatar.com\/avatar\/a22ec2a0cc817ae9fa3ff7341a213632?s=96&d=mm&r=g\",\"contentUrl\":\"https:\/\/secure.gravatar.com\/avatar\/a22ec2a0cc817ae9fa3ff7341a213632?s=96&d=mm&r=g\",\"caption\":\"Morgan\"},\"url\":\"https:\/\/www.infolocale.fr\/blog\/author\/morgan-delepine\/\"}]}<\/script>\n<!-- \/ Yoast SEO plugin. -->","yoast_head_json":{"title":"\u25b7 Exemple de proc\u00e8s-verbal d'assembl\u00e9e g\u00e9n\u00e9rale constitutive |","description":"T\u00e9l\u00e9chargez gratuitement votre proc\u00e8s-verbal d\u2019assembl\u00e9e g\u00e9n\u00e9rale constitutive et suivez ce pas \u00e0 pas pour cr\u00e9er votre association.","robots":{"index":"index","follow":"follow","max-snippet":"max-snippet:-1","max-image-preview":"max-image-preview:large","max-video-preview":"max-video-preview:-1"},"canonical":"https:\/\/www.infolocale.fr\/blog\/proces-verbal-assemblee-generale-association\/","og_locale":"fr_FR","og_type":"article","og_title":"\u25b7 Exemple de proc\u00e8s-verbal d'assembl\u00e9e g\u00e9n\u00e9rale constitutive |","og_description":"T\u00e9l\u00e9chargez gratuitement votre proc\u00e8s-verbal d\u2019assembl\u00e9e g\u00e9n\u00e9rale constitutive et suivez ce pas \u00e0 pas pour cr\u00e9er votre association.","og_url":"https:\/\/www.infolocale.fr\/blog\/proces-verbal-assemblee-generale-association\/","article_publisher":"https:\/\/www.facebook.com\/infolocaleFR\/","article_published_time":"2021-03-03T08:34:27+00:00","article_modified_time":"2021-11-15T14:13:57+00:00","og_image":[{"width":900,"height":630,"url":"https:\/\/infolocale.actu.fr\/blog\/wp-content\/uploads\/2021\/03\/exemple-proces-verbal-assemblee-generale-constitutive.jpg","type":"image\/jpeg"}],"author":"Morgan","twitter_card":"summary_large_image","twitter_creator":"@infolocale","twitter_site":"@infolocale","twitter_misc":{"\u00c9crit par":"Morgan","Dur\u00e9e de lecture estim\u00e9e":"4 minutes"},"schema":{"@context":"https:\/\/schema.org","@graph":[{"@type":"Article","@id":"https:\/\/www.infolocale.fr\/blog\/proces-verbal-assemblee-generale-association\/#article","isPartOf":{"@id":"https:\/\/infolocale.actu.fr\/blog\/proces-verbal-assemblee-generale-association\/"},"author":{"name":"Morgan","@id":"https:\/\/www.infolocale.fr\/blog\/#\/schema\/person\/f0f748ece99417833166b3ba8890f3db"},"headline":"Exemple de proc\u00e8s-verbal d\u2019assembl\u00e9e g\u00e9n\u00e9rale constitutive \u00e0 t\u00e9l\u00e9charger","datePublished":"2021-03-03T08:34:27+00:00","dateModified":"2021-11-15T14:13:57+00:00","mainEntityOfPage":{"@id":"https:\/\/infolocale.actu.fr\/blog\/proces-verbal-assemblee-generale-association\/"},"wordCount":945,"commentCount":0,"publisher":{"@id":"https:\/\/www.infolocale.fr\/blog\/#organization"},"image":{"@id":"https:\/\/www.infolocale.fr\/blog\/proces-verbal-assemblee-generale-association\/#primaryimage"},"thumbnailUrl":"https:\/\/www.infolocale.fr\/blog\/wp-content\/uploads\/2021\/03\/exemple-proces-verbal-assemblee-generale-constitutive.jpg","keywords":["T\u00e9l\u00e9chargements gratuits"],"articleSection":["Cr\u00e9er et g\u00e9rer une association"],"inLanguage":"fr-FR","potentialAction":[{"@type":"CommentAction","name":"Comment","target":["https:\/\/www.infolocale.fr\/blog\/proces-verbal-assemblee-generale-association\/#respond"]}]},{"@type":"WebPage","@id":"https:\/\/infolocale.actu.fr\/blog\/proces-verbal-assemblee-generale-association\/","url":"https:\/\/www.infolocale.fr\/blog\/proces-verbal-assemblee-generale-association\/","name":"\u25b7 Exemple de proc\u00e8s-verbal d'assembl\u00e9e g\u00e9n\u00e9rale constitutive |","isPartOf":{"@id":"https:\/\/www.infolocale.fr\/blog\/#website"},"primaryImageOfPage":{"@id":"https:\/\/www.infolocale.fr\/blog\/proces-verbal-assemblee-generale-association\/#primaryimage"},"image":{"@id":"https:\/\/www.infolocale.fr\/blog\/proces-verbal-assemblee-generale-association\/#primaryimage"},"thumbnailUrl":"https:\/\/www.infolocale.fr\/blog\/wp-content\/uploads\/2021\/03\/exemple-proces-verbal-assemblee-generale-constitutive.jpg","datePublished":"2021-03-03T08:34:27+00:00","dateModified":"2021-11-15T14:13:57+00:00","description":"T\u00e9l\u00e9chargez gratuitement votre proc\u00e8s-verbal d\u2019assembl\u00e9e g\u00e9n\u00e9rale constitutive et suivez ce pas \u00e0 pas pour cr\u00e9er votre association.","breadcrumb":{"@id":"https:\/\/www.infolocale.fr\/blog\/proces-verbal-assemblee-generale-association\/#breadcrumb"},"inLanguage":"fr-FR","potentialAction":[{"@type":"ReadAction","target":["https:\/\/www.infolocale.fr\/blog\/proces-verbal-assemblee-generale-association\/"]}]},{"@type":"ImageObject","inLanguage":"fr-FR","@id":"https:\/\/www.infolocale.fr\/blog\/proces-verbal-assemblee-generale-association\/#primaryimage","url":"https:\/\/www.infolocale.fr\/blog\/wp-content\/uploads\/2021\/03\/exemple-proces-verbal-assemblee-generale-constitutive.jpg","contentUrl":"https:\/\/www.infolocale.fr\/blog\/wp-content\/uploads\/2021\/03\/exemple-proces-verbal-assemblee-generale-constitutive.jpg","width":900,"height":630,"caption":"exemple de proc\u00e8s-verbal d'assembl\u00e9e constitutive d'association et suivez le guide pour r\u00e9aliser le votre"},{"@type":"BreadcrumbList","@id":"https:\/\/www.infolocale.fr\/blog\/proces-verbal-assemblee-generale-association\/#breadcrumb","itemListElement":[{"@type":"ListItem","position":1,"name":"Blog","item":"https:\/\/infolocale.ouest-france.fr\/blog\/"},{"@type":"ListItem","position":2,"name":"Cr\u00e9er et g\u00e9rer une association","item":"https:\/\/infolocale.ouest-france.fr\/blog\/cat\/creer-et-administrer-une-association-1901\/"},{"@type":"ListItem","position":3,"name":"Exemple de proc\u00e8s-verbal d\u2019assembl\u00e9e g\u00e9n\u00e9rale constitutive \u00e0 t\u00e9l\u00e9charger"}]},{"@type":"WebSite","@id":"https:\/\/www.infolocale.fr\/blog\/#website","url":"https:\/\/www.infolocale.fr\/blog\/","name":"","description":"","publisher":{"@id":"https:\/\/www.infolocale.fr\/blog\/#organization"},"potentialAction":[{"@type":"SearchAction","target":{"@type":"EntryPoint","urlTemplate":"https:\/\/www.infolocale.fr\/blog\/?s={search_term_string}"},"query-input":"required name=search_term_string"}],"inLanguage":"fr-FR"},{"@type":"Organization","@id":"https:\/\/www.infolocale.fr\/blog\/#organization","name":"Infolocale","url":"https:\/\/www.infolocale.fr\/blog\/","logo":{"@type":"ImageObject","inLanguage":"fr-FR","@id":"https:\/\/www.infolocale.fr\/blog\/#\/schema\/logo\/image\/","url":"https:\/\/www.infolocale.fr\/blog\/wp-content\/uploads\/2020\/11\/logol.jpg","contentUrl":"https:\/\/www.infolocale.fr\/blog\/wp-content\/uploads\/2020\/11\/logol.jpg","width":1031,"height":398,"caption":"Infolocale"},"image":{"@id":"https:\/\/www.infolocale.fr\/blog\/#\/schema\/logo\/image\/"},"sameAs":["https:\/\/www.facebook.com\/infolocaleFR\/","https:\/\/x.com\/infolocale","https:\/\/www.instagram.com\/infolocale\/","https:\/\/fr.linkedin.com\/company\/infolocale","https:\/\/www.youtube.com\/channel\/UCnv4FA8EYEuu_si3TGr7xeA"]},{"@type":"Person","@id":"https:\/\/www.infolocale.fr\/blog\/#\/schema\/person\/f0f748ece99417833166b3ba8890f3db","name":"Morgan","image":{"@type":"ImageObject","inLanguage":"fr-FR","@id":"https:\/\/www.infolocale.fr\/blog\/#\/schema\/person\/image\/","url":"https:\/\/secure.gravatar.com\/avatar\/a22ec2a0cc817ae9fa3ff7341a213632?s=96&d=mm&r=g","contentUrl":"https:\/\/secure.gravatar.com\/avatar\/a22ec2a0cc817ae9fa3ff7341a213632?s=96&d=mm&r=g","caption":"Morgan"},"url":"https:\/\/www.infolocale.fr\/blog\/author\/morgan-delepine\/"}]}},"_links":{"self":[{"href":"https:\/\/www.infolocale.fr\/blog\/wp-json\/wp\/v2\/posts\/6135"}],"collection":[{"href":"https:\/\/www.infolocale.fr\/blog\/wp-json\/wp\/v2\/posts"}],"about":[{"href":"https:\/\/www.infolocale.fr\/blog\/wp-json\/wp\/v2\/types\/post"}],"author":[{"embeddable":true,"href":"https:\/\/www.infolocale.fr\/blog\/wp-json\/wp\/v2\/users\/2"}],"replies":[{"embeddable":true,"href":"https:\/\/www.infolocale.fr\/blog\/wp-json\/wp\/v2\/comments?post=6135"}],"version-history":[{"count":0,"href":"https:\/\/www.infolocale.fr\/blog\/wp-json\/wp\/v2\/posts\/6135\/revisions"}],"wp:featuredmedia":[{"embeddable":true,"href":"https:\/\/www.infolocale.fr\/blog\/wp-json\/wp\/v2\/media\/11359"}],"wp:attachment":[{"href":"https:\/\/www.infolocale.fr\/blog\/wp-json\/wp\/v2\/media?parent=6135"}],"wp:term":[{"taxonomy":"category","embeddable":true,"href":"https:\/\/www.infolocale.fr\/blog\/wp-json\/wp\/v2\/categories?post=6135"},{"taxonomy":"post_tag","embeddable":true,"href":"https:\/\/www.infolocale.fr\/blog\/wp-json\/wp\/v2\/tags?post=6135"}],"curies":[{"name":"wp","href":"https:\/\/api.w.org\/{rel}","templated":true}]}}