{"id":5446,"date":"2021-01-20T14:36:28","date_gmt":"2021-01-20T13:36:28","guid":{"rendered":"https:\/\/www.infolocale.fr\/blog\/?p=5446"},"modified":"2021-02-24T14:57:46","modified_gmt":"2021-02-24T13:57:46","slug":"nuits-de-la-lecture","status":"publish","type":"post","link":"https:\/\/www.infolocale.fr\/blog\/nuits-de-la-lecture\/","title":{"rendered":"La 5\u00e8me \u00e9dition des Nuits de la lecture"},"content":{"rendered":"\n<p>Pour c\u00e9l\u00e9brer le plaisir de lire, librairies, m\u00e9diath\u00e8ques, mus\u00e9es, universit\u00e9s, &nbsp;r\u00e9seau des \u00e9tablissements culturels fran\u00e7ais \u00e0 l\u2019\u00e9tranger et partenaires internationaux, avaient pr\u00e9vu des animations autour du&nbsp; th\u00e8me choisi pour l\u2019\u00e9dition 2021&nbsp;: <strong>\u00ab&nbsp;Relire le monde&nbsp;\u00bb.<\/strong> Les mesures sanitaires sont la cause de nombreux reports pour 2022, mais un hommage, essentiellement digital, est maintenu dans certains lieux de lecture.<\/p>\n\n\n\n<figure class=\"wp-block-image size-large is-resized\"><img fetchpriority=\"high\" decoding=\"async\" src=\"https:\/\/www.infolocale.fr\/blog\/wp-content\/uploads\/2021\/01\/nuit-de-la-lecture-2021-affiche.jpg\" alt=\"\" class=\"wp-image-5452\" width=\"576\" height=\"302\" srcset=\"https:\/\/www.infolocale.fr\/blog\/wp-content\/uploads\/2021\/01\/nuit-de-la-lecture-2021-affiche.jpg 500w, https:\/\/www.infolocale.fr\/blog\/wp-content\/uploads\/2021\/01\/nuit-de-la-lecture-2021-affiche-300x157.jpg 300w, https:\/\/www.infolocale.fr\/blog\/wp-content\/uploads\/2021\/01\/nuit-de-la-lecture-2021-affiche-115x60.jpg 115w\" sizes=\"(max-width: 576px) 100vw, 576px\" \/><\/figure>\n\n\n\n<h2 class=\"wp-block-heading\">Un \u00e9v\u00e8nement cr\u00e9\u00e9 en 2017<\/h2>\n\n\n\n<p>Initi\u00e9 par le minist\u00e8re de la Culture, la Nuit de la lecture rencontre un succ\u00e8s populaire depuis 5 ans. En 2020, plus de 650 000 participants de tous les \u00e2ges se sont rassembl\u00e9s autour de &nbsp;6 000 \u00e9v\u00e9nements en France et dans une trentaine de pays.<\/p>\n\n\n\n<h2 class=\"wp-block-heading\">Maintenu dans un contexte sanitaire difficile<\/h2>\n\n\n\n<p>Malgr\u00e9 la pand\u00e9mie, il est apparu n\u00e9cessaire de maintenir ce rendez-vous litt\u00e9raire pour f\u00e9d\u00e9rer tous les acteurs de la cha\u00eene du livre et r\u00e9affirmer la place essentielle du livre et de la lecture dans notre soci\u00e9t\u00e9. Pour l\u2019\u00e9dition de 2021, &nbsp;la manifestation se pluralise et se transforme en \u00ab Nuits de la lecture \u00bb afin de proposer une programmation \u00e9largie sur quatre journ\u00e9es avec un temps fort le samedi 23.<\/p>\n\n\n\n<h2 class=\"wp-block-heading\">Le couvre-feu \u00e0 18 h a eu raison de certains projets<\/h2>\n\n\n\n<p>N\u2019\u00e9tant pas en capacit\u00e9 d\u2019interaction physique et virtuelle, le r\u00e9seau des 50 biblioth\u00e8ques de Caen la mer Normandie communaut\u00e9 urbaine a abandonn\u00e9 son programme avec regret. \u00ab&nbsp;Speedbooking&nbsp;\u00bb avec conseils de lecture, \u00ab&nbsp;Escape Game&nbsp;\u00bb, la conf\u00e9rence d\u2019Isabelle Carr\u00e9 pr\u00e9vue &nbsp;le dimanche 24 janvier, et bien d\u2019autres projets ont \u00e9t\u00e9 annul\u00e9s.<\/p>\n\n\n\n<figure class=\"wp-block-image size-large\"><a href=\"https:\/\/s.infolocale.fr\/?utm_source=blog&amp;utm_medium=banner&amp;utm_campaign=blog-contents\"><img decoding=\"async\" width=\"908\" height=\"196\" src=\"https:\/\/www.infolocale.fr\/blog\/wp-content\/uploads\/2021\/02\/Banniere_evenement.png\" alt=\"\" class=\"wp-image-5949\" srcset=\"https:\/\/www.infolocale.fr\/blog\/wp-content\/uploads\/2021\/02\/Banniere_evenement.png 908w, https:\/\/www.infolocale.fr\/blog\/wp-content\/uploads\/2021\/02\/Banniere_evenement-300x65.png 300w, https:\/\/www.infolocale.fr\/blog\/wp-content\/uploads\/2021\/02\/Banniere_evenement-768x166.png 768w, https:\/\/www.infolocale.fr\/blog\/wp-content\/uploads\/2021\/02\/Banniere_evenement-278x60.png 278w\" sizes=\"(max-width: 908px) 100vw, 908px\" \/><\/a><\/figure>\n\n\n\n<h2 class=\"wp-block-heading\">Des initiatives sont maintenues cependant<\/h2>\n\n\n\n<p>Le public va se r\u00e9unir durant ces quatre jours autour de nombreux \u00e9v\u00e9nements majoritairement num\u00e9riques, mais aussi physiques \u2013dans des conditions tr\u00e8s strictes-&nbsp; autour du th\u00e8me <strong>\u00ab Relire le monde \u00bb.<\/strong> Les voyageurs immobiles du confinement vont pouvoir s\u2019\u00e9vader, d\u00e9couvrir le monde, vivre des aventures, gr\u00e2ce \u00e0 la lecture.<\/p>\n\n\n\n<h2 class=\"wp-block-heading\">En Normandie, la Biblioth\u00e8que universitaire Pierre-Sineux (Caen, Campus I)<\/h2>\n\n\n\n<p>Les projets culturels organis\u00e9s dans le cadre des Nuits de la lecture ont \u00e9t\u00e9 confi\u00e9s \u00e0 deux \u00e9tudiants en deuxi\u00e8me ann\u00e9e de Master 2 histoire et patrimoine de l\u2019Universit\u00e9 de Caen Normandie. Ce cursus &nbsp;inclus un stage de trois mois durant le premier semestre. Nous savons les difficult\u00e9s pour les \u00e9tudiants de trouver des stages en ces p\u00e9riodes de confinements successifs. Pour ne pas l\u00e9ser les \u00e9tudiants impliqu\u00e9s cette ann\u00e9e, le p\u00f4le culture de l\u2019Universit\u00e9 de Caen s\u2019est attach\u00e9 \u00e0 tout mettre en \u0153uvre pour maintenir les deux stages d\u2019Ana\u00efs et Thibault, en pr\u00e9sentiel (les BU continuent d\u2019accueillir sur rendez-vous et en demi-jauge les \u00e9tudiants qui le souhaitent). Tous les deux ont pu valoriser leurs acquis au travers de ce projet concret, articul\u00e9 autour de l&rsquo;exploitation des collections de la biblioth\u00e8que sous la forme d&rsquo;une exposition -accessible aux usagers qui viennent travailler \u00e0 la biblioth\u00e8que-, de lectures th\u00e9\u00e2tralis\u00e9es \u2013capt\u00e9es sans public- &nbsp;et l\u2019organisation d\u2019une soir\u00e9e, consacr\u00e9e \u00e0&nbsp; W. MORRIS et &nbsp;J.R.R. TOLKIEN avec la diffusion d\u2019un documentaire, prolong\u00e9e par un d\u00e9bat avec des universitaires.<\/p>\n\n\n\n<figure class=\"wp-block-image size-large\"><img decoding=\"async\" width=\"500\" height=\"707\" src=\"https:\/\/www.infolocale.fr\/blog\/wp-content\/uploads\/2021\/01\/affiche-caen-nuit-de-la-lecture-1.jpg\" alt=\"\" class=\"wp-image-5467\" srcset=\"https:\/\/www.infolocale.fr\/blog\/wp-content\/uploads\/2021\/01\/affiche-caen-nuit-de-la-lecture-1.jpg 500w, https:\/\/www.infolocale.fr\/blog\/wp-content\/uploads\/2021\/01\/affiche-caen-nuit-de-la-lecture-1-212x300.jpg 212w, https:\/\/www.infolocale.fr\/blog\/wp-content\/uploads\/2021\/01\/affiche-caen-nuit-de-la-lecture-1-42x60.jpg 42w\" sizes=\"(max-width: 500px) 100vw, 500px\" \/><\/figure>\n\n\n\n<h2 class=\"wp-block-heading\"><em>\u00ab La vie est courte, l\u2019art est \u00e9ternel \u00bb<\/em><\/h2>\n\n\n\n<p>Dans la Biblioth\u00e8que universitaire, l\u2019exposition consacr\u00e9e<strong> \u00e0 William Morris (1834-1896) <\/strong>intitul\u00e9e \u00ab <em>La vie est courte, l\u2019art est \u00e9ternel \u00bb<\/em> &nbsp;&nbsp;propose une immersion dans son univers,&nbsp; son r\u00f4le dans l&rsquo;\u00e9mergence du courant litt\u00e9raire <em>Fantasy<\/em>. Artiste et \u00e9crivain anglais de l&rsquo;\u00e9poque victorienne, William Morris est le fondateur du mouvement &nbsp;<em>Arts &amp; Crafts<\/em>, qui a r\u00e9volutionn\u00e9 les arts \u00e0 partir de la deuxi\u00e8me moiti\u00e9 du XIXe si\u00e8cle en Angleterre.<\/p>\n\n\n\n<figure class=\"wp-block-image size-large\"><img loading=\"lazy\" decoding=\"async\" width=\"600\" height=\"450\" src=\"https:\/\/www.infolocale.fr\/blog\/wp-content\/uploads\/2021\/01\/nuit-de-la-lecture-a-Caen.jpg\" alt=\"\" class=\"wp-image-5454\" srcset=\"https:\/\/www.infolocale.fr\/blog\/wp-content\/uploads\/2021\/01\/nuit-de-la-lecture-a-Caen.jpg 600w, https:\/\/www.infolocale.fr\/blog\/wp-content\/uploads\/2021\/01\/nuit-de-la-lecture-a-Caen-300x225.jpg 300w, https:\/\/www.infolocale.fr\/blog\/wp-content\/uploads\/2021\/01\/nuit-de-la-lecture-a-Caen-80x60.jpg 80w\" sizes=\"(max-width: 600px) 100vw, 600px\" \/><\/figure>\n\n\n\n<p>D\u00e9cor de lectures th\u00e9\u00e2tralis\u00e9es&nbsp; &#8211; \u00a9 Universit\u00e9 de Caen Normandie<\/p>\n\n\n\n<p><strong>Tout au long de la semaine du 18 au 24 janvier 2021<\/strong> en parall\u00e8le \u00e0 cette exposition, des &nbsp;lectures th\u00e9\u00e2tralis\u00e9es, extraites d&rsquo;\u0153uvres de William Morris, seront mises en sc\u00e8ne dans la Salle des Arts du spectacle&nbsp; de la biblioth\u00e8que et diffus\u00e9es via Youtube <a href=\"https:\/\/www.youtube.com\/playlist?list=PLONiBw8EXbDZCPBMURiwhIPqCvglqbEF3\">https:\/\/www.youtube.com\/playlist?list=PLONiBw8EXbDZCPBMURiwhIPqCvglqbEF3<\/a><\/p>\n\n\n\n<figure class=\"wp-block-image size-large\"><img loading=\"lazy\" decoding=\"async\" width=\"346\" height=\"398\" src=\"https:\/\/www.infolocale.fr\/blog\/wp-content\/uploads\/2021\/01\/nuit-de-la-lecture-en-normandie.jpg\" alt=\"\" class=\"wp-image-5455\" srcset=\"https:\/\/www.infolocale.fr\/blog\/wp-content\/uploads\/2021\/01\/nuit-de-la-lecture-en-normandie.jpg 346w, https:\/\/www.infolocale.fr\/blog\/wp-content\/uploads\/2021\/01\/nuit-de-la-lecture-en-normandie-261x300.jpg 261w, https:\/\/www.infolocale.fr\/blog\/wp-content\/uploads\/2021\/01\/nuit-de-la-lecture-en-normandie-52x60.jpg 52w\" sizes=\"(max-width: 346px) 100vw, 346px\" \/><figcaption><strong>\u00a9 Universit\u00e9 de Caen Normandie<\/strong><\/figcaption><\/figure>\n\n\n\n<p><strong>Le mercredi 20 janvier<\/strong>, soir\u00e9e W. MORRIS \u2013 J.R.R. TOLKIEN, avec la diffusion d\u2019un documentaire, consacr\u00e9 \u00e0 J.R.R. Tolkien&nbsp; le \u00ab&nbsp;<em>Seigneur des \u00e9crivains<\/em>&nbsp;\u00bb, suivi d\u2019un d\u2019\u00e9change avec des universitaires.<\/p>\n\n\n\n<p>Mise en valeur de quelques ouvrages conserv\u00e9s dans la r\u00e9serve de la Biblioth\u00e8que. A d\u00e9couvrir d\u00e8s <strong>le&nbsp; Jeudi 21 Janvier 2021. <\/strong>Ces visites sont soumises aux conditions sanitaires, \u00e9volutives. Il est pr\u00e9f\u00e9rable d&rsquo;interroger la biblioth\u00e8que universitaire au pr\u00e9alable. <a href=\"mailto:bibliotheque@unicaen.fr\"><strong>bibliotheque@unicaen.fr<\/strong><\/a><\/p>\n\n\n\n<p>La programmation d\u00e9taill\u00e9e est \u00e0 retrouver sur ce lien :<\/p>\n\n\n\n<p><a href=\"http:\/\/culture.unicaen.fr\/exposition\/nuit-de-la-lecture-1053496.kjsp?RH=1425397583654\">http:\/\/culture.unicaen.fr\/exposition\/nuit-de-la-lecture-1053496.kjsp?RH=1425397583654<\/a><\/p>\n\n\n\n<h2 class=\"wp-block-heading\">Quatre jours d\u2019animations aussi \u00e0 la M\u00e9diath\u00e8que de Sainte-Luce-sur-Loire<\/h2>\n\n\n\n<p><strong>D\u00e8s le jeudi 21 janvier 2021<\/strong>, La <a href=\"https:\/\/www.infolocale.fr\/organismes\/marie-helene-prouteau-270817\/evenement-sainte-luce-sur-loire-litterature-nuits-de-la-lecture-7148465\">m\u00e9diath\u00e8que de Sainte-Luce-sur-Loire<\/a> (Loire-Atlantique), propose des animations en ligne d\u2019abord avec un marathon de lecture&nbsp;: des animations autour de la relecture des medias d\u2019information&nbsp;en lien avec&nbsp; L\u2019exposition de la Biblioth\u00e8que Nationale de France (BNF), consacr\u00e9e \u00e0 l\u2019Histoire des fausses nouvelles, les fameuses \u00ab&nbsp;<em>Fake News<\/em>&nbsp;\u00bb.&nbsp; Un quizz animera ces interrogations relatives \u00e0 l\u2019info, l\u2019intox ou <em>Fake News<\/em>&nbsp;?<\/p>\n\n\n\n<p><strong>Le vendredi 22 janvier<\/strong>, sur le site de la m\u00e9diath\u00e8que mise en avant de la litt\u00e9rature de voyage pour adultes afin d\u2019illustrer le th\u00e8me retenu pour l\u2019\u00e9dition 2021 des <em>Nuits de la lecture<\/em> <strong>\u00ab&nbsp;Relire le monde<\/strong>&nbsp;\u00bb. Diffusion d\u2019animations digitales, d\u2019 interviews d\u2019auteurs, ainsi que d\u2019une relecture de l\u2019actualit\u00e9 litt\u00e9raire avec les coups de c\u0153ur de 2020. Quizz litt\u00e9raire. A la m\u00e9diath\u00e8que, exposition sur les tables th\u00e9matiques d\u2019ouvrages, musicaux et cin\u00e9matographiques aussi,&nbsp; consacr\u00e9s au voyage, pour \u00ab&nbsp;<strong>r\u00e9\u00e9couter<\/strong> <strong>le monde<\/strong>&nbsp;\u00bb.<\/p>\n\n\n\n<p><strong>Samedi 23 janvier<\/strong>, place \u00e0 la jeunesse&nbsp;: lecture d\u2019albums jeunesse qui interrogent le monde. Ces animations seront diffus\u00e9es en journ\u00e9e et en d\u00e9but de soir\u00e9e sur Facebook, Instagram et le site de la M\u00e9diath\u00e8que. A la m\u00e9diath\u00e8que, s\u00e9lection d\u2019adaptations cin\u00e9matographiques, romans, BD.<\/p>\n\n\n\n<p><strong>Dimanche 24 janvier, ludoth\u00e8que&nbsp;: animations digitales. <\/strong>Titres de jeux \u00e0 retrouver \u00e0 l\u2019aide d\u2019indices, de devinettes, de r\u00e9bus, etc. Cadeaux \u00e0 gagner&nbsp;!<\/p>\n\n\n\n<h2 class=\"wp-block-heading\">Des Nuits de la lecture<strong> essentiellement digitales<\/strong><\/h2>\n\n\n\n<p>Le protocole mis en place \u00e0 la r\u00e9ouverture apr\u00e8s le confinement permet un peu d\u2019animations au sein de la m\u00e9diath\u00e8que sous r\u00e9serve que : 25 personnes maximum \u00e9voluent au sein de &nbsp;la structure pour une pr\u00e9sence&nbsp; limit\u00e9e \u00e0 15 minutes, apr\u00e8s un passage des mains au gel hydroalcoolique obligatoire. Un sens de circulation \u00e0 respecter<strong>. \u00ab&nbsp;Le pr\u00e9sentiel consistera uniquement en tables th\u00e9matiques dispos\u00e9es dans nos espaces. Une mani\u00e8re in\u00e9dite de c\u00e9l\u00e9brer <em>Les Nuits de la Lecture<\/em> sous format, essentiellement digital. Mais la responsable du p\u00f4le adulte de la m\u00e9diath\u00e8que de Sainte-Luce-sur-Loire, avec son \u00e9quipe, souhaite toucher tous leurs lectrices et lecteurs, qu\u2019ils seront curieux de d\u00e9couvrir cette formule !&nbsp;\u00bb<\/strong><\/p>\n\n\n\n<p>Ces tables th\u00e9matiques, en libre-service, reprendront le th\u00e8me g\u00e9n\u00e9ral \u00ab <strong>Relire le monde<\/strong> \u00bb. &nbsp;Chaque table pr\u00e9sentera un des th\u00e8mes de la programmation&nbsp;et proposera des ouvrages en corr\u00e9lation.<\/p>\n\n\n\n<figure class=\"wp-block-image size-large\"><img loading=\"lazy\" decoding=\"async\" width=\"603\" height=\"450\" src=\"https:\/\/www.infolocale.fr\/blog\/wp-content\/uploads\/2021\/01\/nuit-de-la-lecture.jpg\" alt=\"\" class=\"wp-image-5456\" srcset=\"https:\/\/www.infolocale.fr\/blog\/wp-content\/uploads\/2021\/01\/nuit-de-la-lecture.jpg 603w, https:\/\/www.infolocale.fr\/blog\/wp-content\/uploads\/2021\/01\/nuit-de-la-lecture-300x224.jpg 300w, https:\/\/www.infolocale.fr\/blog\/wp-content\/uploads\/2021\/01\/nuit-de-la-lecture-80x60.jpg 80w\" sizes=\"(max-width: 603px) 100vw, 603px\" \/><\/figure>\n\n\n\n<p><em>Sandrine SIMON-DELANGLE, Responsable du p\u00f4le adulte &#8211; M\u00e9diath\u00e8que Ludoth\u00e8que<\/em><\/p>\n\n\n\n<p><a href=\"http:\/\/mediatheque.sainte-luce-loire.com\/\">http:\/\/mediatheque.sainte-luce-loire.com\/<\/a><\/p>\n\n\n\n<figure class=\"wp-block-image size-large\"><img loading=\"lazy\" decoding=\"async\" width=\"747\" height=\"457\" src=\"https:\/\/www.infolocale.fr\/blog\/wp-content\/uploads\/2021\/01\/la-nuit-de-la-lecture.jpg\" alt=\"\" class=\"wp-image-5457\" srcset=\"https:\/\/www.infolocale.fr\/blog\/wp-content\/uploads\/2021\/01\/la-nuit-de-la-lecture.jpg 747w, https:\/\/www.infolocale.fr\/blog\/wp-content\/uploads\/2021\/01\/la-nuit-de-la-lecture-300x184.jpg 300w, https:\/\/www.infolocale.fr\/blog\/wp-content\/uploads\/2021\/01\/la-nuit-de-la-lecture-98x60.jpg 98w\" sizes=\"(max-width: 747px) 100vw, 747px\" \/><\/figure>\n\n\n\n<p><strong>Vendredi 22 janvier 2021, de 18 h \u00e0 23 h, avec l\u2019Universit\u00e9 Rennes 2, f\u00eatez le plaisir de lire avec le metteur en sc\u00e8ne, Martin Poirot qui interroge l\u2019essence de la cr\u00e9ation au travail. <\/strong>Depuis la rentr\u00e9e de septembre 2020, Martin Poirot m\u00e8ne un atelier de lecture \u00e0 voix haute avec un groupe d\u2019\u00e9tudiants sur le th\u00e8me de \u00ab <strong>l\u2019artiste au travail<\/strong> \u00bb.<\/p>\n\n\n\n<h2 class=\"wp-block-heading\">S\u2019adapter aux conditions sanitaires<\/h2>\n\n\n\n<p>Des lectures th\u00e9\u00e2tralis\u00e9es, accompagn\u00e9es d\u2019une mise en espace, sont programm\u00e9es dans les \u00ab&nbsp;<em>conditions particuli\u00e8res de cette <\/em>Nuit de la lecture<em> qui se fera en stream (partage de video) sur Twitch. Ces lectures sont pens\u00e9es pour le stream et pas pour un plateau de th\u00e9\u00e2tre<\/em>&nbsp;\u00bb pr\u00e9cise Martin Poirot qui \u00ab&nbsp;<em>utilise ces outils techniques : les micros ou les cam\u00e9ras comme un atout, un appui pour la cr\u00e9ation.&nbsp;\u00bb <\/em>et pr\u00e9cise&nbsp; \u00ab&nbsp;<em>Avant d\u2019attaquer le travail, je ferai en sorte d\u2019\u00e9chauffer les corps et la voix pour m\u00e9nager les participants afin que ceux-ci puissent tenir sur la longueur de la lecture.&nbsp;<\/em>\u00bb&nbsp; Une Table-ronde avec des chercheur.e.s et sp\u00e9cialistes du statut des artistes, anim\u00e9e par St\u00e9phanie Le Cam, directrice de l\u2019ISSTO (Institut des sciences sociales du travail de l&rsquo;Ouest) permettra ensuite d\u2019aborder le statut des artistes auteurs, notamment en lien avec le contexte actuel de crise sanitaire, qui fragilise encore davantage un statut d\u00e9j\u00e0 pr\u00e9caire.<\/p>\n\n\n\n<p>L\u2019\u00e9mission live \u00ab&nbsp;L\u2019inattendue (Radio C-Lab) consacrera un focus \u00e0 ce th\u00e8me des Nuits de la lecture&nbsp;; des coups de c\u0153ur de lecture des biblioth\u00e8ques de l\u2019Universit\u00e9 Rennes 2 seront d\u00e9couverts.<\/p>\n\n\n\n<p>Rendez-vous sur la plateforme Twitch <a href=\"https:\/\/www.twitch.tv\/radioclab\">https:\/\/www.twitch.tv\/radioclab<\/a><\/p>\n\n\n\n<p><a href=\"https:\/\/www.univ-rennes2.fr\/article\/loccasion-nuit-lecture-martin-poirot-interroge-lessence-creation\">https:\/\/www.univ-rennes2.fr\/article\/loccasion-nuit-lecture-martin-poirot-interroge-lessence-creation<\/a><\/p>\n\n\n\n<figure class=\"wp-block-image size-large\"><img loading=\"lazy\" decoding=\"async\" width=\"598\" height=\"805\" src=\"https:\/\/www.infolocale.fr\/blog\/wp-content\/uploads\/2021\/01\/nuit-de-la-lecture-a-Rennes.jpg\" alt=\"\" class=\"wp-image-5458\" srcset=\"https:\/\/www.infolocale.fr\/blog\/wp-content\/uploads\/2021\/01\/nuit-de-la-lecture-a-Rennes.jpg 598w, https:\/\/www.infolocale.fr\/blog\/wp-content\/uploads\/2021\/01\/nuit-de-la-lecture-a-Rennes-223x300.jpg 223w, https:\/\/www.infolocale.fr\/blog\/wp-content\/uploads\/2021\/01\/nuit-de-la-lecture-a-Rennes-45x60.jpg 45w\" sizes=\"(max-width: 598px) 100vw, 598px\" \/><\/figure>\n\n\n\n<p>Le Tambour<em>, salle de spectacle situ\u00e9e sur le campus de l\u2019Universit\u00e9, &nbsp;dispose d&rsquo;une capacit\u00e9 de 297 place<\/em>s. \u00a9 Universit\u00e9 Rennes 2<\/p>\n\n\n\n<p><strong>A Lannion<\/strong> (C\u00f4tes d\u2019Armor),&nbsp; les administr\u00e9s sont aussi invit\u00e9s \u00e0 embarquer dans l\u2019aventure des <strong>Nuits de la lecture<\/strong>.<\/p>\n\n\n\n<p><strong>\u00ab&nbsp;Puisque relire le monde, c\u2019est aussi et surtout le \u00ab relier \u00bb, le r\u00eaver, le parcourir, le r\u00e9inventer pour le partager, la M\u00e9diath\u00e8que Alain Gouriou et le service action culturelle de la Ville de Lannion invitent au vagabondage \u2013 depuis chez soi \u2013 au rythme de lectures enregistr\u00e9es pour l\u2019occasion !\u00bb<\/strong>Rendez-vous samedi 23 janvier, sur le site de la ville de Lannion, pour d\u00e9couvrir des histoires, des contes et autres fantaisies litt\u00e9raires, lues par des lectrices et lecteurs volontaires et relay\u00e9es sur les r\u00e9seaux sociaux, notamment la page Facebook \u00ab&nbsp;<em>Vie culturelle \u00e0 Lannion<\/em>&nbsp;\u00bb.<\/p>\n\n\n\n<h2 class=\"wp-block-heading\">Poursuivre l\u2019aventure avec le jeu \u00ab&nbsp;Tu lis, j\u2019imagine&nbsp;\u00bb<\/h2>\n\n\n\n<p>Les lectures peuvent laisser la part belle \u00e0 la cr\u00e9ativit\u00e9. Touch\u00e9e, l\u2019imagination des auditeurs peut produire &nbsp;une \u0153uvre plastique inspir\u00e9e d\u2019une des lectures&nbsp;: dessin, une illustration, d\u2019un collage, cr\u00e9\u00e9s suite \u00e0 l\u2019\u00e9coute de ces lectures. Ces oeuvres peuvent \u00eatre adress\u00e9es \u00e0 la M\u00e9diath\u00e8que avant le 2 f\u00e9vrier 2021.<\/p>\n\n\n\n<h2 class=\"wp-block-heading\">Un livre, une voix, un dessin<\/h2>\n\n\n\n<p>Rassembl\u00e9es ensuite dans un album \u00e0 feuilleter sur Facebook d\u00e9but f\u00e9vrier, les dix \u0153uvres plastiques qui recevront le&nbsp; plus de <em>J\u2019aime\/Like<\/em> permettront \u00e0 leurs cr\u00e9atrices et cr\u00e9ateurs d\u2019\u00eatre r\u00e9compens\u00e9s avec un <em>ch\u00e8que lire<\/em>.<\/p>\n\n\n\n<h2 class=\"wp-block-heading\">Magie de la lecture<\/h2>\n\n\n\n<p>La magie de la lecture, de la cr\u00e9ation, les lecteurs\/cr\u00e9ateurs d\u2019une \u0153uvre plastique transformeront les mots lus en formes et mati\u00e8res. Ils participeront ainsi \u00e0 la cr\u00e9ation d\u2019\u0153uvres collectives, m\u00eame \u00e0 distance ! Au-del\u00e0 des barri\u00e8res sanitaires\u2026<\/p>\n\n\n\n<p>&nbsp;Les Nuits de la Lecture vont r\u00e9sonner dans le monde&nbsp;: en Polyn\u00e9sie, de la Maison de la culture de Tahiti&nbsp;; &nbsp;A Tokyo, la quatri\u00e8me &nbsp;4e \u00e9dition se d\u00e9roulera en ligne aussi, ce samedi 23 janvier \u00e0 l\u2019initiative de l\u2019Institut fran\u00e7ais du Japon \u2013 Tokyo, entre autres.<\/p>\n\n\n\n<p>Covid-19 oblige, ce rendez-vous des Nuits de la lecture 2021 se d\u00e9roule principalement \u00e0 distance, mais le plaisir de lire aura quand m\u00eame \u00e9t\u00e9 f\u00eat\u00e9&nbsp;!&nbsp; En ces temps immobiles,&nbsp; l\u2019invitation lanc\u00e9e par Victor Hugo prend encore plus de sens&nbsp; <strong>\u00ab&nbsp;<em>Lire, c&rsquo;est voyager ; voyager, c&rsquo;est lire.<\/em>&nbsp;\u00bb<\/strong><\/p>\n\n\n\n<h2 class=\"wp-block-heading\">Retrouvez tous les \u00e9v\u00e9nements de la Nuit de la lecture sur Infolocale<\/h2>\n\n\n\n<p>Vous organisez des \u00e9v\u00e9nements en ligne dans le cadre de la nuit de la lecture ? Pensez \u00e0 les enregistrer sur <a href=\"https:\/\/s.infolocale.fr\/?providerId=infolocale&amp;token=8I1kzNwHHeMah3c1oB\/sRhn69N3GTb+COi6ZE\/ZlrEs=\">Infolocale<\/a>. <\/p>\n\n\n\n<p>Par ailleurs, retrouvez l&rsquo;int\u00e9gralit\u00e9 des \u00e9v\u00e9nements organis\u00e9s sur notre site d\u00e9di\u00e9 \u00e0 <a href=\"https:\/\/www.infolocale.fr\/evenements?q=nuit%20de%20la%20lecture\">La Nuit de la lecture<\/a>. <\/p>\n\n\n\n<figure class=\"wp-block-image size-large\"><a href=\"https:\/\/s.infolocale.fr\/?utm_source=blog&amp;utm_medium=banner&amp;utm_campaign=blog-contents\"><img loading=\"lazy\" decoding=\"async\" width=\"1024\" height=\"243\" src=\"https:\/\/www.infolocale.fr\/blog\/wp-content\/uploads\/2021\/02\/Association_bleu-1024x243.png\" alt=\"\" class=\"wp-image-5938\" srcset=\"https:\/\/www.infolocale.fr\/blog\/wp-content\/uploads\/2021\/02\/Association_bleu-1024x243.png 1024w, https:\/\/www.infolocale.fr\/blog\/wp-content\/uploads\/2021\/02\/Association_bleu-300x71.png 300w, https:\/\/www.infolocale.fr\/blog\/wp-content\/uploads\/2021\/02\/Association_bleu-768x182.png 768w, https:\/\/www.infolocale.fr\/blog\/wp-content\/uploads\/2021\/02\/Association_bleu-253x60.png 253w, https:\/\/www.infolocale.fr\/blog\/wp-content\/uploads\/2021\/02\/Association_bleu.png 1166w\" sizes=\"(max-width: 1024px) 100vw, 1024px\" \/><\/a><\/figure>\n\n\n\n<p><\/p>\n","protected":false},"excerpt":{"rendered":"<p>Pour c\u00e9l\u00e9brer le plaisir de lire, librairies, m\u00e9diath\u00e8ques, mus\u00e9es, universit\u00e9s, &nbsp;r\u00e9seau des \u00e9tablissements culturels fran\u00e7ais \u00e0 l\u2019\u00e9tranger et partenaires internationaux, avaient pr\u00e9vu des animations autour [&hellip;]<\/p>\n","protected":false},"author":8,"featured_media":5456,"comment_status":"open","ping_status":"open","sticky":false,"template":"","format":"standard","meta":{"_coblocks_attr":"","_coblocks_dimensions":"","_coblocks_responsive_height":"","_coblocks_accordion_ie_support":"","_mo_disable_npp":"","footnotes":""},"categories":[6],"tags":[],"class_list":["post-5446","post","type-post","status-publish","format-standard","has-post-thumbnail","hentry","category-actu-acteurs-locaux"],"yoast_head":"<!-- This site is optimized with the Yoast SEO plugin v23.2 - https:\/\/yoast.com\/wordpress\/plugins\/seo\/ -->\n<title>La 5\u00e8me \u00e9dition des Nuits de la lecture |<\/title>\n<meta name=\"robots\" content=\"index, follow, max-snippet:-1, max-image-preview:large, max-video-preview:-1\" \/>\n<link rel=\"canonical\" href=\"https:\/\/infolocale.ouest-france.fr\/blog\/nuits-de-la-lecture\/\" \/>\n<meta property=\"og:locale\" content=\"fr_FR\" \/>\n<meta property=\"og:type\" content=\"article\" \/>\n<meta property=\"og:title\" content=\"La 5\u00e8me \u00e9dition des Nuits de la lecture |\" \/>\n<meta property=\"og:description\" content=\"Pour c\u00e9l\u00e9brer le plaisir de lire, librairies, m\u00e9diath\u00e8ques, mus\u00e9es, universit\u00e9s, &nbsp;r\u00e9seau des \u00e9tablissements culturels fran\u00e7ais \u00e0 l\u2019\u00e9tranger et partenaires internationaux, avaient pr\u00e9vu des animations autour [&hellip;]\" \/>\n<meta property=\"og:url\" content=\"https:\/\/infolocale.ouest-france.fr\/blog\/nuits-de-la-lecture\/\" \/>\n<meta property=\"article:publisher\" content=\"https:\/\/www.facebook.com\/infolocaleFR\/\" \/>\n<meta property=\"article:published_time\" content=\"2021-01-20T13:36:28+00:00\" \/>\n<meta property=\"article:modified_time\" content=\"2021-02-24T13:57:46+00:00\" \/>\n<meta property=\"og:image\" content=\"https:\/\/infolocale.ouest-france.fr\/blog\/wp-content\/uploads\/2021\/01\/nuit-de-la-lecture.jpg\" \/>\n\t<meta property=\"og:image:width\" content=\"603\" \/>\n\t<meta property=\"og:image:height\" content=\"450\" \/>\n\t<meta property=\"og:image:type\" content=\"image\/jpeg\" \/>\n<meta name=\"author\" content=\"Myl\u00e8ne\" \/>\n<meta name=\"twitter:card\" content=\"summary_large_image\" \/>\n<meta name=\"twitter:creator\" content=\"@infolocale\" \/>\n<meta name=\"twitter:site\" content=\"@infolocale\" \/>\n<meta name=\"twitter:label1\" content=\"\u00c9crit par\" \/>\n\t<meta name=\"twitter:data1\" content=\"Myl\u00e8ne\" \/>\n\t<meta name=\"twitter:label2\" content=\"Dur\u00e9e de lecture estim\u00e9e\" \/>\n\t<meta name=\"twitter:data2\" content=\"10 minutes\" \/>\n<script type=\"application\/ld+json\" class=\"yoast-schema-graph\">{\"@context\":\"https:\/\/schema.org\",\"@graph\":[{\"@type\":\"Article\",\"@id\":\"https:\/\/infolocale.ouest-france.fr\/blog\/nuits-de-la-lecture\/#article\",\"isPartOf\":{\"@id\":\"https:\/\/infolocale.ouest-france.fr\/blog\/nuits-de-la-lecture\/\"},\"author\":{\"name\":\"Myl\u00e8ne\",\"@id\":\"https:\/\/www.infolocale.fr\/blog\/#\/schema\/person\/bf2dc50c6636ffa2ce3e44ef1f9eb97f\"},\"headline\":\"La 5\u00e8me \u00e9dition des Nuits de la lecture\",\"datePublished\":\"2021-01-20T13:36:28+00:00\",\"dateModified\":\"2021-02-24T13:57:46+00:00\",\"mainEntityOfPage\":{\"@id\":\"https:\/\/infolocale.ouest-france.fr\/blog\/nuits-de-la-lecture\/\"},\"wordCount\":2048,\"commentCount\":0,\"publisher\":{\"@id\":\"https:\/\/www.infolocale.fr\/blog\/#organization\"},\"image\":{\"@id\":\"https:\/\/infolocale.ouest-france.fr\/blog\/nuits-de-la-lecture\/#primaryimage\"},\"thumbnailUrl\":\"https:\/\/www.infolocale.fr\/blog\/wp-content\/uploads\/2021\/01\/nuit-de-la-lecture.jpg\",\"articleSection\":[\"En ce moment\"],\"inLanguage\":\"fr-FR\",\"potentialAction\":[{\"@type\":\"CommentAction\",\"name\":\"Comment\",\"target\":[\"https:\/\/infolocale.ouest-france.fr\/blog\/nuits-de-la-lecture\/#respond\"]}]},{\"@type\":\"WebPage\",\"@id\":\"https:\/\/infolocale.ouest-france.fr\/blog\/nuits-de-la-lecture\/\",\"url\":\"https:\/\/infolocale.ouest-france.fr\/blog\/nuits-de-la-lecture\/\",\"name\":\"La 5\u00e8me \u00e9dition des Nuits de la lecture |\",\"isPartOf\":{\"@id\":\"https:\/\/www.infolocale.fr\/blog\/#website\"},\"primaryImageOfPage\":{\"@id\":\"https:\/\/infolocale.ouest-france.fr\/blog\/nuits-de-la-lecture\/#primaryimage\"},\"image\":{\"@id\":\"https:\/\/infolocale.ouest-france.fr\/blog\/nuits-de-la-lecture\/#primaryimage\"},\"thumbnailUrl\":\"https:\/\/www.infolocale.fr\/blog\/wp-content\/uploads\/2021\/01\/nuit-de-la-lecture.jpg\",\"datePublished\":\"2021-01-20T13:36:28+00:00\",\"dateModified\":\"2021-02-24T13:57:46+00:00\",\"breadcrumb\":{\"@id\":\"https:\/\/infolocale.ouest-france.fr\/blog\/nuits-de-la-lecture\/#breadcrumb\"},\"inLanguage\":\"fr-FR\",\"potentialAction\":[{\"@type\":\"ReadAction\",\"target\":[\"https:\/\/infolocale.ouest-france.fr\/blog\/nuits-de-la-lecture\/\"]}]},{\"@type\":\"ImageObject\",\"inLanguage\":\"fr-FR\",\"@id\":\"https:\/\/infolocale.ouest-france.fr\/blog\/nuits-de-la-lecture\/#primaryimage\",\"url\":\"https:\/\/www.infolocale.fr\/blog\/wp-content\/uploads\/2021\/01\/nuit-de-la-lecture.jpg\",\"contentUrl\":\"https:\/\/www.infolocale.fr\/blog\/wp-content\/uploads\/2021\/01\/nuit-de-la-lecture.jpg\",\"width\":603,\"height\":450},{\"@type\":\"BreadcrumbList\",\"@id\":\"https:\/\/infolocale.ouest-france.fr\/blog\/nuits-de-la-lecture\/#breadcrumb\",\"itemListElement\":[{\"@type\":\"ListItem\",\"position\":1,\"name\":\"Blog\",\"item\":\"https:\/\/infolocale.ouest-france.fr\/blog\/\"},{\"@type\":\"ListItem\",\"position\":2,\"name\":\"En ce moment\",\"item\":\"https:\/\/infolocale.20minutes.fr\/blog\/cat\/actu-acteurs-locaux\/\"},{\"@type\":\"ListItem\",\"position\":3,\"name\":\"La 5\u00e8me \u00e9dition des Nuits de la lecture\"}]},{\"@type\":\"WebSite\",\"@id\":\"https:\/\/www.infolocale.fr\/blog\/#website\",\"url\":\"https:\/\/www.infolocale.fr\/blog\/\",\"name\":\"\",\"description\":\"\",\"publisher\":{\"@id\":\"https:\/\/www.infolocale.fr\/blog\/#organization\"},\"potentialAction\":[{\"@type\":\"SearchAction\",\"target\":{\"@type\":\"EntryPoint\",\"urlTemplate\":\"https:\/\/www.infolocale.fr\/blog\/?s={search_term_string}\"},\"query-input\":\"required name=search_term_string\"}],\"inLanguage\":\"fr-FR\"},{\"@type\":\"Organization\",\"@id\":\"https:\/\/www.infolocale.fr\/blog\/#organization\",\"name\":\"Infolocale\",\"url\":\"https:\/\/www.infolocale.fr\/blog\/\",\"logo\":{\"@type\":\"ImageObject\",\"inLanguage\":\"fr-FR\",\"@id\":\"https:\/\/www.infolocale.fr\/blog\/#\/schema\/logo\/image\/\",\"url\":\"https:\/\/www.infolocale.fr\/blog\/wp-content\/uploads\/2020\/11\/logol.jpg\",\"contentUrl\":\"https:\/\/www.infolocale.fr\/blog\/wp-content\/uploads\/2020\/11\/logol.jpg\",\"width\":1031,\"height\":398,\"caption\":\"Infolocale\"},\"image\":{\"@id\":\"https:\/\/www.infolocale.fr\/blog\/#\/schema\/logo\/image\/\"},\"sameAs\":[\"https:\/\/www.facebook.com\/infolocaleFR\/\",\"https:\/\/x.com\/infolocale\",\"https:\/\/www.instagram.com\/infolocale\/\",\"https:\/\/fr.linkedin.com\/company\/infolocale\",\"https:\/\/www.youtube.com\/channel\/UCnv4FA8EYEuu_si3TGr7xeA\"]},{\"@type\":\"Person\",\"@id\":\"https:\/\/www.infolocale.fr\/blog\/#\/schema\/person\/bf2dc50c6636ffa2ce3e44ef1f9eb97f\",\"name\":\"Myl\u00e8ne\",\"image\":{\"@type\":\"ImageObject\",\"inLanguage\":\"fr-FR\",\"@id\":\"https:\/\/www.infolocale.fr\/blog\/#\/schema\/person\/image\/\",\"url\":\"https:\/\/secure.gravatar.com\/avatar\/49511f0ea4b41ed3062b218e30f07042?s=96&d=mm&r=g\",\"contentUrl\":\"https:\/\/secure.gravatar.com\/avatar\/49511f0ea4b41ed3062b218e30f07042?s=96&d=mm&r=g\",\"caption\":\"Myl\u00e8ne\"},\"url\":\"https:\/\/www.infolocale.fr\/blog\/author\/mylene-michel\/\"}]}<\/script>\n<!-- \/ Yoast SEO plugin. -->","yoast_head_json":{"title":"La 5\u00e8me \u00e9dition des Nuits de la lecture |","robots":{"index":"index","follow":"follow","max-snippet":"max-snippet:-1","max-image-preview":"max-image-preview:large","max-video-preview":"max-video-preview:-1"},"canonical":"https:\/\/infolocale.ouest-france.fr\/blog\/nuits-de-la-lecture\/","og_locale":"fr_FR","og_type":"article","og_title":"La 5\u00e8me \u00e9dition des Nuits de la lecture |","og_description":"Pour c\u00e9l\u00e9brer le plaisir de lire, librairies, m\u00e9diath\u00e8ques, mus\u00e9es, universit\u00e9s, &nbsp;r\u00e9seau des \u00e9tablissements culturels fran\u00e7ais \u00e0 l\u2019\u00e9tranger et partenaires internationaux, avaient pr\u00e9vu des animations autour [&hellip;]","og_url":"https:\/\/infolocale.ouest-france.fr\/blog\/nuits-de-la-lecture\/","article_publisher":"https:\/\/www.facebook.com\/infolocaleFR\/","article_published_time":"2021-01-20T13:36:28+00:00","article_modified_time":"2021-02-24T13:57:46+00:00","og_image":[{"width":603,"height":450,"url":"https:\/\/infolocale.ouest-france.fr\/blog\/wp-content\/uploads\/2021\/01\/nuit-de-la-lecture.jpg","type":"image\/jpeg"}],"author":"Myl\u00e8ne","twitter_card":"summary_large_image","twitter_creator":"@infolocale","twitter_site":"@infolocale","twitter_misc":{"\u00c9crit par":"Myl\u00e8ne","Dur\u00e9e de lecture estim\u00e9e":"10 minutes"},"schema":{"@context":"https:\/\/schema.org","@graph":[{"@type":"Article","@id":"https:\/\/infolocale.ouest-france.fr\/blog\/nuits-de-la-lecture\/#article","isPartOf":{"@id":"https:\/\/infolocale.ouest-france.fr\/blog\/nuits-de-la-lecture\/"},"author":{"name":"Myl\u00e8ne","@id":"https:\/\/www.infolocale.fr\/blog\/#\/schema\/person\/bf2dc50c6636ffa2ce3e44ef1f9eb97f"},"headline":"La 5\u00e8me \u00e9dition des Nuits de la lecture","datePublished":"2021-01-20T13:36:28+00:00","dateModified":"2021-02-24T13:57:46+00:00","mainEntityOfPage":{"@id":"https:\/\/infolocale.ouest-france.fr\/blog\/nuits-de-la-lecture\/"},"wordCount":2048,"commentCount":0,"publisher":{"@id":"https:\/\/www.infolocale.fr\/blog\/#organization"},"image":{"@id":"https:\/\/infolocale.ouest-france.fr\/blog\/nuits-de-la-lecture\/#primaryimage"},"thumbnailUrl":"https:\/\/www.infolocale.fr\/blog\/wp-content\/uploads\/2021\/01\/nuit-de-la-lecture.jpg","articleSection":["En ce moment"],"inLanguage":"fr-FR","potentialAction":[{"@type":"CommentAction","name":"Comment","target":["https:\/\/infolocale.ouest-france.fr\/blog\/nuits-de-la-lecture\/#respond"]}]},{"@type":"WebPage","@id":"https:\/\/infolocale.ouest-france.fr\/blog\/nuits-de-la-lecture\/","url":"https:\/\/infolocale.ouest-france.fr\/blog\/nuits-de-la-lecture\/","name":"La 5\u00e8me \u00e9dition des Nuits de la lecture |","isPartOf":{"@id":"https:\/\/www.infolocale.fr\/blog\/#website"},"primaryImageOfPage":{"@id":"https:\/\/infolocale.ouest-france.fr\/blog\/nuits-de-la-lecture\/#primaryimage"},"image":{"@id":"https:\/\/infolocale.ouest-france.fr\/blog\/nuits-de-la-lecture\/#primaryimage"},"thumbnailUrl":"https:\/\/www.infolocale.fr\/blog\/wp-content\/uploads\/2021\/01\/nuit-de-la-lecture.jpg","datePublished":"2021-01-20T13:36:28+00:00","dateModified":"2021-02-24T13:57:46+00:00","breadcrumb":{"@id":"https:\/\/infolocale.ouest-france.fr\/blog\/nuits-de-la-lecture\/#breadcrumb"},"inLanguage":"fr-FR","potentialAction":[{"@type":"ReadAction","target":["https:\/\/infolocale.ouest-france.fr\/blog\/nuits-de-la-lecture\/"]}]},{"@type":"ImageObject","inLanguage":"fr-FR","@id":"https:\/\/infolocale.ouest-france.fr\/blog\/nuits-de-la-lecture\/#primaryimage","url":"https:\/\/www.infolocale.fr\/blog\/wp-content\/uploads\/2021\/01\/nuit-de-la-lecture.jpg","contentUrl":"https:\/\/www.infolocale.fr\/blog\/wp-content\/uploads\/2021\/01\/nuit-de-la-lecture.jpg","width":603,"height":450},{"@type":"BreadcrumbList","@id":"https:\/\/infolocale.ouest-france.fr\/blog\/nuits-de-la-lecture\/#breadcrumb","itemListElement":[{"@type":"ListItem","position":1,"name":"Blog","item":"https:\/\/infolocale.ouest-france.fr\/blog\/"},{"@type":"ListItem","position":2,"name":"En ce moment","item":"https:\/\/infolocale.20minutes.fr\/blog\/cat\/actu-acteurs-locaux\/"},{"@type":"ListItem","position":3,"name":"La 5\u00e8me \u00e9dition des Nuits de la lecture"}]},{"@type":"WebSite","@id":"https:\/\/www.infolocale.fr\/blog\/#website","url":"https:\/\/www.infolocale.fr\/blog\/","name":"","description":"","publisher":{"@id":"https:\/\/www.infolocale.fr\/blog\/#organization"},"potentialAction":[{"@type":"SearchAction","target":{"@type":"EntryPoint","urlTemplate":"https:\/\/www.infolocale.fr\/blog\/?s={search_term_string}"},"query-input":"required name=search_term_string"}],"inLanguage":"fr-FR"},{"@type":"Organization","@id":"https:\/\/www.infolocale.fr\/blog\/#organization","name":"Infolocale","url":"https:\/\/www.infolocale.fr\/blog\/","logo":{"@type":"ImageObject","inLanguage":"fr-FR","@id":"https:\/\/www.infolocale.fr\/blog\/#\/schema\/logo\/image\/","url":"https:\/\/www.infolocale.fr\/blog\/wp-content\/uploads\/2020\/11\/logol.jpg","contentUrl":"https:\/\/www.infolocale.fr\/blog\/wp-content\/uploads\/2020\/11\/logol.jpg","width":1031,"height":398,"caption":"Infolocale"},"image":{"@id":"https:\/\/www.infolocale.fr\/blog\/#\/schema\/logo\/image\/"},"sameAs":["https:\/\/www.facebook.com\/infolocaleFR\/","https:\/\/x.com\/infolocale","https:\/\/www.instagram.com\/infolocale\/","https:\/\/fr.linkedin.com\/company\/infolocale","https:\/\/www.youtube.com\/channel\/UCnv4FA8EYEuu_si3TGr7xeA"]},{"@type":"Person","@id":"https:\/\/www.infolocale.fr\/blog\/#\/schema\/person\/bf2dc50c6636ffa2ce3e44ef1f9eb97f","name":"Myl\u00e8ne","image":{"@type":"ImageObject","inLanguage":"fr-FR","@id":"https:\/\/www.infolocale.fr\/blog\/#\/schema\/person\/image\/","url":"https:\/\/secure.gravatar.com\/avatar\/49511f0ea4b41ed3062b218e30f07042?s=96&d=mm&r=g","contentUrl":"https:\/\/secure.gravatar.com\/avatar\/49511f0ea4b41ed3062b218e30f07042?s=96&d=mm&r=g","caption":"Myl\u00e8ne"},"url":"https:\/\/www.infolocale.fr\/blog\/author\/mylene-michel\/"}]}},"_links":{"self":[{"href":"https:\/\/www.infolocale.fr\/blog\/wp-json\/wp\/v2\/posts\/5446"}],"collection":[{"href":"https:\/\/www.infolocale.fr\/blog\/wp-json\/wp\/v2\/posts"}],"about":[{"href":"https:\/\/www.infolocale.fr\/blog\/wp-json\/wp\/v2\/types\/post"}],"author":[{"embeddable":true,"href":"https:\/\/www.infolocale.fr\/blog\/wp-json\/wp\/v2\/users\/8"}],"replies":[{"embeddable":true,"href":"https:\/\/www.infolocale.fr\/blog\/wp-json\/wp\/v2\/comments?post=5446"}],"version-history":[{"count":0,"href":"https:\/\/www.infolocale.fr\/blog\/wp-json\/wp\/v2\/posts\/5446\/revisions"}],"wp:featuredmedia":[{"embeddable":true,"href":"https:\/\/www.infolocale.fr\/blog\/wp-json\/wp\/v2\/media\/5456"}],"wp:attachment":[{"href":"https:\/\/www.infolocale.fr\/blog\/wp-json\/wp\/v2\/media?parent=5446"}],"wp:term":[{"taxonomy":"category","embeddable":true,"href":"https:\/\/www.infolocale.fr\/blog\/wp-json\/wp\/v2\/categories?post=5446"},{"taxonomy":"post_tag","embeddable":true,"href":"https:\/\/www.infolocale.fr\/blog\/wp-json\/wp\/v2\/tags?post=5446"}],"curies":[{"name":"wp","href":"https:\/\/api.w.org\/{rel}","templated":true}]}}