{"id":5407,"date":"2021-03-16T17:34:00","date_gmt":"2021-03-16T16:34:00","guid":{"rendered":"https:\/\/www.infolocale.fr\/blog\/?p=5407"},"modified":"2023-10-16T16:20:13","modified_gmt":"2023-10-16T14:20:13","slug":"relations-presse-territoires-ruraux","status":"publish","type":"post","link":"https:\/\/www.infolocale.fr\/blog\/relations-presse-territoires-ruraux\/","title":{"rendered":"Communes et collectivit\u00e9s. Comment construire vos relations presse ?"},"content":{"rendered":"\n<p>Cet article est un condens\u00e9 de diff\u00e9rents webinaires organis\u00e9s par Infolocale avec les r\u00e9dactions locales du Journal Ouest-France ainsi que du Maine Libre.<\/p>\n\n\n\n<p>Avec 66 quotidiens et 254 hebdomadaires, la presse r\u00e9gionale est primordiale pour la couverture m\u00e9diatique des territoires. Pour les communes rurales et les territoires enclav\u00e9s, elle est m\u00eame un support privil\u00e9gi\u00e9 offrant une vitrine vers l\u2019ext\u00e9rieur. <\/p>\n\n\n\n<p>Pourtant, les <strong>relations presse des communes <\/strong>peuvent parfois \u00eatre difficile \u00e0 mettre en place. Par manque de temps ou de personnel, les communes rel\u00e8guent souvent cette mission au second plan. Il peut alors en d\u00e9couler une absence m\u00e9diatique qui amplifie le sentiment d\u2019isolement.<\/p>\n\n\n\n<div class=\"wp-block-buttons is-content-justification-center is-layout-flex wp-block-buttons-is-layout-flex\">\n<div class=\"wp-block-button\"><a class=\"wp-block-button__link has-luminous-vivid-amber-background-color has-background\" href=\"https:\/\/www.infolocale.fr\/decouvrir\/collectivites\/?int_source=blog&amp;int_medium=banner&amp;int_campaign=blog-content-artcoll\">&gt;&gt; Collectivit\u00e9s : int\u00e9grez l&rsquo;agenda culturel de votre ville sur votre site internet<\/a><\/div>\n<\/div>\n\n\n\n<h2 class=\"wp-block-heading\">Les relations presse des collectivit\u00e9s et communes souffrent du manque de temps et de personnel<\/h2>\n\n\n\n<p>Dans cet article, nous verrons comment am\u00e9liorer la visibilit\u00e9<strong> des collectivit\u00e9s et des communes dans la presse r\u00e9gionale<\/strong>. Comment attirer les journalistes sur les \u00e9v\u00e9nements des petites communes ? Comment faire pour toucher le bon interlocuteur dans les r\u00e9dactions de votre territoire ?<\/p>\n\n\n\n<p>Pour am\u00e9liorer vos relations presse, voici les 7 leviers que vous pouvez actionner :<\/p>\n\n\n\n<ul class=\"wp-block-list\"><li>Percevoir, dans la vie de son territoire, ce qui peut \u00eatre le sujet d&rsquo;un article <\/li><li>Avoir le r\u00e9flexe de communiquer ses informations \u00e0 ses contacts presse<\/li><li>Conna\u00eetre son correspondant local : avoir son mail, son num\u00e9ro de t\u00e9l\u00e9phone<\/li><li>Soigner ses rapports avec son correspondant local<\/li><li>Avoir le contact du responsable des correspondants de votre journal local<\/li><li>Mettre les responsables des pages d\u00e9partement en copie de vos mails<\/li><li>Livrer une communication de qualit\u00e9 et exploitable : photo, information, interlocuteur<\/li><li>Savoir quand envoyer un communiqu\u00e9 de presse, un dossier de presse ou <a href=\"https:\/\/www.infolocale.fr\/blog\/conference-de-presse\/\">organiser une conf\u00e9rence<\/a>. <\/li><\/ul>\n\n\n\n<div class=\"wp-block-image\"><figure class=\"aligncenter size-large is-resized\"><a href=\"https:\/\/www.infolocale.fr\/decouvrir\/collectivites\/?utm_source=blog&amp;utm_medium=banner&amp;utm_campaign=blog-content-artcoll\"><img fetchpriority=\"high\" decoding=\"async\" src=\"https:\/\/www.infolocale.fr\/blog\/wp-content\/uploads\/2023\/03\/Bannieres-Blog-1024x910.png\" alt=\"\" class=\"wp-image-22379\" width=\"608\" height=\"540\" srcset=\"https:\/\/www.infolocale.fr\/blog\/wp-content\/uploads\/2023\/03\/Bannieres-Blog-1024x910.png 1024w, https:\/\/www.infolocale.fr\/blog\/wp-content\/uploads\/2023\/03\/Bannieres-Blog-300x267.png 300w, https:\/\/www.infolocale.fr\/blog\/wp-content\/uploads\/2023\/03\/Bannieres-Blog-768x683.png 768w, https:\/\/www.infolocale.fr\/blog\/wp-content\/uploads\/2023\/03\/Bannieres-Blog-1536x1366.png 1536w, https:\/\/www.infolocale.fr\/blog\/wp-content\/uploads\/2023\/03\/Bannieres-Blog.png 1875w\" sizes=\"(max-width: 608px) 100vw, 608px\" \/><\/a><\/figure><\/div>\n\n\n\n<h2 class=\"wp-block-heading\">Collectivit\u00e9s : comment appara\u00eetre dans la presse ?&nbsp;<\/h2>\n\n\n\n<blockquote class=\"wp-block-quote is-layout-flow wp-block-quote-is-layout-flow\" style=\"color:#abb8c3\"><p><em>Il est difficile d\u2019\u00e9quilibrer [la couverture presse] entre les diff\u00e9rents territoires et cela peut g\u00e9n\u00e9rer des sentiments d&rsquo;oubli, d\u2019abandon ou d\u2019injustice. La couverture de votre actualit\u00e9 est li\u00e9e \u00e0 la dynamique des personnes qui couvrent le territoire. Tout cela est tr\u00e8s humain.<\/em><\/p><cite>Fr\u00e9d\u00e9ric Barill\u00e9 &#8211; R\u00e9dacteur en chef du journal Le Maine Libre (72)<\/cite><\/blockquote>\n\n\n\n<hr class=\"wp-block-separator\"\/>\n\n\n\n<p>Dans le domaine des <strong>relations presse, les collectivit\u00e9s territoriales <\/strong>ressentent parfois un sentiment d\u2019injustice face aux choix \u00e9ditoriaux de leur journaux. Vous avez peut-\u00eatre l\u2019impression que votre territoire est n\u00e9glig\u00e9. Il vous arrive de voir des informations d\u2019une importance moindre b\u00e9n\u00e9ficier d\u2019une meilleure couverture. Il vous arrive de penser que ce sont toujours les m\u00eames communes qui sont mises en avant.<br><br>Ces sentiments remontent r\u00e9guli\u00e8rement dans les commentaires des <strong>charg\u00e9s de communication des territoires<\/strong>.<\/p>\n\n\n\n<p>De son c\u00f4t\u00e9, la presse se montre pourtant demandeuse d\u2019information locale et pointe souvent le manque de communication de certaines collectivit\u00e9s. D\u00e8s lors, comment faire pour que les besoins en communication des collectivit\u00e9s rencontrent les besoins en information des journalistes ?<\/p>\n\n\n\n<p>La visibilit\u00e9 d\u2019un territoire dans la presse, repose autant sur la capacit\u00e9 \u00e0 d\u00e9velopper de nouveaux projets, que sur l&rsquo;habilet\u00e9 \u00e0 communiquer sur ceux-ci. Or, rares sont les villages ou les <strong>territoires ruraux<\/strong> ayant les moyens de s\u2019attacher les services d\u2019un charg\u00e9 de <strong>communication<\/strong>. Cette casquette est souvent une mission suppl\u00e9mentaire reposant sur les \u00e9paules d\u00e9j\u00e0 bien charg\u00e9es d\u2019un maire ou d\u2019un agent.<\/p>\n\n\n\n<figure class=\"wp-block-embed is-type-video is-provider-youtube wp-block-embed-youtube wp-embed-aspect-16-9 wp-has-aspect-ratio\"><div class=\"wp-block-embed__wrapper\">\n<iframe title=\"Collectivit\u00e9s : communiquez votre info locale dans Le Maine Libre | Atelier en ligne\" width=\"1020\" height=\"574\" src=\"https:\/\/www.youtube.com\/embed\/EzQ5xyhqATA?start=1&#038;feature=oembed&#038;enablejsapi=1&#038;origin=https:\/\/www.infolocale.fr\" frameborder=\"0\" allow=\"accelerometer; autoplay; clipboard-write; encrypted-media; gyroscope; picture-in-picture; web-share\" allowfullscreen><\/iframe>\n<\/div><figcaption>Cet article puise son information dans l\u2019atelier <a href=\"https:\/\/www.infolocale.fr\/blog\/visiolocales-communication-evenements-en-ligne\/\">Visiolocale<\/a>, organis\u00e9 par <a href=\"https:\/\/www.infolocale.fr\/\">Infolocale<\/a> et le journal <a rel=\"noreferrer noopener\" href=\"https:\/\/www.ouest-france.fr\/le-maine-libre\/\" target=\"_blank\">Le Maine Libre<\/a>, intitul\u00e9 ; <a rel=\"noreferrer noopener\" href=\"https:\/\/www.youtube.com\/watch?v=EzQ5xyhqATA&amp;t=1s\" target=\"_blank\">Institution : votre info locale dans Le Maine Libre<\/a>. Cet atelier a \u00e9t\u00e9 anim\u00e9 par Fr\u00e9d\u00e9ric Barill\u00e9 : r\u00e9dacteur en chef du Maine Libre et Serge Danilo : r\u00e9dacteur en chef adjoint. Son sujet est orient\u00e9 vers les <strong>relations presse des territoires ruraux<\/strong>.<\/figcaption><\/figure>\n\n\n\n<h3 class=\"wp-block-heading\">Percevoir l\u2019info et la remonter dans les temps<\/h3>\n\n\n\n<p>Pour avoir une chance de voir votre ville appara\u00eetre dans la presse, vous devez \u00eatre en mesure de savoir quels sujets peuvent int\u00e9resser la presse. Parvenir, non seulement \u00e0 percevoir une information quand elle survient, mais \u00eatre aussi en mesure de la communiquer dans les temps aux journalistes de votre locale.&nbsp;<\/p>\n\n\n\n<p>Souvent, les \u00e9v\u00e9nements culturels sont naturellement communiqu\u00e9s vers le correspondant local. Toutefois, il existe une multitude d\u2019autres sujets pouvant permettre de porter la lumi\u00e8re sur votre commune. Les projets collectifs, les d\u00e9cisions du <a href=\"https:\/\/www.infolocale.fr\/blog\/conseil-municipal-couverture-presse\/\">conseil municipal<\/a>, l\u2019ouverture d\u2019un commerce, la cr\u00e9ation d\u2019une association font partie de ceux-ci.<br><br>Vous devez, autant que possible, essayer de sentir la valeur informationnelle des \u00e9v\u00e9nements survenant sur votre territoire.<\/p>\n\n\n\n<h3 class=\"wp-block-heading\">Les relations presse entre un territoire et son correspondant local<\/h3>\n\n\n\n<blockquote class=\"wp-block-quote is-layout-flow wp-block-quote-is-layout-flow\" style=\"color:#abb8c3\"><p><em>Le m\u00e9tier de journaliste, l\u2019activit\u00e9 de correspondant et le rapport \u00e0 un m\u00e9dia est avant tout une relation de confiance, on ne se confie pas comme \u00e7a n\u2019importe comment.<\/em><\/p><cite>Fr\u00e9d\u00e9ric Barill\u00e9 &#8211; r\u00e9dacteur en chef du journal Le Maine Libre (72)<\/cite><\/blockquote>\n\n\n\n<hr class=\"wp-block-separator\"\/>\n\n\n\n<p>Dans les relations presse, le facteur humain est central. Ce postulat est encore plus vrai dans les villages et les petites communes. Le plus souvent, ces territoires ne sont couverts que par une seule personne ; le correspondant local.<\/p>\n\n\n\n<p>Dans ces cas-l\u00e0, votre couverture repose autant sur les qualit\u00e9s et le professionnalisme de votre communication que sur celles de votre correspondant. Les rapports humains et la relation de confiance sont primordiaux.<\/p>\n\n\n\n<p>Entretenir des rapports r\u00e9guliers avec son correspondant local sera une cl\u00e9 dans la r\u00e9ussite des <strong>relations presse d\u2019une commune rurale<\/strong> ou d&rsquo;une collectivit\u00e9. Assurez-vous d\u2019avoir son adresse e-mail, son t\u00e9l\u00e9phone et les \u00e9l\u00e9ments qui vous permettront d\u2019entrer en contact avec lui au moment utile.<\/p>\n\n\n\n<h3 class=\"wp-block-heading\">Conna\u00eetre l\u2019organisation des correspondants de votre titre de presse<\/h3>\n\n\n\n<p>Parfois, des territoires peuvent se trouver sans correspondant. Si cela est votre cas, vous faites face au risque d\u2019enclavement de votre commune. Il existe toutefois des solutions.<\/p>\n\n\n\n<p>Les titres de la presse quotidienne r\u00e9gionale ont bien souvent un journaliste pr\u00e9pos\u00e9 \u00e0 l\u2019encadrement des correspondants. Ce journaliste a pour mission de s\u2019assurer que l\u2019ensemble des communes et collectivit\u00e9s de son territoire sont r\u00e9guli\u00e8rement trait\u00e9es dans les pages de son journal.<\/p>\n\n\n\n<p>Si votre commune est sans correspondant attitr\u00e9, veillez \u00e0 conna\u00eetre le nom et l\u2019adresse email du responsable en place dans votre r\u00e9daction. Contactez-le lorsque vous souhaitez communiquer une information \u00e0 la presse. Un territoire ne devrait pas rester sans correspondant. Si vous communiquez r\u00e9guli\u00e8rement avec ce responsable, celui-ci aura \u00e0 c\u0153ur de combler rapidement ce manque.<\/p>\n\n\n\n<h3 class=\"wp-block-heading\">Les correspondants locaux ne sont pas limit\u00e9s aux sujets courts<\/h3>\n\n\n\n<blockquote class=\"wp-block-quote is-layout-flow wp-block-quote-is-layout-flow\" style=\"color:#abb8c3\"><p><em>Certains correspondants locaux r\u00e9digent parfois des sujets d\u00e9velopp\u00e9s avec des angles tr\u00e8s pr\u00e9cis. Dire que les journalistes font la valeur ajout\u00e9e et les correspondants le tout venant serait caricatural.<\/em><\/p><cite>Fr\u00e9d\u00e9ric Barill\u00e9 &#8211; r\u00e9dacteur en chef du journal Le Maine Libre (72)<\/cite><\/blockquote>\n\n\n\n<hr class=\"wp-block-separator\"\/>\n\n\n\n<p>Par ailleurs, il est une id\u00e9e courante faisant du correspondant l\u2019interm\u00e9diaire id\u00e9al sur les sujets courts, les inaugurations et les \u00e9v\u00e9nements. Le journaliste lui, deviendrait le contact privil\u00e9gi\u00e9 pour des sujets plus longs tels que le logement, l\u2019urbanisme, les sujets politiques.&nbsp;<\/p>\n\n\n\n<p>Ce postulat n\u2019est pas toujours une r\u00e9alit\u00e9. Il est vrai que les espaces r\u00e9serv\u00e9s aux correspondants sont souvent fixes. Pour autant, certains titres de la presse r\u00e9gionale laissent \u00e0 leur correspondants, la possibilit\u00e9 d\u2019\u00e9crire sur des contenus plus longs.<\/p>\n\n\n\n<p>Si vous avez un correspondant, celui-ci doit toujours \u00eatre int\u00e9gr\u00e9 dans vos communications avec votre r\u00e9daction. N\u2019oubliez pas que le rapport humain est central et que les liens avec votre correspondant doivent \u00eatre entretenus.<\/p>\n\n\n\n<h3 class=\"wp-block-heading\">Quand l\u2019information d\u2019un territoire rayonne au del\u00e0 de la locale<\/h3>\n\n\n\n<p>Il est parfois difficile de percevoir l\u2019importance d\u2019un \u00e9v\u00e9nement qui survient sur son territoire. Pourtant, n\u2019oubliez pas qu\u2019une information nationale est bien souvent une information locale, qui une fois publi\u00e9e par les titres r\u00e9gionaux, sera d\u00e9couverte et utilis\u00e9e par les journaux, les radios, et les cha\u00eenes de t\u00e9l\u00e9vision nationales. Les m\u00e9dias nationaux s\u2019informent en utilisant les sites de la presse quotidienne et les hebdomadaires r\u00e9gionaux.&nbsp;<\/p>\n\n\n\n<p>N\u2019ayez pas peur de communiquer r\u00e9guli\u00e8rement. Selon l\u2019organisation du titre qui couvre votre territoire, mettez la r\u00e9daction d\u00e9partementale ou r\u00e9gionale en copie. Cela lui permettra de toucher plus de monde et de plus facilement rayonner hors de votre localit\u00e9 si l\u2019information est importante.<\/p>\n\n\n\n<h2 class=\"wp-block-heading\">Collectivit\u00e9s, communes : comment communiquer avec la presse ?<\/h2>\n\n\n\n<p>Nous l\u2019avons dit plus t\u00f4t, les plus petites communes n\u2019ont pas toujours les moyens de s\u2019offrir les services d\u2019un charg\u00e9 de communication. Ainsi, lorsque vous souhaitez communiquer avec la presse, les questions du fond et de la forme se posent rapidement.&nbsp;<\/p>\n\n\n\n<p>Il existe diff\u00e9rents leviers permettant de communiquer avec la presse. Le mail, le t\u00e9l\u00e9phone, la conf\u00e9rence de presse&#8230; Dans tous les cas, quel que soit le moyen employ\u00e9, l\u2019\u00e9l\u00e9ment central pour faire passer efficacement votre message \u00e0 votre r\u00e9daction sera : l\u2019anticipation.<\/p>\n\n\n\n<p>Les agendas des journalistes se remplissent longtemps \u00e0 l\u2019avance. Plus vous attendez avant de communiquer votre \u00e9v\u00e9nement \u00e0 la presse, plus vous r\u00e9duisez vos chances de voir un journaliste se d\u00e9placer le jour venu.&nbsp;<\/p>\n\n\n\n<p>Pour que votre collectivit\u00e9 ou votre commune attire la presse sur ses \u00e9v\u00e9nements, pr\u00e9venez la r\u00e9daction au minimum trois semaines avant la date. Relancez une semaine \u00e0 dix jours avant.&nbsp;<\/p>\n\n\n\n<h3 class=\"wp-block-heading\">Contact t\u00e9l\u00e9phonique<\/h3>\n\n\n\n<p>Quand vous entretenez de bon rapports avec votre correspondant ou avec votre journaliste, il est possible de directement l\u2019appeler. Toutefois, le contact t\u00e9l\u00e9phonique est \u00e0 privil\u00e9gier en cas d\u2019information urgente. Les journalistes re\u00e7oivent \u00e9norm\u00e9ment de coup de t\u00e9l\u00e9phone, de mail, de communiqu\u00e9s de presse.&nbsp;<\/p>\n\n\n\n<p>Les r\u00e9dactions essaient de centraliser l\u2019information. Si c\u2019est pour un conseil municipal, ou pour un \u00e9v\u00e9nement anticip\u00e9 ou anticipable, un mail fera amplement l\u2019affaire. Le appel sera privil\u00e9gi\u00e9 pour une information chaude qu&rsquo;on ne pouvait anticiper.<\/p>\n\n\n\n<h3 class=\"wp-block-heading\">Le rendez-vous mensuel<\/h3>\n\n\n\n<p>Il peut arriver que des communes prennent rendez-vous avec leur correspondant, une fois par mois ou trimestriellement, pour l\u2019informer des \u00e9v\u00e9nements \u00e0 venir. Dans ce cas, il n\u2019y a pas forc\u00e9ment d\u2019article d\u00e8s le lendemain. N\u00e9anmoins, cela permet au correspondant de construire son agenda, de se pr\u00e9parer et de pr\u00e9venir la r\u00e9daction sur les gros sujets \u00e0 venir. Plus un sujet est anticip\u00e9, mieux il sera trait\u00e9 dans le journal.<\/p>\n\n\n\n<p>Dans ce cas, il peut arriver que la collectivit\u00e9 ou la commune ne souhaite pas que certaines informations soient utilis\u00e9es avant une certaine date.<\/p>\n\n\n\n<blockquote class=\"wp-block-quote is-layout-flow wp-block-quote-is-layout-flow\" style=\"color:#abb8c3\"><p><em>Cela peut \u00eatre avec embargo, c&rsquo;est-\u00e0-dire que le journaliste garde l\u2019info jusqu\u2019au moment voulu. C\u2019est un lien de confiance qui doit exister entre le service communication et le correspondant<\/em>.<\/p><cite>Jo\u00ebl Bigorgne &#8211; Directeur d\u00e9partemental des C\u00f4tes d&rsquo;Armor &#8211; Ouest-France (22)<\/cite><\/blockquote>\n\n\n\n<hr class=\"wp-block-separator\"\/>\n\n\n\n<h3 class=\"wp-block-heading\">Le communiqu\u00e9 de presse<\/h3>\n\n\n\n<p>Le communiqu\u00e9 de presse est un outil \u00e0 utiliser pour les informations du quotidien. Celles qui constituent le plus gros contingent. Soyez court et pr\u00e9cis. \u00c9crivez directement dans le corps du texte. Enfin donnez lui un titre concis, clair et non commercial.<\/p>\n\n\n\n<blockquote class=\"wp-block-quote is-layout-flow wp-block-quote-is-layout-flow\" style=\"color:#abb8c3\"><p><em>Un journaliste re\u00e7oit des dizaines de communiqu\u00e9s par jour. Ce qu\u2019il faut, c\u2019est que l\u2019information soit imm\u00e9diate [&#8230;] que l\u2019objet soit rapidement compris par le journaliste, [&#8230;] qu\u2019on sache tout de suite pourquoi le communiqu\u00e9 a \u00e9t\u00e9 \u00e9crit.<\/em><\/p><cite>Jo\u00ebl Bigorgne &#8211; Directeur d\u00e9partemental des C\u00f4tes d&rsquo;Armor &#8211; Ouest-France (22)<\/cite><\/blockquote>\n\n\n\n<hr class=\"wp-block-separator\"\/>\n\n\n\n<h3 class=\"wp-block-heading\">Le dossier de presse<\/h3>\n\n\n\n<p>C\u2019est un document qui compl\u00e8te un communiqu\u00e9 de presse. Il est plus d\u00e9taill\u00e9 et va plus au fond du sujet qu\u2019un communiqu\u00e9. Il sera appropri\u00e9 pour les gros projets sur lesquels souhaite communiquer votre ville ou votre collectivit\u00e9.<\/p>\n\n\n\n<p>En outre, il viendra en appui d\u2019une conf\u00e9rence de presse et donnera des \u00e9l\u00e9ments techniques, le prix, la date de livraison d\u2019un projet architectural ou d\u2019urbanisme. Il pourra \u00e9galement \u00eatre utile pour communiquer sur le programme de la saison culturelle.<\/p>\n\n\n\n<h3 class=\"wp-block-heading\">La conf\u00e9rence de presse<\/h3>\n\n\n\n<p>C\u2019est l\u2019arme absolue. Elle s\u2019organise sur les \u00e9v\u00e9nements majeurs de votre territoire. La construction d\u2019une \u00e9cole, un gros projet d\u2019urbanisme\u2026 Elle intervient quand vous avez des informations compl\u00e9mentaires \u00e0 donner, des interlocuteurs privil\u00e9gi\u00e9s qui peuvent donner de leur temps pour les questions de la presse.<br>Il ne faut pas abuser de cet outil. Il n\u2019y a rien de pire que de faire d\u00e9placer un journaliste sur une conf\u00e9rence de presse qui n\u2019\u00e9tait pas l\u00e9gitime.<br><br>Dans ce domaine, n\u2019h\u00e9sitez pas \u00e0 appeler votre journaliste pour voir avec lui ce qui lui semble le plus l\u00e9gitime : conf\u00e9rence de presse, communiqu\u00e9 de presse, conf\u00e9rence de presse en ligne\u2026<\/p>\n\n\n\n<h3 class=\"wp-block-heading\">Infolocale pour obtenir une publication automatique dans la presse partenaire<\/h3>\n\n\n\n<p>Si vous \u00eates sur un territoire sur lequel les titres de presse utilisent le flux infolocale, vous pouvez directement renseigner vos \u00e9v\u00e9nements, votre conseil municipal, via le formulaire d\u2019infolocale. Cependant, si cet outil vous permet de publier vos \u00e9v\u00e9nements dans les pages des journaux partenaires, cela ne d\u00e9clenche pas syst\u00e9matiquement le d\u00e9placement des journalistes sur votre \u00e9v\u00e9nement. Pour ceci, vous devez contacter directement votre r\u00e9daction.<\/p>\n\n\n\n<h3 class=\"wp-block-heading\">Joindre une photo, penser \u00e0 sa qualit\u00e9 et sa r\u00e9solution<\/h3>\n\n\n\n<p>Selon le sujet, les \u00e9l\u00e9ments peuvent varier. Essayez, autant que possible, d\u2019ajouter une photo. Dans ce domaine, pensez \u00e0 la qualit\u00e9 visuelle et \u00e0 sa charge informationnelle.&nbsp;<\/p>\n\n\n\n<p>Pensez \u00e9galement \u00e0 la taille du fichier. Une photo l\u00e9g\u00e8re pourra \u00eatre utilis\u00e9e sur le site internet du journal. De son c\u00f4t\u00e9, une impression pour le papier demandera des fichiers en haute r\u00e9solution.<\/p>\n\n\n\n<h3 class=\"wp-block-heading\">Des chiffres et des interlocuteurs pertinents<\/h3>\n\n\n\n<p>Pour ce qui est de l\u2019information, pensez \u00e0 int\u00e9grer les chiffres qui pourraient sembler pertinents pour le sujet trait\u00e9.&nbsp;<\/p>\n\n\n\n<p>Ensuite, les journalistes souhaitent souvent obtenir une entrevue avec un responsable ou une personne en charge du sujet sur lequel vous communiquez. R\u00e9fl\u00e9chissez d\u00e9j\u00e0 \u00e0 l\u2019interlocuteur id\u00e9al. Pr\u00e9venez-le et ajoutez son contact \u00e0 la communication que vous envoyez \u00e0 la presse.<\/p>\n\n\n\n<h3 class=\"wp-block-heading\">Dans le cas d\u2019\u00e9v\u00e9nements, r\u00e9pondre aux questions : quoi, quand, o\u00f9, combien ?<\/h3>\n\n\n\n<p>Les \u00e9vidences sont souvent les premi\u00e8res choses que l\u2019on oublie. Si vous organisez un \u00e9v\u00e9nement, n\u2019oubliez pas d\u2019ajouter l\u2019heure, le jour, le prix, et d\u2019expliquer le sujet de l\u2019\u00e9v\u00e9nement. Vous pouvez \u00e9galement ajouter des pr\u00e9cisions suppl\u00e9mentaires li\u00e9es \u00e0 la pr\u00e9sence de buvette ou de restauration.&nbsp;<\/p>\n\n\n\n<p>Plus votre communication sera pens\u00e9e en amont, plus elle sera valorisable par les journalistes. Cela ne vous garantira pas une couverture syst\u00e9matique. Cela devrait toutefois augmenter vos chances de voir votre commune appara\u00eetre dans les colonnes et sur le site de votre journal local.&nbsp;<\/p>\n\n\n\n<figure class=\"wp-block-embed is-type-video is-provider-youtube wp-block-embed-youtube wp-embed-aspect-16-9 wp-has-aspect-ratio\"><div class=\"wp-block-embed__wrapper\">\n<iframe title=\"Collectivit\u00e9s, institutions : Renforcez vos liens avec la r\u00e9daction de votre d\u00e9partement\" width=\"1020\" height=\"574\" src=\"https:\/\/www.youtube.com\/embed\/UbnaiDprjYU?feature=oembed&#038;enablejsapi=1&#038;origin=https:\/\/www.infolocale.fr\" frameborder=\"0\" allow=\"accelerometer; autoplay; clipboard-write; encrypted-media; gyroscope; picture-in-picture; web-share\" allowfullscreen><\/iframe>\n<\/div><figcaption>Cet article puise en partie son information dans l\u2019atelier <a href=\"https:\/\/www.infolocale.fr\/blog\/visiolocales-communication-evenements-en-ligne\/\">Visiolocale<\/a> : <a href=\"https:\/\/www.youtube.com\/watch?v=UbnaiDprjYU\">Collectivit\u00e9s du 22 : renforcez vos liens avec la r\u00e9daction.<\/a> Ce webinaire a \u00e9t\u00e9 anim\u00e9 par Jo\u00ebl Bigorgne : directeur d\u00e9partemental des C\u00f4tes d&rsquo;Armor du journal Ouest-France et de Nadia Le Saux : Cheffe d&rsquo;\u00e9dition. Son sujet est orient\u00e9 vers les <strong>relations presse des collectivit\u00e9s et des communes<\/strong>.<\/figcaption><\/figure>\n","protected":false},"excerpt":{"rendered":"<p>Cet article est un condens\u00e9 de diff\u00e9rents webinaires organis\u00e9s par Infolocale avec les r\u00e9dactions locales du Journal Ouest-France ainsi que du Maine Libre. Avec 66 [&hellip;]<\/p>\n","protected":false},"author":2,"featured_media":5418,"comment_status":"open","ping_status":"open","sticky":false,"template":"","format":"standard","meta":{"_coblocks_attr":"","_coblocks_dimensions":"","_coblocks_responsive_height":"","_coblocks_accordion_ie_support":"","_mo_disable_npp":"","footnotes":""},"categories":[75],"tags":[68],"class_list":["post-5407","post","type-post","status-publish","format-standard","has-post-thumbnail","hentry","category-communication-des-institutions-et-collectivites","tag-webinaires"],"yoast_head":"<!-- This site is optimized with the Yoast SEO plugin v23.2 - https:\/\/yoast.com\/wordpress\/plugins\/seo\/ -->\n<title>Relations presse des collectivit\u00e9s. Comment les am\u00e9liorer ? |<\/title>\n<meta name=\"description\" content=\"Am\u00e9liorez les relations presse de votre territoire gr\u00e2ce aux conseils des plus grandes r\u00e9dactions de la presse r\u00e9gionale de France\" \/>\n<meta name=\"robots\" content=\"index, follow, max-snippet:-1, max-image-preview:large, max-video-preview:-1\" \/>\n<link rel=\"canonical\" href=\"https:\/\/www.infolocale.fr\/blog\/relations-presse-territoires-ruraux\/\" \/>\n<meta property=\"og:locale\" content=\"fr_FR\" \/>\n<meta property=\"og:type\" content=\"article\" \/>\n<meta property=\"og:title\" content=\"Relations presse des collectivit\u00e9s. Comment les am\u00e9liorer ? |\" \/>\n<meta property=\"og:description\" content=\"Am\u00e9liorez les relations presse de votre territoire gr\u00e2ce aux conseils des plus grandes r\u00e9dactions de la presse r\u00e9gionale de France\" \/>\n<meta property=\"og:url\" content=\"https:\/\/www.infolocale.fr\/blog\/relations-presse-territoires-ruraux\/\" \/>\n<meta property=\"article:publisher\" content=\"https:\/\/www.facebook.com\/infolocaleFR\/\" \/>\n<meta property=\"article:published_time\" content=\"2021-03-16T16:34:00+00:00\" \/>\n<meta property=\"article:modified_time\" content=\"2023-10-16T14:20:13+00:00\" \/>\n<meta property=\"og:image\" content=\"https:\/\/infolocale.ouest-france.fr\/blog\/wp-content\/uploads\/2021\/01\/relations-presse-territoires-ruraux.jpg\" \/>\n\t<meta property=\"og:image:width\" content=\"1200\" \/>\n\t<meta property=\"og:image:height\" content=\"630\" \/>\n\t<meta property=\"og:image:type\" content=\"image\/jpeg\" \/>\n<meta name=\"author\" content=\"Morgan\" \/>\n<meta name=\"twitter:card\" content=\"summary_large_image\" \/>\n<meta name=\"twitter:creator\" content=\"@infolocale\" \/>\n<meta name=\"twitter:site\" content=\"@infolocale\" \/>\n<meta name=\"twitter:label1\" content=\"\u00c9crit par\" \/>\n\t<meta name=\"twitter:data1\" content=\"Morgan\" \/>\n\t<meta name=\"twitter:label2\" content=\"Dur\u00e9e de lecture estim\u00e9e\" \/>\n\t<meta name=\"twitter:data2\" content=\"12 minutes\" \/>\n<script type=\"application\/ld+json\" class=\"yoast-schema-graph\">{\"@context\":\"https:\/\/schema.org\",\"@graph\":[{\"@type\":\"Article\",\"@id\":\"https:\/\/www.infolocale.fr\/blog\/relations-presse-territoires-ruraux\/#article\",\"isPartOf\":{\"@id\":\"https:\/\/infolocale.ouest-france.fr\/blog\/relations-presse-territoires-ruraux\/\"},\"author\":{\"name\":\"Morgan\",\"@id\":\"https:\/\/www.infolocale.fr\/blog\/#\/schema\/person\/f0f748ece99417833166b3ba8890f3db\"},\"headline\":\"Communes et collectivit\u00e9s. Comment construire vos relations presse ?\",\"datePublished\":\"2021-03-16T16:34:00+00:00\",\"dateModified\":\"2023-10-16T14:20:13+00:00\",\"mainEntityOfPage\":{\"@id\":\"https:\/\/infolocale.ouest-france.fr\/blog\/relations-presse-territoires-ruraux\/\"},\"wordCount\":2602,\"commentCount\":0,\"publisher\":{\"@id\":\"https:\/\/www.infolocale.fr\/blog\/#organization\"},\"image\":{\"@id\":\"https:\/\/www.infolocale.fr\/blog\/relations-presse-territoires-ruraux\/#primaryimage\"},\"thumbnailUrl\":\"https:\/\/www.infolocale.fr\/blog\/wp-content\/uploads\/2021\/01\/relations-presse-territoires-ruraux.jpg\",\"keywords\":[\"webinaires\"],\"articleSection\":[\"Communication des institutions et collectivit\u00e9s\"],\"inLanguage\":\"fr-FR\",\"potentialAction\":[{\"@type\":\"CommentAction\",\"name\":\"Comment\",\"target\":[\"https:\/\/www.infolocale.fr\/blog\/relations-presse-territoires-ruraux\/#respond\"]}]},{\"@type\":\"WebPage\",\"@id\":\"https:\/\/infolocale.ouest-france.fr\/blog\/relations-presse-territoires-ruraux\/\",\"url\":\"https:\/\/www.infolocale.fr\/blog\/relations-presse-territoires-ruraux\/\",\"name\":\"Relations presse des collectivit\u00e9s. Comment les am\u00e9liorer ? |\",\"isPartOf\":{\"@id\":\"https:\/\/www.infolocale.fr\/blog\/#website\"},\"primaryImageOfPage\":{\"@id\":\"https:\/\/www.infolocale.fr\/blog\/relations-presse-territoires-ruraux\/#primaryimage\"},\"image\":{\"@id\":\"https:\/\/www.infolocale.fr\/blog\/relations-presse-territoires-ruraux\/#primaryimage\"},\"thumbnailUrl\":\"https:\/\/www.infolocale.fr\/blog\/wp-content\/uploads\/2021\/01\/relations-presse-territoires-ruraux.jpg\",\"datePublished\":\"2021-03-16T16:34:00+00:00\",\"dateModified\":\"2023-10-16T14:20:13+00:00\",\"description\":\"Am\u00e9liorez les relations presse de votre territoire gr\u00e2ce aux conseils des plus grandes r\u00e9dactions de la presse r\u00e9gionale de France\",\"breadcrumb\":{\"@id\":\"https:\/\/www.infolocale.fr\/blog\/relations-presse-territoires-ruraux\/#breadcrumb\"},\"inLanguage\":\"fr-FR\",\"potentialAction\":[{\"@type\":\"ReadAction\",\"target\":[\"https:\/\/www.infolocale.fr\/blog\/relations-presse-territoires-ruraux\/\"]}]},{\"@type\":\"ImageObject\",\"inLanguage\":\"fr-FR\",\"@id\":\"https:\/\/www.infolocale.fr\/blog\/relations-presse-territoires-ruraux\/#primaryimage\",\"url\":\"https:\/\/www.infolocale.fr\/blog\/wp-content\/uploads\/2021\/01\/relations-presse-territoires-ruraux.jpg\",\"contentUrl\":\"https:\/\/www.infolocale.fr\/blog\/wp-content\/uploads\/2021\/01\/relations-presse-territoires-ruraux.jpg\",\"width\":1200,\"height\":630},{\"@type\":\"BreadcrumbList\",\"@id\":\"https:\/\/www.infolocale.fr\/blog\/relations-presse-territoires-ruraux\/#breadcrumb\",\"itemListElement\":[{\"@type\":\"ListItem\",\"position\":1,\"name\":\"Blog\",\"item\":\"https:\/\/infolocale.ouest-france.fr\/blog\/\"},{\"@type\":\"ListItem\",\"position\":2,\"name\":\"Communication des institutions et collectivit\u00e9s\",\"item\":\"https:\/\/infolocale.ouest-france.fr\/blog\/cat\/communication-des-institutions-et-collectivites\/\"},{\"@type\":\"ListItem\",\"position\":3,\"name\":\"Communes et collectivit\u00e9s. Comment construire vos relations presse ?\"}]},{\"@type\":\"WebSite\",\"@id\":\"https:\/\/www.infolocale.fr\/blog\/#website\",\"url\":\"https:\/\/www.infolocale.fr\/blog\/\",\"name\":\"\",\"description\":\"\",\"publisher\":{\"@id\":\"https:\/\/www.infolocale.fr\/blog\/#organization\"},\"potentialAction\":[{\"@type\":\"SearchAction\",\"target\":{\"@type\":\"EntryPoint\",\"urlTemplate\":\"https:\/\/www.infolocale.fr\/blog\/?s={search_term_string}\"},\"query-input\":\"required name=search_term_string\"}],\"inLanguage\":\"fr-FR\"},{\"@type\":\"Organization\",\"@id\":\"https:\/\/www.infolocale.fr\/blog\/#organization\",\"name\":\"Infolocale\",\"url\":\"https:\/\/www.infolocale.fr\/blog\/\",\"logo\":{\"@type\":\"ImageObject\",\"inLanguage\":\"fr-FR\",\"@id\":\"https:\/\/www.infolocale.fr\/blog\/#\/schema\/logo\/image\/\",\"url\":\"https:\/\/www.infolocale.fr\/blog\/wp-content\/uploads\/2020\/11\/logol.jpg\",\"contentUrl\":\"https:\/\/www.infolocale.fr\/blog\/wp-content\/uploads\/2020\/11\/logol.jpg\",\"width\":1031,\"height\":398,\"caption\":\"Infolocale\"},\"image\":{\"@id\":\"https:\/\/www.infolocale.fr\/blog\/#\/schema\/logo\/image\/\"},\"sameAs\":[\"https:\/\/www.facebook.com\/infolocaleFR\/\",\"https:\/\/x.com\/infolocale\",\"https:\/\/www.instagram.com\/infolocale\/\",\"https:\/\/fr.linkedin.com\/company\/infolocale\",\"https:\/\/www.youtube.com\/channel\/UCnv4FA8EYEuu_si3TGr7xeA\"]},{\"@type\":\"Person\",\"@id\":\"https:\/\/www.infolocale.fr\/blog\/#\/schema\/person\/f0f748ece99417833166b3ba8890f3db\",\"name\":\"Morgan\",\"image\":{\"@type\":\"ImageObject\",\"inLanguage\":\"fr-FR\",\"@id\":\"https:\/\/www.infolocale.fr\/blog\/#\/schema\/person\/image\/\",\"url\":\"https:\/\/secure.gravatar.com\/avatar\/a22ec2a0cc817ae9fa3ff7341a213632?s=96&d=mm&r=g\",\"contentUrl\":\"https:\/\/secure.gravatar.com\/avatar\/a22ec2a0cc817ae9fa3ff7341a213632?s=96&d=mm&r=g\",\"caption\":\"Morgan\"},\"url\":\"https:\/\/www.infolocale.fr\/blog\/author\/morgan-delepine\/\"}]}<\/script>\n<!-- \/ Yoast SEO plugin. -->","yoast_head_json":{"title":"Relations presse des collectivit\u00e9s. Comment les am\u00e9liorer ? |","description":"Am\u00e9liorez les relations presse de votre territoire gr\u00e2ce aux conseils des plus grandes r\u00e9dactions de la presse r\u00e9gionale de France","robots":{"index":"index","follow":"follow","max-snippet":"max-snippet:-1","max-image-preview":"max-image-preview:large","max-video-preview":"max-video-preview:-1"},"canonical":"https:\/\/www.infolocale.fr\/blog\/relations-presse-territoires-ruraux\/","og_locale":"fr_FR","og_type":"article","og_title":"Relations presse des collectivit\u00e9s. Comment les am\u00e9liorer ? |","og_description":"Am\u00e9liorez les relations presse de votre territoire gr\u00e2ce aux conseils des plus grandes r\u00e9dactions de la presse r\u00e9gionale de France","og_url":"https:\/\/www.infolocale.fr\/blog\/relations-presse-territoires-ruraux\/","article_publisher":"https:\/\/www.facebook.com\/infolocaleFR\/","article_published_time":"2021-03-16T16:34:00+00:00","article_modified_time":"2023-10-16T14:20:13+00:00","og_image":[{"width":1200,"height":630,"url":"https:\/\/infolocale.ouest-france.fr\/blog\/wp-content\/uploads\/2021\/01\/relations-presse-territoires-ruraux.jpg","type":"image\/jpeg"}],"author":"Morgan","twitter_card":"summary_large_image","twitter_creator":"@infolocale","twitter_site":"@infolocale","twitter_misc":{"\u00c9crit par":"Morgan","Dur\u00e9e de lecture estim\u00e9e":"12 minutes"},"schema":{"@context":"https:\/\/schema.org","@graph":[{"@type":"Article","@id":"https:\/\/www.infolocale.fr\/blog\/relations-presse-territoires-ruraux\/#article","isPartOf":{"@id":"https:\/\/infolocale.ouest-france.fr\/blog\/relations-presse-territoires-ruraux\/"},"author":{"name":"Morgan","@id":"https:\/\/www.infolocale.fr\/blog\/#\/schema\/person\/f0f748ece99417833166b3ba8890f3db"},"headline":"Communes et collectivit\u00e9s. Comment construire vos relations presse ?","datePublished":"2021-03-16T16:34:00+00:00","dateModified":"2023-10-16T14:20:13+00:00","mainEntityOfPage":{"@id":"https:\/\/infolocale.ouest-france.fr\/blog\/relations-presse-territoires-ruraux\/"},"wordCount":2602,"commentCount":0,"publisher":{"@id":"https:\/\/www.infolocale.fr\/blog\/#organization"},"image":{"@id":"https:\/\/www.infolocale.fr\/blog\/relations-presse-territoires-ruraux\/#primaryimage"},"thumbnailUrl":"https:\/\/www.infolocale.fr\/blog\/wp-content\/uploads\/2021\/01\/relations-presse-territoires-ruraux.jpg","keywords":["webinaires"],"articleSection":["Communication des institutions et collectivit\u00e9s"],"inLanguage":"fr-FR","potentialAction":[{"@type":"CommentAction","name":"Comment","target":["https:\/\/www.infolocale.fr\/blog\/relations-presse-territoires-ruraux\/#respond"]}]},{"@type":"WebPage","@id":"https:\/\/infolocale.ouest-france.fr\/blog\/relations-presse-territoires-ruraux\/","url":"https:\/\/www.infolocale.fr\/blog\/relations-presse-territoires-ruraux\/","name":"Relations presse des collectivit\u00e9s. Comment les am\u00e9liorer ? |","isPartOf":{"@id":"https:\/\/www.infolocale.fr\/blog\/#website"},"primaryImageOfPage":{"@id":"https:\/\/www.infolocale.fr\/blog\/relations-presse-territoires-ruraux\/#primaryimage"},"image":{"@id":"https:\/\/www.infolocale.fr\/blog\/relations-presse-territoires-ruraux\/#primaryimage"},"thumbnailUrl":"https:\/\/www.infolocale.fr\/blog\/wp-content\/uploads\/2021\/01\/relations-presse-territoires-ruraux.jpg","datePublished":"2021-03-16T16:34:00+00:00","dateModified":"2023-10-16T14:20:13+00:00","description":"Am\u00e9liorez les relations presse de votre territoire gr\u00e2ce aux conseils des plus grandes r\u00e9dactions de la presse r\u00e9gionale de France","breadcrumb":{"@id":"https:\/\/www.infolocale.fr\/blog\/relations-presse-territoires-ruraux\/#breadcrumb"},"inLanguage":"fr-FR","potentialAction":[{"@type":"ReadAction","target":["https:\/\/www.infolocale.fr\/blog\/relations-presse-territoires-ruraux\/"]}]},{"@type":"ImageObject","inLanguage":"fr-FR","@id":"https:\/\/www.infolocale.fr\/blog\/relations-presse-territoires-ruraux\/#primaryimage","url":"https:\/\/www.infolocale.fr\/blog\/wp-content\/uploads\/2021\/01\/relations-presse-territoires-ruraux.jpg","contentUrl":"https:\/\/www.infolocale.fr\/blog\/wp-content\/uploads\/2021\/01\/relations-presse-territoires-ruraux.jpg","width":1200,"height":630},{"@type":"BreadcrumbList","@id":"https:\/\/www.infolocale.fr\/blog\/relations-presse-territoires-ruraux\/#breadcrumb","itemListElement":[{"@type":"ListItem","position":1,"name":"Blog","item":"https:\/\/infolocale.ouest-france.fr\/blog\/"},{"@type":"ListItem","position":2,"name":"Communication des institutions et collectivit\u00e9s","item":"https:\/\/infolocale.ouest-france.fr\/blog\/cat\/communication-des-institutions-et-collectivites\/"},{"@type":"ListItem","position":3,"name":"Communes et collectivit\u00e9s. Comment construire vos relations presse ?"}]},{"@type":"WebSite","@id":"https:\/\/www.infolocale.fr\/blog\/#website","url":"https:\/\/www.infolocale.fr\/blog\/","name":"","description":"","publisher":{"@id":"https:\/\/www.infolocale.fr\/blog\/#organization"},"potentialAction":[{"@type":"SearchAction","target":{"@type":"EntryPoint","urlTemplate":"https:\/\/www.infolocale.fr\/blog\/?s={search_term_string}"},"query-input":"required name=search_term_string"}],"inLanguage":"fr-FR"},{"@type":"Organization","@id":"https:\/\/www.infolocale.fr\/blog\/#organization","name":"Infolocale","url":"https:\/\/www.infolocale.fr\/blog\/","logo":{"@type":"ImageObject","inLanguage":"fr-FR","@id":"https:\/\/www.infolocale.fr\/blog\/#\/schema\/logo\/image\/","url":"https:\/\/www.infolocale.fr\/blog\/wp-content\/uploads\/2020\/11\/logol.jpg","contentUrl":"https:\/\/www.infolocale.fr\/blog\/wp-content\/uploads\/2020\/11\/logol.jpg","width":1031,"height":398,"caption":"Infolocale"},"image":{"@id":"https:\/\/www.infolocale.fr\/blog\/#\/schema\/logo\/image\/"},"sameAs":["https:\/\/www.facebook.com\/infolocaleFR\/","https:\/\/x.com\/infolocale","https:\/\/www.instagram.com\/infolocale\/","https:\/\/fr.linkedin.com\/company\/infolocale","https:\/\/www.youtube.com\/channel\/UCnv4FA8EYEuu_si3TGr7xeA"]},{"@type":"Person","@id":"https:\/\/www.infolocale.fr\/blog\/#\/schema\/person\/f0f748ece99417833166b3ba8890f3db","name":"Morgan","image":{"@type":"ImageObject","inLanguage":"fr-FR","@id":"https:\/\/www.infolocale.fr\/blog\/#\/schema\/person\/image\/","url":"https:\/\/secure.gravatar.com\/avatar\/a22ec2a0cc817ae9fa3ff7341a213632?s=96&d=mm&r=g","contentUrl":"https:\/\/secure.gravatar.com\/avatar\/a22ec2a0cc817ae9fa3ff7341a213632?s=96&d=mm&r=g","caption":"Morgan"},"url":"https:\/\/www.infolocale.fr\/blog\/author\/morgan-delepine\/"}]}},"_links":{"self":[{"href":"https:\/\/www.infolocale.fr\/blog\/wp-json\/wp\/v2\/posts\/5407"}],"collection":[{"href":"https:\/\/www.infolocale.fr\/blog\/wp-json\/wp\/v2\/posts"}],"about":[{"href":"https:\/\/www.infolocale.fr\/blog\/wp-json\/wp\/v2\/types\/post"}],"author":[{"embeddable":true,"href":"https:\/\/www.infolocale.fr\/blog\/wp-json\/wp\/v2\/users\/2"}],"replies":[{"embeddable":true,"href":"https:\/\/www.infolocale.fr\/blog\/wp-json\/wp\/v2\/comments?post=5407"}],"version-history":[{"count":0,"href":"https:\/\/www.infolocale.fr\/blog\/wp-json\/wp\/v2\/posts\/5407\/revisions"}],"wp:featuredmedia":[{"embeddable":true,"href":"https:\/\/www.infolocale.fr\/blog\/wp-json\/wp\/v2\/media\/5418"}],"wp:attachment":[{"href":"https:\/\/www.infolocale.fr\/blog\/wp-json\/wp\/v2\/media?parent=5407"}],"wp:term":[{"taxonomy":"category","embeddable":true,"href":"https:\/\/www.infolocale.fr\/blog\/wp-json\/wp\/v2\/categories?post=5407"},{"taxonomy":"post_tag","embeddable":true,"href":"https:\/\/www.infolocale.fr\/blog\/wp-json\/wp\/v2\/tags?post=5407"}],"curies":[{"name":"wp","href":"https:\/\/api.w.org\/{rel}","templated":true}]}}