{"id":5400,"date":"2021-01-14T20:36:22","date_gmt":"2021-01-14T19:36:22","guid":{"rendered":"https:\/\/www.infolocale.fr\/blog\/?p=5400"},"modified":"2021-08-12T15:49:38","modified_gmt":"2021-08-12T13:49:38","slug":"5400-2","status":"publish","type":"post","link":"https:\/\/www.infolocale.fr\/blog\/5400-2\/","title":{"rendered":"Etre b\u00e9n\u00e9vole dans un club de foot"},"content":{"rendered":"\n<p><\/p>\n\n\n\n<h3 class=\"wp-block-heading\">Footeux un peu, animateur beaucoup, le go\u00fbt des autres, passionn\u00e9ment. <\/h3>\n\n\n\n<p><\/p>\n\n\n\n<h5 class=\"wp-block-heading\"> Servon-sur-Vilaine, commune d\u2019Ille-et-Vilaine, situ\u00e9e \u00e0 20 km \u00e0 l&rsquo;est de Rennes dans le Pays de Ch\u00e2teaugiron Communaut\u00e9, compte 3 740 habitants. Le Club de foot de Servon a f\u00eat\u00e9 ses 70 ans en 2018&nbsp;! Il accueille 240 licenci\u00e9s dont 60 seniors pour 3 \u00e9quipes: A: R3, B: D2 et C: D3.<\/h5>\n\n\n\n<p>Les jeunes joueurs, de 14 \u00e0 17 ans, coll\u00e9giens au lyc\u00e9e de Ch\u00e2teaubourg, habitants des quatre communes voisines (Servon, Ch\u00e2teaubourg, Saint Jean-sur- Vilaine et Marpir\u00e9) sont regroup\u00e9s et composent le <em>Groupe Corbi\u00e8res<\/em> : 110 licenci\u00e9s, dont 40 servonnais, forment 4 \u00e9quipes (U14, U15, U16, U17).  <\/p>\n\n\n\n<p><strong>Naissance d&rsquo;une passion<\/strong><\/p>\n\n\n\n<p>Patrice Morel fr\u00e9quente le club lorsque son fils Arnaud rejoint les juniors \u00e0 l\u2019\u00e2ge de 6 ans, en 1997, en cat\u00e9gorie \u00ab\u00a0D\u00e9butant\u00a0\u00bb. Comme tous les parents impliqu\u00e9s, il accompagne et soutient son fils lors des matchs, chaque samedi. Des amiti\u00e9s se nouent avec les autres parents accompagnateurs. &nbsp;Tr\u00e8s vite, Patrice s\u2019implique et g\u00e8re l&rsquo;intendance. Il prend en main l\u2019organisation et l\u2019animation des soir\u00e9es du club, il assure la logistique, l\u2019intendance et veille au bon approvisionnement des points de restauration et des consommations. En vrai pro, il g\u00e8re les repas 3\u00e8me mi-temps pour les deux \u00e9quipes v\u00e9t\u00e9rans de l&rsquo;\u00e9poque, 20 \u00e0 30 convives en moyenne par vendredi ! <\/p>\n\n\n\n<p>En 2017, Eric Tarriol succ\u00e8de \u00e0 Pascal Beliard, prend la pr\u00e9sidence du Club et propose \u00e0 Patrice le poste de vice-pr\u00e9sident. Ce dernier appr\u00e9cie leur  compl\u00e9mentarit\u00e9 \u00ab <strong>nous formons un bon duo <\/strong>\u00bb. Ils poursuivent le projet d\u2019\u00e9quipement d\u2019un terrain synth\u00e9tique pour la saison en cours. Il a fallu faire front aux diverses oppositions, dont celles des \u00e9cologiques pour la sauvegarde d\u2019insectes prot\u00e9g\u00e9s. L\u2019adversit\u00e9 rapproche ! Ensemble, durant 3 ans, ils ont d\u00e9fendu ce projet avec la mairie de Servon-sur-Vilaine.<\/p>\n\n\n\n<figure class=\"wp-block-image size-large\"><a href=\"https:\/\/s.infolocale.fr\/?utm_source=blog&amp;utm_medium=banner&amp;utm_campaign=blog-contents\"><img fetchpriority=\"high\" decoding=\"async\" width=\"908\" height=\"196\" src=\"https:\/\/www.infolocale.fr\/blog\/wp-content\/uploads\/2021\/02\/Banniere_evenement.png\" alt=\"\" class=\"wp-image-5949\" srcset=\"https:\/\/www.infolocale.fr\/blog\/wp-content\/uploads\/2021\/02\/Banniere_evenement.png 908w, https:\/\/www.infolocale.fr\/blog\/wp-content\/uploads\/2021\/02\/Banniere_evenement-300x65.png 300w, https:\/\/www.infolocale.fr\/blog\/wp-content\/uploads\/2021\/02\/Banniere_evenement-768x166.png 768w, https:\/\/www.infolocale.fr\/blog\/wp-content\/uploads\/2021\/02\/Banniere_evenement-278x60.png 278w\" sizes=\"(max-width: 908px) 100vw, 908px\" \/><\/a><\/figure>\n\n\n\n<p><strong>Un \u00e9quipement n\u00e9cessaire<\/strong><\/p>\n\n\n\n<p>Les responsables du Club veulent accro\u00eetre le nombre de licenci\u00e9s en allongeant les plages horaires disponibles, gr\u00e2ce \u00e0 ce nouvel outil. Ils relancent aussi l&rsquo;id\u00e9e d&rsquo;int\u00e9grer le foot f\u00e9minin au sein du Club.<\/p>\n\n\n\n<figure class=\"wp-block-image is-resized\"><img decoding=\"async\" src=\"https:\/\/www.infolocale.fr\/blog\/wp-content\/uploads\/2021\/01\/imgpsh_mobile_save-3.jpg\" alt=\"L\u2019attribut alt de cette image est vide, son nom de fichier est imgpsh_mobile_save-3.jpg.\" width=\"581\" height=\"430\"\/><figcaption>Les seize membres du bureau du Club de Foot de Servon-sur-Vilaine<\/figcaption><\/figure>\n\n\n\n<p>La collectivit\u00e9 locale, comme ailleurs, contribue \u00e0 la vie du Club en octroyant des subventions pour les Jeunes,&nbsp; la mise \u00e0 disposition d\u2019un entraineur pour les juniors, et le local du foyer. Le club se charge de l\u2019entretien. Les partenaires, dont certains sont artisans, sont partie prenante.<\/p>\n\n\n\n<p>&nbsp;<\/p>\n\n\n\n<figure class=\"wp-block-image\"><img decoding=\"async\" src=\"https:\/\/www.infolocale.fr\/blog\/wp-content\/uploads\/2021\/01\/logo-petit.jpg\" alt=\"L\u2019attribut alt de cette image est vide, son nom de fichier est logo-petit.jpg.\"\/><\/figure>\n\n\n\n<p><strong>\u00ab&nbsp;Plus qu\u2019un club, une famille&nbsp;\u00bb<\/strong><\/p>\n\n\n\n<p>Ce slogan est celui du C.S. Servon. Patrice et d\u2019autres b\u00e9n\u00e9voles l\u2019illustrent bien&nbsp;! Des liens d\u2019amiti\u00e9s se cr\u00e9ent. Patrice, animateur n\u00e9, aime s\u2019investir dans le collectif, pas vraiment sur le terrain, plut\u00f4t \u00e0 sa sortie. Il assure l\u2019apr\u00e8s&nbsp;! La fameuse 3<sup>\u00e8me<\/sup> mi-temps. Le foyer est le th\u00e9\u00e2tre investi par Patrice et ses complices. Ouvert pendant les entra\u00eenements et les matchs.<\/p>\n\n\n\n<p>Une famille qui peut parfois vampiriser la vraie&nbsp;: les b\u00e9n\u00e9voles d\u2019un club de foot sont souvent pr\u00e9sents et donc absents pour les leurs&nbsp;! Patrice salue la tol\u00e9rance de son \u00e9pouse, Nadine \u00ab\u00a0<strong>toutes ces heures de b\u00e9n\u00e9volat durant plus de 20 ans n&rsquo;auraient pu \u00eatre possibles sans l&rsquo;accord de Nadine, qui n&rsquo;a jamais mis de barri\u00e8re, bien au contraire..\u00a0\u00bb<\/strong>  Par tous les temps, \u00e0 tous les matchs \u00e0 domicile, en ext\u00e9rieur Patrice suit le Club. Pour \u00e9quilibrer cette accaparation, des soir\u00e9es sont organis\u00e9es par le Club pour les b\u00e9n\u00e9voles et leurs conjoint(e)s. Et accueillir toutes et tous, en cr\u00e9ant du lien, des moments festifs et chaleureux&nbsp;: des soir\u00e9es moules-frites, soir\u00e9es jeux ont encore plus resserr\u00e9 les liens, comme les tournois de Ping-Pong semi-nocturnes !<\/p>\n\n\n\n<p><strong>La passion et l&rsquo;animation en h\u00e9ritage<\/strong><\/p>\n\n\n\n<p>Son fils, Arnaud joue en Senior. Coach sportif, b\u00e9n\u00e9vole charg\u00e9 du site web, il apporte sa \u00ab&nbsp;touche&nbsp;\u00bb th\u00e9\u00e2trale aux animations. Des situations &nbsp;de matchs transpos\u00e9es en sayn\u00e8tes. De quoi int\u00e9grer toute la communaut\u00e9 dans l\u2019humour et susciter la complicit\u00e9&nbsp;! En 2019, le CS Servon \u00e9dite un album PANINI avec les photos des joueurs du Club. Cette initiative, orchestr\u00e9e par Arnaud, a \u00e9t\u00e9 un succ\u00e8s. De m\u00eame, le concours de cr\u00e9ation du plus beau maillot CS Servon en 2020 a permis de cr\u00e9er du lien pendant la pand\u00e9mie.<\/p>\n\n\n\n<p><strong>Impact du deuxi\u00e8me confinement sur la vie du Club<\/strong><\/p>\n\n\n\n<p>L&rsquo;arr\u00eat des matchs le 2 novembre 2020 compliquent le quotidien du Club. L&rsquo;acc\u00e8s aux vestiaires est interdit. Les joueurs doivent se changer dans leurs voitures. Patrice d\u00e9plore de les recevoir ainsi, sans m\u00eame pouvoir leur fournir une bouteille d&rsquo;eau. Les partenaires sont fid\u00e8les, malgr\u00e9 la crise.&nbsp;En contrepartie de leur engagement, \u00ab\u00a0<strong>nous leur garantissons la visibilit\u00e9 sur les r\u00e9seaux sociaux&nbsp;; celle sur le terrain est devenue moins valorisante pour eux.\u00a0\u00bb<\/strong>  <\/p>\n\n\n\n<p><strong>Un fonctionnement au ralenti<\/strong><\/p>\n\n\n\n<p>C&rsquo;est la pause pour les entra\u00eenements. Il faut maintenir la forme pourtant.. Les \u00e9quipes se sont entrain\u00e9es \u00e0 distance en visio avec Arnaud pendant le confinement. Les entrainements des jeunes ont repris d\u00e9but d\u00e9cembre, mi-d\u00e9cembre 2020 pour les s\u00e9niors,  en respectant la distanciation des joueurs. L&rsquo;essentiel est de maintenir le lien avec les joueurs. Pas de visibilit\u00e9 pour la suite de la saison ? Comme beaucoup d&rsquo;autres club, les consignes de la F\u00e9d\u00e9ration sont appliqu\u00e9es, en faisant comme si la reprise \u00e9tait pour mars 2021 ? L\u2019\u00e9volution des conditions sanitaires d\u00e9cidera. il a anim\u00e9 des entra\u00eenements \u00e0 distance en visio pendant le confinement et depuis les entra\u00eenements ont en parti repris en respectant les distanciation&#8230;<\/p>\n\n\n\n<p>Patrice aime le Club, qui le lui rend bien. Le samedi, il passe faire \u00ab&nbsp;un petit tour&nbsp;\u00bb lorsque les petits s\u2019entra\u00eenent. Sans vanit\u00e9 aucune, il avoue l\u2019\u00e9motion ressentie lorsque ces \u00ab&nbsp;<strong>petits bouts de choux<\/strong>&nbsp;\u00bb disent \u00ab&nbsp;<strong>Bonjour Monsieur le Vice-Pr\u00e9sident&nbsp;<\/strong>\u00bb. Une interpellation qui le fait fondre.<\/p>\n\n\n\n<figure class=\"wp-block-image size-large is-resized\"><img decoding=\"async\" src=\"https:\/\/www.infolocale.fr\/blog\/wp-content\/uploads\/2021\/01\/image.jpeg\" alt=\"\" class=\"wp-image-5422\" width=\"563\" height=\"751\" srcset=\"https:\/\/www.infolocale.fr\/blog\/wp-content\/uploads\/2021\/01\/image.jpeg 384w, https:\/\/www.infolocale.fr\/blog\/wp-content\/uploads\/2021\/01\/image-225x300.jpeg 225w, https:\/\/www.infolocale.fr\/blog\/wp-content\/uploads\/2021\/01\/image-45x60.jpeg 45w\" sizes=\"(max-width: 563px) 100vw, 563px\" \/><figcaption>Patrice, Arnaud et Elina, fille d&rsquo;Arnaud, petite-fille de Patrice,  qui trottine d\u00e9j\u00e0 sur le terrain de foot ! Future joueuse ?<br> Elina avait pris l&rsquo;habitude de venir supporter son papa le dimanche avant le confinement<\/figcaption><\/figure>\n","protected":false},"excerpt":{"rendered":"<p>Footeux un peu, animateur beaucoup, le go\u00fbt des autres, passionn\u00e9ment. Servon-sur-Vilaine, commune d\u2019Ille-et-Vilaine, situ\u00e9e \u00e0 20 km \u00e0 l&rsquo;est de Rennes dans le Pays de [&hellip;]<\/p>\n","protected":false},"author":8,"featured_media":5402,"comment_status":"open","ping_status":"open","sticky":false,"template":"","format":"standard","meta":{"_coblocks_attr":"","_coblocks_dimensions":"","_coblocks_responsive_height":"","_coblocks_accordion_ie_support":"","_mo_disable_npp":"","footnotes":""},"categories":[6],"tags":[],"class_list":["post-5400","post","type-post","status-publish","format-standard","has-post-thumbnail","hentry","category-actu-acteurs-locaux"],"yoast_head":"<!-- This site is optimized with the Yoast SEO plugin v23.2 - https:\/\/yoast.com\/wordpress\/plugins\/seo\/ -->\n<title>Etre b\u00e9n\u00e9vole dans un club de foot |<\/title>\n<meta name=\"robots\" content=\"index, follow, max-snippet:-1, max-image-preview:large, max-video-preview:-1\" \/>\n<link rel=\"canonical\" href=\"https:\/\/infolocale.20minutes.fr\/blog\/5400-2\/\" \/>\n<meta property=\"og:locale\" content=\"fr_FR\" \/>\n<meta property=\"og:type\" content=\"article\" \/>\n<meta property=\"og:title\" content=\"Etre b\u00e9n\u00e9vole dans un club de foot |\" \/>\n<meta property=\"og:description\" content=\"Footeux un peu, animateur beaucoup, le go\u00fbt des autres, passionn\u00e9ment. Servon-sur-Vilaine, commune d\u2019Ille-et-Vilaine, situ\u00e9e \u00e0 20 km \u00e0 l&rsquo;est de Rennes dans le Pays de [&hellip;]\" \/>\n<meta property=\"og:url\" content=\"https:\/\/infolocale.20minutes.fr\/blog\/5400-2\/\" \/>\n<meta property=\"article:publisher\" content=\"https:\/\/www.facebook.com\/infolocaleFR\/\" \/>\n<meta property=\"article:published_time\" content=\"2021-01-14T19:36:22+00:00\" \/>\n<meta property=\"article:modified_time\" content=\"2021-08-12T13:49:38+00:00\" \/>\n<meta property=\"og:image\" content=\"https:\/\/infolocale.20minutes.fr\/blog\/wp-content\/uploads\/2021\/01\/aff03dfb-fd34-421d-8446-a3cf80cefb80.jpg\" \/>\n\t<meta property=\"og:image:width\" content=\"512\" \/>\n\t<meta property=\"og:image:height\" content=\"374\" \/>\n\t<meta property=\"og:image:type\" content=\"image\/jpeg\" \/>\n<meta name=\"author\" content=\"Myl\u00e8ne\" \/>\n<meta name=\"twitter:card\" content=\"summary_large_image\" \/>\n<meta name=\"twitter:creator\" content=\"@infolocale\" \/>\n<meta name=\"twitter:site\" content=\"@infolocale\" \/>\n<meta name=\"twitter:label1\" content=\"\u00c9crit par\" \/>\n\t<meta name=\"twitter:data1\" content=\"Myl\u00e8ne\" \/>\n\t<meta name=\"twitter:label2\" content=\"Dur\u00e9e de lecture estim\u00e9e\" \/>\n\t<meta name=\"twitter:data2\" content=\"5 minutes\" \/>\n<script type=\"application\/ld+json\" class=\"yoast-schema-graph\">{\"@context\":\"https:\/\/schema.org\",\"@graph\":[{\"@type\":\"Article\",\"@id\":\"https:\/\/infolocale.20minutes.fr\/blog\/5400-2\/#article\",\"isPartOf\":{\"@id\":\"https:\/\/infolocale.20minutes.fr\/blog\/5400-2\/\"},\"author\":{\"name\":\"Myl\u00e8ne\",\"@id\":\"https:\/\/www.infolocale.fr\/blog\/#\/schema\/person\/bf2dc50c6636ffa2ce3e44ef1f9eb97f\"},\"headline\":\"Etre b\u00e9n\u00e9vole dans un club de foot\",\"datePublished\":\"2021-01-14T19:36:22+00:00\",\"dateModified\":\"2021-08-12T13:49:38+00:00\",\"mainEntityOfPage\":{\"@id\":\"https:\/\/infolocale.20minutes.fr\/blog\/5400-2\/\"},\"wordCount\":1055,\"commentCount\":1,\"publisher\":{\"@id\":\"https:\/\/www.infolocale.fr\/blog\/#organization\"},\"image\":{\"@id\":\"https:\/\/infolocale.20minutes.fr\/blog\/5400-2\/#primaryimage\"},\"thumbnailUrl\":\"https:\/\/www.infolocale.fr\/blog\/wp-content\/uploads\/2021\/01\/aff03dfb-fd34-421d-8446-a3cf80cefb80.jpg\",\"articleSection\":[\"En ce moment\"],\"inLanguage\":\"fr-FR\",\"potentialAction\":[{\"@type\":\"CommentAction\",\"name\":\"Comment\",\"target\":[\"https:\/\/infolocale.20minutes.fr\/blog\/5400-2\/#respond\"]}]},{\"@type\":\"WebPage\",\"@id\":\"https:\/\/infolocale.20minutes.fr\/blog\/5400-2\/\",\"url\":\"https:\/\/infolocale.20minutes.fr\/blog\/5400-2\/\",\"name\":\"Etre b\u00e9n\u00e9vole dans un club de foot |\",\"isPartOf\":{\"@id\":\"https:\/\/www.infolocale.fr\/blog\/#website\"},\"primaryImageOfPage\":{\"@id\":\"https:\/\/infolocale.20minutes.fr\/blog\/5400-2\/#primaryimage\"},\"image\":{\"@id\":\"https:\/\/infolocale.20minutes.fr\/blog\/5400-2\/#primaryimage\"},\"thumbnailUrl\":\"https:\/\/www.infolocale.fr\/blog\/wp-content\/uploads\/2021\/01\/aff03dfb-fd34-421d-8446-a3cf80cefb80.jpg\",\"datePublished\":\"2021-01-14T19:36:22+00:00\",\"dateModified\":\"2021-08-12T13:49:38+00:00\",\"breadcrumb\":{\"@id\":\"https:\/\/infolocale.20minutes.fr\/blog\/5400-2\/#breadcrumb\"},\"inLanguage\":\"fr-FR\",\"potentialAction\":[{\"@type\":\"ReadAction\",\"target\":[\"https:\/\/infolocale.20minutes.fr\/blog\/5400-2\/\"]}]},{\"@type\":\"ImageObject\",\"inLanguage\":\"fr-FR\",\"@id\":\"https:\/\/infolocale.20minutes.fr\/blog\/5400-2\/#primaryimage\",\"url\":\"https:\/\/www.infolocale.fr\/blog\/wp-content\/uploads\/2021\/01\/aff03dfb-fd34-421d-8446-a3cf80cefb80.jpg\",\"contentUrl\":\"https:\/\/www.infolocale.fr\/blog\/wp-content\/uploads\/2021\/01\/aff03dfb-fd34-421d-8446-a3cf80cefb80.jpg\",\"width\":512,\"height\":374},{\"@type\":\"BreadcrumbList\",\"@id\":\"https:\/\/infolocale.20minutes.fr\/blog\/5400-2\/#breadcrumb\",\"itemListElement\":[{\"@type\":\"ListItem\",\"position\":1,\"name\":\"Blog\",\"item\":\"https:\/\/infolocale.ouest-france.fr\/blog\/\"},{\"@type\":\"ListItem\",\"position\":2,\"name\":\"En ce moment\",\"item\":\"https:\/\/infolocale.20minutes.fr\/blog\/cat\/actu-acteurs-locaux\/\"},{\"@type\":\"ListItem\",\"position\":3,\"name\":\"Etre b\u00e9n\u00e9vole dans un club de foot\"}]},{\"@type\":\"WebSite\",\"@id\":\"https:\/\/www.infolocale.fr\/blog\/#website\",\"url\":\"https:\/\/www.infolocale.fr\/blog\/\",\"name\":\"\",\"description\":\"\",\"publisher\":{\"@id\":\"https:\/\/www.infolocale.fr\/blog\/#organization\"},\"potentialAction\":[{\"@type\":\"SearchAction\",\"target\":{\"@type\":\"EntryPoint\",\"urlTemplate\":\"https:\/\/www.infolocale.fr\/blog\/?s={search_term_string}\"},\"query-input\":\"required name=search_term_string\"}],\"inLanguage\":\"fr-FR\"},{\"@type\":\"Organization\",\"@id\":\"https:\/\/www.infolocale.fr\/blog\/#organization\",\"name\":\"Infolocale\",\"url\":\"https:\/\/www.infolocale.fr\/blog\/\",\"logo\":{\"@type\":\"ImageObject\",\"inLanguage\":\"fr-FR\",\"@id\":\"https:\/\/www.infolocale.fr\/blog\/#\/schema\/logo\/image\/\",\"url\":\"https:\/\/www.infolocale.fr\/blog\/wp-content\/uploads\/2020\/11\/logol.jpg\",\"contentUrl\":\"https:\/\/www.infolocale.fr\/blog\/wp-content\/uploads\/2020\/11\/logol.jpg\",\"width\":1031,\"height\":398,\"caption\":\"Infolocale\"},\"image\":{\"@id\":\"https:\/\/www.infolocale.fr\/blog\/#\/schema\/logo\/image\/\"},\"sameAs\":[\"https:\/\/www.facebook.com\/infolocaleFR\/\",\"https:\/\/x.com\/infolocale\",\"https:\/\/www.instagram.com\/infolocale\/\",\"https:\/\/fr.linkedin.com\/company\/infolocale\",\"https:\/\/www.youtube.com\/channel\/UCnv4FA8EYEuu_si3TGr7xeA\"]},{\"@type\":\"Person\",\"@id\":\"https:\/\/www.infolocale.fr\/blog\/#\/schema\/person\/bf2dc50c6636ffa2ce3e44ef1f9eb97f\",\"name\":\"Myl\u00e8ne\",\"image\":{\"@type\":\"ImageObject\",\"inLanguage\":\"fr-FR\",\"@id\":\"https:\/\/www.infolocale.fr\/blog\/#\/schema\/person\/image\/\",\"url\":\"https:\/\/secure.gravatar.com\/avatar\/49511f0ea4b41ed3062b218e30f07042?s=96&d=mm&r=g\",\"contentUrl\":\"https:\/\/secure.gravatar.com\/avatar\/49511f0ea4b41ed3062b218e30f07042?s=96&d=mm&r=g\",\"caption\":\"Myl\u00e8ne\"},\"url\":\"https:\/\/www.infolocale.fr\/blog\/author\/mylene-michel\/\"}]}<\/script>\n<!-- \/ Yoast SEO plugin. -->","yoast_head_json":{"title":"Etre b\u00e9n\u00e9vole dans un club de foot |","robots":{"index":"index","follow":"follow","max-snippet":"max-snippet:-1","max-image-preview":"max-image-preview:large","max-video-preview":"max-video-preview:-1"},"canonical":"https:\/\/infolocale.20minutes.fr\/blog\/5400-2\/","og_locale":"fr_FR","og_type":"article","og_title":"Etre b\u00e9n\u00e9vole dans un club de foot |","og_description":"Footeux un peu, animateur beaucoup, le go\u00fbt des autres, passionn\u00e9ment. Servon-sur-Vilaine, commune d\u2019Ille-et-Vilaine, situ\u00e9e \u00e0 20 km \u00e0 l&rsquo;est de Rennes dans le Pays de [&hellip;]","og_url":"https:\/\/infolocale.20minutes.fr\/blog\/5400-2\/","article_publisher":"https:\/\/www.facebook.com\/infolocaleFR\/","article_published_time":"2021-01-14T19:36:22+00:00","article_modified_time":"2021-08-12T13:49:38+00:00","og_image":[{"width":512,"height":374,"url":"https:\/\/infolocale.20minutes.fr\/blog\/wp-content\/uploads\/2021\/01\/aff03dfb-fd34-421d-8446-a3cf80cefb80.jpg","type":"image\/jpeg"}],"author":"Myl\u00e8ne","twitter_card":"summary_large_image","twitter_creator":"@infolocale","twitter_site":"@infolocale","twitter_misc":{"\u00c9crit par":"Myl\u00e8ne","Dur\u00e9e de lecture estim\u00e9e":"5 minutes"},"schema":{"@context":"https:\/\/schema.org","@graph":[{"@type":"Article","@id":"https:\/\/infolocale.20minutes.fr\/blog\/5400-2\/#article","isPartOf":{"@id":"https:\/\/infolocale.20minutes.fr\/blog\/5400-2\/"},"author":{"name":"Myl\u00e8ne","@id":"https:\/\/www.infolocale.fr\/blog\/#\/schema\/person\/bf2dc50c6636ffa2ce3e44ef1f9eb97f"},"headline":"Etre b\u00e9n\u00e9vole dans un club de foot","datePublished":"2021-01-14T19:36:22+00:00","dateModified":"2021-08-12T13:49:38+00:00","mainEntityOfPage":{"@id":"https:\/\/infolocale.20minutes.fr\/blog\/5400-2\/"},"wordCount":1055,"commentCount":1,"publisher":{"@id":"https:\/\/www.infolocale.fr\/blog\/#organization"},"image":{"@id":"https:\/\/infolocale.20minutes.fr\/blog\/5400-2\/#primaryimage"},"thumbnailUrl":"https:\/\/www.infolocale.fr\/blog\/wp-content\/uploads\/2021\/01\/aff03dfb-fd34-421d-8446-a3cf80cefb80.jpg","articleSection":["En ce moment"],"inLanguage":"fr-FR","potentialAction":[{"@type":"CommentAction","name":"Comment","target":["https:\/\/infolocale.20minutes.fr\/blog\/5400-2\/#respond"]}]},{"@type":"WebPage","@id":"https:\/\/infolocale.20minutes.fr\/blog\/5400-2\/","url":"https:\/\/infolocale.20minutes.fr\/blog\/5400-2\/","name":"Etre b\u00e9n\u00e9vole dans un club de foot |","isPartOf":{"@id":"https:\/\/www.infolocale.fr\/blog\/#website"},"primaryImageOfPage":{"@id":"https:\/\/infolocale.20minutes.fr\/blog\/5400-2\/#primaryimage"},"image":{"@id":"https:\/\/infolocale.20minutes.fr\/blog\/5400-2\/#primaryimage"},"thumbnailUrl":"https:\/\/www.infolocale.fr\/blog\/wp-content\/uploads\/2021\/01\/aff03dfb-fd34-421d-8446-a3cf80cefb80.jpg","datePublished":"2021-01-14T19:36:22+00:00","dateModified":"2021-08-12T13:49:38+00:00","breadcrumb":{"@id":"https:\/\/infolocale.20minutes.fr\/blog\/5400-2\/#breadcrumb"},"inLanguage":"fr-FR","potentialAction":[{"@type":"ReadAction","target":["https:\/\/infolocale.20minutes.fr\/blog\/5400-2\/"]}]},{"@type":"ImageObject","inLanguage":"fr-FR","@id":"https:\/\/infolocale.20minutes.fr\/blog\/5400-2\/#primaryimage","url":"https:\/\/www.infolocale.fr\/blog\/wp-content\/uploads\/2021\/01\/aff03dfb-fd34-421d-8446-a3cf80cefb80.jpg","contentUrl":"https:\/\/www.infolocale.fr\/blog\/wp-content\/uploads\/2021\/01\/aff03dfb-fd34-421d-8446-a3cf80cefb80.jpg","width":512,"height":374},{"@type":"BreadcrumbList","@id":"https:\/\/infolocale.20minutes.fr\/blog\/5400-2\/#breadcrumb","itemListElement":[{"@type":"ListItem","position":1,"name":"Blog","item":"https:\/\/infolocale.ouest-france.fr\/blog\/"},{"@type":"ListItem","position":2,"name":"En ce moment","item":"https:\/\/infolocale.20minutes.fr\/blog\/cat\/actu-acteurs-locaux\/"},{"@type":"ListItem","position":3,"name":"Etre b\u00e9n\u00e9vole dans un club de foot"}]},{"@type":"WebSite","@id":"https:\/\/www.infolocale.fr\/blog\/#website","url":"https:\/\/www.infolocale.fr\/blog\/","name":"","description":"","publisher":{"@id":"https:\/\/www.infolocale.fr\/blog\/#organization"},"potentialAction":[{"@type":"SearchAction","target":{"@type":"EntryPoint","urlTemplate":"https:\/\/www.infolocale.fr\/blog\/?s={search_term_string}"},"query-input":"required name=search_term_string"}],"inLanguage":"fr-FR"},{"@type":"Organization","@id":"https:\/\/www.infolocale.fr\/blog\/#organization","name":"Infolocale","url":"https:\/\/www.infolocale.fr\/blog\/","logo":{"@type":"ImageObject","inLanguage":"fr-FR","@id":"https:\/\/www.infolocale.fr\/blog\/#\/schema\/logo\/image\/","url":"https:\/\/www.infolocale.fr\/blog\/wp-content\/uploads\/2020\/11\/logol.jpg","contentUrl":"https:\/\/www.infolocale.fr\/blog\/wp-content\/uploads\/2020\/11\/logol.jpg","width":1031,"height":398,"caption":"Infolocale"},"image":{"@id":"https:\/\/www.infolocale.fr\/blog\/#\/schema\/logo\/image\/"},"sameAs":["https:\/\/www.facebook.com\/infolocaleFR\/","https:\/\/x.com\/infolocale","https:\/\/www.instagram.com\/infolocale\/","https:\/\/fr.linkedin.com\/company\/infolocale","https:\/\/www.youtube.com\/channel\/UCnv4FA8EYEuu_si3TGr7xeA"]},{"@type":"Person","@id":"https:\/\/www.infolocale.fr\/blog\/#\/schema\/person\/bf2dc50c6636ffa2ce3e44ef1f9eb97f","name":"Myl\u00e8ne","image":{"@type":"ImageObject","inLanguage":"fr-FR","@id":"https:\/\/www.infolocale.fr\/blog\/#\/schema\/person\/image\/","url":"https:\/\/secure.gravatar.com\/avatar\/49511f0ea4b41ed3062b218e30f07042?s=96&d=mm&r=g","contentUrl":"https:\/\/secure.gravatar.com\/avatar\/49511f0ea4b41ed3062b218e30f07042?s=96&d=mm&r=g","caption":"Myl\u00e8ne"},"url":"https:\/\/www.infolocale.fr\/blog\/author\/mylene-michel\/"}]}},"_links":{"self":[{"href":"https:\/\/www.infolocale.fr\/blog\/wp-json\/wp\/v2\/posts\/5400"}],"collection":[{"href":"https:\/\/www.infolocale.fr\/blog\/wp-json\/wp\/v2\/posts"}],"about":[{"href":"https:\/\/www.infolocale.fr\/blog\/wp-json\/wp\/v2\/types\/post"}],"author":[{"embeddable":true,"href":"https:\/\/www.infolocale.fr\/blog\/wp-json\/wp\/v2\/users\/8"}],"replies":[{"embeddable":true,"href":"https:\/\/www.infolocale.fr\/blog\/wp-json\/wp\/v2\/comments?post=5400"}],"version-history":[{"count":0,"href":"https:\/\/www.infolocale.fr\/blog\/wp-json\/wp\/v2\/posts\/5400\/revisions"}],"wp:featuredmedia":[{"embeddable":true,"href":"https:\/\/www.infolocale.fr\/blog\/wp-json\/wp\/v2\/media\/5402"}],"wp:attachment":[{"href":"https:\/\/www.infolocale.fr\/blog\/wp-json\/wp\/v2\/media?parent=5400"}],"wp:term":[{"taxonomy":"category","embeddable":true,"href":"https:\/\/www.infolocale.fr\/blog\/wp-json\/wp\/v2\/categories?post=5400"},{"taxonomy":"post_tag","embeddable":true,"href":"https:\/\/www.infolocale.fr\/blog\/wp-json\/wp\/v2\/tags?post=5400"}],"curies":[{"name":"wp","href":"https:\/\/api.w.org\/{rel}","templated":true}]}}