{"id":4357,"date":"2020-11-27T15:47:00","date_gmt":"2020-11-27T14:47:00","guid":{"rendered":"https:\/\/www.infolocale.fr\/blog\/?p=4357"},"modified":"2025-10-14T17:17:43","modified_gmt":"2025-10-14T15:17:43","slug":"digitaliser-actions-association","status":"publish","type":"post","link":"https:\/\/www.infolocale.fr\/blog\/digitaliser-actions-association\/","title":{"rendered":"Cr\u00e9er des actions en ligne pour son association"},"content":{"rendered":"\n<p>L\u2019inactivit\u00e9 risque de mener au d\u00e9sengagement de vos membres. Voici quelques exemples d\u2019activit\u00e9s pour digitaliser ou dynamiser votre association en ligne et sur les r\u00e9seaux sociaux<\/p>\n\n\n\n<ul class=\"wp-block-list\">\n<li>Faites participer vos adh\u00e9rents \u00e0 vos r\u00e9unions en ligne<\/li>\n\n\n\n<li>Organisez des webinaires, des ateliers et activit\u00e9s en ligne<\/li>\n\n\n\n<li>Adoptez une communication et un rythme r\u00e9gulier<\/li>\n\n\n\n<li>Restez toujours dans des sujets li\u00e9s \u00e0 la discipline de votre association<\/li>\n\n\n\n<li>Repensez votre communication interne et externe<\/li>\n\n\n\n<li>Vos membres doivent se sentir impliqu\u00e9s<\/li>\n\n\n\n<li>Vos publics doivent sentir que vous \u00eates toujours actif<\/li>\n<\/ul>\n\n\n\n<div class=\"wp-block-buttons is-horizontal is-content-justification-center is-layout-flex wp-container-core-buttons-is-layout-1 wp-block-buttons-is-layout-flex\">\n<div class=\"wp-block-button\"><a class=\"wp-block-button__link has-white-color has-luminous-vivid-amber-background-color has-text-color has-background wp-element-button\"><strong>&gt;&gt;Inscrire mon asso \u00e0 Infolocale <\/strong><\/a><\/div>\n<\/div>\n\n\n\n<h2 class=\"wp-block-heading\">Le confinement et le risque du d\u00e9sengagement chez vos b\u00e9n\u00e9voles<\/h2>\n\n\n\n<p>Il vous est aujourd\u2019hui impossible de vous rassembler dans les locaux de votre association, ni d\u2019organiser <a href=\"https:\/\/www.infolocale.fr\/blog\/assemblee-generale-association\/\">une assembl\u00e9e g\u00e9n\u00e9rale<\/a> en pr\u00e9sentiel. Vous avez tr\u00e8s certainement d\u00fb annuler vos rendez-vous hebdomadaires, vos rencontres, vos entra\u00eenements\u2026 Maintenant que l\u2019activit\u00e9 est au ralenti, deux menaces planent sur votre asso ; celle de ne pas l\u00e9gitimer la cotisation de vos adh\u00e9rents et celle de les voir se d\u00e9mobiliser par l\u2019absence d\u2019activit\u00e9. Digitaliser vos actions permettra \u00e0 votre association de rester active, m\u00eame pendant le confinement.<\/p>\n\n\n\n<h3 class=\"wp-block-heading\">Deux vagues de d\u00e9sengagement des b\u00e9n\u00e9voles entra\u00een\u00e9es par la covid<\/h3>\n\n\n\n<p>En France, les retrait\u00e9s constituent le principal contingent des b\u00e9n\u00e9voles des associations. Ainsi, selon une \u00e9tude France b\u00e9n\u00e9volat \/ IFOP, sur les 20 millions de b\u00e9n\u00e9voles que comptait l\u2019hexagone en 2019, 51% avaient plus de 50 ans et 31% plus de 65 ans. Un public particuli\u00e8rement touch\u00e9 par le covid19. L\u2019\u00e9pid\u00e9mie aurait donc entra\u00een\u00e9 une premi\u00e8re vague de d\u00e9sengagement de ces b\u00e9n\u00e9voles les plus fragiles face au COVID.<\/p>\n\n\n\n<p>A cette premi\u00e8re vague de d\u00e9parts, pourrait maintenant en suivre une autre. Celle, entra\u00een\u00e9e par le confinement et l\u2019absence d\u2019activit\u00e9. Or, quand un b\u00e9n\u00e9vole quitte une association, ce n\u2019est pas seulement une perte de bras ; c\u2019est aussi une perte de la connaissance et celle-ci est de loin l\u2019un des plus gros risques que court votre association pendant ce confinement.<\/p>\n\n\n\n<h2 class=\"wp-block-heading\">La digitalisation de vos actions permet de garder les membres de votre association actifs pendant le confinement<\/h2>\n\n\n\n<p>Alors, comment faire pour garder votre bureau mobilis\u00e9 ? Quelles actions mettre en place pour que vos b\u00e9n\u00e9voles se sentent impliqu\u00e9s ? Comment montrer \u00e0 vos membres cotisant ou \u00e0 votre public que votre asso est toujours active ? Voici quelques \u00e9l\u00e9ments de r\u00e9ponse.<\/p>\n\n\n<div class=\"wp-block-image is-resized\">\n<figure class=\"aligncenter size-large has-lightbox\"><a href=\"https:\/\/www.infolocale.fr\/decouvrir\/deposant\/?utm_source=blog&amp;utm_medium=banner&amp;utm_campaign=blog-content\"><img fetchpriority=\"high\" decoding=\"async\" width=\"1024\" height=\"1024\" src=\"https:\/\/www.infolocale.fr\/blog\/wp-content\/uploads\/2021\/11\/banniere-NLDASSO-carree1500x1500-1024x1024.jpg\" alt=\"\" class=\"wp-image-23946\" srcset=\"https:\/\/www.infolocale.fr\/blog\/wp-content\/uploads\/2021\/11\/banniere-NLDASSO-carree1500x1500-1024x1024.jpg 1024w, https:\/\/www.infolocale.fr\/blog\/wp-content\/uploads\/2021\/11\/banniere-NLDASSO-carree1500x1500-300x300.jpg 300w, https:\/\/www.infolocale.fr\/blog\/wp-content\/uploads\/2021\/11\/banniere-NLDASSO-carree1500x1500-150x150.jpg 150w, https:\/\/www.infolocale.fr\/blog\/wp-content\/uploads\/2021\/11\/banniere-NLDASSO-carree1500x1500-768x768.jpg 768w, https:\/\/www.infolocale.fr\/blog\/wp-content\/uploads\/2021\/11\/banniere-NLDASSO-carree1500x1500.jpg 1500w\" sizes=\"(max-width: 1024px) 100vw, 1024px\" \/><\/a><\/figure><\/div>\n\n\n<h3 class=\"wp-block-heading\">Organiser des r\u00e9unions et webinaires en ligne<\/h3>\n\n\n\n<p>Pour garder vos membres actifs, impliquez-les autant que possible, qu\u2019ils sentent que l\u2019association est l\u00e0, bien vivante et qu\u2019ils en font partie. Communiquez r\u00e9guli\u00e8rement avec eux et sollicitez leur point de vue et opinion.<\/p>\n\n\n\n<p>Proposez leur des r\u00e9unions en ligne pour leur demander leur avis et leur id\u00e9es sur diff\u00e9rents sujets. Invitez-les \u00e0 participer \u00e0 des webinaires, \u00e0 \u00e9changer avec un intervenant marquants ou influents dans votre domaine d\u2019activit\u00e9. Ressortez ce vieux projet que vous repoussez depuis des mois et interrogez vos membres sur la fa\u00e7on de le mettre en place. Demandez-leur s&rsquo;ils ont des id\u00e9es pour am\u00e9liorer votre association.<\/p>\n\n\n\n<ol class=\"wp-block-list\">\n<li>Comment garder l\u2019association active pendant cette p\u00e9riode de covid19 ?<\/li>\n\n\n\n<li>Quels chantiers d\u2019avenir lancer pendant le confinement ?<\/li>\n\n\n\n<li>D\u00e9cider de la programmation de votre association pour l\u2019apr\u00e8s confinement<\/li>\n\n\n\n<li>Quelle <a href=\"https:\/\/www.infolocale.fr\/blog\/plan-communication-association\/\">strat\u00e9gie de communication<\/a> \u00e0 l\u2019avenir ?<\/li>\n\n\n\n<li>Comment recruter de <a href=\"https:\/\/www.infolocale.fr\/blog\/attirer-nouveaux-adherents-association\/\">nouveaux membres<\/a> ?<\/li>\n\n\n\n<li>Quels sont les points \u00e0 am\u00e9liorer dans la gestion de l\u2019association, de ses activit\u00e9s ?<\/li>\n\n\n\n<li>Comment am\u00e9liorer l&rsquo;accueil des nouveaux membres et des b\u00e9n\u00e9voles ?<\/li>\n<\/ol>\n\n\n\n<iframe width=\"560\" height=\"315\" src=\"https:\/\/www.youtube.com\/embed\/sk_sc-dn18k\" frameborder=\"0\" allow=\"accelerometer; autoplay; clipboard-write; encrypted-media; gyroscope; picture-in-picture\" allowfullscreen=\"\"><\/iframe>\n\n\n\n<p>Ici, une vid\u00e9o de l\u2019assembl\u00e9e g\u00e9n\u00e9rale de l\u2019association <a href=\"https:\/\/www.afa.asso.fr\/\" target=\"_blank\" rel=\"noreferrer noopener\">AFA<\/a>, association nationale reconnue d\u2019utilit\u00e9 publique, d\u00e9di\u00e9e au soutien et \u00e0 l\u2019accompagnement des personnes malades de Crohn et de rectocolite h\u00e9morragique<\/p>\n\n\n\n<h3 class=\"wp-block-heading\">Digitaliser vos actions en proposant des activit\u00e9s en ligne aux membres de votre association<\/h3>\n\n\n\n<ol class=\"wp-block-list\">\n<li>Organisez des ateliers en ligne<\/li>\n\n\n\n<li>Proposez des sessions d\u2019entra\u00eenements en live<\/li>\n\n\n\n<li>Produisez en co-cr\u00e9ation avec vos membres<\/li>\n<\/ol>\n\n\n\n<p>Selon le domaine d\u2019activit\u00e9 de votre association, vous pouvez proposer des ateliers. Ainsi, les entra\u00eeneurs d\u2019un club de sport pourraient proposer des sessions de pr\u00e9paration physique ou d\u2019autres ateliers permettant d\u2019impliquer leurs membres. Sans se limiter au sport, ce type d\u2019animation est tout \u00e0 fait d\u00e9clinable dans les domaines de la culture, de la litt\u00e9rature, des arts, de la musique\u2026 Vous pouvez aussi proposer de la co-cr\u00e9ation comme l\u2019on fait de nombreux musiciens et groupes durant le premier confinement.<\/p>\n\n\n\n<figure class=\"wp-block-embed is-type-rich is-provider-prise-en-charge-des-contenus-embarqu-s wp-block-embed-prise-en-charge-des-contenus-embarqu-s wp-embed-aspect-16-9 wp-has-aspect-ratio\"><div class=\"wp-block-embed__wrapper\">\n<iframe title=\"Extrait de r\u00e9p\u00e9tition du Misanthrope en visioconf\u00e9rence - 31\/03\/2020\" width=\"1020\" height=\"574\" src=\"https:\/\/www.youtube.com\/embed\/rpwN-MU4VP8?feature=oembed&#038;enablejsapi=1&#038;origin=https:\/\/www.infolocale.fr\" frameborder=\"0\" allow=\"accelerometer; autoplay; clipboard-write; encrypted-media; gyroscope; picture-in-picture; web-share\" referrerpolicy=\"strict-origin-when-cross-origin\" allowfullscreen><\/iframe>\n<\/div><\/figure>\n\n\n\n<p>Dans cette vid\u00e9o, la troupe <a href=\"http:\/\/www.compagnieouiedire.fr\/\" target=\"_blank\" rel=\"noreferrer noopener\">Ouie-Dire<\/a> r\u00e9p\u00e8te en visioconf\u00e9rence le Misanthrope de Moli\u00e8re. <\/p>\n\n\n\n<figure class=\"wp-block-embed is-type-rich is-provider-prise-en-charge-des-contenus-embarqu-s wp-block-embed-prise-en-charge-des-contenus-embarqu-s wp-embed-aspect-16-9 wp-has-aspect-ratio\"><div class=\"wp-block-embed__wrapper\">\n<iframe title=\"Le Bol\u00e9ro de Ravel par l&#039;Orchestre national de France\" width=\"1020\" height=\"574\" src=\"https:\/\/www.youtube.com\/embed\/Sj4pE_bgRQI?feature=oembed&#038;enablejsapi=1&#038;origin=https:\/\/www.infolocale.fr\" frameborder=\"0\" allow=\"accelerometer; autoplay; clipboard-write; encrypted-media; gyroscope; picture-in-picture; web-share\" referrerpolicy=\"strict-origin-when-cross-origin\" allowfullscreen><\/iframe>\n<\/div><\/figure>\n\n\n\n<p>Ici, au mois de mars 2020, l&rsquo;orchestre national de France diffuse cette vid\u00e9o prise pendant le confinement associant ses musiciens, jouant le Bol\u00e9ro de Ravel depuis chez eux.<\/p>\n\n\n\n<h3 class=\"wp-block-heading\">D\u00e9couvrir et utiliser les comp\u00e9tences de vos b\u00e9n\u00e9voles<\/h3>\n\n\n\n<p>La simple mise en place des deux premiers points devrait vous permettre de d\u00e9couvrir les membres les plus actifs, les plus motiv\u00e9s et les plus demandeurs. Peut-\u00eatre auriez-vous un designer, un coder, un pro des r\u00e9seaux sociaux ou un futur membre du bureau parmi vos licenci\u00e9s. Ces activit\u00e9s vous permettront de trouver les futurs moteurs de votre association. Restez \u00e0 l\u2019\u00e9coute, rep\u00e9rer les comp\u00e9tences et saisissez les occasions d\u2019impliquer encore plus de monde dans le projet. <\/p>\n\n\n\n<figure class=\"wp-block-embed is-type-rich is-provider-prise-en-charge-des-contenus-embarqu-s wp-block-embed-prise-en-charge-des-contenus-embarqu-s wp-embed-aspect-16-9 wp-has-aspect-ratio\"><div class=\"wp-block-embed__wrapper\">\n<iframe title=\"Passeatonvoisin\" width=\"1020\" height=\"574\" src=\"https:\/\/www.youtube.com\/embed\/qPmmJ79Ks-8?feature=oembed&#038;enablejsapi=1&#038;origin=https:\/\/www.infolocale.fr\" frameborder=\"0\" allow=\"accelerometer; autoplay; clipboard-write; encrypted-media; gyroscope; picture-in-picture; web-share\" referrerpolicy=\"strict-origin-when-cross-origin\" allowfullscreen><\/iframe>\n<\/div><\/figure>\n\n\n\n<p>Ci-dessus, les joueurs du club de Rugby de St P\u00e8re (35) soutiennent le personnel m\u00e9dical impliqu\u00e9 pendant le premier confinement. Le mat\u00e9riel n\u00e9cessaire pour mener un tel projet est accessible \u00e0 tous et les comp\u00e9tences souvent pr\u00e9sentes dans les associations sans que le bureau n\u2019en ait conscience.<\/p>\n\n\n\n<h3 class=\"wp-block-heading\">Trouver le bon rythme dans vos activit\u00e9s<\/h3>\n\n\n\n<p>Si vous organisez ce type d\u2019\u00e9v\u00e9nement en ligne pour votre association, le plus dur sera de garder le rythme. On ne sait pas combien de temps le confinement durera. On ne sait pas combien de vagues il y aura. Ces pratiques sont donc \u00e0 inscrire dans la dur\u00e9e ou plut\u00f4t dans la r\u00e9gularit\u00e9. Sur les webinaires th\u00e9matiques, ne grillez pas tous vos sujets en quelques jours. Installez un rythme et une p\u00e9riodicit\u00e9.<\/p>\n\n\n\n<p>Brisez la monotonie en variant les propositions et en passant d\u2019ateliers en activit\u00e9s et conf\u00e9rences.<\/p>\n\n\n\n<h3 class=\"wp-block-heading\">Rester dans le domaine d\u2019expertise de son association<\/h3>\n\n\n\n<p>Naturellement, veillez \u00e0 rester dans les sujets l\u00e9gitimes pour votre association, l\u00e0 o\u00f9 vos membres vous attendent. Inutile d\u2019organiser une session d&rsquo;entra\u00eenement sportif si vous \u00eates un club de lecture. Cela serait m\u00eame contre productif. Toutes vos propositions doivent avoir un rapport avec votre association et son activit\u00e9.<\/p>\n\n\n\n<h2 class=\"wp-block-heading\">Communiquer sur internet<\/h2>\n\n\n\n<p>Profitez du confinement pour remettre \u00e0 plat votre communication. Souvenez-vous que c\u2019est souvent par votre site internet ou vos r\u00e9seaux sociaux que vos membres vous d\u00e9couvrent. Si ce n\u2019est pas le cas, ils auront probablement le r\u00e9flexe d\u2019aller d\u2019aller y faire un tour. Quelle impression votre page facebook donne-t-elle de vous ? Est-elle r\u00e9guli\u00e8rement mise \u00e0 jour ? Vos contenus sont-ils pertinents ? Depuis combien de temps n\u2019avez-vous pas mis \u00e0 jour votre site internet et votre blog ?<\/p>\n\n\n\n<p>Dans ce domaine aussi, peut-\u00eatre pourriez-vous penser \u00e0 de nouvelles actions. Avez-vous un forum ? Utilisez-vous un CRM pour g\u00e9rer vos membres ? Est-ce que vous envoyez des mails ou des newsletters pour tenir vos abonn\u00e9s au courant de votre actualit\u00e9 ?<\/p>\n\n\n\n<p>Utilisez tous ces leviers pour communiquer sur les \u00e9v\u00e9nements en ligne que vous allez bient\u00f4t programmer. Pensez aussi \u00e0 pr\u00e9venir <a href=\"https:\/\/www.infolocale.fr\/blog\/relations-presse-association\/\">la presse<\/a> et \u00e0 <a href=\"https:\/\/s.infolocale.fr\/\">annoncer votre \u00e9v\u00e9nement sur infolocale<\/a>.<\/p>\n\n\n\n<figure class=\"wp-block-image size-large has-lightbox\"><a href=\"https:\/\/www.infolocale.fr\/decouvrir\/plan-de-communication-association\/\"><img decoding=\"async\" width=\"1024\" height=\"178\" src=\"https:\/\/www.infolocale.fr\/blog\/wp-content\/uploads\/2022\/01\/Telecharger-1024x178.png\" alt=\"\" class=\"wp-image-28682\" srcset=\"https:\/\/www.infolocale.fr\/blog\/wp-content\/uploads\/2022\/01\/Telecharger-1024x178.png 1024w, https:\/\/www.infolocale.fr\/blog\/wp-content\/uploads\/2022\/01\/Telecharger-300x52.png 300w, https:\/\/www.infolocale.fr\/blog\/wp-content\/uploads\/2022\/01\/Telecharger-768x134.png 768w, https:\/\/www.infolocale.fr\/blog\/wp-content\/uploads\/2022\/01\/Telecharger.png 1150w\" sizes=\"(max-width: 1024px) 100vw, 1024px\" \/><\/a><\/figure>\n\n\n\n<h2 class=\"wp-block-heading\">Garder son public inform\u00e9<\/h2>\n\n\n\n<p>Il a surtout \u00e9t\u00e9 question ici d&rsquo;insuffler de la vie \u00e0 votre association afin de garder les membres du bureau, ses cadres et ses adh\u00e9rents impliqu\u00e9s. Toutefois, beaucoup d&rsquo;associations travaillent aussi avec des publics, des spectateurs, des supporters, des fans, des festivaliers ou des donateurs. Eux aussi auront besoin d\u2019\u00eatre rassur\u00e9s et associ\u00e9s. Ne les oubliez pas ! La quasi-totalit\u00e9 des conseils list\u00e9s plus haut s&rsquo;appliquent \u00e0 eux \u00e9galement. Et si de nombreux \u00e9v\u00e9nements doivent rester dans le cercle des membres et adh\u00e9rents, vos publics appr\u00e9cieront particuli\u00e8rement de vous savoir actif et de se voir proposer des contenus en cette p\u00e9riode difficile.<\/p>\n\n\n\n<p>Lancez des concours, des appels \u00e0 contribution. Organisez des \u00e9v\u00e9nements en ligne pour vos publics. Publiez des photos, des vid\u00e9os, des articles. Parlez de vos nouveaux projets, lancez des jeux. Publiez des interviews : de vos membres historiques, des cr\u00e9ateurs de votre asso, de vos joueurs en s\u00e9lection, de ceux qui ont remport\u00e9 des distinctions. Ressortez de vos archives vos grands moments historiques.<\/p>\n\n\n\n<p>Communiquez en utilisant l&rsquo;int\u00e9gralit\u00e9 des outils num\u00e9riques \u00e0 votre disposition.<\/p>\n\n\n\n<figure class=\"wp-block-embed is-type-video is-provider-youtube wp-block-embed-youtube wp-embed-aspect-16-9 wp-has-aspect-ratio\"><div class=\"wp-block-embed__wrapper\">\n<iframe title=\"Comment digitaliser vos actions associatives ? | Atelier en ligne\" width=\"1020\" height=\"574\" src=\"https:\/\/www.youtube.com\/embed\/LvyVTIaHoyc?list=PLE6MweiS39Q0f-eqwAfj4s3TvHdaOp8jC\" frameborder=\"0\" allow=\"accelerometer; autoplay; clipboard-write; encrypted-media; gyroscope; picture-in-picture; web-share\" referrerpolicy=\"strict-origin-when-cross-origin\" allowfullscreen><\/iframe>\n<\/div><figcaption class=\"wp-element-caption\">Cet article provient, en grande partie, de l\u2019atelier : \u00ab\u00a0<a href=\"https:\/\/www.youtube.com\/watch?list=PLE6MweiS39Q0f-eqwAfj4s3TvHdaOp8jC&amp;v=LvyVTIaHoyc&amp;feature=emb_logo\" target=\"_blank\" rel=\"noreferrer noopener\">Comment digitaliser vos actions associatives<\/a>\u00a0\u00bb anim\u00e9 par Laura Micheneau de la soci\u00e9t\u00e9 <a href=\"https:\/\/www.helloasso.com\/\" target=\"_blank\" rel=\"noreferrer noopener\">HelloAsso <\/a>&amp; David Moizan d&rsquo;<a href=\"https:\/\/s.infolocale.fr\/\">Infolocale<\/a> ;&nbsp;dans le cadre des&nbsp;<a href=\"https:\/\/visiolocales.infolocale.fr\/\">Visiolocales<\/a>.<\/figcaption><\/figure>\n","protected":false},"excerpt":{"rendered":"<p>L\u2019inactivit\u00e9 risque de mener au d\u00e9sengagement de vos membres. Voici quelques exemples d\u2019activit\u00e9s pour digitaliser ou dynamiser votre association en ligne et sur les r\u00e9seaux [&hellip;]<\/p>\n","protected":false},"author":2,"featured_media":4358,"comment_status":"open","ping_status":"open","sticky":false,"template":"","format":"standard","meta":{"_coblocks_attr":"","_coblocks_dimensions":"","_coblocks_responsive_height":"","_coblocks_accordion_ie_support":"","_mo_disable_npp":"","footnotes":""},"categories":[69],"tags":[66,68],"class_list":["post-4357","post","type-post","status-publish","format-standard","has-post-thumbnail","hentry","category-communication-des-associations","tag-covid19","tag-webinaires"],"yoast_head":"<!-- This site is optimized with the Yoast SEO plugin v23.2 - https:\/\/yoast.com\/wordpress\/plugins\/seo\/ -->\n<title>Cr\u00e9er des actions en ligne pour son association |<\/title>\n<meta name=\"description\" content=\"Des id\u00e9es et des exemples pour digitaliser votre association sur les r\u00e9seaux sociaux, son site, mais aussi via des webinaires et r\u00e9unions.\" \/>\n<meta name=\"robots\" content=\"index, follow, max-snippet:-1, max-image-preview:large, max-video-preview:-1\" \/>\n<link rel=\"canonical\" href=\"https:\/\/www.infolocale.fr\/blog\/digitaliser-actions-association\/\" \/>\n<meta property=\"og:locale\" content=\"fr_FR\" \/>\n<meta property=\"og:type\" content=\"article\" \/>\n<meta property=\"og:title\" content=\"Quelques id\u00e9es pour animer votre association en ligne\" \/>\n<meta property=\"og:description\" content=\"Comment garder son association active sur internet ?\" \/>\n<meta property=\"og:url\" content=\"https:\/\/www.infolocale.fr\/blog\/digitaliser-actions-association\/\" \/>\n<meta property=\"article:publisher\" content=\"https:\/\/www.facebook.com\/infolocaleFR\/\" \/>\n<meta property=\"article:published_time\" content=\"2020-11-27T14:47:00+00:00\" \/>\n<meta property=\"article:modified_time\" content=\"2025-10-14T15:17:43+00:00\" \/>\n<meta property=\"og:image\" content=\"https:\/\/www.infolocale.fr\/blog\/wp-content\/uploads\/2020\/11\/evenement-enligne.jpg\" \/>\n\t<meta property=\"og:image:width\" content=\"1200\" \/>\n\t<meta property=\"og:image:height\" content=\"630\" \/>\n\t<meta property=\"og:image:type\" content=\"image\/jpeg\" \/>\n<meta name=\"author\" content=\"Morgan\" \/>\n<meta name=\"twitter:card\" content=\"summary_large_image\" \/>\n<meta name=\"twitter:title\" content=\"Quelques id\u00e9es pour animer votre association en ligne\" \/>\n<meta name=\"twitter:description\" content=\"Comment garder son association active sur internet ?\" \/>\n<meta name=\"twitter:image\" content=\"https:\/\/www.infolocale.fr\/blog\/wp-content\/uploads\/2020\/11\/evenement-enligne.jpg\" \/>\n<meta name=\"twitter:creator\" content=\"@infolocale\" \/>\n<meta name=\"twitter:site\" content=\"@infolocale\" \/>\n<meta name=\"twitter:label1\" content=\"\u00c9crit par\" \/>\n\t<meta name=\"twitter:data1\" content=\"Morgan\" \/>\n\t<meta name=\"twitter:label2\" content=\"Dur\u00e9e de lecture estim\u00e9e\" \/>\n\t<meta name=\"twitter:data2\" content=\"8 minutes\" \/>\n<script type=\"application\/ld+json\" class=\"yoast-schema-graph\">{\"@context\":\"https:\/\/schema.org\",\"@graph\":[{\"@type\":\"Article\",\"@id\":\"https:\/\/www.infolocale.fr\/blog\/digitaliser-actions-association\/#article\",\"isPartOf\":{\"@id\":\"https:\/\/www.infolocale.fr\/blog\/digitaliser-actions-association\/\"},\"author\":{\"name\":\"Morgan\",\"@id\":\"https:\/\/www.infolocale.fr\/blog\/#\/schema\/person\/f0f748ece99417833166b3ba8890f3db\"},\"headline\":\"Cr\u00e9er des actions en ligne pour son association\",\"datePublished\":\"2020-11-27T14:47:00+00:00\",\"dateModified\":\"2025-10-14T15:17:43+00:00\",\"mainEntityOfPage\":{\"@id\":\"https:\/\/www.infolocale.fr\/blog\/digitaliser-actions-association\/\"},\"wordCount\":1567,\"commentCount\":0,\"publisher\":{\"@id\":\"https:\/\/www.infolocale.fr\/blog\/#organization\"},\"image\":{\"@id\":\"https:\/\/www.infolocale.fr\/blog\/digitaliser-actions-association\/#primaryimage\"},\"thumbnailUrl\":\"https:\/\/www.infolocale.fr\/blog\/wp-content\/uploads\/2020\/11\/evenement-enligne.jpg\",\"keywords\":[\"COVID19\",\"webinaires\"],\"articleSection\":[\"Communication des associations\"],\"inLanguage\":\"fr-FR\",\"potentialAction\":[{\"@type\":\"CommentAction\",\"name\":\"Comment\",\"target\":[\"https:\/\/www.infolocale.fr\/blog\/digitaliser-actions-association\/#respond\"]}]},{\"@type\":\"WebPage\",\"@id\":\"https:\/\/www.infolocale.fr\/blog\/digitaliser-actions-association\/\",\"url\":\"https:\/\/www.infolocale.fr\/blog\/digitaliser-actions-association\/\",\"name\":\"Cr\u00e9er des actions en ligne pour son association |\",\"isPartOf\":{\"@id\":\"https:\/\/www.infolocale.fr\/blog\/#website\"},\"primaryImageOfPage\":{\"@id\":\"https:\/\/www.infolocale.fr\/blog\/digitaliser-actions-association\/#primaryimage\"},\"image\":{\"@id\":\"https:\/\/www.infolocale.fr\/blog\/digitaliser-actions-association\/#primaryimage\"},\"thumbnailUrl\":\"https:\/\/www.infolocale.fr\/blog\/wp-content\/uploads\/2020\/11\/evenement-enligne.jpg\",\"datePublished\":\"2020-11-27T14:47:00+00:00\",\"dateModified\":\"2025-10-14T15:17:43+00:00\",\"description\":\"Des id\u00e9es et des exemples pour digitaliser votre association sur les r\u00e9seaux sociaux, son site, mais aussi via des webinaires et r\u00e9unions.\",\"breadcrumb\":{\"@id\":\"https:\/\/www.infolocale.fr\/blog\/digitaliser-actions-association\/#breadcrumb\"},\"inLanguage\":\"fr-FR\",\"potentialAction\":[{\"@type\":\"ReadAction\",\"target\":[\"https:\/\/www.infolocale.fr\/blog\/digitaliser-actions-association\/\"]}]},{\"@type\":\"ImageObject\",\"inLanguage\":\"fr-FR\",\"@id\":\"https:\/\/www.infolocale.fr\/blog\/digitaliser-actions-association\/#primaryimage\",\"url\":\"https:\/\/www.infolocale.fr\/blog\/wp-content\/uploads\/2020\/11\/evenement-enligne.jpg\",\"contentUrl\":\"https:\/\/www.infolocale.fr\/blog\/wp-content\/uploads\/2020\/11\/evenement-enligne.jpg\",\"width\":1200,\"height\":630,\"caption\":\"Tous nos conseils pour animer votre association en ligne. Des activit\u00e9s, des sujets et des exemples \u00e0 proposer \u00e0 vos fans et \u00e0 votre communaut\u00e9 sur internet\"},{\"@type\":\"BreadcrumbList\",\"@id\":\"https:\/\/www.infolocale.fr\/blog\/digitaliser-actions-association\/#breadcrumb\",\"itemListElement\":[{\"@type\":\"ListItem\",\"position\":1,\"name\":\"Blog\",\"item\":\"https:\/\/infolocale.ouest-france.fr\/blog\/\"},{\"@type\":\"ListItem\",\"position\":2,\"name\":\"Communication des associations\",\"item\":\"https:\/\/infolocale.ouest-france.fr\/blog\/cat\/communication-des-associations\/\"},{\"@type\":\"ListItem\",\"position\":3,\"name\":\"Cr\u00e9er des actions en ligne pour son association\"}]},{\"@type\":\"WebSite\",\"@id\":\"https:\/\/www.infolocale.fr\/blog\/#website\",\"url\":\"https:\/\/www.infolocale.fr\/blog\/\",\"name\":\"\",\"description\":\"\",\"publisher\":{\"@id\":\"https:\/\/www.infolocale.fr\/blog\/#organization\"},\"potentialAction\":[{\"@type\":\"SearchAction\",\"target\":{\"@type\":\"EntryPoint\",\"urlTemplate\":\"https:\/\/www.infolocale.fr\/blog\/?s={search_term_string}\"},\"query-input\":\"required name=search_term_string\"}],\"inLanguage\":\"fr-FR\"},{\"@type\":\"Organization\",\"@id\":\"https:\/\/www.infolocale.fr\/blog\/#organization\",\"name\":\"Infolocale\",\"url\":\"https:\/\/www.infolocale.fr\/blog\/\",\"logo\":{\"@type\":\"ImageObject\",\"inLanguage\":\"fr-FR\",\"@id\":\"https:\/\/www.infolocale.fr\/blog\/#\/schema\/logo\/image\/\",\"url\":\"https:\/\/www.infolocale.fr\/blog\/wp-content\/uploads\/2020\/11\/logol.jpg\",\"contentUrl\":\"https:\/\/www.infolocale.fr\/blog\/wp-content\/uploads\/2020\/11\/logol.jpg\",\"width\":1031,\"height\":398,\"caption\":\"Infolocale\"},\"image\":{\"@id\":\"https:\/\/www.infolocale.fr\/blog\/#\/schema\/logo\/image\/\"},\"sameAs\":[\"https:\/\/www.facebook.com\/infolocaleFR\/\",\"https:\/\/x.com\/infolocale\",\"https:\/\/www.instagram.com\/infolocale\/\",\"https:\/\/fr.linkedin.com\/company\/infolocale\",\"https:\/\/www.youtube.com\/channel\/UCnv4FA8EYEuu_si3TGr7xeA\"]},{\"@type\":\"Person\",\"@id\":\"https:\/\/www.infolocale.fr\/blog\/#\/schema\/person\/f0f748ece99417833166b3ba8890f3db\",\"name\":\"Morgan\",\"image\":{\"@type\":\"ImageObject\",\"inLanguage\":\"fr-FR\",\"@id\":\"https:\/\/www.infolocale.fr\/blog\/#\/schema\/person\/image\/\",\"url\":\"https:\/\/secure.gravatar.com\/avatar\/a22ec2a0cc817ae9fa3ff7341a213632?s=96&d=mm&r=g\",\"contentUrl\":\"https:\/\/secure.gravatar.com\/avatar\/a22ec2a0cc817ae9fa3ff7341a213632?s=96&d=mm&r=g\",\"caption\":\"Morgan\"},\"url\":\"https:\/\/www.infolocale.fr\/blog\/author\/morgan-delepine\/\"}]}<\/script>\n<!-- \/ Yoast SEO plugin. -->","yoast_head_json":{"title":"Cr\u00e9er des actions en ligne pour son association |","description":"Des id\u00e9es et des exemples pour digitaliser votre association sur les r\u00e9seaux sociaux, son site, mais aussi via des webinaires et r\u00e9unions.","robots":{"index":"index","follow":"follow","max-snippet":"max-snippet:-1","max-image-preview":"max-image-preview:large","max-video-preview":"max-video-preview:-1"},"canonical":"https:\/\/www.infolocale.fr\/blog\/digitaliser-actions-association\/","og_locale":"fr_FR","og_type":"article","og_title":"Quelques id\u00e9es pour animer votre association en ligne","og_description":"Comment garder son association active sur internet ?","og_url":"https:\/\/www.infolocale.fr\/blog\/digitaliser-actions-association\/","article_publisher":"https:\/\/www.facebook.com\/infolocaleFR\/","article_published_time":"2020-11-27T14:47:00+00:00","article_modified_time":"2025-10-14T15:17:43+00:00","og_image":[{"width":1200,"height":630,"url":"https:\/\/www.infolocale.fr\/blog\/wp-content\/uploads\/2020\/11\/evenement-enligne.jpg","type":"image\/jpeg"}],"author":"Morgan","twitter_card":"summary_large_image","twitter_title":"Quelques id\u00e9es pour animer votre association en ligne","twitter_description":"Comment garder son association active sur internet ?","twitter_image":"https:\/\/www.infolocale.fr\/blog\/wp-content\/uploads\/2020\/11\/evenement-enligne.jpg","twitter_creator":"@infolocale","twitter_site":"@infolocale","twitter_misc":{"\u00c9crit par":"Morgan","Dur\u00e9e de lecture estim\u00e9e":"8 minutes"},"schema":{"@context":"https:\/\/schema.org","@graph":[{"@type":"Article","@id":"https:\/\/www.infolocale.fr\/blog\/digitaliser-actions-association\/#article","isPartOf":{"@id":"https:\/\/www.infolocale.fr\/blog\/digitaliser-actions-association\/"},"author":{"name":"Morgan","@id":"https:\/\/www.infolocale.fr\/blog\/#\/schema\/person\/f0f748ece99417833166b3ba8890f3db"},"headline":"Cr\u00e9er des actions en ligne pour son association","datePublished":"2020-11-27T14:47:00+00:00","dateModified":"2025-10-14T15:17:43+00:00","mainEntityOfPage":{"@id":"https:\/\/www.infolocale.fr\/blog\/digitaliser-actions-association\/"},"wordCount":1567,"commentCount":0,"publisher":{"@id":"https:\/\/www.infolocale.fr\/blog\/#organization"},"image":{"@id":"https:\/\/www.infolocale.fr\/blog\/digitaliser-actions-association\/#primaryimage"},"thumbnailUrl":"https:\/\/www.infolocale.fr\/blog\/wp-content\/uploads\/2020\/11\/evenement-enligne.jpg","keywords":["COVID19","webinaires"],"articleSection":["Communication des associations"],"inLanguage":"fr-FR","potentialAction":[{"@type":"CommentAction","name":"Comment","target":["https:\/\/www.infolocale.fr\/blog\/digitaliser-actions-association\/#respond"]}]},{"@type":"WebPage","@id":"https:\/\/www.infolocale.fr\/blog\/digitaliser-actions-association\/","url":"https:\/\/www.infolocale.fr\/blog\/digitaliser-actions-association\/","name":"Cr\u00e9er des actions en ligne pour son association |","isPartOf":{"@id":"https:\/\/www.infolocale.fr\/blog\/#website"},"primaryImageOfPage":{"@id":"https:\/\/www.infolocale.fr\/blog\/digitaliser-actions-association\/#primaryimage"},"image":{"@id":"https:\/\/www.infolocale.fr\/blog\/digitaliser-actions-association\/#primaryimage"},"thumbnailUrl":"https:\/\/www.infolocale.fr\/blog\/wp-content\/uploads\/2020\/11\/evenement-enligne.jpg","datePublished":"2020-11-27T14:47:00+00:00","dateModified":"2025-10-14T15:17:43+00:00","description":"Des id\u00e9es et des exemples pour digitaliser votre association sur les r\u00e9seaux sociaux, son site, mais aussi via des webinaires et r\u00e9unions.","breadcrumb":{"@id":"https:\/\/www.infolocale.fr\/blog\/digitaliser-actions-association\/#breadcrumb"},"inLanguage":"fr-FR","potentialAction":[{"@type":"ReadAction","target":["https:\/\/www.infolocale.fr\/blog\/digitaliser-actions-association\/"]}]},{"@type":"ImageObject","inLanguage":"fr-FR","@id":"https:\/\/www.infolocale.fr\/blog\/digitaliser-actions-association\/#primaryimage","url":"https:\/\/www.infolocale.fr\/blog\/wp-content\/uploads\/2020\/11\/evenement-enligne.jpg","contentUrl":"https:\/\/www.infolocale.fr\/blog\/wp-content\/uploads\/2020\/11\/evenement-enligne.jpg","width":1200,"height":630,"caption":"Tous nos conseils pour animer votre association en ligne. Des activit\u00e9s, des sujets et des exemples \u00e0 proposer \u00e0 vos fans et \u00e0 votre communaut\u00e9 sur internet"},{"@type":"BreadcrumbList","@id":"https:\/\/www.infolocale.fr\/blog\/digitaliser-actions-association\/#breadcrumb","itemListElement":[{"@type":"ListItem","position":1,"name":"Blog","item":"https:\/\/infolocale.ouest-france.fr\/blog\/"},{"@type":"ListItem","position":2,"name":"Communication des associations","item":"https:\/\/infolocale.ouest-france.fr\/blog\/cat\/communication-des-associations\/"},{"@type":"ListItem","position":3,"name":"Cr\u00e9er des actions en ligne pour son association"}]},{"@type":"WebSite","@id":"https:\/\/www.infolocale.fr\/blog\/#website","url":"https:\/\/www.infolocale.fr\/blog\/","name":"","description":"","publisher":{"@id":"https:\/\/www.infolocale.fr\/blog\/#organization"},"potentialAction":[{"@type":"SearchAction","target":{"@type":"EntryPoint","urlTemplate":"https:\/\/www.infolocale.fr\/blog\/?s={search_term_string}"},"query-input":"required name=search_term_string"}],"inLanguage":"fr-FR"},{"@type":"Organization","@id":"https:\/\/www.infolocale.fr\/blog\/#organization","name":"Infolocale","url":"https:\/\/www.infolocale.fr\/blog\/","logo":{"@type":"ImageObject","inLanguage":"fr-FR","@id":"https:\/\/www.infolocale.fr\/blog\/#\/schema\/logo\/image\/","url":"https:\/\/www.infolocale.fr\/blog\/wp-content\/uploads\/2020\/11\/logol.jpg","contentUrl":"https:\/\/www.infolocale.fr\/blog\/wp-content\/uploads\/2020\/11\/logol.jpg","width":1031,"height":398,"caption":"Infolocale"},"image":{"@id":"https:\/\/www.infolocale.fr\/blog\/#\/schema\/logo\/image\/"},"sameAs":["https:\/\/www.facebook.com\/infolocaleFR\/","https:\/\/x.com\/infolocale","https:\/\/www.instagram.com\/infolocale\/","https:\/\/fr.linkedin.com\/company\/infolocale","https:\/\/www.youtube.com\/channel\/UCnv4FA8EYEuu_si3TGr7xeA"]},{"@type":"Person","@id":"https:\/\/www.infolocale.fr\/blog\/#\/schema\/person\/f0f748ece99417833166b3ba8890f3db","name":"Morgan","image":{"@type":"ImageObject","inLanguage":"fr-FR","@id":"https:\/\/www.infolocale.fr\/blog\/#\/schema\/person\/image\/","url":"https:\/\/secure.gravatar.com\/avatar\/a22ec2a0cc817ae9fa3ff7341a213632?s=96&d=mm&r=g","contentUrl":"https:\/\/secure.gravatar.com\/avatar\/a22ec2a0cc817ae9fa3ff7341a213632?s=96&d=mm&r=g","caption":"Morgan"},"url":"https:\/\/www.infolocale.fr\/blog\/author\/morgan-delepine\/"}]}},"_links":{"self":[{"href":"https:\/\/www.infolocale.fr\/blog\/wp-json\/wp\/v2\/posts\/4357"}],"collection":[{"href":"https:\/\/www.infolocale.fr\/blog\/wp-json\/wp\/v2\/posts"}],"about":[{"href":"https:\/\/www.infolocale.fr\/blog\/wp-json\/wp\/v2\/types\/post"}],"author":[{"embeddable":true,"href":"https:\/\/www.infolocale.fr\/blog\/wp-json\/wp\/v2\/users\/2"}],"replies":[{"embeddable":true,"href":"https:\/\/www.infolocale.fr\/blog\/wp-json\/wp\/v2\/comments?post=4357"}],"version-history":[{"count":0,"href":"https:\/\/www.infolocale.fr\/blog\/wp-json\/wp\/v2\/posts\/4357\/revisions"}],"wp:featuredmedia":[{"embeddable":true,"href":"https:\/\/www.infolocale.fr\/blog\/wp-json\/wp\/v2\/media\/4358"}],"wp:attachment":[{"href":"https:\/\/www.infolocale.fr\/blog\/wp-json\/wp\/v2\/media?parent=4357"}],"wp:term":[{"taxonomy":"category","embeddable":true,"href":"https:\/\/www.infolocale.fr\/blog\/wp-json\/wp\/v2\/categories?post=4357"},{"taxonomy":"post_tag","embeddable":true,"href":"https:\/\/www.infolocale.fr\/blog\/wp-json\/wp\/v2\/tags?post=4357"}],"curies":[{"name":"wp","href":"https:\/\/api.w.org\/{rel}","templated":true}]}}