{"id":4086,"date":"2020-10-08T13:54:08","date_gmt":"2020-10-08T12:54:08","guid":{"rendered":"https:\/\/blog.infolocale.fr\/?p=4086"},"modified":"2021-02-24T15:04:50","modified_gmt":"2021-02-24T14:04:50","slug":"lauberge-du-pont-dacigne","status":"publish","type":"post","link":"https:\/\/www.infolocale.fr\/blog\/lauberge-du-pont-dacigne\/","title":{"rendered":"L\u2019Auberge du pont d\u2019Acign\u00e9"},"content":{"rendered":"\n<h2 class=\"wp-block-heading\" style=\"font-size:22px\"><strong>&nbsp;\u00ab&nbsp;<em>Donner un peu de lumi\u00e8re en ces temps obscurs\u00bb<\/em><\/strong><\/h2>\n\n\n\n<p>Sylvain Guillemot, l\u2019un des cinq chefs \u00e9toil\u00e9s du bassin rennais, t\u00e9moigne de la situation des m\u00e9tiers, de la restauration&nbsp;: \u00ab&nbsp;<strong>Par notre action, notre savoir-faire, notre souhait de trouver un \u00e9quilibre, &nbsp;on ach\u00e8te notre libert\u00e9, mais notre situation reste sans filet.<\/strong>&nbsp; <strong>Les moments de calme sont impr\u00e9visibles, bousculent un rythme intense. Ils impliquent des p\u00e9riodes compliqu\u00e9es, qui n\u00e9cessitent d\u2019\u00eatre polyvalents, supposent des boucliers pour faire face aux incertitudes.&nbsp;<\/strong><\/p>\n\n\n\n<p>La restauration s\u2019est mobilis\u00e9e<strong> \u00ab&nbsp;Durant le confinement du printemps 2020, en pla\u00e7ant l\u2019humain au c\u0153ur de tout, nous avons pu accompagner des gens fantastiques&nbsp;: nos fournisseurs, producteurs et \u00e9leveurs. Gr\u00e2ce \u00e0 notre capacit\u00e9 de communiquer, de solutionner les probl\u00e8mes de certains partenaires, de faire confiance \u00e0 nos jeunes consoeurs et confr\u00e8res, nous avons pu cautionner leurs initiatives, les aider \u00e0 se r\u00e9v\u00e9ler. Leurs envies de nouveaut\u00e9s r\u00e9pondaient&nbsp; \u00e0 notre souhait de donner un peu de lumi\u00e8re \u00e0 notre fili\u00e8re. Ils souhaitaient tenter des choses et pouvaient compter sur notre accompagnement. Nous sommes conscients qu\u2019ils sont en marche pour r\u00e9inventer&nbsp; le genre.&nbsp;\u00bb<\/strong><\/p>\n\n\n\n<figure class=\"wp-block-image size-large\"><a href=\"https:\/\/s.infolocale.fr\/?utm_source=blog&amp;utm_medium=banner&amp;utm_campaign=blog-contents\"><img fetchpriority=\"high\" decoding=\"async\" width=\"908\" height=\"196\" src=\"https:\/\/www.infolocale.fr\/blog\/wp-content\/uploads\/2021\/02\/Banniere_evenement.png\" alt=\"\" class=\"wp-image-5949\" srcset=\"https:\/\/www.infolocale.fr\/blog\/wp-content\/uploads\/2021\/02\/Banniere_evenement.png 908w, https:\/\/www.infolocale.fr\/blog\/wp-content\/uploads\/2021\/02\/Banniere_evenement-300x65.png 300w, https:\/\/www.infolocale.fr\/blog\/wp-content\/uploads\/2021\/02\/Banniere_evenement-768x166.png 768w, https:\/\/www.infolocale.fr\/blog\/wp-content\/uploads\/2021\/02\/Banniere_evenement-278x60.png 278w\" sizes=\"(max-width: 908px) 100vw, 908px\" \/><\/a><\/figure>\n\n\n\n<p><strong>Sauver la fili\u00e8re, lui redonner un nouveau souffle<\/strong><\/p>\n\n\n\n<p>D\u00e8s les annonces de fermeture li\u00e9es \u00e0&nbsp; la Covid, jeune g\u00e9n\u00e9ration et confirm\u00e9s \u00e9largissent l\u2019offre de restauration, et se retrouvent une quarantaine autour d\u2019un projet d\u2019entraide sur Rennes et ses environs.&nbsp; Plus \u00e0 l\u2019\u00e9coute de leur client\u00e8le locale qu\u2019\u00e0 l\u2019attraction des guides culinaires et touristiques, ils souhaitent plut\u00f4t cibler les clients du quartier. La pand\u00e9mie imposant un moment particulier de reprise \u00e9conomique pour chacun, ensemble et s\u00e9par\u00e9ment, ils ont d\u00fb faire face. Leurs fournisseurs saluent leur implication, inventivit\u00e9 et force&nbsp;: 180 paniers hebdomadaires ont \u00e9t\u00e9 vendus durant les semaines de confinement.<\/p>\n\n\n\n<p><strong>Acteur local, qui participe au bien-\u00eatre dans un contexte difficile<\/strong><\/p>\n\n\n\n<p>Comme les autres, <em>L\u2019Auberge du pont d\u2019Acign\u00e9<\/em> a du se r\u00e9inventer. Ils \u00e9taient six en cuisine. Sylvain Guillemot s\u2019est retrouv\u00e9 seul pour une client\u00e8le de proximit\u00e9 \u2013confinement oblige-. Avec son \u00e9pouse, Marie-Pierre, ils ont propos\u00e9 des formules plats et desserts \u00e0 emporter. Au d\u00e9part, pour r\u00e9pondre aux besoins d\u2019une \u00e9quipe de 50 salari\u00e9s dans le BTP, qui travaillaient sur un proche chantier. Ceux-ci n\u2019avaient pas acc\u00e8s au r\u00e9chauffement et refroidissement de leur d\u00e9jeuner. <strong>\u00ab&nbsp;Une \u00e9mulation, extr\u00eamement bienveillante. Ces clients, nouveaux, sont revenus en famille lors de la r\u00e9ouverture du restaurant.<\/strong> &nbsp;Sylvain Guillemot a aim\u00e9 les y retrouver. <strong>&nbsp;Ils ont os\u00e9 pousser la porte de ce restaurant, qu\u2019ils estimaient prestigieux&nbsp;\u00bb.<\/strong><\/p>\n\n\n\n<p><strong>L\u2019\u00e9pid\u00e9mie &nbsp;dessine un nouvel espace pour la restauration&nbsp;: le local.<\/strong><\/p>\n\n\n\n<p>Sylvain Guillemot \u00e9voque le locavorisme* et &nbsp;conclut <strong>\u00ab&nbsp;beaucoup s\u2019accorde \u00e0 investir le local, l\u2019animer, resserrer les liens.<\/strong>&nbsp;\u00bb<\/p>\n\n\n\n<p>*Locavorisme&nbsp;: mouvement qui pr\u00f4ne la consommation de nourriture produite dans un rayon de proximit\u00e9 restreint.<\/p>\n\n\n\n<p><a href=\"http:\/\/www.auberge-du-pont-dacigne.com\/fr\/accueil\">http:\/\/www.auberge-du-pont-dacigne.com\/fr\/accueil<\/a><\/p>\n\n\n\n<p>Photo : Sylvain Guillemot et son \u00e9pouse, Marie-Pierre<\/p>\n\n\n\n<figure class=\"wp-block-image size-large\"><a href=\"https:\/\/s.infolocale.fr\/?utm_source=blog&amp;utm_medium=banner&amp;utm_campaign=blog-contents\"><img decoding=\"async\" width=\"1024\" height=\"243\" src=\"https:\/\/www.infolocale.fr\/blog\/wp-content\/uploads\/2021\/02\/Association_bleu-1024x243.png\" alt=\"\" class=\"wp-image-5938\" srcset=\"https:\/\/www.infolocale.fr\/blog\/wp-content\/uploads\/2021\/02\/Association_bleu-1024x243.png 1024w, https:\/\/www.infolocale.fr\/blog\/wp-content\/uploads\/2021\/02\/Association_bleu-300x71.png 300w, https:\/\/www.infolocale.fr\/blog\/wp-content\/uploads\/2021\/02\/Association_bleu-768x182.png 768w, https:\/\/www.infolocale.fr\/blog\/wp-content\/uploads\/2021\/02\/Association_bleu-253x60.png 253w, https:\/\/www.infolocale.fr\/blog\/wp-content\/uploads\/2021\/02\/Association_bleu.png 1166w\" sizes=\"(max-width: 1024px) 100vw, 1024px\" \/><\/a><\/figure>\n","protected":false},"excerpt":{"rendered":"<p>&nbsp;\u00ab&nbsp;Donner un peu de lumi\u00e8re en ces temps obscurs\u00bb Sylvain Guillemot, l\u2019un des cinq chefs \u00e9toil\u00e9s du bassin rennais, t\u00e9moigne de la situation des m\u00e9tiers, [&hellip;]<\/p>\n","protected":false},"author":8,"featured_media":5007,"comment_status":"open","ping_status":"open","sticky":false,"template":"","format":"standard","meta":{"_coblocks_attr":"","_coblocks_dimensions":"","_coblocks_responsive_height":"","_coblocks_accordion_ie_support":"","_mo_disable_npp":"","footnotes":""},"categories":[6],"tags":[],"class_list":["post-4086","post","type-post","status-publish","format-standard","has-post-thumbnail","hentry","category-actu-acteurs-locaux"],"yoast_head":"<!-- This site is optimized with the Yoast SEO plugin v23.2 - https:\/\/yoast.com\/wordpress\/plugins\/seo\/ -->\n<title>L\u2019Auberge du pont d\u2019Acign\u00e9 |<\/title>\n<meta name=\"robots\" content=\"index, follow, max-snippet:-1, max-image-preview:large, max-video-preview:-1\" \/>\n<link rel=\"canonical\" href=\"https:\/\/infolocale.20minutes.fr\/blog\/lauberge-du-pont-dacigne\/\" \/>\n<meta property=\"og:locale\" content=\"fr_FR\" \/>\n<meta property=\"og:type\" content=\"article\" \/>\n<meta property=\"og:title\" content=\"L\u2019Auberge du pont d\u2019Acign\u00e9 |\" \/>\n<meta property=\"og:description\" content=\"&nbsp;\u00ab&nbsp;Donner un peu de lumi\u00e8re en ces temps obscurs\u00bb Sylvain Guillemot, l\u2019un des cinq chefs \u00e9toil\u00e9s du bassin rennais, t\u00e9moigne de la situation des m\u00e9tiers, [&hellip;]\" \/>\n<meta property=\"og:url\" content=\"https:\/\/infolocale.20minutes.fr\/blog\/lauberge-du-pont-dacigne\/\" \/>\n<meta property=\"article:publisher\" content=\"https:\/\/www.facebook.com\/infolocaleFR\/\" \/>\n<meta property=\"article:published_time\" content=\"2020-10-08T12:54:08+00:00\" \/>\n<meta property=\"article:modified_time\" content=\"2021-02-24T14:04:50+00:00\" \/>\n<meta property=\"og:image\" content=\"https:\/\/infolocale.20minutes.fr\/blog\/wp-content\/uploads\/2020\/10\/auberge-du-pont-acigne.jpg\" \/>\n\t<meta property=\"og:image:width\" content=\"749\" \/>\n\t<meta property=\"og:image:height\" content=\"561\" \/>\n\t<meta property=\"og:image:type\" content=\"image\/jpeg\" \/>\n<meta name=\"author\" content=\"Myl\u00e8ne\" \/>\n<meta name=\"twitter:card\" content=\"summary_large_image\" \/>\n<meta name=\"twitter:creator\" content=\"@infolocale\" \/>\n<meta name=\"twitter:site\" content=\"@infolocale\" \/>\n<meta name=\"twitter:label1\" content=\"\u00c9crit par\" \/>\n\t<meta name=\"twitter:data1\" content=\"Myl\u00e8ne\" \/>\n\t<meta name=\"twitter:label2\" content=\"Dur\u00e9e de lecture estim\u00e9e\" \/>\n\t<meta name=\"twitter:data2\" content=\"3 minutes\" \/>\n<script type=\"application\/ld+json\" class=\"yoast-schema-graph\">{\"@context\":\"https:\/\/schema.org\",\"@graph\":[{\"@type\":\"Article\",\"@id\":\"https:\/\/infolocale.20minutes.fr\/blog\/lauberge-du-pont-dacigne\/#article\",\"isPartOf\":{\"@id\":\"https:\/\/infolocale.20minutes.fr\/blog\/lauberge-du-pont-dacigne\/\"},\"author\":{\"name\":\"Myl\u00e8ne\",\"@id\":\"https:\/\/www.infolocale.fr\/blog\/#\/schema\/person\/bf2dc50c6636ffa2ce3e44ef1f9eb97f\"},\"headline\":\"L\u2019Auberge du pont d\u2019Acign\u00e9\",\"datePublished\":\"2020-10-08T12:54:08+00:00\",\"dateModified\":\"2021-02-24T14:04:50+00:00\",\"mainEntityOfPage\":{\"@id\":\"https:\/\/infolocale.20minutes.fr\/blog\/lauberge-du-pont-dacigne\/\"},\"wordCount\":534,\"commentCount\":0,\"publisher\":{\"@id\":\"https:\/\/www.infolocale.fr\/blog\/#organization\"},\"image\":{\"@id\":\"https:\/\/infolocale.20minutes.fr\/blog\/lauberge-du-pont-dacigne\/#primaryimage\"},\"thumbnailUrl\":\"https:\/\/www.infolocale.fr\/blog\/wp-content\/uploads\/2020\/10\/auberge-du-pont-acigne.jpg\",\"articleSection\":[\"En ce moment\"],\"inLanguage\":\"fr-FR\",\"potentialAction\":[{\"@type\":\"CommentAction\",\"name\":\"Comment\",\"target\":[\"https:\/\/infolocale.20minutes.fr\/blog\/lauberge-du-pont-dacigne\/#respond\"]}]},{\"@type\":\"WebPage\",\"@id\":\"https:\/\/infolocale.20minutes.fr\/blog\/lauberge-du-pont-dacigne\/\",\"url\":\"https:\/\/infolocale.20minutes.fr\/blog\/lauberge-du-pont-dacigne\/\",\"name\":\"L\u2019Auberge du pont d\u2019Acign\u00e9 |\",\"isPartOf\":{\"@id\":\"https:\/\/www.infolocale.fr\/blog\/#website\"},\"primaryImageOfPage\":{\"@id\":\"https:\/\/infolocale.20minutes.fr\/blog\/lauberge-du-pont-dacigne\/#primaryimage\"},\"image\":{\"@id\":\"https:\/\/infolocale.20minutes.fr\/blog\/lauberge-du-pont-dacigne\/#primaryimage\"},\"thumbnailUrl\":\"https:\/\/www.infolocale.fr\/blog\/wp-content\/uploads\/2020\/10\/auberge-du-pont-acigne.jpg\",\"datePublished\":\"2020-10-08T12:54:08+00:00\",\"dateModified\":\"2021-02-24T14:04:50+00:00\",\"breadcrumb\":{\"@id\":\"https:\/\/infolocale.20minutes.fr\/blog\/lauberge-du-pont-dacigne\/#breadcrumb\"},\"inLanguage\":\"fr-FR\",\"potentialAction\":[{\"@type\":\"ReadAction\",\"target\":[\"https:\/\/infolocale.20minutes.fr\/blog\/lauberge-du-pont-dacigne\/\"]}]},{\"@type\":\"ImageObject\",\"inLanguage\":\"fr-FR\",\"@id\":\"https:\/\/infolocale.20minutes.fr\/blog\/lauberge-du-pont-dacigne\/#primaryimage\",\"url\":\"https:\/\/www.infolocale.fr\/blog\/wp-content\/uploads\/2020\/10\/auberge-du-pont-acigne.jpg\",\"contentUrl\":\"https:\/\/www.infolocale.fr\/blog\/wp-content\/uploads\/2020\/10\/auberge-du-pont-acigne.jpg\",\"width\":749,\"height\":561},{\"@type\":\"BreadcrumbList\",\"@id\":\"https:\/\/infolocale.20minutes.fr\/blog\/lauberge-du-pont-dacigne\/#breadcrumb\",\"itemListElement\":[{\"@type\":\"ListItem\",\"position\":1,\"name\":\"Blog\",\"item\":\"https:\/\/infolocale.ouest-france.fr\/blog\/\"},{\"@type\":\"ListItem\",\"position\":2,\"name\":\"En ce moment\",\"item\":\"https:\/\/infolocale.20minutes.fr\/blog\/cat\/actu-acteurs-locaux\/\"},{\"@type\":\"ListItem\",\"position\":3,\"name\":\"L\u2019Auberge du pont d\u2019Acign\u00e9\"}]},{\"@type\":\"WebSite\",\"@id\":\"https:\/\/www.infolocale.fr\/blog\/#website\",\"url\":\"https:\/\/www.infolocale.fr\/blog\/\",\"name\":\"\",\"description\":\"\",\"publisher\":{\"@id\":\"https:\/\/www.infolocale.fr\/blog\/#organization\"},\"potentialAction\":[{\"@type\":\"SearchAction\",\"target\":{\"@type\":\"EntryPoint\",\"urlTemplate\":\"https:\/\/www.infolocale.fr\/blog\/?s={search_term_string}\"},\"query-input\":\"required name=search_term_string\"}],\"inLanguage\":\"fr-FR\"},{\"@type\":\"Organization\",\"@id\":\"https:\/\/www.infolocale.fr\/blog\/#organization\",\"name\":\"Infolocale\",\"url\":\"https:\/\/www.infolocale.fr\/blog\/\",\"logo\":{\"@type\":\"ImageObject\",\"inLanguage\":\"fr-FR\",\"@id\":\"https:\/\/www.infolocale.fr\/blog\/#\/schema\/logo\/image\/\",\"url\":\"https:\/\/www.infolocale.fr\/blog\/wp-content\/uploads\/2020\/11\/logol.jpg\",\"contentUrl\":\"https:\/\/www.infolocale.fr\/blog\/wp-content\/uploads\/2020\/11\/logol.jpg\",\"width\":1031,\"height\":398,\"caption\":\"Infolocale\"},\"image\":{\"@id\":\"https:\/\/www.infolocale.fr\/blog\/#\/schema\/logo\/image\/\"},\"sameAs\":[\"https:\/\/www.facebook.com\/infolocaleFR\/\",\"https:\/\/x.com\/infolocale\",\"https:\/\/www.instagram.com\/infolocale\/\",\"https:\/\/fr.linkedin.com\/company\/infolocale\",\"https:\/\/www.youtube.com\/channel\/UCnv4FA8EYEuu_si3TGr7xeA\"]},{\"@type\":\"Person\",\"@id\":\"https:\/\/www.infolocale.fr\/blog\/#\/schema\/person\/bf2dc50c6636ffa2ce3e44ef1f9eb97f\",\"name\":\"Myl\u00e8ne\",\"image\":{\"@type\":\"ImageObject\",\"inLanguage\":\"fr-FR\",\"@id\":\"https:\/\/www.infolocale.fr\/blog\/#\/schema\/person\/image\/\",\"url\":\"https:\/\/secure.gravatar.com\/avatar\/49511f0ea4b41ed3062b218e30f07042?s=96&d=mm&r=g\",\"contentUrl\":\"https:\/\/secure.gravatar.com\/avatar\/49511f0ea4b41ed3062b218e30f07042?s=96&d=mm&r=g\",\"caption\":\"Myl\u00e8ne\"},\"url\":\"https:\/\/www.infolocale.fr\/blog\/author\/mylene-michel\/\"}]}<\/script>\n<!-- \/ Yoast SEO plugin. -->","yoast_head_json":{"title":"L\u2019Auberge du pont d\u2019Acign\u00e9 |","robots":{"index":"index","follow":"follow","max-snippet":"max-snippet:-1","max-image-preview":"max-image-preview:large","max-video-preview":"max-video-preview:-1"},"canonical":"https:\/\/infolocale.20minutes.fr\/blog\/lauberge-du-pont-dacigne\/","og_locale":"fr_FR","og_type":"article","og_title":"L\u2019Auberge du pont d\u2019Acign\u00e9 |","og_description":"&nbsp;\u00ab&nbsp;Donner un peu de lumi\u00e8re en ces temps obscurs\u00bb Sylvain Guillemot, l\u2019un des cinq chefs \u00e9toil\u00e9s du bassin rennais, t\u00e9moigne de la situation des m\u00e9tiers, [&hellip;]","og_url":"https:\/\/infolocale.20minutes.fr\/blog\/lauberge-du-pont-dacigne\/","article_publisher":"https:\/\/www.facebook.com\/infolocaleFR\/","article_published_time":"2020-10-08T12:54:08+00:00","article_modified_time":"2021-02-24T14:04:50+00:00","og_image":[{"width":749,"height":561,"url":"https:\/\/infolocale.20minutes.fr\/blog\/wp-content\/uploads\/2020\/10\/auberge-du-pont-acigne.jpg","type":"image\/jpeg"}],"author":"Myl\u00e8ne","twitter_card":"summary_large_image","twitter_creator":"@infolocale","twitter_site":"@infolocale","twitter_misc":{"\u00c9crit par":"Myl\u00e8ne","Dur\u00e9e de lecture estim\u00e9e":"3 minutes"},"schema":{"@context":"https:\/\/schema.org","@graph":[{"@type":"Article","@id":"https:\/\/infolocale.20minutes.fr\/blog\/lauberge-du-pont-dacigne\/#article","isPartOf":{"@id":"https:\/\/infolocale.20minutes.fr\/blog\/lauberge-du-pont-dacigne\/"},"author":{"name":"Myl\u00e8ne","@id":"https:\/\/www.infolocale.fr\/blog\/#\/schema\/person\/bf2dc50c6636ffa2ce3e44ef1f9eb97f"},"headline":"L\u2019Auberge du pont d\u2019Acign\u00e9","datePublished":"2020-10-08T12:54:08+00:00","dateModified":"2021-02-24T14:04:50+00:00","mainEntityOfPage":{"@id":"https:\/\/infolocale.20minutes.fr\/blog\/lauberge-du-pont-dacigne\/"},"wordCount":534,"commentCount":0,"publisher":{"@id":"https:\/\/www.infolocale.fr\/blog\/#organization"},"image":{"@id":"https:\/\/infolocale.20minutes.fr\/blog\/lauberge-du-pont-dacigne\/#primaryimage"},"thumbnailUrl":"https:\/\/www.infolocale.fr\/blog\/wp-content\/uploads\/2020\/10\/auberge-du-pont-acigne.jpg","articleSection":["En ce moment"],"inLanguage":"fr-FR","potentialAction":[{"@type":"CommentAction","name":"Comment","target":["https:\/\/infolocale.20minutes.fr\/blog\/lauberge-du-pont-dacigne\/#respond"]}]},{"@type":"WebPage","@id":"https:\/\/infolocale.20minutes.fr\/blog\/lauberge-du-pont-dacigne\/","url":"https:\/\/infolocale.20minutes.fr\/blog\/lauberge-du-pont-dacigne\/","name":"L\u2019Auberge du pont d\u2019Acign\u00e9 |","isPartOf":{"@id":"https:\/\/www.infolocale.fr\/blog\/#website"},"primaryImageOfPage":{"@id":"https:\/\/infolocale.20minutes.fr\/blog\/lauberge-du-pont-dacigne\/#primaryimage"},"image":{"@id":"https:\/\/infolocale.20minutes.fr\/blog\/lauberge-du-pont-dacigne\/#primaryimage"},"thumbnailUrl":"https:\/\/www.infolocale.fr\/blog\/wp-content\/uploads\/2020\/10\/auberge-du-pont-acigne.jpg","datePublished":"2020-10-08T12:54:08+00:00","dateModified":"2021-02-24T14:04:50+00:00","breadcrumb":{"@id":"https:\/\/infolocale.20minutes.fr\/blog\/lauberge-du-pont-dacigne\/#breadcrumb"},"inLanguage":"fr-FR","potentialAction":[{"@type":"ReadAction","target":["https:\/\/infolocale.20minutes.fr\/blog\/lauberge-du-pont-dacigne\/"]}]},{"@type":"ImageObject","inLanguage":"fr-FR","@id":"https:\/\/infolocale.20minutes.fr\/blog\/lauberge-du-pont-dacigne\/#primaryimage","url":"https:\/\/www.infolocale.fr\/blog\/wp-content\/uploads\/2020\/10\/auberge-du-pont-acigne.jpg","contentUrl":"https:\/\/www.infolocale.fr\/blog\/wp-content\/uploads\/2020\/10\/auberge-du-pont-acigne.jpg","width":749,"height":561},{"@type":"BreadcrumbList","@id":"https:\/\/infolocale.20minutes.fr\/blog\/lauberge-du-pont-dacigne\/#breadcrumb","itemListElement":[{"@type":"ListItem","position":1,"name":"Blog","item":"https:\/\/infolocale.ouest-france.fr\/blog\/"},{"@type":"ListItem","position":2,"name":"En ce moment","item":"https:\/\/infolocale.20minutes.fr\/blog\/cat\/actu-acteurs-locaux\/"},{"@type":"ListItem","position":3,"name":"L\u2019Auberge du pont d\u2019Acign\u00e9"}]},{"@type":"WebSite","@id":"https:\/\/www.infolocale.fr\/blog\/#website","url":"https:\/\/www.infolocale.fr\/blog\/","name":"","description":"","publisher":{"@id":"https:\/\/www.infolocale.fr\/blog\/#organization"},"potentialAction":[{"@type":"SearchAction","target":{"@type":"EntryPoint","urlTemplate":"https:\/\/www.infolocale.fr\/blog\/?s={search_term_string}"},"query-input":"required name=search_term_string"}],"inLanguage":"fr-FR"},{"@type":"Organization","@id":"https:\/\/www.infolocale.fr\/blog\/#organization","name":"Infolocale","url":"https:\/\/www.infolocale.fr\/blog\/","logo":{"@type":"ImageObject","inLanguage":"fr-FR","@id":"https:\/\/www.infolocale.fr\/blog\/#\/schema\/logo\/image\/","url":"https:\/\/www.infolocale.fr\/blog\/wp-content\/uploads\/2020\/11\/logol.jpg","contentUrl":"https:\/\/www.infolocale.fr\/blog\/wp-content\/uploads\/2020\/11\/logol.jpg","width":1031,"height":398,"caption":"Infolocale"},"image":{"@id":"https:\/\/www.infolocale.fr\/blog\/#\/schema\/logo\/image\/"},"sameAs":["https:\/\/www.facebook.com\/infolocaleFR\/","https:\/\/x.com\/infolocale","https:\/\/www.instagram.com\/infolocale\/","https:\/\/fr.linkedin.com\/company\/infolocale","https:\/\/www.youtube.com\/channel\/UCnv4FA8EYEuu_si3TGr7xeA"]},{"@type":"Person","@id":"https:\/\/www.infolocale.fr\/blog\/#\/schema\/person\/bf2dc50c6636ffa2ce3e44ef1f9eb97f","name":"Myl\u00e8ne","image":{"@type":"ImageObject","inLanguage":"fr-FR","@id":"https:\/\/www.infolocale.fr\/blog\/#\/schema\/person\/image\/","url":"https:\/\/secure.gravatar.com\/avatar\/49511f0ea4b41ed3062b218e30f07042?s=96&d=mm&r=g","contentUrl":"https:\/\/secure.gravatar.com\/avatar\/49511f0ea4b41ed3062b218e30f07042?s=96&d=mm&r=g","caption":"Myl\u00e8ne"},"url":"https:\/\/www.infolocale.fr\/blog\/author\/mylene-michel\/"}]}},"_links":{"self":[{"href":"https:\/\/www.infolocale.fr\/blog\/wp-json\/wp\/v2\/posts\/4086"}],"collection":[{"href":"https:\/\/www.infolocale.fr\/blog\/wp-json\/wp\/v2\/posts"}],"about":[{"href":"https:\/\/www.infolocale.fr\/blog\/wp-json\/wp\/v2\/types\/post"}],"author":[{"embeddable":true,"href":"https:\/\/www.infolocale.fr\/blog\/wp-json\/wp\/v2\/users\/8"}],"replies":[{"embeddable":true,"href":"https:\/\/www.infolocale.fr\/blog\/wp-json\/wp\/v2\/comments?post=4086"}],"version-history":[{"count":0,"href":"https:\/\/www.infolocale.fr\/blog\/wp-json\/wp\/v2\/posts\/4086\/revisions"}],"wp:featuredmedia":[{"embeddable":true,"href":"https:\/\/www.infolocale.fr\/blog\/wp-json\/wp\/v2\/media\/5007"}],"wp:attachment":[{"href":"https:\/\/www.infolocale.fr\/blog\/wp-json\/wp\/v2\/media?parent=4086"}],"wp:term":[{"taxonomy":"category","embeddable":true,"href":"https:\/\/www.infolocale.fr\/blog\/wp-json\/wp\/v2\/categories?post=4086"},{"taxonomy":"post_tag","embeddable":true,"href":"https:\/\/www.infolocale.fr\/blog\/wp-json\/wp\/v2\/tags?post=4086"}],"curies":[{"name":"wp","href":"https:\/\/api.w.org\/{rel}","templated":true}]}}