{"id":3349,"date":"2020-07-20T08:10:00","date_gmt":"2020-07-20T07:10:00","guid":{"rendered":"https:\/\/blog.infolocale.fr\/?p=3349"},"modified":"2021-03-02T16:28:59","modified_gmt":"2021-03-02T15:28:59","slug":"les-volailles-renault","status":"publish","type":"post","link":"https:\/\/www.infolocale.fr\/blog\/les-volailles-renault\/","title":{"rendered":"Les volailles Renault : \u00ab face \u00e0 la terre, on se doit d\u2019\u00eatre humble \u00bb"},"content":{"rendered":"\n<p class=\"has-text-align-justify has-normal-font-size\" style=\"line-height:2\">Paul et Marie-No\u00eblle Renault ont install\u00e9s en 1976 leur \u00e9levage de volailles. <strong>\u00ab Paysans,<\/strong> <strong>nous sommes et souhaitons ma\u00eetriser notre fili\u00e8re dans un environnement sain pour une agriculture \u00ab durable \u00bb et une alimentation de qualit\u00e9. Notre exploitation s\u2019est \u00e9toff\u00e9e et diversifi\u00e9e au gr\u00e9 des rencontres avec nos clients (restaurateurs et consommateurs), int\u00e9ress\u00e9s par nos valeurs ainsi que notre d\u00e9marche. Nos volailles sont nourries avec nos c\u00e9r\u00e9ales, \u00e9lev\u00e9es en petit lot sur des parcours herbeux et cons\u00e9quents. Notre fils, Olivier, nous a rejoints dans l\u2019exploitation et adh\u00e8re \u00e0 cette philosophie. Ensemble, nous poursuivons<\/strong> <strong>la vente en circuits courts, attach\u00e9s aux liens humains.&nbsp;\u00bb&nbsp; <\/strong><\/p>\n\n\n\n<p class=\"has-text-align-justify has-normal-font-size\" style=\"line-height:2\">La restauration repr\u00e9sente en moyenne 30 % de leur commercialisation. Une dizaine de restaurants figurent dans leur fichier clients. &nbsp;Pr\u00e9sents habituellement sur le March\u00e9 des lices seulement, ils n\u2019ont pu y assurer la vente directe durant la pand\u00e9mie. En revanche, les Renault ont \u00e9t\u00e9 parmi les fournisseurs des paniers \u00e0 emporter, une op\u00e9ration f\u00e9d\u00e9r\u00e9e par des chefs du bassin rennais (<em>Le Bercail<\/em>, <em>L\u2019Auberge du Pont d\u2019Acign\u00e9<\/em>, l\u2019<em>IMA<\/em>\u2026). \u00ab&nbsp;<strong>Nous estimons notre perte d\u2019exploitation de 20 %. La boutique aux Halles Centrales , quant \u00e0 elle,<\/strong> <strong>n\u2019a pas ferm\u00e9 gr\u00e2ce au soutien de la Ville de Rennes et des services de l\u2019Etat.&nbsp;\u00bb<\/strong><\/p>\n\n\n\n<blockquote class=\"wp-block-quote is-layout-flow wp-block-quote-is-layout-flow\"><p>RDV <a aria-label=\"undefined (s\u2019ouvre dans un nouvel onglet)\" href=\"https:\/\/www.lesvolaillesrenault.com\" target=\"_blank\" rel=\"noreferrer noopener\">ici <\/a>pour en savoir plus sur <strong>Les volailles Renault<\/strong><\/p><\/blockquote>\n\n\n\n<figure class=\"wp-block-image size-large\"><a href=\"https:\/\/s.infolocale.fr\/?utm_source=blog&amp;utm_medium=banner&amp;utm_campaign=blog-contents\"><img fetchpriority=\"high\" decoding=\"async\" width=\"908\" height=\"196\" src=\"https:\/\/www.infolocale.fr\/blog\/wp-content\/uploads\/2021\/02\/Banniere_evenement.png\" alt=\"\" class=\"wp-image-5949\" srcset=\"https:\/\/www.infolocale.fr\/blog\/wp-content\/uploads\/2021\/02\/Banniere_evenement.png 908w, https:\/\/www.infolocale.fr\/blog\/wp-content\/uploads\/2021\/02\/Banniere_evenement-300x65.png 300w, https:\/\/www.infolocale.fr\/blog\/wp-content\/uploads\/2021\/02\/Banniere_evenement-768x166.png 768w, https:\/\/www.infolocale.fr\/blog\/wp-content\/uploads\/2021\/02\/Banniere_evenement-278x60.png 278w\" sizes=\"(max-width: 908px) 100vw, 908px\" \/><\/a><\/figure>\n","protected":false},"excerpt":{"rendered":"<p>Paul et Marie-No\u00eblle Renault ont install\u00e9s en 1976 leur \u00e9levage de volailles. \u00ab Paysans, nous sommes et souhaitons ma\u00eetriser notre fili\u00e8re dans un environnement sain [&hellip;]<\/p>\n","protected":false},"author":8,"featured_media":5097,"comment_status":"open","ping_status":"open","sticky":false,"template":"","format":"standard","meta":{"_coblocks_attr":"","_coblocks_dimensions":"","_coblocks_responsive_height":"","_coblocks_accordion_ie_support":"","_mo_disable_npp":"","footnotes":""},"categories":[6],"tags":[13,45],"class_list":["post-3349","post","type-post","status-publish","format-standard","has-post-thumbnail","hentry","category-actu-acteurs-locaux","tag-articles-actualites","tag-portraits"],"yoast_head":"<!-- This site is optimized with the Yoast SEO plugin v23.2 - https:\/\/yoast.com\/wordpress\/plugins\/seo\/ -->\n<title>Les volailles Renault : \u00ab face \u00e0 la terre, on se doit d\u2019\u00eatre humble \u00bb<\/title>\n<meta name=\"description\" content=\"Gr\u00e2ce \u00e0 la vente en circuit court et la participation aux paniers \u00e0 emporter, les Volailles Renault r\u00e9duisent leurs pertes dues au Covid \u00e0 20%\" \/>\n<meta name=\"robots\" content=\"index, follow, max-snippet:-1, max-image-preview:large, max-video-preview:-1\" \/>\n<link rel=\"canonical\" href=\"https:\/\/infolocale.ouest-france.fr\/blog\/les-volailles-renault\/\" \/>\n<meta property=\"og:locale\" content=\"fr_FR\" \/>\n<meta property=\"og:type\" content=\"article\" \/>\n<meta property=\"og:title\" content=\"Les volailles Renault : \u00ab face \u00e0 la terre, on se doit d\u2019\u00eatre humble \u00bb\" \/>\n<meta property=\"og:description\" content=\"Gr\u00e2ce \u00e0 la vente en circuit court et la participation aux paniers \u00e0 emporter, les Volailles Renault r\u00e9duisent leurs pertes dues au Covid \u00e0 20%\" \/>\n<meta property=\"og:url\" content=\"https:\/\/infolocale.ouest-france.fr\/blog\/les-volailles-renault\/\" \/>\n<meta property=\"article:publisher\" content=\"https:\/\/www.facebook.com\/infolocaleFR\/\" \/>\n<meta property=\"article:published_time\" content=\"2020-07-20T07:10:00+00:00\" \/>\n<meta property=\"article:modified_time\" content=\"2021-03-02T15:28:59+00:00\" \/>\n<meta property=\"og:image\" content=\"https:\/\/infolocale.ouest-france.fr\/blog\/wp-content\/uploads\/2020\/07\/Foto5_Paul-et-Olivier-1024x768-1.jpg\" \/>\n\t<meta property=\"og:image:width\" content=\"1024\" \/>\n\t<meta property=\"og:image:height\" content=\"768\" \/>\n\t<meta property=\"og:image:type\" content=\"image\/jpeg\" \/>\n<meta name=\"author\" content=\"Myl\u00e8ne\" \/>\n<meta name=\"twitter:card\" content=\"summary_large_image\" \/>\n<meta name=\"twitter:creator\" content=\"@infolocale\" \/>\n<meta name=\"twitter:site\" content=\"@infolocale\" \/>\n<meta name=\"twitter:label1\" content=\"\u00c9crit par\" \/>\n\t<meta name=\"twitter:data1\" content=\"Myl\u00e8ne\" \/>\n\t<meta name=\"twitter:label2\" content=\"Dur\u00e9e de lecture estim\u00e9e\" \/>\n\t<meta name=\"twitter:data2\" content=\"2 minutes\" \/>\n<script type=\"application\/ld+json\" class=\"yoast-schema-graph\">{\"@context\":\"https:\/\/schema.org\",\"@graph\":[{\"@type\":\"Article\",\"@id\":\"https:\/\/infolocale.ouest-france.fr\/blog\/les-volailles-renault\/#article\",\"isPartOf\":{\"@id\":\"https:\/\/infolocale.ouest-france.fr\/blog\/les-volailles-renault\/\"},\"author\":{\"name\":\"Myl\u00e8ne\",\"@id\":\"https:\/\/www.infolocale.fr\/blog\/#\/schema\/person\/bf2dc50c6636ffa2ce3e44ef1f9eb97f\"},\"headline\":\"Les volailles Renault : \u00ab face \u00e0 la terre, on se doit d\u2019\u00eatre humble \u00bb\",\"datePublished\":\"2020-07-20T07:10:00+00:00\",\"dateModified\":\"2021-03-02T15:28:59+00:00\",\"mainEntityOfPage\":{\"@id\":\"https:\/\/infolocale.ouest-france.fr\/blog\/les-volailles-renault\/\"},\"wordCount\":249,\"commentCount\":0,\"publisher\":{\"@id\":\"https:\/\/www.infolocale.fr\/blog\/#organization\"},\"image\":{\"@id\":\"https:\/\/infolocale.ouest-france.fr\/blog\/les-volailles-renault\/#primaryimage\"},\"thumbnailUrl\":\"https:\/\/www.infolocale.fr\/blog\/wp-content\/uploads\/2020\/07\/Foto5_Paul-et-Olivier-1024x768-1.jpg\",\"keywords\":[\"Actualit\u00e9s\",\"Portraits\"],\"articleSection\":[\"En ce moment\"],\"inLanguage\":\"fr-FR\",\"potentialAction\":[{\"@type\":\"CommentAction\",\"name\":\"Comment\",\"target\":[\"https:\/\/infolocale.ouest-france.fr\/blog\/les-volailles-renault\/#respond\"]}]},{\"@type\":\"WebPage\",\"@id\":\"https:\/\/infolocale.ouest-france.fr\/blog\/les-volailles-renault\/\",\"url\":\"https:\/\/infolocale.ouest-france.fr\/blog\/les-volailles-renault\/\",\"name\":\"Les volailles Renault : \u00ab face \u00e0 la terre, on se doit d\u2019\u00eatre humble \u00bb\",\"isPartOf\":{\"@id\":\"https:\/\/www.infolocale.fr\/blog\/#website\"},\"primaryImageOfPage\":{\"@id\":\"https:\/\/infolocale.ouest-france.fr\/blog\/les-volailles-renault\/#primaryimage\"},\"image\":{\"@id\":\"https:\/\/infolocale.ouest-france.fr\/blog\/les-volailles-renault\/#primaryimage\"},\"thumbnailUrl\":\"https:\/\/www.infolocale.fr\/blog\/wp-content\/uploads\/2020\/07\/Foto5_Paul-et-Olivier-1024x768-1.jpg\",\"datePublished\":\"2020-07-20T07:10:00+00:00\",\"dateModified\":\"2021-03-02T15:28:59+00:00\",\"description\":\"Gr\u00e2ce \u00e0 la vente en circuit court et la participation aux paniers \u00e0 emporter, les Volailles Renault r\u00e9duisent leurs pertes dues au Covid \u00e0 20%\",\"breadcrumb\":{\"@id\":\"https:\/\/infolocale.ouest-france.fr\/blog\/les-volailles-renault\/#breadcrumb\"},\"inLanguage\":\"fr-FR\",\"potentialAction\":[{\"@type\":\"ReadAction\",\"target\":[\"https:\/\/infolocale.ouest-france.fr\/blog\/les-volailles-renault\/\"]}]},{\"@type\":\"ImageObject\",\"inLanguage\":\"fr-FR\",\"@id\":\"https:\/\/infolocale.ouest-france.fr\/blog\/les-volailles-renault\/#primaryimage\",\"url\":\"https:\/\/www.infolocale.fr\/blog\/wp-content\/uploads\/2020\/07\/Foto5_Paul-et-Olivier-1024x768-1.jpg\",\"contentUrl\":\"https:\/\/www.infolocale.fr\/blog\/wp-content\/uploads\/2020\/07\/Foto5_Paul-et-Olivier-1024x768-1.jpg\",\"width\":1024,\"height\":768},{\"@type\":\"BreadcrumbList\",\"@id\":\"https:\/\/infolocale.ouest-france.fr\/blog\/les-volailles-renault\/#breadcrumb\",\"itemListElement\":[{\"@type\":\"ListItem\",\"position\":1,\"name\":\"Blog\",\"item\":\"https:\/\/infolocale.ouest-france.fr\/blog\/\"},{\"@type\":\"ListItem\",\"position\":2,\"name\":\"En ce moment\",\"item\":\"https:\/\/infolocale.20minutes.fr\/blog\/cat\/actu-acteurs-locaux\/\"},{\"@type\":\"ListItem\",\"position\":3,\"name\":\"Les volailles Renault : \u00ab face \u00e0 la terre, on se doit d\u2019\u00eatre humble \u00bb\"}]},{\"@type\":\"WebSite\",\"@id\":\"https:\/\/www.infolocale.fr\/blog\/#website\",\"url\":\"https:\/\/www.infolocale.fr\/blog\/\",\"name\":\"\",\"description\":\"\",\"publisher\":{\"@id\":\"https:\/\/www.infolocale.fr\/blog\/#organization\"},\"potentialAction\":[{\"@type\":\"SearchAction\",\"target\":{\"@type\":\"EntryPoint\",\"urlTemplate\":\"https:\/\/www.infolocale.fr\/blog\/?s={search_term_string}\"},\"query-input\":\"required name=search_term_string\"}],\"inLanguage\":\"fr-FR\"},{\"@type\":\"Organization\",\"@id\":\"https:\/\/www.infolocale.fr\/blog\/#organization\",\"name\":\"Infolocale\",\"url\":\"https:\/\/www.infolocale.fr\/blog\/\",\"logo\":{\"@type\":\"ImageObject\",\"inLanguage\":\"fr-FR\",\"@id\":\"https:\/\/www.infolocale.fr\/blog\/#\/schema\/logo\/image\/\",\"url\":\"https:\/\/www.infolocale.fr\/blog\/wp-content\/uploads\/2020\/11\/logol.jpg\",\"contentUrl\":\"https:\/\/www.infolocale.fr\/blog\/wp-content\/uploads\/2020\/11\/logol.jpg\",\"width\":1031,\"height\":398,\"caption\":\"Infolocale\"},\"image\":{\"@id\":\"https:\/\/www.infolocale.fr\/blog\/#\/schema\/logo\/image\/\"},\"sameAs\":[\"https:\/\/www.facebook.com\/infolocaleFR\/\",\"https:\/\/x.com\/infolocale\",\"https:\/\/www.instagram.com\/infolocale\/\",\"https:\/\/fr.linkedin.com\/company\/infolocale\",\"https:\/\/www.youtube.com\/channel\/UCnv4FA8EYEuu_si3TGr7xeA\"]},{\"@type\":\"Person\",\"@id\":\"https:\/\/www.infolocale.fr\/blog\/#\/schema\/person\/bf2dc50c6636ffa2ce3e44ef1f9eb97f\",\"name\":\"Myl\u00e8ne\",\"image\":{\"@type\":\"ImageObject\",\"inLanguage\":\"fr-FR\",\"@id\":\"https:\/\/www.infolocale.fr\/blog\/#\/schema\/person\/image\/\",\"url\":\"https:\/\/secure.gravatar.com\/avatar\/49511f0ea4b41ed3062b218e30f07042?s=96&d=mm&r=g\",\"contentUrl\":\"https:\/\/secure.gravatar.com\/avatar\/49511f0ea4b41ed3062b218e30f07042?s=96&d=mm&r=g\",\"caption\":\"Myl\u00e8ne\"},\"url\":\"https:\/\/www.infolocale.fr\/blog\/author\/mylene-michel\/\"}]}<\/script>\n<!-- \/ Yoast SEO plugin. -->","yoast_head_json":{"title":"Les volailles Renault : \u00ab face \u00e0 la terre, on se doit d\u2019\u00eatre humble \u00bb","description":"Gr\u00e2ce \u00e0 la vente en circuit court et la participation aux paniers \u00e0 emporter, les Volailles Renault r\u00e9duisent leurs pertes dues au Covid \u00e0 20%","robots":{"index":"index","follow":"follow","max-snippet":"max-snippet:-1","max-image-preview":"max-image-preview:large","max-video-preview":"max-video-preview:-1"},"canonical":"https:\/\/infolocale.ouest-france.fr\/blog\/les-volailles-renault\/","og_locale":"fr_FR","og_type":"article","og_title":"Les volailles Renault : \u00ab face \u00e0 la terre, on se doit d\u2019\u00eatre humble \u00bb","og_description":"Gr\u00e2ce \u00e0 la vente en circuit court et la participation aux paniers \u00e0 emporter, les Volailles Renault r\u00e9duisent leurs pertes dues au Covid \u00e0 20%","og_url":"https:\/\/infolocale.ouest-france.fr\/blog\/les-volailles-renault\/","article_publisher":"https:\/\/www.facebook.com\/infolocaleFR\/","article_published_time":"2020-07-20T07:10:00+00:00","article_modified_time":"2021-03-02T15:28:59+00:00","og_image":[{"width":1024,"height":768,"url":"https:\/\/infolocale.ouest-france.fr\/blog\/wp-content\/uploads\/2020\/07\/Foto5_Paul-et-Olivier-1024x768-1.jpg","type":"image\/jpeg"}],"author":"Myl\u00e8ne","twitter_card":"summary_large_image","twitter_creator":"@infolocale","twitter_site":"@infolocale","twitter_misc":{"\u00c9crit par":"Myl\u00e8ne","Dur\u00e9e de lecture estim\u00e9e":"2 minutes"},"schema":{"@context":"https:\/\/schema.org","@graph":[{"@type":"Article","@id":"https:\/\/infolocale.ouest-france.fr\/blog\/les-volailles-renault\/#article","isPartOf":{"@id":"https:\/\/infolocale.ouest-france.fr\/blog\/les-volailles-renault\/"},"author":{"name":"Myl\u00e8ne","@id":"https:\/\/www.infolocale.fr\/blog\/#\/schema\/person\/bf2dc50c6636ffa2ce3e44ef1f9eb97f"},"headline":"Les volailles Renault : \u00ab face \u00e0 la terre, on se doit d\u2019\u00eatre humble \u00bb","datePublished":"2020-07-20T07:10:00+00:00","dateModified":"2021-03-02T15:28:59+00:00","mainEntityOfPage":{"@id":"https:\/\/infolocale.ouest-france.fr\/blog\/les-volailles-renault\/"},"wordCount":249,"commentCount":0,"publisher":{"@id":"https:\/\/www.infolocale.fr\/blog\/#organization"},"image":{"@id":"https:\/\/infolocale.ouest-france.fr\/blog\/les-volailles-renault\/#primaryimage"},"thumbnailUrl":"https:\/\/www.infolocale.fr\/blog\/wp-content\/uploads\/2020\/07\/Foto5_Paul-et-Olivier-1024x768-1.jpg","keywords":["Actualit\u00e9s","Portraits"],"articleSection":["En ce moment"],"inLanguage":"fr-FR","potentialAction":[{"@type":"CommentAction","name":"Comment","target":["https:\/\/infolocale.ouest-france.fr\/blog\/les-volailles-renault\/#respond"]}]},{"@type":"WebPage","@id":"https:\/\/infolocale.ouest-france.fr\/blog\/les-volailles-renault\/","url":"https:\/\/infolocale.ouest-france.fr\/blog\/les-volailles-renault\/","name":"Les volailles Renault : \u00ab face \u00e0 la terre, on se doit d\u2019\u00eatre humble \u00bb","isPartOf":{"@id":"https:\/\/www.infolocale.fr\/blog\/#website"},"primaryImageOfPage":{"@id":"https:\/\/infolocale.ouest-france.fr\/blog\/les-volailles-renault\/#primaryimage"},"image":{"@id":"https:\/\/infolocale.ouest-france.fr\/blog\/les-volailles-renault\/#primaryimage"},"thumbnailUrl":"https:\/\/www.infolocale.fr\/blog\/wp-content\/uploads\/2020\/07\/Foto5_Paul-et-Olivier-1024x768-1.jpg","datePublished":"2020-07-20T07:10:00+00:00","dateModified":"2021-03-02T15:28:59+00:00","description":"Gr\u00e2ce \u00e0 la vente en circuit court et la participation aux paniers \u00e0 emporter, les Volailles Renault r\u00e9duisent leurs pertes dues au Covid \u00e0 20%","breadcrumb":{"@id":"https:\/\/infolocale.ouest-france.fr\/blog\/les-volailles-renault\/#breadcrumb"},"inLanguage":"fr-FR","potentialAction":[{"@type":"ReadAction","target":["https:\/\/infolocale.ouest-france.fr\/blog\/les-volailles-renault\/"]}]},{"@type":"ImageObject","inLanguage":"fr-FR","@id":"https:\/\/infolocale.ouest-france.fr\/blog\/les-volailles-renault\/#primaryimage","url":"https:\/\/www.infolocale.fr\/blog\/wp-content\/uploads\/2020\/07\/Foto5_Paul-et-Olivier-1024x768-1.jpg","contentUrl":"https:\/\/www.infolocale.fr\/blog\/wp-content\/uploads\/2020\/07\/Foto5_Paul-et-Olivier-1024x768-1.jpg","width":1024,"height":768},{"@type":"BreadcrumbList","@id":"https:\/\/infolocale.ouest-france.fr\/blog\/les-volailles-renault\/#breadcrumb","itemListElement":[{"@type":"ListItem","position":1,"name":"Blog","item":"https:\/\/infolocale.ouest-france.fr\/blog\/"},{"@type":"ListItem","position":2,"name":"En ce moment","item":"https:\/\/infolocale.20minutes.fr\/blog\/cat\/actu-acteurs-locaux\/"},{"@type":"ListItem","position":3,"name":"Les volailles Renault : \u00ab face \u00e0 la terre, on se doit d\u2019\u00eatre humble \u00bb"}]},{"@type":"WebSite","@id":"https:\/\/www.infolocale.fr\/blog\/#website","url":"https:\/\/www.infolocale.fr\/blog\/","name":"","description":"","publisher":{"@id":"https:\/\/www.infolocale.fr\/blog\/#organization"},"potentialAction":[{"@type":"SearchAction","target":{"@type":"EntryPoint","urlTemplate":"https:\/\/www.infolocale.fr\/blog\/?s={search_term_string}"},"query-input":"required name=search_term_string"}],"inLanguage":"fr-FR"},{"@type":"Organization","@id":"https:\/\/www.infolocale.fr\/blog\/#organization","name":"Infolocale","url":"https:\/\/www.infolocale.fr\/blog\/","logo":{"@type":"ImageObject","inLanguage":"fr-FR","@id":"https:\/\/www.infolocale.fr\/blog\/#\/schema\/logo\/image\/","url":"https:\/\/www.infolocale.fr\/blog\/wp-content\/uploads\/2020\/11\/logol.jpg","contentUrl":"https:\/\/www.infolocale.fr\/blog\/wp-content\/uploads\/2020\/11\/logol.jpg","width":1031,"height":398,"caption":"Infolocale"},"image":{"@id":"https:\/\/www.infolocale.fr\/blog\/#\/schema\/logo\/image\/"},"sameAs":["https:\/\/www.facebook.com\/infolocaleFR\/","https:\/\/x.com\/infolocale","https:\/\/www.instagram.com\/infolocale\/","https:\/\/fr.linkedin.com\/company\/infolocale","https:\/\/www.youtube.com\/channel\/UCnv4FA8EYEuu_si3TGr7xeA"]},{"@type":"Person","@id":"https:\/\/www.infolocale.fr\/blog\/#\/schema\/person\/bf2dc50c6636ffa2ce3e44ef1f9eb97f","name":"Myl\u00e8ne","image":{"@type":"ImageObject","inLanguage":"fr-FR","@id":"https:\/\/www.infolocale.fr\/blog\/#\/schema\/person\/image\/","url":"https:\/\/secure.gravatar.com\/avatar\/49511f0ea4b41ed3062b218e30f07042?s=96&d=mm&r=g","contentUrl":"https:\/\/secure.gravatar.com\/avatar\/49511f0ea4b41ed3062b218e30f07042?s=96&d=mm&r=g","caption":"Myl\u00e8ne"},"url":"https:\/\/www.infolocale.fr\/blog\/author\/mylene-michel\/"}]}},"_links":{"self":[{"href":"https:\/\/www.infolocale.fr\/blog\/wp-json\/wp\/v2\/posts\/3349"}],"collection":[{"href":"https:\/\/www.infolocale.fr\/blog\/wp-json\/wp\/v2\/posts"}],"about":[{"href":"https:\/\/www.infolocale.fr\/blog\/wp-json\/wp\/v2\/types\/post"}],"author":[{"embeddable":true,"href":"https:\/\/www.infolocale.fr\/blog\/wp-json\/wp\/v2\/users\/8"}],"replies":[{"embeddable":true,"href":"https:\/\/www.infolocale.fr\/blog\/wp-json\/wp\/v2\/comments?post=3349"}],"version-history":[{"count":0,"href":"https:\/\/www.infolocale.fr\/blog\/wp-json\/wp\/v2\/posts\/3349\/revisions"}],"wp:featuredmedia":[{"embeddable":true,"href":"https:\/\/www.infolocale.fr\/blog\/wp-json\/wp\/v2\/media\/5097"}],"wp:attachment":[{"href":"https:\/\/www.infolocale.fr\/blog\/wp-json\/wp\/v2\/media?parent=3349"}],"wp:term":[{"taxonomy":"category","embeddable":true,"href":"https:\/\/www.infolocale.fr\/blog\/wp-json\/wp\/v2\/categories?post=3349"},{"taxonomy":"post_tag","embeddable":true,"href":"https:\/\/www.infolocale.fr\/blog\/wp-json\/wp\/v2\/tags?post=3349"}],"curies":[{"name":"wp","href":"https:\/\/api.w.org\/{rel}","templated":true}]}}