{"id":3344,"date":"2020-07-20T15:54:21","date_gmt":"2020-07-20T14:54:21","guid":{"rendered":"https:\/\/blog.infolocale.fr\/?p=3344"},"modified":"2021-03-02T16:28:06","modified_gmt":"2021-03-02T15:28:06","slug":"le-gaec-bocel-entraide-producteurs-marches-confinement","status":"publish","type":"post","link":"https:\/\/www.infolocale.fr\/blog\/le-gaec-bocel-entraide-producteurs-marches-confinement\/","title":{"rendered":"Le Gaec Bocel, mara\u00eechers d\u00e9fenseurs du bon go\u00fbt et solidaires"},"content":{"rendered":"\n<p class=\"has-text-align-justify has-normal-font-size\" style=\"line-height:2\">Avant la Covid-19, leur commercialisation se r\u00e9partissait pour 30 % aupr\u00e8s des restaurants, et 70 % de ventes r\u00e9alis\u00e9es sur quatre march\u00e9s de d\u00e9tail hebdomadaires rennais. Une vente directe sur l\u2019exploitation, le vendredi soir. Pour pallier \u00e0 la fermeture des restaurants, Vincent et Jean-Paul &nbsp;Bocel ont propos\u00e9 des paniers \u00e0 emporter les mardi et jeudi. Heureuse initiative temporaire&nbsp;: 80 paniers vendus par semaine, ainsi qu\u2019une grosse affluence au march\u00e9 du vendredi soir.&nbsp; De cette fa\u00e7on, la production a pu \u00eatre \u00e9coul\u00e9e, alors que certains march\u00e9s \u00e9taient ferm\u00e9s ou moins souvent accessibles durant les 6 semaines de confinement.<\/p>\n\n\n\n<blockquote class=\"wp-block-quote is-layout-flow wp-block-quote-is-layout-flow\"><p>Participez vous aussi aux circuits courts en commandant les produits de Vincent et Jean-Paul Bocel <a aria-label=\"undefined (s\u2019ouvre dans un nouvel onglet)\" href=\"https:\/\/www.amisdelaferme.fr\/4_gaec-bocel-non-bio\" target=\"_blank\" rel=\"noreferrer noopener\">ici<\/a><\/p><\/blockquote>\n\n\n\n<h4 class=\"has-text-align-center wp-block-heading\">L\u2019entraide des producteurs pour un service optimis\u00e9<\/h4>\n\n\n\n<p class=\"has-text-align-justify has-normal-font-size\" style=\"line-height:2\"><strong>\u00ab&nbsp;Spontan\u00e9ment, nous avons propos\u00e9 \u00e0 des commer\u00e7ants amis et voisins de nous rejoindre le vendredi soir pour compl\u00e9ter l\u2019offre de produits frais&nbsp;: des l\u00e9gumes et fruits que nous ne produisons pas, un fromager, un boulanger et un cr\u00eapier. Ils \u00e9taient sans ressource durant cette p\u00e9riode du fait de la rar\u00e9faction des march\u00e9s. Il nous a sembl\u00e9 naturel de leur proposer de nous rejoindre chaque vendredi. Ils ont alors pu assurer la vente de leur marchandise et obtenir de la<\/strong> <strong>tr\u00e9sorerie pour leur entreprise. Depuis le d\u00e9confinement, ils sont fid\u00e8les au rendez-vous. Nous envisageons de poursuivre ainsi jusqu\u2019au d\u00e9but des vacances scolaires, mi-juillet. Et repris depuis la rentr\u00e9e 2020\u00bb<\/strong> &nbsp;t\u00e9moignent Chantal et Vincent Bocel.<\/p>\n\n\n\n<figure class=\"wp-block-image size-large\"><a href=\"https:\/\/s.infolocale.fr\/?utm_source=blog&amp;utm_medium=banner&amp;utm_campaign=blog-contents\"><img fetchpriority=\"high\" decoding=\"async\" width=\"908\" height=\"196\" src=\"https:\/\/www.infolocale.fr\/blog\/wp-content\/uploads\/2021\/02\/Banniere_evenement.png\" alt=\"\" class=\"wp-image-5949\" srcset=\"https:\/\/www.infolocale.fr\/blog\/wp-content\/uploads\/2021\/02\/Banniere_evenement.png 908w, https:\/\/www.infolocale.fr\/blog\/wp-content\/uploads\/2021\/02\/Banniere_evenement-300x65.png 300w, https:\/\/www.infolocale.fr\/blog\/wp-content\/uploads\/2021\/02\/Banniere_evenement-768x166.png 768w, https:\/\/www.infolocale.fr\/blog\/wp-content\/uploads\/2021\/02\/Banniere_evenement-278x60.png 278w\" sizes=\"(max-width: 908px) 100vw, 908px\" \/><\/a><\/figure>\n\n\n\n<p class=\"has-text-align-justify has-normal-font-size\" style=\"line-height:2\"><strong>\u00ab&nbsp;En r\u00e9ponse \u00e0 cette offre, une client\u00e8le de proximit\u00e9, <\/strong>logique en p\u00e9riode de confinement<strong>,&nbsp; est venue d\u00e9couvrir ces march\u00e9s plus \u00e9toff\u00e9s. Sera-t\u2019elle fid\u00e8le&nbsp;? Tous ont exprim\u00e9 leur besoin de consommer sainement, gr\u00e2ce \u00e0 des bons produits, go\u00fbteux et locaux. Nous prenions le temps de les conseiller. Certains clients ont d\u00e9couvert la pr\u00e9paration des asperges vertes, des f\u00e8ves, blettes\u2026 Enchant\u00e9s de leur exp\u00e9rience, nous sommes heureux d\u2019avoir pu les sensibiliser \u00e0 consommer autrement. Depuis le d\u00e9confinement, les clients habituels sont revenus sur les march\u00e9s. Nous avons \u00e9t\u00e9 ravis d\u2019organiser ce mini march\u00e9 pour satisfaire la client\u00e8le et ainsi \u00e9couler la marchandise. Les l\u00e9gumes poussent malgr\u00e9 le confinement.&nbsp;\u00bb<\/strong><\/p>\n\n\n\n<figure class=\"wp-block-image size-large\"><img decoding=\"async\" src=\"https:\/\/blog.infolocale.fr\/wp-content\/uploads\/2020\/07\/Foto2_March\u00e9Ferme-1024x768.jpg\" alt=\"march\u00e9s confinement covid producteurs locaux circuits courts agriculteurs vente directe modes de consommation\" class=\"wp-image-2830\"\/><figcaption>Chantal, la femme de Vincent, assure la vente avec son fils chaque vendredi soir, \u00e0 l\u2019exploitation.<\/figcaption><\/figure>\n\n\n\n<p>*Photo de couverture : Vincent et\u00a0 Jean-Paul\u00a0 Bocel r\u00e9coltent du basilic<\/p>\n","protected":false},"excerpt":{"rendered":"<p>Avant la Covid-19, leur commercialisation se r\u00e9partissait pour 30 % aupr\u00e8s des restaurants, et 70 % de ventes r\u00e9alis\u00e9es sur quatre march\u00e9s de d\u00e9tail hebdomadaires [&hellip;]<\/p>\n","protected":false},"author":8,"featured_media":5093,"comment_status":"open","ping_status":"open","sticky":false,"template":"","format":"standard","meta":{"_coblocks_attr":"","_coblocks_dimensions":"","_coblocks_responsive_height":"","_coblocks_accordion_ie_support":"","_mo_disable_npp":"","footnotes":""},"categories":[6],"tags":[13,45],"class_list":["post-3344","post","type-post","status-publish","format-standard","has-post-thumbnail","hentry","category-actu-acteurs-locaux","tag-articles-actualites","tag-portraits"],"yoast_head":"<!-- This site is optimized with the Yoast SEO plugin v23.2 - https:\/\/yoast.com\/wordpress\/plugins\/seo\/ -->\n<title>Le Gaec Bocel, mara\u00eechers solidaires pendant le confinement<\/title>\n<meta name=\"description\" content=\"Malgr\u00e9 la restriction des march\u00e9s durant le confinement, accompagn\u00e9s d&#039;autres producteurs locaux, ils ont su faire face en proposant des paniers \u00e0 emporter\" \/>\n<meta name=\"robots\" content=\"index, follow, max-snippet:-1, max-image-preview:large, max-video-preview:-1\" \/>\n<link rel=\"canonical\" href=\"https:\/\/infolocale.actu.fr\/blog\/le-gaec-bocel-entraide-producteurs-marches-confinement\/\" \/>\n<meta property=\"og:locale\" content=\"fr_FR\" \/>\n<meta property=\"og:type\" content=\"article\" \/>\n<meta property=\"og:title\" content=\"Le Gaec Bocel, mara\u00eechers solidaires pendant le confinement\" \/>\n<meta property=\"og:description\" content=\"Malgr\u00e9 la restriction des march\u00e9s durant le confinement, accompagn\u00e9s d&#039;autres producteurs locaux, ils ont su faire face en proposant des paniers \u00e0 emporter\" \/>\n<meta property=\"og:url\" content=\"https:\/\/infolocale.actu.fr\/blog\/le-gaec-bocel-entraide-producteurs-marches-confinement\/\" \/>\n<meta property=\"article:publisher\" content=\"https:\/\/www.facebook.com\/infolocaleFR\/\" \/>\n<meta property=\"article:published_time\" content=\"2020-07-20T14:54:21+00:00\" \/>\n<meta property=\"article:modified_time\" content=\"2021-03-02T15:28:06+00:00\" \/>\n<meta property=\"og:image\" content=\"https:\/\/infolocale.actu.fr\/blog\/wp-content\/uploads\/2020\/07\/Foto1_FreresBoc-1024x768-1.jpg\" \/>\n\t<meta property=\"og:image:width\" content=\"1024\" \/>\n\t<meta property=\"og:image:height\" content=\"768\" \/>\n\t<meta property=\"og:image:type\" content=\"image\/jpeg\" \/>\n<meta name=\"author\" content=\"Myl\u00e8ne\" \/>\n<meta name=\"twitter:card\" content=\"summary_large_image\" \/>\n<meta name=\"twitter:creator\" content=\"@infolocale\" \/>\n<meta name=\"twitter:site\" content=\"@infolocale\" \/>\n<meta name=\"twitter:label1\" content=\"\u00c9crit par\" \/>\n\t<meta name=\"twitter:data1\" content=\"Myl\u00e8ne\" \/>\n\t<meta name=\"twitter:label2\" content=\"Dur\u00e9e de lecture estim\u00e9e\" \/>\n\t<meta name=\"twitter:data2\" content=\"3 minutes\" \/>\n<script type=\"application\/ld+json\" class=\"yoast-schema-graph\">{\"@context\":\"https:\/\/schema.org\",\"@graph\":[{\"@type\":\"Article\",\"@id\":\"https:\/\/infolocale.actu.fr\/blog\/le-gaec-bocel-entraide-producteurs-marches-confinement\/#article\",\"isPartOf\":{\"@id\":\"https:\/\/infolocale.actu.fr\/blog\/le-gaec-bocel-entraide-producteurs-marches-confinement\/\"},\"author\":{\"name\":\"Myl\u00e8ne\",\"@id\":\"https:\/\/www.infolocale.fr\/blog\/#\/schema\/person\/bf2dc50c6636ffa2ce3e44ef1f9eb97f\"},\"headline\":\"Le Gaec Bocel, mara\u00eechers d\u00e9fenseurs du bon go\u00fbt et solidaires\",\"datePublished\":\"2020-07-20T14:54:21+00:00\",\"dateModified\":\"2021-03-02T15:28:06+00:00\",\"mainEntityOfPage\":{\"@id\":\"https:\/\/infolocale.actu.fr\/blog\/le-gaec-bocel-entraide-producteurs-marches-confinement\/\"},\"wordCount\":426,\"commentCount\":0,\"publisher\":{\"@id\":\"https:\/\/www.infolocale.fr\/blog\/#organization\"},\"image\":{\"@id\":\"https:\/\/infolocale.actu.fr\/blog\/le-gaec-bocel-entraide-producteurs-marches-confinement\/#primaryimage\"},\"thumbnailUrl\":\"https:\/\/www.infolocale.fr\/blog\/wp-content\/uploads\/2020\/07\/Foto1_FreresBoc-1024x768-1.jpg\",\"keywords\":[\"Actualit\u00e9s\",\"Portraits\"],\"articleSection\":[\"En ce moment\"],\"inLanguage\":\"fr-FR\",\"potentialAction\":[{\"@type\":\"CommentAction\",\"name\":\"Comment\",\"target\":[\"https:\/\/infolocale.actu.fr\/blog\/le-gaec-bocel-entraide-producteurs-marches-confinement\/#respond\"]}]},{\"@type\":\"WebPage\",\"@id\":\"https:\/\/infolocale.actu.fr\/blog\/le-gaec-bocel-entraide-producteurs-marches-confinement\/\",\"url\":\"https:\/\/infolocale.actu.fr\/blog\/le-gaec-bocel-entraide-producteurs-marches-confinement\/\",\"name\":\"Le Gaec Bocel, mara\u00eechers solidaires pendant le confinement\",\"isPartOf\":{\"@id\":\"https:\/\/www.infolocale.fr\/blog\/#website\"},\"primaryImageOfPage\":{\"@id\":\"https:\/\/infolocale.actu.fr\/blog\/le-gaec-bocel-entraide-producteurs-marches-confinement\/#primaryimage\"},\"image\":{\"@id\":\"https:\/\/infolocale.actu.fr\/blog\/le-gaec-bocel-entraide-producteurs-marches-confinement\/#primaryimage\"},\"thumbnailUrl\":\"https:\/\/www.infolocale.fr\/blog\/wp-content\/uploads\/2020\/07\/Foto1_FreresBoc-1024x768-1.jpg\",\"datePublished\":\"2020-07-20T14:54:21+00:00\",\"dateModified\":\"2021-03-02T15:28:06+00:00\",\"description\":\"Malgr\u00e9 la restriction des march\u00e9s durant le confinement, accompagn\u00e9s d'autres producteurs locaux, ils ont su faire face en proposant des paniers \u00e0 emporter\",\"breadcrumb\":{\"@id\":\"https:\/\/infolocale.actu.fr\/blog\/le-gaec-bocel-entraide-producteurs-marches-confinement\/#breadcrumb\"},\"inLanguage\":\"fr-FR\",\"potentialAction\":[{\"@type\":\"ReadAction\",\"target\":[\"https:\/\/infolocale.actu.fr\/blog\/le-gaec-bocel-entraide-producteurs-marches-confinement\/\"]}]},{\"@type\":\"ImageObject\",\"inLanguage\":\"fr-FR\",\"@id\":\"https:\/\/infolocale.actu.fr\/blog\/le-gaec-bocel-entraide-producteurs-marches-confinement\/#primaryimage\",\"url\":\"https:\/\/www.infolocale.fr\/blog\/wp-content\/uploads\/2020\/07\/Foto1_FreresBoc-1024x768-1.jpg\",\"contentUrl\":\"https:\/\/www.infolocale.fr\/blog\/wp-content\/uploads\/2020\/07\/Foto1_FreresBoc-1024x768-1.jpg\",\"width\":1024,\"height\":768,\"caption\":\"Vincent et Jean-Paul Bocel r\u00e9coltent du basilic\"},{\"@type\":\"BreadcrumbList\",\"@id\":\"https:\/\/infolocale.actu.fr\/blog\/le-gaec-bocel-entraide-producteurs-marches-confinement\/#breadcrumb\",\"itemListElement\":[{\"@type\":\"ListItem\",\"position\":1,\"name\":\"Blog\",\"item\":\"https:\/\/infolocale.ouest-france.fr\/blog\/\"},{\"@type\":\"ListItem\",\"position\":2,\"name\":\"En ce moment\",\"item\":\"https:\/\/infolocale.20minutes.fr\/blog\/cat\/actu-acteurs-locaux\/\"},{\"@type\":\"ListItem\",\"position\":3,\"name\":\"Le Gaec Bocel, mara\u00eechers d\u00e9fenseurs du bon go\u00fbt et solidaires\"}]},{\"@type\":\"WebSite\",\"@id\":\"https:\/\/www.infolocale.fr\/blog\/#website\",\"url\":\"https:\/\/www.infolocale.fr\/blog\/\",\"name\":\"\",\"description\":\"\",\"publisher\":{\"@id\":\"https:\/\/www.infolocale.fr\/blog\/#organization\"},\"potentialAction\":[{\"@type\":\"SearchAction\",\"target\":{\"@type\":\"EntryPoint\",\"urlTemplate\":\"https:\/\/www.infolocale.fr\/blog\/?s={search_term_string}\"},\"query-input\":\"required name=search_term_string\"}],\"inLanguage\":\"fr-FR\"},{\"@type\":\"Organization\",\"@id\":\"https:\/\/www.infolocale.fr\/blog\/#organization\",\"name\":\"Infolocale\",\"url\":\"https:\/\/www.infolocale.fr\/blog\/\",\"logo\":{\"@type\":\"ImageObject\",\"inLanguage\":\"fr-FR\",\"@id\":\"https:\/\/www.infolocale.fr\/blog\/#\/schema\/logo\/image\/\",\"url\":\"https:\/\/www.infolocale.fr\/blog\/wp-content\/uploads\/2020\/11\/logol.jpg\",\"contentUrl\":\"https:\/\/www.infolocale.fr\/blog\/wp-content\/uploads\/2020\/11\/logol.jpg\",\"width\":1031,\"height\":398,\"caption\":\"Infolocale\"},\"image\":{\"@id\":\"https:\/\/www.infolocale.fr\/blog\/#\/schema\/logo\/image\/\"},\"sameAs\":[\"https:\/\/www.facebook.com\/infolocaleFR\/\",\"https:\/\/x.com\/infolocale\",\"https:\/\/www.instagram.com\/infolocale\/\",\"https:\/\/fr.linkedin.com\/company\/infolocale\",\"https:\/\/www.youtube.com\/channel\/UCnv4FA8EYEuu_si3TGr7xeA\"]},{\"@type\":\"Person\",\"@id\":\"https:\/\/www.infolocale.fr\/blog\/#\/schema\/person\/bf2dc50c6636ffa2ce3e44ef1f9eb97f\",\"name\":\"Myl\u00e8ne\",\"image\":{\"@type\":\"ImageObject\",\"inLanguage\":\"fr-FR\",\"@id\":\"https:\/\/www.infolocale.fr\/blog\/#\/schema\/person\/image\/\",\"url\":\"https:\/\/secure.gravatar.com\/avatar\/49511f0ea4b41ed3062b218e30f07042?s=96&d=mm&r=g\",\"contentUrl\":\"https:\/\/secure.gravatar.com\/avatar\/49511f0ea4b41ed3062b218e30f07042?s=96&d=mm&r=g\",\"caption\":\"Myl\u00e8ne\"},\"url\":\"https:\/\/www.infolocale.fr\/blog\/author\/mylene-michel\/\"}]}<\/script>\n<!-- \/ Yoast SEO plugin. -->","yoast_head_json":{"title":"Le Gaec Bocel, mara\u00eechers solidaires pendant le confinement","description":"Malgr\u00e9 la restriction des march\u00e9s durant le confinement, accompagn\u00e9s d'autres producteurs locaux, ils ont su faire face en proposant des paniers \u00e0 emporter","robots":{"index":"index","follow":"follow","max-snippet":"max-snippet:-1","max-image-preview":"max-image-preview:large","max-video-preview":"max-video-preview:-1"},"canonical":"https:\/\/infolocale.actu.fr\/blog\/le-gaec-bocel-entraide-producteurs-marches-confinement\/","og_locale":"fr_FR","og_type":"article","og_title":"Le Gaec Bocel, mara\u00eechers solidaires pendant le confinement","og_description":"Malgr\u00e9 la restriction des march\u00e9s durant le confinement, accompagn\u00e9s d'autres producteurs locaux, ils ont su faire face en proposant des paniers \u00e0 emporter","og_url":"https:\/\/infolocale.actu.fr\/blog\/le-gaec-bocel-entraide-producteurs-marches-confinement\/","article_publisher":"https:\/\/www.facebook.com\/infolocaleFR\/","article_published_time":"2020-07-20T14:54:21+00:00","article_modified_time":"2021-03-02T15:28:06+00:00","og_image":[{"width":1024,"height":768,"url":"https:\/\/infolocale.actu.fr\/blog\/wp-content\/uploads\/2020\/07\/Foto1_FreresBoc-1024x768-1.jpg","type":"image\/jpeg"}],"author":"Myl\u00e8ne","twitter_card":"summary_large_image","twitter_creator":"@infolocale","twitter_site":"@infolocale","twitter_misc":{"\u00c9crit par":"Myl\u00e8ne","Dur\u00e9e de lecture estim\u00e9e":"3 minutes"},"schema":{"@context":"https:\/\/schema.org","@graph":[{"@type":"Article","@id":"https:\/\/infolocale.actu.fr\/blog\/le-gaec-bocel-entraide-producteurs-marches-confinement\/#article","isPartOf":{"@id":"https:\/\/infolocale.actu.fr\/blog\/le-gaec-bocel-entraide-producteurs-marches-confinement\/"},"author":{"name":"Myl\u00e8ne","@id":"https:\/\/www.infolocale.fr\/blog\/#\/schema\/person\/bf2dc50c6636ffa2ce3e44ef1f9eb97f"},"headline":"Le Gaec Bocel, mara\u00eechers d\u00e9fenseurs du bon go\u00fbt et solidaires","datePublished":"2020-07-20T14:54:21+00:00","dateModified":"2021-03-02T15:28:06+00:00","mainEntityOfPage":{"@id":"https:\/\/infolocale.actu.fr\/blog\/le-gaec-bocel-entraide-producteurs-marches-confinement\/"},"wordCount":426,"commentCount":0,"publisher":{"@id":"https:\/\/www.infolocale.fr\/blog\/#organization"},"image":{"@id":"https:\/\/infolocale.actu.fr\/blog\/le-gaec-bocel-entraide-producteurs-marches-confinement\/#primaryimage"},"thumbnailUrl":"https:\/\/www.infolocale.fr\/blog\/wp-content\/uploads\/2020\/07\/Foto1_FreresBoc-1024x768-1.jpg","keywords":["Actualit\u00e9s","Portraits"],"articleSection":["En ce moment"],"inLanguage":"fr-FR","potentialAction":[{"@type":"CommentAction","name":"Comment","target":["https:\/\/infolocale.actu.fr\/blog\/le-gaec-bocel-entraide-producteurs-marches-confinement\/#respond"]}]},{"@type":"WebPage","@id":"https:\/\/infolocale.actu.fr\/blog\/le-gaec-bocel-entraide-producteurs-marches-confinement\/","url":"https:\/\/infolocale.actu.fr\/blog\/le-gaec-bocel-entraide-producteurs-marches-confinement\/","name":"Le Gaec Bocel, mara\u00eechers solidaires pendant le confinement","isPartOf":{"@id":"https:\/\/www.infolocale.fr\/blog\/#website"},"primaryImageOfPage":{"@id":"https:\/\/infolocale.actu.fr\/blog\/le-gaec-bocel-entraide-producteurs-marches-confinement\/#primaryimage"},"image":{"@id":"https:\/\/infolocale.actu.fr\/blog\/le-gaec-bocel-entraide-producteurs-marches-confinement\/#primaryimage"},"thumbnailUrl":"https:\/\/www.infolocale.fr\/blog\/wp-content\/uploads\/2020\/07\/Foto1_FreresBoc-1024x768-1.jpg","datePublished":"2020-07-20T14:54:21+00:00","dateModified":"2021-03-02T15:28:06+00:00","description":"Malgr\u00e9 la restriction des march\u00e9s durant le confinement, accompagn\u00e9s d'autres producteurs locaux, ils ont su faire face en proposant des paniers \u00e0 emporter","breadcrumb":{"@id":"https:\/\/infolocale.actu.fr\/blog\/le-gaec-bocel-entraide-producteurs-marches-confinement\/#breadcrumb"},"inLanguage":"fr-FR","potentialAction":[{"@type":"ReadAction","target":["https:\/\/infolocale.actu.fr\/blog\/le-gaec-bocel-entraide-producteurs-marches-confinement\/"]}]},{"@type":"ImageObject","inLanguage":"fr-FR","@id":"https:\/\/infolocale.actu.fr\/blog\/le-gaec-bocel-entraide-producteurs-marches-confinement\/#primaryimage","url":"https:\/\/www.infolocale.fr\/blog\/wp-content\/uploads\/2020\/07\/Foto1_FreresBoc-1024x768-1.jpg","contentUrl":"https:\/\/www.infolocale.fr\/blog\/wp-content\/uploads\/2020\/07\/Foto1_FreresBoc-1024x768-1.jpg","width":1024,"height":768,"caption":"Vincent et Jean-Paul Bocel r\u00e9coltent du basilic"},{"@type":"BreadcrumbList","@id":"https:\/\/infolocale.actu.fr\/blog\/le-gaec-bocel-entraide-producteurs-marches-confinement\/#breadcrumb","itemListElement":[{"@type":"ListItem","position":1,"name":"Blog","item":"https:\/\/infolocale.ouest-france.fr\/blog\/"},{"@type":"ListItem","position":2,"name":"En ce moment","item":"https:\/\/infolocale.20minutes.fr\/blog\/cat\/actu-acteurs-locaux\/"},{"@type":"ListItem","position":3,"name":"Le Gaec Bocel, mara\u00eechers d\u00e9fenseurs du bon go\u00fbt et solidaires"}]},{"@type":"WebSite","@id":"https:\/\/www.infolocale.fr\/blog\/#website","url":"https:\/\/www.infolocale.fr\/blog\/","name":"","description":"","publisher":{"@id":"https:\/\/www.infolocale.fr\/blog\/#organization"},"potentialAction":[{"@type":"SearchAction","target":{"@type":"EntryPoint","urlTemplate":"https:\/\/www.infolocale.fr\/blog\/?s={search_term_string}"},"query-input":"required name=search_term_string"}],"inLanguage":"fr-FR"},{"@type":"Organization","@id":"https:\/\/www.infolocale.fr\/blog\/#organization","name":"Infolocale","url":"https:\/\/www.infolocale.fr\/blog\/","logo":{"@type":"ImageObject","inLanguage":"fr-FR","@id":"https:\/\/www.infolocale.fr\/blog\/#\/schema\/logo\/image\/","url":"https:\/\/www.infolocale.fr\/blog\/wp-content\/uploads\/2020\/11\/logol.jpg","contentUrl":"https:\/\/www.infolocale.fr\/blog\/wp-content\/uploads\/2020\/11\/logol.jpg","width":1031,"height":398,"caption":"Infolocale"},"image":{"@id":"https:\/\/www.infolocale.fr\/blog\/#\/schema\/logo\/image\/"},"sameAs":["https:\/\/www.facebook.com\/infolocaleFR\/","https:\/\/x.com\/infolocale","https:\/\/www.instagram.com\/infolocale\/","https:\/\/fr.linkedin.com\/company\/infolocale","https:\/\/www.youtube.com\/channel\/UCnv4FA8EYEuu_si3TGr7xeA"]},{"@type":"Person","@id":"https:\/\/www.infolocale.fr\/blog\/#\/schema\/person\/bf2dc50c6636ffa2ce3e44ef1f9eb97f","name":"Myl\u00e8ne","image":{"@type":"ImageObject","inLanguage":"fr-FR","@id":"https:\/\/www.infolocale.fr\/blog\/#\/schema\/person\/image\/","url":"https:\/\/secure.gravatar.com\/avatar\/49511f0ea4b41ed3062b218e30f07042?s=96&d=mm&r=g","contentUrl":"https:\/\/secure.gravatar.com\/avatar\/49511f0ea4b41ed3062b218e30f07042?s=96&d=mm&r=g","caption":"Myl\u00e8ne"},"url":"https:\/\/www.infolocale.fr\/blog\/author\/mylene-michel\/"}]}},"_links":{"self":[{"href":"https:\/\/www.infolocale.fr\/blog\/wp-json\/wp\/v2\/posts\/3344"}],"collection":[{"href":"https:\/\/www.infolocale.fr\/blog\/wp-json\/wp\/v2\/posts"}],"about":[{"href":"https:\/\/www.infolocale.fr\/blog\/wp-json\/wp\/v2\/types\/post"}],"author":[{"embeddable":true,"href":"https:\/\/www.infolocale.fr\/blog\/wp-json\/wp\/v2\/users\/8"}],"replies":[{"embeddable":true,"href":"https:\/\/www.infolocale.fr\/blog\/wp-json\/wp\/v2\/comments?post=3344"}],"version-history":[{"count":0,"href":"https:\/\/www.infolocale.fr\/blog\/wp-json\/wp\/v2\/posts\/3344\/revisions"}],"wp:featuredmedia":[{"embeddable":true,"href":"https:\/\/www.infolocale.fr\/blog\/wp-json\/wp\/v2\/media\/5093"}],"wp:attachment":[{"href":"https:\/\/www.infolocale.fr\/blog\/wp-json\/wp\/v2\/media?parent=3344"}],"wp:term":[{"taxonomy":"category","embeddable":true,"href":"https:\/\/www.infolocale.fr\/blog\/wp-json\/wp\/v2\/categories?post=3344"},{"taxonomy":"post_tag","embeddable":true,"href":"https:\/\/www.infolocale.fr\/blog\/wp-json\/wp\/v2\/tags?post=3344"}],"curies":[{"name":"wp","href":"https:\/\/api.w.org\/{rel}","templated":true}]}}