{"id":3221,"date":"2020-07-17T16:22:22","date_gmt":"2020-07-17T15:22:22","guid":{"rendered":"https:\/\/blog.infolocale.fr\/?p=3221"},"modified":"2021-03-02T16:29:39","modified_gmt":"2021-03-02T15:29:39","slug":"le-bercail-rennes-initiatives-covid-paniers-a-emporter","status":"publish","type":"post","link":"https:\/\/www.infolocale.fr\/blog\/le-bercail-rennes-initiatives-covid-paniers-a-emporter\/","title":{"rendered":"Le Bercail, du plaisir durant la pand\u00e9mie !"},"content":{"rendered":"\n<h4 class=\"has-text-align-center wp-block-heading\" style=\"line-height:2\"><strong>L\u2019entraide avec les producteurs : innover pour trouver de nouveaux modes de distribution<\/strong><\/h4>\n\n\n\n<p class=\"has-text-align-justify has-normal-font-size\" style=\"line-height:2\">Pour venir en aide \u00e0 leurs fournisseurs, Sybille et Gr\u00e9goire du <em>Bercail <\/em>et leurs associ\u00e9s Caroline et Pierre, du bistrot \u00e0 vins <em>Les P\u00e9nates<\/em> ont propos\u00e9 des paniers \u00e0 commander d\u2019abord \u00e0 leurs \u00e9quipes, puis \u00e0 l\u2019entourage. Apr\u00e8s une quinzaine de jours de fonctionnement, ils ont \u00e9largi et permis l\u2019offre sans r\u00e9servation. Une \u00e9picerie a \u00e9t\u00e9 improvis\u00e9e dans les murs du <em>Bercail<\/em>. &nbsp;Un succ\u00e8s&nbsp;!<\/p>\n\n\n\n<p class=\"has-text-align-justify has-normal-font-size\" style=\"line-height:2\"><strong>\u00ab&nbsp;Hormis l\u2019\u00e9coulement des produits frais, nous avons retrouv\u00e9 les clients, heureux de pouvoir d\u00e9guster des produits go\u00fbteux<\/strong>.&nbsp;\u00bb &nbsp;<em>Le Bercail<\/em> n\u2019a pas pris de marge sur les paniers. Un peu sur les produits vendus \u00e0 l\u2019\u00e9picerie pour participer aux frais de loyer qui n\u2019ont pas \u00e9t\u00e9 exon\u00e9r\u00e9s. <\/p>\n\n\n\n<figure class=\"wp-block-image size-large\"><a href=\"https:\/\/s.infolocale.fr\/?utm_source=blog&amp;utm_medium=banner&amp;utm_campaign=blog-contents\"><img fetchpriority=\"high\" decoding=\"async\" width=\"908\" height=\"196\" src=\"https:\/\/www.infolocale.fr\/blog\/wp-content\/uploads\/2021\/02\/Banniere_evenement.png\" alt=\"\" class=\"wp-image-5949\" srcset=\"https:\/\/www.infolocale.fr\/blog\/wp-content\/uploads\/2021\/02\/Banniere_evenement.png 908w, https:\/\/www.infolocale.fr\/blog\/wp-content\/uploads\/2021\/02\/Banniere_evenement-300x65.png 300w, https:\/\/www.infolocale.fr\/blog\/wp-content\/uploads\/2021\/02\/Banniere_evenement-768x166.png 768w, https:\/\/www.infolocale.fr\/blog\/wp-content\/uploads\/2021\/02\/Banniere_evenement-278x60.png 278w\" sizes=\"(max-width: 908px) 100vw, 908px\" \/><\/a><\/figure>\n\n\n\n<p class=\"has-text-align-justify has-normal-font-size\" style=\"line-height:2\">Gr\u00e9goire t\u00e9moigne : <strong>\u00abces initiatives ont permis d\u2019\u00e9viter la casse, de ne pas paniquer. Nous \u00e9tions occup\u00e9s<\/strong>. <strong>Avec mon \u00e9pouse, Sybille, nous ne nous sommes pas vers\u00e9 de salaire. Les ressources \u00e9taient donc nulles. Pas de subvention des assurances<\/strong>, <strong>qui n\u2019assument pas leurs responsabilit\u00e9s. Une grosse blague !!.<\/strong> <strong>En revanche, nous avons pu d\u00e9caler nos \u00e9ch\u00e9ances. Le PGE, calcul\u00e9 sur le montant de 3 semaines sur l\u2019ensemble des salaires, a pu \u00eatre octroy\u00e9 pour <em>le Bercail<\/em>, mais pas pour <em>les P\u00e9nates<\/em>, nouvellement ouvert. Mais l\u2019Etat, c\u2019est nous ! Les aides re\u00e7ues, il faudra bien les alimenter. L\u2019id\u00e9al serait que la dette du Covid-19 ne soit pas pay\u00e9e par un nouvel imp\u00f4t. Ce mouvement de solidarit\u00e9 nous a aussi mobilis\u00e9s pour cr\u00e9er ces types d\u2019initiatives individuelles. Nous, les quatre associ\u00e9s, avons initi\u00e9 ces nouveaux modes de circuits pour tenir, sauver au minimum les pertes d\u2019exploitation, et pouvoir r\u00e9embaucher les collaborateurs au plus vite.&nbsp;\u00bb<\/strong><\/p>\n\n\n\n<h4 class=\"has-text-align-center wp-block-heading\"><strong>160 paniers vendus en 6 semaines, de fin mars au 11 mai<\/strong><\/h4>\n\n\n\n<p class=\"has-text-align-justify has-normal-font-size\" style=\"line-height:2\"><strong>\u00ab Nos fournisseurs ont ainsi pu survivre eux aussi. Ce qui nous permet de les retrouver aujourd\u2019hui. Ils produisent de bons produits et m\u00e9ritent d\u2019\u00eatre soutenus. \u00bb<\/strong><\/p>\n\n\n\n<p class=\"has-normal-font-size\"><strong>Sandwichs et barbecue<\/strong><\/p>\n\n\n\n<p class=\"has-text-align-justify has-normal-font-size\" style=\"line-height:2\"><em>Le Bercail<\/em> et <em>Les P\u00e9nates<\/em> ont \u00e9galement propos\u00e9 des sandwichs, pr\u00e9par\u00e9s \u00e0 l\u2019aide d\u2019un barbecue. Une animation innovante et conviviale \u00e0 proximit\u00e9. Une ressource aussi, le t\u00e9l\u00e9travail ne favorisant pas les restaurants. Mais nos restaurateurs n\u2019ont pas \u00e9t\u00e9 \u00e0 cours d\u2019id\u00e9es&nbsp;!<\/p>\n\n\n\n<p class=\"has-text-align-justify has-normal-font-size\" style=\"line-height:2\"><strong>\u00ab&nbsp;Depuis le 11 mai, nous avons d\u00e9cid\u00e9 d\u2019ouvrir seulement le soir, et tablons sur 14 \u00e0 28 couverts pour deux services : l\u2019un \u00e0 19 H 30, l\u2019autre \u00e0 21 h 30. Les clients reviennent, anim\u00e9s par l\u2019envie de sortir. Gr\u00e2ce \u00e0 la compr\u00e9hension de la mairie, nous avons pu dresser des tables \u00e0 l\u2019ext\u00e9rieur.<\/strong><\/p>\n\n\n\n<p class=\"has-text-align-justify has-normal-font-size\" style=\"line-height:2\"><strong>Le confinement nous a permis de r\u00e9fl\u00e9chir. La relation avec nos fournisseurs s\u2019est \u00e9toff\u00e9e. Nous allons les voir sur site, participons \u00e0 la cueillette et fr\u00e9quentons la micro-ferme urbaine en permaculture* &nbsp;<\/strong><em>Perma G\u2019Rennes<\/em><strong> de Micka\u00ebl Hardy. Pour nous, le besoin du retour \u00e0 la terre est devenu pressant. Nous voulons prendre le temps de vivre. Le confinement nous permet de rebondir sainement, ce type de fonctionnement nous rassure. D\u2019autant que nous partageons cette prise de conscience avec une majorit\u00e9 de notre client\u00e8le.&nbsp;\u00bb&nbsp;<\/strong><\/p>\n\n\n\n<p class=\"has-text-align-justify has-normal-font-size\" style=\"line-height:2\">* permaculture&nbsp;: concevoir des cultures dans des lieux de vie autosuffisants et respectueux de l\u2019environnement et des \u00eatres vivants, en s\u2019inspirant des savoir-faire traditionnels.<\/p>\n\n\n\n<p><em>Photo de couverture : Sybille et Gr\u00e9goire, propri\u00e9taires du Bercail, heureux de pr\u00e9senter leur r\u00e9colte chez Perma G\u2019Rennes.<\/em><\/p>\n\n\n\n<blockquote class=\"wp-block-quote is-layout-flow wp-block-quote-is-layout-flow\"><p>Le Bercail<\/p><\/blockquote>\n","protected":false},"excerpt":{"rendered":"<p>L\u2019entraide avec les producteurs : innover pour trouver de nouveaux modes de distribution Pour venir en aide \u00e0 leurs fournisseurs, Sybille et Gr\u00e9goire du Bercail [&hellip;]<\/p>\n","protected":false},"author":8,"featured_media":5107,"comment_status":"open","ping_status":"open","sticky":false,"template":"","format":"standard","meta":{"_coblocks_attr":"","_coblocks_dimensions":"","_coblocks_responsive_height":"","_coblocks_accordion_ie_support":"","_mo_disable_npp":"","footnotes":""},"categories":[6],"tags":[13,45],"class_list":["post-3221","post","type-post","status-publish","format-standard","has-post-thumbnail","hentry","category-actu-acteurs-locaux","tag-articles-actualites","tag-portraits"],"yoast_head":"<!-- This site is optimized with the Yoast SEO plugin v23.2 - https:\/\/yoast.com\/wordpress\/plugins\/seo\/ -->\n<title>Paniers \u00e0 emporter \u00e0 Rennes- Le Bercail, du plaisir durant la pand\u00e9mie !<\/title>\n<meta name=\"description\" content=\"Pour soutenir leurs fournisseurs, Le Bercail et Les P\u00e9nates ont propos\u00e9 des paniers \u00e0 emporter. Une \u00e9picerie a \u00e9t\u00e9 improvis\u00e9e dans les murs du Bercail\" \/>\n<meta name=\"robots\" content=\"index, follow, max-snippet:-1, max-image-preview:large, max-video-preview:-1\" \/>\n<link rel=\"canonical\" href=\"https:\/\/www.infolocale.fr\/blog\/le-bercail-rennes-initiatives-covid-paniers-a-emporter\/\" \/>\n<meta property=\"og:locale\" content=\"fr_FR\" \/>\n<meta property=\"og:type\" content=\"article\" \/>\n<meta property=\"og:title\" content=\"Paniers \u00e0 emporter \u00e0 Rennes- Le Bercail, du plaisir durant la pand\u00e9mie !\" \/>\n<meta property=\"og:description\" content=\"Pour soutenir leurs fournisseurs, Le Bercail et Les P\u00e9nates ont propos\u00e9 des paniers \u00e0 emporter. Une \u00e9picerie a \u00e9t\u00e9 improvis\u00e9e dans les murs du Bercail\" \/>\n<meta property=\"og:url\" content=\"https:\/\/www.infolocale.fr\/blog\/le-bercail-rennes-initiatives-covid-paniers-a-emporter\/\" \/>\n<meta property=\"article:publisher\" content=\"https:\/\/www.facebook.com\/infolocaleFR\/\" \/>\n<meta property=\"article:published_time\" content=\"2020-07-17T15:22:22+00:00\" \/>\n<meta property=\"article:modified_time\" content=\"2021-03-02T15:29:39+00:00\" \/>\n<meta property=\"og:image\" content=\"https:\/\/www.infolocale.fr\/blog\/wp-content\/uploads\/2020\/07\/Foto5_Syb_Greg_Bercail-1024x768-1.jpg\" \/>\n\t<meta property=\"og:image:width\" content=\"1024\" \/>\n\t<meta property=\"og:image:height\" content=\"768\" \/>\n\t<meta property=\"og:image:type\" content=\"image\/jpeg\" \/>\n<meta name=\"author\" content=\"Myl\u00e8ne\" \/>\n<meta name=\"twitter:card\" content=\"summary_large_image\" \/>\n<meta name=\"twitter:creator\" content=\"@infolocale\" \/>\n<meta name=\"twitter:site\" content=\"@infolocale\" \/>\n<meta name=\"twitter:label1\" content=\"\u00c9crit par\" \/>\n\t<meta name=\"twitter:data1\" content=\"Myl\u00e8ne\" \/>\n\t<meta name=\"twitter:label2\" content=\"Dur\u00e9e de lecture estim\u00e9e\" \/>\n\t<meta name=\"twitter:data2\" content=\"3 minutes\" \/>\n<script type=\"application\/ld+json\" class=\"yoast-schema-graph\">{\"@context\":\"https:\/\/schema.org\",\"@graph\":[{\"@type\":\"Article\",\"@id\":\"https:\/\/www.infolocale.fr\/blog\/le-bercail-rennes-initiatives-covid-paniers-a-emporter\/#article\",\"isPartOf\":{\"@id\":\"https:\/\/www.infolocale.fr\/blog\/le-bercail-rennes-initiatives-covid-paniers-a-emporter\/\"},\"author\":{\"name\":\"Myl\u00e8ne\",\"@id\":\"https:\/\/www.infolocale.fr\/blog\/#\/schema\/person\/bf2dc50c6636ffa2ce3e44ef1f9eb97f\"},\"headline\":\"Le Bercail, du plaisir durant la pand\u00e9mie !\",\"datePublished\":\"2020-07-17T15:22:22+00:00\",\"dateModified\":\"2021-03-02T15:29:39+00:00\",\"mainEntityOfPage\":{\"@id\":\"https:\/\/www.infolocale.fr\/blog\/le-bercail-rennes-initiatives-covid-paniers-a-emporter\/\"},\"wordCount\":604,\"commentCount\":0,\"publisher\":{\"@id\":\"https:\/\/www.infolocale.fr\/blog\/#organization\"},\"image\":{\"@id\":\"https:\/\/www.infolocale.fr\/blog\/le-bercail-rennes-initiatives-covid-paniers-a-emporter\/#primaryimage\"},\"thumbnailUrl\":\"https:\/\/www.infolocale.fr\/blog\/wp-content\/uploads\/2020\/07\/Foto5_Syb_Greg_Bercail-1024x768-1.jpg\",\"keywords\":[\"Actualit\u00e9s\",\"Portraits\"],\"articleSection\":[\"En ce moment\"],\"inLanguage\":\"fr-FR\",\"potentialAction\":[{\"@type\":\"CommentAction\",\"name\":\"Comment\",\"target\":[\"https:\/\/www.infolocale.fr\/blog\/le-bercail-rennes-initiatives-covid-paniers-a-emporter\/#respond\"]}]},{\"@type\":\"WebPage\",\"@id\":\"https:\/\/www.infolocale.fr\/blog\/le-bercail-rennes-initiatives-covid-paniers-a-emporter\/\",\"url\":\"https:\/\/www.infolocale.fr\/blog\/le-bercail-rennes-initiatives-covid-paniers-a-emporter\/\",\"name\":\"Paniers \u00e0 emporter \u00e0 Rennes- Le Bercail, du plaisir durant la pand\u00e9mie !\",\"isPartOf\":{\"@id\":\"https:\/\/www.infolocale.fr\/blog\/#website\"},\"primaryImageOfPage\":{\"@id\":\"https:\/\/www.infolocale.fr\/blog\/le-bercail-rennes-initiatives-covid-paniers-a-emporter\/#primaryimage\"},\"image\":{\"@id\":\"https:\/\/www.infolocale.fr\/blog\/le-bercail-rennes-initiatives-covid-paniers-a-emporter\/#primaryimage\"},\"thumbnailUrl\":\"https:\/\/www.infolocale.fr\/blog\/wp-content\/uploads\/2020\/07\/Foto5_Syb_Greg_Bercail-1024x768-1.jpg\",\"datePublished\":\"2020-07-17T15:22:22+00:00\",\"dateModified\":\"2021-03-02T15:29:39+00:00\",\"description\":\"Pour soutenir leurs fournisseurs, Le Bercail et Les P\u00e9nates ont propos\u00e9 des paniers \u00e0 emporter. Une \u00e9picerie a \u00e9t\u00e9 improvis\u00e9e dans les murs du Bercail\",\"breadcrumb\":{\"@id\":\"https:\/\/www.infolocale.fr\/blog\/le-bercail-rennes-initiatives-covid-paniers-a-emporter\/#breadcrumb\"},\"inLanguage\":\"fr-FR\",\"potentialAction\":[{\"@type\":\"ReadAction\",\"target\":[\"https:\/\/www.infolocale.fr\/blog\/le-bercail-rennes-initiatives-covid-paniers-a-emporter\/\"]}]},{\"@type\":\"ImageObject\",\"inLanguage\":\"fr-FR\",\"@id\":\"https:\/\/www.infolocale.fr\/blog\/le-bercail-rennes-initiatives-covid-paniers-a-emporter\/#primaryimage\",\"url\":\"https:\/\/www.infolocale.fr\/blog\/wp-content\/uploads\/2020\/07\/Foto5_Syb_Greg_Bercail-1024x768-1.jpg\",\"contentUrl\":\"https:\/\/www.infolocale.fr\/blog\/wp-content\/uploads\/2020\/07\/Foto5_Syb_Greg_Bercail-1024x768-1.jpg\",\"width\":1024,\"height\":768},{\"@type\":\"BreadcrumbList\",\"@id\":\"https:\/\/www.infolocale.fr\/blog\/le-bercail-rennes-initiatives-covid-paniers-a-emporter\/#breadcrumb\",\"itemListElement\":[{\"@type\":\"ListItem\",\"position\":1,\"name\":\"Blog\",\"item\":\"https:\/\/infolocale.ouest-france.fr\/blog\/\"},{\"@type\":\"ListItem\",\"position\":2,\"name\":\"En ce moment\",\"item\":\"https:\/\/infolocale.20minutes.fr\/blog\/cat\/actu-acteurs-locaux\/\"},{\"@type\":\"ListItem\",\"position\":3,\"name\":\"Le Bercail, du plaisir durant la pand\u00e9mie !\"}]},{\"@type\":\"WebSite\",\"@id\":\"https:\/\/www.infolocale.fr\/blog\/#website\",\"url\":\"https:\/\/www.infolocale.fr\/blog\/\",\"name\":\"\",\"description\":\"\",\"publisher\":{\"@id\":\"https:\/\/www.infolocale.fr\/blog\/#organization\"},\"potentialAction\":[{\"@type\":\"SearchAction\",\"target\":{\"@type\":\"EntryPoint\",\"urlTemplate\":\"https:\/\/www.infolocale.fr\/blog\/?s={search_term_string}\"},\"query-input\":\"required name=search_term_string\"}],\"inLanguage\":\"fr-FR\"},{\"@type\":\"Organization\",\"@id\":\"https:\/\/www.infolocale.fr\/blog\/#organization\",\"name\":\"Infolocale\",\"url\":\"https:\/\/www.infolocale.fr\/blog\/\",\"logo\":{\"@type\":\"ImageObject\",\"inLanguage\":\"fr-FR\",\"@id\":\"https:\/\/www.infolocale.fr\/blog\/#\/schema\/logo\/image\/\",\"url\":\"https:\/\/www.infolocale.fr\/blog\/wp-content\/uploads\/2020\/11\/logol.jpg\",\"contentUrl\":\"https:\/\/www.infolocale.fr\/blog\/wp-content\/uploads\/2020\/11\/logol.jpg\",\"width\":1031,\"height\":398,\"caption\":\"Infolocale\"},\"image\":{\"@id\":\"https:\/\/www.infolocale.fr\/blog\/#\/schema\/logo\/image\/\"},\"sameAs\":[\"https:\/\/www.facebook.com\/infolocaleFR\/\",\"https:\/\/x.com\/infolocale\",\"https:\/\/www.instagram.com\/infolocale\/\",\"https:\/\/fr.linkedin.com\/company\/infolocale\",\"https:\/\/www.youtube.com\/channel\/UCnv4FA8EYEuu_si3TGr7xeA\"]},{\"@type\":\"Person\",\"@id\":\"https:\/\/www.infolocale.fr\/blog\/#\/schema\/person\/bf2dc50c6636ffa2ce3e44ef1f9eb97f\",\"name\":\"Myl\u00e8ne\",\"image\":{\"@type\":\"ImageObject\",\"inLanguage\":\"fr-FR\",\"@id\":\"https:\/\/www.infolocale.fr\/blog\/#\/schema\/person\/image\/\",\"url\":\"https:\/\/secure.gravatar.com\/avatar\/49511f0ea4b41ed3062b218e30f07042?s=96&d=mm&r=g\",\"contentUrl\":\"https:\/\/secure.gravatar.com\/avatar\/49511f0ea4b41ed3062b218e30f07042?s=96&d=mm&r=g\",\"caption\":\"Myl\u00e8ne\"},\"url\":\"https:\/\/www.infolocale.fr\/blog\/author\/mylene-michel\/\"}]}<\/script>\n<!-- \/ Yoast SEO plugin. -->","yoast_head_json":{"title":"Paniers \u00e0 emporter \u00e0 Rennes- Le Bercail, du plaisir durant la pand\u00e9mie !","description":"Pour soutenir leurs fournisseurs, Le Bercail et Les P\u00e9nates ont propos\u00e9 des paniers \u00e0 emporter. Une \u00e9picerie a \u00e9t\u00e9 improvis\u00e9e dans les murs du Bercail","robots":{"index":"index","follow":"follow","max-snippet":"max-snippet:-1","max-image-preview":"max-image-preview:large","max-video-preview":"max-video-preview:-1"},"canonical":"https:\/\/www.infolocale.fr\/blog\/le-bercail-rennes-initiatives-covid-paniers-a-emporter\/","og_locale":"fr_FR","og_type":"article","og_title":"Paniers \u00e0 emporter \u00e0 Rennes- Le Bercail, du plaisir durant la pand\u00e9mie !","og_description":"Pour soutenir leurs fournisseurs, Le Bercail et Les P\u00e9nates ont propos\u00e9 des paniers \u00e0 emporter. Une \u00e9picerie a \u00e9t\u00e9 improvis\u00e9e dans les murs du Bercail","og_url":"https:\/\/www.infolocale.fr\/blog\/le-bercail-rennes-initiatives-covid-paniers-a-emporter\/","article_publisher":"https:\/\/www.facebook.com\/infolocaleFR\/","article_published_time":"2020-07-17T15:22:22+00:00","article_modified_time":"2021-03-02T15:29:39+00:00","og_image":[{"width":1024,"height":768,"url":"https:\/\/www.infolocale.fr\/blog\/wp-content\/uploads\/2020\/07\/Foto5_Syb_Greg_Bercail-1024x768-1.jpg","type":"image\/jpeg"}],"author":"Myl\u00e8ne","twitter_card":"summary_large_image","twitter_creator":"@infolocale","twitter_site":"@infolocale","twitter_misc":{"\u00c9crit par":"Myl\u00e8ne","Dur\u00e9e de lecture estim\u00e9e":"3 minutes"},"schema":{"@context":"https:\/\/schema.org","@graph":[{"@type":"Article","@id":"https:\/\/www.infolocale.fr\/blog\/le-bercail-rennes-initiatives-covid-paniers-a-emporter\/#article","isPartOf":{"@id":"https:\/\/www.infolocale.fr\/blog\/le-bercail-rennes-initiatives-covid-paniers-a-emporter\/"},"author":{"name":"Myl\u00e8ne","@id":"https:\/\/www.infolocale.fr\/blog\/#\/schema\/person\/bf2dc50c6636ffa2ce3e44ef1f9eb97f"},"headline":"Le Bercail, du plaisir durant la pand\u00e9mie !","datePublished":"2020-07-17T15:22:22+00:00","dateModified":"2021-03-02T15:29:39+00:00","mainEntityOfPage":{"@id":"https:\/\/www.infolocale.fr\/blog\/le-bercail-rennes-initiatives-covid-paniers-a-emporter\/"},"wordCount":604,"commentCount":0,"publisher":{"@id":"https:\/\/www.infolocale.fr\/blog\/#organization"},"image":{"@id":"https:\/\/www.infolocale.fr\/blog\/le-bercail-rennes-initiatives-covid-paniers-a-emporter\/#primaryimage"},"thumbnailUrl":"https:\/\/www.infolocale.fr\/blog\/wp-content\/uploads\/2020\/07\/Foto5_Syb_Greg_Bercail-1024x768-1.jpg","keywords":["Actualit\u00e9s","Portraits"],"articleSection":["En ce moment"],"inLanguage":"fr-FR","potentialAction":[{"@type":"CommentAction","name":"Comment","target":["https:\/\/www.infolocale.fr\/blog\/le-bercail-rennes-initiatives-covid-paniers-a-emporter\/#respond"]}]},{"@type":"WebPage","@id":"https:\/\/www.infolocale.fr\/blog\/le-bercail-rennes-initiatives-covid-paniers-a-emporter\/","url":"https:\/\/www.infolocale.fr\/blog\/le-bercail-rennes-initiatives-covid-paniers-a-emporter\/","name":"Paniers \u00e0 emporter \u00e0 Rennes- Le Bercail, du plaisir durant la pand\u00e9mie !","isPartOf":{"@id":"https:\/\/www.infolocale.fr\/blog\/#website"},"primaryImageOfPage":{"@id":"https:\/\/www.infolocale.fr\/blog\/le-bercail-rennes-initiatives-covid-paniers-a-emporter\/#primaryimage"},"image":{"@id":"https:\/\/www.infolocale.fr\/blog\/le-bercail-rennes-initiatives-covid-paniers-a-emporter\/#primaryimage"},"thumbnailUrl":"https:\/\/www.infolocale.fr\/blog\/wp-content\/uploads\/2020\/07\/Foto5_Syb_Greg_Bercail-1024x768-1.jpg","datePublished":"2020-07-17T15:22:22+00:00","dateModified":"2021-03-02T15:29:39+00:00","description":"Pour soutenir leurs fournisseurs, Le Bercail et Les P\u00e9nates ont propos\u00e9 des paniers \u00e0 emporter. Une \u00e9picerie a \u00e9t\u00e9 improvis\u00e9e dans les murs du Bercail","breadcrumb":{"@id":"https:\/\/www.infolocale.fr\/blog\/le-bercail-rennes-initiatives-covid-paniers-a-emporter\/#breadcrumb"},"inLanguage":"fr-FR","potentialAction":[{"@type":"ReadAction","target":["https:\/\/www.infolocale.fr\/blog\/le-bercail-rennes-initiatives-covid-paniers-a-emporter\/"]}]},{"@type":"ImageObject","inLanguage":"fr-FR","@id":"https:\/\/www.infolocale.fr\/blog\/le-bercail-rennes-initiatives-covid-paniers-a-emporter\/#primaryimage","url":"https:\/\/www.infolocale.fr\/blog\/wp-content\/uploads\/2020\/07\/Foto5_Syb_Greg_Bercail-1024x768-1.jpg","contentUrl":"https:\/\/www.infolocale.fr\/blog\/wp-content\/uploads\/2020\/07\/Foto5_Syb_Greg_Bercail-1024x768-1.jpg","width":1024,"height":768},{"@type":"BreadcrumbList","@id":"https:\/\/www.infolocale.fr\/blog\/le-bercail-rennes-initiatives-covid-paniers-a-emporter\/#breadcrumb","itemListElement":[{"@type":"ListItem","position":1,"name":"Blog","item":"https:\/\/infolocale.ouest-france.fr\/blog\/"},{"@type":"ListItem","position":2,"name":"En ce moment","item":"https:\/\/infolocale.20minutes.fr\/blog\/cat\/actu-acteurs-locaux\/"},{"@type":"ListItem","position":3,"name":"Le Bercail, du plaisir durant la pand\u00e9mie !"}]},{"@type":"WebSite","@id":"https:\/\/www.infolocale.fr\/blog\/#website","url":"https:\/\/www.infolocale.fr\/blog\/","name":"","description":"","publisher":{"@id":"https:\/\/www.infolocale.fr\/blog\/#organization"},"potentialAction":[{"@type":"SearchAction","target":{"@type":"EntryPoint","urlTemplate":"https:\/\/www.infolocale.fr\/blog\/?s={search_term_string}"},"query-input":"required name=search_term_string"}],"inLanguage":"fr-FR"},{"@type":"Organization","@id":"https:\/\/www.infolocale.fr\/blog\/#organization","name":"Infolocale","url":"https:\/\/www.infolocale.fr\/blog\/","logo":{"@type":"ImageObject","inLanguage":"fr-FR","@id":"https:\/\/www.infolocale.fr\/blog\/#\/schema\/logo\/image\/","url":"https:\/\/www.infolocale.fr\/blog\/wp-content\/uploads\/2020\/11\/logol.jpg","contentUrl":"https:\/\/www.infolocale.fr\/blog\/wp-content\/uploads\/2020\/11\/logol.jpg","width":1031,"height":398,"caption":"Infolocale"},"image":{"@id":"https:\/\/www.infolocale.fr\/blog\/#\/schema\/logo\/image\/"},"sameAs":["https:\/\/www.facebook.com\/infolocaleFR\/","https:\/\/x.com\/infolocale","https:\/\/www.instagram.com\/infolocale\/","https:\/\/fr.linkedin.com\/company\/infolocale","https:\/\/www.youtube.com\/channel\/UCnv4FA8EYEuu_si3TGr7xeA"]},{"@type":"Person","@id":"https:\/\/www.infolocale.fr\/blog\/#\/schema\/person\/bf2dc50c6636ffa2ce3e44ef1f9eb97f","name":"Myl\u00e8ne","image":{"@type":"ImageObject","inLanguage":"fr-FR","@id":"https:\/\/www.infolocale.fr\/blog\/#\/schema\/person\/image\/","url":"https:\/\/secure.gravatar.com\/avatar\/49511f0ea4b41ed3062b218e30f07042?s=96&d=mm&r=g","contentUrl":"https:\/\/secure.gravatar.com\/avatar\/49511f0ea4b41ed3062b218e30f07042?s=96&d=mm&r=g","caption":"Myl\u00e8ne"},"url":"https:\/\/www.infolocale.fr\/blog\/author\/mylene-michel\/"}]}},"_links":{"self":[{"href":"https:\/\/www.infolocale.fr\/blog\/wp-json\/wp\/v2\/posts\/3221"}],"collection":[{"href":"https:\/\/www.infolocale.fr\/blog\/wp-json\/wp\/v2\/posts"}],"about":[{"href":"https:\/\/www.infolocale.fr\/blog\/wp-json\/wp\/v2\/types\/post"}],"author":[{"embeddable":true,"href":"https:\/\/www.infolocale.fr\/blog\/wp-json\/wp\/v2\/users\/8"}],"replies":[{"embeddable":true,"href":"https:\/\/www.infolocale.fr\/blog\/wp-json\/wp\/v2\/comments?post=3221"}],"version-history":[{"count":0,"href":"https:\/\/www.infolocale.fr\/blog\/wp-json\/wp\/v2\/posts\/3221\/revisions"}],"wp:featuredmedia":[{"embeddable":true,"href":"https:\/\/www.infolocale.fr\/blog\/wp-json\/wp\/v2\/media\/5107"}],"wp:attachment":[{"href":"https:\/\/www.infolocale.fr\/blog\/wp-json\/wp\/v2\/media?parent=3221"}],"wp:term":[{"taxonomy":"category","embeddable":true,"href":"https:\/\/www.infolocale.fr\/blog\/wp-json\/wp\/v2\/categories?post=3221"},{"taxonomy":"post_tag","embeddable":true,"href":"https:\/\/www.infolocale.fr\/blog\/wp-json\/wp\/v2\/tags?post=3221"}],"curies":[{"name":"wp","href":"https:\/\/api.w.org\/{rel}","templated":true}]}}