{"id":3215,"date":"2020-07-17T16:10:50","date_gmt":"2020-07-17T15:10:50","guid":{"rendered":"https:\/\/blog.infolocale.fr\/?p=3215"},"modified":"2021-03-02T16:30:17","modified_gmt":"2021-03-02T15:30:17","slug":"tonnelle-a-vins-rennes-covid","status":"publish","type":"post","link":"https:\/\/www.infolocale.fr\/blog\/tonnelle-a-vins-rennes-covid\/","title":{"rendered":"La Tonnelle \u00e0 vins, Gabrielle et Guy"},"content":{"rendered":"\n<p style=\"font-size:42px\"><strong>\u00ab R\u00e9sister et survivre \u00bb<\/strong><\/p>\n\n\n\n<p class=\"has-text-align-justify has-normal-font-size\" style=\"line-height:2\"><em>Cofond\u00e9 en 2014, par le couple de cog\u00e9rants Gabrielle Og\u00e9&nbsp; et Guy Melia, \u00e0 la Tonnelle \u00e0 vins on se restaure et ach\u00e8te du vin, puisque l\u2019\u00e9tablissement propose cette double activit\u00e9.<\/em><\/p>\n\n\n\n<h4 class=\"wp-block-heading\" style=\"line-height:2\"><strong>R\u00e9sister<\/strong><\/h4>\n\n\n\n<p class=\"has-text-align-justify has-normal-font-size\" style=\"line-height:2\"><strong>\u00ab D\u00e8s le d\u00e9but de la crise sanitaire, nous avons \u00e9valu\u00e9 notre tr\u00e9sorerie et notre capacit\u00e9 \u00e0 r\u00e9sister durant cette p\u00e9riode incertaine, non d\u00e9termin\u00e9e. Nous avons n\u00e9goci\u00e9 avec nos banquiers, propri\u00e9taire, fournisseurs d\u2019\u00e9nergie\u2026&nbsp;Et avons pu obtenir un report de la majorit\u00e9 de nos charges fixes et de nos charges variables. La situation \u00e9tant sous contr\u00f4le, nous n\u2019avons pas sollicit\u00e9 le PGE, alors que nous \u00e9tions \u00e9ligibles.<\/strong><\/p>\n\n\n\n<figure class=\"wp-block-image size-large\"><a href=\"https:\/\/s.infolocale.fr\/?utm_source=blog&amp;utm_medium=banner&amp;utm_campaign=blog-contents\"><img fetchpriority=\"high\" decoding=\"async\" width=\"1024\" height=\"243\" src=\"https:\/\/www.infolocale.fr\/blog\/wp-content\/uploads\/2021\/02\/Association_bleu-1024x243.png\" alt=\"\" class=\"wp-image-5938\" srcset=\"https:\/\/www.infolocale.fr\/blog\/wp-content\/uploads\/2021\/02\/Association_bleu-1024x243.png 1024w, https:\/\/www.infolocale.fr\/blog\/wp-content\/uploads\/2021\/02\/Association_bleu-300x71.png 300w, https:\/\/www.infolocale.fr\/blog\/wp-content\/uploads\/2021\/02\/Association_bleu-768x182.png 768w, https:\/\/www.infolocale.fr\/blog\/wp-content\/uploads\/2021\/02\/Association_bleu-253x60.png 253w, https:\/\/www.infolocale.fr\/blog\/wp-content\/uploads\/2021\/02\/Association_bleu.png 1166w\" sizes=\"(max-width: 1024px) 100vw, 1024px\" \/><\/a><\/figure>\n\n\n\n<p class=\"has-text-align-justify has-normal-font-size\" style=\"line-height:2\"><strong>Nous en avons profit\u00e9 pour r\u00e9aliser des travaux&nbsp;la premi\u00e8re semaine du confinement. Des clients continuaient de nous contacter<\/strong> <strong>pour acheter du vin. La deuxi\u00e8me semaine, nous avons donc mis en place un syst\u00e8me de commandes par Internet (avec possibilit\u00e9 de livraison), puis organis\u00e9 des d\u00e9p\u00f4ts\/retraits de pain, l\u00e9gumes, fromage, canard\u2026 Ceci pour soutenir nos plus gros fournisseurs. Certains en avaient grand besoin . Le 4 juin, nous avons pu ouvrir notre restaurant ! La fr\u00e9quentation est redevenue normale, mais nous constatons des \u00e9carts plus importants qu\u2019avant le Covid<\/strong>.<strong> L\u2019aspect chaotique de la fr\u00e9quentation s\u2019est accentu\u00e9, ce qui nous oblige \u00e0 \u00e9tablir nos menus diff\u00e9remment. Aujourd\u2019hui, nous pensons avoir su nous adapter, semaine apr\u00e8s semaine, mais notre quota de ressources personnelles est \u00e9puis\u00e9. Les vacances seront les bienvenues ! \u00bb<\/strong><\/p>\n\n\n\n<blockquote class=\"wp-block-quote is-layout-flow wp-block-quote-is-layout-flow\"><p><a aria-label=\"undefined (s\u2019ouvre dans un nouvel onglet)\" href=\"https:\/\/www.latonnelleavins.fr\/\" target=\"_blank\" rel=\"noreferrer noopener\">La Ton<\/a><a href=\"https:\/\/www.latonnelleavins.fr\/\" target=\"_blank\" aria-label=\"undefined (s\u2019ouvre dans un nouvel onglet)\" rel=\"noreferrer noopener\">n<\/a><a aria-label=\"undefined (s\u2019ouvre dans un nouvel onglet)\" href=\"https:\/\/www.latonnelleavins.fr\/\" target=\"_blank\" rel=\"noreferrer noopener\">elle \u00e0 Vins<\/a><\/p><\/blockquote>\n","protected":false},"excerpt":{"rendered":"<p>\u00ab R\u00e9sister et survivre \u00bb Cofond\u00e9 en 2014, par le couple de cog\u00e9rants Gabrielle Og\u00e9&nbsp; et Guy Melia, \u00e0 la Tonnelle \u00e0 vins on se [&hellip;]<\/p>\n","protected":false},"author":8,"featured_media":5106,"comment_status":"open","ping_status":"open","sticky":false,"template":"","format":"standard","meta":{"_coblocks_attr":"","_coblocks_dimensions":"","_coblocks_responsive_height":"","_coblocks_accordion_ie_support":"","_mo_disable_npp":"","footnotes":""},"categories":[6],"tags":[45],"class_list":["post-3215","post","type-post","status-publish","format-standard","has-post-thumbnail","hentry","category-actu-acteurs-locaux","tag-portraits"],"yoast_head":"<!-- This site is optimized with the Yoast SEO plugin v23.2 - https:\/\/yoast.com\/wordpress\/plugins\/seo\/ -->\n<title>La Tonnelle \u00e0 vins, Gabrielle et Guy<\/title>\n<meta name=\"description\" content=\"La Tonnelle a Vins s&#039;est adapt\u00e9e \u00e0 l&#039;impr\u00e9vu en proposant un service de commandes en ligne en soutien \u00e0 ses principaux fournisseurs, des producteurs bretons\" \/>\n<meta name=\"robots\" content=\"index, follow, max-snippet:-1, max-image-preview:large, max-video-preview:-1\" \/>\n<link rel=\"canonical\" href=\"https:\/\/www.infolocale.fr\/blog\/tonnelle-a-vins-rennes-covid\/\" \/>\n<meta property=\"og:locale\" content=\"fr_FR\" \/>\n<meta property=\"og:type\" content=\"article\" \/>\n<meta property=\"og:title\" content=\"La Tonnelle \u00e0 vins, Gabrielle et Guy\" \/>\n<meta property=\"og:description\" content=\"La Tonnelle a Vins s&#039;est adapt\u00e9e \u00e0 l&#039;impr\u00e9vu en proposant un service de commandes en ligne en soutien \u00e0 ses principaux fournisseurs, des producteurs bretons\" \/>\n<meta property=\"og:url\" content=\"https:\/\/www.infolocale.fr\/blog\/tonnelle-a-vins-rennes-covid\/\" \/>\n<meta property=\"article:publisher\" content=\"https:\/\/www.facebook.com\/infolocaleFR\/\" \/>\n<meta property=\"article:published_time\" content=\"2020-07-17T15:10:50+00:00\" \/>\n<meta property=\"article:modified_time\" content=\"2021-03-02T15:30:17+00:00\" \/>\n<meta property=\"og:image\" content=\"https:\/\/www.infolocale.fr\/blog\/wp-content\/uploads\/2020\/07\/Nouveau-projet-10.jpg\" \/>\n\t<meta property=\"og:image:width\" content=\"822\" \/>\n\t<meta property=\"og:image:height\" content=\"517\" \/>\n\t<meta property=\"og:image:type\" content=\"image\/jpeg\" \/>\n<meta name=\"author\" content=\"Myl\u00e8ne\" \/>\n<meta name=\"twitter:card\" content=\"summary_large_image\" \/>\n<meta name=\"twitter:creator\" content=\"@infolocale\" \/>\n<meta name=\"twitter:site\" content=\"@infolocale\" \/>\n<meta name=\"twitter:label1\" content=\"\u00c9crit par\" \/>\n\t<meta name=\"twitter:data1\" content=\"Myl\u00e8ne\" \/>\n\t<meta name=\"twitter:label2\" content=\"Dur\u00e9e de lecture estim\u00e9e\" \/>\n\t<meta name=\"twitter:data2\" content=\"2 minutes\" \/>\n<script type=\"application\/ld+json\" class=\"yoast-schema-graph\">{\"@context\":\"https:\/\/schema.org\",\"@graph\":[{\"@type\":\"Article\",\"@id\":\"https:\/\/www.infolocale.fr\/blog\/tonnelle-a-vins-rennes-covid\/#article\",\"isPartOf\":{\"@id\":\"https:\/\/www.infolocale.fr\/blog\/tonnelle-a-vins-rennes-covid\/\"},\"author\":{\"name\":\"Myl\u00e8ne\",\"@id\":\"https:\/\/www.infolocale.fr\/blog\/#\/schema\/person\/bf2dc50c6636ffa2ce3e44ef1f9eb97f\"},\"headline\":\"La Tonnelle \u00e0 vins, Gabrielle et Guy\",\"datePublished\":\"2020-07-17T15:10:50+00:00\",\"dateModified\":\"2021-03-02T15:30:17+00:00\",\"mainEntityOfPage\":{\"@id\":\"https:\/\/www.infolocale.fr\/blog\/tonnelle-a-vins-rennes-covid\/\"},\"wordCount\":268,\"commentCount\":0,\"publisher\":{\"@id\":\"https:\/\/www.infolocale.fr\/blog\/#organization\"},\"image\":{\"@id\":\"https:\/\/www.infolocale.fr\/blog\/tonnelle-a-vins-rennes-covid\/#primaryimage\"},\"thumbnailUrl\":\"https:\/\/www.infolocale.fr\/blog\/wp-content\/uploads\/2020\/07\/Nouveau-projet-10.jpg\",\"keywords\":[\"Portraits\"],\"articleSection\":[\"En ce moment\"],\"inLanguage\":\"fr-FR\",\"potentialAction\":[{\"@type\":\"CommentAction\",\"name\":\"Comment\",\"target\":[\"https:\/\/www.infolocale.fr\/blog\/tonnelle-a-vins-rennes-covid\/#respond\"]}]},{\"@type\":\"WebPage\",\"@id\":\"https:\/\/www.infolocale.fr\/blog\/tonnelle-a-vins-rennes-covid\/\",\"url\":\"https:\/\/www.infolocale.fr\/blog\/tonnelle-a-vins-rennes-covid\/\",\"name\":\"La Tonnelle \u00e0 vins, Gabrielle et Guy\",\"isPartOf\":{\"@id\":\"https:\/\/www.infolocale.fr\/blog\/#website\"},\"primaryImageOfPage\":{\"@id\":\"https:\/\/www.infolocale.fr\/blog\/tonnelle-a-vins-rennes-covid\/#primaryimage\"},\"image\":{\"@id\":\"https:\/\/www.infolocale.fr\/blog\/tonnelle-a-vins-rennes-covid\/#primaryimage\"},\"thumbnailUrl\":\"https:\/\/www.infolocale.fr\/blog\/wp-content\/uploads\/2020\/07\/Nouveau-projet-10.jpg\",\"datePublished\":\"2020-07-17T15:10:50+00:00\",\"dateModified\":\"2021-03-02T15:30:17+00:00\",\"description\":\"La Tonnelle a Vins s'est adapt\u00e9e \u00e0 l'impr\u00e9vu en proposant un service de commandes en ligne en soutien \u00e0 ses principaux fournisseurs, des producteurs bretons\",\"breadcrumb\":{\"@id\":\"https:\/\/www.infolocale.fr\/blog\/tonnelle-a-vins-rennes-covid\/#breadcrumb\"},\"inLanguage\":\"fr-FR\",\"potentialAction\":[{\"@type\":\"ReadAction\",\"target\":[\"https:\/\/www.infolocale.fr\/blog\/tonnelle-a-vins-rennes-covid\/\"]}]},{\"@type\":\"ImageObject\",\"inLanguage\":\"fr-FR\",\"@id\":\"https:\/\/www.infolocale.fr\/blog\/tonnelle-a-vins-rennes-covid\/#primaryimage\",\"url\":\"https:\/\/www.infolocale.fr\/blog\/wp-content\/uploads\/2020\/07\/Nouveau-projet-10.jpg\",\"contentUrl\":\"https:\/\/www.infolocale.fr\/blog\/wp-content\/uploads\/2020\/07\/Nouveau-projet-10.jpg\",\"width\":822,\"height\":517,\"caption\":\"La Tonnelle \u00e0 vins, Gabrielle et Guy\"},{\"@type\":\"BreadcrumbList\",\"@id\":\"https:\/\/www.infolocale.fr\/blog\/tonnelle-a-vins-rennes-covid\/#breadcrumb\",\"itemListElement\":[{\"@type\":\"ListItem\",\"position\":1,\"name\":\"Blog\",\"item\":\"https:\/\/infolocale.ouest-france.fr\/blog\/\"},{\"@type\":\"ListItem\",\"position\":2,\"name\":\"En ce moment\",\"item\":\"https:\/\/infolocale.20minutes.fr\/blog\/cat\/actu-acteurs-locaux\/\"},{\"@type\":\"ListItem\",\"position\":3,\"name\":\"La Tonnelle \u00e0 vins, Gabrielle et Guy\"}]},{\"@type\":\"WebSite\",\"@id\":\"https:\/\/www.infolocale.fr\/blog\/#website\",\"url\":\"https:\/\/www.infolocale.fr\/blog\/\",\"name\":\"\",\"description\":\"\",\"publisher\":{\"@id\":\"https:\/\/www.infolocale.fr\/blog\/#organization\"},\"potentialAction\":[{\"@type\":\"SearchAction\",\"target\":{\"@type\":\"EntryPoint\",\"urlTemplate\":\"https:\/\/www.infolocale.fr\/blog\/?s={search_term_string}\"},\"query-input\":\"required name=search_term_string\"}],\"inLanguage\":\"fr-FR\"},{\"@type\":\"Organization\",\"@id\":\"https:\/\/www.infolocale.fr\/blog\/#organization\",\"name\":\"Infolocale\",\"url\":\"https:\/\/www.infolocale.fr\/blog\/\",\"logo\":{\"@type\":\"ImageObject\",\"inLanguage\":\"fr-FR\",\"@id\":\"https:\/\/www.infolocale.fr\/blog\/#\/schema\/logo\/image\/\",\"url\":\"https:\/\/www.infolocale.fr\/blog\/wp-content\/uploads\/2020\/11\/logol.jpg\",\"contentUrl\":\"https:\/\/www.infolocale.fr\/blog\/wp-content\/uploads\/2020\/11\/logol.jpg\",\"width\":1031,\"height\":398,\"caption\":\"Infolocale\"},\"image\":{\"@id\":\"https:\/\/www.infolocale.fr\/blog\/#\/schema\/logo\/image\/\"},\"sameAs\":[\"https:\/\/www.facebook.com\/infolocaleFR\/\",\"https:\/\/x.com\/infolocale\",\"https:\/\/www.instagram.com\/infolocale\/\",\"https:\/\/fr.linkedin.com\/company\/infolocale\",\"https:\/\/www.youtube.com\/channel\/UCnv4FA8EYEuu_si3TGr7xeA\"]},{\"@type\":\"Person\",\"@id\":\"https:\/\/www.infolocale.fr\/blog\/#\/schema\/person\/bf2dc50c6636ffa2ce3e44ef1f9eb97f\",\"name\":\"Myl\u00e8ne\",\"image\":{\"@type\":\"ImageObject\",\"inLanguage\":\"fr-FR\",\"@id\":\"https:\/\/www.infolocale.fr\/blog\/#\/schema\/person\/image\/\",\"url\":\"https:\/\/secure.gravatar.com\/avatar\/49511f0ea4b41ed3062b218e30f07042?s=96&d=mm&r=g\",\"contentUrl\":\"https:\/\/secure.gravatar.com\/avatar\/49511f0ea4b41ed3062b218e30f07042?s=96&d=mm&r=g\",\"caption\":\"Myl\u00e8ne\"},\"url\":\"https:\/\/www.infolocale.fr\/blog\/author\/mylene-michel\/\"}]}<\/script>\n<!-- \/ Yoast SEO plugin. -->","yoast_head_json":{"title":"La Tonnelle \u00e0 vins, Gabrielle et Guy","description":"La Tonnelle a Vins s'est adapt\u00e9e \u00e0 l'impr\u00e9vu en proposant un service de commandes en ligne en soutien \u00e0 ses principaux fournisseurs, des producteurs bretons","robots":{"index":"index","follow":"follow","max-snippet":"max-snippet:-1","max-image-preview":"max-image-preview:large","max-video-preview":"max-video-preview:-1"},"canonical":"https:\/\/www.infolocale.fr\/blog\/tonnelle-a-vins-rennes-covid\/","og_locale":"fr_FR","og_type":"article","og_title":"La Tonnelle \u00e0 vins, Gabrielle et Guy","og_description":"La Tonnelle a Vins s'est adapt\u00e9e \u00e0 l'impr\u00e9vu en proposant un service de commandes en ligne en soutien \u00e0 ses principaux fournisseurs, des producteurs bretons","og_url":"https:\/\/www.infolocale.fr\/blog\/tonnelle-a-vins-rennes-covid\/","article_publisher":"https:\/\/www.facebook.com\/infolocaleFR\/","article_published_time":"2020-07-17T15:10:50+00:00","article_modified_time":"2021-03-02T15:30:17+00:00","og_image":[{"width":822,"height":517,"url":"https:\/\/www.infolocale.fr\/blog\/wp-content\/uploads\/2020\/07\/Nouveau-projet-10.jpg","type":"image\/jpeg"}],"author":"Myl\u00e8ne","twitter_card":"summary_large_image","twitter_creator":"@infolocale","twitter_site":"@infolocale","twitter_misc":{"\u00c9crit par":"Myl\u00e8ne","Dur\u00e9e de lecture estim\u00e9e":"2 minutes"},"schema":{"@context":"https:\/\/schema.org","@graph":[{"@type":"Article","@id":"https:\/\/www.infolocale.fr\/blog\/tonnelle-a-vins-rennes-covid\/#article","isPartOf":{"@id":"https:\/\/www.infolocale.fr\/blog\/tonnelle-a-vins-rennes-covid\/"},"author":{"name":"Myl\u00e8ne","@id":"https:\/\/www.infolocale.fr\/blog\/#\/schema\/person\/bf2dc50c6636ffa2ce3e44ef1f9eb97f"},"headline":"La Tonnelle \u00e0 vins, Gabrielle et Guy","datePublished":"2020-07-17T15:10:50+00:00","dateModified":"2021-03-02T15:30:17+00:00","mainEntityOfPage":{"@id":"https:\/\/www.infolocale.fr\/blog\/tonnelle-a-vins-rennes-covid\/"},"wordCount":268,"commentCount":0,"publisher":{"@id":"https:\/\/www.infolocale.fr\/blog\/#organization"},"image":{"@id":"https:\/\/www.infolocale.fr\/blog\/tonnelle-a-vins-rennes-covid\/#primaryimage"},"thumbnailUrl":"https:\/\/www.infolocale.fr\/blog\/wp-content\/uploads\/2020\/07\/Nouveau-projet-10.jpg","keywords":["Portraits"],"articleSection":["En ce moment"],"inLanguage":"fr-FR","potentialAction":[{"@type":"CommentAction","name":"Comment","target":["https:\/\/www.infolocale.fr\/blog\/tonnelle-a-vins-rennes-covid\/#respond"]}]},{"@type":"WebPage","@id":"https:\/\/www.infolocale.fr\/blog\/tonnelle-a-vins-rennes-covid\/","url":"https:\/\/www.infolocale.fr\/blog\/tonnelle-a-vins-rennes-covid\/","name":"La Tonnelle \u00e0 vins, Gabrielle et Guy","isPartOf":{"@id":"https:\/\/www.infolocale.fr\/blog\/#website"},"primaryImageOfPage":{"@id":"https:\/\/www.infolocale.fr\/blog\/tonnelle-a-vins-rennes-covid\/#primaryimage"},"image":{"@id":"https:\/\/www.infolocale.fr\/blog\/tonnelle-a-vins-rennes-covid\/#primaryimage"},"thumbnailUrl":"https:\/\/www.infolocale.fr\/blog\/wp-content\/uploads\/2020\/07\/Nouveau-projet-10.jpg","datePublished":"2020-07-17T15:10:50+00:00","dateModified":"2021-03-02T15:30:17+00:00","description":"La Tonnelle a Vins s'est adapt\u00e9e \u00e0 l'impr\u00e9vu en proposant un service de commandes en ligne en soutien \u00e0 ses principaux fournisseurs, des producteurs bretons","breadcrumb":{"@id":"https:\/\/www.infolocale.fr\/blog\/tonnelle-a-vins-rennes-covid\/#breadcrumb"},"inLanguage":"fr-FR","potentialAction":[{"@type":"ReadAction","target":["https:\/\/www.infolocale.fr\/blog\/tonnelle-a-vins-rennes-covid\/"]}]},{"@type":"ImageObject","inLanguage":"fr-FR","@id":"https:\/\/www.infolocale.fr\/blog\/tonnelle-a-vins-rennes-covid\/#primaryimage","url":"https:\/\/www.infolocale.fr\/blog\/wp-content\/uploads\/2020\/07\/Nouveau-projet-10.jpg","contentUrl":"https:\/\/www.infolocale.fr\/blog\/wp-content\/uploads\/2020\/07\/Nouveau-projet-10.jpg","width":822,"height":517,"caption":"La Tonnelle \u00e0 vins, Gabrielle et Guy"},{"@type":"BreadcrumbList","@id":"https:\/\/www.infolocale.fr\/blog\/tonnelle-a-vins-rennes-covid\/#breadcrumb","itemListElement":[{"@type":"ListItem","position":1,"name":"Blog","item":"https:\/\/infolocale.ouest-france.fr\/blog\/"},{"@type":"ListItem","position":2,"name":"En ce moment","item":"https:\/\/infolocale.20minutes.fr\/blog\/cat\/actu-acteurs-locaux\/"},{"@type":"ListItem","position":3,"name":"La Tonnelle \u00e0 vins, Gabrielle et Guy"}]},{"@type":"WebSite","@id":"https:\/\/www.infolocale.fr\/blog\/#website","url":"https:\/\/www.infolocale.fr\/blog\/","name":"","description":"","publisher":{"@id":"https:\/\/www.infolocale.fr\/blog\/#organization"},"potentialAction":[{"@type":"SearchAction","target":{"@type":"EntryPoint","urlTemplate":"https:\/\/www.infolocale.fr\/blog\/?s={search_term_string}"},"query-input":"required name=search_term_string"}],"inLanguage":"fr-FR"},{"@type":"Organization","@id":"https:\/\/www.infolocale.fr\/blog\/#organization","name":"Infolocale","url":"https:\/\/www.infolocale.fr\/blog\/","logo":{"@type":"ImageObject","inLanguage":"fr-FR","@id":"https:\/\/www.infolocale.fr\/blog\/#\/schema\/logo\/image\/","url":"https:\/\/www.infolocale.fr\/blog\/wp-content\/uploads\/2020\/11\/logol.jpg","contentUrl":"https:\/\/www.infolocale.fr\/blog\/wp-content\/uploads\/2020\/11\/logol.jpg","width":1031,"height":398,"caption":"Infolocale"},"image":{"@id":"https:\/\/www.infolocale.fr\/blog\/#\/schema\/logo\/image\/"},"sameAs":["https:\/\/www.facebook.com\/infolocaleFR\/","https:\/\/x.com\/infolocale","https:\/\/www.instagram.com\/infolocale\/","https:\/\/fr.linkedin.com\/company\/infolocale","https:\/\/www.youtube.com\/channel\/UCnv4FA8EYEuu_si3TGr7xeA"]},{"@type":"Person","@id":"https:\/\/www.infolocale.fr\/blog\/#\/schema\/person\/bf2dc50c6636ffa2ce3e44ef1f9eb97f","name":"Myl\u00e8ne","image":{"@type":"ImageObject","inLanguage":"fr-FR","@id":"https:\/\/www.infolocale.fr\/blog\/#\/schema\/person\/image\/","url":"https:\/\/secure.gravatar.com\/avatar\/49511f0ea4b41ed3062b218e30f07042?s=96&d=mm&r=g","contentUrl":"https:\/\/secure.gravatar.com\/avatar\/49511f0ea4b41ed3062b218e30f07042?s=96&d=mm&r=g","caption":"Myl\u00e8ne"},"url":"https:\/\/www.infolocale.fr\/blog\/author\/mylene-michel\/"}]}},"_links":{"self":[{"href":"https:\/\/www.infolocale.fr\/blog\/wp-json\/wp\/v2\/posts\/3215"}],"collection":[{"href":"https:\/\/www.infolocale.fr\/blog\/wp-json\/wp\/v2\/posts"}],"about":[{"href":"https:\/\/www.infolocale.fr\/blog\/wp-json\/wp\/v2\/types\/post"}],"author":[{"embeddable":true,"href":"https:\/\/www.infolocale.fr\/blog\/wp-json\/wp\/v2\/users\/8"}],"replies":[{"embeddable":true,"href":"https:\/\/www.infolocale.fr\/blog\/wp-json\/wp\/v2\/comments?post=3215"}],"version-history":[{"count":0,"href":"https:\/\/www.infolocale.fr\/blog\/wp-json\/wp\/v2\/posts\/3215\/revisions"}],"wp:featuredmedia":[{"embeddable":true,"href":"https:\/\/www.infolocale.fr\/blog\/wp-json\/wp\/v2\/media\/5106"}],"wp:attachment":[{"href":"https:\/\/www.infolocale.fr\/blog\/wp-json\/wp\/v2\/media?parent=3215"}],"wp:term":[{"taxonomy":"category","embeddable":true,"href":"https:\/\/www.infolocale.fr\/blog\/wp-json\/wp\/v2\/categories?post=3215"},{"taxonomy":"post_tag","embeddable":true,"href":"https:\/\/www.infolocale.fr\/blog\/wp-json\/wp\/v2\/tags?post=3215"}],"curies":[{"name":"wp","href":"https:\/\/api.w.org\/{rel}","templated":true}]}}