{"id":3208,"date":"2020-07-17T16:07:01","date_gmt":"2020-07-17T15:07:01","guid":{"rendered":"https:\/\/blog.infolocale.fr\/?p=3208"},"modified":"2021-03-02T16:32:12","modified_gmt":"2021-03-02T15:32:12","slug":"les-invisibles-rennes-initiatives-covid-fournisseurs","status":"publish","type":"post","link":"https:\/\/www.infolocale.fr\/blog\/les-invisibles-rennes-initiatives-covid-fournisseurs\/","title":{"rendered":"Les Invisibles, le trio motiv\u00e9 des deux Justine et Margot"},"content":{"rendered":"\n<p class=\"has-text-align-justify has-normal-font-size\" style=\"line-height:2\"><em>Les invisibles<\/em>, cr\u00e9\u00e9 en janvier 2020, par trois jeunes femmes d\u2019une moyenne d\u2019\u00e2ge de 28 ans, porte ce nom &nbsp;pour honorer les fournisseurs, ceux que l\u2019on ne voit pas ! Apr\u00e8s un mois de fonctionnement (d\u00e9but mars),  elles \u00e9taient \u00e0 70 % du chiffre d\u2019affaire pr\u00e9visionnel. Mi-juillet 2020, elles sont \u00e0 60 %. Justine, la cuisini\u00e8re, a connu le ch\u00f4mage partiel durant les deux mois du confinement. Margot et l\u2019autre Justine, les co-g\u00e9rantes&nbsp;ont propos\u00e9 de la vente \u00e0 emporter d\u00e8s le 6 mai, midi et soir : deux plats par semaine et des p\u00e2tisseries. <strong>\u00ab Le brunch&nbsp;du week-end a remport\u00e9 un franc succ\u00e8s. Nous proposions \u00e9galement la livraison, qui a fini de satisfaire les clients. Ces initiatives nous ont permis de nous faire conna\u00eetre davantage.&nbsp;<\/strong>\u00bb &nbsp;<\/p>\n\n\n\n<figure class=\"wp-block-image size-large\"><a href=\"https:\/\/s.infolocale.fr\/?utm_source=blog&amp;utm_medium=banner&amp;utm_campaign=blog-contents\"><img fetchpriority=\"high\" decoding=\"async\" width=\"908\" height=\"196\" src=\"https:\/\/www.infolocale.fr\/blog\/wp-content\/uploads\/2021\/02\/Banniere_evenement.png\" alt=\"\" class=\"wp-image-5949\" srcset=\"https:\/\/www.infolocale.fr\/blog\/wp-content\/uploads\/2021\/02\/Banniere_evenement.png 908w, https:\/\/www.infolocale.fr\/blog\/wp-content\/uploads\/2021\/02\/Banniere_evenement-300x65.png 300w, https:\/\/www.infolocale.fr\/blog\/wp-content\/uploads\/2021\/02\/Banniere_evenement-768x166.png 768w, https:\/\/www.infolocale.fr\/blog\/wp-content\/uploads\/2021\/02\/Banniere_evenement-278x60.png 278w\" sizes=\"(max-width: 908px) 100vw, 908px\" \/><\/a><\/figure>\n\n\n\n<p class=\"has-text-align-justify has-normal-font-size\" style=\"line-height:2\">Depuis l\u2019ouverture post-covid, le 2 juin, la reprise est timide. Justine et Margot ont encore recours \u00e0 une ou deux journ\u00e9es de ch\u00f4mage partiel.<strong> \u00ab Cependant, nous demeurons enthousiastes. La crise sanitaire a permis de valoriser le travail nos fournisseurs les agriculteurs locaux, ceux que l\u2019on souhaitait mettre en avant d\u00e8s notre cr\u00e9ation, les fameux \u00ab <\/strong>Invisibles<strong> \u00bb avec lesquels nous travaillons en direct. Notre client\u00e8le a soutenu notre restaurant. &nbsp;De mani\u00e8re globale, les clients ont \u00e9t\u00e9 solidaires des commerces qui ont subi la crise de plein fouet. La reprise automnale 2020 se passe relativement bien. Le brunch du dimanche cartonne,&nbsp;mais les autres jours varient, aucun ne se ressemble, chaque semaine apporte ses surprises ! Les mesures sanitaires sont un peu lourdes, nous devons refuser beaucoup de monde certains midi \u00e0 cause des distances de s\u00e9curit\u00e9<\/strong>\u00ab\u00a0. Beau t\u00e9moignage d&rsquo;adaptabilit\u00e9 !  <\/p>\n\n\n\n<p>Pour No\u00ebl 2020, elles ont cr\u00e9\u00e9e une \u00ab\u00a0Epicerie de No\u00ebl\u00a0\u00bb, qui propose des produits \u00ab\u00a0maison\u00a0\u00bb (p\u00e2te \u00e0 tartiner, confiture de lait, granola) , ainsi que des mets sp\u00e9cifiques pour les f\u00eates (pain d&rsquo;\u00e9pices au Cha\u00ef, sauce, chutney). Nos Invisibles sont d\u00e9cid\u00e9ment tr\u00e8s actives.<\/p>\n\n\n\n<p>*Photo de couverture : <em>Justine, la cuisini\u00e8re, Margot et Justine, les cog\u00e9rantes des <\/em>Invisibles<\/p>\n\n\n\n<p><\/p>\n\n\n\n<blockquote class=\"wp-block-quote is-layout-flow wp-block-quote-is-layout-flow\"><p>Retrouvez Les Invisibles <a href=\"https:\/\/lesinvisibles.fr\/\" target=\"_blank\" aria-label=\"undefined (s\u2019ouvre dans un nouvel onglet)\" rel=\"noreferrer noopener\">ici<\/a><\/p><\/blockquote>\n","protected":false},"excerpt":{"rendered":"<p>Les invisibles, cr\u00e9\u00e9 en janvier 2020, par trois jeunes femmes d\u2019une moyenne d\u2019\u00e2ge de 28 ans, porte ce nom &nbsp;pour honorer les fournisseurs, ceux que [&hellip;]<\/p>\n","protected":false},"author":8,"featured_media":5116,"comment_status":"open","ping_status":"open","sticky":false,"template":"","format":"standard","meta":{"_coblocks_attr":"","_coblocks_dimensions":"","_coblocks_responsive_height":"","_coblocks_accordion_ie_support":"","_mo_disable_npp":"","footnotes":""},"categories":[6],"tags":[13,45],"class_list":["post-3208","post","type-post","status-publish","format-standard","has-post-thumbnail","hentry","category-actu-acteurs-locaux","tag-articles-actualites","tag-portraits"],"yoast_head":"<!-- This site is optimized with the Yoast SEO plugin v23.2 - https:\/\/yoast.com\/wordpress\/plugins\/seo\/ -->\n<title>Les Invisibles, le trio motiv\u00e9 des deux Justine et Margot<\/title>\n<meta name=\"description\" content=\"Les Invisibles, qui met en avant ses fournisseurs, les producteurs locaux, venait d&#039;ouvrir en Janvier. Elles ont su profiter du confinement pour communiquer\" \/>\n<meta name=\"robots\" content=\"index, follow, max-snippet:-1, max-image-preview:large, max-video-preview:-1\" \/>\n<link rel=\"canonical\" href=\"https:\/\/infolocale.20minutes.fr\/blog\/les-invisibles-rennes-initiatives-covid-fournisseurs\/\" \/>\n<meta property=\"og:locale\" content=\"fr_FR\" \/>\n<meta property=\"og:type\" content=\"article\" \/>\n<meta property=\"og:title\" content=\"Les Invisibles, le trio motiv\u00e9 des deux Justine et Margot\" \/>\n<meta property=\"og:description\" content=\"Les Invisibles, qui met en avant ses fournisseurs, les producteurs locaux, venait d&#039;ouvrir en Janvier. Elles ont su profiter du confinement pour communiquer\" \/>\n<meta property=\"og:url\" content=\"https:\/\/infolocale.20minutes.fr\/blog\/les-invisibles-rennes-initiatives-covid-fournisseurs\/\" \/>\n<meta property=\"article:publisher\" content=\"https:\/\/www.facebook.com\/infolocaleFR\/\" \/>\n<meta property=\"article:published_time\" content=\"2020-07-17T15:07:01+00:00\" \/>\n<meta property=\"article:modified_time\" content=\"2021-03-02T15:32:12+00:00\" \/>\n<meta property=\"og:image\" content=\"https:\/\/infolocale.20minutes.fr\/blog\/wp-content\/uploads\/2020\/07\/Foto2_Invisibles-1024x768-1.jpg\" \/>\n\t<meta property=\"og:image:width\" content=\"1024\" \/>\n\t<meta property=\"og:image:height\" content=\"768\" \/>\n\t<meta property=\"og:image:type\" content=\"image\/jpeg\" \/>\n<meta name=\"author\" content=\"Myl\u00e8ne\" \/>\n<meta name=\"twitter:card\" content=\"summary_large_image\" \/>\n<meta name=\"twitter:creator\" content=\"@infolocale\" \/>\n<meta name=\"twitter:site\" content=\"@infolocale\" \/>\n<meta name=\"twitter:label1\" content=\"\u00c9crit par\" \/>\n\t<meta name=\"twitter:data1\" content=\"Myl\u00e8ne\" \/>\n\t<meta name=\"twitter:label2\" content=\"Dur\u00e9e de lecture estim\u00e9e\" \/>\n\t<meta name=\"twitter:data2\" content=\"2 minutes\" \/>\n<script type=\"application\/ld+json\" class=\"yoast-schema-graph\">{\"@context\":\"https:\/\/schema.org\",\"@graph\":[{\"@type\":\"Article\",\"@id\":\"https:\/\/infolocale.20minutes.fr\/blog\/les-invisibles-rennes-initiatives-covid-fournisseurs\/#article\",\"isPartOf\":{\"@id\":\"https:\/\/infolocale.20minutes.fr\/blog\/les-invisibles-rennes-initiatives-covid-fournisseurs\/\"},\"author\":{\"name\":\"Myl\u00e8ne\",\"@id\":\"https:\/\/www.infolocale.fr\/blog\/#\/schema\/person\/bf2dc50c6636ffa2ce3e44ef1f9eb97f\"},\"headline\":\"Les Invisibles, le trio motiv\u00e9 des deux Justine et Margot\",\"datePublished\":\"2020-07-17T15:07:01+00:00\",\"dateModified\":\"2021-03-02T15:32:12+00:00\",\"mainEntityOfPage\":{\"@id\":\"https:\/\/infolocale.20minutes.fr\/blog\/les-invisibles-rennes-initiatives-covid-fournisseurs\/\"},\"wordCount\":356,\"commentCount\":0,\"publisher\":{\"@id\":\"https:\/\/www.infolocale.fr\/blog\/#organization\"},\"image\":{\"@id\":\"https:\/\/infolocale.20minutes.fr\/blog\/les-invisibles-rennes-initiatives-covid-fournisseurs\/#primaryimage\"},\"thumbnailUrl\":\"https:\/\/www.infolocale.fr\/blog\/wp-content\/uploads\/2020\/07\/Foto2_Invisibles-1024x768-1.jpg\",\"keywords\":[\"Actualit\u00e9s\",\"Portraits\"],\"articleSection\":[\"En ce moment\"],\"inLanguage\":\"fr-FR\",\"potentialAction\":[{\"@type\":\"CommentAction\",\"name\":\"Comment\",\"target\":[\"https:\/\/infolocale.20minutes.fr\/blog\/les-invisibles-rennes-initiatives-covid-fournisseurs\/#respond\"]}]},{\"@type\":\"WebPage\",\"@id\":\"https:\/\/infolocale.20minutes.fr\/blog\/les-invisibles-rennes-initiatives-covid-fournisseurs\/\",\"url\":\"https:\/\/infolocale.20minutes.fr\/blog\/les-invisibles-rennes-initiatives-covid-fournisseurs\/\",\"name\":\"Les Invisibles, le trio motiv\u00e9 des deux Justine et Margot\",\"isPartOf\":{\"@id\":\"https:\/\/www.infolocale.fr\/blog\/#website\"},\"primaryImageOfPage\":{\"@id\":\"https:\/\/infolocale.20minutes.fr\/blog\/les-invisibles-rennes-initiatives-covid-fournisseurs\/#primaryimage\"},\"image\":{\"@id\":\"https:\/\/infolocale.20minutes.fr\/blog\/les-invisibles-rennes-initiatives-covid-fournisseurs\/#primaryimage\"},\"thumbnailUrl\":\"https:\/\/www.infolocale.fr\/blog\/wp-content\/uploads\/2020\/07\/Foto2_Invisibles-1024x768-1.jpg\",\"datePublished\":\"2020-07-17T15:07:01+00:00\",\"dateModified\":\"2021-03-02T15:32:12+00:00\",\"description\":\"Les Invisibles, qui met en avant ses fournisseurs, les producteurs locaux, venait d'ouvrir en Janvier. Elles ont su profiter du confinement pour communiquer\",\"breadcrumb\":{\"@id\":\"https:\/\/infolocale.20minutes.fr\/blog\/les-invisibles-rennes-initiatives-covid-fournisseurs\/#breadcrumb\"},\"inLanguage\":\"fr-FR\",\"potentialAction\":[{\"@type\":\"ReadAction\",\"target\":[\"https:\/\/infolocale.20minutes.fr\/blog\/les-invisibles-rennes-initiatives-covid-fournisseurs\/\"]}]},{\"@type\":\"ImageObject\",\"inLanguage\":\"fr-FR\",\"@id\":\"https:\/\/infolocale.20minutes.fr\/blog\/les-invisibles-rennes-initiatives-covid-fournisseurs\/#primaryimage\",\"url\":\"https:\/\/www.infolocale.fr\/blog\/wp-content\/uploads\/2020\/07\/Foto2_Invisibles-1024x768-1.jpg\",\"contentUrl\":\"https:\/\/www.infolocale.fr\/blog\/wp-content\/uploads\/2020\/07\/Foto2_Invisibles-1024x768-1.jpg\",\"width\":1024,\"height\":768},{\"@type\":\"BreadcrumbList\",\"@id\":\"https:\/\/infolocale.20minutes.fr\/blog\/les-invisibles-rennes-initiatives-covid-fournisseurs\/#breadcrumb\",\"itemListElement\":[{\"@type\":\"ListItem\",\"position\":1,\"name\":\"Blog\",\"item\":\"https:\/\/infolocale.ouest-france.fr\/blog\/\"},{\"@type\":\"ListItem\",\"position\":2,\"name\":\"En ce moment\",\"item\":\"https:\/\/infolocale.20minutes.fr\/blog\/cat\/actu-acteurs-locaux\/\"},{\"@type\":\"ListItem\",\"position\":3,\"name\":\"Les Invisibles, le trio motiv\u00e9 des deux Justine et Margot\"}]},{\"@type\":\"WebSite\",\"@id\":\"https:\/\/www.infolocale.fr\/blog\/#website\",\"url\":\"https:\/\/www.infolocale.fr\/blog\/\",\"name\":\"\",\"description\":\"\",\"publisher\":{\"@id\":\"https:\/\/www.infolocale.fr\/blog\/#organization\"},\"potentialAction\":[{\"@type\":\"SearchAction\",\"target\":{\"@type\":\"EntryPoint\",\"urlTemplate\":\"https:\/\/www.infolocale.fr\/blog\/?s={search_term_string}\"},\"query-input\":\"required name=search_term_string\"}],\"inLanguage\":\"fr-FR\"},{\"@type\":\"Organization\",\"@id\":\"https:\/\/www.infolocale.fr\/blog\/#organization\",\"name\":\"Infolocale\",\"url\":\"https:\/\/www.infolocale.fr\/blog\/\",\"logo\":{\"@type\":\"ImageObject\",\"inLanguage\":\"fr-FR\",\"@id\":\"https:\/\/www.infolocale.fr\/blog\/#\/schema\/logo\/image\/\",\"url\":\"https:\/\/www.infolocale.fr\/blog\/wp-content\/uploads\/2020\/11\/logol.jpg\",\"contentUrl\":\"https:\/\/www.infolocale.fr\/blog\/wp-content\/uploads\/2020\/11\/logol.jpg\",\"width\":1031,\"height\":398,\"caption\":\"Infolocale\"},\"image\":{\"@id\":\"https:\/\/www.infolocale.fr\/blog\/#\/schema\/logo\/image\/\"},\"sameAs\":[\"https:\/\/www.facebook.com\/infolocaleFR\/\",\"https:\/\/x.com\/infolocale\",\"https:\/\/www.instagram.com\/infolocale\/\",\"https:\/\/fr.linkedin.com\/company\/infolocale\",\"https:\/\/www.youtube.com\/channel\/UCnv4FA8EYEuu_si3TGr7xeA\"]},{\"@type\":\"Person\",\"@id\":\"https:\/\/www.infolocale.fr\/blog\/#\/schema\/person\/bf2dc50c6636ffa2ce3e44ef1f9eb97f\",\"name\":\"Myl\u00e8ne\",\"image\":{\"@type\":\"ImageObject\",\"inLanguage\":\"fr-FR\",\"@id\":\"https:\/\/www.infolocale.fr\/blog\/#\/schema\/person\/image\/\",\"url\":\"https:\/\/secure.gravatar.com\/avatar\/49511f0ea4b41ed3062b218e30f07042?s=96&d=mm&r=g\",\"contentUrl\":\"https:\/\/secure.gravatar.com\/avatar\/49511f0ea4b41ed3062b218e30f07042?s=96&d=mm&r=g\",\"caption\":\"Myl\u00e8ne\"},\"url\":\"https:\/\/www.infolocale.fr\/blog\/author\/mylene-michel\/\"}]}<\/script>\n<!-- \/ Yoast SEO plugin. -->","yoast_head_json":{"title":"Les Invisibles, le trio motiv\u00e9 des deux Justine et Margot","description":"Les Invisibles, qui met en avant ses fournisseurs, les producteurs locaux, venait d'ouvrir en Janvier. Elles ont su profiter du confinement pour communiquer","robots":{"index":"index","follow":"follow","max-snippet":"max-snippet:-1","max-image-preview":"max-image-preview:large","max-video-preview":"max-video-preview:-1"},"canonical":"https:\/\/infolocale.20minutes.fr\/blog\/les-invisibles-rennes-initiatives-covid-fournisseurs\/","og_locale":"fr_FR","og_type":"article","og_title":"Les Invisibles, le trio motiv\u00e9 des deux Justine et Margot","og_description":"Les Invisibles, qui met en avant ses fournisseurs, les producteurs locaux, venait d'ouvrir en Janvier. Elles ont su profiter du confinement pour communiquer","og_url":"https:\/\/infolocale.20minutes.fr\/blog\/les-invisibles-rennes-initiatives-covid-fournisseurs\/","article_publisher":"https:\/\/www.facebook.com\/infolocaleFR\/","article_published_time":"2020-07-17T15:07:01+00:00","article_modified_time":"2021-03-02T15:32:12+00:00","og_image":[{"width":1024,"height":768,"url":"https:\/\/infolocale.20minutes.fr\/blog\/wp-content\/uploads\/2020\/07\/Foto2_Invisibles-1024x768-1.jpg","type":"image\/jpeg"}],"author":"Myl\u00e8ne","twitter_card":"summary_large_image","twitter_creator":"@infolocale","twitter_site":"@infolocale","twitter_misc":{"\u00c9crit par":"Myl\u00e8ne","Dur\u00e9e de lecture estim\u00e9e":"2 minutes"},"schema":{"@context":"https:\/\/schema.org","@graph":[{"@type":"Article","@id":"https:\/\/infolocale.20minutes.fr\/blog\/les-invisibles-rennes-initiatives-covid-fournisseurs\/#article","isPartOf":{"@id":"https:\/\/infolocale.20minutes.fr\/blog\/les-invisibles-rennes-initiatives-covid-fournisseurs\/"},"author":{"name":"Myl\u00e8ne","@id":"https:\/\/www.infolocale.fr\/blog\/#\/schema\/person\/bf2dc50c6636ffa2ce3e44ef1f9eb97f"},"headline":"Les Invisibles, le trio motiv\u00e9 des deux Justine et Margot","datePublished":"2020-07-17T15:07:01+00:00","dateModified":"2021-03-02T15:32:12+00:00","mainEntityOfPage":{"@id":"https:\/\/infolocale.20minutes.fr\/blog\/les-invisibles-rennes-initiatives-covid-fournisseurs\/"},"wordCount":356,"commentCount":0,"publisher":{"@id":"https:\/\/www.infolocale.fr\/blog\/#organization"},"image":{"@id":"https:\/\/infolocale.20minutes.fr\/blog\/les-invisibles-rennes-initiatives-covid-fournisseurs\/#primaryimage"},"thumbnailUrl":"https:\/\/www.infolocale.fr\/blog\/wp-content\/uploads\/2020\/07\/Foto2_Invisibles-1024x768-1.jpg","keywords":["Actualit\u00e9s","Portraits"],"articleSection":["En ce moment"],"inLanguage":"fr-FR","potentialAction":[{"@type":"CommentAction","name":"Comment","target":["https:\/\/infolocale.20minutes.fr\/blog\/les-invisibles-rennes-initiatives-covid-fournisseurs\/#respond"]}]},{"@type":"WebPage","@id":"https:\/\/infolocale.20minutes.fr\/blog\/les-invisibles-rennes-initiatives-covid-fournisseurs\/","url":"https:\/\/infolocale.20minutes.fr\/blog\/les-invisibles-rennes-initiatives-covid-fournisseurs\/","name":"Les Invisibles, le trio motiv\u00e9 des deux Justine et Margot","isPartOf":{"@id":"https:\/\/www.infolocale.fr\/blog\/#website"},"primaryImageOfPage":{"@id":"https:\/\/infolocale.20minutes.fr\/blog\/les-invisibles-rennes-initiatives-covid-fournisseurs\/#primaryimage"},"image":{"@id":"https:\/\/infolocale.20minutes.fr\/blog\/les-invisibles-rennes-initiatives-covid-fournisseurs\/#primaryimage"},"thumbnailUrl":"https:\/\/www.infolocale.fr\/blog\/wp-content\/uploads\/2020\/07\/Foto2_Invisibles-1024x768-1.jpg","datePublished":"2020-07-17T15:07:01+00:00","dateModified":"2021-03-02T15:32:12+00:00","description":"Les Invisibles, qui met en avant ses fournisseurs, les producteurs locaux, venait d'ouvrir en Janvier. Elles ont su profiter du confinement pour communiquer","breadcrumb":{"@id":"https:\/\/infolocale.20minutes.fr\/blog\/les-invisibles-rennes-initiatives-covid-fournisseurs\/#breadcrumb"},"inLanguage":"fr-FR","potentialAction":[{"@type":"ReadAction","target":["https:\/\/infolocale.20minutes.fr\/blog\/les-invisibles-rennes-initiatives-covid-fournisseurs\/"]}]},{"@type":"ImageObject","inLanguage":"fr-FR","@id":"https:\/\/infolocale.20minutes.fr\/blog\/les-invisibles-rennes-initiatives-covid-fournisseurs\/#primaryimage","url":"https:\/\/www.infolocale.fr\/blog\/wp-content\/uploads\/2020\/07\/Foto2_Invisibles-1024x768-1.jpg","contentUrl":"https:\/\/www.infolocale.fr\/blog\/wp-content\/uploads\/2020\/07\/Foto2_Invisibles-1024x768-1.jpg","width":1024,"height":768},{"@type":"BreadcrumbList","@id":"https:\/\/infolocale.20minutes.fr\/blog\/les-invisibles-rennes-initiatives-covid-fournisseurs\/#breadcrumb","itemListElement":[{"@type":"ListItem","position":1,"name":"Blog","item":"https:\/\/infolocale.ouest-france.fr\/blog\/"},{"@type":"ListItem","position":2,"name":"En ce moment","item":"https:\/\/infolocale.20minutes.fr\/blog\/cat\/actu-acteurs-locaux\/"},{"@type":"ListItem","position":3,"name":"Les Invisibles, le trio motiv\u00e9 des deux Justine et Margot"}]},{"@type":"WebSite","@id":"https:\/\/www.infolocale.fr\/blog\/#website","url":"https:\/\/www.infolocale.fr\/blog\/","name":"","description":"","publisher":{"@id":"https:\/\/www.infolocale.fr\/blog\/#organization"},"potentialAction":[{"@type":"SearchAction","target":{"@type":"EntryPoint","urlTemplate":"https:\/\/www.infolocale.fr\/blog\/?s={search_term_string}"},"query-input":"required name=search_term_string"}],"inLanguage":"fr-FR"},{"@type":"Organization","@id":"https:\/\/www.infolocale.fr\/blog\/#organization","name":"Infolocale","url":"https:\/\/www.infolocale.fr\/blog\/","logo":{"@type":"ImageObject","inLanguage":"fr-FR","@id":"https:\/\/www.infolocale.fr\/blog\/#\/schema\/logo\/image\/","url":"https:\/\/www.infolocale.fr\/blog\/wp-content\/uploads\/2020\/11\/logol.jpg","contentUrl":"https:\/\/www.infolocale.fr\/blog\/wp-content\/uploads\/2020\/11\/logol.jpg","width":1031,"height":398,"caption":"Infolocale"},"image":{"@id":"https:\/\/www.infolocale.fr\/blog\/#\/schema\/logo\/image\/"},"sameAs":["https:\/\/www.facebook.com\/infolocaleFR\/","https:\/\/x.com\/infolocale","https:\/\/www.instagram.com\/infolocale\/","https:\/\/fr.linkedin.com\/company\/infolocale","https:\/\/www.youtube.com\/channel\/UCnv4FA8EYEuu_si3TGr7xeA"]},{"@type":"Person","@id":"https:\/\/www.infolocale.fr\/blog\/#\/schema\/person\/bf2dc50c6636ffa2ce3e44ef1f9eb97f","name":"Myl\u00e8ne","image":{"@type":"ImageObject","inLanguage":"fr-FR","@id":"https:\/\/www.infolocale.fr\/blog\/#\/schema\/person\/image\/","url":"https:\/\/secure.gravatar.com\/avatar\/49511f0ea4b41ed3062b218e30f07042?s=96&d=mm&r=g","contentUrl":"https:\/\/secure.gravatar.com\/avatar\/49511f0ea4b41ed3062b218e30f07042?s=96&d=mm&r=g","caption":"Myl\u00e8ne"},"url":"https:\/\/www.infolocale.fr\/blog\/author\/mylene-michel\/"}]}},"_links":{"self":[{"href":"https:\/\/www.infolocale.fr\/blog\/wp-json\/wp\/v2\/posts\/3208"}],"collection":[{"href":"https:\/\/www.infolocale.fr\/blog\/wp-json\/wp\/v2\/posts"}],"about":[{"href":"https:\/\/www.infolocale.fr\/blog\/wp-json\/wp\/v2\/types\/post"}],"author":[{"embeddable":true,"href":"https:\/\/www.infolocale.fr\/blog\/wp-json\/wp\/v2\/users\/8"}],"replies":[{"embeddable":true,"href":"https:\/\/www.infolocale.fr\/blog\/wp-json\/wp\/v2\/comments?post=3208"}],"version-history":[{"count":0,"href":"https:\/\/www.infolocale.fr\/blog\/wp-json\/wp\/v2\/posts\/3208\/revisions"}],"wp:featuredmedia":[{"embeddable":true,"href":"https:\/\/www.infolocale.fr\/blog\/wp-json\/wp\/v2\/media\/5116"}],"wp:attachment":[{"href":"https:\/\/www.infolocale.fr\/blog\/wp-json\/wp\/v2\/media?parent=3208"}],"wp:term":[{"taxonomy":"category","embeddable":true,"href":"https:\/\/www.infolocale.fr\/blog\/wp-json\/wp\/v2\/categories?post=3208"},{"taxonomy":"post_tag","embeddable":true,"href":"https:\/\/www.infolocale.fr\/blog\/wp-json\/wp\/v2\/tags?post=3208"}],"curies":[{"name":"wp","href":"https:\/\/api.w.org\/{rel}","templated":true}]}}