{"id":3203,"date":"2020-07-17T16:05:39","date_gmt":"2020-07-17T15:05:39","guid":{"rendered":"https:\/\/blog.infolocale.fr\/?p=3203"},"modified":"2021-03-02T16:32:59","modified_gmt":"2021-03-02T15:32:59","slug":"cafe-cortina-rennes-initiatives-covid-plats-a-emporter","status":"publish","type":"post","link":"https:\/\/www.infolocale.fr\/blog\/cafe-cortina-rennes-initiatives-covid-plats-a-emporter\/","title":{"rendered":"Le Caf\u00e9 Cortina, heureux constat : l\u2019entraide \u00e0 tous les niveaux"},"content":{"rendered":"\n<p class=\"has-text-align-justify has-normal-font-size\" style=\"line-height:2\">Le bistrot a ferm\u00e9 durant les 2 mois et demi du confinement. Les trois salari\u00e9s et l\u2019apprenti ont pu b\u00e9n\u00e9ficier du ch\u00f4mage partiel mais l\u2019\u00e9tablissement n\u2019a pas re\u00e7u d\u2019aide de la part de son assurance. Seule une mensualit\u00e9 n\u2019a pas \u00e9t\u00e9 pr\u00e9lev\u00e9e. Les propri\u00e9taires n&rsquo;ont pas sollicit\u00e9 de demande d\u2019\u00e9ligibilit\u00e9 au Pr\u00eat Garanti par l\u2019Etat (PGE). Avant le confinement Anne, Thierry et leur \u00e9quipe servaient 65 repas par jour, tous concoct\u00e9s avec des produits de producteurs locaux.<\/p>\n\n\n\n<p class=\"has-text-align-justify has-normal-font-size\" style=\"line-height:2\">Face \u00e0 la crise sanitaire, \u00ab <strong>nous avons su diversifier notre offre pour r\u00e9pondre \u00e0 plusieurs besoins : la lassitude de faire \u00e0 manger au quotidien mais aussi l\u2019envie de retrouver un lien social avec un commer\u00e7ant de proximit\u00e9. Thierry salue le mouvement d\u2019entraide dans les \u00ab\u00e9tages&nbsp;\u00bb&nbsp;rencontr\u00e9 durant la pand\u00e9mie \u00bb<\/strong>. Le 27 avril, pour faire face aux charges, <em>Le Caf\u00e9 Cortina<\/em> d\u00e9veloppe la vente de plats \u00e0 emporter. Elle a plut\u00f4t bien fonctionn\u00e9 en proposant 2 plats et 4 desserts au choix, la carte habituelle. Thierry a assum\u00e9 seul la confection d\u2019une quarantaine de plats \u00e0 emporter par jour (ventes journali\u00e8res sur cette p\u00e9riode).&nbsp; Cette initiative a \u00e9t\u00e9 propos\u00e9e sur les r\u00e9seaux sociaux et par un affichage sur la vitrine. \u00ab <strong>Les habitants du quartier et les autres ont pu go\u00fbter les plats,&nbsp;varier leur alimentation. Une occasion de tester la cuisine, l\u2019appr\u00e9cier et y revenir\u2026<\/strong> \u00bb<\/p>\n\n\n\n<figure class=\"wp-block-image size-large\"><a href=\"https:\/\/s.infolocale.fr\/?utm_source=blog&amp;utm_medium=banner&amp;utm_campaign=blog-contents\"><img fetchpriority=\"high\" decoding=\"async\" width=\"908\" height=\"196\" src=\"https:\/\/www.infolocale.fr\/blog\/wp-content\/uploads\/2021\/02\/Banniere_evenement.png\" alt=\"\" class=\"wp-image-5949\" srcset=\"https:\/\/www.infolocale.fr\/blog\/wp-content\/uploads\/2021\/02\/Banniere_evenement.png 908w, https:\/\/www.infolocale.fr\/blog\/wp-content\/uploads\/2021\/02\/Banniere_evenement-300x65.png 300w, https:\/\/www.infolocale.fr\/blog\/wp-content\/uploads\/2021\/02\/Banniere_evenement-768x166.png 768w, https:\/\/www.infolocale.fr\/blog\/wp-content\/uploads\/2021\/02\/Banniere_evenement-278x60.png 278w\" sizes=\"(max-width: 908px) 100vw, 908px\" \/><\/a><\/figure>\n\n\n\n<h6 class=\"wp-block-heading\"><strong>\u00abGr\u00e2ce \u00e0 ces efforts nous retrouvons nos clients avec un plaisir partag\u00e9 !<\/strong> <strong>\u00bb<\/strong><\/h6>\n\n\n\n<p class=\"has-text-align-justify has-normal-font-size\" style=\"line-height:2\">Pour la r\u00e9ouverture, le 2 juin 2020, des adaptations ont \u00e9t\u00e9 n\u00e9cessaires : l\u2019affichage des r\u00e8gles sanitaires, mise \u00e0 disposition de gel hydroalcoolique, port du masque pour les salari\u00e9s. \u00c9galement au niveau de l\u2019am\u00e9nagement, un tiers des tables ont \u00e9t\u00e9 remis\u00e9es pour respecter les distanciations exig\u00e9es. <strong>\u00ab La capacit\u00e9 d\u2019accueil a diminu\u00e9 de 30%.&nbsp; Nous accueillons<\/strong> <strong>6 jours de la semaine au lieu de 5 pr\u00e9c\u00e9demment. Gr\u00e2ce \u00e0 ces efforts nous retrouvons nos clients avec un plaisir partag\u00e9 ! \u00bb<\/strong><\/p>\n\n\n\n<p>Photo de couverture : Thierry et Anne du <em>Caf\u00e9 Cortina<\/em><\/p>\n\n\n\n<blockquote class=\"wp-block-quote is-layout-flow wp-block-quote-is-layout-flow\"><p><a href=\"https:\/\/cafecortina.fr\/\">Caf\u00e9 Cortina<\/a><\/p><\/blockquote>\n","protected":false},"excerpt":{"rendered":"<p>Le bistrot a ferm\u00e9 durant les 2 mois et demi du confinement. Les trois salari\u00e9s et l\u2019apprenti ont pu b\u00e9n\u00e9ficier du ch\u00f4mage partiel mais l\u2019\u00e9tablissement [&hellip;]<\/p>\n","protected":false},"author":8,"featured_media":5118,"comment_status":"open","ping_status":"open","sticky":false,"template":"","format":"standard","meta":{"_coblocks_attr":"","_coblocks_dimensions":"","_coblocks_responsive_height":"","_coblocks_accordion_ie_support":"","_mo_disable_npp":"","footnotes":""},"categories":[6],"tags":[13,45],"class_list":["post-3203","post","type-post","status-publish","format-standard","has-post-thumbnail","hentry","category-actu-acteurs-locaux","tag-articles-actualites","tag-portraits"],"yoast_head":"<!-- This site is optimized with the Yoast SEO plugin v23.2 - https:\/\/yoast.com\/wordpress\/plugins\/seo\/ -->\n<title>Le Caf\u00e9 Cortina, heureux constat : l\u2019entraide \u00e0 tous les niveaux<\/title>\n<meta name=\"description\" content=\"Anne et Thierry ont su s&#039;adapter au confinement et r\u00e9pondre \u00e0 la demande de leur client\u00e8le en proposant leur carte habituelle en plats \u00e0 emporter\" \/>\n<meta name=\"robots\" content=\"index, follow, max-snippet:-1, max-image-preview:large, max-video-preview:-1\" \/>\n<link rel=\"canonical\" href=\"https:\/\/infolocale.20minutes.fr\/blog\/cafe-cortina-rennes-initiatives-covid-plats-a-emporter\/\" \/>\n<meta property=\"og:locale\" content=\"fr_FR\" \/>\n<meta property=\"og:type\" content=\"article\" \/>\n<meta property=\"og:title\" content=\"Le Caf\u00e9 Cortina, heureux constat : l\u2019entraide \u00e0 tous les niveaux\" \/>\n<meta property=\"og:description\" content=\"Anne et Thierry ont su s&#039;adapter au confinement et r\u00e9pondre \u00e0 la demande de leur client\u00e8le en proposant leur carte habituelle en plats \u00e0 emporter\" \/>\n<meta property=\"og:url\" content=\"https:\/\/infolocale.20minutes.fr\/blog\/cafe-cortina-rennes-initiatives-covid-plats-a-emporter\/\" \/>\n<meta property=\"article:publisher\" content=\"https:\/\/www.facebook.com\/infolocaleFR\/\" \/>\n<meta property=\"article:published_time\" content=\"2020-07-17T15:05:39+00:00\" \/>\n<meta property=\"article:modified_time\" content=\"2021-03-02T15:32:59+00:00\" \/>\n<meta property=\"og:image\" content=\"https:\/\/infolocale.20minutes.fr\/blog\/wp-content\/uploads\/2020\/07\/Foto1_Cortina-1024x768-1.jpg\" \/>\n\t<meta property=\"og:image:width\" content=\"1024\" \/>\n\t<meta property=\"og:image:height\" content=\"768\" \/>\n\t<meta property=\"og:image:type\" content=\"image\/jpeg\" \/>\n<meta name=\"author\" content=\"Myl\u00e8ne\" \/>\n<meta name=\"twitter:card\" content=\"summary_large_image\" \/>\n<meta name=\"twitter:creator\" content=\"@infolocale\" \/>\n<meta name=\"twitter:site\" content=\"@infolocale\" \/>\n<meta name=\"twitter:label1\" content=\"\u00c9crit par\" \/>\n\t<meta name=\"twitter:data1\" content=\"Myl\u00e8ne\" \/>\n\t<meta name=\"twitter:label2\" content=\"Dur\u00e9e de lecture estim\u00e9e\" \/>\n\t<meta name=\"twitter:data2\" content=\"2 minutes\" \/>\n<script type=\"application\/ld+json\" class=\"yoast-schema-graph\">{\"@context\":\"https:\/\/schema.org\",\"@graph\":[{\"@type\":\"Article\",\"@id\":\"https:\/\/infolocale.20minutes.fr\/blog\/cafe-cortina-rennes-initiatives-covid-plats-a-emporter\/#article\",\"isPartOf\":{\"@id\":\"https:\/\/infolocale.20minutes.fr\/blog\/cafe-cortina-rennes-initiatives-covid-plats-a-emporter\/\"},\"author\":{\"name\":\"Myl\u00e8ne\",\"@id\":\"https:\/\/www.infolocale.fr\/blog\/#\/schema\/person\/bf2dc50c6636ffa2ce3e44ef1f9eb97f\"},\"headline\":\"Le Caf\u00e9 Cortina, heureux constat : l\u2019entraide \u00e0 tous les niveaux\",\"datePublished\":\"2020-07-17T15:05:39+00:00\",\"dateModified\":\"2021-03-02T15:32:59+00:00\",\"mainEntityOfPage\":{\"@id\":\"https:\/\/infolocale.20minutes.fr\/blog\/cafe-cortina-rennes-initiatives-covid-plats-a-emporter\/\"},\"wordCount\":363,\"commentCount\":0,\"publisher\":{\"@id\":\"https:\/\/www.infolocale.fr\/blog\/#organization\"},\"image\":{\"@id\":\"https:\/\/infolocale.20minutes.fr\/blog\/cafe-cortina-rennes-initiatives-covid-plats-a-emporter\/#primaryimage\"},\"thumbnailUrl\":\"https:\/\/www.infolocale.fr\/blog\/wp-content\/uploads\/2020\/07\/Foto1_Cortina-1024x768-1.jpg\",\"keywords\":[\"Actualit\u00e9s\",\"Portraits\"],\"articleSection\":[\"En ce moment\"],\"inLanguage\":\"fr-FR\",\"potentialAction\":[{\"@type\":\"CommentAction\",\"name\":\"Comment\",\"target\":[\"https:\/\/infolocale.20minutes.fr\/blog\/cafe-cortina-rennes-initiatives-covid-plats-a-emporter\/#respond\"]}]},{\"@type\":\"WebPage\",\"@id\":\"https:\/\/infolocale.20minutes.fr\/blog\/cafe-cortina-rennes-initiatives-covid-plats-a-emporter\/\",\"url\":\"https:\/\/infolocale.20minutes.fr\/blog\/cafe-cortina-rennes-initiatives-covid-plats-a-emporter\/\",\"name\":\"Le Caf\u00e9 Cortina, heureux constat : l\u2019entraide \u00e0 tous les niveaux\",\"isPartOf\":{\"@id\":\"https:\/\/www.infolocale.fr\/blog\/#website\"},\"primaryImageOfPage\":{\"@id\":\"https:\/\/infolocale.20minutes.fr\/blog\/cafe-cortina-rennes-initiatives-covid-plats-a-emporter\/#primaryimage\"},\"image\":{\"@id\":\"https:\/\/infolocale.20minutes.fr\/blog\/cafe-cortina-rennes-initiatives-covid-plats-a-emporter\/#primaryimage\"},\"thumbnailUrl\":\"https:\/\/www.infolocale.fr\/blog\/wp-content\/uploads\/2020\/07\/Foto1_Cortina-1024x768-1.jpg\",\"datePublished\":\"2020-07-17T15:05:39+00:00\",\"dateModified\":\"2021-03-02T15:32:59+00:00\",\"description\":\"Anne et Thierry ont su s'adapter au confinement et r\u00e9pondre \u00e0 la demande de leur client\u00e8le en proposant leur carte habituelle en plats \u00e0 emporter\",\"breadcrumb\":{\"@id\":\"https:\/\/infolocale.20minutes.fr\/blog\/cafe-cortina-rennes-initiatives-covid-plats-a-emporter\/#breadcrumb\"},\"inLanguage\":\"fr-FR\",\"potentialAction\":[{\"@type\":\"ReadAction\",\"target\":[\"https:\/\/infolocale.20minutes.fr\/blog\/cafe-cortina-rennes-initiatives-covid-plats-a-emporter\/\"]}]},{\"@type\":\"ImageObject\",\"inLanguage\":\"fr-FR\",\"@id\":\"https:\/\/infolocale.20minutes.fr\/blog\/cafe-cortina-rennes-initiatives-covid-plats-a-emporter\/#primaryimage\",\"url\":\"https:\/\/www.infolocale.fr\/blog\/wp-content\/uploads\/2020\/07\/Foto1_Cortina-1024x768-1.jpg\",\"contentUrl\":\"https:\/\/www.infolocale.fr\/blog\/wp-content\/uploads\/2020\/07\/Foto1_Cortina-1024x768-1.jpg\",\"width\":1024,\"height\":768},{\"@type\":\"BreadcrumbList\",\"@id\":\"https:\/\/infolocale.20minutes.fr\/blog\/cafe-cortina-rennes-initiatives-covid-plats-a-emporter\/#breadcrumb\",\"itemListElement\":[{\"@type\":\"ListItem\",\"position\":1,\"name\":\"Blog\",\"item\":\"https:\/\/infolocale.ouest-france.fr\/blog\/\"},{\"@type\":\"ListItem\",\"position\":2,\"name\":\"En ce moment\",\"item\":\"https:\/\/infolocale.20minutes.fr\/blog\/cat\/actu-acteurs-locaux\/\"},{\"@type\":\"ListItem\",\"position\":3,\"name\":\"Le Caf\u00e9 Cortina, heureux constat : l\u2019entraide \u00e0 tous les niveaux\"}]},{\"@type\":\"WebSite\",\"@id\":\"https:\/\/www.infolocale.fr\/blog\/#website\",\"url\":\"https:\/\/www.infolocale.fr\/blog\/\",\"name\":\"\",\"description\":\"\",\"publisher\":{\"@id\":\"https:\/\/www.infolocale.fr\/blog\/#organization\"},\"potentialAction\":[{\"@type\":\"SearchAction\",\"target\":{\"@type\":\"EntryPoint\",\"urlTemplate\":\"https:\/\/www.infolocale.fr\/blog\/?s={search_term_string}\"},\"query-input\":\"required name=search_term_string\"}],\"inLanguage\":\"fr-FR\"},{\"@type\":\"Organization\",\"@id\":\"https:\/\/www.infolocale.fr\/blog\/#organization\",\"name\":\"Infolocale\",\"url\":\"https:\/\/www.infolocale.fr\/blog\/\",\"logo\":{\"@type\":\"ImageObject\",\"inLanguage\":\"fr-FR\",\"@id\":\"https:\/\/www.infolocale.fr\/blog\/#\/schema\/logo\/image\/\",\"url\":\"https:\/\/www.infolocale.fr\/blog\/wp-content\/uploads\/2020\/11\/logol.jpg\",\"contentUrl\":\"https:\/\/www.infolocale.fr\/blog\/wp-content\/uploads\/2020\/11\/logol.jpg\",\"width\":1031,\"height\":398,\"caption\":\"Infolocale\"},\"image\":{\"@id\":\"https:\/\/www.infolocale.fr\/blog\/#\/schema\/logo\/image\/\"},\"sameAs\":[\"https:\/\/www.facebook.com\/infolocaleFR\/\",\"https:\/\/x.com\/infolocale\",\"https:\/\/www.instagram.com\/infolocale\/\",\"https:\/\/fr.linkedin.com\/company\/infolocale\",\"https:\/\/www.youtube.com\/channel\/UCnv4FA8EYEuu_si3TGr7xeA\"]},{\"@type\":\"Person\",\"@id\":\"https:\/\/www.infolocale.fr\/blog\/#\/schema\/person\/bf2dc50c6636ffa2ce3e44ef1f9eb97f\",\"name\":\"Myl\u00e8ne\",\"image\":{\"@type\":\"ImageObject\",\"inLanguage\":\"fr-FR\",\"@id\":\"https:\/\/www.infolocale.fr\/blog\/#\/schema\/person\/image\/\",\"url\":\"https:\/\/secure.gravatar.com\/avatar\/49511f0ea4b41ed3062b218e30f07042?s=96&d=mm&r=g\",\"contentUrl\":\"https:\/\/secure.gravatar.com\/avatar\/49511f0ea4b41ed3062b218e30f07042?s=96&d=mm&r=g\",\"caption\":\"Myl\u00e8ne\"},\"url\":\"https:\/\/www.infolocale.fr\/blog\/author\/mylene-michel\/\"}]}<\/script>\n<!-- \/ Yoast SEO plugin. -->","yoast_head_json":{"title":"Le Caf\u00e9 Cortina, heureux constat : l\u2019entraide \u00e0 tous les niveaux","description":"Anne et Thierry ont su s'adapter au confinement et r\u00e9pondre \u00e0 la demande de leur client\u00e8le en proposant leur carte habituelle en plats \u00e0 emporter","robots":{"index":"index","follow":"follow","max-snippet":"max-snippet:-1","max-image-preview":"max-image-preview:large","max-video-preview":"max-video-preview:-1"},"canonical":"https:\/\/infolocale.20minutes.fr\/blog\/cafe-cortina-rennes-initiatives-covid-plats-a-emporter\/","og_locale":"fr_FR","og_type":"article","og_title":"Le Caf\u00e9 Cortina, heureux constat : l\u2019entraide \u00e0 tous les niveaux","og_description":"Anne et Thierry ont su s'adapter au confinement et r\u00e9pondre \u00e0 la demande de leur client\u00e8le en proposant leur carte habituelle en plats \u00e0 emporter","og_url":"https:\/\/infolocale.20minutes.fr\/blog\/cafe-cortina-rennes-initiatives-covid-plats-a-emporter\/","article_publisher":"https:\/\/www.facebook.com\/infolocaleFR\/","article_published_time":"2020-07-17T15:05:39+00:00","article_modified_time":"2021-03-02T15:32:59+00:00","og_image":[{"width":1024,"height":768,"url":"https:\/\/infolocale.20minutes.fr\/blog\/wp-content\/uploads\/2020\/07\/Foto1_Cortina-1024x768-1.jpg","type":"image\/jpeg"}],"author":"Myl\u00e8ne","twitter_card":"summary_large_image","twitter_creator":"@infolocale","twitter_site":"@infolocale","twitter_misc":{"\u00c9crit par":"Myl\u00e8ne","Dur\u00e9e de lecture estim\u00e9e":"2 minutes"},"schema":{"@context":"https:\/\/schema.org","@graph":[{"@type":"Article","@id":"https:\/\/infolocale.20minutes.fr\/blog\/cafe-cortina-rennes-initiatives-covid-plats-a-emporter\/#article","isPartOf":{"@id":"https:\/\/infolocale.20minutes.fr\/blog\/cafe-cortina-rennes-initiatives-covid-plats-a-emporter\/"},"author":{"name":"Myl\u00e8ne","@id":"https:\/\/www.infolocale.fr\/blog\/#\/schema\/person\/bf2dc50c6636ffa2ce3e44ef1f9eb97f"},"headline":"Le Caf\u00e9 Cortina, heureux constat : l\u2019entraide \u00e0 tous les niveaux","datePublished":"2020-07-17T15:05:39+00:00","dateModified":"2021-03-02T15:32:59+00:00","mainEntityOfPage":{"@id":"https:\/\/infolocale.20minutes.fr\/blog\/cafe-cortina-rennes-initiatives-covid-plats-a-emporter\/"},"wordCount":363,"commentCount":0,"publisher":{"@id":"https:\/\/www.infolocale.fr\/blog\/#organization"},"image":{"@id":"https:\/\/infolocale.20minutes.fr\/blog\/cafe-cortina-rennes-initiatives-covid-plats-a-emporter\/#primaryimage"},"thumbnailUrl":"https:\/\/www.infolocale.fr\/blog\/wp-content\/uploads\/2020\/07\/Foto1_Cortina-1024x768-1.jpg","keywords":["Actualit\u00e9s","Portraits"],"articleSection":["En ce moment"],"inLanguage":"fr-FR","potentialAction":[{"@type":"CommentAction","name":"Comment","target":["https:\/\/infolocale.20minutes.fr\/blog\/cafe-cortina-rennes-initiatives-covid-plats-a-emporter\/#respond"]}]},{"@type":"WebPage","@id":"https:\/\/infolocale.20minutes.fr\/blog\/cafe-cortina-rennes-initiatives-covid-plats-a-emporter\/","url":"https:\/\/infolocale.20minutes.fr\/blog\/cafe-cortina-rennes-initiatives-covid-plats-a-emporter\/","name":"Le Caf\u00e9 Cortina, heureux constat : l\u2019entraide \u00e0 tous les niveaux","isPartOf":{"@id":"https:\/\/www.infolocale.fr\/blog\/#website"},"primaryImageOfPage":{"@id":"https:\/\/infolocale.20minutes.fr\/blog\/cafe-cortina-rennes-initiatives-covid-plats-a-emporter\/#primaryimage"},"image":{"@id":"https:\/\/infolocale.20minutes.fr\/blog\/cafe-cortina-rennes-initiatives-covid-plats-a-emporter\/#primaryimage"},"thumbnailUrl":"https:\/\/www.infolocale.fr\/blog\/wp-content\/uploads\/2020\/07\/Foto1_Cortina-1024x768-1.jpg","datePublished":"2020-07-17T15:05:39+00:00","dateModified":"2021-03-02T15:32:59+00:00","description":"Anne et Thierry ont su s'adapter au confinement et r\u00e9pondre \u00e0 la demande de leur client\u00e8le en proposant leur carte habituelle en plats \u00e0 emporter","breadcrumb":{"@id":"https:\/\/infolocale.20minutes.fr\/blog\/cafe-cortina-rennes-initiatives-covid-plats-a-emporter\/#breadcrumb"},"inLanguage":"fr-FR","potentialAction":[{"@type":"ReadAction","target":["https:\/\/infolocale.20minutes.fr\/blog\/cafe-cortina-rennes-initiatives-covid-plats-a-emporter\/"]}]},{"@type":"ImageObject","inLanguage":"fr-FR","@id":"https:\/\/infolocale.20minutes.fr\/blog\/cafe-cortina-rennes-initiatives-covid-plats-a-emporter\/#primaryimage","url":"https:\/\/www.infolocale.fr\/blog\/wp-content\/uploads\/2020\/07\/Foto1_Cortina-1024x768-1.jpg","contentUrl":"https:\/\/www.infolocale.fr\/blog\/wp-content\/uploads\/2020\/07\/Foto1_Cortina-1024x768-1.jpg","width":1024,"height":768},{"@type":"BreadcrumbList","@id":"https:\/\/infolocale.20minutes.fr\/blog\/cafe-cortina-rennes-initiatives-covid-plats-a-emporter\/#breadcrumb","itemListElement":[{"@type":"ListItem","position":1,"name":"Blog","item":"https:\/\/infolocale.ouest-france.fr\/blog\/"},{"@type":"ListItem","position":2,"name":"En ce moment","item":"https:\/\/infolocale.20minutes.fr\/blog\/cat\/actu-acteurs-locaux\/"},{"@type":"ListItem","position":3,"name":"Le Caf\u00e9 Cortina, heureux constat : l\u2019entraide \u00e0 tous les niveaux"}]},{"@type":"WebSite","@id":"https:\/\/www.infolocale.fr\/blog\/#website","url":"https:\/\/www.infolocale.fr\/blog\/","name":"","description":"","publisher":{"@id":"https:\/\/www.infolocale.fr\/blog\/#organization"},"potentialAction":[{"@type":"SearchAction","target":{"@type":"EntryPoint","urlTemplate":"https:\/\/www.infolocale.fr\/blog\/?s={search_term_string}"},"query-input":"required name=search_term_string"}],"inLanguage":"fr-FR"},{"@type":"Organization","@id":"https:\/\/www.infolocale.fr\/blog\/#organization","name":"Infolocale","url":"https:\/\/www.infolocale.fr\/blog\/","logo":{"@type":"ImageObject","inLanguage":"fr-FR","@id":"https:\/\/www.infolocale.fr\/blog\/#\/schema\/logo\/image\/","url":"https:\/\/www.infolocale.fr\/blog\/wp-content\/uploads\/2020\/11\/logol.jpg","contentUrl":"https:\/\/www.infolocale.fr\/blog\/wp-content\/uploads\/2020\/11\/logol.jpg","width":1031,"height":398,"caption":"Infolocale"},"image":{"@id":"https:\/\/www.infolocale.fr\/blog\/#\/schema\/logo\/image\/"},"sameAs":["https:\/\/www.facebook.com\/infolocaleFR\/","https:\/\/x.com\/infolocale","https:\/\/www.instagram.com\/infolocale\/","https:\/\/fr.linkedin.com\/company\/infolocale","https:\/\/www.youtube.com\/channel\/UCnv4FA8EYEuu_si3TGr7xeA"]},{"@type":"Person","@id":"https:\/\/www.infolocale.fr\/blog\/#\/schema\/person\/bf2dc50c6636ffa2ce3e44ef1f9eb97f","name":"Myl\u00e8ne","image":{"@type":"ImageObject","inLanguage":"fr-FR","@id":"https:\/\/www.infolocale.fr\/blog\/#\/schema\/person\/image\/","url":"https:\/\/secure.gravatar.com\/avatar\/49511f0ea4b41ed3062b218e30f07042?s=96&d=mm&r=g","contentUrl":"https:\/\/secure.gravatar.com\/avatar\/49511f0ea4b41ed3062b218e30f07042?s=96&d=mm&r=g","caption":"Myl\u00e8ne"},"url":"https:\/\/www.infolocale.fr\/blog\/author\/mylene-michel\/"}]}},"_links":{"self":[{"href":"https:\/\/www.infolocale.fr\/blog\/wp-json\/wp\/v2\/posts\/3203"}],"collection":[{"href":"https:\/\/www.infolocale.fr\/blog\/wp-json\/wp\/v2\/posts"}],"about":[{"href":"https:\/\/www.infolocale.fr\/blog\/wp-json\/wp\/v2\/types\/post"}],"author":[{"embeddable":true,"href":"https:\/\/www.infolocale.fr\/blog\/wp-json\/wp\/v2\/users\/8"}],"replies":[{"embeddable":true,"href":"https:\/\/www.infolocale.fr\/blog\/wp-json\/wp\/v2\/comments?post=3203"}],"version-history":[{"count":0,"href":"https:\/\/www.infolocale.fr\/blog\/wp-json\/wp\/v2\/posts\/3203\/revisions"}],"wp:featuredmedia":[{"embeddable":true,"href":"https:\/\/www.infolocale.fr\/blog\/wp-json\/wp\/v2\/media\/5118"}],"wp:attachment":[{"href":"https:\/\/www.infolocale.fr\/blog\/wp-json\/wp\/v2\/media?parent=3203"}],"wp:term":[{"taxonomy":"category","embeddable":true,"href":"https:\/\/www.infolocale.fr\/blog\/wp-json\/wp\/v2\/categories?post=3203"},{"taxonomy":"post_tag","embeddable":true,"href":"https:\/\/www.infolocale.fr\/blog\/wp-json\/wp\/v2\/tags?post=3203"}],"curies":[{"name":"wp","href":"https:\/\/api.w.org\/{rel}","templated":true}]}}