{"id":3195,"date":"2020-07-17T16:04:04","date_gmt":"2020-07-17T15:04:04","guid":{"rendered":"https:\/\/blog.infolocale.fr\/?p=3195"},"modified":"2021-03-02T16:33:24","modified_gmt":"2021-03-02T15:33:24","slug":"les-darons-rennes-perte-confinement-restaurateurs","status":"publish","type":"post","link":"https:\/\/www.infolocale.fr\/blog\/les-darons-rennes-perte-confinement-restaurateurs\/","title":{"rendered":"Les Darons, Vincent &#038; Sophie Guillemot : \u00abAbattus, mais pas battus ! \u00bb"},"content":{"rendered":"\n<p class=\"has-text-align-justify has-normal-font-size\" style=\"line-height:2\">Les quelques jours pr\u00e9c\u00e9dant la d\u00e9cision de fermer les restaurants, Vincent Guillemot a diminu\u00e9 ses achats pour limiter la casse<strong>. \u00ab&nbsp;Le frigo \u00e9tait vide le 16 mars, minuit ! \u00bb.&nbsp; <\/strong>Avec son \u00e9pouse Sophie, les deux restaurateurs estiment une perte d\u2019exploitation de 80 % sur le mois de mars, liss\u00e9e \u00e0 78 % sur les deux mois et demi du confinement. Les trois salari\u00e9s ont \u00e9t\u00e9 mis en ch\u00f4mage partiel. Ils ont pu b\u00e9n\u00e9ficier du PGE, de report de cotisation du loyer et annulation des charges sociales. Ouverts depuis le 2 juin,&nbsp;le respect des normes sanitaires implique cependant une perte de couverts pour les restaurateurs. D&rsquo;autant plus que la reprise est timide. La premi\u00e8re semaine les clients craignent encore le rapprochement physique et &nbsp;le t\u00e9l\u00e9travail ne favorise pas le retour de la client\u00e8le du d\u00e9jeuner.<\/p>\n\n\n\n<figure class=\"wp-block-image size-large\"><a href=\"https:\/\/s.infolocale.fr\/?utm_source=blog&amp;utm_medium=banner&amp;utm_campaign=blog-contents\"><img fetchpriority=\"high\" decoding=\"async\" width=\"908\" height=\"196\" src=\"https:\/\/www.infolocale.fr\/blog\/wp-content\/uploads\/2021\/02\/Banniere_evenement.png\" alt=\"\" class=\"wp-image-5949\" srcset=\"https:\/\/www.infolocale.fr\/blog\/wp-content\/uploads\/2021\/02\/Banniere_evenement.png 908w, https:\/\/www.infolocale.fr\/blog\/wp-content\/uploads\/2021\/02\/Banniere_evenement-300x65.png 300w, https:\/\/www.infolocale.fr\/blog\/wp-content\/uploads\/2021\/02\/Banniere_evenement-768x166.png 768w, https:\/\/www.infolocale.fr\/blog\/wp-content\/uploads\/2021\/02\/Banniere_evenement-278x60.png 278w\" sizes=\"(max-width: 908px) 100vw, 908px\" \/><\/a><\/figure>\n\n\n\n<p class=\"has-normal-font-size\"><strong>&nbsp;&nbsp;&nbsp;&nbsp;&nbsp;&nbsp;&nbsp;&nbsp;&nbsp;&nbsp;&nbsp;&nbsp;&nbsp;&nbsp;&nbsp; \u00ab Les clients nous ont bien soutenus, c\u2019\u00e9tait porteur \u00bb<\/strong><\/p>\n\n\n\n<p class=\"has-text-align-justify has-normal-font-size\" style=\"line-height:2\">Vincent craint la reprise de septembre. Ils resteront d&rsquo;ailleurs ouverts tout cet \u00e9t\u00e9 2020<strong> : \u00ab on a pris nos vacances en mars ! \u00bb. <\/strong>Pourtant, durant la pand\u00e9mie, ils ont \u00e9t\u00e9 tr\u00e8s productifs : d\u00e8s le 18 avril, ils ont propos\u00e9 des paniers \u00e0 emporter. <strong>\u00ab Il fallait s\u2019occuper. La date de reprise \u00e9tait inconnue. L\u2019inactivit\u00e9 peut nuire. \u00bb <\/strong>L\u2019inventivit\u00e9 et les initiatives n\u2019ont pas manqu\u00e9 : menus \u00e0 emporter d\u00e8s le week-end de mi-avril, puis des formules durant la semaine<strong> \u00ab nous avions besoin de cuisiner pour nos clients, qui montraient leur fid\u00e9lit\u00e9 et exprimaient de sympathiques retours sur les menus d\u00e9gust\u00e9s . Ils nous ont port\u00e9s ! \u00bb.<\/strong><\/p>\n\n\n\n<blockquote class=\"wp-block-quote is-layout-flow wp-block-quote-is-layout-flow\"><p><a href=\"https:\/\/bistrolesdarons.business.site\/\" target=\"_blank\" aria-label=\"undefined (s\u2019ouvre dans un nouvel onglet)\" rel=\"noreferrer noopener\">Les Darons<\/a><\/p><\/blockquote>\n","protected":false},"excerpt":{"rendered":"<p>Les quelques jours pr\u00e9c\u00e9dant la d\u00e9cision de fermer les restaurants, Vincent Guillemot a diminu\u00e9 ses achats pour limiter la casse. \u00ab&nbsp;Le frigo \u00e9tait vide le [&hellip;]<\/p>\n","protected":false},"author":8,"featured_media":5017,"comment_status":"open","ping_status":"open","sticky":false,"template":"","format":"standard","meta":{"_coblocks_attr":"","_coblocks_dimensions":"","_coblocks_responsive_height":"","_coblocks_accordion_ie_support":"","_mo_disable_npp":"","footnotes":""},"categories":[6],"tags":[13],"class_list":["post-3195","post","type-post","status-publish","format-standard","has-post-thumbnail","hentry","category-actu-acteurs-locaux","tag-articles-actualites"],"yoast_head":"<!-- This site is optimized with the Yoast SEO plugin v23.2 - https:\/\/yoast.com\/wordpress\/plugins\/seo\/ -->\n<title>Les Darons, Vincent &amp; Sophie Guillemot : \u00abAbattus, mais pas battus ! \u00bb |<\/title>\n<meta name=\"description\" content=\"Cons\u00e9quences du confinement pour ces restaurateurs, malgr\u00e9 les aides financi\u00e8res et la mise en place de menus \u00e0 emporter : une perte d&#039;exploitation de 78 %\" \/>\n<meta name=\"robots\" content=\"index, follow, max-snippet:-1, max-image-preview:large, max-video-preview:-1\" \/>\n<link rel=\"canonical\" href=\"https:\/\/infolocale.20minutes.fr\/blog\/les-darons-rennes-perte-confinement-restaurateurs\/\" \/>\n<meta property=\"og:locale\" content=\"fr_FR\" \/>\n<meta property=\"og:type\" content=\"article\" \/>\n<meta property=\"og:title\" content=\"Les Darons, Vincent &amp; Sophie Guillemot : \u00abAbattus, mais pas battus ! \u00bb |\" \/>\n<meta property=\"og:description\" content=\"Cons\u00e9quences du confinement pour ces restaurateurs, malgr\u00e9 les aides financi\u00e8res et la mise en place de menus \u00e0 emporter : une perte d&#039;exploitation de 78 %\" \/>\n<meta property=\"og:url\" content=\"https:\/\/infolocale.20minutes.fr\/blog\/les-darons-rennes-perte-confinement-restaurateurs\/\" \/>\n<meta property=\"article:publisher\" content=\"https:\/\/www.facebook.com\/infolocaleFR\/\" \/>\n<meta property=\"article:published_time\" content=\"2020-07-17T15:04:04+00:00\" \/>\n<meta property=\"article:modified_time\" content=\"2021-03-02T15:33:24+00:00\" \/>\n<meta property=\"og:image\" content=\"https:\/\/infolocale.20minutes.fr\/blog\/wp-content\/uploads\/2020\/07\/Foto6_Vinc_Soph_Darons-1024x768-1.jpg\" \/>\n\t<meta property=\"og:image:width\" content=\"1024\" \/>\n\t<meta property=\"og:image:height\" content=\"768\" \/>\n\t<meta property=\"og:image:type\" content=\"image\/jpeg\" \/>\n<meta name=\"author\" content=\"Myl\u00e8ne\" \/>\n<meta name=\"twitter:card\" content=\"summary_large_image\" \/>\n<meta name=\"twitter:creator\" content=\"@infolocale\" \/>\n<meta name=\"twitter:site\" content=\"@infolocale\" \/>\n<meta name=\"twitter:label1\" content=\"\u00c9crit par\" \/>\n\t<meta name=\"twitter:data1\" content=\"Myl\u00e8ne\" \/>\n\t<meta name=\"twitter:label2\" content=\"Dur\u00e9e de lecture estim\u00e9e\" \/>\n\t<meta name=\"twitter:data2\" content=\"2 minutes\" \/>\n<script type=\"application\/ld+json\" class=\"yoast-schema-graph\">{\"@context\":\"https:\/\/schema.org\",\"@graph\":[{\"@type\":\"Article\",\"@id\":\"https:\/\/infolocale.20minutes.fr\/blog\/les-darons-rennes-perte-confinement-restaurateurs\/#article\",\"isPartOf\":{\"@id\":\"https:\/\/infolocale.20minutes.fr\/blog\/les-darons-rennes-perte-confinement-restaurateurs\/\"},\"author\":{\"name\":\"Myl\u00e8ne\",\"@id\":\"https:\/\/www.infolocale.fr\/blog\/#\/schema\/person\/bf2dc50c6636ffa2ce3e44ef1f9eb97f\"},\"headline\":\"Les Darons, Vincent &#038; Sophie Guillemot : \u00abAbattus, mais pas battus ! \u00bb\",\"datePublished\":\"2020-07-17T15:04:04+00:00\",\"dateModified\":\"2021-03-02T15:33:24+00:00\",\"mainEntityOfPage\":{\"@id\":\"https:\/\/infolocale.20minutes.fr\/blog\/les-darons-rennes-perte-confinement-restaurateurs\/\"},\"wordCount\":287,\"commentCount\":0,\"publisher\":{\"@id\":\"https:\/\/www.infolocale.fr\/blog\/#organization\"},\"image\":{\"@id\":\"https:\/\/infolocale.20minutes.fr\/blog\/les-darons-rennes-perte-confinement-restaurateurs\/#primaryimage\"},\"thumbnailUrl\":\"https:\/\/www.infolocale.fr\/blog\/wp-content\/uploads\/2020\/07\/Foto6_Vinc_Soph_Darons-1024x768-1.jpg\",\"keywords\":[\"Actualit\u00e9s\"],\"articleSection\":[\"En ce moment\"],\"inLanguage\":\"fr-FR\",\"potentialAction\":[{\"@type\":\"CommentAction\",\"name\":\"Comment\",\"target\":[\"https:\/\/infolocale.20minutes.fr\/blog\/les-darons-rennes-perte-confinement-restaurateurs\/#respond\"]}]},{\"@type\":\"WebPage\",\"@id\":\"https:\/\/infolocale.20minutes.fr\/blog\/les-darons-rennes-perte-confinement-restaurateurs\/\",\"url\":\"https:\/\/infolocale.20minutes.fr\/blog\/les-darons-rennes-perte-confinement-restaurateurs\/\",\"name\":\"Les Darons, Vincent & Sophie Guillemot : \u00abAbattus, mais pas battus ! \u00bb |\",\"isPartOf\":{\"@id\":\"https:\/\/www.infolocale.fr\/blog\/#website\"},\"primaryImageOfPage\":{\"@id\":\"https:\/\/infolocale.20minutes.fr\/blog\/les-darons-rennes-perte-confinement-restaurateurs\/#primaryimage\"},\"image\":{\"@id\":\"https:\/\/infolocale.20minutes.fr\/blog\/les-darons-rennes-perte-confinement-restaurateurs\/#primaryimage\"},\"thumbnailUrl\":\"https:\/\/www.infolocale.fr\/blog\/wp-content\/uploads\/2020\/07\/Foto6_Vinc_Soph_Darons-1024x768-1.jpg\",\"datePublished\":\"2020-07-17T15:04:04+00:00\",\"dateModified\":\"2021-03-02T15:33:24+00:00\",\"description\":\"Cons\u00e9quences du confinement pour ces restaurateurs, malgr\u00e9 les aides financi\u00e8res et la mise en place de menus \u00e0 emporter : une perte d'exploitation de 78 %\",\"breadcrumb\":{\"@id\":\"https:\/\/infolocale.20minutes.fr\/blog\/les-darons-rennes-perte-confinement-restaurateurs\/#breadcrumb\"},\"inLanguage\":\"fr-FR\",\"potentialAction\":[{\"@type\":\"ReadAction\",\"target\":[\"https:\/\/infolocale.20minutes.fr\/blog\/les-darons-rennes-perte-confinement-restaurateurs\/\"]}]},{\"@type\":\"ImageObject\",\"inLanguage\":\"fr-FR\",\"@id\":\"https:\/\/infolocale.20minutes.fr\/blog\/les-darons-rennes-perte-confinement-restaurateurs\/#primaryimage\",\"url\":\"https:\/\/www.infolocale.fr\/blog\/wp-content\/uploads\/2020\/07\/Foto6_Vinc_Soph_Darons-1024x768-1.jpg\",\"contentUrl\":\"https:\/\/www.infolocale.fr\/blog\/wp-content\/uploads\/2020\/07\/Foto6_Vinc_Soph_Darons-1024x768-1.jpg\",\"width\":1024,\"height\":768,\"caption\":\"Les Darons, Vincent & Sophie Guillemot : \u00abAbattus, mais pas battus ! \u00bb\"},{\"@type\":\"BreadcrumbList\",\"@id\":\"https:\/\/infolocale.20minutes.fr\/blog\/les-darons-rennes-perte-confinement-restaurateurs\/#breadcrumb\",\"itemListElement\":[{\"@type\":\"ListItem\",\"position\":1,\"name\":\"Blog\",\"item\":\"https:\/\/infolocale.ouest-france.fr\/blog\/\"},{\"@type\":\"ListItem\",\"position\":2,\"name\":\"En ce moment\",\"item\":\"https:\/\/infolocale.20minutes.fr\/blog\/cat\/actu-acteurs-locaux\/\"},{\"@type\":\"ListItem\",\"position\":3,\"name\":\"Les Darons, Vincent &#038; Sophie Guillemot : \u00abAbattus, mais pas battus ! \u00bb\"}]},{\"@type\":\"WebSite\",\"@id\":\"https:\/\/www.infolocale.fr\/blog\/#website\",\"url\":\"https:\/\/www.infolocale.fr\/blog\/\",\"name\":\"\",\"description\":\"\",\"publisher\":{\"@id\":\"https:\/\/www.infolocale.fr\/blog\/#organization\"},\"potentialAction\":[{\"@type\":\"SearchAction\",\"target\":{\"@type\":\"EntryPoint\",\"urlTemplate\":\"https:\/\/www.infolocale.fr\/blog\/?s={search_term_string}\"},\"query-input\":\"required name=search_term_string\"}],\"inLanguage\":\"fr-FR\"},{\"@type\":\"Organization\",\"@id\":\"https:\/\/www.infolocale.fr\/blog\/#organization\",\"name\":\"Infolocale\",\"url\":\"https:\/\/www.infolocale.fr\/blog\/\",\"logo\":{\"@type\":\"ImageObject\",\"inLanguage\":\"fr-FR\",\"@id\":\"https:\/\/www.infolocale.fr\/blog\/#\/schema\/logo\/image\/\",\"url\":\"https:\/\/www.infolocale.fr\/blog\/wp-content\/uploads\/2020\/11\/logol.jpg\",\"contentUrl\":\"https:\/\/www.infolocale.fr\/blog\/wp-content\/uploads\/2020\/11\/logol.jpg\",\"width\":1031,\"height\":398,\"caption\":\"Infolocale\"},\"image\":{\"@id\":\"https:\/\/www.infolocale.fr\/blog\/#\/schema\/logo\/image\/\"},\"sameAs\":[\"https:\/\/www.facebook.com\/infolocaleFR\/\",\"https:\/\/x.com\/infolocale\",\"https:\/\/www.instagram.com\/infolocale\/\",\"https:\/\/fr.linkedin.com\/company\/infolocale\",\"https:\/\/www.youtube.com\/channel\/UCnv4FA8EYEuu_si3TGr7xeA\"]},{\"@type\":\"Person\",\"@id\":\"https:\/\/www.infolocale.fr\/blog\/#\/schema\/person\/bf2dc50c6636ffa2ce3e44ef1f9eb97f\",\"name\":\"Myl\u00e8ne\",\"image\":{\"@type\":\"ImageObject\",\"inLanguage\":\"fr-FR\",\"@id\":\"https:\/\/www.infolocale.fr\/blog\/#\/schema\/person\/image\/\",\"url\":\"https:\/\/secure.gravatar.com\/avatar\/49511f0ea4b41ed3062b218e30f07042?s=96&d=mm&r=g\",\"contentUrl\":\"https:\/\/secure.gravatar.com\/avatar\/49511f0ea4b41ed3062b218e30f07042?s=96&d=mm&r=g\",\"caption\":\"Myl\u00e8ne\"},\"url\":\"https:\/\/www.infolocale.fr\/blog\/author\/mylene-michel\/\"}]}<\/script>\n<!-- \/ Yoast SEO plugin. -->","yoast_head_json":{"title":"Les Darons, Vincent & Sophie Guillemot : \u00abAbattus, mais pas battus ! \u00bb |","description":"Cons\u00e9quences du confinement pour ces restaurateurs, malgr\u00e9 les aides financi\u00e8res et la mise en place de menus \u00e0 emporter : une perte d'exploitation de 78 %","robots":{"index":"index","follow":"follow","max-snippet":"max-snippet:-1","max-image-preview":"max-image-preview:large","max-video-preview":"max-video-preview:-1"},"canonical":"https:\/\/infolocale.20minutes.fr\/blog\/les-darons-rennes-perte-confinement-restaurateurs\/","og_locale":"fr_FR","og_type":"article","og_title":"Les Darons, Vincent & Sophie Guillemot : \u00abAbattus, mais pas battus ! \u00bb |","og_description":"Cons\u00e9quences du confinement pour ces restaurateurs, malgr\u00e9 les aides financi\u00e8res et la mise en place de menus \u00e0 emporter : une perte d'exploitation de 78 %","og_url":"https:\/\/infolocale.20minutes.fr\/blog\/les-darons-rennes-perte-confinement-restaurateurs\/","article_publisher":"https:\/\/www.facebook.com\/infolocaleFR\/","article_published_time":"2020-07-17T15:04:04+00:00","article_modified_time":"2021-03-02T15:33:24+00:00","og_image":[{"width":1024,"height":768,"url":"https:\/\/infolocale.20minutes.fr\/blog\/wp-content\/uploads\/2020\/07\/Foto6_Vinc_Soph_Darons-1024x768-1.jpg","type":"image\/jpeg"}],"author":"Myl\u00e8ne","twitter_card":"summary_large_image","twitter_creator":"@infolocale","twitter_site":"@infolocale","twitter_misc":{"\u00c9crit par":"Myl\u00e8ne","Dur\u00e9e de lecture estim\u00e9e":"2 minutes"},"schema":{"@context":"https:\/\/schema.org","@graph":[{"@type":"Article","@id":"https:\/\/infolocale.20minutes.fr\/blog\/les-darons-rennes-perte-confinement-restaurateurs\/#article","isPartOf":{"@id":"https:\/\/infolocale.20minutes.fr\/blog\/les-darons-rennes-perte-confinement-restaurateurs\/"},"author":{"name":"Myl\u00e8ne","@id":"https:\/\/www.infolocale.fr\/blog\/#\/schema\/person\/bf2dc50c6636ffa2ce3e44ef1f9eb97f"},"headline":"Les Darons, Vincent &#038; Sophie Guillemot : \u00abAbattus, mais pas battus ! \u00bb","datePublished":"2020-07-17T15:04:04+00:00","dateModified":"2021-03-02T15:33:24+00:00","mainEntityOfPage":{"@id":"https:\/\/infolocale.20minutes.fr\/blog\/les-darons-rennes-perte-confinement-restaurateurs\/"},"wordCount":287,"commentCount":0,"publisher":{"@id":"https:\/\/www.infolocale.fr\/blog\/#organization"},"image":{"@id":"https:\/\/infolocale.20minutes.fr\/blog\/les-darons-rennes-perte-confinement-restaurateurs\/#primaryimage"},"thumbnailUrl":"https:\/\/www.infolocale.fr\/blog\/wp-content\/uploads\/2020\/07\/Foto6_Vinc_Soph_Darons-1024x768-1.jpg","keywords":["Actualit\u00e9s"],"articleSection":["En ce moment"],"inLanguage":"fr-FR","potentialAction":[{"@type":"CommentAction","name":"Comment","target":["https:\/\/infolocale.20minutes.fr\/blog\/les-darons-rennes-perte-confinement-restaurateurs\/#respond"]}]},{"@type":"WebPage","@id":"https:\/\/infolocale.20minutes.fr\/blog\/les-darons-rennes-perte-confinement-restaurateurs\/","url":"https:\/\/infolocale.20minutes.fr\/blog\/les-darons-rennes-perte-confinement-restaurateurs\/","name":"Les Darons, Vincent & Sophie Guillemot : \u00abAbattus, mais pas battus ! \u00bb |","isPartOf":{"@id":"https:\/\/www.infolocale.fr\/blog\/#website"},"primaryImageOfPage":{"@id":"https:\/\/infolocale.20minutes.fr\/blog\/les-darons-rennes-perte-confinement-restaurateurs\/#primaryimage"},"image":{"@id":"https:\/\/infolocale.20minutes.fr\/blog\/les-darons-rennes-perte-confinement-restaurateurs\/#primaryimage"},"thumbnailUrl":"https:\/\/www.infolocale.fr\/blog\/wp-content\/uploads\/2020\/07\/Foto6_Vinc_Soph_Darons-1024x768-1.jpg","datePublished":"2020-07-17T15:04:04+00:00","dateModified":"2021-03-02T15:33:24+00:00","description":"Cons\u00e9quences du confinement pour ces restaurateurs, malgr\u00e9 les aides financi\u00e8res et la mise en place de menus \u00e0 emporter : une perte d'exploitation de 78 %","breadcrumb":{"@id":"https:\/\/infolocale.20minutes.fr\/blog\/les-darons-rennes-perte-confinement-restaurateurs\/#breadcrumb"},"inLanguage":"fr-FR","potentialAction":[{"@type":"ReadAction","target":["https:\/\/infolocale.20minutes.fr\/blog\/les-darons-rennes-perte-confinement-restaurateurs\/"]}]},{"@type":"ImageObject","inLanguage":"fr-FR","@id":"https:\/\/infolocale.20minutes.fr\/blog\/les-darons-rennes-perte-confinement-restaurateurs\/#primaryimage","url":"https:\/\/www.infolocale.fr\/blog\/wp-content\/uploads\/2020\/07\/Foto6_Vinc_Soph_Darons-1024x768-1.jpg","contentUrl":"https:\/\/www.infolocale.fr\/blog\/wp-content\/uploads\/2020\/07\/Foto6_Vinc_Soph_Darons-1024x768-1.jpg","width":1024,"height":768,"caption":"Les Darons, Vincent & Sophie Guillemot : \u00abAbattus, mais pas battus ! \u00bb"},{"@type":"BreadcrumbList","@id":"https:\/\/infolocale.20minutes.fr\/blog\/les-darons-rennes-perte-confinement-restaurateurs\/#breadcrumb","itemListElement":[{"@type":"ListItem","position":1,"name":"Blog","item":"https:\/\/infolocale.ouest-france.fr\/blog\/"},{"@type":"ListItem","position":2,"name":"En ce moment","item":"https:\/\/infolocale.20minutes.fr\/blog\/cat\/actu-acteurs-locaux\/"},{"@type":"ListItem","position":3,"name":"Les Darons, Vincent &#038; Sophie Guillemot : \u00abAbattus, mais pas battus ! \u00bb"}]},{"@type":"WebSite","@id":"https:\/\/www.infolocale.fr\/blog\/#website","url":"https:\/\/www.infolocale.fr\/blog\/","name":"","description":"","publisher":{"@id":"https:\/\/www.infolocale.fr\/blog\/#organization"},"potentialAction":[{"@type":"SearchAction","target":{"@type":"EntryPoint","urlTemplate":"https:\/\/www.infolocale.fr\/blog\/?s={search_term_string}"},"query-input":"required name=search_term_string"}],"inLanguage":"fr-FR"},{"@type":"Organization","@id":"https:\/\/www.infolocale.fr\/blog\/#organization","name":"Infolocale","url":"https:\/\/www.infolocale.fr\/blog\/","logo":{"@type":"ImageObject","inLanguage":"fr-FR","@id":"https:\/\/www.infolocale.fr\/blog\/#\/schema\/logo\/image\/","url":"https:\/\/www.infolocale.fr\/blog\/wp-content\/uploads\/2020\/11\/logol.jpg","contentUrl":"https:\/\/www.infolocale.fr\/blog\/wp-content\/uploads\/2020\/11\/logol.jpg","width":1031,"height":398,"caption":"Infolocale"},"image":{"@id":"https:\/\/www.infolocale.fr\/blog\/#\/schema\/logo\/image\/"},"sameAs":["https:\/\/www.facebook.com\/infolocaleFR\/","https:\/\/x.com\/infolocale","https:\/\/www.instagram.com\/infolocale\/","https:\/\/fr.linkedin.com\/company\/infolocale","https:\/\/www.youtube.com\/channel\/UCnv4FA8EYEuu_si3TGr7xeA"]},{"@type":"Person","@id":"https:\/\/www.infolocale.fr\/blog\/#\/schema\/person\/bf2dc50c6636ffa2ce3e44ef1f9eb97f","name":"Myl\u00e8ne","image":{"@type":"ImageObject","inLanguage":"fr-FR","@id":"https:\/\/www.infolocale.fr\/blog\/#\/schema\/person\/image\/","url":"https:\/\/secure.gravatar.com\/avatar\/49511f0ea4b41ed3062b218e30f07042?s=96&d=mm&r=g","contentUrl":"https:\/\/secure.gravatar.com\/avatar\/49511f0ea4b41ed3062b218e30f07042?s=96&d=mm&r=g","caption":"Myl\u00e8ne"},"url":"https:\/\/www.infolocale.fr\/blog\/author\/mylene-michel\/"}]}},"_links":{"self":[{"href":"https:\/\/www.infolocale.fr\/blog\/wp-json\/wp\/v2\/posts\/3195"}],"collection":[{"href":"https:\/\/www.infolocale.fr\/blog\/wp-json\/wp\/v2\/posts"}],"about":[{"href":"https:\/\/www.infolocale.fr\/blog\/wp-json\/wp\/v2\/types\/post"}],"author":[{"embeddable":true,"href":"https:\/\/www.infolocale.fr\/blog\/wp-json\/wp\/v2\/users\/8"}],"replies":[{"embeddable":true,"href":"https:\/\/www.infolocale.fr\/blog\/wp-json\/wp\/v2\/comments?post=3195"}],"version-history":[{"count":0,"href":"https:\/\/www.infolocale.fr\/blog\/wp-json\/wp\/v2\/posts\/3195\/revisions"}],"wp:featuredmedia":[{"embeddable":true,"href":"https:\/\/www.infolocale.fr\/blog\/wp-json\/wp\/v2\/media\/5017"}],"wp:attachment":[{"href":"https:\/\/www.infolocale.fr\/blog\/wp-json\/wp\/v2\/media?parent=3195"}],"wp:term":[{"taxonomy":"category","embeddable":true,"href":"https:\/\/www.infolocale.fr\/blog\/wp-json\/wp\/v2\/categories?post=3195"},{"taxonomy":"post_tag","embeddable":true,"href":"https:\/\/www.infolocale.fr\/blog\/wp-json\/wp\/v2\/tags?post=3195"}],"curies":[{"name":"wp","href":"https:\/\/api.w.org\/{rel}","templated":true}]}}