{"id":305,"date":"2020-03-06T15:06:11","date_gmt":"2020-03-06T14:06:11","guid":{"rendered":"http:\/\/infolocale.data.blog\/?p=305"},"modified":"2021-10-27T17:41:21","modified_gmt":"2021-10-27T15:41:21","slug":"paulette-carre-distinction-engagement","status":"publish","type":"post","link":"https:\/\/www.infolocale.fr\/blog\/paulette-carre-distinction-engagement\/","title":{"rendered":"Paulette Carr\u00e9, honor\u00e9e pour son engagement"},"content":{"rendered":"\n<div class=\"wp-block-columns alignfull is-layout-flex wp-container-core-columns-is-layout-1 wp-block-columns-is-layout-flex\">\n<div class=\"wp-block-column is-layout-flow wp-block-column-is-layout-flow\" style=\"flex-basis:100%\">\n<p class=\"has-text-align-justify has-background has-normal-font-size\" style=\"background-color:#ffffff;line-height:2\">Paulette Carr\u00e9, 77 ans, &nbsp;m\u00e8re de six enfants, passionn\u00e9e par la musique et le chant, a \u00e9t\u00e9 b\u00e9n\u00e9vole durant 42 ans. Elle a r\u00e9alis\u00e9 son engagement \u00e0 la fois en tant que chef de <em>la chorale Kanerion er Scorv<\/em>, de Plouay (Morbihan), soliste et chef de pupitre au sein de <em>l\u2019Ensemble vocal de Bretagne et du Morbihan<\/em>, \u00e0 l\u2019\u00c9cole nationale de musique de Lorient\u2026<\/p>\n<\/div>\n<\/div>\n\n\n\n<figure class=\"wp-block-image size-large\"><a href=\"https:\/\/s.infolocale.fr\/?utm_source=blog&amp;utm_medium=banner&amp;utm_campaign=blog-contents\"><img fetchpriority=\"high\" decoding=\"async\" width=\"908\" height=\"196\" src=\"https:\/\/www.infolocale.fr\/blog\/wp-content\/uploads\/2021\/02\/Banniere_evenement.png\" alt=\"\" class=\"wp-image-5949\" srcset=\"https:\/\/www.infolocale.fr\/blog\/wp-content\/uploads\/2021\/02\/Banniere_evenement.png 908w, https:\/\/www.infolocale.fr\/blog\/wp-content\/uploads\/2021\/02\/Banniere_evenement-300x65.png 300w, https:\/\/www.infolocale.fr\/blog\/wp-content\/uploads\/2021\/02\/Banniere_evenement-768x166.png 768w, https:\/\/www.infolocale.fr\/blog\/wp-content\/uploads\/2021\/02\/Banniere_evenement-278x60.png 278w\" sizes=\"(max-width: 908px) 100vw, 908px\" \/><\/a><\/figure>\n\n\n\n<div class=\"wp-block-columns alignfull is-layout-flex wp-container-core-columns-is-layout-2 wp-block-columns-is-layout-flex\">\n<div class=\"wp-block-column is-layout-flow wp-block-column-is-layout-flow\" style=\"flex-basis:100%\">\n<h4 class=\"has-text-align-center wp-block-heading\">\u00ab Femme de c\u0153ur et de ch\u0153ur \u00bb<\/h4>\n\n\n\n<p class=\"has-text-align-justify has-background has-normal-font-size\" style=\"background-color:#ffffff;line-height:2\">En parall\u00e8le de sa vie de famille, elle \u00e9tait partout o\u00f9 ses comp\u00e9tences s\u2019av\u00e9raient utiles. Elle a en effet aussi \u00e9t\u00e9 b\u00e9n\u00e9vole au <em>Festival Polignac <\/em>de Guidel, fondatrice de l\u2019Association <em>Mozart toujours vivant<\/em>. Tout cela en \u00e9tant pr\u00e9sidente de la commission d\u00e9partementale de chant choral et vice-pr\u00e9sidente des <em>Musicales de Pontivy<\/em>, de <em>l\u2019Accord parfait lorientais<\/em>\u2026&nbsp; Paulette Carr\u00e9 est \u00e9galement membre du Comit\u00e9 de cr\u00e9ation de la Fondation Nationale des aveugles de guerre. Elle a aussi&nbsp;pr\u00e9sid\u00e9 l\u2019Organisme de gestion du coll\u00e8ge Saint-Ouen-Lasalle de Plouay pendant 10 ans.<\/p>\n<\/div>\n<\/div>\n\n\n\n<div class=\"wp-block-image\"><figure class=\"aligncenter size-large is-resized\"><img decoding=\"async\" src=\"https:\/\/www.infolocale.fr\/blog\/wp-content\/uploads\/2020\/12\/a5c0410a-78d3-41f5-b2dd-213cde0210bf.jpg\" alt=\"\" class=\"wp-image-5040\" width=\"417\" height=\"556\" srcset=\"https:\/\/www.infolocale.fr\/blog\/wp-content\/uploads\/2020\/12\/a5c0410a-78d3-41f5-b2dd-213cde0210bf.jpg 600w, https:\/\/www.infolocale.fr\/blog\/wp-content\/uploads\/2020\/12\/a5c0410a-78d3-41f5-b2dd-213cde0210bf-225x300.jpg 225w, https:\/\/www.infolocale.fr\/blog\/wp-content\/uploads\/2020\/12\/a5c0410a-78d3-41f5-b2dd-213cde0210bf-45x60.jpg 45w\" sizes=\"(max-width: 417px) 100vw, 417px\" \/><figcaption>Une des petites filles pr\u00e9sente la m\u00e9daille de l\u2019Ordre National du M\u00e9rite, remise \u00e0 leur grand-m\u00e8re<\/figcaption><\/figure><\/div>\n\n\n\n<div class=\"wp-block-columns alignfull is-layout-flex wp-container-core-columns-is-layout-3 wp-block-columns-is-layout-flex\">\n<div class=\"wp-block-column is-layout-flow wp-block-column-is-layout-flow\" style=\"flex-basis:100%\">\n<h4 class=\"has-text-align-center wp-block-heading\">&nbsp;\u00ab&nbsp;Elle a incarn\u00e9 les valeurs de citoyennet\u00e9 et du vivre ensemble&nbsp;\u00bb<\/h4>\n\n\n\n<p class=\"has-text-align-justify has-background has-normal-font-size\" style=\"background-color:#ffffff;line-height:2\">Paulette Carr\u00e9 est entr\u00e9e au conseil municipal de Plouay en mars 1977. Conseill\u00e8re puis adjointe au maire, elle s\u2019est beaucoup investie dans des dossiers cons\u00e9quents tels que l\u2019am\u00e9nagement de la m\u00e9diath\u00e8que moderne. La r\u00e9daction des bulletins d\u2019informations municipales, les finances et l\u2019administration g\u00e9n\u00e9rale faisaient \u00e9galement partie de ses attributions. En plus de quoi elle s&rsquo;est attel\u00e9e aux questions de&nbsp;D\u00e9fense et la correspondance M\u00e9moire, la vie associative, les sports, les loisirs, la mise en place de jumelages avec l\u2019Angleterre et l\u2019Allemagne. <\/p>\n\n\n\n<p class=\"has-text-align-justify has-background has-normal-font-size\" style=\"background-color:#ffffff;line-height:2\">Elle a \u00e9t\u00e9 nomm\u00e9e pr\u00e9sidente puis vice-pr\u00e9sidente de l\u2019Association franco-allemande du Morbihan de 1989 \u00e0 2009. Elle a assur\u00e9 en parall\u00e8le la vice-pr\u00e9sidence de la communaut\u00e9 de communes du pays de Plouay de 2001 \u00e0 2008; Et pr\u00e9sid\u00e9 la commission des affaires culturelles et communication. Elle a \u00e9galement \u00e9t\u00e9 d\u00e9l\u00e9gu\u00e9e \u00e0 la commission habitat et cadre de vie. Sans oublier sa vice-pr\u00e9sidence au sein du Bureau r\u00e9gional  de 2010 \u00e0 2016. Elle a aussi \u00e9t\u00e9 d\u00e9l\u00e9gu\u00e9e pour le Pays de Lorient de l\u2019Association Bretonne (culturelle) de 2003 \u00e0 2018. <\/p>\n\n\n\n<p class=\"has-text-align-justify has-background has-normal-font-size\" style=\"background-color:#ffffff;line-height:2\">\u00ab&nbsp;<strong>42 ans de service<\/strong>&nbsp;\u00bb r\u00e9sume&nbsp; Monsieur de Bronac de Bougainville, rapportant les termes du Journal Officiel.<\/p>\n<\/div>\n<\/div>\n\n\n\n<div class=\"wp-block-columns alignfull is-layout-flex wp-container-core-columns-is-layout-4 wp-block-columns-is-layout-flex\">\n<div class=\"wp-block-column is-layout-flow wp-block-column-is-layout-flow\" style=\"flex-basis:100%\">\n<h4 class=\"has-text-align-center wp-block-heading\">\u00ab&nbsp;Que notre avenir soit riche, plein de convictions, de passion&nbsp;\u00bb<\/h4>\n\n\n\n<p class=\"has-text-align-justify has-background has-normal-font-size\" style=\"background-color:#ffffff;line-height:2\">Henri de Bronac de Bougainville, chevalier de la L\u00e9gion d\u2019honneur&nbsp;lui a remis la m\u00e9daille de l\u2019Ordre national du M\u00e9rite.  <\/p>\n\n\n\n<p class=\"has-text-align-justify has-background has-normal-font-size\" style=\"background-color:#ffffff;line-height:2\">\u00ab&nbsp;<strong>Un cercle ferm\u00e9<\/strong>,<strong> 185 000 membres, se sont vus d\u00e9cerner cette reconnaissance prestigieuse, r\u00e9sultat de l&rsquo;engagement au service de l\u2019int\u00e9r\u00eat g\u00e9n\u00e9ral&nbsp;\u00bb<\/strong>, pr\u00e9cise le s\u00e9nateur Jacques Le Nay. <\/p>\n\n\n\n<p><\/p>\n\n\n\n<p class=\"has-text-align-justify has-background has-normal-font-size\" style=\"background-color:#ffffff;line-height:2\">\u00ab<strong>Votre engagement au service des autres est unanimement reconnu et appr\u00e9ci\u00e9. &nbsp;C\u2019est la R\u00e9publique fran\u00e7aise qui vous honore et qui reconna\u00eet officiellement vos m\u00e9rites au service de la culture, de votre commune et du monde associatif.<\/strong>&nbsp;\u00bb Notre r\u00e9cipiendaire, r\u00e9pond avec&nbsp;\u00e9motion et humilit\u00e9 en rendant hommage aux siens et associant les amis pr\u00e9sents. Tr\u00e8s \u00e0 propos, Paulette Carr\u00e9 pr\u00e9cise que la Chevali\u00e8re, c\u2019est <strong>&nbsp;\u00ab&nbsp;celle qui porte les armes, et pour ce qui nous r\u00e9unit aujourd&rsquo;hui, des armes pacifiques et nobles de l&rsquo;art. Le monde sera sauv\u00e9 par la beaut\u00e9. Il faut y croire. \u00bb<\/strong><\/p>\n<\/div>\n<\/div>\n\n\n\n<div class=\"wp-block-columns alignfull is-layout-flex wp-container-core-columns-is-layout-5 wp-block-columns-is-layout-flex\">\n<div class=\"wp-block-column is-layout-flow wp-block-column-is-layout-flow\" style=\"flex-basis:100%\">\n<figure class=\"wp-block-pullquote\"><blockquote><p><strong>\u00ab Chacun de vous se reconna\u00eetra ou aura en m\u00e9moire des aventures qui semblaient utopiques et qui se sont r\u00e9alis\u00e9es, et d&rsquo;autres \u00e9pisodes qui furent des \u00e9checs. Mais tous ces projets \u00e9taient pr\u00e9par\u00e9s avec ardeur et enthousiasme. \u00bb<\/strong> Paulette Carr\u00e9<\/p><\/blockquote><\/figure>\n<\/div>\n<\/div>\n","protected":false},"excerpt":{"rendered":"<p>Paulette Carr\u00e9, 77 ans, &nbsp;m\u00e8re de six enfants, passionn\u00e9e par la musique et le chant, a \u00e9t\u00e9 b\u00e9n\u00e9vole durant 42 ans. Elle a r\u00e9alis\u00e9 son [&hellip;]<\/p>\n","protected":false},"author":8,"featured_media":5012,"comment_status":"open","ping_status":"open","sticky":false,"template":"","format":"standard","meta":{"_coblocks_attr":"","_coblocks_dimensions":"","_coblocks_responsive_height":"","_coblocks_accordion_ie_support":"","_mo_disable_npp":"","footnotes":""},"categories":[6,8],"tags":[],"class_list":["post-305","post","type-post","status-publish","format-standard","has-post-thumbnail","hentry","category-actu-acteurs-locaux","category-acteurs-locaux"],"yoast_head":"<!-- This site is optimized with the Yoast SEO plugin v23.2 - https:\/\/yoast.com\/wordpress\/plugins\/seo\/ -->\n<title>Portrait de Paulette Carr\u00e9, honor\u00e9e pour son engagement |<\/title>\n<meta name=\"description\" content=\"Paulette Carr\u00e9, 77 ans, a re\u00e7u fin 2019 la m\u00e9daille de l\u2019Ordre national du M\u00e9rite, r\u00e9compensant 42 ans d&#039;engagement associatif et dans la vie communale\" \/>\n<meta name=\"robots\" content=\"index, follow, max-snippet:-1, max-image-preview:large, max-video-preview:-1\" \/>\n<link rel=\"canonical\" href=\"https:\/\/www.infolocale.fr\/blog\/paulette-carre-distinction-engagement\/\" \/>\n<meta property=\"og:locale\" content=\"fr_FR\" \/>\n<meta property=\"og:type\" content=\"article\" \/>\n<meta property=\"og:title\" content=\"Portrait de Paulette Carr\u00e9, honor\u00e9e pour son engagement |\" \/>\n<meta property=\"og:description\" content=\"Paulette Carr\u00e9, 77 ans, a re\u00e7u fin 2019 la m\u00e9daille de l\u2019Ordre national du M\u00e9rite, r\u00e9compensant 42 ans d&#039;engagement associatif et dans la vie communale\" \/>\n<meta property=\"og:url\" content=\"https:\/\/www.infolocale.fr\/blog\/paulette-carre-distinction-engagement\/\" \/>\n<meta property=\"article:publisher\" content=\"https:\/\/www.facebook.com\/infolocaleFR\/\" \/>\n<meta property=\"article:published_time\" content=\"2020-03-06T14:06:11+00:00\" \/>\n<meta property=\"article:modified_time\" content=\"2021-10-27T15:41:21+00:00\" \/>\n<meta property=\"og:image\" content=\"https:\/\/www.infolocale.fr\/blog\/wp-content\/uploads\/2020\/03\/Nouveau-projet-7.jpg\" \/>\n\t<meta property=\"og:image:width\" content=\"876\" \/>\n\t<meta property=\"og:image:height\" content=\"665\" \/>\n\t<meta property=\"og:image:type\" content=\"image\/jpeg\" \/>\n<meta name=\"author\" content=\"Myl\u00e8ne\" \/>\n<meta name=\"twitter:card\" content=\"summary_large_image\" \/>\n<meta name=\"twitter:creator\" content=\"@infolocale\" \/>\n<meta name=\"twitter:site\" content=\"@infolocale\" \/>\n<meta name=\"twitter:label1\" content=\"\u00c9crit par\" \/>\n\t<meta name=\"twitter:data1\" content=\"Myl\u00e8ne\" \/>\n\t<meta name=\"twitter:label2\" content=\"Dur\u00e9e de lecture estim\u00e9e\" \/>\n\t<meta name=\"twitter:data2\" content=\"3 minutes\" \/>\n<script type=\"application\/ld+json\" class=\"yoast-schema-graph\">{\"@context\":\"https:\/\/schema.org\",\"@graph\":[{\"@type\":\"Article\",\"@id\":\"https:\/\/www.infolocale.fr\/blog\/paulette-carre-distinction-engagement\/#article\",\"isPartOf\":{\"@id\":\"https:\/\/www.infolocale.fr\/blog\/paulette-carre-distinction-engagement\/\"},\"author\":{\"name\":\"Myl\u00e8ne\",\"@id\":\"https:\/\/www.infolocale.fr\/blog\/#\/schema\/person\/bf2dc50c6636ffa2ce3e44ef1f9eb97f\"},\"headline\":\"Paulette Carr\u00e9, honor\u00e9e pour son engagement\",\"datePublished\":\"2020-03-06T14:06:11+00:00\",\"dateModified\":\"2021-10-27T15:41:21+00:00\",\"mainEntityOfPage\":{\"@id\":\"https:\/\/www.infolocale.fr\/blog\/paulette-carre-distinction-engagement\/\"},\"wordCount\":659,\"commentCount\":1,\"publisher\":{\"@id\":\"https:\/\/www.infolocale.fr\/blog\/#organization\"},\"image\":{\"@id\":\"https:\/\/www.infolocale.fr\/blog\/paulette-carre-distinction-engagement\/#primaryimage\"},\"thumbnailUrl\":\"https:\/\/www.infolocale.fr\/blog\/wp-content\/uploads\/2020\/03\/Nouveau-projet-7.jpg\",\"articleSection\":[\"En ce moment\",\"Portraits\"],\"inLanguage\":\"fr-FR\",\"potentialAction\":[{\"@type\":\"CommentAction\",\"name\":\"Comment\",\"target\":[\"https:\/\/www.infolocale.fr\/blog\/paulette-carre-distinction-engagement\/#respond\"]}]},{\"@type\":\"WebPage\",\"@id\":\"https:\/\/www.infolocale.fr\/blog\/paulette-carre-distinction-engagement\/\",\"url\":\"https:\/\/www.infolocale.fr\/blog\/paulette-carre-distinction-engagement\/\",\"name\":\"Portrait de Paulette Carr\u00e9, honor\u00e9e pour son engagement |\",\"isPartOf\":{\"@id\":\"https:\/\/www.infolocale.fr\/blog\/#website\"},\"primaryImageOfPage\":{\"@id\":\"https:\/\/www.infolocale.fr\/blog\/paulette-carre-distinction-engagement\/#primaryimage\"},\"image\":{\"@id\":\"https:\/\/www.infolocale.fr\/blog\/paulette-carre-distinction-engagement\/#primaryimage\"},\"thumbnailUrl\":\"https:\/\/www.infolocale.fr\/blog\/wp-content\/uploads\/2020\/03\/Nouveau-projet-7.jpg\",\"datePublished\":\"2020-03-06T14:06:11+00:00\",\"dateModified\":\"2021-10-27T15:41:21+00:00\",\"description\":\"Paulette Carr\u00e9, 77 ans, a re\u00e7u fin 2019 la m\u00e9daille de l\u2019Ordre national du M\u00e9rite, r\u00e9compensant 42 ans d'engagement associatif et dans la vie communale\",\"breadcrumb\":{\"@id\":\"https:\/\/www.infolocale.fr\/blog\/paulette-carre-distinction-engagement\/#breadcrumb\"},\"inLanguage\":\"fr-FR\",\"potentialAction\":[{\"@type\":\"ReadAction\",\"target\":[\"https:\/\/www.infolocale.fr\/blog\/paulette-carre-distinction-engagement\/\"]}]},{\"@type\":\"ImageObject\",\"inLanguage\":\"fr-FR\",\"@id\":\"https:\/\/www.infolocale.fr\/blog\/paulette-carre-distinction-engagement\/#primaryimage\",\"url\":\"https:\/\/www.infolocale.fr\/blog\/wp-content\/uploads\/2020\/03\/Nouveau-projet-7.jpg\",\"contentUrl\":\"https:\/\/www.infolocale.fr\/blog\/wp-content\/uploads\/2020\/03\/Nouveau-projet-7.jpg\",\"width\":876,\"height\":665},{\"@type\":\"BreadcrumbList\",\"@id\":\"https:\/\/www.infolocale.fr\/blog\/paulette-carre-distinction-engagement\/#breadcrumb\",\"itemListElement\":[{\"@type\":\"ListItem\",\"position\":1,\"name\":\"Blog\",\"item\":\"https:\/\/infolocale.ouest-france.fr\/blog\/\"},{\"@type\":\"ListItem\",\"position\":2,\"name\":\"Portraits\",\"item\":\"https:\/\/infolocale.20minutes.fr\/blog\/cat\/acteurs-locaux\/\"},{\"@type\":\"ListItem\",\"position\":3,\"name\":\"Paulette Carr\u00e9, honor\u00e9e pour son engagement\"}]},{\"@type\":\"WebSite\",\"@id\":\"https:\/\/www.infolocale.fr\/blog\/#website\",\"url\":\"https:\/\/www.infolocale.fr\/blog\/\",\"name\":\"\",\"description\":\"\",\"publisher\":{\"@id\":\"https:\/\/www.infolocale.fr\/blog\/#organization\"},\"potentialAction\":[{\"@type\":\"SearchAction\",\"target\":{\"@type\":\"EntryPoint\",\"urlTemplate\":\"https:\/\/www.infolocale.fr\/blog\/?s={search_term_string}\"},\"query-input\":\"required name=search_term_string\"}],\"inLanguage\":\"fr-FR\"},{\"@type\":\"Organization\",\"@id\":\"https:\/\/www.infolocale.fr\/blog\/#organization\",\"name\":\"Infolocale\",\"url\":\"https:\/\/www.infolocale.fr\/blog\/\",\"logo\":{\"@type\":\"ImageObject\",\"inLanguage\":\"fr-FR\",\"@id\":\"https:\/\/www.infolocale.fr\/blog\/#\/schema\/logo\/image\/\",\"url\":\"https:\/\/www.infolocale.fr\/blog\/wp-content\/uploads\/2020\/11\/logol.jpg\",\"contentUrl\":\"https:\/\/www.infolocale.fr\/blog\/wp-content\/uploads\/2020\/11\/logol.jpg\",\"width\":1031,\"height\":398,\"caption\":\"Infolocale\"},\"image\":{\"@id\":\"https:\/\/www.infolocale.fr\/blog\/#\/schema\/logo\/image\/\"},\"sameAs\":[\"https:\/\/www.facebook.com\/infolocaleFR\/\",\"https:\/\/x.com\/infolocale\",\"https:\/\/www.instagram.com\/infolocale\/\",\"https:\/\/fr.linkedin.com\/company\/infolocale\",\"https:\/\/www.youtube.com\/channel\/UCnv4FA8EYEuu_si3TGr7xeA\"]},{\"@type\":\"Person\",\"@id\":\"https:\/\/www.infolocale.fr\/blog\/#\/schema\/person\/bf2dc50c6636ffa2ce3e44ef1f9eb97f\",\"name\":\"Myl\u00e8ne\",\"image\":{\"@type\":\"ImageObject\",\"inLanguage\":\"fr-FR\",\"@id\":\"https:\/\/www.infolocale.fr\/blog\/#\/schema\/person\/image\/\",\"url\":\"https:\/\/secure.gravatar.com\/avatar\/49511f0ea4b41ed3062b218e30f07042?s=96&d=mm&r=g\",\"contentUrl\":\"https:\/\/secure.gravatar.com\/avatar\/49511f0ea4b41ed3062b218e30f07042?s=96&d=mm&r=g\",\"caption\":\"Myl\u00e8ne\"},\"url\":\"https:\/\/www.infolocale.fr\/blog\/author\/mylene-michel\/\"}]}<\/script>\n<!-- \/ Yoast SEO plugin. -->","yoast_head_json":{"title":"Portrait de Paulette Carr\u00e9, honor\u00e9e pour son engagement |","description":"Paulette Carr\u00e9, 77 ans, a re\u00e7u fin 2019 la m\u00e9daille de l\u2019Ordre national du M\u00e9rite, r\u00e9compensant 42 ans d'engagement associatif et dans la vie communale","robots":{"index":"index","follow":"follow","max-snippet":"max-snippet:-1","max-image-preview":"max-image-preview:large","max-video-preview":"max-video-preview:-1"},"canonical":"https:\/\/www.infolocale.fr\/blog\/paulette-carre-distinction-engagement\/","og_locale":"fr_FR","og_type":"article","og_title":"Portrait de Paulette Carr\u00e9, honor\u00e9e pour son engagement |","og_description":"Paulette Carr\u00e9, 77 ans, a re\u00e7u fin 2019 la m\u00e9daille de l\u2019Ordre national du M\u00e9rite, r\u00e9compensant 42 ans d'engagement associatif et dans la vie communale","og_url":"https:\/\/www.infolocale.fr\/blog\/paulette-carre-distinction-engagement\/","article_publisher":"https:\/\/www.facebook.com\/infolocaleFR\/","article_published_time":"2020-03-06T14:06:11+00:00","article_modified_time":"2021-10-27T15:41:21+00:00","og_image":[{"width":876,"height":665,"url":"https:\/\/www.infolocale.fr\/blog\/wp-content\/uploads\/2020\/03\/Nouveau-projet-7.jpg","type":"image\/jpeg"}],"author":"Myl\u00e8ne","twitter_card":"summary_large_image","twitter_creator":"@infolocale","twitter_site":"@infolocale","twitter_misc":{"\u00c9crit par":"Myl\u00e8ne","Dur\u00e9e de lecture estim\u00e9e":"3 minutes"},"schema":{"@context":"https:\/\/schema.org","@graph":[{"@type":"Article","@id":"https:\/\/www.infolocale.fr\/blog\/paulette-carre-distinction-engagement\/#article","isPartOf":{"@id":"https:\/\/www.infolocale.fr\/blog\/paulette-carre-distinction-engagement\/"},"author":{"name":"Myl\u00e8ne","@id":"https:\/\/www.infolocale.fr\/blog\/#\/schema\/person\/bf2dc50c6636ffa2ce3e44ef1f9eb97f"},"headline":"Paulette Carr\u00e9, honor\u00e9e pour son engagement","datePublished":"2020-03-06T14:06:11+00:00","dateModified":"2021-10-27T15:41:21+00:00","mainEntityOfPage":{"@id":"https:\/\/www.infolocale.fr\/blog\/paulette-carre-distinction-engagement\/"},"wordCount":659,"commentCount":1,"publisher":{"@id":"https:\/\/www.infolocale.fr\/blog\/#organization"},"image":{"@id":"https:\/\/www.infolocale.fr\/blog\/paulette-carre-distinction-engagement\/#primaryimage"},"thumbnailUrl":"https:\/\/www.infolocale.fr\/blog\/wp-content\/uploads\/2020\/03\/Nouveau-projet-7.jpg","articleSection":["En ce moment","Portraits"],"inLanguage":"fr-FR","potentialAction":[{"@type":"CommentAction","name":"Comment","target":["https:\/\/www.infolocale.fr\/blog\/paulette-carre-distinction-engagement\/#respond"]}]},{"@type":"WebPage","@id":"https:\/\/www.infolocale.fr\/blog\/paulette-carre-distinction-engagement\/","url":"https:\/\/www.infolocale.fr\/blog\/paulette-carre-distinction-engagement\/","name":"Portrait de Paulette Carr\u00e9, honor\u00e9e pour son engagement |","isPartOf":{"@id":"https:\/\/www.infolocale.fr\/blog\/#website"},"primaryImageOfPage":{"@id":"https:\/\/www.infolocale.fr\/blog\/paulette-carre-distinction-engagement\/#primaryimage"},"image":{"@id":"https:\/\/www.infolocale.fr\/blog\/paulette-carre-distinction-engagement\/#primaryimage"},"thumbnailUrl":"https:\/\/www.infolocale.fr\/blog\/wp-content\/uploads\/2020\/03\/Nouveau-projet-7.jpg","datePublished":"2020-03-06T14:06:11+00:00","dateModified":"2021-10-27T15:41:21+00:00","description":"Paulette Carr\u00e9, 77 ans, a re\u00e7u fin 2019 la m\u00e9daille de l\u2019Ordre national du M\u00e9rite, r\u00e9compensant 42 ans d'engagement associatif et dans la vie communale","breadcrumb":{"@id":"https:\/\/www.infolocale.fr\/blog\/paulette-carre-distinction-engagement\/#breadcrumb"},"inLanguage":"fr-FR","potentialAction":[{"@type":"ReadAction","target":["https:\/\/www.infolocale.fr\/blog\/paulette-carre-distinction-engagement\/"]}]},{"@type":"ImageObject","inLanguage":"fr-FR","@id":"https:\/\/www.infolocale.fr\/blog\/paulette-carre-distinction-engagement\/#primaryimage","url":"https:\/\/www.infolocale.fr\/blog\/wp-content\/uploads\/2020\/03\/Nouveau-projet-7.jpg","contentUrl":"https:\/\/www.infolocale.fr\/blog\/wp-content\/uploads\/2020\/03\/Nouveau-projet-7.jpg","width":876,"height":665},{"@type":"BreadcrumbList","@id":"https:\/\/www.infolocale.fr\/blog\/paulette-carre-distinction-engagement\/#breadcrumb","itemListElement":[{"@type":"ListItem","position":1,"name":"Blog","item":"https:\/\/infolocale.ouest-france.fr\/blog\/"},{"@type":"ListItem","position":2,"name":"Portraits","item":"https:\/\/infolocale.20minutes.fr\/blog\/cat\/acteurs-locaux\/"},{"@type":"ListItem","position":3,"name":"Paulette Carr\u00e9, honor\u00e9e pour son engagement"}]},{"@type":"WebSite","@id":"https:\/\/www.infolocale.fr\/blog\/#website","url":"https:\/\/www.infolocale.fr\/blog\/","name":"","description":"","publisher":{"@id":"https:\/\/www.infolocale.fr\/blog\/#organization"},"potentialAction":[{"@type":"SearchAction","target":{"@type":"EntryPoint","urlTemplate":"https:\/\/www.infolocale.fr\/blog\/?s={search_term_string}"},"query-input":"required name=search_term_string"}],"inLanguage":"fr-FR"},{"@type":"Organization","@id":"https:\/\/www.infolocale.fr\/blog\/#organization","name":"Infolocale","url":"https:\/\/www.infolocale.fr\/blog\/","logo":{"@type":"ImageObject","inLanguage":"fr-FR","@id":"https:\/\/www.infolocale.fr\/blog\/#\/schema\/logo\/image\/","url":"https:\/\/www.infolocale.fr\/blog\/wp-content\/uploads\/2020\/11\/logol.jpg","contentUrl":"https:\/\/www.infolocale.fr\/blog\/wp-content\/uploads\/2020\/11\/logol.jpg","width":1031,"height":398,"caption":"Infolocale"},"image":{"@id":"https:\/\/www.infolocale.fr\/blog\/#\/schema\/logo\/image\/"},"sameAs":["https:\/\/www.facebook.com\/infolocaleFR\/","https:\/\/x.com\/infolocale","https:\/\/www.instagram.com\/infolocale\/","https:\/\/fr.linkedin.com\/company\/infolocale","https:\/\/www.youtube.com\/channel\/UCnv4FA8EYEuu_si3TGr7xeA"]},{"@type":"Person","@id":"https:\/\/www.infolocale.fr\/blog\/#\/schema\/person\/bf2dc50c6636ffa2ce3e44ef1f9eb97f","name":"Myl\u00e8ne","image":{"@type":"ImageObject","inLanguage":"fr-FR","@id":"https:\/\/www.infolocale.fr\/blog\/#\/schema\/person\/image\/","url":"https:\/\/secure.gravatar.com\/avatar\/49511f0ea4b41ed3062b218e30f07042?s=96&d=mm&r=g","contentUrl":"https:\/\/secure.gravatar.com\/avatar\/49511f0ea4b41ed3062b218e30f07042?s=96&d=mm&r=g","caption":"Myl\u00e8ne"},"url":"https:\/\/www.infolocale.fr\/blog\/author\/mylene-michel\/"}]}},"_links":{"self":[{"href":"https:\/\/www.infolocale.fr\/blog\/wp-json\/wp\/v2\/posts\/305"}],"collection":[{"href":"https:\/\/www.infolocale.fr\/blog\/wp-json\/wp\/v2\/posts"}],"about":[{"href":"https:\/\/www.infolocale.fr\/blog\/wp-json\/wp\/v2\/types\/post"}],"author":[{"embeddable":true,"href":"https:\/\/www.infolocale.fr\/blog\/wp-json\/wp\/v2\/users\/8"}],"replies":[{"embeddable":true,"href":"https:\/\/www.infolocale.fr\/blog\/wp-json\/wp\/v2\/comments?post=305"}],"version-history":[{"count":0,"href":"https:\/\/www.infolocale.fr\/blog\/wp-json\/wp\/v2\/posts\/305\/revisions"}],"wp:featuredmedia":[{"embeddable":true,"href":"https:\/\/www.infolocale.fr\/blog\/wp-json\/wp\/v2\/media\/5012"}],"wp:attachment":[{"href":"https:\/\/www.infolocale.fr\/blog\/wp-json\/wp\/v2\/media?parent=305"}],"wp:term":[{"taxonomy":"category","embeddable":true,"href":"https:\/\/www.infolocale.fr\/blog\/wp-json\/wp\/v2\/categories?post=305"},{"taxonomy":"post_tag","embeddable":true,"href":"https:\/\/www.infolocale.fr\/blog\/wp-json\/wp\/v2\/tags?post=305"}],"curies":[{"name":"wp","href":"https:\/\/api.w.org\/{rel}","templated":true}]}}