{"id":29877,"date":"2026-08-03T11:06:19","date_gmt":"2026-08-03T09:06:19","guid":{"rendered":"https:\/\/www.infolocale.fr\/blog\/?p=29877"},"modified":"2026-08-03T11:06:22","modified_gmt":"2026-08-03T09:06:22","slug":"retour-sur-notre-webinaire-creer-ses-visuels-avec-canva","status":"publish","type":"post","link":"https:\/\/www.infolocale.fr\/blog\/retour-sur-notre-webinaire-creer-ses-visuels-avec-canva\/","title":{"rendered":"Retour sur notre webinaire : cr\u00e9er ses visuels avec Canva"},"content":{"rendered":"\n<p>Fin juin, 126 participants se sont r\u00e9unis lors de notre webinaire d\u00e9di\u00e9 \u00e0 la prise en main de l&rsquo;outil Canva. Anim\u00e9e par Isabelle Godefroy, responsable \u00e9v\u00e9nement et partenariat au sein du service des professionnels de Ouest-France, cette session pratique avait un but pr\u00e9cis : donner aux associations les cl\u00e9s pour dynamiser leurs supports de communication simplement.<\/p>\n\n\n\n<h2 class=\"wp-block-heading\">Des visuels de qualit\u00e9 pour cr\u00e9dibiliser son association<\/h2>\n\n\n\n<p>Sur le terrain, les responsables associatifs rel\u00e8vent tous les jours le d\u00e9fi de la visibilit\u00e9. Que ce soit pour publier une annonce sur Infolocale, promouvoir une assembl\u00e9e g\u00e9n\u00e9rale ou animer une page sur les r\u00e9seaux sociaux, un visuel attractif fait souvent la diff\u00e9rence.<\/p>\n\n\n\n<p>Cependant, tout le monde n&rsquo;est pas graphiste de m\u00e9tier. L&rsquo;enjeu de ce webinaire \u00e9tait donc de lever les freins techniques li\u00e9s \u00e0 la cr\u00e9ation graphique. En s&rsquo;appropriant un outil gratuit et intuitif comme Canva, les associations peuvent concevoir des supports de qualit\u00e9. Une communication visuelle soign\u00e9e permet non seulement de capter l&rsquo;attention du public, mais aussi de valoriser les actions men\u00e9es et de renforcer la cr\u00e9dibilit\u00e9 globale de la structure.<\/p>\n\n\n\n<h2 class=\"wp-block-heading\">De la th\u00e9orie \u00e0 la pratique : un accompagnement complet<\/h2>\n\n\n\n<p>Pour r\u00e9pondre aux besoins concrets des b\u00e9n\u00e9voles, l&rsquo;intervention s&rsquo;est concentr\u00e9e sur la pratique. Pendant une heure, Isabelle Godefroy a d\u00e9crypt\u00e9 les fonctions de base de la plateforme, prouvant qu&rsquo;il est possible de cr\u00e9er de beaux designs sans aucune exp\u00e9rience pr\u00e9alable.<\/p>\n\n\n\n<p>Pour que chaque participant puisse continuer \u00e0 progresser en autonomie apr\u00e8s l&rsquo;\u00e9v\u00e9nement, deux supports ont \u00e9t\u00e9 mis \u00e0 disposition :<\/p>\n\n\n\n<ul class=\"wp-block-list\">\n<li><strong>Le replay de la session :<\/strong> pour revoir les manipulations \u00e0 son rythme et reproduire les cr\u00e9ations pas \u00e0 pas.<\/li>\n\n\n\n<li><strong>Un guide pratique au format PDF :<\/strong> un document de synth\u00e8se regroupant des astuces simples pour maintenir un niveau de qualit\u00e9 constant sur les futurs visuels.<\/li>\n<\/ul>\n\n\n\n<h2 class=\"wp-block-heading\">Des retours positifs et de nouveaux besoins identifi\u00e9s<\/h2>\n\n\n\n<p>Les \u00e9changes lors du webinaire ont mis en lumi\u00e8re une r\u00e9elle volont\u00e9 des associations de se professionnaliser sur les outils num\u00e9riques. Les retours sont tr\u00e8s positifs et de nombreuses structures demandent d\u00e9j\u00e0 une session de niveau 2 pour explorer les options plus avanc\u00e9es de Canva. Par ailleurs, nous avons not\u00e9 un fort int\u00e9r\u00eat pour des formations compl\u00e9mentaires, notamment autour de l&rsquo;usage de l&rsquo;intelligence artificielle appliqu\u00e9e \u00e0 la communication.<\/p>\n\n\n\n<h2 class=\"wp-block-heading\">Une nouvelle date en septembre<\/h2>\n\n\n\n<figure class=\"wp-block-image size-large is-resized has-lightbox\"><a href=\"https:\/\/my.weezevent.com\/webinaire-faire-ses-premiers-pas-avec-canva\"><img fetchpriority=\"high\" decoding=\"async\" width=\"1024\" height=\"576\" src=\"https:\/\/www.infolocale.fr\/blog\/wp-content\/uploads\/2026\/07\/BANNIERE-WEEZEVENT-1-1024x576.png\" alt=\"\" class=\"wp-image-29879\" style=\"width:574px;height:auto\" srcset=\"https:\/\/www.infolocale.fr\/blog\/wp-content\/uploads\/2026\/07\/BANNIERE-WEEZEVENT-1-1024x576.png 1024w, https:\/\/www.infolocale.fr\/blog\/wp-content\/uploads\/2026\/07\/BANNIERE-WEEZEVENT-1-300x169.png 300w, https:\/\/www.infolocale.fr\/blog\/wp-content\/uploads\/2026\/07\/BANNIERE-WEEZEVENT-1-768x432.png 768w, https:\/\/www.infolocale.fr\/blog\/wp-content\/uploads\/2026\/07\/BANNIERE-WEEZEVENT-1-1536x864.png 1536w, https:\/\/www.infolocale.fr\/blog\/wp-content\/uploads\/2026\/07\/BANNIERE-WEEZEVENT-1.png 1600w\" sizes=\"(max-width: 1024px) 100vw, 1024px\" \/><\/a><\/figure>\n\n\n\n<p>Pour les associations qui n&rsquo;ont pas pu assister \u00e0 l&rsquo;\u00e9v\u00e9nement de juin, une seconde session est programm\u00e9e. Le contenu de la formation, ainsi que la remise du replay et du guide pratique, seront strictement identiques.<\/p>\n\n\n\n<p><strong>Rendez-vous le mardi 8 septembre \u00e0 14h30.<\/strong><\/p>\n\n\n\n<p>Inscrivez-vous d\u00e8s maintenant pour apprendre \u00e0 valoriser vos prochains \u00e9v\u00e9nements <a href=\"https:\/\/my.weezevent.com\/webinaire-faire-ses-premiers-pas-avec-canva\">en cliquant ici.<\/a><\/p>\n\n\n\n<div class=\"wp-block-buttons is-content-justification-center is-layout-flex wp-container-core-buttons-is-layout-1 wp-block-buttons-is-layout-flex\">\n<div class=\"wp-block-button has-custom-width wp-block-button__width-50\"><a class=\"wp-block-button__link has-luminous-vivid-amber-background-color has-background has-text-align-center wp-element-button\"><strong>Je m&rsquo;inscris au webinaire<\/strong><\/a><\/div>\n<\/div>\n\n\n\n<p><\/p>\n","protected":false},"excerpt":{"rendered":"<p>Fin juin, 126 participants se sont r\u00e9unis lors de notre webinaire d\u00e9di\u00e9 \u00e0 la prise en main de l&rsquo;outil Canva. Anim\u00e9e par Isabelle Godefroy, responsable [&hellip;]<\/p>\n","protected":false},"author":21,"featured_media":29878,"comment_status":"open","ping_status":"open","sticky":false,"template":"","format":"standard","meta":{"_coblocks_attr":"","_coblocks_dimensions":"","_coblocks_responsive_height":"","_coblocks_accordion_ie_support":"","_mo_disable_npp":"","footnotes":""},"categories":[69],"tags":[],"class_list":["post-29877","post","type-post","status-publish","format-standard","has-post-thumbnail","hentry","category-communication-des-associations"],"yoast_head":"<!-- This site is optimized with the Yoast SEO plugin v23.2 - https:\/\/yoast.com\/wordpress\/plugins\/seo\/ -->\n<title>Retour sur notre webinaire : cr\u00e9er ses visuels avec Canva |<\/title>\n<meta name=\"robots\" content=\"index, follow, max-snippet:-1, max-image-preview:large, max-video-preview:-1\" \/>\n<link rel=\"canonical\" href=\"https:\/\/www.infolocale.fr\/blog\/retour-sur-notre-webinaire-creer-ses-visuels-avec-canva\/\" \/>\n<meta property=\"og:locale\" content=\"fr_FR\" \/>\n<meta property=\"og:type\" content=\"article\" \/>\n<meta property=\"og:title\" content=\"Retour sur notre webinaire : cr\u00e9er ses visuels avec Canva |\" \/>\n<meta property=\"og:description\" content=\"Fin juin, 126 participants se sont r\u00e9unis lors de notre webinaire d\u00e9di\u00e9 \u00e0 la prise en main de l&rsquo;outil Canva. Anim\u00e9e par Isabelle Godefroy, responsable [&hellip;]\" \/>\n<meta property=\"og:url\" content=\"https:\/\/www.infolocale.fr\/blog\/retour-sur-notre-webinaire-creer-ses-visuels-avec-canva\/\" \/>\n<meta property=\"article:publisher\" content=\"https:\/\/www.facebook.com\/infolocaleFR\/\" \/>\n<meta property=\"article:published_time\" content=\"2026-08-03T09:06:19+00:00\" \/>\n<meta property=\"article:modified_time\" content=\"2026-08-03T09:06:22+00:00\" \/>\n<meta property=\"og:image\" content=\"https:\/\/www.infolocale.fr\/blog\/wp-content\/uploads\/2026\/07\/Design-sans-titre-2026-07-10T122805.744.png\" \/>\n\t<meta property=\"og:image:width\" content=\"1920\" \/>\n\t<meta property=\"og:image:height\" content=\"1080\" \/>\n\t<meta property=\"og:image:type\" content=\"image\/png\" \/>\n<meta name=\"author\" content=\"Alicia Le Corre\" \/>\n<meta name=\"twitter:card\" content=\"summary_large_image\" \/>\n<meta name=\"twitter:creator\" content=\"@infolocale\" \/>\n<meta name=\"twitter:site\" content=\"@infolocale\" \/>\n<meta name=\"twitter:label1\" content=\"\u00c9crit par\" \/>\n\t<meta name=\"twitter:data1\" content=\"Alicia Le Corre\" \/>\n\t<meta name=\"twitter:label2\" content=\"Dur\u00e9e de lecture estim\u00e9e\" \/>\n\t<meta name=\"twitter:data2\" content=\"3 minutes\" \/>\n<script type=\"application\/ld+json\" class=\"yoast-schema-graph\">{\"@context\":\"https:\/\/schema.org\",\"@graph\":[{\"@type\":\"Article\",\"@id\":\"https:\/\/www.infolocale.fr\/blog\/retour-sur-notre-webinaire-creer-ses-visuels-avec-canva\/#article\",\"isPartOf\":{\"@id\":\"https:\/\/www.infolocale.fr\/blog\/retour-sur-notre-webinaire-creer-ses-visuels-avec-canva\/\"},\"author\":{\"name\":\"Alicia Le Corre\",\"@id\":\"https:\/\/www.infolocale.fr\/blog\/#\/schema\/person\/f2ecab0cfb121a5c8ce465880cd694a5\"},\"headline\":\"Retour sur notre webinaire : cr\u00e9er ses visuels avec Canva\",\"datePublished\":\"2026-08-03T09:06:19+00:00\",\"dateModified\":\"2026-08-03T09:06:22+00:00\",\"mainEntityOfPage\":{\"@id\":\"https:\/\/www.infolocale.fr\/blog\/retour-sur-notre-webinaire-creer-ses-visuels-avec-canva\/\"},\"wordCount\":474,\"commentCount\":0,\"publisher\":{\"@id\":\"https:\/\/www.infolocale.fr\/blog\/#organization\"},\"image\":{\"@id\":\"https:\/\/www.infolocale.fr\/blog\/retour-sur-notre-webinaire-creer-ses-visuels-avec-canva\/#primaryimage\"},\"thumbnailUrl\":\"https:\/\/www.infolocale.fr\/blog\/wp-content\/uploads\/2026\/07\/Design-sans-titre-2026-07-10T122805.744.png\",\"articleSection\":[\"Communication des associations\"],\"inLanguage\":\"fr-FR\",\"potentialAction\":[{\"@type\":\"CommentAction\",\"name\":\"Comment\",\"target\":[\"https:\/\/www.infolocale.fr\/blog\/retour-sur-notre-webinaire-creer-ses-visuels-avec-canva\/#respond\"]}]},{\"@type\":\"WebPage\",\"@id\":\"https:\/\/www.infolocale.fr\/blog\/retour-sur-notre-webinaire-creer-ses-visuels-avec-canva\/\",\"url\":\"https:\/\/www.infolocale.fr\/blog\/retour-sur-notre-webinaire-creer-ses-visuels-avec-canva\/\",\"name\":\"Retour sur notre webinaire : cr\u00e9er ses visuels avec Canva |\",\"isPartOf\":{\"@id\":\"https:\/\/www.infolocale.fr\/blog\/#website\"},\"primaryImageOfPage\":{\"@id\":\"https:\/\/www.infolocale.fr\/blog\/retour-sur-notre-webinaire-creer-ses-visuels-avec-canva\/#primaryimage\"},\"image\":{\"@id\":\"https:\/\/www.infolocale.fr\/blog\/retour-sur-notre-webinaire-creer-ses-visuels-avec-canva\/#primaryimage\"},\"thumbnailUrl\":\"https:\/\/www.infolocale.fr\/blog\/wp-content\/uploads\/2026\/07\/Design-sans-titre-2026-07-10T122805.744.png\",\"datePublished\":\"2026-08-03T09:06:19+00:00\",\"dateModified\":\"2026-08-03T09:06:22+00:00\",\"breadcrumb\":{\"@id\":\"https:\/\/www.infolocale.fr\/blog\/retour-sur-notre-webinaire-creer-ses-visuels-avec-canva\/#breadcrumb\"},\"inLanguage\":\"fr-FR\",\"potentialAction\":[{\"@type\":\"ReadAction\",\"target\":[\"https:\/\/www.infolocale.fr\/blog\/retour-sur-notre-webinaire-creer-ses-visuels-avec-canva\/\"]}]},{\"@type\":\"ImageObject\",\"inLanguage\":\"fr-FR\",\"@id\":\"https:\/\/www.infolocale.fr\/blog\/retour-sur-notre-webinaire-creer-ses-visuels-avec-canva\/#primaryimage\",\"url\":\"https:\/\/www.infolocale.fr\/blog\/wp-content\/uploads\/2026\/07\/Design-sans-titre-2026-07-10T122805.744.png\",\"contentUrl\":\"https:\/\/www.infolocale.fr\/blog\/wp-content\/uploads\/2026\/07\/Design-sans-titre-2026-07-10T122805.744.png\",\"width\":1920,\"height\":1080},{\"@type\":\"BreadcrumbList\",\"@id\":\"https:\/\/www.infolocale.fr\/blog\/retour-sur-notre-webinaire-creer-ses-visuels-avec-canva\/#breadcrumb\",\"itemListElement\":[{\"@type\":\"ListItem\",\"position\":1,\"name\":\"Blog\",\"item\":\"https:\/\/infolocale.ouest-france.fr\/blog\/\"},{\"@type\":\"ListItem\",\"position\":2,\"name\":\"Communication des associations\",\"item\":\"https:\/\/infolocale.ouest-france.fr\/blog\/cat\/communication-des-associations\/\"},{\"@type\":\"ListItem\",\"position\":3,\"name\":\"Retour sur notre webinaire : cr\u00e9er ses visuels avec Canva\"}]},{\"@type\":\"WebSite\",\"@id\":\"https:\/\/www.infolocale.fr\/blog\/#website\",\"url\":\"https:\/\/www.infolocale.fr\/blog\/\",\"name\":\"\",\"description\":\"\",\"publisher\":{\"@id\":\"https:\/\/www.infolocale.fr\/blog\/#organization\"},\"potentialAction\":[{\"@type\":\"SearchAction\",\"target\":{\"@type\":\"EntryPoint\",\"urlTemplate\":\"https:\/\/www.infolocale.fr\/blog\/?s={search_term_string}\"},\"query-input\":\"required name=search_term_string\"}],\"inLanguage\":\"fr-FR\"},{\"@type\":\"Organization\",\"@id\":\"https:\/\/www.infolocale.fr\/blog\/#organization\",\"name\":\"Infolocale\",\"url\":\"https:\/\/www.infolocale.fr\/blog\/\",\"logo\":{\"@type\":\"ImageObject\",\"inLanguage\":\"fr-FR\",\"@id\":\"https:\/\/www.infolocale.fr\/blog\/#\/schema\/logo\/image\/\",\"url\":\"https:\/\/www.infolocale.fr\/blog\/wp-content\/uploads\/2020\/11\/logol.jpg\",\"contentUrl\":\"https:\/\/www.infolocale.fr\/blog\/wp-content\/uploads\/2020\/11\/logol.jpg\",\"width\":1031,\"height\":398,\"caption\":\"Infolocale\"},\"image\":{\"@id\":\"https:\/\/www.infolocale.fr\/blog\/#\/schema\/logo\/image\/\"},\"sameAs\":[\"https:\/\/www.facebook.com\/infolocaleFR\/\",\"https:\/\/x.com\/infolocale\",\"https:\/\/www.instagram.com\/infolocale\/\",\"https:\/\/fr.linkedin.com\/company\/infolocale\",\"https:\/\/www.youtube.com\/channel\/UCnv4FA8EYEuu_si3TGr7xeA\"]},{\"@type\":\"Person\",\"@id\":\"https:\/\/www.infolocale.fr\/blog\/#\/schema\/person\/f2ecab0cfb121a5c8ce465880cd694a5\",\"name\":\"Alicia Le Corre\",\"image\":{\"@type\":\"ImageObject\",\"inLanguage\":\"fr-FR\",\"@id\":\"https:\/\/www.infolocale.fr\/blog\/#\/schema\/person\/image\/\",\"url\":\"https:\/\/secure.gravatar.com\/avatar\/52ca2fbd7b536bdc460ac24d98b8b8e9?s=96&d=mm&r=g\",\"contentUrl\":\"https:\/\/secure.gravatar.com\/avatar\/52ca2fbd7b536bdc460ac24d98b8b8e9?s=96&d=mm&r=g\",\"caption\":\"Alicia Le Corre\"},\"url\":\"https:\/\/www.infolocale.fr\/blog\/author\/alicia-lecorreouest-france-fr\/\"}]}<\/script>\n<!-- \/ Yoast SEO plugin. -->","yoast_head_json":{"title":"Retour sur notre webinaire : cr\u00e9er ses visuels avec Canva |","robots":{"index":"index","follow":"follow","max-snippet":"max-snippet:-1","max-image-preview":"max-image-preview:large","max-video-preview":"max-video-preview:-1"},"canonical":"https:\/\/www.infolocale.fr\/blog\/retour-sur-notre-webinaire-creer-ses-visuels-avec-canva\/","og_locale":"fr_FR","og_type":"article","og_title":"Retour sur notre webinaire : cr\u00e9er ses visuels avec Canva |","og_description":"Fin juin, 126 participants se sont r\u00e9unis lors de notre webinaire d\u00e9di\u00e9 \u00e0 la prise en main de l&rsquo;outil Canva. Anim\u00e9e par Isabelle Godefroy, responsable [&hellip;]","og_url":"https:\/\/www.infolocale.fr\/blog\/retour-sur-notre-webinaire-creer-ses-visuels-avec-canva\/","article_publisher":"https:\/\/www.facebook.com\/infolocaleFR\/","article_published_time":"2026-08-03T09:06:19+00:00","article_modified_time":"2026-08-03T09:06:22+00:00","og_image":[{"width":1920,"height":1080,"url":"https:\/\/www.infolocale.fr\/blog\/wp-content\/uploads\/2026\/07\/Design-sans-titre-2026-07-10T122805.744.png","type":"image\/png"}],"author":"Alicia Le Corre","twitter_card":"summary_large_image","twitter_creator":"@infolocale","twitter_site":"@infolocale","twitter_misc":{"\u00c9crit par":"Alicia Le Corre","Dur\u00e9e de lecture estim\u00e9e":"3 minutes"},"schema":{"@context":"https:\/\/schema.org","@graph":[{"@type":"Article","@id":"https:\/\/www.infolocale.fr\/blog\/retour-sur-notre-webinaire-creer-ses-visuels-avec-canva\/#article","isPartOf":{"@id":"https:\/\/www.infolocale.fr\/blog\/retour-sur-notre-webinaire-creer-ses-visuels-avec-canva\/"},"author":{"name":"Alicia Le Corre","@id":"https:\/\/www.infolocale.fr\/blog\/#\/schema\/person\/f2ecab0cfb121a5c8ce465880cd694a5"},"headline":"Retour sur notre webinaire : cr\u00e9er ses visuels avec Canva","datePublished":"2026-08-03T09:06:19+00:00","dateModified":"2026-08-03T09:06:22+00:00","mainEntityOfPage":{"@id":"https:\/\/www.infolocale.fr\/blog\/retour-sur-notre-webinaire-creer-ses-visuels-avec-canva\/"},"wordCount":474,"commentCount":0,"publisher":{"@id":"https:\/\/www.infolocale.fr\/blog\/#organization"},"image":{"@id":"https:\/\/www.infolocale.fr\/blog\/retour-sur-notre-webinaire-creer-ses-visuels-avec-canva\/#primaryimage"},"thumbnailUrl":"https:\/\/www.infolocale.fr\/blog\/wp-content\/uploads\/2026\/07\/Design-sans-titre-2026-07-10T122805.744.png","articleSection":["Communication des associations"],"inLanguage":"fr-FR","potentialAction":[{"@type":"CommentAction","name":"Comment","target":["https:\/\/www.infolocale.fr\/blog\/retour-sur-notre-webinaire-creer-ses-visuels-avec-canva\/#respond"]}]},{"@type":"WebPage","@id":"https:\/\/www.infolocale.fr\/blog\/retour-sur-notre-webinaire-creer-ses-visuels-avec-canva\/","url":"https:\/\/www.infolocale.fr\/blog\/retour-sur-notre-webinaire-creer-ses-visuels-avec-canva\/","name":"Retour sur notre webinaire : cr\u00e9er ses visuels avec Canva |","isPartOf":{"@id":"https:\/\/www.infolocale.fr\/blog\/#website"},"primaryImageOfPage":{"@id":"https:\/\/www.infolocale.fr\/blog\/retour-sur-notre-webinaire-creer-ses-visuels-avec-canva\/#primaryimage"},"image":{"@id":"https:\/\/www.infolocale.fr\/blog\/retour-sur-notre-webinaire-creer-ses-visuels-avec-canva\/#primaryimage"},"thumbnailUrl":"https:\/\/www.infolocale.fr\/blog\/wp-content\/uploads\/2026\/07\/Design-sans-titre-2026-07-10T122805.744.png","datePublished":"2026-08-03T09:06:19+00:00","dateModified":"2026-08-03T09:06:22+00:00","breadcrumb":{"@id":"https:\/\/www.infolocale.fr\/blog\/retour-sur-notre-webinaire-creer-ses-visuels-avec-canva\/#breadcrumb"},"inLanguage":"fr-FR","potentialAction":[{"@type":"ReadAction","target":["https:\/\/www.infolocale.fr\/blog\/retour-sur-notre-webinaire-creer-ses-visuels-avec-canva\/"]}]},{"@type":"ImageObject","inLanguage":"fr-FR","@id":"https:\/\/www.infolocale.fr\/blog\/retour-sur-notre-webinaire-creer-ses-visuels-avec-canva\/#primaryimage","url":"https:\/\/www.infolocale.fr\/blog\/wp-content\/uploads\/2026\/07\/Design-sans-titre-2026-07-10T122805.744.png","contentUrl":"https:\/\/www.infolocale.fr\/blog\/wp-content\/uploads\/2026\/07\/Design-sans-titre-2026-07-10T122805.744.png","width":1920,"height":1080},{"@type":"BreadcrumbList","@id":"https:\/\/www.infolocale.fr\/blog\/retour-sur-notre-webinaire-creer-ses-visuels-avec-canva\/#breadcrumb","itemListElement":[{"@type":"ListItem","position":1,"name":"Blog","item":"https:\/\/infolocale.ouest-france.fr\/blog\/"},{"@type":"ListItem","position":2,"name":"Communication des associations","item":"https:\/\/infolocale.ouest-france.fr\/blog\/cat\/communication-des-associations\/"},{"@type":"ListItem","position":3,"name":"Retour sur notre webinaire : cr\u00e9er ses visuels avec Canva"}]},{"@type":"WebSite","@id":"https:\/\/www.infolocale.fr\/blog\/#website","url":"https:\/\/www.infolocale.fr\/blog\/","name":"","description":"","publisher":{"@id":"https:\/\/www.infolocale.fr\/blog\/#organization"},"potentialAction":[{"@type":"SearchAction","target":{"@type":"EntryPoint","urlTemplate":"https:\/\/www.infolocale.fr\/blog\/?s={search_term_string}"},"query-input":"required name=search_term_string"}],"inLanguage":"fr-FR"},{"@type":"Organization","@id":"https:\/\/www.infolocale.fr\/blog\/#organization","name":"Infolocale","url":"https:\/\/www.infolocale.fr\/blog\/","logo":{"@type":"ImageObject","inLanguage":"fr-FR","@id":"https:\/\/www.infolocale.fr\/blog\/#\/schema\/logo\/image\/","url":"https:\/\/www.infolocale.fr\/blog\/wp-content\/uploads\/2020\/11\/logol.jpg","contentUrl":"https:\/\/www.infolocale.fr\/blog\/wp-content\/uploads\/2020\/11\/logol.jpg","width":1031,"height":398,"caption":"Infolocale"},"image":{"@id":"https:\/\/www.infolocale.fr\/blog\/#\/schema\/logo\/image\/"},"sameAs":["https:\/\/www.facebook.com\/infolocaleFR\/","https:\/\/x.com\/infolocale","https:\/\/www.instagram.com\/infolocale\/","https:\/\/fr.linkedin.com\/company\/infolocale","https:\/\/www.youtube.com\/channel\/UCnv4FA8EYEuu_si3TGr7xeA"]},{"@type":"Person","@id":"https:\/\/www.infolocale.fr\/blog\/#\/schema\/person\/f2ecab0cfb121a5c8ce465880cd694a5","name":"Alicia Le Corre","image":{"@type":"ImageObject","inLanguage":"fr-FR","@id":"https:\/\/www.infolocale.fr\/blog\/#\/schema\/person\/image\/","url":"https:\/\/secure.gravatar.com\/avatar\/52ca2fbd7b536bdc460ac24d98b8b8e9?s=96&d=mm&r=g","contentUrl":"https:\/\/secure.gravatar.com\/avatar\/52ca2fbd7b536bdc460ac24d98b8b8e9?s=96&d=mm&r=g","caption":"Alicia Le Corre"},"url":"https:\/\/www.infolocale.fr\/blog\/author\/alicia-lecorreouest-france-fr\/"}]}},"_links":{"self":[{"href":"https:\/\/www.infolocale.fr\/blog\/wp-json\/wp\/v2\/posts\/29877"}],"collection":[{"href":"https:\/\/www.infolocale.fr\/blog\/wp-json\/wp\/v2\/posts"}],"about":[{"href":"https:\/\/www.infolocale.fr\/blog\/wp-json\/wp\/v2\/types\/post"}],"author":[{"embeddable":true,"href":"https:\/\/www.infolocale.fr\/blog\/wp-json\/wp\/v2\/users\/21"}],"replies":[{"embeddable":true,"href":"https:\/\/www.infolocale.fr\/blog\/wp-json\/wp\/v2\/comments?post=29877"}],"version-history":[{"count":0,"href":"https:\/\/www.infolocale.fr\/blog\/wp-json\/wp\/v2\/posts\/29877\/revisions"}],"wp:featuredmedia":[{"embeddable":true,"href":"https:\/\/www.infolocale.fr\/blog\/wp-json\/wp\/v2\/media\/29878"}],"wp:attachment":[{"href":"https:\/\/www.infolocale.fr\/blog\/wp-json\/wp\/v2\/media?parent=29877"}],"wp:term":[{"taxonomy":"category","embeddable":true,"href":"https:\/\/www.infolocale.fr\/blog\/wp-json\/wp\/v2\/categories?post=29877"},{"taxonomy":"post_tag","embeddable":true,"href":"https:\/\/www.infolocale.fr\/blog\/wp-json\/wp\/v2\/tags?post=29877"}],"curies":[{"name":"wp","href":"https:\/\/api.w.org\/{rel}","templated":true}]}}