{"id":298,"date":"2020-07-15T08:35:33","date_gmt":"2020-07-15T07:35:33","guid":{"rendered":"http:\/\/infolocale.data.blog\/?p=298"},"modified":"2021-10-27T17:41:35","modified_gmt":"2021-10-27T15:41:35","slug":"petits-freres-des-pauvres","status":"publish","type":"post","link":"https:\/\/www.infolocale.fr\/blog\/petits-freres-des-pauvres\/","title":{"rendered":"Les Petits Fr\u00e8res des Pauvres, au service des plus de 50 ans isol\u00e9s, en pr\u00e9carit\u00e9"},"content":{"rendered":"\n<div class=\"wp-block-columns alignfull is-layout-flex wp-container-core-columns-is-layout-1 wp-block-columns-is-layout-flex\">\n<div class=\"wp-block-column is-layout-flow wp-block-column-is-layout-flow\" style=\"flex-basis:100%\">\n<p class=\"has-text-align-justify has-background has-normal-font-size\" style=\"background-color:#ffffff;line-height:2\">L\u2019association des Petits fr\u00e8res des pauvres est cr\u00e9\u00e9e en 1946, par Armand Marquiset, au nom \u00ab&nbsp;<strong>de la dignit\u00e9 de tout homme et de toute femme, quels que soient leur origine, leur situation et leur \u00e9tat physique, psychique ou social \u00e0 b\u00e9n\u00e9ficier&nbsp; de la fraternit\u00e9 et de la fid\u00e9lit\u00e9<\/strong>.&nbsp;\u00bb L\u2019action des Petits fr\u00e8res des pauvres est non confessionnelle, apolitique, elle combat les grandes solitudes. Elle consiste \u00e0 la mise en place d\u2019une personne qui vient rompre l\u2019isolement d\u2019une autre, en recr\u00e9ant ainsi le lien social.<\/p>\n\n\n\n<p class=\"has-text-align-justify has-background has-normal-font-size\" style=\"background-color:#ffffff;line-height:2\">Le soixanti\u00e8me anniversaire des Petits fr\u00e8res des pauvres&nbsp;\u00e0 Nantes prouve la constance du projet associatif. Il s\u2019agit vraiment d\u2019un projet p\u00e9renne. Parmi de jeunes b\u00e9n\u00e9voles, certains sont venus rejoindre l\u2019association en souvenir du r\u00e9confort apport\u00e9 \u00e0 leurs grands-parents. Toujours l\u00e0, mais pas fig\u00e9 : le projet s\u2019est adapt\u00e9 \u00e0 l\u2019\u00e9volution soci\u00e9tale. <\/p>\n\n\n\n<h4 class=\"has-text-align-center wp-block-heading\">Dans l\u2019Ouest, les missions des Petits fr\u00e8res des pauvres &nbsp;sont nombreuses<\/h4>\n\n\n\n<p class=\"has-text-align-justify has-background has-normal-font-size\" style=\"background-color:#ffffff;line-height:2\">Dans l&rsquo;Ouest (Bretagne et Pays de La Loire), les Petits fr\u00e8res des pauvres comptent 1 200 b\u00e9n\u00e9voles, dont 80 b\u00e9n\u00e9voles sur Rennes M\u00e9tropole, \u00e2g\u00e9s de 18 \u00e0 96 ans.  Les tranches d\u2019\u00e2ge de ces b\u00e9n\u00e9voles se d\u00e9clinent en un gros tiers de retrait\u00e9s, un autre tiers de personnes en activit\u00e9, enfin un plus petit tiers de jeunes de moins de 30 ans. R\u00e9partis sur 3 \u00e9quipes d\u2019accompagnement \u00e0 domicile et en h\u00e9bergement collectif, ils visitent plus d&rsquo;une centaine de seniors de 50 ans et plus. Chaque \u00e9quipe intervient dans un des quartiers&nbsp;de Rennes Sud, Rennes Est et Rennes Ouest. Ces b\u00e9n\u00e9voles soutiennent le retour au \u00ab&nbsp;go\u00fbt des autres&nbsp;\u00bb, en favorisant les rencontres, l\u2019autonomie et l\u2019int\u00e9gration \u00e0 la vie de la cit\u00e9.<\/p>\n\n\n\n<h4 class=\"has-text-align-center wp-block-heading\"><strong>Les b\u00e9n\u00e9voles tissent une relation de qualit\u00e9<\/strong><\/h4>\n\n\n\n<p class=\"has-text-align-justify has-background has-normal-font-size\" style=\"background-color:#ffffff;line-height:2\">Yvon, 68 ans, \u00e9tait dans le groupe de jeunes qui organisait le r\u00e9veillon pour les personnes \u00e2g\u00e9es du quartier de Sainte-Th\u00e9r\u00e8se, \u00e0 Rennes. Cette initiative, cr\u00e9\u00e9e en 1983, ces jeunes ont voulu la prolonger tout au long de l\u2019ann\u00e9e. Naturellement, ils ont donc rejoint l\u2019association des Petits fr\u00e8res des pauvres. Yvon avait alors 16 ans. Aujourd\u2019hui, il poursuit son engagement au sein de la section Sud de Rennes. Il visite une personne isol\u00e9e tous les quinze jours, en alternance avec un autre b\u00e9n\u00e9vole. C\u2019est la quatri\u00e8me personne qu\u2019il accompagne. <\/p>\n\n\n\n<p class=\"has-text-align-justify has-background has-normal-font-size\" style=\"background-color:#ffffff;line-height:2\">Homme de partage,&nbsp; aux convictions humaines profond\u00e9ment ancr\u00e9es,&nbsp; il ne trouve rien d\u2019extraordinaire \u00e0 donner de son temps aux autres. \u00c0 leur \u00e9coute, il pr\u00e9cise que c\u2019est le visit\u00e9 qui d\u00e9cide de la r\u00e9gularit\u00e9 des rencontres \u00e0 domicile. Souvent, ce sont les assistantes sociales, les commer\u00e7ants, m\u00e9decins, infirmi\u00e8res qui d\u00e9tectent les situations de grande solitude et les signalent \u00e0 l\u2019association des Petits fr\u00e8res des pauvres. Si une personne \u00ab <em>accepte de le recevoir <\/em>\u00bb, il r\u00e9pond \u00e0 cet appel.<\/p>\n\n\n\n<figure class=\"wp-block-image\"><img decoding=\"async\" src=\"https:\/\/www.infolocale.fr\/blog\/wp-content\/uploads\/2020\/12\/Christelle-et-Annick-1024x576.jpg\" alt=\"L\u2019attribut alt de cette image est vide, son nom de fichier est Christelle-et-Annick-1024x576.jpg.\"\/><\/figure>\n\n\n\n<p class=\"has-text-align-justify has-background has-normal-font-size\" style=\"background-color:#ffffff;line-height:2\">A 25 ans, Christelle, en rupture d\u2019emploi, souhaite s\u2019investir dans une association. Sur un site, elle d\u00e9couvre l\u2019action des Petits fr\u00e8res des pauvres. Les deux b\u00e9n\u00e9voles de la commission d\u2019accueil des b\u00e9n\u00e9voles (CAB) la convainquent de les rejoindre. Trois ans apr\u00e8s, elle salue toujours leur disponibilit\u00e9, leur \u00e9coute. Rapidement elle peut rentrer en action et rencontrer Annick, dont le veuvage r\u00e9cent g\u00e9n\u00e8re l\u2019angoisse de la solitude. La relation est imm\u00e9diatement chaleureuse. Ensemble, elles d\u00e9cident de se voir chaque semaine. Une visite d\u2019une heure, conseill\u00e9e par les animateurs de l\u2019association, qui pr\u00e9conisent plut\u00f4t une visite bimensuelle. <\/p>\n\n\n\n<p class=\"has-text-align-justify has-background has-normal-font-size\" style=\"background-color:#ffffff;line-height:2\">Dynamique et motiv\u00e9e, Christelle, b\u00e9n\u00e9vole-visiteuse, s\u2019investit plus dans l\u2019association et monte en responsabilit\u00e9 en tant que b\u00e9n\u00e9vole : elle assure le secr\u00e9tariat de la section des quartiers Ouest-rennais. Sa recherche d\u2019\u00e9panouissement, son besoin de diversification trouvent des r\u00e9ponses, alors qu\u2019elle donne du sens \u00e0 sa vie. La structure l\u2019entoure tout en lui laissant de l\u2019autonomie. Son engagement date de trois ans. Toujours heureuse, son t\u00e9moignage d\u00e9borde d\u2019enthousiasme.<\/p>\n\n\n\n<h4 class=\"has-text-align-center wp-block-heading\">Yvon et Christelle, comme les 1&nbsp;200 b\u00e9n\u00e9voles peuvent compter sur le soutien d\u2019une \u00e9quipe de salari\u00e9s<\/h4>\n\n\n\n<p class=\"has-text-align-justify has-background has-normal-font-size\" style=\"background-color:#ffffff;line-height:2\">Quatre coordinateurs de d\u00e9veloppement social interviennent sur 4 secteurs : la Bretagne, ainsi que la Mayenne et la Sarthe . Margot intervient sur Foug\u00e8res, Mayenne et Le Mans. Fr\u00e9d\u00e9ric anime deux \u00e9quipes d\u2019accompagnants \u00e0 domicile et en EPHAD (Rennes), ainsi qu\u2019une \u00e9quipe de visiteurs en milieu carc\u00e9ral, comme il en existe \u00e0 Paris, Lille, Marseille et Lyon (milieu hospitalier p\u00e9nitentiaire). R\u00e9ginald accompagne trois \u00e9quipes, sur Saint-Brieuc, Dol\/Combourg et Rennes. Yves, adjoint de direction pour la R\u00e9gion Ouest (Bretagne\/Pays de la Loire), se r\u00e9serve le Pays Bigouden.<\/p>\n\n\n\n<p>Le r\u00f4le du coordinateur&nbsp;consiste \u00e0&nbsp;animer les \u00e9quipes de b\u00e9n\u00e9voles. Chaque \u00e9quipe a une identit\u00e9 avec des usages et fonctionnements qui lui sont propres. Les coordinateurs-animateurs prot\u00e8gent aussi les b\u00e9n\u00e9voles &nbsp;: le public peut \u00eatre en grande pr\u00e9carit\u00e9, pr\u00e9senter des troubles psychiatriques. Une r\u00e9union tous les deux mois, en comit\u00e9 restreint, permet de resserrer les liens. Les coordinateurs soutiennent les situations compliqu\u00e9es. Ils veillent au dynamisme de l\u2019\u00e9quipe, r\u00e9gulent les exc\u00e8s d\u2019enthousiasme, de fatigue, de d\u00e9tresse\u2026 Afin d\u2019\u00e9viter un essoufflement, voire un burn out, chez les b\u00e9n\u00e9voles, certains ne se donnant pas de limites.<\/p>\n\n\n\n<p>Les coordinateurs-animateurs apportent aussi leur soutien dans la recherche de nouveaux&nbsp;b\u00e9n\u00e9voles. Margot t\u00e9moigne : elle a accompagn\u00e9 une b\u00e9n\u00e9vole dans un lyc\u00e9e en classe Terminale de Laval. \u00c0 la demande du professeur de philosophie, elles pr\u00e9sentent l\u2019association lors d\u2019une soir\u00e9e, plac\u00e9e sous la th\u00e9matique de la pr\u00e9carit\u00e9. Elle peut aussi recruter dans des caf\u00e9s. Une conversation partag\u00e9e peut faire germer un souhait d\u2019engagement. Le bouche \u00e0 oreille pourra s\u2019op\u00e9rer et s\u2019av\u00e9rer fructueux.<\/p>\n\n\n\n<h4 class=\"has-text-align-center wp-block-heading\">Un b\u00e9n\u00e9volat d\u2019action<\/h4>\n\n\n\n<p class=\"has-text-align-justify has-background has-normal-font-size\" style=\"background-color:#ffffff;line-height:2\">La moyenne d\u2019\u00e2ge des b\u00e9n\u00e9voles&nbsp;oscille entre 60 et 70 ans. Ce sont bien souvent des femmes retrait\u00e9es, des \u00e9tudiants actifs. L\u2019accueil d\u2019un nouveau b\u00e9n\u00e9vole r\u00e9sulte aussi de la cooptation d\u2019une \u00e9quipe, qui se charge de son accueil. Certaines personnes n\u2019osent pas entamer l\u2019accompagnement, l\u2019\u00e9quipe sait trouver les mots\u2026<\/p>\n\n\n\n<p class=\"has-text-align-justify has-background has-normal-font-size\" style=\"background-color:#ffffff;line-height:2\">La fondation \u00ab&nbsp;nationale&nbsp;\u00bb peut proposer une inscription d\u2019un b\u00e9n\u00e9vole sur le site de l\u2019association. Ce dernier sera re\u00e7u par les coordinateurs et b\u00e9n\u00e9voles. On lui pr\u00e9sente alors concr\u00e8tement le r\u00f4le des Petits fr\u00e8res des pauvres. \u00c0 lui de pr\u00e9ciser le temps qu\u2019il souhaite d\u00e9dier \u00e0 l\u2019association. Les Petits fr\u00e8res des pauvres assurent des formations&nbsp;: l\u2019\u00e9coute active, la pr\u00e9vention au mal-\u00eatre. Les coordinateurs sont attentifs \u00e0 ce besoin de formation. Ne pas d\u00e9cevoir, pour mieux fid\u00e9liser l\u2019engagement.<\/p>\n\n\n\n<h4 class=\"has-text-align-center wp-block-heading\">Un accompagnement de qualit\u00e9 pour pallier \u00e0 l\u2019isolement<\/h4>\n\n\n\n<p class=\"has-text-align-justify has-background has-normal-font-size\" style=\"background-color:#ffffff;line-height:2\">Le r\u00f4le r\u00e9current pour combattre l\u2019isolement consiste \u00e0 visiter une heure un accompagn\u00e9 tous les 15 jours. Un bin\u00f4me de b\u00e9n\u00e9voles-accompagnants est d\u00e9sign\u00e9 pour assister une personne isol\u00e9e. Le bin\u00f4me est pr\u00e9conis\u00e9 dans un esprit de protection d\u2019une part, et pour pallier les absences (cong\u00e9s ou autres). Les \u00e9changes reposent sur une \u00e9coute active, l\u2019accompagn\u00e9 est invit\u00e9 \u00e0 s\u2019exprimer. Le b\u00e9n\u00e9vole l\u2019aide \u00e0 entretenir des projets, \u00e0 formuler des r\u00eaves.<\/p>\n\n\n\n<p class=\"has-text-align-justify has-background has-normal-font-size\" style=\"background-color:#ffffff;line-height:2\">Parfois, ces visites r\u00e9guli\u00e8res redonnent le \u00ab&nbsp;go\u00fbt des autres&nbsp;\u00bb au visit\u00e9, lui donnent l\u2019\u00e9nergie -le d\u00e9clic- pour tisser des liens, m\u00eame avec un membre de la famille \u00e9loign\u00e9e, participant ainsi \u00e0 la reconstruction des liens familiaux. Un \u00ab&nbsp;envol&nbsp;\u00bb qui vient corroborer l\u2019action de l\u2019association.<\/p>\n\n\n\n<h4 class=\"has-text-align-center wp-block-heading\">Des liens jusqu\u2019au bout de la vie\u2026<\/h4>\n\n\n\n<figure class=\"wp-block-embed is-type-video is-provider-youtube wp-block-embed-youtube wp-embed-aspect-16-9 wp-has-aspect-ratio\"><div class=\"wp-block-embed__wrapper\">\n<iframe title=\"Marie change le quotidien des a\u00een\u00e9s en Ehpad\" width=\"1020\" height=\"574\" src=\"https:\/\/www.youtube.com\/embed\/IO0a5wOPfiE?list=PLsHo7X-kBvjApZimUYHra3FXy4DIiROLh\" frameborder=\"0\" allow=\"accelerometer; autoplay; clipboard-write; encrypted-media; gyroscope; picture-in-picture\" allowfullscreen><\/iframe>\n<\/div><\/figure>\n\n\n\n<p class=\"has-text-align-justify has-background has-normal-font-size\" style=\"background-color:#ffffff;line-height:2\">L\u2019accent est mis sur l\u2019engagement \u00e0 long terme. Pour des raisons \u00e9videntes, l\u2019engagement zapping n\u2019est pas souhait\u00e9. Une personne isol\u00e9e peut accorder sa confiance, mais pas sans cesse. Si un b\u00e9n\u00e9vole doit arr\u00eater, l\u2019association s\u2019engage \u00e0 continuer les visites.<\/p>\n\n\n\n<p class=\"has-text-align-justify has-background has-normal-font-size\" style=\"background-color:#ffffff;line-height:2\">Les coordinateurs font un gros travail sur les limites des b\u00e9n\u00e9voles. Leur vigilance est une protection, et participe \u00e0 la long\u00e9vit\u00e9 de l\u2019engagement. Ils rappellent : \u00ab&nbsp;<strong>Il est n\u00e9cessaire de prendre du plaisir pour l\u2019insuffler aux autres<\/strong>&nbsp;\u00bb.<\/p>\n\n\n\n<h4 class=\"has-text-align-center wp-block-heading\">Le confinement a accentu\u00e9 le ph\u00e9nom\u00e8ne de rupture du lien social<\/h4>\n\n\n\n<p class=\"has-text-align-justify has-background has-normal-font-size\" style=\"background-color:#ffffff;line-height:2\">Pour pallier l\u2019isolement accentu\u00e9 durant la pand\u00e9mie, les b\u00e9n\u00e9voles ont renforc\u00e9 leur accompagnement t\u00e9l\u00e9phonique, devenu hebdomadaire.<\/p>\n\n\n\n<blockquote class=\"wp-block-quote has-text-align-left is-layout-flow wp-block-quote-is-layout-flow\"><p><strong>Solitud\u2019\u00e9coute 0 800 47 47 88<\/strong><\/p><\/blockquote>\n\n\n\n<p class=\"has-text-align-justify has-background has-normal-font-size\" style=\"background-color:#ffffff;line-height:2\">Renforc\u00e9e durant le confinement, la ligne d\u2019\u00e9coute nationale des Petits fr\u00e8res des pauvres a re\u00e7u 280 appels par jour au lieu des 90 re\u00e7us pr\u00e9c\u00e9demment ! Les renforts se sont mobilis\u00e9s du c\u00f4t\u00e9 des b\u00e9n\u00e9voles \u00e9coutants. Ils ont pu absorber plus de 80 % des appels. Conform\u00e9ment \u00e0 sa ligne d\u2019action, cette ligne est r\u00e9serv\u00e9e aux personnes isol\u00e9es de plus de 50 ans \u2013appel gratuit, 7 jours sur 7, de 15 h \u00e0 20 h.<\/p>\n\n\n\n<h4 class=\"has-text-align-center wp-block-heading\">Depuis la fin progressive du confinement<\/h4>\n\n\n\n<p class=\"has-text-align-justify has-background has-normal-font-size\" style=\"background-color:#ffffff;line-height:2\">&nbsp;Le besoin de rencontre pr\u00e9sentielle s\u2019exprime. Les b\u00e9n\u00e9voles reprennent doucement les visites en respectant les gestes sanitaires recommand\u00e9s, parfois en engageant des \u00e9changes depuis les fen\u00eatres, balcons. Ils s\u2019assurent du bien-\u00eatre physique et moral des visit\u00e9s. Les EHPAD donnent plut\u00f4t la priorit\u00e9 aux familles. Des n\u00e9gociations sont men\u00e9es pour ne pas oublier les r\u00e9sidents isol\u00e9s et permettre des rendez-vous pr\u00e9sentiels avec les b\u00e9n\u00e9voles des Petits fr\u00e8res des pauvres, qui visitaient d\u00e9j\u00e0 certains r\u00e9sidents isol\u00e9s.<\/p>\n\n\n\n<h4 class=\"has-text-align-center wp-block-heading\">Salari\u00e9s et b\u00e9n\u00e9voles de l\u2019association ont resserr\u00e9 leurs liens<\/h4>\n\n\n\n<p class=\"has-text-align-justify has-background has-normal-font-size\" style=\"background-color:#ffffff;line-height:2\">Ensemble, ils ont \u0153uvr\u00e9 pour lutter contre cette situation exceptionnelle d\u2019isolement. <strong>Nous le vivions tous&nbsp;! <\/strong>t\u00e9moigne Margot, <strong>comment \u00eatre plus pr\u00e9sent aupr\u00e8s de nos a\u00een\u00e9s, leur assurer notre soutien, en les prot\u00e9geant&nbsp;? <\/strong>La solidarit\u00e9 l\u2019a emport\u00e9<strong>. <\/strong>B\u00e9n\u00e9voles et salari\u00e9s se sont mobilis\u00e9s davantage, les liens se sont resserr\u00e9s, des initiatives communes ont \u00e9merg\u00e9es. L\u2019isolement de chacun est devenu l\u2019affaire de tous, la protection de chacun aussi. Au niveau national, des soutiens individuels d\u2019\u00e9coute psychologiques \u00e9taient propos\u00e9s aux \u00e9quipes op\u00e9rantes. Ce souci de protection de l\u2019autre anime aussi les visit\u00e9s qui optent pour un maintien du contact t\u00e9l\u00e9phonique, la raison primant.<\/p>\n\n\n\n<h4 class=\"has-text-align-center wp-block-heading\"><strong>Un retentissement \u00e9largi<\/strong><\/h4>\n\n\n\n<p class=\"has-text-align-justify has-background has-normal-font-size\" style=\"background-color:#ffffff;line-height:2\">De nouveaux partenariats \u00e9mergent. Des bailleurs sociaux prennent contact spontan\u00e9ment avec l\u2019association, dont l\u2019action a \u00e9t\u00e9 relay\u00e9e et a b\u00e9n\u00e9fici\u00e9 de visibilit\u00e9 en cette p\u00e9riode de grande solidarit\u00e9.&nbsp; L\u2019association des Petits fr\u00e8res des pauvres propose de <strong>vivre une vie d\u2019\u00e9quipe pour, ensemble, lutter contre la pauvret\u00e9 et l\u2019exclusion<\/strong> ! L\u00e0 encore, elle a su assurer et se mobiliser.<\/p>\n\n\n\n<p><\/p>\n\n\n\n<p>*Photo de couverture. Margot, R\u00e9ginald, Yves et Fr\u00e9d\u00e9ric, les quatres coordinateurs de d\u00e9veloppement social de la F\u00e9d\u00e9ration d&rsquo;Ille-et-Vilaine<\/p>\n<\/div>\n<\/div>\n\n\n\n<figure class=\"wp-block-image size-large\"><a href=\"https:\/\/s.infolocale.fr\/?utm_source=blog&amp;utm_medium=banner&amp;utm_campaign=blog-contents\"><img fetchpriority=\"high\" decoding=\"async\" width=\"908\" height=\"196\" src=\"https:\/\/www.infolocale.fr\/blog\/wp-content\/uploads\/2021\/02\/Banniere_evenement.png\" alt=\"\" class=\"wp-image-5949\" srcset=\"https:\/\/www.infolocale.fr\/blog\/wp-content\/uploads\/2021\/02\/Banniere_evenement.png 908w, https:\/\/www.infolocale.fr\/blog\/wp-content\/uploads\/2021\/02\/Banniere_evenement-300x65.png 300w, https:\/\/www.infolocale.fr\/blog\/wp-content\/uploads\/2021\/02\/Banniere_evenement-768x166.png 768w, https:\/\/www.infolocale.fr\/blog\/wp-content\/uploads\/2021\/02\/Banniere_evenement-278x60.png 278w\" sizes=\"(max-width: 908px) 100vw, 908px\" \/><\/a><\/figure>\n\n\n\n<p><\/p>\n","protected":false},"excerpt":{"rendered":"<p>L\u2019association des Petits fr\u00e8res des pauvres est cr\u00e9\u00e9e en 1946, par Armand Marquiset, au nom \u00ab&nbsp;de la dignit\u00e9 de tout homme et de toute femme, [&hellip;]<\/p>\n","protected":false},"author":8,"featured_media":4198,"comment_status":"open","ping_status":"open","sticky":false,"template":"","format":"standard","meta":{"_coblocks_attr":"","_coblocks_dimensions":"","_coblocks_responsive_height":"","_coblocks_accordion_ie_support":"","_mo_disable_npp":"","footnotes":""},"categories":[6,8],"tags":[45],"class_list":["post-298","post","type-post","status-publish","format-standard","has-post-thumbnail","hentry","category-actu-acteurs-locaux","category-acteurs-locaux","tag-portraits"],"yoast_head":"<!-- This site is optimized with the Yoast SEO plugin v23.2 - https:\/\/yoast.com\/wordpress\/plugins\/seo\/ -->\n<title>Petits Fr\u00e8res des Pauvres : au service des personnes isol\u00e9es et pr\u00e9caires<\/title>\n<meta name=\"description\" content=\"\u00c0 Rennes, les Petits Fr\u00e8res des Pauvres comptent 1 200 b\u00e9n\u00e9voles. Ils soutiennent le retour au \u00ab\u00a0go\u00fbt des autres\u00a0\u00bb via les rencontres.\" \/>\n<meta name=\"robots\" content=\"index, follow, max-snippet:-1, max-image-preview:large, max-video-preview:-1\" \/>\n<link rel=\"canonical\" href=\"https:\/\/infolocale.ouest-france.fr\/blog\/petits-freres-des-pauvres\/\" \/>\n<meta property=\"og:locale\" content=\"fr_FR\" \/>\n<meta property=\"og:type\" content=\"article\" \/>\n<meta property=\"og:title\" content=\"Petits Fr\u00e8res des Pauvres : au service des personnes isol\u00e9es et pr\u00e9caires\" \/>\n<meta property=\"og:description\" content=\"\u00c0 Rennes, les Petits Fr\u00e8res des Pauvres comptent 1 200 b\u00e9n\u00e9voles. Ils soutiennent le retour au \u00ab\u00a0go\u00fbt des autres\u00a0\u00bb via les rencontres.\" \/>\n<meta property=\"og:url\" content=\"https:\/\/infolocale.ouest-france.fr\/blog\/petits-freres-des-pauvres\/\" \/>\n<meta property=\"article:publisher\" content=\"https:\/\/www.facebook.com\/infolocaleFR\/\" \/>\n<meta property=\"article:published_time\" content=\"2020-07-15T07:35:33+00:00\" \/>\n<meta property=\"article:modified_time\" content=\"2021-10-27T15:41:35+00:00\" \/>\n<meta property=\"og:image\" content=\"https:\/\/infolocale.ouest-france.fr\/blog\/wp-content\/uploads\/2020\/07\/petits-freres-des-pauvres.jpg\" \/>\n\t<meta property=\"og:image:width\" content=\"1632\" \/>\n\t<meta property=\"og:image:height\" content=\"1224\" \/>\n\t<meta property=\"og:image:type\" content=\"image\/jpeg\" \/>\n<meta name=\"author\" content=\"Myl\u00e8ne\" \/>\n<meta name=\"twitter:card\" content=\"summary_large_image\" \/>\n<meta name=\"twitter:creator\" content=\"@infolocale\" \/>\n<meta name=\"twitter:site\" content=\"@infolocale\" \/>\n<meta name=\"twitter:label1\" content=\"\u00c9crit par\" \/>\n\t<meta name=\"twitter:data1\" content=\"Myl\u00e8ne\" \/>\n\t<meta name=\"twitter:label2\" content=\"Dur\u00e9e de lecture estim\u00e9e\" \/>\n\t<meta name=\"twitter:data2\" content=\"8 minutes\" \/>\n<script type=\"application\/ld+json\" class=\"yoast-schema-graph\">{\"@context\":\"https:\/\/schema.org\",\"@graph\":[{\"@type\":\"Article\",\"@id\":\"https:\/\/infolocale.ouest-france.fr\/blog\/petits-freres-des-pauvres\/#article\",\"isPartOf\":{\"@id\":\"https:\/\/infolocale.ouest-france.fr\/blog\/petits-freres-des-pauvres\/\"},\"author\":{\"name\":\"Myl\u00e8ne\",\"@id\":\"https:\/\/www.infolocale.fr\/blog\/#\/schema\/person\/bf2dc50c6636ffa2ce3e44ef1f9eb97f\"},\"headline\":\"Les Petits Fr\u00e8res des Pauvres, au service des plus de 50 ans isol\u00e9s, en pr\u00e9carit\u00e9\",\"datePublished\":\"2020-07-15T07:35:33+00:00\",\"dateModified\":\"2021-10-27T15:41:35+00:00\",\"mainEntityOfPage\":{\"@id\":\"https:\/\/infolocale.ouest-france.fr\/blog\/petits-freres-des-pauvres\/\"},\"wordCount\":1916,\"commentCount\":0,\"publisher\":{\"@id\":\"https:\/\/www.infolocale.fr\/blog\/#organization\"},\"image\":{\"@id\":\"https:\/\/infolocale.ouest-france.fr\/blog\/petits-freres-des-pauvres\/#primaryimage\"},\"thumbnailUrl\":\"https:\/\/www.infolocale.fr\/blog\/wp-content\/uploads\/2020\/07\/petits-freres-des-pauvres.jpg\",\"keywords\":[\"Portraits\"],\"articleSection\":[\"En ce moment\",\"Portraits\"],\"inLanguage\":\"fr-FR\",\"potentialAction\":[{\"@type\":\"CommentAction\",\"name\":\"Comment\",\"target\":[\"https:\/\/infolocale.ouest-france.fr\/blog\/petits-freres-des-pauvres\/#respond\"]}]},{\"@type\":\"WebPage\",\"@id\":\"https:\/\/infolocale.ouest-france.fr\/blog\/petits-freres-des-pauvres\/\",\"url\":\"https:\/\/infolocale.ouest-france.fr\/blog\/petits-freres-des-pauvres\/\",\"name\":\"Petits Fr\u00e8res des Pauvres : au service des personnes isol\u00e9es et pr\u00e9caires\",\"isPartOf\":{\"@id\":\"https:\/\/www.infolocale.fr\/blog\/#website\"},\"primaryImageOfPage\":{\"@id\":\"https:\/\/infolocale.ouest-france.fr\/blog\/petits-freres-des-pauvres\/#primaryimage\"},\"image\":{\"@id\":\"https:\/\/infolocale.ouest-france.fr\/blog\/petits-freres-des-pauvres\/#primaryimage\"},\"thumbnailUrl\":\"https:\/\/www.infolocale.fr\/blog\/wp-content\/uploads\/2020\/07\/petits-freres-des-pauvres.jpg\",\"datePublished\":\"2020-07-15T07:35:33+00:00\",\"dateModified\":\"2021-10-27T15:41:35+00:00\",\"description\":\"\u00c0 Rennes, les Petits Fr\u00e8res des Pauvres comptent 1 200 b\u00e9n\u00e9voles. Ils soutiennent le retour au \u00ab\u00a0go\u00fbt des autres\u00a0\u00bb via les rencontres.\",\"breadcrumb\":{\"@id\":\"https:\/\/infolocale.ouest-france.fr\/blog\/petits-freres-des-pauvres\/#breadcrumb\"},\"inLanguage\":\"fr-FR\",\"potentialAction\":[{\"@type\":\"ReadAction\",\"target\":[\"https:\/\/infolocale.ouest-france.fr\/blog\/petits-freres-des-pauvres\/\"]}]},{\"@type\":\"ImageObject\",\"inLanguage\":\"fr-FR\",\"@id\":\"https:\/\/infolocale.ouest-france.fr\/blog\/petits-freres-des-pauvres\/#primaryimage\",\"url\":\"https:\/\/www.infolocale.fr\/blog\/wp-content\/uploads\/2020\/07\/petits-freres-des-pauvres.jpg\",\"contentUrl\":\"https:\/\/www.infolocale.fr\/blog\/wp-content\/uploads\/2020\/07\/petits-freres-des-pauvres.jpg\",\"width\":1632,\"height\":1224,\"caption\":\"Les Petits Fr\u00e8res des Pauvres, au service des 50 ans et + en situation d'isolement et de pr\u00e9carit\u00e9\"},{\"@type\":\"BreadcrumbList\",\"@id\":\"https:\/\/infolocale.ouest-france.fr\/blog\/petits-freres-des-pauvres\/#breadcrumb\",\"itemListElement\":[{\"@type\":\"ListItem\",\"position\":1,\"name\":\"Blog\",\"item\":\"https:\/\/infolocale.ouest-france.fr\/blog\/\"},{\"@type\":\"ListItem\",\"position\":2,\"name\":\"Portraits\",\"item\":\"https:\/\/infolocale.20minutes.fr\/blog\/cat\/acteurs-locaux\/\"},{\"@type\":\"ListItem\",\"position\":3,\"name\":\"Les Petits Fr\u00e8res des Pauvres, au service des plus de 50 ans isol\u00e9s, en pr\u00e9carit\u00e9\"}]},{\"@type\":\"WebSite\",\"@id\":\"https:\/\/www.infolocale.fr\/blog\/#website\",\"url\":\"https:\/\/www.infolocale.fr\/blog\/\",\"name\":\"\",\"description\":\"\",\"publisher\":{\"@id\":\"https:\/\/www.infolocale.fr\/blog\/#organization\"},\"potentialAction\":[{\"@type\":\"SearchAction\",\"target\":{\"@type\":\"EntryPoint\",\"urlTemplate\":\"https:\/\/www.infolocale.fr\/blog\/?s={search_term_string}\"},\"query-input\":\"required name=search_term_string\"}],\"inLanguage\":\"fr-FR\"},{\"@type\":\"Organization\",\"@id\":\"https:\/\/www.infolocale.fr\/blog\/#organization\",\"name\":\"Infolocale\",\"url\":\"https:\/\/www.infolocale.fr\/blog\/\",\"logo\":{\"@type\":\"ImageObject\",\"inLanguage\":\"fr-FR\",\"@id\":\"https:\/\/www.infolocale.fr\/blog\/#\/schema\/logo\/image\/\",\"url\":\"https:\/\/www.infolocale.fr\/blog\/wp-content\/uploads\/2020\/11\/logol.jpg\",\"contentUrl\":\"https:\/\/www.infolocale.fr\/blog\/wp-content\/uploads\/2020\/11\/logol.jpg\",\"width\":1031,\"height\":398,\"caption\":\"Infolocale\"},\"image\":{\"@id\":\"https:\/\/www.infolocale.fr\/blog\/#\/schema\/logo\/image\/\"},\"sameAs\":[\"https:\/\/www.facebook.com\/infolocaleFR\/\",\"https:\/\/x.com\/infolocale\",\"https:\/\/www.instagram.com\/infolocale\/\",\"https:\/\/fr.linkedin.com\/company\/infolocale\",\"https:\/\/www.youtube.com\/channel\/UCnv4FA8EYEuu_si3TGr7xeA\"]},{\"@type\":\"Person\",\"@id\":\"https:\/\/www.infolocale.fr\/blog\/#\/schema\/person\/bf2dc50c6636ffa2ce3e44ef1f9eb97f\",\"name\":\"Myl\u00e8ne\",\"image\":{\"@type\":\"ImageObject\",\"inLanguage\":\"fr-FR\",\"@id\":\"https:\/\/www.infolocale.fr\/blog\/#\/schema\/person\/image\/\",\"url\":\"https:\/\/secure.gravatar.com\/avatar\/49511f0ea4b41ed3062b218e30f07042?s=96&d=mm&r=g\",\"contentUrl\":\"https:\/\/secure.gravatar.com\/avatar\/49511f0ea4b41ed3062b218e30f07042?s=96&d=mm&r=g\",\"caption\":\"Myl\u00e8ne\"},\"url\":\"https:\/\/www.infolocale.fr\/blog\/author\/mylene-michel\/\"}]}<\/script>\n<!-- \/ Yoast SEO plugin. -->","yoast_head_json":{"title":"Petits Fr\u00e8res des Pauvres : au service des personnes isol\u00e9es et pr\u00e9caires","description":"\u00c0 Rennes, les Petits Fr\u00e8res des Pauvres comptent 1 200 b\u00e9n\u00e9voles. Ils soutiennent le retour au \u00ab\u00a0go\u00fbt des autres\u00a0\u00bb via les rencontres.","robots":{"index":"index","follow":"follow","max-snippet":"max-snippet:-1","max-image-preview":"max-image-preview:large","max-video-preview":"max-video-preview:-1"},"canonical":"https:\/\/infolocale.ouest-france.fr\/blog\/petits-freres-des-pauvres\/","og_locale":"fr_FR","og_type":"article","og_title":"Petits Fr\u00e8res des Pauvres : au service des personnes isol\u00e9es et pr\u00e9caires","og_description":"\u00c0 Rennes, les Petits Fr\u00e8res des Pauvres comptent 1 200 b\u00e9n\u00e9voles. Ils soutiennent le retour au \u00ab\u00a0go\u00fbt des autres\u00a0\u00bb via les rencontres.","og_url":"https:\/\/infolocale.ouest-france.fr\/blog\/petits-freres-des-pauvres\/","article_publisher":"https:\/\/www.facebook.com\/infolocaleFR\/","article_published_time":"2020-07-15T07:35:33+00:00","article_modified_time":"2021-10-27T15:41:35+00:00","og_image":[{"width":1632,"height":1224,"url":"https:\/\/infolocale.ouest-france.fr\/blog\/wp-content\/uploads\/2020\/07\/petits-freres-des-pauvres.jpg","type":"image\/jpeg"}],"author":"Myl\u00e8ne","twitter_card":"summary_large_image","twitter_creator":"@infolocale","twitter_site":"@infolocale","twitter_misc":{"\u00c9crit par":"Myl\u00e8ne","Dur\u00e9e de lecture estim\u00e9e":"8 minutes"},"schema":{"@context":"https:\/\/schema.org","@graph":[{"@type":"Article","@id":"https:\/\/infolocale.ouest-france.fr\/blog\/petits-freres-des-pauvres\/#article","isPartOf":{"@id":"https:\/\/infolocale.ouest-france.fr\/blog\/petits-freres-des-pauvres\/"},"author":{"name":"Myl\u00e8ne","@id":"https:\/\/www.infolocale.fr\/blog\/#\/schema\/person\/bf2dc50c6636ffa2ce3e44ef1f9eb97f"},"headline":"Les Petits Fr\u00e8res des Pauvres, au service des plus de 50 ans isol\u00e9s, en pr\u00e9carit\u00e9","datePublished":"2020-07-15T07:35:33+00:00","dateModified":"2021-10-27T15:41:35+00:00","mainEntityOfPage":{"@id":"https:\/\/infolocale.ouest-france.fr\/blog\/petits-freres-des-pauvres\/"},"wordCount":1916,"commentCount":0,"publisher":{"@id":"https:\/\/www.infolocale.fr\/blog\/#organization"},"image":{"@id":"https:\/\/infolocale.ouest-france.fr\/blog\/petits-freres-des-pauvres\/#primaryimage"},"thumbnailUrl":"https:\/\/www.infolocale.fr\/blog\/wp-content\/uploads\/2020\/07\/petits-freres-des-pauvres.jpg","keywords":["Portraits"],"articleSection":["En ce moment","Portraits"],"inLanguage":"fr-FR","potentialAction":[{"@type":"CommentAction","name":"Comment","target":["https:\/\/infolocale.ouest-france.fr\/blog\/petits-freres-des-pauvres\/#respond"]}]},{"@type":"WebPage","@id":"https:\/\/infolocale.ouest-france.fr\/blog\/petits-freres-des-pauvres\/","url":"https:\/\/infolocale.ouest-france.fr\/blog\/petits-freres-des-pauvres\/","name":"Petits Fr\u00e8res des Pauvres : au service des personnes isol\u00e9es et pr\u00e9caires","isPartOf":{"@id":"https:\/\/www.infolocale.fr\/blog\/#website"},"primaryImageOfPage":{"@id":"https:\/\/infolocale.ouest-france.fr\/blog\/petits-freres-des-pauvres\/#primaryimage"},"image":{"@id":"https:\/\/infolocale.ouest-france.fr\/blog\/petits-freres-des-pauvres\/#primaryimage"},"thumbnailUrl":"https:\/\/www.infolocale.fr\/blog\/wp-content\/uploads\/2020\/07\/petits-freres-des-pauvres.jpg","datePublished":"2020-07-15T07:35:33+00:00","dateModified":"2021-10-27T15:41:35+00:00","description":"\u00c0 Rennes, les Petits Fr\u00e8res des Pauvres comptent 1 200 b\u00e9n\u00e9voles. Ils soutiennent le retour au \u00ab\u00a0go\u00fbt des autres\u00a0\u00bb via les rencontres.","breadcrumb":{"@id":"https:\/\/infolocale.ouest-france.fr\/blog\/petits-freres-des-pauvres\/#breadcrumb"},"inLanguage":"fr-FR","potentialAction":[{"@type":"ReadAction","target":["https:\/\/infolocale.ouest-france.fr\/blog\/petits-freres-des-pauvres\/"]}]},{"@type":"ImageObject","inLanguage":"fr-FR","@id":"https:\/\/infolocale.ouest-france.fr\/blog\/petits-freres-des-pauvres\/#primaryimage","url":"https:\/\/www.infolocale.fr\/blog\/wp-content\/uploads\/2020\/07\/petits-freres-des-pauvres.jpg","contentUrl":"https:\/\/www.infolocale.fr\/blog\/wp-content\/uploads\/2020\/07\/petits-freres-des-pauvres.jpg","width":1632,"height":1224,"caption":"Les Petits Fr\u00e8res des Pauvres, au service des 50 ans et + en situation d'isolement et de pr\u00e9carit\u00e9"},{"@type":"BreadcrumbList","@id":"https:\/\/infolocale.ouest-france.fr\/blog\/petits-freres-des-pauvres\/#breadcrumb","itemListElement":[{"@type":"ListItem","position":1,"name":"Blog","item":"https:\/\/infolocale.ouest-france.fr\/blog\/"},{"@type":"ListItem","position":2,"name":"Portraits","item":"https:\/\/infolocale.20minutes.fr\/blog\/cat\/acteurs-locaux\/"},{"@type":"ListItem","position":3,"name":"Les Petits Fr\u00e8res des Pauvres, au service des plus de 50 ans isol\u00e9s, en pr\u00e9carit\u00e9"}]},{"@type":"WebSite","@id":"https:\/\/www.infolocale.fr\/blog\/#website","url":"https:\/\/www.infolocale.fr\/blog\/","name":"","description":"","publisher":{"@id":"https:\/\/www.infolocale.fr\/blog\/#organization"},"potentialAction":[{"@type":"SearchAction","target":{"@type":"EntryPoint","urlTemplate":"https:\/\/www.infolocale.fr\/blog\/?s={search_term_string}"},"query-input":"required name=search_term_string"}],"inLanguage":"fr-FR"},{"@type":"Organization","@id":"https:\/\/www.infolocale.fr\/blog\/#organization","name":"Infolocale","url":"https:\/\/www.infolocale.fr\/blog\/","logo":{"@type":"ImageObject","inLanguage":"fr-FR","@id":"https:\/\/www.infolocale.fr\/blog\/#\/schema\/logo\/image\/","url":"https:\/\/www.infolocale.fr\/blog\/wp-content\/uploads\/2020\/11\/logol.jpg","contentUrl":"https:\/\/www.infolocale.fr\/blog\/wp-content\/uploads\/2020\/11\/logol.jpg","width":1031,"height":398,"caption":"Infolocale"},"image":{"@id":"https:\/\/www.infolocale.fr\/blog\/#\/schema\/logo\/image\/"},"sameAs":["https:\/\/www.facebook.com\/infolocaleFR\/","https:\/\/x.com\/infolocale","https:\/\/www.instagram.com\/infolocale\/","https:\/\/fr.linkedin.com\/company\/infolocale","https:\/\/www.youtube.com\/channel\/UCnv4FA8EYEuu_si3TGr7xeA"]},{"@type":"Person","@id":"https:\/\/www.infolocale.fr\/blog\/#\/schema\/person\/bf2dc50c6636ffa2ce3e44ef1f9eb97f","name":"Myl\u00e8ne","image":{"@type":"ImageObject","inLanguage":"fr-FR","@id":"https:\/\/www.infolocale.fr\/blog\/#\/schema\/person\/image\/","url":"https:\/\/secure.gravatar.com\/avatar\/49511f0ea4b41ed3062b218e30f07042?s=96&d=mm&r=g","contentUrl":"https:\/\/secure.gravatar.com\/avatar\/49511f0ea4b41ed3062b218e30f07042?s=96&d=mm&r=g","caption":"Myl\u00e8ne"},"url":"https:\/\/www.infolocale.fr\/blog\/author\/mylene-michel\/"}]}},"_links":{"self":[{"href":"https:\/\/www.infolocale.fr\/blog\/wp-json\/wp\/v2\/posts\/298"}],"collection":[{"href":"https:\/\/www.infolocale.fr\/blog\/wp-json\/wp\/v2\/posts"}],"about":[{"href":"https:\/\/www.infolocale.fr\/blog\/wp-json\/wp\/v2\/types\/post"}],"author":[{"embeddable":true,"href":"https:\/\/www.infolocale.fr\/blog\/wp-json\/wp\/v2\/users\/8"}],"replies":[{"embeddable":true,"href":"https:\/\/www.infolocale.fr\/blog\/wp-json\/wp\/v2\/comments?post=298"}],"version-history":[{"count":0,"href":"https:\/\/www.infolocale.fr\/blog\/wp-json\/wp\/v2\/posts\/298\/revisions"}],"wp:featuredmedia":[{"embeddable":true,"href":"https:\/\/www.infolocale.fr\/blog\/wp-json\/wp\/v2\/media\/4198"}],"wp:attachment":[{"href":"https:\/\/www.infolocale.fr\/blog\/wp-json\/wp\/v2\/media?parent=298"}],"wp:term":[{"taxonomy":"category","embeddable":true,"href":"https:\/\/www.infolocale.fr\/blog\/wp-json\/wp\/v2\/categories?post=298"},{"taxonomy":"post_tag","embeddable":true,"href":"https:\/\/www.infolocale.fr\/blog\/wp-json\/wp\/v2\/tags?post=298"}],"curies":[{"name":"wp","href":"https:\/\/api.w.org\/{rel}","templated":true}]}}