{"id":29399,"date":"2026-04-23T15:10:54","date_gmt":"2026-04-23T13:10:54","guid":{"rendered":"https:\/\/www.infolocale.fr\/blog\/?p=29399"},"modified":"2026-05-05T09:21:09","modified_gmt":"2026-05-05T07:21:09","slug":"communication-elus-reussir-mandat","status":"publish","type":"post","link":"https:\/\/www.infolocale.fr\/blog\/communication-elus-reussir-mandat\/","title":{"rendered":"R\u00e9ussir son mandat d&rsquo;\u00e9lu : pourquoi la communication est votre meilleur levier ?"},"content":{"rendered":"\n<p class=\"has-black-color has-pale-cyan-blue-background-color has-text-color has-background has-link-color wp-elements-ea2698184fb223da1b1ed70d1e188415\"><mark style=\"background-color:#8ed1fc\" class=\"has-inline-color\">\u00catre \u00e9lu en 2026, ce n\u2019est plus seulement g\u00e9rer des dossiers techniques : c\u2019est avant tout agir au plus pr\u00e8s des habitants et entretenir le lien avec son territoire. Les r\u00e9centes \u00e9volutions l\u00e9gislatives renforcent cette dynamique en apportant plus de reconnaissance, de s\u00e9curit\u00e9 et de stabilit\u00e9 \u00e0 l\u2019engagement local. <br>Reste une question centrale : comment transformer ces nouvelles conditions en une pr\u00e9sence r\u00e9ellement visible et utile pour les citoyens ? C\u2019est l\u00e0 que la communication des \u00e9lus devient essentielle, en permettant de valoriser l\u2019action publique et de faire vivre les territoires au quotidien.<\/mark><\/p>\n\n\n\n<div class=\"wp-block-buttons is-content-justification-center is-layout-flex wp-block-buttons-is-layout-flex\">\n<div class=\"wp-block-button has-custom-width wp-block-button__width-75\"><a class=\"wp-block-button__link has-white-color has-luminous-vivid-amber-background-color has-text-color has-background\" href=\"https:\/\/www.infolocale.fr\/decouvrir\/collectivites\/?int_source=blog&amp;int_medium=banner&amp;int_campaign=blog-content-artcoll\">&gt;&gt; Je souhaite int\u00e9grer un agenda sur le site de ma collectivit\u00e9<\/a><\/div>\n<\/div>\n\n\n\n<p><\/p>\n\n\n\n<h2 class=\"wp-block-heading\">Le nouveau Statut de l&rsquo;\u00c9lu 2026 : de quoi parle-t-on ?<\/h2>\n\n\n\n<p><\/p>\n\n\n\n<p>Longtemps r\u00e9clam\u00e9e, la <a href=\"https:\/\/www.collectivites-locales.gouv.fr\/actualites\/un-nouveau-statut-de-lelu-local\">r\u00e9forme du Statut de l\u2019\u00c9lu<\/a> entre enfin en vigueur en 2026, avec une ambition claire : rendre l&rsquo;engagement local soutenable et attractif. Elle ouvre une nouvelle phase, o\u00f9 exercer un mandat devient plus compatible avec les exigences de la vie professionnelle et personnelle.<\/p>\n\n\n\n<p>Ce nouveau cadre repose sur un tr\u00e9pied in\u00e9dit :<\/p>\n\n\n\n<ul class=\"wp-block-list\">\n<li>une revalorisation des indemnit\u00e9s,<\/li>\n\n\n\n<li>une protection juridique renforc\u00e9e,<\/li>\n\n\n\n<li>des outils concrets pour concilier mandat et vie professionnelle.<\/li>\n<\/ul>\n\n\n\n<p>L&rsquo;\u00e9lu de 2026 b\u00e9n\u00e9ficie d\u00e9sormais d&rsquo;un v\u00e9ritable filet de s\u00e9curit\u00e9 sociale et d&rsquo;un accompagnement \u00e0 la reconversion, transformant l&rsquo;engagement citoyen en une exp\u00e9rience valoris\u00e9e.<\/p>\n\n\n\n<h2 class=\"wp-block-heading\">La communication de proximit\u00e9 : le premier service public&nbsp;<\/h2>\n\n\n\n<p><\/p>\n\n\n\n<p>Le nouveau statut de l&rsquo;\u00e9lu s\u00e9curise votre fonction, mais c&rsquo;est votre strat\u00e9gie de communication qui donne du sens \u00e0 votre mandat. Dans un contexte de surcharge informationnelle, une collectivit\u00e9 qui ne communique pas est une collectivit\u00e9 qui s&rsquo;efface.&nbsp;<\/p>\n\n\n\n<p>Voici comment&nbsp;passer \u00e0 l&rsquo;offensive&nbsp;:&nbsp;<\/p>\n\n\n\n<ul class=\"wp-block-list\">\n<li><strong>Valoriser l&rsquo;invisible :<\/strong>&nbsp;Ne parlez pas que des grands travaux. Communiquez sur les \u00ab\u00a0petites victoires\u00a0\u00bb du quotidien (nouvelle association, entretien des chemins, service de proximit\u00e9).&nbsp;<\/li>\n<\/ul>\n\n\n\n<ul class=\"wp-block-list\">\n<li><strong>Humaniser la fonction :<\/strong>&nbsp;Le statut 2026 reconna\u00eet l&rsquo;engagement de l&rsquo;\u00e9lu. Montrez les coulisses de votre travail pour cr\u00e9er de l&#8217;empathie et susciter, pourquoi pas, de nouvelles vocations.&nbsp;<\/li>\n<\/ul>\n\n\n\n<ul class=\"wp-block-list\">\n<li><strong>Instaurer un rituel :<\/strong>&nbsp;Que ce soit&nbsp;une br\u00e8ve hebdomadaire ou un point mensuel, cr\u00e9ez un rendez-vous attendu par vos administr\u00e9s afin de cr\u00e9er un lien constant.<\/li>\n<\/ul>\n\n\n\n<h2 class=\"wp-block-heading\">Guide pratique : 4 leviers de communication des \u00e9lus&nbsp;<\/h2>\n\n\n\n<p><\/p>\n\n\n\n<p>Vous avez maintenant le cadre l\u00e9gal pour agir sereinement. Voici comment l&rsquo;activer concr\u00e8tement sur le terrain.<\/p>\n\n\n\n<h3 class=\"wp-block-heading\"><strong>1. Recenser vos relais<\/strong><\/h3>\n\n\n\n<p>Listez toutes les associations et commerces qui font bouger votre commune. Ils sont vos premiers ambassadeurs.&nbsp;En identifiant ces forces vives, vous cr\u00e9ez un r\u00e9seau de confiance : lorsqu&rsquo;ils r\u00e9ussissent, c&rsquo;est tout le territoire qui rayonne. Maintenez ce contact pour que leurs actualit\u00e9s deviennent le reflet d&rsquo;une commune dynamique.<\/p>\n\n\n\n<h3 class=\"wp-block-heading\"><strong>2. Centraliser l&rsquo;information<\/strong><\/h3>\n\n\n\n<p>Ne vous \u00e9parpillez pas. Choisissez plut\u00f4t un point d&rsquo;entr\u00e9e unique pour diffuser vos annonces.&nbsp;Multiplier les saisies sur diff\u00e9rentes plateformes est la garantie de perdre du temps et de commettre des erreurs. En centralisant vos donn\u00e9es, vous reprenez le contr\u00f4le sur votre message et vous vous assurez que l&rsquo;information officielle est toujours \u00e0 jour et coh\u00e9rente.<\/p>\n\n\n\n<h3 class=\"wp-block-heading\"><strong>3. Jouer la carte de l&rsquo;omnipr\u00e9sence num\u00e9rique <\/strong><\/h3>\n\n\n\n<p>Vos administr\u00e9s sont sur leur t\u00e9l\u00e9phone, votre information doit y \u00eatre aussi. Qu&rsquo;il s&rsquo;agisse des r\u00e9seaux sociaux, d&rsquo;une application ou des journaux locaux, vous devez occuper l&rsquo;espace num\u00e9rique o\u00f9 vos citoyens consomment d\u00e9j\u00e0 l&rsquo;information. Une pr\u00e9sence digitale forte n&rsquo;est plus une option, c&rsquo;est le canal privil\u00e9gi\u00e9 pour toucher toutes les g\u00e9n\u00e9rations en temps r\u00e9el.<\/p>\n\n\n\n<h3 class=\"wp-block-heading\"><strong>4. Simplifier vos outils pour la communication des \u00e9lus<\/strong><\/h3>\n\n\n\n<p>Ne laissez plus la technique freiner vos actions. L\u2019enjeu est de simplifier votre quotidien num\u00e9rique pour rester concentr\u00e9 sur ce qui compte vraiment : le contact humain. Automatisez tout ce qui peut l&rsquo;\u00eatre \u2014 de la mise \u00e0 jour de votre site web \u00e0 la diffusion de contenu sur vos canaux de communication. En vous appuyant sur des outils simples et efficaces, vous pouvez vous consacrer pleinement \u00e0 l&rsquo;\u00e9change avec vos citoyens.<\/p>\n\n\n\n<h2 class=\"wp-block-heading\">Infolocale&nbsp;: votre alli\u00e9 pour communiquer sans vous \u00e9puiser&nbsp;<\/h2>\n\n\n\n<p><\/p>\n\n\n\n<p>Pour un \u00e9lu dont l&rsquo;agenda reste charg\u00e9, la communication ne doit plus \u00eatre une charge technique, mais un r\u00e9flexe int\u00e9gr\u00e9 au quotidien. C&rsquo;est ici qu&rsquo;<a href=\"https:\/\/www.infolocale.fr\/decouvrir\/collectivites\/\">Infolocale<\/a>, la solution de proximit\u00e9 de&nbsp;Ouest-France, devient votre meilleur alli\u00e9 strat\u00e9gique pour dynamiser votre territoire.&nbsp;Cette plateforme intuitive a \u00e9t\u00e9 con\u00e7ue pour centraliser vos informations locales et les propulser l\u00e0 o\u00f9 se trouvent vos citoyens, sans perte de temps.&nbsp;<\/p>\n\n\n\n<p>Pour transformer concr\u00e8tement votre visibilit\u00e9, la solution s&rsquo;appuie sur deux piliers majeurs :&nbsp;<\/p>\n\n\n\n<ul class=\"wp-block-list\">\n<li><strong>Une gestion centralis\u00e9e via l&rsquo;agenda :<\/strong>&nbsp;Plut\u00f4t que de multiplier les saisies,&nbsp;Infolocale&nbsp;vous permet de piloter un agenda territorial unique. Une fois l&rsquo;information renseign\u00e9e, elle alimente automatiquement vos propres supports (site web, application) et b\u00e9n\u00e9ficie de la visibilit\u00e9 Ouest-France.<\/li>\n<\/ul>\n\n\n\n<ul class=\"wp-block-list\">\n<li><strong>Un miroir de la vie locale :<\/strong> La plateforme valorise aussi les initiatives des acteurs du territoire (associations, commer\u00e7ants\u2026). Leurs actualit\u00e9s viennent enrichir vos supports sans effort suppl\u00e9mentaire. R\u00e9sultat : vos canaux restent vivants, avec un contenu vari\u00e9 et ancr\u00e9 dans la r\u00e9alit\u00e9 locale.<\/li>\n<\/ul>\n\n\n\n<h3 class=\"wp-block-heading\"><strong>Ils nous font confiance : le t\u00e9moignage de l&rsquo;Ille-et-Vilaine<\/strong>&nbsp;<\/h3>\n\n\n\n<p><\/p>\n\n\n\n<p>De nombreuses collectivit\u00e9s ont d\u00e9j\u00e0 franchi le pas pour simplifier leur quotidien et booster leur attractivit\u00e9. D\u00e9couvrez <a href=\"https:\/\/www.infolocale.fr\/decouvrir\/il-exploitants-temoignagecd35\/\">comment le&nbsp;D\u00e9partement d\u2019Ille-et-Vilaine&nbsp;utilise&nbsp;Infolocale<\/a>&nbsp;pour valoriser les initiatives de son territoire et renforcer le lien avec ses administr\u00e9s.&nbsp;<\/p>\n\n\n\n<p><\/p>\n\n\n\n<div class=\"wp-block-buttons is-content-justification-center is-layout-flex wp-block-buttons-is-layout-flex\">\n<div class=\"wp-block-button has-custom-width wp-block-button__width-75\"><a class=\"wp-block-button__link has-white-color has-luminous-vivid-amber-background-color has-text-color has-background\" href=\"https:\/\/www.infolocale.fr\/decouvrir\/collectivites\/?int_source=blog&amp;int_medium=banner&amp;int_campaign=blog-content-artcoll\">&gt;&gt; Je souhaite int\u00e9grer un agenda sur le site de ma collectivit\u00e9<\/a><\/div>\n<\/div>\n\n\n\n\n\n\n\n\n\n\n\n<p><\/p>\n\n\n\n<h2 class=\"wp-block-heading\">Conclusion : La communication des \u00e9lus, votre atout de proximit\u00e9&nbsp;<\/h2>\n\n\n\n<p><\/p>\n\n\n\n<p>Le nouveau statut de l\u2019\u00e9lu offre un cadre, mais c\u2019est votre communication qui lui donne du sens. En 2026, l&rsquo;\u00e9lu moderne est celui qui sait briser la distance pour devenir un v\u00e9ritable moteur d&rsquo;enthousiasme local. En simplifiant vos outils de diffusion, vous ne vous contentez pas de g\u00e9rer une commune : vous la faites rayonner.&nbsp;<\/p>\n\n\n\n<p><em>Faites de chaque projet une actualit\u00e9 partag\u00e9e : passez \u00e0 la vitesse sup\u00e9rieure avec&nbsp;<a href=\"https:\/\/www.infolocale.fr\/decouvrir\/collectivites\/\">Infolocale&nbsp;<\/a>et reconnectez-vous avec vos citoyens.<\/em>&nbsp;<\/p>\n\n\n\n<p><\/p>\n","protected":false},"excerpt":{"rendered":"<p>\u00catre \u00e9lu en 2026, ce n\u2019est plus seulement g\u00e9rer des dossiers techniques : c\u2019est avant tout agir au plus pr\u00e8s des habitants et entretenir le [&hellip;]<\/p>\n","protected":false},"author":22,"featured_media":29403,"comment_status":"open","ping_status":"open","sticky":false,"template":"","format":"standard","meta":{"_coblocks_attr":"","_coblocks_dimensions":"","_coblocks_responsive_height":"","_coblocks_accordion_ie_support":"","_mo_disable_npp":"","footnotes":""},"categories":[75],"tags":[],"class_list":["post-29399","post","type-post","status-publish","format-standard","has-post-thumbnail","hentry","category-communication-des-institutions-et-collectivites"],"yoast_head":"<!-- This site is optimized with the Yoast SEO plugin v23.2 - https:\/\/yoast.com\/wordpress\/plugins\/seo\/ -->\n<title>Communication des \u00e9lus : comment r\u00e9ussir votre mandat ?<\/title>\n<meta name=\"description\" content=\"Boostez la communication des \u00e9lus pour un mandat r\u00e9ussi. Retrouvez la proximit\u00e9 et le contact direct avec vos citoyens.\" \/>\n<meta name=\"robots\" content=\"index, follow, max-snippet:-1, max-image-preview:large, max-video-preview:-1\" \/>\n<link rel=\"canonical\" href=\"https:\/\/infolocale.ouest-france.fr\/blog\/communication-elus-reussir-mandat\/\" \/>\n<meta property=\"og:locale\" content=\"fr_FR\" \/>\n<meta property=\"og:type\" content=\"article\" \/>\n<meta property=\"og:title\" content=\"Communication des \u00e9lus : comment r\u00e9ussir votre mandat ?\" \/>\n<meta property=\"og:description\" content=\"Boostez la communication des \u00e9lus pour un mandat r\u00e9ussi. Retrouvez la proximit\u00e9 et le contact direct avec vos citoyens.\" \/>\n<meta property=\"og:url\" content=\"https:\/\/infolocale.ouest-france.fr\/blog\/communication-elus-reussir-mandat\/\" \/>\n<meta property=\"article:publisher\" content=\"https:\/\/www.facebook.com\/infolocaleFR\/\" \/>\n<meta property=\"article:published_time\" content=\"2026-04-23T13:10:54+00:00\" \/>\n<meta property=\"article:modified_time\" content=\"2026-05-05T07:21:09+00:00\" \/>\n<meta property=\"og:image\" content=\"https:\/\/infolocale.ouest-france.fr\/blog\/wp-content\/uploads\/2026\/04\/Article-SEO-NL-Collectivites.png\" \/>\n\t<meta property=\"og:image:width\" content=\"900\" \/>\n\t<meta property=\"og:image:height\" content=\"630\" \/>\n\t<meta property=\"og:image:type\" content=\"image\/png\" \/>\n<meta name=\"author\" content=\"Sarah Le Tennier\" \/>\n<meta name=\"twitter:card\" content=\"summary_large_image\" \/>\n<meta name=\"twitter:creator\" content=\"@infolocale\" \/>\n<meta name=\"twitter:site\" content=\"@infolocale\" \/>\n<meta name=\"twitter:label1\" content=\"\u00c9crit par\" \/>\n\t<meta name=\"twitter:data1\" content=\"Sarah Le Tennier\" \/>\n\t<meta name=\"twitter:label2\" content=\"Dur\u00e9e de lecture estim\u00e9e\" \/>\n\t<meta name=\"twitter:data2\" content=\"24 minutes\" \/>\n<script type=\"application\/ld+json\" class=\"yoast-schema-graph\">{\"@context\":\"https:\/\/schema.org\",\"@graph\":[{\"@type\":\"Article\",\"@id\":\"https:\/\/infolocale.ouest-france.fr\/blog\/communication-elus-reussir-mandat\/#article\",\"isPartOf\":{\"@id\":\"https:\/\/infolocale.ouest-france.fr\/blog\/communication-elus-reussir-mandat\/\"},\"author\":{\"name\":\"Sarah Le Tennier\",\"@id\":\"https:\/\/www.infolocale.fr\/blog\/#\/schema\/person\/995bb5e0129bc622123f3c63cc8ddac9\"},\"headline\":\"R\u00e9ussir son mandat d&rsquo;\u00e9lu : pourquoi la communication est votre meilleur levier ?\",\"datePublished\":\"2026-04-23T13:10:54+00:00\",\"dateModified\":\"2026-05-05T07:21:09+00:00\",\"mainEntityOfPage\":{\"@id\":\"https:\/\/infolocale.ouest-france.fr\/blog\/communication-elus-reussir-mandat\/\"},\"wordCount\":1012,\"commentCount\":0,\"publisher\":{\"@id\":\"https:\/\/www.infolocale.fr\/blog\/#organization\"},\"image\":{\"@id\":\"https:\/\/infolocale.ouest-france.fr\/blog\/communication-elus-reussir-mandat\/#primaryimage\"},\"thumbnailUrl\":\"https:\/\/www.infolocale.fr\/blog\/wp-content\/uploads\/2026\/04\/Article-SEO-NL-Collectivites.png\",\"articleSection\":[\"Communication des institutions et collectivit\u00e9s\"],\"inLanguage\":\"fr-FR\",\"potentialAction\":[{\"@type\":\"CommentAction\",\"name\":\"Comment\",\"target\":[\"https:\/\/infolocale.ouest-france.fr\/blog\/communication-elus-reussir-mandat\/#respond\"]}]},{\"@type\":\"WebPage\",\"@id\":\"https:\/\/infolocale.ouest-france.fr\/blog\/communication-elus-reussir-mandat\/\",\"url\":\"https:\/\/infolocale.ouest-france.fr\/blog\/communication-elus-reussir-mandat\/\",\"name\":\"Communication des \u00e9lus : comment r\u00e9ussir votre mandat ?\",\"isPartOf\":{\"@id\":\"https:\/\/www.infolocale.fr\/blog\/#website\"},\"primaryImageOfPage\":{\"@id\":\"https:\/\/infolocale.ouest-france.fr\/blog\/communication-elus-reussir-mandat\/#primaryimage\"},\"image\":{\"@id\":\"https:\/\/infolocale.ouest-france.fr\/blog\/communication-elus-reussir-mandat\/#primaryimage\"},\"thumbnailUrl\":\"https:\/\/www.infolocale.fr\/blog\/wp-content\/uploads\/2026\/04\/Article-SEO-NL-Collectivites.png\",\"datePublished\":\"2026-04-23T13:10:54+00:00\",\"dateModified\":\"2026-05-05T07:21:09+00:00\",\"description\":\"Boostez la communication des \u00e9lus pour un mandat r\u00e9ussi. Retrouvez la proximit\u00e9 et le contact direct avec vos citoyens.\",\"breadcrumb\":{\"@id\":\"https:\/\/infolocale.ouest-france.fr\/blog\/communication-elus-reussir-mandat\/#breadcrumb\"},\"inLanguage\":\"fr-FR\",\"potentialAction\":[{\"@type\":\"ReadAction\",\"target\":[\"https:\/\/infolocale.ouest-france.fr\/blog\/communication-elus-reussir-mandat\/\"]}]},{\"@type\":\"ImageObject\",\"inLanguage\":\"fr-FR\",\"@id\":\"https:\/\/infolocale.ouest-france.fr\/blog\/communication-elus-reussir-mandat\/#primaryimage\",\"url\":\"https:\/\/www.infolocale.fr\/blog\/wp-content\/uploads\/2026\/04\/Article-SEO-NL-Collectivites.png\",\"contentUrl\":\"https:\/\/www.infolocale.fr\/blog\/wp-content\/uploads\/2026\/04\/Article-SEO-NL-Collectivites.png\",\"width\":900,\"height\":630,\"caption\":\"Intervention d\u2019un \u00e9lu local en train de transmettre des informations lors d\u2019une rencontre citoyenne\"},{\"@type\":\"BreadcrumbList\",\"@id\":\"https:\/\/infolocale.ouest-france.fr\/blog\/communication-elus-reussir-mandat\/#breadcrumb\",\"itemListElement\":[{\"@type\":\"ListItem\",\"position\":1,\"name\":\"Blog\",\"item\":\"https:\/\/infolocale.ouest-france.fr\/blog\/\"},{\"@type\":\"ListItem\",\"position\":2,\"name\":\"Communication des institutions et collectivit\u00e9s\",\"item\":\"https:\/\/infolocale.ouest-france.fr\/blog\/cat\/communication-des-institutions-et-collectivites\/\"},{\"@type\":\"ListItem\",\"position\":3,\"name\":\"R\u00e9ussir son mandat d&rsquo;\u00e9lu : pourquoi la communication est votre meilleur levier ?\"}]},{\"@type\":\"WebSite\",\"@id\":\"https:\/\/www.infolocale.fr\/blog\/#website\",\"url\":\"https:\/\/www.infolocale.fr\/blog\/\",\"name\":\"\",\"description\":\"\",\"publisher\":{\"@id\":\"https:\/\/www.infolocale.fr\/blog\/#organization\"},\"potentialAction\":[{\"@type\":\"SearchAction\",\"target\":{\"@type\":\"EntryPoint\",\"urlTemplate\":\"https:\/\/www.infolocale.fr\/blog\/?s={search_term_string}\"},\"query-input\":\"required name=search_term_string\"}],\"inLanguage\":\"fr-FR\"},{\"@type\":\"Organization\",\"@id\":\"https:\/\/www.infolocale.fr\/blog\/#organization\",\"name\":\"Infolocale\",\"url\":\"https:\/\/www.infolocale.fr\/blog\/\",\"logo\":{\"@type\":\"ImageObject\",\"inLanguage\":\"fr-FR\",\"@id\":\"https:\/\/www.infolocale.fr\/blog\/#\/schema\/logo\/image\/\",\"url\":\"https:\/\/www.infolocale.fr\/blog\/wp-content\/uploads\/2020\/11\/logol.jpg\",\"contentUrl\":\"https:\/\/www.infolocale.fr\/blog\/wp-content\/uploads\/2020\/11\/logol.jpg\",\"width\":1031,\"height\":398,\"caption\":\"Infolocale\"},\"image\":{\"@id\":\"https:\/\/www.infolocale.fr\/blog\/#\/schema\/logo\/image\/\"},\"sameAs\":[\"https:\/\/www.facebook.com\/infolocaleFR\/\",\"https:\/\/x.com\/infolocale\",\"https:\/\/www.instagram.com\/infolocale\/\",\"https:\/\/fr.linkedin.com\/company\/infolocale\",\"https:\/\/www.youtube.com\/channel\/UCnv4FA8EYEuu_si3TGr7xeA\"]},{\"@type\":\"Person\",\"@id\":\"https:\/\/www.infolocale.fr\/blog\/#\/schema\/person\/995bb5e0129bc622123f3c63cc8ddac9\",\"name\":\"Sarah Le Tennier\",\"image\":{\"@type\":\"ImageObject\",\"inLanguage\":\"fr-FR\",\"@id\":\"https:\/\/www.infolocale.fr\/blog\/#\/schema\/person\/image\/\",\"url\":\"https:\/\/secure.gravatar.com\/avatar\/a3a0cf3cdd5fa123bd474291c46eceb0?s=96&d=mm&r=g\",\"contentUrl\":\"https:\/\/secure.gravatar.com\/avatar\/a3a0cf3cdd5fa123bd474291c46eceb0?s=96&d=mm&r=g\",\"caption\":\"Sarah Le Tennier\"},\"sameAs\":[\"https:\/\/www.infolocale.fr\/blog\/\"],\"url\":\"https:\/\/www.infolocale.fr\/blog\/author\/sarahletennier\/\"}]}<\/script>\n<!-- \/ Yoast SEO plugin. -->","yoast_head_json":{"title":"Communication des \u00e9lus : comment r\u00e9ussir votre mandat ?","description":"Boostez la communication des \u00e9lus pour un mandat r\u00e9ussi. Retrouvez la proximit\u00e9 et le contact direct avec vos citoyens.","robots":{"index":"index","follow":"follow","max-snippet":"max-snippet:-1","max-image-preview":"max-image-preview:large","max-video-preview":"max-video-preview:-1"},"canonical":"https:\/\/infolocale.ouest-france.fr\/blog\/communication-elus-reussir-mandat\/","og_locale":"fr_FR","og_type":"article","og_title":"Communication des \u00e9lus : comment r\u00e9ussir votre mandat ?","og_description":"Boostez la communication des \u00e9lus pour un mandat r\u00e9ussi. Retrouvez la proximit\u00e9 et le contact direct avec vos citoyens.","og_url":"https:\/\/infolocale.ouest-france.fr\/blog\/communication-elus-reussir-mandat\/","article_publisher":"https:\/\/www.facebook.com\/infolocaleFR\/","article_published_time":"2026-04-23T13:10:54+00:00","article_modified_time":"2026-05-05T07:21:09+00:00","og_image":[{"width":900,"height":630,"url":"https:\/\/infolocale.ouest-france.fr\/blog\/wp-content\/uploads\/2026\/04\/Article-SEO-NL-Collectivites.png","type":"image\/png"}],"author":"Sarah Le Tennier","twitter_card":"summary_large_image","twitter_creator":"@infolocale","twitter_site":"@infolocale","twitter_misc":{"\u00c9crit par":"Sarah Le Tennier","Dur\u00e9e de lecture estim\u00e9e":"24 minutes"},"schema":{"@context":"https:\/\/schema.org","@graph":[{"@type":"Article","@id":"https:\/\/infolocale.ouest-france.fr\/blog\/communication-elus-reussir-mandat\/#article","isPartOf":{"@id":"https:\/\/infolocale.ouest-france.fr\/blog\/communication-elus-reussir-mandat\/"},"author":{"name":"Sarah Le Tennier","@id":"https:\/\/www.infolocale.fr\/blog\/#\/schema\/person\/995bb5e0129bc622123f3c63cc8ddac9"},"headline":"R\u00e9ussir son mandat d&rsquo;\u00e9lu : pourquoi la communication est votre meilleur levier ?","datePublished":"2026-04-23T13:10:54+00:00","dateModified":"2026-05-05T07:21:09+00:00","mainEntityOfPage":{"@id":"https:\/\/infolocale.ouest-france.fr\/blog\/communication-elus-reussir-mandat\/"},"wordCount":1012,"commentCount":0,"publisher":{"@id":"https:\/\/www.infolocale.fr\/blog\/#organization"},"image":{"@id":"https:\/\/infolocale.ouest-france.fr\/blog\/communication-elus-reussir-mandat\/#primaryimage"},"thumbnailUrl":"https:\/\/www.infolocale.fr\/blog\/wp-content\/uploads\/2026\/04\/Article-SEO-NL-Collectivites.png","articleSection":["Communication des institutions et collectivit\u00e9s"],"inLanguage":"fr-FR","potentialAction":[{"@type":"CommentAction","name":"Comment","target":["https:\/\/infolocale.ouest-france.fr\/blog\/communication-elus-reussir-mandat\/#respond"]}]},{"@type":"WebPage","@id":"https:\/\/infolocale.ouest-france.fr\/blog\/communication-elus-reussir-mandat\/","url":"https:\/\/infolocale.ouest-france.fr\/blog\/communication-elus-reussir-mandat\/","name":"Communication des \u00e9lus : comment r\u00e9ussir votre mandat ?","isPartOf":{"@id":"https:\/\/www.infolocale.fr\/blog\/#website"},"primaryImageOfPage":{"@id":"https:\/\/infolocale.ouest-france.fr\/blog\/communication-elus-reussir-mandat\/#primaryimage"},"image":{"@id":"https:\/\/infolocale.ouest-france.fr\/blog\/communication-elus-reussir-mandat\/#primaryimage"},"thumbnailUrl":"https:\/\/www.infolocale.fr\/blog\/wp-content\/uploads\/2026\/04\/Article-SEO-NL-Collectivites.png","datePublished":"2026-04-23T13:10:54+00:00","dateModified":"2026-05-05T07:21:09+00:00","description":"Boostez la communication des \u00e9lus pour un mandat r\u00e9ussi. Retrouvez la proximit\u00e9 et le contact direct avec vos citoyens.","breadcrumb":{"@id":"https:\/\/infolocale.ouest-france.fr\/blog\/communication-elus-reussir-mandat\/#breadcrumb"},"inLanguage":"fr-FR","potentialAction":[{"@type":"ReadAction","target":["https:\/\/infolocale.ouest-france.fr\/blog\/communication-elus-reussir-mandat\/"]}]},{"@type":"ImageObject","inLanguage":"fr-FR","@id":"https:\/\/infolocale.ouest-france.fr\/blog\/communication-elus-reussir-mandat\/#primaryimage","url":"https:\/\/www.infolocale.fr\/blog\/wp-content\/uploads\/2026\/04\/Article-SEO-NL-Collectivites.png","contentUrl":"https:\/\/www.infolocale.fr\/blog\/wp-content\/uploads\/2026\/04\/Article-SEO-NL-Collectivites.png","width":900,"height":630,"caption":"Intervention d\u2019un \u00e9lu local en train de transmettre des informations lors d\u2019une rencontre citoyenne"},{"@type":"BreadcrumbList","@id":"https:\/\/infolocale.ouest-france.fr\/blog\/communication-elus-reussir-mandat\/#breadcrumb","itemListElement":[{"@type":"ListItem","position":1,"name":"Blog","item":"https:\/\/infolocale.ouest-france.fr\/blog\/"},{"@type":"ListItem","position":2,"name":"Communication des institutions et collectivit\u00e9s","item":"https:\/\/infolocale.ouest-france.fr\/blog\/cat\/communication-des-institutions-et-collectivites\/"},{"@type":"ListItem","position":3,"name":"R\u00e9ussir son mandat d&rsquo;\u00e9lu : pourquoi la communication est votre meilleur levier ?"}]},{"@type":"WebSite","@id":"https:\/\/www.infolocale.fr\/blog\/#website","url":"https:\/\/www.infolocale.fr\/blog\/","name":"","description":"","publisher":{"@id":"https:\/\/www.infolocale.fr\/blog\/#organization"},"potentialAction":[{"@type":"SearchAction","target":{"@type":"EntryPoint","urlTemplate":"https:\/\/www.infolocale.fr\/blog\/?s={search_term_string}"},"query-input":"required name=search_term_string"}],"inLanguage":"fr-FR"},{"@type":"Organization","@id":"https:\/\/www.infolocale.fr\/blog\/#organization","name":"Infolocale","url":"https:\/\/www.infolocale.fr\/blog\/","logo":{"@type":"ImageObject","inLanguage":"fr-FR","@id":"https:\/\/www.infolocale.fr\/blog\/#\/schema\/logo\/image\/","url":"https:\/\/www.infolocale.fr\/blog\/wp-content\/uploads\/2020\/11\/logol.jpg","contentUrl":"https:\/\/www.infolocale.fr\/blog\/wp-content\/uploads\/2020\/11\/logol.jpg","width":1031,"height":398,"caption":"Infolocale"},"image":{"@id":"https:\/\/www.infolocale.fr\/blog\/#\/schema\/logo\/image\/"},"sameAs":["https:\/\/www.facebook.com\/infolocaleFR\/","https:\/\/x.com\/infolocale","https:\/\/www.instagram.com\/infolocale\/","https:\/\/fr.linkedin.com\/company\/infolocale","https:\/\/www.youtube.com\/channel\/UCnv4FA8EYEuu_si3TGr7xeA"]},{"@type":"Person","@id":"https:\/\/www.infolocale.fr\/blog\/#\/schema\/person\/995bb5e0129bc622123f3c63cc8ddac9","name":"Sarah Le Tennier","image":{"@type":"ImageObject","inLanguage":"fr-FR","@id":"https:\/\/www.infolocale.fr\/blog\/#\/schema\/person\/image\/","url":"https:\/\/secure.gravatar.com\/avatar\/a3a0cf3cdd5fa123bd474291c46eceb0?s=96&d=mm&r=g","contentUrl":"https:\/\/secure.gravatar.com\/avatar\/a3a0cf3cdd5fa123bd474291c46eceb0?s=96&d=mm&r=g","caption":"Sarah Le Tennier"},"sameAs":["https:\/\/www.infolocale.fr\/blog\/"],"url":"https:\/\/www.infolocale.fr\/blog\/author\/sarahletennier\/"}]}},"_links":{"self":[{"href":"https:\/\/www.infolocale.fr\/blog\/wp-json\/wp\/v2\/posts\/29399"}],"collection":[{"href":"https:\/\/www.infolocale.fr\/blog\/wp-json\/wp\/v2\/posts"}],"about":[{"href":"https:\/\/www.infolocale.fr\/blog\/wp-json\/wp\/v2\/types\/post"}],"author":[{"embeddable":true,"href":"https:\/\/www.infolocale.fr\/blog\/wp-json\/wp\/v2\/users\/22"}],"replies":[{"embeddable":true,"href":"https:\/\/www.infolocale.fr\/blog\/wp-json\/wp\/v2\/comments?post=29399"}],"version-history":[{"count":0,"href":"https:\/\/www.infolocale.fr\/blog\/wp-json\/wp\/v2\/posts\/29399\/revisions"}],"wp:featuredmedia":[{"embeddable":true,"href":"https:\/\/www.infolocale.fr\/blog\/wp-json\/wp\/v2\/media\/29403"}],"wp:attachment":[{"href":"https:\/\/www.infolocale.fr\/blog\/wp-json\/wp\/v2\/media?parent=29399"}],"wp:term":[{"taxonomy":"category","embeddable":true,"href":"https:\/\/www.infolocale.fr\/blog\/wp-json\/wp\/v2\/categories?post=29399"},{"taxonomy":"post_tag","embeddable":true,"href":"https:\/\/www.infolocale.fr\/blog\/wp-json\/wp\/v2\/tags?post=29399"}],"curies":[{"name":"wp","href":"https:\/\/api.w.org\/{rel}","templated":true}]}}