{"id":29038,"date":"2026-01-16T15:18:37","date_gmt":"2026-01-16T14:18:37","guid":{"rendered":"https:\/\/www.infolocale.fr\/blog\/?p=29038"},"modified":"2026-04-27T15:49:31","modified_gmt":"2026-04-27T13:49:31","slug":"communication-territoriale","status":"publish","type":"post","link":"https:\/\/www.infolocale.fr\/blog\/communication-territoriale\/","title":{"rendered":"La communication territoriale : comment renforcer le lien social et l&rsquo;information citoyenne ?"},"content":{"rendered":"\n<p class=\"has-black-color has-pale-cyan-blue-background-color has-text-color has-background has-link-color wp-elements-281f8beae94e0ad1a4b9e4b3946c237f\"><mark style=\"background-color:#8ed1fc\" class=\"has-inline-color\">Faire vivre un territoire demande aujourd&rsquo;hui bien plus que de simples affichages administratifs. V\u00e9ritable pilier de la d\u00e9mocratie locale, la communication territoriale est devenue le moteur principal pour cr\u00e9er du lien entre les habitants et renforcer la confiance envers la collectivit\u00e9. Mais comment s&rsquo;adapter sans surcharger vos services ? Cet article vous propose une analyse claire des enjeux actuels et, surtout, des solutions pratiques pour agir. D\u00e9couvrez nos 4 leviers concrets pour moderniser votre strat\u00e9gie : de la centralisation de l&rsquo;information \u00e0 l&rsquo;automatisation des flux associatifs avec des outils comme Infolocale. Voici les cl\u00e9s pour une communication plus simple, plus humaine et r\u00e9solument tourn\u00e9e vers l&rsquo;action.<\/mark><\/p>\n\n\n\n<div class=\"wp-block-buttons is-content-justification-center is-layout-flex wp-block-buttons-is-layout-flex\">\n<div class=\"wp-block-button\"><a class=\"wp-block-button__link has-luminous-vivid-amber-background-color has-background\" href=\"https:\/\/www.infolocale.fr\/decouvrir\/collectivites\/?int_source=blog&amp;int_medium=banner&amp;int_campaign=blog-content-artcoll\">&gt;&gt; Collectivit\u00e9s : int\u00e9grez l&rsquo;agenda culturel de votre ville sur votre site internet<\/a><\/div>\n<\/div>\n\n\n\n<p><\/p>\n\n\n\n<p>La communication d\u2019une collectivit\u00e9 ne sert pas uniquement \u00e0 transmettre des horaires d\u2019ouverture ou des arr\u00eat\u00e9s municipaux. En effet, c\u2019est le c\u0153ur battant d\u2019un territoire. Pour qu\u2019une commune ou une intercommunalit\u00e9 soit vivante, dynamique et attractive, elle doit savoir parler \u00e0 ses habitants, mais aussi les \u00e9couter.<\/p>\n\n\n\n<p>D\u00e9sormais, l&rsquo;enjeu principal n&rsquo;est plus seulement d&rsquo;informer, mais de connecter. Comment transformer l&rsquo;information publique en un v\u00e9ritable outil de lien social ? Comment faire en sorte que chaque acteur du territoire (associations, commer\u00e7ants, citoyens) se sente concern\u00e9 et devienne lui-m\u00eame un moteur de ce dynamisme ? C\u2019est donc tout le d\u00e9fi d\u2019une communication territoriale moderne et efficace.<\/p>\n\n\n\n<h2 class=\"wp-block-heading\">L&rsquo;information citoyenne : la base de la confiance<\/h2>\n\n\n\n<p>Avant tout, pour parler de dynamisme, il faut parler de confiance. Les citoyens attendent de leur collectivit\u00e9 qu\u2019elle soit une source d\u2019<a href=\"https:\/\/www.lagazettedescommunes.com\/958794\/aller-vers-les-citoyens-pour-une-communication-plus-proche-et-plus-inclusive\/\">information citoyenne<\/a> fiable, claire et accessible.<\/p>\n\n\n\n<p>Concr\u00e8tement, une bonne communication territoriale permet de rendre l\u2019action locale lisible. Souvent, les habitants ignorent la richesse des services qui leur sont propos\u00e9s ou les projets qui transforment leur quartier. Ainsi, en communiquant r\u00e9guli\u00e8rement et simplement sur le \u00ab\u00a0concret\u00a0\u00bb (les travaux, les nouveaux am\u00e9nagements, les services aux familles), la collectivit\u00e9 montre qu&rsquo;elle agit pour le quotidien de chacun.<\/p>\n\n\n\n<p>Par cons\u00e9quent, cette transparence est indispensable. Un citoyen bien inform\u00e9 est un citoyen qui comprend mieux les d\u00e9cisions publiques et qui, de ce fait, adh\u00e8re davantage aux projets du territoire. L&rsquo;information ne doit pas \u00eatre subie, elle doit \u00eatre un service rendu \u00e0 l&rsquo;usager pour faciliter sa vie quotidienne.<\/p>\n\n\n\n<div class=\"wp-block-image\"><figure class=\"aligncenter size-large is-resized\"><a href=\"https:\/\/www.infolocale.fr\/decouvrir\/collectivites\/?utm_source=blog&amp;utm_medium=banner&amp;utm_campaign=blog-content-artcoll\"><img fetchpriority=\"high\" decoding=\"async\" src=\"https:\/\/www.infolocale.fr\/blog\/wp-content\/uploads\/2023\/03\/Bannieres-Blog-1024x910.png\" alt=\"\" class=\"wp-image-22379\" width=\"608\" height=\"540\" srcset=\"https:\/\/www.infolocale.fr\/blog\/wp-content\/uploads\/2023\/03\/Bannieres-Blog-1024x910.png 1024w, https:\/\/www.infolocale.fr\/blog\/wp-content\/uploads\/2023\/03\/Bannieres-Blog-300x267.png 300w, https:\/\/www.infolocale.fr\/blog\/wp-content\/uploads\/2023\/03\/Bannieres-Blog-768x683.png 768w, https:\/\/www.infolocale.fr\/blog\/wp-content\/uploads\/2023\/03\/Bannieres-Blog-1536x1366.png 1536w, https:\/\/www.infolocale.fr\/blog\/wp-content\/uploads\/2023\/03\/Bannieres-Blog.png 1875w\" sizes=\"(max-width: 608px) 100vw, 608px\" \/><\/a><\/figure><\/div>\n\n\n\n<p><\/p>\n\n\n\n<h2 class=\"wp-block-heading\">Passer \u00e0 l&rsquo;action : 4 leviers concrets pour optimiser votre communication territoriale<\/h2>\n\n\n\n<p>Mais comment traduire ces enjeux au quotidien ? Pour renforcer le lien social sans \u00e9puiser les \u00e9quipes, il est n\u00e9cessaire de repenser les processus de diffusion de l&rsquo;information. Voici donc les piliers d&rsquo;une strat\u00e9gie op\u00e9rationnelle efficace.<\/p>\n\n\n\n<h3 class=\"wp-block-heading\">1. Centraliser pour mieux diffuser (le principe du guichet unique)<\/h3>\n\n\n\n<p>L&rsquo;erreur classique consiste \u00e0 \u00e9parpiller l&rsquo;information : un agenda sur le site web, un autre sur une application mobile, et un troisi\u00e8me fichier pour le magazine papier. Le r\u00e9sultat est alors une information fragment\u00e9e et une charge de travail d\u00e9multipli\u00e9e pour les agents. Pourtant, la strat\u00e9gie gagnante repose sur l&rsquo;unicit\u00e9 de la donn\u00e9e : l&rsquo;information doit \u00eatre saisie une seule fois pour \u00eatre diffus\u00e9e automatiquement et instantan\u00e9ment sur l&rsquo;ensemble des supports (site, appli, panneaux, presse). Finalement, cela garantit une coh\u00e9rence parfaite et fiabilise l&rsquo;information pour le citoyen.<\/p>\n\n\n\n<h3 class=\"wp-block-heading\">2. Impliquer les associations dans la production de contenu<\/h3>\n\n\n\n<p>Il faut souligner que les associations sont les premiers producteurs d&rsquo;\u00e9v\u00e9nements locaux et constituent les v\u00e9ritables poumons de la vie locale. C&rsquo;est pourquoi, plut\u00f4t que de courir apr\u00e8s leurs actualit\u00e9s ou de ressaisir des flyers re\u00e7us par email, la collectivit\u00e9 a tout int\u00e9r\u00eat \u00e0 les rendre autonomes. C\u2019est ce que permet une solution comme <a href=\"https:\/\/www.infolocale.fr\/decouvrir\/collectivites\/\">Infolocale<\/a>, qui automatise la collecte des \u00e9v\u00e9nements associatifs pour alimenter directement des agendas th\u00e9matiques. En outre, en valorisant ainsi leur engagement sans effort technique suppl\u00e9mentaire, on s&rsquo;assure d&rsquo;une information exhaustive et \u00e0 jour. C&rsquo;est une marque de confiance qui transforme les acteurs locaux en v\u00e9ritables partenaires de la communication territoriale.<\/p>\n\n\n\n<h3 class=\"wp-block-heading\">3. Hybrider le papier et le num\u00e9rique<\/h3>\n\n\n\n<p>Toutefois, il ne faut pas opposer le journal municipal aux r\u00e9seaux sociaux ou au site internet. Bien que les publics soient diff\u00e9rents, les usages sont compl\u00e9mentaires. Le papier reste le m\u00e9dia de l&rsquo;accessibilit\u00e9 et du temps long, tandis que le num\u00e9rique permet la r\u00e9activit\u00e9 et l&rsquo;exhaustivit\u00e9. Ainsi, une <a href=\"https:\/\/www.ataraxy.fr\/article-communication-digitale-ou-communication-papier.php\">communication hybride<\/a> cr\u00e9e des passerelles naturelles entre ces supports : le magazine municipal peut par exemple mettre en avant une s\u00e9lection d&rsquo;\u00e9v\u00e9nements et inviter le lecteur, via un QR code, \u00e0 retrouver l&rsquo;agenda complet ou les photos de l&rsquo;\u00e9v\u00e9nement en ligne.<\/p>\n\n\n\n<h3 class=\"wp-block-heading\">4. Segmenter l&rsquo;information par centres d&rsquo;int\u00e9r\u00eat<\/h3>\n\n\n\n<p>De plus, le citoyen d&rsquo;aujourd&rsquo;hui est sollicit\u00e9 de toutes parts. Pour capter son attention, l&rsquo;information doit \u00eatre pertinente et cibl\u00e9e. En effet, envoyer une notification indiff\u00e9renci\u00e9e \u00e0 toute la population est souvent contre-productif. Il est donc pr\u00e9f\u00e9rable de proposer des flux d&rsquo;informations th\u00e9matiques (Culture\/Sorties, Travaux\/Urbanisme, Vie scolaire) et de laisser l&rsquo;habitant choisir ce qui l&rsquo;int\u00e9resse. Cette approche respecte les attentes des administr\u00e9s et renforce l&rsquo;impact des messages diffus\u00e9s.<\/p>\n\n\n\n<h2 class=\"wp-block-heading\">Une r\u00e9ponse technique au service du territoire : la solution Infolocale<\/h2>\n\n\n\n<p>C\u2019est pr\u00e9cis\u00e9ment pour accompagner les collectivit\u00e9s dans cette d\u00e9marche globale qu\u2019Infolocale a d\u00e9velopp\u00e9 sa <a href=\"https:\/\/www.infolocale.fr\/decouvrir\/collectivites\/\">solution de diffusion de l&rsquo;information locale<\/a>. En effet, en permettant l&rsquo;int\u00e9gration simple d&rsquo;agendas complets et la r\u00e9cup\u00e9ration automatique des flux d&rsquo;informations, l&rsquo;outil r\u00e9pond au besoin crucial de centralisation des donn\u00e9es.<\/p>\n\n\n\n<p>L&rsquo;avantage majeur de ce dispositif est qu&rsquo;il favorise aussi une communication territoriale fluide entre le territoire et ses acteurs : les associations et organisateurs voient leurs \u00e9v\u00e9nements valoris\u00e9s sans effort technique, tandis que la collectivit\u00e9 s&rsquo;assure d&rsquo;une diffusion multicanale coh\u00e9rente. Infolocale agit comme un facilitateur technique, transformant la gestion de l&rsquo;information en un levier puissant de dynamisme local.<\/p>\n\n\n\n<p>De nombreuses collectivit\u00e9s utilisent d\u00e9j\u00e0 Infolocale pour automatiser leurs agendas et valoriser leur tissu associatif. Vous pouvez consulter leurs <a href=\"https:\/\/www.infolocale.fr\/decouvrir\/collectivites\/\">t\u00e9moignages<\/a> pour d\u00e9couvrir les b\u00e9n\u00e9fices concrets de la solution sur le terrain.<\/p>\n\n\n\n<h2 class=\"wp-block-heading\">Conclusion : L&rsquo;outil au service de l&rsquo;humain<\/h2>\n\n\n\n<p>En somme, mettre en place ces actions concr\u00e8tes ne vise pas \u00e0 \u00ab\u00a0techniciser\u00a0\u00bb la relation citoyenne, mais au contraire \u00e0 lib\u00e9rer du temps pour l&rsquo;humain. Ainsi, en automatisant la diffusion et en simplifiant la collecte d&rsquo;informations, les agents de la communication territoriale peuvent se concentrer sur l&rsquo;essentiel : l&rsquo;\u00e9change, l&rsquo;accompagnement et l&rsquo;animation du territoire. Une communication bien outill\u00e9e est finalement une communication qui rapproche.<\/p>\n\n\n\n<p><\/p>\n\n\n\n<p><\/p>\n","protected":false},"excerpt":{"rendered":"<p>Faire vivre un territoire demande aujourd&rsquo;hui bien plus que de simples affichages administratifs. V\u00e9ritable pilier de la d\u00e9mocratie locale, la communication territoriale est devenue le [&hellip;]<\/p>\n","protected":false},"author":21,"featured_media":29039,"comment_status":"open","ping_status":"open","sticky":false,"template":"","format":"standard","meta":{"_coblocks_attr":"","_coblocks_dimensions":"","_coblocks_responsive_height":"","_coblocks_accordion_ie_support":"","_mo_disable_npp":"","footnotes":""},"categories":[75],"tags":[],"class_list":["post-29038","post","type-post","status-publish","format-standard","has-post-thumbnail","hentry","category-communication-des-institutions-et-collectivites"],"yoast_head":"<!-- This site is optimized with the Yoast SEO plugin v23.2 - https:\/\/yoast.com\/wordpress\/plugins\/seo\/ -->\n<title>La communication territoriale : comment renforcer le lien social et l&#039;information citoyenne ? |<\/title>\n<meta name=\"description\" content=\"D\u00e9couvrez les enjeux de la communication territoriale et 4 leviers strat\u00e9giques pour dynamiser votre collectivit\u00e9.\" \/>\n<meta name=\"robots\" content=\"index, follow, max-snippet:-1, max-image-preview:large, max-video-preview:-1\" \/>\n<link rel=\"canonical\" href=\"https:\/\/www.infolocale.fr\/blog\/communication-territoriale\/\" \/>\n<meta property=\"og:locale\" content=\"fr_FR\" \/>\n<meta property=\"og:type\" content=\"article\" \/>\n<meta property=\"og:title\" content=\"La communication territoriale : comment renforcer le lien social et l&#039;information citoyenne ? |\" \/>\n<meta property=\"og:description\" content=\"D\u00e9couvrez les enjeux de la communication territoriale et 4 leviers strat\u00e9giques pour dynamiser votre collectivit\u00e9.\" \/>\n<meta property=\"og:url\" content=\"https:\/\/www.infolocale.fr\/blog\/communication-territoriale\/\" \/>\n<meta property=\"article:publisher\" content=\"https:\/\/www.facebook.com\/infolocaleFR\/\" \/>\n<meta property=\"article:published_time\" content=\"2026-01-16T14:18:37+00:00\" \/>\n<meta property=\"article:modified_time\" content=\"2026-04-27T13:49:31+00:00\" \/>\n<meta property=\"og:image\" content=\"https:\/\/www.infolocale.fr\/blog\/wp-content\/uploads\/2026\/01\/Design-sans-titre-46.png\" \/>\n\t<meta property=\"og:image:width\" content=\"900\" \/>\n\t<meta property=\"og:image:height\" content=\"630\" \/>\n\t<meta property=\"og:image:type\" content=\"image\/png\" \/>\n<meta name=\"author\" content=\"Alicia Le Corre\" \/>\n<meta name=\"twitter:card\" content=\"summary_large_image\" \/>\n<meta name=\"twitter:creator\" content=\"@infolocale\" \/>\n<meta name=\"twitter:site\" content=\"@infolocale\" \/>\n<meta name=\"twitter:label1\" content=\"\u00c9crit par\" \/>\n\t<meta name=\"twitter:data1\" content=\"Alicia Le Corre\" \/>\n\t<meta name=\"twitter:label2\" content=\"Dur\u00e9e de lecture estim\u00e9e\" \/>\n\t<meta name=\"twitter:data2\" content=\"6 minutes\" \/>\n<script type=\"application\/ld+json\" class=\"yoast-schema-graph\">{\"@context\":\"https:\/\/schema.org\",\"@graph\":[{\"@type\":\"Article\",\"@id\":\"https:\/\/www.infolocale.fr\/blog\/communication-territoriale\/#article\",\"isPartOf\":{\"@id\":\"https:\/\/www.infolocale.fr\/blog\/communication-territoriale\/\"},\"author\":{\"name\":\"Alicia Le Corre\",\"@id\":\"https:\/\/www.infolocale.fr\/blog\/#\/schema\/person\/f2ecab0cfb121a5c8ce465880cd694a5\"},\"headline\":\"La communication territoriale : comment renforcer le lien social et l&rsquo;information citoyenne ?\",\"datePublished\":\"2026-01-16T14:18:37+00:00\",\"dateModified\":\"2026-04-27T13:49:31+00:00\",\"mainEntityOfPage\":{\"@id\":\"https:\/\/www.infolocale.fr\/blog\/communication-territoriale\/\"},\"wordCount\":1087,\"commentCount\":0,\"publisher\":{\"@id\":\"https:\/\/www.infolocale.fr\/blog\/#organization\"},\"image\":{\"@id\":\"https:\/\/www.infolocale.fr\/blog\/communication-territoriale\/#primaryimage\"},\"thumbnailUrl\":\"https:\/\/www.infolocale.fr\/blog\/wp-content\/uploads\/2026\/01\/Design-sans-titre-46.png\",\"articleSection\":[\"Communication des institutions et collectivit\u00e9s\"],\"inLanguage\":\"fr-FR\",\"potentialAction\":[{\"@type\":\"CommentAction\",\"name\":\"Comment\",\"target\":[\"https:\/\/www.infolocale.fr\/blog\/communication-territoriale\/#respond\"]}]},{\"@type\":\"WebPage\",\"@id\":\"https:\/\/www.infolocale.fr\/blog\/communication-territoriale\/\",\"url\":\"https:\/\/www.infolocale.fr\/blog\/communication-territoriale\/\",\"name\":\"La communication territoriale : comment renforcer le lien social et l'information citoyenne ? |\",\"isPartOf\":{\"@id\":\"https:\/\/www.infolocale.fr\/blog\/#website\"},\"primaryImageOfPage\":{\"@id\":\"https:\/\/www.infolocale.fr\/blog\/communication-territoriale\/#primaryimage\"},\"image\":{\"@id\":\"https:\/\/www.infolocale.fr\/blog\/communication-territoriale\/#primaryimage\"},\"thumbnailUrl\":\"https:\/\/www.infolocale.fr\/blog\/wp-content\/uploads\/2026\/01\/Design-sans-titre-46.png\",\"datePublished\":\"2026-01-16T14:18:37+00:00\",\"dateModified\":\"2026-04-27T13:49:31+00:00\",\"description\":\"D\u00e9couvrez les enjeux de la communication territoriale et 4 leviers strat\u00e9giques pour dynamiser votre collectivit\u00e9.\",\"breadcrumb\":{\"@id\":\"https:\/\/www.infolocale.fr\/blog\/communication-territoriale\/#breadcrumb\"},\"inLanguage\":\"fr-FR\",\"potentialAction\":[{\"@type\":\"ReadAction\",\"target\":[\"https:\/\/www.infolocale.fr\/blog\/communication-territoriale\/\"]}]},{\"@type\":\"ImageObject\",\"inLanguage\":\"fr-FR\",\"@id\":\"https:\/\/www.infolocale.fr\/blog\/communication-territoriale\/#primaryimage\",\"url\":\"https:\/\/www.infolocale.fr\/blog\/wp-content\/uploads\/2026\/01\/Design-sans-titre-46.png\",\"contentUrl\":\"https:\/\/www.infolocale.fr\/blog\/wp-content\/uploads\/2026\/01\/Design-sans-titre-46.png\",\"width\":900,\"height\":630,\"caption\":\"Une personne qui parle d'un plan de communication territoriale lors d'une r\u00e9union\"},{\"@type\":\"BreadcrumbList\",\"@id\":\"https:\/\/www.infolocale.fr\/blog\/communication-territoriale\/#breadcrumb\",\"itemListElement\":[{\"@type\":\"ListItem\",\"position\":1,\"name\":\"Blog\",\"item\":\"https:\/\/infolocale.ouest-france.fr\/blog\/\"},{\"@type\":\"ListItem\",\"position\":2,\"name\":\"Communication des institutions et collectivit\u00e9s\",\"item\":\"https:\/\/infolocale.ouest-france.fr\/blog\/cat\/communication-des-institutions-et-collectivites\/\"},{\"@type\":\"ListItem\",\"position\":3,\"name\":\"La communication territoriale : comment renforcer le lien social et l&rsquo;information citoyenne ?\"}]},{\"@type\":\"WebSite\",\"@id\":\"https:\/\/www.infolocale.fr\/blog\/#website\",\"url\":\"https:\/\/www.infolocale.fr\/blog\/\",\"name\":\"\",\"description\":\"\",\"publisher\":{\"@id\":\"https:\/\/www.infolocale.fr\/blog\/#organization\"},\"potentialAction\":[{\"@type\":\"SearchAction\",\"target\":{\"@type\":\"EntryPoint\",\"urlTemplate\":\"https:\/\/www.infolocale.fr\/blog\/?s={search_term_string}\"},\"query-input\":\"required name=search_term_string\"}],\"inLanguage\":\"fr-FR\"},{\"@type\":\"Organization\",\"@id\":\"https:\/\/www.infolocale.fr\/blog\/#organization\",\"name\":\"Infolocale\",\"url\":\"https:\/\/www.infolocale.fr\/blog\/\",\"logo\":{\"@type\":\"ImageObject\",\"inLanguage\":\"fr-FR\",\"@id\":\"https:\/\/www.infolocale.fr\/blog\/#\/schema\/logo\/image\/\",\"url\":\"https:\/\/www.infolocale.fr\/blog\/wp-content\/uploads\/2020\/11\/logol.jpg\",\"contentUrl\":\"https:\/\/www.infolocale.fr\/blog\/wp-content\/uploads\/2020\/11\/logol.jpg\",\"width\":1031,\"height\":398,\"caption\":\"Infolocale\"},\"image\":{\"@id\":\"https:\/\/www.infolocale.fr\/blog\/#\/schema\/logo\/image\/\"},\"sameAs\":[\"https:\/\/www.facebook.com\/infolocaleFR\/\",\"https:\/\/x.com\/infolocale\",\"https:\/\/www.instagram.com\/infolocale\/\",\"https:\/\/fr.linkedin.com\/company\/infolocale\",\"https:\/\/www.youtube.com\/channel\/UCnv4FA8EYEuu_si3TGr7xeA\"]},{\"@type\":\"Person\",\"@id\":\"https:\/\/www.infolocale.fr\/blog\/#\/schema\/person\/f2ecab0cfb121a5c8ce465880cd694a5\",\"name\":\"Alicia Le Corre\",\"image\":{\"@type\":\"ImageObject\",\"inLanguage\":\"fr-FR\",\"@id\":\"https:\/\/www.infolocale.fr\/blog\/#\/schema\/person\/image\/\",\"url\":\"https:\/\/secure.gravatar.com\/avatar\/52ca2fbd7b536bdc460ac24d98b8b8e9?s=96&d=mm&r=g\",\"contentUrl\":\"https:\/\/secure.gravatar.com\/avatar\/52ca2fbd7b536bdc460ac24d98b8b8e9?s=96&d=mm&r=g\",\"caption\":\"Alicia Le Corre\"},\"url\":\"https:\/\/www.infolocale.fr\/blog\/author\/alicia-lecorreouest-france-fr\/\"}]}<\/script>\n<!-- \/ Yoast SEO plugin. -->","yoast_head_json":{"title":"La communication territoriale : comment renforcer le lien social et l'information citoyenne ? |","description":"D\u00e9couvrez les enjeux de la communication territoriale et 4 leviers strat\u00e9giques pour dynamiser votre collectivit\u00e9.","robots":{"index":"index","follow":"follow","max-snippet":"max-snippet:-1","max-image-preview":"max-image-preview:large","max-video-preview":"max-video-preview:-1"},"canonical":"https:\/\/www.infolocale.fr\/blog\/communication-territoriale\/","og_locale":"fr_FR","og_type":"article","og_title":"La communication territoriale : comment renforcer le lien social et l'information citoyenne ? |","og_description":"D\u00e9couvrez les enjeux de la communication territoriale et 4 leviers strat\u00e9giques pour dynamiser votre collectivit\u00e9.","og_url":"https:\/\/www.infolocale.fr\/blog\/communication-territoriale\/","article_publisher":"https:\/\/www.facebook.com\/infolocaleFR\/","article_published_time":"2026-01-16T14:18:37+00:00","article_modified_time":"2026-04-27T13:49:31+00:00","og_image":[{"width":900,"height":630,"url":"https:\/\/www.infolocale.fr\/blog\/wp-content\/uploads\/2026\/01\/Design-sans-titre-46.png","type":"image\/png"}],"author":"Alicia Le Corre","twitter_card":"summary_large_image","twitter_creator":"@infolocale","twitter_site":"@infolocale","twitter_misc":{"\u00c9crit par":"Alicia Le Corre","Dur\u00e9e de lecture estim\u00e9e":"6 minutes"},"schema":{"@context":"https:\/\/schema.org","@graph":[{"@type":"Article","@id":"https:\/\/www.infolocale.fr\/blog\/communication-territoriale\/#article","isPartOf":{"@id":"https:\/\/www.infolocale.fr\/blog\/communication-territoriale\/"},"author":{"name":"Alicia Le Corre","@id":"https:\/\/www.infolocale.fr\/blog\/#\/schema\/person\/f2ecab0cfb121a5c8ce465880cd694a5"},"headline":"La communication territoriale : comment renforcer le lien social et l&rsquo;information citoyenne ?","datePublished":"2026-01-16T14:18:37+00:00","dateModified":"2026-04-27T13:49:31+00:00","mainEntityOfPage":{"@id":"https:\/\/www.infolocale.fr\/blog\/communication-territoriale\/"},"wordCount":1087,"commentCount":0,"publisher":{"@id":"https:\/\/www.infolocale.fr\/blog\/#organization"},"image":{"@id":"https:\/\/www.infolocale.fr\/blog\/communication-territoriale\/#primaryimage"},"thumbnailUrl":"https:\/\/www.infolocale.fr\/blog\/wp-content\/uploads\/2026\/01\/Design-sans-titre-46.png","articleSection":["Communication des institutions et collectivit\u00e9s"],"inLanguage":"fr-FR","potentialAction":[{"@type":"CommentAction","name":"Comment","target":["https:\/\/www.infolocale.fr\/blog\/communication-territoriale\/#respond"]}]},{"@type":"WebPage","@id":"https:\/\/www.infolocale.fr\/blog\/communication-territoriale\/","url":"https:\/\/www.infolocale.fr\/blog\/communication-territoriale\/","name":"La communication territoriale : comment renforcer le lien social et l'information citoyenne ? |","isPartOf":{"@id":"https:\/\/www.infolocale.fr\/blog\/#website"},"primaryImageOfPage":{"@id":"https:\/\/www.infolocale.fr\/blog\/communication-territoriale\/#primaryimage"},"image":{"@id":"https:\/\/www.infolocale.fr\/blog\/communication-territoriale\/#primaryimage"},"thumbnailUrl":"https:\/\/www.infolocale.fr\/blog\/wp-content\/uploads\/2026\/01\/Design-sans-titre-46.png","datePublished":"2026-01-16T14:18:37+00:00","dateModified":"2026-04-27T13:49:31+00:00","description":"D\u00e9couvrez les enjeux de la communication territoriale et 4 leviers strat\u00e9giques pour dynamiser votre collectivit\u00e9.","breadcrumb":{"@id":"https:\/\/www.infolocale.fr\/blog\/communication-territoriale\/#breadcrumb"},"inLanguage":"fr-FR","potentialAction":[{"@type":"ReadAction","target":["https:\/\/www.infolocale.fr\/blog\/communication-territoriale\/"]}]},{"@type":"ImageObject","inLanguage":"fr-FR","@id":"https:\/\/www.infolocale.fr\/blog\/communication-territoriale\/#primaryimage","url":"https:\/\/www.infolocale.fr\/blog\/wp-content\/uploads\/2026\/01\/Design-sans-titre-46.png","contentUrl":"https:\/\/www.infolocale.fr\/blog\/wp-content\/uploads\/2026\/01\/Design-sans-titre-46.png","width":900,"height":630,"caption":"Une personne qui parle d'un plan de communication territoriale lors d'une r\u00e9union"},{"@type":"BreadcrumbList","@id":"https:\/\/www.infolocale.fr\/blog\/communication-territoriale\/#breadcrumb","itemListElement":[{"@type":"ListItem","position":1,"name":"Blog","item":"https:\/\/infolocale.ouest-france.fr\/blog\/"},{"@type":"ListItem","position":2,"name":"Communication des institutions et collectivit\u00e9s","item":"https:\/\/infolocale.ouest-france.fr\/blog\/cat\/communication-des-institutions-et-collectivites\/"},{"@type":"ListItem","position":3,"name":"La communication territoriale : comment renforcer le lien social et l&rsquo;information citoyenne ?"}]},{"@type":"WebSite","@id":"https:\/\/www.infolocale.fr\/blog\/#website","url":"https:\/\/www.infolocale.fr\/blog\/","name":"","description":"","publisher":{"@id":"https:\/\/www.infolocale.fr\/blog\/#organization"},"potentialAction":[{"@type":"SearchAction","target":{"@type":"EntryPoint","urlTemplate":"https:\/\/www.infolocale.fr\/blog\/?s={search_term_string}"},"query-input":"required name=search_term_string"}],"inLanguage":"fr-FR"},{"@type":"Organization","@id":"https:\/\/www.infolocale.fr\/blog\/#organization","name":"Infolocale","url":"https:\/\/www.infolocale.fr\/blog\/","logo":{"@type":"ImageObject","inLanguage":"fr-FR","@id":"https:\/\/www.infolocale.fr\/blog\/#\/schema\/logo\/image\/","url":"https:\/\/www.infolocale.fr\/blog\/wp-content\/uploads\/2020\/11\/logol.jpg","contentUrl":"https:\/\/www.infolocale.fr\/blog\/wp-content\/uploads\/2020\/11\/logol.jpg","width":1031,"height":398,"caption":"Infolocale"},"image":{"@id":"https:\/\/www.infolocale.fr\/blog\/#\/schema\/logo\/image\/"},"sameAs":["https:\/\/www.facebook.com\/infolocaleFR\/","https:\/\/x.com\/infolocale","https:\/\/www.instagram.com\/infolocale\/","https:\/\/fr.linkedin.com\/company\/infolocale","https:\/\/www.youtube.com\/channel\/UCnv4FA8EYEuu_si3TGr7xeA"]},{"@type":"Person","@id":"https:\/\/www.infolocale.fr\/blog\/#\/schema\/person\/f2ecab0cfb121a5c8ce465880cd694a5","name":"Alicia Le Corre","image":{"@type":"ImageObject","inLanguage":"fr-FR","@id":"https:\/\/www.infolocale.fr\/blog\/#\/schema\/person\/image\/","url":"https:\/\/secure.gravatar.com\/avatar\/52ca2fbd7b536bdc460ac24d98b8b8e9?s=96&d=mm&r=g","contentUrl":"https:\/\/secure.gravatar.com\/avatar\/52ca2fbd7b536bdc460ac24d98b8b8e9?s=96&d=mm&r=g","caption":"Alicia Le Corre"},"url":"https:\/\/www.infolocale.fr\/blog\/author\/alicia-lecorreouest-france-fr\/"}]}},"_links":{"self":[{"href":"https:\/\/www.infolocale.fr\/blog\/wp-json\/wp\/v2\/posts\/29038"}],"collection":[{"href":"https:\/\/www.infolocale.fr\/blog\/wp-json\/wp\/v2\/posts"}],"about":[{"href":"https:\/\/www.infolocale.fr\/blog\/wp-json\/wp\/v2\/types\/post"}],"author":[{"embeddable":true,"href":"https:\/\/www.infolocale.fr\/blog\/wp-json\/wp\/v2\/users\/21"}],"replies":[{"embeddable":true,"href":"https:\/\/www.infolocale.fr\/blog\/wp-json\/wp\/v2\/comments?post=29038"}],"version-history":[{"count":0,"href":"https:\/\/www.infolocale.fr\/blog\/wp-json\/wp\/v2\/posts\/29038\/revisions"}],"wp:featuredmedia":[{"embeddable":true,"href":"https:\/\/www.infolocale.fr\/blog\/wp-json\/wp\/v2\/media\/29039"}],"wp:attachment":[{"href":"https:\/\/www.infolocale.fr\/blog\/wp-json\/wp\/v2\/media?parent=29038"}],"wp:term":[{"taxonomy":"category","embeddable":true,"href":"https:\/\/www.infolocale.fr\/blog\/wp-json\/wp\/v2\/categories?post=29038"},{"taxonomy":"post_tag","embeddable":true,"href":"https:\/\/www.infolocale.fr\/blog\/wp-json\/wp\/v2\/tags?post=29038"}],"curies":[{"name":"wp","href":"https:\/\/api.w.org\/{rel}","templated":true}]}}