{"id":28152,"date":"2025-09-15T17:00:45","date_gmt":"2025-09-15T15:00:45","guid":{"rendered":"https:\/\/www.infolocale.fr\/blog\/?p=28152"},"modified":"2025-09-17T15:06:19","modified_gmt":"2025-09-17T13:06:19","slug":"relations-avec-les-medias-strategies-et-enjeux-pour-les-federations","status":"publish","type":"post","link":"https:\/\/www.infolocale.fr\/blog\/relations-avec-les-medias-strategies-et-enjeux-pour-les-federations\/","title":{"rendered":"Relations m\u00e9dias : strat\u00e9gies et enjeux pour les f\u00e9d\u00e9rations"},"content":{"rendered":"\n<blockquote class=\"wp-block-quote is-layout-flow wp-block-quote-is-layout-flow\">\n<p class=\"has-pale-cyan-blue-background-color has-background\"><strong>Ma\u00eetriser les relations m\u00e9dias<\/strong> est essentiel pour une f\u00e9d\u00e9ration afin d&rsquo;assurer visibilit\u00e9, influence et r\u00e9putation dans un \u00e9cosyst\u00e8me m\u00e9diatique complexe.<br>&#8211; Les <strong>relations m\u00e9dias<\/strong> englobent d\u00e9sormais<strong> journalistes<\/strong>, <strong>influenceurs<\/strong> et <strong>cr\u00e9ateurs de contenu<\/strong>, dans une logique de confiance, d\u2019\u00e9thique et de pertinence.<br>&#8211; <strong>Bonnes pratiques presse<\/strong> : personnalisation, anticipation et suivi des retomb\u00e9es sont les cl\u00e9s d\u2019une communication presse efficace et durable.<br>&#8211; <strong>Les r\u00e9seaux sociaux<\/strong> renforcent l\u2019impact des relations presse en permettant veille, r\u00e9activit\u00e9 et ajustement en temps r\u00e9el.<br>&#8211; <strong>Infolocale<\/strong> offre aux f\u00e9d\u00e9rations un levier simple et puissant pour valoriser leurs actions localement et toucher un large public.<br>&#8211; M\u00e9dias traditionnels + digitaux : l\u2019efficacit\u00e9 r\u00e9side dans la <strong>compl\u00e9mentarit\u00e9<\/strong> entre cr\u00e9dibilit\u00e9 des <strong>m\u00e9dias traditionnels<\/strong> et proximit\u00e9 des <strong>m\u00e9dias digitaux<\/strong>.<br>&#8211; <strong>Mesurer son impact<\/strong> : analyser les r\u00e9sultats via des indicateurs clairs permet d\u2019ajuster la strat\u00e9gie de communication pour plus d\u2019efficacit\u00e9.<\/p>\n\n\n\n<p><\/p>\n<\/blockquote>\n\n\n\n<div class=\"wp-block-buttons is-content-justification-center is-layout-flex wp-container-core-buttons-is-layout-1 wp-block-buttons-is-layout-flex\">\n<div class=\"wp-block-button\"><a class=\"wp-block-button__link has-background has-text-align-center wp-element-button\" href=\"https:\/\/www.infolocale.fr\/decouvrir\/il-exploitants-contacts\/?int_source=blog&amp;int_medium=banner&amp;int_campaign=blog-content\" style=\"background-color:#0c1b2e\"><strong>&gt;&gt; Demandez une d\u00e9mo<\/strong><\/a><\/div>\n<\/div>\n\n\n\n<p><\/p>\n\n\n\n<p><strong>La gestion des relations m\u00e9dias<\/strong> repr\u00e9sente un enjeu majeur pour les f\u00e9d\u00e9rations en 2025. Cette discipline, qui va au-del\u00e0 des simples relations presse traditionnelles, englobe d\u00e9sormais les interactions avec les journalistes, les influenceurs et les nouveaux m\u00e9dias digitaux.&nbsp;<br>Pour rester visibles, prot\u00e9ger leur r\u00e9putation et tisser des liens durables, les f\u00e9d\u00e9rations doivent adapter leurs strat\u00e9gies \u00e0 un \u00e9cosyst\u00e8me m\u00e9diatique en constante \u00e9volution. La ma\u00eetrise de ces relations devient un v\u00e9ritable atout strat\u00e9gique dans un paysage fragment\u00e9.<\/p>\n\n\n\n<h2 class=\"wp-block-heading\">Que signifie \u00ab relations m\u00e9dias \u00bb aujourd\u2019hui ?<\/h2>\n\n\n\n<p><strong>Les relations m\u00e9dias <\/strong>ne se r\u00e9sument plus \u00e0 envoyer des communiqu\u00e9s de presse. Il s\u2019agit de <strong>b\u00e2tir une relation de confiance<\/strong> avec des journalistes, blogueurs ou cr\u00e9ateurs de contenu, en leur proposant des informations fiables, pertinentes et bien pr\u00e9sent\u00e9es.<\/p>\n\n\n\n<p>La fronti\u00e8re entre <strong>relations presse<\/strong> et <strong>relations publiques<\/strong> est de plus en plus floue. Une f\u00e9d\u00e9ration sportive, par exemple, peut annoncer ses actualit\u00e9s sur son site tout en collaborant avec des cr\u00e9ateurs sur Instagram ou YouTube pour \u00e9largir sa port\u00e9e.<\/p>\n\n\n\n<p>Dans cet environnement, <strong>l\u2019\u00e9thique<\/strong> reste primordiale. Le Code d\u2019Ath\u00e8nes rappelle l\u2019importance de la transparence et du respect des faits \u2013 des principes essentiels \u00e0 toute strat\u00e9gie de communication responsable.<\/p>\n\n\n\n<h2 class=\"wp-block-heading\">Relations presse : les bons r\u00e9flexes pour les f\u00e9d\u00e9rations<\/h2>\n\n\n\n<p>Bien communiquer avec les m\u00e9dias ne s\u2019improvise pas. Cela repose sur quelques <strong>fondamentaux.<\/strong><\/p>\n\n\n\n<p>D&rsquo;une part, un&nbsp;<strong>bon dossier de presse<\/strong> n\u2019est pas un simple empilement de faits : il doit proposer un angle journalistique, adapt\u00e9 au secteur vis\u00e9.<\/p>\n\n\n\n<p><strong>D&rsquo;autre part, le contact humain<\/strong> reste cl\u00e9 : organiser, par exemple, des petits-d\u00e9jeuners presse permet de tisser des liens durables avec les r\u00e9dactions.<\/p>\n\n\n\n<p>Trois r\u00e9flexes sont \u00e0 adopter :<\/p>\n\n\n\n<ul class=\"wp-block-list\">\n<li>Personnaliser chaque prise de contact<\/li>\n\n\n\n<li>Anticiper les attentes des journalistes<\/li>\n\n\n\n<li>Mesurer les retomb\u00e9es pour ajuster sa strat\u00e9gie<\/li>\n<\/ul>\n\n\n\n<p>Ces pratiques permettent de transformer les <strong>relations m\u00e9dias<\/strong> en <strong>v\u00e9ritable levier de visibilit et d\u2019influence<\/strong>.<\/p>\n\n\n\n<h2 class=\"wp-block-heading\">M\u00e9dias sociaux &amp; relations presse : un duo gagnant<\/h2>\n\n\n\n<p>En 2025, les <strong>r\u00e9seaux sociaux<\/strong> ne sont plus seulement un outil de diffusion : ce sont de v\u00e9ritables <strong>barom\u00e8tres en temps r\u00e9el<\/strong>.<\/p>\n\n\n\n<p>Les retours du public permettent d\u2019ajuster les messages, de tester des formats, et d\u2019anticiper les attentes. LinkedIn, Facebook, Instagram sont aussi des&nbsp;<strong>espaces de veille pour les journalistes<\/strong>. Une f\u00e9d\u00e9ration qui y prend la parole gagne en r\u00e9activit\u00e9\u2026 et en influence.<\/p>\n\n\n\n<p>Les outils d\u2019\u00e9coute sociale offrent aux f\u00e9d\u00e9rations une capacit\u00e9 pr\u00e9cieuse \u00e0 rep\u00e9rer les signaux faibles, d\u00e9tecter les tendances \u00e9mergentes et anticiper les crises avant m\u00eame qu\u2019elles ne se manifestent publiquement.<\/p>\n\n\n\n<p>Un duo \u00e0 la fois agile, connect\u00e9 et strat\u00e9gique.<\/p>\n\n\n\n<h2 class=\"wp-block-heading\">Infolocale : un levier de visibilit\u00e9 pour les f\u00e9d\u00e9rations<\/h2>\n\n\n\n<p>Si les <strong>relations m\u00e9dias<\/strong> restent essentielles, les f\u00e9d\u00e9rations ont aussi <strong>tout \u00e0 gagner \u00e0 renforcer leur ancrage local<\/strong>. C\u2019est l\u00e0 qu\u2019intervient <strong>Infolocale<\/strong>, une plateforme con\u00e7ue pour valoriser les actions associatives partout en France.<\/p>\n\n\n\n<h3 class=\"wp-block-heading\">Un outil simple pour une visibilit\u00e9 maximale<\/h3>\n\n\n\n<p>Publiez vos \u00e9v\u00e9nements, publications ou initiatives sur Infolocale : ils sont automatiquement relay\u00e9s sur <strong>infolocale.fr<\/strong> (2 millions de visites\/mois) et sur plus de <strong>200 sites partenaires<\/strong> : presse locale, radios, collectivit\u00e9s\u2026<\/p>\n\n\n\n<p>Plus besoin de d\u00e9marcher chaque m\u00e9dia local \u00e0 la main.<\/p>\n\n\n\n<h3 class=\"wp-block-heading\">L\u2019offre \u00ab exploitant \u00bb : voir et diffuser ce qui se passe sur votre territoire<\/h3>\n\n\n\n<p>Avec l\u2019<strong>offre exploitant<\/strong>, une f\u00e9d\u00e9ration peut aussi acc\u00e9der \u00e0 tous les contenus en lien avec <strong>son territoire (ville, d\u00e9partement, r\u00e9gion)<\/strong> : \u00e9v\u00e9nements, animations, activit\u00e9s associatives\u2026<\/p>\n\n\n\n<p>Elle peut ensuite les <strong>int\u00e9grer automatiquement<\/strong> \u00e0 son site web, newsletter ou intranet, pour mieux <strong>animer sa communaut\u00e9<\/strong>.<\/p>\n\n\n\n<p>En r\u00e9sum\u00e9, Infolocale est \u00e0 la fois un&nbsp;<strong>canal de diffusion puissant<\/strong> pour vos actions et une <strong>ressource strat\u00e9gique<\/strong> pour renforcer votre maillage territorial.<\/p>\n\n\n\n<p><\/p>\n\n\n<div class=\"wp-block-image\">\n<figure class=\"aligncenter size-full is-resized has-lightbox\"><a href=\"https:\/\/www.infolocale.fr\/decouvrir\/il-exploitants-contacts\/?utm_source=blog&amp;utm_medium=banner&amp;utm_campaign=blog-content\"><img fetchpriority=\"high\" decoding=\"async\" width=\"605\" height=\"605\" src=\"https:\/\/www.infolocale.fr\/blog\/wp-content\/uploads\/2025\/09\/Boostez-votre-media-avec-des-contenus-qui-engagent-4.png\" alt=\"\" class=\"wp-image-28453\" style=\"width:605px;height:auto\" srcset=\"https:\/\/www.infolocale.fr\/blog\/wp-content\/uploads\/2025\/09\/Boostez-votre-media-avec-des-contenus-qui-engagent-4.png 605w, https:\/\/www.infolocale.fr\/blog\/wp-content\/uploads\/2025\/09\/Boostez-votre-media-avec-des-contenus-qui-engagent-4-300x300.png 300w, https:\/\/www.infolocale.fr\/blog\/wp-content\/uploads\/2025\/09\/Boostez-votre-media-avec-des-contenus-qui-engagent-4-150x150.png 150w\" sizes=\"(max-width: 605px) 100vw, 605px\" \/><\/a><\/figure><\/div>\n\n\n<p><\/p>\n\n\n\n<h2 class=\"wp-block-heading\">Relation m\u00e9dias traditionnels ou digitaux ? Ne choisissez pas : combinez !<\/h2>\n\n\n\n<p>Faut-il choisir entre un <strong>article dans un grand quotidien<\/strong> ou une <strong>vid\u00e9o en story Instagram<\/strong> ? En r\u00e9alit\u00e9, <strong>la force d\u2019une strat\u00e9gie efficace r\u00e9side dans la compl\u00e9mentarit\u00e9<\/strong>.<\/p>\n\n\n\n<p>Les m\u00e9dias traditionnels restent un pilier pour les f\u00e9d\u00e9rations, en apportant \u00e0 la fois une cr\u00e9dibilit\u00e9 solide, une large port\u00e9e et une image institutionnelle valorisante \u2014 autant d\u2019atouts qui renforcent leur reconnaissance aupr\u00e8s des pouvoirs publics.<\/p>\n\n\n\n<p>De leur c\u00f4t\u00e9, les m\u00e9dias digitaux permettent aux f\u00e9d\u00e9rations de gagner en agilit\u00e9 et en proximit\u00e9 avec leurs publics, gr\u00e2ce \u00e0 une interaction directe, des formats courts et cr\u00e9atifs, et une capacit\u00e9 \u00e0 diffuser rapidement des contenus viraux.<\/p>\n\n\n\n<p>Le bon r\u00e9flexe est de <strong>jouer sur les deux tableaux avec coh\u00e9rence<\/strong>. Les f\u00e9d\u00e9rations les plus visibles aujourd\u2019hui sont celles qui mixent formats et canaux avec intelligence.<\/p>\n\n\n\n<h2 class=\"wp-block-heading\">Communication de crise et m\u00e9dias : mieux vaut anticiper<\/h2>\n\n\n\n<p>Une crise peut surgir \u00e0 tout moment. Pour y faire face, une f\u00e9d\u00e9ration doit \u00eatre <strong>pr\u00e9par\u00e9e<\/strong>.<\/p>\n\n\n\n<p>Pour faire face \u00e0 une crise, tout commence par une organisation claire : une cellule d\u00e9di\u00e9e doit pouvoir se mobiliser rapidement, avec des r\u00f4les bien d\u00e9finis entre communicants et d\u00e9cideurs.<\/p>\n\n\n\n<p>Une anticipation solide, fond\u00e9e sur des sc\u00e9narios types et des messages pr\u00e9par\u00e9s, permet de gagner en r\u00e9activit\u00e9. La prise de parole, quant \u00e0 elle, doit rester unifi\u00e9e gr\u00e2ce \u00e0 un porte-parole unique, pendant qu\u2019une veille active sur les r\u00e9seaux sociaux permet de capter les signaux faibles et d\u2019ajuster la r\u00e9ponse en temps r\u00e9el.<\/p>\n\n\n\n<p>En cas de crise, il est essentiel de r\u00e9agir rapidement pour garder la ma\u00eetrise du r\u00e9cit tout en restant transparent afin de pr\u00e9server la confiance.<\/p>\n\n\n\n<p>Pensez aussi \u00e0 <strong>mettre en ligne une salle de presse<\/strong> pour centraliser les infos utiles et faciliter l\u2019\u00e9change avec les journalistes.<\/p>\n\n\n\n<h2 class=\"wp-block-heading\">Comment mesurer l\u2019impact de vos actions m\u00e9dias ?<\/h2>\n\n\n\n<p>Communiquer, c\u2019est bien. Mais mesurer l\u2019impact de sa communication, c\u2019est <strong>indispensable pour progresser<\/strong>.<\/p>\n\n\n\n<p>Mettez en place un <strong>tableau de bord simple<\/strong>, avec des indicateurs comme :<\/p>\n\n\n\n<ul class=\"wp-block-list\">\n<li>Nombre de citations dans les m\u00e9dias<\/li>\n\n\n\n<li>Tonalit\u00e9 des articles (positive, neutre, n\u00e9gative)<\/li>\n\n\n\n<li>Engagement sur les r\u00e9seaux sociaux<\/li>\n\n\n\n<li>Coh\u00e9rence des messages diffus\u00e9s<\/li>\n<\/ul>\n\n\n\n<p>Les outils d\u2019analyse (s\u00e9mantique, social listening\u2026) permettent d\u2019<strong>identifier les sujets porteurs<\/strong> et de <strong>rep\u00e9rer les signaux faibles<\/strong>.<\/p>\n\n\n\n<p>Gr\u00e2ce \u00e0 ces mesures, vous aurez des <strong>rapports clairs<\/strong>, un <strong>pilotage affin\u00e9<\/strong> et une <strong>meilleure efficacit\u00e9 globale<\/strong>.<\/p>\n\n\n\n<h2 class=\"wp-block-heading\">Quels outils pour g\u00e9rer efficacement vos relations m\u00e9dias ?<\/h2>\n\n\n\n<p>En 2025, les outils digitaux transforment la fa\u00e7on dont les f\u00e9d\u00e9rations g\u00e8rent leurs relations presse. Les <strong>plateformes collaboratives<\/strong> simplifient tout : contacts presse centralis\u00e9s, envois cibl\u00e9s, suivi des \u00e9changes\u2026 un vrai gain de temps.<\/p>\n\n\n\n<p>Les <strong>dossiers de presse interactifs<\/strong> montent en puissance : vid\u00e9os, infographies, contenus dynamiques attirent davantage l\u2019attention des journalistes qu\u2019un simple PDF.<\/p>\n\n\n\n<p>Autre atout : la <strong>salle de presse en ligne<\/strong>. Bien con\u00e7ue, elle offre un acc\u00e8s rapide aux infos cl\u00e9s et booste la couverture m\u00e9diatique, certaines f\u00e9d\u00e9rations ont tripl\u00e9 leur visibilit\u00e9 gr\u00e2ce \u00e0 cet outil.<\/p>\n\n\n\n<p>Enfin, l&rsquo;intelligence artificielle peut aider \u00e0 optimiser la r\u00e9daction des communiqu\u00e9s en analysant les angles qui g\u00e9n\u00e8rent le plus d&rsquo;int\u00e9r\u00eat m\u00e9diatique.<\/p>\n\n\n\n<p><\/p>\n","protected":false},"excerpt":{"rendered":"<p>Ma\u00eetriser les relations m\u00e9dias est essentiel pour une f\u00e9d\u00e9ration afin d&rsquo;assurer visibilit\u00e9, influence et r\u00e9putation dans un \u00e9cosyst\u00e8me m\u00e9diatique complexe.&#8211; Les relations m\u00e9dias englobent d\u00e9sormais [&hellip;]<\/p>\n","protected":false},"author":19,"featured_media":28380,"comment_status":"open","ping_status":"open","sticky":false,"template":"","format":"standard","meta":{"_coblocks_attr":"","_coblocks_dimensions":"","_coblocks_responsive_height":"","_coblocks_accordion_ie_support":"","_mo_disable_npp":"","footnotes":""},"categories":[112],"tags":[],"class_list":["post-28152","post","type-post","status-publish","format-standard","has-post-thumbnail","hentry","category-infolocale-pour-les-federations"],"yoast_head":"<!-- This site is optimized with the Yoast SEO plugin v23.2 - https:\/\/yoast.com\/wordpress\/plugins\/seo\/ -->\n<title>Relations m\u00e9dias : strat\u00e9gies et enjeux pour les f\u00e9d\u00e9rations |<\/title>\n<meta name=\"description\" content=\"Les relations avec les m\u00e9dias sont cruciales pour les f\u00e9d\u00e9rations. Certains r\u00e9flexes sont \u00e0 adopter pour \u00eatre visible aupr\u00e8s du public.\" \/>\n<meta name=\"robots\" content=\"index, follow, max-snippet:-1, max-image-preview:large, max-video-preview:-1\" \/>\n<link rel=\"canonical\" href=\"https:\/\/infolocale.20minutes.fr\/blog\/relations-avec-les-medias-strategies-et-enjeux-pour-les-federations\/\" \/>\n<meta property=\"og:locale\" content=\"fr_FR\" \/>\n<meta property=\"og:type\" content=\"article\" \/>\n<meta property=\"og:title\" content=\"Relations m\u00e9dias : strat\u00e9gies et enjeux pour les f\u00e9d\u00e9rations |\" \/>\n<meta property=\"og:description\" content=\"Les relations avec les m\u00e9dias sont cruciales pour les f\u00e9d\u00e9rations. Certains r\u00e9flexes sont \u00e0 adopter pour \u00eatre visible aupr\u00e8s du public.\" \/>\n<meta property=\"og:url\" content=\"https:\/\/infolocale.20minutes.fr\/blog\/relations-avec-les-medias-strategies-et-enjeux-pour-les-federations\/\" \/>\n<meta property=\"article:publisher\" content=\"https:\/\/www.facebook.com\/infolocaleFR\/\" \/>\n<meta property=\"article:published_time\" content=\"2025-09-15T15:00:45+00:00\" \/>\n<meta property=\"article:modified_time\" content=\"2025-09-17T13:06:19+00:00\" \/>\n<meta property=\"og:image\" content=\"https:\/\/infolocale.20minutes.fr\/blog\/wp-content\/uploads\/2025\/09\/RE-34.png\" \/>\n\t<meta property=\"og:image:width\" content=\"900\" \/>\n\t<meta property=\"og:image:height\" content=\"630\" \/>\n\t<meta property=\"og:image:type\" content=\"image\/png\" \/>\n<meta name=\"author\" content=\"Thelma\" \/>\n<meta name=\"twitter:card\" content=\"summary_large_image\" \/>\n<meta name=\"twitter:creator\" content=\"@infolocale\" \/>\n<meta name=\"twitter:site\" content=\"@infolocale\" \/>\n<meta name=\"twitter:label1\" content=\"\u00c9crit par\" \/>\n\t<meta name=\"twitter:data1\" content=\"Thelma\" \/>\n\t<meta name=\"twitter:label2\" content=\"Dur\u00e9e de lecture estim\u00e9e\" \/>\n\t<meta name=\"twitter:data2\" content=\"6 minutes\" \/>\n<script type=\"application\/ld+json\" class=\"yoast-schema-graph\">{\"@context\":\"https:\/\/schema.org\",\"@graph\":[{\"@type\":\"Article\",\"@id\":\"https:\/\/infolocale.20minutes.fr\/blog\/relations-avec-les-medias-strategies-et-enjeux-pour-les-federations\/#article\",\"isPartOf\":{\"@id\":\"https:\/\/infolocale.20minutes.fr\/blog\/relations-avec-les-medias-strategies-et-enjeux-pour-les-federations\/\"},\"author\":{\"name\":\"Thelma\",\"@id\":\"https:\/\/www.infolocale.fr\/blog\/#\/schema\/person\/c5cc5fad565589d405681286186ea176\"},\"headline\":\"Relations m\u00e9dias : strat\u00e9gies et enjeux pour les f\u00e9d\u00e9rations\",\"datePublished\":\"2025-09-15T15:00:45+00:00\",\"dateModified\":\"2025-09-17T13:06:19+00:00\",\"mainEntityOfPage\":{\"@id\":\"https:\/\/infolocale.20minutes.fr\/blog\/relations-avec-les-medias-strategies-et-enjeux-pour-les-federations\/\"},\"wordCount\":1406,\"commentCount\":0,\"publisher\":{\"@id\":\"https:\/\/www.infolocale.fr\/blog\/#organization\"},\"image\":{\"@id\":\"https:\/\/infolocale.20minutes.fr\/blog\/relations-avec-les-medias-strategies-et-enjeux-pour-les-federations\/#primaryimage\"},\"thumbnailUrl\":\"https:\/\/www.infolocale.fr\/blog\/wp-content\/uploads\/2025\/09\/RE-34.png\",\"articleSection\":[\"Infolocale pour les f\u00e9d\u00e9rations\"],\"inLanguage\":\"fr-FR\",\"potentialAction\":[{\"@type\":\"CommentAction\",\"name\":\"Comment\",\"target\":[\"https:\/\/infolocale.20minutes.fr\/blog\/relations-avec-les-medias-strategies-et-enjeux-pour-les-federations\/#respond\"]}]},{\"@type\":\"WebPage\",\"@id\":\"https:\/\/infolocale.20minutes.fr\/blog\/relations-avec-les-medias-strategies-et-enjeux-pour-les-federations\/\",\"url\":\"https:\/\/infolocale.20minutes.fr\/blog\/relations-avec-les-medias-strategies-et-enjeux-pour-les-federations\/\",\"name\":\"Relations m\u00e9dias : strat\u00e9gies et enjeux pour les f\u00e9d\u00e9rations |\",\"isPartOf\":{\"@id\":\"https:\/\/www.infolocale.fr\/blog\/#website\"},\"primaryImageOfPage\":{\"@id\":\"https:\/\/infolocale.20minutes.fr\/blog\/relations-avec-les-medias-strategies-et-enjeux-pour-les-federations\/#primaryimage\"},\"image\":{\"@id\":\"https:\/\/infolocale.20minutes.fr\/blog\/relations-avec-les-medias-strategies-et-enjeux-pour-les-federations\/#primaryimage\"},\"thumbnailUrl\":\"https:\/\/www.infolocale.fr\/blog\/wp-content\/uploads\/2025\/09\/RE-34.png\",\"datePublished\":\"2025-09-15T15:00:45+00:00\",\"dateModified\":\"2025-09-17T13:06:19+00:00\",\"description\":\"Les relations avec les m\u00e9dias sont cruciales pour les f\u00e9d\u00e9rations. Certains r\u00e9flexes sont \u00e0 adopter pour \u00eatre visible aupr\u00e8s du public.\",\"breadcrumb\":{\"@id\":\"https:\/\/infolocale.20minutes.fr\/blog\/relations-avec-les-medias-strategies-et-enjeux-pour-les-federations\/#breadcrumb\"},\"inLanguage\":\"fr-FR\",\"potentialAction\":[{\"@type\":\"ReadAction\",\"target\":[\"https:\/\/infolocale.20minutes.fr\/blog\/relations-avec-les-medias-strategies-et-enjeux-pour-les-federations\/\"]}]},{\"@type\":\"ImageObject\",\"inLanguage\":\"fr-FR\",\"@id\":\"https:\/\/infolocale.20minutes.fr\/blog\/relations-avec-les-medias-strategies-et-enjeux-pour-les-federations\/#primaryimage\",\"url\":\"https:\/\/www.infolocale.fr\/blog\/wp-content\/uploads\/2025\/09\/RE-34.png\",\"contentUrl\":\"https:\/\/www.infolocale.fr\/blog\/wp-content\/uploads\/2025\/09\/RE-34.png\",\"width\":900,\"height\":630,\"caption\":\"Les relations avec les m\u00e9dias sont cruciales pour les f\u00e9d\u00e9rations. Certains r\u00e9flexes sont \u00e0 adopter pour \u00eatre visible aupr\u00e8s du public.\"},{\"@type\":\"BreadcrumbList\",\"@id\":\"https:\/\/infolocale.20minutes.fr\/blog\/relations-avec-les-medias-strategies-et-enjeux-pour-les-federations\/#breadcrumb\",\"itemListElement\":[{\"@type\":\"ListItem\",\"position\":1,\"name\":\"Blog\",\"item\":\"https:\/\/infolocale.ouest-france.fr\/blog\/\"},{\"@type\":\"ListItem\",\"position\":2,\"name\":\"Infolocale pour les f\u00e9d\u00e9rations\",\"item\":\"https:\/\/infolocale.ouest-france.fr\/blog\/cat\/infolocale-pour-les-federations\/\"},{\"@type\":\"ListItem\",\"position\":3,\"name\":\"Relations m\u00e9dias : strat\u00e9gies et enjeux pour les f\u00e9d\u00e9rations\"}]},{\"@type\":\"WebSite\",\"@id\":\"https:\/\/www.infolocale.fr\/blog\/#website\",\"url\":\"https:\/\/www.infolocale.fr\/blog\/\",\"name\":\"\",\"description\":\"\",\"publisher\":{\"@id\":\"https:\/\/www.infolocale.fr\/blog\/#organization\"},\"potentialAction\":[{\"@type\":\"SearchAction\",\"target\":{\"@type\":\"EntryPoint\",\"urlTemplate\":\"https:\/\/www.infolocale.fr\/blog\/?s={search_term_string}\"},\"query-input\":\"required name=search_term_string\"}],\"inLanguage\":\"fr-FR\"},{\"@type\":\"Organization\",\"@id\":\"https:\/\/www.infolocale.fr\/blog\/#organization\",\"name\":\"Infolocale\",\"url\":\"https:\/\/www.infolocale.fr\/blog\/\",\"logo\":{\"@type\":\"ImageObject\",\"inLanguage\":\"fr-FR\",\"@id\":\"https:\/\/www.infolocale.fr\/blog\/#\/schema\/logo\/image\/\",\"url\":\"https:\/\/www.infolocale.fr\/blog\/wp-content\/uploads\/2020\/11\/logol.jpg\",\"contentUrl\":\"https:\/\/www.infolocale.fr\/blog\/wp-content\/uploads\/2020\/11\/logol.jpg\",\"width\":1031,\"height\":398,\"caption\":\"Infolocale\"},\"image\":{\"@id\":\"https:\/\/www.infolocale.fr\/blog\/#\/schema\/logo\/image\/\"},\"sameAs\":[\"https:\/\/www.facebook.com\/infolocaleFR\/\",\"https:\/\/x.com\/infolocale\",\"https:\/\/www.instagram.com\/infolocale\/\",\"https:\/\/fr.linkedin.com\/company\/infolocale\",\"https:\/\/www.youtube.com\/channel\/UCnv4FA8EYEuu_si3TGr7xeA\"]},{\"@type\":\"Person\",\"@id\":\"https:\/\/www.infolocale.fr\/blog\/#\/schema\/person\/c5cc5fad565589d405681286186ea176\",\"name\":\"Thelma\",\"image\":{\"@type\":\"ImageObject\",\"inLanguage\":\"fr-FR\",\"@id\":\"https:\/\/www.infolocale.fr\/blog\/#\/schema\/person\/image\/\",\"url\":\"https:\/\/secure.gravatar.com\/avatar\/49bf3755816c87e89e817e3b81797a7f?s=96&d=mm&r=g\",\"contentUrl\":\"https:\/\/secure.gravatar.com\/avatar\/49bf3755816c87e89e817e3b81797a7f?s=96&d=mm&r=g\",\"caption\":\"Thelma\"},\"url\":\"https:\/\/www.infolocale.fr\/blog\/author\/thelma-rousseauouest-france-fr\/\"}]}<\/script>\n<!-- \/ Yoast SEO plugin. -->","yoast_head_json":{"title":"Relations m\u00e9dias : strat\u00e9gies et enjeux pour les f\u00e9d\u00e9rations |","description":"Les relations avec les m\u00e9dias sont cruciales pour les f\u00e9d\u00e9rations. Certains r\u00e9flexes sont \u00e0 adopter pour \u00eatre visible aupr\u00e8s du public.","robots":{"index":"index","follow":"follow","max-snippet":"max-snippet:-1","max-image-preview":"max-image-preview:large","max-video-preview":"max-video-preview:-1"},"canonical":"https:\/\/infolocale.20minutes.fr\/blog\/relations-avec-les-medias-strategies-et-enjeux-pour-les-federations\/","og_locale":"fr_FR","og_type":"article","og_title":"Relations m\u00e9dias : strat\u00e9gies et enjeux pour les f\u00e9d\u00e9rations |","og_description":"Les relations avec les m\u00e9dias sont cruciales pour les f\u00e9d\u00e9rations. Certains r\u00e9flexes sont \u00e0 adopter pour \u00eatre visible aupr\u00e8s du public.","og_url":"https:\/\/infolocale.20minutes.fr\/blog\/relations-avec-les-medias-strategies-et-enjeux-pour-les-federations\/","article_publisher":"https:\/\/www.facebook.com\/infolocaleFR\/","article_published_time":"2025-09-15T15:00:45+00:00","article_modified_time":"2025-09-17T13:06:19+00:00","og_image":[{"width":900,"height":630,"url":"https:\/\/infolocale.20minutes.fr\/blog\/wp-content\/uploads\/2025\/09\/RE-34.png","type":"image\/png"}],"author":"Thelma","twitter_card":"summary_large_image","twitter_creator":"@infolocale","twitter_site":"@infolocale","twitter_misc":{"\u00c9crit par":"Thelma","Dur\u00e9e de lecture estim\u00e9e":"6 minutes"},"schema":{"@context":"https:\/\/schema.org","@graph":[{"@type":"Article","@id":"https:\/\/infolocale.20minutes.fr\/blog\/relations-avec-les-medias-strategies-et-enjeux-pour-les-federations\/#article","isPartOf":{"@id":"https:\/\/infolocale.20minutes.fr\/blog\/relations-avec-les-medias-strategies-et-enjeux-pour-les-federations\/"},"author":{"name":"Thelma","@id":"https:\/\/www.infolocale.fr\/blog\/#\/schema\/person\/c5cc5fad565589d405681286186ea176"},"headline":"Relations m\u00e9dias : strat\u00e9gies et enjeux pour les f\u00e9d\u00e9rations","datePublished":"2025-09-15T15:00:45+00:00","dateModified":"2025-09-17T13:06:19+00:00","mainEntityOfPage":{"@id":"https:\/\/infolocale.20minutes.fr\/blog\/relations-avec-les-medias-strategies-et-enjeux-pour-les-federations\/"},"wordCount":1406,"commentCount":0,"publisher":{"@id":"https:\/\/www.infolocale.fr\/blog\/#organization"},"image":{"@id":"https:\/\/infolocale.20minutes.fr\/blog\/relations-avec-les-medias-strategies-et-enjeux-pour-les-federations\/#primaryimage"},"thumbnailUrl":"https:\/\/www.infolocale.fr\/blog\/wp-content\/uploads\/2025\/09\/RE-34.png","articleSection":["Infolocale pour les f\u00e9d\u00e9rations"],"inLanguage":"fr-FR","potentialAction":[{"@type":"CommentAction","name":"Comment","target":["https:\/\/infolocale.20minutes.fr\/blog\/relations-avec-les-medias-strategies-et-enjeux-pour-les-federations\/#respond"]}]},{"@type":"WebPage","@id":"https:\/\/infolocale.20minutes.fr\/blog\/relations-avec-les-medias-strategies-et-enjeux-pour-les-federations\/","url":"https:\/\/infolocale.20minutes.fr\/blog\/relations-avec-les-medias-strategies-et-enjeux-pour-les-federations\/","name":"Relations m\u00e9dias : strat\u00e9gies et enjeux pour les f\u00e9d\u00e9rations |","isPartOf":{"@id":"https:\/\/www.infolocale.fr\/blog\/#website"},"primaryImageOfPage":{"@id":"https:\/\/infolocale.20minutes.fr\/blog\/relations-avec-les-medias-strategies-et-enjeux-pour-les-federations\/#primaryimage"},"image":{"@id":"https:\/\/infolocale.20minutes.fr\/blog\/relations-avec-les-medias-strategies-et-enjeux-pour-les-federations\/#primaryimage"},"thumbnailUrl":"https:\/\/www.infolocale.fr\/blog\/wp-content\/uploads\/2025\/09\/RE-34.png","datePublished":"2025-09-15T15:00:45+00:00","dateModified":"2025-09-17T13:06:19+00:00","description":"Les relations avec les m\u00e9dias sont cruciales pour les f\u00e9d\u00e9rations. Certains r\u00e9flexes sont \u00e0 adopter pour \u00eatre visible aupr\u00e8s du public.","breadcrumb":{"@id":"https:\/\/infolocale.20minutes.fr\/blog\/relations-avec-les-medias-strategies-et-enjeux-pour-les-federations\/#breadcrumb"},"inLanguage":"fr-FR","potentialAction":[{"@type":"ReadAction","target":["https:\/\/infolocale.20minutes.fr\/blog\/relations-avec-les-medias-strategies-et-enjeux-pour-les-federations\/"]}]},{"@type":"ImageObject","inLanguage":"fr-FR","@id":"https:\/\/infolocale.20minutes.fr\/blog\/relations-avec-les-medias-strategies-et-enjeux-pour-les-federations\/#primaryimage","url":"https:\/\/www.infolocale.fr\/blog\/wp-content\/uploads\/2025\/09\/RE-34.png","contentUrl":"https:\/\/www.infolocale.fr\/blog\/wp-content\/uploads\/2025\/09\/RE-34.png","width":900,"height":630,"caption":"Les relations avec les m\u00e9dias sont cruciales pour les f\u00e9d\u00e9rations. Certains r\u00e9flexes sont \u00e0 adopter pour \u00eatre visible aupr\u00e8s du public."},{"@type":"BreadcrumbList","@id":"https:\/\/infolocale.20minutes.fr\/blog\/relations-avec-les-medias-strategies-et-enjeux-pour-les-federations\/#breadcrumb","itemListElement":[{"@type":"ListItem","position":1,"name":"Blog","item":"https:\/\/infolocale.ouest-france.fr\/blog\/"},{"@type":"ListItem","position":2,"name":"Infolocale pour les f\u00e9d\u00e9rations","item":"https:\/\/infolocale.ouest-france.fr\/blog\/cat\/infolocale-pour-les-federations\/"},{"@type":"ListItem","position":3,"name":"Relations m\u00e9dias : strat\u00e9gies et enjeux pour les f\u00e9d\u00e9rations"}]},{"@type":"WebSite","@id":"https:\/\/www.infolocale.fr\/blog\/#website","url":"https:\/\/www.infolocale.fr\/blog\/","name":"","description":"","publisher":{"@id":"https:\/\/www.infolocale.fr\/blog\/#organization"},"potentialAction":[{"@type":"SearchAction","target":{"@type":"EntryPoint","urlTemplate":"https:\/\/www.infolocale.fr\/blog\/?s={search_term_string}"},"query-input":"required name=search_term_string"}],"inLanguage":"fr-FR"},{"@type":"Organization","@id":"https:\/\/www.infolocale.fr\/blog\/#organization","name":"Infolocale","url":"https:\/\/www.infolocale.fr\/blog\/","logo":{"@type":"ImageObject","inLanguage":"fr-FR","@id":"https:\/\/www.infolocale.fr\/blog\/#\/schema\/logo\/image\/","url":"https:\/\/www.infolocale.fr\/blog\/wp-content\/uploads\/2020\/11\/logol.jpg","contentUrl":"https:\/\/www.infolocale.fr\/blog\/wp-content\/uploads\/2020\/11\/logol.jpg","width":1031,"height":398,"caption":"Infolocale"},"image":{"@id":"https:\/\/www.infolocale.fr\/blog\/#\/schema\/logo\/image\/"},"sameAs":["https:\/\/www.facebook.com\/infolocaleFR\/","https:\/\/x.com\/infolocale","https:\/\/www.instagram.com\/infolocale\/","https:\/\/fr.linkedin.com\/company\/infolocale","https:\/\/www.youtube.com\/channel\/UCnv4FA8EYEuu_si3TGr7xeA"]},{"@type":"Person","@id":"https:\/\/www.infolocale.fr\/blog\/#\/schema\/person\/c5cc5fad565589d405681286186ea176","name":"Thelma","image":{"@type":"ImageObject","inLanguage":"fr-FR","@id":"https:\/\/www.infolocale.fr\/blog\/#\/schema\/person\/image\/","url":"https:\/\/secure.gravatar.com\/avatar\/49bf3755816c87e89e817e3b81797a7f?s=96&d=mm&r=g","contentUrl":"https:\/\/secure.gravatar.com\/avatar\/49bf3755816c87e89e817e3b81797a7f?s=96&d=mm&r=g","caption":"Thelma"},"url":"https:\/\/www.infolocale.fr\/blog\/author\/thelma-rousseauouest-france-fr\/"}]}},"_links":{"self":[{"href":"https:\/\/www.infolocale.fr\/blog\/wp-json\/wp\/v2\/posts\/28152"}],"collection":[{"href":"https:\/\/www.infolocale.fr\/blog\/wp-json\/wp\/v2\/posts"}],"about":[{"href":"https:\/\/www.infolocale.fr\/blog\/wp-json\/wp\/v2\/types\/post"}],"author":[{"embeddable":true,"href":"https:\/\/www.infolocale.fr\/blog\/wp-json\/wp\/v2\/users\/19"}],"replies":[{"embeddable":true,"href":"https:\/\/www.infolocale.fr\/blog\/wp-json\/wp\/v2\/comments?post=28152"}],"version-history":[{"count":0,"href":"https:\/\/www.infolocale.fr\/blog\/wp-json\/wp\/v2\/posts\/28152\/revisions"}],"wp:featuredmedia":[{"embeddable":true,"href":"https:\/\/www.infolocale.fr\/blog\/wp-json\/wp\/v2\/media\/28380"}],"wp:attachment":[{"href":"https:\/\/www.infolocale.fr\/blog\/wp-json\/wp\/v2\/media?parent=28152"}],"wp:term":[{"taxonomy":"category","embeddable":true,"href":"https:\/\/www.infolocale.fr\/blog\/wp-json\/wp\/v2\/categories?post=28152"},{"taxonomy":"post_tag","embeddable":true,"href":"https:\/\/www.infolocale.fr\/blog\/wp-json\/wp\/v2\/tags?post=28152"}],"curies":[{"name":"wp","href":"https:\/\/api.w.org\/{rel}","templated":true}]}}