{"id":28086,"date":"2025-07-28T16:07:12","date_gmt":"2025-07-28T14:07:12","guid":{"rendered":"https:\/\/www.infolocale.fr\/blog\/?p=28086"},"modified":"2026-05-04T16:57:43","modified_gmt":"2026-05-04T14:57:43","slug":"creer-un-agenda-local-dynamique-le-modele-du-departement-ille-et-vilaine","status":"publish","type":"post","link":"https:\/\/www.infolocale.fr\/blog\/creer-un-agenda-local-dynamique-le-modele-du-departement-ille-et-vilaine\/","title":{"rendered":"Cr\u00e9er un agenda local dynamique : le mod\u00e8le du D\u00e9partement Ille-et-Vilaine avec Infolocale"},"content":{"rendered":"\t\t<div data-elementor-type=\"wp-post\" data-elementor-id=\"28086\" class=\"elementor elementor-28086\" data-elementor-post-type=\"post\">\n\t\t\t\t\t\t<section class=\"elementor-section elementor-top-section elementor-element elementor-element-17ff0e40 elementor-section-boxed elementor-section-height-default elementor-section-height-default\" data-id=\"17ff0e40\" data-element_type=\"section\">\n\t\t\t\t\t\t<div class=\"elementor-container elementor-column-gap-default\">\n\t\t\t\t\t<div class=\"elementor-column elementor-col-100 elementor-top-column elementor-element elementor-element-539b644e\" data-id=\"539b644e\" data-element_type=\"column\">\n\t\t\t<div class=\"elementor-widget-wrap elementor-element-populated\">\n\t\t\t\t\t\t<div class=\"elementor-element elementor-element-26400bc elementor-widget elementor-widget-text-editor\" data-id=\"26400bc\" data-element_type=\"widget\" data-widget_type=\"text-editor.default\">\n\t\t\t\t<div class=\"elementor-widget-container\">\n\t\t\t\t\t\t\t<p><!-- wp:paragraph --><\/p>\n<p>Le D\u00e9partement d&rsquo;Ille-et-Vilaine compte plus d\u2019un million d\u2019habitants. Ce dernier joue un r\u00f4le central dans la vie quotidienne de ses habitants : action sociale, entretien des routes, fonctionnement des coll\u00e8ges, protection de la nature, etc.<\/p>\n<p><!-- \/wp:paragraph --><\/p>\n<p><!-- wp:paragraph --><\/p>\n<p>Pour mettre en avant les initiatives locales culturelles, sportives, et rendre visibles les propositions de sorties\u00a0qui animent\u00a0le territoire, le D\u00e9partement utilise la solution\u00a0<a href=\"https:\/\/www.infolocale.fr\/decouvrir\/?utm_source=blog&amp;utm_medium=banner&amp;utm_campaign=blog-content\">Infolocale<\/a>\u00a0: un outil simple qui permet de centraliser des informations relatives \u00e0 la vie locale.<\/p>\n<p><!-- \/wp:paragraph --><\/p>\n<p><!-- wp:paragraph --><\/p>\n<p>Dans cet article, d\u00e9couvrez :<\/p>\n<p><!-- \/wp:paragraph --><\/p>\n<p><!-- wp:list --><\/p>\n<ul class=\"wp-block-list\">\n<li style=\"list-style-type: none;\">\n<ul class=\"wp-block-list\"><!-- wp:list-item --><\/ul>\n<\/li>\n<\/ul>\n<ul class=\"wp-block-list\">\n<li style=\"list-style-type: none;\">\n<ul class=\"wp-block-list\">\n<li>Comment le<a href=\"https:\/\/www.ille-et-vilaine.fr\/\">\u00a0D\u00e9partement <\/a>a d\u00e9velopp\u00e9 son agenda des sorties et loisirs gr\u00e2ce \u00e0 Infolocale.<\/li>\n<\/ul>\n<\/li>\n<\/ul>\n<p><!-- \/wp:list-item --><\/p>\n<p><!-- wp:list-item --><\/p>\n<ul class=\"wp-block-list\">\n<li style=\"list-style-type: none;\">\n<ul class=\"wp-block-list\">\n<li>Comment int\u00e9grer un agenda des \u00e9v\u00e9nements sur le site de votre collectivit\u00e9.<\/li>\n<\/ul>\n<\/li>\n<\/ul>\n<p><!-- \/wp:list-item --><\/p>\n<p><!-- wp:list-item --><\/p>\n<ul class=\"wp-block-list\">\n<li style=\"list-style-type: none;\">\n<ul class=\"wp-block-list\">\n<li>Des exemples d\u2019agendas th\u00e9matiques mis en place par le D\u00e9partement.<\/li>\n<\/ul>\n<\/li>\n<\/ul>\n<p><!-- \/wp:list-item --><\/p>\n<p><!-- \/wp:list --><\/p>\n<p><!-- wp:heading --><\/p>\n<h2 class=\"wp-block-heading\">L\u2019agenda des sorties et loisirs en Ille-et-Vilaine<\/h2>\n<div>\u00a0<\/div>\n<p>Le D\u00e9partement Ille-et-Vilaine met \u00e0 disposition du grand public, un\u00a0<a href=\"https:\/\/nous-vous-ille.fr\/agenda\">agenda des sorties et des loisirs<\/a>\u00a0qui centralise les \u00e9v\u00e9nements propos\u00e9s par des acteurs locaux.<\/p>\n<p><!-- \/wp:paragraph --><\/p>\n<p><!-- wp:paragraph --><\/p>\n<p>L\u2019objectif est de mettre en avant les actions men\u00e9es par des organismes locaux et de communiquer sur la vie locale aupr\u00e8s des usagers du D\u00e9partement. Par ailleurs, c\u2019est un excellent moyen de dynamiser et de faire conna\u00eetre le territoire.<\/p>\n<p><!-- \/wp:paragraph --><\/p>\n<p><!-- wp:image {\"id\":25146,\"linkDestination\":\"custom\"} --><\/p>\n<figure class=\"wp-block-image\"><img fetchpriority=\"high\" decoding=\"async\" class=\"alignnone wp-image-25146\" src=\"https:\/\/www.infolocale.fr\/blog\/wp-content\/uploads\/2024\/01\/Agenda-Ille-et-Vilaine.png\" alt=\"Capture d\u2019\u00e9cran de l\u2019agenda &quot;Nous-Vous-Ille&quot;. L'interface pr\u00e9sente une barre de recherche multicrit\u00e8res permettant de filtrer les sorties par mots-cl\u00e9s, th\u00e9matiques, zones g\u00e9ographiques et tranches d'\u00e2ge. En dessous, une liste d'\u00e9v\u00e9nements illustre la vari\u00e9t\u00e9 des loisirs propos\u00e9s sur le territoire bretillien.\" width=\"703\" height=\"803\" srcset=\"https:\/\/www.infolocale.fr\/blog\/wp-content\/uploads\/2024\/01\/Agenda-Ille-et-Vilaine.png 703w, https:\/\/www.infolocale.fr\/blog\/wp-content\/uploads\/2024\/01\/Agenda-Ille-et-Vilaine-263x300.png 263w\" sizes=\"(max-width: 703px) 100vw, 703px\" \/>\n<p>\u00a0<\/p>\n<figcaption class=\"wp-element-caption\"><a href=\"https:\/\/nous-vous-ille.fr\/agenda\">https:\/\/nous-vous-ille.fr\/agenda<\/a><\/figcaption>\n<\/figure>\n<p><!-- \/wp:image --><\/p>\n<p><!-- wp:heading {\"level\":3} --><\/p>\n<h3 class=\"wp-block-heading\">L\u2019agenda des \u00e9v\u00e9nements accessibles propos\u00e9 par la Maison d\u00e9partementale des personnes handicap\u00e9es<\/h3>\n<p><!-- \/wp:heading --><\/p>\n<p><!-- wp:paragraph --><\/p>\n<p>En compl\u00e9ment de l\u2019agenda pr\u00e9sent sur sa page principale, le D\u00e9partement propose un\u00a0<a style=\"background-color: #ffffff;\" href=\"https:\/\/www.mdph35.fr\/agenda\">agenda des \u00e9v\u00e9nements accessibles<\/a>. Vous pouvez le retrouver sur sa page\u00a0<a style=\"background-color: #ffffff;\" href=\"https:\/\/www.mdph35.fr\/\">Maison d\u00e9partementale des personnes handicap\u00e9es<\/a>.<\/p>\n<p><!-- \/wp:paragraph --><\/p>\n<p><!-- wp:paragraph --><\/p>\n<p>Le but est de proposer aux usagers en situation de handicap un panel d\u2019\u00e9v\u00e9nements qui leur sont accessibles.<\/p>\n<p><!-- \/wp:paragraph --><\/p>\n<p><!-- wp:image {\"id\":25147,\"linkDestination\":\"custom\"} --><\/p>\n<figure class=\"wp-block-image\"><img decoding=\"async\" class=\"alignnone wp-image-25147\" src=\"https:\/\/www.infolocale.fr\/blog\/wp-content\/uploads\/2024\/01\/Agenda-evenements-accessibles-.png\" alt=\"Aper\u00e7u de l'agenda sur le site de la MDPH 35. L'image met en avant un moteur de recherche d\u00e9di\u00e9 aux \u00e9v\u00e9nements accessibles. Les r\u00e9sultats affichent des sorties culturelles et sportives garantissant un accueil adapt\u00e9 aux personnes en situation de handicap, soulignant l'engagement du d\u00e9partement pour l'inclusion.\" width=\"690\" height=\"792\" srcset=\"https:\/\/www.infolocale.fr\/blog\/wp-content\/uploads\/2024\/01\/Agenda-evenements-accessibles-.png 690w, https:\/\/www.infolocale.fr\/blog\/wp-content\/uploads\/2024\/01\/Agenda-evenements-accessibles--261x300.png 261w\" sizes=\"(max-width: 690px) 100vw, 690px\" \/>\n<p>\u00a0<\/p>\n<figcaption class=\"wp-element-caption\"><a href=\"https:\/\/www.mdph35.fr\/agenda\">https:\/\/www.mdph35.fr\/agenda<\/a><\/figcaption>\n<\/figure>\n<p><!-- \/wp:image --><\/p>\n<p><!-- wp:heading {\"level\":3} --><\/p>\n<h3 class=\"wp-block-heading\">L\u2019agenda culture et patrimoine propos\u00e9 par les Archives et patrimoine d\u2019Ille-et-Vilaine<\/h3>\n<p><!-- \/wp:heading --><\/p>\n<p><!-- wp:paragraph --><\/p>\n<p>Le service des archives et patrimoine propose aussi un agenda qui\u00a0<a href=\"https:\/\/archives.ille-et-vilaine.fr\/agenda\">pr\u00e9sente les \u00e9v\u00e9nements culturels du d\u00e9partement<\/a>.<\/p>\n<p><!-- \/wp:paragraph --><\/p>\n<p><!-- wp:image {\"id\":25149,\"linkDestination\":\"custom\"} --><\/p>\n<figure class=\"wp-block-image\"><img decoding=\"async\" class=\"alignnone wp-image-25149\" src=\"https:\/\/www.infolocale.fr\/blog\/wp-content\/uploads\/2024\/01\/Agenda-archives-1.png\" alt=\"Capture d\u2019\u00e9cran de l\u2019agenda du site des Archives d\u00e9partementales d'Ille-et-Vilaine. On y voit une s\u00e9lection d'\u00e9v\u00e9nements sp\u00e9cialis\u00e9s dans le patrimoine, l'histoire locale et les expositions. L'interface montre comment les filtres Infolocale permettent d'isoler uniquement les sorties culturelles li\u00e9es \u00e0 la m\u00e9moire du territoire.\" width=\"527\" height=\"746\" srcset=\"https:\/\/www.infolocale.fr\/blog\/wp-content\/uploads\/2024\/01\/Agenda-archives-1.png 527w, https:\/\/www.infolocale.fr\/blog\/wp-content\/uploads\/2024\/01\/Agenda-archives-1-212x300.png 212w\" sizes=\"(max-width: 527px) 100vw, 527px\" \/>\n<p>\u00a0<\/p>\n<figcaption class=\"wp-element-caption\"><a href=\"https:\/\/archives.ille-et-vilaine.fr\/agenda\">https:\/\/archives.ille-et-vilaine.fr\/agenda<\/a><\/figcaption>\n<\/figure>\n<p><!-- \/wp:image --><\/p>\n<p><!-- wp:heading --><\/p>\n<h2 class=\"wp-block-heading\">Collectivit\u00e9s : comment int\u00e9grer un agenda des \u00e9v\u00e9nements sur vos sites internet ?<\/h2>\n<p><!-- \/wp:heading --><\/p>\n<p><!-- wp:paragraph --><\/p>\n<p>Il suffit de s\u2019abonner \u00e0 l\u2019<a href=\"https:\/\/www.infolocale.fr\/decouvrir\/collectivites\/?int_source=blog&amp;int_medium=banner&amp;int_campaign=blog-content-artcoll\">offre collectivit\u00e9s<\/a>\u00a0pour relayer l\u2019ensemble des contenus\u00a0<a href=\"https:\/\/www.infolocale.fr\/decouvrir\/?utm_source=blog&amp;utm_medium=banner&amp;utm_campaign=blog-content\">Infolocale<\/a> mod\u00e9r\u00e9s sur les canaux de communication de votre collectivit\u00e9. Dites adieu \u00e0 la double saisie : publiez vos actualit\u00e9s une seule fois sur Infolocale et laissez la magie op\u00e9rer. Vos contenus se synchronisent automatiquement sur vos sites internet et vos p\u00e9riodiques.<\/p>\n<p><!-- \/wp:paragraph --><\/p>\n<p><!-- wp:paragraph --><\/p>\n<p>Vous souhaitez diffuser les contenus de votre territoire pr\u00e9sents sur\u00a0<a href=\"https:\/\/www.infolocale.fr\/decouvrir\/?utm_source=blog&amp;utm_medium=banner&amp;utm_campaign=blog-content\">Infolocale<\/a>\u00a0? Vous voulez\u00a0<a href=\"https:\/\/www.infolocale.fr\/blog\/agenda-culturel-collectivite\/\">int\u00e9grer un agenda des sorties de votre territoire<\/a>\u00a0sur votre site internet ?<\/p>\n<p><!-- \/wp:paragraph --><\/p>\n<p><!-- wp:paragraph --><\/p>\n<p>Quelle que soit votre entit\u00e9 (commune, communaut\u00e9 de communes, d\u00e9partement), vous trouverez facilement l\u2019offre adapt\u00e9e \u00e0 vos besoins.<\/p>\n<p><!-- \/wp:paragraph --><\/p>\n<p><!-- wp:paragraph --><\/p>\n<p>Pour cela, rien de plus simple : rendez-vous sur notre page <strong><a href=\"https:\/\/www.infolocale.fr\/decouvrir\/collectivites\/?int_source=blog&amp;int_medium=banner&amp;int_campaign=blog-content-artcoll\">collectivit\u00e9s<\/a><\/strong>. Vous y trouverez tous les d\u00e9tails de notre offre ainsi qu\u2019un formulaire pour nous contacter. Nous nous ferons un plaisir d\u2019\u00e9changer avec vous pour mettre en place l\u2019offre qui correspond \u00e0 vos besoins.<\/p>\n<p><!-- \/wp:paragraph --><\/p>\t\t\t\t\t\t<\/div>\n\t\t\t\t<\/div>\n\t\t\t\t\t<\/div>\n\t\t<\/div>\n\t\t\t\t\t<\/div>\n\t\t<\/section>\n\t\t\t\t<\/div>\n\t\t","protected":false},"excerpt":{"rendered":"<p>Le D\u00e9partement d&rsquo;Ille-et-Vilaine compte plus d\u2019un million d\u2019habitants. Ce dernier joue un r\u00f4le central dans la vie quotidienne de ses habitants : action sociale, entretien [&hellip;]<\/p>\n","protected":false},"author":19,"featured_media":28088,"comment_status":"open","ping_status":"open","sticky":false,"template":"","format":"standard","meta":{"_coblocks_attr":"","_coblocks_dimensions":"","_coblocks_responsive_height":"","_coblocks_accordion_ie_support":"","_mo_disable_npp":"","footnotes":""},"categories":[75],"tags":[],"class_list":["post-28086","post","type-post","status-publish","format-standard","has-post-thumbnail","hentry","category-communication-des-institutions-et-collectivites"],"yoast_head":"<!-- This site is optimized with the Yoast SEO plugin v23.2 - https:\/\/yoast.com\/wordpress\/plugins\/seo\/ -->\n<title>Cr\u00e9er un agenda local dynamique : le mod\u00e8le du D\u00e9partement Ille-et-Vilaine avec Infolocale |<\/title>\n<meta name=\"description\" content=\"D\u00e9couvrez comment le D\u00e9partement Ille-et-Vilaine valorise la vie de son territoire via son agenda connect\u00e9 avec Infolocale.\" \/>\n<meta name=\"robots\" content=\"index, follow, max-snippet:-1, max-image-preview:large, max-video-preview:-1\" \/>\n<link rel=\"canonical\" href=\"https:\/\/www.infolocale.fr\/blog\/creer-un-agenda-local-dynamique-le-modele-du-departement-ille-et-vilaine\/\" \/>\n<meta property=\"og:locale\" content=\"fr_FR\" \/>\n<meta property=\"og:type\" content=\"article\" \/>\n<meta property=\"og:title\" content=\"Cr\u00e9er un agenda local dynamique : le mod\u00e8le du D\u00e9partement Ille-et-Vilaine avec Infolocale |\" \/>\n<meta property=\"og:description\" content=\"D\u00e9couvrez comment le D\u00e9partement Ille-et-Vilaine valorise la vie de son territoire via son agenda connect\u00e9 avec Infolocale.\" \/>\n<meta property=\"og:url\" content=\"https:\/\/www.infolocale.fr\/blog\/creer-un-agenda-local-dynamique-le-modele-du-departement-ille-et-vilaine\/\" \/>\n<meta property=\"article:publisher\" content=\"https:\/\/www.facebook.com\/infolocaleFR\/\" \/>\n<meta property=\"article:published_time\" content=\"2025-07-28T14:07:12+00:00\" \/>\n<meta property=\"article:modified_time\" content=\"2026-05-04T14:57:43+00:00\" \/>\n<meta property=\"og:image\" content=\"https:\/\/www.infolocale.fr\/blog\/wp-content\/uploads\/2025\/07\/Logo-Infolocale-et-Ille-et-Vilaine.png\" \/>\n\t<meta property=\"og:image:width\" content=\"900\" \/>\n\t<meta property=\"og:image:height\" content=\"630\" \/>\n\t<meta property=\"og:image:type\" content=\"image\/png\" \/>\n<meta name=\"author\" content=\"Thelma\" \/>\n<meta name=\"twitter:card\" content=\"summary_large_image\" \/>\n<meta name=\"twitter:creator\" content=\"@infolocale\" \/>\n<meta name=\"twitter:site\" content=\"@infolocale\" \/>\n<meta name=\"twitter:label1\" content=\"\u00c9crit par\" \/>\n\t<meta name=\"twitter:data1\" content=\"Thelma\" \/>\n\t<meta name=\"twitter:label2\" content=\"Dur\u00e9e de lecture estim\u00e9e\" \/>\n\t<meta name=\"twitter:data2\" content=\"3 minutes\" \/>\n<script type=\"application\/ld+json\" class=\"yoast-schema-graph\">{\"@context\":\"https:\/\/schema.org\",\"@graph\":[{\"@type\":\"Article\",\"@id\":\"https:\/\/www.infolocale.fr\/blog\/creer-un-agenda-local-dynamique-le-modele-du-departement-ille-et-vilaine\/#article\",\"isPartOf\":{\"@id\":\"https:\/\/www.infolocale.fr\/blog\/creer-un-agenda-local-dynamique-le-modele-du-departement-ille-et-vilaine\/\"},\"author\":{\"name\":\"Thelma\",\"@id\":\"https:\/\/www.infolocale.fr\/blog\/#\/schema\/person\/c5cc5fad565589d405681286186ea176\"},\"headline\":\"Cr\u00e9er un agenda local dynamique : le mod\u00e8le du D\u00e9partement Ille-et-Vilaine avec Infolocale\",\"datePublished\":\"2025-07-28T14:07:12+00:00\",\"dateModified\":\"2026-05-04T14:57:43+00:00\",\"mainEntityOfPage\":{\"@id\":\"https:\/\/www.infolocale.fr\/blog\/creer-un-agenda-local-dynamique-le-modele-du-departement-ille-et-vilaine\/\"},\"wordCount\":510,\"commentCount\":0,\"publisher\":{\"@id\":\"https:\/\/www.infolocale.fr\/blog\/#organization\"},\"image\":{\"@id\":\"https:\/\/www.infolocale.fr\/blog\/creer-un-agenda-local-dynamique-le-modele-du-departement-ille-et-vilaine\/#primaryimage\"},\"thumbnailUrl\":\"https:\/\/www.infolocale.fr\/blog\/wp-content\/uploads\/2025\/07\/Logo-Infolocale-et-Ille-et-Vilaine.png\",\"articleSection\":[\"Communication des institutions et collectivit\u00e9s\"],\"inLanguage\":\"fr-FR\",\"potentialAction\":[{\"@type\":\"CommentAction\",\"name\":\"Comment\",\"target\":[\"https:\/\/www.infolocale.fr\/blog\/creer-un-agenda-local-dynamique-le-modele-du-departement-ille-et-vilaine\/#respond\"]}]},{\"@type\":\"WebPage\",\"@id\":\"https:\/\/www.infolocale.fr\/blog\/creer-un-agenda-local-dynamique-le-modele-du-departement-ille-et-vilaine\/\",\"url\":\"https:\/\/www.infolocale.fr\/blog\/creer-un-agenda-local-dynamique-le-modele-du-departement-ille-et-vilaine\/\",\"name\":\"Cr\u00e9er un agenda local dynamique : le mod\u00e8le du D\u00e9partement Ille-et-Vilaine avec Infolocale |\",\"isPartOf\":{\"@id\":\"https:\/\/www.infolocale.fr\/blog\/#website\"},\"primaryImageOfPage\":{\"@id\":\"https:\/\/www.infolocale.fr\/blog\/creer-un-agenda-local-dynamique-le-modele-du-departement-ille-et-vilaine\/#primaryimage\"},\"image\":{\"@id\":\"https:\/\/www.infolocale.fr\/blog\/creer-un-agenda-local-dynamique-le-modele-du-departement-ille-et-vilaine\/#primaryimage\"},\"thumbnailUrl\":\"https:\/\/www.infolocale.fr\/blog\/wp-content\/uploads\/2025\/07\/Logo-Infolocale-et-Ille-et-Vilaine.png\",\"datePublished\":\"2025-07-28T14:07:12+00:00\",\"dateModified\":\"2026-05-04T14:57:43+00:00\",\"description\":\"D\u00e9couvrez comment le D\u00e9partement Ille-et-Vilaine valorise la vie de son territoire via son agenda connect\u00e9 avec Infolocale.\",\"breadcrumb\":{\"@id\":\"https:\/\/www.infolocale.fr\/blog\/creer-un-agenda-local-dynamique-le-modele-du-departement-ille-et-vilaine\/#breadcrumb\"},\"inLanguage\":\"fr-FR\",\"potentialAction\":[{\"@type\":\"ReadAction\",\"target\":[\"https:\/\/www.infolocale.fr\/blog\/creer-un-agenda-local-dynamique-le-modele-du-departement-ille-et-vilaine\/\"]}]},{\"@type\":\"ImageObject\",\"inLanguage\":\"fr-FR\",\"@id\":\"https:\/\/www.infolocale.fr\/blog\/creer-un-agenda-local-dynamique-le-modele-du-departement-ille-et-vilaine\/#primaryimage\",\"url\":\"https:\/\/www.infolocale.fr\/blog\/wp-content\/uploads\/2025\/07\/Logo-Infolocale-et-Ille-et-Vilaine.png\",\"contentUrl\":\"https:\/\/www.infolocale.fr\/blog\/wp-content\/uploads\/2025\/07\/Logo-Infolocale-et-Ille-et-Vilaine.png\",\"width\":900,\"height\":630,\"caption\":\"Cr\u00e9er un agenda local dynamique : le mod\u00e8le du D\u00e9partement Ille-et-Vilaine avec Infolocale\"},{\"@type\":\"BreadcrumbList\",\"@id\":\"https:\/\/www.infolocale.fr\/blog\/creer-un-agenda-local-dynamique-le-modele-du-departement-ille-et-vilaine\/#breadcrumb\",\"itemListElement\":[{\"@type\":\"ListItem\",\"position\":1,\"name\":\"Blog\",\"item\":\"https:\/\/infolocale.ouest-france.fr\/blog\/\"},{\"@type\":\"ListItem\",\"position\":2,\"name\":\"Communication des institutions et collectivit\u00e9s\",\"item\":\"https:\/\/infolocale.ouest-france.fr\/blog\/cat\/communication-des-institutions-et-collectivites\/\"},{\"@type\":\"ListItem\",\"position\":3,\"name\":\"Cr\u00e9er un agenda local dynamique : le mod\u00e8le du D\u00e9partement Ille-et-Vilaine avec Infolocale\"}]},{\"@type\":\"WebSite\",\"@id\":\"https:\/\/www.infolocale.fr\/blog\/#website\",\"url\":\"https:\/\/www.infolocale.fr\/blog\/\",\"name\":\"\",\"description\":\"\",\"publisher\":{\"@id\":\"https:\/\/www.infolocale.fr\/blog\/#organization\"},\"potentialAction\":[{\"@type\":\"SearchAction\",\"target\":{\"@type\":\"EntryPoint\",\"urlTemplate\":\"https:\/\/www.infolocale.fr\/blog\/?s={search_term_string}\"},\"query-input\":\"required name=search_term_string\"}],\"inLanguage\":\"fr-FR\"},{\"@type\":\"Organization\",\"@id\":\"https:\/\/www.infolocale.fr\/blog\/#organization\",\"name\":\"Infolocale\",\"url\":\"https:\/\/www.infolocale.fr\/blog\/\",\"logo\":{\"@type\":\"ImageObject\",\"inLanguage\":\"fr-FR\",\"@id\":\"https:\/\/www.infolocale.fr\/blog\/#\/schema\/logo\/image\/\",\"url\":\"https:\/\/www.infolocale.fr\/blog\/wp-content\/uploads\/2020\/11\/logol.jpg\",\"contentUrl\":\"https:\/\/www.infolocale.fr\/blog\/wp-content\/uploads\/2020\/11\/logol.jpg\",\"width\":1031,\"height\":398,\"caption\":\"Infolocale\"},\"image\":{\"@id\":\"https:\/\/www.infolocale.fr\/blog\/#\/schema\/logo\/image\/\"},\"sameAs\":[\"https:\/\/www.facebook.com\/infolocaleFR\/\",\"https:\/\/x.com\/infolocale\",\"https:\/\/www.instagram.com\/infolocale\/\",\"https:\/\/fr.linkedin.com\/company\/infolocale\",\"https:\/\/www.youtube.com\/channel\/UCnv4FA8EYEuu_si3TGr7xeA\"]},{\"@type\":\"Person\",\"@id\":\"https:\/\/www.infolocale.fr\/blog\/#\/schema\/person\/c5cc5fad565589d405681286186ea176\",\"name\":\"Thelma\",\"image\":{\"@type\":\"ImageObject\",\"inLanguage\":\"fr-FR\",\"@id\":\"https:\/\/www.infolocale.fr\/blog\/#\/schema\/person\/image\/\",\"url\":\"https:\/\/secure.gravatar.com\/avatar\/49bf3755816c87e89e817e3b81797a7f?s=96&d=mm&r=g\",\"contentUrl\":\"https:\/\/secure.gravatar.com\/avatar\/49bf3755816c87e89e817e3b81797a7f?s=96&d=mm&r=g\",\"caption\":\"Thelma\"},\"url\":\"https:\/\/www.infolocale.fr\/blog\/author\/thelma-rousseauouest-france-fr\/\"}]}<\/script>\n<!-- \/ Yoast SEO plugin. -->","yoast_head_json":{"title":"Cr\u00e9er un agenda local dynamique : le mod\u00e8le du D\u00e9partement Ille-et-Vilaine avec Infolocale |","description":"D\u00e9couvrez comment le D\u00e9partement Ille-et-Vilaine valorise la vie de son territoire via son agenda connect\u00e9 avec Infolocale.","robots":{"index":"index","follow":"follow","max-snippet":"max-snippet:-1","max-image-preview":"max-image-preview:large","max-video-preview":"max-video-preview:-1"},"canonical":"https:\/\/www.infolocale.fr\/blog\/creer-un-agenda-local-dynamique-le-modele-du-departement-ille-et-vilaine\/","og_locale":"fr_FR","og_type":"article","og_title":"Cr\u00e9er un agenda local dynamique : le mod\u00e8le du D\u00e9partement Ille-et-Vilaine avec Infolocale |","og_description":"D\u00e9couvrez comment le D\u00e9partement Ille-et-Vilaine valorise la vie de son territoire via son agenda connect\u00e9 avec Infolocale.","og_url":"https:\/\/www.infolocale.fr\/blog\/creer-un-agenda-local-dynamique-le-modele-du-departement-ille-et-vilaine\/","article_publisher":"https:\/\/www.facebook.com\/infolocaleFR\/","article_published_time":"2025-07-28T14:07:12+00:00","article_modified_time":"2026-05-04T14:57:43+00:00","og_image":[{"width":900,"height":630,"url":"https:\/\/www.infolocale.fr\/blog\/wp-content\/uploads\/2025\/07\/Logo-Infolocale-et-Ille-et-Vilaine.png","type":"image\/png"}],"author":"Thelma","twitter_card":"summary_large_image","twitter_creator":"@infolocale","twitter_site":"@infolocale","twitter_misc":{"\u00c9crit par":"Thelma","Dur\u00e9e de lecture estim\u00e9e":"3 minutes"},"schema":{"@context":"https:\/\/schema.org","@graph":[{"@type":"Article","@id":"https:\/\/www.infolocale.fr\/blog\/creer-un-agenda-local-dynamique-le-modele-du-departement-ille-et-vilaine\/#article","isPartOf":{"@id":"https:\/\/www.infolocale.fr\/blog\/creer-un-agenda-local-dynamique-le-modele-du-departement-ille-et-vilaine\/"},"author":{"name":"Thelma","@id":"https:\/\/www.infolocale.fr\/blog\/#\/schema\/person\/c5cc5fad565589d405681286186ea176"},"headline":"Cr\u00e9er un agenda local dynamique : le mod\u00e8le du D\u00e9partement Ille-et-Vilaine avec Infolocale","datePublished":"2025-07-28T14:07:12+00:00","dateModified":"2026-05-04T14:57:43+00:00","mainEntityOfPage":{"@id":"https:\/\/www.infolocale.fr\/blog\/creer-un-agenda-local-dynamique-le-modele-du-departement-ille-et-vilaine\/"},"wordCount":510,"commentCount":0,"publisher":{"@id":"https:\/\/www.infolocale.fr\/blog\/#organization"},"image":{"@id":"https:\/\/www.infolocale.fr\/blog\/creer-un-agenda-local-dynamique-le-modele-du-departement-ille-et-vilaine\/#primaryimage"},"thumbnailUrl":"https:\/\/www.infolocale.fr\/blog\/wp-content\/uploads\/2025\/07\/Logo-Infolocale-et-Ille-et-Vilaine.png","articleSection":["Communication des institutions et collectivit\u00e9s"],"inLanguage":"fr-FR","potentialAction":[{"@type":"CommentAction","name":"Comment","target":["https:\/\/www.infolocale.fr\/blog\/creer-un-agenda-local-dynamique-le-modele-du-departement-ille-et-vilaine\/#respond"]}]},{"@type":"WebPage","@id":"https:\/\/www.infolocale.fr\/blog\/creer-un-agenda-local-dynamique-le-modele-du-departement-ille-et-vilaine\/","url":"https:\/\/www.infolocale.fr\/blog\/creer-un-agenda-local-dynamique-le-modele-du-departement-ille-et-vilaine\/","name":"Cr\u00e9er un agenda local dynamique : le mod\u00e8le du D\u00e9partement Ille-et-Vilaine avec Infolocale |","isPartOf":{"@id":"https:\/\/www.infolocale.fr\/blog\/#website"},"primaryImageOfPage":{"@id":"https:\/\/www.infolocale.fr\/blog\/creer-un-agenda-local-dynamique-le-modele-du-departement-ille-et-vilaine\/#primaryimage"},"image":{"@id":"https:\/\/www.infolocale.fr\/blog\/creer-un-agenda-local-dynamique-le-modele-du-departement-ille-et-vilaine\/#primaryimage"},"thumbnailUrl":"https:\/\/www.infolocale.fr\/blog\/wp-content\/uploads\/2025\/07\/Logo-Infolocale-et-Ille-et-Vilaine.png","datePublished":"2025-07-28T14:07:12+00:00","dateModified":"2026-05-04T14:57:43+00:00","description":"D\u00e9couvrez comment le D\u00e9partement Ille-et-Vilaine valorise la vie de son territoire via son agenda connect\u00e9 avec Infolocale.","breadcrumb":{"@id":"https:\/\/www.infolocale.fr\/blog\/creer-un-agenda-local-dynamique-le-modele-du-departement-ille-et-vilaine\/#breadcrumb"},"inLanguage":"fr-FR","potentialAction":[{"@type":"ReadAction","target":["https:\/\/www.infolocale.fr\/blog\/creer-un-agenda-local-dynamique-le-modele-du-departement-ille-et-vilaine\/"]}]},{"@type":"ImageObject","inLanguage":"fr-FR","@id":"https:\/\/www.infolocale.fr\/blog\/creer-un-agenda-local-dynamique-le-modele-du-departement-ille-et-vilaine\/#primaryimage","url":"https:\/\/www.infolocale.fr\/blog\/wp-content\/uploads\/2025\/07\/Logo-Infolocale-et-Ille-et-Vilaine.png","contentUrl":"https:\/\/www.infolocale.fr\/blog\/wp-content\/uploads\/2025\/07\/Logo-Infolocale-et-Ille-et-Vilaine.png","width":900,"height":630,"caption":"Cr\u00e9er un agenda local dynamique : le mod\u00e8le du D\u00e9partement Ille-et-Vilaine avec Infolocale"},{"@type":"BreadcrumbList","@id":"https:\/\/www.infolocale.fr\/blog\/creer-un-agenda-local-dynamique-le-modele-du-departement-ille-et-vilaine\/#breadcrumb","itemListElement":[{"@type":"ListItem","position":1,"name":"Blog","item":"https:\/\/infolocale.ouest-france.fr\/blog\/"},{"@type":"ListItem","position":2,"name":"Communication des institutions et collectivit\u00e9s","item":"https:\/\/infolocale.ouest-france.fr\/blog\/cat\/communication-des-institutions-et-collectivites\/"},{"@type":"ListItem","position":3,"name":"Cr\u00e9er un agenda local dynamique : le mod\u00e8le du D\u00e9partement Ille-et-Vilaine avec Infolocale"}]},{"@type":"WebSite","@id":"https:\/\/www.infolocale.fr\/blog\/#website","url":"https:\/\/www.infolocale.fr\/blog\/","name":"","description":"","publisher":{"@id":"https:\/\/www.infolocale.fr\/blog\/#organization"},"potentialAction":[{"@type":"SearchAction","target":{"@type":"EntryPoint","urlTemplate":"https:\/\/www.infolocale.fr\/blog\/?s={search_term_string}"},"query-input":"required name=search_term_string"}],"inLanguage":"fr-FR"},{"@type":"Organization","@id":"https:\/\/www.infolocale.fr\/blog\/#organization","name":"Infolocale","url":"https:\/\/www.infolocale.fr\/blog\/","logo":{"@type":"ImageObject","inLanguage":"fr-FR","@id":"https:\/\/www.infolocale.fr\/blog\/#\/schema\/logo\/image\/","url":"https:\/\/www.infolocale.fr\/blog\/wp-content\/uploads\/2020\/11\/logol.jpg","contentUrl":"https:\/\/www.infolocale.fr\/blog\/wp-content\/uploads\/2020\/11\/logol.jpg","width":1031,"height":398,"caption":"Infolocale"},"image":{"@id":"https:\/\/www.infolocale.fr\/blog\/#\/schema\/logo\/image\/"},"sameAs":["https:\/\/www.facebook.com\/infolocaleFR\/","https:\/\/x.com\/infolocale","https:\/\/www.instagram.com\/infolocale\/","https:\/\/fr.linkedin.com\/company\/infolocale","https:\/\/www.youtube.com\/channel\/UCnv4FA8EYEuu_si3TGr7xeA"]},{"@type":"Person","@id":"https:\/\/www.infolocale.fr\/blog\/#\/schema\/person\/c5cc5fad565589d405681286186ea176","name":"Thelma","image":{"@type":"ImageObject","inLanguage":"fr-FR","@id":"https:\/\/www.infolocale.fr\/blog\/#\/schema\/person\/image\/","url":"https:\/\/secure.gravatar.com\/avatar\/49bf3755816c87e89e817e3b81797a7f?s=96&d=mm&r=g","contentUrl":"https:\/\/secure.gravatar.com\/avatar\/49bf3755816c87e89e817e3b81797a7f?s=96&d=mm&r=g","caption":"Thelma"},"url":"https:\/\/www.infolocale.fr\/blog\/author\/thelma-rousseauouest-france-fr\/"}]}},"_links":{"self":[{"href":"https:\/\/www.infolocale.fr\/blog\/wp-json\/wp\/v2\/posts\/28086"}],"collection":[{"href":"https:\/\/www.infolocale.fr\/blog\/wp-json\/wp\/v2\/posts"}],"about":[{"href":"https:\/\/www.infolocale.fr\/blog\/wp-json\/wp\/v2\/types\/post"}],"author":[{"embeddable":true,"href":"https:\/\/www.infolocale.fr\/blog\/wp-json\/wp\/v2\/users\/19"}],"replies":[{"embeddable":true,"href":"https:\/\/www.infolocale.fr\/blog\/wp-json\/wp\/v2\/comments?post=28086"}],"version-history":[{"count":0,"href":"https:\/\/www.infolocale.fr\/blog\/wp-json\/wp\/v2\/posts\/28086\/revisions"}],"wp:featuredmedia":[{"embeddable":true,"href":"https:\/\/www.infolocale.fr\/blog\/wp-json\/wp\/v2\/media\/28088"}],"wp:attachment":[{"href":"https:\/\/www.infolocale.fr\/blog\/wp-json\/wp\/v2\/media?parent=28086"}],"wp:term":[{"taxonomy":"category","embeddable":true,"href":"https:\/\/www.infolocale.fr\/blog\/wp-json\/wp\/v2\/categories?post=28086"},{"taxonomy":"post_tag","embeddable":true,"href":"https:\/\/www.infolocale.fr\/blog\/wp-json\/wp\/v2\/tags?post=28086"}],"curies":[{"name":"wp","href":"https:\/\/api.w.org\/{rel}","templated":true}]}}