{"id":280,"date":"2020-03-05T17:51:36","date_gmt":"2020-03-05T16:51:36","guid":{"rendered":"http:\/\/infolocale.data.blog\/?p=280"},"modified":"2021-03-02T16:14:41","modified_gmt":"2021-03-02T15:14:41","slug":"restos-du-coeur-35eme-campagne-dhiver","status":"publish","type":"post","link":"https:\/\/www.infolocale.fr\/blog\/restos-du-coeur-35eme-campagne-dhiver\/","title":{"rendered":"Les Restos du C\u0153ur assurent leur 36\u00e8me campagne d\u2019hiver"},"content":{"rendered":"\n<div class=\"wp-block-columns alignfull is-layout-flex wp-container-core-columns-is-layout-1 wp-block-columns-is-layout-flex\">\n<div class=\"wp-block-column is-layout-flow wp-block-column-is-layout-flow\" style=\"flex-basis:100%\">\n<p class=\"has-text-align-justify has-background has-normal-font-size\" style=\"line-height:2;background-color:#ffffff\">En 2020, les besoins d\u2019aides alimentaires persistent. L\u2019association fond\u00e9e par Coluche en 1985, sous le nom officiel \u00ab les Restaurants du C\u0153ur \u2013 les Relais du C\u0153ur&nbsp;\u00bb distribuait \u00e0 l\u2019\u00e9poque 8.5 millions de repas. Trente-trois ann\u00e9es plus tard, cette distribution est multipli\u00e9e par 16.6 . Lors de la derni\u00e8re campagne (2019-2020), c&rsquo;est <strong>136,5 millions de repas \u00e9quilibr\u00e9s qui ont \u00e9t\u00e9 remis aux 875 000 personnes accueillies (2019-2020) par les 73 000 b\u00e9n\u00e9voles.<\/strong><\/p>\n\n\n\n<p class=\"has-text-align-justify has-background has-normal-font-size\" style=\"line-height:2;background-color:#ffffff\"><strong>La pand\u00e9mie a des cons\u00e9quences terribles pour les plus d\u00e9munis<\/strong><\/p>\n\n\n\n<p>La Covid-19 a touch\u00e9 toute la population et renforce la pr\u00e9carit\u00e9 des personnes vuln\u00e9rables, dont certains, sans cette crise n\u2019auraient pas eu besoin de venir aux Restos du C\u0153ur.<\/p>\n<\/div>\n<\/div>\n\n\n\n<div class=\"wp-block-columns alignfull is-layout-flex wp-container-core-columns-is-layout-2 wp-block-columns-is-layout-flex\">\n<div class=\"wp-block-column is-layout-flow wp-block-column-is-layout-flow\" style=\"flex-basis:100%\">\n<div class=\"wp-block-image\"><figure class=\"aligncenter is-resized\"><img fetchpriority=\"high\" decoding=\"async\" src=\"https:\/\/blog.infolocale.fr\/wp-content\/uploads\/2020\/03\/1200px-restos_du_coeur_logo.svg_.png\" alt=\"Restos du C\u0153ur logo\" class=\"wp-image-505\" width=\"490\" height=\"490\"\/><\/figure><\/div>\n\n\n\n<p><\/p>\n<\/div>\n<\/div>\n\n\n\n<div class=\"wp-block-columns alignfull is-layout-flex wp-container-core-columns-is-layout-3 wp-block-columns-is-layout-flex\">\n<div class=\"wp-block-column is-layout-flow wp-block-column-is-layout-flow\" style=\"flex-basis:100%\">\n<h4 class=\"has-text-align-center wp-block-heading\">Les visages de la pr\u00e9carit\u00e9 se diversifient<\/h4>\n\n\n\n<p class=\"has-text-align-justify has-background has-normal-font-size\" style=\"line-height:2;background-color:#ffffff\">Ces b\u00e9n\u00e9ficiaires sont de plus en plus jeunes : 39 % sont mineurs, et 51 % ont moins de 26 ans.  Lors de la derni\u00e8re campagne, l\u2019association a aid\u00e9 30 000 b\u00e9b\u00e9s de moins de 12 mois dans soixante-dix Restos b\u00e9b\u00e9 du C\u0153ur. <\/p>\n<\/div>\n<\/div>\n\n\n\n<div class=\"wp-block-columns alignfull is-layout-flex wp-container-core-columns-is-layout-4 wp-block-columns-is-layout-flex\">\n<div class=\"wp-block-column is-layout-flow wp-block-column-is-layout-flow\" style=\"flex-basis:100%\">\n<h4 class=\"has-text-align-center wp-block-heading\">&nbsp;\u00ab Contre la pauvret\u00e9 sous toutes ses formes \u00bb<\/h4>\n\n\n\n<p class=\"has-text-align-justify has-background has-normal-font-size\" style=\"line-height:2;background-color:#ffffff\">Pour perp\u00e9trer l\u2019un de ses fondamentaux, l\u2019association poursuit son action tout au long de l\u2019ann\u00e9e et tente de r\u00e9pondre \u00e0 la diversit\u00e9 des besoins et des diff\u00e9rents publics accueillis. L\u2019aide alimentaire permet une aide d\u2019urgence mais repr\u00e9sente surtout le point de contact privil\u00e9gi\u00e9 pour permettre un accompagnement qui tendra vers l\u2019autonomie. Une relation de confiance se tisse peu \u00e0 peu. Les b\u00e9n\u00e9voles proposent des pistes pour favoriser la r\u00e9insertion sociale.<\/p>\n<\/div>\n<\/div>\n\n\n\n<figure class=\"wp-block-image size-large\"><a href=\"https:\/\/s.infolocale.fr\/?utm_source=blog&amp;utm_medium=banner&amp;utm_campaign=blog-contents\"><img decoding=\"async\" width=\"908\" height=\"196\" src=\"https:\/\/www.infolocale.fr\/blog\/wp-content\/uploads\/2021\/02\/Banniere_evenement.png\" alt=\"\" class=\"wp-image-5949\" srcset=\"https:\/\/www.infolocale.fr\/blog\/wp-content\/uploads\/2021\/02\/Banniere_evenement.png 908w, https:\/\/www.infolocale.fr\/blog\/wp-content\/uploads\/2021\/02\/Banniere_evenement-300x65.png 300w, https:\/\/www.infolocale.fr\/blog\/wp-content\/uploads\/2021\/02\/Banniere_evenement-768x166.png 768w, https:\/\/www.infolocale.fr\/blog\/wp-content\/uploads\/2021\/02\/Banniere_evenement-278x60.png 278w\" sizes=\"(max-width: 908px) 100vw, 908px\" \/><\/a><\/figure>\n\n\n\n<div class=\"wp-block-columns alignfull is-layout-flex wp-container-core-columns-is-layout-5 wp-block-columns-is-layout-flex\">\n<div class=\"wp-block-column is-layout-flow wp-block-column-is-layout-flow\" style=\"flex-basis:100%\">\n<h4 class=\"has-text-align-center wp-block-heading\">Pour soutenir ces actions<\/h4>\n\n\n\n<p class=\"has-text-align-justify has-background has-normal-font-size\" style=\"line-height:2;background-color:#ffffff\">Le FEAD \u2013Fonds europ\u00e9en d\u2019aide aux plus d\u00e9munis-, pilier de l\u2019aide alimentaire en France, finance 1 repas distribu\u00e9 sur 4 par les Restos. Avec le Secours Populaire et la Croix-Rouge, \u00e9galement b\u00e9n\u00e9ficiaires, ils s\u2019inqui\u00e8tent de la baisse du montant de ces aides. <\/p>\n\n\n\n<p class=\"has-text-align-justify has-background has-normal-font-size\" style=\"line-height:2;background-color:#ffffff\">\u00ab&nbsp;<em>Les \u00c9tats membres n\u00e9gocient le budget de l\u2019Union europ\u00e9enne pour les ann\u00e9es 2021- 2027. La sortie de l\u2019Union Europ\u00e9enne du Royaume-Uni va diminuer le budget communautaire. Aucune recette nouvelle n\u2019est pour le moment envisag\u00e9e par les \u00c9tats membres et par la Commission de Bruxelles. Non seulement des coupes sont \u00e0 craindre, mais une r\u00e9allocation d\u2019une partie des budgets sociaux pourrait \u00eatre d\u00e9cid\u00e9e pour r\u00e9pondre \u00e0 de nouvelles priorit\u00e9s, comme l\u2019emploi ou la s\u00e9curit\u00e9 sur le continent&nbsp;\u00bb<\/em>.<\/p>\n\n\n\n<blockquote class=\"wp-block-quote has-text-align-left is-layout-flow wp-block-quote-is-layout-flow\"><p><a href=\"https:\/\/www.lemonde.fr\/economie\/article\/2017\/11\/27\/europe-la-grande-bataille-des-budgets-a-commence_5220773_3234.html\">La grande bataille des budgets a commenc\u00e9<\/a> (Le Monde)<\/p><\/blockquote>\n\n\n\n<p class=\"has-text-align-justify has-background has-normal-font-size\" style=\"line-height:2;background-color:#ffffff\">Les ressources des Restos reposent essentiellement sur la g\u00e9n\u00e9rosit\u00e9 du public qui assure pr\u00e8s de la moiti\u00e9 des recettes financi\u00e8res de l\u2019association (47% ). Les subventions participent, eux, pour 33% des recettes, et les produits Enfoir\u00e9s pour 7 %.<\/p>\n<\/div>\n<\/div>\n\n\n\n<div class=\"wp-block-columns alignfull is-layout-flex wp-container-core-columns-is-layout-6 wp-block-columns-is-layout-flex\">\n<div class=\"wp-block-column is-layout-flow wp-block-column-is-layout-flow\" style=\"flex-basis:100%\">\n<h4 class=\"wp-block-heading\">&nbsp;\u00abOn compte sur vous\u00bb<\/h4>\n\n\n\n<p class=\"has-text-align-justify has-background has-normal-font-size\" style=\"line-height:2;background-color:#ffffff\">La refonte de la fiscalit\u00e9, le pr\u00e9l\u00e8vement \u00e0 la source de l\u2019imp\u00f4t sur le revenu, la suppression de l\u2019ISF, la hausse de la CSG pour les retrait\u00e9s, n\u2019encouragent pas les donateurs. Le slogan de l\u2019association \u00ab <strong><em>on compte sur vous<\/em><\/strong> \u00bb est de plus en plus pr\u00e9gnant.<\/p>\n\n\n\n<blockquote class=\"wp-block-quote is-layout-flow wp-block-quote-is-layout-flow\"><p>Retrouvez <a href=\"https:\/\/infolocale.data.blog\/2020\/03\/13\/les-dons-samenuisent-le-monde-associatif-sessouffle\/\">ici<\/a> notre article sur la baisse des dons analys\u00e9e par le Syndicat France G\u00e9n\u00e9rosit\u00e9s<\/p><\/blockquote>\n\n\n\n<p><\/p>\n<\/div>\n<\/div>\n\n\n\n<div class=\"wp-block-columns alignfull is-layout-flex wp-container-core-columns-is-layout-7 wp-block-columns-is-layout-flex\">\n<div class=\"wp-block-column is-layout-flow wp-block-column-is-layout-flow\" style=\"flex-basis:100%\">\n<h4 class=\"has-text-align-center wp-block-heading\">Une aide de proximit\u00e9<\/h4>\n\n\n\n<p class=\"has-text-align-justify has-background has-normal-font-size\" style=\"line-height:2;background-color:#ffffff\">73 000 b\u00e9n\u00e9voles s&rsquo;engagent au sein des 2 013 centres que compte l&rsquo;association. Ces centres sont regroup\u00e9s en 11 antennes r\u00e9gionales. Nous avons un t\u00e9moignage de la r\u00e9gion Bretagne-Pays-de-La-Loire, \u00e9manant de l\u2019une des 117 associations. Toutes g\u00e8rent, animent et coordonnent sur le terrain l\u2019aide alimentaire et les multiples activit\u00e9s qui contribuent \u00e0 la r\u00e9insertion.<\/p>\n\n\n\n<blockquote class=\"wp-block-quote is-layout-flow wp-block-quote-is-layout-flow\"><p>Retrouvez<a href=\"https:\/\/www.restosducoeur.org\/nos-actions\/\"> les actions<\/a> des Restos Du C\u0153ur <\/p><\/blockquote>\n\n\n\n<p><\/p>\n<\/div>\n<\/div>\n\n\n\n<div class=\"wp-block-columns alignfull is-layout-flex wp-container-core-columns-is-layout-8 wp-block-columns-is-layout-flex\">\n<div class=\"wp-block-column is-layout-flow wp-block-column-is-layout-flow\" style=\"flex-basis:100%\">\n<h4 class=\"has-text-align-center wp-block-heading\">Yves, responsable de centre d\u2019activit\u00e9s de Pont-L\u2019Abb\u00e9, Finist\u00e8re<\/h4>\n\n\n\n<p class=\"has-text-align-justify has-background has-normal-font-size\" style=\"line-height:2;background-color:#ffffff\">Dix-sept centres finist\u00e9riens r\u00e9percutent l\u2019action des Restos du C\u0153ur. A Pont-L\u2019Abb\u00e9, o\u00f9 se trouve le centre du Pays Bigouden, 50 b\u00e9n\u00e9voles distribuent 68 000 repas par an \u00e0 200 familles (400 personnes aid\u00e9es). Ces chiffres sont en progression d\u2019une ann\u00e9e sur l\u2019autre. Yves, organisateur de grands \u00e9v\u00e9nements durant sa vie professionnelle, a voulu s\u2019engager aux Restos d\u00e8s le d\u00e9but de son parcours de jeune retrait\u00e9, il y a cinq ans.&nbsp; Actif \u00e0 la distribution, il assure la responsabilit\u00e9 du centre en bin\u00f4me avec Gilles, depuis 2018.<\/p>\n\n\n\n<p class=\"has-text-align-justify has-background has-normal-font-size\" style=\"line-height:2;background-color:#ffffff\">Comme dans les autres centres, leur vocation est l\u2019aide alimentaire par l\u2019accueil et l\u2019accompagnement. \u00ab <strong>La personne qui pousse la porte doit pouvoir repartir au moins avec l\u2019aide alimentaire&nbsp;: 9 repas par semaine, pour une personne, 12 repas pour deux personnes. <strong>Cet hiver nous avons accueillis 204 familles, soit&nbsp; 30 %&nbsp; de plus par rapport \u00e0 l\u2019hiver 2018\/2019.<\/strong><\/strong> <strong>Dans notre r\u00f4le d\u2019accompagnement, nous pouvons orienter vers des services qui ont les comp\u00e9tences pour mettre en place du micro-cr\u00e9dit via les banques partenaires<\/strong>. <strong>Des cours de Fran\u00e7ais sont propos\u00e9s par le centre de Quimper. Des maraudes sont organis\u00e9es dans les grandes villes.&nbsp;De nombreuses approches sont mises en place pour l\u2019accompagnement des personnes et favoriser leurs insertions sociales.<\/strong>&nbsp;\u00bb Sourires et convivialit\u00e9 animent les b\u00e9n\u00e9voles. De mani\u00e8re durable, puisque les Restos sont ouverts toute l\u2019ann\u00e9e.<\/p>\n<\/div>\n<\/div>\n\n\n\n<div class=\"wp-block-image\"><figure class=\"aligncenter size-large is-resized\"><img decoding=\"async\" src=\"https:\/\/www.infolocale.fr\/blog\/wp-content\/uploads\/2020\/12\/Resto_Coeur1-768x1024.jpg\" alt=\"\" class=\"wp-image-5052\" width=\"447\" height=\"596\" srcset=\"https:\/\/www.infolocale.fr\/blog\/wp-content\/uploads\/2020\/12\/Resto_Coeur1-768x1024.jpg 768w, https:\/\/www.infolocale.fr\/blog\/wp-content\/uploads\/2020\/12\/Resto_Coeur1-225x300.jpg 225w, https:\/\/www.infolocale.fr\/blog\/wp-content\/uploads\/2020\/12\/Resto_Coeur1-1152x1536.jpg 1152w, https:\/\/www.infolocale.fr\/blog\/wp-content\/uploads\/2020\/12\/Resto_Coeur1-1536x2048.jpg 1536w, https:\/\/www.infolocale.fr\/blog\/wp-content\/uploads\/2020\/12\/Resto_Coeur1-45x60.jpg 45w, https:\/\/www.infolocale.fr\/blog\/wp-content\/uploads\/2020\/12\/Resto_Coeur1-scaled.jpg 1920w\" sizes=\"(max-width: 447px) 100vw, 447px\" \/><figcaption>Gilles et Yves, b\u00e9n\u00e9voles au Restos du Coeur de Pont-l&rsquo;Abb\u00e9 (Finist\u00e8re sud)<\/figcaption><\/figure><\/div>\n\n\n\n<p><\/p>\n\n\n\n<div class=\"wp-block-columns alignfull is-layout-flex wp-container-core-columns-is-layout-9 wp-block-columns-is-layout-flex\">\n<div class=\"wp-block-column is-layout-flow wp-block-column-is-layout-flow\" style=\"flex-basis:100%\">\n<h4 class=\"has-text-align-center wp-block-heading\">Mardi et vendredi matin<\/h4>\n\n\n\n<p class=\"has-text-align-justify has-background has-normal-font-size\" style=\"line-height:2;background-color:#ffffff\">La distribution et l\u2019accueil se font deux fois par semaine. Le centre de Pont-L\u2019Abb\u00e9, s\u2019articulent autour de 3 \u00e9quipes de b\u00e9n\u00e9voles&nbsp;:<\/p>\n\n\n\n<ol class=\"wp-block-list\" type=\"1\"><li>La Ramasse&nbsp;-7 b\u00e9n\u00e9voles-: d\u00e8s 7 heures du matin, une \u00e9quipe se charge de la tourn\u00e9e des sept grandes surfaces partenaires et revient d\u00e9charger le camion avant de le remplir \u00e0 nouveau&nbsp;: des produits frais \u2013fruits, l\u00e9gumes, yaourts, beurre- Produits \u00e0 dates courtes (une semaine avant la date de distribution). A ces produits frais s\u2019ajoutent les dons d\u2019entreprises&nbsp;: H\u00e9naff (1\/semaine) Larzull, 3 ou 4 fois dans l\u2019ann\u00e9e.<\/li><li>L\u2019intendance\u2013 Logistique g\u00e8re les stocks -6 \u00e0 7 personnes- Trie les fruits et l\u00e9gumes \u00e0 l\u2019arriv\u00e9e.<\/li><li>La distribution&nbsp;-30 personnes- Deux distributions sont faites par semaine, ce qui suppose un calendrier de pr\u00e9sence. C\u2019est d&rsquo;ailleurs le poste qui n\u00e9cessite le plus.<\/li><\/ol>\n\n\n\n<figure class=\"wp-block-image alignfull size-large\"><img decoding=\"async\" src=\"https:\/\/blog.infolocale.fr\/wp-content\/uploads\/2020\/03\/rayon-fruits-lecc81gumes.jpg?w=580\" alt=\"Restos du C\u0153ur Finist\u00e8re b\u00e9n\u00e9voles distribution aide alimentaire\" class=\"wp-image-1889\"\/><\/figure>\n\n\n\n<p class=\"has-text-align-justify has-background has-normal-font-size\" style=\"line-height:2;background-color:#ffffff\">Au niveau national, les acheteurs apportent des produits compl\u00e9mentaires&nbsp;: \u00e9picerie, surgel\u00e9s, conserves. Le centre du Pays Bigouden, comme ceux du Finist\u00e8re, \u00ab&nbsp;<strong>ont la chance de r\u00e9aliser de belles ramasses&nbsp;<\/strong>\u00bb.&nbsp;Les producteurs d\u00e9partementaux tels que Sav\u00e9ol alimentent les Restos au niveau d\u00e9partemental, voire r\u00e9gional selon les besoins. La terre est productive. Yves cite \u00e9galement l\u2019exemple de particuliers qui am\u00e8nent spontan\u00e9ment des pommes \u00e0 partager.<\/p>\n\n\n\n<p class=\"has-text-align-justify has-background has-normal-font-size\" style=\"line-height:2;background-color:#ffffff\">Le centre de Pont-l\u2019Abb\u00e9 fonctionne avec un budget d\u2019un montant s\u2019\u00e9levant \u00e0 16&nbsp;000 \u20ac \u00e0 l\u2019ann\u00e9e pour 1&nbsp;300 repas servis chaque semaine, soit environ 68 000 repas \u00e0 l\u2019ann\u00e9e. Le poste le plus lourd est celui de la location du local&nbsp;qui p\u00e8se pour 10&nbsp;800 \u20ac. Contrairement \u00e0 d\u2019autres antennes, le local n\u2019a pas \u00e9t\u00e9 mis \u00e0 disposition par le territoire. Le reste de l\u2019enveloppe budg\u00e9taire finance l\u2019investissement en v\u00e9hicules et mat\u00e9riels. Le centre du Pays Bigouden souhaite ne pas solliciter l\u2019aide des Restos au niveau national.<\/p>\n<\/div>\n<\/div>\n\n\n\n<div class=\"wp-block-columns alignfull is-layout-flex wp-container-core-columns-is-layout-10 wp-block-columns-is-layout-flex\">\n<div class=\"wp-block-column is-layout-flow wp-block-column-is-layout-flow\" style=\"flex-basis:100%\">\n<h4 class=\"wp-block-heading\">Des collectes alimentaires dans les supermarch\u00e9s<\/h4>\n\n\n\n<p class=\"has-text-align-justify has-background has-normal-font-size\" style=\"line-height:2;background-color:#ffffff\">En 2019, au niveau national la r\u00e9colte \u00e9tait estim\u00e9e \u00e0 plus de 8 900 tonnes, gr\u00e2ce \u00e0 la g\u00e9n\u00e9rosit\u00e9 du public et \u00e0 la motivation de 73 000 b\u00e9n\u00e9voles pr\u00e9sents dans 6 900 magasins.<\/p>\n\n\n\n<p class=\"has-text-align-justify has-background has-normal-font-size\" style=\"line-height:2;background-color:#ffffff\">A lui seul, le centre du Pays Bigouden avait pu r\u00e9colter 11 tonnes de marchandises (p\u00e2tes, conserves, produits d\u2019hygi\u00e8ne). Une tombola d\u00e9partementale vient compenser un peu le d\u00e9ficit du don. En fin d\u2019ann\u00e9e, des b\u00e9n\u00e9voles font des paquets cadeaux. Tout est bon pour servir la cause&nbsp;! <\/p>\n<\/div>\n<\/div>\n\n\n\n<div class=\"wp-block-columns alignfull is-layout-flex wp-container-core-columns-is-layout-11 wp-block-columns-is-layout-flex\">\n<div class=\"wp-block-column is-layout-flow wp-block-column-is-layout-flow\" style=\"flex-basis:100%\">\n<figure class=\"wp-block-pullquote is-style-default\" style=\"border-color:#313131\"><blockquote><p>\u00ab&nbsp;<strong>Nous mettons \u00e0 disposition des Restos notre temps, notre \u00e9nergie, mais donnons un vrai sens \u00e0 notre vie en aidant ceux &nbsp;qui n\u2019ont pas eu la m\u00eame chance&nbsp;! L\u2019ambiance est tr\u00e8s conviviale. Une r\u00e9elle complicit\u00e9 nous unit entre b\u00e9n\u00e9voles. Et d\u00e9teint sur les relations \u00e9tablies avec les familles accueillies<\/strong>&nbsp;\u00bb. Yves.<\/p><\/blockquote><\/figure>\n\n\n\n<h4 class=\"has-text-align-center wp-block-heading\">La surprise du confinement pour les Restos du c\u0153ur&nbsp;: 2 fois plus de dons&nbsp;!<\/h4>\n\n\n\n<p class=\"has-text-align-justify has-background has-normal-font-size\" style=\"line-height:2;background-color:#ffffff\">Une aide bienvenue pour l\u2019association qui accueille de plus en plus de familles. Dans le Finist\u00e8re <strong>\u00ab&nbsp;Il y a eu un r\u00e9el impact Covid dans certains centres, notamment plus urbains (Quimper, Brest, Douarnenez..).&nbsp;A Pont l&rsquo;Abb\u00e9, nous avons maintenu la distribution sans interruption, avec une organisation adapt\u00e9e : \u00e9quipe plus restreinte de b\u00e9n\u00e9voles, familles accueillies \u00e0 l&rsquo;ext\u00e9rieur du centre avec des horaires individuels, et distribution de colis standardis\u00e9s pr\u00e9par\u00e9s par les b\u00e9n\u00e9voles&#8230;&nbsp;\u00bb<\/strong><\/p>\n\n\n\n<p class=\"has-text-align-justify has-background has-normal-font-size\" style=\"line-height:2;background-color:#ffffff\">Depuis le d\u00e9but de la campagne printemps\/\u00e9t\u00e9 2020 170 nouvelles familles se sont inscrites (+ 16 %). <strong>\u00ab&nbsp;Mais il y a plusieurs familles que nous n&rsquo;avons pas encore revues depuis le d\u00e9but du confinement. Elles reviendront probablement au fil des semaines \u00e0 venir<\/strong>.<strong>&nbsp;\u00bb<\/strong><\/p>\n<\/div>\n<\/div>\n\n\n\n<div class=\"wp-block-image\"><figure class=\"aligncenter size-large\"><img loading=\"lazy\" decoding=\"async\" width=\"1024\" height=\"721\" src=\"https:\/\/www.infolocale.fr\/blog\/wp-content\/uploads\/2020\/12\/Resto_Co_DistribSoupe2-1024x721.jpg\" alt=\"\" class=\"wp-image-5051\" srcset=\"https:\/\/www.infolocale.fr\/blog\/wp-content\/uploads\/2020\/12\/Resto_Co_DistribSoupe2-1024x721.jpg 1024w, https:\/\/www.infolocale.fr\/blog\/wp-content\/uploads\/2020\/12\/Resto_Co_DistribSoupe2-300x211.jpg 300w, https:\/\/www.infolocale.fr\/blog\/wp-content\/uploads\/2020\/12\/Resto_Co_DistribSoupe2-768x540.jpg 768w, https:\/\/www.infolocale.fr\/blog\/wp-content\/uploads\/2020\/12\/Resto_Co_DistribSoupe2-1536x1081.jpg 1536w, https:\/\/www.infolocale.fr\/blog\/wp-content\/uploads\/2020\/12\/Resto_Co_DistribSoupe2-85x60.jpg 85w, https:\/\/www.infolocale.fr\/blog\/wp-content\/uploads\/2020\/12\/Resto_Co_DistribSoupe2.jpg 1920w\" sizes=\"(max-width: 1024px) 100vw, 1024px\" \/><\/figure><\/div>\n\n\n\n<p><\/p>\n","protected":false},"excerpt":{"rendered":"<p>En 2020, les besoins d\u2019aides alimentaires persistent. L\u2019association fond\u00e9e par Coluche en 1985, sous le nom officiel \u00ab les Restaurants du C\u0153ur \u2013 les Relais [&hellip;]<\/p>\n","protected":false},"author":8,"featured_media":4231,"comment_status":"open","ping_status":"open","sticky":false,"template":"","format":"standard","meta":{"_coblocks_attr":"","_coblocks_dimensions":"","_coblocks_responsive_height":"","_coblocks_accordion_ie_support":"","_mo_disable_npp":"","footnotes":""},"categories":[6],"tags":[45],"class_list":["post-280","post","type-post","status-publish","format-standard","has-post-thumbnail","hentry","category-actu-acteurs-locaux","tag-portraits"],"yoast_head":"<!-- This site is optimized with the Yoast SEO plugin v23.2 - https:\/\/yoast.com\/wordpress\/plugins\/seo\/ -->\n<title>Les Restos du C\u0153ur assurent leur 36\u00e8me campagne d\u2019hiver |<\/title>\n<meta name=\"description\" content=\"Dans les coulisses des Restos du C\u0153ur, toujours aussi mobilis\u00e9s et de plus en plus sollicit\u00e9s avec 133,5 millions de repas distribu\u00e9s en 2019\" \/>\n<meta name=\"robots\" content=\"index, follow, max-snippet:-1, max-image-preview:large, max-video-preview:-1\" \/>\n<link rel=\"canonical\" href=\"https:\/\/infolocale.20minutes.fr\/blog\/restos-du-coeur-35eme-campagne-dhiver\/\" \/>\n<meta property=\"og:locale\" content=\"fr_FR\" \/>\n<meta property=\"og:type\" content=\"article\" \/>\n<meta property=\"og:title\" content=\"Les Restos du C\u0153ur assurent leur 36\u00e8me campagne d\u2019hiver |\" \/>\n<meta property=\"og:description\" content=\"Dans les coulisses des Restos du C\u0153ur, toujours aussi mobilis\u00e9s et de plus en plus sollicit\u00e9s avec 133,5 millions de repas distribu\u00e9s en 2019\" \/>\n<meta property=\"og:url\" content=\"https:\/\/infolocale.20minutes.fr\/blog\/restos-du-coeur-35eme-campagne-dhiver\/\" \/>\n<meta property=\"article:publisher\" content=\"https:\/\/www.facebook.com\/infolocaleFR\/\" \/>\n<meta property=\"article:published_time\" content=\"2020-03-05T16:51:36+00:00\" \/>\n<meta property=\"article:modified_time\" content=\"2021-03-02T15:14:41+00:00\" \/>\n<meta property=\"og:image\" content=\"https:\/\/infolocale.20minutes.fr\/blog\/wp-content\/uploads\/2020\/11\/association-des-restos-du-coeur.jpg\" \/>\n\t<meta property=\"og:image:width\" content=\"1265\" \/>\n\t<meta property=\"og:image:height\" content=\"846\" \/>\n\t<meta property=\"og:image:type\" content=\"image\/jpeg\" \/>\n<meta name=\"author\" content=\"Myl\u00e8ne\" \/>\n<meta name=\"twitter:card\" content=\"summary_large_image\" \/>\n<meta name=\"twitter:creator\" content=\"@infolocale\" \/>\n<meta name=\"twitter:site\" content=\"@infolocale\" \/>\n<meta name=\"twitter:label1\" content=\"\u00c9crit par\" \/>\n\t<meta name=\"twitter:data1\" content=\"Myl\u00e8ne\" \/>\n\t<meta name=\"twitter:label2\" content=\"Dur\u00e9e de lecture estim\u00e9e\" \/>\n\t<meta name=\"twitter:data2\" content=\"7 minutes\" \/>\n<script type=\"application\/ld+json\" class=\"yoast-schema-graph\">{\"@context\":\"https:\/\/schema.org\",\"@graph\":[{\"@type\":\"Article\",\"@id\":\"https:\/\/infolocale.20minutes.fr\/blog\/restos-du-coeur-35eme-campagne-dhiver\/#article\",\"isPartOf\":{\"@id\":\"https:\/\/infolocale.20minutes.fr\/blog\/restos-du-coeur-35eme-campagne-dhiver\/\"},\"author\":{\"name\":\"Myl\u00e8ne\",\"@id\":\"https:\/\/www.infolocale.fr\/blog\/#\/schema\/person\/bf2dc50c6636ffa2ce3e44ef1f9eb97f\"},\"headline\":\"Les Restos du C\u0153ur assurent leur 36\u00e8me campagne d\u2019hiver\",\"datePublished\":\"2020-03-05T16:51:36+00:00\",\"dateModified\":\"2021-03-02T15:14:41+00:00\",\"mainEntityOfPage\":{\"@id\":\"https:\/\/infolocale.20minutes.fr\/blog\/restos-du-coeur-35eme-campagne-dhiver\/\"},\"wordCount\":1502,\"commentCount\":0,\"publisher\":{\"@id\":\"https:\/\/www.infolocale.fr\/blog\/#organization\"},\"image\":{\"@id\":\"https:\/\/infolocale.20minutes.fr\/blog\/restos-du-coeur-35eme-campagne-dhiver\/#primaryimage\"},\"thumbnailUrl\":\"https:\/\/www.infolocale.fr\/blog\/wp-content\/uploads\/2020\/11\/association-des-restos-du-coeur.jpg\",\"keywords\":[\"Portraits\"],\"articleSection\":[\"En ce moment\"],\"inLanguage\":\"fr-FR\",\"potentialAction\":[{\"@type\":\"CommentAction\",\"name\":\"Comment\",\"target\":[\"https:\/\/infolocale.20minutes.fr\/blog\/restos-du-coeur-35eme-campagne-dhiver\/#respond\"]}]},{\"@type\":\"WebPage\",\"@id\":\"https:\/\/infolocale.20minutes.fr\/blog\/restos-du-coeur-35eme-campagne-dhiver\/\",\"url\":\"https:\/\/infolocale.20minutes.fr\/blog\/restos-du-coeur-35eme-campagne-dhiver\/\",\"name\":\"Les Restos du C\u0153ur assurent leur 36\u00e8me campagne d\u2019hiver |\",\"isPartOf\":{\"@id\":\"https:\/\/www.infolocale.fr\/blog\/#website\"},\"primaryImageOfPage\":{\"@id\":\"https:\/\/infolocale.20minutes.fr\/blog\/restos-du-coeur-35eme-campagne-dhiver\/#primaryimage\"},\"image\":{\"@id\":\"https:\/\/infolocale.20minutes.fr\/blog\/restos-du-coeur-35eme-campagne-dhiver\/#primaryimage\"},\"thumbnailUrl\":\"https:\/\/www.infolocale.fr\/blog\/wp-content\/uploads\/2020\/11\/association-des-restos-du-coeur.jpg\",\"datePublished\":\"2020-03-05T16:51:36+00:00\",\"dateModified\":\"2021-03-02T15:14:41+00:00\",\"description\":\"Dans les coulisses des Restos du C\u0153ur, toujours aussi mobilis\u00e9s et de plus en plus sollicit\u00e9s avec 133,5 millions de repas distribu\u00e9s en 2019\",\"breadcrumb\":{\"@id\":\"https:\/\/infolocale.20minutes.fr\/blog\/restos-du-coeur-35eme-campagne-dhiver\/#breadcrumb\"},\"inLanguage\":\"fr-FR\",\"potentialAction\":[{\"@type\":\"ReadAction\",\"target\":[\"https:\/\/infolocale.20minutes.fr\/blog\/restos-du-coeur-35eme-campagne-dhiver\/\"]}]},{\"@type\":\"ImageObject\",\"inLanguage\":\"fr-FR\",\"@id\":\"https:\/\/infolocale.20minutes.fr\/blog\/restos-du-coeur-35eme-campagne-dhiver\/#primaryimage\",\"url\":\"https:\/\/www.infolocale.fr\/blog\/wp-content\/uploads\/2020\/11\/association-des-restos-du-coeur.jpg\",\"contentUrl\":\"https:\/\/www.infolocale.fr\/blog\/wp-content\/uploads\/2020\/11\/association-des-restos-du-coeur.jpg\",\"width\":1265,\"height\":846,\"caption\":\"des b\u00e9n\u00e9voles de l'association des restos du coeur\"},{\"@type\":\"BreadcrumbList\",\"@id\":\"https:\/\/infolocale.20minutes.fr\/blog\/restos-du-coeur-35eme-campagne-dhiver\/#breadcrumb\",\"itemListElement\":[{\"@type\":\"ListItem\",\"position\":1,\"name\":\"Blog\",\"item\":\"https:\/\/infolocale.ouest-france.fr\/blog\/\"},{\"@type\":\"ListItem\",\"position\":2,\"name\":\"En ce moment\",\"item\":\"https:\/\/infolocale.20minutes.fr\/blog\/cat\/actu-acteurs-locaux\/\"},{\"@type\":\"ListItem\",\"position\":3,\"name\":\"Les Restos du C\u0153ur assurent leur 36\u00e8me campagne d\u2019hiver\"}]},{\"@type\":\"WebSite\",\"@id\":\"https:\/\/www.infolocale.fr\/blog\/#website\",\"url\":\"https:\/\/www.infolocale.fr\/blog\/\",\"name\":\"\",\"description\":\"\",\"publisher\":{\"@id\":\"https:\/\/www.infolocale.fr\/blog\/#organization\"},\"potentialAction\":[{\"@type\":\"SearchAction\",\"target\":{\"@type\":\"EntryPoint\",\"urlTemplate\":\"https:\/\/www.infolocale.fr\/blog\/?s={search_term_string}\"},\"query-input\":\"required name=search_term_string\"}],\"inLanguage\":\"fr-FR\"},{\"@type\":\"Organization\",\"@id\":\"https:\/\/www.infolocale.fr\/blog\/#organization\",\"name\":\"Infolocale\",\"url\":\"https:\/\/www.infolocale.fr\/blog\/\",\"logo\":{\"@type\":\"ImageObject\",\"inLanguage\":\"fr-FR\",\"@id\":\"https:\/\/www.infolocale.fr\/blog\/#\/schema\/logo\/image\/\",\"url\":\"https:\/\/www.infolocale.fr\/blog\/wp-content\/uploads\/2020\/11\/logol.jpg\",\"contentUrl\":\"https:\/\/www.infolocale.fr\/blog\/wp-content\/uploads\/2020\/11\/logol.jpg\",\"width\":1031,\"height\":398,\"caption\":\"Infolocale\"},\"image\":{\"@id\":\"https:\/\/www.infolocale.fr\/blog\/#\/schema\/logo\/image\/\"},\"sameAs\":[\"https:\/\/www.facebook.com\/infolocaleFR\/\",\"https:\/\/x.com\/infolocale\",\"https:\/\/www.instagram.com\/infolocale\/\",\"https:\/\/fr.linkedin.com\/company\/infolocale\",\"https:\/\/www.youtube.com\/channel\/UCnv4FA8EYEuu_si3TGr7xeA\"]},{\"@type\":\"Person\",\"@id\":\"https:\/\/www.infolocale.fr\/blog\/#\/schema\/person\/bf2dc50c6636ffa2ce3e44ef1f9eb97f\",\"name\":\"Myl\u00e8ne\",\"image\":{\"@type\":\"ImageObject\",\"inLanguage\":\"fr-FR\",\"@id\":\"https:\/\/www.infolocale.fr\/blog\/#\/schema\/person\/image\/\",\"url\":\"https:\/\/secure.gravatar.com\/avatar\/49511f0ea4b41ed3062b218e30f07042?s=96&d=mm&r=g\",\"contentUrl\":\"https:\/\/secure.gravatar.com\/avatar\/49511f0ea4b41ed3062b218e30f07042?s=96&d=mm&r=g\",\"caption\":\"Myl\u00e8ne\"},\"url\":\"https:\/\/www.infolocale.fr\/blog\/author\/mylene-michel\/\"}]}<\/script>\n<!-- \/ Yoast SEO plugin. -->","yoast_head_json":{"title":"Les Restos du C\u0153ur assurent leur 36\u00e8me campagne d\u2019hiver |","description":"Dans les coulisses des Restos du C\u0153ur, toujours aussi mobilis\u00e9s et de plus en plus sollicit\u00e9s avec 133,5 millions de repas distribu\u00e9s en 2019","robots":{"index":"index","follow":"follow","max-snippet":"max-snippet:-1","max-image-preview":"max-image-preview:large","max-video-preview":"max-video-preview:-1"},"canonical":"https:\/\/infolocale.20minutes.fr\/blog\/restos-du-coeur-35eme-campagne-dhiver\/","og_locale":"fr_FR","og_type":"article","og_title":"Les Restos du C\u0153ur assurent leur 36\u00e8me campagne d\u2019hiver |","og_description":"Dans les coulisses des Restos du C\u0153ur, toujours aussi mobilis\u00e9s et de plus en plus sollicit\u00e9s avec 133,5 millions de repas distribu\u00e9s en 2019","og_url":"https:\/\/infolocale.20minutes.fr\/blog\/restos-du-coeur-35eme-campagne-dhiver\/","article_publisher":"https:\/\/www.facebook.com\/infolocaleFR\/","article_published_time":"2020-03-05T16:51:36+00:00","article_modified_time":"2021-03-02T15:14:41+00:00","og_image":[{"width":1265,"height":846,"url":"https:\/\/infolocale.20minutes.fr\/blog\/wp-content\/uploads\/2020\/11\/association-des-restos-du-coeur.jpg","type":"image\/jpeg"}],"author":"Myl\u00e8ne","twitter_card":"summary_large_image","twitter_creator":"@infolocale","twitter_site":"@infolocale","twitter_misc":{"\u00c9crit par":"Myl\u00e8ne","Dur\u00e9e de lecture estim\u00e9e":"7 minutes"},"schema":{"@context":"https:\/\/schema.org","@graph":[{"@type":"Article","@id":"https:\/\/infolocale.20minutes.fr\/blog\/restos-du-coeur-35eme-campagne-dhiver\/#article","isPartOf":{"@id":"https:\/\/infolocale.20minutes.fr\/blog\/restos-du-coeur-35eme-campagne-dhiver\/"},"author":{"name":"Myl\u00e8ne","@id":"https:\/\/www.infolocale.fr\/blog\/#\/schema\/person\/bf2dc50c6636ffa2ce3e44ef1f9eb97f"},"headline":"Les Restos du C\u0153ur assurent leur 36\u00e8me campagne d\u2019hiver","datePublished":"2020-03-05T16:51:36+00:00","dateModified":"2021-03-02T15:14:41+00:00","mainEntityOfPage":{"@id":"https:\/\/infolocale.20minutes.fr\/blog\/restos-du-coeur-35eme-campagne-dhiver\/"},"wordCount":1502,"commentCount":0,"publisher":{"@id":"https:\/\/www.infolocale.fr\/blog\/#organization"},"image":{"@id":"https:\/\/infolocale.20minutes.fr\/blog\/restos-du-coeur-35eme-campagne-dhiver\/#primaryimage"},"thumbnailUrl":"https:\/\/www.infolocale.fr\/blog\/wp-content\/uploads\/2020\/11\/association-des-restos-du-coeur.jpg","keywords":["Portraits"],"articleSection":["En ce moment"],"inLanguage":"fr-FR","potentialAction":[{"@type":"CommentAction","name":"Comment","target":["https:\/\/infolocale.20minutes.fr\/blog\/restos-du-coeur-35eme-campagne-dhiver\/#respond"]}]},{"@type":"WebPage","@id":"https:\/\/infolocale.20minutes.fr\/blog\/restos-du-coeur-35eme-campagne-dhiver\/","url":"https:\/\/infolocale.20minutes.fr\/blog\/restos-du-coeur-35eme-campagne-dhiver\/","name":"Les Restos du C\u0153ur assurent leur 36\u00e8me campagne d\u2019hiver |","isPartOf":{"@id":"https:\/\/www.infolocale.fr\/blog\/#website"},"primaryImageOfPage":{"@id":"https:\/\/infolocale.20minutes.fr\/blog\/restos-du-coeur-35eme-campagne-dhiver\/#primaryimage"},"image":{"@id":"https:\/\/infolocale.20minutes.fr\/blog\/restos-du-coeur-35eme-campagne-dhiver\/#primaryimage"},"thumbnailUrl":"https:\/\/www.infolocale.fr\/blog\/wp-content\/uploads\/2020\/11\/association-des-restos-du-coeur.jpg","datePublished":"2020-03-05T16:51:36+00:00","dateModified":"2021-03-02T15:14:41+00:00","description":"Dans les coulisses des Restos du C\u0153ur, toujours aussi mobilis\u00e9s et de plus en plus sollicit\u00e9s avec 133,5 millions de repas distribu\u00e9s en 2019","breadcrumb":{"@id":"https:\/\/infolocale.20minutes.fr\/blog\/restos-du-coeur-35eme-campagne-dhiver\/#breadcrumb"},"inLanguage":"fr-FR","potentialAction":[{"@type":"ReadAction","target":["https:\/\/infolocale.20minutes.fr\/blog\/restos-du-coeur-35eme-campagne-dhiver\/"]}]},{"@type":"ImageObject","inLanguage":"fr-FR","@id":"https:\/\/infolocale.20minutes.fr\/blog\/restos-du-coeur-35eme-campagne-dhiver\/#primaryimage","url":"https:\/\/www.infolocale.fr\/blog\/wp-content\/uploads\/2020\/11\/association-des-restos-du-coeur.jpg","contentUrl":"https:\/\/www.infolocale.fr\/blog\/wp-content\/uploads\/2020\/11\/association-des-restos-du-coeur.jpg","width":1265,"height":846,"caption":"des b\u00e9n\u00e9voles de l'association des restos du coeur"},{"@type":"BreadcrumbList","@id":"https:\/\/infolocale.20minutes.fr\/blog\/restos-du-coeur-35eme-campagne-dhiver\/#breadcrumb","itemListElement":[{"@type":"ListItem","position":1,"name":"Blog","item":"https:\/\/infolocale.ouest-france.fr\/blog\/"},{"@type":"ListItem","position":2,"name":"En ce moment","item":"https:\/\/infolocale.20minutes.fr\/blog\/cat\/actu-acteurs-locaux\/"},{"@type":"ListItem","position":3,"name":"Les Restos du C\u0153ur assurent leur 36\u00e8me campagne d\u2019hiver"}]},{"@type":"WebSite","@id":"https:\/\/www.infolocale.fr\/blog\/#website","url":"https:\/\/www.infolocale.fr\/blog\/","name":"","description":"","publisher":{"@id":"https:\/\/www.infolocale.fr\/blog\/#organization"},"potentialAction":[{"@type":"SearchAction","target":{"@type":"EntryPoint","urlTemplate":"https:\/\/www.infolocale.fr\/blog\/?s={search_term_string}"},"query-input":"required name=search_term_string"}],"inLanguage":"fr-FR"},{"@type":"Organization","@id":"https:\/\/www.infolocale.fr\/blog\/#organization","name":"Infolocale","url":"https:\/\/www.infolocale.fr\/blog\/","logo":{"@type":"ImageObject","inLanguage":"fr-FR","@id":"https:\/\/www.infolocale.fr\/blog\/#\/schema\/logo\/image\/","url":"https:\/\/www.infolocale.fr\/blog\/wp-content\/uploads\/2020\/11\/logol.jpg","contentUrl":"https:\/\/www.infolocale.fr\/blog\/wp-content\/uploads\/2020\/11\/logol.jpg","width":1031,"height":398,"caption":"Infolocale"},"image":{"@id":"https:\/\/www.infolocale.fr\/blog\/#\/schema\/logo\/image\/"},"sameAs":["https:\/\/www.facebook.com\/infolocaleFR\/","https:\/\/x.com\/infolocale","https:\/\/www.instagram.com\/infolocale\/","https:\/\/fr.linkedin.com\/company\/infolocale","https:\/\/www.youtube.com\/channel\/UCnv4FA8EYEuu_si3TGr7xeA"]},{"@type":"Person","@id":"https:\/\/www.infolocale.fr\/blog\/#\/schema\/person\/bf2dc50c6636ffa2ce3e44ef1f9eb97f","name":"Myl\u00e8ne","image":{"@type":"ImageObject","inLanguage":"fr-FR","@id":"https:\/\/www.infolocale.fr\/blog\/#\/schema\/person\/image\/","url":"https:\/\/secure.gravatar.com\/avatar\/49511f0ea4b41ed3062b218e30f07042?s=96&d=mm&r=g","contentUrl":"https:\/\/secure.gravatar.com\/avatar\/49511f0ea4b41ed3062b218e30f07042?s=96&d=mm&r=g","caption":"Myl\u00e8ne"},"url":"https:\/\/www.infolocale.fr\/blog\/author\/mylene-michel\/"}]}},"_links":{"self":[{"href":"https:\/\/www.infolocale.fr\/blog\/wp-json\/wp\/v2\/posts\/280"}],"collection":[{"href":"https:\/\/www.infolocale.fr\/blog\/wp-json\/wp\/v2\/posts"}],"about":[{"href":"https:\/\/www.infolocale.fr\/blog\/wp-json\/wp\/v2\/types\/post"}],"author":[{"embeddable":true,"href":"https:\/\/www.infolocale.fr\/blog\/wp-json\/wp\/v2\/users\/8"}],"replies":[{"embeddable":true,"href":"https:\/\/www.infolocale.fr\/blog\/wp-json\/wp\/v2\/comments?post=280"}],"version-history":[{"count":0,"href":"https:\/\/www.infolocale.fr\/blog\/wp-json\/wp\/v2\/posts\/280\/revisions"}],"wp:featuredmedia":[{"embeddable":true,"href":"https:\/\/www.infolocale.fr\/blog\/wp-json\/wp\/v2\/media\/4231"}],"wp:attachment":[{"href":"https:\/\/www.infolocale.fr\/blog\/wp-json\/wp\/v2\/media?parent=280"}],"wp:term":[{"taxonomy":"category","embeddable":true,"href":"https:\/\/www.infolocale.fr\/blog\/wp-json\/wp\/v2\/categories?post=280"},{"taxonomy":"post_tag","embeddable":true,"href":"https:\/\/www.infolocale.fr\/blog\/wp-json\/wp\/v2\/tags?post=280"}],"curies":[{"name":"wp","href":"https:\/\/api.w.org\/{rel}","templated":true}]}}