{"id":27833,"date":"2025-05-06T11:23:51","date_gmt":"2025-05-06T09:23:51","guid":{"rendered":"https:\/\/www.infolocale.fr\/blog\/?p=27833"},"modified":"2025-05-06T11:23:53","modified_gmt":"2025-05-06T09:23:53","slug":"projet-associatif-comment-le-construire","status":"publish","type":"post","link":"https:\/\/www.infolocale.fr\/blog\/projet-associatif-comment-le-construire\/","title":{"rendered":"Projet associatif : comment le construire ?"},"content":{"rendered":"\n<p class=\"has-pale-cyan-blue-background-color has-background\">&#8211; <strong>Le projet associatif<\/strong>, c\u2019est la base strat\u00e9gique de votre association : il d\u00e9finit vos valeurs, vos objectifs, vos actions et votre vision commune.<br>&#8211; Il se construit \u00e0 partir d\u2019un <strong>diagnostic du terrain<\/strong> et implique les b\u00e9n\u00e9voles, salari\u00e9s et b\u00e9n\u00e9ficiaires pour garantir l\u2019adh\u00e9sion de tous.<br>&#8211; Son objectif est de <strong>f\u00e9d\u00e9rer<\/strong>, <strong>prioriser les actions<\/strong>, <strong>renforcer la cr\u00e9dibilit\u00e9<\/strong> de l\u2019association et <strong>anticiper l\u2019avenir<\/strong>.<br>&#8211; Pensez \u00e0 structurer votre projet avec : une <strong>vision claire<\/strong> et partag\u00e9e, des <strong>objectifs concrets<\/strong> et un <strong>budget pr\u00e9visionnel r\u00e9aliste<\/strong>. <br>&#8211; <strong>Formez vos \u00e9quipes<\/strong>, faites-vous accompagner par des professionnels et profitez des <strong>ressources des r\u00e9seaux associatifs locaux<\/strong>.<br>&#8211; Faites conna\u00eetre votre projet gr\u00e2ce \u00e0 <strong>Infolocale<\/strong>, un service gratuit qui diffuse vos contenus sur plus de 200 sites m\u00e9dias partenaires. L\u2019interview \u00ab\u202fHistoire et cr\u00e9ation de votre asso\u202f\u00bb est id\u00e9ale pour valoriser votre parcours et attirer de nouveaux membres et soutiens.<\/p>\n\n\n\n<div class=\"wp-block-buttons is-horizontal is-content-justification-center is-layout-flex wp-container-core-buttons-is-layout-1 wp-block-buttons-is-layout-flex\">\n<div class=\"wp-block-button\"><a class=\"wp-block-button__link has-white-color has-luminous-vivid-amber-background-color has-text-color has-background wp-element-button\"><strong>&gt;&gt;Inscrire mon asso \u00e0 Infolocale <\/strong><\/a><\/div>\n<\/div>\n\n\n\n<h2 class=\"wp-block-heading\">Comment construire un projet associatif efficace pour votre organisation ?<\/h2>\n\n\n\n<p>Si vous \u00eates engag\u00e9 dans une association ou en train d\u2019en cr\u00e9er une, vous avez sans doute entendu parler du fameux \u00ab\u00a0<strong>projet associatif<\/strong>\u00ab\u00a0. Mais concr\u00e8tement, \u00e0 quoi sert-il ? Bien plus qu\u2019un simple document, c\u2019est la v\u00e9ritable colonne vert\u00e9brale de votre structure. Il rassemble vos valeurs, votre vision, vos objectifs et les moyens concrets pour les atteindre. C\u2019est le fruit d\u2019une r\u00e9flexion collective, un guide strat\u00e9gique qui aligne tous les membres autour d\u2019une m\u00eame direction. Pour r\u00e9sumer, il s&rsquo;agit de votre boussole commune pour avancer ensemble et donner du sens \u00e0 vos actions.<\/p>\n\n\n\n<h2 class=\"wp-block-heading\">D\u00e9finition et enjeux d&rsquo;un projet associatif<\/h2>\n\n\n\n<p>Dans la vie d&rsquo;une association, construire un projet solide ne rel\u00e8ve pas seulement d\u2019une formalit\u00e9 administrative : c\u2019est un v\u00e9ritable moteur pour la dynamique collective. En d\u00e9finissant une vision claire et des actions concr\u00e8tes, le <strong>projet associatif <\/strong>rassemble les b\u00e9n\u00e9voles, les motive autour d\u2019un objectif commun et facilite l\u2019int\u00e9gration de nouveaux membres pr\u00eats \u00e0 s\u2019engager.<\/p>\n\n\n\n<p>Mais pour qu\u2019une telle d\u00e9marche soit r\u00e9ellement efficace, tout commence par un diagnostic lucide de la situation. Quels sont les besoins sp\u00e9cifiques du territoire ? Quels publics sont insuffisamment pris en compte ? Par exemple, une association sportive en milieu rural pourrait rep\u00e9rer un manque d\u2019activit\u00e9s pour les adolescents et d\u00e9cider d\u2019agir en leur faveur.<\/p>\n\n\n\n<p>Les <strong>orientations strat\u00e9giques<\/strong> doivent d\u00e9couler d&rsquo;une consultation large impliquant salari\u00e9s, b\u00e9n\u00e9voles et b\u00e9n\u00e9ficiaires. Cette approche participative garantit l&rsquo;adh\u00e9sion de tous et p\u00e9rennise la vie de l&rsquo;association. L&rsquo;\u00e9valuation r\u00e9guli\u00e8re des r\u00e9sultats permet d&rsquo;ajuster les actions et de maintenir la motivation des \u00e9quipes.<\/p>\n\n\n\n<h2 class=\"wp-block-heading\">Pourquoi faire un projet associatif ?<\/h2>\n\n\n\n<p>Quand on cr\u00e9e ou qu&rsquo;on fait \u00e9voluer une association, il est facile de se laisser emporter par l\u2019enthousiasme des actions \u00e0 mener. Pourtant, prendre le temps de poser les bases d\u2019un <strong>projet associatif <\/strong>clair et partag\u00e9 est une \u00e9tape essentielle, et m\u00eame strat\u00e9gique.<\/p>\n\n\n\n<h3 class=\"wp-block-heading\"><strong>Donner du sens \u00e0 l\u2019engagement collectif<\/strong><\/h3>\n\n\n\n<p>Un <strong>projet associatif<\/strong>, c\u2019est d\u2019abord l\u2019occasion de r\u00e9fl\u00e9chir ensemble \u00e0 ce qui unit les membres : quelles sont nos valeurs ? Quelle est notre raison d\u2019\u00eatre ? Quels changements souhaitons-nous apporter dans la soci\u00e9t\u00e9 ou aupr\u00e8s de notre public ? Ce travail collectif permet de renforcer la coh\u00e9sion interne et de donner une vraie direction \u00e0 l\u2019engagement de chacun.<\/p>\n\n\n\n<h3 class=\"wp-block-heading\"><strong>Clarifier les objectifs et prioriser les actions<\/strong><\/h3>\n\n\n\n<p>Sans cap pr\u00e9cis, difficile de savoir o\u00f9 aller. Le <strong>projet associatif<\/strong> permet de fixer des objectifs clairs, r\u00e9alistes et partag\u00e9s. Il aide aussi \u00e0 prioriser les actions : ce qui est essentiel, ce qui peut attendre, ce qui sort du cadre. R\u00e9sultat : des d\u00e9cisions plus coh\u00e9rentes, des ressources mieux utilis\u00e9es, et une plus grande efficacit\u00e9 sur le terrain.<\/p>\n\n\n\n<h3 class=\"wp-block-heading\"><strong>F\u00e9d\u00e9rer les parties prenantes autour d\u2019une vision commune<\/strong><\/h3>\n\n\n\n<p>B\u00e9n\u00e9voles, salari\u00e9s, adh\u00e9rents, partenaires\u2026 tous ont besoin de savoir o\u00f9 va l\u2019association. Un <strong>projet associatif<\/strong> bien d\u00e9fini, c\u2019est un rep\u00e8re commun : il facilite les \u00e9changes, donne de la visibilit\u00e9 \u00e0 vos actions et renforce la confiance, \u00e0 l\u2019int\u00e9rieur comme \u00e0 l\u2019ext\u00e9rieur.<\/p>\n\n\n\n<h3 class=\"wp-block-heading\"><strong>Renforcer la l\u00e9gitimit\u00e9 et la cr\u00e9dibilit\u00e9 de l\u2019association<\/strong><\/h3>\n\n\n\n<p>Un <strong>projet associatif<\/strong> structur\u00e9 montre que l\u2019association sait o\u00f9 elle va.\u00a0Cet aspect fait souvent la diff\u00e9rence lorsqu\u2019il s\u2019agit de convaincre des financeurs, de <a href=\"https:\/\/www.infolocale.fr\/blog\/demande-subvention-association\/\">d\u00e9crocher des subventions<\/a> ou d\u2019\u00e9tablir des partenariats. Face \u00e0 d\u2019autres structures, un projet bien formul\u00e9 inspire confiance et cr\u00e9dibilit\u00e9. C\u2019est un signal fort : ici, on sait o\u00f9 l\u2019on va, et comment on y va.<\/p>\n\n\n\n<h3 class=\"wp-block-heading\"><strong>Anticiper l\u2019avenir et favoriser l\u2019adaptation<\/strong><\/h3>\n\n\n\n<p>Le <strong>projet associatif<\/strong> n\u2019est pas un document fig\u00e9 qu\u2019on range une fois r\u00e9dig\u00e9. C\u2019est un outil vivant qui \u00e9volue avec le temps et les besoins du terrain. Le construire, c\u2019est aussi prendre le temps de se projeter : quels d\u00e9fis nous attendent demain ? Quelles \u00e9volutions du territoire, des publics ou des pratiques devons-nous anticiper ? Cela permet d\u2019appr\u00e9hender au mieux les changements et d\u2019adapter son fonctionnement en restant fid\u00e8le \u00e0 sa mission.<\/p>\n\n\n\n<h2 class=\"wp-block-heading\">Les \u00e9tapes cl\u00e9s pour \u00e9crire son projet<\/h2>\n\n\n\n<p>La r\u00e9daction d&rsquo;un <strong>projet associatif<\/strong> commence par une phase de <strong>diagnostic approfondi<\/strong>. Prenez le temps d&rsquo;analyser vos forces, vos faiblesses et les opportunit\u00e9s de d\u00e9veloppement sur votre territoire.<\/p>\n\n\n\n<p>Structurez ensuite votre document autour de trois axes majeurs :<\/p>\n\n\n\n<ul class=\"wp-block-list\">\n<li>La <strong>raison d&rsquo;\u00eatre<\/strong> de votre association<\/li>\n\n\n\n<li>Les objectifs \u00e0 court et moyen terme<\/li>\n\n\n\n<li>Les moyens humains et mat\u00e9riels n\u00e9cessaires<\/li>\n<\/ul>\n\n\n\n<p>Un calendrier pr\u00e9cis avec des \u00e9tapes interm\u00e9diaires permettra de suivre l&rsquo;avancement de vos actions. Par exemple, votre association pourrait planifier ses \u00e9v\u00e9nements sur 12 mois en d\u00e9taillant chaque phase : pr\u00e9paration, <a href=\"https:\/\/www.infolocale.fr\/blog\/plan-communication-association\/\">communication<\/a>, r\u00e9alisation.<\/p>\n\n\n\n<p>Pensez \u00e0 impliquer activement vos membres dans la r\u00e9daction. Par exemple, des ateliers d&rsquo;\u00e9criture collectifs favorisent l&rsquo;\u00e9mergence d&rsquo;id\u00e9es novatrices et renforcent l&rsquo;appropriation du projet par tous.<\/p>\n\n\n<div class=\"wp-block-image is-resized\">\n<figure class=\"aligncenter size-large has-lightbox\"><a href=\"https:\/\/www.infolocale.fr\/decouvrir\/deposant\/?utm_source=blog&amp;utm_medium=banner&amp;utm_campaign=blog-content\"><img fetchpriority=\"high\" decoding=\"async\" width=\"1024\" height=\"1024\" src=\"https:\/\/www.infolocale.fr\/blog\/wp-content\/uploads\/2021\/11\/banniere-NLDASSO-carree1500x1500-1024x1024.jpg\" alt=\"\" class=\"wp-image-23946\" srcset=\"https:\/\/www.infolocale.fr\/blog\/wp-content\/uploads\/2021\/11\/banniere-NLDASSO-carree1500x1500-1024x1024.jpg 1024w, https:\/\/www.infolocale.fr\/blog\/wp-content\/uploads\/2021\/11\/banniere-NLDASSO-carree1500x1500-300x300.jpg 300w, https:\/\/www.infolocale.fr\/blog\/wp-content\/uploads\/2021\/11\/banniere-NLDASSO-carree1500x1500-150x150.jpg 150w, https:\/\/www.infolocale.fr\/blog\/wp-content\/uploads\/2021\/11\/banniere-NLDASSO-carree1500x1500-768x768.jpg 768w, https:\/\/www.infolocale.fr\/blog\/wp-content\/uploads\/2021\/11\/banniere-NLDASSO-carree1500x1500.jpg 1500w\" sizes=\"(max-width: 1024px) 100vw, 1024px\" \/><\/a><\/figure><\/div>\n\n\n<h2 class=\"wp-block-heading\">Budget et gestion financi\u00e8re du projet<\/h2>\n\n\n\n<p><strong>Construire un projet associatif<\/strong>, c\u2019est aussi apprendre \u00e0 parler chiffres ! Derri\u00e8re chaque belle id\u00e9e, il y a une <a href=\"https:\/\/www.infolocale.fr\/blog\/responsabilite-financiere-association\/\">r\u00e9alit\u00e9 financi\u00e8re<\/a> qu\u2019il vaut mieux anticiper pour avancer sereinement. La premi\u00e8re \u00e9tape, c\u2019est de poser un <strong>budget pr\u00e9visionnel<\/strong>. Il permet de visualiser l\u2019ensemble des d\u00e9penses et des recettes li\u00e9es \u00e0 votre projet : mat\u00e9riel, frais de fonctionnement, communication, intervenants\u2026 Rien ne doit \u00eatre laiss\u00e9 au hasard.<\/p>\n\n\n\n<p>Mais au-del\u00e0 des chiffres bruts, c\u2019est <strong>la diversit\u00e9 des sources de financement<\/strong> qui garantit la stabilit\u00e9 du projet : cotisations des membres, subventions publiques, m\u00e9c\u00e9nat, partenariats locaux ou m\u00eame financement participatif (crowdfunding)\u2026 Plus vos ressources sont vari\u00e9es, moins vous \u00eates d\u00e9pendants d\u2019un seul soutien.<\/p>\n\n\n\n<p>Pensez \u00e9galement \u00e0 mettre en place un <strong>plan de tr\u00e9sorerie mensuel<\/strong>. Ce tableau de bord simple, mais essentiel vous permet de suivre les flux d\u2019argent au fil des mois, de pr\u00e9venir les creux de tr\u00e9sorerie, et d\u2019adapter vos actions si besoin.<\/p>\n\n\n\n<p>Enfin, ne n\u00e9gligez pas les outils num\u00e9riques ! Ils simplifient votre suivi budg\u00e9taire : logiciels comptables sp\u00e9cialis\u00e9s, applications de gestion des adh\u00e9sions ou plateformes de paiement en ligne. Ces solutions permettent d&rsquo;automatiser les t\u00e2ches administratives et de g\u00e9n\u00e9rer des rapports financiers pr\u00e9cis.<\/p>\n\n\n\n<h2 class=\"wp-block-heading\">L&rsquo;accompagnement dans la mise en \u0153uvre<\/h2>\n\n\n\n<p>Un <strong>accompagnement professionnel<\/strong> peut s&rsquo;av\u00e9rer pr\u00e9cieux pour concr\u00e9tiser votre <strong>projet associatif<\/strong>. Savoir s\u2019entourer des bonnes personnes et profiter des ressources disponibles peut vraiment faire la diff\u00e9rence.<\/p>\n\n\n\n<p>Faire appel \u00e0 un <strong>accompagnement professionnel<\/strong>, par exemple, peut vous faire gagner un temps pr\u00e9cieux. Des consultants sp\u00e9cialis\u00e9s dans le secteur associatif peuvent vous aider \u00e0 structurer votre projet, clarifier vos objectifs et, surtout, <strong>mobiliser votre \u00e9quipe autour d\u2019une vision commune<\/strong>.<\/p>\n\n\n\n<p>Autre levier souvent sous-estim\u00e9\u202f: <strong>la <a href=\"https:\/\/www.infolocale.fr\/blog\/comment-encadrer-des-benevoles\/\">formation des b\u00e9n\u00e9voles<\/a><\/strong>. Organiser des ateliers pratiques sur des th\u00e8mes concrets, comme l\u2019animation de r\u00e9unions, la prise de d\u00e9cision collective ou encore la gestion des tensions, permet de&nbsp;<strong>renforcer les comp\u00e9tences de chacun<\/strong> et d\u2019installer un vrai climat de coop\u00e9ration au sein de l\u2019\u00e9quipe.<\/p>\n\n\n\n<p>Et n&rsquo;oubliez pas les r\u00e9seaux associatifs locaux ! Ils repr\u00e9sentent une ressource inestimable. Leurs retours d&rsquo;exp\u00e9rience permettent d&rsquo;\u00e9viter certains \u00e9cueils et d&rsquo;identifier rapidement les bonnes pratiques. Nombreux sont les centres de ressources qui proposent des permanences gratuites pour guider les associations dans leurs d\u00e9marches.<\/p>\n\n\n\n<h2 class=\"wp-block-heading\">Exemples de projet de cr\u00e9ation d&rsquo;une association<\/h2>\n\n\n\n<p>Pour vous aider \u00e0 construire votre<strong> projet associatif<\/strong>, voici un exemple fictif de projet de cr\u00e9ation d&rsquo;association dont vous pouvez vous inspirer.<\/p>\n\n\n\n<p>Face \u00e0 l\u2019isolement social de nombreux habitants dans un quartier p\u00e9riurbain, un groupe d\u2019amis d\u00e9cide de cr\u00e9er <strong>\u00ab\u00a0Les Cultures Solidaires\u00a0\u00bb<\/strong>, une association dont l\u2019objectif est de <strong>favoriser les liens sociaux \u00e0 travers des ateliers artistiques et interculturels<\/strong>.<\/p>\n\n\n\n<p><strong>Exemple de projet associatif : \u00ab\u00a0Les Cultures Solidaires\u00a0\u00bb<\/strong><br>Le projet prend forme autour de trois axes principaux :<\/p>\n\n\n\n<ul class=\"wp-block-list\">\n<li><strong>Des ateliers mensuels<\/strong> de cuisine, peinture ou musique ouverts \u00e0 tous, anim\u00e9s par des b\u00e9n\u00e9voles et des intervenants locaux.<\/li>\n\n\n\n<li><strong>Un \u00e9v\u00e9nement annuel<\/strong>, \u00ab\u00a0La F\u00eate des Cultures\u00a0\u00bb, pour rassembler les habitants autour de spectacles, stands et animations gratuites.<\/li>\n\n\n\n<li><strong>Un accompagnement des jeunes du quartier<\/strong> dans leurs projets cr\u00e9atifs (podcasts, fanzines, courts-m\u00e9trages\u2026).<\/li>\n<\/ul>\n\n\n\n<p>Apr\u00e8s un diagnostic de terrain appuy\u00e9 par des \u00e9changes avec des centres sociaux et des habitants, l\u2019association fixe ses premiers objectifs : accueillir 100 participants la premi\u00e8re ann\u00e9e, nouer 5 partenariats locaux et organiser 12 ateliers. Un budget pr\u00e9visionnel est \u00e9tabli, et une recherche de financements est lanc\u00e9e via des subventions locales et du m\u00e9c\u00e9nat.<\/p>\n\n\n\n<h2 class=\"wp-block-heading\">Communiquer sur votre projet associatif&nbsp;<\/h2>\n\n\n\n<p>Une fois votre <strong>projet associatif <\/strong>bien structur\u00e9, il est essentiel de <strong>le faire conna\u00eetre<\/strong>. Communiquer sur vos valeurs, vos objectifs et vos actions permet non seulement d\u2019<a href=\"https:\/\/www.infolocale.fr\/blog\/attirer-nouveaux-adherents-association\/\">attirer de nouveaux adh\u00e9rents<\/a> ou b\u00e9n\u00e9voles, mais aussi de renforcer votre cr\u00e9dibilit\u00e9 aupr\u00e8s de partenaires, de financeurs ou des institutions locales. La communication, c\u2019est aussi ce qui donne vie \u00e0 votre projet au-del\u00e0 de votre cercle proche.<\/p>\n\n\n\n<p>C\u2019est l\u00e0 que <strong>le service <a href=\"http:\/\/infolocale.fr\">Infolocale<\/a><\/strong> peut devenir un v\u00e9ritable alli\u00e9. Gratuit et pens\u00e9 pour les structures locales, il vous permet de <strong>diffuser vos \u00e9v\u00e9nements, activit\u00e9s ou publications<\/strong> sur un r\u00e9seau de plus de 200 sites partenaires dont&nbsp;<strong>Ouest-France, 20 Minutes ou Actu.fr<\/strong> et de toucher des milliers de lecteurs int\u00e9ress\u00e9s par la vie associative de leur territoire.<\/p>\n\n\n\n<p>Pour aller plus loin, l\u2019outil <strong>Publication<\/strong> d<a href=\"https:\/\/www.infolocale.fr\/decouvrir\/associations\/\">\u2019Infolocale<\/a> vous offre la possibilit\u00e9 de raconter l\u2019histoire de votre association \u00e0 travers des articles plus personnels ou de fond. C\u2019est notamment le cas de l\u2019interview \u00ab\u202f<strong>Histoire et cr\u00e9ation de votre asso : comment est n\u00e9 votre projet ?<\/strong> \u00bb, un format id\u00e9al pour partager les origines de votre d\u00e9marche, valoriser vos fondateurs, ou encore inspirer d\u2019autres porteurs de projets. Un moyen simple, efficace et gratuit pour mettre en lumi\u00e8re votre engagement.<\/p>\n\n\n<div class=\"wp-block-image\">\n<figure class=\"aligncenter size-full is-resized\"><img decoding=\"async\" width=\"655\" height=\"775\" src=\"https:\/\/www.infolocale.fr\/blog\/wp-content\/uploads\/2025\/05\/image.png\" alt=\"\" class=\"wp-image-27834\" style=\"width:583px;height:auto\" srcset=\"https:\/\/www.infolocale.fr\/blog\/wp-content\/uploads\/2025\/05\/image.png 655w, https:\/\/www.infolocale.fr\/blog\/wp-content\/uploads\/2025\/05\/image-254x300.png 254w\" sizes=\"(max-width: 655px) 100vw, 655px\" \/><figcaption class=\"wp-element-caption\">Exemple d&rsquo;interview Pr\u00e9sentation de projet sur Infolocale <\/figcaption><\/figure><\/div>\n\n\n<p><\/p>\n","protected":false},"excerpt":{"rendered":"<p>&#8211; Le projet associatif, c\u2019est la base strat\u00e9gique de votre association : il d\u00e9finit vos valeurs, vos objectifs, vos actions et votre vision commune.&#8211; Il [&hellip;]<\/p>\n","protected":false},"author":19,"featured_media":27838,"comment_status":"open","ping_status":"open","sticky":false,"template":"","format":"standard","meta":{"_coblocks_attr":"","_coblocks_dimensions":"","_coblocks_responsive_height":"","_coblocks_accordion_ie_support":"","_mo_disable_npp":"","footnotes":""},"categories":[74],"tags":[],"class_list":["post-27833","post","type-post","status-publish","format-standard","has-post-thumbnail","hentry","category-creer-et-administrer-une-association-1901"],"yoast_head":"<!-- This site is optimized with the Yoast SEO plugin v23.2 - https:\/\/yoast.com\/wordpress\/plugins\/seo\/ -->\n<title>Projet associatif : comment le construire ? |<\/title>\n<meta name=\"description\" content=\"Le projet associatif constitue la base strat\u00e9gique de votre association. D\u00e9couvrez comment le construire facilement.\" \/>\n<meta name=\"robots\" content=\"index, follow, max-snippet:-1, max-image-preview:large, max-video-preview:-1\" \/>\n<link rel=\"canonical\" href=\"https:\/\/www.infolocale.fr\/blog\/projet-associatif-comment-le-construire\/\" \/>\n<meta property=\"og:locale\" content=\"fr_FR\" \/>\n<meta property=\"og:type\" content=\"article\" \/>\n<meta property=\"og:title\" content=\"Projet associatif : comment le construire ? |\" \/>\n<meta property=\"og:description\" content=\"Le projet associatif constitue la base strat\u00e9gique de votre association. D\u00e9couvrez comment le construire facilement.\" \/>\n<meta property=\"og:url\" content=\"https:\/\/www.infolocale.fr\/blog\/projet-associatif-comment-le-construire\/\" \/>\n<meta property=\"article:publisher\" content=\"https:\/\/www.facebook.com\/infolocaleFR\/\" \/>\n<meta property=\"article:published_time\" content=\"2025-05-06T09:23:51+00:00\" \/>\n<meta property=\"article:modified_time\" content=\"2025-05-06T09:23:53+00:00\" \/>\n<meta property=\"og:image\" content=\"https:\/\/www.infolocale.fr\/blog\/wp-content\/uploads\/2025\/05\/RE-23.png\" \/>\n\t<meta property=\"og:image:width\" content=\"900\" \/>\n\t<meta property=\"og:image:height\" content=\"630\" \/>\n\t<meta property=\"og:image:type\" content=\"image\/png\" \/>\n<meta name=\"author\" content=\"Thelma\" \/>\n<meta name=\"twitter:card\" content=\"summary_large_image\" \/>\n<meta name=\"twitter:creator\" content=\"@infolocale\" \/>\n<meta name=\"twitter:site\" content=\"@infolocale\" \/>\n<meta name=\"twitter:label1\" content=\"\u00c9crit par\" \/>\n\t<meta name=\"twitter:data1\" content=\"Thelma\" \/>\n\t<meta name=\"twitter:label2\" content=\"Dur\u00e9e de lecture estim\u00e9e\" \/>\n\t<meta name=\"twitter:data2\" content=\"26 minutes\" \/>\n<script type=\"application\/ld+json\" class=\"yoast-schema-graph\">{\"@context\":\"https:\/\/schema.org\",\"@graph\":[{\"@type\":\"Article\",\"@id\":\"https:\/\/www.infolocale.fr\/blog\/projet-associatif-comment-le-construire\/#article\",\"isPartOf\":{\"@id\":\"https:\/\/www.infolocale.fr\/blog\/projet-associatif-comment-le-construire\/\"},\"author\":{\"name\":\"Thelma\",\"@id\":\"https:\/\/www.infolocale.fr\/blog\/#\/schema\/person\/c5cc5fad565589d405681286186ea176\"},\"headline\":\"Projet associatif : comment le construire ?\",\"datePublished\":\"2025-05-06T09:23:51+00:00\",\"dateModified\":\"2025-05-06T09:23:53+00:00\",\"mainEntityOfPage\":{\"@id\":\"https:\/\/www.infolocale.fr\/blog\/projet-associatif-comment-le-construire\/\"},\"wordCount\":1870,\"commentCount\":0,\"publisher\":{\"@id\":\"https:\/\/www.infolocale.fr\/blog\/#organization\"},\"image\":{\"@id\":\"https:\/\/www.infolocale.fr\/blog\/projet-associatif-comment-le-construire\/#primaryimage\"},\"thumbnailUrl\":\"https:\/\/www.infolocale.fr\/blog\/wp-content\/uploads\/2025\/05\/RE-23.png\",\"articleSection\":[\"Cr\u00e9er et g\u00e9rer une association\"],\"inLanguage\":\"fr-FR\",\"potentialAction\":[{\"@type\":\"CommentAction\",\"name\":\"Comment\",\"target\":[\"https:\/\/www.infolocale.fr\/blog\/projet-associatif-comment-le-construire\/#respond\"]}]},{\"@type\":\"WebPage\",\"@id\":\"https:\/\/www.infolocale.fr\/blog\/projet-associatif-comment-le-construire\/\",\"url\":\"https:\/\/www.infolocale.fr\/blog\/projet-associatif-comment-le-construire\/\",\"name\":\"Projet associatif : comment le construire ? |\",\"isPartOf\":{\"@id\":\"https:\/\/www.infolocale.fr\/blog\/#website\"},\"primaryImageOfPage\":{\"@id\":\"https:\/\/www.infolocale.fr\/blog\/projet-associatif-comment-le-construire\/#primaryimage\"},\"image\":{\"@id\":\"https:\/\/www.infolocale.fr\/blog\/projet-associatif-comment-le-construire\/#primaryimage\"},\"thumbnailUrl\":\"https:\/\/www.infolocale.fr\/blog\/wp-content\/uploads\/2025\/05\/RE-23.png\",\"datePublished\":\"2025-05-06T09:23:51+00:00\",\"dateModified\":\"2025-05-06T09:23:53+00:00\",\"description\":\"Le projet associatif constitue la base strat\u00e9gique de votre association. D\u00e9couvrez comment le construire facilement.\",\"breadcrumb\":{\"@id\":\"https:\/\/www.infolocale.fr\/blog\/projet-associatif-comment-le-construire\/#breadcrumb\"},\"inLanguage\":\"fr-FR\",\"potentialAction\":[{\"@type\":\"ReadAction\",\"target\":[\"https:\/\/www.infolocale.fr\/blog\/projet-associatif-comment-le-construire\/\"]}]},{\"@type\":\"ImageObject\",\"inLanguage\":\"fr-FR\",\"@id\":\"https:\/\/www.infolocale.fr\/blog\/projet-associatif-comment-le-construire\/#primaryimage\",\"url\":\"https:\/\/www.infolocale.fr\/blog\/wp-content\/uploads\/2025\/05\/RE-23.png\",\"contentUrl\":\"https:\/\/www.infolocale.fr\/blog\/wp-content\/uploads\/2025\/05\/RE-23.png\",\"width\":900,\"height\":630,\"caption\":\"Projet associatif : comment le construire ?\"},{\"@type\":\"BreadcrumbList\",\"@id\":\"https:\/\/www.infolocale.fr\/blog\/projet-associatif-comment-le-construire\/#breadcrumb\",\"itemListElement\":[{\"@type\":\"ListItem\",\"position\":1,\"name\":\"Blog\",\"item\":\"https:\/\/infolocale.ouest-france.fr\/blog\/\"},{\"@type\":\"ListItem\",\"position\":2,\"name\":\"Cr\u00e9er et g\u00e9rer une association\",\"item\":\"https:\/\/infolocale.ouest-france.fr\/blog\/cat\/creer-et-administrer-une-association-1901\/\"},{\"@type\":\"ListItem\",\"position\":3,\"name\":\"Projet associatif : comment le construire ?\"}]},{\"@type\":\"WebSite\",\"@id\":\"https:\/\/www.infolocale.fr\/blog\/#website\",\"url\":\"https:\/\/www.infolocale.fr\/blog\/\",\"name\":\"\",\"description\":\"\",\"publisher\":{\"@id\":\"https:\/\/www.infolocale.fr\/blog\/#organization\"},\"potentialAction\":[{\"@type\":\"SearchAction\",\"target\":{\"@type\":\"EntryPoint\",\"urlTemplate\":\"https:\/\/www.infolocale.fr\/blog\/?s={search_term_string}\"},\"query-input\":\"required name=search_term_string\"}],\"inLanguage\":\"fr-FR\"},{\"@type\":\"Organization\",\"@id\":\"https:\/\/www.infolocale.fr\/blog\/#organization\",\"name\":\"Infolocale\",\"url\":\"https:\/\/www.infolocale.fr\/blog\/\",\"logo\":{\"@type\":\"ImageObject\",\"inLanguage\":\"fr-FR\",\"@id\":\"https:\/\/www.infolocale.fr\/blog\/#\/schema\/logo\/image\/\",\"url\":\"https:\/\/www.infolocale.fr\/blog\/wp-content\/uploads\/2020\/11\/logol.jpg\",\"contentUrl\":\"https:\/\/www.infolocale.fr\/blog\/wp-content\/uploads\/2020\/11\/logol.jpg\",\"width\":1031,\"height\":398,\"caption\":\"Infolocale\"},\"image\":{\"@id\":\"https:\/\/www.infolocale.fr\/blog\/#\/schema\/logo\/image\/\"},\"sameAs\":[\"https:\/\/www.facebook.com\/infolocaleFR\/\",\"https:\/\/x.com\/infolocale\",\"https:\/\/www.instagram.com\/infolocale\/\",\"https:\/\/fr.linkedin.com\/company\/infolocale\",\"https:\/\/www.youtube.com\/channel\/UCnv4FA8EYEuu_si3TGr7xeA\"]},{\"@type\":\"Person\",\"@id\":\"https:\/\/www.infolocale.fr\/blog\/#\/schema\/person\/c5cc5fad565589d405681286186ea176\",\"name\":\"Thelma\",\"image\":{\"@type\":\"ImageObject\",\"inLanguage\":\"fr-FR\",\"@id\":\"https:\/\/www.infolocale.fr\/blog\/#\/schema\/person\/image\/\",\"url\":\"https:\/\/secure.gravatar.com\/avatar\/49bf3755816c87e89e817e3b81797a7f?s=96&d=mm&r=g\",\"contentUrl\":\"https:\/\/secure.gravatar.com\/avatar\/49bf3755816c87e89e817e3b81797a7f?s=96&d=mm&r=g\",\"caption\":\"Thelma\"},\"url\":\"https:\/\/www.infolocale.fr\/blog\/author\/thelma-rousseauouest-france-fr\/\"}]}<\/script>\n<!-- \/ Yoast SEO plugin. -->","yoast_head_json":{"title":"Projet associatif : comment le construire ? |","description":"Le projet associatif constitue la base strat\u00e9gique de votre association. D\u00e9couvrez comment le construire facilement.","robots":{"index":"index","follow":"follow","max-snippet":"max-snippet:-1","max-image-preview":"max-image-preview:large","max-video-preview":"max-video-preview:-1"},"canonical":"https:\/\/www.infolocale.fr\/blog\/projet-associatif-comment-le-construire\/","og_locale":"fr_FR","og_type":"article","og_title":"Projet associatif : comment le construire ? |","og_description":"Le projet associatif constitue la base strat\u00e9gique de votre association. D\u00e9couvrez comment le construire facilement.","og_url":"https:\/\/www.infolocale.fr\/blog\/projet-associatif-comment-le-construire\/","article_publisher":"https:\/\/www.facebook.com\/infolocaleFR\/","article_published_time":"2025-05-06T09:23:51+00:00","article_modified_time":"2025-05-06T09:23:53+00:00","og_image":[{"width":900,"height":630,"url":"https:\/\/www.infolocale.fr\/blog\/wp-content\/uploads\/2025\/05\/RE-23.png","type":"image\/png"}],"author":"Thelma","twitter_card":"summary_large_image","twitter_creator":"@infolocale","twitter_site":"@infolocale","twitter_misc":{"\u00c9crit par":"Thelma","Dur\u00e9e de lecture estim\u00e9e":"26 minutes"},"schema":{"@context":"https:\/\/schema.org","@graph":[{"@type":"Article","@id":"https:\/\/www.infolocale.fr\/blog\/projet-associatif-comment-le-construire\/#article","isPartOf":{"@id":"https:\/\/www.infolocale.fr\/blog\/projet-associatif-comment-le-construire\/"},"author":{"name":"Thelma","@id":"https:\/\/www.infolocale.fr\/blog\/#\/schema\/person\/c5cc5fad565589d405681286186ea176"},"headline":"Projet associatif : comment le construire ?","datePublished":"2025-05-06T09:23:51+00:00","dateModified":"2025-05-06T09:23:53+00:00","mainEntityOfPage":{"@id":"https:\/\/www.infolocale.fr\/blog\/projet-associatif-comment-le-construire\/"},"wordCount":1870,"commentCount":0,"publisher":{"@id":"https:\/\/www.infolocale.fr\/blog\/#organization"},"image":{"@id":"https:\/\/www.infolocale.fr\/blog\/projet-associatif-comment-le-construire\/#primaryimage"},"thumbnailUrl":"https:\/\/www.infolocale.fr\/blog\/wp-content\/uploads\/2025\/05\/RE-23.png","articleSection":["Cr\u00e9er et g\u00e9rer une association"],"inLanguage":"fr-FR","potentialAction":[{"@type":"CommentAction","name":"Comment","target":["https:\/\/www.infolocale.fr\/blog\/projet-associatif-comment-le-construire\/#respond"]}]},{"@type":"WebPage","@id":"https:\/\/www.infolocale.fr\/blog\/projet-associatif-comment-le-construire\/","url":"https:\/\/www.infolocale.fr\/blog\/projet-associatif-comment-le-construire\/","name":"Projet associatif : comment le construire ? |","isPartOf":{"@id":"https:\/\/www.infolocale.fr\/blog\/#website"},"primaryImageOfPage":{"@id":"https:\/\/www.infolocale.fr\/blog\/projet-associatif-comment-le-construire\/#primaryimage"},"image":{"@id":"https:\/\/www.infolocale.fr\/blog\/projet-associatif-comment-le-construire\/#primaryimage"},"thumbnailUrl":"https:\/\/www.infolocale.fr\/blog\/wp-content\/uploads\/2025\/05\/RE-23.png","datePublished":"2025-05-06T09:23:51+00:00","dateModified":"2025-05-06T09:23:53+00:00","description":"Le projet associatif constitue la base strat\u00e9gique de votre association. D\u00e9couvrez comment le construire facilement.","breadcrumb":{"@id":"https:\/\/www.infolocale.fr\/blog\/projet-associatif-comment-le-construire\/#breadcrumb"},"inLanguage":"fr-FR","potentialAction":[{"@type":"ReadAction","target":["https:\/\/www.infolocale.fr\/blog\/projet-associatif-comment-le-construire\/"]}]},{"@type":"ImageObject","inLanguage":"fr-FR","@id":"https:\/\/www.infolocale.fr\/blog\/projet-associatif-comment-le-construire\/#primaryimage","url":"https:\/\/www.infolocale.fr\/blog\/wp-content\/uploads\/2025\/05\/RE-23.png","contentUrl":"https:\/\/www.infolocale.fr\/blog\/wp-content\/uploads\/2025\/05\/RE-23.png","width":900,"height":630,"caption":"Projet associatif : comment le construire ?"},{"@type":"BreadcrumbList","@id":"https:\/\/www.infolocale.fr\/blog\/projet-associatif-comment-le-construire\/#breadcrumb","itemListElement":[{"@type":"ListItem","position":1,"name":"Blog","item":"https:\/\/infolocale.ouest-france.fr\/blog\/"},{"@type":"ListItem","position":2,"name":"Cr\u00e9er et g\u00e9rer une association","item":"https:\/\/infolocale.ouest-france.fr\/blog\/cat\/creer-et-administrer-une-association-1901\/"},{"@type":"ListItem","position":3,"name":"Projet associatif : comment le construire ?"}]},{"@type":"WebSite","@id":"https:\/\/www.infolocale.fr\/blog\/#website","url":"https:\/\/www.infolocale.fr\/blog\/","name":"","description":"","publisher":{"@id":"https:\/\/www.infolocale.fr\/blog\/#organization"},"potentialAction":[{"@type":"SearchAction","target":{"@type":"EntryPoint","urlTemplate":"https:\/\/www.infolocale.fr\/blog\/?s={search_term_string}"},"query-input":"required name=search_term_string"}],"inLanguage":"fr-FR"},{"@type":"Organization","@id":"https:\/\/www.infolocale.fr\/blog\/#organization","name":"Infolocale","url":"https:\/\/www.infolocale.fr\/blog\/","logo":{"@type":"ImageObject","inLanguage":"fr-FR","@id":"https:\/\/www.infolocale.fr\/blog\/#\/schema\/logo\/image\/","url":"https:\/\/www.infolocale.fr\/blog\/wp-content\/uploads\/2020\/11\/logol.jpg","contentUrl":"https:\/\/www.infolocale.fr\/blog\/wp-content\/uploads\/2020\/11\/logol.jpg","width":1031,"height":398,"caption":"Infolocale"},"image":{"@id":"https:\/\/www.infolocale.fr\/blog\/#\/schema\/logo\/image\/"},"sameAs":["https:\/\/www.facebook.com\/infolocaleFR\/","https:\/\/x.com\/infolocale","https:\/\/www.instagram.com\/infolocale\/","https:\/\/fr.linkedin.com\/company\/infolocale","https:\/\/www.youtube.com\/channel\/UCnv4FA8EYEuu_si3TGr7xeA"]},{"@type":"Person","@id":"https:\/\/www.infolocale.fr\/blog\/#\/schema\/person\/c5cc5fad565589d405681286186ea176","name":"Thelma","image":{"@type":"ImageObject","inLanguage":"fr-FR","@id":"https:\/\/www.infolocale.fr\/blog\/#\/schema\/person\/image\/","url":"https:\/\/secure.gravatar.com\/avatar\/49bf3755816c87e89e817e3b81797a7f?s=96&d=mm&r=g","contentUrl":"https:\/\/secure.gravatar.com\/avatar\/49bf3755816c87e89e817e3b81797a7f?s=96&d=mm&r=g","caption":"Thelma"},"url":"https:\/\/www.infolocale.fr\/blog\/author\/thelma-rousseauouest-france-fr\/"}]}},"_links":{"self":[{"href":"https:\/\/www.infolocale.fr\/blog\/wp-json\/wp\/v2\/posts\/27833"}],"collection":[{"href":"https:\/\/www.infolocale.fr\/blog\/wp-json\/wp\/v2\/posts"}],"about":[{"href":"https:\/\/www.infolocale.fr\/blog\/wp-json\/wp\/v2\/types\/post"}],"author":[{"embeddable":true,"href":"https:\/\/www.infolocale.fr\/blog\/wp-json\/wp\/v2\/users\/19"}],"replies":[{"embeddable":true,"href":"https:\/\/www.infolocale.fr\/blog\/wp-json\/wp\/v2\/comments?post=27833"}],"version-history":[{"count":0,"href":"https:\/\/www.infolocale.fr\/blog\/wp-json\/wp\/v2\/posts\/27833\/revisions"}],"wp:featuredmedia":[{"embeddable":true,"href":"https:\/\/www.infolocale.fr\/blog\/wp-json\/wp\/v2\/media\/27838"}],"wp:attachment":[{"href":"https:\/\/www.infolocale.fr\/blog\/wp-json\/wp\/v2\/media?parent=27833"}],"wp:term":[{"taxonomy":"category","embeddable":true,"href":"https:\/\/www.infolocale.fr\/blog\/wp-json\/wp\/v2\/categories?post=27833"},{"taxonomy":"post_tag","embeddable":true,"href":"https:\/\/www.infolocale.fr\/blog\/wp-json\/wp\/v2\/tags?post=27833"}],"curies":[{"name":"wp","href":"https:\/\/api.w.org\/{rel}","templated":true}]}}