{"id":27628,"date":"2025-03-25T10:23:52","date_gmt":"2025-03-25T09:23:52","guid":{"rendered":"https:\/\/www.infolocale.fr\/blog\/?p=27628"},"modified":"2025-03-27T15:39:45","modified_gmt":"2025-03-27T14:39:45","slug":"association-collegiale-comment-la-creer","status":"publish","type":"post","link":"https:\/\/www.infolocale.fr\/blog\/association-collegiale-comment-la-creer\/","title":{"rendered":"Association coll\u00e9giale : comment la cr\u00e9er ?"},"content":{"rendered":"\n<p class=\"has-pale-cyan-blue-background-color has-background\"><strong>L&rsquo;association coll\u00e9giale<\/strong> propose un fonctionnement sans pr\u00e9sident ni hi\u00e9rarchie ce qui favorise un partage \u00e9quitable des responsabilit\u00e9s et du pouvoir d\u00e9cisionnel entre tous les membres. <br>&#8211; <strong>Gestion coll\u00e9giale<\/strong>&nbsp;: Chaque membre du conseil a une responsabilit\u00e9 sp\u00e9cifique et les d\u00e9cisions sont prises collectivement lors de r\u00e9unions r\u00e9guli\u00e8res.<br>&#8211; <strong>Valeurs fondamentales<\/strong>&nbsp;: La r\u00e9ussite repose sur la transparence, la confiance et l&rsquo;engagement collectif, avec des r\u00f4les d\u00e9finis et une rotation des responsabilit\u00e9s.<br>&#8211; <strong>Avantages<\/strong>&nbsp;: Ce mod\u00e8le flexible adapte les contributions aux disponibilit\u00e9s des membres, stimule la cr\u00e9ativit\u00e9 et r\u00e9duit la charge mentale.<br>&#8211; <strong>R\u00e8glementation et statuts<\/strong>&nbsp;: Les statuts d\u00e9finissent la r\u00e9partition des pouvoirs et les modalit\u00e9s de d\u00e9cision, avec des formalit\u00e9s administratives \u00e0 respecter.<br>&#8211; <strong>Organisation des r\u00e9unions<\/strong>&nbsp;: L&rsquo;assembl\u00e9e g\u00e9n\u00e9rale se r\u00e9unit trois fois par an et des r\u00e9unions mensuelles suivent l&rsquo;avancement des projets.<br>&#8211; <strong>Gestion financi\u00e8re<\/strong>&nbsp;: Un syst\u00e8me de double signature et un suivi num\u00e9rique assurent s\u00e9curit\u00e9 et transparence.<br>&#8211; <strong>Prise de d\u00e9cision<\/strong>&nbsp;: Le consensus est privil\u00e9gi\u00e9, avec des commissions th\u00e9matiques pour les d\u00e9cisions courantes.<br>&#8211; <strong>Relations ext\u00e9rieures<\/strong>&nbsp;: Des bin\u00f4mes tournants repr\u00e9sentent l&rsquo;association aupr\u00e8s des partenaires, avec des proc\u00e9dures de communication claires.<\/p>\n\n\n\n<div class=\"wp-block-buttons is-horizontal is-content-justification-center is-layout-flex wp-container-core-buttons-is-layout-1 wp-block-buttons-is-layout-flex\">\n<div class=\"wp-block-button\"><a class=\"wp-block-button__link has-white-color has-luminous-vivid-amber-background-color has-text-color has-background wp-element-button\"><strong>&gt;&gt;Inscrire mon asso \u00e0 Infolocale <\/strong><\/a><\/div>\n<\/div>\n\n\n\n<p>Les <strong>associations coll\u00e9giales<\/strong> repr\u00e9sentent une alternative int\u00e9ressante au <strong>mod\u00e8le traditionnel de gouvernance associative<\/strong>. En effet, elles fonctionnent sans pr\u00e9sident ni hi\u00e9rarchie. Ainsi, ce mode de fonctionnement d\u00e9mocratique permet \u00e0 tous les membres de partager \u00e9quitablement les responsabilit\u00e9s et le pouvoir d\u00e9cisionnel. La <strong>cr\u00e9ation d&rsquo;une association coll\u00e9giale<\/strong> suit un processus sp\u00e9cifique. Celui-ci demande \u00e0 la fois une organisation rigoureuse, et des statuts adapt\u00e9s.<\/p>\n\n\n\n<p>Dans cet article, vous trouverez les \u00e9tapes cl\u00e9s pour vous aider \u00e0 mettre en place cette<strong> structure participative<\/strong>.<\/p>\n\n\n\n<h2 class=\"wp-block-heading\">Qu&rsquo;est-ce qu&rsquo;une association coll\u00e9giale ?<\/h2>\n\n\n\n<p>La <strong>gestion coll\u00e9giale<\/strong> repose sur un partage \u00e9quitable des missions entre les membres du <a href=\"https:\/\/www.infolocale.fr\/blog\/conseil-dadministration-association\/#:~:text=Le%20conseil%20d'administration%20est,nomm%C3%A9s%20les%20membres%20du%20bureau.\">conseil d&rsquo;administration<\/a>. En pratique, chaque personne assume une responsabilit\u00e9 sp\u00e9cifique selon ses comp\u00e9tences : tr\u00e9sorerie, communication, coordination des projets ou relations avec les partenaires.<\/p>\n\n\n\n<p>Concr\u00e8tement, le fonctionnement s&rsquo;organise autour de r\u00e9unions r\u00e9guli\u00e8res o\u00f9<strong> les d\u00e9cisions majeures sont prises collectivement<\/strong>. Par exemple, un groupe de cinq co-pr\u00e9sidents peut se r\u00e9partir les t\u00e2ches. Deux personnes g\u00e8rent l&rsquo;administratif, deux autres supervisent les activit\u00e9s, tandis que la derni\u00e8re assure la communication externe.<\/p>\n\n\n\n<p>Le socle de cette organisation se base sur des valeurs communes : transparence, confiance mutuelle et engagement collectif. Ainsi, la r\u00e9ussite repose sur une d\u00e9finition claire des r\u00f4les de chacun et une rotation des responsabilit\u00e9s. Cela permet \u00e0 tous les membres de s&rsquo;impliquer activement dans la vie associative.<\/p>\n\n\n\n<h2 class=\"wp-block-heading\">Les avantages d&rsquo;une gestion coll\u00e9giale<\/h2>\n\n\n\n<p>La r\u00e9partition intelligente des t\u00e2ches pr\u00e9sente de nombreux avantages. D&rsquo;une part, chaque membre peut apporter sa contribution selon ses disponibilit\u00e9s. Par exemple, un administrateur peut consacrer quelques heures par semaine, tandis qu&rsquo;un autre s&rsquo;investit davantage dans des projets ponctuels.<\/p>\n\n\n\n<p>D&rsquo;autre part, cette souplesse d&rsquo;organisation stimule la cr\u00e9ativit\u00e9 collective. En effet, les d\u00e9cisions prises en commun b\u00e9n\u00e9ficient des diff\u00e9rents points de vue et expertises de l&rsquo;\u00e9quipe dirigeante. Ainsi, un graphiste peut enrichir une proposition financi\u00e8re gr\u00e2ce \u00e0 sa vision marketing.<\/p>\n\n\n\n<p>En outre, le partage du pouvoir r\u00e9duit consid\u00e9rablement le stress li\u00e9 aux responsabilit\u00e9s. La charge mentale est mieux r\u00e9partie et chacun peut se concentrer pleinement sur son domaine d&rsquo;action. En cas d&rsquo;absence temporaire, les autres membres peuvent facilement compenser, assurant ainsi une continuit\u00e9 sereine des activit\u00e9s.<\/p>\n\n\n\n<h2 class=\"wp-block-heading\">R\u00f4le et responsabilit\u00e9s des membres dirigeants d&rsquo;une association coll\u00e9giale <\/h2>\n\n\n\n<p>Les <strong>obligations l\u00e9gales<\/strong> des membres dirigeants s&rsquo;exercent de mani\u00e8re solidaire dans une <strong>association coll\u00e9giale<\/strong>. La signature des contrats, l&rsquo;acc\u00e8s aux comptes bancaires ou la repr\u00e9sentation juridique peuvent donc \u00eatre d\u00e9l\u00e9gu\u00e9s \u00e0 plusieurs personnes.<\/p>\n\n\n\n<p>En parall\u00e8le, un cadre pr\u00e9cis d\u00e9finit les attributions de chaque administrateur : budget maximal autoris\u00e9, domaines d&rsquo;intervention, modalit\u00e9s de reporting. Les r\u00e9unions mensuelles permettent de valider les actions engag\u00e9es et d&rsquo;ajuster la r\u00e9partition selon les besoins.<\/p>\n\n\n\n<p>Par cons\u00e9quent, la transparence constitue un pilier essentiel. Chaque membre doit documenter ses actions et partager les informations cl\u00e9s avec l&rsquo;\u00e9quipe. Les <strong><a href=\"https:\/\/www.infolocale.fr\/blog\/responsabilite-penale-civile-association\/\">responsabilit\u00e9s civiles et p\u00e9nales<\/a><\/strong> restent identiques \u00e0 celles d&rsquo;une association classique, mais se r\u00e9partissent entre tous les membres du conseil d&rsquo;administration.<\/p>\n\n\n\n<h2 class=\"wp-block-heading\">Statuts et Cerfa : aspects juridiques essentiels du syst\u00e8me coll\u00e9giale<\/h2>\n\n\n\n<p>La <a href=\"https:\/\/www.infolocale.fr\/blog\/rediger-statuts-dune-association\/\">r\u00e9daction des statuts <\/a>d&rsquo;une <strong>association coll\u00e9giale<\/strong> exige une attention particuli\u00e8re. Il est en effet indispensable que ce document pr\u00e9cise la r\u00e9partition \u00e9quitable des pouvoirs entre les membres du conseil d&rsquo;administration, ainsi que les modalit\u00e9s de prise de d\u00e9cision collective.<\/p>\n\n\n\n<p>Pour d\u00e9clarer officiellement la cr\u00e9ation de l&rsquo;association, le formulaire Cerfa 1397304 doit \u00eatre rempli. Concernant la liste des dirigeants, le Cerfa 1397103 permet de mentionner l&rsquo;ensemble des administrateurs sans distinction hi\u00e9rarchique. Enfin,<a href=\"https:\/\/www.infolocale.fr\/blog\/exemple-statuts-pour-association\/\"> les statuts<\/a> doivent imp\u00e9rativement \u00eatre sign\u00e9s par au moins deux membres du conseil d&rsquo;administration.<\/p>\n\n\n\n<p>Afin d&rsquo;assurer une compr\u00e9hension claire du <strong>mode de gouvernance partag\u00e9e<\/strong>, la publication au Journal Officiel des Associations doit inclure une description pr\u00e9cise de cette organisation. En compl\u00e9ment, l&rsquo;\u00e9laboration d&rsquo;un <a href=\"https:\/\/www.infolocale.fr\/blog\/reglement-interieur-association\/\">r\u00e8glement int\u00e9rieur<\/a> s&rsquo;av\u00e8re particuli\u00e8rement utile pour pr\u00e9ciser l&rsquo;organisation des r\u00e9unions et les modalit\u00e9s de rotation des missions.<\/p>\n\n\n\n<h2 class=\"wp-block-heading\">Organisation du conseil et de l&rsquo;assembl\u00e9e g\u00e9n\u00e9rale<\/h2>\n\n\n\n<p>Pour assurer une bonne organisation et d\u00e9finir les grandes orientations de l&rsquo;association, l&rsquo;<a href=\"https:\/\/www.infolocale.fr\/blog\/assemblee-generale-association\/\">assembl\u00e9e g\u00e9n\u00e9rale<\/a> se r\u00e9unit trois fois par an. Lors de ces rencontres, les membres d\u00e9signent un secr\u00e9taire de s\u00e9ance, charg\u00e9 de r\u00e9diger le <a href=\"https:\/\/www.infolocale.fr\/blog\/proces-verbal-dassemblee-generale-ordinaire\/\">compte-rendu<\/a>, ainsi qu&rsquo;un mod\u00e9rateur, dont la mission est de veiller \u00e0 la distribution \u00e9quitable de la parole.<\/p>\n\n\n\n<p>Les d\u00e9cisions majeures sont valid\u00e9es par un vote \u00e0 la majorit\u00e9 des deux tiers. Pour encourager la participation, les r\u00e9unions peuvent alterner entre pr\u00e9sentiel et visioconf\u00e9rence. De plus, un syst\u00e8me de vote \u00e9lectronique s\u00e9curis\u00e9 peut garantir la transparence des scrutins.<\/p>\n\n\n\n<p>En compl\u00e9ment, des r\u00e9unions mensuelles du collectif peuvent avoir lieu afin de suivre l&rsquo;avancement des projets. Lors de ces rencontres, chaque membre pr\u00e9sente un bilan de ses actions de mani\u00e8re concise et dynamique. Il est recommand\u00e9 d&rsquo;opter pour un espace collaboratif accessible \u00e0 tous les adh\u00e9rents permettant de documenter l&rsquo;ensemble de ces \u00e9changes.<\/p>\n\n\n\n<p>Enfin, pour encourager l&rsquo;implication de chacun dans la vie d\u00e9mocratique de l&rsquo;association, les r\u00f4les d&rsquo;animation sont soumis \u00e0 une rotation trimestrielle.<\/p>\n\n\n<div class=\"wp-block-image is-resized\">\n<figure class=\"aligncenter size-large has-lightbox\"><a href=\"https:\/\/www.infolocale.fr\/decouvrir\/deposant\/?utm_source=blog&amp;utm_medium=banner&amp;utm_campaign=blog-content\"><img fetchpriority=\"high\" decoding=\"async\" width=\"1024\" height=\"1024\" src=\"https:\/\/www.infolocale.fr\/blog\/wp-content\/uploads\/2021\/11\/banniere-NLDASSO-carree1500x1500-1024x1024.jpg\" alt=\"\" class=\"wp-image-23946\" srcset=\"https:\/\/www.infolocale.fr\/blog\/wp-content\/uploads\/2021\/11\/banniere-NLDASSO-carree1500x1500-1024x1024.jpg 1024w, https:\/\/www.infolocale.fr\/blog\/wp-content\/uploads\/2021\/11\/banniere-NLDASSO-carree1500x1500-300x300.jpg 300w, https:\/\/www.infolocale.fr\/blog\/wp-content\/uploads\/2021\/11\/banniere-NLDASSO-carree1500x1500-150x150.jpg 150w, https:\/\/www.infolocale.fr\/blog\/wp-content\/uploads\/2021\/11\/banniere-NLDASSO-carree1500x1500-768x768.jpg 768w, https:\/\/www.infolocale.fr\/blog\/wp-content\/uploads\/2021\/11\/banniere-NLDASSO-carree1500x1500.jpg 1500w\" sizes=\"(max-width: 1024px) 100vw, 1024px\" \/><\/a><\/figure><\/div>\n\n\n<h2 class=\"wp-block-heading\">Gestion bancaire et administrative au quotidien<\/h2>\n\n\n\n<p>Pour assurer la s\u00e9curit\u00e9 des op\u00e9rations financi\u00e8res, un syst\u00e8me de double signature est mis en place. Concr\u00e8tement, chaque transaction d\u00e9passant un montant fix\u00e9 dans le r\u00e8glement int\u00e9rieur est valid\u00e9e par au moins deux administrateurs, pour renforcer le contr\u00f4le et la transparence.<\/p>\n\n\n\n<p>C\u00f4t\u00e9 gestion administrative, tout est pens\u00e9 pour rester organis\u00e9 et efficace. Les documents sont soigneusement class\u00e9s au format num\u00e9rique, permettant \u00e0 tous les membres du conseil d&rsquo;y acc\u00e9der facilement. En compl\u00e9ment, un agenda partag\u00e9 aide \u00e0 ne rien oublier : d\u00e9clarations fiscales, renouvellement des assurances ou encore demandes de subventions. <\/p>\n\n\n\n<p>Les outils num\u00e9riques collaboratifs facilitent aussi grandement le suivi des finances. Gr\u00e2ce \u00e0 un tableau de bord mis \u00e0 jour chaque mois, chaque administrateur peut visualiser en temps r\u00e9el la situation financi\u00e8re de l&rsquo;association. Enfin, pour garantir la s\u00e9curit\u00e9 des documents importants, les factures et justificatifs sont num\u00e9ris\u00e9s et conserv\u00e9s dans un coffre-fort num\u00e9rique s\u00e9curis\u00e9.<\/p>\n\n\n\n<h2 class=\"wp-block-heading\">Fonctionnement des prises de d\u00e9cision dans un syst\u00e8me coll\u00e9giale <\/h2>\n\n\n\n<p>La m\u00e9thodologie du consensus est au c\u0153ur du <strong>fonctionnement des associations coll\u00e9giales<\/strong>. Les membres prennent le temps d\u2019explorer ensemble les diff\u00e9rentes options avant de parvenir \u00e0 une d\u00e9cision commune. Cette d\u00e9marche inclut un temps de r\u00e9flexion important, permettant \u00e0 chacun d\u2019exprimer librement son point de vue et ses \u00e9ventuelles interrogations.<\/p>\n\n\n\n<p>Pour les d\u00e9cisions strat\u00e9giques, le recours \u00e0 un m\u00e9diateur externe garantit la neutralit\u00e9 des d\u00e9bats. Cette approche favorise \u00e0 la fois l\u2019\u00e9mergence d\u2019id\u00e9es novatrices et le renforcement de la coh\u00e9sion du groupe.<\/p>\n\n\n\n<p>Enfin, concernant les d\u00e9cisions courantes, celles-ci reposent sur des commissions th\u00e9matiques disposant d\u2019une certaine autonomie dans un cadre bien d\u00e9fini. Chaque commission rend compte de ses choix lors des \u00e9changes collectifs, assurant ainsi une gestion transparente. Par ailleurs, un syst\u00e8me de d\u00e9l\u00e9gation progressive permet aux nouveaux membres de se familiariser progressivement avec la prise de d\u00e9cision, facilitant leur mont\u00e9e en comp\u00e9tence et leur implication dans la vie de l\u2019association.<\/p>\n\n\n\n<h2 class=\"wp-block-heading\">Relations avec les partenaires ext\u00e9rieurs<\/h2>\n\n\n\n<p>Apr\u00e8s avoir abord\u00e9 les m\u00e9canismes internes de gouvernance, il est essentiel de s&rsquo;int\u00e9resser aux relations avec les partenaires externes, qui jouent un r\u00f4le cl\u00e9 dans la vie associative.<\/p>\n\n\n\n<p>La repr\u00e9sentation aupr\u00e8s des partenaires institutionnels repose sur un syst\u00e8me de bin\u00f4mes tournants. Ainsi, deux membres du <strong>conseil coll\u00e9gial<\/strong> assurent ensemble les rendez-vous strat\u00e9giques pendant un trimestre, avant de passer le relais \u00e0 un nouveau duo.<\/p>\n\n\n\n<p>Pour garantir des \u00e9changes clairs et structur\u00e9s, un protocole de communication pr\u00e9cis encadre les interactions avec l&rsquo;ext\u00e9rieur. Les courriers officiels doivent porter la signature d\u2019au moins deux administrateurs, tandis qu\u2019une adresse email d\u00e9di\u00e9e centralise l\u2019ensemble de la correspondance partenariale.<\/p>\n\n\n\n<p>Concernant la signature des conventions, celle-ci n\u00e9cessite l\u2019approbation pr\u00e9alable du <strong>conseil coll\u00e9gial <\/strong>r\u00e9uni en s\u00e9ance pl\u00e9ni\u00e8re. Par la suite, un membre r\u00e9f\u00e9rent suit chaque partenariat et veille \u00e0 la bonne ex\u00e9cution des engagements mutuels. Par exemple, lors d\u2019une collaboration avec une collectivit\u00e9 locale, ce r\u00e9f\u00e9rent coordonne les actions sur le terrain. Il doit aussi transmettre r\u00e9guli\u00e8rement les informations au collectif, assurant ainsi un suivi rigoureux et efficace.<\/p>\n\n\n\n<p><\/p>\n\n\n\n<p><\/p>\n","protected":false},"excerpt":{"rendered":"<p>L&rsquo;association coll\u00e9giale propose un fonctionnement sans pr\u00e9sident ni hi\u00e9rarchie ce qui favorise un partage \u00e9quitable des responsabilit\u00e9s et du pouvoir d\u00e9cisionnel entre tous les membres. [&hellip;]<\/p>\n","protected":false},"author":19,"featured_media":27653,"comment_status":"open","ping_status":"open","sticky":false,"template":"","format":"standard","meta":{"_coblocks_attr":"","_coblocks_dimensions":"","_coblocks_responsive_height":"","_coblocks_accordion_ie_support":"","_mo_disable_npp":"","footnotes":""},"categories":[74,71],"tags":[],"class_list":["post-27628","post","type-post","status-publish","format-standard","has-post-thumbnail","hentry","category-creer-et-administrer-une-association-1901","category-gerer-son-association"],"yoast_head":"<!-- This site is optimized with the Yoast SEO plugin v23.2 - https:\/\/yoast.com\/wordpress\/plugins\/seo\/ -->\n<title>Association coll\u00e9giale : comment la cr\u00e9er ? |<\/title>\n<meta name=\"description\" content=\"D\u00e9couvrez les \u00e9tapes cl\u00e9s pour cr\u00e9er une association coll\u00e9giale et adopter un mode de gouvernance d\u00e9mocratique et efficace\" \/>\n<meta name=\"robots\" content=\"index, follow, max-snippet:-1, max-image-preview:large, max-video-preview:-1\" \/>\n<link rel=\"canonical\" href=\"https:\/\/www.infolocale.fr\/blog\/association-collegiale-comment-la-creer\/\" \/>\n<meta property=\"og:locale\" content=\"fr_FR\" \/>\n<meta property=\"og:type\" content=\"article\" \/>\n<meta property=\"og:title\" content=\"Association coll\u00e9giale : comment la cr\u00e9er ? |\" \/>\n<meta property=\"og:description\" content=\"D\u00e9couvrez les \u00e9tapes cl\u00e9s pour cr\u00e9er une association coll\u00e9giale et adopter un mode de gouvernance d\u00e9mocratique et efficace\" \/>\n<meta property=\"og:url\" content=\"https:\/\/www.infolocale.fr\/blog\/association-collegiale-comment-la-creer\/\" \/>\n<meta property=\"article:publisher\" content=\"https:\/\/www.facebook.com\/infolocaleFR\/\" \/>\n<meta property=\"article:published_time\" content=\"2025-03-25T09:23:52+00:00\" \/>\n<meta property=\"article:modified_time\" content=\"2025-03-27T14:39:45+00:00\" \/>\n<meta property=\"og:image\" content=\"https:\/\/www.infolocale.fr\/blog\/wp-content\/uploads\/2025\/03\/RE-20.png\" \/>\n\t<meta property=\"og:image:width\" content=\"900\" \/>\n\t<meta property=\"og:image:height\" content=\"630\" \/>\n\t<meta property=\"og:image:type\" content=\"image\/png\" \/>\n<meta name=\"author\" content=\"Thelma\" \/>\n<meta name=\"twitter:card\" content=\"summary_large_image\" \/>\n<meta name=\"twitter:creator\" content=\"@infolocale\" \/>\n<meta name=\"twitter:site\" content=\"@infolocale\" \/>\n<meta name=\"twitter:label1\" content=\"\u00c9crit par\" \/>\n\t<meta name=\"twitter:data1\" content=\"Thelma\" \/>\n\t<meta name=\"twitter:label2\" content=\"Dur\u00e9e de lecture estim\u00e9e\" \/>\n\t<meta name=\"twitter:data2\" content=\"23 minutes\" \/>\n<script type=\"application\/ld+json\" class=\"yoast-schema-graph\">{\"@context\":\"https:\/\/schema.org\",\"@graph\":[{\"@type\":\"Article\",\"@id\":\"https:\/\/www.infolocale.fr\/blog\/association-collegiale-comment-la-creer\/#article\",\"isPartOf\":{\"@id\":\"https:\/\/www.infolocale.fr\/blog\/association-collegiale-comment-la-creer\/\"},\"author\":{\"name\":\"Thelma\",\"@id\":\"https:\/\/www.infolocale.fr\/blog\/#\/schema\/person\/c5cc5fad565589d405681286186ea176\"},\"headline\":\"Association coll\u00e9giale : comment la cr\u00e9er ?\",\"datePublished\":\"2025-03-25T09:23:52+00:00\",\"dateModified\":\"2025-03-27T14:39:45+00:00\",\"mainEntityOfPage\":{\"@id\":\"https:\/\/www.infolocale.fr\/blog\/association-collegiale-comment-la-creer\/\"},\"wordCount\":1698,\"commentCount\":0,\"publisher\":{\"@id\":\"https:\/\/www.infolocale.fr\/blog\/#organization\"},\"image\":{\"@id\":\"https:\/\/www.infolocale.fr\/blog\/association-collegiale-comment-la-creer\/#primaryimage\"},\"thumbnailUrl\":\"https:\/\/www.infolocale.fr\/blog\/wp-content\/uploads\/2025\/03\/RE-20.png\",\"articleSection\":[\"Cr\u00e9er et g\u00e9rer une association\",\"G\u00e9rer son association\"],\"inLanguage\":\"fr-FR\",\"potentialAction\":[{\"@type\":\"CommentAction\",\"name\":\"Comment\",\"target\":[\"https:\/\/www.infolocale.fr\/blog\/association-collegiale-comment-la-creer\/#respond\"]}]},{\"@type\":\"WebPage\",\"@id\":\"https:\/\/www.infolocale.fr\/blog\/association-collegiale-comment-la-creer\/\",\"url\":\"https:\/\/www.infolocale.fr\/blog\/association-collegiale-comment-la-creer\/\",\"name\":\"Association coll\u00e9giale : comment la cr\u00e9er ? |\",\"isPartOf\":{\"@id\":\"https:\/\/www.infolocale.fr\/blog\/#website\"},\"primaryImageOfPage\":{\"@id\":\"https:\/\/www.infolocale.fr\/blog\/association-collegiale-comment-la-creer\/#primaryimage\"},\"image\":{\"@id\":\"https:\/\/www.infolocale.fr\/blog\/association-collegiale-comment-la-creer\/#primaryimage\"},\"thumbnailUrl\":\"https:\/\/www.infolocale.fr\/blog\/wp-content\/uploads\/2025\/03\/RE-20.png\",\"datePublished\":\"2025-03-25T09:23:52+00:00\",\"dateModified\":\"2025-03-27T14:39:45+00:00\",\"description\":\"D\u00e9couvrez les \u00e9tapes cl\u00e9s pour cr\u00e9er une association coll\u00e9giale et adopter un mode de gouvernance d\u00e9mocratique et efficace\",\"breadcrumb\":{\"@id\":\"https:\/\/www.infolocale.fr\/blog\/association-collegiale-comment-la-creer\/#breadcrumb\"},\"inLanguage\":\"fr-FR\",\"potentialAction\":[{\"@type\":\"ReadAction\",\"target\":[\"https:\/\/www.infolocale.fr\/blog\/association-collegiale-comment-la-creer\/\"]}]},{\"@type\":\"ImageObject\",\"inLanguage\":\"fr-FR\",\"@id\":\"https:\/\/www.infolocale.fr\/blog\/association-collegiale-comment-la-creer\/#primaryimage\",\"url\":\"https:\/\/www.infolocale.fr\/blog\/wp-content\/uploads\/2025\/03\/RE-20.png\",\"contentUrl\":\"https:\/\/www.infolocale.fr\/blog\/wp-content\/uploads\/2025\/03\/RE-20.png\",\"width\":900,\"height\":630,\"caption\":\"association coll\u00e9giale\"},{\"@type\":\"BreadcrumbList\",\"@id\":\"https:\/\/www.infolocale.fr\/blog\/association-collegiale-comment-la-creer\/#breadcrumb\",\"itemListElement\":[{\"@type\":\"ListItem\",\"position\":1,\"name\":\"Blog\",\"item\":\"https:\/\/infolocale.ouest-france.fr\/blog\/\"},{\"@type\":\"ListItem\",\"position\":2,\"name\":\"G\u00e9rer son association\",\"item\":\"https:\/\/www.infolocale.fr\/blog\/cat\/gerer-son-association\/\"},{\"@type\":\"ListItem\",\"position\":3,\"name\":\"Association coll\u00e9giale : comment la cr\u00e9er ?\"}]},{\"@type\":\"WebSite\",\"@id\":\"https:\/\/www.infolocale.fr\/blog\/#website\",\"url\":\"https:\/\/www.infolocale.fr\/blog\/\",\"name\":\"\",\"description\":\"\",\"publisher\":{\"@id\":\"https:\/\/www.infolocale.fr\/blog\/#organization\"},\"potentialAction\":[{\"@type\":\"SearchAction\",\"target\":{\"@type\":\"EntryPoint\",\"urlTemplate\":\"https:\/\/www.infolocale.fr\/blog\/?s={search_term_string}\"},\"query-input\":\"required name=search_term_string\"}],\"inLanguage\":\"fr-FR\"},{\"@type\":\"Organization\",\"@id\":\"https:\/\/www.infolocale.fr\/blog\/#organization\",\"name\":\"Infolocale\",\"url\":\"https:\/\/www.infolocale.fr\/blog\/\",\"logo\":{\"@type\":\"ImageObject\",\"inLanguage\":\"fr-FR\",\"@id\":\"https:\/\/www.infolocale.fr\/blog\/#\/schema\/logo\/image\/\",\"url\":\"https:\/\/www.infolocale.fr\/blog\/wp-content\/uploads\/2020\/11\/logol.jpg\",\"contentUrl\":\"https:\/\/www.infolocale.fr\/blog\/wp-content\/uploads\/2020\/11\/logol.jpg\",\"width\":1031,\"height\":398,\"caption\":\"Infolocale\"},\"image\":{\"@id\":\"https:\/\/www.infolocale.fr\/blog\/#\/schema\/logo\/image\/\"},\"sameAs\":[\"https:\/\/www.facebook.com\/infolocaleFR\/\",\"https:\/\/x.com\/infolocale\",\"https:\/\/www.instagram.com\/infolocale\/\",\"https:\/\/fr.linkedin.com\/company\/infolocale\",\"https:\/\/www.youtube.com\/channel\/UCnv4FA8EYEuu_si3TGr7xeA\"]},{\"@type\":\"Person\",\"@id\":\"https:\/\/www.infolocale.fr\/blog\/#\/schema\/person\/c5cc5fad565589d405681286186ea176\",\"name\":\"Thelma\",\"image\":{\"@type\":\"ImageObject\",\"inLanguage\":\"fr-FR\",\"@id\":\"https:\/\/www.infolocale.fr\/blog\/#\/schema\/person\/image\/\",\"url\":\"https:\/\/secure.gravatar.com\/avatar\/49bf3755816c87e89e817e3b81797a7f?s=96&d=mm&r=g\",\"contentUrl\":\"https:\/\/secure.gravatar.com\/avatar\/49bf3755816c87e89e817e3b81797a7f?s=96&d=mm&r=g\",\"caption\":\"Thelma\"},\"url\":\"https:\/\/www.infolocale.fr\/blog\/author\/thelma-rousseauouest-france-fr\/\"}]}<\/script>\n<!-- \/ Yoast SEO plugin. -->","yoast_head_json":{"title":"Association coll\u00e9giale : comment la cr\u00e9er ? |","description":"D\u00e9couvrez les \u00e9tapes cl\u00e9s pour cr\u00e9er une association coll\u00e9giale et adopter un mode de gouvernance d\u00e9mocratique et efficace","robots":{"index":"index","follow":"follow","max-snippet":"max-snippet:-1","max-image-preview":"max-image-preview:large","max-video-preview":"max-video-preview:-1"},"canonical":"https:\/\/www.infolocale.fr\/blog\/association-collegiale-comment-la-creer\/","og_locale":"fr_FR","og_type":"article","og_title":"Association coll\u00e9giale : comment la cr\u00e9er ? |","og_description":"D\u00e9couvrez les \u00e9tapes cl\u00e9s pour cr\u00e9er une association coll\u00e9giale et adopter un mode de gouvernance d\u00e9mocratique et efficace","og_url":"https:\/\/www.infolocale.fr\/blog\/association-collegiale-comment-la-creer\/","article_publisher":"https:\/\/www.facebook.com\/infolocaleFR\/","article_published_time":"2025-03-25T09:23:52+00:00","article_modified_time":"2025-03-27T14:39:45+00:00","og_image":[{"width":900,"height":630,"url":"https:\/\/www.infolocale.fr\/blog\/wp-content\/uploads\/2025\/03\/RE-20.png","type":"image\/png"}],"author":"Thelma","twitter_card":"summary_large_image","twitter_creator":"@infolocale","twitter_site":"@infolocale","twitter_misc":{"\u00c9crit par":"Thelma","Dur\u00e9e de lecture estim\u00e9e":"23 minutes"},"schema":{"@context":"https:\/\/schema.org","@graph":[{"@type":"Article","@id":"https:\/\/www.infolocale.fr\/blog\/association-collegiale-comment-la-creer\/#article","isPartOf":{"@id":"https:\/\/www.infolocale.fr\/blog\/association-collegiale-comment-la-creer\/"},"author":{"name":"Thelma","@id":"https:\/\/www.infolocale.fr\/blog\/#\/schema\/person\/c5cc5fad565589d405681286186ea176"},"headline":"Association coll\u00e9giale : comment la cr\u00e9er ?","datePublished":"2025-03-25T09:23:52+00:00","dateModified":"2025-03-27T14:39:45+00:00","mainEntityOfPage":{"@id":"https:\/\/www.infolocale.fr\/blog\/association-collegiale-comment-la-creer\/"},"wordCount":1698,"commentCount":0,"publisher":{"@id":"https:\/\/www.infolocale.fr\/blog\/#organization"},"image":{"@id":"https:\/\/www.infolocale.fr\/blog\/association-collegiale-comment-la-creer\/#primaryimage"},"thumbnailUrl":"https:\/\/www.infolocale.fr\/blog\/wp-content\/uploads\/2025\/03\/RE-20.png","articleSection":["Cr\u00e9er et g\u00e9rer une association","G\u00e9rer son association"],"inLanguage":"fr-FR","potentialAction":[{"@type":"CommentAction","name":"Comment","target":["https:\/\/www.infolocale.fr\/blog\/association-collegiale-comment-la-creer\/#respond"]}]},{"@type":"WebPage","@id":"https:\/\/www.infolocale.fr\/blog\/association-collegiale-comment-la-creer\/","url":"https:\/\/www.infolocale.fr\/blog\/association-collegiale-comment-la-creer\/","name":"Association coll\u00e9giale : comment la cr\u00e9er ? |","isPartOf":{"@id":"https:\/\/www.infolocale.fr\/blog\/#website"},"primaryImageOfPage":{"@id":"https:\/\/www.infolocale.fr\/blog\/association-collegiale-comment-la-creer\/#primaryimage"},"image":{"@id":"https:\/\/www.infolocale.fr\/blog\/association-collegiale-comment-la-creer\/#primaryimage"},"thumbnailUrl":"https:\/\/www.infolocale.fr\/blog\/wp-content\/uploads\/2025\/03\/RE-20.png","datePublished":"2025-03-25T09:23:52+00:00","dateModified":"2025-03-27T14:39:45+00:00","description":"D\u00e9couvrez les \u00e9tapes cl\u00e9s pour cr\u00e9er une association coll\u00e9giale et adopter un mode de gouvernance d\u00e9mocratique et efficace","breadcrumb":{"@id":"https:\/\/www.infolocale.fr\/blog\/association-collegiale-comment-la-creer\/#breadcrumb"},"inLanguage":"fr-FR","potentialAction":[{"@type":"ReadAction","target":["https:\/\/www.infolocale.fr\/blog\/association-collegiale-comment-la-creer\/"]}]},{"@type":"ImageObject","inLanguage":"fr-FR","@id":"https:\/\/www.infolocale.fr\/blog\/association-collegiale-comment-la-creer\/#primaryimage","url":"https:\/\/www.infolocale.fr\/blog\/wp-content\/uploads\/2025\/03\/RE-20.png","contentUrl":"https:\/\/www.infolocale.fr\/blog\/wp-content\/uploads\/2025\/03\/RE-20.png","width":900,"height":630,"caption":"association coll\u00e9giale"},{"@type":"BreadcrumbList","@id":"https:\/\/www.infolocale.fr\/blog\/association-collegiale-comment-la-creer\/#breadcrumb","itemListElement":[{"@type":"ListItem","position":1,"name":"Blog","item":"https:\/\/infolocale.ouest-france.fr\/blog\/"},{"@type":"ListItem","position":2,"name":"G\u00e9rer son association","item":"https:\/\/www.infolocale.fr\/blog\/cat\/gerer-son-association\/"},{"@type":"ListItem","position":3,"name":"Association coll\u00e9giale : comment la cr\u00e9er ?"}]},{"@type":"WebSite","@id":"https:\/\/www.infolocale.fr\/blog\/#website","url":"https:\/\/www.infolocale.fr\/blog\/","name":"","description":"","publisher":{"@id":"https:\/\/www.infolocale.fr\/blog\/#organization"},"potentialAction":[{"@type":"SearchAction","target":{"@type":"EntryPoint","urlTemplate":"https:\/\/www.infolocale.fr\/blog\/?s={search_term_string}"},"query-input":"required name=search_term_string"}],"inLanguage":"fr-FR"},{"@type":"Organization","@id":"https:\/\/www.infolocale.fr\/blog\/#organization","name":"Infolocale","url":"https:\/\/www.infolocale.fr\/blog\/","logo":{"@type":"ImageObject","inLanguage":"fr-FR","@id":"https:\/\/www.infolocale.fr\/blog\/#\/schema\/logo\/image\/","url":"https:\/\/www.infolocale.fr\/blog\/wp-content\/uploads\/2020\/11\/logol.jpg","contentUrl":"https:\/\/www.infolocale.fr\/blog\/wp-content\/uploads\/2020\/11\/logol.jpg","width":1031,"height":398,"caption":"Infolocale"},"image":{"@id":"https:\/\/www.infolocale.fr\/blog\/#\/schema\/logo\/image\/"},"sameAs":["https:\/\/www.facebook.com\/infolocaleFR\/","https:\/\/x.com\/infolocale","https:\/\/www.instagram.com\/infolocale\/","https:\/\/fr.linkedin.com\/company\/infolocale","https:\/\/www.youtube.com\/channel\/UCnv4FA8EYEuu_si3TGr7xeA"]},{"@type":"Person","@id":"https:\/\/www.infolocale.fr\/blog\/#\/schema\/person\/c5cc5fad565589d405681286186ea176","name":"Thelma","image":{"@type":"ImageObject","inLanguage":"fr-FR","@id":"https:\/\/www.infolocale.fr\/blog\/#\/schema\/person\/image\/","url":"https:\/\/secure.gravatar.com\/avatar\/49bf3755816c87e89e817e3b81797a7f?s=96&d=mm&r=g","contentUrl":"https:\/\/secure.gravatar.com\/avatar\/49bf3755816c87e89e817e3b81797a7f?s=96&d=mm&r=g","caption":"Thelma"},"url":"https:\/\/www.infolocale.fr\/blog\/author\/thelma-rousseauouest-france-fr\/"}]}},"_links":{"self":[{"href":"https:\/\/www.infolocale.fr\/blog\/wp-json\/wp\/v2\/posts\/27628"}],"collection":[{"href":"https:\/\/www.infolocale.fr\/blog\/wp-json\/wp\/v2\/posts"}],"about":[{"href":"https:\/\/www.infolocale.fr\/blog\/wp-json\/wp\/v2\/types\/post"}],"author":[{"embeddable":true,"href":"https:\/\/www.infolocale.fr\/blog\/wp-json\/wp\/v2\/users\/19"}],"replies":[{"embeddable":true,"href":"https:\/\/www.infolocale.fr\/blog\/wp-json\/wp\/v2\/comments?post=27628"}],"version-history":[{"count":0,"href":"https:\/\/www.infolocale.fr\/blog\/wp-json\/wp\/v2\/posts\/27628\/revisions"}],"wp:featuredmedia":[{"embeddable":true,"href":"https:\/\/www.infolocale.fr\/blog\/wp-json\/wp\/v2\/media\/27653"}],"wp:attachment":[{"href":"https:\/\/www.infolocale.fr\/blog\/wp-json\/wp\/v2\/media?parent=27628"}],"wp:term":[{"taxonomy":"category","embeddable":true,"href":"https:\/\/www.infolocale.fr\/blog\/wp-json\/wp\/v2\/categories?post=27628"},{"taxonomy":"post_tag","embeddable":true,"href":"https:\/\/www.infolocale.fr\/blog\/wp-json\/wp\/v2\/tags?post=27628"}],"curies":[{"name":"wp","href":"https:\/\/api.w.org\/{rel}","templated":true}]}}