{"id":25139,"date":"2024-02-02T17:33:01","date_gmt":"2024-02-02T16:33:01","guid":{"rendered":"https:\/\/www.infolocale.fr\/blog\/?p=25139"},"modified":"2025-07-28T17:34:10","modified_gmt":"2025-07-28T15:34:10","slug":"departement-dille-et-vilaine-vos-contenus-infolocale-sur-lagenda-du-departement","status":"publish","type":"post","link":"https:\/\/www.infolocale.fr\/blog\/departement-dille-et-vilaine-vos-contenus-infolocale-sur-lagenda-du-departement\/","title":{"rendered":"D\u00e9partement d&rsquo;Ille-et-Vilaine : vos contenus Infolocale sur l&rsquo;agenda du D\u00e9partement"},"content":{"rendered":"\n<p><a href=\"https:\/\/www.ille-et-vilaine.fr\/\">Le D\u00e9partement d\u2019Ille-et-Vilaine<\/a> compte plus d\u2019un million d\u2019habitants. Ce dernier joue un r\u00f4le central dans la vie quotidienne de ses habitants : action sociale, entretien des routes, fonctionnement des coll\u00e8ges, protection de la nature, etc.<\/p>\n\n\n\n<p>Pour mettre en avant les initiatives locales culturelles, sportives, et rendre visibles les propositions de sorties&nbsp;qui animent&nbsp;le territoire, le D\u00e9partement utilise la solution <a href=\"https:\/\/www.infolocale.fr\/decouvrir\/?utm_source=blog&amp;utm_medium=banner&amp;utm_campaign=blog-content\">Infolocale<\/a> : un outil simple qui permet de centraliser des informations relatives \u00e0 la vie locale.<\/p>\n\n\n\n<p> Dans cet article, d\u00e9couvrez : <\/p>\n\n\n\n<ul class=\"wp-block-list\">\n<li>Comment le D\u00e9partement a d\u00e9velopp\u00e9 son agenda des sorties et loisirs gr\u00e2ce \u00e0 <a href=\"https:\/\/www.infolocale.fr\/decouvrir\/?utm_source=blog&amp;utm_medium=banner&amp;utm_campaign=blog-content\">Infolocale<\/a>.<\/li>\n\n\n\n<li>Comment ajouter facilement et rapidement l\u2019\u00e9v\u00e9nement de votre association ou de votre collectivit\u00e9 dans l\u2019agenda des sorties et loisirs du D\u00e9partement.<\/li>\n\n\n\n<li>Comment int\u00e9grer un agenda des \u00e9v\u00e9nements sur le site de votre collectivit\u00e9. <\/li>\n<\/ul>\n\n\n\n<h2 class=\"wp-block-heading\">L\u2019agenda des sorties et loisirs en Ille-et-Vilaine<\/h2>\n\n\n\n<p>Le D\u00e9partement Ille-et-Vilaine met \u00e0 disposition du grand public, un <a href=\"https:\/\/nous-vous-ille.fr\/agenda\">agenda des sorties et des loisirs<\/a> qui centralise les \u00e9v\u00e9nements propos\u00e9s par des acteurs locaux.<\/p>\n\n\n\n<p>L\u2019objectif est de mettre en avant les actions men\u00e9es par des organismes locaux et communiquer sur la vie locale aupr\u00e8s des usagers du D\u00e9partement. Par ailleurs, c\u2019est un excellent moyen de dynamiser et faire connaitre le territoire.<\/p>\n\n\n\n<figure class=\"wp-block-image size-full is-resized is-style-default\"><img fetchpriority=\"high\" decoding=\"async\" width=\"703\" height=\"803\" src=\"https:\/\/www.infolocale.fr\/blog\/wp-content\/uploads\/2024\/01\/Agenda-Ille-et-Vilaine.png\" alt=\"\" class=\"wp-image-25146\" style=\"width:457px;height:522px\" srcset=\"https:\/\/www.infolocale.fr\/blog\/wp-content\/uploads\/2024\/01\/Agenda-Ille-et-Vilaine.png 703w, https:\/\/www.infolocale.fr\/blog\/wp-content\/uploads\/2024\/01\/Agenda-Ille-et-Vilaine-263x300.png 263w\" sizes=\"(max-width: 703px) 100vw, 703px\" \/><figcaption class=\"wp-element-caption\"><a href=\"https:\/\/nous-vous-ille.fr\/agenda\">https:\/\/nous-vous-ille.fr\/agenda<\/a><\/figcaption><\/figure>\n\n\n\n<h3 class=\"wp-block-heading\">L\u2019agenda des \u00e9v\u00e9nements accessibles propos\u00e9 par la Maison d\u00e9partementale des personnes handicap\u00e9es<\/h3>\n\n\n\n<p>En compl\u00e9ment de l\u2019agenda pr\u00e9sent sur sa page principale, le D\u00e9partement propose un <a href=\"https:\/\/www.mdph35.fr\/agenda\">agenda des \u00e9v\u00e9nements accessibles<\/a>. Vous pouvez le retrouver sur sa page <a href=\"https:\/\/www.mdph35.fr\/\">Maison d\u00e9partementale des personnes handicap\u00e9es<\/a>.<\/p>\n\n\n\n<p>Le but est de proposer aux usagers en situation de handicap, un panel d\u2019\u00e9v\u00e9nements qui leur sont accessibles.<\/p>\n\n\n\n<figure class=\"wp-block-image size-full is-resized\"><img decoding=\"async\" width=\"690\" height=\"792\" src=\"https:\/\/www.infolocale.fr\/blog\/wp-content\/uploads\/2024\/01\/Agenda-evenements-accessibles-.png\" alt=\"\" class=\"wp-image-25147\" style=\"width:432px;height:495px\" srcset=\"https:\/\/www.infolocale.fr\/blog\/wp-content\/uploads\/2024\/01\/Agenda-evenements-accessibles-.png 690w, https:\/\/www.infolocale.fr\/blog\/wp-content\/uploads\/2024\/01\/Agenda-evenements-accessibles--261x300.png 261w\" sizes=\"(max-width: 690px) 100vw, 690px\" \/><figcaption class=\"wp-element-caption\"><a href=\"https:\/\/www.mdph35.fr\/agenda\">https:\/\/www.mdph35.fr\/agenda<\/a><\/figcaption><\/figure>\n\n\n\n<h3 class=\"wp-block-heading\">L\u2019agenda culture et patrimoine propos\u00e9 par les Archives et patrimoine d\u2019Ille-et-Vilaine<\/h3>\n\n\n\n<p>Le service des archives et patrimoine propose aussi un agenda qui <a href=\"https:\/\/archives.ille-et-vilaine.fr\/agenda\">pr\u00e9sente les \u00e9v\u00e9nements culturels du d\u00e9partement<\/a>. <\/p>\n\n\n\n<figure class=\"wp-block-image size-full is-resized\"><img decoding=\"async\" width=\"527\" height=\"746\" src=\"https:\/\/www.infolocale.fr\/blog\/wp-content\/uploads\/2024\/01\/Agenda-archives-1.png\" alt=\"\" class=\"wp-image-25149\" style=\"width:428px;height:606px\" srcset=\"https:\/\/www.infolocale.fr\/blog\/wp-content\/uploads\/2024\/01\/Agenda-archives-1.png 527w, https:\/\/www.infolocale.fr\/blog\/wp-content\/uploads\/2024\/01\/Agenda-archives-1-212x300.png 212w\" sizes=\"(max-width: 527px) 100vw, 527px\" \/><figcaption class=\"wp-element-caption\"><a href=\"https:\/\/archives.ille-et-vilaine.fr\/agenda\">https:\/\/archives.ille-et-vilaine.fr\/agenda<\/a><\/figcaption><\/figure>\n\n\n\n<h2 class=\"wp-block-heading\">Comment apparaitre dans l\u2019agenda du D\u00e9partement d\u2019Ille-et-Vilaine<\/h2>\n\n\n\n<p>Votre organisme\/association organise des \u00e9v\u00e9nements en Ille-et-Vilaine ? Pour apparaitre dans l\u2019agenda du D\u00e9partement, rien de plus simple.<\/p>\n\n\n\n<p>Inscrivez gratuitement votre organisme sur <a href=\"https:\/\/www.infolocale.fr\/decouvrir\/?utm_source=blog&amp;utm_medium=banner&amp;utm_campaign=blog-content\">Infolocale<\/a> et d\u00e9posez vos annonces en choisissant la diffusion sur les sites du d\u00e9partement 35. <\/p>\n\n\n\n<p>En plus de la diffusion sur diff\u00e9rents services du D\u00e9partement, les \u00e9v\u00e9nements et activit\u00e9s d\u00e9pos\u00e9s par les utilisateurs <a href=\"https:\/\/www.infolocale.fr\/decouvrir\/?utm_source=blog&amp;utm_medium=banner&amp;utm_campaign=blog-content\">Infolocale<\/a> seront diffus\u00e9s dans les m\u00e9dias du groupe SIPA Ouest-France. De quoi offrir une visibilit\u00e9 suppl\u00e9mentaire \u00e0 votre organisme.<\/p>\n\n\n\n<p>Vos contenus pourront paraitre :<\/p>\n\n\n\n<ul class=\"wp-block-list\">\n<li>En ligne, sur <a href=\"https:\/\/www.infolocale.fr\/decouvrir\/?utm_source=blog&amp;utm_medium=banner&amp;utm_campaign=blog-content\">Infolocale<\/a> et dans les m\u00e9dias du groupe Ouest-France : Ouest-France, Actu, 20 minutes.<\/li>\n\n\n\n<li>Sur les pages locales des \u00e9ditions papier Ouest-France.<\/li>\n<\/ul>\n\n\n\n<h2 class=\"wp-block-heading\">Collectivit\u00e9s : comment int\u00e9grer un agenda des \u00e9v\u00e9nements sur vos sites internet ?<\/h2>\n\n\n\n<p>Il suffit de s&rsquo;abonner \u00e0 l&rsquo;<a href=\"https:\/\/www.infolocale.fr\/decouvrir\/collectivites\/?int_source=blog&amp;int_medium=banner&amp;int_campaign=blog-content-artcoll\">offre collectivit\u00e9s<\/a> pour relayer l&rsquo;ensemble des contenus <a href=\"https:\/\/www.infolocale.fr\/decouvrir\/?utm_source=blog&amp;utm_medium=banner&amp;utm_campaign=blog-content\">Infolocale<\/a> mod\u00e9r\u00e9s sur les canaux de communication de votre collectivit\u00e9. \u00c9vitez la double saisie en ne copiant qu\u2019une seule fois vos actualit\u00e9s sur <a href=\"https:\/\/www.infolocale.fr\/decouvrir\/?utm_source=blog&amp;utm_medium=banner&amp;utm_campaign=blog-content\">Infolocale<\/a>. Ainsi, profitez des contenus diffus\u00e9s automatiquement sur diff\u00e9rents supports de communication tels que vos sites et vos p\u00e9riodiques.<\/p>\n\n\n\n<p>Vous souhaitez diffuser les contenus de votre territoire pr\u00e9sents sur <a href=\"https:\/\/www.infolocale.fr\/decouvrir\/?utm_source=blog&amp;utm_medium=banner&amp;utm_campaign=blog-content\">Infolocale<\/a> ? Vous voulez <a href=\"https:\/\/www.infolocale.fr\/blog\/agenda-culturel-collectivite\/\">int\u00e9grer un agenda des sorties de votre territoire<\/a> sur votre site internet ?<\/p>\n\n\n\n<p>Quelle que soit votre entit\u00e9 (commune, communaut\u00e9 de communes, d\u00e9partement), vous trouverez facilement l\u2019offre adapt\u00e9e \u00e0 vos besoins.<\/p>\n\n\n\n<p>Pour cela, rien de plus simple, rendez-vous sur notre page&nbsp;<strong><a href=\"https:\/\/www.infolocale.fr\/decouvrir\/collectivites\/?int_source=blog&amp;int_medium=banner&amp;int_campaign=blog-content-artcoll\">collectivit\u00e9s<\/a><\/strong>. Vous y trouverez tous les d\u00e9tails de notre offre ainsi qu\u2019un formulaire pour nous contacter. Nous nous ferons un plaisir d\u2019\u00e9changer avec vous pour mettre en place l\u2019offre qui correspond \u00e0 vos besoins.<\/p>\n\n\n\n<p><\/p>\n","protected":false},"excerpt":{"rendered":"<p>Le D\u00e9partement d\u2019Ille-et-Vilaine compte plus d\u2019un million d\u2019habitants. Ce dernier joue un r\u00f4le central dans la vie quotidienne de ses habitants : action sociale, entretien [&hellip;]<\/p>\n","protected":false},"author":19,"featured_media":25160,"comment_status":"open","ping_status":"open","sticky":false,"template":"","format":"standard","meta":{"_coblocks_attr":"","_coblocks_dimensions":"","_coblocks_responsive_height":"","_coblocks_accordion_ie_support":"","_mo_disable_npp":"","footnotes":""},"categories":[75],"tags":[107],"class_list":["post-25139","post","type-post","status-publish","format-standard","has-post-thumbnail","hentry","category-communication-des-institutions-et-collectivites","tag-diffusion"],"yoast_head":"<!-- This site is optimized with the Yoast SEO plugin v23.2 - https:\/\/yoast.com\/wordpress\/plugins\/seo\/ -->\n<title>D\u00e9partement d&#039;Ille-et-Vilaine : vos contenus Infolocale sur l&#039;agenda du D\u00e9partement |<\/title>\n<meta name=\"robots\" content=\"index, follow, max-snippet:-1, max-image-preview:large, max-video-preview:-1\" \/>\n<link rel=\"canonical\" href=\"https:\/\/www.infolocale.fr\/blog\/departement-dille-et-vilaine-vos-contenus-infolocale-sur-lagenda-du-departement\/\" \/>\n<meta property=\"og:locale\" content=\"fr_FR\" \/>\n<meta property=\"og:type\" content=\"article\" \/>\n<meta property=\"og:title\" content=\"D\u00e9partement d&#039;Ille-et-Vilaine : vos contenus Infolocale sur l&#039;agenda du D\u00e9partement |\" \/>\n<meta property=\"og:description\" content=\"Le D\u00e9partement d\u2019Ille-et-Vilaine compte plus d\u2019un million d\u2019habitants. Ce dernier joue un r\u00f4le central dans la vie quotidienne de ses habitants : action sociale, entretien [&hellip;]\" \/>\n<meta property=\"og:url\" content=\"https:\/\/www.infolocale.fr\/blog\/departement-dille-et-vilaine-vos-contenus-infolocale-sur-lagenda-du-departement\/\" \/>\n<meta property=\"article:publisher\" content=\"https:\/\/www.facebook.com\/infolocaleFR\/\" \/>\n<meta property=\"article:published_time\" content=\"2024-02-02T16:33:01+00:00\" \/>\n<meta property=\"article:modified_time\" content=\"2025-07-28T15:34:10+00:00\" \/>\n<meta property=\"og:image\" content=\"https:\/\/www.infolocale.fr\/blog\/wp-content\/uploads\/2024\/01\/Logo-Infolocale-et-Ille-et-Vilaine.png\" \/>\n\t<meta property=\"og:image:width\" content=\"900\" \/>\n\t<meta property=\"og:image:height\" content=\"630\" \/>\n\t<meta property=\"og:image:type\" content=\"image\/png\" \/>\n<meta name=\"author\" content=\"Thelma\" \/>\n<meta name=\"twitter:card\" content=\"summary_large_image\" \/>\n<meta name=\"twitter:creator\" content=\"@infolocale\" \/>\n<meta name=\"twitter:site\" content=\"@infolocale\" \/>\n<meta name=\"twitter:label1\" content=\"\u00c9crit par\" \/>\n\t<meta name=\"twitter:data1\" content=\"Thelma\" \/>\n\t<meta name=\"twitter:label2\" content=\"Dur\u00e9e de lecture estim\u00e9e\" \/>\n\t<meta name=\"twitter:data2\" content=\"4 minutes\" \/>\n<script type=\"application\/ld+json\" class=\"yoast-schema-graph\">{\"@context\":\"https:\/\/schema.org\",\"@graph\":[{\"@type\":\"Article\",\"@id\":\"https:\/\/www.infolocale.fr\/blog\/departement-dille-et-vilaine-vos-contenus-infolocale-sur-lagenda-du-departement\/#article\",\"isPartOf\":{\"@id\":\"https:\/\/www.infolocale.fr\/blog\/departement-dille-et-vilaine-vos-contenus-infolocale-sur-lagenda-du-departement\/\"},\"author\":{\"name\":\"Thelma\",\"@id\":\"https:\/\/www.infolocale.fr\/blog\/#\/schema\/person\/c5cc5fad565589d405681286186ea176\"},\"headline\":\"D\u00e9partement d&rsquo;Ille-et-Vilaine : vos contenus Infolocale sur l&rsquo;agenda du D\u00e9partement\",\"datePublished\":\"2024-02-02T16:33:01+00:00\",\"dateModified\":\"2025-07-28T15:34:10+00:00\",\"mainEntityOfPage\":{\"@id\":\"https:\/\/www.infolocale.fr\/blog\/departement-dille-et-vilaine-vos-contenus-infolocale-sur-lagenda-du-departement\/\"},\"wordCount\":644,\"commentCount\":0,\"publisher\":{\"@id\":\"https:\/\/www.infolocale.fr\/blog\/#organization\"},\"image\":{\"@id\":\"https:\/\/www.infolocale.fr\/blog\/departement-dille-et-vilaine-vos-contenus-infolocale-sur-lagenda-du-departement\/#primaryimage\"},\"thumbnailUrl\":\"https:\/\/www.infolocale.fr\/blog\/wp-content\/uploads\/2024\/01\/Logo-Infolocale-et-Ille-et-Vilaine.png\",\"keywords\":[\"diffusion\"],\"articleSection\":[\"Communication des institutions et collectivit\u00e9s\"],\"inLanguage\":\"fr-FR\",\"potentialAction\":[{\"@type\":\"CommentAction\",\"name\":\"Comment\",\"target\":[\"https:\/\/www.infolocale.fr\/blog\/departement-dille-et-vilaine-vos-contenus-infolocale-sur-lagenda-du-departement\/#respond\"]}]},{\"@type\":\"WebPage\",\"@id\":\"https:\/\/www.infolocale.fr\/blog\/departement-dille-et-vilaine-vos-contenus-infolocale-sur-lagenda-du-departement\/\",\"url\":\"https:\/\/www.infolocale.fr\/blog\/departement-dille-et-vilaine-vos-contenus-infolocale-sur-lagenda-du-departement\/\",\"name\":\"D\u00e9partement d'Ille-et-Vilaine : vos contenus Infolocale sur l'agenda du D\u00e9partement |\",\"isPartOf\":{\"@id\":\"https:\/\/www.infolocale.fr\/blog\/#website\"},\"primaryImageOfPage\":{\"@id\":\"https:\/\/www.infolocale.fr\/blog\/departement-dille-et-vilaine-vos-contenus-infolocale-sur-lagenda-du-departement\/#primaryimage\"},\"image\":{\"@id\":\"https:\/\/www.infolocale.fr\/blog\/departement-dille-et-vilaine-vos-contenus-infolocale-sur-lagenda-du-departement\/#primaryimage\"},\"thumbnailUrl\":\"https:\/\/www.infolocale.fr\/blog\/wp-content\/uploads\/2024\/01\/Logo-Infolocale-et-Ille-et-Vilaine.png\",\"datePublished\":\"2024-02-02T16:33:01+00:00\",\"dateModified\":\"2025-07-28T15:34:10+00:00\",\"breadcrumb\":{\"@id\":\"https:\/\/www.infolocale.fr\/blog\/departement-dille-et-vilaine-vos-contenus-infolocale-sur-lagenda-du-departement\/#breadcrumb\"},\"inLanguage\":\"fr-FR\",\"potentialAction\":[{\"@type\":\"ReadAction\",\"target\":[\"https:\/\/www.infolocale.fr\/blog\/departement-dille-et-vilaine-vos-contenus-infolocale-sur-lagenda-du-departement\/\"]}]},{\"@type\":\"ImageObject\",\"inLanguage\":\"fr-FR\",\"@id\":\"https:\/\/www.infolocale.fr\/blog\/departement-dille-et-vilaine-vos-contenus-infolocale-sur-lagenda-du-departement\/#primaryimage\",\"url\":\"https:\/\/www.infolocale.fr\/blog\/wp-content\/uploads\/2024\/01\/Logo-Infolocale-et-Ille-et-Vilaine.png\",\"contentUrl\":\"https:\/\/www.infolocale.fr\/blog\/wp-content\/uploads\/2024\/01\/Logo-Infolocale-et-Ille-et-Vilaine.png\",\"width\":900,\"height\":630},{\"@type\":\"BreadcrumbList\",\"@id\":\"https:\/\/www.infolocale.fr\/blog\/departement-dille-et-vilaine-vos-contenus-infolocale-sur-lagenda-du-departement\/#breadcrumb\",\"itemListElement\":[{\"@type\":\"ListItem\",\"position\":1,\"name\":\"Blog\",\"item\":\"https:\/\/infolocale.ouest-france.fr\/blog\/\"},{\"@type\":\"ListItem\",\"position\":2,\"name\":\"Communication des institutions et collectivit\u00e9s\",\"item\":\"https:\/\/infolocale.ouest-france.fr\/blog\/cat\/communication-des-institutions-et-collectivites\/\"},{\"@type\":\"ListItem\",\"position\":3,\"name\":\"D\u00e9partement d&rsquo;Ille-et-Vilaine : vos contenus Infolocale sur l&rsquo;agenda du D\u00e9partement\"}]},{\"@type\":\"WebSite\",\"@id\":\"https:\/\/www.infolocale.fr\/blog\/#website\",\"url\":\"https:\/\/www.infolocale.fr\/blog\/\",\"name\":\"\",\"description\":\"\",\"publisher\":{\"@id\":\"https:\/\/www.infolocale.fr\/blog\/#organization\"},\"potentialAction\":[{\"@type\":\"SearchAction\",\"target\":{\"@type\":\"EntryPoint\",\"urlTemplate\":\"https:\/\/www.infolocale.fr\/blog\/?s={search_term_string}\"},\"query-input\":\"required name=search_term_string\"}],\"inLanguage\":\"fr-FR\"},{\"@type\":\"Organization\",\"@id\":\"https:\/\/www.infolocale.fr\/blog\/#organization\",\"name\":\"Infolocale\",\"url\":\"https:\/\/www.infolocale.fr\/blog\/\",\"logo\":{\"@type\":\"ImageObject\",\"inLanguage\":\"fr-FR\",\"@id\":\"https:\/\/www.infolocale.fr\/blog\/#\/schema\/logo\/image\/\",\"url\":\"https:\/\/www.infolocale.fr\/blog\/wp-content\/uploads\/2020\/11\/logol.jpg\",\"contentUrl\":\"https:\/\/www.infolocale.fr\/blog\/wp-content\/uploads\/2020\/11\/logol.jpg\",\"width\":1031,\"height\":398,\"caption\":\"Infolocale\"},\"image\":{\"@id\":\"https:\/\/www.infolocale.fr\/blog\/#\/schema\/logo\/image\/\"},\"sameAs\":[\"https:\/\/www.facebook.com\/infolocaleFR\/\",\"https:\/\/x.com\/infolocale\",\"https:\/\/www.instagram.com\/infolocale\/\",\"https:\/\/fr.linkedin.com\/company\/infolocale\",\"https:\/\/www.youtube.com\/channel\/UCnv4FA8EYEuu_si3TGr7xeA\"]},{\"@type\":\"Person\",\"@id\":\"https:\/\/www.infolocale.fr\/blog\/#\/schema\/person\/c5cc5fad565589d405681286186ea176\",\"name\":\"Thelma\",\"image\":{\"@type\":\"ImageObject\",\"inLanguage\":\"fr-FR\",\"@id\":\"https:\/\/www.infolocale.fr\/blog\/#\/schema\/person\/image\/\",\"url\":\"https:\/\/secure.gravatar.com\/avatar\/49bf3755816c87e89e817e3b81797a7f?s=96&d=mm&r=g\",\"contentUrl\":\"https:\/\/secure.gravatar.com\/avatar\/49bf3755816c87e89e817e3b81797a7f?s=96&d=mm&r=g\",\"caption\":\"Thelma\"},\"url\":\"https:\/\/www.infolocale.fr\/blog\/author\/thelma-rousseauouest-france-fr\/\"}]}<\/script>\n<!-- \/ Yoast SEO plugin. -->","yoast_head_json":{"title":"D\u00e9partement d'Ille-et-Vilaine : vos contenus Infolocale sur l'agenda du D\u00e9partement |","robots":{"index":"index","follow":"follow","max-snippet":"max-snippet:-1","max-image-preview":"max-image-preview:large","max-video-preview":"max-video-preview:-1"},"canonical":"https:\/\/www.infolocale.fr\/blog\/departement-dille-et-vilaine-vos-contenus-infolocale-sur-lagenda-du-departement\/","og_locale":"fr_FR","og_type":"article","og_title":"D\u00e9partement d'Ille-et-Vilaine : vos contenus Infolocale sur l'agenda du D\u00e9partement |","og_description":"Le D\u00e9partement d\u2019Ille-et-Vilaine compte plus d\u2019un million d\u2019habitants. Ce dernier joue un r\u00f4le central dans la vie quotidienne de ses habitants : action sociale, entretien [&hellip;]","og_url":"https:\/\/www.infolocale.fr\/blog\/departement-dille-et-vilaine-vos-contenus-infolocale-sur-lagenda-du-departement\/","article_publisher":"https:\/\/www.facebook.com\/infolocaleFR\/","article_published_time":"2024-02-02T16:33:01+00:00","article_modified_time":"2025-07-28T15:34:10+00:00","og_image":[{"width":900,"height":630,"url":"https:\/\/www.infolocale.fr\/blog\/wp-content\/uploads\/2024\/01\/Logo-Infolocale-et-Ille-et-Vilaine.png","type":"image\/png"}],"author":"Thelma","twitter_card":"summary_large_image","twitter_creator":"@infolocale","twitter_site":"@infolocale","twitter_misc":{"\u00c9crit par":"Thelma","Dur\u00e9e de lecture estim\u00e9e":"4 minutes"},"schema":{"@context":"https:\/\/schema.org","@graph":[{"@type":"Article","@id":"https:\/\/www.infolocale.fr\/blog\/departement-dille-et-vilaine-vos-contenus-infolocale-sur-lagenda-du-departement\/#article","isPartOf":{"@id":"https:\/\/www.infolocale.fr\/blog\/departement-dille-et-vilaine-vos-contenus-infolocale-sur-lagenda-du-departement\/"},"author":{"name":"Thelma","@id":"https:\/\/www.infolocale.fr\/blog\/#\/schema\/person\/c5cc5fad565589d405681286186ea176"},"headline":"D\u00e9partement d&rsquo;Ille-et-Vilaine : vos contenus Infolocale sur l&rsquo;agenda du D\u00e9partement","datePublished":"2024-02-02T16:33:01+00:00","dateModified":"2025-07-28T15:34:10+00:00","mainEntityOfPage":{"@id":"https:\/\/www.infolocale.fr\/blog\/departement-dille-et-vilaine-vos-contenus-infolocale-sur-lagenda-du-departement\/"},"wordCount":644,"commentCount":0,"publisher":{"@id":"https:\/\/www.infolocale.fr\/blog\/#organization"},"image":{"@id":"https:\/\/www.infolocale.fr\/blog\/departement-dille-et-vilaine-vos-contenus-infolocale-sur-lagenda-du-departement\/#primaryimage"},"thumbnailUrl":"https:\/\/www.infolocale.fr\/blog\/wp-content\/uploads\/2024\/01\/Logo-Infolocale-et-Ille-et-Vilaine.png","keywords":["diffusion"],"articleSection":["Communication des institutions et collectivit\u00e9s"],"inLanguage":"fr-FR","potentialAction":[{"@type":"CommentAction","name":"Comment","target":["https:\/\/www.infolocale.fr\/blog\/departement-dille-et-vilaine-vos-contenus-infolocale-sur-lagenda-du-departement\/#respond"]}]},{"@type":"WebPage","@id":"https:\/\/www.infolocale.fr\/blog\/departement-dille-et-vilaine-vos-contenus-infolocale-sur-lagenda-du-departement\/","url":"https:\/\/www.infolocale.fr\/blog\/departement-dille-et-vilaine-vos-contenus-infolocale-sur-lagenda-du-departement\/","name":"D\u00e9partement d'Ille-et-Vilaine : vos contenus Infolocale sur l'agenda du D\u00e9partement |","isPartOf":{"@id":"https:\/\/www.infolocale.fr\/blog\/#website"},"primaryImageOfPage":{"@id":"https:\/\/www.infolocale.fr\/blog\/departement-dille-et-vilaine-vos-contenus-infolocale-sur-lagenda-du-departement\/#primaryimage"},"image":{"@id":"https:\/\/www.infolocale.fr\/blog\/departement-dille-et-vilaine-vos-contenus-infolocale-sur-lagenda-du-departement\/#primaryimage"},"thumbnailUrl":"https:\/\/www.infolocale.fr\/blog\/wp-content\/uploads\/2024\/01\/Logo-Infolocale-et-Ille-et-Vilaine.png","datePublished":"2024-02-02T16:33:01+00:00","dateModified":"2025-07-28T15:34:10+00:00","breadcrumb":{"@id":"https:\/\/www.infolocale.fr\/blog\/departement-dille-et-vilaine-vos-contenus-infolocale-sur-lagenda-du-departement\/#breadcrumb"},"inLanguage":"fr-FR","potentialAction":[{"@type":"ReadAction","target":["https:\/\/www.infolocale.fr\/blog\/departement-dille-et-vilaine-vos-contenus-infolocale-sur-lagenda-du-departement\/"]}]},{"@type":"ImageObject","inLanguage":"fr-FR","@id":"https:\/\/www.infolocale.fr\/blog\/departement-dille-et-vilaine-vos-contenus-infolocale-sur-lagenda-du-departement\/#primaryimage","url":"https:\/\/www.infolocale.fr\/blog\/wp-content\/uploads\/2024\/01\/Logo-Infolocale-et-Ille-et-Vilaine.png","contentUrl":"https:\/\/www.infolocale.fr\/blog\/wp-content\/uploads\/2024\/01\/Logo-Infolocale-et-Ille-et-Vilaine.png","width":900,"height":630},{"@type":"BreadcrumbList","@id":"https:\/\/www.infolocale.fr\/blog\/departement-dille-et-vilaine-vos-contenus-infolocale-sur-lagenda-du-departement\/#breadcrumb","itemListElement":[{"@type":"ListItem","position":1,"name":"Blog","item":"https:\/\/infolocale.ouest-france.fr\/blog\/"},{"@type":"ListItem","position":2,"name":"Communication des institutions et collectivit\u00e9s","item":"https:\/\/infolocale.ouest-france.fr\/blog\/cat\/communication-des-institutions-et-collectivites\/"},{"@type":"ListItem","position":3,"name":"D\u00e9partement d&rsquo;Ille-et-Vilaine : vos contenus Infolocale sur l&rsquo;agenda du D\u00e9partement"}]},{"@type":"WebSite","@id":"https:\/\/www.infolocale.fr\/blog\/#website","url":"https:\/\/www.infolocale.fr\/blog\/","name":"","description":"","publisher":{"@id":"https:\/\/www.infolocale.fr\/blog\/#organization"},"potentialAction":[{"@type":"SearchAction","target":{"@type":"EntryPoint","urlTemplate":"https:\/\/www.infolocale.fr\/blog\/?s={search_term_string}"},"query-input":"required name=search_term_string"}],"inLanguage":"fr-FR"},{"@type":"Organization","@id":"https:\/\/www.infolocale.fr\/blog\/#organization","name":"Infolocale","url":"https:\/\/www.infolocale.fr\/blog\/","logo":{"@type":"ImageObject","inLanguage":"fr-FR","@id":"https:\/\/www.infolocale.fr\/blog\/#\/schema\/logo\/image\/","url":"https:\/\/www.infolocale.fr\/blog\/wp-content\/uploads\/2020\/11\/logol.jpg","contentUrl":"https:\/\/www.infolocale.fr\/blog\/wp-content\/uploads\/2020\/11\/logol.jpg","width":1031,"height":398,"caption":"Infolocale"},"image":{"@id":"https:\/\/www.infolocale.fr\/blog\/#\/schema\/logo\/image\/"},"sameAs":["https:\/\/www.facebook.com\/infolocaleFR\/","https:\/\/x.com\/infolocale","https:\/\/www.instagram.com\/infolocale\/","https:\/\/fr.linkedin.com\/company\/infolocale","https:\/\/www.youtube.com\/channel\/UCnv4FA8EYEuu_si3TGr7xeA"]},{"@type":"Person","@id":"https:\/\/www.infolocale.fr\/blog\/#\/schema\/person\/c5cc5fad565589d405681286186ea176","name":"Thelma","image":{"@type":"ImageObject","inLanguage":"fr-FR","@id":"https:\/\/www.infolocale.fr\/blog\/#\/schema\/person\/image\/","url":"https:\/\/secure.gravatar.com\/avatar\/49bf3755816c87e89e817e3b81797a7f?s=96&d=mm&r=g","contentUrl":"https:\/\/secure.gravatar.com\/avatar\/49bf3755816c87e89e817e3b81797a7f?s=96&d=mm&r=g","caption":"Thelma"},"url":"https:\/\/www.infolocale.fr\/blog\/author\/thelma-rousseauouest-france-fr\/"}]}},"_links":{"self":[{"href":"https:\/\/www.infolocale.fr\/blog\/wp-json\/wp\/v2\/posts\/25139"}],"collection":[{"href":"https:\/\/www.infolocale.fr\/blog\/wp-json\/wp\/v2\/posts"}],"about":[{"href":"https:\/\/www.infolocale.fr\/blog\/wp-json\/wp\/v2\/types\/post"}],"author":[{"embeddable":true,"href":"https:\/\/www.infolocale.fr\/blog\/wp-json\/wp\/v2\/users\/19"}],"replies":[{"embeddable":true,"href":"https:\/\/www.infolocale.fr\/blog\/wp-json\/wp\/v2\/comments?post=25139"}],"version-history":[{"count":0,"href":"https:\/\/www.infolocale.fr\/blog\/wp-json\/wp\/v2\/posts\/25139\/revisions"}],"wp:featuredmedia":[{"embeddable":true,"href":"https:\/\/www.infolocale.fr\/blog\/wp-json\/wp\/v2\/media\/25160"}],"wp:attachment":[{"href":"https:\/\/www.infolocale.fr\/blog\/wp-json\/wp\/v2\/media?parent=25139"}],"wp:term":[{"taxonomy":"category","embeddable":true,"href":"https:\/\/www.infolocale.fr\/blog\/wp-json\/wp\/v2\/categories?post=25139"},{"taxonomy":"post_tag","embeddable":true,"href":"https:\/\/www.infolocale.fr\/blog\/wp-json\/wp\/v2\/tags?post=25139"}],"curies":[{"name":"wp","href":"https:\/\/api.w.org\/{rel}","templated":true}]}}