{"id":25133,"date":"2024-01-26T11:38:03","date_gmt":"2024-01-26T10:38:03","guid":{"rendered":"https:\/\/www.infolocale.fr\/blog\/?p=25133"},"modified":"2024-01-26T11:38:04","modified_gmt":"2024-01-26T10:38:04","slug":"infolocale-devient-partenaire-officiel-de-la-fondation-recherche-alzheimer","status":"publish","type":"post","link":"https:\/\/www.infolocale.fr\/blog\/infolocale-devient-partenaire-officiel-de-la-fondation-recherche-alzheimer\/","title":{"rendered":"Infolocale devient partenaire officiel de la Fondation Recherche Alzheimer"},"content":{"rendered":"\n<p>Infolocale est un outil de m\u00e9diatisation pour les associations, les collectivit\u00e9s et plus largement pour tous les organisateurs d&rsquo;\u00e9v\u00e9nements. Nos outils offrent une visibilit\u00e9 unique, non seulement sur notre site m\u00e9dia ; infolocale.fr, mais aussi chez nos plus de 200 partenaires (actu.fr, ouest-france.fr, 20minutes.fr, maville.com&#8230;) qui diffusent les contenus de nos utilisateurs sur leurs sites.<\/p>\n\n\n\n<div class=\"wp-block-buttons is-horizontal is-content-justification-center is-layout-flex wp-container-core-buttons-is-layout-1 wp-block-buttons-is-layout-flex\">\n<div class=\"wp-block-button\"><a class=\"wp-block-button__link has-white-color has-luminous-vivid-amber-background-color has-text-color has-background wp-element-button\"><strong>&gt;&gt;Inscrire mon asso \u00e0 Infolocale <\/strong><\/a><\/div>\n<\/div>\n\n\n\n<h2 class=\"wp-block-heading\">Infolocale : partenaire officiel de la Fondation Recherche Alzheimer  <\/h2>\n\n\n\n<p>La Fondation Recherche Alzheimer se mobilise pour faire avancer les recherches sur la maladie. Sa mission se concentre d&rsquo;une part sur la recherche clinique pour am\u00e9liorer la pr\u00e9vention, le diagnostic et les traitements et, d&rsquo;autre part, sur l&rsquo;information aupr\u00e8s du grand public. Aussi, pour l&rsquo;accompagner dans ses actions<strong>, toute l&rsquo;\u00e9quipe d&rsquo;Infolocale est heureuse de vous annoncer la signature d&rsquo;un partenariat avec la Fondation Recherche Alzheimer.<\/strong><\/p>\n\n\n\n<h2 class=\"wp-block-heading\">Infolocale accompagne la Fondation Recherche Alzheimer dans sa m\u00e9diatisation<\/h2>\n\n\n\n<p>Ce partenariat vise \u00e0 aider la Fondation Recherche Alzheimer \u00e0 accroitre localement sa visibilit\u00e9 via les outils d&rsquo;Infolocale et le r\u00e9seau de plus de 200 sites de m\u00e9dias, quotidiens, hebdomadaires, de radios, mais aussi de collectivit\u00e9s, communes et conseils d\u00e9partementaux qui rediffusent les contenus pr\u00e9sents sur Infolocale. <\/p>\n\n\n\n<p>Pour faciliter la prise en main de nos outils, Infolocale assurera un accompagnement, des webinaires p\u00e9dagogiques et une mise \u00e0 disposition de ressources aupr\u00e8s <strong>des structures de la Fondation Recherche Alzheimer.<\/strong><\/p>\n","protected":false},"excerpt":{"rendered":"<p>Infolocale est un outil de m\u00e9diatisation pour les associations, les collectivit\u00e9s et plus largement pour tous les organisateurs d&rsquo;\u00e9v\u00e9nements. Nos outils offrent une visibilit\u00e9 unique, [&hellip;]<\/p>\n","protected":false},"author":19,"featured_media":25135,"comment_status":"open","ping_status":"open","sticky":false,"template":"","format":"standard","meta":{"_coblocks_attr":"","_coblocks_dimensions":"","_coblocks_responsive_height":"","_coblocks_accordion_ie_support":"","_mo_disable_npp":"","footnotes":""},"categories":[6],"tags":[],"class_list":["post-25133","post","type-post","status-publish","format-standard","has-post-thumbnail","hentry","category-actu-acteurs-locaux"],"yoast_head":"<!-- This site is optimized with the Yoast SEO plugin v23.2 - https:\/\/yoast.com\/wordpress\/plugins\/seo\/ -->\n<title>Infolocale devient partenaire officiel de la Fondation Recherche Alzheimer |<\/title>\n<meta name=\"description\" content=\"Infolocale s&#039;associe \u00e0 la Fondation Recherche Alzheimer pour l&#039;accompagner dans ses actions locales et am\u00e9liorer localement sa visibilit\u00e9\" \/>\n<meta name=\"robots\" content=\"index, follow, max-snippet:-1, max-image-preview:large, max-video-preview:-1\" \/>\n<link rel=\"canonical\" href=\"https:\/\/www.infolocale.fr\/blog\/infolocale-devient-partenaire-officiel-de-la-fondation-recherche-alzheimer\/\" \/>\n<meta property=\"og:locale\" content=\"fr_FR\" \/>\n<meta property=\"og:type\" content=\"article\" \/>\n<meta property=\"og:title\" content=\"Infolocale devient partenaire officiel de la Fondation Recherche Alzheimer |\" \/>\n<meta property=\"og:description\" content=\"Infolocale s&#039;associe \u00e0 la Fondation Recherche Alzheimer pour l&#039;accompagner dans ses actions locales et am\u00e9liorer localement sa visibilit\u00e9\" \/>\n<meta property=\"og:url\" content=\"https:\/\/www.infolocale.fr\/blog\/infolocale-devient-partenaire-officiel-de-la-fondation-recherche-alzheimer\/\" \/>\n<meta property=\"article:publisher\" content=\"https:\/\/www.facebook.com\/infolocaleFR\/\" \/>\n<meta property=\"article:published_time\" content=\"2024-01-26T10:38:03+00:00\" \/>\n<meta property=\"article:modified_time\" content=\"2024-01-26T10:38:04+00:00\" \/>\n<meta property=\"og:image\" content=\"https:\/\/www.infolocale.fr\/blog\/wp-content\/uploads\/2024\/01\/Fondation-Alzheimer.jpg\" \/>\n\t<meta property=\"og:image:width\" content=\"900\" \/>\n\t<meta property=\"og:image:height\" content=\"630\" \/>\n\t<meta property=\"og:image:type\" content=\"image\/jpeg\" \/>\n<meta name=\"author\" content=\"Thelma\" \/>\n<meta name=\"twitter:card\" content=\"summary_large_image\" \/>\n<meta name=\"twitter:creator\" content=\"@infolocale\" \/>\n<meta name=\"twitter:site\" content=\"@infolocale\" \/>\n<meta name=\"twitter:label1\" content=\"\u00c9crit par\" \/>\n\t<meta name=\"twitter:data1\" content=\"Thelma\" \/>\n\t<meta name=\"twitter:label2\" content=\"Dur\u00e9e de lecture estim\u00e9e\" \/>\n\t<meta name=\"twitter:data2\" content=\"2 minutes\" \/>\n<script type=\"application\/ld+json\" class=\"yoast-schema-graph\">{\"@context\":\"https:\/\/schema.org\",\"@graph\":[{\"@type\":\"Article\",\"@id\":\"https:\/\/www.infolocale.fr\/blog\/infolocale-devient-partenaire-officiel-de-la-fondation-recherche-alzheimer\/#article\",\"isPartOf\":{\"@id\":\"https:\/\/www.infolocale.fr\/blog\/infolocale-devient-partenaire-officiel-de-la-fondation-recherche-alzheimer\/\"},\"author\":{\"name\":\"Thelma\",\"@id\":\"https:\/\/www.infolocale.fr\/blog\/#\/schema\/person\/c5cc5fad565589d405681286186ea176\"},\"headline\":\"Infolocale devient partenaire officiel de la Fondation Recherche Alzheimer\",\"datePublished\":\"2024-01-26T10:38:03+00:00\",\"dateModified\":\"2024-01-26T10:38:04+00:00\",\"mainEntityOfPage\":{\"@id\":\"https:\/\/www.infolocale.fr\/blog\/infolocale-devient-partenaire-officiel-de-la-fondation-recherche-alzheimer\/\"},\"wordCount\":240,\"commentCount\":0,\"publisher\":{\"@id\":\"https:\/\/www.infolocale.fr\/blog\/#organization\"},\"image\":{\"@id\":\"https:\/\/www.infolocale.fr\/blog\/infolocale-devient-partenaire-officiel-de-la-fondation-recherche-alzheimer\/#primaryimage\"},\"thumbnailUrl\":\"https:\/\/www.infolocale.fr\/blog\/wp-content\/uploads\/2024\/01\/Fondation-Alzheimer.jpg\",\"articleSection\":[\"En ce moment\"],\"inLanguage\":\"fr-FR\",\"potentialAction\":[{\"@type\":\"CommentAction\",\"name\":\"Comment\",\"target\":[\"https:\/\/www.infolocale.fr\/blog\/infolocale-devient-partenaire-officiel-de-la-fondation-recherche-alzheimer\/#respond\"]}]},{\"@type\":\"WebPage\",\"@id\":\"https:\/\/www.infolocale.fr\/blog\/infolocale-devient-partenaire-officiel-de-la-fondation-recherche-alzheimer\/\",\"url\":\"https:\/\/www.infolocale.fr\/blog\/infolocale-devient-partenaire-officiel-de-la-fondation-recherche-alzheimer\/\",\"name\":\"Infolocale devient partenaire officiel de la Fondation Recherche Alzheimer |\",\"isPartOf\":{\"@id\":\"https:\/\/www.infolocale.fr\/blog\/#website\"},\"primaryImageOfPage\":{\"@id\":\"https:\/\/www.infolocale.fr\/blog\/infolocale-devient-partenaire-officiel-de-la-fondation-recherche-alzheimer\/#primaryimage\"},\"image\":{\"@id\":\"https:\/\/www.infolocale.fr\/blog\/infolocale-devient-partenaire-officiel-de-la-fondation-recherche-alzheimer\/#primaryimage\"},\"thumbnailUrl\":\"https:\/\/www.infolocale.fr\/blog\/wp-content\/uploads\/2024\/01\/Fondation-Alzheimer.jpg\",\"datePublished\":\"2024-01-26T10:38:03+00:00\",\"dateModified\":\"2024-01-26T10:38:04+00:00\",\"description\":\"Infolocale s'associe \u00e0 la Fondation Recherche Alzheimer pour l'accompagner dans ses actions locales et am\u00e9liorer localement sa visibilit\u00e9\",\"breadcrumb\":{\"@id\":\"https:\/\/www.infolocale.fr\/blog\/infolocale-devient-partenaire-officiel-de-la-fondation-recherche-alzheimer\/#breadcrumb\"},\"inLanguage\":\"fr-FR\",\"potentialAction\":[{\"@type\":\"ReadAction\",\"target\":[\"https:\/\/www.infolocale.fr\/blog\/infolocale-devient-partenaire-officiel-de-la-fondation-recherche-alzheimer\/\"]}]},{\"@type\":\"ImageObject\",\"inLanguage\":\"fr-FR\",\"@id\":\"https:\/\/www.infolocale.fr\/blog\/infolocale-devient-partenaire-officiel-de-la-fondation-recherche-alzheimer\/#primaryimage\",\"url\":\"https:\/\/www.infolocale.fr\/blog\/wp-content\/uploads\/2024\/01\/Fondation-Alzheimer.jpg\",\"contentUrl\":\"https:\/\/www.infolocale.fr\/blog\/wp-content\/uploads\/2024\/01\/Fondation-Alzheimer.jpg\",\"width\":900,\"height\":630,\"caption\":\"Fondation Alzheimer\"},{\"@type\":\"BreadcrumbList\",\"@id\":\"https:\/\/www.infolocale.fr\/blog\/infolocale-devient-partenaire-officiel-de-la-fondation-recherche-alzheimer\/#breadcrumb\",\"itemListElement\":[{\"@type\":\"ListItem\",\"position\":1,\"name\":\"Blog\",\"item\":\"https:\/\/infolocale.ouest-france.fr\/blog\/\"},{\"@type\":\"ListItem\",\"position\":2,\"name\":\"En ce moment\",\"item\":\"https:\/\/infolocale.20minutes.fr\/blog\/cat\/actu-acteurs-locaux\/\"},{\"@type\":\"ListItem\",\"position\":3,\"name\":\"Infolocale devient partenaire officiel de la Fondation Recherche Alzheimer\"}]},{\"@type\":\"WebSite\",\"@id\":\"https:\/\/www.infolocale.fr\/blog\/#website\",\"url\":\"https:\/\/www.infolocale.fr\/blog\/\",\"name\":\"\",\"description\":\"\",\"publisher\":{\"@id\":\"https:\/\/www.infolocale.fr\/blog\/#organization\"},\"potentialAction\":[{\"@type\":\"SearchAction\",\"target\":{\"@type\":\"EntryPoint\",\"urlTemplate\":\"https:\/\/www.infolocale.fr\/blog\/?s={search_term_string}\"},\"query-input\":\"required name=search_term_string\"}],\"inLanguage\":\"fr-FR\"},{\"@type\":\"Organization\",\"@id\":\"https:\/\/www.infolocale.fr\/blog\/#organization\",\"name\":\"Infolocale\",\"url\":\"https:\/\/www.infolocale.fr\/blog\/\",\"logo\":{\"@type\":\"ImageObject\",\"inLanguage\":\"fr-FR\",\"@id\":\"https:\/\/www.infolocale.fr\/blog\/#\/schema\/logo\/image\/\",\"url\":\"https:\/\/www.infolocale.fr\/blog\/wp-content\/uploads\/2020\/11\/logol.jpg\",\"contentUrl\":\"https:\/\/www.infolocale.fr\/blog\/wp-content\/uploads\/2020\/11\/logol.jpg\",\"width\":1031,\"height\":398,\"caption\":\"Infolocale\"},\"image\":{\"@id\":\"https:\/\/www.infolocale.fr\/blog\/#\/schema\/logo\/image\/\"},\"sameAs\":[\"https:\/\/www.facebook.com\/infolocaleFR\/\",\"https:\/\/x.com\/infolocale\",\"https:\/\/www.instagram.com\/infolocale\/\",\"https:\/\/fr.linkedin.com\/company\/infolocale\",\"https:\/\/www.youtube.com\/channel\/UCnv4FA8EYEuu_si3TGr7xeA\"]},{\"@type\":\"Person\",\"@id\":\"https:\/\/www.infolocale.fr\/blog\/#\/schema\/person\/c5cc5fad565589d405681286186ea176\",\"name\":\"Thelma\",\"image\":{\"@type\":\"ImageObject\",\"inLanguage\":\"fr-FR\",\"@id\":\"https:\/\/www.infolocale.fr\/blog\/#\/schema\/person\/image\/\",\"url\":\"https:\/\/secure.gravatar.com\/avatar\/49bf3755816c87e89e817e3b81797a7f?s=96&d=mm&r=g\",\"contentUrl\":\"https:\/\/secure.gravatar.com\/avatar\/49bf3755816c87e89e817e3b81797a7f?s=96&d=mm&r=g\",\"caption\":\"Thelma\"},\"url\":\"https:\/\/www.infolocale.fr\/blog\/author\/thelma-rousseauouest-france-fr\/\"}]}<\/script>\n<!-- \/ Yoast SEO plugin. -->","yoast_head_json":{"title":"Infolocale devient partenaire officiel de la Fondation Recherche Alzheimer |","description":"Infolocale s'associe \u00e0 la Fondation Recherche Alzheimer pour l'accompagner dans ses actions locales et am\u00e9liorer localement sa visibilit\u00e9","robots":{"index":"index","follow":"follow","max-snippet":"max-snippet:-1","max-image-preview":"max-image-preview:large","max-video-preview":"max-video-preview:-1"},"canonical":"https:\/\/www.infolocale.fr\/blog\/infolocale-devient-partenaire-officiel-de-la-fondation-recherche-alzheimer\/","og_locale":"fr_FR","og_type":"article","og_title":"Infolocale devient partenaire officiel de la Fondation Recherche Alzheimer |","og_description":"Infolocale s'associe \u00e0 la Fondation Recherche Alzheimer pour l'accompagner dans ses actions locales et am\u00e9liorer localement sa visibilit\u00e9","og_url":"https:\/\/www.infolocale.fr\/blog\/infolocale-devient-partenaire-officiel-de-la-fondation-recherche-alzheimer\/","article_publisher":"https:\/\/www.facebook.com\/infolocaleFR\/","article_published_time":"2024-01-26T10:38:03+00:00","article_modified_time":"2024-01-26T10:38:04+00:00","og_image":[{"width":900,"height":630,"url":"https:\/\/www.infolocale.fr\/blog\/wp-content\/uploads\/2024\/01\/Fondation-Alzheimer.jpg","type":"image\/jpeg"}],"author":"Thelma","twitter_card":"summary_large_image","twitter_creator":"@infolocale","twitter_site":"@infolocale","twitter_misc":{"\u00c9crit par":"Thelma","Dur\u00e9e de lecture estim\u00e9e":"2 minutes"},"schema":{"@context":"https:\/\/schema.org","@graph":[{"@type":"Article","@id":"https:\/\/www.infolocale.fr\/blog\/infolocale-devient-partenaire-officiel-de-la-fondation-recherche-alzheimer\/#article","isPartOf":{"@id":"https:\/\/www.infolocale.fr\/blog\/infolocale-devient-partenaire-officiel-de-la-fondation-recherche-alzheimer\/"},"author":{"name":"Thelma","@id":"https:\/\/www.infolocale.fr\/blog\/#\/schema\/person\/c5cc5fad565589d405681286186ea176"},"headline":"Infolocale devient partenaire officiel de la Fondation Recherche Alzheimer","datePublished":"2024-01-26T10:38:03+00:00","dateModified":"2024-01-26T10:38:04+00:00","mainEntityOfPage":{"@id":"https:\/\/www.infolocale.fr\/blog\/infolocale-devient-partenaire-officiel-de-la-fondation-recherche-alzheimer\/"},"wordCount":240,"commentCount":0,"publisher":{"@id":"https:\/\/www.infolocale.fr\/blog\/#organization"},"image":{"@id":"https:\/\/www.infolocale.fr\/blog\/infolocale-devient-partenaire-officiel-de-la-fondation-recherche-alzheimer\/#primaryimage"},"thumbnailUrl":"https:\/\/www.infolocale.fr\/blog\/wp-content\/uploads\/2024\/01\/Fondation-Alzheimer.jpg","articleSection":["En ce moment"],"inLanguage":"fr-FR","potentialAction":[{"@type":"CommentAction","name":"Comment","target":["https:\/\/www.infolocale.fr\/blog\/infolocale-devient-partenaire-officiel-de-la-fondation-recherche-alzheimer\/#respond"]}]},{"@type":"WebPage","@id":"https:\/\/www.infolocale.fr\/blog\/infolocale-devient-partenaire-officiel-de-la-fondation-recherche-alzheimer\/","url":"https:\/\/www.infolocale.fr\/blog\/infolocale-devient-partenaire-officiel-de-la-fondation-recherche-alzheimer\/","name":"Infolocale devient partenaire officiel de la Fondation Recherche Alzheimer |","isPartOf":{"@id":"https:\/\/www.infolocale.fr\/blog\/#website"},"primaryImageOfPage":{"@id":"https:\/\/www.infolocale.fr\/blog\/infolocale-devient-partenaire-officiel-de-la-fondation-recherche-alzheimer\/#primaryimage"},"image":{"@id":"https:\/\/www.infolocale.fr\/blog\/infolocale-devient-partenaire-officiel-de-la-fondation-recherche-alzheimer\/#primaryimage"},"thumbnailUrl":"https:\/\/www.infolocale.fr\/blog\/wp-content\/uploads\/2024\/01\/Fondation-Alzheimer.jpg","datePublished":"2024-01-26T10:38:03+00:00","dateModified":"2024-01-26T10:38:04+00:00","description":"Infolocale s'associe \u00e0 la Fondation Recherche Alzheimer pour l'accompagner dans ses actions locales et am\u00e9liorer localement sa visibilit\u00e9","breadcrumb":{"@id":"https:\/\/www.infolocale.fr\/blog\/infolocale-devient-partenaire-officiel-de-la-fondation-recherche-alzheimer\/#breadcrumb"},"inLanguage":"fr-FR","potentialAction":[{"@type":"ReadAction","target":["https:\/\/www.infolocale.fr\/blog\/infolocale-devient-partenaire-officiel-de-la-fondation-recherche-alzheimer\/"]}]},{"@type":"ImageObject","inLanguage":"fr-FR","@id":"https:\/\/www.infolocale.fr\/blog\/infolocale-devient-partenaire-officiel-de-la-fondation-recherche-alzheimer\/#primaryimage","url":"https:\/\/www.infolocale.fr\/blog\/wp-content\/uploads\/2024\/01\/Fondation-Alzheimer.jpg","contentUrl":"https:\/\/www.infolocale.fr\/blog\/wp-content\/uploads\/2024\/01\/Fondation-Alzheimer.jpg","width":900,"height":630,"caption":"Fondation Alzheimer"},{"@type":"BreadcrumbList","@id":"https:\/\/www.infolocale.fr\/blog\/infolocale-devient-partenaire-officiel-de-la-fondation-recherche-alzheimer\/#breadcrumb","itemListElement":[{"@type":"ListItem","position":1,"name":"Blog","item":"https:\/\/infolocale.ouest-france.fr\/blog\/"},{"@type":"ListItem","position":2,"name":"En ce moment","item":"https:\/\/infolocale.20minutes.fr\/blog\/cat\/actu-acteurs-locaux\/"},{"@type":"ListItem","position":3,"name":"Infolocale devient partenaire officiel de la Fondation Recherche Alzheimer"}]},{"@type":"WebSite","@id":"https:\/\/www.infolocale.fr\/blog\/#website","url":"https:\/\/www.infolocale.fr\/blog\/","name":"","description":"","publisher":{"@id":"https:\/\/www.infolocale.fr\/blog\/#organization"},"potentialAction":[{"@type":"SearchAction","target":{"@type":"EntryPoint","urlTemplate":"https:\/\/www.infolocale.fr\/blog\/?s={search_term_string}"},"query-input":"required name=search_term_string"}],"inLanguage":"fr-FR"},{"@type":"Organization","@id":"https:\/\/www.infolocale.fr\/blog\/#organization","name":"Infolocale","url":"https:\/\/www.infolocale.fr\/blog\/","logo":{"@type":"ImageObject","inLanguage":"fr-FR","@id":"https:\/\/www.infolocale.fr\/blog\/#\/schema\/logo\/image\/","url":"https:\/\/www.infolocale.fr\/blog\/wp-content\/uploads\/2020\/11\/logol.jpg","contentUrl":"https:\/\/www.infolocale.fr\/blog\/wp-content\/uploads\/2020\/11\/logol.jpg","width":1031,"height":398,"caption":"Infolocale"},"image":{"@id":"https:\/\/www.infolocale.fr\/blog\/#\/schema\/logo\/image\/"},"sameAs":["https:\/\/www.facebook.com\/infolocaleFR\/","https:\/\/x.com\/infolocale","https:\/\/www.instagram.com\/infolocale\/","https:\/\/fr.linkedin.com\/company\/infolocale","https:\/\/www.youtube.com\/channel\/UCnv4FA8EYEuu_si3TGr7xeA"]},{"@type":"Person","@id":"https:\/\/www.infolocale.fr\/blog\/#\/schema\/person\/c5cc5fad565589d405681286186ea176","name":"Thelma","image":{"@type":"ImageObject","inLanguage":"fr-FR","@id":"https:\/\/www.infolocale.fr\/blog\/#\/schema\/person\/image\/","url":"https:\/\/secure.gravatar.com\/avatar\/49bf3755816c87e89e817e3b81797a7f?s=96&d=mm&r=g","contentUrl":"https:\/\/secure.gravatar.com\/avatar\/49bf3755816c87e89e817e3b81797a7f?s=96&d=mm&r=g","caption":"Thelma"},"url":"https:\/\/www.infolocale.fr\/blog\/author\/thelma-rousseauouest-france-fr\/"}]}},"_links":{"self":[{"href":"https:\/\/www.infolocale.fr\/blog\/wp-json\/wp\/v2\/posts\/25133"}],"collection":[{"href":"https:\/\/www.infolocale.fr\/blog\/wp-json\/wp\/v2\/posts"}],"about":[{"href":"https:\/\/www.infolocale.fr\/blog\/wp-json\/wp\/v2\/types\/post"}],"author":[{"embeddable":true,"href":"https:\/\/www.infolocale.fr\/blog\/wp-json\/wp\/v2\/users\/19"}],"replies":[{"embeddable":true,"href":"https:\/\/www.infolocale.fr\/blog\/wp-json\/wp\/v2\/comments?post=25133"}],"version-history":[{"count":0,"href":"https:\/\/www.infolocale.fr\/blog\/wp-json\/wp\/v2\/posts\/25133\/revisions"}],"wp:featuredmedia":[{"embeddable":true,"href":"https:\/\/www.infolocale.fr\/blog\/wp-json\/wp\/v2\/media\/25135"}],"wp:attachment":[{"href":"https:\/\/www.infolocale.fr\/blog\/wp-json\/wp\/v2\/media?parent=25133"}],"wp:term":[{"taxonomy":"category","embeddable":true,"href":"https:\/\/www.infolocale.fr\/blog\/wp-json\/wp\/v2\/categories?post=25133"},{"taxonomy":"post_tag","embeddable":true,"href":"https:\/\/www.infolocale.fr\/blog\/wp-json\/wp\/v2\/tags?post=25133"}],"curies":[{"name":"wp","href":"https:\/\/api.w.org\/{rel}","templated":true}]}}