{"id":23923,"date":"2023-10-13T10:12:31","date_gmt":"2023-10-13T08:12:31","guid":{"rendered":"https:\/\/www.infolocale.fr\/blog\/?p=23923"},"modified":"2025-01-30T10:24:48","modified_gmt":"2025-01-30T09:24:48","slug":"le-prix-de-la-democratie-2025","status":"publish","type":"post","link":"https:\/\/www.infolocale.fr\/blog\/le-prix-de-la-democratie-2025\/","title":{"rendered":"Le Prix de la d\u00e9mocratie 2025 : comment candidater ?"},"content":{"rendered":"\t\t<div data-elementor-type=\"wp-post\" data-elementor-id=\"23923\" class=\"elementor elementor-23923\" data-elementor-post-type=\"post\">\n\t\t\t\t\t\t<section class=\"elementor-section elementor-top-section elementor-element elementor-element-15d48ad4 elementor-section-boxed elementor-section-height-default elementor-section-height-default\" data-id=\"15d48ad4\" data-element_type=\"section\">\n\t\t\t\t\t\t<div class=\"elementor-container elementor-column-gap-default\">\n\t\t\t\t\t<div class=\"elementor-column elementor-col-100 elementor-top-column elementor-element elementor-element-3c4f87b1\" data-id=\"3c4f87b1\" data-element_type=\"column\">\n\t\t\t<div class=\"elementor-widget-wrap elementor-element-populated\">\n\t\t\t\t\t\t<div class=\"elementor-element elementor-element-3821fc95 elementor-widget elementor-widget-text-editor\" data-id=\"3821fc95\" data-element_type=\"widget\" data-widget_type=\"text-editor.default\">\n\t\t\t\t<div class=\"elementor-widget-container\">\n\t\t\t\t\t\t\t<p><!-- wp:paragraph {\"backgroundColor\":\"pale-cyan-blue\",\"textColor\":\"black\"} --><\/p>\n<p class=\"has-black-color has-pale-cyan-blue-background-color has-text-color has-background\">Ce prix r\u00e9compense des actions mises en place par des associations, clubs de sports, \u00e9lus locaux ou simples citoyens. <strong>L\u2019\u00e9dition 2025 r\u00e9compensera 3 actions innovantes en faveur de la d\u00e9mocratie<\/strong> dans les domaines du plein exercice de la citoyennet\u00e9, de l\u2019\u00e9change et le dialogue pluraliste, la justice et la libert\u00e9, la solidarit\u00e9, la construction de la paix, l\u2019\u00e9ducation \u00e0 l\u2019information. <strong>Trois prix seront officiellement d\u00e9sign\u00e9s lors de la c\u00e9r\u00e9monie de remise des prix le 12 juin 2025 : le Grand Prix de la d\u00e9mocratie, le Prix de la d\u00e9mocratie locale et le prix jeunesse de la d\u00e9mocratie<\/strong> (pour les moins de 25 ans). <strong>Les vainqueurs recevront une forte exposition r\u00e9dactionnelle par les m\u00e9dias partenaires pour mettre en avant leurs initiatives, ch\u00e8que d\u2019un montant de 5 000 euros<\/strong> ainsi qu&rsquo;une <strong>c\u00e9r\u00e9monie de remise des prix dans les locaux du Cese \u00e0 Paris<\/strong>.<\/p>\n<p><!-- \/wp:paragraph --><\/p>\n<p><!-- wp:block {\"ref\":14240} \/--><\/p>\n<p><!-- wp:paragraph --><\/p>\n<p><!-- \/wp:paragraph --><\/p>\n<p><!-- wp:heading --><\/p>\n<h2 class=\"wp-block-heading\">C&rsquo;est quoi le Prix de la d\u00e9mocratie ?<\/h2>\n<p><!-- \/wp:heading --><\/p>\n<p><!-- wp:paragraph --><\/p>\n<p>Le prix de la d\u00e9mocratie souhaite mettre en valeur les&nbsp;\u201cartisans de la d\u00e9mocratie\u201d c\u2019est-\u00e0-dire les associations, clubs sportifs, \u00e9lus locaux et citoyens qui de par leurs actions contribuent \u00e0 :&nbsp;<\/p>\n<p><!-- \/wp:paragraph --><\/p>\n<p><!-- wp:list --><\/p>\n<ul class=\"wp-block-list\"><!-- wp:list-item --><p><\/p>\n<li>La d\u00e9fense et la transmission de valeurs humanistes et citoyennes,<\/li>\n<p><!-- \/wp:list-item --><\/p>\n<p><!-- wp:list-item --><\/p>\n<li>Le plein exercice de la citoyennet\u00e9 et des libert\u00e9s fondamentales.<\/li>\n<p><!-- \/wp:list-item --><\/p><\/ul>\n<p><!-- \/wp:list --><\/p>\n<p><!-- wp:paragraph --><\/p>\n<p>Cr\u00e9\u00e9 en 2015 par l\u2019Institut Marc Sangnier, le Prix de la D\u00e9mocratie est aujourd\u2019hui organis\u00e9 par l\u2019Association pour le Soutien des Principes de la D\u00e9mocratie Humaniste (ASPDH), deux structures qui partagent la m\u00eame ambition et les m\u00eames valeurs humanistes et sociales.<\/p>\n<p><!-- \/wp:paragraph --><\/p>\n<p><!-- wp:heading --><\/p>\n<h2 class=\"wp-block-heading\">Quels sont les objectifs du Prix de la d\u00e9mocratie ?<\/h2>\n<p><!-- \/wp:heading --><\/p>\n<p><!-- wp:paragraph --><\/p>\n<p>Le Prix de la d\u00e9mocratie souhaite mettre en lumi\u00e8re les actions fid\u00e8les aux valeurs de la charte de l\u2019Association pour le Soutien des Principales de la D\u00e9mocratie Humaniste (ASPDH) : \u00ab \u00c9clairer, informer, relier les citoyens, pour faire progresser, le Bien Commun dans le respect et la dignit\u00e9 de chacun. \u00bb<\/p>\n<p><!-- \/wp:paragraph --><\/p>\n<p><!-- wp:paragraph --><\/p>\n<p>Le prix souhaite ainsi c\u00e9l\u00e9brer les multiples initiatives fleurissant sur nos territoires et mettre en avant :&nbsp; <\/p>\n<p><!-- \/wp:paragraph --><\/p>\n<p><!-- wp:list --><\/p>\n<ul class=\"wp-block-list\"><!-- wp:list-item --><p><\/p>\n<li>Le plein exercice de la citoyennet\u00e9,<\/li>\n<p><!-- \/wp:list-item --><\/p>\n<p><!-- wp:list-item --><\/p>\n<li>L\u2019\u00e9change et le dialogue pluraliste,<\/li>\n<p><!-- \/wp:list-item --><\/p>\n<p><!-- wp:list-item --><\/p>\n<li>La justice et la libert\u00e9,<\/li>\n<p><!-- \/wp:list-item --><\/p>\n<p><!-- wp:list-item --><\/p>\n<li>La solidarit\u00e9,<\/li>\n<p><!-- \/wp:list-item --><\/p>\n<p><!-- wp:list-item --><\/p>\n<li>La construction de la paix,<\/li>\n<p><!-- \/wp:list-item --><\/p>\n<p><!-- wp:list-item --><\/p>\n<li>La libert\u00e9 de la presse.<\/li>\n<p><!-- \/wp:list-item --><\/p><\/ul>\n<p><!-- \/wp:list --><\/p>\n<p><!-- wp:heading --><\/p>\n<h2 class=\"wp-block-heading\">Trois prix seront d\u00e9cern\u00e9s pour cette \u00e9dition 2025<\/h2>\n<p><!-- \/wp:heading --><\/p>\n<p><!-- wp:paragraph --><\/p>\n<p>L\u2019\u00e9dition 2025 du Prix de la d\u00e9mocratie d\u00e9cernera 3 prix :&nbsp;<\/p>\n<p><!-- \/wp:paragraph --><\/p>\n<p><!-- wp:list --><\/p>\n<ul class=\"wp-block-list\"><!-- wp:list-item --><p><\/p>\n<li><strong>Le Grand Prix de la d\u00e9mocratie<\/strong> (op\u00e9rations d&rsquo;envergure g\u00e9n\u00e9rale ou nationale),<\/li>\n<p><!-- \/wp:list-item --><\/p>\n<p><!-- wp:list-item --><\/p>\n<li><strong>Le Prix \u00ab\u00a0d\u00e9mocratie locale\u00a0\u00bb <\/strong>(op\u00e9rations d&rsquo;envergure locale ou r\u00e9gionale), avec l&rsquo;Association des Maires de France.<\/li>\n<p><!-- \/wp:list-item --><\/p>\n<p><!-- wp:list-item --><\/p>\n<li><strong>Le Prix \u00ab\u00a0jeunesse\u00a0\u00bb<\/strong> (les candidats sont \u00e2g\u00e9s de moins de 25 ans et sont les pilotes principaux de l&rsquo;op\u00e9ration), avec la Fondation de France.<\/li>\n<p><!-- \/wp:list-item --><\/p><\/ul>\n<p><!-- \/wp:list --><\/p>\n<p><!-- wp:paragraph --><\/p>\n<p>Chacun des 3 vainqueurs a le privil\u00e8ge de b\u00e9n\u00e9ficier d\u2019une<strong> large exposition r\u00e9dactionnelle par les m\u00e9dias partenaires pour mettre en avant leurs initiatives,<\/strong> d&rsquo;un<strong> ch\u00e8que d\u2019un montant de 5 000 euros<\/strong> ainsi que d&rsquo;une <strong>c\u00e9r\u00e9monie de remise des prix dans les locaux du CESE \u00e0 Paris<\/strong>.<\/p>\n<p><!-- \/wp:paragraph --><\/p>\n<p><!-- wp:paragraph --><\/p>\n<p>Les prix seront d\u00e9cern\u00e9s par le Grand Jury :<\/p>\n<p><!-- \/wp:paragraph --><\/p>\n<p><!-- wp:list --><\/p>\n<ul class=\"wp-block-list\"><!-- wp:list-item --><p><\/p>\n<li><strong>David Guiraud<\/strong>, Pr\u00e9sident du jury, pr\u00e9sident de l\u2019ASPDH<\/li>\n<p><!-- \/wp:list-item --><\/p>\n<p><!-- wp:list-item --><\/p>\n<li><strong>Axelle Davezac<\/strong>, Directrice g\u00e9n\u00e9rale de la Fondation de France<\/li>\n<p><!-- \/wp:list-item --><\/p>\n<p><!-- wp:list-item --><\/p>\n<li><strong>Dorian Dreuil<\/strong>, Co-pr\u00e9sident de l\u2019ONG \u00abA vot\u00e9\u00bb, laur\u00e9at 2024 du Grand Prix de la d\u00e9mocratie<\/li>\n<p><!-- \/wp:list-item --><\/p>\n<p><!-- wp:list-item --><\/p>\n<li><strong>Marie-Claire Martel<\/strong>, Vice-pr\u00e9sidente du Conseil \u00e9conomique, social et environnemental<\/li>\n<p><!-- \/wp:list-item --><\/p>\n<p><!-- wp:list-item --><\/p>\n<li><strong>Guillaume Cazcarra<\/strong>, Pr\u00e9sident de Hexacup, laur\u00e9at 2024 du Prix Jeunesse de la d\u00e9mocratie<\/li>\n<p><!-- \/wp:list-item --><\/p>\n<p><!-- wp:list-item --><\/p>\n<li><strong>Olivier Corzani<\/strong>, Maire de Fleury-Merogis, laur\u00e9at 2024 du Prix de la d\u00e9mocratie locale<\/li>\n<p><!-- \/wp:list-item --><\/p>\n<p><!-- wp:list-item --><\/p>\n<li><strong>Murielle Fabre<\/strong>, Secr\u00e9taire g\u00e9n\u00e9rale de l\u2019AMF, maire de Lampertheim<\/li>\n<p><!-- \/wp:list-item --><\/p>\n<p><!-- wp:list-item --><\/p>\n<li><strong>Armel Le Coz<\/strong>, Fondateur de l\u2019association \u00abD\u00e9mocratie ouverte\u00bb<\/li>\n<p><!-- \/wp:list-item --><\/p>\n<p><!-- wp:list-item --><\/p>\n<li><strong>Anne Charpy<\/strong>, Fondatrice de l\u2019association VoisinMalin<\/li>\n<p><!-- \/wp:list-item --><\/p>\n<p><!-- wp:list-item --><\/p>\n<li><strong>Jean Brousse<\/strong>, \u00c9conomiste, \u00e9diteur, administrateur des rencontres \u00e9conomiques d\u2019Aix<\/li>\n<p><!-- \/wp:list-item --><\/p>\n<p><!-- wp:list-item --><\/p>\n<li><strong>Elsa da Costa<\/strong>, Directrice g\u00e9n\u00e9rale d\u2019Ashoka France, membre de l\u2019ASPDH<\/li>\n<p><!-- \/wp:list-item --><\/p>\n<p><!-- wp:list-item --><\/p>\n<li><strong>Dominique Quinio<\/strong>, Vice-pr\u00e9sidente de l\u2019ASPDH, membre du Comit\u00e9 consultatif national d\u2019\u00e9thique<\/li>\n<p><!-- \/wp:list-item --><\/p><\/ul>\n<p><!-- \/wp:list --><\/p>\n<p><!-- wp:heading --><\/p>\n<h2 class=\"wp-block-heading\">Comment candidater au Prix de la d\u00e9mocratie ?<\/h2>\n<p><!-- \/wp:heading --><\/p>\n<p><!-- wp:paragraph --><\/p>\n<p>Vous \u00eates une association, un club de sport, une collectivit\u00e9 territoriale ou un citoyen contribuant \u00e0 la d\u00e9fense et \u00e0 la transmission des valeurs humanistes ?&nbsp;<\/p>\n<p><!-- \/wp:paragraph --><\/p>\n<p><!-- wp:paragraph --><\/p>\n<p><strong>Les candidatures sont ferm\u00e9es depuis le 31&nbsp;janvier 2025<\/strong>.<\/p>\n<p><!-- \/wp:paragraph --><\/p>\n<p><!-- wp:paragraph --><\/p>\n<p>Pour candidater au Prix de la d\u00e9mocratie, <strong>il vous suffit de remplir votre dossier de candidature <\/strong>en cliquant ci-dessous :&nbsp;<\/p>\n<p><!-- \/wp:paragraph --><\/p>\n<p><!-- wp:buttons {\"layout\":{\"type\":\"flex\",\"justifyContent\":\"center\"}} --><\/p>\n<div class=\"wp-block-buttons\"><p><!-- wp:button {\"textAlign\":\"center\",\"backgroundColor\":\"luminous-vivid-amber\",\"className\":\"is-style-fill\"} --><\/p>\n<div class=\"wp-block-button is-style-fill\"><a class=\"wp-block-button__link has-luminous-vivid-amber-background-color has-background has-text-align-center wp-element-button\" href=\"https:\/\/www.prixdelademocratie.org\/candidature\/\">Je candidate<\/a><\/div>\n<p><!-- \/wp:button --><\/p><\/div>\n<p><!-- \/wp:buttons --><\/p>\n<p><!-- wp:paragraph --><\/p>\n<p><!-- \/wp:paragraph --><\/p>\n<p><!-- wp:paragraph --><\/p>\n<p>Pour appuyer votre candidature, nous vous invitons \u00e0 joindre tout document susceptible d\u2019apporter une valeur ajout\u00e9e \u00e0 votre dossier.&nbsp;&nbsp;<\/p>\n<p><!-- \/wp:paragraph --><\/p>\n<p><!-- wp:paragraph --><\/p>\n<p>Une fois votre dossier soumis avant le 31&nbsp;janvier 2025, les mois suivants seront rythm\u00e9s par la s\u00e9lection, les auditions et la d\u00e9lib\u00e9ration du grand jury avant la remise des prix qui se d\u00e9roule au mois de juin 2025.&nbsp;<\/p>\n<p><!-- \/wp:paragraph --><\/p>\n<p><!-- wp:list --><\/p>\n<ul class=\"wp-block-list\"><!-- wp:list-item --><p><\/p>\n<li>Octobre 2024 : ouverture de l\u2019appel \u00e0 candidatures<\/li>\n<p><!-- \/wp:list-item --><\/p>\n<p><!-- wp:list-item --><\/p>\n<li>1er f\u00e9vrier 2025&nbsp;: cl\u00f4ture des candidatures<\/li>\n<p><!-- \/wp:list-item --><\/p>\n<p><!-- wp:list-item --><\/p>\n<li>F\u00e9vrier-Mai 2025&nbsp;: s\u00e9lection des finalistes<\/li>\n<p><!-- \/wp:list-item --><\/p>\n<p><!-- wp:list-item --><\/p>\n<li>20 mai 2025&nbsp;: d\u00e9lib\u00e9ration du Grand Jury<\/li>\n<p><!-- \/wp:list-item --><\/p>\n<p><!-- wp:list-item --><\/p>\n<li>12 juin 2025&nbsp;: remise des prix<\/li>\n<p><!-- \/wp:list-item --><\/p><\/ul>\n<p><!-- \/wp:list --><\/p>\n<p><!-- wp:block {\"ref\":15648} \/--><\/p>\n<p><!-- wp:paragraph --><\/p>\n<p><!-- \/wp:paragraph --><\/p>\n<p><!-- wp:heading --><\/p>\n<h2 class=\"wp-block-heading\">Les partenaires<\/h2>\n<p><!-- \/wp:heading --><\/p>\n<p><!-- wp:image {\"id\":23927,\"width\":\"131px\",\"height\":\"72px\",\"sizeSlug\":\"full\",\"linkDestination\":\"none\"} --><\/p>\n<figure class=\"wp-block-image size-full is-resized\"><img decoding=\"async\" width=\"160\" height=\"88\" src=\"https:\/\/www.infolocale.fr\/blog\/wp-content\/uploads\/2023\/10\/Capture-decran-2023-10-06-105339.png\" alt=\"\" class=\"wp-image-23927\" style=\"width:131px;height:72px\"><\/figure>\n<p><!-- \/wp:image --><\/p>\n<p><!-- wp:image {\"id\":26797,\"width\":\"123px\",\"height\":\"auto\",\"sizeSlug\":\"full\",\"linkDestination\":\"none\",\"align\":\"left\",\"className\":\"is-resized\"} --><\/p>\n<figure class=\"wp-block-image alignleft size-full is-resized\"><img fetchpriority=\"high\" decoding=\"async\" width=\"253\" height=\"378\" src=\"https:\/\/www.infolocale.fr\/blog\/wp-content\/uploads\/2023\/10\/Murielle_Fabre_AMF_Infolocale_Prix_democratie.png\" alt=\"\" class=\"wp-image-26797\" style=\"width:123px;height:auto\" srcset=\"https:\/\/www.infolocale.fr\/blog\/wp-content\/uploads\/2023\/10\/Murielle_Fabre_AMF_Infolocale_Prix_democratie.png 253w, https:\/\/www.infolocale.fr\/blog\/wp-content\/uploads\/2023\/10\/Murielle_Fabre_AMF_Infolocale_Prix_democratie-201x300.png 201w\" sizes=\"(max-width: 253px) 100vw, 253px\" \/><\/figure>\n<p><!-- \/wp:image --><\/p>\n<p><!-- wp:paragraph --><\/p>\n<p><strong>Murielle Fabre, Secr\u00e9taire g\u00e9n\u00e9rale de l\u2019AMF<\/strong><\/p>\n<p><!-- \/wp:paragraph --><\/p>\n<p><!-- wp:paragraph {\"align\":\"left\"} --><\/p>\n<p class=\"has-text-align-left\">\u00ab&nbsp;Les communes font fonctionner les services publics du quotidien, portent des projets concrets qui am\u00e9liorent le cadre de vie des habitants, donnent un sens \u00e0 l\u2019action publique, et font vivre notre d\u00e9mocratie \u00e0 l\u2019\u00e9chelle locale. Elles sont aussi des lieux d\u2019apprentissage de la d\u00e9mocratie, l\u2019AMF est leur \u00ab\u00a0maison commune\u00a0\u00bb. C\u2019est donc tout naturellement que notre Association est partenaire du prix de la d\u00e9mocratie locale. Les communes, gr\u00e2ce aux \u00e9lus, agents et associations, sont des p\u00f4les de stabilit\u00e9 dans un pays fragment\u00e9. L\u2019AMF a d\u2019ailleurs choisi d\u2019intituler son prochain Congr\u00e8s, \u00ab\u00a0La commune, heureusement&nbsp;!\u00a0\u00bb. Oui, heureusement que la France dispose de ce creuset r\u00e9publicain alors que la violence semble prendre le pas sur le d\u00e9bat apais\u00e9 et constructif ; heureusement que notre pays b\u00e9n\u00e9ficie de ce socle d\u2019innovation et de performance publique, face \u00e0 un Etat souvent paralys\u00e9, pour relever les d\u00e9fis de la transition \u00e9cologique, sauvegarder et renforcer la coh\u00e9sion sociale ; heureusement que notre R\u00e9publique peut s\u2019appuyer sur des centaines de milliers d\u2019\u00e9lus locaux d\u00e9vou\u00e9s \u00e0 la chose publique et \u00e0 leurs concitoyens. \u00ab\u00a0C\u2019est dans la commune que r\u00e9side la force des peuples libres\u00a0\u00bb, \u00e9crivait Alexis de Tocqueville.<\/p>\n<p><!-- \/wp:paragraph --><\/p>\n<p><!-- wp:paragraph {\"align\":\"left\"} --><\/p>\n<p class=\"has-text-align-left\">Pour faire vivre les libert\u00e9s locales au service des citoyens, il faut encourager les vocations et conforter l\u2019engagement des \u00e9lus locaux. C\u2019est un enjeu civique majeur. Pour faire vivre la d\u00e9mocratie demain.&nbsp;\u00bb<\/p>\n<p><!-- \/wp:paragraph --><\/p>\n<p><!-- wp:image {\"id\":26800,\"width\":\"87px\",\"height\":\"auto\",\"sizeSlug\":\"full\",\"linkDestination\":\"none\"} --><\/p>\n<figure class=\"wp-block-image size-full is-resized\"><img decoding=\"async\" width=\"290\" height=\"366\" src=\"https:\/\/www.infolocale.fr\/blog\/wp-content\/uploads\/2023\/10\/66fa1113abae844ced5ee2ade262095f-fondation-de-france-logo.avif\" alt=\"\" class=\"wp-image-26800\" style=\"width:87px;height:auto\"><\/figure>\n<p><!-- \/wp:image --><\/p>\n<p><!-- wp:image {\"id\":26804,\"width\":\"114px\",\"height\":\"auto\",\"aspectRatio\":\"0.8582677165354331\",\"sizeSlug\":\"full\",\"linkDestination\":\"none\",\"align\":\"left\"} --><\/p>\n<figure class=\"wp-block-image alignleft size-full is-resized\"><img loading=\"lazy\" decoding=\"async\" width=\"1968\" height=\"2548\" src=\"https:\/\/www.infolocale.fr\/blog\/wp-content\/uploads\/2023\/10\/5c9c7b934871dc0dfb76820c893cdc6d-axelle-davezac-1.avif\" alt=\"\" class=\"wp-image-26804\" style=\"aspect-ratio:0.8582677165354331;width:114px;height:auto\"><\/figure>\n<p><!-- \/wp:image --><\/p>\n<p><!-- wp:paragraph --><\/p>\n<p><strong>Axelle Davezac, Directrice g\u00e9n\u00e9rale de la Fondation de France<\/strong><\/p>\n<p><!-- \/wp:paragraph --><\/p>\n<p><!-- wp:paragraph --><\/p>\n<p>\u00ab&nbsp;La Fondation de France est mobilis\u00e9e depuis de nombreuses ann\u00e9es en faveur des jeunes pour les accompagner \u00e0 devenir des citoyens \u00e9clair\u00e9s, \u00e9panouis et capables de s\u2019engager pour construire un monde plus apais\u00e9, solidaire et durable. Un tiers des actions soutenues par la Fondation de France et les fondations qu\u2019elle abrite concerne les jeunes : donner \u00e0 chacun plus de chances de r\u00e9ussir, d\u00e9velopper l\u2019envie de participer \u00e0 la vie de la cit\u00e9, renforcer le pouvoir d\u2019agir de la jeunesse\u2026 Dans un monde en pleine mutation et de plus en plus complexe, il est plus que jamais n\u00e9cessaire de cr\u00e9er des espaces de dialogue pour favoriser l\u2019expression de toutes les voix. Convaincues de la n\u00e9cessit\u00e9 de contribuer \u00e0 d\u00e9fendre la d\u00e9mocratie, la Fondation de France et l\u2019ASPDH partagent une confiance profonde dans cette jeunesse dynamique et cr\u00e9ative. Nous sommes fiers de voir tant de jeunes s\u2019engager avec passion et d\u00e9termination : leur \u00e9nergie et leur volont\u00e9 d\u2019agir au service de l\u2019int\u00e9r\u00eat g\u00e9n\u00e9ral sont une source d&rsquo;inspiration et d\u2019espoir.<\/p>\n<p><!-- \/wp:paragraph --><\/p>\n<p><!-- wp:paragraph --><\/p>\n<p>C\u2019est donc avec enthousiasme que la Fondation de France soutient le Prix de la d\u00e9mocratie Jeunesse 2025. Ce prix donnera aux laur\u00e9ats l&rsquo;opportunit\u00e9 de faire entendre leur voix et de porter leurs id\u00e9es pour construire le monde de demain.&nbsp;\u00bb<\/p>\n<p><!-- \/wp:paragraph --><\/p>\n<p><!-- wp:image {\"id\":26802,\"width\":\"87px\",\"height\":\"auto\",\"sizeSlug\":\"full\",\"linkDestination\":\"none\"} --><\/p>\n<figure class=\"wp-block-image size-full is-resized\"><img decoding=\"async\" src=\"https:\/\/www.infolocale.fr\/blog\/wp-content\/uploads\/2023\/10\/6bd886dd80bed5f690c0145b631d6df4-logocese.svg\" alt=\"\" class=\"wp-image-26802\" style=\"width:87px;height:auto\"><\/figure>\n<p><!-- \/wp:image --><\/p>\n<p><!-- wp:image {\"id\":26803,\"width\":\"103px\",\"height\":\"auto\",\"aspectRatio\":\"0.8582677165354331\",\"sizeSlug\":\"full\",\"linkDestination\":\"none\",\"align\":\"left\",\"className\":\"is-style-default\"} --><\/p>\n<figure class=\"wp-block-image alignleft size-full is-resized is-style-default\"><img loading=\"lazy\" decoding=\"async\" width=\"1180\" height=\"1440\" src=\"https:\/\/www.infolocale.fr\/blog\/wp-content\/uploads\/2023\/10\/5ca2491748db9d0972f67bea01300c50-thierry-beaudet.avif\" alt=\"\" class=\"wp-image-26803\" style=\"aspect-ratio:0.8582677165354331;width:103px;height:auto\"><\/figure>\n<p><!-- \/wp:image --><\/p>\n<p><!-- wp:paragraph --><\/p>\n<p><strong>Thierry Beaudet, Pr\u00e9sident du Conseil Economique Social et Environnemental<\/strong><\/p>\n<p><!-- \/wp:paragraph --><\/p>\n<p><!-- wp:paragraph --><\/p>\n<p>\u00ab&nbsp;La d\u00e9mocratie doit \u00eatre une incessante conversation entre les citoyens, les organisations de la soci\u00e9t\u00e9 civile, les pouvoirs publics. Elle doit \u00eatre l\u2019affaire de tous, chaque jour. Elle suppose des contre-pouvoirs, des citoyens inform\u00e9s, la libert\u00e9 de la presse, le respect des droits fondamentaux et des corps interm\u00e9diaires. C\u2019est \u00e0 ces conditions que nous pouvons promouvoir une soci\u00e9t\u00e9 apais\u00e9e, pour d\u00e9passer les tensions qui parcourent notre monde, pour faire reculer les tentations illib\u00e9rales qui se font jour. Le Conseil \u00e9conomique, social et environnemental est la troisi\u00e8me assembl\u00e9e constitutionnelle de la R\u00e9publique, l\u2019assembl\u00e9e de la soci\u00e9t\u00e9 civile organis\u00e9e, des salari\u00e9s, des employeurs et des associations. Notre mission est d\u2019\u00e9clairer le gouvernement et le Parlement dans la construction des politiques publiques, ainsi que d\u2019organiser la participation citoyenne. \u00c0 ce titre, nous sommes tr\u00e8s heureux d\u2019\u00eatre les nouveaux partenaires du Prix de la d\u00e9mocratie. La d\u00e9mocratie doit sans cesse se r\u00e9inventer, et je suis s\u00fbr que ce prix y contribuera&nbsp;!&nbsp;\u00bb<\/p>\n<p><!-- \/wp:paragraph --><\/p>\t\t\t\t\t\t<\/div>\n\t\t\t\t<\/div>\n\t\t\t\t\t<\/div>\n\t\t<\/div>\n\t\t\t\t\t<\/div>\n\t\t<\/section>\n\t\t\t\t<\/div>\n\t\t","protected":false},"excerpt":{"rendered":"<p>Ce prix r\u00e9compense des actions mises en place par des associations, clubs de sports, \u00e9lus locaux ou simples citoyens. L\u2019\u00e9dition 2025 r\u00e9compensera 3 actions innovantes [&hellip;]<\/p>\n","protected":false},"author":18,"featured_media":26812,"comment_status":"open","ping_status":"open","sticky":false,"template":"","format":"standard","meta":{"_coblocks_attr":"","_coblocks_dimensions":"","_coblocks_responsive_height":"","_coblocks_accordion_ie_support":"","_mo_disable_npp":"","footnotes":""},"categories":[6],"tags":[],"class_list":["post-23923","post","type-post","status-publish","format-standard","has-post-thumbnail","hentry","category-actu-acteurs-locaux"],"yoast_head":"<!-- This site is optimized with the Yoast SEO plugin v23.2 - https:\/\/yoast.com\/wordpress\/plugins\/seo\/ -->\n<title>Le Prix de la d\u00e9mocratie 2025 : comment candidater ? |<\/title>\n<meta name=\"description\" content=\"Les inscriptions pour le prix de la d\u00e9mocratie sont ouvertes. Ce prix r\u00e9compense des actions mises en place par des associations...\" \/>\n<meta name=\"robots\" content=\"index, follow, max-snippet:-1, max-image-preview:large, max-video-preview:-1\" \/>\n<link rel=\"canonical\" href=\"https:\/\/infolocale.ouest-france.fr\/blog\/le-prix-de-la-democratie-2025\/\" \/>\n<meta property=\"og:locale\" content=\"fr_FR\" \/>\n<meta property=\"og:type\" content=\"article\" \/>\n<meta property=\"og:title\" content=\"Le Prix de la d\u00e9mocratie 2025 : comment candidater ? |\" \/>\n<meta property=\"og:description\" content=\"Les inscriptions pour le prix de la d\u00e9mocratie sont ouvertes. Ce prix r\u00e9compense des actions mises en place par des associations...\" \/>\n<meta property=\"og:url\" content=\"https:\/\/infolocale.ouest-france.fr\/blog\/le-prix-de-la-democratie-2025\/\" \/>\n<meta property=\"article:publisher\" content=\"https:\/\/www.facebook.com\/infolocaleFR\/\" \/>\n<meta property=\"article:published_time\" content=\"2023-10-13T08:12:31+00:00\" \/>\n<meta property=\"article:modified_time\" content=\"2025-01-30T09:24:48+00:00\" \/>\n<meta property=\"og:image\" content=\"https:\/\/infolocale.ouest-france.fr\/blog\/wp-content\/uploads\/2023\/10\/prix-democratie-2025-infolocale.png\" \/>\n\t<meta property=\"og:image:width\" content=\"901\" \/>\n\t<meta property=\"og:image:height\" content=\"630\" \/>\n\t<meta property=\"og:image:type\" content=\"image\/png\" \/>\n<meta name=\"author\" content=\"Apolline\" \/>\n<meta name=\"twitter:card\" content=\"summary_large_image\" \/>\n<meta name=\"twitter:creator\" content=\"@infolocale\" \/>\n<meta name=\"twitter:site\" content=\"@infolocale\" \/>\n<meta name=\"twitter:label1\" content=\"\u00c9crit par\" \/>\n\t<meta name=\"twitter:data1\" content=\"Apolline\" \/>\n\t<meta name=\"twitter:label2\" content=\"Dur\u00e9e de lecture estim\u00e9e\" \/>\n\t<meta name=\"twitter:data2\" content=\"9 minutes\" \/>\n<script type=\"application\/ld+json\" class=\"yoast-schema-graph\">{\"@context\":\"https:\/\/schema.org\",\"@graph\":[{\"@type\":\"Article\",\"@id\":\"https:\/\/infolocale.ouest-france.fr\/blog\/le-prix-de-la-democratie-2025\/#article\",\"isPartOf\":{\"@id\":\"https:\/\/infolocale.ouest-france.fr\/blog\/le-prix-de-la-democratie-2025\/\"},\"author\":{\"name\":\"Apolline\",\"@id\":\"https:\/\/www.infolocale.fr\/blog\/#\/schema\/person\/7bded64892fd98dc99a702548ebd46e9\"},\"headline\":\"Le Prix de la d\u00e9mocratie 2025 : comment candidater ?\",\"datePublished\":\"2023-10-13T08:12:31+00:00\",\"dateModified\":\"2025-01-30T09:24:48+00:00\",\"mainEntityOfPage\":{\"@id\":\"https:\/\/infolocale.ouest-france.fr\/blog\/le-prix-de-la-democratie-2025\/\"},\"wordCount\":1531,\"commentCount\":2,\"publisher\":{\"@id\":\"https:\/\/www.infolocale.fr\/blog\/#organization\"},\"image\":{\"@id\":\"https:\/\/infolocale.ouest-france.fr\/blog\/le-prix-de-la-democratie-2025\/#primaryimage\"},\"thumbnailUrl\":\"https:\/\/www.infolocale.fr\/blog\/wp-content\/uploads\/2023\/10\/prix-democratie-2025-infolocale.png\",\"articleSection\":[\"En ce moment\"],\"inLanguage\":\"fr-FR\",\"potentialAction\":[{\"@type\":\"CommentAction\",\"name\":\"Comment\",\"target\":[\"https:\/\/infolocale.ouest-france.fr\/blog\/le-prix-de-la-democratie-2025\/#respond\"]}]},{\"@type\":\"WebPage\",\"@id\":\"https:\/\/infolocale.ouest-france.fr\/blog\/le-prix-de-la-democratie-2025\/\",\"url\":\"https:\/\/infolocale.ouest-france.fr\/blog\/le-prix-de-la-democratie-2025\/\",\"name\":\"Le Prix de la d\u00e9mocratie 2025 : comment candidater ? |\",\"isPartOf\":{\"@id\":\"https:\/\/www.infolocale.fr\/blog\/#website\"},\"primaryImageOfPage\":{\"@id\":\"https:\/\/infolocale.ouest-france.fr\/blog\/le-prix-de-la-democratie-2025\/#primaryimage\"},\"image\":{\"@id\":\"https:\/\/infolocale.ouest-france.fr\/blog\/le-prix-de-la-democratie-2025\/#primaryimage\"},\"thumbnailUrl\":\"https:\/\/www.infolocale.fr\/blog\/wp-content\/uploads\/2023\/10\/prix-democratie-2025-infolocale.png\",\"datePublished\":\"2023-10-13T08:12:31+00:00\",\"dateModified\":\"2025-01-30T09:24:48+00:00\",\"description\":\"Les inscriptions pour le prix de la d\u00e9mocratie sont ouvertes. Ce prix r\u00e9compense des actions mises en place par des associations...\",\"breadcrumb\":{\"@id\":\"https:\/\/infolocale.ouest-france.fr\/blog\/le-prix-de-la-democratie-2025\/#breadcrumb\"},\"inLanguage\":\"fr-FR\",\"potentialAction\":[{\"@type\":\"ReadAction\",\"target\":[\"https:\/\/infolocale.ouest-france.fr\/blog\/le-prix-de-la-democratie-2025\/\"]}]},{\"@type\":\"ImageObject\",\"inLanguage\":\"fr-FR\",\"@id\":\"https:\/\/infolocale.ouest-france.fr\/blog\/le-prix-de-la-democratie-2025\/#primaryimage\",\"url\":\"https:\/\/www.infolocale.fr\/blog\/wp-content\/uploads\/2023\/10\/prix-democratie-2025-infolocale.png\",\"contentUrl\":\"https:\/\/www.infolocale.fr\/blog\/wp-content\/uploads\/2023\/10\/prix-democratie-2025-infolocale.png\",\"width\":901,\"height\":630},{\"@type\":\"BreadcrumbList\",\"@id\":\"https:\/\/infolocale.ouest-france.fr\/blog\/le-prix-de-la-democratie-2025\/#breadcrumb\",\"itemListElement\":[{\"@type\":\"ListItem\",\"position\":1,\"name\":\"Blog\",\"item\":\"https:\/\/infolocale.ouest-france.fr\/blog\/\"},{\"@type\":\"ListItem\",\"position\":2,\"name\":\"En ce moment\",\"item\":\"https:\/\/infolocale.20minutes.fr\/blog\/cat\/actu-acteurs-locaux\/\"},{\"@type\":\"ListItem\",\"position\":3,\"name\":\"Le Prix de la d\u00e9mocratie 2025 : comment candidater ?\"}]},{\"@type\":\"WebSite\",\"@id\":\"https:\/\/www.infolocale.fr\/blog\/#website\",\"url\":\"https:\/\/www.infolocale.fr\/blog\/\",\"name\":\"\",\"description\":\"\",\"publisher\":{\"@id\":\"https:\/\/www.infolocale.fr\/blog\/#organization\"},\"potentialAction\":[{\"@type\":\"SearchAction\",\"target\":{\"@type\":\"EntryPoint\",\"urlTemplate\":\"https:\/\/www.infolocale.fr\/blog\/?s={search_term_string}\"},\"query-input\":\"required name=search_term_string\"}],\"inLanguage\":\"fr-FR\"},{\"@type\":\"Organization\",\"@id\":\"https:\/\/www.infolocale.fr\/blog\/#organization\",\"name\":\"Infolocale\",\"url\":\"https:\/\/www.infolocale.fr\/blog\/\",\"logo\":{\"@type\":\"ImageObject\",\"inLanguage\":\"fr-FR\",\"@id\":\"https:\/\/www.infolocale.fr\/blog\/#\/schema\/logo\/image\/\",\"url\":\"https:\/\/www.infolocale.fr\/blog\/wp-content\/uploads\/2020\/11\/logol.jpg\",\"contentUrl\":\"https:\/\/www.infolocale.fr\/blog\/wp-content\/uploads\/2020\/11\/logol.jpg\",\"width\":1031,\"height\":398,\"caption\":\"Infolocale\"},\"image\":{\"@id\":\"https:\/\/www.infolocale.fr\/blog\/#\/schema\/logo\/image\/\"},\"sameAs\":[\"https:\/\/www.facebook.com\/infolocaleFR\/\",\"https:\/\/x.com\/infolocale\",\"https:\/\/www.instagram.com\/infolocale\/\",\"https:\/\/fr.linkedin.com\/company\/infolocale\",\"https:\/\/www.youtube.com\/channel\/UCnv4FA8EYEuu_si3TGr7xeA\"]},{\"@type\":\"Person\",\"@id\":\"https:\/\/www.infolocale.fr\/blog\/#\/schema\/person\/7bded64892fd98dc99a702548ebd46e9\",\"name\":\"Apolline\",\"image\":{\"@type\":\"ImageObject\",\"inLanguage\":\"fr-FR\",\"@id\":\"https:\/\/www.infolocale.fr\/blog\/#\/schema\/person\/image\/\",\"url\":\"https:\/\/secure.gravatar.com\/avatar\/4db2b8fd84d570b4d77ca8e7324e4d03?s=96&d=mm&r=g\",\"contentUrl\":\"https:\/\/secure.gravatar.com\/avatar\/4db2b8fd84d570b4d77ca8e7324e4d03?s=96&d=mm&r=g\",\"caption\":\"Apolline\"},\"url\":\"https:\/\/www.infolocale.fr\/blog\/author\/morgan-delepineouest-france-fr\/\"}]}<\/script>\n<!-- \/ Yoast SEO plugin. -->","yoast_head_json":{"title":"Le Prix de la d\u00e9mocratie 2025 : comment candidater ? |","description":"Les inscriptions pour le prix de la d\u00e9mocratie sont ouvertes. Ce prix r\u00e9compense des actions mises en place par des associations...","robots":{"index":"index","follow":"follow","max-snippet":"max-snippet:-1","max-image-preview":"max-image-preview:large","max-video-preview":"max-video-preview:-1"},"canonical":"https:\/\/infolocale.ouest-france.fr\/blog\/le-prix-de-la-democratie-2025\/","og_locale":"fr_FR","og_type":"article","og_title":"Le Prix de la d\u00e9mocratie 2025 : comment candidater ? |","og_description":"Les inscriptions pour le prix de la d\u00e9mocratie sont ouvertes. Ce prix r\u00e9compense des actions mises en place par des associations...","og_url":"https:\/\/infolocale.ouest-france.fr\/blog\/le-prix-de-la-democratie-2025\/","article_publisher":"https:\/\/www.facebook.com\/infolocaleFR\/","article_published_time":"2023-10-13T08:12:31+00:00","article_modified_time":"2025-01-30T09:24:48+00:00","og_image":[{"width":901,"height":630,"url":"https:\/\/infolocale.ouest-france.fr\/blog\/wp-content\/uploads\/2023\/10\/prix-democratie-2025-infolocale.png","type":"image\/png"}],"author":"Apolline","twitter_card":"summary_large_image","twitter_creator":"@infolocale","twitter_site":"@infolocale","twitter_misc":{"\u00c9crit par":"Apolline","Dur\u00e9e de lecture estim\u00e9e":"9 minutes"},"schema":{"@context":"https:\/\/schema.org","@graph":[{"@type":"Article","@id":"https:\/\/infolocale.ouest-france.fr\/blog\/le-prix-de-la-democratie-2025\/#article","isPartOf":{"@id":"https:\/\/infolocale.ouest-france.fr\/blog\/le-prix-de-la-democratie-2025\/"},"author":{"name":"Apolline","@id":"https:\/\/www.infolocale.fr\/blog\/#\/schema\/person\/7bded64892fd98dc99a702548ebd46e9"},"headline":"Le Prix de la d\u00e9mocratie 2025 : comment candidater ?","datePublished":"2023-10-13T08:12:31+00:00","dateModified":"2025-01-30T09:24:48+00:00","mainEntityOfPage":{"@id":"https:\/\/infolocale.ouest-france.fr\/blog\/le-prix-de-la-democratie-2025\/"},"wordCount":1531,"commentCount":2,"publisher":{"@id":"https:\/\/www.infolocale.fr\/blog\/#organization"},"image":{"@id":"https:\/\/infolocale.ouest-france.fr\/blog\/le-prix-de-la-democratie-2025\/#primaryimage"},"thumbnailUrl":"https:\/\/www.infolocale.fr\/blog\/wp-content\/uploads\/2023\/10\/prix-democratie-2025-infolocale.png","articleSection":["En ce moment"],"inLanguage":"fr-FR","potentialAction":[{"@type":"CommentAction","name":"Comment","target":["https:\/\/infolocale.ouest-france.fr\/blog\/le-prix-de-la-democratie-2025\/#respond"]}]},{"@type":"WebPage","@id":"https:\/\/infolocale.ouest-france.fr\/blog\/le-prix-de-la-democratie-2025\/","url":"https:\/\/infolocale.ouest-france.fr\/blog\/le-prix-de-la-democratie-2025\/","name":"Le Prix de la d\u00e9mocratie 2025 : comment candidater ? |","isPartOf":{"@id":"https:\/\/www.infolocale.fr\/blog\/#website"},"primaryImageOfPage":{"@id":"https:\/\/infolocale.ouest-france.fr\/blog\/le-prix-de-la-democratie-2025\/#primaryimage"},"image":{"@id":"https:\/\/infolocale.ouest-france.fr\/blog\/le-prix-de-la-democratie-2025\/#primaryimage"},"thumbnailUrl":"https:\/\/www.infolocale.fr\/blog\/wp-content\/uploads\/2023\/10\/prix-democratie-2025-infolocale.png","datePublished":"2023-10-13T08:12:31+00:00","dateModified":"2025-01-30T09:24:48+00:00","description":"Les inscriptions pour le prix de la d\u00e9mocratie sont ouvertes. Ce prix r\u00e9compense des actions mises en place par des associations...","breadcrumb":{"@id":"https:\/\/infolocale.ouest-france.fr\/blog\/le-prix-de-la-democratie-2025\/#breadcrumb"},"inLanguage":"fr-FR","potentialAction":[{"@type":"ReadAction","target":["https:\/\/infolocale.ouest-france.fr\/blog\/le-prix-de-la-democratie-2025\/"]}]},{"@type":"ImageObject","inLanguage":"fr-FR","@id":"https:\/\/infolocale.ouest-france.fr\/blog\/le-prix-de-la-democratie-2025\/#primaryimage","url":"https:\/\/www.infolocale.fr\/blog\/wp-content\/uploads\/2023\/10\/prix-democratie-2025-infolocale.png","contentUrl":"https:\/\/www.infolocale.fr\/blog\/wp-content\/uploads\/2023\/10\/prix-democratie-2025-infolocale.png","width":901,"height":630},{"@type":"BreadcrumbList","@id":"https:\/\/infolocale.ouest-france.fr\/blog\/le-prix-de-la-democratie-2025\/#breadcrumb","itemListElement":[{"@type":"ListItem","position":1,"name":"Blog","item":"https:\/\/infolocale.ouest-france.fr\/blog\/"},{"@type":"ListItem","position":2,"name":"En ce moment","item":"https:\/\/infolocale.20minutes.fr\/blog\/cat\/actu-acteurs-locaux\/"},{"@type":"ListItem","position":3,"name":"Le Prix de la d\u00e9mocratie 2025 : comment candidater ?"}]},{"@type":"WebSite","@id":"https:\/\/www.infolocale.fr\/blog\/#website","url":"https:\/\/www.infolocale.fr\/blog\/","name":"","description":"","publisher":{"@id":"https:\/\/www.infolocale.fr\/blog\/#organization"},"potentialAction":[{"@type":"SearchAction","target":{"@type":"EntryPoint","urlTemplate":"https:\/\/www.infolocale.fr\/blog\/?s={search_term_string}"},"query-input":"required name=search_term_string"}],"inLanguage":"fr-FR"},{"@type":"Organization","@id":"https:\/\/www.infolocale.fr\/blog\/#organization","name":"Infolocale","url":"https:\/\/www.infolocale.fr\/blog\/","logo":{"@type":"ImageObject","inLanguage":"fr-FR","@id":"https:\/\/www.infolocale.fr\/blog\/#\/schema\/logo\/image\/","url":"https:\/\/www.infolocale.fr\/blog\/wp-content\/uploads\/2020\/11\/logol.jpg","contentUrl":"https:\/\/www.infolocale.fr\/blog\/wp-content\/uploads\/2020\/11\/logol.jpg","width":1031,"height":398,"caption":"Infolocale"},"image":{"@id":"https:\/\/www.infolocale.fr\/blog\/#\/schema\/logo\/image\/"},"sameAs":["https:\/\/www.facebook.com\/infolocaleFR\/","https:\/\/x.com\/infolocale","https:\/\/www.instagram.com\/infolocale\/","https:\/\/fr.linkedin.com\/company\/infolocale","https:\/\/www.youtube.com\/channel\/UCnv4FA8EYEuu_si3TGr7xeA"]},{"@type":"Person","@id":"https:\/\/www.infolocale.fr\/blog\/#\/schema\/person\/7bded64892fd98dc99a702548ebd46e9","name":"Apolline","image":{"@type":"ImageObject","inLanguage":"fr-FR","@id":"https:\/\/www.infolocale.fr\/blog\/#\/schema\/person\/image\/","url":"https:\/\/secure.gravatar.com\/avatar\/4db2b8fd84d570b4d77ca8e7324e4d03?s=96&d=mm&r=g","contentUrl":"https:\/\/secure.gravatar.com\/avatar\/4db2b8fd84d570b4d77ca8e7324e4d03?s=96&d=mm&r=g","caption":"Apolline"},"url":"https:\/\/www.infolocale.fr\/blog\/author\/morgan-delepineouest-france-fr\/"}]}},"_links":{"self":[{"href":"https:\/\/www.infolocale.fr\/blog\/wp-json\/wp\/v2\/posts\/23923"}],"collection":[{"href":"https:\/\/www.infolocale.fr\/blog\/wp-json\/wp\/v2\/posts"}],"about":[{"href":"https:\/\/www.infolocale.fr\/blog\/wp-json\/wp\/v2\/types\/post"}],"author":[{"embeddable":true,"href":"https:\/\/www.infolocale.fr\/blog\/wp-json\/wp\/v2\/users\/18"}],"replies":[{"embeddable":true,"href":"https:\/\/www.infolocale.fr\/blog\/wp-json\/wp\/v2\/comments?post=23923"}],"version-history":[{"count":0,"href":"https:\/\/www.infolocale.fr\/blog\/wp-json\/wp\/v2\/posts\/23923\/revisions"}],"wp:featuredmedia":[{"embeddable":true,"href":"https:\/\/www.infolocale.fr\/blog\/wp-json\/wp\/v2\/media\/26812"}],"wp:attachment":[{"href":"https:\/\/www.infolocale.fr\/blog\/wp-json\/wp\/v2\/media?parent=23923"}],"wp:term":[{"taxonomy":"category","embeddable":true,"href":"https:\/\/www.infolocale.fr\/blog\/wp-json\/wp\/v2\/categories?post=23923"},{"taxonomy":"post_tag","embeddable":true,"href":"https:\/\/www.infolocale.fr\/blog\/wp-json\/wp\/v2\/tags?post=23923"}],"curies":[{"name":"wp","href":"https:\/\/api.w.org\/{rel}","templated":true}]}}