{"id":23806,"date":"2023-09-21T09:11:02","date_gmt":"2023-09-21T07:11:02","guid":{"rendered":"https:\/\/www.infolocale.fr\/blog\/?p=23806"},"modified":"2025-09-25T17:03:02","modified_gmt":"2025-09-25T15:03:02","slug":"saint-nazaire-agglomeration-vos-contenus-infolocale-sur-le-site-de-la-communaute-dagglomeration","status":"publish","type":"post","link":"https:\/\/www.infolocale.fr\/blog\/saint-nazaire-agglomeration-vos-contenus-infolocale-sur-le-site-de-la-communaute-dagglomeration\/","title":{"rendered":"Saint-Nazaire Agglom\u00e9ration : vos contenus Infolocale sur le site de la communaut\u00e9 d&rsquo;agglom\u00e9ration"},"content":{"rendered":"<p>Saint-Nazaire Agglom\u00e9ration et les communes qui la composent utilisent la solution Infolocale pour annoncer les \u00e9v\u00e9nements, activit\u00e9s et publications sur les supports m\u00e9diatiques du groupe SIPA Ouest-France. <br \/>Saint-Nazaire Agglom\u00e9ration a \u00e9galement fait le choix de s&rsquo;abonner \u00e0 l&rsquo;offre collectivit\u00e9s Infolocale pour relayer toutes les informations de son territoire sur ses propres supports num\u00e9riques et les mettre en avant pour mieux informer les habitants ainsi que les touristes de l&rsquo;actualit\u00e9 des 10 communes de la communaut\u00e9 d\u2019agglom\u00e9ration. <br \/>Gr\u00e2ce \u00e0 cette solution, les acteurs locaux peuvent facilement communiquer leurs informations \u00e0 la collectivit\u00e9 et aux m\u00e9dias en une seule saisie.<\/p>\n<\/p>\n\n\n<h2 class=\"wp-block-heading\">Pr\u00e9sentation de Saint-Nazaire Agglom\u00e9ration<\/h2>\n\n\n\n<p>La communaut\u00e9 d\u2019agglom\u00e9ration de la R\u00e9gion Nazairienne et de l\u2019Estuaire est compos\u00e9e de 10 communes repr\u00e9sentant plus de 127 000 habitants :<\/p>\n\n\n\n<ul class=\"wp-block-list\">\n<li><a href=\"https:\/\/www.mairie-besne.fr\/\">Besn\u00e9<\/a><\/li>\n\n\n\n<li><a href=\"https:\/\/lachapelledesmarais.fr\/\">La Chapelle-des-marais<\/a><\/li>\n\n\n\n<li><a href=\"https:\/\/www.ville-donges.fr\/\">Donges<\/a><\/li>\n\n\n\n<li><a href=\"https:\/\/www.montoirdebretagne.fr\/\">Montoir-de-Bretagne<\/a><\/li>\n\n\n\n<li><a href=\"https:\/\/www.ville-pornichet.fr\/\">Pornichet<\/a><\/li>\n\n\n\n<li><a href=\"https:\/\/www.saint-andre-des-eaux.fr\/\">Saint-Andr\u00e9-des-Eaux<\/a><\/li>\n\n\n\n<li><a href=\"https:\/\/www.saint-joachim.fr\/\">Saint-Joachim<\/a><\/li>\n\n\n\n<li><a href=\"https:\/\/www.saintmalodeguersac.fr\/\">Saint-Malo-de-Guersac<\/a><\/li>\n\n\n\n<li><a href=\"https:\/\/www.saintnazaire.fr\/\">Saint-Nazaire<\/a><\/li>\n\n\n\n<li><a href=\"https:\/\/www.mairie-trignac.fr\/\">Trignac<\/a><\/li>\n<\/ul>\n\n\n\n<p>Ce territoire propose chaque ann\u00e9e plus de&nbsp;<strong>5 000 \u00e9v\u00e9nements<\/strong>&nbsp;autour du patrimoine, du tourisme, de la culture et du sport.<\/p>\n\n\n\n<p>Soucieuse de relayer efficacement l\u2019actualit\u00e9 \u00e9v\u00e9nementielle aupr\u00e8s de ses habitants et touristes, l\u2019Agglom\u00e9ration de Saint-Nazaire a choisi la solution Infolocale pour alimenter ses agendas tout en facilitant le travail de communication des acteurs locaux aupr\u00e8s de la collectivit\u00e9 et des m\u00e9dias.<\/p>\n\n\n\n<p>Vous \u00eates un acteur local de l\u2019Agglom\u00e9ration de Saint-Nazaire (associations, \u00e9coles, mairies, administration, services publiques, \u00e9quipements, ou autres acteurs \u00e0 but non lucratif) et vous souhaitez communiquer vos informations sur les supports de la collectivit\u00e9 ? Dans cet article, d\u00e9couvrez comment communiquer via la solution&nbsp;<a href=\"https:\/\/www.infolocale.fr\/decouvrir\/collectivites-244400644-carene\/\">Infolocale<\/a>&nbsp;choisie par l\u2019Agglom\u00e9ration de Saint-Nazaire pour mettre en avant les initiatives locales ainsi que la marche \u00e0 suivre pour annoncer vos informations.<\/p>\n\n\n<h2>Infolocale, une solution unique pour saisir son information<\/h2>\n<p><!-- \/wp:heading --><\/p>\n<p>Infolocale est un service du groupe SIPA Ouest-France qui propose la diffusion des informations des acteurs locaux <strong>gratuitement<\/strong> sur les supports m\u00e9diatiques du groupe (journaux, suppl\u00e9ments et plateformes num\u00e9riques) et aupr\u00e8s des collectivit\u00e9s qui le souhaitent.<\/p>\n<p>Pour diffuser massivement votre information sur le territoire de Saint-Nazaire Agglom\u00e9ration,<strong> inscrivez-vous sur <\/strong> <a href=\"https:\/\/www.infolocale.fr\/decouvrir\/collectivites-244400644-carene\/\">Infolocale<\/a> et <strong>saisissez vos \u00e9v\u00e9nements, activit\u00e9s, publications et informations<\/strong>\u00a0en suivant les instructions.<\/p>\n<p>Les supports de diffusion de vos annonces sont indiqu\u00e9s \u00e0 l&rsquo;\u00e9tape \u00ab\u00a0diffusion\u00a0\u00bb de la saisie.<\/p>\n<p>Avant d&rsquo;\u00eatre diffus\u00e9s sur les supports de la collectivit\u00e9 et des m\u00e9dias, vos contenus sont mod\u00e9r\u00e9s et valid\u00e9s par les services Infolocale.<\/p>\n<p><!-- \/wp:paragraph --><\/p>\n<p><!-- wp:heading --><\/p>\n<h2>Votre information \u00e9v\u00e9nementielle sur les sites de Saint-Nazaire Agglom\u00e9ration<\/h2>\n<p><!-- \/wp:heading --><\/p>\n<p><!-- wp:paragraph --><\/p>\n<p>Les services de communication de l&rsquo;agglom\u00e9ration et de ses communes ont fait le choix de mettre en avant l&rsquo;actualit\u00e9 \u00e9v\u00e9nementiel sur leurs sites et applications afin d&rsquo;offrir au public l&rsquo;exhaustivit\u00e9.<\/p>\n<p>Chaque acteur local peut librement proposer son information et \u00eatre mis en lumi\u00e8re sur les sites officiels de l&rsquo;agglom\u00e9ration.<\/p>\n<p>Voici un aper\u00e7u des diff\u00e9rents supports propos\u00e9s par l&rsquo;agglom\u00e9ration exploitant les informations Infolocale. La pr\u00e9sentation peut diff\u00e9rer d&rsquo;un site \u00e0 un autre, car chaque collectivit\u00e9 peut personnaliser l&rsquo;information re\u00e7ue.<\/p>\n<p><!-- \/wp:heading --><\/p>\n<h3>1- L&rsquo;agenda de Saint-Nazaire Agglom\u00e9ration<\/h3>\n<p><!-- \/wp:heading --><\/p>\n<p>La page d&rsquo;accueil du site Internet pr\u00e9sente un aper\u00e7u de l&rsquo;agenda avec les prochains \u00e9v\u00e9nements \u00e0 venir. En cliquant sur le lien &lsquo;Tous les \u00e9v\u00e9nements&rsquo;, vous acc\u00e9dez \u00e0 l&rsquo;agenda de Saint-Nazaire Agglom\u00e9ration.<\/p>\n<p>\u00a0<img fetchpriority=\"high\" decoding=\"async\" class=\"alignnone\" src=\"https:\/\/www.infolocale.fr\/blog\/wp-content\/uploads\/2025\/09\/Capture-decran-2025-09-25-164702-268x300.png\" alt=\"\" width=\"335\" height=\"375\" \/><\/p>\n<p style=\"text-align: center;\"><a href=\"https:\/\/www.saintnazaireagglo.fr\/l-agenda-des-sorties\">https:\/\/www.saintnazaireagglo.fr\/l-agenda-des-sorties<\/a><\/p>\n<p>Ici, Saint-Nazaire Agglom\u00e9ration a personnalis\u00e9 les th\u00e9matiques d&rsquo;\u00e9v\u00e9nements propos\u00e9es par Infolocale pour correspondre \u00e0 leurs besoins de communication.<\/p>\n<p><!-- \/wp:heading --><\/p>\n<h3>2- L&rsquo;application mobile Mon Agglo Facile de Saint-Nazaire<\/h3>\n<p><!-- \/wp:heading --><\/p>\n<p>L&rsquo;agglom\u00e9ration propose \u00e9galement une application mobile \u00ab\u00a0Mon Agglo Facile\u00a0\u00bb ou vous pourrez retrouver, gratuitement, toutes les informations dont vous avez besoin. Que ce soit sur la communaut\u00e9 de communes, mais aussi avec les 10 communes de Saint-Nazaire Agglom\u00e9ration.<\/p>\n<p>En seulement quelques clics, vous aurez acc\u00e8s aux rendez-vous administratifs, aux informations sur le transport, les cantines scolaires, les d\u00e9chetteries, les piscines et bien \u00e9videmment l&rsquo;agenda culturel. Et tout cela de mani\u00e8re personnalisable, notamment avec les contenus propos\u00e9s, l&rsquo;\u00e9cran d&rsquo;accueil\u2026<\/p>\n<p style=\"text-align: center;\"><img decoding=\"async\" src=\"https:\/\/www.infolocale.fr\/blog\/wp-content\/uploads\/2023\/09\/Capture-decran-2023-09-19-111111-300x162.png\" alt=\"\" width=\"500px\" height=\"162\" \/><\/p>\n<p>T\u00e9l\u00e9chargez d\u00e8s maintenant l&rsquo;application \u00ab\u00a0Mon Agglo facile\u00a0\u00bb, gratuitement, sur Google Play et l&rsquo;App Store !<\/p>\n<p><!-- \/wp:heading --><\/p>\n<h3>3- L&rsquo;agenda de Saint-Nazaire<\/h3>\n<p><!-- \/wp:heading --><\/p>\n<p>Sur le m\u00eame mod\u00e8le que le site de l&rsquo;agglom\u00e9ration, Saint-Nazaire propose un agenda d\u00e9di\u00e9 \u00e0 la ville.<\/p>\n<p><img decoding=\"async\" style=\"border: 1px solid #EEEEEE; padding-left: 5%;\" src=\"https:\/\/www.infolocale.fr\/blog\/wp-content\/uploads\/2023\/09\/Ville-de-Saint-Nazaire-Accueil-Saint-Nazaire.png\" alt=\"\" width=\"40%\" \/> <img decoding=\"async\" style=\"border: 1px solid #EEEEEE;\" src=\"https:\/\/www.infolocale.fr\/blog\/wp-content\/uploads\/2023\/09\/Agenda-Saint-Nazaire.png\" alt=\"\" width=\"40%\" \/><\/p>\n<p style=\"text-align: center;\"><a href=\"https:\/\/www.saintnazaire.fr\/agenda\">https:\/\/www.saintnazaire.fr\/agenda<\/a><\/p>\n<p><!-- \/wp:heading --><\/p>\n<h3>4- L&rsquo;agenda de Saint-Nazaire Renversante<\/h3>\n<p><!-- \/wp:heading --><\/p>\n<p>Pour faciliter leur quotidien et \u00e9viter de nombreuses saisies de leur information, l&rsquo;office de tourisme Saint-Nazaire Renversante a int\u00e9gr\u00e9 la solution infolocale pour son agenda.<\/p>\n<p style=\"text-align: center;\"><img decoding=\"async\" src=\"https:\/\/www.infolocale.fr\/blog\/wp-content\/uploads\/2023\/09\/Agenda-Saint-Nazaire-Renversante.png\" alt=\"\" width=\"60%\" \/><\/p>\n<p style=\"text-align: center;\"><a href=\"https:\/\/www.saint-nazaire-tourisme.com\/agenda\/\">https:\/\/www.saint-nazaire-tourisme.com\/agenda\/<\/a><\/p>\n<h3>5- L&rsquo;agenda de Pornichet<\/h3>\n<p><!-- \/wp:heading --><\/p>\n<p>La cit\u00e9 baln\u00e9aire de Pornichet expose les \u00e9v\u00e9nements de sa commune et alentour pour mettre en avant son territoire et anim\u00e9 la saison touristique.<\/p>\n<p style=\"text-align: center;\"><img decoding=\"async\" src=\"https:\/\/www.infolocale.fr\/blog\/wp-content\/uploads\/2023\/09\/Agenda-Tous-les-evenements-Ville-de-Pornichet.png\" alt=\"\" width=\"60%\" \/><\/p>\n<p style=\"text-align: center;\"><a href=\"https:\/\/www.ville-pornichet.fr\/tous-les-evenements\">https:\/\/www.ville-pornichet.fr\/tous-les-evenements<\/a><\/p>\n<p><!-- \/wp:heading --><\/p>\n<h3>6- l&rsquo;agenda de Trignac<\/h3>\n<p><!-- \/wp:heading --><\/p>\n<p style=\"text-align: center;\"><img decoding=\"async\" src=\"https:\/\/www.infolocale.fr\/blog\/wp-content\/uploads\/2023\/09\/Agenda.png\" alt=\"\" width=\"60%\" \/><\/p>\n<p style=\"text-align: center;\"><a href=\"https:\/\/www.mairie-trignac.fr\/systeme\/agenda\/\">https:\/\/www.mairie-trignac.fr\/systeme\/agenda\/<\/a><\/p>\n<p><!-- \/wp:heading --><\/p>\n<h2>Vos informations \u00e9galement sur les agendas du d\u00e9partement de la Loire-Atlantique<\/h2>\n<p><!-- \/wp:heading --><\/p>\n<p>Le D\u00e9partement de la Loire-Atlantique est \u00e9galement abonn\u00e9 \u00e0 l&rsquo;offre collectivit\u00e9s Infolocale. Par cons\u00e9quent, tout \u00e9v\u00e9nement annonc\u00e9 sur le territoire de l&rsquo;agglom\u00e9ration est aussi relay\u00e9 au niveau d\u00e9partemental sur l&rsquo;agenda des loisirs ou sur un des agendas th\u00e9matiques anim\u00e9s par le d\u00e9partement.<\/p>\n<ul>\n<li><a href=\"https:\/\/www.loire-atlantique.fr\/44\/commun-portail-page-recherche-a-facettes\/c_1273916?catNameform-element%5Bvalue%5D=true&amp;redirectUrl%5Bvalue%5D=plugins%2FSoclePlugin%2Ftypes%2FPortletAgendaInfolocale%2FdisplayResultAgenda.jsp&amp;boxId%5Bvalue%5D=c_1313494&amp;boxIdform-element%5Bvalue%5D=c_1313494\">Les id\u00e9es de sorties en Loire-Atlantique<\/a><\/li>\n<li><a href=\"https:\/\/www.loire-atlantique.fr\/44\/besoin-de-nature\/les-balades-nature\/c_1380404\">l&rsquo;agenda des balades en nature<\/a><\/li>\n<li><a href=\"https:\/\/www.loire-atlantique.fr\/44\/envie-de-faire-du-sport\/l-agenda-sportif-en-loire-atlantique\/c_1302872\">L&rsquo;agenda sportif en Loire-Atlantique<\/a><\/li>\n<li><a href=\"https:\/\/www.loire-atlantique.fr\/44\/sport\/vibrez-nature-activites-sportives-sur-terre-ou-dans-l-eau\/c_1362176\">Vibrez sport et nature en Loire-Atlantique !<\/a><\/li>\n<li><a href=\"https:\/\/www.aidants44.fr\/44\/soutien-et-entraide\/l-agenda-des-aidants-familiaux\/aid_5791\">L&rsquo;agenda des aidants familiaux<\/a><\/li>\n<li><a href=\"https:\/\/parents.loire-atlantique.fr\/agenda\/\">l&rsquo;agenda du site Questions de parents<\/a><\/li>\n<li><a href=\"https:\/\/archives.loire-atlantique.fr\/44\/l-agenda-des-archives-departementales\/c_20429\">L&rsquo;agenda des Archives d\u00e9partementales<\/a><\/li>\n<li><a href=\"https:\/\/www.loire-atlantique.fr\/44\/culture-et-patrimoine\/programme-des-journees-europeennes-du-patrimoine-les-16-et-17septembre-2023\/c_1367368\">Programme des Journ\u00e9es europ\u00e9ennes du patrimoine les 16 et 17septembre 2023<\/a><\/li>\n<\/ul>\n<p><!-- \/wp:heading --><\/p>\n<h2>Vos contenus sur les m\u00e9dias du groupe Ouest-France<\/h2>\n<p><!-- \/wp:heading --><\/p>\n<p>Gr\u00e2ce \u00e0 l&rsquo;agenda Infolocale Collectivit\u00e9s, les contenus propos\u00e9s sont automatiquement rediffus\u00e9s sur les journaux et sites web du groupe SIPA Ouest-France.<\/p>\n<ul>\n<li><a href=\"https:\/\/www.infolocale.fr\/\">Infolocale<\/a><\/li>\n<li><a href=\"https:\/\/www.ouest-france.fr\/\">Ouest-France <\/a><\/li>\n<li><a href=\"https:\/\/actu.fr\/\">Actu<\/a><\/li>\n<li><a href=\"https:\/\/www.20minutes.fr\/\">20 minutes <\/a><\/li>\n<\/ul>\n<p style=\"text-align: center;\"><img decoding=\"async\" src=\"https:\/\/www.infolocale.fr\/blog\/wp-content\/uploads\/2023\/09\/unnamed-file-1024x335.png\" alt=\"\" width=\"1020\" height=\"334\" \/><\/p>\n<p><!-- wp:paragraph --><\/p>\n<h2>Collectivit\u00e9s : comment int\u00e9grer un agenda des \u00e9v\u00e8nements sur vos sites communaux ?<\/h2>\n<p><!-- wp:paragraph --><\/p>\n<p>Notre offre \u00ab collectivit\u00e9s \u00bb relaie les informations de votre commune pr\u00e9sentes sur Infolocale sur vos canaux de communication. Notre solution vous permet de vous d\u00e9gager du temps. Copiez une seule fois vos actualit\u00e9s sur Infolocale et profitez des contenus propos\u00e9s automatiquement sur diff\u00e9rents supports tels que :<\/p>\n<p><!-- \/wp:paragraph --><\/p>\n<p><!-- wp:list --><\/p>\n<ul>\n<li>Vos sites,<\/li>\n<li>R\u00e9seaux sociaux,<\/li>\n<li>Newsletters,<\/li>\n<li>P\u00e9riodiques<\/li>\n<li>Panneaux d\u2019affichages.<\/li>\n<\/ul>\n<p><!-- \/wp:list --><\/p>\n<p><!-- wp:paragraph --><\/p>\n<p>Vous souhaitez r\u00e9utiliser les contenus de votre territoire pr\u00e9sents sur Infolocale ? Vous voulez int\u00e9grer un <a href=\"https:\/\/www.infolocale.fr\/blog\/agenda-culturel-collectivite\/\" target=\"_blank\" rel=\"noreferrer noopener\">agenda des sorties de votre territoire<\/a> sur votre site internet ?<\/p>\n<p><!-- \/wp:paragraph --><\/p>\n<p><!-- wp:paragraph --><\/p>\n<p>Quelle que soit votre entit\u00e9 (commune, communaut\u00e9 de communes), vous trouverez une offre adapt\u00e9e \u00e0 vos besoins.<\/p>\n<p><!-- \/wp:paragraph --><\/p>\n<p><!-- wp:paragraph --><\/p>\n<p>Pour cela, rien de plus simple, rendez-vous sur notre page <a href=\"https:\/\/www.infolocale.fr\/decouvrir\/collectivites\/\" target=\"_blank\" rel=\"noreferrer noopener\">collectivit\u00e9s<\/a>. Vous y trouverez tous les d\u00e9tails de notre offre ainsi qu\u2019un formulaire pour nous contacter. Nous nous ferons un plaisir d\u2019\u00e9changer pour mettre en place l\u2019offre correspondant \u00e0 vos besoins.<\/p>","protected":false},"excerpt":{"rendered":"<p>Saint-Nazaire Agglom\u00e9ration et les communes qui la composent utilisent la solution Infolocale pour annoncer les \u00e9v\u00e9nements, activit\u00e9s et publications sur les supports m\u00e9diatiques du groupe [&hellip;]<\/p>\n","protected":false},"author":16,"featured_media":28543,"comment_status":"open","ping_status":"open","sticky":false,"template":"","format":"standard","meta":{"_coblocks_attr":"","_coblocks_dimensions":"","_coblocks_responsive_height":"","_coblocks_accordion_ie_support":"","_mo_disable_npp":"","footnotes":""},"categories":[75],"tags":[107,86],"class_list":["post-23806","post","type-post","status-publish","format-standard","has-post-thumbnail","hentry","category-communication-des-institutions-et-collectivites","tag-diffusion","tag-fonctionnalites"],"yoast_head":"<!-- This site is optimized with the Yoast SEO plugin v23.2 - https:\/\/yoast.com\/wordpress\/plugins\/seo\/ -->\n<title>Comment communiquer sur les agendas de Saint-Nazaire Agglom\u00e9ration ?<\/title>\n<meta name=\"description\" content=\"Profitez de l&#039;agenda culturel de Saint-Nazaire Agglom\u00e9ration qui met en avant les initiatives locales du territoire.\" \/>\n<meta name=\"robots\" content=\"index, follow, max-snippet:-1, max-image-preview:large, max-video-preview:-1\" \/>\n<link rel=\"canonical\" href=\"https:\/\/www.infolocale.fr\/blog\/saint-nazaire-agglomeration-vos-contenus-infolocale-sur-le-site-de-la-communaute-dagglomeration\/\" \/>\n<meta property=\"og:locale\" content=\"fr_FR\" \/>\n<meta property=\"og:type\" content=\"article\" \/>\n<meta property=\"og:title\" content=\"Comment communiquer sur les agendas de Saint-Nazaire Agglom\u00e9ration ?\" \/>\n<meta property=\"og:description\" content=\"Profitez de l&#039;agenda culturel de Saint-Nazaire Agglom\u00e9ration qui met en avant les initiatives locales du territoire.\" \/>\n<meta property=\"og:url\" content=\"https:\/\/www.infolocale.fr\/blog\/saint-nazaire-agglomeration-vos-contenus-infolocale-sur-le-site-de-la-communaute-dagglomeration\/\" \/>\n<meta property=\"article:publisher\" content=\"https:\/\/www.facebook.com\/infolocaleFR\/\" \/>\n<meta property=\"article:published_time\" content=\"2023-09-21T07:11:02+00:00\" \/>\n<meta property=\"article:modified_time\" content=\"2025-09-25T15:03:02+00:00\" \/>\n<meta property=\"og:image\" content=\"https:\/\/www.infolocale.fr\/blog\/wp-content\/uploads\/2025\/09\/RE-35.png\" \/>\n\t<meta property=\"og:image:width\" content=\"900\" \/>\n\t<meta property=\"og:image:height\" content=\"630\" \/>\n\t<meta property=\"og:image:type\" content=\"image\/png\" \/>\n<meta name=\"author\" content=\"Antoine\" \/>\n<meta name=\"twitter:card\" content=\"summary_large_image\" \/>\n<meta name=\"twitter:creator\" content=\"@infolocale\" \/>\n<meta name=\"twitter:site\" content=\"@infolocale\" \/>\n<meta name=\"twitter:label1\" content=\"\u00c9crit par\" \/>\n\t<meta name=\"twitter:data1\" content=\"Antoine\" \/>\n\t<meta name=\"twitter:label2\" content=\"Dur\u00e9e de lecture estim\u00e9e\" \/>\n\t<meta name=\"twitter:data2\" content=\"7 minutes\" \/>\n<script type=\"application\/ld+json\" class=\"yoast-schema-graph\">{\"@context\":\"https:\/\/schema.org\",\"@graph\":[{\"@type\":\"Article\",\"@id\":\"https:\/\/www.infolocale.fr\/blog\/saint-nazaire-agglomeration-vos-contenus-infolocale-sur-le-site-de-la-communaute-dagglomeration\/#article\",\"isPartOf\":{\"@id\":\"https:\/\/www.infolocale.fr\/blog\/saint-nazaire-agglomeration-vos-contenus-infolocale-sur-le-site-de-la-communaute-dagglomeration\/\"},\"author\":{\"name\":\"Antoine\",\"@id\":\"https:\/\/www.infolocale.fr\/blog\/#\/schema\/person\/fa11e8a9723224e0eed944339ea01418\"},\"headline\":\"Saint-Nazaire Agglom\u00e9ration : vos contenus Infolocale sur le site de la communaut\u00e9 d&rsquo;agglom\u00e9ration\",\"datePublished\":\"2023-09-21T07:11:02+00:00\",\"dateModified\":\"2025-09-25T15:03:02+00:00\",\"mainEntityOfPage\":{\"@id\":\"https:\/\/www.infolocale.fr\/blog\/saint-nazaire-agglomeration-vos-contenus-infolocale-sur-le-site-de-la-communaute-dagglomeration\/\"},\"wordCount\":1126,\"commentCount\":0,\"publisher\":{\"@id\":\"https:\/\/www.infolocale.fr\/blog\/#organization\"},\"image\":{\"@id\":\"https:\/\/www.infolocale.fr\/blog\/saint-nazaire-agglomeration-vos-contenus-infolocale-sur-le-site-de-la-communaute-dagglomeration\/#primaryimage\"},\"thumbnailUrl\":\"https:\/\/www.infolocale.fr\/blog\/wp-content\/uploads\/2025\/09\/RE-35.png\",\"keywords\":[\"diffusion\",\"Tout savoir sur Infolocale\"],\"articleSection\":[\"Communication des institutions et collectivit\u00e9s\"],\"inLanguage\":\"fr-FR\",\"potentialAction\":[{\"@type\":\"CommentAction\",\"name\":\"Comment\",\"target\":[\"https:\/\/www.infolocale.fr\/blog\/saint-nazaire-agglomeration-vos-contenus-infolocale-sur-le-site-de-la-communaute-dagglomeration\/#respond\"]}]},{\"@type\":\"WebPage\",\"@id\":\"https:\/\/www.infolocale.fr\/blog\/saint-nazaire-agglomeration-vos-contenus-infolocale-sur-le-site-de-la-communaute-dagglomeration\/\",\"url\":\"https:\/\/www.infolocale.fr\/blog\/saint-nazaire-agglomeration-vos-contenus-infolocale-sur-le-site-de-la-communaute-dagglomeration\/\",\"name\":\"Comment communiquer sur les agendas de Saint-Nazaire Agglom\u00e9ration ?\",\"isPartOf\":{\"@id\":\"https:\/\/www.infolocale.fr\/blog\/#website\"},\"primaryImageOfPage\":{\"@id\":\"https:\/\/www.infolocale.fr\/blog\/saint-nazaire-agglomeration-vos-contenus-infolocale-sur-le-site-de-la-communaute-dagglomeration\/#primaryimage\"},\"image\":{\"@id\":\"https:\/\/www.infolocale.fr\/blog\/saint-nazaire-agglomeration-vos-contenus-infolocale-sur-le-site-de-la-communaute-dagglomeration\/#primaryimage\"},\"thumbnailUrl\":\"https:\/\/www.infolocale.fr\/blog\/wp-content\/uploads\/2025\/09\/RE-35.png\",\"datePublished\":\"2023-09-21T07:11:02+00:00\",\"dateModified\":\"2025-09-25T15:03:02+00:00\",\"description\":\"Profitez de l'agenda culturel de Saint-Nazaire Agglom\u00e9ration qui met en avant les initiatives locales du territoire.\",\"breadcrumb\":{\"@id\":\"https:\/\/www.infolocale.fr\/blog\/saint-nazaire-agglomeration-vos-contenus-infolocale-sur-le-site-de-la-communaute-dagglomeration\/#breadcrumb\"},\"inLanguage\":\"fr-FR\",\"potentialAction\":[{\"@type\":\"ReadAction\",\"target\":[\"https:\/\/www.infolocale.fr\/blog\/saint-nazaire-agglomeration-vos-contenus-infolocale-sur-le-site-de-la-communaute-dagglomeration\/\"]}]},{\"@type\":\"ImageObject\",\"inLanguage\":\"fr-FR\",\"@id\":\"https:\/\/www.infolocale.fr\/blog\/saint-nazaire-agglomeration-vos-contenus-infolocale-sur-le-site-de-la-communaute-dagglomeration\/#primaryimage\",\"url\":\"https:\/\/www.infolocale.fr\/blog\/wp-content\/uploads\/2025\/09\/RE-35.png\",\"contentUrl\":\"https:\/\/www.infolocale.fr\/blog\/wp-content\/uploads\/2025\/09\/RE-35.png\",\"width\":900,\"height\":630},{\"@type\":\"BreadcrumbList\",\"@id\":\"https:\/\/www.infolocale.fr\/blog\/saint-nazaire-agglomeration-vos-contenus-infolocale-sur-le-site-de-la-communaute-dagglomeration\/#breadcrumb\",\"itemListElement\":[{\"@type\":\"ListItem\",\"position\":1,\"name\":\"Blog\",\"item\":\"https:\/\/infolocale.ouest-france.fr\/blog\/\"},{\"@type\":\"ListItem\",\"position\":2,\"name\":\"Communication des institutions et collectivit\u00e9s\",\"item\":\"https:\/\/infolocale.ouest-france.fr\/blog\/cat\/communication-des-institutions-et-collectivites\/\"},{\"@type\":\"ListItem\",\"position\":3,\"name\":\"Saint-Nazaire Agglom\u00e9ration : vos contenus Infolocale sur le site de la communaut\u00e9 d&rsquo;agglom\u00e9ration\"}]},{\"@type\":\"WebSite\",\"@id\":\"https:\/\/www.infolocale.fr\/blog\/#website\",\"url\":\"https:\/\/www.infolocale.fr\/blog\/\",\"name\":\"\",\"description\":\"\",\"publisher\":{\"@id\":\"https:\/\/www.infolocale.fr\/blog\/#organization\"},\"potentialAction\":[{\"@type\":\"SearchAction\",\"target\":{\"@type\":\"EntryPoint\",\"urlTemplate\":\"https:\/\/www.infolocale.fr\/blog\/?s={search_term_string}\"},\"query-input\":\"required name=search_term_string\"}],\"inLanguage\":\"fr-FR\"},{\"@type\":\"Organization\",\"@id\":\"https:\/\/www.infolocale.fr\/blog\/#organization\",\"name\":\"Infolocale\",\"url\":\"https:\/\/www.infolocale.fr\/blog\/\",\"logo\":{\"@type\":\"ImageObject\",\"inLanguage\":\"fr-FR\",\"@id\":\"https:\/\/www.infolocale.fr\/blog\/#\/schema\/logo\/image\/\",\"url\":\"https:\/\/www.infolocale.fr\/blog\/wp-content\/uploads\/2020\/11\/logol.jpg\",\"contentUrl\":\"https:\/\/www.infolocale.fr\/blog\/wp-content\/uploads\/2020\/11\/logol.jpg\",\"width\":1031,\"height\":398,\"caption\":\"Infolocale\"},\"image\":{\"@id\":\"https:\/\/www.infolocale.fr\/blog\/#\/schema\/logo\/image\/\"},\"sameAs\":[\"https:\/\/www.facebook.com\/infolocaleFR\/\",\"https:\/\/x.com\/infolocale\",\"https:\/\/www.instagram.com\/infolocale\/\",\"https:\/\/fr.linkedin.com\/company\/infolocale\",\"https:\/\/www.youtube.com\/channel\/UCnv4FA8EYEuu_si3TGr7xeA\"]},{\"@type\":\"Person\",\"@id\":\"https:\/\/www.infolocale.fr\/blog\/#\/schema\/person\/fa11e8a9723224e0eed944339ea01418\",\"name\":\"Antoine\",\"image\":{\"@type\":\"ImageObject\",\"inLanguage\":\"fr-FR\",\"@id\":\"https:\/\/www.infolocale.fr\/blog\/#\/schema\/person\/image\/\",\"url\":\"https:\/\/secure.gravatar.com\/avatar\/f4faca388e2832c4b07a39c2cf774061?s=96&d=mm&r=g\",\"contentUrl\":\"https:\/\/secure.gravatar.com\/avatar\/f4faca388e2832c4b07a39c2cf774061?s=96&d=mm&r=g\",\"caption\":\"Antoine\"},\"url\":\"https:\/\/www.infolocale.fr\/blog\/author\/antoine-lecerf\/\"}]}<\/script>\n<!-- \/ Yoast SEO plugin. -->","yoast_head_json":{"title":"Comment communiquer sur les agendas de Saint-Nazaire Agglom\u00e9ration ?","description":"Profitez de l'agenda culturel de Saint-Nazaire Agglom\u00e9ration qui met en avant les initiatives locales du territoire.","robots":{"index":"index","follow":"follow","max-snippet":"max-snippet:-1","max-image-preview":"max-image-preview:large","max-video-preview":"max-video-preview:-1"},"canonical":"https:\/\/www.infolocale.fr\/blog\/saint-nazaire-agglomeration-vos-contenus-infolocale-sur-le-site-de-la-communaute-dagglomeration\/","og_locale":"fr_FR","og_type":"article","og_title":"Comment communiquer sur les agendas de Saint-Nazaire Agglom\u00e9ration ?","og_description":"Profitez de l'agenda culturel de Saint-Nazaire Agglom\u00e9ration qui met en avant les initiatives locales du territoire.","og_url":"https:\/\/www.infolocale.fr\/blog\/saint-nazaire-agglomeration-vos-contenus-infolocale-sur-le-site-de-la-communaute-dagglomeration\/","article_publisher":"https:\/\/www.facebook.com\/infolocaleFR\/","article_published_time":"2023-09-21T07:11:02+00:00","article_modified_time":"2025-09-25T15:03:02+00:00","og_image":[{"width":900,"height":630,"url":"https:\/\/www.infolocale.fr\/blog\/wp-content\/uploads\/2025\/09\/RE-35.png","type":"image\/png"}],"author":"Antoine","twitter_card":"summary_large_image","twitter_creator":"@infolocale","twitter_site":"@infolocale","twitter_misc":{"\u00c9crit par":"Antoine","Dur\u00e9e de lecture estim\u00e9e":"7 minutes"},"schema":{"@context":"https:\/\/schema.org","@graph":[{"@type":"Article","@id":"https:\/\/www.infolocale.fr\/blog\/saint-nazaire-agglomeration-vos-contenus-infolocale-sur-le-site-de-la-communaute-dagglomeration\/#article","isPartOf":{"@id":"https:\/\/www.infolocale.fr\/blog\/saint-nazaire-agglomeration-vos-contenus-infolocale-sur-le-site-de-la-communaute-dagglomeration\/"},"author":{"name":"Antoine","@id":"https:\/\/www.infolocale.fr\/blog\/#\/schema\/person\/fa11e8a9723224e0eed944339ea01418"},"headline":"Saint-Nazaire Agglom\u00e9ration : vos contenus Infolocale sur le site de la communaut\u00e9 d&rsquo;agglom\u00e9ration","datePublished":"2023-09-21T07:11:02+00:00","dateModified":"2025-09-25T15:03:02+00:00","mainEntityOfPage":{"@id":"https:\/\/www.infolocale.fr\/blog\/saint-nazaire-agglomeration-vos-contenus-infolocale-sur-le-site-de-la-communaute-dagglomeration\/"},"wordCount":1126,"commentCount":0,"publisher":{"@id":"https:\/\/www.infolocale.fr\/blog\/#organization"},"image":{"@id":"https:\/\/www.infolocale.fr\/blog\/saint-nazaire-agglomeration-vos-contenus-infolocale-sur-le-site-de-la-communaute-dagglomeration\/#primaryimage"},"thumbnailUrl":"https:\/\/www.infolocale.fr\/blog\/wp-content\/uploads\/2025\/09\/RE-35.png","keywords":["diffusion","Tout savoir sur Infolocale"],"articleSection":["Communication des institutions et collectivit\u00e9s"],"inLanguage":"fr-FR","potentialAction":[{"@type":"CommentAction","name":"Comment","target":["https:\/\/www.infolocale.fr\/blog\/saint-nazaire-agglomeration-vos-contenus-infolocale-sur-le-site-de-la-communaute-dagglomeration\/#respond"]}]},{"@type":"WebPage","@id":"https:\/\/www.infolocale.fr\/blog\/saint-nazaire-agglomeration-vos-contenus-infolocale-sur-le-site-de-la-communaute-dagglomeration\/","url":"https:\/\/www.infolocale.fr\/blog\/saint-nazaire-agglomeration-vos-contenus-infolocale-sur-le-site-de-la-communaute-dagglomeration\/","name":"Comment communiquer sur les agendas de Saint-Nazaire Agglom\u00e9ration ?","isPartOf":{"@id":"https:\/\/www.infolocale.fr\/blog\/#website"},"primaryImageOfPage":{"@id":"https:\/\/www.infolocale.fr\/blog\/saint-nazaire-agglomeration-vos-contenus-infolocale-sur-le-site-de-la-communaute-dagglomeration\/#primaryimage"},"image":{"@id":"https:\/\/www.infolocale.fr\/blog\/saint-nazaire-agglomeration-vos-contenus-infolocale-sur-le-site-de-la-communaute-dagglomeration\/#primaryimage"},"thumbnailUrl":"https:\/\/www.infolocale.fr\/blog\/wp-content\/uploads\/2025\/09\/RE-35.png","datePublished":"2023-09-21T07:11:02+00:00","dateModified":"2025-09-25T15:03:02+00:00","description":"Profitez de l'agenda culturel de Saint-Nazaire Agglom\u00e9ration qui met en avant les initiatives locales du territoire.","breadcrumb":{"@id":"https:\/\/www.infolocale.fr\/blog\/saint-nazaire-agglomeration-vos-contenus-infolocale-sur-le-site-de-la-communaute-dagglomeration\/#breadcrumb"},"inLanguage":"fr-FR","potentialAction":[{"@type":"ReadAction","target":["https:\/\/www.infolocale.fr\/blog\/saint-nazaire-agglomeration-vos-contenus-infolocale-sur-le-site-de-la-communaute-dagglomeration\/"]}]},{"@type":"ImageObject","inLanguage":"fr-FR","@id":"https:\/\/www.infolocale.fr\/blog\/saint-nazaire-agglomeration-vos-contenus-infolocale-sur-le-site-de-la-communaute-dagglomeration\/#primaryimage","url":"https:\/\/www.infolocale.fr\/blog\/wp-content\/uploads\/2025\/09\/RE-35.png","contentUrl":"https:\/\/www.infolocale.fr\/blog\/wp-content\/uploads\/2025\/09\/RE-35.png","width":900,"height":630},{"@type":"BreadcrumbList","@id":"https:\/\/www.infolocale.fr\/blog\/saint-nazaire-agglomeration-vos-contenus-infolocale-sur-le-site-de-la-communaute-dagglomeration\/#breadcrumb","itemListElement":[{"@type":"ListItem","position":1,"name":"Blog","item":"https:\/\/infolocale.ouest-france.fr\/blog\/"},{"@type":"ListItem","position":2,"name":"Communication des institutions et collectivit\u00e9s","item":"https:\/\/infolocale.ouest-france.fr\/blog\/cat\/communication-des-institutions-et-collectivites\/"},{"@type":"ListItem","position":3,"name":"Saint-Nazaire Agglom\u00e9ration : vos contenus Infolocale sur le site de la communaut\u00e9 d&rsquo;agglom\u00e9ration"}]},{"@type":"WebSite","@id":"https:\/\/www.infolocale.fr\/blog\/#website","url":"https:\/\/www.infolocale.fr\/blog\/","name":"","description":"","publisher":{"@id":"https:\/\/www.infolocale.fr\/blog\/#organization"},"potentialAction":[{"@type":"SearchAction","target":{"@type":"EntryPoint","urlTemplate":"https:\/\/www.infolocale.fr\/blog\/?s={search_term_string}"},"query-input":"required name=search_term_string"}],"inLanguage":"fr-FR"},{"@type":"Organization","@id":"https:\/\/www.infolocale.fr\/blog\/#organization","name":"Infolocale","url":"https:\/\/www.infolocale.fr\/blog\/","logo":{"@type":"ImageObject","inLanguage":"fr-FR","@id":"https:\/\/www.infolocale.fr\/blog\/#\/schema\/logo\/image\/","url":"https:\/\/www.infolocale.fr\/blog\/wp-content\/uploads\/2020\/11\/logol.jpg","contentUrl":"https:\/\/www.infolocale.fr\/blog\/wp-content\/uploads\/2020\/11\/logol.jpg","width":1031,"height":398,"caption":"Infolocale"},"image":{"@id":"https:\/\/www.infolocale.fr\/blog\/#\/schema\/logo\/image\/"},"sameAs":["https:\/\/www.facebook.com\/infolocaleFR\/","https:\/\/x.com\/infolocale","https:\/\/www.instagram.com\/infolocale\/","https:\/\/fr.linkedin.com\/company\/infolocale","https:\/\/www.youtube.com\/channel\/UCnv4FA8EYEuu_si3TGr7xeA"]},{"@type":"Person","@id":"https:\/\/www.infolocale.fr\/blog\/#\/schema\/person\/fa11e8a9723224e0eed944339ea01418","name":"Antoine","image":{"@type":"ImageObject","inLanguage":"fr-FR","@id":"https:\/\/www.infolocale.fr\/blog\/#\/schema\/person\/image\/","url":"https:\/\/secure.gravatar.com\/avatar\/f4faca388e2832c4b07a39c2cf774061?s=96&d=mm&r=g","contentUrl":"https:\/\/secure.gravatar.com\/avatar\/f4faca388e2832c4b07a39c2cf774061?s=96&d=mm&r=g","caption":"Antoine"},"url":"https:\/\/www.infolocale.fr\/blog\/author\/antoine-lecerf\/"}]}},"_links":{"self":[{"href":"https:\/\/www.infolocale.fr\/blog\/wp-json\/wp\/v2\/posts\/23806"}],"collection":[{"href":"https:\/\/www.infolocale.fr\/blog\/wp-json\/wp\/v2\/posts"}],"about":[{"href":"https:\/\/www.infolocale.fr\/blog\/wp-json\/wp\/v2\/types\/post"}],"author":[{"embeddable":true,"href":"https:\/\/www.infolocale.fr\/blog\/wp-json\/wp\/v2\/users\/16"}],"replies":[{"embeddable":true,"href":"https:\/\/www.infolocale.fr\/blog\/wp-json\/wp\/v2\/comments?post=23806"}],"version-history":[{"count":0,"href":"https:\/\/www.infolocale.fr\/blog\/wp-json\/wp\/v2\/posts\/23806\/revisions"}],"wp:featuredmedia":[{"embeddable":true,"href":"https:\/\/www.infolocale.fr\/blog\/wp-json\/wp\/v2\/media\/28543"}],"wp:attachment":[{"href":"https:\/\/www.infolocale.fr\/blog\/wp-json\/wp\/v2\/media?parent=23806"}],"wp:term":[{"taxonomy":"category","embeddable":true,"href":"https:\/\/www.infolocale.fr\/blog\/wp-json\/wp\/v2\/categories?post=23806"},{"taxonomy":"post_tag","embeddable":true,"href":"https:\/\/www.infolocale.fr\/blog\/wp-json\/wp\/v2\/tags?post=23806"}],"curies":[{"name":"wp","href":"https:\/\/api.w.org\/{rel}","templated":true}]}}