{"id":238,"date":"2020-03-05T14:34:02","date_gmt":"2020-03-05T13:34:02","guid":{"rendered":"http:\/\/infolocale.data.blog\/?p=238"},"modified":"2021-03-02T16:13:52","modified_gmt":"2021-03-02T15:13:52","slug":"associations-et-monde-politique","status":"publish","type":"post","link":"https:\/\/www.infolocale.fr\/blog\/associations-et-monde-politique\/","title":{"rendered":"Les associations, laboratoire du monde politique"},"content":{"rendered":"\n<div class=\"wp-block-columns alignfull is-layout-flex wp-container-core-columns-is-layout-1 wp-block-columns-is-layout-flex\">\n<div class=\"wp-block-column is-layout-flow wp-block-column-is-layout-flow\" style=\"flex-basis:100%\">\n<p class=\"has-text-align-justify has-background has-normal-font-size\" style=\"line-height:2;background-color:#ffffff\">Un &nbsp;rapport &nbsp;du S\u00e9nat&nbsp;de f\u00e9vrier 1999 rappelle la volont\u00e9 des pouvoirs publics de ne plus ignorer un ph\u00e9nom\u00e8ne de la vie associative qui touchait &nbsp;25 % des Fran\u00e7ais \u00e2g\u00e9s de plus de 18 ans.<\/p>\n\n\n\n<p class=\"has-text-align-justify has-background has-normal-font-size\" style=\"line-height:2;background-color:#ffffff\">Les \u00e9lus, reconnaissants du travail effectu\u00e9 par les b\u00e9n\u00e9voles&nbsp; et leur contribution&nbsp; \u00e0 leurs communaut\u00e9s, ne manquent jamais de les remercier lors des discours qui inaugurent les rassemblements populaires.<\/p>\n\n\n\n<blockquote class=\"wp-block-quote is-layout-flow wp-block-quote-is-layout-flow\"><p><a href=\"https:\/\/infolocale.data.blog\/2020\/03\/06\/portrait-de-paulette-carre-honoree-pour-son-engagement-culturel-intercommunal-et-associatif\/\">L&rsquo;exemple de Paulette Carr\u00e9<\/a><\/p><\/blockquote>\n\n\n\n<p><\/p>\n<\/div>\n<\/div>\n\n\n\n<div class=\"wp-block-columns alignfull is-layout-flex wp-container-core-columns-is-layout-2 wp-block-columns-is-layout-flex\">\n<div class=\"wp-block-column is-layout-flow wp-block-column-is-layout-flow\" style=\"flex-basis:100%\">\n<h4 class=\"has-text-align-center wp-block-heading\">Le 5 d\u00e9cembre, journ\u00e9e mondiale du volontariat<\/h4>\n\n\n\n<p class=\"has-text-align-justify has-background has-normal-font-size\" style=\"line-height:2;background-color:#ffffff\">La Journ\u00e9e internationale des Volontaires (JIV) &nbsp;a \u00e9t\u00e9 adopt\u00e9e par les Nations Unies en 1985 afin de c\u00e9l\u00e9brer le pouvoir et le potentiel du volontariat.<\/p>\n<\/div>\n<\/div>\n\n\n\n<div class=\"wp-block-columns alignfull is-layout-flex wp-container-core-columns-is-layout-3 wp-block-columns-is-layout-flex\">\n<div class=\"wp-block-column is-layout-flow wp-block-column-is-layout-flow\" style=\"flex-basis:100%\">\n<h4 class=\"has-text-align-center wp-block-heading\">Le b\u00e9n\u00e9volat, indicateur de certaines mutations sociales<\/h4>\n\n\n\n<p class=\"has-text-align-justify has-background has-normal-font-size\" style=\"line-height:2;background-color:#ffffff\">Depuis 2000, chaque ann\u00e9e en France, quelque 63 000 nouvelles associations sont n\u00e9es et environ 23 000 ont disparu. &nbsp;En novembre 2019, on estime \u00e0 1,5 millions le nombre d\u2019associations actives en France. &nbsp;Une hypoth\u00e8se peut \u00eatre avanc\u00e9e&nbsp;: le d\u00e9veloppement de l\u2019engagement associatif et donc b\u00e9n\u00e9vole pallie en partie l\u2019affaiblissement des liens familiaux et tend \u00e0 se substituer \u00e0 l\u2019entraide informelle \u00e0 l\u2019\u00e9chelle d\u2019un quartier ou d\u2019une commune. Entre 2006 et 2009, l\u2019activit\u00e9 \u00e9conomique ou d\u2019insertion sociale a compt\u00e9 pour environ 12 % des nouvelles cr\u00e9ations d\u2019associations. Ces derni\u00e8res visent en particulier \u00e0 dynamiser la vie locale (cr\u00e9ation d\u2019une \u00e9picerie, d\u2019une cantine, d\u2019un r\u00e9seau de transport scolaire, etc.).<\/p>\n\n\n\n<p><\/p>\n\n\n\n<blockquote class=\"wp-block-quote is-layout-flow wp-block-quote-is-layout-flow\"><p>ici la source de ces chiffre<\/p><\/blockquote>\n\n\n\n<p><\/p>\n\n\n\n<p class=\"has-text-align-justify has-background has-normal-font-size\" style=\"line-height:2;background-color:#ffffff\">Durant cette m\u00eame p\u00e9riode, le secteur culturel et touristique a repr\u00e9sent\u00e9 37 % des nouvelles cr\u00e9ations d\u2019associations ; le sport, environ 15 %, suivi par les loisirs et la jeunesse (12,5 %) ; la sant\u00e9 et l\u2019action sociale (9 %) ; l\u2019\u00e9ducation, la formation, le logement ou l\u2019environnement (6 %) ; la vie sociale (5 % \u2013 associations politiques, religieuses et de d\u00e9fense des droits de l\u2019homme).<\/p>\n<\/div>\n<\/div>\n\n\n\n<div class=\"wp-block-columns alignfull is-layout-flex wp-container-core-columns-is-layout-4 wp-block-columns-is-layout-flex\">\n<div class=\"wp-block-column is-layout-flow wp-block-column-is-layout-flow\" style=\"flex-basis:100%\">\n<h4 class=\"has-text-align-center wp-block-heading\">Le b\u00e9n\u00e9volat, menace ou soutien&nbsp;au pouvoir en place&nbsp;?&nbsp;&nbsp;&nbsp;&nbsp;&nbsp;&nbsp;&nbsp;&nbsp;&nbsp;&nbsp;&nbsp;&nbsp;&nbsp;&nbsp;&nbsp;&nbsp;&nbsp;&nbsp;&nbsp;&nbsp;&nbsp;&nbsp;&nbsp;&nbsp;&nbsp;&nbsp;<\/h4>\n\n\n\n<p class=\"has-text-align-justify has-background has-normal-font-size\" style=\"line-height:2;background-color:#ffffff\">Proche des mouvements des courants id\u00e9ologiques, le b\u00e9n\u00e9volat refl\u00e8te les engagements, les tendances de nos d\u00e9mocraties. La \u00ab proximit\u00e9 \u00bb de l\u2019association permet \u00e0 l\u2019engagement pour raisons individuelles d\u2019aller vers les perspectives d\u2019un int\u00e9r\u00eat plus g\u00e9n\u00e9ral dans la gestion des probl\u00e8mes locaux. Les associations sont le lieu privil\u00e9gi\u00e9 de l\u2019expression de la d\u00e9mocratie de proximit\u00e9, excellents relais de la trop grande g\u00e9n\u00e9ralit\u00e9 per\u00e7ue des probl\u00e8mes politiques g\u00e9n\u00e9raux.<\/p>\n\n\n\n<p><\/p>\n<\/div>\n<\/div>\n\n\n\n<div class=\"wp-block-columns alignfull is-layout-flex wp-container-core-columns-is-layout-5 wp-block-columns-is-layout-flex\">\n<div class=\"wp-block-column is-layout-flow wp-block-column-is-layout-flow\" style=\"flex-basis:100%\">\n<h4 class=\"has-text-align-center wp-block-heading\">Ensemble&nbsp;!<\/h4>\n\n\n\n<p class=\"has-text-align-justify has-background has-normal-font-size\" style=\"line-height:2;background-color:#ffffff\">Conscients de cette compl\u00e9mentarit\u00e9, les pouvoirs publics soutiennent l\u2019emploi associatif gr\u00e2ce \u00e0 des dispositifs de contrats aid\u00e9s largement utilis\u00e9s par les associations. En exemple, l\u2019initiative men\u00e9e par la Ville de Paris et l\u2019association \u201cPariSolidaire\u201d, qui offre \u00e0 certains \u00e9tudiants la possibilit\u00e9 de louer un logement \u00e0 tr\u00e8s bas prix, en \u00e9change de visites \u00e0 des personnes \u00e2g\u00e9es isol\u00e9es quelques heures par semaine.<\/p>\n\n\n\n<blockquote class=\"wp-block-quote is-layout-flow wp-block-quote-is-layout-flow\"><p>Plus d&rsquo;informations sur les contrats aid\u00e9s ici<\/p><\/blockquote>\n\n\n\n<p><\/p>\n\n\n\n<div class=\"wp-block-image\"><figure class=\"aligncenter size-large\"><img decoding=\"async\" src=\"https:\/\/blog.infolocale.fr\/wp-content\/uploads\/2020\/03\/mairie_vendc3a9e.jpg?w=1024\" alt=\"\" class=\"wp-image-593\"\/><\/figure><\/div>\n\n\n\n<p><\/p>\n<\/div>\n<\/div>\n\n\n\n<div class=\"wp-block-columns alignfull is-layout-flex wp-container-core-columns-is-layout-6 wp-block-columns-is-layout-flex\">\n<div class=\"wp-block-column is-layout-flow wp-block-column-is-layout-flow\" style=\"flex-basis:100%\">\n<h4 class=\"has-text-align-center wp-block-heading\">Coh\u00e9sion sociale<\/h4>\n\n\n\n<p class=\"has-text-align-justify has-background has-normal-font-size\" style=\"line-height:2;background-color:#ffffff\">Les associations&nbsp; peuvent \u00eatre consid\u00e9r\u00e9es comme le lieu d\u2019apprentissage de la solidarit\u00e9 et des vertus civiques dans la mesure o\u00f9 l\u2019engagement personnel facilite l\u2019int\u00e9gration des normes et des valeurs n\u00e9cessaires \u00e0 une coh\u00e9sion sociale.<\/p>\n\n\n\n<p class=\"has-text-align-justify has-background has-normal-font-size\" style=\"line-height:2;background-color:#ffffff\">Le monde associatif constitue souvent le creuset dans lequel \u00e9manent des app\u00e9tences politiques. Bien souvent, des \u00e9lus associatifs quittent leurs postes pour entrer en campagne. Tout r\u00e9cemment, Olivier Vermeulin, pr\u00e9sident de l\u2019Amicale de Navarre depuis avril 2017, annonce&nbsp;: \u00ab<strong>Convaincu de la n\u00e9cessit\u00e9 du changement \u00e0 \u00c9vreux, j&rsquo;ai d\u00e9cid\u00e9 de m&rsquo;engager pleinement \u00e0 l&rsquo;occasion des \u00e9lections municipales de mars 2020. Par \u00e9thique, par amour de l&rsquo;association et de mon quartier, par respect pour les salari\u00e9s, adh\u00e9rents et b\u00e9n\u00e9voles, j&rsquo;ai donc naturellement souhait\u00e9 pr\u00e9server l&rsquo;Amicale de Navarre en faisant le choix difficile de d\u00e9missionner du poste de pr\u00e9sident.&nbsp;<\/strong>\u00bb &nbsp;<\/p>\n\n\n\n<figure class=\"wp-block-image size-large\"><a href=\"https:\/\/s.infolocale.fr\/?utm_source=blog&amp;utm_medium=banner&amp;utm_campaign=blog-contents\"><img fetchpriority=\"high\" decoding=\"async\" width=\"1024\" height=\"245\" src=\"https:\/\/www.infolocale.fr\/blog\/wp-content\/uploads\/2021\/02\/Association_blanc-1024x245.png\" alt=\"\" class=\"wp-image-5945\" srcset=\"https:\/\/www.infolocale.fr\/blog\/wp-content\/uploads\/2021\/02\/Association_blanc-1024x245.png 1024w, https:\/\/www.infolocale.fr\/blog\/wp-content\/uploads\/2021\/02\/Association_blanc-300x72.png 300w, https:\/\/www.infolocale.fr\/blog\/wp-content\/uploads\/2021\/02\/Association_blanc-768x183.png 768w, https:\/\/www.infolocale.fr\/blog\/wp-content\/uploads\/2021\/02\/Association_blanc-251x60.png 251w, https:\/\/www.infolocale.fr\/blog\/wp-content\/uploads\/2021\/02\/Association_blanc.png 1168w\" sizes=\"(max-width: 1024px) 100vw, 1024px\" \/><\/a><\/figure>\n<\/div>\n<\/div>\n","protected":false},"excerpt":{"rendered":"<p>Un &nbsp;rapport &nbsp;du S\u00e9nat&nbsp;de f\u00e9vrier 1999 rappelle la volont\u00e9 des pouvoirs publics de ne plus ignorer un ph\u00e9nom\u00e8ne de la vie associative qui touchait &nbsp;25 [&hellip;]<\/p>\n","protected":false},"author":8,"featured_media":5062,"comment_status":"open","ping_status":"open","sticky":false,"template":"","format":"standard","meta":{"_coblocks_attr":"","_coblocks_dimensions":"","_coblocks_responsive_height":"","_coblocks_accordion_ie_support":"","_mo_disable_npp":"","footnotes":""},"categories":[6],"tags":[],"class_list":["post-238","post","type-post","status-publish","format-standard","has-post-thumbnail","hentry","category-actu-acteurs-locaux"],"yoast_head":"<!-- This site is optimized with the Yoast SEO plugin v23.2 - https:\/\/yoast.com\/wordpress\/plugins\/seo\/ -->\n<title>Les associations, laboratoire du monde politique |<\/title>\n<meta name=\"robots\" content=\"index, follow, max-snippet:-1, max-image-preview:large, max-video-preview:-1\" \/>\n<link rel=\"canonical\" href=\"https:\/\/infolocale.20minutes.fr\/blog\/associations-et-monde-politique\/\" \/>\n<meta property=\"og:locale\" content=\"fr_FR\" \/>\n<meta property=\"og:type\" content=\"article\" \/>\n<meta property=\"og:title\" content=\"Les associations, laboratoire du monde politique |\" \/>\n<meta property=\"og:description\" content=\"Un &nbsp;rapport &nbsp;du S\u00e9nat&nbsp;de f\u00e9vrier 1999 rappelle la volont\u00e9 des pouvoirs publics de ne plus ignorer un ph\u00e9nom\u00e8ne de la vie associative qui touchait &nbsp;25 [&hellip;]\" \/>\n<meta property=\"og:url\" content=\"https:\/\/infolocale.20minutes.fr\/blog\/associations-et-monde-politique\/\" \/>\n<meta property=\"article:publisher\" content=\"https:\/\/www.facebook.com\/infolocaleFR\/\" \/>\n<meta property=\"article:published_time\" content=\"2020-03-05T13:34:02+00:00\" \/>\n<meta property=\"article:modified_time\" content=\"2021-03-02T15:13:52+00:00\" \/>\n<meta property=\"og:image\" content=\"https:\/\/infolocale.20minutes.fr\/blog\/wp-content\/uploads\/2020\/03\/mairie_vendc3a9e.jpg\" \/>\n\t<meta property=\"og:image:width\" content=\"2120\" \/>\n\t<meta property=\"og:image:height\" content=\"1414\" \/>\n\t<meta property=\"og:image:type\" content=\"image\/jpeg\" \/>\n<meta name=\"author\" content=\"Myl\u00e8ne\" \/>\n<meta name=\"twitter:card\" content=\"summary_large_image\" \/>\n<meta name=\"twitter:creator\" content=\"@infolocale\" \/>\n<meta name=\"twitter:site\" content=\"@infolocale\" \/>\n<meta name=\"twitter:label1\" content=\"\u00c9crit par\" \/>\n\t<meta name=\"twitter:data1\" content=\"Myl\u00e8ne\" \/>\n\t<meta name=\"twitter:label2\" content=\"Dur\u00e9e de lecture estim\u00e9e\" \/>\n\t<meta name=\"twitter:data2\" content=\"3 minutes\" \/>\n<script type=\"application\/ld+json\" class=\"yoast-schema-graph\">{\"@context\":\"https:\/\/schema.org\",\"@graph\":[{\"@type\":\"Article\",\"@id\":\"https:\/\/infolocale.20minutes.fr\/blog\/associations-et-monde-politique\/#article\",\"isPartOf\":{\"@id\":\"https:\/\/infolocale.20minutes.fr\/blog\/associations-et-monde-politique\/\"},\"author\":{\"name\":\"Myl\u00e8ne\",\"@id\":\"https:\/\/www.infolocale.fr\/blog\/#\/schema\/person\/bf2dc50c6636ffa2ce3e44ef1f9eb97f\"},\"headline\":\"Les associations, laboratoire du monde politique\",\"datePublished\":\"2020-03-05T13:34:02+00:00\",\"dateModified\":\"2021-03-02T15:13:52+00:00\",\"mainEntityOfPage\":{\"@id\":\"https:\/\/infolocale.20minutes.fr\/blog\/associations-et-monde-politique\/\"},\"wordCount\":673,\"commentCount\":0,\"publisher\":{\"@id\":\"https:\/\/www.infolocale.fr\/blog\/#organization\"},\"image\":{\"@id\":\"https:\/\/infolocale.20minutes.fr\/blog\/associations-et-monde-politique\/#primaryimage\"},\"thumbnailUrl\":\"https:\/\/www.infolocale.fr\/blog\/wp-content\/uploads\/2020\/03\/mairie_vendc3a9e.jpg\",\"articleSection\":[\"En ce moment\"],\"inLanguage\":\"fr-FR\",\"potentialAction\":[{\"@type\":\"CommentAction\",\"name\":\"Comment\",\"target\":[\"https:\/\/infolocale.20minutes.fr\/blog\/associations-et-monde-politique\/#respond\"]}]},{\"@type\":\"WebPage\",\"@id\":\"https:\/\/infolocale.20minutes.fr\/blog\/associations-et-monde-politique\/\",\"url\":\"https:\/\/infolocale.20minutes.fr\/blog\/associations-et-monde-politique\/\",\"name\":\"Les associations, laboratoire du monde politique |\",\"isPartOf\":{\"@id\":\"https:\/\/www.infolocale.fr\/blog\/#website\"},\"primaryImageOfPage\":{\"@id\":\"https:\/\/infolocale.20minutes.fr\/blog\/associations-et-monde-politique\/#primaryimage\"},\"image\":{\"@id\":\"https:\/\/infolocale.20minutes.fr\/blog\/associations-et-monde-politique\/#primaryimage\"},\"thumbnailUrl\":\"https:\/\/www.infolocale.fr\/blog\/wp-content\/uploads\/2020\/03\/mairie_vendc3a9e.jpg\",\"datePublished\":\"2020-03-05T13:34:02+00:00\",\"dateModified\":\"2021-03-02T15:13:52+00:00\",\"breadcrumb\":{\"@id\":\"https:\/\/infolocale.20minutes.fr\/blog\/associations-et-monde-politique\/#breadcrumb\"},\"inLanguage\":\"fr-FR\",\"potentialAction\":[{\"@type\":\"ReadAction\",\"target\":[\"https:\/\/infolocale.20minutes.fr\/blog\/associations-et-monde-politique\/\"]}]},{\"@type\":\"ImageObject\",\"inLanguage\":\"fr-FR\",\"@id\":\"https:\/\/infolocale.20minutes.fr\/blog\/associations-et-monde-politique\/#primaryimage\",\"url\":\"https:\/\/www.infolocale.fr\/blog\/wp-content\/uploads\/2020\/03\/mairie_vendc3a9e.jpg\",\"contentUrl\":\"https:\/\/www.infolocale.fr\/blog\/wp-content\/uploads\/2020\/03\/mairie_vendc3a9e.jpg\",\"width\":2120,\"height\":1414},{\"@type\":\"BreadcrumbList\",\"@id\":\"https:\/\/infolocale.20minutes.fr\/blog\/associations-et-monde-politique\/#breadcrumb\",\"itemListElement\":[{\"@type\":\"ListItem\",\"position\":1,\"name\":\"Blog\",\"item\":\"https:\/\/infolocale.ouest-france.fr\/blog\/\"},{\"@type\":\"ListItem\",\"position\":2,\"name\":\"En ce moment\",\"item\":\"https:\/\/infolocale.20minutes.fr\/blog\/cat\/actu-acteurs-locaux\/\"},{\"@type\":\"ListItem\",\"position\":3,\"name\":\"Les associations, laboratoire du monde politique\"}]},{\"@type\":\"WebSite\",\"@id\":\"https:\/\/www.infolocale.fr\/blog\/#website\",\"url\":\"https:\/\/www.infolocale.fr\/blog\/\",\"name\":\"\",\"description\":\"\",\"publisher\":{\"@id\":\"https:\/\/www.infolocale.fr\/blog\/#organization\"},\"potentialAction\":[{\"@type\":\"SearchAction\",\"target\":{\"@type\":\"EntryPoint\",\"urlTemplate\":\"https:\/\/www.infolocale.fr\/blog\/?s={search_term_string}\"},\"query-input\":\"required name=search_term_string\"}],\"inLanguage\":\"fr-FR\"},{\"@type\":\"Organization\",\"@id\":\"https:\/\/www.infolocale.fr\/blog\/#organization\",\"name\":\"Infolocale\",\"url\":\"https:\/\/www.infolocale.fr\/blog\/\",\"logo\":{\"@type\":\"ImageObject\",\"inLanguage\":\"fr-FR\",\"@id\":\"https:\/\/www.infolocale.fr\/blog\/#\/schema\/logo\/image\/\",\"url\":\"https:\/\/www.infolocale.fr\/blog\/wp-content\/uploads\/2020\/11\/logol.jpg\",\"contentUrl\":\"https:\/\/www.infolocale.fr\/blog\/wp-content\/uploads\/2020\/11\/logol.jpg\",\"width\":1031,\"height\":398,\"caption\":\"Infolocale\"},\"image\":{\"@id\":\"https:\/\/www.infolocale.fr\/blog\/#\/schema\/logo\/image\/\"},\"sameAs\":[\"https:\/\/www.facebook.com\/infolocaleFR\/\",\"https:\/\/x.com\/infolocale\",\"https:\/\/www.instagram.com\/infolocale\/\",\"https:\/\/fr.linkedin.com\/company\/infolocale\",\"https:\/\/www.youtube.com\/channel\/UCnv4FA8EYEuu_si3TGr7xeA\"]},{\"@type\":\"Person\",\"@id\":\"https:\/\/www.infolocale.fr\/blog\/#\/schema\/person\/bf2dc50c6636ffa2ce3e44ef1f9eb97f\",\"name\":\"Myl\u00e8ne\",\"image\":{\"@type\":\"ImageObject\",\"inLanguage\":\"fr-FR\",\"@id\":\"https:\/\/www.infolocale.fr\/blog\/#\/schema\/person\/image\/\",\"url\":\"https:\/\/secure.gravatar.com\/avatar\/49511f0ea4b41ed3062b218e30f07042?s=96&d=mm&r=g\",\"contentUrl\":\"https:\/\/secure.gravatar.com\/avatar\/49511f0ea4b41ed3062b218e30f07042?s=96&d=mm&r=g\",\"caption\":\"Myl\u00e8ne\"},\"url\":\"https:\/\/www.infolocale.fr\/blog\/author\/mylene-michel\/\"}]}<\/script>\n<!-- \/ Yoast SEO plugin. -->","yoast_head_json":{"title":"Les associations, laboratoire du monde politique |","robots":{"index":"index","follow":"follow","max-snippet":"max-snippet:-1","max-image-preview":"max-image-preview:large","max-video-preview":"max-video-preview:-1"},"canonical":"https:\/\/infolocale.20minutes.fr\/blog\/associations-et-monde-politique\/","og_locale":"fr_FR","og_type":"article","og_title":"Les associations, laboratoire du monde politique |","og_description":"Un &nbsp;rapport &nbsp;du S\u00e9nat&nbsp;de f\u00e9vrier 1999 rappelle la volont\u00e9 des pouvoirs publics de ne plus ignorer un ph\u00e9nom\u00e8ne de la vie associative qui touchait &nbsp;25 [&hellip;]","og_url":"https:\/\/infolocale.20minutes.fr\/blog\/associations-et-monde-politique\/","article_publisher":"https:\/\/www.facebook.com\/infolocaleFR\/","article_published_time":"2020-03-05T13:34:02+00:00","article_modified_time":"2021-03-02T15:13:52+00:00","og_image":[{"width":2120,"height":1414,"url":"https:\/\/infolocale.20minutes.fr\/blog\/wp-content\/uploads\/2020\/03\/mairie_vendc3a9e.jpg","type":"image\/jpeg"}],"author":"Myl\u00e8ne","twitter_card":"summary_large_image","twitter_creator":"@infolocale","twitter_site":"@infolocale","twitter_misc":{"\u00c9crit par":"Myl\u00e8ne","Dur\u00e9e de lecture estim\u00e9e":"3 minutes"},"schema":{"@context":"https:\/\/schema.org","@graph":[{"@type":"Article","@id":"https:\/\/infolocale.20minutes.fr\/blog\/associations-et-monde-politique\/#article","isPartOf":{"@id":"https:\/\/infolocale.20minutes.fr\/blog\/associations-et-monde-politique\/"},"author":{"name":"Myl\u00e8ne","@id":"https:\/\/www.infolocale.fr\/blog\/#\/schema\/person\/bf2dc50c6636ffa2ce3e44ef1f9eb97f"},"headline":"Les associations, laboratoire du monde politique","datePublished":"2020-03-05T13:34:02+00:00","dateModified":"2021-03-02T15:13:52+00:00","mainEntityOfPage":{"@id":"https:\/\/infolocale.20minutes.fr\/blog\/associations-et-monde-politique\/"},"wordCount":673,"commentCount":0,"publisher":{"@id":"https:\/\/www.infolocale.fr\/blog\/#organization"},"image":{"@id":"https:\/\/infolocale.20minutes.fr\/blog\/associations-et-monde-politique\/#primaryimage"},"thumbnailUrl":"https:\/\/www.infolocale.fr\/blog\/wp-content\/uploads\/2020\/03\/mairie_vendc3a9e.jpg","articleSection":["En ce moment"],"inLanguage":"fr-FR","potentialAction":[{"@type":"CommentAction","name":"Comment","target":["https:\/\/infolocale.20minutes.fr\/blog\/associations-et-monde-politique\/#respond"]}]},{"@type":"WebPage","@id":"https:\/\/infolocale.20minutes.fr\/blog\/associations-et-monde-politique\/","url":"https:\/\/infolocale.20minutes.fr\/blog\/associations-et-monde-politique\/","name":"Les associations, laboratoire du monde politique |","isPartOf":{"@id":"https:\/\/www.infolocale.fr\/blog\/#website"},"primaryImageOfPage":{"@id":"https:\/\/infolocale.20minutes.fr\/blog\/associations-et-monde-politique\/#primaryimage"},"image":{"@id":"https:\/\/infolocale.20minutes.fr\/blog\/associations-et-monde-politique\/#primaryimage"},"thumbnailUrl":"https:\/\/www.infolocale.fr\/blog\/wp-content\/uploads\/2020\/03\/mairie_vendc3a9e.jpg","datePublished":"2020-03-05T13:34:02+00:00","dateModified":"2021-03-02T15:13:52+00:00","breadcrumb":{"@id":"https:\/\/infolocale.20minutes.fr\/blog\/associations-et-monde-politique\/#breadcrumb"},"inLanguage":"fr-FR","potentialAction":[{"@type":"ReadAction","target":["https:\/\/infolocale.20minutes.fr\/blog\/associations-et-monde-politique\/"]}]},{"@type":"ImageObject","inLanguage":"fr-FR","@id":"https:\/\/infolocale.20minutes.fr\/blog\/associations-et-monde-politique\/#primaryimage","url":"https:\/\/www.infolocale.fr\/blog\/wp-content\/uploads\/2020\/03\/mairie_vendc3a9e.jpg","contentUrl":"https:\/\/www.infolocale.fr\/blog\/wp-content\/uploads\/2020\/03\/mairie_vendc3a9e.jpg","width":2120,"height":1414},{"@type":"BreadcrumbList","@id":"https:\/\/infolocale.20minutes.fr\/blog\/associations-et-monde-politique\/#breadcrumb","itemListElement":[{"@type":"ListItem","position":1,"name":"Blog","item":"https:\/\/infolocale.ouest-france.fr\/blog\/"},{"@type":"ListItem","position":2,"name":"En ce moment","item":"https:\/\/infolocale.20minutes.fr\/blog\/cat\/actu-acteurs-locaux\/"},{"@type":"ListItem","position":3,"name":"Les associations, laboratoire du monde politique"}]},{"@type":"WebSite","@id":"https:\/\/www.infolocale.fr\/blog\/#website","url":"https:\/\/www.infolocale.fr\/blog\/","name":"","description":"","publisher":{"@id":"https:\/\/www.infolocale.fr\/blog\/#organization"},"potentialAction":[{"@type":"SearchAction","target":{"@type":"EntryPoint","urlTemplate":"https:\/\/www.infolocale.fr\/blog\/?s={search_term_string}"},"query-input":"required name=search_term_string"}],"inLanguage":"fr-FR"},{"@type":"Organization","@id":"https:\/\/www.infolocale.fr\/blog\/#organization","name":"Infolocale","url":"https:\/\/www.infolocale.fr\/blog\/","logo":{"@type":"ImageObject","inLanguage":"fr-FR","@id":"https:\/\/www.infolocale.fr\/blog\/#\/schema\/logo\/image\/","url":"https:\/\/www.infolocale.fr\/blog\/wp-content\/uploads\/2020\/11\/logol.jpg","contentUrl":"https:\/\/www.infolocale.fr\/blog\/wp-content\/uploads\/2020\/11\/logol.jpg","width":1031,"height":398,"caption":"Infolocale"},"image":{"@id":"https:\/\/www.infolocale.fr\/blog\/#\/schema\/logo\/image\/"},"sameAs":["https:\/\/www.facebook.com\/infolocaleFR\/","https:\/\/x.com\/infolocale","https:\/\/www.instagram.com\/infolocale\/","https:\/\/fr.linkedin.com\/company\/infolocale","https:\/\/www.youtube.com\/channel\/UCnv4FA8EYEuu_si3TGr7xeA"]},{"@type":"Person","@id":"https:\/\/www.infolocale.fr\/blog\/#\/schema\/person\/bf2dc50c6636ffa2ce3e44ef1f9eb97f","name":"Myl\u00e8ne","image":{"@type":"ImageObject","inLanguage":"fr-FR","@id":"https:\/\/www.infolocale.fr\/blog\/#\/schema\/person\/image\/","url":"https:\/\/secure.gravatar.com\/avatar\/49511f0ea4b41ed3062b218e30f07042?s=96&d=mm&r=g","contentUrl":"https:\/\/secure.gravatar.com\/avatar\/49511f0ea4b41ed3062b218e30f07042?s=96&d=mm&r=g","caption":"Myl\u00e8ne"},"url":"https:\/\/www.infolocale.fr\/blog\/author\/mylene-michel\/"}]}},"_links":{"self":[{"href":"https:\/\/www.infolocale.fr\/blog\/wp-json\/wp\/v2\/posts\/238"}],"collection":[{"href":"https:\/\/www.infolocale.fr\/blog\/wp-json\/wp\/v2\/posts"}],"about":[{"href":"https:\/\/www.infolocale.fr\/blog\/wp-json\/wp\/v2\/types\/post"}],"author":[{"embeddable":true,"href":"https:\/\/www.infolocale.fr\/blog\/wp-json\/wp\/v2\/users\/8"}],"replies":[{"embeddable":true,"href":"https:\/\/www.infolocale.fr\/blog\/wp-json\/wp\/v2\/comments?post=238"}],"version-history":[{"count":0,"href":"https:\/\/www.infolocale.fr\/blog\/wp-json\/wp\/v2\/posts\/238\/revisions"}],"wp:featuredmedia":[{"embeddable":true,"href":"https:\/\/www.infolocale.fr\/blog\/wp-json\/wp\/v2\/media\/5062"}],"wp:attachment":[{"href":"https:\/\/www.infolocale.fr\/blog\/wp-json\/wp\/v2\/media?parent=238"}],"wp:term":[{"taxonomy":"category","embeddable":true,"href":"https:\/\/www.infolocale.fr\/blog\/wp-json\/wp\/v2\/categories?post=238"},{"taxonomy":"post_tag","embeddable":true,"href":"https:\/\/www.infolocale.fr\/blog\/wp-json\/wp\/v2\/tags?post=238"}],"curies":[{"name":"wp","href":"https:\/\/api.w.org\/{rel}","templated":true}]}}