{"id":22226,"date":"2023-03-02T17:05:59","date_gmt":"2023-03-02T16:05:59","guid":{"rendered":"https:\/\/www.infolocale.fr\/blog\/?p=22226"},"modified":"2026-05-05T09:18:27","modified_gmt":"2026-05-05T07:18:27","slug":"agenda-departement-loire-atlantique","status":"publish","type":"post","link":"https:\/\/www.infolocale.fr\/blog\/agenda-departement-loire-atlantique\/","title":{"rendered":"Collectivit\u00e9s\/Associations du 44 : Vos \u00e9v\u00e9nements sont diffus\u00e9s sur le site du d\u00e9partement"},"content":{"rendered":"\n<p class=\"has-black-color has-pale-cyan-blue-background-color has-text-color has-background\">Le d\u00e9partement de la Loire-Atlantique utilise d\u00e9sormais les agendas Infolocale sur ses diff\u00e9rents sites. Ces agendas ont pour objectif de faciliter la communication et de montrer le dynamisme et la diversit\u00e9 des initiatives locales. Ils sont orient\u00e9s autour de cinq th\u00e9matiques d&rsquo;\u00e9v\u00e9nements : les loisirs, la nature, le sport, le handicap et la parentalit\u00e9. Toutes les associations, collectivit\u00e9s et organisateurs d\u2019\u00e9v\u00e9nements peuvent y publier gratuitement leurs initiatives en compl\u00e9tant le formulaire d&rsquo;\u00e9v\u00e9nement pr\u00e9sent sur le site Infolocale. En plus d&rsquo;appara\u00eetre sur les agendas du d\u00e9partement, les \u00e9v\u00e9nements renseign\u00e9s sur Infolocale apparaissent \u00e9galement dans les titres et les sites Internet du groupe SIPA Ouest-France.<\/p>\n\n\n\n<div class=\"wp-block-buttons is-content-justification-center is-layout-flex wp-block-buttons-is-layout-flex\">\n<div class=\"wp-block-button has-custom-width wp-block-button__width-75\"><a class=\"wp-block-button__link has-white-color has-luminous-vivid-amber-background-color has-text-color has-background\" href=\"https:\/\/www.infolocale.fr\/decouvrir\/collectivites\/?int_source=blog&amp;int_medium=banner&amp;int_campaign=blog-content-artcoll\">&gt;&gt; Je souhaite int\u00e9grer un agenda sur le site de ma collectivit\u00e9<\/a><\/div>\n<\/div>\n\n\n\n<p><\/p>\n\n\n\n<p>Terre de culture et de sport, la Loire-Atlantique fourmille d&rsquo;initiatives locales. Pour valoriser ce dynamisme et offrir une visibilit\u00e9 maximale aux organisateurs, le D\u00e9partement s&rsquo;appuie sur la solution Infolocale pour propulser ses agendas th\u00e9matiques.<\/p>\n\n\n\n<p>Dans cet article, d\u00e9couvrez les diff\u00e9rents <strong>agendas mis en place par le d\u00e9partement 44<\/strong> ainsi que la marche \u00e0 suivre pour que votre collectivit\u00e9, association\u00a0puisse y faire figurer ses \u00e9v\u00e9nements.\u00a0<\/p>\n\n\n\n<h2 class=\"wp-block-heading\"><strong>Les agendas des sorties et de la vie associative de la Loire-Atlantique :<\/strong>&nbsp;<\/h2>\n\n\n\n<p><\/p>\n\n\n\n<p>Le d\u00e9partement met \u00e0 disposition du grand public des agendas pour animer les comp\u00e9tences territoriales dont il a la charge. Ces agendas rassemblent les actions des acteurs locaux autour de cinq th\u00e9matiques. Le portail d\u00e9partemental se d\u00e9cline en cinq univers sp\u00e9cifiques pour r\u00e9pondre aux centres d\u2019int\u00e9r\u00eat de tous les habitants : <\/p>\n\n\n\n<ul class=\"wp-block-list\">\n<li>Sorties et Loisirs\u00a0<\/li>\n\n\n\n<li>Nature<\/li>\n\n\n\n<li>Sport\u00a0<\/li>\n\n\n\n<li>Handicap&nbsp;<\/li>\n\n\n\n<li>Parentalit\u00e9&nbsp;<\/li>\n<\/ul>\n\n\n\n<p><strong>L\u2019agenda des sorties et des loisirs du d\u00e9partement Loire-Atlantique :<\/strong>&nbsp;<\/p>\n\n\n\n<figure class=\"wp-block-image size-full is-resized\"><img fetchpriority=\"high\" decoding=\"async\" width=\"628\" height=\"528\" src=\"https:\/\/www.infolocale.fr\/blog\/wp-content\/uploads\/2023\/03\/image-7.png\" alt=\"Agenda des sorties du d\u00e9partement Loire-Atlantique\" class=\"wp-image-22242\" style=\"width:579px;height:487px\" srcset=\"https:\/\/www.infolocale.fr\/blog\/wp-content\/uploads\/2023\/03\/image-7.png 628w, https:\/\/www.infolocale.fr\/blog\/wp-content\/uploads\/2023\/03\/image-7-300x252.png 300w\" sizes=\"(max-width: 628px) 100vw, 628px\" \/><\/figure>\n\n\n\n<p>Cet agenda global permet de retrouver toutes les activit\u00e9s propos\u00e9es dans le d\u00e9partement par : &nbsp;<\/p>\n\n\n\n<ul class=\"wp-block-list\">\n<li>Le monde associatif, &nbsp;<\/li>\n\n\n\n<li>Les services publics &nbsp;<\/li>\n\n\n\n<li>Et les \u00e9quipements publics. &nbsp;<\/li>\n<\/ul>\n\n\n\n<p>Pour les internautes, son usage est simple. Il suffit de renseigner le nom d\u2019une commune du d\u00e9partement. Le moteur de recherche vous propose alors un panel d&rsquo;activit\u00e9s complet, des visites, des concerts, ainsi que les informations utiles telles que la date, le prix, ou le lieu&#8230;&nbsp;<\/p>\n\n\n\n<p>Le site du conseil d\u00e9partemental de Loire-Atlantique vous propose \u00e9galement sous son moteur de recherche, une s\u00e9lection d&rsquo;activit\u00e9s \u00e0 faire dans les prochains jours.&nbsp;<\/p>\n\n\n\n<figure class=\"wp-block-image size-full\"><img decoding=\"async\" width=\"502\" height=\"380\" src=\"https:\/\/www.infolocale.fr\/blog\/wp-content\/uploads\/2023\/03\/image-1.png\" alt=\"Carte des \u00e9v\u00e8nements du d\u00e9partement de la Loire-Atlantique\" class=\"wp-image-22231\" srcset=\"https:\/\/www.infolocale.fr\/blog\/wp-content\/uploads\/2023\/03\/image-1.png 502w, https:\/\/www.infolocale.fr\/blog\/wp-content\/uploads\/2023\/03\/image-1-300x227.png 300w\" sizes=\"(max-width: 502px) 100vw, 502px\" \/><\/figure>\n\n\n\n<h3 class=\"wp-block-heading\"><strong>L\u2019agenda des balades et des sorties natures du d\u00e9partement Loire-Atlantique :<\/strong>&nbsp;<\/h3>\n\n\n\n<p><\/p>\n\n\n\n<p>La Loire-Atlantique dispose de 40 espaces naturels exceptionnels, dont certains sont prot\u00e9g\u00e9s par le D\u00e9partement.&nbsp;<\/p>\n\n\n\n<p>L\u2019objectif de l\u2019agenda est de r\u00e9f\u00e9rencer toutes les activit\u00e9s autour de la th\u00e9matique \u201cnature\u201d du D\u00e9partement. Ce calendrier propose un large panel de balades et de d\u00e9couvertes comment\u00e9es, de jour comme de nuit, anim\u00e9es par les partenaires naturalistes du territoire.<\/p>\n\n\n\n<p>Il permet \u00e9galement aux associations, collectivit\u00e9s d\u2019annoncer leurs \u00e9v\u00e8nements en lien avec cette th\u00e9matique. &nbsp;<\/p>\n\n\n\n<p>Cr\u00e9ez un compte pour votre association et annoncez vos \u00e9v\u00e8nements sur Infolocale<strong> : <\/strong><a href=\"https:\/\/www.loire-atlantique.fr\/44\/envie-de-nature\/l-agenda-des-balades-et-sorties-nature\/c_1272686\" target=\"_blank\" rel=\"noreferrer noopener\">L&rsquo;agenda des balades et sorties nature &#8211; Loire-Atlantique<\/a>&nbsp;<\/p>\n\n\n\n<figure class=\"wp-block-image size-full is-style-default\"><img decoding=\"async\" width=\"508\" height=\"276\" src=\"https:\/\/www.infolocale.fr\/blog\/wp-content\/uploads\/2023\/03\/image.png\" alt=\"Agenda du d\u00e9partement Loire-Atlantique concernant les balades et les sorties natures\" class=\"wp-image-22230\" srcset=\"https:\/\/www.infolocale.fr\/blog\/wp-content\/uploads\/2023\/03\/image.png 508w, https:\/\/www.infolocale.fr\/blog\/wp-content\/uploads\/2023\/03\/image-300x163.png 300w\" sizes=\"(max-width: 508px) 100vw, 508px\" \/><\/figure>\n\n\n\n<h3 class=\"wp-block-heading\"><strong>L\u2019agenda sportif de la Loire-Atlantique<\/strong>&nbsp;:<\/h3>\n\n\n\n<p><\/p>\n\n\n\n<p>L\u2019agenda sportif du d\u00e9partement permet aux clubs de communiquer sur leurs \u00e9v\u00e8nements \u00e0 venir. On y retrouve les rencontres sportives, les dates et les lieux o\u00f9 elles se d\u00e9roulent. Vous avez un club de sport sur le d\u00e9partement 44 ? Vous souhaitez communiquer sur vos rencontres \u00e0 venir, vos tournois et comp\u00e9titions ? &nbsp;<\/p>\n\n\n\n<p>Cr\u00e9ez un compte pour votre association et annoncez vos \u00e9v\u00e8nements sur <a href=\"https:\/\/www.loire-atlantique.fr\/44\/envie-de-faire-du-sport\/l-agenda-sportif-en-loire-atlantique\/c_1302872\">Infolocale<\/a><\/p>\n\n\n\n<p><\/p>\n\n\n\n<figure class=\"wp-block-image size-large is-resized\"><img loading=\"lazy\" decoding=\"async\" width=\"1015\" height=\"1024\" src=\"https:\/\/www.infolocale.fr\/blog\/wp-content\/uploads\/2023\/03\/image-6-1015x1024.png\" alt=\"Agenda du d\u00e9partement Loire-Atlantique concernant les \u00e9v\u00e8nements sportifs\" class=\"wp-image-22236\" style=\"width:480px;height:484px\" srcset=\"https:\/\/www.infolocale.fr\/blog\/wp-content\/uploads\/2023\/03\/image-6-1015x1024.png 1015w, https:\/\/www.infolocale.fr\/blog\/wp-content\/uploads\/2023\/03\/image-6-297x300.png 297w, https:\/\/www.infolocale.fr\/blog\/wp-content\/uploads\/2023\/03\/image-6-150x150.png 150w, https:\/\/www.infolocale.fr\/blog\/wp-content\/uploads\/2023\/03\/image-6-768x775.png 768w, https:\/\/www.infolocale.fr\/blog\/wp-content\/uploads\/2023\/03\/image-6.png 1205w\" sizes=\"(max-width: 1015px) 100vw, 1015px\" \/><\/figure>\n\n\n\n<h3 class=\"wp-block-heading\"><strong>L\u2019agenda du handicap de la Loire-Atlantique :<\/strong><\/h3>\n\n\n\n<p><\/p>\n\n\n\n<p>Le quatri\u00e8me agenda mis en place par Infolocale pour le conseil d\u00e9partemental de Loire-Atlantique est celui d\u00e9di\u00e9 au handicap. Son objectif est de lutter contre l\u2019exclusion sociale, \u00e9conomique et culturelle subie par les personnes en situation de handicap. Il permet de retrouver tous les rendez-vous propos\u00e9s par le d\u00e9partement autour du handicap.&nbsp;<\/p>\n\n\n\n<p>On retrouve des expositions, des projections de films ou encore des rencontres. &nbsp;<\/p>\n\n\n\n<p>Cr\u00e9ez un compte pour votre association et annoncez vos \u00e9v\u00e8nements sur <a href=\"https:\/\/handicap.loire-atlantique.fr\/44\/agenda-du-handicap-en-loire-atlantique\/handi_15826\">Infolocale<\/a><\/p>\n\n\n\n<p><em>\u00c0 noter que cet agenda est r\u00e9serv\u00e9 \u00e0 certains types d\u2019organismes<\/em>&nbsp;<\/p>\n\n\n\n<figure class=\"wp-block-image size-large is-resized\"><img loading=\"lazy\" decoding=\"async\" width=\"1024\" height=\"756\" src=\"https:\/\/www.infolocale.fr\/blog\/wp-content\/uploads\/2023\/03\/image-5-1024x756.png\" alt=\"Agenda du d\u00e9partement Loire-Atlantique concernant le handicap\" class=\"wp-image-22235\" style=\"width:487px;height:359px\" srcset=\"https:\/\/www.infolocale.fr\/blog\/wp-content\/uploads\/2023\/03\/image-5-1024x756.png 1024w, https:\/\/www.infolocale.fr\/blog\/wp-content\/uploads\/2023\/03\/image-5-300x222.png 300w, https:\/\/www.infolocale.fr\/blog\/wp-content\/uploads\/2023\/03\/image-5-768x567.png 768w, https:\/\/www.infolocale.fr\/blog\/wp-content\/uploads\/2023\/03\/image-5.png 1194w\" sizes=\"(max-width: 1024px) 100vw, 1024px\" \/><\/figure>\n\n\n\n<p><\/p>\n\n\n\n<h3 class=\"wp-block-heading\"><strong>L\u2019agenda de la parentalit\u00e9 du d\u00e9partement Loire-Atlantique&nbsp;:<\/strong>&nbsp;<\/h3>\n\n\n\n<p><\/p>\n\n\n\n<p>Cet agenda permet de rassembler tous les \u00e9v\u00e9nements ayant un lien avec la parentalit\u00e9 (ateliers, conf\u00e9rences, groupes)&nbsp;<\/p>\n\n\n\n<p>Les internautes qui le consultent peuvent retrouver un large choix d\u2019informations, class\u00e9es en fonction de la situation familiale o\u00f9 de l\u2019\u00e2ge de l&rsquo;enfant. \u00a0<\/p>\n\n\n\n<p>Les \u00e9v\u00e9nements y sont class\u00e9s selon 5 cat\u00e9gories : &nbsp;<\/p>\n\n\n\n<ul class=\"wp-block-list\">\n<li>Futurs parents : pr\u00e9parer l\u2019arriv\u00e9e de l\u2019enfant\u00a0<\/li>\n\n\n\n<li>L\u2019enfance de 0 \u00e0 6 ans &nbsp;<\/li>\n\n\n\n<li>L\u2019enfance de 7 \u00e0 11 ans &nbsp;<\/li>\n\n\n\n<li>Des informations sur les adolescents et les jeunes adultes &nbsp;<\/li>\n\n\n\n<li>La vie des familles&nbsp;<\/li>\n<\/ul>\n\n\n\n<figure class=\"wp-block-image size-large is-resized\"><img loading=\"lazy\" decoding=\"async\" width=\"1024\" height=\"896\" src=\"https:\/\/www.infolocale.fr\/blog\/wp-content\/uploads\/2023\/03\/image-3-1024x896.png\" alt=\"Agenda du d\u00e9partement Loire-Atlantique sur la parentalit\u00e9\" class=\"wp-image-22233\" style=\"width:494px;height:432px\" srcset=\"https:\/\/www.infolocale.fr\/blog\/wp-content\/uploads\/2023\/03\/image-3-1024x896.png 1024w, https:\/\/www.infolocale.fr\/blog\/wp-content\/uploads\/2023\/03\/image-3-300x262.png 300w, https:\/\/www.infolocale.fr\/blog\/wp-content\/uploads\/2023\/03\/image-3-768x672.png 768w, https:\/\/www.infolocale.fr\/blog\/wp-content\/uploads\/2023\/03\/image-3.png 1191w\" sizes=\"(max-width: 1024px) 100vw, 1024px\" \/><\/figure>\n\n\n\n<p>Cr\u00e9ez un compte pour votre association et annoncez vos \u00e9v\u00e8nements sur <a href=\"https:\/\/parents.loire-atlantique.fr\/agenda\/\">Infolocale<\/a><\/p>\n\n\n\n<p><em>\u00c0 noter que cet agenda est r\u00e9serv\u00e9 \u00e0 certains types d\u2019organismes<\/em>&nbsp;<\/p>\n\n\n\n<p>Si vous rencontrez un souci lors du d\u00e9p\u00f4t d\u2019une annonce dans l\u2019agenda, veuillez envoyer un mail \u00e0 <a href=\"mailto:parents@loire-atlantique.fr\" target=\"_blank\" rel=\"noreferrer noopener\">parents@loire-atlantique.fr<\/a>&nbsp;<\/p>\n\n\n\n<h2 class=\"wp-block-heading\"><strong>Les communes r\u00e9utilisatrices des agendas de la Loire-Atlantique<\/strong>\u00a0:<\/h2>\n\n\n\n<p><\/p>\n\n\n\n<p>Il est \u00e9galement possible, pour les communes de Loire-Atlantique, de r\u00e9utiliser les contenus fournis par les agendas du d\u00e9partement. C\u2019est toute la sp\u00e9cificit\u00e9 de l\u2019offre EPCI &amp; COM d\u2019Infolocale. &nbsp;<\/p>\n\n\n\n<p>Cette offre permet aux communes des d\u00e9partements et des communaut\u00e9s de communes d\u2019utiliser les contenus g\u00e9n\u00e9r\u00e9s par les EPCI, communaut\u00e9s de communes\u00a0pour alimenter leurs propres supports de communication. Cela permet de proposer des agendas complets et d\u2019assurer une meilleure couverture des \u00e9v\u00e9nements sur l\u2019ensemble du territoire.<\/p>\n\n\n\n<p>Pour en savoir plus \u00e0 propos de cette offre, retrouvez toutes les informations n\u00e9cessaires <a href=\"https:\/\/www.infolocale.fr\/decouvrir\/collectivites\/\">ici<\/a> :<\/p>\n\n\n\n<p><\/p>\n\n\n\n<p>Un grand nombre de communes du d\u00e9partement 44 r\u00e9utilisent d\u00e9j\u00e0 les contenus fournis \u00e0 leur conseil d\u00e9partemental. <\/p>\n\n\n\n<p>C&rsquo;est notamment le cas de <a href=\"https:\/\/www.saintnazaire.fr\/mon-quotidien\/sortir-a-saint-nazaire\/\">Saint Nazaire<\/a><\/p>\n\n\n\n<p>De <a href=\"https:\/\/www.saint-nazaire-tourisme.com\/agenda\/\"><strong>l&rsquo;Office de Tourisme de Saint Nazaire<\/strong> <\/a><\/p>\n\n\n\n<figure class=\"wp-block-image size-full\"><img loading=\"lazy\" decoding=\"async\" width=\"458\" height=\"452\" src=\"https:\/\/www.infolocale.fr\/blog\/wp-content\/uploads\/2023\/03\/image-4.png\" alt=\"Agenda de l'office de tourisme de Saint-Nazaire\" class=\"wp-image-22234\" srcset=\"https:\/\/www.infolocale.fr\/blog\/wp-content\/uploads\/2023\/03\/image-4.png 458w, https:\/\/www.infolocale.fr\/blog\/wp-content\/uploads\/2023\/03\/image-4-300x296.png 300w\" sizes=\"(max-width: 458px) 100vw, 458px\" \/><\/figure>\n\n\n\n<p>\u00c9galement de l&rsquo;agglom\u00e9ration de<strong><a href=\"https:\/\/www.agglo-carene.fr\/l-agenda-des-sorties\"> La Car\u00e8ne <\/a><\/strong><\/p>\n\n\n\n<p>De la commune de <strong><a href=\"https:\/\/www.mairie-trignac.fr\/systeme\/agenda\/\">Trignac<\/a><\/strong><\/p>\n\n\n\n<figure class=\"wp-block-image size-full\"><img loading=\"lazy\" decoding=\"async\" width=\"462\" height=\"456\" src=\"https:\/\/www.infolocale.fr\/blog\/wp-content\/uploads\/2023\/03\/image-2.png\" alt=\"Agenda de la commune de Trignac\" class=\"wp-image-22232\" srcset=\"https:\/\/www.infolocale.fr\/blog\/wp-content\/uploads\/2023\/03\/image-2.png 462w, https:\/\/www.infolocale.fr\/blog\/wp-content\/uploads\/2023\/03\/image-2-300x296.png 300w\" sizes=\"(max-width: 462px) 100vw, 462px\" \/><\/figure>\n\n\n\n<p>Et&nbsp;de la commune de <strong><a href=\"https:\/\/www.pornichet.fr\/voir-faire\/agenda-manifestations\">Pornichet.<\/a><\/strong><\/p>\n\n\n\n<p>Les agendas du d\u00e9partement de la Loire-Atlantique pr\u00e9sent\u00e9s sont riches d&rsquo;initiatives locales. Tous les contenus d\u00e9pos\u00e9s par les collectivit\u00e9s et les associations participent \u00e0 cette richesse. Faites comme eux, d\u00e9posez d\u00e8s maintenant vos contenus sur <a href=\"https:\/\/www.infolocale.fr\/\">Infolocale.<\/a><\/p>\n\n\n\n<h2 class=\"wp-block-heading\"><strong>Comment appara\u00eetre et multi-diffuser dans les agendas du d\u00e9partement de la Loire-Atlantique ?<\/strong>&nbsp;<\/h2>\n\n\n\n<p><\/p>\n\n\n\n<p>Pour appara\u00eetre dans ces agendas et diffuser vos activit\u00e9s, \u00e9v\u00e8nements, inscrivez-vous sur Infolocale. Une fois inscrit, vous pourrez publier vos \u00e9v\u00e9nements.<\/p>\n\n\n\n<p>Infolocale est un service du Groupe SIPA Ouest-France.<\/p>\n\n\n\n<p>En publiant sur Infolocale, vous b\u00e9n\u00e9ficiez d&rsquo;un effet multiplicateur : votre \u00e9v\u00e9nement est visible simultan\u00e9ment sur le site du D\u00e9partement, sur celui de votre commune et aupr\u00e8s de l&rsquo;audience massive du groupe SIPA Ouest-France (Ouest-France, Presse Oc\u00e9an, Actu.fr et 20 Minutes).<\/p>\n\n\n\n<p>Pour les \u00e9v\u00e8nements pr\u00e9sents dans le d\u00e9partement de la Loire Atlantique ils sont diffus\u00e9s sur Ouest-France et ses titres associ\u00e9s (Presse Oc\u00e9an). Ils sont \u00e9galement diffus\u00e9s sur le site internet de <a href=\"https:\/\/www.ouest-france.fr\/\">Ouest-France<\/a>, sur le site <a href=\"https:\/\/actu.fr\/\">Actu <\/a> et sur <a href=\"https:\/\/www.20minutes.fr\/\">20 Minutes.<\/a><\/p>\n\n\n\n<div class=\"wp-block-image\"><figure class=\"aligncenter size-large is-resized\"><a href=\"https:\/\/www.infolocale.fr\/decouvrir\/collectivites\/?utm_source=blog&amp;utm_medium=banner&amp;utm_campaign=blog-content-artcoll\"><img loading=\"lazy\" decoding=\"async\" src=\"https:\/\/www.infolocale.fr\/blog\/wp-content\/uploads\/2023\/03\/Bannieres-Blog-1024x910.png\" alt=\"\" class=\"wp-image-22379\" width=\"608\" height=\"540\" srcset=\"https:\/\/www.infolocale.fr\/blog\/wp-content\/uploads\/2023\/03\/Bannieres-Blog-1024x910.png 1024w, https:\/\/www.infolocale.fr\/blog\/wp-content\/uploads\/2023\/03\/Bannieres-Blog-300x267.png 300w, https:\/\/www.infolocale.fr\/blog\/wp-content\/uploads\/2023\/03\/Bannieres-Blog-768x683.png 768w, https:\/\/www.infolocale.fr\/blog\/wp-content\/uploads\/2023\/03\/Bannieres-Blog-1536x1366.png 1536w, https:\/\/www.infolocale.fr\/blog\/wp-content\/uploads\/2023\/03\/Bannieres-Blog.png 1875w\" sizes=\"(max-width: 608px) 100vw, 608px\" \/><\/a><\/figure><\/div>\n\n\n\n<p><\/p>\n\n\n\n<h2 class=\"wp-block-heading\"><strong>Mairies, collectivit\u00e9s : comment int\u00e9grer un agenda des \u00e9v\u00e9nements sur vos sites internet ?<\/strong>&nbsp;<\/h2>\n\n\n\n<p><\/p>\n\n\n\n<p>L\u2019objectif de l\u2019offre Infolocale Collectivit\u00e9s est de relayer les informations propres \u00e0 votre territoire, transmises sur Infolocale, sur vos propres canaux de communications (r\u00e9seaux sociaux, sites internet, newsletter). Vous \u00eates int\u00e9ress\u00e9 pour diffuser les contenus de votre territoire pr\u00e9sents sur Infolocale ?&nbsp;<\/p>\n\n\n\n<p>Que vous soyez une commune ou une communaut\u00e9 de communes, vous trouverez facilement l&rsquo;offre adapt\u00e9e \u00e0 vos besoins. &nbsp;<\/p>\n\n\n\n<p>Pour cela, rien de plus simple, rendez-vous sur notre page d\u00e9di\u00e9e aux <a href=\"https:\/\/www.infolocale.fr\/decouvrir\/\">collectivit\u00e9s.<\/a> Vous y trouverez tous les d\u00e9tails de notre offre ainsi qu\u2019un formulaire pour nous \u00e9crire. Contactez-nous ! Nous nous ferons un plaisir d&rsquo;\u00e9changer pour mettre en place l&rsquo;offre correspondant \u00e0 vos besoins.&nbsp;<\/p>\n\n\n\n<p><\/p>\n","protected":false},"excerpt":{"rendered":"<p>Le d\u00e9partement de la Loire-Atlantique utilise d\u00e9sormais les agendas Infolocale sur ses diff\u00e9rents sites. Ces agendas ont pour objectif de faciliter la communication et de [&hellip;]<\/p>\n","protected":false},"author":16,"featured_media":22229,"comment_status":"open","ping_status":"open","sticky":false,"template":"","format":"standard","meta":{"_coblocks_attr":"","_coblocks_dimensions":"","_coblocks_responsive_height":"","_coblocks_accordion_ie_support":"","_mo_disable_npp":"","footnotes":""},"categories":[75],"tags":[107,86],"class_list":["post-22226","post","type-post","status-publish","format-standard","has-post-thumbnail","hentry","category-communication-des-institutions-et-collectivites","tag-diffusion","tag-fonctionnalites"],"yoast_head":"<!-- This site is optimized with the Yoast SEO plugin v23.2 - https:\/\/yoast.com\/wordpress\/plugins\/seo\/ -->\n<title>Loire Atlantique (44), le d\u00e9partement utilise Infolocale pour ses agendas<\/title>\n<meta name=\"description\" content=\"D\u00e9couvrez les agendas Infolocale du D\u00e9partement de la Loire-Atlantique mettant en avant les initiatives locales du territoire.\" \/>\n<meta name=\"robots\" content=\"index, follow, max-snippet:-1, max-image-preview:large, max-video-preview:-1\" \/>\n<link rel=\"canonical\" href=\"https:\/\/infolocale.ouest-france.fr\/blog\/agenda-departement-loire-atlantique\/\" \/>\n<meta property=\"og:locale\" content=\"fr_FR\" \/>\n<meta property=\"og:type\" content=\"article\" \/>\n<meta property=\"og:title\" content=\"Loire Atlantique (44), le d\u00e9partement utilise Infolocale pour ses agendas\" \/>\n<meta property=\"og:description\" content=\"D\u00e9couvrez les agendas Infolocale du D\u00e9partement de la Loire-Atlantique mettant en avant les initiatives locales du territoire.\" \/>\n<meta property=\"og:url\" content=\"https:\/\/infolocale.ouest-france.fr\/blog\/agenda-departement-loire-atlantique\/\" \/>\n<meta property=\"article:publisher\" content=\"https:\/\/www.facebook.com\/infolocaleFR\/\" \/>\n<meta property=\"article:published_time\" content=\"2023-03-02T16:05:59+00:00\" \/>\n<meta property=\"article:modified_time\" content=\"2026-05-05T07:18:27+00:00\" \/>\n<meta property=\"og:image\" content=\"https:\/\/infolocale.ouest-france.fr\/blog\/wp-content\/uploads\/2023\/03\/Infolocale-Agenda-Loire-Atlantique.jpg\" \/>\n\t<meta property=\"og:image:width\" content=\"800\" \/>\n\t<meta property=\"og:image:height\" content=\"560\" \/>\n\t<meta property=\"og:image:type\" content=\"image\/jpeg\" \/>\n<meta name=\"author\" content=\"Antoine\" \/>\n<meta name=\"twitter:card\" content=\"summary_large_image\" \/>\n<meta name=\"twitter:creator\" content=\"@infolocale\" \/>\n<meta name=\"twitter:site\" content=\"@infolocale\" \/>\n<meta name=\"twitter:label1\" content=\"\u00c9crit par\" \/>\n\t<meta name=\"twitter:data1\" content=\"Antoine\" \/>\n\t<meta name=\"twitter:label2\" content=\"Dur\u00e9e de lecture estim\u00e9e\" \/>\n\t<meta name=\"twitter:data2\" content=\"8 minutes\" \/>\n<script type=\"application\/ld+json\" class=\"yoast-schema-graph\">{\"@context\":\"https:\/\/schema.org\",\"@graph\":[{\"@type\":\"Article\",\"@id\":\"https:\/\/infolocale.ouest-france.fr\/blog\/agenda-departement-loire-atlantique\/#article\",\"isPartOf\":{\"@id\":\"https:\/\/infolocale.ouest-france.fr\/blog\/agenda-departement-loire-atlantique\/\"},\"author\":{\"name\":\"Antoine\",\"@id\":\"https:\/\/www.infolocale.fr\/blog\/#\/schema\/person\/fa11e8a9723224e0eed944339ea01418\"},\"headline\":\"Collectivit\u00e9s\/Associations du 44 : Vos \u00e9v\u00e9nements sont diffus\u00e9s sur le site du d\u00e9partement\",\"datePublished\":\"2023-03-02T16:05:59+00:00\",\"dateModified\":\"2026-05-05T07:18:27+00:00\",\"mainEntityOfPage\":{\"@id\":\"https:\/\/infolocale.ouest-france.fr\/blog\/agenda-departement-loire-atlantique\/\"},\"wordCount\":1349,\"commentCount\":0,\"publisher\":{\"@id\":\"https:\/\/www.infolocale.fr\/blog\/#organization\"},\"image\":{\"@id\":\"https:\/\/infolocale.ouest-france.fr\/blog\/agenda-departement-loire-atlantique\/#primaryimage\"},\"thumbnailUrl\":\"https:\/\/www.infolocale.fr\/blog\/wp-content\/uploads\/2023\/03\/Infolocale-Agenda-Loire-Atlantique.jpg\",\"keywords\":[\"diffusion\",\"Tout savoir sur Infolocale\"],\"articleSection\":[\"Communication des institutions et collectivit\u00e9s\"],\"inLanguage\":\"fr-FR\",\"potentialAction\":[{\"@type\":\"CommentAction\",\"name\":\"Comment\",\"target\":[\"https:\/\/infolocale.ouest-france.fr\/blog\/agenda-departement-loire-atlantique\/#respond\"]}]},{\"@type\":\"WebPage\",\"@id\":\"https:\/\/infolocale.ouest-france.fr\/blog\/agenda-departement-loire-atlantique\/\",\"url\":\"https:\/\/infolocale.ouest-france.fr\/blog\/agenda-departement-loire-atlantique\/\",\"name\":\"Loire Atlantique (44), le d\u00e9partement utilise Infolocale pour ses agendas\",\"isPartOf\":{\"@id\":\"https:\/\/www.infolocale.fr\/blog\/#website\"},\"primaryImageOfPage\":{\"@id\":\"https:\/\/infolocale.ouest-france.fr\/blog\/agenda-departement-loire-atlantique\/#primaryimage\"},\"image\":{\"@id\":\"https:\/\/infolocale.ouest-france.fr\/blog\/agenda-departement-loire-atlantique\/#primaryimage\"},\"thumbnailUrl\":\"https:\/\/www.infolocale.fr\/blog\/wp-content\/uploads\/2023\/03\/Infolocale-Agenda-Loire-Atlantique.jpg\",\"datePublished\":\"2023-03-02T16:05:59+00:00\",\"dateModified\":\"2026-05-05T07:18:27+00:00\",\"description\":\"D\u00e9couvrez les agendas Infolocale du D\u00e9partement de la Loire-Atlantique mettant en avant les initiatives locales du territoire.\",\"breadcrumb\":{\"@id\":\"https:\/\/infolocale.ouest-france.fr\/blog\/agenda-departement-loire-atlantique\/#breadcrumb\"},\"inLanguage\":\"fr-FR\",\"potentialAction\":[{\"@type\":\"ReadAction\",\"target\":[\"https:\/\/infolocale.ouest-france.fr\/blog\/agenda-departement-loire-atlantique\/\"]}]},{\"@type\":\"ImageObject\",\"inLanguage\":\"fr-FR\",\"@id\":\"https:\/\/infolocale.ouest-france.fr\/blog\/agenda-departement-loire-atlantique\/#primaryimage\",\"url\":\"https:\/\/www.infolocale.fr\/blog\/wp-content\/uploads\/2023\/03\/Infolocale-Agenda-Loire-Atlantique.jpg\",\"contentUrl\":\"https:\/\/www.infolocale.fr\/blog\/wp-content\/uploads\/2023\/03\/Infolocale-Agenda-Loire-Atlantique.jpg\",\"width\":800,\"height\":560,\"caption\":\"Infolocale Agenda Loire Atlantique\"},{\"@type\":\"BreadcrumbList\",\"@id\":\"https:\/\/infolocale.ouest-france.fr\/blog\/agenda-departement-loire-atlantique\/#breadcrumb\",\"itemListElement\":[{\"@type\":\"ListItem\",\"position\":1,\"name\":\"Blog\",\"item\":\"https:\/\/infolocale.ouest-france.fr\/blog\/\"},{\"@type\":\"ListItem\",\"position\":2,\"name\":\"Communication des institutions et collectivit\u00e9s\",\"item\":\"https:\/\/infolocale.ouest-france.fr\/blog\/cat\/communication-des-institutions-et-collectivites\/\"},{\"@type\":\"ListItem\",\"position\":3,\"name\":\"Collectivit\u00e9s\/Associations du 44 : Vos \u00e9v\u00e9nements sont diffus\u00e9s sur le site du d\u00e9partement\"}]},{\"@type\":\"WebSite\",\"@id\":\"https:\/\/www.infolocale.fr\/blog\/#website\",\"url\":\"https:\/\/www.infolocale.fr\/blog\/\",\"name\":\"\",\"description\":\"\",\"publisher\":{\"@id\":\"https:\/\/www.infolocale.fr\/blog\/#organization\"},\"potentialAction\":[{\"@type\":\"SearchAction\",\"target\":{\"@type\":\"EntryPoint\",\"urlTemplate\":\"https:\/\/www.infolocale.fr\/blog\/?s={search_term_string}\"},\"query-input\":\"required name=search_term_string\"}],\"inLanguage\":\"fr-FR\"},{\"@type\":\"Organization\",\"@id\":\"https:\/\/www.infolocale.fr\/blog\/#organization\",\"name\":\"Infolocale\",\"url\":\"https:\/\/www.infolocale.fr\/blog\/\",\"logo\":{\"@type\":\"ImageObject\",\"inLanguage\":\"fr-FR\",\"@id\":\"https:\/\/www.infolocale.fr\/blog\/#\/schema\/logo\/image\/\",\"url\":\"https:\/\/www.infolocale.fr\/blog\/wp-content\/uploads\/2020\/11\/logol.jpg\",\"contentUrl\":\"https:\/\/www.infolocale.fr\/blog\/wp-content\/uploads\/2020\/11\/logol.jpg\",\"width\":1031,\"height\":398,\"caption\":\"Infolocale\"},\"image\":{\"@id\":\"https:\/\/www.infolocale.fr\/blog\/#\/schema\/logo\/image\/\"},\"sameAs\":[\"https:\/\/www.facebook.com\/infolocaleFR\/\",\"https:\/\/x.com\/infolocale\",\"https:\/\/www.instagram.com\/infolocale\/\",\"https:\/\/fr.linkedin.com\/company\/infolocale\",\"https:\/\/www.youtube.com\/channel\/UCnv4FA8EYEuu_si3TGr7xeA\"]},{\"@type\":\"Person\",\"@id\":\"https:\/\/www.infolocale.fr\/blog\/#\/schema\/person\/fa11e8a9723224e0eed944339ea01418\",\"name\":\"Antoine\",\"image\":{\"@type\":\"ImageObject\",\"inLanguage\":\"fr-FR\",\"@id\":\"https:\/\/www.infolocale.fr\/blog\/#\/schema\/person\/image\/\",\"url\":\"https:\/\/secure.gravatar.com\/avatar\/f4faca388e2832c4b07a39c2cf774061?s=96&d=mm&r=g\",\"contentUrl\":\"https:\/\/secure.gravatar.com\/avatar\/f4faca388e2832c4b07a39c2cf774061?s=96&d=mm&r=g\",\"caption\":\"Antoine\"},\"url\":\"https:\/\/www.infolocale.fr\/blog\/author\/antoine-lecerf\/\"}]}<\/script>\n<!-- \/ Yoast SEO plugin. -->","yoast_head_json":{"title":"Loire Atlantique (44), le d\u00e9partement utilise Infolocale pour ses agendas","description":"D\u00e9couvrez les agendas Infolocale du D\u00e9partement de la Loire-Atlantique mettant en avant les initiatives locales du territoire.","robots":{"index":"index","follow":"follow","max-snippet":"max-snippet:-1","max-image-preview":"max-image-preview:large","max-video-preview":"max-video-preview:-1"},"canonical":"https:\/\/infolocale.ouest-france.fr\/blog\/agenda-departement-loire-atlantique\/","og_locale":"fr_FR","og_type":"article","og_title":"Loire Atlantique (44), le d\u00e9partement utilise Infolocale pour ses agendas","og_description":"D\u00e9couvrez les agendas Infolocale du D\u00e9partement de la Loire-Atlantique mettant en avant les initiatives locales du territoire.","og_url":"https:\/\/infolocale.ouest-france.fr\/blog\/agenda-departement-loire-atlantique\/","article_publisher":"https:\/\/www.facebook.com\/infolocaleFR\/","article_published_time":"2023-03-02T16:05:59+00:00","article_modified_time":"2026-05-05T07:18:27+00:00","og_image":[{"width":800,"height":560,"url":"https:\/\/infolocale.ouest-france.fr\/blog\/wp-content\/uploads\/2023\/03\/Infolocale-Agenda-Loire-Atlantique.jpg","type":"image\/jpeg"}],"author":"Antoine","twitter_card":"summary_large_image","twitter_creator":"@infolocale","twitter_site":"@infolocale","twitter_misc":{"\u00c9crit par":"Antoine","Dur\u00e9e de lecture estim\u00e9e":"8 minutes"},"schema":{"@context":"https:\/\/schema.org","@graph":[{"@type":"Article","@id":"https:\/\/infolocale.ouest-france.fr\/blog\/agenda-departement-loire-atlantique\/#article","isPartOf":{"@id":"https:\/\/infolocale.ouest-france.fr\/blog\/agenda-departement-loire-atlantique\/"},"author":{"name":"Antoine","@id":"https:\/\/www.infolocale.fr\/blog\/#\/schema\/person\/fa11e8a9723224e0eed944339ea01418"},"headline":"Collectivit\u00e9s\/Associations du 44 : Vos \u00e9v\u00e9nements sont diffus\u00e9s sur le site du d\u00e9partement","datePublished":"2023-03-02T16:05:59+00:00","dateModified":"2026-05-05T07:18:27+00:00","mainEntityOfPage":{"@id":"https:\/\/infolocale.ouest-france.fr\/blog\/agenda-departement-loire-atlantique\/"},"wordCount":1349,"commentCount":0,"publisher":{"@id":"https:\/\/www.infolocale.fr\/blog\/#organization"},"image":{"@id":"https:\/\/infolocale.ouest-france.fr\/blog\/agenda-departement-loire-atlantique\/#primaryimage"},"thumbnailUrl":"https:\/\/www.infolocale.fr\/blog\/wp-content\/uploads\/2023\/03\/Infolocale-Agenda-Loire-Atlantique.jpg","keywords":["diffusion","Tout savoir sur Infolocale"],"articleSection":["Communication des institutions et collectivit\u00e9s"],"inLanguage":"fr-FR","potentialAction":[{"@type":"CommentAction","name":"Comment","target":["https:\/\/infolocale.ouest-france.fr\/blog\/agenda-departement-loire-atlantique\/#respond"]}]},{"@type":"WebPage","@id":"https:\/\/infolocale.ouest-france.fr\/blog\/agenda-departement-loire-atlantique\/","url":"https:\/\/infolocale.ouest-france.fr\/blog\/agenda-departement-loire-atlantique\/","name":"Loire Atlantique (44), le d\u00e9partement utilise Infolocale pour ses agendas","isPartOf":{"@id":"https:\/\/www.infolocale.fr\/blog\/#website"},"primaryImageOfPage":{"@id":"https:\/\/infolocale.ouest-france.fr\/blog\/agenda-departement-loire-atlantique\/#primaryimage"},"image":{"@id":"https:\/\/infolocale.ouest-france.fr\/blog\/agenda-departement-loire-atlantique\/#primaryimage"},"thumbnailUrl":"https:\/\/www.infolocale.fr\/blog\/wp-content\/uploads\/2023\/03\/Infolocale-Agenda-Loire-Atlantique.jpg","datePublished":"2023-03-02T16:05:59+00:00","dateModified":"2026-05-05T07:18:27+00:00","description":"D\u00e9couvrez les agendas Infolocale du D\u00e9partement de la Loire-Atlantique mettant en avant les initiatives locales du territoire.","breadcrumb":{"@id":"https:\/\/infolocale.ouest-france.fr\/blog\/agenda-departement-loire-atlantique\/#breadcrumb"},"inLanguage":"fr-FR","potentialAction":[{"@type":"ReadAction","target":["https:\/\/infolocale.ouest-france.fr\/blog\/agenda-departement-loire-atlantique\/"]}]},{"@type":"ImageObject","inLanguage":"fr-FR","@id":"https:\/\/infolocale.ouest-france.fr\/blog\/agenda-departement-loire-atlantique\/#primaryimage","url":"https:\/\/www.infolocale.fr\/blog\/wp-content\/uploads\/2023\/03\/Infolocale-Agenda-Loire-Atlantique.jpg","contentUrl":"https:\/\/www.infolocale.fr\/blog\/wp-content\/uploads\/2023\/03\/Infolocale-Agenda-Loire-Atlantique.jpg","width":800,"height":560,"caption":"Infolocale Agenda Loire Atlantique"},{"@type":"BreadcrumbList","@id":"https:\/\/infolocale.ouest-france.fr\/blog\/agenda-departement-loire-atlantique\/#breadcrumb","itemListElement":[{"@type":"ListItem","position":1,"name":"Blog","item":"https:\/\/infolocale.ouest-france.fr\/blog\/"},{"@type":"ListItem","position":2,"name":"Communication des institutions et collectivit\u00e9s","item":"https:\/\/infolocale.ouest-france.fr\/blog\/cat\/communication-des-institutions-et-collectivites\/"},{"@type":"ListItem","position":3,"name":"Collectivit\u00e9s\/Associations du 44 : Vos \u00e9v\u00e9nements sont diffus\u00e9s sur le site du d\u00e9partement"}]},{"@type":"WebSite","@id":"https:\/\/www.infolocale.fr\/blog\/#website","url":"https:\/\/www.infolocale.fr\/blog\/","name":"","description":"","publisher":{"@id":"https:\/\/www.infolocale.fr\/blog\/#organization"},"potentialAction":[{"@type":"SearchAction","target":{"@type":"EntryPoint","urlTemplate":"https:\/\/www.infolocale.fr\/blog\/?s={search_term_string}"},"query-input":"required name=search_term_string"}],"inLanguage":"fr-FR"},{"@type":"Organization","@id":"https:\/\/www.infolocale.fr\/blog\/#organization","name":"Infolocale","url":"https:\/\/www.infolocale.fr\/blog\/","logo":{"@type":"ImageObject","inLanguage":"fr-FR","@id":"https:\/\/www.infolocale.fr\/blog\/#\/schema\/logo\/image\/","url":"https:\/\/www.infolocale.fr\/blog\/wp-content\/uploads\/2020\/11\/logol.jpg","contentUrl":"https:\/\/www.infolocale.fr\/blog\/wp-content\/uploads\/2020\/11\/logol.jpg","width":1031,"height":398,"caption":"Infolocale"},"image":{"@id":"https:\/\/www.infolocale.fr\/blog\/#\/schema\/logo\/image\/"},"sameAs":["https:\/\/www.facebook.com\/infolocaleFR\/","https:\/\/x.com\/infolocale","https:\/\/www.instagram.com\/infolocale\/","https:\/\/fr.linkedin.com\/company\/infolocale","https:\/\/www.youtube.com\/channel\/UCnv4FA8EYEuu_si3TGr7xeA"]},{"@type":"Person","@id":"https:\/\/www.infolocale.fr\/blog\/#\/schema\/person\/fa11e8a9723224e0eed944339ea01418","name":"Antoine","image":{"@type":"ImageObject","inLanguage":"fr-FR","@id":"https:\/\/www.infolocale.fr\/blog\/#\/schema\/person\/image\/","url":"https:\/\/secure.gravatar.com\/avatar\/f4faca388e2832c4b07a39c2cf774061?s=96&d=mm&r=g","contentUrl":"https:\/\/secure.gravatar.com\/avatar\/f4faca388e2832c4b07a39c2cf774061?s=96&d=mm&r=g","caption":"Antoine"},"url":"https:\/\/www.infolocale.fr\/blog\/author\/antoine-lecerf\/"}]}},"_links":{"self":[{"href":"https:\/\/www.infolocale.fr\/blog\/wp-json\/wp\/v2\/posts\/22226"}],"collection":[{"href":"https:\/\/www.infolocale.fr\/blog\/wp-json\/wp\/v2\/posts"}],"about":[{"href":"https:\/\/www.infolocale.fr\/blog\/wp-json\/wp\/v2\/types\/post"}],"author":[{"embeddable":true,"href":"https:\/\/www.infolocale.fr\/blog\/wp-json\/wp\/v2\/users\/16"}],"replies":[{"embeddable":true,"href":"https:\/\/www.infolocale.fr\/blog\/wp-json\/wp\/v2\/comments?post=22226"}],"version-history":[{"count":0,"href":"https:\/\/www.infolocale.fr\/blog\/wp-json\/wp\/v2\/posts\/22226\/revisions"}],"wp:featuredmedia":[{"embeddable":true,"href":"https:\/\/www.infolocale.fr\/blog\/wp-json\/wp\/v2\/media\/22229"}],"wp:attachment":[{"href":"https:\/\/www.infolocale.fr\/blog\/wp-json\/wp\/v2\/media?parent=22226"}],"wp:term":[{"taxonomy":"category","embeddable":true,"href":"https:\/\/www.infolocale.fr\/blog\/wp-json\/wp\/v2\/categories?post=22226"},{"taxonomy":"post_tag","embeddable":true,"href":"https:\/\/www.infolocale.fr\/blog\/wp-json\/wp\/v2\/tags?post=22226"}],"curies":[{"name":"wp","href":"https:\/\/api.w.org\/{rel}","templated":true}]}}