{"id":21931,"date":"2023-01-17T12:01:39","date_gmt":"2023-01-17T11:01:39","guid":{"rendered":"https:\/\/www.infolocale.fr\/blog\/?p=21931"},"modified":"2023-07-04T11:50:39","modified_gmt":"2023-07-04T09:50:39","slug":"assemblee-generale-extraordinaire-association","status":"publish","type":"post","link":"https:\/\/www.infolocale.fr\/blog\/assemblee-generale-extraordinaire-association\/","title":{"rendered":"Comment organiser l&rsquo;assembl\u00e9e g\u00e9n\u00e9rale extraordinaire d&rsquo;une association ?"},"content":{"rendered":"\n<p class=\"has-black-color has-pale-cyan-blue-background-color has-text-color has-background\">L&rsquo;assembl\u00e9e g\u00e9n\u00e9rale extraordinaire est organis\u00e9e \u00e0 des moments sp\u00e9cifiques de la vie de votre association. Ce peut \u00eatre pour trancher sur des questions impr\u00e9vues pour lesquelles ils serait trop long d&rsquo;attendre l&rsquo;AG ordinaire. Ce peut aussi \u00eatre pour des questions sur lesquelles elle est la seule habilit\u00e9e \u00e0 statuer. Organiser une AGE demande de r\u00e9diger un ordre du jour et d&rsquo;envoyer les convocations \u00e0 ses participants. Le jour de la r\u00e9union, le pr\u00e9sident de s\u00e9ance anime les d\u00e9bats et le secr\u00e9taire de s\u00e9ance assure la prise de notes et la r\u00e9daction du proc\u00e8s-verbal. L&rsquo;ensemble des points pr\u00e9vus \u00e0 l&rsquo;ordre du jour doit \u00eatre ouverts aux discussions. Votre AGE doit \u00eatre organis\u00e9e dans le respect des statuts de votre association, sans quoi, vous vous exposez \u00e0 des proc\u00e9dures d&rsquo;annulation.<\/p>\n\n\n\n<div class=\"wp-block-buttons is-horizontal is-content-justification-center is-layout-flex wp-container-core-buttons-is-layout-1 wp-block-buttons-is-layout-flex\">\n<div class=\"wp-block-button\"><a class=\"wp-block-button__link has-white-color has-luminous-vivid-amber-background-color has-text-color has-background wp-element-button\"><strong>&gt;&gt;Inscrire mon asso \u00e0 Infolocale <\/strong><\/a><\/div>\n<\/div>\n\n\n\n<h2 class=\"wp-block-heading\">C&rsquo;est quoi une assembl\u00e9e g\u00e9n\u00e9rale extraordinaire en association ?<\/h2>\n\n\n\n<p>En association, il existe principalement deux types d&rsquo;assembl\u00e9es g\u00e9n\u00e9rale ; l&rsquo;ordinaire et l&rsquo;extraordinaire. Dans les faits, sauf mention sp\u00e9cifique dans vos statuts, il n&rsquo;y a pas de diff\u00e9rence entre ces deux assembl\u00e9es. <\/p>\n\n\n\n<p>Elles rassemblent toutes les deux : <\/p>\n\n\n\n<ul class=\"wp-block-list\"><li>les m\u00eames personnes, <\/li><li>selon les m\u00eames r\u00e8gles de convocation, <\/li><li>avec les m\u00eames r\u00e8gles de vote, <\/li><li>de quorum, <\/li><li>de pouvoir <\/li><li>et de majorit\u00e9.<\/li><\/ul>\n\n\n<div class=\"wp-block-image is-resized\">\n<figure class=\"aligncenter size-large has-lightbox\"><a href=\"https:\/\/www.infolocale.fr\/decouvrir\/deposant\/?utm_source=blog&amp;utm_medium=banner&amp;utm_campaign=blog-content\"><img fetchpriority=\"high\" decoding=\"async\" width=\"1024\" height=\"1024\" src=\"https:\/\/www.infolocale.fr\/blog\/wp-content\/uploads\/2021\/11\/banniere-NLDASSO-carree1500x1500-1024x1024.jpg\" alt=\"\" class=\"wp-image-23946\" srcset=\"https:\/\/www.infolocale.fr\/blog\/wp-content\/uploads\/2021\/11\/banniere-NLDASSO-carree1500x1500-1024x1024.jpg 1024w, https:\/\/www.infolocale.fr\/blog\/wp-content\/uploads\/2021\/11\/banniere-NLDASSO-carree1500x1500-300x300.jpg 300w, https:\/\/www.infolocale.fr\/blog\/wp-content\/uploads\/2021\/11\/banniere-NLDASSO-carree1500x1500-150x150.jpg 150w, https:\/\/www.infolocale.fr\/blog\/wp-content\/uploads\/2021\/11\/banniere-NLDASSO-carree1500x1500-768x768.jpg 768w, https:\/\/www.infolocale.fr\/blog\/wp-content\/uploads\/2021\/11\/banniere-NLDASSO-carree1500x1500.jpg 1500w\" sizes=\"(max-width: 1024px) 100vw, 1024px\" \/><\/a><\/figure><\/div>\n\n\n<p>Dans les faits, la diff\u00e9rence majeure entre ces deux r\u00e9unions repose dans les sujets sur lesquels elles sont amen\u00e9es \u00e0 s&rsquo;exprimer. Vous convoquez l&rsquo;assembl\u00e9e g\u00e9n\u00e9rale extraordinaire pour r\u00e9pondre \u00e0 des besoins sp\u00e9cifiques survenant de mani\u00e8re impr\u00e9vue dans la vie de votre association. <\/p>\n\n\n\n<p>Ce sera par exemple le cas : <\/p>\n\n\n\n<p>Si vous souhaitez prendre une d\u00e9cision sur un point dont vos statuts attribuent la responsabilit\u00e9 \u00e0 l&rsquo;assembl\u00e9e g\u00e9n\u00e9rale extraordinaire.&nbsp;<\/p>\n\n\n\n<p>Ou encore, pour trancher sur une question dont la d\u00e9cision est normalement du ressort de l&rsquo;assembl\u00e9e g\u00e9n\u00e9rale ordinaire, mais survenant de mani\u00e8re impr\u00e9vue. A ce moment, si la p\u00e9riode est trop \u00e9loign\u00e9e de la date de votre AGO annuelle, alors, vous pouvez d\u00e9cider de convoquer une AGE.<\/p>\n\n\n\n<h3 class=\"wp-block-heading\">Qui peut convoquer une assembl\u00e9e g\u00e9n\u00e9rale extraordinaire ?<\/h3>\n\n\n\n<p>C&rsquo;est le plus souvent le pr\u00e9sident que vous chargerez de la r\u00e9daction et de l&rsquo;envoi de la convocation \u00e0 l&rsquo;assembl\u00e9e g\u00e9n\u00e9rale extraordinaire. Cependant, il existe des exceptions.<\/p>\n\n\n\n<p>Pour commencer, votre association peut pr\u00e9voir des r\u00e8gles sp\u00e9cifiques d&rsquo;organisation de son assembl\u00e9e g\u00e9n\u00e9rale extraordinaire.<\/p>\n\n\n\n<p>Ensuite, il peut arriver que vous r\u00e9unissiez votre AGE afin de sanctionner votre pr\u00e9sident. Dans ce cas, vous avez tout int\u00e9r\u00eat de pr\u00e9voir, dans vos statuts, une r\u00e8gle permettant diverse mani\u00e8res de convoquer votre AGE.<\/p>\n\n\n\n<h4 class=\"wp-block-heading\">Les membres d&rsquo;une association peuvent-ils d\u00e9clencher l&rsquo;organisation de l&rsquo;assembl\u00e9e g\u00e9n\u00e9rale extraordinaire ?<\/h4>\n\n\n\n<p>Les r\u00e8gles d&rsquo;organisation ainsi que les raisons de son organisation sont normalement \u00e9crites dans vos statuts. De plus, si vos statuts ne l&rsquo;interdisent pas, vos membres ont la possibilit\u00e9 de spontan\u00e9ment r\u00e9unir l&rsquo;assembl\u00e9e g\u00e9n\u00e9rale. Vous pouvez rassembl\u00e9e cette AG sans convocation pr\u00e9alable. Le corps ainsi rassembl\u00e9 devra n\u00e9anmoins \u00eatre en mesure de constituer, \u00e0 lui seul, le quorum tel que pr\u00e9vu dans vos statuts.<\/p>\n\n\n\n<p>Cette assembl\u00e9e g\u00e9n\u00e9rale spontan\u00e9e est une action tr\u00e8s utile dans les assos dont le bureau refuse d&rsquo;organiser cette r\u00e9union. Elle peut \u00eatre l\u00e9galement contest\u00e9e. Cependant, si vous l&rsquo;organisez pour contrer un bureau n&rsquo;assurant pas ses responsabilit\u00e9s, il est possible que vous obteniez, m\u00eame en cas de contestation, la validation des d\u00e9cisions prises.<\/p>\n\n\n\n<h3 class=\"wp-block-heading\">Quelle diff\u00e9rence entre assembl\u00e9e g\u00e9n\u00e9rale ordinaire et extraordinaire association loi 1901 ?<\/h3>\n\n\n\n<p>La <a href=\"https:\/\/www.infolocale.fr\/blog\/differences-assemblee-generale-ordinaire-assemblee-extraordinaire\/\" target=\"_blank\" rel=\"noreferrer noopener\">diff\u00e9rence entre une assembl\u00e9e g\u00e9n\u00e9rale ordinaire et une assembl\u00e9e g\u00e9n\u00e9rale extraordinaire<\/a> n&rsquo;est pas pr\u00e9cis\u00e9e dans la loi. Les pouvoirs et les raisons pouvant mener \u00e0 la convocation de l&rsquo;une ou de l&rsquo;autre de ces AG sont g\u00e9n\u00e9ralement pr\u00e9cis\u00e9es dans les statuts.<\/p>\n\n\n\n<p>Le plus souvent, l&rsquo;assembl\u00e9e g\u00e9n\u00e9rale ordinaire a le pouvoir de statuer sur les d\u00e9cisions courantes de la vie de votre association ; ce peut par exemple \u00eatre :<\/p>\n\n\n\n<ul class=\"wp-block-list\"><li>comment donner quitus au <a href=\"https:\/\/www.infolocale.fr\/blog\/rapport-moral-association\/\">rapport moral annuel<\/a> ?<\/li><li>Comment donner quitus au <a href=\"https:\/\/www.infolocale.fr\/blog\/rapport-financier-annuel-association\/\">rapport financier annuel<\/a> ?<\/li><li>Le renouvellement des dirigeants en fin de mandat,<\/li><li>donner les orientations pour les actions pour l&rsquo;ann\u00e9e \u00e0 venir.<\/li><\/ul>\n\n\n\n<p>De son c\u00f4t\u00e9, l&rsquo;assembl\u00e9e g\u00e9n\u00e9rale extraordinaire a le pouvoir de statuer sur :&nbsp;<\/p>\n\n\n\n<ul class=\"wp-block-list\"><li>des sujets sp\u00e9cifiques tels que l&rsquo;acquisition, la vente d&rsquo;un bien,<\/li><li>une r\u00e9vocation de tout ou partie de ses dirigeants,&nbsp;<\/li><li>la dissolution de l&rsquo;association<\/li><li>une sanction disciplinaire<\/li><li>des probl\u00e8mes ponctuels ou ne pouvant attendre l&rsquo;AGO pour \u00eatre r\u00e9gl\u00e9s.&nbsp;<\/li><\/ul>\n\n\n\n<p>Gardez en t\u00eate que ces deux listes ne sont ni une loi, ni une r\u00e8gle absolue. Le sujets sur lesquels s&rsquo;expriment vos AG sont, en partie, dict\u00e9es par le contexte. Il est important de rester flexible et de pr\u00e9voir cette flexibilit\u00e9 dans les statuts de votre association.  <\/p>\n\n\n\n<h2 class=\"wp-block-heading\">Les \u00e9tapes pr\u00e9liminaires \u00e0 l&rsquo;assembl\u00e9e g\u00e9n\u00e9rale extraordinaire<\/h2>\n\n\n\n<p>Ici aussi, il est important d&rsquo;\u00e9viter au maximum toute improvisation et petit arrangements en interne. Aussi, essayez de fixer le plus pointilleusement possible la r\u00e8gle d&rsquo;organisation de votre AGE dans <a href=\"https:\/\/www.infolocale.fr\/blog\/rediger-statuts-dune-association\/\" target=\"_blank\" rel=\"noreferrer noopener\">les statuts de votre association.<\/a> Pour vous y aider, voici les \u00e9tapes le plus souvent list\u00e9es et les actions qu&rsquo;elles impliquent.<\/p>\n\n\n\n<h3 class=\"wp-block-heading\">1. Ecrire l&rsquo;ordre du jour de l&rsquo;assembl\u00e9e g\u00e9n\u00e9rale extraordinaire<\/h3>\n\n\n\n<p>Pour commencer, vous allez devoir r\u00e9diger l&rsquo;ordre du jour. G\u00e9n\u00e9ralement, vous organiserez une AGE pour r\u00e9pondre \u00e0 une question pr\u00e9cise. Aussi, votre ordre du jour sera g\u00e9n\u00e9ralement plus court et rapide \u00e0 formuler que celui de l&rsquo;AGO.<\/p>\n\n\n\n<p>N\u00e9anmoins, il peut tout de m\u00eame comporter plusieurs points. Ainsi dans un ordre du jour d&rsquo;une AGE organis\u00e9e afin de r\u00e9voquer un membre du bureau, vous devrez imp\u00e9rativement int\u00e9grer un point sur l&rsquo;\u00e9lection de son rempla\u00e7ant. Si vous oubliez ce point, mais proc\u00e9dez tout de m\u00eame \u00e0 l&rsquo;\u00e9lection, vous vous exposez, en cas de r\u00e9clamation, \u00e0 des risques d&rsquo;annulation.&nbsp; &nbsp;<\/p>\n\n\n\n<h3 class=\"wp-block-heading\">2. Invitation : envoyer les convocations \u00e0 l&rsquo;AGE<\/h3>\n\n\n\n<p>Vous avez trouv\u00e9 un lieu pour votre r\u00e9union ? Vous avez fix\u00e9 une date et r\u00e9dig\u00e9 l&rsquo;ordre du jour ? Tr\u00e8s bien, vous allez maintenant devoir communiquer vos convocations !<\/p>\n\n\n\n<h4 class=\"wp-block-heading\">Qui est invit\u00e9 et peut assister \u00e0 une assembl\u00e9e g\u00e9n\u00e9rale extraordinaire ?<\/h4>\n\n\n\n<p>L&rsquo;une des questions que vous vous posez ici est probablement : qui inviter \u00e0 l&rsquo;assembl\u00e9e g\u00e9n\u00e9rale ? Le spectre des <a href=\"https:\/\/www.infolocale.fr\/blog\/assister-assemblee-generale-associati\/\" target=\"_blank\" rel=\"noreferrer noopener\">personnes pouvant assister \u00e0 l&rsquo;assembl\u00e9e g\u00e9n\u00e9rale<\/a> extraordinaire de votre association est large. Il peut comprendre : <\/p>\n\n\n\n<ul class=\"wp-block-list\"><li>les adh\u00e9rents \u00e0 jour de cotisation, <\/li><li>les membres actifs, <\/li><li>les membres du bureau, <\/li><li>ceux du conseil d&rsquo;administration, <\/li><li>les salari\u00e9s, <\/li><li>les b\u00e9n\u00e9voles, <\/li><li>le commissaire aux comptes, <\/li><li>les membres d&rsquo;honneurs, <\/li><li>les membres honoraires, <\/li><li>les membres bienfaiteurs, <\/li><li>des personnes morales ayant le statut de membre de votre association. <\/li><\/ul>\n\n\n\n<p>Cette liste est non-exhaustive. Vos statuts ou le <a href=\"https:\/\/www.infolocale.fr\/blog\/reglement-interieur-association\/\" target=\"_blank\" rel=\"noreferrer noopener\">r\u00e8glement int\u00e9rieur de votre association<\/a>, devraient avoir arr\u00eat\u00e9 une liste pr\u00e9cise des personnes \u00e0 convoquer. Tournez vous vers ces documents pour en savoir plus !<\/p>\n\n\n\n<h4 class=\"wp-block-heading\">Quel d\u00e9lai pour convoquer cette r\u00e9union extraordinaire ?<\/h4>\n\n\n\n<p>Vous devez envoyer les convocations dans un d\u00e9lai suffisant ! Ce d\u00e9lai doit doit permettre aux participants de prendre connaissance des diff\u00e9rents points pr\u00e9sents \u00e0 l&rsquo;ordre du jour. Dans les faits, si la loi n&rsquo;impose pas de r\u00e8gle, les associations optent tr\u00e8s souvent pour un <a href=\"https:\/\/www.infolocale.fr\/blog\/delai-convoquer-assemblee-generale\/\" target=\"_blank\" rel=\"noreferrer noopener\">d\u00e9lai de 15 jours avant la date de l&rsquo;assembl\u00e9e g\u00e9n\u00e9rale extraordinaire<\/a>. N\u00e9anmoins, sur des sujets complexes vous pouvez aussi d\u00e9cider de communiquer vos convocations un peu plus rapidement.<\/p>\n\n\n\n<p>Pensez \u00e0 consulter vos statuts pour v\u00e9rifier si la r\u00e8gle a \u00e9t\u00e9 \u00e9crite noir sur blanc et impose un d\u00e9lai minimum \u00e0 respecter.<\/p>\n\n\n\n<h2 class=\"wp-block-heading\">D\u00e9roulement : comment se passe une assembl\u00e9e g\u00e9n\u00e9rale extraordinaire ?<\/h2>\n\n\n\n<p>Les diff\u00e9rents types d&rsquo;assembl\u00e9es g\u00e9n\u00e9rales s&rsquo;organisent peu ou prou de la m\u00eame mani\u00e8re.<\/p>\n\n\n\n<h3 class=\"wp-block-heading\">1. Nommer un pr\u00e9sident de s\u00e9ance et secr\u00e9taire de s\u00e9ance<\/h3>\n\n\n\n<p>Pour commencer, vous allez devoir nommer le pr\u00e9sident de s\u00e9ance. Le pr\u00e9sident de s\u00e9ance : <\/p>\n\n\n\n<ul class=\"wp-block-list\"><li>encadre les d\u00e9bats, <\/li><li>ouvre les points pr\u00e9vus \u00e0 l&rsquo;ordre du jour <\/li><li>et organise les diff\u00e9rents votes.<\/li><\/ul>\n\n\n\n<p>C&rsquo;est g\u00e9n\u00e9ralement le pr\u00e9sident de votre asso, mais ce n&rsquo;est pas toujours le cas.<\/p>\n\n\n\n<p>Ensuite, vous allez devoir mettre en place un secr\u00e9taire de s\u00e9ance. Ici aussi, il s&rsquo;agit le plus souvent du secr\u00e9taire de l&rsquo;association.<\/p>\n\n\n\n<ul class=\"wp-block-list\"><li>C&rsquo;est lui qui a la charge de faire le compte-rendu des d\u00e9bats et d\u00e9cisions prises pendant l&rsquo;assembl\u00e9e g\u00e9n\u00e9rale. <\/li><li>Il r\u00e9digera \u00e9galement le proc\u00e8s-verbal qui sera int\u00e9gr\u00e9 dans <a href=\"https:\/\/www.infolocale.fr\/blog\/conserver-archives-association\/\" target=\"_blank\" rel=\"noreferrer noopener\">les archives de l&rsquo;association<\/a>.<\/li><\/ul>\n\n\n\n<h3 class=\"wp-block-heading\">2. Ouvrir l&rsquo;ensemble des points pr\u00e9sents \u00e0 l&rsquo;ordre du jour au d\u00e9bat<\/h3>\n\n\n\n<p>Pendant une assembl\u00e9e g\u00e9n\u00e9rale extraordinaire, vous devrez imp\u00e9rativement ouvrir l&rsquo;ensemble des points pr\u00e9sents \u00e0 l&rsquo;ordre du jour au d\u00e9bat. Dans le cas contraire, vous exposez votre AGE et les d\u00e9cisions qui ont \u00e9t\u00e9 vot\u00e9es, \u00e0 des r\u00e9clamations, contestations et autres d\u00e9marches en annulation.&nbsp;<\/p>\n\n\n\n<p>De m\u00eame vous devez \u00e9viter d&rsquo;effectuer des votes sur des propositions issue d&rsquo;un point du type : \u00ab\u00a0questions g\u00e9n\u00e9rales\u00a0\u00bb. Ici aussi, en cas de r\u00e9clamation, il serait facile de faire annuler une AGE ayant proc\u00e9d\u00e9 \u00e0 un tel vote.<\/p>\n\n\n\n<h4 class=\"wp-block-heading\">Voter en Ag extraordinaire d&rsquo;association<\/h4>\n\n\n\n<p>Ici vous pouvez opter pour un vote \u00e0 mains lev\u00e9es ou \u00e0 bulletin secret. Vous pouvez adopter une majorit\u00e9 absolue ou relative. Ces points de r\u00e8glement sont normalement pr\u00e9vus dans vos statuts. Si ce n&rsquo;est pas le cas, vous devrez probablement, en d\u00e9but de s\u00e9ance, voter les r\u00e8gles utilis\u00e9es pour voter durant votre AG.<\/p>\n\n\n\n<h4 class=\"wp-block-heading\">Droit de vote, quorum et feuille de pr\u00e9sence : r\u00e8gles \u00e0 respecter en AGE<\/h4>\n\n\n\n<p>Votre assembl\u00e9e g\u00e9n\u00e9rale peut avoir un certain nombre de r\u00e8gles qui lui sont impos\u00e9es. <\/p>\n\n\n\n<p>Ces r\u00e8gles peuvent comprendre :<\/p>\n\n\n\n<ul class=\"wp-block-list\"><li><a href=\"https:\/\/www.infolocale.fr\/blog\/quorum-assemblee-generale-association\/\">Un quorum<\/a> qui impose la pr\u00e9sence d&rsquo;une certaine proportion des membres de l&rsquo;association pour que les d\u00e9cisions vot\u00e9es soient valides. <\/li><li>Un quorum entra\u00eene l&rsquo;obligation d&rsquo;\u00e9marger. En effet, une feuille de pr\u00e9sence permet, en cas de litige, de certifier du bon d\u00e9roulement de l&rsquo;AGE et de la pr\u00e9sence du quorum.<\/li><li>Parmi les autres r\u00e8gles souvent pr\u00e9sentes en AG, on peut aussi \u00e9voquer le droit de vote. En effet, certaines associations restreignent le droit de vote et m\u00eame parfois la pr\u00e9sence en AG aux seules personnes majeures.<\/li><\/ul>\n\n\n\n<h3 class=\"wp-block-heading\">3. Ecrire le PV de l&rsquo;assembl\u00e9e g\u00e9n\u00e9rale extraordinaire<\/h3>\n\n\n\n<p>Le proc\u00e8s-verbal de l&rsquo;assembl\u00e9e g\u00e9n\u00e9rale extraordinaire est un compte-rendu de la r\u00e9union. Vous le ferez g\u00e9n\u00e9ralement r\u00e9diger par votre secr\u00e9taire de s\u00e9ance. Le PV rapporte les d\u00e9bats ainsi que les d\u00e9cisions qui ont \u00e9t\u00e9 vot\u00e9es. <\/p>\n\n\n\n<p>Si la loi ne vous oblige pas \u00e0 r\u00e9diger ce document, il peut cependant vous \u00eatre utile. En effet, \u00e0 ce CR, vous joindrez la feuille d&rsquo;\u00e9margement et <a href=\"https:\/\/www.infolocale.fr\/blog\/delegation-pouvoir-assemblee-generale-association\/\">les pouvoirs<\/a>. Ensemble, ces documents vous permettront de prouver la pr\u00e9sence du quorum. Ainsi, en cas de r\u00e9clamation, le proc\u00e8s-verbal d&rsquo;AGE sera un gage du bon d\u00e9roulement de votre r\u00e9union.<\/p>\n\n\n\n<p>Vous n&rsquo;\u00eates pas oblig\u00e9 de faire signer votre proc\u00e8s-verbal par l&rsquo;ensemble des participants. La feuille d&rsquo;\u00e9margement devrait vous permettre, \u00e0 elle seule, de prouver la validit\u00e9 de votre r\u00e9union.<\/p>\n\n\n\n<h2 class=\"wp-block-heading\">Peut-on contester une assembl\u00e9e g\u00e9n\u00e9rale extraordinaire ?<\/h2>\n\n\n\n<p>Oui il est possible de <a href=\"https:\/\/www.infolocale.fr\/blog\/contester-l-assemblee-generale\/\">contester les d\u00e9cisions d&rsquo;une assembl\u00e9e g\u00e9n\u00e9rale extraordinaire<\/a>. Durant une r\u00e9cente assembl\u00e9e g\u00e9n\u00e9rale certains points pr\u00e9sents dans vos statuts n&rsquo;ont pas \u00e9t\u00e9 respect\u00e9s. Par exemple : <\/p>\n\n\n\n<ul class=\"wp-block-list\"><li>La r\u00e8gle du quorum n&rsquo;a pas \u00e9t\u00e9 respect\u00e9e ?<\/li><li>La feuille d&rsquo;\u00e9margement n&rsquo;a pas \u00e9t\u00e9 sign\u00e9e ?<\/li><li>Les pouvoirs des membres absents n&rsquo;ont pas \u00e9t\u00e9 respect\u00e9s ?<\/li><li>Un vote important a \u00e9t\u00e9 effectu\u00e9 sur des questions diverses ?<\/li><\/ul>\n\n\n\n<p>Dans ces cas et dans de nombreux autres, si les r\u00e8gles d&rsquo;organisations de l&rsquo;AGE pr\u00e9vues dans vos statuts n&rsquo;ont pas \u00e9t\u00e9 respect\u00e9es, vous pouvez contester et faire annuler les d\u00e9cisions d&rsquo;une assembl\u00e9e g\u00e9n\u00e9rale.<\/p>\n\n\n\n<p>Vous \u00eates en d\u00e9saccord avec les d\u00e9cisions de votre assembl\u00e9e g\u00e9n\u00e9rale ? Vous avez observ\u00e9 une infraction au r\u00e8gles de vos statuts ou r\u00e8glement int\u00e9rieur ? Avant toute d\u00e9marche officielle, essayez d&rsquo;\u00e9changer avec les dirigeants de votre association. ici, il vous est possible d&rsquo;obtenir l&rsquo;organisation d&rsquo;une <a href=\"https:\/\/www.infolocale.fr\/blog\/assemblee-generale-rectificative\/\" target=\"_blank\" rel=\"noreferrer noopener\">assembl\u00e9e g\u00e9n\u00e9rale rectificative<\/a>. <\/p>\n\n\n\n<p>Ce type de compromis est important pour pr\u00e9server l&rsquo;ambiance au sein de votre association. N\u00e9anmoins, si le probl\u00e8me reste insoluble, vous pouvez \u00e9galement essayer de faire annuler l&rsquo;AGE devant le tribunal de grande instance.<\/p>\n","protected":false},"excerpt":{"rendered":"<p>L&rsquo;assembl\u00e9e g\u00e9n\u00e9rale extraordinaire est organis\u00e9e \u00e0 des moments sp\u00e9cifiques de la vie de votre association. Ce peut \u00eatre pour trancher sur des questions impr\u00e9vues pour [&hellip;]<\/p>\n","protected":false},"author":2,"featured_media":21932,"comment_status":"open","ping_status":"open","sticky":false,"template":"","format":"standard","meta":{"_coblocks_attr":"","_coblocks_dimensions":"","_coblocks_responsive_height":"","_coblocks_accordion_ie_support":"","_mo_disable_npp":"","footnotes":""},"categories":[74],"tags":[],"class_list":["post-21931","post","type-post","status-publish","format-standard","has-post-thumbnail","hentry","category-creer-et-administrer-une-association-1901"],"yoast_head":"<!-- This site is optimized with the Yoast SEO plugin v23.2 - https:\/\/yoast.com\/wordpress\/plugins\/seo\/ -->\n<title>Assembl\u00e9e g\u00e9n\u00e9rale extraordinaire en association : comment l&#039;organiser ? |<\/title>\n<meta name=\"description\" content=\"L&#039;assembl\u00e9e g\u00e9n\u00e9rale extraordinaire s&#039;organise soit pour trancher sur des d\u00e9cisions impr\u00e9vues pour lesquelles ils serait trop long d&#039;atten...\" \/>\n<meta name=\"robots\" content=\"index, follow, max-snippet:-1, max-image-preview:large, max-video-preview:-1\" \/>\n<link rel=\"canonical\" href=\"https:\/\/www.infolocale.fr\/blog\/assemblee-generale-extraordinaire-association\/\" \/>\n<meta property=\"og:locale\" content=\"fr_FR\" \/>\n<meta property=\"og:type\" content=\"article\" \/>\n<meta property=\"og:title\" content=\"Assembl\u00e9e g\u00e9n\u00e9rale extraordinaire en association : comment l&#039;organiser ? |\" \/>\n<meta property=\"og:description\" content=\"L&#039;assembl\u00e9e g\u00e9n\u00e9rale extraordinaire s&#039;organise soit pour trancher sur des d\u00e9cisions impr\u00e9vues pour lesquelles ils serait trop long d&#039;atten...\" \/>\n<meta property=\"og:url\" content=\"https:\/\/www.infolocale.fr\/blog\/assemblee-generale-extraordinaire-association\/\" \/>\n<meta property=\"article:publisher\" content=\"https:\/\/www.facebook.com\/infolocaleFR\/\" \/>\n<meta property=\"article:published_time\" content=\"2023-01-17T11:01:39+00:00\" \/>\n<meta property=\"article:modified_time\" content=\"2023-07-04T09:50:39+00:00\" \/>\n<meta property=\"og:image\" content=\"https:\/\/www.infolocale.fr\/blog\/wp-content\/uploads\/2023\/01\/assemblee-generale-extraordinaire-association.jpg\" \/>\n\t<meta property=\"og:image:width\" content=\"900\" \/>\n\t<meta property=\"og:image:height\" content=\"630\" \/>\n\t<meta property=\"og:image:type\" content=\"image\/jpeg\" \/>\n<meta name=\"author\" content=\"Morgan\" \/>\n<meta name=\"twitter:card\" content=\"summary_large_image\" \/>\n<meta name=\"twitter:creator\" content=\"@infolocale\" \/>\n<meta name=\"twitter:site\" content=\"@infolocale\" \/>\n<meta name=\"twitter:label1\" content=\"\u00c9crit par\" \/>\n\t<meta name=\"twitter:data1\" content=\"Morgan\" \/>\n\t<meta name=\"twitter:label2\" content=\"Dur\u00e9e de lecture estim\u00e9e\" \/>\n\t<meta name=\"twitter:data2\" content=\"10 minutes\" \/>\n<script type=\"application\/ld+json\" class=\"yoast-schema-graph\">{\"@context\":\"https:\/\/schema.org\",\"@graph\":[{\"@type\":\"Article\",\"@id\":\"https:\/\/www.infolocale.fr\/blog\/assemblee-generale-extraordinaire-association\/#article\",\"isPartOf\":{\"@id\":\"https:\/\/www.infolocale.fr\/blog\/assemblee-generale-extraordinaire-association\/\"},\"author\":{\"name\":\"Morgan\",\"@id\":\"https:\/\/www.infolocale.fr\/blog\/#\/schema\/person\/f0f748ece99417833166b3ba8890f3db\"},\"headline\":\"Comment organiser l&rsquo;assembl\u00e9e g\u00e9n\u00e9rale extraordinaire d&rsquo;une association ?\",\"datePublished\":\"2023-01-17T11:01:39+00:00\",\"dateModified\":\"2023-07-04T09:50:39+00:00\",\"mainEntityOfPage\":{\"@id\":\"https:\/\/www.infolocale.fr\/blog\/assemblee-generale-extraordinaire-association\/\"},\"wordCount\":2178,\"commentCount\":8,\"publisher\":{\"@id\":\"https:\/\/www.infolocale.fr\/blog\/#organization\"},\"image\":{\"@id\":\"https:\/\/www.infolocale.fr\/blog\/assemblee-generale-extraordinaire-association\/#primaryimage\"},\"thumbnailUrl\":\"https:\/\/www.infolocale.fr\/blog\/wp-content\/uploads\/2023\/01\/assemblee-generale-extraordinaire-association.jpg\",\"articleSection\":[\"Cr\u00e9er et g\u00e9rer une association\"],\"inLanguage\":\"fr-FR\",\"potentialAction\":[{\"@type\":\"CommentAction\",\"name\":\"Comment\",\"target\":[\"https:\/\/www.infolocale.fr\/blog\/assemblee-generale-extraordinaire-association\/#respond\"]}]},{\"@type\":\"WebPage\",\"@id\":\"https:\/\/www.infolocale.fr\/blog\/assemblee-generale-extraordinaire-association\/\",\"url\":\"https:\/\/www.infolocale.fr\/blog\/assemblee-generale-extraordinaire-association\/\",\"name\":\"Assembl\u00e9e g\u00e9n\u00e9rale extraordinaire en association : comment l'organiser ? |\",\"isPartOf\":{\"@id\":\"https:\/\/www.infolocale.fr\/blog\/#website\"},\"primaryImageOfPage\":{\"@id\":\"https:\/\/www.infolocale.fr\/blog\/assemblee-generale-extraordinaire-association\/#primaryimage\"},\"image\":{\"@id\":\"https:\/\/www.infolocale.fr\/blog\/assemblee-generale-extraordinaire-association\/#primaryimage\"},\"thumbnailUrl\":\"https:\/\/www.infolocale.fr\/blog\/wp-content\/uploads\/2023\/01\/assemblee-generale-extraordinaire-association.jpg\",\"datePublished\":\"2023-01-17T11:01:39+00:00\",\"dateModified\":\"2023-07-04T09:50:39+00:00\",\"description\":\"L'assembl\u00e9e g\u00e9n\u00e9rale extraordinaire s'organise soit pour trancher sur des d\u00e9cisions impr\u00e9vues pour lesquelles ils serait trop long d'atten...\",\"breadcrumb\":{\"@id\":\"https:\/\/www.infolocale.fr\/blog\/assemblee-generale-extraordinaire-association\/#breadcrumb\"},\"inLanguage\":\"fr-FR\",\"potentialAction\":[{\"@type\":\"ReadAction\",\"target\":[\"https:\/\/www.infolocale.fr\/blog\/assemblee-generale-extraordinaire-association\/\"]}]},{\"@type\":\"ImageObject\",\"inLanguage\":\"fr-FR\",\"@id\":\"https:\/\/www.infolocale.fr\/blog\/assemblee-generale-extraordinaire-association\/#primaryimage\",\"url\":\"https:\/\/www.infolocale.fr\/blog\/wp-content\/uploads\/2023\/01\/assemblee-generale-extraordinaire-association.jpg\",\"contentUrl\":\"https:\/\/www.infolocale.fr\/blog\/wp-content\/uploads\/2023\/01\/assemblee-generale-extraordinaire-association.jpg\",\"width\":900,\"height\":630,\"caption\":\"assembl\u00e9e g\u00e9n\u00e9rale extraordinaire association\"},{\"@type\":\"BreadcrumbList\",\"@id\":\"https:\/\/www.infolocale.fr\/blog\/assemblee-generale-extraordinaire-association\/#breadcrumb\",\"itemListElement\":[{\"@type\":\"ListItem\",\"position\":1,\"name\":\"Blog\",\"item\":\"https:\/\/infolocale.ouest-france.fr\/blog\/\"},{\"@type\":\"ListItem\",\"position\":2,\"name\":\"Cr\u00e9er et g\u00e9rer une association\",\"item\":\"https:\/\/infolocale.ouest-france.fr\/blog\/cat\/creer-et-administrer-une-association-1901\/\"},{\"@type\":\"ListItem\",\"position\":3,\"name\":\"Comment organiser l&rsquo;assembl\u00e9e g\u00e9n\u00e9rale extraordinaire d&rsquo;une association ?\"}]},{\"@type\":\"WebSite\",\"@id\":\"https:\/\/www.infolocale.fr\/blog\/#website\",\"url\":\"https:\/\/www.infolocale.fr\/blog\/\",\"name\":\"\",\"description\":\"\",\"publisher\":{\"@id\":\"https:\/\/www.infolocale.fr\/blog\/#organization\"},\"potentialAction\":[{\"@type\":\"SearchAction\",\"target\":{\"@type\":\"EntryPoint\",\"urlTemplate\":\"https:\/\/www.infolocale.fr\/blog\/?s={search_term_string}\"},\"query-input\":\"required name=search_term_string\"}],\"inLanguage\":\"fr-FR\"},{\"@type\":\"Organization\",\"@id\":\"https:\/\/www.infolocale.fr\/blog\/#organization\",\"name\":\"Infolocale\",\"url\":\"https:\/\/www.infolocale.fr\/blog\/\",\"logo\":{\"@type\":\"ImageObject\",\"inLanguage\":\"fr-FR\",\"@id\":\"https:\/\/www.infolocale.fr\/blog\/#\/schema\/logo\/image\/\",\"url\":\"https:\/\/www.infolocale.fr\/blog\/wp-content\/uploads\/2020\/11\/logol.jpg\",\"contentUrl\":\"https:\/\/www.infolocale.fr\/blog\/wp-content\/uploads\/2020\/11\/logol.jpg\",\"width\":1031,\"height\":398,\"caption\":\"Infolocale\"},\"image\":{\"@id\":\"https:\/\/www.infolocale.fr\/blog\/#\/schema\/logo\/image\/\"},\"sameAs\":[\"https:\/\/www.facebook.com\/infolocaleFR\/\",\"https:\/\/x.com\/infolocale\",\"https:\/\/www.instagram.com\/infolocale\/\",\"https:\/\/fr.linkedin.com\/company\/infolocale\",\"https:\/\/www.youtube.com\/channel\/UCnv4FA8EYEuu_si3TGr7xeA\"]},{\"@type\":\"Person\",\"@id\":\"https:\/\/www.infolocale.fr\/blog\/#\/schema\/person\/f0f748ece99417833166b3ba8890f3db\",\"name\":\"Morgan\",\"image\":{\"@type\":\"ImageObject\",\"inLanguage\":\"fr-FR\",\"@id\":\"https:\/\/www.infolocale.fr\/blog\/#\/schema\/person\/image\/\",\"url\":\"https:\/\/secure.gravatar.com\/avatar\/a22ec2a0cc817ae9fa3ff7341a213632?s=96&d=mm&r=g\",\"contentUrl\":\"https:\/\/secure.gravatar.com\/avatar\/a22ec2a0cc817ae9fa3ff7341a213632?s=96&d=mm&r=g\",\"caption\":\"Morgan\"},\"url\":\"https:\/\/www.infolocale.fr\/blog\/author\/morgan-delepine\/\"}]}<\/script>\n<!-- \/ Yoast SEO plugin. -->","yoast_head_json":{"title":"Assembl\u00e9e g\u00e9n\u00e9rale extraordinaire en association : comment l'organiser ? |","description":"L'assembl\u00e9e g\u00e9n\u00e9rale extraordinaire s'organise soit pour trancher sur des d\u00e9cisions impr\u00e9vues pour lesquelles ils serait trop long d'atten...","robots":{"index":"index","follow":"follow","max-snippet":"max-snippet:-1","max-image-preview":"max-image-preview:large","max-video-preview":"max-video-preview:-1"},"canonical":"https:\/\/www.infolocale.fr\/blog\/assemblee-generale-extraordinaire-association\/","og_locale":"fr_FR","og_type":"article","og_title":"Assembl\u00e9e g\u00e9n\u00e9rale extraordinaire en association : comment l'organiser ? |","og_description":"L'assembl\u00e9e g\u00e9n\u00e9rale extraordinaire s'organise soit pour trancher sur des d\u00e9cisions impr\u00e9vues pour lesquelles ils serait trop long d'atten...","og_url":"https:\/\/www.infolocale.fr\/blog\/assemblee-generale-extraordinaire-association\/","article_publisher":"https:\/\/www.facebook.com\/infolocaleFR\/","article_published_time":"2023-01-17T11:01:39+00:00","article_modified_time":"2023-07-04T09:50:39+00:00","og_image":[{"width":900,"height":630,"url":"https:\/\/www.infolocale.fr\/blog\/wp-content\/uploads\/2023\/01\/assemblee-generale-extraordinaire-association.jpg","type":"image\/jpeg"}],"author":"Morgan","twitter_card":"summary_large_image","twitter_creator":"@infolocale","twitter_site":"@infolocale","twitter_misc":{"\u00c9crit par":"Morgan","Dur\u00e9e de lecture estim\u00e9e":"10 minutes"},"schema":{"@context":"https:\/\/schema.org","@graph":[{"@type":"Article","@id":"https:\/\/www.infolocale.fr\/blog\/assemblee-generale-extraordinaire-association\/#article","isPartOf":{"@id":"https:\/\/www.infolocale.fr\/blog\/assemblee-generale-extraordinaire-association\/"},"author":{"name":"Morgan","@id":"https:\/\/www.infolocale.fr\/blog\/#\/schema\/person\/f0f748ece99417833166b3ba8890f3db"},"headline":"Comment organiser l&rsquo;assembl\u00e9e g\u00e9n\u00e9rale extraordinaire d&rsquo;une association ?","datePublished":"2023-01-17T11:01:39+00:00","dateModified":"2023-07-04T09:50:39+00:00","mainEntityOfPage":{"@id":"https:\/\/www.infolocale.fr\/blog\/assemblee-generale-extraordinaire-association\/"},"wordCount":2178,"commentCount":8,"publisher":{"@id":"https:\/\/www.infolocale.fr\/blog\/#organization"},"image":{"@id":"https:\/\/www.infolocale.fr\/blog\/assemblee-generale-extraordinaire-association\/#primaryimage"},"thumbnailUrl":"https:\/\/www.infolocale.fr\/blog\/wp-content\/uploads\/2023\/01\/assemblee-generale-extraordinaire-association.jpg","articleSection":["Cr\u00e9er et g\u00e9rer une association"],"inLanguage":"fr-FR","potentialAction":[{"@type":"CommentAction","name":"Comment","target":["https:\/\/www.infolocale.fr\/blog\/assemblee-generale-extraordinaire-association\/#respond"]}]},{"@type":"WebPage","@id":"https:\/\/www.infolocale.fr\/blog\/assemblee-generale-extraordinaire-association\/","url":"https:\/\/www.infolocale.fr\/blog\/assemblee-generale-extraordinaire-association\/","name":"Assembl\u00e9e g\u00e9n\u00e9rale extraordinaire en association : comment l'organiser ? |","isPartOf":{"@id":"https:\/\/www.infolocale.fr\/blog\/#website"},"primaryImageOfPage":{"@id":"https:\/\/www.infolocale.fr\/blog\/assemblee-generale-extraordinaire-association\/#primaryimage"},"image":{"@id":"https:\/\/www.infolocale.fr\/blog\/assemblee-generale-extraordinaire-association\/#primaryimage"},"thumbnailUrl":"https:\/\/www.infolocale.fr\/blog\/wp-content\/uploads\/2023\/01\/assemblee-generale-extraordinaire-association.jpg","datePublished":"2023-01-17T11:01:39+00:00","dateModified":"2023-07-04T09:50:39+00:00","description":"L'assembl\u00e9e g\u00e9n\u00e9rale extraordinaire s'organise soit pour trancher sur des d\u00e9cisions impr\u00e9vues pour lesquelles ils serait trop long d'atten...","breadcrumb":{"@id":"https:\/\/www.infolocale.fr\/blog\/assemblee-generale-extraordinaire-association\/#breadcrumb"},"inLanguage":"fr-FR","potentialAction":[{"@type":"ReadAction","target":["https:\/\/www.infolocale.fr\/blog\/assemblee-generale-extraordinaire-association\/"]}]},{"@type":"ImageObject","inLanguage":"fr-FR","@id":"https:\/\/www.infolocale.fr\/blog\/assemblee-generale-extraordinaire-association\/#primaryimage","url":"https:\/\/www.infolocale.fr\/blog\/wp-content\/uploads\/2023\/01\/assemblee-generale-extraordinaire-association.jpg","contentUrl":"https:\/\/www.infolocale.fr\/blog\/wp-content\/uploads\/2023\/01\/assemblee-generale-extraordinaire-association.jpg","width":900,"height":630,"caption":"assembl\u00e9e g\u00e9n\u00e9rale extraordinaire association"},{"@type":"BreadcrumbList","@id":"https:\/\/www.infolocale.fr\/blog\/assemblee-generale-extraordinaire-association\/#breadcrumb","itemListElement":[{"@type":"ListItem","position":1,"name":"Blog","item":"https:\/\/infolocale.ouest-france.fr\/blog\/"},{"@type":"ListItem","position":2,"name":"Cr\u00e9er et g\u00e9rer une association","item":"https:\/\/infolocale.ouest-france.fr\/blog\/cat\/creer-et-administrer-une-association-1901\/"},{"@type":"ListItem","position":3,"name":"Comment organiser l&rsquo;assembl\u00e9e g\u00e9n\u00e9rale extraordinaire d&rsquo;une association ?"}]},{"@type":"WebSite","@id":"https:\/\/www.infolocale.fr\/blog\/#website","url":"https:\/\/www.infolocale.fr\/blog\/","name":"","description":"","publisher":{"@id":"https:\/\/www.infolocale.fr\/blog\/#organization"},"potentialAction":[{"@type":"SearchAction","target":{"@type":"EntryPoint","urlTemplate":"https:\/\/www.infolocale.fr\/blog\/?s={search_term_string}"},"query-input":"required name=search_term_string"}],"inLanguage":"fr-FR"},{"@type":"Organization","@id":"https:\/\/www.infolocale.fr\/blog\/#organization","name":"Infolocale","url":"https:\/\/www.infolocale.fr\/blog\/","logo":{"@type":"ImageObject","inLanguage":"fr-FR","@id":"https:\/\/www.infolocale.fr\/blog\/#\/schema\/logo\/image\/","url":"https:\/\/www.infolocale.fr\/blog\/wp-content\/uploads\/2020\/11\/logol.jpg","contentUrl":"https:\/\/www.infolocale.fr\/blog\/wp-content\/uploads\/2020\/11\/logol.jpg","width":1031,"height":398,"caption":"Infolocale"},"image":{"@id":"https:\/\/www.infolocale.fr\/blog\/#\/schema\/logo\/image\/"},"sameAs":["https:\/\/www.facebook.com\/infolocaleFR\/","https:\/\/x.com\/infolocale","https:\/\/www.instagram.com\/infolocale\/","https:\/\/fr.linkedin.com\/company\/infolocale","https:\/\/www.youtube.com\/channel\/UCnv4FA8EYEuu_si3TGr7xeA"]},{"@type":"Person","@id":"https:\/\/www.infolocale.fr\/blog\/#\/schema\/person\/f0f748ece99417833166b3ba8890f3db","name":"Morgan","image":{"@type":"ImageObject","inLanguage":"fr-FR","@id":"https:\/\/www.infolocale.fr\/blog\/#\/schema\/person\/image\/","url":"https:\/\/secure.gravatar.com\/avatar\/a22ec2a0cc817ae9fa3ff7341a213632?s=96&d=mm&r=g","contentUrl":"https:\/\/secure.gravatar.com\/avatar\/a22ec2a0cc817ae9fa3ff7341a213632?s=96&d=mm&r=g","caption":"Morgan"},"url":"https:\/\/www.infolocale.fr\/blog\/author\/morgan-delepine\/"}]}},"_links":{"self":[{"href":"https:\/\/www.infolocale.fr\/blog\/wp-json\/wp\/v2\/posts\/21931"}],"collection":[{"href":"https:\/\/www.infolocale.fr\/blog\/wp-json\/wp\/v2\/posts"}],"about":[{"href":"https:\/\/www.infolocale.fr\/blog\/wp-json\/wp\/v2\/types\/post"}],"author":[{"embeddable":true,"href":"https:\/\/www.infolocale.fr\/blog\/wp-json\/wp\/v2\/users\/2"}],"replies":[{"embeddable":true,"href":"https:\/\/www.infolocale.fr\/blog\/wp-json\/wp\/v2\/comments?post=21931"}],"version-history":[{"count":0,"href":"https:\/\/www.infolocale.fr\/blog\/wp-json\/wp\/v2\/posts\/21931\/revisions"}],"wp:featuredmedia":[{"embeddable":true,"href":"https:\/\/www.infolocale.fr\/blog\/wp-json\/wp\/v2\/media\/21932"}],"wp:attachment":[{"href":"https:\/\/www.infolocale.fr\/blog\/wp-json\/wp\/v2\/media?parent=21931"}],"wp:term":[{"taxonomy":"category","embeddable":true,"href":"https:\/\/www.infolocale.fr\/blog\/wp-json\/wp\/v2\/categories?post=21931"},{"taxonomy":"post_tag","embeddable":true,"href":"https:\/\/www.infolocale.fr\/blog\/wp-json\/wp\/v2\/tags?post=21931"}],"curies":[{"name":"wp","href":"https:\/\/api.w.org\/{rel}","templated":true}]}}