{"id":21911,"date":"2023-01-13T12:46:44","date_gmt":"2023-01-13T11:46:44","guid":{"rendered":"https:\/\/www.infolocale.fr\/blog\/?p=21911"},"modified":"2024-10-25T12:46:28","modified_gmt":"2024-10-25T10:46:28","slug":"agenda-jazz-classique-lyrique","status":"publish","type":"post","link":"https:\/\/www.infolocale.fr\/blog\/agenda-jazz-classique-lyrique\/","title":{"rendered":"Classique, Jazz, Lyrique : vos \u00e9v\u00e9nements Infolocale sont d\u00e9sormais sur l\u2019agenda de Radio Clazz"},"content":{"rendered":"\n<p class=\"has-black-color has-pale-cyan-blue-background-color has-text-color has-background\">La Radio Clazz est sp\u00e9cialis\u00e9e dans le Jazz et la Musique Classique. D\u00e9sormais, elle diffuse sur son site un agenda d\u2019\u00e9v\u00e9nements Jazz, classique et lyrique provenant directement des pages du site Infolocale. Vous avez un groupe de Jazz\u00a0? Vous organisez des concerts de classique ou de lyrique\u00a0? D\u00e9sormais, vous pouvez toucher votre public et directement apparaitre sur ce site d\u00e9di\u00e9 \u00e0 votre musique en diffusant vos \u00e9v\u00e9nements sur Infolocale.<\/p>\n\n\n\n<div class=\"wp-block-buttons is-horizontal is-content-justification-center is-layout-flex wp-container-core-buttons-is-layout-1 wp-block-buttons-is-layout-flex\">\n<div class=\"wp-block-button\"><a class=\"wp-block-button__link has-white-color has-luminous-vivid-amber-background-color has-text-color has-background wp-element-button\"><strong>&gt;&gt;Inscrire mon asso \u00e0 Infolocale <\/strong><\/a><\/div>\n<\/div>\n\n\n\n<p>Les amateurs de musique classique, de jazz et de chant lyrique peuvent d\u00e9sormais acc\u00e9der \u00e0 un large \u00e9ventail d&rsquo;\u00e9v\u00e9nements gr\u00e2ce \u00e0 la diffusion sur le site de radio Clazz de l\u2019agenda des \u00e9v\u00e9nements Infolocale.<\/p>\n\n\n\n<div class=\"wp-block-image\"><figure class=\"aligncenter size-full is-resized\"><img fetchpriority=\"high\" decoding=\"async\" src=\"https:\/\/www.infolocale.fr\/blog\/wp-content\/uploads\/2023\/01\/CLAZZ-radio-classique-et-jazz-Google-Chrome.jpg\" alt=\"\" class=\"wp-image-21921\" width=\"443\" height=\"410\" srcset=\"https:\/\/www.infolocale.fr\/blog\/wp-content\/uploads\/2023\/01\/CLAZZ-radio-classique-et-jazz-Google-Chrome.jpg 983w, https:\/\/www.infolocale.fr\/blog\/wp-content\/uploads\/2023\/01\/CLAZZ-radio-classique-et-jazz-Google-Chrome-300x277.jpg 300w, https:\/\/www.infolocale.fr\/blog\/wp-content\/uploads\/2023\/01\/CLAZZ-radio-classique-et-jazz-Google-Chrome-768x710.jpg 768w\" sizes=\"(max-width: 443px) 100vw, 443px\" \/><figcaption>La home du site de Radio Clazz avec vos \u00e9v\u00e9nements Infolocale<\/figcaption><\/figure><\/div>\n\n\n\n<h2 class=\"wp-block-heading\">Une radio d\u00e9di\u00e9e au Jazz et \u00e0 la musique classique<\/h2>\n\n\n\n<p><a href=\"https:\/\/clazz.ouest-france.fr\/\" target=\"_blank\" rel=\"noreferrer noopener\">Radio Clazz<\/a> est une radio num\u00e9rique et une plateforme de diffusion en ligne lanc\u00e9e en 2019. Elle diffuse des standards comme des d\u00e9couvertes qui ne sont jamais diffus\u00e9es deux fois dans la m\u00eame journ\u00e9e.<\/p>\n\n\n\n<h2 class=\"wp-block-heading\">Communiquer ses \u00e9v\u00e9nements Jazz, lyriques et classiques<\/h2>\n\n\n\n<p>Vous avez un groupe de Jazz\u00a0? Vous organisez des concerts de chant lyrique\u00a0ou de musique classique ? Infolocale vous permet de communiquer directement vers votre public et de diffuser vos \u00e9v\u00e9nements vers ceux qui aiment votre musique et viendront \u00e0 vos \u00e9v\u00e9nements. <a href=\"https:\/\/www.infolocale.fr\/decouvrir\/?int_source=blog&amp;int_medium=banner&amp;int_campaign=blog-content\">D\u00e9posez vos \u00e9v\u00e9nements sur Infolocale<\/a> !<\/p>\n\n\n\n<h2 class=\"wp-block-heading\">Comment faire pour apparaitre dans l\u2019agenda des \u00e9v\u00e9nements de Radio Clazz ?<\/h2>\n\n\n\n<p>Vous organisez des concerts ou des \u00e9v\u00e9nements li\u00e9s \u00e0 la musique classique ou au Jazz et vous vous demandez comment faire pour apparaitre parmi les \u00e9v\u00e9nements diffus\u00e9s sur le site de Radio Clazz ? C&rsquo;est tr\u00e8s simple ! Rendez-vous sur <a href=\"https:\/\/www.infolocale.fr\/decouvrir\/?utm_source=blog&amp;utm_medium=banner&amp;utm_campaign=blog-content\">Infolocale<\/a> ; cr\u00e9ez un compte pour votre association (cela ne prend pas plus de 5 minutes). <\/p>\n\n\n\n<p>Apr\u00e8s cela, vous pourrez enregistrer vos \u00e9v\u00e9nements et vos concerts. Une fois valid\u00e9s, ceux-ci apparaitront sur l&rsquo;agenda de Radio Class, mais aussi sur l&rsquo;ensemble des agendas en ligne aliment\u00e9s par les contenus Infolocale (ouest-france.fr, actu.fr, 20 minutes&#8230; Il sont plus de 200).<\/p>\n\n\n<div class=\"wp-block-image is-resized\">\n<figure class=\"aligncenter size-large has-lightbox\"><a href=\"https:\/\/www.infolocale.fr\/decouvrir\/deposant\/?utm_source=blog&amp;utm_medium=banner&amp;utm_campaign=blog-content\"><img decoding=\"async\" width=\"1024\" height=\"1024\" src=\"https:\/\/www.infolocale.fr\/blog\/wp-content\/uploads\/2021\/11\/banniere-NLDASSO-carree1500x1500-1024x1024.jpg\" alt=\"\" class=\"wp-image-23946\" srcset=\"https:\/\/www.infolocale.fr\/blog\/wp-content\/uploads\/2021\/11\/banniere-NLDASSO-carree1500x1500-1024x1024.jpg 1024w, https:\/\/www.infolocale.fr\/blog\/wp-content\/uploads\/2021\/11\/banniere-NLDASSO-carree1500x1500-300x300.jpg 300w, https:\/\/www.infolocale.fr\/blog\/wp-content\/uploads\/2021\/11\/banniere-NLDASSO-carree1500x1500-150x150.jpg 150w, https:\/\/www.infolocale.fr\/blog\/wp-content\/uploads\/2021\/11\/banniere-NLDASSO-carree1500x1500-768x768.jpg 768w, https:\/\/www.infolocale.fr\/blog\/wp-content\/uploads\/2021\/11\/banniere-NLDASSO-carree1500x1500.jpg 1500w\" sizes=\"(max-width: 1024px) 100vw, 1024px\" \/><\/a><\/figure><\/div>","protected":false},"excerpt":{"rendered":"<p>La Radio Clazz est sp\u00e9cialis\u00e9e dans le Jazz et la Musique Classique. D\u00e9sormais, elle diffuse sur son site un agenda d\u2019\u00e9v\u00e9nements Jazz, classique et lyrique [&hellip;]<\/p>\n","protected":false},"author":2,"featured_media":21915,"comment_status":"open","ping_status":"open","sticky":false,"template":"","format":"standard","meta":{"_coblocks_attr":"","_coblocks_dimensions":"","_coblocks_responsive_height":"","_coblocks_accordion_ie_support":"","_mo_disable_npp":"","footnotes":""},"categories":[6],"tags":[107,86],"class_list":["post-21911","post","type-post","status-publish","format-standard","has-post-thumbnail","hentry","category-actu-acteurs-locaux","tag-diffusion","tag-fonctionnalites"],"yoast_head":"<!-- This site is optimized with the Yoast SEO plugin v23.2 - https:\/\/yoast.com\/wordpress\/plugins\/seo\/ -->\n<title>Musique classique, Jaz ou lyrique : communiquez sur vos \u00e9v\u00e9nements dans l\u2019agenda de Radio Clazz |<\/title>\n<meta name=\"description\" content=\"La Radio Clazz est sp\u00e9cialis\u00e9e dans le Jazz et la Musique Classique. D\u00e9sormais, elle diffuse sur son site un agenda d\u2019\u00e9v\u00e9nements Jazz, cla...\" \/>\n<meta name=\"robots\" content=\"index, follow, max-snippet:-1, max-image-preview:large, max-video-preview:-1\" \/>\n<link rel=\"canonical\" href=\"https:\/\/infolocale.actu.fr\/blog\/agenda-jazz-classique-lyrique\/\" \/>\n<meta property=\"og:locale\" content=\"fr_FR\" \/>\n<meta property=\"og:type\" content=\"article\" \/>\n<meta property=\"og:title\" content=\"Musique classique, Jaz ou lyrique : communiquez sur vos \u00e9v\u00e9nements dans l\u2019agenda de Radio Clazz |\" \/>\n<meta property=\"og:description\" content=\"La Radio Clazz est sp\u00e9cialis\u00e9e dans le Jazz et la Musique Classique. D\u00e9sormais, elle diffuse sur son site un agenda d\u2019\u00e9v\u00e9nements Jazz, cla...\" \/>\n<meta property=\"og:url\" content=\"https:\/\/infolocale.actu.fr\/blog\/agenda-jazz-classique-lyrique\/\" \/>\n<meta property=\"article:publisher\" content=\"https:\/\/www.facebook.com\/infolocaleFR\/\" \/>\n<meta property=\"article:published_time\" content=\"2023-01-13T11:46:44+00:00\" \/>\n<meta property=\"article:modified_time\" content=\"2024-10-25T10:46:28+00:00\" \/>\n<meta property=\"og:image\" content=\"https:\/\/infolocale.actu.fr\/blog\/wp-content\/uploads\/2023\/01\/clazz-radio-jazz.jpg\" \/>\n\t<meta property=\"og:image:width\" content=\"900\" \/>\n\t<meta property=\"og:image:height\" content=\"630\" \/>\n\t<meta property=\"og:image:type\" content=\"image\/jpeg\" \/>\n<meta name=\"author\" content=\"Morgan\" \/>\n<meta name=\"twitter:card\" content=\"summary_large_image\" \/>\n<meta name=\"twitter:creator\" content=\"@infolocale\" \/>\n<meta name=\"twitter:site\" content=\"@infolocale\" \/>\n<meta name=\"twitter:label1\" content=\"\u00c9crit par\" \/>\n\t<meta name=\"twitter:data1\" content=\"Morgan\" \/>\n\t<meta name=\"twitter:label2\" content=\"Dur\u00e9e de lecture estim\u00e9e\" \/>\n\t<meta name=\"twitter:data2\" content=\"6 minutes\" \/>\n<script type=\"application\/ld+json\" class=\"yoast-schema-graph\">{\"@context\":\"https:\/\/schema.org\",\"@graph\":[{\"@type\":\"Article\",\"@id\":\"https:\/\/infolocale.actu.fr\/blog\/agenda-jazz-classique-lyrique\/#article\",\"isPartOf\":{\"@id\":\"https:\/\/infolocale.actu.fr\/blog\/agenda-jazz-classique-lyrique\/\"},\"author\":{\"name\":\"Morgan\",\"@id\":\"https:\/\/www.infolocale.fr\/blog\/#\/schema\/person\/f0f748ece99417833166b3ba8890f3db\"},\"headline\":\"Classique, Jazz, Lyrique : vos \u00e9v\u00e9nements Infolocale sont d\u00e9sormais sur l\u2019agenda de Radio Clazz\",\"datePublished\":\"2023-01-13T11:46:44+00:00\",\"dateModified\":\"2024-10-25T10:46:28+00:00\",\"mainEntityOfPage\":{\"@id\":\"https:\/\/infolocale.actu.fr\/blog\/agenda-jazz-classique-lyrique\/\"},\"wordCount\":367,\"commentCount\":0,\"publisher\":{\"@id\":\"https:\/\/www.infolocale.fr\/blog\/#organization\"},\"image\":{\"@id\":\"https:\/\/infolocale.actu.fr\/blog\/agenda-jazz-classique-lyrique\/#primaryimage\"},\"thumbnailUrl\":\"https:\/\/www.infolocale.fr\/blog\/wp-content\/uploads\/2023\/01\/clazz-radio-jazz.jpg\",\"keywords\":[\"diffusion\",\"Tout savoir sur Infolocale\"],\"articleSection\":[\"En ce moment\"],\"inLanguage\":\"fr-FR\",\"potentialAction\":[{\"@type\":\"CommentAction\",\"name\":\"Comment\",\"target\":[\"https:\/\/infolocale.actu.fr\/blog\/agenda-jazz-classique-lyrique\/#respond\"]}]},{\"@type\":\"WebPage\",\"@id\":\"https:\/\/infolocale.actu.fr\/blog\/agenda-jazz-classique-lyrique\/\",\"url\":\"https:\/\/infolocale.actu.fr\/blog\/agenda-jazz-classique-lyrique\/\",\"name\":\"Musique classique, Jaz ou lyrique : communiquez sur vos \u00e9v\u00e9nements dans l\u2019agenda de Radio Clazz |\",\"isPartOf\":{\"@id\":\"https:\/\/www.infolocale.fr\/blog\/#website\"},\"primaryImageOfPage\":{\"@id\":\"https:\/\/infolocale.actu.fr\/blog\/agenda-jazz-classique-lyrique\/#primaryimage\"},\"image\":{\"@id\":\"https:\/\/infolocale.actu.fr\/blog\/agenda-jazz-classique-lyrique\/#primaryimage\"},\"thumbnailUrl\":\"https:\/\/www.infolocale.fr\/blog\/wp-content\/uploads\/2023\/01\/clazz-radio-jazz.jpg\",\"datePublished\":\"2023-01-13T11:46:44+00:00\",\"dateModified\":\"2024-10-25T10:46:28+00:00\",\"description\":\"La Radio Clazz est sp\u00e9cialis\u00e9e dans le Jazz et la Musique Classique. D\u00e9sormais, elle diffuse sur son site un agenda d\u2019\u00e9v\u00e9nements Jazz, cla...\",\"breadcrumb\":{\"@id\":\"https:\/\/infolocale.actu.fr\/blog\/agenda-jazz-classique-lyrique\/#breadcrumb\"},\"inLanguage\":\"fr-FR\",\"potentialAction\":[{\"@type\":\"ReadAction\",\"target\":[\"https:\/\/infolocale.actu.fr\/blog\/agenda-jazz-classique-lyrique\/\"]}]},{\"@type\":\"ImageObject\",\"inLanguage\":\"fr-FR\",\"@id\":\"https:\/\/infolocale.actu.fr\/blog\/agenda-jazz-classique-lyrique\/#primaryimage\",\"url\":\"https:\/\/www.infolocale.fr\/blog\/wp-content\/uploads\/2023\/01\/clazz-radio-jazz.jpg\",\"contentUrl\":\"https:\/\/www.infolocale.fr\/blog\/wp-content\/uploads\/2023\/01\/clazz-radio-jazz.jpg\",\"width\":900,\"height\":630,\"caption\":\"communiquer pour un concert de Jazz\"},{\"@type\":\"BreadcrumbList\",\"@id\":\"https:\/\/infolocale.actu.fr\/blog\/agenda-jazz-classique-lyrique\/#breadcrumb\",\"itemListElement\":[{\"@type\":\"ListItem\",\"position\":1,\"name\":\"Blog\",\"item\":\"https:\/\/infolocale.ouest-france.fr\/blog\/\"},{\"@type\":\"ListItem\",\"position\":2,\"name\":\"En ce moment\",\"item\":\"https:\/\/infolocale.20minutes.fr\/blog\/cat\/actu-acteurs-locaux\/\"},{\"@type\":\"ListItem\",\"position\":3,\"name\":\"Classique, Jazz, Lyrique : vos \u00e9v\u00e9nements Infolocale sont d\u00e9sormais sur l\u2019agenda de Radio Clazz\"}]},{\"@type\":\"WebSite\",\"@id\":\"https:\/\/www.infolocale.fr\/blog\/#website\",\"url\":\"https:\/\/www.infolocale.fr\/blog\/\",\"name\":\"\",\"description\":\"\",\"publisher\":{\"@id\":\"https:\/\/www.infolocale.fr\/blog\/#organization\"},\"potentialAction\":[{\"@type\":\"SearchAction\",\"target\":{\"@type\":\"EntryPoint\",\"urlTemplate\":\"https:\/\/www.infolocale.fr\/blog\/?s={search_term_string}\"},\"query-input\":\"required name=search_term_string\"}],\"inLanguage\":\"fr-FR\"},{\"@type\":\"Organization\",\"@id\":\"https:\/\/www.infolocale.fr\/blog\/#organization\",\"name\":\"Infolocale\",\"url\":\"https:\/\/www.infolocale.fr\/blog\/\",\"logo\":{\"@type\":\"ImageObject\",\"inLanguage\":\"fr-FR\",\"@id\":\"https:\/\/www.infolocale.fr\/blog\/#\/schema\/logo\/image\/\",\"url\":\"https:\/\/www.infolocale.fr\/blog\/wp-content\/uploads\/2020\/11\/logol.jpg\",\"contentUrl\":\"https:\/\/www.infolocale.fr\/blog\/wp-content\/uploads\/2020\/11\/logol.jpg\",\"width\":1031,\"height\":398,\"caption\":\"Infolocale\"},\"image\":{\"@id\":\"https:\/\/www.infolocale.fr\/blog\/#\/schema\/logo\/image\/\"},\"sameAs\":[\"https:\/\/www.facebook.com\/infolocaleFR\/\",\"https:\/\/x.com\/infolocale\",\"https:\/\/www.instagram.com\/infolocale\/\",\"https:\/\/fr.linkedin.com\/company\/infolocale\",\"https:\/\/www.youtube.com\/channel\/UCnv4FA8EYEuu_si3TGr7xeA\"]},{\"@type\":\"Person\",\"@id\":\"https:\/\/www.infolocale.fr\/blog\/#\/schema\/person\/f0f748ece99417833166b3ba8890f3db\",\"name\":\"Morgan\",\"image\":{\"@type\":\"ImageObject\",\"inLanguage\":\"fr-FR\",\"@id\":\"https:\/\/www.infolocale.fr\/blog\/#\/schema\/person\/image\/\",\"url\":\"https:\/\/secure.gravatar.com\/avatar\/a22ec2a0cc817ae9fa3ff7341a213632?s=96&d=mm&r=g\",\"contentUrl\":\"https:\/\/secure.gravatar.com\/avatar\/a22ec2a0cc817ae9fa3ff7341a213632?s=96&d=mm&r=g\",\"caption\":\"Morgan\"},\"url\":\"https:\/\/www.infolocale.fr\/blog\/author\/morgan-delepine\/\"}]}<\/script>\n<!-- \/ Yoast SEO plugin. -->","yoast_head_json":{"title":"Musique classique, Jaz ou lyrique : communiquez sur vos \u00e9v\u00e9nements dans l\u2019agenda de Radio Clazz |","description":"La Radio Clazz est sp\u00e9cialis\u00e9e dans le Jazz et la Musique Classique. D\u00e9sormais, elle diffuse sur son site un agenda d\u2019\u00e9v\u00e9nements Jazz, cla...","robots":{"index":"index","follow":"follow","max-snippet":"max-snippet:-1","max-image-preview":"max-image-preview:large","max-video-preview":"max-video-preview:-1"},"canonical":"https:\/\/infolocale.actu.fr\/blog\/agenda-jazz-classique-lyrique\/","og_locale":"fr_FR","og_type":"article","og_title":"Musique classique, Jaz ou lyrique : communiquez sur vos \u00e9v\u00e9nements dans l\u2019agenda de Radio Clazz |","og_description":"La Radio Clazz est sp\u00e9cialis\u00e9e dans le Jazz et la Musique Classique. D\u00e9sormais, elle diffuse sur son site un agenda d\u2019\u00e9v\u00e9nements Jazz, cla...","og_url":"https:\/\/infolocale.actu.fr\/blog\/agenda-jazz-classique-lyrique\/","article_publisher":"https:\/\/www.facebook.com\/infolocaleFR\/","article_published_time":"2023-01-13T11:46:44+00:00","article_modified_time":"2024-10-25T10:46:28+00:00","og_image":[{"width":900,"height":630,"url":"https:\/\/infolocale.actu.fr\/blog\/wp-content\/uploads\/2023\/01\/clazz-radio-jazz.jpg","type":"image\/jpeg"}],"author":"Morgan","twitter_card":"summary_large_image","twitter_creator":"@infolocale","twitter_site":"@infolocale","twitter_misc":{"\u00c9crit par":"Morgan","Dur\u00e9e de lecture estim\u00e9e":"6 minutes"},"schema":{"@context":"https:\/\/schema.org","@graph":[{"@type":"Article","@id":"https:\/\/infolocale.actu.fr\/blog\/agenda-jazz-classique-lyrique\/#article","isPartOf":{"@id":"https:\/\/infolocale.actu.fr\/blog\/agenda-jazz-classique-lyrique\/"},"author":{"name":"Morgan","@id":"https:\/\/www.infolocale.fr\/blog\/#\/schema\/person\/f0f748ece99417833166b3ba8890f3db"},"headline":"Classique, Jazz, Lyrique : vos \u00e9v\u00e9nements Infolocale sont d\u00e9sormais sur l\u2019agenda de Radio Clazz","datePublished":"2023-01-13T11:46:44+00:00","dateModified":"2024-10-25T10:46:28+00:00","mainEntityOfPage":{"@id":"https:\/\/infolocale.actu.fr\/blog\/agenda-jazz-classique-lyrique\/"},"wordCount":367,"commentCount":0,"publisher":{"@id":"https:\/\/www.infolocale.fr\/blog\/#organization"},"image":{"@id":"https:\/\/infolocale.actu.fr\/blog\/agenda-jazz-classique-lyrique\/#primaryimage"},"thumbnailUrl":"https:\/\/www.infolocale.fr\/blog\/wp-content\/uploads\/2023\/01\/clazz-radio-jazz.jpg","keywords":["diffusion","Tout savoir sur Infolocale"],"articleSection":["En ce moment"],"inLanguage":"fr-FR","potentialAction":[{"@type":"CommentAction","name":"Comment","target":["https:\/\/infolocale.actu.fr\/blog\/agenda-jazz-classique-lyrique\/#respond"]}]},{"@type":"WebPage","@id":"https:\/\/infolocale.actu.fr\/blog\/agenda-jazz-classique-lyrique\/","url":"https:\/\/infolocale.actu.fr\/blog\/agenda-jazz-classique-lyrique\/","name":"Musique classique, Jaz ou lyrique : communiquez sur vos \u00e9v\u00e9nements dans l\u2019agenda de Radio Clazz |","isPartOf":{"@id":"https:\/\/www.infolocale.fr\/blog\/#website"},"primaryImageOfPage":{"@id":"https:\/\/infolocale.actu.fr\/blog\/agenda-jazz-classique-lyrique\/#primaryimage"},"image":{"@id":"https:\/\/infolocale.actu.fr\/blog\/agenda-jazz-classique-lyrique\/#primaryimage"},"thumbnailUrl":"https:\/\/www.infolocale.fr\/blog\/wp-content\/uploads\/2023\/01\/clazz-radio-jazz.jpg","datePublished":"2023-01-13T11:46:44+00:00","dateModified":"2024-10-25T10:46:28+00:00","description":"La Radio Clazz est sp\u00e9cialis\u00e9e dans le Jazz et la Musique Classique. D\u00e9sormais, elle diffuse sur son site un agenda d\u2019\u00e9v\u00e9nements Jazz, cla...","breadcrumb":{"@id":"https:\/\/infolocale.actu.fr\/blog\/agenda-jazz-classique-lyrique\/#breadcrumb"},"inLanguage":"fr-FR","potentialAction":[{"@type":"ReadAction","target":["https:\/\/infolocale.actu.fr\/blog\/agenda-jazz-classique-lyrique\/"]}]},{"@type":"ImageObject","inLanguage":"fr-FR","@id":"https:\/\/infolocale.actu.fr\/blog\/agenda-jazz-classique-lyrique\/#primaryimage","url":"https:\/\/www.infolocale.fr\/blog\/wp-content\/uploads\/2023\/01\/clazz-radio-jazz.jpg","contentUrl":"https:\/\/www.infolocale.fr\/blog\/wp-content\/uploads\/2023\/01\/clazz-radio-jazz.jpg","width":900,"height":630,"caption":"communiquer pour un concert de Jazz"},{"@type":"BreadcrumbList","@id":"https:\/\/infolocale.actu.fr\/blog\/agenda-jazz-classique-lyrique\/#breadcrumb","itemListElement":[{"@type":"ListItem","position":1,"name":"Blog","item":"https:\/\/infolocale.ouest-france.fr\/blog\/"},{"@type":"ListItem","position":2,"name":"En ce moment","item":"https:\/\/infolocale.20minutes.fr\/blog\/cat\/actu-acteurs-locaux\/"},{"@type":"ListItem","position":3,"name":"Classique, Jazz, Lyrique : vos \u00e9v\u00e9nements Infolocale sont d\u00e9sormais sur l\u2019agenda de Radio Clazz"}]},{"@type":"WebSite","@id":"https:\/\/www.infolocale.fr\/blog\/#website","url":"https:\/\/www.infolocale.fr\/blog\/","name":"","description":"","publisher":{"@id":"https:\/\/www.infolocale.fr\/blog\/#organization"},"potentialAction":[{"@type":"SearchAction","target":{"@type":"EntryPoint","urlTemplate":"https:\/\/www.infolocale.fr\/blog\/?s={search_term_string}"},"query-input":"required name=search_term_string"}],"inLanguage":"fr-FR"},{"@type":"Organization","@id":"https:\/\/www.infolocale.fr\/blog\/#organization","name":"Infolocale","url":"https:\/\/www.infolocale.fr\/blog\/","logo":{"@type":"ImageObject","inLanguage":"fr-FR","@id":"https:\/\/www.infolocale.fr\/blog\/#\/schema\/logo\/image\/","url":"https:\/\/www.infolocale.fr\/blog\/wp-content\/uploads\/2020\/11\/logol.jpg","contentUrl":"https:\/\/www.infolocale.fr\/blog\/wp-content\/uploads\/2020\/11\/logol.jpg","width":1031,"height":398,"caption":"Infolocale"},"image":{"@id":"https:\/\/www.infolocale.fr\/blog\/#\/schema\/logo\/image\/"},"sameAs":["https:\/\/www.facebook.com\/infolocaleFR\/","https:\/\/x.com\/infolocale","https:\/\/www.instagram.com\/infolocale\/","https:\/\/fr.linkedin.com\/company\/infolocale","https:\/\/www.youtube.com\/channel\/UCnv4FA8EYEuu_si3TGr7xeA"]},{"@type":"Person","@id":"https:\/\/www.infolocale.fr\/blog\/#\/schema\/person\/f0f748ece99417833166b3ba8890f3db","name":"Morgan","image":{"@type":"ImageObject","inLanguage":"fr-FR","@id":"https:\/\/www.infolocale.fr\/blog\/#\/schema\/person\/image\/","url":"https:\/\/secure.gravatar.com\/avatar\/a22ec2a0cc817ae9fa3ff7341a213632?s=96&d=mm&r=g","contentUrl":"https:\/\/secure.gravatar.com\/avatar\/a22ec2a0cc817ae9fa3ff7341a213632?s=96&d=mm&r=g","caption":"Morgan"},"url":"https:\/\/www.infolocale.fr\/blog\/author\/morgan-delepine\/"}]}},"_links":{"self":[{"href":"https:\/\/www.infolocale.fr\/blog\/wp-json\/wp\/v2\/posts\/21911"}],"collection":[{"href":"https:\/\/www.infolocale.fr\/blog\/wp-json\/wp\/v2\/posts"}],"about":[{"href":"https:\/\/www.infolocale.fr\/blog\/wp-json\/wp\/v2\/types\/post"}],"author":[{"embeddable":true,"href":"https:\/\/www.infolocale.fr\/blog\/wp-json\/wp\/v2\/users\/2"}],"replies":[{"embeddable":true,"href":"https:\/\/www.infolocale.fr\/blog\/wp-json\/wp\/v2\/comments?post=21911"}],"version-history":[{"count":0,"href":"https:\/\/www.infolocale.fr\/blog\/wp-json\/wp\/v2\/posts\/21911\/revisions"}],"wp:featuredmedia":[{"embeddable":true,"href":"https:\/\/www.infolocale.fr\/blog\/wp-json\/wp\/v2\/media\/21915"}],"wp:attachment":[{"href":"https:\/\/www.infolocale.fr\/blog\/wp-json\/wp\/v2\/media?parent=21911"}],"wp:term":[{"taxonomy":"category","embeddable":true,"href":"https:\/\/www.infolocale.fr\/blog\/wp-json\/wp\/v2\/categories?post=21911"},{"taxonomy":"post_tag","embeddable":true,"href":"https:\/\/www.infolocale.fr\/blog\/wp-json\/wp\/v2\/tags?post=21911"}],"curies":[{"name":"wp","href":"https:\/\/api.w.org\/{rel}","templated":true}]}}