{"id":21796,"date":"2024-12-18T14:38:00","date_gmt":"2024-12-18T13:38:00","guid":{"rendered":"https:\/\/www.infolocale.fr\/blog\/?p=21796"},"modified":"2025-01-03T09:12:47","modified_gmt":"2025-01-03T08:12:47","slug":"exemple-voeux-association","status":"publish","type":"post","link":"https:\/\/www.infolocale.fr\/blog\/exemple-voeux-association\/","title":{"rendered":"Exemple de v\u0153ux pour une association en 2025"},"content":{"rendered":"\n<p class=\"has-black-color has-pale-cyan-blue-background-color has-text-color has-background\">Vous trouverez dans cet article un<strong> exemple de texte de v\u0153ux<\/strong> pour votre association. Cet exemple peut \u00eatre ajust\u00e9 pour le faire correspondre \u00e0 la r\u00e9alit\u00e9 de votre structure. N\u00e9anmoins, sachez que vous pouvez tout \u00e0 fait r\u00e9diger diff\u00e9rents courriers, adapt\u00e9s aux diff\u00e9rents interlocuteurs et acteurs de la vie de votre association : adh\u00e9rents, b\u00e9n\u00e9voles, anciens b\u00e9n\u00e9voles, collectivit\u00e9s, sponsors&#8230; Le <strong>mod\u00e8le de carte de v\u0153ux<\/strong> que vous trouverez dans cet article peut \u00eatre utilis\u00e9 tel quel, ou, vous servir d&rsquo;inspiration pour \u00e9crire votre propre courrier.<\/p>\n\n\n\n<div class=\"wp-block-buttons is-content-justification-center is-layout-flex wp-block-buttons-is-layout-flex\">\n<div class=\"wp-block-button\"><a class=\"wp-block-button__link has-white-color has-luminous-vivid-amber-background-color has-text-color has-background\" href=\"#elementor-action%3Aaction%3Dpopup%3Aopen%26settings%3DeyJpZCI6IjI0NDQ5IiwidG9nZ2xlIjpmYWxzZX0%3D\">T\u00e9l\u00e9chargez nos exemples de voeux pour assos<\/a><\/div>\n<\/div>\n\n\n\n<h2 class=\"wp-block-heading\">Les \u00e9tapes pr\u00e9liminaires \u00e0 la r\u00e9daction des v\u0153ux de votre association ?<\/h2>\n\n\n\n<p>Ecrire les v\u0153ux d&rsquo;une association est une mission qui peut se r\u00e9v\u00e9ler strat\u00e9gique. En effet, l&rsquo;envoi d&rsquo;une carte de v\u0153ux peut \u00eatre un moyen efficace de se rappeler aux bons souvenirs des politiques, partenaires et autres sponsors de votre associations. Aussi, avant de vous pr\u00e9senter un <strong>exemple de v\u0153ux pour association<\/strong>, pouvons-nous commencer par un petit rappel des principaux points \u00e0 connaitre pour <a href=\"https:\/\/www.infolocale.fr\/blog\/nouvelle-annee-rediger-voeux-associatifs\/\">\u00e9crire les v\u0153ux de votre association<\/a>.<\/p>\n\n\n\n<h3 class=\"wp-block-heading\">Quel est l&rsquo;objectif de votre carte de v\u0153ux ?<\/h3>\n\n\n\n<p>Il n&rsquo;y a pas qu&rsquo;une seule fa\u00e7on d&rsquo;\u00e9crire les v\u0153ux de nouvelle ann\u00e9e de votre association. Selon la personne \u00e0 laquelle vous les adressez ; le ton et la forme que vous adoptez peuvent changer. En outre, une carte de v\u0153ux peut nourrir des objectifs pr\u00e9cis.<\/p>\n\n\n\n<p>Ce peut \u00eatre :<\/p>\n\n\n\n<ul class=\"wp-block-list\"><li>Pour chercher \u00e0 remercier des personnes qui ont donn\u00e9 de leur temps pour votre association.<\/li><li>Entamer, confirmer une relation avec une entreprise ou un futur partenaire.<\/li><li>Renouer des liens avec des b\u00e9n\u00e9voles ou des adh\u00e9rents qui se sont \u00e9loign\u00e9s de votre association.<\/li><li>Ou plus simplement pour remercier vos adh\u00e9rents, votre public.<\/li><\/ul>\n\n\n\n<p>Il est donc possible voire indispensable d&rsquo;\u00e9crire plusieurs cartes dont le contenu sera adapt\u00e9 aux diff\u00e9rents destinataires.<\/p>\n\n\n\n<div class=\"wp-block-buttons is-horizontal is-content-justification-center is-layout-flex wp-container-core-buttons-is-layout-2 wp-block-buttons-is-layout-flex\">\n<div class=\"wp-block-button\"><a class=\"wp-block-button__link has-white-color has-luminous-vivid-amber-background-color has-text-color has-background wp-element-button\"><strong>&gt;&gt;Inscrire mon asso \u00e0 Infolocale <\/strong><\/a><\/div>\n<\/div>\n\n\n<div class=\"wp-block-image is-resized\">\n<figure class=\"aligncenter size-large has-lightbox\"><a href=\"https:\/\/www.infolocale.fr\/decouvrir\/deposant\/?utm_source=blog&amp;utm_medium=banner&amp;utm_campaign=blog-content\"><img fetchpriority=\"high\" decoding=\"async\" width=\"1024\" height=\"1024\" src=\"https:\/\/www.infolocale.fr\/blog\/wp-content\/uploads\/2021\/11\/banniere-NLDASSO-carree1500x1500-1024x1024.jpg\" alt=\"\" class=\"wp-image-23946\" srcset=\"https:\/\/www.infolocale.fr\/blog\/wp-content\/uploads\/2021\/11\/banniere-NLDASSO-carree1500x1500-1024x1024.jpg 1024w, https:\/\/www.infolocale.fr\/blog\/wp-content\/uploads\/2021\/11\/banniere-NLDASSO-carree1500x1500-300x300.jpg 300w, https:\/\/www.infolocale.fr\/blog\/wp-content\/uploads\/2021\/11\/banniere-NLDASSO-carree1500x1500-150x150.jpg 150w, https:\/\/www.infolocale.fr\/blog\/wp-content\/uploads\/2021\/11\/banniere-NLDASSO-carree1500x1500-768x768.jpg 768w, https:\/\/www.infolocale.fr\/blog\/wp-content\/uploads\/2021\/11\/banniere-NLDASSO-carree1500x1500.jpg 1500w\" sizes=\"(max-width: 1024px) 100vw, 1024px\" \/><\/a><\/figure><\/div>\n\n\n<h3 class=\"wp-block-heading\">Maire, collectivit\u00e9s, partenaires&#8230; A qui envoyer les v\u0153ux de votre association ?<\/h3>\n\n\n\n<p>Avant de r\u00e9diger votre carte de v\u0153ux, vous devez donc savoir \u00e0 qui vous \u00e9crivez ! Pour commencer, dresser une liste des acteurs essentiels \u00e0 la vie de votre association, ceux qui vous ont aid\u00e9 tout au long de l&rsquo;ann\u00e9e, qui ont donn\u00e9 de leur temps, qui vous ont financ\u00e9 ou soutenu&#8230; Cette liste peut ainsi rassembler :<\/p>\n\n\n\n<ul class=\"wp-block-list\"><li>les adh\u00e9rents de votre association,<\/li><li>vos b\u00e9n\u00e9voles,<\/li><li>les salari\u00e9s,<\/li><li>vos donateurs,<\/li><li>les b\u00e9n\u00e9ficiaires de vos actions,<\/li><li>les sponsors qui vous soutiennent,<\/li><li>vos collectivit\u00e9s et politiques locaux,<\/li><li>les correspondants et journalistes qui couvrent vos \u00e9v\u00e9nements pour la presse locale,<\/li><li>les publics qui viennent \u00e0 vos \u00e9v\u00e9nements.<\/li><\/ul>\n\n\n\n<h3 class=\"wp-block-heading\">Par mail ou par la poste, comment envoyer ses v\u0153ux ?<\/h3>\n\n\n\n<p>Les questionnements autour de votre carte de v\u0153ux peuvent aussi porter sur le format. Ici, vous pouvez opter pour un format num\u00e9rique que vous enverrez par mail ou un format papier, traditionnel, envoy\u00e9 par la poste. Evidemment, il va sans dire que la version num\u00e9rique est peu couteuse et plus rapide \u00e0 mettre en \u0153uvre. Une carte de v\u0153ux de nouvelle ann\u00e9e sous format papier aura n\u00e9anmoins l&rsquo;avantage de marquer davantage les esprits.<\/p>\n\n\n\n<h3 class=\"wp-block-heading\">Personnaliser le contenu des v\u0153ux de votre association<\/h3>\n\n\n\n<p>Arriv\u00e9 \u00e0 cette \u00e9tape vous : <\/p>\n\n\n\n<ul class=\"wp-block-list\"><li>avez arr\u00eat\u00e9 les diff\u00e9rentes cat\u00e9gories de destinataires, <\/li><li>savez quels objectifs visent votre envoi, <\/li><li>enfin, vous savez si vous allez opter pour un courrier papier ou pour un mail. <\/li><\/ul>\n\n\n\n<p>Vous pouvez commencer vos diff\u00e9rentes r\u00e9dactions. <\/p>\n\n\n\n<p>Votre carte de v\u0153ux doit, id\u00e9alement, \u00eatre courte et facile \u00e0 lire. Dans son contenu, vous allez, en premier lieu, exprimer vos meilleurs v\u0153ux.<\/p>\n\n\n\n<p>Si possible, vous pouvez continuer en int\u00e9grant des r\u00e9f\u00e9rences aux temps forts de l\u2019ann\u00e9e pass\u00e9e. Ici on fera r\u00e9f\u00e9rence : <\/p>\n\n\n\n<ul class=\"wp-block-list\"><li>aux grands \u00e9v\u00e9nements organis\u00e9s, <\/li><li>aux difficult\u00e9s surmont\u00e9es, <\/li><li>au comportement exemplaires de ceux qui ont aid\u00e9 votre association \u00e0 avancer,<\/li><li>aux moments importants et actions collectives. <\/li><\/ul>\n\n\n\n<p>Id\u00e9alement, votre carte de v\u0153ux gagnerait \u00e0 \u00eatre personnalis\u00e9e en \u00e9crivant \u00e0 minima le nom et pr\u00e9nom du destinataire. N\u00e9anmoins, selon le nombre de courriers que vous exp\u00e9diez, cette personnalisation peut \u00eatre difficile \u00e0 mener. Dans ce domaine, il peut \u00eatre int\u00e9ressant de savoir que les outils d&rsquo;envoi de mails (<a href=\"https:\/\/www.infolocale.fr\/blog\/mailchimp\/\">mailchimp<\/a>, <a href=\"https:\/\/www.infolocale.fr\/blog\/sendinblue-pour-une-communication-mail-reussie\/\">sendinblue<\/a>), poss\u00e8dent g\u00e9n\u00e9ralement des fonctions de personnalisation des messages. Ces options permettent d&rsquo;automatiquement changer le nom, le pr\u00e9nom dans le texte de chaque email. Dans une version papier de carte de v\u0153ux, m\u00eame quand elle est identique pour tous les destinataires, il reste possible d&rsquo;\u00e9crire un petit message manuscrit permettant de personnaliser votre courrier.<\/p>\n\n\n\n<h2 class=\"wp-block-heading\">Mod\u00e8le de texte pour discours de v\u0153ux ou carte de v\u0153ux d&rsquo;une association<\/h2>\n\n\n\n<div class=\"wp-block-buttons is-content-justification-center is-layout-flex wp-block-buttons-is-layout-flex\">\n<div class=\"wp-block-button\"><a class=\"wp-block-button__link has-white-color has-luminous-vivid-amber-background-color has-text-color has-background\" href=\"#elementor-action%3Aaction%3Dpopup%3Aopen%26settings%3DeyJpZCI6IjI0NDQ5IiwidG9nZ2xlIjpmYWxzZX0%3D\">>> T\u00e9l\u00e9chargez un lot d&rsquo;exemples de v\u0153ux<\/a><\/div>\n<\/div>\n\n\n\n<p>Vous trouverez ci-apr\u00e8s, un <strong>exemple de lettre pour les cartes de v\u0153ux de votre association<\/strong>. Ce texte est un exemple de lettre destin\u00e9e \u00e0 vos b\u00e9n\u00e9voles et adh\u00e9rents. Vous pouvez le copier et en r\u00e9utiliser les grandes lignes. Si c&rsquo;est le cas, il vous faudra n\u00e9anmoins adapter certains passages \u00e0 la r\u00e9alit\u00e9 de votre association. Vous pouvez \u00e9galement utiliser cet exemple comme inspiration pour r\u00e9diger une carte de v\u0153ux personnelle pour votre association.<\/p>\n\n\n\n<p>Avec les temps, nous proposerons d&rsquo;autres exemples int\u00e9grant des lettres de v\u0153ux type \u00e0 envoyer au maire de votre commune, aux collectivit\u00e9s, \u00e0 vos sponsors et autres partenaires.<\/p>\n\n\n\n<p>Ce texte a vocation a \u00eatre un <strong>exemple de v\u0153ux pour association<\/strong>. N\u00e9anmoins, la mettre que vous trouverez ci-dessous peut \u00e9galement \u00eatre adapt\u00e9e pour devenir un discours de v\u0153ux pour le pr\u00e9sident de votre association.<\/p>\n\n\n\n<hr class=\"wp-block-separator\"\/>\n\n\n\n<div class=\"wp-block-image is-style-default\"><figure class=\"aligncenter size-full is-resized\"><img decoding=\"async\" src=\"https:\/\/www.infolocale.fr\/blog\/wp-content\/uploads\/2023\/11\/voeux-nouvelle-annee.jpg\" alt=\"\" class=\"wp-image-24436\" width=\"789\" height=\"811\" srcset=\"https:\/\/www.infolocale.fr\/blog\/wp-content\/uploads\/2023\/11\/voeux-nouvelle-annee.jpg 652w, https:\/\/www.infolocale.fr\/blog\/wp-content\/uploads\/2023\/11\/voeux-nouvelle-annee-292x300.jpg 292w\" sizes=\"(max-width: 789px) 100vw, 789px\" \/><\/figure><\/div>\n\n\n\n<h3 class=\"wp-block-heading\">V\u0153ux associatifs : quelles formules y int\u00e9grer ?<\/h3>\n\n\n\n<p>Votre destinataire doit imm\u00e9diatement pouvoir identifier l&rsquo;auteur du courrier ainsi que le nom de l&rsquo;association. C&rsquo;est important, car vous n&rsquo;avez aucune certitude que celui-ci lira votre courrier dans son int\u00e9gralit\u00e9. Aussi, commencez par vous pr\u00e9senter. <\/p>\n\n\n\n<p>Votre lettre doit porter :<\/p>\n\n\n\n<ul class=\"wp-block-list\"><li>le nom de votre association,<\/li><li>les nom et pr\u00e9nom ainsi que le statut de la personne qui r\u00e9dige la carte.<\/li><\/ul>\n\n\n\n<p>En suite, souhaitez vos v\u0153ux. Diff\u00e9rentes formules peuvent fonctionner. Dans notre exemple, nous utilisons la formulation suivante :<\/p>\n\n\n\n<ul class=\"wp-block-list\"><li>Nous \u00ab\u00a0<em>pr\u00e9sentons \u00e0 vous ainsi qu\u2019\u00e0 vos proches tous nos meilleurs v\u0153ux pour cette nouvelle ann\u00e9e. Nous esp\u00e9rons qu\u2019elle vous apportera le bonheur, la sant\u00e9 et la concr\u00e9tisation des projets qui vous tiennent \u00e0 c\u0153ur<\/em>\u00ab\u00a0.<\/li><\/ul>\n\n\n\n<p>Ensuite, dans cet <strong>exemple de v\u0153ux pour association<\/strong>, nous prenons un peu de temps pour remercier les b\u00e9n\u00e9voles et les adh\u00e9rents pour leur engagement et les efforts fournis collectivement au projet :<\/p>\n\n\n\n<ul class=\"wp-block-list\"><li>\u00ab\u00a0<em>Je souhaiterais \u00e9galement profiter de cette occasion pour vous remercier pour votre engagement sans faille<\/em>\u00ab\u00a0.<\/li><li>\u00ab\u00a0<em>Sans vous, il aurait \u00e9t\u00e9 impossible \u00e0 notre association de mener \u00e0 bien les actions collectives que nous avons port\u00e9<\/em>\u00ab\u00a0.<\/li><\/ul>\n\n\n\n<p>Dans la m\u00eame partie, nous prenons un peu de temps pour \u00e9voquer certaines actions et projets de l&rsquo;association. Finalement, nous terminons cet <strong>exemple de v\u0153ux<\/strong> <strong>pour association<\/strong> en souhaitant \u00e0 tous les membres de notre association de s&rsquo;\u00e9panouir dans nos activit\u00e9s et rappelons l&rsquo;importance du lien qui nous uni et de la volont\u00e9 de le faire perdurer.<\/p>\n\n\n\n<ul class=\"wp-block-list\"><li>\u00ab\u00a0<em>Pour l\u2019ann\u00e9e \u00e0 venir, j\u2019esp\u00e8re que notre association et nos activit\u00e9s vous apporteront toute la satisfaction recherch\u00e9e et que nous resterons li\u00e9s par notre passion commune encore de nombreuses ann\u00e9es<\/em>\u00ab\u00a0.<\/li><\/ul>\n\n\n\n<p>Terminez votre courrier par des salutations et par un renouvellement de vos v\u0153ux.<\/p>\n","protected":false},"excerpt":{"rendered":"<p>Vous trouverez dans cet article un exemple de texte de v\u0153ux pour votre association. Cet exemple peut \u00eatre ajust\u00e9 pour le faire correspondre&#8230;<\/p>\n","protected":false},"author":2,"featured_media":21805,"comment_status":"open","ping_status":"open","sticky":false,"template":"","format":"standard","meta":{"_coblocks_attr":"","_coblocks_dimensions":"","_coblocks_responsive_height":"","_coblocks_accordion_ie_support":"","_mo_disable_npp":"","footnotes":""},"categories":[110],"tags":[102],"class_list":["post-21796","post","type-post","status-publish","format-standard","has-post-thumbnail","hentry","category-preparer-son-debut-et-sa-fin-dannee","tag-voeux"],"yoast_head":"<!-- This site is optimized with the Yoast SEO plugin v23.2 - https:\/\/yoast.com\/wordpress\/plugins\/seo\/ -->\n<title>Exemple de v\u0153ux pour une association en 2025 |<\/title>\n<meta name=\"description\" content=\"Nous tenons \u00e0 pr\u00e9senter, \u00e0 vous ainsi qu\u2019\u00e0 vos proches, nos meilleurs v\u0153ux pour cette nouvelle ann\u00e9e. Nous esp\u00e9rons qu\u2019elle vous apportera...\" \/>\n<meta name=\"robots\" content=\"index, follow, max-snippet:-1, max-image-preview:large, max-video-preview:-1\" \/>\n<link rel=\"canonical\" href=\"https:\/\/infolocale.20minutes.fr\/blog\/exemple-voeux-association\/\" \/>\n<meta property=\"og:locale\" content=\"fr_FR\" \/>\n<meta property=\"og:type\" content=\"article\" \/>\n<meta property=\"og:title\" content=\"Exemple de v\u0153ux pour une association en 2025 |\" \/>\n<meta property=\"og:description\" content=\"Nous tenons \u00e0 pr\u00e9senter, \u00e0 vous ainsi qu\u2019\u00e0 vos proches, nos meilleurs v\u0153ux pour cette nouvelle ann\u00e9e. Nous esp\u00e9rons qu\u2019elle vous apportera...\" \/>\n<meta property=\"og:url\" content=\"https:\/\/infolocale.20minutes.fr\/blog\/exemple-voeux-association\/\" \/>\n<meta property=\"article:publisher\" content=\"https:\/\/www.facebook.com\/infolocaleFR\/\" \/>\n<meta property=\"article:published_time\" content=\"2024-12-18T13:38:00+00:00\" \/>\n<meta property=\"article:modified_time\" content=\"2025-01-03T08:12:47+00:00\" \/>\n<meta property=\"og:image\" content=\"https:\/\/infolocale.20minutes.fr\/blog\/wp-content\/uploads\/2022\/12\/exemple-voeux-asso.jpg\" \/>\n\t<meta property=\"og:image:width\" content=\"900\" \/>\n\t<meta property=\"og:image:height\" content=\"630\" \/>\n\t<meta property=\"og:image:type\" content=\"image\/jpeg\" \/>\n<meta name=\"author\" content=\"Morgan\" \/>\n<meta name=\"twitter:card\" content=\"summary_large_image\" \/>\n<meta name=\"twitter:creator\" content=\"@infolocale\" \/>\n<meta name=\"twitter:site\" content=\"@infolocale\" \/>\n<meta name=\"twitter:label1\" content=\"\u00c9crit par\" \/>\n\t<meta name=\"twitter:data1\" content=\"Morgan\" \/>\n\t<meta name=\"twitter:label2\" content=\"Dur\u00e9e de lecture estim\u00e9e\" \/>\n\t<meta name=\"twitter:data2\" content=\"19 minutes\" \/>\n<script type=\"application\/ld+json\" class=\"yoast-schema-graph\">{\"@context\":\"https:\/\/schema.org\",\"@graph\":[{\"@type\":\"Article\",\"@id\":\"https:\/\/infolocale.20minutes.fr\/blog\/exemple-voeux-association\/#article\",\"isPartOf\":{\"@id\":\"https:\/\/infolocale.20minutes.fr\/blog\/exemple-voeux-association\/\"},\"author\":{\"name\":\"Morgan\",\"@id\":\"https:\/\/www.infolocale.fr\/blog\/#\/schema\/person\/f0f748ece99417833166b3ba8890f3db\"},\"headline\":\"Exemple de v\u0153ux pour une association en 2025\",\"datePublished\":\"2024-12-18T13:38:00+00:00\",\"dateModified\":\"2025-01-03T08:12:47+00:00\",\"mainEntityOfPage\":{\"@id\":\"https:\/\/infolocale.20minutes.fr\/blog\/exemple-voeux-association\/\"},\"wordCount\":1286,\"commentCount\":5,\"publisher\":{\"@id\":\"https:\/\/www.infolocale.fr\/blog\/#organization\"},\"image\":{\"@id\":\"https:\/\/infolocale.20minutes.fr\/blog\/exemple-voeux-association\/#primaryimage\"},\"thumbnailUrl\":\"https:\/\/www.infolocale.fr\/blog\/wp-content\/uploads\/2022\/12\/exemple-voeux-asso.jpg\",\"keywords\":[\"voeux\"],\"articleSection\":[\"Pr\u00e9parer son d\u00e9but et sa fin d'ann\u00e9e\"],\"inLanguage\":\"fr-FR\",\"potentialAction\":[{\"@type\":\"CommentAction\",\"name\":\"Comment\",\"target\":[\"https:\/\/infolocale.20minutes.fr\/blog\/exemple-voeux-association\/#respond\"]}]},{\"@type\":\"WebPage\",\"@id\":\"https:\/\/infolocale.20minutes.fr\/blog\/exemple-voeux-association\/\",\"url\":\"https:\/\/infolocale.20minutes.fr\/blog\/exemple-voeux-association\/\",\"name\":\"Exemple de v\u0153ux pour une association en 2025 |\",\"isPartOf\":{\"@id\":\"https:\/\/www.infolocale.fr\/blog\/#website\"},\"primaryImageOfPage\":{\"@id\":\"https:\/\/infolocale.20minutes.fr\/blog\/exemple-voeux-association\/#primaryimage\"},\"image\":{\"@id\":\"https:\/\/infolocale.20minutes.fr\/blog\/exemple-voeux-association\/#primaryimage\"},\"thumbnailUrl\":\"https:\/\/www.infolocale.fr\/blog\/wp-content\/uploads\/2022\/12\/exemple-voeux-asso.jpg\",\"datePublished\":\"2024-12-18T13:38:00+00:00\",\"dateModified\":\"2025-01-03T08:12:47+00:00\",\"description\":\"Nous tenons \u00e0 pr\u00e9senter, \u00e0 vous ainsi qu\u2019\u00e0 vos proches, nos meilleurs v\u0153ux pour cette nouvelle ann\u00e9e. Nous esp\u00e9rons qu\u2019elle vous apportera...\",\"breadcrumb\":{\"@id\":\"https:\/\/infolocale.20minutes.fr\/blog\/exemple-voeux-association\/#breadcrumb\"},\"inLanguage\":\"fr-FR\",\"potentialAction\":[{\"@type\":\"ReadAction\",\"target\":[\"https:\/\/infolocale.20minutes.fr\/blog\/exemple-voeux-association\/\"]}]},{\"@type\":\"ImageObject\",\"inLanguage\":\"fr-FR\",\"@id\":\"https:\/\/infolocale.20minutes.fr\/blog\/exemple-voeux-association\/#primaryimage\",\"url\":\"https:\/\/www.infolocale.fr\/blog\/wp-content\/uploads\/2022\/12\/exemple-voeux-asso.jpg\",\"contentUrl\":\"https:\/\/www.infolocale.fr\/blog\/wp-content\/uploads\/2022\/12\/exemple-voeux-asso.jpg\",\"width\":900,\"height\":630,\"caption\":\"exemple de voeux pour une association\"},{\"@type\":\"BreadcrumbList\",\"@id\":\"https:\/\/infolocale.20minutes.fr\/blog\/exemple-voeux-association\/#breadcrumb\",\"itemListElement\":[{\"@type\":\"ListItem\",\"position\":1,\"name\":\"Blog\",\"item\":\"https:\/\/infolocale.ouest-france.fr\/blog\/\"},{\"@type\":\"ListItem\",\"position\":2,\"name\":\"Pr\u00e9parer son d\u00e9but et sa fin d'ann\u00e9e\",\"item\":\"https:\/\/infolocale.20minutes.fr\/blog\/cat\/preparer-son-debut-et-sa-fin-dannee\/\"},{\"@type\":\"ListItem\",\"position\":3,\"name\":\"Exemple de v\u0153ux pour une association en 2025\"}]},{\"@type\":\"WebSite\",\"@id\":\"https:\/\/www.infolocale.fr\/blog\/#website\",\"url\":\"https:\/\/www.infolocale.fr\/blog\/\",\"name\":\"\",\"description\":\"\",\"publisher\":{\"@id\":\"https:\/\/www.infolocale.fr\/blog\/#organization\"},\"potentialAction\":[{\"@type\":\"SearchAction\",\"target\":{\"@type\":\"EntryPoint\",\"urlTemplate\":\"https:\/\/www.infolocale.fr\/blog\/?s={search_term_string}\"},\"query-input\":\"required name=search_term_string\"}],\"inLanguage\":\"fr-FR\"},{\"@type\":\"Organization\",\"@id\":\"https:\/\/www.infolocale.fr\/blog\/#organization\",\"name\":\"Infolocale\",\"url\":\"https:\/\/www.infolocale.fr\/blog\/\",\"logo\":{\"@type\":\"ImageObject\",\"inLanguage\":\"fr-FR\",\"@id\":\"https:\/\/www.infolocale.fr\/blog\/#\/schema\/logo\/image\/\",\"url\":\"https:\/\/www.infolocale.fr\/blog\/wp-content\/uploads\/2020\/11\/logol.jpg\",\"contentUrl\":\"https:\/\/www.infolocale.fr\/blog\/wp-content\/uploads\/2020\/11\/logol.jpg\",\"width\":1031,\"height\":398,\"caption\":\"Infolocale\"},\"image\":{\"@id\":\"https:\/\/www.infolocale.fr\/blog\/#\/schema\/logo\/image\/\"},\"sameAs\":[\"https:\/\/www.facebook.com\/infolocaleFR\/\",\"https:\/\/x.com\/infolocale\",\"https:\/\/www.instagram.com\/infolocale\/\",\"https:\/\/fr.linkedin.com\/company\/infolocale\",\"https:\/\/www.youtube.com\/channel\/UCnv4FA8EYEuu_si3TGr7xeA\"]},{\"@type\":\"Person\",\"@id\":\"https:\/\/www.infolocale.fr\/blog\/#\/schema\/person\/f0f748ece99417833166b3ba8890f3db\",\"name\":\"Morgan\",\"image\":{\"@type\":\"ImageObject\",\"inLanguage\":\"fr-FR\",\"@id\":\"https:\/\/www.infolocale.fr\/blog\/#\/schema\/person\/image\/\",\"url\":\"https:\/\/secure.gravatar.com\/avatar\/a22ec2a0cc817ae9fa3ff7341a213632?s=96&d=mm&r=g\",\"contentUrl\":\"https:\/\/secure.gravatar.com\/avatar\/a22ec2a0cc817ae9fa3ff7341a213632?s=96&d=mm&r=g\",\"caption\":\"Morgan\"},\"url\":\"https:\/\/www.infolocale.fr\/blog\/author\/morgan-delepine\/\"}]}<\/script>\n<!-- \/ Yoast SEO plugin. -->","yoast_head_json":{"title":"Exemple de v\u0153ux pour une association en 2025 |","description":"Nous tenons \u00e0 pr\u00e9senter, \u00e0 vous ainsi qu\u2019\u00e0 vos proches, nos meilleurs v\u0153ux pour cette nouvelle ann\u00e9e. Nous esp\u00e9rons qu\u2019elle vous apportera...","robots":{"index":"index","follow":"follow","max-snippet":"max-snippet:-1","max-image-preview":"max-image-preview:large","max-video-preview":"max-video-preview:-1"},"canonical":"https:\/\/infolocale.20minutes.fr\/blog\/exemple-voeux-association\/","og_locale":"fr_FR","og_type":"article","og_title":"Exemple de v\u0153ux pour une association en 2025 |","og_description":"Nous tenons \u00e0 pr\u00e9senter, \u00e0 vous ainsi qu\u2019\u00e0 vos proches, nos meilleurs v\u0153ux pour cette nouvelle ann\u00e9e. Nous esp\u00e9rons qu\u2019elle vous apportera...","og_url":"https:\/\/infolocale.20minutes.fr\/blog\/exemple-voeux-association\/","article_publisher":"https:\/\/www.facebook.com\/infolocaleFR\/","article_published_time":"2024-12-18T13:38:00+00:00","article_modified_time":"2025-01-03T08:12:47+00:00","og_image":[{"width":900,"height":630,"url":"https:\/\/infolocale.20minutes.fr\/blog\/wp-content\/uploads\/2022\/12\/exemple-voeux-asso.jpg","type":"image\/jpeg"}],"author":"Morgan","twitter_card":"summary_large_image","twitter_creator":"@infolocale","twitter_site":"@infolocale","twitter_misc":{"\u00c9crit par":"Morgan","Dur\u00e9e de lecture estim\u00e9e":"19 minutes"},"schema":{"@context":"https:\/\/schema.org","@graph":[{"@type":"Article","@id":"https:\/\/infolocale.20minutes.fr\/blog\/exemple-voeux-association\/#article","isPartOf":{"@id":"https:\/\/infolocale.20minutes.fr\/blog\/exemple-voeux-association\/"},"author":{"name":"Morgan","@id":"https:\/\/www.infolocale.fr\/blog\/#\/schema\/person\/f0f748ece99417833166b3ba8890f3db"},"headline":"Exemple de v\u0153ux pour une association en 2025","datePublished":"2024-12-18T13:38:00+00:00","dateModified":"2025-01-03T08:12:47+00:00","mainEntityOfPage":{"@id":"https:\/\/infolocale.20minutes.fr\/blog\/exemple-voeux-association\/"},"wordCount":1286,"commentCount":5,"publisher":{"@id":"https:\/\/www.infolocale.fr\/blog\/#organization"},"image":{"@id":"https:\/\/infolocale.20minutes.fr\/blog\/exemple-voeux-association\/#primaryimage"},"thumbnailUrl":"https:\/\/www.infolocale.fr\/blog\/wp-content\/uploads\/2022\/12\/exemple-voeux-asso.jpg","keywords":["voeux"],"articleSection":["Pr\u00e9parer son d\u00e9but et sa fin d'ann\u00e9e"],"inLanguage":"fr-FR","potentialAction":[{"@type":"CommentAction","name":"Comment","target":["https:\/\/infolocale.20minutes.fr\/blog\/exemple-voeux-association\/#respond"]}]},{"@type":"WebPage","@id":"https:\/\/infolocale.20minutes.fr\/blog\/exemple-voeux-association\/","url":"https:\/\/infolocale.20minutes.fr\/blog\/exemple-voeux-association\/","name":"Exemple de v\u0153ux pour une association en 2025 |","isPartOf":{"@id":"https:\/\/www.infolocale.fr\/blog\/#website"},"primaryImageOfPage":{"@id":"https:\/\/infolocale.20minutes.fr\/blog\/exemple-voeux-association\/#primaryimage"},"image":{"@id":"https:\/\/infolocale.20minutes.fr\/blog\/exemple-voeux-association\/#primaryimage"},"thumbnailUrl":"https:\/\/www.infolocale.fr\/blog\/wp-content\/uploads\/2022\/12\/exemple-voeux-asso.jpg","datePublished":"2024-12-18T13:38:00+00:00","dateModified":"2025-01-03T08:12:47+00:00","description":"Nous tenons \u00e0 pr\u00e9senter, \u00e0 vous ainsi qu\u2019\u00e0 vos proches, nos meilleurs v\u0153ux pour cette nouvelle ann\u00e9e. Nous esp\u00e9rons qu\u2019elle vous apportera...","breadcrumb":{"@id":"https:\/\/infolocale.20minutes.fr\/blog\/exemple-voeux-association\/#breadcrumb"},"inLanguage":"fr-FR","potentialAction":[{"@type":"ReadAction","target":["https:\/\/infolocale.20minutes.fr\/blog\/exemple-voeux-association\/"]}]},{"@type":"ImageObject","inLanguage":"fr-FR","@id":"https:\/\/infolocale.20minutes.fr\/blog\/exemple-voeux-association\/#primaryimage","url":"https:\/\/www.infolocale.fr\/blog\/wp-content\/uploads\/2022\/12\/exemple-voeux-asso.jpg","contentUrl":"https:\/\/www.infolocale.fr\/blog\/wp-content\/uploads\/2022\/12\/exemple-voeux-asso.jpg","width":900,"height":630,"caption":"exemple de voeux pour une association"},{"@type":"BreadcrumbList","@id":"https:\/\/infolocale.20minutes.fr\/blog\/exemple-voeux-association\/#breadcrumb","itemListElement":[{"@type":"ListItem","position":1,"name":"Blog","item":"https:\/\/infolocale.ouest-france.fr\/blog\/"},{"@type":"ListItem","position":2,"name":"Pr\u00e9parer son d\u00e9but et sa fin d'ann\u00e9e","item":"https:\/\/infolocale.20minutes.fr\/blog\/cat\/preparer-son-debut-et-sa-fin-dannee\/"},{"@type":"ListItem","position":3,"name":"Exemple de v\u0153ux pour une association en 2025"}]},{"@type":"WebSite","@id":"https:\/\/www.infolocale.fr\/blog\/#website","url":"https:\/\/www.infolocale.fr\/blog\/","name":"","description":"","publisher":{"@id":"https:\/\/www.infolocale.fr\/blog\/#organization"},"potentialAction":[{"@type":"SearchAction","target":{"@type":"EntryPoint","urlTemplate":"https:\/\/www.infolocale.fr\/blog\/?s={search_term_string}"},"query-input":"required name=search_term_string"}],"inLanguage":"fr-FR"},{"@type":"Organization","@id":"https:\/\/www.infolocale.fr\/blog\/#organization","name":"Infolocale","url":"https:\/\/www.infolocale.fr\/blog\/","logo":{"@type":"ImageObject","inLanguage":"fr-FR","@id":"https:\/\/www.infolocale.fr\/blog\/#\/schema\/logo\/image\/","url":"https:\/\/www.infolocale.fr\/blog\/wp-content\/uploads\/2020\/11\/logol.jpg","contentUrl":"https:\/\/www.infolocale.fr\/blog\/wp-content\/uploads\/2020\/11\/logol.jpg","width":1031,"height":398,"caption":"Infolocale"},"image":{"@id":"https:\/\/www.infolocale.fr\/blog\/#\/schema\/logo\/image\/"},"sameAs":["https:\/\/www.facebook.com\/infolocaleFR\/","https:\/\/x.com\/infolocale","https:\/\/www.instagram.com\/infolocale\/","https:\/\/fr.linkedin.com\/company\/infolocale","https:\/\/www.youtube.com\/channel\/UCnv4FA8EYEuu_si3TGr7xeA"]},{"@type":"Person","@id":"https:\/\/www.infolocale.fr\/blog\/#\/schema\/person\/f0f748ece99417833166b3ba8890f3db","name":"Morgan","image":{"@type":"ImageObject","inLanguage":"fr-FR","@id":"https:\/\/www.infolocale.fr\/blog\/#\/schema\/person\/image\/","url":"https:\/\/secure.gravatar.com\/avatar\/a22ec2a0cc817ae9fa3ff7341a213632?s=96&d=mm&r=g","contentUrl":"https:\/\/secure.gravatar.com\/avatar\/a22ec2a0cc817ae9fa3ff7341a213632?s=96&d=mm&r=g","caption":"Morgan"},"url":"https:\/\/www.infolocale.fr\/blog\/author\/morgan-delepine\/"}]}},"_links":{"self":[{"href":"https:\/\/www.infolocale.fr\/blog\/wp-json\/wp\/v2\/posts\/21796"}],"collection":[{"href":"https:\/\/www.infolocale.fr\/blog\/wp-json\/wp\/v2\/posts"}],"about":[{"href":"https:\/\/www.infolocale.fr\/blog\/wp-json\/wp\/v2\/types\/post"}],"author":[{"embeddable":true,"href":"https:\/\/www.infolocale.fr\/blog\/wp-json\/wp\/v2\/users\/2"}],"replies":[{"embeddable":true,"href":"https:\/\/www.infolocale.fr\/blog\/wp-json\/wp\/v2\/comments?post=21796"}],"version-history":[{"count":0,"href":"https:\/\/www.infolocale.fr\/blog\/wp-json\/wp\/v2\/posts\/21796\/revisions"}],"wp:featuredmedia":[{"embeddable":true,"href":"https:\/\/www.infolocale.fr\/blog\/wp-json\/wp\/v2\/media\/21805"}],"wp:attachment":[{"href":"https:\/\/www.infolocale.fr\/blog\/wp-json\/wp\/v2\/media?parent=21796"}],"wp:term":[{"taxonomy":"category","embeddable":true,"href":"https:\/\/www.infolocale.fr\/blog\/wp-json\/wp\/v2\/categories?post=21796"},{"taxonomy":"post_tag","embeddable":true,"href":"https:\/\/www.infolocale.fr\/blog\/wp-json\/wp\/v2\/tags?post=21796"}],"curies":[{"name":"wp","href":"https:\/\/api.w.org\/{rel}","templated":true}]}}