{"id":21697,"date":"2022-11-30T20:31:20","date_gmt":"2022-11-30T19:31:20","guid":{"rendered":"https:\/\/www.infolocale.fr\/blog\/?p=21697"},"modified":"2023-04-19T13:42:49","modified_gmt":"2023-04-19T11:42:49","slug":"assemblee-generale-rectificative","status":"publish","type":"post","link":"https:\/\/www.infolocale.fr\/blog\/assemblee-generale-rectificative\/","title":{"rendered":"Assembl\u00e9e g\u00e9n\u00e9rale rectificative : comment l\u2019organiser ?"},"content":{"rendered":"\n<p class=\"has-pale-cyan-blue-background-color has-background\">L\u2019assembl\u00e9e g\u00e9n\u00e9rale rectificative est une r\u00e9union organis\u00e9e pour corriger des d\u00e9cisions prises lors d\u2019une premi\u00e8re AG, et contest\u00e9e car en violation de r\u00e8gles l\u00e9gales ou statutaires. Peu connues par les associations, l\u2019AG rectificative n\u2019est pas une obligation l\u00e9gale, il s\u2019agit d\u2019un emprunt au monde de l\u2019entreprise. Les assembl\u00e9es g\u00e9n\u00e9rales rectificatives sont cependant essentielles. Son organisation est en tout point similaire \u00e0 l\u2019organisation d\u2019une Assembl\u00e9e g\u00e9n\u00e9rale. Son organisation permet d\u2019\u00e9viter les conflits internes. Mais \u00e9galement d\u2019assurer le fonctionnement d\u00e9mocratique et le respect des institutions mises en place par l\u2019AG. Finalement, elle permet d\u2019\u00e9viter de rentrer dans des d\u00e9marches proc\u00e9durales.<\/p>\n\n\n\n<div class=\"wp-block-buttons is-horizontal is-content-justification-center is-layout-flex wp-container-core-buttons-is-layout-1 wp-block-buttons-is-layout-flex\">\n<div class=\"wp-block-button\"><a class=\"wp-block-button__link has-white-color has-luminous-vivid-amber-background-color has-text-color has-background wp-element-button\"><strong>&gt;&gt;Inscrire mon asso \u00e0 Infolocale <\/strong><\/a><\/div>\n<\/div>\n\n\n\n<h2 class=\"wp-block-heading\"><strong>Peut-on revenir sur une r\u00e9solution vot\u00e9e en AG ordinaire annuelle ?<\/strong><\/h2>\n\n\n\n<p><\/p>\n\n\n\n<p>Les d\u00e9cisions prises lors d&rsquo;une assembl\u00e9e g\u00e9n\u00e9rale ou lors d&rsquo;une <a href=\"https:\/\/www.infolocale.fr\/blog\/assemblee-generale-extraordinaire-association\/\">assembl\u00e9e g\u00e9n\u00e9rale extraordinaire d&rsquo;une association<\/a> ne sont pas irr\u00e9versibles. En effet, il est possible de demander leur nullit\u00e9. Et notamment en cas d&rsquo;erreur ou de violation de dispositions contenues dans les statuts.<\/p>\n\n\n\n<p>La contestation d\u2019une d\u00e9cision prise en assembl\u00e9e g\u00e9n\u00e9rale peut-\u00eatre motiv\u00e9e par les violations des r\u00e8gles statutaires telles que :&nbsp;<\/p>\n\n\n\n<ul class=\"wp-block-list\"><li>une convocation irr\u00e9guli\u00e8re ou un d\u00e9faut de<a href=\"https:\/\/www.infolocale.fr\/blog\/convocation-assemblee-generale-association\/\" target=\"_blank\" rel=\"noreferrer noopener\"> convocation<\/a>,&nbsp;<\/li><li>la non-repr\u00e9sentation des absents malgr\u00e9 leur<a href=\"https:\/\/www.infolocale.fr\/blog\/delegation-pouvoir-assemblee-generale-association\/\" target=\"_blank\" rel=\"noreferrer noopener\"> pouvoir<\/a>,&nbsp;<\/li><li>une non-ouverture d\u2019un point pr\u00e9sent \u00e0 l\u2019<a href=\"https:\/\/www.infolocale.fr\/blog\/ecrire-ordre-du-jour-assemblee-generale-association\/\" target=\"_blank\" rel=\"noreferrer noopener\">ordre du jour<\/a>,&nbsp;<\/li><li>un non-respect du<a href=\"https:\/\/www.infolocale.fr\/blog\/quorum-assemblee-generale-association\/\" target=\"_blank\" rel=\"noreferrer noopener\"> quorum<\/a>.&nbsp;<\/li><\/ul>\n\n\n\n<p><\/p>\n\n\n\n<h2 class=\"wp-block-heading\"><strong>Contester les d\u00e9cisions de l&rsquo;AG d&rsquo;une association : y a-t-il un d\u00e9lai de prescription ?<\/strong><\/h2>\n\n\n\n<p><\/p>\n\n\n\n<p>En cas d&rsquo;irr\u00e9gularit\u00e9, les d\u00e9cisions prises par l&rsquo;assembl\u00e9e g\u00e9n\u00e9rale de votre association peuvent \u00eatre contest\u00e9es. Cependant, la p\u00e9riode durant laquelle cette annulation est possible se limite \u00e0 une p\u00e9riode de trois ans. Au-del\u00e0 de cette p\u00e9riode, il y aura prescription et l&rsquo;annulation des d\u00e9cisions sera alors impossible. En revanche, s\u2019il y a eu dissimulation, ce d\u00e9lai de prescription ne pourra emp\u00eacher une action.<\/p>\n\n\n\n<p><\/p>\n\n\n\n<h2 class=\"wp-block-heading\"><strong>Comment faire annuler ou revenir sur les d\u00e9cisions de l&rsquo;assembl\u00e9e g\u00e9n\u00e9rale d&rsquo;une association ?<\/strong>&nbsp;<\/h2>\n\n\n\n<p><\/p>\n\n\n\n<p>Il est, bien entendu, possible de<a href=\"https:\/\/www.infolocale.fr\/blog\/contester-l-assemblee-generale\/\" target=\"_blank\" rel=\"noreferrer noopener\"> contester les d\u00e9cisions vot\u00e9es par l&rsquo;assembl\u00e9e g\u00e9n\u00e9rale<\/a>. Ce peut \u00eatre le cas si :<\/p>\n\n\n\n<ul class=\"wp-block-list\"><li>la d\u00e9cision est discutable,&nbsp;<\/li><li>n&rsquo;a pas d\u00e9j\u00e0 \u00e9t\u00e9 appliqu\u00e9e,&nbsp;<\/li><li>et qu&rsquo;elle n\u2019a pas \u00e9t\u00e9 publi\u00e9e au Registre du Commerce et des Soci\u00e9t\u00e9s.&nbsp;<\/li><\/ul>\n\n\n\n<p>Ainsi, dans ce cas de figure, les d\u00e9cisions peuvent l\u00e9galement \u00eatre contest\u00e9es et annul\u00e9es au tribunal de grande instance. Ce dernier recours peut, par ailleurs, s&rsquo;effectuer jusqu&rsquo;\u00e0 cinq ans apr\u00e8s le vote de la d\u00e9cision. Enfin, sachez que le tribunal de grande instance peut d\u00e9signer un administrateur provisoire lorsqu&rsquo;il convoque une nouvelle assembl\u00e9e g\u00e9n\u00e9rale. Et ainsi proc\u00e9der \u00e0 une nouvelle \u00e9lection du bureau.<\/p>\n\n\n\n<p><\/p>\n\n\n\n<h2 class=\"wp-block-heading\"><strong>L&rsquo;assembl\u00e9e g\u00e9n\u00e9rale rectificative ou comment favoriser la conciliation ?<\/strong><\/h2>\n\n\n\n<p><\/p>\n\n\n\n<p>L&rsquo;organisation d&rsquo;une assembl\u00e9e g\u00e9n\u00e9rale rectificative est une r\u00e9ponse apport\u00e9e par les dirigeants d&rsquo;une association. Une r\u00e9ponse, entre autres, \u00e0 une contestation pour non conformit\u00e9 d&rsquo;une premi\u00e8re assembl\u00e9e g\u00e9n\u00e9rale. Elle est, en quelque sorte, une alternative aux d\u00e9marches en annulation. En bref, c&rsquo;est un moyen d&rsquo;\u00e9viter les conflits. Une solution permettant d&rsquo;assurer le respect des statuts, la coh\u00e9sion de votre association et l\u2019int\u00e9r\u00eat g\u00e9n\u00e9ral.<\/p>\n\n\n\n<div class=\"wp-block-image\"><figure class=\"aligncenter size-large\"><a href=\"https:\/\/www.infolocale.fr\/decouvrir\/?int_source=blog&amp;int_medium=banner&amp;int_campaign=blog-content-ba75\"><img fetchpriority=\"high\" decoding=\"async\" width=\"1024\" height=\"532\" src=\"https:\/\/www.infolocale.fr\/blog\/wp-content\/uploads\/2022\/10\/Banniere-mail-et-blog-1024x532.jpg\" alt=\"\" class=\"wp-image-21058\" srcset=\"https:\/\/www.infolocale.fr\/blog\/wp-content\/uploads\/2022\/10\/Banniere-mail-et-blog-1024x532.jpg 1024w, https:\/\/www.infolocale.fr\/blog\/wp-content\/uploads\/2022\/10\/Banniere-mail-et-blog-300x156.jpg 300w, https:\/\/www.infolocale.fr\/blog\/wp-content\/uploads\/2022\/10\/Banniere-mail-et-blog-768x399.jpg 768w, https:\/\/www.infolocale.fr\/blog\/wp-content\/uploads\/2022\/10\/Banniere-mail-et-blog-1536x798.jpg 1536w, https:\/\/www.infolocale.fr\/blog\/wp-content\/uploads\/2022\/10\/Banniere-mail-et-blog.jpg 1604w\" sizes=\"(max-width: 1024px) 100vw, 1024px\" \/><\/a><\/figure><\/div>\n\n\n\n<h2 class=\"wp-block-heading\"><strong>Comment organiser une assembl\u00e9e g\u00e9n\u00e9rale rectificative ?<\/strong><\/h2>\n\n\n\n<p><\/p>\n\n\n\n<p>Votre assembl\u00e9e g\u00e9n\u00e9rale s&rsquo;est r\u00e9cemment tenue. Apr\u00e8s coup, des irr\u00e9gularit\u00e9s ont \u00e9t\u00e9 constat\u00e9es et vous \u00eates sous le coup d&rsquo;une demande en annulation de ses d\u00e9cisions. Pour le bien de votre association, de votre projet collectif et pour pr\u00e9server la concorde au sein de votre structure, vous d\u00e9cidez d&rsquo;organiser une assembl\u00e9e g\u00e9n\u00e9rale rectificative.<\/p>\n\n\n\n<p>L&rsquo;organisation d&rsquo;une assembl\u00e9e g\u00e9n\u00e9rale rectificative se fait exactement selon les m\u00eames r\u00e8gles qu&rsquo;une assembl\u00e9e g\u00e9n\u00e9rale ordinaire ou une assembl\u00e9e g\u00e9n\u00e9rale extraordinaire. Il est donc important que vous vous tourniez vers vos statuts qui pourraient contenir les r\u00e8gles sp\u00e9cifiques \u00e0 votre association. N\u00e9anmoins, voici les r\u00e8gles les plus souvent observ\u00e9es.<\/p>\n\n\n\n<p>Dans le cas o\u00f9 votre association n&rsquo;aurait pas encadr\u00e9 l&rsquo;organisation de cette r\u00e9union dans ses statuts. Nous vous conseillons de l&rsquo;organiser dans les conditions suivantes. Pour commencer, vous devez r\u00e9diger l&rsquo;ordre du jour. La seconde \u00e9tape sera de pr\u00e9parer la convocation et de l&rsquo;envoyer sous la forme d&rsquo;une lettre simple. Et cela, \u00e0 l&rsquo;ensemble des personnes concern\u00e9es par cette r\u00e9union. Id\u00e9alement, pr\u00e9voyez un d\u00e9lai entre le moment o\u00f9 vous envoyez la convocation et le jour de la r\u00e9union. Ce d\u00e9lai permet \u00e0 vos membres de se pr\u00e9parer aux d\u00e9bats et de lire les documents que vous aurez joint \u00e0 votre convocation.&nbsp;<\/p>\n\n\n\n<p>Le jour J. vous devrez imp\u00e9rativement ouvrir l&rsquo;ensemble des points pr\u00e9vus \u00e0 l&rsquo;ordre du jour aux d\u00e9bats et aux votes. Respectez bien les r\u00e8gles de quorum, ne faites pas de vote sur des discussions plac\u00e9es dans les questions g\u00e9n\u00e9rales.&nbsp;<\/p>\n\n\n\n<p>Enfin, une fois la r\u00e9union termin\u00e9e, votre secr\u00e9taire de s\u00e9ance devra penser \u00e0 r\u00e9diger le proc\u00e8s-verbal de l&rsquo;assembl\u00e9e g\u00e9n\u00e9rale. Il n&rsquo;est pas syst\u00e9matiquement obligatoire de d\u00e9poser votre proc\u00e8s-verbal d&rsquo;assembl\u00e9e g\u00e9n\u00e9rale en pr\u00e9fecture. Ce sera cependant le cas pour les d\u00e9cisions portant sur la modification du nom, de l&rsquo;objet social, de l&rsquo;adresse du si\u00e8ge, des dirigeants ou encore des statuts.&nbsp;&nbsp;<\/p>\n","protected":false},"excerpt":{"rendered":"<p>L\u2019assembl\u00e9e g\u00e9n\u00e9rale rectificative est une r\u00e9union organis\u00e9e pour corriger des d\u00e9cisions prises lors d\u2019une premi\u00e8re AG, et contest\u00e9e car en violation de r\u00e8gles l\u00e9gales ou [&hellip;]<\/p>\n","protected":false},"author":15,"featured_media":21702,"comment_status":"open","ping_status":"open","sticky":false,"template":"","format":"standard","meta":{"_coblocks_attr":"","_coblocks_dimensions":"","_coblocks_responsive_height":"","_coblocks_accordion_ie_support":"","_mo_disable_npp":"","footnotes":""},"categories":[74],"tags":[],"class_list":["post-21697","post","type-post","status-publish","format-standard","has-post-thumbnail","hentry","category-creer-et-administrer-une-association-1901"],"yoast_head":"<!-- This site is optimized with the Yoast SEO plugin v23.2 - https:\/\/yoast.com\/wordpress\/plugins\/seo\/ -->\n<title>Assembl\u00e9e g\u00e9n\u00e9rale rectificative : comment l\u2019organiser ? |<\/title>\n<meta name=\"description\" content=\"L\u2019assembl\u00e9e g\u00e9n\u00e9rale rectificative est une r\u00e9union pour corriger des d\u00e9cisions, car elles sont en violation de r\u00e8gles l\u00e9gales ou statutaires.\" \/>\n<meta name=\"robots\" content=\"index, follow, max-snippet:-1, max-image-preview:large, max-video-preview:-1\" \/>\n<link rel=\"canonical\" href=\"https:\/\/www.infolocale.fr\/blog\/assemblee-generale-rectificative\/\" \/>\n<meta property=\"og:locale\" content=\"fr_FR\" \/>\n<meta property=\"og:type\" content=\"article\" \/>\n<meta property=\"og:title\" content=\"Assembl\u00e9e g\u00e9n\u00e9rale rectificative : comment l\u2019organiser ? |\" \/>\n<meta property=\"og:description\" content=\"L\u2019assembl\u00e9e g\u00e9n\u00e9rale rectificative est une r\u00e9union pour corriger des d\u00e9cisions, car elles sont en violation de r\u00e8gles l\u00e9gales ou statutaires.\" \/>\n<meta property=\"og:url\" content=\"https:\/\/www.infolocale.fr\/blog\/assemblee-generale-rectificative\/\" \/>\n<meta property=\"article:publisher\" content=\"https:\/\/www.facebook.com\/infolocaleFR\/\" \/>\n<meta property=\"article:published_time\" content=\"2022-11-30T19:31:20+00:00\" \/>\n<meta property=\"article:modified_time\" content=\"2023-04-19T11:42:49+00:00\" \/>\n<meta property=\"og:image\" content=\"https:\/\/www.infolocale.fr\/blog\/wp-content\/uploads\/2022\/11\/assemblee-generale-rectificative.jpg\" \/>\n\t<meta property=\"og:image:width\" content=\"900\" \/>\n\t<meta property=\"og:image:height\" content=\"630\" \/>\n\t<meta property=\"og:image:type\" content=\"image\/jpeg\" \/>\n<meta name=\"author\" content=\"Oumou\" \/>\n<meta name=\"twitter:card\" content=\"summary_large_image\" \/>\n<meta name=\"twitter:creator\" content=\"@infolocale\" \/>\n<meta name=\"twitter:site\" content=\"@infolocale\" \/>\n<meta name=\"twitter:label1\" content=\"\u00c9crit par\" \/>\n\t<meta name=\"twitter:data1\" content=\"Oumou\" \/>\n\t<meta name=\"twitter:label2\" content=\"Dur\u00e9e de lecture estim\u00e9e\" \/>\n\t<meta name=\"twitter:data2\" content=\"5 minutes\" \/>\n<script type=\"application\/ld+json\" class=\"yoast-schema-graph\">{\"@context\":\"https:\/\/schema.org\",\"@graph\":[{\"@type\":\"Article\",\"@id\":\"https:\/\/www.infolocale.fr\/blog\/assemblee-generale-rectificative\/#article\",\"isPartOf\":{\"@id\":\"https:\/\/www.infolocale.fr\/blog\/assemblee-generale-rectificative\/\"},\"author\":{\"name\":\"Oumou\",\"@id\":\"https:\/\/www.infolocale.fr\/blog\/#\/schema\/person\/7b465e67b291a94b0d9e57ee55abf5b3\"},\"headline\":\"Assembl\u00e9e g\u00e9n\u00e9rale rectificative : comment l\u2019organiser ?\",\"datePublished\":\"2022-11-30T19:31:20+00:00\",\"dateModified\":\"2023-04-19T11:42:49+00:00\",\"mainEntityOfPage\":{\"@id\":\"https:\/\/www.infolocale.fr\/blog\/assemblee-generale-rectificative\/\"},\"wordCount\":969,\"commentCount\":0,\"publisher\":{\"@id\":\"https:\/\/www.infolocale.fr\/blog\/#organization\"},\"image\":{\"@id\":\"https:\/\/www.infolocale.fr\/blog\/assemblee-generale-rectificative\/#primaryimage\"},\"thumbnailUrl\":\"https:\/\/www.infolocale.fr\/blog\/wp-content\/uploads\/2022\/11\/assemblee-generale-rectificative.jpg\",\"articleSection\":[\"Cr\u00e9er et g\u00e9rer une association\"],\"inLanguage\":\"fr-FR\",\"potentialAction\":[{\"@type\":\"CommentAction\",\"name\":\"Comment\",\"target\":[\"https:\/\/www.infolocale.fr\/blog\/assemblee-generale-rectificative\/#respond\"]}]},{\"@type\":\"WebPage\",\"@id\":\"https:\/\/www.infolocale.fr\/blog\/assemblee-generale-rectificative\/\",\"url\":\"https:\/\/www.infolocale.fr\/blog\/assemblee-generale-rectificative\/\",\"name\":\"Assembl\u00e9e g\u00e9n\u00e9rale rectificative : comment l\u2019organiser ? |\",\"isPartOf\":{\"@id\":\"https:\/\/www.infolocale.fr\/blog\/#website\"},\"primaryImageOfPage\":{\"@id\":\"https:\/\/www.infolocale.fr\/blog\/assemblee-generale-rectificative\/#primaryimage\"},\"image\":{\"@id\":\"https:\/\/www.infolocale.fr\/blog\/assemblee-generale-rectificative\/#primaryimage\"},\"thumbnailUrl\":\"https:\/\/www.infolocale.fr\/blog\/wp-content\/uploads\/2022\/11\/assemblee-generale-rectificative.jpg\",\"datePublished\":\"2022-11-30T19:31:20+00:00\",\"dateModified\":\"2023-04-19T11:42:49+00:00\",\"description\":\"L\u2019assembl\u00e9e g\u00e9n\u00e9rale rectificative est une r\u00e9union pour corriger des d\u00e9cisions, car elles sont en violation de r\u00e8gles l\u00e9gales ou statutaires.\",\"breadcrumb\":{\"@id\":\"https:\/\/www.infolocale.fr\/blog\/assemblee-generale-rectificative\/#breadcrumb\"},\"inLanguage\":\"fr-FR\",\"potentialAction\":[{\"@type\":\"ReadAction\",\"target\":[\"https:\/\/www.infolocale.fr\/blog\/assemblee-generale-rectificative\/\"]}]},{\"@type\":\"ImageObject\",\"inLanguage\":\"fr-FR\",\"@id\":\"https:\/\/www.infolocale.fr\/blog\/assemblee-generale-rectificative\/#primaryimage\",\"url\":\"https:\/\/www.infolocale.fr\/blog\/wp-content\/uploads\/2022\/11\/assemblee-generale-rectificative.jpg\",\"contentUrl\":\"https:\/\/www.infolocale.fr\/blog\/wp-content\/uploads\/2022\/11\/assemblee-generale-rectificative.jpg\",\"width\":900,\"height\":630,\"caption\":\"assembl\u00e9e g\u00e9n\u00e9rale rectificative\"},{\"@type\":\"BreadcrumbList\",\"@id\":\"https:\/\/www.infolocale.fr\/blog\/assemblee-generale-rectificative\/#breadcrumb\",\"itemListElement\":[{\"@type\":\"ListItem\",\"position\":1,\"name\":\"Blog\",\"item\":\"https:\/\/infolocale.ouest-france.fr\/blog\/\"},{\"@type\":\"ListItem\",\"position\":2,\"name\":\"Cr\u00e9er et g\u00e9rer une association\",\"item\":\"https:\/\/infolocale.ouest-france.fr\/blog\/cat\/creer-et-administrer-une-association-1901\/\"},{\"@type\":\"ListItem\",\"position\":3,\"name\":\"Assembl\u00e9e g\u00e9n\u00e9rale rectificative : comment l\u2019organiser ?\"}]},{\"@type\":\"WebSite\",\"@id\":\"https:\/\/www.infolocale.fr\/blog\/#website\",\"url\":\"https:\/\/www.infolocale.fr\/blog\/\",\"name\":\"\",\"description\":\"\",\"publisher\":{\"@id\":\"https:\/\/www.infolocale.fr\/blog\/#organization\"},\"potentialAction\":[{\"@type\":\"SearchAction\",\"target\":{\"@type\":\"EntryPoint\",\"urlTemplate\":\"https:\/\/www.infolocale.fr\/blog\/?s={search_term_string}\"},\"query-input\":\"required name=search_term_string\"}],\"inLanguage\":\"fr-FR\"},{\"@type\":\"Organization\",\"@id\":\"https:\/\/www.infolocale.fr\/blog\/#organization\",\"name\":\"Infolocale\",\"url\":\"https:\/\/www.infolocale.fr\/blog\/\",\"logo\":{\"@type\":\"ImageObject\",\"inLanguage\":\"fr-FR\",\"@id\":\"https:\/\/www.infolocale.fr\/blog\/#\/schema\/logo\/image\/\",\"url\":\"https:\/\/www.infolocale.fr\/blog\/wp-content\/uploads\/2020\/11\/logol.jpg\",\"contentUrl\":\"https:\/\/www.infolocale.fr\/blog\/wp-content\/uploads\/2020\/11\/logol.jpg\",\"width\":1031,\"height\":398,\"caption\":\"Infolocale\"},\"image\":{\"@id\":\"https:\/\/www.infolocale.fr\/blog\/#\/schema\/logo\/image\/\"},\"sameAs\":[\"https:\/\/www.facebook.com\/infolocaleFR\/\",\"https:\/\/x.com\/infolocale\",\"https:\/\/www.instagram.com\/infolocale\/\",\"https:\/\/fr.linkedin.com\/company\/infolocale\",\"https:\/\/www.youtube.com\/channel\/UCnv4FA8EYEuu_si3TGr7xeA\"]},{\"@type\":\"Person\",\"@id\":\"https:\/\/www.infolocale.fr\/blog\/#\/schema\/person\/7b465e67b291a94b0d9e57ee55abf5b3\",\"name\":\"Oumou\",\"image\":{\"@type\":\"ImageObject\",\"inLanguage\":\"fr-FR\",\"@id\":\"https:\/\/www.infolocale.fr\/blog\/#\/schema\/person\/image\/\",\"url\":\"https:\/\/secure.gravatar.com\/avatar\/ca778b2ad1724511074379ce7dc753dc?s=96&d=mm&r=g\",\"contentUrl\":\"https:\/\/secure.gravatar.com\/avatar\/ca778b2ad1724511074379ce7dc753dc?s=96&d=mm&r=g\",\"caption\":\"Oumou\"},\"url\":\"https:\/\/www.infolocale.fr\/blog\/author\/oumou-diakiteouest-france-fr\/\"}]}<\/script>\n<!-- \/ Yoast SEO plugin. -->","yoast_head_json":{"title":"Assembl\u00e9e g\u00e9n\u00e9rale rectificative : comment l\u2019organiser ? |","description":"L\u2019assembl\u00e9e g\u00e9n\u00e9rale rectificative est une r\u00e9union pour corriger des d\u00e9cisions, car elles sont en violation de r\u00e8gles l\u00e9gales ou statutaires.","robots":{"index":"index","follow":"follow","max-snippet":"max-snippet:-1","max-image-preview":"max-image-preview:large","max-video-preview":"max-video-preview:-1"},"canonical":"https:\/\/www.infolocale.fr\/blog\/assemblee-generale-rectificative\/","og_locale":"fr_FR","og_type":"article","og_title":"Assembl\u00e9e g\u00e9n\u00e9rale rectificative : comment l\u2019organiser ? |","og_description":"L\u2019assembl\u00e9e g\u00e9n\u00e9rale rectificative est une r\u00e9union pour corriger des d\u00e9cisions, car elles sont en violation de r\u00e8gles l\u00e9gales ou statutaires.","og_url":"https:\/\/www.infolocale.fr\/blog\/assemblee-generale-rectificative\/","article_publisher":"https:\/\/www.facebook.com\/infolocaleFR\/","article_published_time":"2022-11-30T19:31:20+00:00","article_modified_time":"2023-04-19T11:42:49+00:00","og_image":[{"width":900,"height":630,"url":"https:\/\/www.infolocale.fr\/blog\/wp-content\/uploads\/2022\/11\/assemblee-generale-rectificative.jpg","type":"image\/jpeg"}],"author":"Oumou","twitter_card":"summary_large_image","twitter_creator":"@infolocale","twitter_site":"@infolocale","twitter_misc":{"\u00c9crit par":"Oumou","Dur\u00e9e de lecture estim\u00e9e":"5 minutes"},"schema":{"@context":"https:\/\/schema.org","@graph":[{"@type":"Article","@id":"https:\/\/www.infolocale.fr\/blog\/assemblee-generale-rectificative\/#article","isPartOf":{"@id":"https:\/\/www.infolocale.fr\/blog\/assemblee-generale-rectificative\/"},"author":{"name":"Oumou","@id":"https:\/\/www.infolocale.fr\/blog\/#\/schema\/person\/7b465e67b291a94b0d9e57ee55abf5b3"},"headline":"Assembl\u00e9e g\u00e9n\u00e9rale rectificative : comment l\u2019organiser ?","datePublished":"2022-11-30T19:31:20+00:00","dateModified":"2023-04-19T11:42:49+00:00","mainEntityOfPage":{"@id":"https:\/\/www.infolocale.fr\/blog\/assemblee-generale-rectificative\/"},"wordCount":969,"commentCount":0,"publisher":{"@id":"https:\/\/www.infolocale.fr\/blog\/#organization"},"image":{"@id":"https:\/\/www.infolocale.fr\/blog\/assemblee-generale-rectificative\/#primaryimage"},"thumbnailUrl":"https:\/\/www.infolocale.fr\/blog\/wp-content\/uploads\/2022\/11\/assemblee-generale-rectificative.jpg","articleSection":["Cr\u00e9er et g\u00e9rer une association"],"inLanguage":"fr-FR","potentialAction":[{"@type":"CommentAction","name":"Comment","target":["https:\/\/www.infolocale.fr\/blog\/assemblee-generale-rectificative\/#respond"]}]},{"@type":"WebPage","@id":"https:\/\/www.infolocale.fr\/blog\/assemblee-generale-rectificative\/","url":"https:\/\/www.infolocale.fr\/blog\/assemblee-generale-rectificative\/","name":"Assembl\u00e9e g\u00e9n\u00e9rale rectificative : comment l\u2019organiser ? |","isPartOf":{"@id":"https:\/\/www.infolocale.fr\/blog\/#website"},"primaryImageOfPage":{"@id":"https:\/\/www.infolocale.fr\/blog\/assemblee-generale-rectificative\/#primaryimage"},"image":{"@id":"https:\/\/www.infolocale.fr\/blog\/assemblee-generale-rectificative\/#primaryimage"},"thumbnailUrl":"https:\/\/www.infolocale.fr\/blog\/wp-content\/uploads\/2022\/11\/assemblee-generale-rectificative.jpg","datePublished":"2022-11-30T19:31:20+00:00","dateModified":"2023-04-19T11:42:49+00:00","description":"L\u2019assembl\u00e9e g\u00e9n\u00e9rale rectificative est une r\u00e9union pour corriger des d\u00e9cisions, car elles sont en violation de r\u00e8gles l\u00e9gales ou statutaires.","breadcrumb":{"@id":"https:\/\/www.infolocale.fr\/blog\/assemblee-generale-rectificative\/#breadcrumb"},"inLanguage":"fr-FR","potentialAction":[{"@type":"ReadAction","target":["https:\/\/www.infolocale.fr\/blog\/assemblee-generale-rectificative\/"]}]},{"@type":"ImageObject","inLanguage":"fr-FR","@id":"https:\/\/www.infolocale.fr\/blog\/assemblee-generale-rectificative\/#primaryimage","url":"https:\/\/www.infolocale.fr\/blog\/wp-content\/uploads\/2022\/11\/assemblee-generale-rectificative.jpg","contentUrl":"https:\/\/www.infolocale.fr\/blog\/wp-content\/uploads\/2022\/11\/assemblee-generale-rectificative.jpg","width":900,"height":630,"caption":"assembl\u00e9e g\u00e9n\u00e9rale rectificative"},{"@type":"BreadcrumbList","@id":"https:\/\/www.infolocale.fr\/blog\/assemblee-generale-rectificative\/#breadcrumb","itemListElement":[{"@type":"ListItem","position":1,"name":"Blog","item":"https:\/\/infolocale.ouest-france.fr\/blog\/"},{"@type":"ListItem","position":2,"name":"Cr\u00e9er et g\u00e9rer une association","item":"https:\/\/infolocale.ouest-france.fr\/blog\/cat\/creer-et-administrer-une-association-1901\/"},{"@type":"ListItem","position":3,"name":"Assembl\u00e9e g\u00e9n\u00e9rale rectificative : comment l\u2019organiser ?"}]},{"@type":"WebSite","@id":"https:\/\/www.infolocale.fr\/blog\/#website","url":"https:\/\/www.infolocale.fr\/blog\/","name":"","description":"","publisher":{"@id":"https:\/\/www.infolocale.fr\/blog\/#organization"},"potentialAction":[{"@type":"SearchAction","target":{"@type":"EntryPoint","urlTemplate":"https:\/\/www.infolocale.fr\/blog\/?s={search_term_string}"},"query-input":"required name=search_term_string"}],"inLanguage":"fr-FR"},{"@type":"Organization","@id":"https:\/\/www.infolocale.fr\/blog\/#organization","name":"Infolocale","url":"https:\/\/www.infolocale.fr\/blog\/","logo":{"@type":"ImageObject","inLanguage":"fr-FR","@id":"https:\/\/www.infolocale.fr\/blog\/#\/schema\/logo\/image\/","url":"https:\/\/www.infolocale.fr\/blog\/wp-content\/uploads\/2020\/11\/logol.jpg","contentUrl":"https:\/\/www.infolocale.fr\/blog\/wp-content\/uploads\/2020\/11\/logol.jpg","width":1031,"height":398,"caption":"Infolocale"},"image":{"@id":"https:\/\/www.infolocale.fr\/blog\/#\/schema\/logo\/image\/"},"sameAs":["https:\/\/www.facebook.com\/infolocaleFR\/","https:\/\/x.com\/infolocale","https:\/\/www.instagram.com\/infolocale\/","https:\/\/fr.linkedin.com\/company\/infolocale","https:\/\/www.youtube.com\/channel\/UCnv4FA8EYEuu_si3TGr7xeA"]},{"@type":"Person","@id":"https:\/\/www.infolocale.fr\/blog\/#\/schema\/person\/7b465e67b291a94b0d9e57ee55abf5b3","name":"Oumou","image":{"@type":"ImageObject","inLanguage":"fr-FR","@id":"https:\/\/www.infolocale.fr\/blog\/#\/schema\/person\/image\/","url":"https:\/\/secure.gravatar.com\/avatar\/ca778b2ad1724511074379ce7dc753dc?s=96&d=mm&r=g","contentUrl":"https:\/\/secure.gravatar.com\/avatar\/ca778b2ad1724511074379ce7dc753dc?s=96&d=mm&r=g","caption":"Oumou"},"url":"https:\/\/www.infolocale.fr\/blog\/author\/oumou-diakiteouest-france-fr\/"}]}},"_links":{"self":[{"href":"https:\/\/www.infolocale.fr\/blog\/wp-json\/wp\/v2\/posts\/21697"}],"collection":[{"href":"https:\/\/www.infolocale.fr\/blog\/wp-json\/wp\/v2\/posts"}],"about":[{"href":"https:\/\/www.infolocale.fr\/blog\/wp-json\/wp\/v2\/types\/post"}],"author":[{"embeddable":true,"href":"https:\/\/www.infolocale.fr\/blog\/wp-json\/wp\/v2\/users\/15"}],"replies":[{"embeddable":true,"href":"https:\/\/www.infolocale.fr\/blog\/wp-json\/wp\/v2\/comments?post=21697"}],"version-history":[{"count":0,"href":"https:\/\/www.infolocale.fr\/blog\/wp-json\/wp\/v2\/posts\/21697\/revisions"}],"wp:featuredmedia":[{"embeddable":true,"href":"https:\/\/www.infolocale.fr\/blog\/wp-json\/wp\/v2\/media\/21702"}],"wp:attachment":[{"href":"https:\/\/www.infolocale.fr\/blog\/wp-json\/wp\/v2\/media?parent=21697"}],"wp:term":[{"taxonomy":"category","embeddable":true,"href":"https:\/\/www.infolocale.fr\/blog\/wp-json\/wp\/v2\/categories?post=21697"},{"taxonomy":"post_tag","embeddable":true,"href":"https:\/\/www.infolocale.fr\/blog\/wp-json\/wp\/v2\/tags?post=21697"}],"curies":[{"name":"wp","href":"https:\/\/api.w.org\/{rel}","templated":true}]}}