{"id":21164,"date":"2022-11-10T13:24:39","date_gmt":"2022-11-10T12:24:39","guid":{"rendered":"https:\/\/www.infolocale.fr\/blog\/?p=21164"},"modified":"2026-05-05T14:42:58","modified_gmt":"2026-05-05T12:42:58","slug":"couverture-presse-communes","status":"publish","type":"post","link":"https:\/\/www.infolocale.fr\/blog\/couverture-presse-communes\/","title":{"rendered":"Couverture presse des communes : comment assurer sa pr\u00e9sence dans la presse locale ?"},"content":{"rendered":"\n<p class=\"has-black-color has-pale-cyan-blue-background-color has-text-color has-background\">Vous souhaitez <strong>am\u00e9liorer la couverture presse<\/strong> de votre commune ? Avec la hausse du prix du papier et la baisse du nombre de correspondants, les titres de la presse locale rencontrent\u00a0de plus en plus de difficult\u00e9s pour couvrir les \u00e9v\u00e9nements des communes et collectivit\u00e9s locales. Dans ce contexte, l\u2019outil <a href=\"https:\/\/www.infolocale.fr\/publications\">Publications <\/a>constitue une alternative efficace. Cet outil gratuit vous permet de r\u00e9diger des articles de communication au sujet de votre commune. Une fois valid\u00e9s, ces contenus peuvent \u00eatre diffus\u00e9s sur les pages locales de certains des sites d\u2019information parmi les plus lus de France tels que : Ouest-France.fr, Actu.fr et 20 minutes.\u00a0<\/p>\n\n\n\n<div class=\"wp-block-buttons is-content-justification-center is-layout-flex wp-block-buttons-is-layout-flex\">\n<div class=\"wp-block-button has-custom-width wp-block-button__width-75\"><a class=\"wp-block-button__link has-white-color has-luminous-vivid-amber-background-color has-text-color has-background\" href=\"https:\/\/www.infolocale.fr\/decouvrir\/collectivites\/?int_source=blog&amp;int_medium=banner&amp;int_campaign=blog-content-artcoll\">&gt;&gt; Je souhaite int\u00e9grer un agenda sur le site de ma collectivit\u00e9<\/a><\/div>\n<\/div>\n\n\n\n<p><\/p>\n\n\n\n<h2 class=\"wp-block-heading\">Les petites communes face \u00e0 une r\u00e9duction de la couverture presse de leurs \u00e9v\u00e9nements<\/h2>\n\n\n\n<p><\/p>\n\n\n\n<p>La hausse des prix du papier et des carburants conjugu\u00e9e aux difficult\u00e9s que rencontre la presse locale pour renouveler ses correspondants sur le d\u00e9part entra\u00eenent diff\u00e9rentes cons\u00e9quences. D\u2019un c\u00f4t\u00e9, la presse se trouve souvent contrainte de r\u00e9duire sa pagination. Elle peine \u00e9galement \u00e0 trouver les ressources humaines n\u00e9cessaires. R\u00e9sultat : la couverture de l\u2019actualit\u00e9 locale devient moins compl\u00e8te.<\/p>\n\n\n\n<p>Dans ce contexte, certains territoires, souvent les plus petits et les plus isol\u00e9s, se retrouvent en d\u00e9ficit de <strong>couverture presse<\/strong> et de m\u00e9diatisation. Un paradoxe \u00e0 une \u00e9poque o\u00f9 internet devrait \u00eatre en mesure de nous affranchir des contraintes de place dans le journal et de faciliter la communication de tous pour tous.\u00a0<\/p>\n\n\n\n<p><\/p>\n\n\n\n<div class=\"wp-block-image\"><figure class=\"aligncenter size-large is-resized\"><a href=\"https:\/\/www.infolocale.fr\/decouvrir\/collectivites\/?utm_source=blog&amp;utm_medium=banner&amp;utm_campaign=blog-content-artcoll\"><img fetchpriority=\"high\" decoding=\"async\" src=\"https:\/\/www.infolocale.fr\/blog\/wp-content\/uploads\/2023\/03\/Bannieres-Blog-1024x910.png\" alt=\"\" class=\"wp-image-22379\" width=\"608\" height=\"540\" srcset=\"https:\/\/www.infolocale.fr\/blog\/wp-content\/uploads\/2023\/03\/Bannieres-Blog-1024x910.png 1024w, https:\/\/www.infolocale.fr\/blog\/wp-content\/uploads\/2023\/03\/Bannieres-Blog-300x267.png 300w, https:\/\/www.infolocale.fr\/blog\/wp-content\/uploads\/2023\/03\/Bannieres-Blog-768x683.png 768w, https:\/\/www.infolocale.fr\/blog\/wp-content\/uploads\/2023\/03\/Bannieres-Blog-1536x1366.png 1536w, https:\/\/www.infolocale.fr\/blog\/wp-content\/uploads\/2023\/03\/Bannieres-Blog.png 1875w\" sizes=\"(max-width: 608px) 100vw, 608px\" \/><\/a><\/figure><\/div>\n\n\n\n<p><\/p>\n\n\n\n<h2 class=\"wp-block-heading\">Face \u00e0 l\u2019absence de correspondant : comment assurer la couverture m\u00e9diatique de sa ville&nbsp;?<\/h2>\n\n\n\n<p><\/p>\n\n\n\n<p>Infolocale dispose d\u2019un outil particuli\u00e8rement adapt\u00e9 aux communes qui souhaitent am\u00e9liorer leur <strong>couverture m\u00e9diatique dans la presse locale<\/strong>. Cet outil s\u2019appelle <a href=\"https:\/\/www.infolocale.fr\/decouvrir\/publications\/\">Publications<\/a>. \u00a0<\/p>\n\n\n\n<p>Avec Publications, vous pouvez assurer la couverture des \u00e9v\u00e9nements de la vie de votre commune. L\u2019outil vous permet de r\u00e9diger vos propres articles de communication. Un \u00e9v\u00e9nement scolaire ou culturel se tient sur\u00a0votre commune ? Un projet urbanistique sort de terre ? En l\u2019absence de correspondant sur votre territoire, l\u2019outil Publications vous permet d\u2019organiser votre\u00a0couverture. Avec lui, vous pourrez faire parler de votre commune et de vos projets dans la presse en ligne.\u00a0<\/p>\n\n\n\n<h2 class=\"wp-block-heading\">Outil Publications : une visibilit\u00e9 maximale sur les plus grands sites d&rsquo;information<\/h2>\n\n\n\n<p><\/p>\n\n\n\n<p>Les contenus diffus\u00e9s sur Infolocale par les communes et collectivit\u00e9s b\u00e9n\u00e9ficient d\u2019une grande visibilit\u00e9. Une m\u00eame Publication appara\u00eet ainsi sur une multitude de sites partenaires. En plus d&rsquo;Infolocale, vous serez sur la page locale de votre commune sur <a href=\"https:\/\/infolocale.ouest-france.fr\/\" target=\"_blank\" rel=\"noreferrer noopener\">ouest-france.fr<\/a> (premier quotidien de France). Ils le seront aussi sur les pages Infolocale des sites <a href=\"https:\/\/infolocale.actu.fr\/\" target=\"_blank\" rel=\"noreferrer noopener\">actu.fr<\/a> et <a href=\"https:\/\/infolocale.20minutes.fr\/\" target=\"_blank\" rel=\"noreferrer noopener\">20 minutes<\/a>. La totalit\u00e9 de ces trois partenaires sont parmi les sites d&rsquo;information les plus lus de France.\u00a0\u00a0<\/p>\n\n\n\n<p>N\u00e9anmoins, sachez que notre \u00e9quipe de mod\u00e9rateurs relit l\u2019ensemble des publications que vous r\u00e9digez sur Infolocale. A l\u2019issue de cette relecture, les articles correspondant \u00e0 nos normes de qualit\u00e9 seront diffus\u00e9s sur les sites Infolocale des partenaires m\u00e9dias. \u00a0\u00a0<\/p>\n\n\n\n<p>De nombreuses communes de France l\u2019utilisent d\u00e9j\u00e0 pour communiquer et offrir une couverture plus compl\u00e8te de leur actualit\u00e9.&nbsp;<\/p>\n\n\n\n<p><\/p>\n\n\n<div class=\"wp-block-image is-resized\">\n<figure class=\"aligncenter size-large has-lightbox\"><a href=\"https:\/\/www.infolocale.fr\/decouvrir\/deposant\/?utm_source=blog&amp;utm_medium=banner&amp;utm_campaign=blog-content\"><img decoding=\"async\" width=\"1024\" height=\"1024\" src=\"https:\/\/www.infolocale.fr\/blog\/wp-content\/uploads\/2021\/11\/banniere-NLDASSO-carree1500x1500-1024x1024.jpg\" alt=\"\" class=\"wp-image-23946\" srcset=\"https:\/\/www.infolocale.fr\/blog\/wp-content\/uploads\/2021\/11\/banniere-NLDASSO-carree1500x1500-1024x1024.jpg 1024w, https:\/\/www.infolocale.fr\/blog\/wp-content\/uploads\/2021\/11\/banniere-NLDASSO-carree1500x1500-300x300.jpg 300w, https:\/\/www.infolocale.fr\/blog\/wp-content\/uploads\/2021\/11\/banniere-NLDASSO-carree1500x1500-150x150.jpg 150w, https:\/\/www.infolocale.fr\/blog\/wp-content\/uploads\/2021\/11\/banniere-NLDASSO-carree1500x1500-768x768.jpg 768w, https:\/\/www.infolocale.fr\/blog\/wp-content\/uploads\/2021\/11\/banniere-NLDASSO-carree1500x1500.jpg 1500w\" sizes=\"(max-width: 1024px) 100vw, 1024px\" \/><\/a><\/figure><\/div>\n\n\n<p><\/p>\n\n\n\n<p><\/p>\n","protected":false},"excerpt":{"rendered":"<p>Vous souhaitez am\u00e9liorer la couverture presse de votre commune ? Avec la hausse du prix du papier et la baisse du nombre de correspondants, les [&hellip;]<\/p>\n","protected":false},"author":2,"featured_media":21170,"comment_status":"open","ping_status":"open","sticky":false,"template":"","format":"standard","meta":{"_coblocks_attr":"","_coblocks_dimensions":"","_coblocks_responsive_height":"","_coblocks_accordion_ie_support":"","_mo_disable_npp":"","footnotes":""},"categories":[75],"tags":[],"class_list":["post-21164","post","type-post","status-publish","format-standard","has-post-thumbnail","hentry","category-communication-des-institutions-et-collectivites"],"yoast_head":"<!-- This site is optimized with the Yoast SEO plugin v23.2 - https:\/\/yoast.com\/wordpress\/plugins\/seo\/ -->\n<title>Couverture presse de votre commune : comment l&#039;am\u00e9liorer et l&#039;assurer ? |<\/title>\n<meta name=\"description\" content=\"Cet outil am\u00e9liore la couverture presse de votre commune. R\u00e9digez vos articles, ils seront diffus\u00e9s sur les m\u00e9dias de votre territoire : a...\" \/>\n<meta name=\"robots\" content=\"index, follow, max-snippet:-1, max-image-preview:large, max-video-preview:-1\" \/>\n<link rel=\"canonical\" href=\"https:\/\/infolocale.20minutes.fr\/blog\/couverture-presse-communes\/\" \/>\n<meta property=\"og:locale\" content=\"fr_FR\" \/>\n<meta property=\"og:type\" content=\"article\" \/>\n<meta property=\"og:title\" content=\"Couverture presse de votre commune : comment l&#039;am\u00e9liorer et l&#039;assurer ? |\" \/>\n<meta property=\"og:description\" content=\"Cet outil am\u00e9liore la couverture presse de votre commune. R\u00e9digez vos articles, ils seront diffus\u00e9s sur les m\u00e9dias de votre territoire : a...\" \/>\n<meta property=\"og:url\" content=\"https:\/\/infolocale.20minutes.fr\/blog\/couverture-presse-communes\/\" \/>\n<meta property=\"article:publisher\" content=\"https:\/\/www.facebook.com\/infolocaleFR\/\" \/>\n<meta property=\"article:published_time\" content=\"2022-11-10T12:24:39+00:00\" \/>\n<meta property=\"article:modified_time\" content=\"2026-05-05T12:42:58+00:00\" \/>\n<meta property=\"og:image\" content=\"https:\/\/infolocale.20minutes.fr\/blog\/wp-content\/uploads\/2022\/10\/couverture-presse-communes.jpg\" \/>\n\t<meta property=\"og:image:width\" content=\"900\" \/>\n\t<meta property=\"og:image:height\" content=\"630\" \/>\n\t<meta property=\"og:image:type\" content=\"image\/jpeg\" \/>\n<meta name=\"author\" content=\"Morgan\" \/>\n<meta name=\"twitter:card\" content=\"summary_large_image\" \/>\n<meta name=\"twitter:creator\" content=\"@infolocale\" \/>\n<meta name=\"twitter:site\" content=\"@infolocale\" \/>\n<meta name=\"twitter:label1\" content=\"\u00c9crit par\" \/>\n\t<meta name=\"twitter:data1\" content=\"Morgan\" \/>\n\t<meta name=\"twitter:label2\" content=\"Dur\u00e9e de lecture estim\u00e9e\" \/>\n\t<meta name=\"twitter:data2\" content=\"4 minutes\" \/>\n<script type=\"application\/ld+json\" class=\"yoast-schema-graph\">{\"@context\":\"https:\/\/schema.org\",\"@graph\":[{\"@type\":\"Article\",\"@id\":\"https:\/\/infolocale.20minutes.fr\/blog\/couverture-presse-communes\/#article\",\"isPartOf\":{\"@id\":\"https:\/\/infolocale.20minutes.fr\/blog\/couverture-presse-communes\/\"},\"author\":{\"name\":\"Morgan\",\"@id\":\"https:\/\/www.infolocale.fr\/blog\/#\/schema\/person\/f0f748ece99417833166b3ba8890f3db\"},\"headline\":\"Couverture presse des communes : comment assurer sa pr\u00e9sence dans la presse locale ?\",\"datePublished\":\"2022-11-10T12:24:39+00:00\",\"dateModified\":\"2026-05-05T12:42:58+00:00\",\"mainEntityOfPage\":{\"@id\":\"https:\/\/infolocale.20minutes.fr\/blog\/couverture-presse-communes\/\"},\"wordCount\":542,\"commentCount\":0,\"publisher\":{\"@id\":\"https:\/\/www.infolocale.fr\/blog\/#organization\"},\"image\":{\"@id\":\"https:\/\/infolocale.20minutes.fr\/blog\/couverture-presse-communes\/#primaryimage\"},\"thumbnailUrl\":\"https:\/\/www.infolocale.fr\/blog\/wp-content\/uploads\/2022\/10\/couverture-presse-communes.jpg\",\"articleSection\":[\"Communication des institutions et collectivit\u00e9s\"],\"inLanguage\":\"fr-FR\",\"potentialAction\":[{\"@type\":\"CommentAction\",\"name\":\"Comment\",\"target\":[\"https:\/\/infolocale.20minutes.fr\/blog\/couverture-presse-communes\/#respond\"]}]},{\"@type\":\"WebPage\",\"@id\":\"https:\/\/infolocale.20minutes.fr\/blog\/couverture-presse-communes\/\",\"url\":\"https:\/\/infolocale.20minutes.fr\/blog\/couverture-presse-communes\/\",\"name\":\"Couverture presse de votre commune : comment l'am\u00e9liorer et l'assurer ? |\",\"isPartOf\":{\"@id\":\"https:\/\/www.infolocale.fr\/blog\/#website\"},\"primaryImageOfPage\":{\"@id\":\"https:\/\/infolocale.20minutes.fr\/blog\/couverture-presse-communes\/#primaryimage\"},\"image\":{\"@id\":\"https:\/\/infolocale.20minutes.fr\/blog\/couverture-presse-communes\/#primaryimage\"},\"thumbnailUrl\":\"https:\/\/www.infolocale.fr\/blog\/wp-content\/uploads\/2022\/10\/couverture-presse-communes.jpg\",\"datePublished\":\"2022-11-10T12:24:39+00:00\",\"dateModified\":\"2026-05-05T12:42:58+00:00\",\"description\":\"Cet outil am\u00e9liore la couverture presse de votre commune. R\u00e9digez vos articles, ils seront diffus\u00e9s sur les m\u00e9dias de votre territoire : a...\",\"breadcrumb\":{\"@id\":\"https:\/\/infolocale.20minutes.fr\/blog\/couverture-presse-communes\/#breadcrumb\"},\"inLanguage\":\"fr-FR\",\"potentialAction\":[{\"@type\":\"ReadAction\",\"target\":[\"https:\/\/infolocale.20minutes.fr\/blog\/couverture-presse-communes\/\"]}]},{\"@type\":\"ImageObject\",\"inLanguage\":\"fr-FR\",\"@id\":\"https:\/\/infolocale.20minutes.fr\/blog\/couverture-presse-communes\/#primaryimage\",\"url\":\"https:\/\/www.infolocale.fr\/blog\/wp-content\/uploads\/2022\/10\/couverture-presse-communes.jpg\",\"contentUrl\":\"https:\/\/www.infolocale.fr\/blog\/wp-content\/uploads\/2022\/10\/couverture-presse-communes.jpg\",\"width\":900,\"height\":630,\"caption\":\"Couverture presse des communes sans correspondant\"},{\"@type\":\"BreadcrumbList\",\"@id\":\"https:\/\/infolocale.20minutes.fr\/blog\/couverture-presse-communes\/#breadcrumb\",\"itemListElement\":[{\"@type\":\"ListItem\",\"position\":1,\"name\":\"Blog\",\"item\":\"https:\/\/infolocale.ouest-france.fr\/blog\/\"},{\"@type\":\"ListItem\",\"position\":2,\"name\":\"Communication des institutions et collectivit\u00e9s\",\"item\":\"https:\/\/infolocale.ouest-france.fr\/blog\/cat\/communication-des-institutions-et-collectivites\/\"},{\"@type\":\"ListItem\",\"position\":3,\"name\":\"Couverture presse des communes : comment assurer sa pr\u00e9sence dans la presse locale ?\"}]},{\"@type\":\"WebSite\",\"@id\":\"https:\/\/www.infolocale.fr\/blog\/#website\",\"url\":\"https:\/\/www.infolocale.fr\/blog\/\",\"name\":\"\",\"description\":\"\",\"publisher\":{\"@id\":\"https:\/\/www.infolocale.fr\/blog\/#organization\"},\"potentialAction\":[{\"@type\":\"SearchAction\",\"target\":{\"@type\":\"EntryPoint\",\"urlTemplate\":\"https:\/\/www.infolocale.fr\/blog\/?s={search_term_string}\"},\"query-input\":\"required name=search_term_string\"}],\"inLanguage\":\"fr-FR\"},{\"@type\":\"Organization\",\"@id\":\"https:\/\/www.infolocale.fr\/blog\/#organization\",\"name\":\"Infolocale\",\"url\":\"https:\/\/www.infolocale.fr\/blog\/\",\"logo\":{\"@type\":\"ImageObject\",\"inLanguage\":\"fr-FR\",\"@id\":\"https:\/\/www.infolocale.fr\/blog\/#\/schema\/logo\/image\/\",\"url\":\"https:\/\/www.infolocale.fr\/blog\/wp-content\/uploads\/2020\/11\/logol.jpg\",\"contentUrl\":\"https:\/\/www.infolocale.fr\/blog\/wp-content\/uploads\/2020\/11\/logol.jpg\",\"width\":1031,\"height\":398,\"caption\":\"Infolocale\"},\"image\":{\"@id\":\"https:\/\/www.infolocale.fr\/blog\/#\/schema\/logo\/image\/\"},\"sameAs\":[\"https:\/\/www.facebook.com\/infolocaleFR\/\",\"https:\/\/x.com\/infolocale\",\"https:\/\/www.instagram.com\/infolocale\/\",\"https:\/\/fr.linkedin.com\/company\/infolocale\",\"https:\/\/www.youtube.com\/channel\/UCnv4FA8EYEuu_si3TGr7xeA\"]},{\"@type\":\"Person\",\"@id\":\"https:\/\/www.infolocale.fr\/blog\/#\/schema\/person\/f0f748ece99417833166b3ba8890f3db\",\"name\":\"Morgan\",\"image\":{\"@type\":\"ImageObject\",\"inLanguage\":\"fr-FR\",\"@id\":\"https:\/\/www.infolocale.fr\/blog\/#\/schema\/person\/image\/\",\"url\":\"https:\/\/secure.gravatar.com\/avatar\/a22ec2a0cc817ae9fa3ff7341a213632?s=96&d=mm&r=g\",\"contentUrl\":\"https:\/\/secure.gravatar.com\/avatar\/a22ec2a0cc817ae9fa3ff7341a213632?s=96&d=mm&r=g\",\"caption\":\"Morgan\"},\"url\":\"https:\/\/www.infolocale.fr\/blog\/author\/morgan-delepine\/\"}]}<\/script>\n<!-- \/ Yoast SEO plugin. -->","yoast_head_json":{"title":"Couverture presse de votre commune : comment l'am\u00e9liorer et l'assurer ? |","description":"Cet outil am\u00e9liore la couverture presse de votre commune. R\u00e9digez vos articles, ils seront diffus\u00e9s sur les m\u00e9dias de votre territoire : a...","robots":{"index":"index","follow":"follow","max-snippet":"max-snippet:-1","max-image-preview":"max-image-preview:large","max-video-preview":"max-video-preview:-1"},"canonical":"https:\/\/infolocale.20minutes.fr\/blog\/couverture-presse-communes\/","og_locale":"fr_FR","og_type":"article","og_title":"Couverture presse de votre commune : comment l'am\u00e9liorer et l'assurer ? |","og_description":"Cet outil am\u00e9liore la couverture presse de votre commune. R\u00e9digez vos articles, ils seront diffus\u00e9s sur les m\u00e9dias de votre territoire : a...","og_url":"https:\/\/infolocale.20minutes.fr\/blog\/couverture-presse-communes\/","article_publisher":"https:\/\/www.facebook.com\/infolocaleFR\/","article_published_time":"2022-11-10T12:24:39+00:00","article_modified_time":"2026-05-05T12:42:58+00:00","og_image":[{"width":900,"height":630,"url":"https:\/\/infolocale.20minutes.fr\/blog\/wp-content\/uploads\/2022\/10\/couverture-presse-communes.jpg","type":"image\/jpeg"}],"author":"Morgan","twitter_card":"summary_large_image","twitter_creator":"@infolocale","twitter_site":"@infolocale","twitter_misc":{"\u00c9crit par":"Morgan","Dur\u00e9e de lecture estim\u00e9e":"4 minutes"},"schema":{"@context":"https:\/\/schema.org","@graph":[{"@type":"Article","@id":"https:\/\/infolocale.20minutes.fr\/blog\/couverture-presse-communes\/#article","isPartOf":{"@id":"https:\/\/infolocale.20minutes.fr\/blog\/couverture-presse-communes\/"},"author":{"name":"Morgan","@id":"https:\/\/www.infolocale.fr\/blog\/#\/schema\/person\/f0f748ece99417833166b3ba8890f3db"},"headline":"Couverture presse des communes : comment assurer sa pr\u00e9sence dans la presse locale ?","datePublished":"2022-11-10T12:24:39+00:00","dateModified":"2026-05-05T12:42:58+00:00","mainEntityOfPage":{"@id":"https:\/\/infolocale.20minutes.fr\/blog\/couverture-presse-communes\/"},"wordCount":542,"commentCount":0,"publisher":{"@id":"https:\/\/www.infolocale.fr\/blog\/#organization"},"image":{"@id":"https:\/\/infolocale.20minutes.fr\/blog\/couverture-presse-communes\/#primaryimage"},"thumbnailUrl":"https:\/\/www.infolocale.fr\/blog\/wp-content\/uploads\/2022\/10\/couverture-presse-communes.jpg","articleSection":["Communication des institutions et collectivit\u00e9s"],"inLanguage":"fr-FR","potentialAction":[{"@type":"CommentAction","name":"Comment","target":["https:\/\/infolocale.20minutes.fr\/blog\/couverture-presse-communes\/#respond"]}]},{"@type":"WebPage","@id":"https:\/\/infolocale.20minutes.fr\/blog\/couverture-presse-communes\/","url":"https:\/\/infolocale.20minutes.fr\/blog\/couverture-presse-communes\/","name":"Couverture presse de votre commune : comment l'am\u00e9liorer et l'assurer ? |","isPartOf":{"@id":"https:\/\/www.infolocale.fr\/blog\/#website"},"primaryImageOfPage":{"@id":"https:\/\/infolocale.20minutes.fr\/blog\/couverture-presse-communes\/#primaryimage"},"image":{"@id":"https:\/\/infolocale.20minutes.fr\/blog\/couverture-presse-communes\/#primaryimage"},"thumbnailUrl":"https:\/\/www.infolocale.fr\/blog\/wp-content\/uploads\/2022\/10\/couverture-presse-communes.jpg","datePublished":"2022-11-10T12:24:39+00:00","dateModified":"2026-05-05T12:42:58+00:00","description":"Cet outil am\u00e9liore la couverture presse de votre commune. R\u00e9digez vos articles, ils seront diffus\u00e9s sur les m\u00e9dias de votre territoire : a...","breadcrumb":{"@id":"https:\/\/infolocale.20minutes.fr\/blog\/couverture-presse-communes\/#breadcrumb"},"inLanguage":"fr-FR","potentialAction":[{"@type":"ReadAction","target":["https:\/\/infolocale.20minutes.fr\/blog\/couverture-presse-communes\/"]}]},{"@type":"ImageObject","inLanguage":"fr-FR","@id":"https:\/\/infolocale.20minutes.fr\/blog\/couverture-presse-communes\/#primaryimage","url":"https:\/\/www.infolocale.fr\/blog\/wp-content\/uploads\/2022\/10\/couverture-presse-communes.jpg","contentUrl":"https:\/\/www.infolocale.fr\/blog\/wp-content\/uploads\/2022\/10\/couverture-presse-communes.jpg","width":900,"height":630,"caption":"Couverture presse des communes sans correspondant"},{"@type":"BreadcrumbList","@id":"https:\/\/infolocale.20minutes.fr\/blog\/couverture-presse-communes\/#breadcrumb","itemListElement":[{"@type":"ListItem","position":1,"name":"Blog","item":"https:\/\/infolocale.ouest-france.fr\/blog\/"},{"@type":"ListItem","position":2,"name":"Communication des institutions et collectivit\u00e9s","item":"https:\/\/infolocale.ouest-france.fr\/blog\/cat\/communication-des-institutions-et-collectivites\/"},{"@type":"ListItem","position":3,"name":"Couverture presse des communes : comment assurer sa pr\u00e9sence dans la presse locale ?"}]},{"@type":"WebSite","@id":"https:\/\/www.infolocale.fr\/blog\/#website","url":"https:\/\/www.infolocale.fr\/blog\/","name":"","description":"","publisher":{"@id":"https:\/\/www.infolocale.fr\/blog\/#organization"},"potentialAction":[{"@type":"SearchAction","target":{"@type":"EntryPoint","urlTemplate":"https:\/\/www.infolocale.fr\/blog\/?s={search_term_string}"},"query-input":"required name=search_term_string"}],"inLanguage":"fr-FR"},{"@type":"Organization","@id":"https:\/\/www.infolocale.fr\/blog\/#organization","name":"Infolocale","url":"https:\/\/www.infolocale.fr\/blog\/","logo":{"@type":"ImageObject","inLanguage":"fr-FR","@id":"https:\/\/www.infolocale.fr\/blog\/#\/schema\/logo\/image\/","url":"https:\/\/www.infolocale.fr\/blog\/wp-content\/uploads\/2020\/11\/logol.jpg","contentUrl":"https:\/\/www.infolocale.fr\/blog\/wp-content\/uploads\/2020\/11\/logol.jpg","width":1031,"height":398,"caption":"Infolocale"},"image":{"@id":"https:\/\/www.infolocale.fr\/blog\/#\/schema\/logo\/image\/"},"sameAs":["https:\/\/www.facebook.com\/infolocaleFR\/","https:\/\/x.com\/infolocale","https:\/\/www.instagram.com\/infolocale\/","https:\/\/fr.linkedin.com\/company\/infolocale","https:\/\/www.youtube.com\/channel\/UCnv4FA8EYEuu_si3TGr7xeA"]},{"@type":"Person","@id":"https:\/\/www.infolocale.fr\/blog\/#\/schema\/person\/f0f748ece99417833166b3ba8890f3db","name":"Morgan","image":{"@type":"ImageObject","inLanguage":"fr-FR","@id":"https:\/\/www.infolocale.fr\/blog\/#\/schema\/person\/image\/","url":"https:\/\/secure.gravatar.com\/avatar\/a22ec2a0cc817ae9fa3ff7341a213632?s=96&d=mm&r=g","contentUrl":"https:\/\/secure.gravatar.com\/avatar\/a22ec2a0cc817ae9fa3ff7341a213632?s=96&d=mm&r=g","caption":"Morgan"},"url":"https:\/\/www.infolocale.fr\/blog\/author\/morgan-delepine\/"}]}},"_links":{"self":[{"href":"https:\/\/www.infolocale.fr\/blog\/wp-json\/wp\/v2\/posts\/21164"}],"collection":[{"href":"https:\/\/www.infolocale.fr\/blog\/wp-json\/wp\/v2\/posts"}],"about":[{"href":"https:\/\/www.infolocale.fr\/blog\/wp-json\/wp\/v2\/types\/post"}],"author":[{"embeddable":true,"href":"https:\/\/www.infolocale.fr\/blog\/wp-json\/wp\/v2\/users\/2"}],"replies":[{"embeddable":true,"href":"https:\/\/www.infolocale.fr\/blog\/wp-json\/wp\/v2\/comments?post=21164"}],"version-history":[{"count":0,"href":"https:\/\/www.infolocale.fr\/blog\/wp-json\/wp\/v2\/posts\/21164\/revisions"}],"wp:featuredmedia":[{"embeddable":true,"href":"https:\/\/www.infolocale.fr\/blog\/wp-json\/wp\/v2\/media\/21170"}],"wp:attachment":[{"href":"https:\/\/www.infolocale.fr\/blog\/wp-json\/wp\/v2\/media?parent=21164"}],"wp:term":[{"taxonomy":"category","embeddable":true,"href":"https:\/\/www.infolocale.fr\/blog\/wp-json\/wp\/v2\/categories?post=21164"},{"taxonomy":"post_tag","embeddable":true,"href":"https:\/\/www.infolocale.fr\/blog\/wp-json\/wp\/v2\/tags?post=21164"}],"curies":[{"name":"wp","href":"https:\/\/api.w.org\/{rel}","templated":true}]}}