{"id":20835,"date":"2021-08-02T09:55:00","date_gmt":"2021-08-02T07:55:00","guid":{"rendered":"https:\/\/www.infolocale.fr\/blog\/?p=20835"},"modified":"2023-04-05T12:36:17","modified_gmt":"2023-04-05T10:36:17","slug":"association-communiquer-facebook-room","status":"publish","type":"post","link":"https:\/\/www.infolocale.fr\/blog\/association-communiquer-facebook-room\/","title":{"rendered":"Association, et si vous adoptiez Facebook Room ?"},"content":{"rendered":"\n<div class=\"wp-block-group has-pale-cyan-blue-background-color has-background\"><div class=\"wp-block-group__inner-container is-layout-flow wp-block-group-is-layout-flow\">\n<p>Avec Facebook Room.<\/p>\n\n\n\n<p>Vous. Associations, dirigeants, membres de bureaux et adh\u00e9rents ; nous savons \u00e0 quel point la Covid-19 a affect\u00e9 vos actions et emp\u00each\u00e9 vos r\u00e9unions. Durant cette p\u00e9riode, nombre d\u2019associations se sont mises en pause et la communication avec leurs membres s\u2019est parfois r\u00e9v\u00e9l\u00e9e difficile\u2026&nbsp;<\/p>\n\n\n\n<p>Mais bienheureusement des outils num\u00e9riques aux fonctionnalit\u00e9s intuitives, et accessibles \u00e0 toutes et tous, permettent de garder les contacts !<\/p>\n\n\n\n<p>Aujourd\u2019hui, on vous pr\u00e9sente Facebook Room, une salle virtuelle initialement pr\u00e9vue pour se retrouver entre coll\u00e8gues, mais qui sera tout \u00e0 fait adapt\u00e9e pour vos r\u00e9unions associatives.&nbsp;<\/p>\n\n\n\n<p>Entre application conviviale, r\u00e9alit\u00e9 augment\u00e9e, filtres et arri\u00e8res plans immersifs \u2013 Facebook Room devrait devenir votre nouvel alli\u00e9 pour vos r\u00e9unions associatives, vos assembl\u00e9es g\u00e9n\u00e9rales, vos activit\u00e9s et \u00e9v\u00e8nements en ligne.<\/p>\n<\/div><\/div>\n\n\n\n<div class=\"wp-block-buttons is-horizontal is-content-justification-center is-layout-flex wp-container-core-buttons-is-layout-1 wp-block-buttons-is-layout-flex\">\n<div class=\"wp-block-button\"><a class=\"wp-block-button__link has-white-color has-luminous-vivid-amber-background-color has-text-color has-background wp-element-button\"><strong>&gt;&gt;Inscrire mon asso \u00e0 Infolocale <\/strong><\/a><\/div>\n<\/div>\n\n\n\n<p><\/p>\n\n\n\n<h2 class=\"wp-block-heading\">Facebook Room : le saviez-vous ?<\/h2>\n\n\n\n<p>Facebook Room ou les salons de <a href=\"https:\/\/fr-fr.facebook.com\/\" target=\"_blank\" rel=\"noreferrer noopener\">Facebook<\/a> sont des espaces de visioconf\u00e9rence que vous pouvez ouvrir (laisser au public) ou fermer (cr\u00e9er des sessions privatives).&nbsp;<\/p>\n\n\n\n<p>Sachez \u00e9galement qu\u2019un appel vid\u00e9o \u201csalon\u201d peut regrouper jusqu\u2019\u00e0 50 personnes, et ce, sans limitation dans le temps. Un petit plus non n\u00e9gligeable, quand on sait que de nombreuses applications, payantes qui plus est, proposent des services vid\u00e9os compris dans une dur\u00e9e d\u2019utilisation bien pr\u00e9cise. Ceci nous permettant de vous dire que Facebook Room est un outil gratuit, et qu\u2019il ne n\u00e9cessitera pas d\u2019installation particuli\u00e8re, surtout si vous poss\u00e9dez un profil Facebook.<\/p>\n\n\n\n<p>Si vous vous posez encore des questions, on a rep\u00e9r\u00e9 2 informations importantes sur la plateforme qui devraient pouvoir satisfaire vos interrogations :<\/p>\n\n\n\n<ul class=\"wp-block-list\"><li><strong>Puis-je acc\u00e9der aux Rooms sans avoir de compte Facebook ? <\/strong>Oui ! Il suffit seulement d\u2019ouvrir le lien qui vous aura \u00e9t\u00e9 envoy\u00e9 par l\u2019organisateur.&nbsp;<\/li><li><strong>Quelles sont les garanties pour les donn\u00e9es personnelles ?<\/strong> Facebook assure que ni les audios ni les vid\u00e9os de la visioconf\u00e9rence ne seront utilis\u00e9s \u00e0 des fins publicitaires et qu\u2019une lutte est v\u00e9ritablement men\u00e9e contre les arriv\u00e9es intempestives. En effet, \u201cle salon sera en priorit\u00e9 visible sur le mur des personnes avec lesquelles vous interagissez r\u00e9guli\u00e8rement, ou celles auxquelles vous vous int\u00e9ressez\u201d avait pr\u00e9cis\u00e9 Mark Zuckerberg, cr\u00e9ateur de Facebook.<\/li><\/ul>\n\n\n\n<p><\/p>\n\n\n\n<h2 class=\"wp-block-heading\">Facebook Room, comment \u00e7a fonctionne ?<\/h2>\n\n\n\n<p>Pour acc\u00e9der aux fonctionnalit\u00e9s de visioconf\u00e9rence, il vous faudra \u201ccr\u00e9er un salon\u201d. Puis, vous devrez d\u00e9finir le type d\u2019activit\u00e9, les personnes que vous souhaiteriez voir au sein de votre pi\u00e8ce virtuelle et l\u2019heure de d\u00e9but de la r\u00e9union. Ensuite, vous partagerez le lien de la r\u00e9union via votre fil d\u2019actualit\u00e9 !<\/p>\n\n\n\n<p><\/p>\n\n\n\n<p>Avec Facebook Room, tous vos membres resteront inform\u00e9s des actualit\u00e9s de votre association. De mani\u00e8re claire, simple et pr\u00e9cise\u2026<\/p>\n\n\n\n<p><\/p>\n\n\n\n<div class=\"wp-block-image\"><figure class=\"aligncenter size-large is-resized\"><a href=\"https:\/\/www.infolocale.fr\/decouvrir\/?int_source=blog&amp;int_medium=banner&amp;int_campaign=blog-content-ba75\"><img fetchpriority=\"high\" decoding=\"async\" src=\"https:\/\/www.infolocale.fr\/blog\/wp-content\/uploads\/2022\/02\/pub-NLDASSO-1024x540.jpg\" alt=\"\" class=\"wp-image-17417\" width=\"692\" height=\"366\" srcset=\"https:\/\/www.infolocale.fr\/blog\/wp-content\/uploads\/2022\/02\/pub-NLDASSO-1024x540.jpg 1024w, https:\/\/www.infolocale.fr\/blog\/wp-content\/uploads\/2022\/02\/pub-NLDASSO-300x158.jpg 300w, https:\/\/www.infolocale.fr\/blog\/wp-content\/uploads\/2022\/02\/pub-NLDASSO-768x405.jpg 768w, https:\/\/www.infolocale.fr\/blog\/wp-content\/uploads\/2022\/02\/pub-NLDASSO.jpg 1233w\" sizes=\"(max-width: 692px) 100vw, 692px\" \/><\/a><\/figure><\/div>\n","protected":false},"excerpt":{"rendered":"<p>Avec Facebook Room. Vous. Associations, dirigeants, membres de bureaux et adh\u00e9rents ; nous savons \u00e0 quel point la Covid-19 a affect\u00e9 vos actions et emp\u00each\u00e9 [&hellip;]<\/p>\n","protected":false},"author":15,"featured_media":20836,"comment_status":"open","ping_status":"open","sticky":false,"template":"","format":"standard","meta":{"_coblocks_attr":"","_coblocks_dimensions":"","_coblocks_responsive_height":"","_coblocks_accordion_ie_support":"","_mo_disable_npp":"","footnotes":""},"categories":[92],"tags":[],"class_list":["post-20835","post","type-post","status-publish","format-standard","has-post-thumbnail","hentry","category-outils-communication-association"],"yoast_head":"<!-- This site is optimized with the Yoast SEO plugin v23.2 - https:\/\/yoast.com\/wordpress\/plugins\/seo\/ -->\n<title>Association, et si vous adoptiez Facebook Room ? |<\/title>\n<meta name=\"description\" content=\"Dirigeants, membres de bureaux et adh\u00e9rents, optez pour Facebook Room pour communiquer gratuitement et facilement avec votre association !\" \/>\n<meta name=\"robots\" content=\"index, follow, max-snippet:-1, max-image-preview:large, max-video-preview:-1\" \/>\n<link rel=\"canonical\" href=\"https:\/\/infolocale.ouest-france.fr\/blog\/association-communiquer-facebook-room\/\" \/>\n<meta property=\"og:locale\" content=\"fr_FR\" \/>\n<meta property=\"og:type\" content=\"article\" \/>\n<meta property=\"og:title\" content=\"Association, et si vous adoptiez Facebook Room ? |\" \/>\n<meta property=\"og:description\" content=\"Dirigeants, membres de bureaux et adh\u00e9rents, optez pour Facebook Room pour communiquer gratuitement et facilement avec votre association !\" \/>\n<meta property=\"og:url\" content=\"https:\/\/infolocale.ouest-france.fr\/blog\/association-communiquer-facebook-room\/\" \/>\n<meta property=\"article:publisher\" content=\"https:\/\/www.facebook.com\/infolocaleFR\/\" \/>\n<meta property=\"article:published_time\" content=\"2021-08-02T07:55:00+00:00\" \/>\n<meta property=\"article:modified_time\" content=\"2023-04-05T10:36:17+00:00\" \/>\n<meta property=\"og:image\" content=\"https:\/\/infolocale.ouest-france.fr\/blog\/wp-content\/uploads\/2022\/09\/image-Facebook-Room.jpg\" \/>\n\t<meta property=\"og:image:width\" content=\"900\" \/>\n\t<meta property=\"og:image:height\" content=\"630\" \/>\n\t<meta property=\"og:image:type\" content=\"image\/jpeg\" \/>\n<meta name=\"author\" content=\"Oumou\" \/>\n<meta name=\"twitter:card\" content=\"summary_large_image\" \/>\n<meta name=\"twitter:creator\" content=\"@infolocale\" \/>\n<meta name=\"twitter:site\" content=\"@infolocale\" \/>\n<meta name=\"twitter:label1\" content=\"\u00c9crit par\" \/>\n\t<meta name=\"twitter:data1\" content=\"Oumou\" \/>\n\t<meta name=\"twitter:label2\" content=\"Dur\u00e9e de lecture estim\u00e9e\" \/>\n\t<meta name=\"twitter:data2\" content=\"3 minutes\" \/>\n<script type=\"application\/ld+json\" class=\"yoast-schema-graph\">{\"@context\":\"https:\/\/schema.org\",\"@graph\":[{\"@type\":\"Article\",\"@id\":\"https:\/\/infolocale.ouest-france.fr\/blog\/association-communiquer-facebook-room\/#article\",\"isPartOf\":{\"@id\":\"https:\/\/infolocale.ouest-france.fr\/blog\/association-communiquer-facebook-room\/\"},\"author\":{\"name\":\"Oumou\",\"@id\":\"https:\/\/www.infolocale.fr\/blog\/#\/schema\/person\/7b465e67b291a94b0d9e57ee55abf5b3\"},\"headline\":\"Association, et si vous adoptiez Facebook Room ?\",\"datePublished\":\"2021-08-02T07:55:00+00:00\",\"dateModified\":\"2023-04-05T10:36:17+00:00\",\"mainEntityOfPage\":{\"@id\":\"https:\/\/infolocale.ouest-france.fr\/blog\/association-communiquer-facebook-room\/\"},\"wordCount\":488,\"commentCount\":0,\"publisher\":{\"@id\":\"https:\/\/www.infolocale.fr\/blog\/#organization\"},\"image\":{\"@id\":\"https:\/\/infolocale.ouest-france.fr\/blog\/association-communiquer-facebook-room\/#primaryimage\"},\"thumbnailUrl\":\"https:\/\/www.infolocale.fr\/blog\/wp-content\/uploads\/2022\/09\/image-Facebook-Room.jpg\",\"articleSection\":[\"Outils de communication des associations\"],\"inLanguage\":\"fr-FR\",\"potentialAction\":[{\"@type\":\"CommentAction\",\"name\":\"Comment\",\"target\":[\"https:\/\/infolocale.ouest-france.fr\/blog\/association-communiquer-facebook-room\/#respond\"]}]},{\"@type\":\"WebPage\",\"@id\":\"https:\/\/infolocale.ouest-france.fr\/blog\/association-communiquer-facebook-room\/\",\"url\":\"https:\/\/infolocale.ouest-france.fr\/blog\/association-communiquer-facebook-room\/\",\"name\":\"Association, et si vous adoptiez Facebook Room ? |\",\"isPartOf\":{\"@id\":\"https:\/\/www.infolocale.fr\/blog\/#website\"},\"primaryImageOfPage\":{\"@id\":\"https:\/\/infolocale.ouest-france.fr\/blog\/association-communiquer-facebook-room\/#primaryimage\"},\"image\":{\"@id\":\"https:\/\/infolocale.ouest-france.fr\/blog\/association-communiquer-facebook-room\/#primaryimage\"},\"thumbnailUrl\":\"https:\/\/www.infolocale.fr\/blog\/wp-content\/uploads\/2022\/09\/image-Facebook-Room.jpg\",\"datePublished\":\"2021-08-02T07:55:00+00:00\",\"dateModified\":\"2023-04-05T10:36:17+00:00\",\"description\":\"Dirigeants, membres de bureaux et adh\u00e9rents, optez pour Facebook Room pour communiquer gratuitement et facilement avec votre association !\",\"breadcrumb\":{\"@id\":\"https:\/\/infolocale.ouest-france.fr\/blog\/association-communiquer-facebook-room\/#breadcrumb\"},\"inLanguage\":\"fr-FR\",\"potentialAction\":[{\"@type\":\"ReadAction\",\"target\":[\"https:\/\/infolocale.ouest-france.fr\/blog\/association-communiquer-facebook-room\/\"]}]},{\"@type\":\"ImageObject\",\"inLanguage\":\"fr-FR\",\"@id\":\"https:\/\/infolocale.ouest-france.fr\/blog\/association-communiquer-facebook-room\/#primaryimage\",\"url\":\"https:\/\/www.infolocale.fr\/blog\/wp-content\/uploads\/2022\/09\/image-Facebook-Room.jpg\",\"contentUrl\":\"https:\/\/www.infolocale.fr\/blog\/wp-content\/uploads\/2022\/09\/image-Facebook-Room.jpg\",\"width\":900,\"height\":630,\"caption\":\"communiquer avec son association via Facebook Room\"},{\"@type\":\"BreadcrumbList\",\"@id\":\"https:\/\/infolocale.ouest-france.fr\/blog\/association-communiquer-facebook-room\/#breadcrumb\",\"itemListElement\":[{\"@type\":\"ListItem\",\"position\":1,\"name\":\"Blog\",\"item\":\"https:\/\/infolocale.ouest-france.fr\/blog\/\"},{\"@type\":\"ListItem\",\"position\":2,\"name\":\"Outils pour les associations\",\"item\":\"https:\/\/www.infolocale.fr\/blog\/cat\/boite-a-outils\/\"},{\"@type\":\"ListItem\",\"position\":3,\"name\":\"Outils de communication des associations\",\"item\":\"https:\/\/www.infolocale.fr\/blog\/cat\/boite-a-outils\/outils-communication-association\/\"},{\"@type\":\"ListItem\",\"position\":4,\"name\":\"Association, et si vous adoptiez Facebook Room ?\"}]},{\"@type\":\"WebSite\",\"@id\":\"https:\/\/www.infolocale.fr\/blog\/#website\",\"url\":\"https:\/\/www.infolocale.fr\/blog\/\",\"name\":\"\",\"description\":\"\",\"publisher\":{\"@id\":\"https:\/\/www.infolocale.fr\/blog\/#organization\"},\"potentialAction\":[{\"@type\":\"SearchAction\",\"target\":{\"@type\":\"EntryPoint\",\"urlTemplate\":\"https:\/\/www.infolocale.fr\/blog\/?s={search_term_string}\"},\"query-input\":\"required name=search_term_string\"}],\"inLanguage\":\"fr-FR\"},{\"@type\":\"Organization\",\"@id\":\"https:\/\/www.infolocale.fr\/blog\/#organization\",\"name\":\"Infolocale\",\"url\":\"https:\/\/www.infolocale.fr\/blog\/\",\"logo\":{\"@type\":\"ImageObject\",\"inLanguage\":\"fr-FR\",\"@id\":\"https:\/\/www.infolocale.fr\/blog\/#\/schema\/logo\/image\/\",\"url\":\"https:\/\/www.infolocale.fr\/blog\/wp-content\/uploads\/2020\/11\/logol.jpg\",\"contentUrl\":\"https:\/\/www.infolocale.fr\/blog\/wp-content\/uploads\/2020\/11\/logol.jpg\",\"width\":1031,\"height\":398,\"caption\":\"Infolocale\"},\"image\":{\"@id\":\"https:\/\/www.infolocale.fr\/blog\/#\/schema\/logo\/image\/\"},\"sameAs\":[\"https:\/\/www.facebook.com\/infolocaleFR\/\",\"https:\/\/x.com\/infolocale\",\"https:\/\/www.instagram.com\/infolocale\/\",\"https:\/\/fr.linkedin.com\/company\/infolocale\",\"https:\/\/www.youtube.com\/channel\/UCnv4FA8EYEuu_si3TGr7xeA\"]},{\"@type\":\"Person\",\"@id\":\"https:\/\/www.infolocale.fr\/blog\/#\/schema\/person\/7b465e67b291a94b0d9e57ee55abf5b3\",\"name\":\"Oumou\",\"image\":{\"@type\":\"ImageObject\",\"inLanguage\":\"fr-FR\",\"@id\":\"https:\/\/www.infolocale.fr\/blog\/#\/schema\/person\/image\/\",\"url\":\"https:\/\/secure.gravatar.com\/avatar\/ca778b2ad1724511074379ce7dc753dc?s=96&d=mm&r=g\",\"contentUrl\":\"https:\/\/secure.gravatar.com\/avatar\/ca778b2ad1724511074379ce7dc753dc?s=96&d=mm&r=g\",\"caption\":\"Oumou\"},\"url\":\"https:\/\/www.infolocale.fr\/blog\/author\/oumou-diakiteouest-france-fr\/\"}]}<\/script>\n<!-- \/ Yoast SEO plugin. -->","yoast_head_json":{"title":"Association, et si vous adoptiez Facebook Room ? |","description":"Dirigeants, membres de bureaux et adh\u00e9rents, optez pour Facebook Room pour communiquer gratuitement et facilement avec votre association !","robots":{"index":"index","follow":"follow","max-snippet":"max-snippet:-1","max-image-preview":"max-image-preview:large","max-video-preview":"max-video-preview:-1"},"canonical":"https:\/\/infolocale.ouest-france.fr\/blog\/association-communiquer-facebook-room\/","og_locale":"fr_FR","og_type":"article","og_title":"Association, et si vous adoptiez Facebook Room ? |","og_description":"Dirigeants, membres de bureaux et adh\u00e9rents, optez pour Facebook Room pour communiquer gratuitement et facilement avec votre association !","og_url":"https:\/\/infolocale.ouest-france.fr\/blog\/association-communiquer-facebook-room\/","article_publisher":"https:\/\/www.facebook.com\/infolocaleFR\/","article_published_time":"2021-08-02T07:55:00+00:00","article_modified_time":"2023-04-05T10:36:17+00:00","og_image":[{"width":900,"height":630,"url":"https:\/\/infolocale.ouest-france.fr\/blog\/wp-content\/uploads\/2022\/09\/image-Facebook-Room.jpg","type":"image\/jpeg"}],"author":"Oumou","twitter_card":"summary_large_image","twitter_creator":"@infolocale","twitter_site":"@infolocale","twitter_misc":{"\u00c9crit par":"Oumou","Dur\u00e9e de lecture estim\u00e9e":"3 minutes"},"schema":{"@context":"https:\/\/schema.org","@graph":[{"@type":"Article","@id":"https:\/\/infolocale.ouest-france.fr\/blog\/association-communiquer-facebook-room\/#article","isPartOf":{"@id":"https:\/\/infolocale.ouest-france.fr\/blog\/association-communiquer-facebook-room\/"},"author":{"name":"Oumou","@id":"https:\/\/www.infolocale.fr\/blog\/#\/schema\/person\/7b465e67b291a94b0d9e57ee55abf5b3"},"headline":"Association, et si vous adoptiez Facebook Room ?","datePublished":"2021-08-02T07:55:00+00:00","dateModified":"2023-04-05T10:36:17+00:00","mainEntityOfPage":{"@id":"https:\/\/infolocale.ouest-france.fr\/blog\/association-communiquer-facebook-room\/"},"wordCount":488,"commentCount":0,"publisher":{"@id":"https:\/\/www.infolocale.fr\/blog\/#organization"},"image":{"@id":"https:\/\/infolocale.ouest-france.fr\/blog\/association-communiquer-facebook-room\/#primaryimage"},"thumbnailUrl":"https:\/\/www.infolocale.fr\/blog\/wp-content\/uploads\/2022\/09\/image-Facebook-Room.jpg","articleSection":["Outils de communication des associations"],"inLanguage":"fr-FR","potentialAction":[{"@type":"CommentAction","name":"Comment","target":["https:\/\/infolocale.ouest-france.fr\/blog\/association-communiquer-facebook-room\/#respond"]}]},{"@type":"WebPage","@id":"https:\/\/infolocale.ouest-france.fr\/blog\/association-communiquer-facebook-room\/","url":"https:\/\/infolocale.ouest-france.fr\/blog\/association-communiquer-facebook-room\/","name":"Association, et si vous adoptiez Facebook Room ? |","isPartOf":{"@id":"https:\/\/www.infolocale.fr\/blog\/#website"},"primaryImageOfPage":{"@id":"https:\/\/infolocale.ouest-france.fr\/blog\/association-communiquer-facebook-room\/#primaryimage"},"image":{"@id":"https:\/\/infolocale.ouest-france.fr\/blog\/association-communiquer-facebook-room\/#primaryimage"},"thumbnailUrl":"https:\/\/www.infolocale.fr\/blog\/wp-content\/uploads\/2022\/09\/image-Facebook-Room.jpg","datePublished":"2021-08-02T07:55:00+00:00","dateModified":"2023-04-05T10:36:17+00:00","description":"Dirigeants, membres de bureaux et adh\u00e9rents, optez pour Facebook Room pour communiquer gratuitement et facilement avec votre association !","breadcrumb":{"@id":"https:\/\/infolocale.ouest-france.fr\/blog\/association-communiquer-facebook-room\/#breadcrumb"},"inLanguage":"fr-FR","potentialAction":[{"@type":"ReadAction","target":["https:\/\/infolocale.ouest-france.fr\/blog\/association-communiquer-facebook-room\/"]}]},{"@type":"ImageObject","inLanguage":"fr-FR","@id":"https:\/\/infolocale.ouest-france.fr\/blog\/association-communiquer-facebook-room\/#primaryimage","url":"https:\/\/www.infolocale.fr\/blog\/wp-content\/uploads\/2022\/09\/image-Facebook-Room.jpg","contentUrl":"https:\/\/www.infolocale.fr\/blog\/wp-content\/uploads\/2022\/09\/image-Facebook-Room.jpg","width":900,"height":630,"caption":"communiquer avec son association via Facebook Room"},{"@type":"BreadcrumbList","@id":"https:\/\/infolocale.ouest-france.fr\/blog\/association-communiquer-facebook-room\/#breadcrumb","itemListElement":[{"@type":"ListItem","position":1,"name":"Blog","item":"https:\/\/infolocale.ouest-france.fr\/blog\/"},{"@type":"ListItem","position":2,"name":"Outils pour les associations","item":"https:\/\/www.infolocale.fr\/blog\/cat\/boite-a-outils\/"},{"@type":"ListItem","position":3,"name":"Outils de communication des associations","item":"https:\/\/www.infolocale.fr\/blog\/cat\/boite-a-outils\/outils-communication-association\/"},{"@type":"ListItem","position":4,"name":"Association, et si vous adoptiez Facebook Room ?"}]},{"@type":"WebSite","@id":"https:\/\/www.infolocale.fr\/blog\/#website","url":"https:\/\/www.infolocale.fr\/blog\/","name":"","description":"","publisher":{"@id":"https:\/\/www.infolocale.fr\/blog\/#organization"},"potentialAction":[{"@type":"SearchAction","target":{"@type":"EntryPoint","urlTemplate":"https:\/\/www.infolocale.fr\/blog\/?s={search_term_string}"},"query-input":"required name=search_term_string"}],"inLanguage":"fr-FR"},{"@type":"Organization","@id":"https:\/\/www.infolocale.fr\/blog\/#organization","name":"Infolocale","url":"https:\/\/www.infolocale.fr\/blog\/","logo":{"@type":"ImageObject","inLanguage":"fr-FR","@id":"https:\/\/www.infolocale.fr\/blog\/#\/schema\/logo\/image\/","url":"https:\/\/www.infolocale.fr\/blog\/wp-content\/uploads\/2020\/11\/logol.jpg","contentUrl":"https:\/\/www.infolocale.fr\/blog\/wp-content\/uploads\/2020\/11\/logol.jpg","width":1031,"height":398,"caption":"Infolocale"},"image":{"@id":"https:\/\/www.infolocale.fr\/blog\/#\/schema\/logo\/image\/"},"sameAs":["https:\/\/www.facebook.com\/infolocaleFR\/","https:\/\/x.com\/infolocale","https:\/\/www.instagram.com\/infolocale\/","https:\/\/fr.linkedin.com\/company\/infolocale","https:\/\/www.youtube.com\/channel\/UCnv4FA8EYEuu_si3TGr7xeA"]},{"@type":"Person","@id":"https:\/\/www.infolocale.fr\/blog\/#\/schema\/person\/7b465e67b291a94b0d9e57ee55abf5b3","name":"Oumou","image":{"@type":"ImageObject","inLanguage":"fr-FR","@id":"https:\/\/www.infolocale.fr\/blog\/#\/schema\/person\/image\/","url":"https:\/\/secure.gravatar.com\/avatar\/ca778b2ad1724511074379ce7dc753dc?s=96&d=mm&r=g","contentUrl":"https:\/\/secure.gravatar.com\/avatar\/ca778b2ad1724511074379ce7dc753dc?s=96&d=mm&r=g","caption":"Oumou"},"url":"https:\/\/www.infolocale.fr\/blog\/author\/oumou-diakiteouest-france-fr\/"}]}},"_links":{"self":[{"href":"https:\/\/www.infolocale.fr\/blog\/wp-json\/wp\/v2\/posts\/20835"}],"collection":[{"href":"https:\/\/www.infolocale.fr\/blog\/wp-json\/wp\/v2\/posts"}],"about":[{"href":"https:\/\/www.infolocale.fr\/blog\/wp-json\/wp\/v2\/types\/post"}],"author":[{"embeddable":true,"href":"https:\/\/www.infolocale.fr\/blog\/wp-json\/wp\/v2\/users\/15"}],"replies":[{"embeddable":true,"href":"https:\/\/www.infolocale.fr\/blog\/wp-json\/wp\/v2\/comments?post=20835"}],"version-history":[{"count":0,"href":"https:\/\/www.infolocale.fr\/blog\/wp-json\/wp\/v2\/posts\/20835\/revisions"}],"wp:featuredmedia":[{"embeddable":true,"href":"https:\/\/www.infolocale.fr\/blog\/wp-json\/wp\/v2\/media\/20836"}],"wp:attachment":[{"href":"https:\/\/www.infolocale.fr\/blog\/wp-json\/wp\/v2\/media?parent=20835"}],"wp:term":[{"taxonomy":"category","embeddable":true,"href":"https:\/\/www.infolocale.fr\/blog\/wp-json\/wp\/v2\/categories?post=20835"},{"taxonomy":"post_tag","embeddable":true,"href":"https:\/\/www.infolocale.fr\/blog\/wp-json\/wp\/v2\/tags?post=20835"}],"curies":[{"name":"wp","href":"https:\/\/api.w.org\/{rel}","templated":true}]}}