{"id":20793,"date":"2022-09-19T13:17:27","date_gmt":"2022-09-19T11:17:27","guid":{"rendered":"https:\/\/www.infolocale.fr\/blog\/?p=20793"},"modified":"2023-08-16T12:16:13","modified_gmt":"2023-08-16T10:16:13","slug":"assister-assemblee-generale-associati","status":"publish","type":"post","link":"https:\/\/www.infolocale.fr\/blog\/assister-assemblee-generale-associati\/","title":{"rendered":"Qui peut assister \u00e0 l&rsquo;assembl\u00e9e g\u00e9n\u00e9rale ?"},"content":{"rendered":"\n<p class=\"has-black-color has-pale-cyan-blue-background-color has-text-color has-background\">Les personnes pouvant <strong>assister \u00e0 l\u2019assembl\u00e9e g\u00e9n\u00e9rale d\u2019une association<\/strong> sont nombreuses \u2014 adh\u00e9rents \u00e0 jour ou non de leur cotisation, membres actifs exempt\u00e9s de cotisations, membres du bureau, membres fondateurs, membres de droit, salari\u00e9s, b\u00e9n\u00e9voles non-adh\u00e9rents, commissaire aux comptes, membres d\u2019honneurs ou honoraires, membres bienfaiteurs, personnes morales ayant un statut de membre.<strong><br>Vous le voyez, le panel des personnes pouvant assister \u00e0 votre assembl\u00e9e g\u00e9n\u00e9rale<\/strong> est large. Dans les faits, il n\u2019y a pas de r\u00e8gle absolue et cette liste est \u00e0 consid\u00e9rer comme non exhaustive. Ce sont les statuts ou le r\u00e8glement int\u00e9rieur de votre association qui liste les personnes habilit\u00e9es \u00e0 assister et \u00e0 voter \u00e0 votre assembl\u00e9e g\u00e9n\u00e9rale.<\/p>\n\n\n\n<div class=\"wp-block-buttons is-horizontal is-content-justification-center is-layout-flex wp-container-core-buttons-is-layout-1 wp-block-buttons-is-layout-flex\">\n<div class=\"wp-block-button\"><a class=\"wp-block-button__link has-white-color has-luminous-vivid-amber-background-color has-text-color has-background wp-element-button\"><strong>&gt;&gt;Inscrire mon asso \u00e0 Infolocale <\/strong><\/a><\/div>\n<\/div>\n\n\n\n<h2 class=\"wp-block-heading\">A quel rythme organiser les assembl\u00e9es g\u00e9n\u00e9rale ?<\/h2>\n\n\n\n<p><a href=\"https:\/\/www.infolocale.fr\/blog\/assemblee-generale-association\/\">L\u2019assembl\u00e9e g\u00e9n\u00e9rale ordinaire d\u2019une association loi 1901<\/a> est une r\u00e9union rassemblant les personnes impliqu\u00e9es dans la vie de votre organisation. Cette r\u00e9union n\u2019est pas une obligation l\u00e9gale. Cependant, on la consid\u00e8re comme indispensable au bon fonctionnement d\u2019une association. <\/p>\n\n\n\n<p>Par nature, l&rsquo;assembl\u00e9e g\u00e9n\u00e9rale extraordinaire est organis\u00e9e de mani\u00e8re irr\u00e9guli\u00e8re et exceptionnelle. L&rsquo;assembl\u00e9e g\u00e9n\u00e9rale ordinaire, elle, est g\u00e9n\u00e9ralement organis\u00e9e sur un rythme annuel. Ce peut \u00eatre avant l\u2019\u00e9t\u00e9, \u00e0 la <a href=\"https:\/\/www.infolocale.fr\/blog\/rentree-des-associations-relancer-son-association-en-septembre\/\">rentr\u00e9e<\/a> ou au moment de la cl\u00f4ture des comptes annuels.<\/p>\n\n\n\n<h2 class=\"wp-block-heading\">Comment organiser son assembl\u00e9e g\u00e9n\u00e9rale ordinaire ou extraordinaire ?<\/h2>\n\n\n\n<p>Que ce soit avant la r\u00e9union, pendant ou apr\u00e8s celle-ci ; l&rsquo;organisation d&rsquo;une assembl\u00e9e g\u00e9n\u00e9rale doit passer par un certains nombre d&rsquo;\u00e9tapes. Voici un petit rappel des trois phases par lesquelles vous allez passer.<\/p>\n\n\n\n<h3 class=\"wp-block-heading\">Date, jour, heure, ordre du jour et convocation : les \u00e9tapes pr\u00e9liminaires \u00e0 l&rsquo;organisation de votre AG<\/h3>\n\n\n\n<p>Avant votre assembl\u00e9e g\u00e9n\u00e9rale, vous devez commencer par trouver un lieu et une date. Ensuite, vous devez <a href=\"https:\/\/www.infolocale.fr\/blog\/ecrire-ordre-du-jour-assemblee-generale-association\/\">r\u00e9diger l\u2019ordre du jour<\/a>, le joindre \u00e0 la <a href=\"https:\/\/www.infolocale.fr\/blog\/convocation-assemblee-generale-association\/\">convocation<\/a> et les envoyer aux personnes convoqu\u00e9es. A cette convocation, vous pouvez \u00e9galement joindre les documents utiles \u00e0 la pr\u00e9paration de votre assembl\u00e9e. Votre convocation doit arriver dans un d\u00e9lai suffisamment long pour que les personnes invit\u00e9es puissent s&rsquo;organiser. Ici, on consid\u00e9rera souvent un d\u00e9lai de <a href=\"https:\/\/www.infolocale.fr\/blog\/delai-convoquer-assemblee-generale\/\">15 jours avant<\/a> la date de la r\u00e9union comme acceptable.<\/p>\n\n\n\n<p>Les r\u00e8gles de r\u00e9daction et d&rsquo;envoi de l&rsquo;ordre du jour peuvent \u00eatre pr\u00e9cis\u00e9es dans vos statuts. On peut y retrouver : <\/p>\n\n\n\n<ul class=\"wp-block-list\"><li>la qualit\u00e9 des personnes habilit\u00e9es \u00e0 \u00e9crire, <\/li><li>la r\u00e8gle pour pouvoir proposer un point \u00e0 l&rsquo;ordre du jour, <\/li><li>le poste auquel revient la responsabilit\u00e9 de l&rsquo;envoi des convocations.<\/li><\/ul>\n\n\n\n<h3 class=\"wp-block-heading\">Emargement, quorum, vote : d\u00e9roulement de l&rsquo;assembl\u00e9e g\u00e9n\u00e9rale<\/h3>\n\n\n\n<p>La date de votre AG venue, vous pouvez faire \u00e9marger les participants sur une feuille de pr\u00e9sence. Ce point est obligatoire \u00e0 partir du moment o\u00f9 il est pr\u00e9sent dans vos statuts. Selon les conditions impos\u00e9es par vos statuts, ce document vous permet de vous assurer que votre r\u00e9union atteint bien le <a href=\"https:\/\/www.infolocale.fr\/blog\/quorum-assemblee-generale-association\/\">quorum<\/a>. Cela vous assure, de la validit\u00e9 des d\u00e9cisions vot\u00e9es par l\u2019assembl\u00e9e.<\/p>\n\n\n\n<p>L\u2019assembl\u00e9e est dirig\u00e9e par le pr\u00e9sident de s\u00e9ance. Ce poste revient g\u00e9n\u00e9ralement au pr\u00e9sident en place. Durant la r\u00e9union, il sera second\u00e9 par le secr\u00e9taire de s\u00e9ance. <\/p>\n\n\n<div class=\"wp-block-image is-resized\">\n<figure class=\"aligncenter size-large has-lightbox\"><a href=\"https:\/\/www.infolocale.fr\/decouvrir\/deposant\/?utm_source=blog&amp;utm_medium=banner&amp;utm_campaign=blog-content\"><img fetchpriority=\"high\" decoding=\"async\" width=\"1024\" height=\"1024\" src=\"https:\/\/www.infolocale.fr\/blog\/wp-content\/uploads\/2021\/11\/banniere-NLDASSO-carree1500x1500-1024x1024.jpg\" alt=\"\" class=\"wp-image-23946\" srcset=\"https:\/\/www.infolocale.fr\/blog\/wp-content\/uploads\/2021\/11\/banniere-NLDASSO-carree1500x1500-1024x1024.jpg 1024w, https:\/\/www.infolocale.fr\/blog\/wp-content\/uploads\/2021\/11\/banniere-NLDASSO-carree1500x1500-300x300.jpg 300w, https:\/\/www.infolocale.fr\/blog\/wp-content\/uploads\/2021\/11\/banniere-NLDASSO-carree1500x1500-150x150.jpg 150w, https:\/\/www.infolocale.fr\/blog\/wp-content\/uploads\/2021\/11\/banniere-NLDASSO-carree1500x1500-768x768.jpg 768w, https:\/\/www.infolocale.fr\/blog\/wp-content\/uploads\/2021\/11\/banniere-NLDASSO-carree1500x1500.jpg 1500w\" sizes=\"(max-width: 1024px) 100vw, 1024px\" \/><\/a><\/figure><\/div>\n\n\n<p>Durant l&rsquo;AG, le pr\u00e9sident ouvre l\u2019ensemble des points pr\u00e9sents \u00e0 l\u2019ordre du jour. Il arbitre les d\u00e9bats ainsi que les votes. Le plus souvent, l&rsquo;ordre du jour porte des points tels que : <\/p>\n\n\n\n<ul class=\"wp-block-list\"><li>le votre du <a href=\"https:\/\/www.infolocale.fr\/blog\/rapport-moral-association\/\">rapport moral<\/a>, <\/li><li>le vote du <a href=\"https:\/\/www.infolocale.fr\/blog\/rapport-financier-annuel-association\/\">rapport financier<\/a>, <\/li><li>le <a href=\"https:\/\/www.infolocale.fr\/blog\/elire-bureau-association\/\">renouvellement du bureau<\/a> <\/li><li>ou encore, les questions diverses&#8230;<\/li><\/ul>\n\n\n\n<p>A l\u2019issue, le secr\u00e9taire r\u00e9dige le <a href=\"https:\/\/www.infolocale.fr\/blog\/proces-verbal-dassemblee-generale-ordinaire\/\">proc\u00e8s-verbal de l\u2019assembl\u00e9e g\u00e9n\u00e9rale ordinaire<\/a> de l&rsquo;association.&nbsp;<\/p>\n\n\n\n<h3 class=\"wp-block-heading\">Apr\u00e8s la r\u00e9union de l&rsquo;assembl\u00e9e g\u00e9n\u00e9rale : la r\u00e9daction du proc\u00e8s-verbal<\/h3>\n\n\n\n<p>Une fois votre assembl\u00e9e g\u00e9n\u00e9rale annuelle pass\u00e9e, il vous restera \u00e0 \u00e9crire le proc\u00e8s-verbal. Le proc\u00e8s-verbal sera r\u00e9dig\u00e9 par le secr\u00e9taire de s\u00e9ance. Il reprend le plan de l&rsquo;AG en d\u00e9taillant les d\u00e9cisions vot\u00e9es, ainsi que les \u00e9changes qu&rsquo;il pourrait \u00eatre important de rapporter. Selon les d\u00e9cisions prises par votre AG, le proc\u00e8s-verbal pourra faire l&rsquo;objet d&rsquo;un d\u00e9p\u00f4t en pr\u00e9fecture. Ce sera le cas : <\/p>\n\n\n\n<ul class=\"wp-block-list\"><li>en cas de changement du nom de votre asso, <\/li><li>de son objet, <\/li><li>de son si\u00e8ge social, <\/li><li>de <a href=\"https:\/\/www.infolocale.fr\/blog\/modifier-statuts-association\/\">modification des statuts<\/a>, <\/li><li>de membres du bureau&#8230;<\/li><\/ul>\n\n\n\n<p>Cette d\u00e9claration devra \u00eatre d\u00e9pos\u00e9e dans un d\u00e9lai de trois mois \u00e0 la pr\u00e9fecture ou sous-pr\u00e9fecture de rattachement de votre association.<\/p>\n\n\n\n<h2 class=\"wp-block-heading\">Qui a le droit d&rsquo;\u00eatre pr\u00e9sent \u00e0 l&rsquo;assembl\u00e9e g\u00e9n\u00e9rale annuelle d&rsquo;une association ?&nbsp;<\/h2>\n\n\n\n<p>C\u2019est \u00e0 l\u2019\u00e9tape de la convocation que vous devez avoir une id\u00e9e pr\u00e9cise des personnes qui seront invit\u00e9es. Sur ce point pr\u00e9cis, il peut \u00eatre important d&rsquo;apporter une pr\u00e9cision. En effet, les personnes invit\u00e9es et les personnes autoris\u00e9e \u00e0 voter peuvent ne pas \u00eatre les m\u00eames. Dans ce domaine, la loi 1901 ne donne aucun cadre pr\u00e9cis. C\u2019est \u00e0 votre organisation, de fixer la <strong>liste des personnes pouvant assister \u00e0 l\u2019assembl\u00e9e g\u00e9n\u00e9rale de l\u2019association<\/strong>. Voici la typologie des personnes pouvant \u00eatre invit\u00e9es :<\/p>\n\n\n\n<h3 class=\"wp-block-heading\">Les membres de l&rsquo;association<\/h3>\n\n\n\n<p>A minima, vous y inviterez souvent l\u2019ensemble des membres de votre association. Vos statuts peuvent pr\u00e9ciser si vos membres doivent ou non, \u00eatre \u00e0 jour de leur cotisation pour pouvoir <strong>assister \u00e0 l\u2019assembl\u00e9e g\u00e9n\u00e9rale<\/strong>. Certaines associations limitent \u00e9galement cette participation aux votes aux seuls membres majeurs. Dans ce cas, un membre mineur pourrait assister \u00e0 la r\u00e9union, sans pouvoir y exprimer sa voix et ce m\u00eame si celui-ci est membre de l&rsquo;association.<\/p>\n\n\n\n<h3 class=\"wp-block-heading\">Des membres actifs de l&rsquo;association exempt\u00e9s de cotisations<\/h3>\n\n\n\n<p>Ici, c\u2019est parfois le cas des membres du bureau ou encore des membres fondateurs et des membres de droit de votre association.<\/p>\n\n\n\n<h3 class=\"wp-block-heading\">Les salari\u00e9s, les b\u00e9n\u00e9voles non-adh\u00e9rents<\/h3>\n\n\n\n<p>L&rsquo;ensemble des personnes participant \u00e0 la vie de votre association, sans forc\u00e9ment en \u00eatre membre cotisant, peuvent aussi <strong>assister \u00e0 l\u2019assembl\u00e9e g\u00e9n\u00e9rale<\/strong> de votre association.<\/p>\n\n\n\n<h3 class=\"wp-block-heading\">Votre commissaire aux comptes, membres d&rsquo;honneur, membres bienfaiteurs, personnes morales&#8230;<\/h3>\n\n\n\n<p>Si vous en avez un, vous devrez inviter votre commissaire aux comptes. Votre association peut comprendre des membres d\u2019honneurs ou honoraires, des membres bienfaiteurs, des personnes morales. Ici aussi vous devez pr\u00e9ciser quelles typologie de membre peut assister \u00e0 l\u2019AG de votre association et y exprimer son vote.<\/p>\n\n\n\n<h2 class=\"wp-block-heading\">Fixer la r\u00e8gle des personnes \u00e0 inviter \u00e0 l\u2019AG dans vos statuts<\/h2>\n\n\n\n<p>Si vos statuts ne pr\u00e9voient aucune r\u00e8gle ni aucune limitation, cela veut probablement dire que l\u2019ensemble de vos membres peut <strong>assister \u00e0 l\u2019assembl\u00e9e g\u00e9n\u00e9rale de votre association<\/strong>. Membres cotisants, honoraires, personnes morales et autres exempt\u00e9s de cotisation&#8230; Les statuts trop flou exposent votre association aux r\u00e9clamations et autres proc\u00e9dures pouvant mener \u00e0 l\u2019<a href=\"https:\/\/www.infolocale.fr\/blog\/contester-l-assemblee-generale\/\">annulation des d\u00e9cisions de l&rsquo;assembl\u00e9e g\u00e9n\u00e9rale<\/a>.&nbsp;<\/p>\n\n\n\n<p>Dans ce domaine, nous vous conseillons d\u2019adopter une r\u00e8gle pr\u00e9cise et de l\u2019int\u00e9grer \u00e0 vos statuts ou \u00e0 votre <a href=\"https:\/\/www.infolocale.fr\/blog\/reglement-interieur-association\/\">r\u00e8glement int\u00e9rieur<\/a>. Aussi, nous vous conseillons la lecture de notre article sur la <a href=\"https:\/\/www.infolocale.fr\/blog\/modifier-statuts-association\/\">modification des statuts<\/a> pour en savoir plus sur cette proc\u00e9dure.<\/p>\n","protected":false},"excerpt":{"rendered":"<p>Les personnes pouvant assister \u00e0 l\u2019assembl\u00e9e g\u00e9n\u00e9rale d\u2019une association sont nombreuses \u2014 adh\u00e9rents \u00e0 jour ou non de leur cotisation, membres actifs exempt\u00e9s de cotisations, [&hellip;]<\/p>\n","protected":false},"author":2,"featured_media":20794,"comment_status":"open","ping_status":"open","sticky":false,"template":"","format":"standard","meta":{"_coblocks_attr":"","_coblocks_dimensions":"","_coblocks_responsive_height":"","_coblocks_accordion_ie_support":"","_mo_disable_npp":"","footnotes":""},"categories":[74],"tags":[],"class_list":["post-20793","post","type-post","status-publish","format-standard","has-post-thumbnail","hentry","category-creer-et-administrer-une-association-1901"],"yoast_head":"<!-- This site is optimized with the Yoast SEO plugin v23.2 - https:\/\/yoast.com\/wordpress\/plugins\/seo\/ -->\n<title>Qui peut assister \u00e0 l&#039;assembl\u00e9e g\u00e9n\u00e9rale d&#039;une association ? |<\/title>\n<meta name=\"description\" content=\"Les personnes pouvant assister \u00e0 l\u2019assembl\u00e9e g\u00e9n\u00e9rale d\u2019une association sont : les adh\u00e9rents \u00e0 jour ou non de leur cotisation, les membr...\" \/>\n<meta name=\"robots\" content=\"index, follow, max-snippet:-1, max-image-preview:large, max-video-preview:-1\" \/>\n<link rel=\"canonical\" href=\"https:\/\/infolocale.ouest-france.fr\/blog\/assister-assemblee-generale-associati\/\" \/>\n<meta property=\"og:locale\" content=\"fr_FR\" \/>\n<meta property=\"og:type\" content=\"article\" \/>\n<meta property=\"og:title\" content=\"Qui peut assister \u00e0 l&#039;assembl\u00e9e g\u00e9n\u00e9rale d&#039;une association ? |\" \/>\n<meta property=\"og:description\" content=\"Les personnes pouvant assister \u00e0 l\u2019assembl\u00e9e g\u00e9n\u00e9rale d\u2019une association sont : les adh\u00e9rents \u00e0 jour ou non de leur cotisation, les membr...\" \/>\n<meta property=\"og:url\" content=\"https:\/\/infolocale.ouest-france.fr\/blog\/assister-assemblee-generale-associati\/\" \/>\n<meta property=\"article:publisher\" content=\"https:\/\/www.facebook.com\/infolocaleFR\/\" \/>\n<meta property=\"article:published_time\" content=\"2022-09-19T11:17:27+00:00\" \/>\n<meta property=\"article:modified_time\" content=\"2023-08-16T10:16:13+00:00\" \/>\n<meta property=\"og:image\" content=\"https:\/\/infolocale.ouest-france.fr\/blog\/wp-content\/uploads\/2022\/09\/contester1.jpg\" \/>\n\t<meta property=\"og:image:width\" content=\"900\" \/>\n\t<meta property=\"og:image:height\" content=\"630\" \/>\n\t<meta property=\"og:image:type\" content=\"image\/jpeg\" \/>\n<meta name=\"author\" content=\"Morgan\" \/>\n<meta name=\"twitter:card\" content=\"summary_large_image\" \/>\n<meta name=\"twitter:creator\" content=\"@infolocale\" \/>\n<meta name=\"twitter:site\" content=\"@infolocale\" \/>\n<meta name=\"twitter:label1\" content=\"\u00c9crit par\" \/>\n\t<meta name=\"twitter:data1\" content=\"Morgan\" \/>\n\t<meta name=\"twitter:label2\" content=\"Dur\u00e9e de lecture estim\u00e9e\" \/>\n\t<meta name=\"twitter:data2\" content=\"6 minutes\" \/>\n<script type=\"application\/ld+json\" class=\"yoast-schema-graph\">{\"@context\":\"https:\/\/schema.org\",\"@graph\":[{\"@type\":\"Article\",\"@id\":\"https:\/\/infolocale.ouest-france.fr\/blog\/assister-assemblee-generale-associati\/#article\",\"isPartOf\":{\"@id\":\"https:\/\/infolocale.ouest-france.fr\/blog\/assister-assemblee-generale-associati\/\"},\"author\":{\"name\":\"Morgan\",\"@id\":\"https:\/\/www.infolocale.fr\/blog\/#\/schema\/person\/f0f748ece99417833166b3ba8890f3db\"},\"headline\":\"Qui peut assister \u00e0 l&rsquo;assembl\u00e9e g\u00e9n\u00e9rale ?\",\"datePublished\":\"2022-09-19T11:17:27+00:00\",\"dateModified\":\"2023-08-16T10:16:13+00:00\",\"mainEntityOfPage\":{\"@id\":\"https:\/\/infolocale.ouest-france.fr\/blog\/assister-assemblee-generale-associati\/\"},\"wordCount\":1257,\"commentCount\":5,\"publisher\":{\"@id\":\"https:\/\/www.infolocale.fr\/blog\/#organization\"},\"image\":{\"@id\":\"https:\/\/infolocale.ouest-france.fr\/blog\/assister-assemblee-generale-associati\/#primaryimage\"},\"thumbnailUrl\":\"https:\/\/www.infolocale.fr\/blog\/wp-content\/uploads\/2022\/09\/contester1.jpg\",\"articleSection\":[\"Cr\u00e9er et g\u00e9rer une association\"],\"inLanguage\":\"fr-FR\",\"potentialAction\":[{\"@type\":\"CommentAction\",\"name\":\"Comment\",\"target\":[\"https:\/\/infolocale.ouest-france.fr\/blog\/assister-assemblee-generale-associati\/#respond\"]}]},{\"@type\":\"WebPage\",\"@id\":\"https:\/\/infolocale.ouest-france.fr\/blog\/assister-assemblee-generale-associati\/\",\"url\":\"https:\/\/infolocale.ouest-france.fr\/blog\/assister-assemblee-generale-associati\/\",\"name\":\"Qui peut assister \u00e0 l'assembl\u00e9e g\u00e9n\u00e9rale d'une association ? |\",\"isPartOf\":{\"@id\":\"https:\/\/www.infolocale.fr\/blog\/#website\"},\"primaryImageOfPage\":{\"@id\":\"https:\/\/infolocale.ouest-france.fr\/blog\/assister-assemblee-generale-associati\/#primaryimage\"},\"image\":{\"@id\":\"https:\/\/infolocale.ouest-france.fr\/blog\/assister-assemblee-generale-associati\/#primaryimage\"},\"thumbnailUrl\":\"https:\/\/www.infolocale.fr\/blog\/wp-content\/uploads\/2022\/09\/contester1.jpg\",\"datePublished\":\"2022-09-19T11:17:27+00:00\",\"dateModified\":\"2023-08-16T10:16:13+00:00\",\"description\":\"Les personnes pouvant assister \u00e0 l\u2019assembl\u00e9e g\u00e9n\u00e9rale d\u2019une association sont : les adh\u00e9rents \u00e0 jour ou non de leur cotisation, les membr...\",\"breadcrumb\":{\"@id\":\"https:\/\/infolocale.ouest-france.fr\/blog\/assister-assemblee-generale-associati\/#breadcrumb\"},\"inLanguage\":\"fr-FR\",\"potentialAction\":[{\"@type\":\"ReadAction\",\"target\":[\"https:\/\/infolocale.ouest-france.fr\/blog\/assister-assemblee-generale-associati\/\"]}]},{\"@type\":\"ImageObject\",\"inLanguage\":\"fr-FR\",\"@id\":\"https:\/\/infolocale.ouest-france.fr\/blog\/assister-assemblee-generale-associati\/#primaryimage\",\"url\":\"https:\/\/www.infolocale.fr\/blog\/wp-content\/uploads\/2022\/09\/contester1.jpg\",\"contentUrl\":\"https:\/\/www.infolocale.fr\/blog\/wp-content\/uploads\/2022\/09\/contester1.jpg\",\"width\":900,\"height\":630,\"caption\":\"Qui peut assister \u00e0 l'assembl\u00e9e g\u00e9n\u00e9rale d'une association ?\"},{\"@type\":\"BreadcrumbList\",\"@id\":\"https:\/\/infolocale.ouest-france.fr\/blog\/assister-assemblee-generale-associati\/#breadcrumb\",\"itemListElement\":[{\"@type\":\"ListItem\",\"position\":1,\"name\":\"Blog\",\"item\":\"https:\/\/infolocale.ouest-france.fr\/blog\/\"},{\"@type\":\"ListItem\",\"position\":2,\"name\":\"Cr\u00e9er et g\u00e9rer une association\",\"item\":\"https:\/\/infolocale.ouest-france.fr\/blog\/cat\/creer-et-administrer-une-association-1901\/\"},{\"@type\":\"ListItem\",\"position\":3,\"name\":\"Qui peut assister \u00e0 l&rsquo;assembl\u00e9e g\u00e9n\u00e9rale ?\"}]},{\"@type\":\"WebSite\",\"@id\":\"https:\/\/www.infolocale.fr\/blog\/#website\",\"url\":\"https:\/\/www.infolocale.fr\/blog\/\",\"name\":\"\",\"description\":\"\",\"publisher\":{\"@id\":\"https:\/\/www.infolocale.fr\/blog\/#organization\"},\"potentialAction\":[{\"@type\":\"SearchAction\",\"target\":{\"@type\":\"EntryPoint\",\"urlTemplate\":\"https:\/\/www.infolocale.fr\/blog\/?s={search_term_string}\"},\"query-input\":\"required name=search_term_string\"}],\"inLanguage\":\"fr-FR\"},{\"@type\":\"Organization\",\"@id\":\"https:\/\/www.infolocale.fr\/blog\/#organization\",\"name\":\"Infolocale\",\"url\":\"https:\/\/www.infolocale.fr\/blog\/\",\"logo\":{\"@type\":\"ImageObject\",\"inLanguage\":\"fr-FR\",\"@id\":\"https:\/\/www.infolocale.fr\/blog\/#\/schema\/logo\/image\/\",\"url\":\"https:\/\/www.infolocale.fr\/blog\/wp-content\/uploads\/2020\/11\/logol.jpg\",\"contentUrl\":\"https:\/\/www.infolocale.fr\/blog\/wp-content\/uploads\/2020\/11\/logol.jpg\",\"width\":1031,\"height\":398,\"caption\":\"Infolocale\"},\"image\":{\"@id\":\"https:\/\/www.infolocale.fr\/blog\/#\/schema\/logo\/image\/\"},\"sameAs\":[\"https:\/\/www.facebook.com\/infolocaleFR\/\",\"https:\/\/x.com\/infolocale\",\"https:\/\/www.instagram.com\/infolocale\/\",\"https:\/\/fr.linkedin.com\/company\/infolocale\",\"https:\/\/www.youtube.com\/channel\/UCnv4FA8EYEuu_si3TGr7xeA\"]},{\"@type\":\"Person\",\"@id\":\"https:\/\/www.infolocale.fr\/blog\/#\/schema\/person\/f0f748ece99417833166b3ba8890f3db\",\"name\":\"Morgan\",\"image\":{\"@type\":\"ImageObject\",\"inLanguage\":\"fr-FR\",\"@id\":\"https:\/\/www.infolocale.fr\/blog\/#\/schema\/person\/image\/\",\"url\":\"https:\/\/secure.gravatar.com\/avatar\/a22ec2a0cc817ae9fa3ff7341a213632?s=96&d=mm&r=g\",\"contentUrl\":\"https:\/\/secure.gravatar.com\/avatar\/a22ec2a0cc817ae9fa3ff7341a213632?s=96&d=mm&r=g\",\"caption\":\"Morgan\"},\"url\":\"https:\/\/www.infolocale.fr\/blog\/author\/morgan-delepine\/\"}]}<\/script>\n<!-- \/ Yoast SEO plugin. -->","yoast_head_json":{"title":"Qui peut assister \u00e0 l'assembl\u00e9e g\u00e9n\u00e9rale d'une association ? |","description":"Les personnes pouvant assister \u00e0 l\u2019assembl\u00e9e g\u00e9n\u00e9rale d\u2019une association sont : les adh\u00e9rents \u00e0 jour ou non de leur cotisation, les membr...","robots":{"index":"index","follow":"follow","max-snippet":"max-snippet:-1","max-image-preview":"max-image-preview:large","max-video-preview":"max-video-preview:-1"},"canonical":"https:\/\/infolocale.ouest-france.fr\/blog\/assister-assemblee-generale-associati\/","og_locale":"fr_FR","og_type":"article","og_title":"Qui peut assister \u00e0 l'assembl\u00e9e g\u00e9n\u00e9rale d'une association ? |","og_description":"Les personnes pouvant assister \u00e0 l\u2019assembl\u00e9e g\u00e9n\u00e9rale d\u2019une association sont : les adh\u00e9rents \u00e0 jour ou non de leur cotisation, les membr...","og_url":"https:\/\/infolocale.ouest-france.fr\/blog\/assister-assemblee-generale-associati\/","article_publisher":"https:\/\/www.facebook.com\/infolocaleFR\/","article_published_time":"2022-09-19T11:17:27+00:00","article_modified_time":"2023-08-16T10:16:13+00:00","og_image":[{"width":900,"height":630,"url":"https:\/\/infolocale.ouest-france.fr\/blog\/wp-content\/uploads\/2022\/09\/contester1.jpg","type":"image\/jpeg"}],"author":"Morgan","twitter_card":"summary_large_image","twitter_creator":"@infolocale","twitter_site":"@infolocale","twitter_misc":{"\u00c9crit par":"Morgan","Dur\u00e9e de lecture estim\u00e9e":"6 minutes"},"schema":{"@context":"https:\/\/schema.org","@graph":[{"@type":"Article","@id":"https:\/\/infolocale.ouest-france.fr\/blog\/assister-assemblee-generale-associati\/#article","isPartOf":{"@id":"https:\/\/infolocale.ouest-france.fr\/blog\/assister-assemblee-generale-associati\/"},"author":{"name":"Morgan","@id":"https:\/\/www.infolocale.fr\/blog\/#\/schema\/person\/f0f748ece99417833166b3ba8890f3db"},"headline":"Qui peut assister \u00e0 l&rsquo;assembl\u00e9e g\u00e9n\u00e9rale ?","datePublished":"2022-09-19T11:17:27+00:00","dateModified":"2023-08-16T10:16:13+00:00","mainEntityOfPage":{"@id":"https:\/\/infolocale.ouest-france.fr\/blog\/assister-assemblee-generale-associati\/"},"wordCount":1257,"commentCount":5,"publisher":{"@id":"https:\/\/www.infolocale.fr\/blog\/#organization"},"image":{"@id":"https:\/\/infolocale.ouest-france.fr\/blog\/assister-assemblee-generale-associati\/#primaryimage"},"thumbnailUrl":"https:\/\/www.infolocale.fr\/blog\/wp-content\/uploads\/2022\/09\/contester1.jpg","articleSection":["Cr\u00e9er et g\u00e9rer une association"],"inLanguage":"fr-FR","potentialAction":[{"@type":"CommentAction","name":"Comment","target":["https:\/\/infolocale.ouest-france.fr\/blog\/assister-assemblee-generale-associati\/#respond"]}]},{"@type":"WebPage","@id":"https:\/\/infolocale.ouest-france.fr\/blog\/assister-assemblee-generale-associati\/","url":"https:\/\/infolocale.ouest-france.fr\/blog\/assister-assemblee-generale-associati\/","name":"Qui peut assister \u00e0 l'assembl\u00e9e g\u00e9n\u00e9rale d'une association ? |","isPartOf":{"@id":"https:\/\/www.infolocale.fr\/blog\/#website"},"primaryImageOfPage":{"@id":"https:\/\/infolocale.ouest-france.fr\/blog\/assister-assemblee-generale-associati\/#primaryimage"},"image":{"@id":"https:\/\/infolocale.ouest-france.fr\/blog\/assister-assemblee-generale-associati\/#primaryimage"},"thumbnailUrl":"https:\/\/www.infolocale.fr\/blog\/wp-content\/uploads\/2022\/09\/contester1.jpg","datePublished":"2022-09-19T11:17:27+00:00","dateModified":"2023-08-16T10:16:13+00:00","description":"Les personnes pouvant assister \u00e0 l\u2019assembl\u00e9e g\u00e9n\u00e9rale d\u2019une association sont : les adh\u00e9rents \u00e0 jour ou non de leur cotisation, les membr...","breadcrumb":{"@id":"https:\/\/infolocale.ouest-france.fr\/blog\/assister-assemblee-generale-associati\/#breadcrumb"},"inLanguage":"fr-FR","potentialAction":[{"@type":"ReadAction","target":["https:\/\/infolocale.ouest-france.fr\/blog\/assister-assemblee-generale-associati\/"]}]},{"@type":"ImageObject","inLanguage":"fr-FR","@id":"https:\/\/infolocale.ouest-france.fr\/blog\/assister-assemblee-generale-associati\/#primaryimage","url":"https:\/\/www.infolocale.fr\/blog\/wp-content\/uploads\/2022\/09\/contester1.jpg","contentUrl":"https:\/\/www.infolocale.fr\/blog\/wp-content\/uploads\/2022\/09\/contester1.jpg","width":900,"height":630,"caption":"Qui peut assister \u00e0 l'assembl\u00e9e g\u00e9n\u00e9rale d'une association ?"},{"@type":"BreadcrumbList","@id":"https:\/\/infolocale.ouest-france.fr\/blog\/assister-assemblee-generale-associati\/#breadcrumb","itemListElement":[{"@type":"ListItem","position":1,"name":"Blog","item":"https:\/\/infolocale.ouest-france.fr\/blog\/"},{"@type":"ListItem","position":2,"name":"Cr\u00e9er et g\u00e9rer une association","item":"https:\/\/infolocale.ouest-france.fr\/blog\/cat\/creer-et-administrer-une-association-1901\/"},{"@type":"ListItem","position":3,"name":"Qui peut assister \u00e0 l&rsquo;assembl\u00e9e g\u00e9n\u00e9rale ?"}]},{"@type":"WebSite","@id":"https:\/\/www.infolocale.fr\/blog\/#website","url":"https:\/\/www.infolocale.fr\/blog\/","name":"","description":"","publisher":{"@id":"https:\/\/www.infolocale.fr\/blog\/#organization"},"potentialAction":[{"@type":"SearchAction","target":{"@type":"EntryPoint","urlTemplate":"https:\/\/www.infolocale.fr\/blog\/?s={search_term_string}"},"query-input":"required name=search_term_string"}],"inLanguage":"fr-FR"},{"@type":"Organization","@id":"https:\/\/www.infolocale.fr\/blog\/#organization","name":"Infolocale","url":"https:\/\/www.infolocale.fr\/blog\/","logo":{"@type":"ImageObject","inLanguage":"fr-FR","@id":"https:\/\/www.infolocale.fr\/blog\/#\/schema\/logo\/image\/","url":"https:\/\/www.infolocale.fr\/blog\/wp-content\/uploads\/2020\/11\/logol.jpg","contentUrl":"https:\/\/www.infolocale.fr\/blog\/wp-content\/uploads\/2020\/11\/logol.jpg","width":1031,"height":398,"caption":"Infolocale"},"image":{"@id":"https:\/\/www.infolocale.fr\/blog\/#\/schema\/logo\/image\/"},"sameAs":["https:\/\/www.facebook.com\/infolocaleFR\/","https:\/\/x.com\/infolocale","https:\/\/www.instagram.com\/infolocale\/","https:\/\/fr.linkedin.com\/company\/infolocale","https:\/\/www.youtube.com\/channel\/UCnv4FA8EYEuu_si3TGr7xeA"]},{"@type":"Person","@id":"https:\/\/www.infolocale.fr\/blog\/#\/schema\/person\/f0f748ece99417833166b3ba8890f3db","name":"Morgan","image":{"@type":"ImageObject","inLanguage":"fr-FR","@id":"https:\/\/www.infolocale.fr\/blog\/#\/schema\/person\/image\/","url":"https:\/\/secure.gravatar.com\/avatar\/a22ec2a0cc817ae9fa3ff7341a213632?s=96&d=mm&r=g","contentUrl":"https:\/\/secure.gravatar.com\/avatar\/a22ec2a0cc817ae9fa3ff7341a213632?s=96&d=mm&r=g","caption":"Morgan"},"url":"https:\/\/www.infolocale.fr\/blog\/author\/morgan-delepine\/"}]}},"_links":{"self":[{"href":"https:\/\/www.infolocale.fr\/blog\/wp-json\/wp\/v2\/posts\/20793"}],"collection":[{"href":"https:\/\/www.infolocale.fr\/blog\/wp-json\/wp\/v2\/posts"}],"about":[{"href":"https:\/\/www.infolocale.fr\/blog\/wp-json\/wp\/v2\/types\/post"}],"author":[{"embeddable":true,"href":"https:\/\/www.infolocale.fr\/blog\/wp-json\/wp\/v2\/users\/2"}],"replies":[{"embeddable":true,"href":"https:\/\/www.infolocale.fr\/blog\/wp-json\/wp\/v2\/comments?post=20793"}],"version-history":[{"count":0,"href":"https:\/\/www.infolocale.fr\/blog\/wp-json\/wp\/v2\/posts\/20793\/revisions"}],"wp:featuredmedia":[{"embeddable":true,"href":"https:\/\/www.infolocale.fr\/blog\/wp-json\/wp\/v2\/media\/20794"}],"wp:attachment":[{"href":"https:\/\/www.infolocale.fr\/blog\/wp-json\/wp\/v2\/media?parent=20793"}],"wp:term":[{"taxonomy":"category","embeddable":true,"href":"https:\/\/www.infolocale.fr\/blog\/wp-json\/wp\/v2\/categories?post=20793"},{"taxonomy":"post_tag","embeddable":true,"href":"https:\/\/www.infolocale.fr\/blog\/wp-json\/wp\/v2\/tags?post=20793"}],"curies":[{"name":"wp","href":"https:\/\/api.w.org\/{rel}","templated":true}]}}