{"id":20742,"date":"2022-09-08T09:15:58","date_gmt":"2022-09-08T07:15:58","guid":{"rendered":"https:\/\/www.infolocale.fr\/blog\/?p=20742"},"modified":"2023-01-17T12:14:24","modified_gmt":"2023-01-17T11:14:24","slug":"contester-l-assemblee-generale","status":"publish","type":"post","link":"https:\/\/www.infolocale.fr\/blog\/contester-l-assemblee-generale\/","title":{"rendered":"Contester les d\u00e9cisions de l&rsquo;assembl\u00e9e g\u00e9n\u00e9rale : comment faire ?"},"content":{"rendered":"\n<p class=\"has-black-color has-pale-cyan-blue-background-color has-text-color has-background\">Oui, vous pouvez <strong>contester l&rsquo;assembl\u00e9e g\u00e9n\u00e9rale<\/strong> et faire annuler ses d\u00e9cisions. Cette d\u00e9marche peut aboutir si les organisateurs n\u2019ont pas respect\u00e9 une r\u00e8gle d\u2019organisation de l\u2019AG inscrite dans les statuts ou dans le r\u00e8glement int\u00e9rieur de leur asso. Un non-respect du quorum, du quitus moral et financier, de la proc\u00e9dure de convocation ou la non-conformit\u00e9 de l\u2019ordre du jour avec la r\u00e8gle en vigueur peut entra\u00eener, en cas de recours, une annulation de votre assembl\u00e9e g\u00e9n\u00e9rale. Avant de faire annuler une assembl\u00e9e g\u00e9n\u00e9rale vous pouvez envisager d\u2019organiser une assembl\u00e9e g\u00e9n\u00e9rale rectificative. En dernier recours, il est possible de faire annuler les d\u00e9cisions de l\u2019AG devant le tribunal de grande instance.<\/p>\n\n\n\n<div class=\"wp-block-buttons is-horizontal is-content-justification-center is-layout-flex wp-container-core-buttons-is-layout-1 wp-block-buttons-is-layout-flex\">\n<div class=\"wp-block-button\"><a class=\"wp-block-button__link has-white-color has-luminous-vivid-amber-background-color has-text-color has-background wp-element-button\"><strong>&gt;&gt;Inscrire mon asso \u00e0 Infolocale <\/strong><\/a><\/div>\n<\/div>\n\n\n\n<h2 class=\"wp-block-heading\">Les bases l\u00e9gales de l\u2019assembl\u00e9e g\u00e9n\u00e9rale ordinaire et extraordinaire<\/h2>\n\n\n\n<p>L\u2019organisation d\u2019une <a href=\"https:\/\/www.infolocale.fr\/blog\/obligation-assemblee-generale-association\/\">assembl\u00e9e g\u00e9n\u00e9rale n\u2019est pas obligatoire<\/a>. Dans ce domaine, c\u2019est \u00e0 l&rsquo;AG elle-m\u00eame, de pr\u00e9ciser, dans les statuts de l\u2019association, si elle organise sa r\u00e9union. Une fois cette r\u00e8gle \u00e9crite, celle-ci devient obligatoire, n\u00e9anmoins, elle ne suffit pas. <\/p>\n\n\n\n<p>En effet, il est important d&rsquo;ajouter \u00e0 cette premi\u00e8re r\u00e8gle, l\u2019ensemble du processus de convocation et d\u2019organisation de votre assembl\u00e9e g\u00e9n\u00e9rale. En outre l&rsquo;absence de telles r\u00e8gles peut \u00eatre un probl\u00e8me pour votre association et ses adh\u00e9rents. Vos adh\u00e9rents peuvent ne pas comprendre pourquoi le bureau improvise lors de l&rsquo;AG. Cette absence de formalisme peut donner l\u2019impression que le bureau s&rsquo;organise \u00e0 sa convenance, sans concertation. Dans un tel contexte, une impression de petits arrangements peut \u00e9merger et venir nuire \u00e0 la l\u00e9gitimit\u00e9 de votre AG et de ses dirigeants. <\/p>\n\n\n\n<p>Vous avez donc tout int\u00e9r\u00eat \u00e0 \u00eatre le plus pr\u00e9cis possible dans vos statuts. Vous devez, non seulement fixer l&rsquo;obligation d&rsquo;AG, mais aussi, fixer toutes les r\u00e8gles de son organisation et de son d\u00e9roulement.<\/p>\n\n\n\n<h3 class=\"wp-block-heading\">Les r\u00e8gles \u00e0 adopter pour assurer le bon d\u00e9roulement de l&rsquo;AG de votre association<\/h3>\n\n\n\n<p>Il est important de savoir qu&rsquo;il n\u2019existe pas de cadre officielle obligatoire. C&rsquo;est \u00e0 vous de d\u00e9cider de ce que seront les r\u00e8gles \u00e0 mettre en place dans votre association. Ainsi, vos statuts peuvent venir encadrer les points suivants :<\/p>\n\n\n\n<ul class=\"wp-block-list\"><li><a href=\"https:\/\/www.infolocale.fr\/blog\/convocation-assemblee-generale-association\/\">Comment \u00e9crire la convocation ?<\/a><\/li><li><a href=\"https:\/\/www.infolocale.fr\/blog\/ecrire-ordre-du-jour-assemblee-generale-association\/\">Comment \u00e9crire l\u2019ordre du jour de l\u2019assembl\u00e9e g\u00e9n\u00e9rale ?<\/a><\/li><li>Qui l\u2019\u00e9crit ?<\/li><li>Les membres de l\u2019association peuvent-ils proposer des points ?<\/li><li>Qui peut participer \u00e0 l\u2019assembl\u00e9e g\u00e9n\u00e9rale ?<\/li><li><a href=\"https:\/\/www.infolocale.fr\/blog\/delai-convoquer-assemblee-generale\/\">Quels sont les d\u00e9lais pour envoyer la convocation <\/a>?<\/li><li><a href=\"https:\/\/www.infolocale.fr\/blog\/quorum-assemblee-generale-association\/\">La r\u00e8gle du quorum<\/a>,<\/li><li>la r\u00e8gle du <a href=\"https:\/\/www.infolocale.fr\/blog\/quitus-association\/\">quitus moral et financier<\/a>,<\/li><li>le mode de vote,<\/li><li>le type de majorit\u00e9,<\/li><li>la <a href=\"https:\/\/www.infolocale.fr\/blog\/differences-assemblee-generale-ordinaire-assemblee-extraordinaire\/\">diff\u00e9rence entre l\u2019assembl\u00e9e g\u00e9n\u00e9rale ordinaire et l\u2019assembl\u00e9e g\u00e9n\u00e9rale extraordinaire<\/a><\/li><\/ul>\n\n\n\n<p>Ces diff\u00e9rents points seront g\u00e9n\u00e9ralement vot\u00e9s lors de l&rsquo;<a href=\"https:\/\/www.infolocale.fr\/blog\/assemblee-generale-constitutive-association\/\">assembl\u00e9e g\u00e9n\u00e9rale constitutive<\/a> de votre association. Cependant, il peuvent \u00eatre ajout\u00e9s tout au long de la vie de votre association lors d&rsquo;une session de <a href=\"https:\/\/www.infolocale.fr\/blog\/modifier-statuts-association\/\">modification de vos statuts<\/a>. Ce type de modification intervient le plus souvent lors d&rsquo;une <a href=\"https:\/\/www.infolocale.fr\/blog\/assemblee-generale-extraordinaire-association\/\">assembl\u00e9e g\u00e9n\u00e9rale extraordinaire<\/a>.<\/p>\n\n\n\n<h3 class=\"wp-block-heading\">Assembl\u00e9e g\u00e9n\u00e9rale : ne pas respecter vos statuts vous expose \u00e0 l&rsquo;annulation de vos d\u00e9cisions<\/h3>\n\n\n\n<p>Comme nous l&rsquo;avons vu plus t\u00f4t, ne pas avoir de r\u00e8gle expose vos dirigeants \u00e0 des risques de d\u00e9sorganisation et de discr\u00e9dit. A contrario, fixer des r\u00e8gles strictes vous expose, en cas de non respect de celles-ci, \u00e0 la contestation des d\u00e9cisions de votre AG. <\/p>\n\n\n\n<p>En effet, les r\u00e8gles int\u00e9gr\u00e9es dans vos statuts sont autant d&rsquo;obligations que vous \u00eates tenu de respecter. C&rsquo;est la violation de ces r\u00e8gles qui peut mener \u00e0 la <strong>contestation des d\u00e9cisions de votre assembl\u00e9e g\u00e9n\u00e9rale<\/strong>. <\/p>\n\n\n\n<p>Pour \u00e9viter ce genre de proc\u00e9dure, il est imp\u00e9ratif de respecter l&rsquo;int\u00e9gralit\u00e9 des r\u00e8gles enregistr\u00e9es dans vos statuts.<\/p>\n\n\n<div class=\"wp-block-image is-resized\">\n<figure class=\"aligncenter size-large has-lightbox\"><a href=\"https:\/\/www.infolocale.fr\/decouvrir\/deposant\/?utm_source=blog&amp;utm_medium=banner&amp;utm_campaign=blog-content\"><img fetchpriority=\"high\" decoding=\"async\" width=\"1024\" height=\"1024\" src=\"https:\/\/www.infolocale.fr\/blog\/wp-content\/uploads\/2021\/11\/banniere-NLDASSO-carree1500x1500-1024x1024.jpg\" alt=\"\" class=\"wp-image-23946\" srcset=\"https:\/\/www.infolocale.fr\/blog\/wp-content\/uploads\/2021\/11\/banniere-NLDASSO-carree1500x1500-1024x1024.jpg 1024w, https:\/\/www.infolocale.fr\/blog\/wp-content\/uploads\/2021\/11\/banniere-NLDASSO-carree1500x1500-300x300.jpg 300w, https:\/\/www.infolocale.fr\/blog\/wp-content\/uploads\/2021\/11\/banniere-NLDASSO-carree1500x1500-150x150.jpg 150w, https:\/\/www.infolocale.fr\/blog\/wp-content\/uploads\/2021\/11\/banniere-NLDASSO-carree1500x1500-768x768.jpg 768w, https:\/\/www.infolocale.fr\/blog\/wp-content\/uploads\/2021\/11\/banniere-NLDASSO-carree1500x1500.jpg 1500w\" sizes=\"(max-width: 1024px) 100vw, 1024px\" \/><\/a><\/figure><\/div>\n\n\n<h2 class=\"wp-block-heading\">Quorum, date et procuration : ces irr\u00e9gularit\u00e9s pouvant mener \u00e0 la nullit\u00e9 d&rsquo;une AG<\/h2>\n\n\n\n<p>Il existe diff\u00e9rents cas pouvant mener \u00e0 annuler les d\u00e9cisions d&rsquo;une assembl\u00e9e g\u00e9n\u00e9rale. Une telle demande est g\u00e9n\u00e9ralement motiv\u00e9e par le non-respect d\u2019une obligation enregistr\u00e9e dans vos statuts. <\/p>\n\n\n\n<p>La liste n\u2019est pas exhaustive cependant, voici quelques \u00e9l\u00e9ments pouvant mener \u00e0 ce type d&rsquo;<strong>annulation des d\u00e9cisions d\u2019une assembl\u00e9e g\u00e9n\u00e9rale<\/strong>.<\/p>\n\n\n\n<h3 class=\"wp-block-heading\">En cas de non respect du Quorum<\/h3>\n\n\n\n<p>Les statuts ont force de loi, vous devez respecter scrupuleusement le cadre qu\u2019ils vous imposent. Un vote effectu\u00e9 en l\u2019absence du quorum, ne respectant pas la r\u00e8gle du vote ou de la majorit\u00e9 s\u2019expose \u00e0 une annulation. <\/p>\n\n\n\n<p>Pour pouvoir contester un manquement dans la r\u00e8gle du quorum, il faut, que celle-ci soit pr\u00e9sente dans les statuts.<\/p>\n\n\n\n<h3 class=\"wp-block-heading\">En cas de manquement dans la repr\u00e9sentation des absents pendant le d\u00e9roulement des votes<\/h3>\n\n\n\n<p>Certains de vos membres ne pouvaient se d\u00e9placer \u00e0 l\u2019assembl\u00e9e g\u00e9n\u00e9rale, ils ont communiqu\u00e9 leurs <a href=\"https:\/\/www.infolocale.fr\/blog\/delegation-pouvoir-assemblee-generale-association\/\">procurations<\/a>, mais celles-ci n\u2019ont pas \u00e9t\u00e9 prises en compte. Cet oubli peut \u00eatre un motif permettant de <strong>contester l&rsquo;assembl\u00e9e g\u00e9n\u00e9rale<\/strong> et d\u2019annuler les d\u00e9cisions prises pendant la r\u00e9union.<\/p>\n\n\n\n<h3 class=\"wp-block-heading\">En cas d\u2019oubli de membres dans l\u2019envoi des convocations<\/h3>\n\n\n\n<p>Certains membres de votre association n\u2019ont pas re\u00e7u la convocation \u00e0 l\u2019assembl\u00e9e g\u00e9n\u00e9rale. En cons\u00e9quence, ceux-ci n\u2019ont pas pu se pr\u00e9senter et voter. Ce motif peut \u00e9galement mener \u00e0 une annulation des d\u00e9cisions de votre AG ordinaire.<\/p>\n\n\n\n<h3 class=\"wp-block-heading\">Contester une d\u00e9cision absente de l\u2019ordre du jour<\/h3>\n\n\n\n<p>L\u2019ordre du jour d\u2019une association comprend souvent un point intitul\u00e9 \u201cquestions diverses\u201d. En aucun cas ce point ne devrait d\u00e9boucher sur un vote et une d\u00e9cision contraignante. Si ce devait \u00eatre le cas, une r\u00e9clamation m\u00e8nerait probablement \u00e0 l&rsquo;annulation des d\u00e9cisions de votre assembl\u00e9e g\u00e9n\u00e9rale.<\/p>\n\n\n\n<p>A contrario, ne pas mettre au vote un point inscrit \u00e0 l&rsquo;ordre du jour peut \u00e9galement vous exposer \u00e0 une annulation des d\u00e9cisions de votre AG.<\/p>\n\n\n\n<h2 class=\"wp-block-heading\">L\u2019assembl\u00e9e g\u00e9n\u00e9rale rectificative : pour corriger les erreurs de l\u2019AG<\/h2>\n\n\n\n<p>Vous n\u2019avez peut-\u00eatre jamais entendu parler d\u2019une telle assembl\u00e9e. En effet, il s\u2019agit ici d\u2019un emprunt au monde de l\u2019entreprise. N\u00e9anmoins, elle peut \u00eatre une pratique int\u00e9ressante \u00e0 mettre en place si quelqu\u2019un venait \u00e0 <strong>contester l\u2019assembl\u00e9e g\u00e9n\u00e9rale<\/strong> de votre association.<\/p>\n\n\n\n<p>L\u2019<a href=\"https:\/\/www.infolocale.fr\/blog\/assemblee-generale-rectificative\/\">assembl\u00e9e g\u00e9n\u00e9rale rectificative<\/a> consiste en la convocation d\u2019une nouvelle assembl\u00e9e g\u00e9n\u00e9rale. Cette nouvelle r\u00e9union donne au bureau l&rsquo;occasion de corriger les erreurs de la premi\u00e8re r\u00e9union. Ce type d\u2019assembl\u00e9e n\u2019est pas courant en association, son organisation d\u00e9pend plus du bon sens et de l&rsquo;envie de concorde des dirigeants. <\/p>\n\n\n\n<ul class=\"wp-block-list\"><li>Si l\u2019erreur est \u00e9vidente, <\/li><li>S&rsquo;il y a un r\u00e9el manquement \u00e0 une r\u00e8gle pr\u00e9sente dans les statuts de l\u2019association,<\/li><\/ul>\n\n\n\n<p>Peut-\u00eatre devriez-vous envisager d\u2019adopter le model de l\u2019assembl\u00e9e rectificative.<\/p>\n\n\n\n<p>Ici il vous faut discuter ensemble et trouver un consensus d\u00e9coulant sur l&rsquo;organisation d&rsquo;une nouvelle r\u00e9union. Celle-ci se donnera pour but de corriger les points pass\u00e9s lors de l&rsquo;assembl\u00e9e g\u00e9n\u00e9rale contest\u00e9e. Par ailleurs, elle permet d&rsquo;\u00e9viter les conflits et les d\u00e9marches officielles contraignantes.<\/p>\n\n\n\n<h2 class=\"wp-block-heading\">Contester l&rsquo;assembl\u00e9e g\u00e9n\u00e9rale : Comment faire annuler un vote et annuler les d\u00e9cisions de l&rsquo;AG ?<\/h2>\n\n\n\n<p>Si un membre de votre association estime que les r\u00e8gles d&rsquo;organisation de votre assembl\u00e9e g\u00e9n\u00e9rale n\u2019ont pas \u00e9t\u00e9 respect\u00e9es alors, celui-ci est en droit d\u2019effectuer une action pour annulation.<\/p>\n\n\n\n<p>Ces litiges rel\u00e8vent de la comp\u00e9tence du tribunal de grande instance du lieu du si\u00e8ge de votre association.<\/p>\n\n\n\n<p>Nous avons d\u00e9j\u00e0, dans les parties pr\u00e9c\u00e9dentes, fait la liste des points pouvant mener \u00e0 une d\u00e9marche d\u2019annulation. <\/p>\n\n\n\n<ul class=\"wp-block-list\"><li>Ce peut \u00eatre un d\u00e9faut de convocation, <\/li><li>un point de l\u2019ordre du jour omis durant l\u2019assembl\u00e9e,<\/li><li>un vote sur une question diverse,<\/li><li>l\u2019absence du quorum&#8230;<\/li><\/ul>\n\n\n\n<p>Une action de contestation portant sur l\u2019\u00e9lection du bureau ou du conseil d\u2019administration peut \u00eatre engag\u00e9e jusqu\u2019\u00e0 un d\u00e9lai de cinq ans apr\u00e8s la date de d\u00e9lib\u00e9ration de l\u2019AG vis\u00e9e. La proc\u00e9dure peut aller jusqu\u2019\u00e0 la mise en place, par le tribunal, d\u2019un administrateur provisoire ayant autorit\u00e9 pour convoquer une nouvelle assembl\u00e9e g\u00e9n\u00e9rale et proc\u00e9der \u00e0 une nouvelle \u00e9lection du bureau.<\/p>\n","protected":false},"excerpt":{"rendered":"<p>Oui, vous pouvez contester l&rsquo;assembl\u00e9e g\u00e9n\u00e9rale et faire annuler ses d\u00e9cisions. Cette d\u00e9marche peut aboutir si les organisateurs n\u2019ont pas respect\u00e9 une r\u00e8gle d\u2019organisation de [&hellip;]<\/p>\n","protected":false},"author":2,"featured_media":20751,"comment_status":"open","ping_status":"open","sticky":false,"template":"","format":"standard","meta":{"_coblocks_attr":"","_coblocks_dimensions":"","_coblocks_responsive_height":"","_coblocks_accordion_ie_support":"","_mo_disable_npp":"","footnotes":""},"categories":[74],"tags":[],"class_list":["post-20742","post","type-post","status-publish","format-standard","has-post-thumbnail","hentry","category-creer-et-administrer-une-association-1901"],"yoast_head":"<!-- This site is optimized with the Yoast SEO plugin v23.2 - https:\/\/yoast.com\/wordpress\/plugins\/seo\/ -->\n<title>Comment contester l&#039;assembl\u00e9e g\u00e9n\u00e9rale d&#039;une association ? |<\/title>\n<meta name=\"description\" content=\"Il est possible de contester les d\u00e9cisions de l&#039;assembl\u00e9e g\u00e9n\u00e9rale, voire, de les faire annuler. Pour aboutir, votre d\u00e9marche doit porter s...\" \/>\n<meta name=\"robots\" content=\"index, follow, max-snippet:-1, max-image-preview:large, max-video-preview:-1\" \/>\n<link rel=\"canonical\" href=\"https:\/\/www.infolocale.fr\/blog\/contester-l-assemblee-generale\/\" \/>\n<meta property=\"og:locale\" content=\"fr_FR\" \/>\n<meta property=\"og:type\" content=\"article\" \/>\n<meta property=\"og:title\" content=\"Comment contester l&#039;assembl\u00e9e g\u00e9n\u00e9rale d&#039;une association ? |\" \/>\n<meta property=\"og:description\" content=\"Il est possible de contester les d\u00e9cisions de l&#039;assembl\u00e9e g\u00e9n\u00e9rale, voire, de les faire annuler. Pour aboutir, votre d\u00e9marche doit porter s...\" \/>\n<meta property=\"og:url\" content=\"https:\/\/www.infolocale.fr\/blog\/contester-l-assemblee-generale\/\" \/>\n<meta property=\"article:publisher\" content=\"https:\/\/www.facebook.com\/infolocaleFR\/\" \/>\n<meta property=\"article:published_time\" content=\"2022-09-08T07:15:58+00:00\" \/>\n<meta property=\"article:modified_time\" content=\"2023-01-17T11:14:24+00:00\" \/>\n<meta property=\"og:image\" content=\"https:\/\/www.infolocale.fr\/blog\/wp-content\/uploads\/2022\/09\/ag.jpg\" \/>\n\t<meta property=\"og:image:width\" content=\"900\" \/>\n\t<meta property=\"og:image:height\" content=\"630\" \/>\n\t<meta property=\"og:image:type\" content=\"image\/jpeg\" \/>\n<meta name=\"author\" content=\"Morgan\" \/>\n<meta name=\"twitter:card\" content=\"summary_large_image\" \/>\n<meta name=\"twitter:creator\" content=\"@infolocale\" \/>\n<meta name=\"twitter:site\" content=\"@infolocale\" \/>\n<meta name=\"twitter:label1\" content=\"\u00c9crit par\" \/>\n\t<meta name=\"twitter:data1\" content=\"Morgan\" \/>\n\t<meta name=\"twitter:label2\" content=\"Dur\u00e9e de lecture estim\u00e9e\" \/>\n\t<meta name=\"twitter:data2\" content=\"7 minutes\" \/>\n<script type=\"application\/ld+json\" class=\"yoast-schema-graph\">{\"@context\":\"https:\/\/schema.org\",\"@graph\":[{\"@type\":\"Article\",\"@id\":\"https:\/\/www.infolocale.fr\/blog\/contester-l-assemblee-generale\/#article\",\"isPartOf\":{\"@id\":\"https:\/\/www.infolocale.fr\/blog\/contester-l-assemblee-generale\/\"},\"author\":{\"name\":\"Morgan\",\"@id\":\"https:\/\/www.infolocale.fr\/blog\/#\/schema\/person\/f0f748ece99417833166b3ba8890f3db\"},\"headline\":\"Contester les d\u00e9cisions de l&rsquo;assembl\u00e9e g\u00e9n\u00e9rale : comment faire ?\",\"datePublished\":\"2022-09-08T07:15:58+00:00\",\"dateModified\":\"2023-01-17T11:14:24+00:00\",\"mainEntityOfPage\":{\"@id\":\"https:\/\/www.infolocale.fr\/blog\/contester-l-assemblee-generale\/\"},\"wordCount\":1465,\"commentCount\":17,\"publisher\":{\"@id\":\"https:\/\/www.infolocale.fr\/blog\/#organization\"},\"image\":{\"@id\":\"https:\/\/www.infolocale.fr\/blog\/contester-l-assemblee-generale\/#primaryimage\"},\"thumbnailUrl\":\"https:\/\/www.infolocale.fr\/blog\/wp-content\/uploads\/2022\/09\/ag.jpg\",\"articleSection\":[\"Cr\u00e9er et g\u00e9rer une association\"],\"inLanguage\":\"fr-FR\",\"potentialAction\":[{\"@type\":\"CommentAction\",\"name\":\"Comment\",\"target\":[\"https:\/\/www.infolocale.fr\/blog\/contester-l-assemblee-generale\/#respond\"]}]},{\"@type\":\"WebPage\",\"@id\":\"https:\/\/www.infolocale.fr\/blog\/contester-l-assemblee-generale\/\",\"url\":\"https:\/\/www.infolocale.fr\/blog\/contester-l-assemblee-generale\/\",\"name\":\"Comment contester l'assembl\u00e9e g\u00e9n\u00e9rale d'une association ? |\",\"isPartOf\":{\"@id\":\"https:\/\/www.infolocale.fr\/blog\/#website\"},\"primaryImageOfPage\":{\"@id\":\"https:\/\/www.infolocale.fr\/blog\/contester-l-assemblee-generale\/#primaryimage\"},\"image\":{\"@id\":\"https:\/\/www.infolocale.fr\/blog\/contester-l-assemblee-generale\/#primaryimage\"},\"thumbnailUrl\":\"https:\/\/www.infolocale.fr\/blog\/wp-content\/uploads\/2022\/09\/ag.jpg\",\"datePublished\":\"2022-09-08T07:15:58+00:00\",\"dateModified\":\"2023-01-17T11:14:24+00:00\",\"description\":\"Il est possible de contester les d\u00e9cisions de l'assembl\u00e9e g\u00e9n\u00e9rale, voire, de les faire annuler. Pour aboutir, votre d\u00e9marche doit porter s...\",\"breadcrumb\":{\"@id\":\"https:\/\/www.infolocale.fr\/blog\/contester-l-assemblee-generale\/#breadcrumb\"},\"inLanguage\":\"fr-FR\",\"potentialAction\":[{\"@type\":\"ReadAction\",\"target\":[\"https:\/\/www.infolocale.fr\/blog\/contester-l-assemblee-generale\/\"]}]},{\"@type\":\"ImageObject\",\"inLanguage\":\"fr-FR\",\"@id\":\"https:\/\/www.infolocale.fr\/blog\/contester-l-assemblee-generale\/#primaryimage\",\"url\":\"https:\/\/www.infolocale.fr\/blog\/wp-content\/uploads\/2022\/09\/ag.jpg\",\"contentUrl\":\"https:\/\/www.infolocale.fr\/blog\/wp-content\/uploads\/2022\/09\/ag.jpg\",\"width\":900,\"height\":630,\"caption\":\"Contester l'assembl\u00e9e g\u00e9n\u00e9rale d'une association\"},{\"@type\":\"BreadcrumbList\",\"@id\":\"https:\/\/www.infolocale.fr\/blog\/contester-l-assemblee-generale\/#breadcrumb\",\"itemListElement\":[{\"@type\":\"ListItem\",\"position\":1,\"name\":\"Blog\",\"item\":\"https:\/\/infolocale.ouest-france.fr\/blog\/\"},{\"@type\":\"ListItem\",\"position\":2,\"name\":\"Cr\u00e9er et g\u00e9rer une association\",\"item\":\"https:\/\/infolocale.ouest-france.fr\/blog\/cat\/creer-et-administrer-une-association-1901\/\"},{\"@type\":\"ListItem\",\"position\":3,\"name\":\"Contester les d\u00e9cisions de l&rsquo;assembl\u00e9e g\u00e9n\u00e9rale : comment faire ?\"}]},{\"@type\":\"WebSite\",\"@id\":\"https:\/\/www.infolocale.fr\/blog\/#website\",\"url\":\"https:\/\/www.infolocale.fr\/blog\/\",\"name\":\"\",\"description\":\"\",\"publisher\":{\"@id\":\"https:\/\/www.infolocale.fr\/blog\/#organization\"},\"potentialAction\":[{\"@type\":\"SearchAction\",\"target\":{\"@type\":\"EntryPoint\",\"urlTemplate\":\"https:\/\/www.infolocale.fr\/blog\/?s={search_term_string}\"},\"query-input\":\"required name=search_term_string\"}],\"inLanguage\":\"fr-FR\"},{\"@type\":\"Organization\",\"@id\":\"https:\/\/www.infolocale.fr\/blog\/#organization\",\"name\":\"Infolocale\",\"url\":\"https:\/\/www.infolocale.fr\/blog\/\",\"logo\":{\"@type\":\"ImageObject\",\"inLanguage\":\"fr-FR\",\"@id\":\"https:\/\/www.infolocale.fr\/blog\/#\/schema\/logo\/image\/\",\"url\":\"https:\/\/www.infolocale.fr\/blog\/wp-content\/uploads\/2020\/11\/logol.jpg\",\"contentUrl\":\"https:\/\/www.infolocale.fr\/blog\/wp-content\/uploads\/2020\/11\/logol.jpg\",\"width\":1031,\"height\":398,\"caption\":\"Infolocale\"},\"image\":{\"@id\":\"https:\/\/www.infolocale.fr\/blog\/#\/schema\/logo\/image\/\"},\"sameAs\":[\"https:\/\/www.facebook.com\/infolocaleFR\/\",\"https:\/\/x.com\/infolocale\",\"https:\/\/www.instagram.com\/infolocale\/\",\"https:\/\/fr.linkedin.com\/company\/infolocale\",\"https:\/\/www.youtube.com\/channel\/UCnv4FA8EYEuu_si3TGr7xeA\"]},{\"@type\":\"Person\",\"@id\":\"https:\/\/www.infolocale.fr\/blog\/#\/schema\/person\/f0f748ece99417833166b3ba8890f3db\",\"name\":\"Morgan\",\"image\":{\"@type\":\"ImageObject\",\"inLanguage\":\"fr-FR\",\"@id\":\"https:\/\/www.infolocale.fr\/blog\/#\/schema\/person\/image\/\",\"url\":\"https:\/\/secure.gravatar.com\/avatar\/a22ec2a0cc817ae9fa3ff7341a213632?s=96&d=mm&r=g\",\"contentUrl\":\"https:\/\/secure.gravatar.com\/avatar\/a22ec2a0cc817ae9fa3ff7341a213632?s=96&d=mm&r=g\",\"caption\":\"Morgan\"},\"url\":\"https:\/\/www.infolocale.fr\/blog\/author\/morgan-delepine\/\"}]}<\/script>\n<!-- \/ Yoast SEO plugin. -->","yoast_head_json":{"title":"Comment contester l'assembl\u00e9e g\u00e9n\u00e9rale d'une association ? |","description":"Il est possible de contester les d\u00e9cisions de l'assembl\u00e9e g\u00e9n\u00e9rale, voire, de les faire annuler. Pour aboutir, votre d\u00e9marche doit porter s...","robots":{"index":"index","follow":"follow","max-snippet":"max-snippet:-1","max-image-preview":"max-image-preview:large","max-video-preview":"max-video-preview:-1"},"canonical":"https:\/\/www.infolocale.fr\/blog\/contester-l-assemblee-generale\/","og_locale":"fr_FR","og_type":"article","og_title":"Comment contester l'assembl\u00e9e g\u00e9n\u00e9rale d'une association ? |","og_description":"Il est possible de contester les d\u00e9cisions de l'assembl\u00e9e g\u00e9n\u00e9rale, voire, de les faire annuler. Pour aboutir, votre d\u00e9marche doit porter s...","og_url":"https:\/\/www.infolocale.fr\/blog\/contester-l-assemblee-generale\/","article_publisher":"https:\/\/www.facebook.com\/infolocaleFR\/","article_published_time":"2022-09-08T07:15:58+00:00","article_modified_time":"2023-01-17T11:14:24+00:00","og_image":[{"width":900,"height":630,"url":"https:\/\/www.infolocale.fr\/blog\/wp-content\/uploads\/2022\/09\/ag.jpg","type":"image\/jpeg"}],"author":"Morgan","twitter_card":"summary_large_image","twitter_creator":"@infolocale","twitter_site":"@infolocale","twitter_misc":{"\u00c9crit par":"Morgan","Dur\u00e9e de lecture estim\u00e9e":"7 minutes"},"schema":{"@context":"https:\/\/schema.org","@graph":[{"@type":"Article","@id":"https:\/\/www.infolocale.fr\/blog\/contester-l-assemblee-generale\/#article","isPartOf":{"@id":"https:\/\/www.infolocale.fr\/blog\/contester-l-assemblee-generale\/"},"author":{"name":"Morgan","@id":"https:\/\/www.infolocale.fr\/blog\/#\/schema\/person\/f0f748ece99417833166b3ba8890f3db"},"headline":"Contester les d\u00e9cisions de l&rsquo;assembl\u00e9e g\u00e9n\u00e9rale : comment faire ?","datePublished":"2022-09-08T07:15:58+00:00","dateModified":"2023-01-17T11:14:24+00:00","mainEntityOfPage":{"@id":"https:\/\/www.infolocale.fr\/blog\/contester-l-assemblee-generale\/"},"wordCount":1465,"commentCount":17,"publisher":{"@id":"https:\/\/www.infolocale.fr\/blog\/#organization"},"image":{"@id":"https:\/\/www.infolocale.fr\/blog\/contester-l-assemblee-generale\/#primaryimage"},"thumbnailUrl":"https:\/\/www.infolocale.fr\/blog\/wp-content\/uploads\/2022\/09\/ag.jpg","articleSection":["Cr\u00e9er et g\u00e9rer une association"],"inLanguage":"fr-FR","potentialAction":[{"@type":"CommentAction","name":"Comment","target":["https:\/\/www.infolocale.fr\/blog\/contester-l-assemblee-generale\/#respond"]}]},{"@type":"WebPage","@id":"https:\/\/www.infolocale.fr\/blog\/contester-l-assemblee-generale\/","url":"https:\/\/www.infolocale.fr\/blog\/contester-l-assemblee-generale\/","name":"Comment contester l'assembl\u00e9e g\u00e9n\u00e9rale d'une association ? |","isPartOf":{"@id":"https:\/\/www.infolocale.fr\/blog\/#website"},"primaryImageOfPage":{"@id":"https:\/\/www.infolocale.fr\/blog\/contester-l-assemblee-generale\/#primaryimage"},"image":{"@id":"https:\/\/www.infolocale.fr\/blog\/contester-l-assemblee-generale\/#primaryimage"},"thumbnailUrl":"https:\/\/www.infolocale.fr\/blog\/wp-content\/uploads\/2022\/09\/ag.jpg","datePublished":"2022-09-08T07:15:58+00:00","dateModified":"2023-01-17T11:14:24+00:00","description":"Il est possible de contester les d\u00e9cisions de l'assembl\u00e9e g\u00e9n\u00e9rale, voire, de les faire annuler. Pour aboutir, votre d\u00e9marche doit porter s...","breadcrumb":{"@id":"https:\/\/www.infolocale.fr\/blog\/contester-l-assemblee-generale\/#breadcrumb"},"inLanguage":"fr-FR","potentialAction":[{"@type":"ReadAction","target":["https:\/\/www.infolocale.fr\/blog\/contester-l-assemblee-generale\/"]}]},{"@type":"ImageObject","inLanguage":"fr-FR","@id":"https:\/\/www.infolocale.fr\/blog\/contester-l-assemblee-generale\/#primaryimage","url":"https:\/\/www.infolocale.fr\/blog\/wp-content\/uploads\/2022\/09\/ag.jpg","contentUrl":"https:\/\/www.infolocale.fr\/blog\/wp-content\/uploads\/2022\/09\/ag.jpg","width":900,"height":630,"caption":"Contester l'assembl\u00e9e g\u00e9n\u00e9rale d'une association"},{"@type":"BreadcrumbList","@id":"https:\/\/www.infolocale.fr\/blog\/contester-l-assemblee-generale\/#breadcrumb","itemListElement":[{"@type":"ListItem","position":1,"name":"Blog","item":"https:\/\/infolocale.ouest-france.fr\/blog\/"},{"@type":"ListItem","position":2,"name":"Cr\u00e9er et g\u00e9rer une association","item":"https:\/\/infolocale.ouest-france.fr\/blog\/cat\/creer-et-administrer-une-association-1901\/"},{"@type":"ListItem","position":3,"name":"Contester les d\u00e9cisions de l&rsquo;assembl\u00e9e g\u00e9n\u00e9rale : comment faire ?"}]},{"@type":"WebSite","@id":"https:\/\/www.infolocale.fr\/blog\/#website","url":"https:\/\/www.infolocale.fr\/blog\/","name":"","description":"","publisher":{"@id":"https:\/\/www.infolocale.fr\/blog\/#organization"},"potentialAction":[{"@type":"SearchAction","target":{"@type":"EntryPoint","urlTemplate":"https:\/\/www.infolocale.fr\/blog\/?s={search_term_string}"},"query-input":"required name=search_term_string"}],"inLanguage":"fr-FR"},{"@type":"Organization","@id":"https:\/\/www.infolocale.fr\/blog\/#organization","name":"Infolocale","url":"https:\/\/www.infolocale.fr\/blog\/","logo":{"@type":"ImageObject","inLanguage":"fr-FR","@id":"https:\/\/www.infolocale.fr\/blog\/#\/schema\/logo\/image\/","url":"https:\/\/www.infolocale.fr\/blog\/wp-content\/uploads\/2020\/11\/logol.jpg","contentUrl":"https:\/\/www.infolocale.fr\/blog\/wp-content\/uploads\/2020\/11\/logol.jpg","width":1031,"height":398,"caption":"Infolocale"},"image":{"@id":"https:\/\/www.infolocale.fr\/blog\/#\/schema\/logo\/image\/"},"sameAs":["https:\/\/www.facebook.com\/infolocaleFR\/","https:\/\/x.com\/infolocale","https:\/\/www.instagram.com\/infolocale\/","https:\/\/fr.linkedin.com\/company\/infolocale","https:\/\/www.youtube.com\/channel\/UCnv4FA8EYEuu_si3TGr7xeA"]},{"@type":"Person","@id":"https:\/\/www.infolocale.fr\/blog\/#\/schema\/person\/f0f748ece99417833166b3ba8890f3db","name":"Morgan","image":{"@type":"ImageObject","inLanguage":"fr-FR","@id":"https:\/\/www.infolocale.fr\/blog\/#\/schema\/person\/image\/","url":"https:\/\/secure.gravatar.com\/avatar\/a22ec2a0cc817ae9fa3ff7341a213632?s=96&d=mm&r=g","contentUrl":"https:\/\/secure.gravatar.com\/avatar\/a22ec2a0cc817ae9fa3ff7341a213632?s=96&d=mm&r=g","caption":"Morgan"},"url":"https:\/\/www.infolocale.fr\/blog\/author\/morgan-delepine\/"}]}},"_links":{"self":[{"href":"https:\/\/www.infolocale.fr\/blog\/wp-json\/wp\/v2\/posts\/20742"}],"collection":[{"href":"https:\/\/www.infolocale.fr\/blog\/wp-json\/wp\/v2\/posts"}],"about":[{"href":"https:\/\/www.infolocale.fr\/blog\/wp-json\/wp\/v2\/types\/post"}],"author":[{"embeddable":true,"href":"https:\/\/www.infolocale.fr\/blog\/wp-json\/wp\/v2\/users\/2"}],"replies":[{"embeddable":true,"href":"https:\/\/www.infolocale.fr\/blog\/wp-json\/wp\/v2\/comments?post=20742"}],"version-history":[{"count":0,"href":"https:\/\/www.infolocale.fr\/blog\/wp-json\/wp\/v2\/posts\/20742\/revisions"}],"wp:featuredmedia":[{"embeddable":true,"href":"https:\/\/www.infolocale.fr\/blog\/wp-json\/wp\/v2\/media\/20751"}],"wp:attachment":[{"href":"https:\/\/www.infolocale.fr\/blog\/wp-json\/wp\/v2\/media?parent=20742"}],"wp:term":[{"taxonomy":"category","embeddable":true,"href":"https:\/\/www.infolocale.fr\/blog\/wp-json\/wp\/v2\/categories?post=20742"},{"taxonomy":"post_tag","embeddable":true,"href":"https:\/\/www.infolocale.fr\/blog\/wp-json\/wp\/v2\/tags?post=20742"}],"curies":[{"name":"wp","href":"https:\/\/api.w.org\/{rel}","templated":true}]}}