{"id":20665,"date":"2022-08-25T12:43:51","date_gmt":"2022-08-25T10:43:51","guid":{"rendered":"https:\/\/www.infolocale.fr\/blog\/?p=20665"},"modified":"2024-10-25T15:46:51","modified_gmt":"2024-10-25T13:46:51","slug":"rentree-des-associations","status":"publish","type":"post","link":"https:\/\/www.infolocale.fr\/blog\/rentree-des-associations\/","title":{"rendered":"Rentr\u00e9e des assos : Comment utiliser infolocale pour lancer votre nouvelle saison ?"},"content":{"rendered":"\n<p class=\"has-black-color has-pale-cyan-blue-background-color has-text-color has-background\">Infolocale est utilis\u00e9 gratuitement pour les missions de communication de plus de 50 000 associations fran\u00e7aises. Pour la <strong>rentr\u00e9e des associations<\/strong>, votre structure peut mettre \u00e0 profit l&rsquo;ensemble des outils propos\u00e9s par la plateforme.<br><br>&#8211; <strong>L\u2019Agenda<\/strong>. Utilisez l&rsquo;Agenda pour communiquer sur vos sessions d\u2019essais et portes ouvertes de d\u00e9but de saison. L\u2019agenda Infolocale est diffus\u00e9 sur un panel tr\u00e8s large de sites m\u00e9dias, dans les pages de nombreux titres de la presse locale et sur les sites des collectivit\u00e9s partenaires (d\u00e9partements, r\u00e9gions, communes&#8230;)<br><br>&#8211; <strong>Les Publications<\/strong>. Cette fonctionnalit\u00e9 vous propose de diffuser des articles et de communiquer sur tous les sujets \u00e9mergeants dans votre asso. Ce peut \u00eatre votre reprise, vos ambitions, projets \u00e0 venir&#8230; Vos Publications peuvent ainsi \u00eatre diffus\u00e9es : sur Infolocale, sur le site de ouest-france.fr ainsi que sur les moteurs de recherches et agr\u00e9gateurs de flux d&rsquo;actu.<br><br>&#8211; <strong>Les Activit\u00e9s<\/strong> constituent un v\u00e9ritable forum des associations en ligne. Mettre \u00e0 jour vos informations dans cet outil vous garantit une visibilit\u00e9 optimale aupr\u00e8s des nouveaux arrivant dans votre commune, des personnes \u00e0 la recherche d\u2019une activit\u00e9 pour eux ou pour leurs enfants.<\/p>\n\n\n\n<div class=\"wp-block-buttons is-horizontal is-content-justification-center is-layout-flex wp-container-core-buttons-is-layout-1 wp-block-buttons-is-layout-flex\">\n<div class=\"wp-block-button\"><a class=\"wp-block-button__link has-white-color has-luminous-vivid-amber-background-color has-text-color has-background wp-element-button\"><strong>&gt;&gt;Inscrire mon asso \u00e0 Infolocale <\/strong><\/a><\/div>\n<\/div>\n\n\n\n<h2 class=\"wp-block-heading\">L&rsquo;Agenda<\/h2>\n\n\n\n<p>L\u2019Agenda est l\u2019outil historique d\u2019Infolocale. Dans la relance de votre association il peut intervenir \u00e0 diff\u00e9rents moments&nbsp;<\/p>\n\n\n\n<h3 class=\"wp-block-heading\">L\u2019Agenda d\u2019Infolocale : qu\u2019est-ce que c\u2019est ? O\u00f9 apparaissent vos contenus ?&nbsp;<\/h3>\n\n\n\n<p>L\u2019<a href=\"https:\/\/www.infolocale.fr\/blog\/agenda-en-ligne\/\">Agenda d\u2019Infolocale<\/a> permet aux associations de diffuser leur \u00e9v\u00e9nements ponctuels. Il peut s\u2019agir de tout type d\u2019\u00e9v\u00e9nements comme :&nbsp;<\/p>\n\n\n\n<ul class=\"wp-block-list\"><li>des repr\u00e9sentations pour une troupe de th\u00e9\u00e2tre,&nbsp;<\/li><li>les rencontres des clubs de sport,&nbsp;<\/li><li>les op\u00e9rations des associations caritatives ou \u00e9cologiques,&nbsp;<\/li><li>les dates de concert d\u2019un groupe, d\u2019un festival, d\u2019un salon, d\u2019une exposition ou de tout autre \u00e9v\u00e9nement culturel,&nbsp;<\/li><\/ul>\n\n\n\n<p>Toutes les associations et les organisateurs d\u2019\u00e9v\u00e9nements peuvent publier leur calendrier sur Infolocale. Sur le plan de la diffusion, vos contenus h\u00e9berg\u00e9s sur Infolocale sont diffus\u00e9s sur une multitude de sites partenaires. Ainsi, vous pourrez, selon votre territoire, apparaitre :&nbsp;&nbsp;<\/p>\n\n\n\n<ul class=\"wp-block-list\"><li>Sur le site Infolocale,&nbsp;<\/li><li>Dans les pages papier de nombreux titres de la presse r\u00e9gionale,&nbsp;<\/li><li>Sur les sites de nombreuses collectivit\u00e9s partenaires : d\u00e9partements, villes&#8230;&nbsp;<\/li><li>Sur les sites de grands groupes m\u00e9dias parmi les plus lus de France : ouest-France.fr, actu.fr, francelive.fr, 20minutes.fr&#8230;&nbsp;<\/li><\/ul>\n\n\n\n<p>Cette liste est non-exhaustive et de nouveaux supports de diffusion viennent tr\u00e8s r\u00e9guli\u00e8rement l\u2019allonger.&nbsp;<\/p>\n\n\n<div class=\"wp-block-image is-resized\">\n<figure class=\"aligncenter size-large has-lightbox\"><a href=\"https:\/\/www.infolocale.fr\/decouvrir\/deposant\/?utm_source=blog&amp;utm_medium=banner&amp;utm_campaign=blog-content\"><img fetchpriority=\"high\" decoding=\"async\" width=\"1024\" height=\"1024\" src=\"https:\/\/www.infolocale.fr\/blog\/wp-content\/uploads\/2021\/11\/banniere-NLDASSO-carree1500x1500-1024x1024.jpg\" alt=\"\" class=\"wp-image-23946\" srcset=\"https:\/\/www.infolocale.fr\/blog\/wp-content\/uploads\/2021\/11\/banniere-NLDASSO-carree1500x1500-1024x1024.jpg 1024w, https:\/\/www.infolocale.fr\/blog\/wp-content\/uploads\/2021\/11\/banniere-NLDASSO-carree1500x1500-300x300.jpg 300w, https:\/\/www.infolocale.fr\/blog\/wp-content\/uploads\/2021\/11\/banniere-NLDASSO-carree1500x1500-150x150.jpg 150w, https:\/\/www.infolocale.fr\/blog\/wp-content\/uploads\/2021\/11\/banniere-NLDASSO-carree1500x1500-768x768.jpg 768w, https:\/\/www.infolocale.fr\/blog\/wp-content\/uploads\/2021\/11\/banniere-NLDASSO-carree1500x1500.jpg 1500w\" sizes=\"(max-width: 1024px) 100vw, 1024px\" \/><\/a><\/figure><\/div>\n\n\n<h3 class=\"wp-block-heading\">Comment utiliser l\u2019Agenda pour la rentr\u00e9e de votre association ?&nbsp;<\/h3>\n\n\n\n<p>Dans le cadre de la relance de votre association, il est au moins deux types diff\u00e9rents d\u2019\u00e9v\u00e9nements que vous pouvez publier.&nbsp;&nbsp;<\/p>\n\n\n\n<h4 class=\"wp-block-heading\">Annoncez vos portes ouvertes et sessions d\u2019essais<\/h4>\n\n\n\n<p>En d\u00e9but de saison, il n\u2019est pas rare que les associations proposent des sessions d\u2019essais. C\u2019est presque syst\u00e9matiquement le cas pour les clubs de sport, mais c\u2019est aussi tr\u00e8s souvent le cas des troupes de th\u00e9\u00e2tre, de certains \u00e9v\u00e9nements culturels et de bien d\u2019autres types d\u2019activit\u00e9s&#8230;&nbsp;&nbsp;<\/p>\n\n\n\n<p>Le mois de septembre est particuli\u00e8rement propice \u00e0 ce type de portes ouvertes. C\u2019est le moment de l\u2019ann\u00e9e ou \u00e0 peu pr\u00e8s tous les fran\u00e7ais et toutes les familles cherchent une nouvelle activit\u00e9 pour eux, pour leurs enfants ou pour un proche.&nbsp;&nbsp;<\/p>\n\n\n\n<p>Pensez \u00e0 diffuser les dates de vos portes ouvertes sur Infolocale. Vous accroitrez vos changes d\u2019obtenir une grande affluence.&nbsp;&nbsp;&nbsp;<\/p>\n\n\n\n<h4 class=\"wp-block-heading\">Rentr\u00e9e des associations : diffusez les dates de vos \u00e9v\u00e9nements dans l&rsquo;Agenda Infolocale<\/h4>\n\n\n\n<p>Au-del\u00e0 de vos portes ouvertes, beaucoup d\u2019associations vont, tout au long de l\u2019ann\u00e9e, organiser des \u00e9v\u00e9nements ouverts au public. Souvent, dans les sports, dans certaines activit\u00e9s culturelles, ces calendriers sont connus \u00e0 partir du mois d\u2019octobre. Aussi n\u2019attendez pas. D\u00e8s que vous connaissez les dates de vos matches, de votre prochaine tourn\u00e9e, de vos repr\u00e9sentations, de vos expositions&#8230; venez les diffuser sur Infolocale. Plus votre Agenda sera renseign\u00e9 en amont, plus il sera en mesure de toucher un plus grand nombre de personnes.&nbsp;&nbsp;<\/p>\n\n\n\n<h2 class=\"wp-block-heading\">Les Publications&nbsp;<\/h2>\n\n\n\n<p>Les Publications sont arriv\u00e9es plus r\u00e9cemment dans la batterie des outils de communication propos\u00e9s aux associations par Infolocale. Pourtant, c\u2019est un outil que vous \u00eates d\u00e9j\u00e0 tr\u00e8s nombreux \u00e0 utiliser.&nbsp;&nbsp;<\/p>\n\n\n\n<h3 class=\"wp-block-heading\">Les Publications :  qu\u2019est-ce que c\u2019est ? O\u00f9 apparaissent vos contenus ? &nbsp;<\/h3>\n\n\n\n<p>Avec les Publications, Infolocale dote les associations d\u2019un outil leur permettant de propulser leur communication. Les publications peuvent correspondre \u00e0 des postes de blog, des communications ou encore des articles diffus\u00e9s directement par les associations. Si l\u2019annonce d\u2019\u00e9v\u00e9nement doit rester pour l\u2019Outil Agenda, les associations utilisatrices peuvent \u00e9crire une multitude de sujet. Ce peut-\u00eatre :&nbsp;<\/p>\n\n\n\n<ul class=\"wp-block-list\"><li>le portrait d\u2019un membres,<\/li><li>le bilan d\u2019une op\u00e9ration ou d\u2019un \u00e9v\u00e8nement pass\u00e9,<\/li><li>un article sp\u00e9cifique \u00e0 la discipline de votre asso : l\u2019histoire de son sport, la physique, l\u2019astronomie&#8230;<\/li><li>Un sujet sur vos projets \u00e0 venir,<\/li><li>une cagnotte, une op\u00e9ration de financement participatif&#8230;<\/li><\/ul>\n\n\n\n<p>La liste est sans fin. Toutefois, si vous \u00e9tiez en mal d\u2019inspiration, vous trouverez ici une liste d\u2019<a href=\"https:\/\/www.infolocale.fr\/blog\/idees-darticles-pour-blog-association\/\">id\u00e9es de sujets \u00e0 \u00e9crire<\/a> pour votre association.&nbsp;&nbsp;<\/p>\n\n\n\n<p>Les Publications ont la m\u00eame philosophie de diffusion que l\u2019Agenda. L\u2019objectif est d\u2019offrir aux utilisateurs la plus grande visibilit\u00e9 possible. Aussi une publication profite-t-elle :&nbsp;<\/p>\n\n\n\n<ul class=\"wp-block-list\"><li>D&rsquo;une diffusion sur Infolocale.&nbsp;<\/li><li>De la puissance SEO d\u2019un site reconnu et tr\u00e8s bien index\u00e9 dans les moteurs de recherche et les flux d\u2019actualit\u00e9s en ligne.&nbsp;<\/li><li>Aussi, les publications, <a href=\"https:\/\/www.infolocale.fr\/blog\/publications-associations-presse\/\">respectant certains crit\u00e8res<\/a> pourront passer sur la page locale de leur ville sur ouest-france.fr.&nbsp;<\/li><\/ul>\n\n\n\n<p>L\u2019outil est efficace et les meilleures publications d\u00e9passent les centaines de lecteurs voire, atteignent le millier.&nbsp;<\/p>\n\n\n\n<h3 class=\"wp-block-heading\">Comment assurer la rentr\u00e9e des associations avec les Publications<\/h3>\n\n\n\n<p>Pour la <strong>rentr\u00e9e des associations<\/strong>, il est possible d\u2019utiliser les Publications de diff\u00e9rentes fa\u00e7ons.&nbsp;&nbsp;<\/p>\n\n\n\n<p>Pour commencer, vous pouvez faire une publication pour annoncer l\u2019ouverture de votre nouvelle saison. Ici vous pouvez parler : <\/p>\n\n\n\n<ul class=\"wp-block-list\"><li>de votre projet, <\/li><li>de la date de reprise des entrainements (r\u00e9union, r\u00e9p\u00e9titions&#8230;), <\/li><li>de vos ambitions <\/li><li>des moyens que vous vous donnez pour y parvenir. <\/li><\/ul>\n\n\n\n<p>N\u2019h\u00e9sitez pas \u00e0 citer un ou plusieurs de vos responsables afin de donner du gras \u00e0 votre sujet. <\/p>\n\n\n\n<p>Ensuite, vous pouvez \u00e9crire <\/p>\n\n\n\n<ul class=\"wp-block-list\"><li>un article sur la recherche de b\u00e9n\u00e9voles, pour vous aider lors de l\u2019organisation de vos \u00e9v\u00e9nements, pour vous accompagner dans votre communication, dans votre administration&#8230;&nbsp;&nbsp;<\/li><\/ul>\n\n\n\n<p>Finalement, vous pouvez aussi \u00e9crire un sujet <\/p>\n\n\n\n<ul class=\"wp-block-list\"><li>pour d\u00e9briefer de votre journ\u00e9e porte ouverte.&nbsp;<\/li><\/ul>\n\n\n\n<p>La liste est longue, veillez cependant \u00e0 toujours \u00eatre pertinent et \u00e0 veiller \u00e0 ce que votre publication soit bas\u00e9e sur une vraie information.&nbsp; &nbsp;<\/p>\n\n\n\n<h2 class=\"wp-block-heading\">Les Activit\u00e9s<\/h2>\n\n\n\n<p>C\u2019est le petit dernier parmi les outils propos\u00e9s par Infolocale. Les Activit\u00e9s forment un v\u00e9ritable forum des associations en ligne et r\u00e9f\u00e9rencent un tr\u00e8s grand nombre de structures autour de chez vous.<\/p>\n\n\n\n<h3 class=\"wp-block-heading\">Les Activit\u00e9s sur Infolocale&nbsp;: qu\u2019est-ce que c\u2019est ? O\u00f9 apparaissent vos contenus ? <\/h3>\n\n\n\n<p>Les Activit\u00e9s permettent aux associations d\u2019enregistrer leur structure et d\u2019informer sur leurs activit\u00e9s r\u00e9guli\u00e8res.&nbsp;&nbsp;<\/p>\n\n\n\n<ul class=\"wp-block-list\"><li>Vos jours de r\u00e9union,&nbsp;&nbsp;<\/li><li>les cr\u00e9neaux des entrainements,&nbsp;&nbsp;<\/li><li>les diff\u00e9rentes cat\u00e9gories,&nbsp;&nbsp;<\/li><li>les heures de d\u00e9but et de fin des sessions hebdomadaires&#8230;&nbsp;<\/li><\/ul>\n\n\n\n<p>L\u2019outil Activit\u00e9s vous permet de cr\u00e9er une vitrine en ligne permanente pour votre association.&nbsp;<\/p>\n\n\n\n<p>Ici aussi Infolocale propose une multidiffusion et en plus du site Infolocale, vos Activit\u00e9s seront visibles sur certaines pages locales du site ouest-france.fr. Prochainement, de nouveaux partenaires devraient rejoindre cette proposition de diffusion et augmenter encore un peu plus votre visibilit\u00e9&nbsp;<\/p>\n\n\n\n<h3 class=\"wp-block-heading\">Un forum des associations permanent sur votre commune&nbsp;&nbsp;<\/h3>\n\n\n\n<p>Ce n\u2019est un secret pour personne, la <strong><a href=\"https:\/\/www.infolocale.fr\/blog\/rentree-des-associations-relancer-son-association-en-septembre\/\">rentr\u00e9e de septembre<\/a><\/strong> est le moment de l\u2019ann\u00e9e ou les fran\u00e7ais se cherchent une nouvelle activit\u00e9. A cette p\u00e9riode, beaucoup vont se rendre au forum des associations de leur ville pour y chercher cette activit\u00e9.\u00a0<\/p>\n\n\n\n<p>Infolocale s\u2019est donn\u00e9 pour objectif de r\u00e9f\u00e9rencer de la mani\u00e8re la plus exhaustive possible, les associations de votre territoire. L\u2019ensemble de ces activit\u00e9s est rassembl\u00e9 dans notre forum des associations que vous pouvez trouver sur la page Infolocale de votre ville.<\/p>\n\n\n\n<p>Inscrivez votre association, remplissez l\u2019ensemble de vos activit\u00e9s r\u00e9guli\u00e8res. Vous serez r\u00e9f\u00e9renc\u00e9 et pr\u00e9sent sur notre site, dans notre forum des associations et sur les sites de nos partenaires.&nbsp;<\/p>\n","protected":false},"excerpt":{"rendered":"<p>Infolocale est utilis\u00e9 gratuitement pour les missions de communication de plus de 50 000 associations fran\u00e7aises. Pour la rentr\u00e9e des associations, votre structure peut mettre [&hellip;]<\/p>\n","protected":false},"author":2,"featured_media":20671,"comment_status":"open","ping_status":"open","sticky":false,"template":"","format":"standard","meta":{"_coblocks_attr":"","_coblocks_dimensions":"","_coblocks_responsive_height":"","_coblocks_accordion_ie_support":"","_mo_disable_npp":"","footnotes":""},"categories":[110],"tags":[86,108],"class_list":["post-20665","post","type-post","status-publish","format-standard","has-post-thumbnail","hentry","category-preparer-son-debut-et-sa-fin-dannee","tag-fonctionnalites","tag-utiliser-infolocale"],"yoast_head":"<!-- This site is optimized with the Yoast SEO plugin v23.2 - https:\/\/yoast.com\/wordpress\/plugins\/seo\/ -->\n<title>Rentr\u00e9e des associations : 3 outils pour bien se relancer en septembre |<\/title>\n<meta name=\"description\" content=\"Pour la rentr\u00e9e des associations, utilisez Infolocale pour assurer votre pr\u00e9sence dans la presse, sur des sites m\u00e9dias et des collectivit\u00e9s.\" \/>\n<meta name=\"robots\" content=\"index, follow, max-snippet:-1, max-image-preview:large, max-video-preview:-1\" \/>\n<link rel=\"canonical\" href=\"https:\/\/infolocale.20minutes.fr\/blog\/rentree-des-associations\/\" \/>\n<meta property=\"og:locale\" content=\"fr_FR\" \/>\n<meta property=\"og:type\" content=\"article\" \/>\n<meta property=\"og:title\" content=\"Rentr\u00e9e des associations : 3 outils pour bien se relancer en septembre |\" \/>\n<meta property=\"og:description\" content=\"Pour la rentr\u00e9e des associations, utilisez Infolocale pour assurer votre pr\u00e9sence dans la presse, sur des sites m\u00e9dias et des collectivit\u00e9s.\" \/>\n<meta property=\"og:url\" content=\"https:\/\/infolocale.20minutes.fr\/blog\/rentree-des-associations\/\" \/>\n<meta property=\"article:publisher\" content=\"https:\/\/www.facebook.com\/infolocaleFR\/\" \/>\n<meta property=\"article:published_time\" content=\"2022-08-25T10:43:51+00:00\" \/>\n<meta property=\"article:modified_time\" content=\"2024-10-25T13:46:51+00:00\" \/>\n<meta property=\"og:image\" content=\"https:\/\/infolocale.20minutes.fr\/blog\/wp-content\/uploads\/2022\/08\/rentree-des-associations.jpg\" \/>\n\t<meta property=\"og:image:width\" content=\"900\" \/>\n\t<meta property=\"og:image:height\" content=\"630\" \/>\n\t<meta property=\"og:image:type\" content=\"image\/jpeg\" \/>\n<meta name=\"author\" content=\"Morgan\" \/>\n<meta name=\"twitter:card\" content=\"summary_large_image\" \/>\n<meta name=\"twitter:creator\" content=\"@infolocale\" \/>\n<meta name=\"twitter:site\" content=\"@infolocale\" \/>\n<meta name=\"twitter:label1\" content=\"\u00c9crit par\" \/>\n\t<meta name=\"twitter:data1\" content=\"Morgan\" \/>\n\t<meta name=\"twitter:label2\" content=\"Dur\u00e9e de lecture estim\u00e9e\" \/>\n\t<meta name=\"twitter:data2\" content=\"20 minutes\" \/>\n<script type=\"application\/ld+json\" class=\"yoast-schema-graph\">{\"@context\":\"https:\/\/schema.org\",\"@graph\":[{\"@type\":\"Article\",\"@id\":\"https:\/\/infolocale.20minutes.fr\/blog\/rentree-des-associations\/#article\",\"isPartOf\":{\"@id\":\"https:\/\/infolocale.20minutes.fr\/blog\/rentree-des-associations\/\"},\"author\":{\"name\":\"Morgan\",\"@id\":\"https:\/\/www.infolocale.fr\/blog\/#\/schema\/person\/f0f748ece99417833166b3ba8890f3db\"},\"headline\":\"Rentr\u00e9e des assos : Comment utiliser infolocale pour lancer votre nouvelle saison ?\",\"datePublished\":\"2022-08-25T10:43:51+00:00\",\"dateModified\":\"2024-10-25T13:46:51+00:00\",\"mainEntityOfPage\":{\"@id\":\"https:\/\/infolocale.20minutes.fr\/blog\/rentree-des-associations\/\"},\"wordCount\":1499,\"commentCount\":2,\"publisher\":{\"@id\":\"https:\/\/www.infolocale.fr\/blog\/#organization\"},\"image\":{\"@id\":\"https:\/\/infolocale.20minutes.fr\/blog\/rentree-des-associations\/#primaryimage\"},\"thumbnailUrl\":\"https:\/\/www.infolocale.fr\/blog\/wp-content\/uploads\/2022\/08\/rentree-des-associations.jpg\",\"keywords\":[\"Tout savoir sur Infolocale\",\"utiliser infolocale\"],\"articleSection\":[\"Pr\u00e9parer son d\u00e9but et sa fin d'ann\u00e9e\"],\"inLanguage\":\"fr-FR\",\"potentialAction\":[{\"@type\":\"CommentAction\",\"name\":\"Comment\",\"target\":[\"https:\/\/infolocale.20minutes.fr\/blog\/rentree-des-associations\/#respond\"]}]},{\"@type\":\"WebPage\",\"@id\":\"https:\/\/infolocale.20minutes.fr\/blog\/rentree-des-associations\/\",\"url\":\"https:\/\/infolocale.20minutes.fr\/blog\/rentree-des-associations\/\",\"name\":\"Rentr\u00e9e des associations : 3 outils pour bien se relancer en septembre |\",\"isPartOf\":{\"@id\":\"https:\/\/www.infolocale.fr\/blog\/#website\"},\"primaryImageOfPage\":{\"@id\":\"https:\/\/infolocale.20minutes.fr\/blog\/rentree-des-associations\/#primaryimage\"},\"image\":{\"@id\":\"https:\/\/infolocale.20minutes.fr\/blog\/rentree-des-associations\/#primaryimage\"},\"thumbnailUrl\":\"https:\/\/www.infolocale.fr\/blog\/wp-content\/uploads\/2022\/08\/rentree-des-associations.jpg\",\"datePublished\":\"2022-08-25T10:43:51+00:00\",\"dateModified\":\"2024-10-25T13:46:51+00:00\",\"description\":\"Pour la rentr\u00e9e des associations, utilisez Infolocale pour assurer votre pr\u00e9sence dans la presse, sur des sites m\u00e9dias et des collectivit\u00e9s.\",\"breadcrumb\":{\"@id\":\"https:\/\/infolocale.20minutes.fr\/blog\/rentree-des-associations\/#breadcrumb\"},\"inLanguage\":\"fr-FR\",\"potentialAction\":[{\"@type\":\"ReadAction\",\"target\":[\"https:\/\/infolocale.20minutes.fr\/blog\/rentree-des-associations\/\"]}]},{\"@type\":\"ImageObject\",\"inLanguage\":\"fr-FR\",\"@id\":\"https:\/\/infolocale.20minutes.fr\/blog\/rentree-des-associations\/#primaryimage\",\"url\":\"https:\/\/www.infolocale.fr\/blog\/wp-content\/uploads\/2022\/08\/rentree-des-associations.jpg\",\"contentUrl\":\"https:\/\/www.infolocale.fr\/blog\/wp-content\/uploads\/2022\/08\/rentree-des-associations.jpg\",\"width\":900,\"height\":630,\"caption\":\"Rentr\u00e9e des associations : comment relancer son asso ?\"},{\"@type\":\"BreadcrumbList\",\"@id\":\"https:\/\/infolocale.20minutes.fr\/blog\/rentree-des-associations\/#breadcrumb\",\"itemListElement\":[{\"@type\":\"ListItem\",\"position\":1,\"name\":\"Blog\",\"item\":\"https:\/\/infolocale.ouest-france.fr\/blog\/\"},{\"@type\":\"ListItem\",\"position\":2,\"name\":\"Pr\u00e9parer son d\u00e9but et sa fin d'ann\u00e9e\",\"item\":\"https:\/\/infolocale.20minutes.fr\/blog\/cat\/preparer-son-debut-et-sa-fin-dannee\/\"},{\"@type\":\"ListItem\",\"position\":3,\"name\":\"Rentr\u00e9e des assos : Comment utiliser infolocale pour lancer votre nouvelle saison ?\"}]},{\"@type\":\"WebSite\",\"@id\":\"https:\/\/www.infolocale.fr\/blog\/#website\",\"url\":\"https:\/\/www.infolocale.fr\/blog\/\",\"name\":\"\",\"description\":\"\",\"publisher\":{\"@id\":\"https:\/\/www.infolocale.fr\/blog\/#organization\"},\"potentialAction\":[{\"@type\":\"SearchAction\",\"target\":{\"@type\":\"EntryPoint\",\"urlTemplate\":\"https:\/\/www.infolocale.fr\/blog\/?s={search_term_string}\"},\"query-input\":\"required name=search_term_string\"}],\"inLanguage\":\"fr-FR\"},{\"@type\":\"Organization\",\"@id\":\"https:\/\/www.infolocale.fr\/blog\/#organization\",\"name\":\"Infolocale\",\"url\":\"https:\/\/www.infolocale.fr\/blog\/\",\"logo\":{\"@type\":\"ImageObject\",\"inLanguage\":\"fr-FR\",\"@id\":\"https:\/\/www.infolocale.fr\/blog\/#\/schema\/logo\/image\/\",\"url\":\"https:\/\/www.infolocale.fr\/blog\/wp-content\/uploads\/2020\/11\/logol.jpg\",\"contentUrl\":\"https:\/\/www.infolocale.fr\/blog\/wp-content\/uploads\/2020\/11\/logol.jpg\",\"width\":1031,\"height\":398,\"caption\":\"Infolocale\"},\"image\":{\"@id\":\"https:\/\/www.infolocale.fr\/blog\/#\/schema\/logo\/image\/\"},\"sameAs\":[\"https:\/\/www.facebook.com\/infolocaleFR\/\",\"https:\/\/x.com\/infolocale\",\"https:\/\/www.instagram.com\/infolocale\/\",\"https:\/\/fr.linkedin.com\/company\/infolocale\",\"https:\/\/www.youtube.com\/channel\/UCnv4FA8EYEuu_si3TGr7xeA\"]},{\"@type\":\"Person\",\"@id\":\"https:\/\/www.infolocale.fr\/blog\/#\/schema\/person\/f0f748ece99417833166b3ba8890f3db\",\"name\":\"Morgan\",\"image\":{\"@type\":\"ImageObject\",\"inLanguage\":\"fr-FR\",\"@id\":\"https:\/\/www.infolocale.fr\/blog\/#\/schema\/person\/image\/\",\"url\":\"https:\/\/secure.gravatar.com\/avatar\/a22ec2a0cc817ae9fa3ff7341a213632?s=96&d=mm&r=g\",\"contentUrl\":\"https:\/\/secure.gravatar.com\/avatar\/a22ec2a0cc817ae9fa3ff7341a213632?s=96&d=mm&r=g\",\"caption\":\"Morgan\"},\"url\":\"https:\/\/www.infolocale.fr\/blog\/author\/morgan-delepine\/\"}]}<\/script>\n<!-- \/ Yoast SEO plugin. -->","yoast_head_json":{"title":"Rentr\u00e9e des associations : 3 outils pour bien se relancer en septembre |","description":"Pour la rentr\u00e9e des associations, utilisez Infolocale pour assurer votre pr\u00e9sence dans la presse, sur des sites m\u00e9dias et des collectivit\u00e9s.","robots":{"index":"index","follow":"follow","max-snippet":"max-snippet:-1","max-image-preview":"max-image-preview:large","max-video-preview":"max-video-preview:-1"},"canonical":"https:\/\/infolocale.20minutes.fr\/blog\/rentree-des-associations\/","og_locale":"fr_FR","og_type":"article","og_title":"Rentr\u00e9e des associations : 3 outils pour bien se relancer en septembre |","og_description":"Pour la rentr\u00e9e des associations, utilisez Infolocale pour assurer votre pr\u00e9sence dans la presse, sur des sites m\u00e9dias et des collectivit\u00e9s.","og_url":"https:\/\/infolocale.20minutes.fr\/blog\/rentree-des-associations\/","article_publisher":"https:\/\/www.facebook.com\/infolocaleFR\/","article_published_time":"2022-08-25T10:43:51+00:00","article_modified_time":"2024-10-25T13:46:51+00:00","og_image":[{"width":900,"height":630,"url":"https:\/\/infolocale.20minutes.fr\/blog\/wp-content\/uploads\/2022\/08\/rentree-des-associations.jpg","type":"image\/jpeg"}],"author":"Morgan","twitter_card":"summary_large_image","twitter_creator":"@infolocale","twitter_site":"@infolocale","twitter_misc":{"\u00c9crit par":"Morgan","Dur\u00e9e de lecture estim\u00e9e":"20 minutes"},"schema":{"@context":"https:\/\/schema.org","@graph":[{"@type":"Article","@id":"https:\/\/infolocale.20minutes.fr\/blog\/rentree-des-associations\/#article","isPartOf":{"@id":"https:\/\/infolocale.20minutes.fr\/blog\/rentree-des-associations\/"},"author":{"name":"Morgan","@id":"https:\/\/www.infolocale.fr\/blog\/#\/schema\/person\/f0f748ece99417833166b3ba8890f3db"},"headline":"Rentr\u00e9e des assos : Comment utiliser infolocale pour lancer votre nouvelle saison ?","datePublished":"2022-08-25T10:43:51+00:00","dateModified":"2024-10-25T13:46:51+00:00","mainEntityOfPage":{"@id":"https:\/\/infolocale.20minutes.fr\/blog\/rentree-des-associations\/"},"wordCount":1499,"commentCount":2,"publisher":{"@id":"https:\/\/www.infolocale.fr\/blog\/#organization"},"image":{"@id":"https:\/\/infolocale.20minutes.fr\/blog\/rentree-des-associations\/#primaryimage"},"thumbnailUrl":"https:\/\/www.infolocale.fr\/blog\/wp-content\/uploads\/2022\/08\/rentree-des-associations.jpg","keywords":["Tout savoir sur Infolocale","utiliser infolocale"],"articleSection":["Pr\u00e9parer son d\u00e9but et sa fin d'ann\u00e9e"],"inLanguage":"fr-FR","potentialAction":[{"@type":"CommentAction","name":"Comment","target":["https:\/\/infolocale.20minutes.fr\/blog\/rentree-des-associations\/#respond"]}]},{"@type":"WebPage","@id":"https:\/\/infolocale.20minutes.fr\/blog\/rentree-des-associations\/","url":"https:\/\/infolocale.20minutes.fr\/blog\/rentree-des-associations\/","name":"Rentr\u00e9e des associations : 3 outils pour bien se relancer en septembre |","isPartOf":{"@id":"https:\/\/www.infolocale.fr\/blog\/#website"},"primaryImageOfPage":{"@id":"https:\/\/infolocale.20minutes.fr\/blog\/rentree-des-associations\/#primaryimage"},"image":{"@id":"https:\/\/infolocale.20minutes.fr\/blog\/rentree-des-associations\/#primaryimage"},"thumbnailUrl":"https:\/\/www.infolocale.fr\/blog\/wp-content\/uploads\/2022\/08\/rentree-des-associations.jpg","datePublished":"2022-08-25T10:43:51+00:00","dateModified":"2024-10-25T13:46:51+00:00","description":"Pour la rentr\u00e9e des associations, utilisez Infolocale pour assurer votre pr\u00e9sence dans la presse, sur des sites m\u00e9dias et des collectivit\u00e9s.","breadcrumb":{"@id":"https:\/\/infolocale.20minutes.fr\/blog\/rentree-des-associations\/#breadcrumb"},"inLanguage":"fr-FR","potentialAction":[{"@type":"ReadAction","target":["https:\/\/infolocale.20minutes.fr\/blog\/rentree-des-associations\/"]}]},{"@type":"ImageObject","inLanguage":"fr-FR","@id":"https:\/\/infolocale.20minutes.fr\/blog\/rentree-des-associations\/#primaryimage","url":"https:\/\/www.infolocale.fr\/blog\/wp-content\/uploads\/2022\/08\/rentree-des-associations.jpg","contentUrl":"https:\/\/www.infolocale.fr\/blog\/wp-content\/uploads\/2022\/08\/rentree-des-associations.jpg","width":900,"height":630,"caption":"Rentr\u00e9e des associations : comment relancer son asso ?"},{"@type":"BreadcrumbList","@id":"https:\/\/infolocale.20minutes.fr\/blog\/rentree-des-associations\/#breadcrumb","itemListElement":[{"@type":"ListItem","position":1,"name":"Blog","item":"https:\/\/infolocale.ouest-france.fr\/blog\/"},{"@type":"ListItem","position":2,"name":"Pr\u00e9parer son d\u00e9but et sa fin d'ann\u00e9e","item":"https:\/\/infolocale.20minutes.fr\/blog\/cat\/preparer-son-debut-et-sa-fin-dannee\/"},{"@type":"ListItem","position":3,"name":"Rentr\u00e9e des assos : Comment utiliser infolocale pour lancer votre nouvelle saison ?"}]},{"@type":"WebSite","@id":"https:\/\/www.infolocale.fr\/blog\/#website","url":"https:\/\/www.infolocale.fr\/blog\/","name":"","description":"","publisher":{"@id":"https:\/\/www.infolocale.fr\/blog\/#organization"},"potentialAction":[{"@type":"SearchAction","target":{"@type":"EntryPoint","urlTemplate":"https:\/\/www.infolocale.fr\/blog\/?s={search_term_string}"},"query-input":"required name=search_term_string"}],"inLanguage":"fr-FR"},{"@type":"Organization","@id":"https:\/\/www.infolocale.fr\/blog\/#organization","name":"Infolocale","url":"https:\/\/www.infolocale.fr\/blog\/","logo":{"@type":"ImageObject","inLanguage":"fr-FR","@id":"https:\/\/www.infolocale.fr\/blog\/#\/schema\/logo\/image\/","url":"https:\/\/www.infolocale.fr\/blog\/wp-content\/uploads\/2020\/11\/logol.jpg","contentUrl":"https:\/\/www.infolocale.fr\/blog\/wp-content\/uploads\/2020\/11\/logol.jpg","width":1031,"height":398,"caption":"Infolocale"},"image":{"@id":"https:\/\/www.infolocale.fr\/blog\/#\/schema\/logo\/image\/"},"sameAs":["https:\/\/www.facebook.com\/infolocaleFR\/","https:\/\/x.com\/infolocale","https:\/\/www.instagram.com\/infolocale\/","https:\/\/fr.linkedin.com\/company\/infolocale","https:\/\/www.youtube.com\/channel\/UCnv4FA8EYEuu_si3TGr7xeA"]},{"@type":"Person","@id":"https:\/\/www.infolocale.fr\/blog\/#\/schema\/person\/f0f748ece99417833166b3ba8890f3db","name":"Morgan","image":{"@type":"ImageObject","inLanguage":"fr-FR","@id":"https:\/\/www.infolocale.fr\/blog\/#\/schema\/person\/image\/","url":"https:\/\/secure.gravatar.com\/avatar\/a22ec2a0cc817ae9fa3ff7341a213632?s=96&d=mm&r=g","contentUrl":"https:\/\/secure.gravatar.com\/avatar\/a22ec2a0cc817ae9fa3ff7341a213632?s=96&d=mm&r=g","caption":"Morgan"},"url":"https:\/\/www.infolocale.fr\/blog\/author\/morgan-delepine\/"}]}},"_links":{"self":[{"href":"https:\/\/www.infolocale.fr\/blog\/wp-json\/wp\/v2\/posts\/20665"}],"collection":[{"href":"https:\/\/www.infolocale.fr\/blog\/wp-json\/wp\/v2\/posts"}],"about":[{"href":"https:\/\/www.infolocale.fr\/blog\/wp-json\/wp\/v2\/types\/post"}],"author":[{"embeddable":true,"href":"https:\/\/www.infolocale.fr\/blog\/wp-json\/wp\/v2\/users\/2"}],"replies":[{"embeddable":true,"href":"https:\/\/www.infolocale.fr\/blog\/wp-json\/wp\/v2\/comments?post=20665"}],"version-history":[{"count":0,"href":"https:\/\/www.infolocale.fr\/blog\/wp-json\/wp\/v2\/posts\/20665\/revisions"}],"wp:featuredmedia":[{"embeddable":true,"href":"https:\/\/www.infolocale.fr\/blog\/wp-json\/wp\/v2\/media\/20671"}],"wp:attachment":[{"href":"https:\/\/www.infolocale.fr\/blog\/wp-json\/wp\/v2\/media?parent=20665"}],"wp:term":[{"taxonomy":"category","embeddable":true,"href":"https:\/\/www.infolocale.fr\/blog\/wp-json\/wp\/v2\/categories?post=20665"},{"taxonomy":"post_tag","embeddable":true,"href":"https:\/\/www.infolocale.fr\/blog\/wp-json\/wp\/v2\/tags?post=20665"}],"curies":[{"name":"wp","href":"https:\/\/api.w.org\/{rel}","templated":true}]}}