{"id":18645,"date":"2022-04-05T16:18:04","date_gmt":"2022-04-05T14:18:04","guid":{"rendered":"https:\/\/www.infolocale.fr\/blog\/?p=18645"},"modified":"2023-07-04T11:45:23","modified_gmt":"2023-07-04T09:45:23","slug":"deroulement-assemblee-generale-association","status":"publish","type":"post","link":"https:\/\/www.infolocale.fr\/blog\/deroulement-assemblee-generale-association\/","title":{"rendered":"D\u00e9roulement de l\u2019assembl\u00e9e g\u00e9n\u00e9rale en association"},"content":{"rendered":"\n<p>Il n&rsquo;y a pas de r\u00e8gle imposant un d\u00e9roul\u00e9 strict de l&rsquo;assembl\u00e9e g\u00e9n\u00e9rale d&rsquo;une association. Le plan qui suit est donc une suggestion bas\u00e9e sur les pratiques r\u00e9guli\u00e8rement observ\u00e9es en associations. Le <strong>d\u00e9roulement de l&rsquo;assembl\u00e9e g\u00e9n\u00e9rale ordinaire<\/strong> est constitu\u00e9 des \u00e9tapes suivantes :<\/p>\n\n\n\n<p class=\"has-black-color has-pale-cyan-blue-background-color has-text-color has-background\">1. Si la r\u00e8gle du quorum est appliqu\u00e9e dans votre asso, les participants doivent \u00e9marger,<br>2. Le pr\u00e9sident fait son discours d&rsquo;ouverture et rappelle les points pr\u00e9sents \u00e0 l\u2019ordre du jour,<br>3. Le pr\u00e9sident pr\u00e9sente le rapport moral. Il peut \u00eatre suivi du quitus moral,<br>4. Le tr\u00e9sorier d\u00e9fend le rapport financier. Il peut \u00eatre suivi du quitus financier,<br>5. Pr\u00e9sentation du projet pour l\u2019ann\u00e9e \u00e0 venir,<br>6. Pr\u00e9sentation du pr\u00e9visionnel de l\u2019exercice \u00e0 venir,<br>7. D\u00e9roul\u00e9 des autres points pr\u00e9sents \u00e0 l\u2019ordre du jour,<br>8. Questions divers,<br>9. Apr\u00e8s la r\u00e9union, le secr\u00e9taire r\u00e9dige le proc\u00e8s-verbal de l\u2019assembl\u00e9e g\u00e9n\u00e9rale,<\/p>\n\n\n\n<div class=\"wp-block-buttons is-horizontal is-content-justification-center is-layout-flex wp-container-core-buttons-is-layout-1 wp-block-buttons-is-layout-flex\">\n<div class=\"wp-block-button\"><a class=\"wp-block-button__link has-white-color has-luminous-vivid-amber-background-color has-text-color has-background wp-element-button\"><strong>&gt;&gt;Inscrire mon asso \u00e0 Infolocale <\/strong><\/a><\/div>\n<\/div>\n\n\n\n<h2 class=\"wp-block-heading\">L\u2019assembl\u00e9e g\u00e9n\u00e9rale ordinaire en association loi 1901<\/h2>\n\n\n\n<p>Le plus souvent, vous organiserez l&rsquo;assembl\u00e9e g\u00e9n\u00e9rale ordinaire de votre asso, une fois par an. Ce n&rsquo;est pas une <a href=\"https:\/\/www.infolocale.fr\/blog\/obligation-assemblee-generale-association\/\">obligation l\u00e9gale<\/a>, cependant, la plupart des associations choisissent tout de m\u00eame de la tenir.<\/p>\n\n\n\n<p>Avant de l\u2019organiser, vous devez la pr\u00e9parer ; r\u00e9diger l\u2019<a href=\"https:\/\/www.infolocale.fr\/blog\/ecrire-ordre-du-jour-assemblee-generale-association\/\">ordre du jour<\/a>, le joindre \u00e0 la <a href=\"https:\/\/www.infolocale.fr\/blog\/convocation-assemblee-generale-association\/\">convocation<\/a> et l\u2019envoyer dans un <a href=\"https:\/\/www.infolocale.fr\/blog\/delai-convoquer-assemblee-generale\/\">d\u00e9lai suffisant<\/a> pour permettre aux membres de l\u2019assembl\u00e9e g\u00e9n\u00e9rale de se pr\u00e9parer aux d\u00e9bats.&nbsp;<\/p>\n\n\n\n<p>Vous organisez une AG ? Vous vous demandez comment vous allez g\u00e9rer le <strong>d\u00e9roulement de l&rsquo;assembl\u00e9e g\u00e9n\u00e9rale de votre association<\/strong> ? Pas de panique ! Nous vous proposons ici le plan classique du <strong>d\u00e9roulement de l&rsquo;assembl\u00e9e g\u00e9n\u00e9rale ordinaire<\/strong>. <\/p>\n\n\n\n<p>Dans cet article, nous sommes partis du principe que le pr\u00e9sident et le secr\u00e9taire de s\u00e9ance sont les m\u00eames personnes que le pr\u00e9sident et le secr\u00e9taire de l\u2019association. Ce n\u2019est pas une obligation, mais dans les faits, c\u2019est ce que l\u2019on observe le plus souvent. <\/p>\n\n\n\n<p>Le jour J, l\u2019assembl\u00e9e g\u00e9n\u00e9rale se d\u00e9roule comme suit.&nbsp;<\/p>\n\n\n\n<h2 class=\"wp-block-heading\">1. Les participants \u00e9margent<\/h2>\n\n\n\n<p>Si vos statuts font r\u00e9f\u00e9rence \u00e0 une r\u00e8gle de quorum alors, l&rsquo;\u00e9margement des participants fera obligatoirement parti du d\u00e9roulement de l&rsquo;<a href=\"https:\/\/www.infolocale.fr\/blog\/obligation-assemblee-generale-association\/\">assembl\u00e9e g\u00e9n\u00e9rale ordinaire<\/a> de votre association.<\/p>\n\n\n\n<p><a href=\"https:\/\/www.infolocale.fr\/blog\/quorum-assemblee-generale-association\/\">Le quorum<\/a> est un filet de s\u00e9curit\u00e9 permettant de s&rsquo;assurer de la repr\u00e9sentativit\u00e9 d&rsquo;une assembl\u00e9e g\u00e9n\u00e9rale. Mis en place, il impose \u00e0 votre assembl\u00e9e la participation minimum d\u2019une certaine proportion de vos adh\u00e9rents. Elle peut \u00eatre de 50%, 75%&#8230;<\/p>\n\n\n\n<p>S&rsquo;il est atteint, les d\u00e9cisions de votre assembl\u00e9e sont valid\u00e9es. Dans le cas contraire, votre assembl\u00e9e sera invalid\u00e9e.<\/p>\n\n\n\n<h2 class=\"wp-block-heading\">2. Discours d\u2019ouverture du pr\u00e9sident et lecture de l\u2019ordre du jour<\/h2>\n\n\n\n<p>Si vous \u00eatre le pr\u00e9sident de votre association, c&rsquo;est g\u00e9n\u00e9ralement vous qui ouvrirez l\u2019assembl\u00e9e g\u00e9n\u00e9rale. Le plus souvent, vous le ferez par un discours. <\/p>\n\n\n\n<p>Ici, vous pouvez aborder, dans les grandes lignes, les actions mises en place durant l&rsquo;ann\u00e9e \u00e9coul\u00e9e. Cependant, veillez \u00e0 ne pas entrer dans le d\u00e9roul\u00e9 du bilan moral. En effet, le bilan est un point \u00e0 l&rsquo;ordre du jour que vous aborderez apr\u00e8s votre discours.<\/p>\n\n\n\n<p>Dans votre discours, commencez par remercier vos partenaires, les b\u00e9n\u00e9voles, les gens qui s\u2019investissent dans l\u2019association ainsi que les partenaires publics qui vous soutiennent et mettent des infrastructures \u00e0 votre disposition. Ensuite, prenez une minute pour rappeler les diff\u00e9rents points pr\u00e9sents \u00e0 l\u2019ordre du jour. Ceux-ci sont normalement d\u00e9j\u00e0 connus des participants. N\u00e9anmoins, il peut \u00eatre utile de le rappeler en d\u00e9but de s\u00e9ance. <\/p>\n\n\n\n<p>Enfin, veillez \u00e0 faire un discours clair, dynamique et court ! Evitez de faire un discours pour faire un discours et de meubler. Sachez vous arr\u00eater ; quelques petites minutes suffisent.<\/p>\n\n\n<div class=\"wp-block-image is-resized\">\n<figure class=\"aligncenter size-large has-lightbox\"><a href=\"https:\/\/www.infolocale.fr\/decouvrir\/deposant\/?utm_source=blog&amp;utm_medium=banner&amp;utm_campaign=blog-content\"><img fetchpriority=\"high\" decoding=\"async\" width=\"1024\" height=\"1024\" src=\"https:\/\/www.infolocale.fr\/blog\/wp-content\/uploads\/2021\/11\/banniere-NLDASSO-carree1500x1500-1024x1024.jpg\" alt=\"\" class=\"wp-image-23946\" srcset=\"https:\/\/www.infolocale.fr\/blog\/wp-content\/uploads\/2021\/11\/banniere-NLDASSO-carree1500x1500-1024x1024.jpg 1024w, https:\/\/www.infolocale.fr\/blog\/wp-content\/uploads\/2021\/11\/banniere-NLDASSO-carree1500x1500-300x300.jpg 300w, https:\/\/www.infolocale.fr\/blog\/wp-content\/uploads\/2021\/11\/banniere-NLDASSO-carree1500x1500-150x150.jpg 150w, https:\/\/www.infolocale.fr\/blog\/wp-content\/uploads\/2021\/11\/banniere-NLDASSO-carree1500x1500-768x768.jpg 768w, https:\/\/www.infolocale.fr\/blog\/wp-content\/uploads\/2021\/11\/banniere-NLDASSO-carree1500x1500.jpg 1500w\" sizes=\"(max-width: 1024px) 100vw, 1024px\" \/><\/a><\/figure><\/div>\n\n\n<h2 class=\"wp-block-heading\">3. Pr\u00e9sentation du rapport moral<\/h2>\n\n\n\n<p>C\u2019est g\u00e9n\u00e9ralement le pr\u00e9sident qui pr\u00e9sente <a href=\"https:\/\/www.infolocale.fr\/blog\/rapport-moral-association\/\">le rapport moral<\/a>. N\u00e9anmoins, selon vos statuts et votre organisation interne, il est possible que cette mission reviennent \u00e0 votre secr\u00e9taire ou \u00e0 une autre personne.<\/p>\n\n\n\n<p>Le rapport moral pr\u00e9sente le bilan des actions entreprises durant l\u2019ann\u00e9e \u00e9coul\u00e9e. Logiquement, ce document est pr\u00e9par\u00e9 en amont de l\u2019assembl\u00e9e g\u00e9n\u00e9rale. Souvent, le pr\u00e9sident s\u2019aidera d\u2019un support au format power point pour illustrer son propos.<\/p>\n\n\n\n<p>Une fois la pr\u00e9sentation termin\u00e9e, vous devrez ouvrir un vote pour valider le rapport moral et les actions du bureau. Ici, il s\u2019agit d\u2019obtenir le <a href=\"https:\/\/www.infolocale.fr\/blog\/quitus-association\/\">quitus de l\u2019assembl\u00e9e g\u00e9n\u00e9rale<\/a>. Le quitus est un vote de confiance de l&rsquo;assembl\u00e9e g\u00e9n\u00e9rale envers ses dirigeants. Souvent, les statuts des associations pr\u00e9voient les cons\u00e9quences d&rsquo;un vote n\u00e9gatif. Le plus souvent, celui-ci entra\u00eene la d\u00e9mission du pr\u00e9sident.<\/p>\n\n\n\n<h2 class=\"wp-block-heading\">4. Pr\u00e9sentation du rapport financier par le tr\u00e9sorier<\/h2>\n\n\n\n<p>Cette partie est d\u00e9di\u00e9e aux finances de votre association. A cette \u00e9tape, vous devrez, par l&rsquo;interm\u00e9diaire de votre tr\u00e9sorier, pr\u00e9senter le rapport financier et faire le bilan comptable de votre organisation.&nbsp;&nbsp;<\/p>\n\n\n\n<p>Ce point peut, lui aussi, \u00eatre soumis \u00e0 un vote de confiance de l\u2019assembl\u00e9e g\u00e9n\u00e9rale. En cas de refus, les cons\u00e9quences devraient avoir \u00e9t\u00e9 enregistr\u00e9es dans les statuts. Comme pour le rapport moral, un vote n\u00e9gatif du <a href=\"https:\/\/www.infolocale.fr\/blog\/rapport-financier-annuel-association\/\">rapport financier<\/a> peut entra\u00eener la d\u00e9mission du tr\u00e9sorier.&nbsp;<\/p>\n\n\n\n<h2 class=\"wp-block-heading\">5. Projet pour l\u2019ann\u00e9e \u00e0 venir<\/h2>\n\n\n\n<p>Le pr\u00e9sident reprend la parole et pr\u00e9sente le projet pour l\u2019ann\u00e9e \u00e0 venir. Il s&rsquo;agit g\u00e9n\u00e9ralement d&rsquo;un plan d&rsquo;actions dans lequel l&rsquo;\u00e9quipe dirigeante propose un cap et des objectifs. Selon le type d&rsquo;association, ce peut \u00eatre l&rsquo;ouverture de nouvelles sections, de nouveaux cr\u00e9neaux pour les entra\u00eenements, de r\u00e9p\u00e9titions. Ce peut aussi \u00eatre l&rsquo;achat de locaux, l&rsquo;obtention de nouvelles infrastructures, de terrains, de salle&#8230; Ce point, comme tous les autres, peut \u00eatre ouvert aux questions et aux discussions.<\/p>\n\n\n\n<p>Le projet peut aussi \u00eatre mis au vote de l\u2019assembl\u00e9e g\u00e9n\u00e9rale.<\/p>\n\n\n\n<h2 class=\"wp-block-heading\">6. Le pr\u00e9visionnel de l\u2019exercice \u00e0 venir<\/h2>\n\n\n\n<p>A l\u2019issue du vote de confiance du bilan financier, le tr\u00e9sorier peut pr\u00e9senter le pr\u00e9visionnel pour l\u2019ann\u00e9e \u00e0 venir. Ce document est g\u00e9n\u00e9ralement r\u00e9alis\u00e9 en accord avec le projet pour l\u2019ann\u00e9e \u00e0 venir pr\u00e9senter plus t\u00f4t par le pr\u00e9sident.<\/p>\n\n\n\n<p>Le pr\u00e9visionnel fait le d\u00e9tail des actions \u00e0 venir et du co\u00fbt qu\u2019elles auront pour l\u2019association, pr\u00e9voit le budget en fonction :<\/p>\n\n\n\n<ul class=\"wp-block-list\"><li>des cotisations,&nbsp;&nbsp;<\/li><li>du nombre de licenci\u00e9s,&nbsp;&nbsp;<\/li><li>des <a href=\"https:\/\/www.infolocale.fr\/blog\/dossier-sponsoring\/\">sponsors<\/a>,&nbsp;&nbsp;<\/li><li>des <a href=\"https:\/\/www.infolocale.fr\/blog\/subventions-aux-associations-deux-changements-dans-le-cadre-legal\/\">subventions publiques<\/a>.&nbsp;&nbsp;<\/li><\/ul>\n\n\n\n<h2 class=\"wp-block-heading\">7. D\u00e9roulement de l&rsquo;assembl\u00e9e g\u00e9n\u00e9rale : autres points pr\u00e9sents \u00e0 l\u2019ordre du jours<\/h2>\n\n\n\n<p>Cette partie d\u00e9pend des besoins de votre association et de ce que vous avez d\u00e9cid\u00e9 de faire figurer \u00e0 l\u2019ordre du jour. Il est une multitude de sujets que vous pouvez aborder en assembl\u00e9e g\u00e9n\u00e9rale ordinaire :&nbsp;&nbsp;<\/p>\n\n\n\n<ul class=\"wp-block-list\"><li>Le renouvellement des administrateurs en fin de mandat&nbsp;<\/li><li>L\u2019<a href=\"https:\/\/www.infolocale.fr\/blog\/elire-bureau-association\/\">\u00e9lection des postes vacants au bureau<\/a>&nbsp;<\/li><li>La <a href=\"https:\/\/www.infolocale.fr\/blog\/modifier-statuts-association\/\">modification des statuts<\/a>&nbsp;<\/li><li>Le renouvellement des comit\u00e9s (communication, gestion des b\u00e9n\u00e9voles)&nbsp;<\/li><\/ul>\n\n\n\n<p>Parfois, pour certains sujets plus d\u00e9licats, les statuts peuvent pr\u00e9voir un traitement en <a href=\"https:\/\/www.infolocale.fr\/blog\/assemblee-generale-extraordinaire-association\/\">assembl\u00e9e g\u00e9n\u00e9rale extraordinaire<\/a>. Il n\u2019y a pas de r\u00e8gle absolue, mais ce sera souvent le cas de :&nbsp;&nbsp;<\/p>\n\n\n\n<ul class=\"wp-block-list\"><li>L&rsquo;acquisition immobili\u00e8re<\/li><li>La vente de bien foncier&nbsp;<\/li><li>La cr\u00e9ation d\u2019un emploi&nbsp;<\/li><\/ul>\n\n\n\n<h2 class=\"wp-block-heading\">8. Questions divers&nbsp;<\/h2>\n\n\n\n<p>Avec les questions diverses vous allez permettre aux participants de votre assembl\u00e9e g\u00e9n\u00e9rale de poser des questions sur des sujets ne figurant pas \u00e0 l&rsquo;ordre du jour. Cependant, vous ne devriez pas ouvrir ces questions diverses \u00e0 un vote contraignant.<\/p>\n\n\n\n<p>En effet, seuls les points clairement inscrits \u00e0 l\u2019ordre du jour peuvent d\u00e9couler sur de tels votes. En cas de vote d\u2019une motion bas\u00e9e sur une question diverse, vous vous exposez, en cas de r\u00e9clamation, au risque d&rsquo;annulation de votre assembl\u00e9e g\u00e9n\u00e9rale.<\/p>\n\n\n\n<h2 class=\"wp-block-heading\">9. R\u00e9daction du proc\u00e8s-verbal de l\u2019assembl\u00e9e g\u00e9n\u00e9rale&nbsp;<\/h2>\n\n\n\n<p>A l\u2019issue de votre assembl\u00e9e g\u00e9n\u00e9rale ordinaire, vous devez proc\u00e9der \u00e0 la r\u00e9daction du proc\u00e8s-verbal. G\u00e9n\u00e9ralement, c&rsquo;est le secr\u00e9taire de votre association qui s&rsquo;occupera de cette mission. Le proc\u00e8s-verbal est un compte-rendu de r\u00e9union. Il permettra de faire le point sur le contenu des d\u00e9bats et le r\u00e9sultat des votes.<br>&nbsp;<br>Il n\u2019est pas une obligation l\u00e9gale. Cependant, il le devient si vous inscrivez la r\u00e9daction de ce compte-rendu dans les <a href=\"https:\/\/www.infolocale.fr\/blog\/rediger-statuts-dune-association\/\">statuts de votre association<\/a> ou dans son <a href=\"https:\/\/www.infolocale.fr\/blog\/reglement-interieur-association\/\">r\u00e8glement int\u00e9rieur<\/a>.<br>&nbsp;<br>En outre, le proc\u00e8s-verbal peut \u00eatre utile pour certifier de la pr\u00e9sence du quorum et renforcer la l\u00e9gitimit\u00e9 de votre assembl\u00e9e g\u00e9n\u00e9rale. Ce sera d\u2019autant plus utile si votre association fait face \u00e0 des r\u00e9clamations ou une demande d\u2019invalidation des d\u00e9cisions prises durant votre assembl\u00e9e g\u00e9n\u00e9rale.<\/p>\n\n\n\n<p>Pensez \u00e9galement \u00e0 conserver votre proc\u00e8s-verbal dans les <a href=\"https:\/\/www.infolocale.fr\/blog\/conserver-archives-association\/\">archives de votre association<\/a>.<\/p>\n","protected":false},"excerpt":{"rendered":"<p>Il n&rsquo;y a pas de r\u00e8gle imposant un d\u00e9roul\u00e9 strict de l&rsquo;assembl\u00e9e g\u00e9n\u00e9rale d&rsquo;une association. Le plan qui suit est donc une suggestion bas\u00e9e sur [&hellip;]<\/p>\n","protected":false},"author":2,"featured_media":18650,"comment_status":"open","ping_status":"open","sticky":false,"template":"","format":"standard","meta":{"_coblocks_attr":"","_coblocks_dimensions":"","_coblocks_responsive_height":"","_coblocks_accordion_ie_support":"","_mo_disable_npp":"","footnotes":""},"categories":[74],"tags":[104],"class_list":["post-18645","post","type-post","status-publish","format-standard","has-post-thumbnail","hentry","category-creer-et-administrer-une-association-1901","tag-assemblee-generale-ordinaire"],"yoast_head":"<!-- This site is optimized with the Yoast SEO plugin v23.2 - https:\/\/yoast.com\/wordpress\/plugins\/seo\/ -->\n<title>D\u00e9roulement de l\u2019assembl\u00e9e g\u00e9n\u00e9rale en association\u00a0 |<\/title>\n<meta name=\"description\" content=\"Le d\u00e9roulement de l\u2019assembl\u00e9e g\u00e9n\u00e9rale ordinaire est constitu\u00e9 des \u00e9tapes qui suivent : 1. Les participants \u00e9margent, 2. Discours d\u2019ouvertu...\" \/>\n<meta name=\"robots\" content=\"index, follow, max-snippet:-1, max-image-preview:large, max-video-preview:-1\" \/>\n<link rel=\"canonical\" href=\"https:\/\/infolocale.actu.fr\/blog\/deroulement-assemblee-generale-association\/\" \/>\n<meta property=\"og:locale\" content=\"fr_FR\" \/>\n<meta property=\"og:type\" content=\"article\" \/>\n<meta property=\"og:title\" content=\"D\u00e9roulement de l\u2019assembl\u00e9e g\u00e9n\u00e9rale en association\u00a0 |\" \/>\n<meta property=\"og:description\" content=\"Le d\u00e9roulement de l\u2019assembl\u00e9e g\u00e9n\u00e9rale ordinaire est constitu\u00e9 des \u00e9tapes qui suivent : 1. Les participants \u00e9margent, 2. Discours d\u2019ouvertu...\" \/>\n<meta property=\"og:url\" content=\"https:\/\/infolocale.actu.fr\/blog\/deroulement-assemblee-generale-association\/\" \/>\n<meta property=\"article:publisher\" content=\"https:\/\/www.facebook.com\/infolocaleFR\/\" \/>\n<meta property=\"article:published_time\" content=\"2022-04-05T14:18:04+00:00\" \/>\n<meta property=\"article:modified_time\" content=\"2023-07-04T09:45:23+00:00\" \/>\n<meta property=\"og:image\" content=\"https:\/\/infolocale.actu.fr\/blog\/wp-content\/uploads\/2022\/04\/deroulement-assemblee-generale.jpg\" \/>\n\t<meta property=\"og:image:width\" content=\"900\" \/>\n\t<meta property=\"og:image:height\" content=\"630\" \/>\n\t<meta property=\"og:image:type\" content=\"image\/jpeg\" \/>\n<meta name=\"author\" content=\"Morgan\" \/>\n<meta name=\"twitter:card\" content=\"summary_large_image\" \/>\n<meta name=\"twitter:creator\" content=\"@infolocale\" \/>\n<meta name=\"twitter:site\" content=\"@infolocale\" \/>\n<meta name=\"twitter:label1\" content=\"\u00c9crit par\" \/>\n\t<meta name=\"twitter:data1\" content=\"Morgan\" \/>\n\t<meta name=\"twitter:label2\" content=\"Dur\u00e9e de lecture estim\u00e9e\" \/>\n\t<meta name=\"twitter:data2\" content=\"7 minutes\" \/>\n<script type=\"application\/ld+json\" class=\"yoast-schema-graph\">{\"@context\":\"https:\/\/schema.org\",\"@graph\":[{\"@type\":\"Article\",\"@id\":\"https:\/\/infolocale.actu.fr\/blog\/deroulement-assemblee-generale-association\/#article\",\"isPartOf\":{\"@id\":\"https:\/\/infolocale.actu.fr\/blog\/deroulement-assemblee-generale-association\/\"},\"author\":{\"name\":\"Morgan\",\"@id\":\"https:\/\/www.infolocale.fr\/blog\/#\/schema\/person\/f0f748ece99417833166b3ba8890f3db\"},\"headline\":\"D\u00e9roulement de l\u2019assembl\u00e9e g\u00e9n\u00e9rale en association\",\"datePublished\":\"2022-04-05T14:18:04+00:00\",\"dateModified\":\"2023-07-04T09:45:23+00:00\",\"mainEntityOfPage\":{\"@id\":\"https:\/\/infolocale.actu.fr\/blog\/deroulement-assemblee-generale-association\/\"},\"wordCount\":1590,\"commentCount\":5,\"publisher\":{\"@id\":\"https:\/\/www.infolocale.fr\/blog\/#organization\"},\"image\":{\"@id\":\"https:\/\/infolocale.actu.fr\/blog\/deroulement-assemblee-generale-association\/#primaryimage\"},\"thumbnailUrl\":\"https:\/\/www.infolocale.fr\/blog\/wp-content\/uploads\/2022\/04\/deroulement-assemblee-generale.jpg\",\"keywords\":[\"Assembl\u00e9e g\u00e9n\u00e9rale ordinaire\"],\"articleSection\":[\"Cr\u00e9er et g\u00e9rer une association\"],\"inLanguage\":\"fr-FR\",\"potentialAction\":[{\"@type\":\"CommentAction\",\"name\":\"Comment\",\"target\":[\"https:\/\/infolocale.actu.fr\/blog\/deroulement-assemblee-generale-association\/#respond\"]}]},{\"@type\":\"WebPage\",\"@id\":\"https:\/\/infolocale.actu.fr\/blog\/deroulement-assemblee-generale-association\/\",\"url\":\"https:\/\/infolocale.actu.fr\/blog\/deroulement-assemblee-generale-association\/\",\"name\":\"D\u00e9roulement de l\u2019assembl\u00e9e g\u00e9n\u00e9rale en association\u00a0 |\",\"isPartOf\":{\"@id\":\"https:\/\/www.infolocale.fr\/blog\/#website\"},\"primaryImageOfPage\":{\"@id\":\"https:\/\/infolocale.actu.fr\/blog\/deroulement-assemblee-generale-association\/#primaryimage\"},\"image\":{\"@id\":\"https:\/\/infolocale.actu.fr\/blog\/deroulement-assemblee-generale-association\/#primaryimage\"},\"thumbnailUrl\":\"https:\/\/www.infolocale.fr\/blog\/wp-content\/uploads\/2022\/04\/deroulement-assemblee-generale.jpg\",\"datePublished\":\"2022-04-05T14:18:04+00:00\",\"dateModified\":\"2023-07-04T09:45:23+00:00\",\"description\":\"Le d\u00e9roulement de l\u2019assembl\u00e9e g\u00e9n\u00e9rale ordinaire est constitu\u00e9 des \u00e9tapes qui suivent : 1. Les participants \u00e9margent, 2. Discours d\u2019ouvertu...\",\"breadcrumb\":{\"@id\":\"https:\/\/infolocale.actu.fr\/blog\/deroulement-assemblee-generale-association\/#breadcrumb\"},\"inLanguage\":\"fr-FR\",\"potentialAction\":[{\"@type\":\"ReadAction\",\"target\":[\"https:\/\/infolocale.actu.fr\/blog\/deroulement-assemblee-generale-association\/\"]}]},{\"@type\":\"ImageObject\",\"inLanguage\":\"fr-FR\",\"@id\":\"https:\/\/infolocale.actu.fr\/blog\/deroulement-assemblee-generale-association\/#primaryimage\",\"url\":\"https:\/\/www.infolocale.fr\/blog\/wp-content\/uploads\/2022\/04\/deroulement-assemblee-generale.jpg\",\"contentUrl\":\"https:\/\/www.infolocale.fr\/blog\/wp-content\/uploads\/2022\/04\/deroulement-assemblee-generale.jpg\",\"width\":900,\"height\":630,\"caption\":\"D\u00e9roulement de l\u2019assembl\u00e9e g\u00e9n\u00e9rale en association\"},{\"@type\":\"BreadcrumbList\",\"@id\":\"https:\/\/infolocale.actu.fr\/blog\/deroulement-assemblee-generale-association\/#breadcrumb\",\"itemListElement\":[{\"@type\":\"ListItem\",\"position\":1,\"name\":\"Blog\",\"item\":\"https:\/\/infolocale.ouest-france.fr\/blog\/\"},{\"@type\":\"ListItem\",\"position\":2,\"name\":\"Cr\u00e9er et g\u00e9rer une association\",\"item\":\"https:\/\/infolocale.ouest-france.fr\/blog\/cat\/creer-et-administrer-une-association-1901\/\"},{\"@type\":\"ListItem\",\"position\":3,\"name\":\"D\u00e9roulement de l\u2019assembl\u00e9e g\u00e9n\u00e9rale en association\"}]},{\"@type\":\"WebSite\",\"@id\":\"https:\/\/www.infolocale.fr\/blog\/#website\",\"url\":\"https:\/\/www.infolocale.fr\/blog\/\",\"name\":\"\",\"description\":\"\",\"publisher\":{\"@id\":\"https:\/\/www.infolocale.fr\/blog\/#organization\"},\"potentialAction\":[{\"@type\":\"SearchAction\",\"target\":{\"@type\":\"EntryPoint\",\"urlTemplate\":\"https:\/\/www.infolocale.fr\/blog\/?s={search_term_string}\"},\"query-input\":\"required name=search_term_string\"}],\"inLanguage\":\"fr-FR\"},{\"@type\":\"Organization\",\"@id\":\"https:\/\/www.infolocale.fr\/blog\/#organization\",\"name\":\"Infolocale\",\"url\":\"https:\/\/www.infolocale.fr\/blog\/\",\"logo\":{\"@type\":\"ImageObject\",\"inLanguage\":\"fr-FR\",\"@id\":\"https:\/\/www.infolocale.fr\/blog\/#\/schema\/logo\/image\/\",\"url\":\"https:\/\/www.infolocale.fr\/blog\/wp-content\/uploads\/2020\/11\/logol.jpg\",\"contentUrl\":\"https:\/\/www.infolocale.fr\/blog\/wp-content\/uploads\/2020\/11\/logol.jpg\",\"width\":1031,\"height\":398,\"caption\":\"Infolocale\"},\"image\":{\"@id\":\"https:\/\/www.infolocale.fr\/blog\/#\/schema\/logo\/image\/\"},\"sameAs\":[\"https:\/\/www.facebook.com\/infolocaleFR\/\",\"https:\/\/x.com\/infolocale\",\"https:\/\/www.instagram.com\/infolocale\/\",\"https:\/\/fr.linkedin.com\/company\/infolocale\",\"https:\/\/www.youtube.com\/channel\/UCnv4FA8EYEuu_si3TGr7xeA\"]},{\"@type\":\"Person\",\"@id\":\"https:\/\/www.infolocale.fr\/blog\/#\/schema\/person\/f0f748ece99417833166b3ba8890f3db\",\"name\":\"Morgan\",\"image\":{\"@type\":\"ImageObject\",\"inLanguage\":\"fr-FR\",\"@id\":\"https:\/\/www.infolocale.fr\/blog\/#\/schema\/person\/image\/\",\"url\":\"https:\/\/secure.gravatar.com\/avatar\/a22ec2a0cc817ae9fa3ff7341a213632?s=96&d=mm&r=g\",\"contentUrl\":\"https:\/\/secure.gravatar.com\/avatar\/a22ec2a0cc817ae9fa3ff7341a213632?s=96&d=mm&r=g\",\"caption\":\"Morgan\"},\"url\":\"https:\/\/www.infolocale.fr\/blog\/author\/morgan-delepine\/\"}]}<\/script>\n<!-- \/ Yoast SEO plugin. -->","yoast_head_json":{"title":"D\u00e9roulement de l\u2019assembl\u00e9e g\u00e9n\u00e9rale en association\u00a0 |","description":"Le d\u00e9roulement de l\u2019assembl\u00e9e g\u00e9n\u00e9rale ordinaire est constitu\u00e9 des \u00e9tapes qui suivent : 1. Les participants \u00e9margent, 2. Discours d\u2019ouvertu...","robots":{"index":"index","follow":"follow","max-snippet":"max-snippet:-1","max-image-preview":"max-image-preview:large","max-video-preview":"max-video-preview:-1"},"canonical":"https:\/\/infolocale.actu.fr\/blog\/deroulement-assemblee-generale-association\/","og_locale":"fr_FR","og_type":"article","og_title":"D\u00e9roulement de l\u2019assembl\u00e9e g\u00e9n\u00e9rale en association\u00a0 |","og_description":"Le d\u00e9roulement de l\u2019assembl\u00e9e g\u00e9n\u00e9rale ordinaire est constitu\u00e9 des \u00e9tapes qui suivent : 1. Les participants \u00e9margent, 2. Discours d\u2019ouvertu...","og_url":"https:\/\/infolocale.actu.fr\/blog\/deroulement-assemblee-generale-association\/","article_publisher":"https:\/\/www.facebook.com\/infolocaleFR\/","article_published_time":"2022-04-05T14:18:04+00:00","article_modified_time":"2023-07-04T09:45:23+00:00","og_image":[{"width":900,"height":630,"url":"https:\/\/infolocale.actu.fr\/blog\/wp-content\/uploads\/2022\/04\/deroulement-assemblee-generale.jpg","type":"image\/jpeg"}],"author":"Morgan","twitter_card":"summary_large_image","twitter_creator":"@infolocale","twitter_site":"@infolocale","twitter_misc":{"\u00c9crit par":"Morgan","Dur\u00e9e de lecture estim\u00e9e":"7 minutes"},"schema":{"@context":"https:\/\/schema.org","@graph":[{"@type":"Article","@id":"https:\/\/infolocale.actu.fr\/blog\/deroulement-assemblee-generale-association\/#article","isPartOf":{"@id":"https:\/\/infolocale.actu.fr\/blog\/deroulement-assemblee-generale-association\/"},"author":{"name":"Morgan","@id":"https:\/\/www.infolocale.fr\/blog\/#\/schema\/person\/f0f748ece99417833166b3ba8890f3db"},"headline":"D\u00e9roulement de l\u2019assembl\u00e9e g\u00e9n\u00e9rale en association","datePublished":"2022-04-05T14:18:04+00:00","dateModified":"2023-07-04T09:45:23+00:00","mainEntityOfPage":{"@id":"https:\/\/infolocale.actu.fr\/blog\/deroulement-assemblee-generale-association\/"},"wordCount":1590,"commentCount":5,"publisher":{"@id":"https:\/\/www.infolocale.fr\/blog\/#organization"},"image":{"@id":"https:\/\/infolocale.actu.fr\/blog\/deroulement-assemblee-generale-association\/#primaryimage"},"thumbnailUrl":"https:\/\/www.infolocale.fr\/blog\/wp-content\/uploads\/2022\/04\/deroulement-assemblee-generale.jpg","keywords":["Assembl\u00e9e g\u00e9n\u00e9rale ordinaire"],"articleSection":["Cr\u00e9er et g\u00e9rer une association"],"inLanguage":"fr-FR","potentialAction":[{"@type":"CommentAction","name":"Comment","target":["https:\/\/infolocale.actu.fr\/blog\/deroulement-assemblee-generale-association\/#respond"]}]},{"@type":"WebPage","@id":"https:\/\/infolocale.actu.fr\/blog\/deroulement-assemblee-generale-association\/","url":"https:\/\/infolocale.actu.fr\/blog\/deroulement-assemblee-generale-association\/","name":"D\u00e9roulement de l\u2019assembl\u00e9e g\u00e9n\u00e9rale en association\u00a0 |","isPartOf":{"@id":"https:\/\/www.infolocale.fr\/blog\/#website"},"primaryImageOfPage":{"@id":"https:\/\/infolocale.actu.fr\/blog\/deroulement-assemblee-generale-association\/#primaryimage"},"image":{"@id":"https:\/\/infolocale.actu.fr\/blog\/deroulement-assemblee-generale-association\/#primaryimage"},"thumbnailUrl":"https:\/\/www.infolocale.fr\/blog\/wp-content\/uploads\/2022\/04\/deroulement-assemblee-generale.jpg","datePublished":"2022-04-05T14:18:04+00:00","dateModified":"2023-07-04T09:45:23+00:00","description":"Le d\u00e9roulement de l\u2019assembl\u00e9e g\u00e9n\u00e9rale ordinaire est constitu\u00e9 des \u00e9tapes qui suivent : 1. Les participants \u00e9margent, 2. Discours d\u2019ouvertu...","breadcrumb":{"@id":"https:\/\/infolocale.actu.fr\/blog\/deroulement-assemblee-generale-association\/#breadcrumb"},"inLanguage":"fr-FR","potentialAction":[{"@type":"ReadAction","target":["https:\/\/infolocale.actu.fr\/blog\/deroulement-assemblee-generale-association\/"]}]},{"@type":"ImageObject","inLanguage":"fr-FR","@id":"https:\/\/infolocale.actu.fr\/blog\/deroulement-assemblee-generale-association\/#primaryimage","url":"https:\/\/www.infolocale.fr\/blog\/wp-content\/uploads\/2022\/04\/deroulement-assemblee-generale.jpg","contentUrl":"https:\/\/www.infolocale.fr\/blog\/wp-content\/uploads\/2022\/04\/deroulement-assemblee-generale.jpg","width":900,"height":630,"caption":"D\u00e9roulement de l\u2019assembl\u00e9e g\u00e9n\u00e9rale en association"},{"@type":"BreadcrumbList","@id":"https:\/\/infolocale.actu.fr\/blog\/deroulement-assemblee-generale-association\/#breadcrumb","itemListElement":[{"@type":"ListItem","position":1,"name":"Blog","item":"https:\/\/infolocale.ouest-france.fr\/blog\/"},{"@type":"ListItem","position":2,"name":"Cr\u00e9er et g\u00e9rer une association","item":"https:\/\/infolocale.ouest-france.fr\/blog\/cat\/creer-et-administrer-une-association-1901\/"},{"@type":"ListItem","position":3,"name":"D\u00e9roulement de l\u2019assembl\u00e9e g\u00e9n\u00e9rale en association"}]},{"@type":"WebSite","@id":"https:\/\/www.infolocale.fr\/blog\/#website","url":"https:\/\/www.infolocale.fr\/blog\/","name":"","description":"","publisher":{"@id":"https:\/\/www.infolocale.fr\/blog\/#organization"},"potentialAction":[{"@type":"SearchAction","target":{"@type":"EntryPoint","urlTemplate":"https:\/\/www.infolocale.fr\/blog\/?s={search_term_string}"},"query-input":"required name=search_term_string"}],"inLanguage":"fr-FR"},{"@type":"Organization","@id":"https:\/\/www.infolocale.fr\/blog\/#organization","name":"Infolocale","url":"https:\/\/www.infolocale.fr\/blog\/","logo":{"@type":"ImageObject","inLanguage":"fr-FR","@id":"https:\/\/www.infolocale.fr\/blog\/#\/schema\/logo\/image\/","url":"https:\/\/www.infolocale.fr\/blog\/wp-content\/uploads\/2020\/11\/logol.jpg","contentUrl":"https:\/\/www.infolocale.fr\/blog\/wp-content\/uploads\/2020\/11\/logol.jpg","width":1031,"height":398,"caption":"Infolocale"},"image":{"@id":"https:\/\/www.infolocale.fr\/blog\/#\/schema\/logo\/image\/"},"sameAs":["https:\/\/www.facebook.com\/infolocaleFR\/","https:\/\/x.com\/infolocale","https:\/\/www.instagram.com\/infolocale\/","https:\/\/fr.linkedin.com\/company\/infolocale","https:\/\/www.youtube.com\/channel\/UCnv4FA8EYEuu_si3TGr7xeA"]},{"@type":"Person","@id":"https:\/\/www.infolocale.fr\/blog\/#\/schema\/person\/f0f748ece99417833166b3ba8890f3db","name":"Morgan","image":{"@type":"ImageObject","inLanguage":"fr-FR","@id":"https:\/\/www.infolocale.fr\/blog\/#\/schema\/person\/image\/","url":"https:\/\/secure.gravatar.com\/avatar\/a22ec2a0cc817ae9fa3ff7341a213632?s=96&d=mm&r=g","contentUrl":"https:\/\/secure.gravatar.com\/avatar\/a22ec2a0cc817ae9fa3ff7341a213632?s=96&d=mm&r=g","caption":"Morgan"},"url":"https:\/\/www.infolocale.fr\/blog\/author\/morgan-delepine\/"}]}},"_links":{"self":[{"href":"https:\/\/www.infolocale.fr\/blog\/wp-json\/wp\/v2\/posts\/18645"}],"collection":[{"href":"https:\/\/www.infolocale.fr\/blog\/wp-json\/wp\/v2\/posts"}],"about":[{"href":"https:\/\/www.infolocale.fr\/blog\/wp-json\/wp\/v2\/types\/post"}],"author":[{"embeddable":true,"href":"https:\/\/www.infolocale.fr\/blog\/wp-json\/wp\/v2\/users\/2"}],"replies":[{"embeddable":true,"href":"https:\/\/www.infolocale.fr\/blog\/wp-json\/wp\/v2\/comments?post=18645"}],"version-history":[{"count":0,"href":"https:\/\/www.infolocale.fr\/blog\/wp-json\/wp\/v2\/posts\/18645\/revisions"}],"wp:featuredmedia":[{"embeddable":true,"href":"https:\/\/www.infolocale.fr\/blog\/wp-json\/wp\/v2\/media\/18650"}],"wp:attachment":[{"href":"https:\/\/www.infolocale.fr\/blog\/wp-json\/wp\/v2\/media?parent=18645"}],"wp:term":[{"taxonomy":"category","embeddable":true,"href":"https:\/\/www.infolocale.fr\/blog\/wp-json\/wp\/v2\/categories?post=18645"},{"taxonomy":"post_tag","embeddable":true,"href":"https:\/\/www.infolocale.fr\/blog\/wp-json\/wp\/v2\/tags?post=18645"}],"curies":[{"name":"wp","href":"https:\/\/api.w.org\/{rel}","templated":true}]}}