{"id":17718,"date":"2022-03-02T10:58:33","date_gmt":"2022-03-02T09:58:33","guid":{"rendered":"https:\/\/www.infolocale.fr\/blog\/?p=17718"},"modified":"2022-10-11T12:35:53","modified_gmt":"2022-10-11T10:35:53","slug":"non-respect-objet-social-association-risques-sanctions","status":"publish","type":"post","link":"https:\/\/www.infolocale.fr\/blog\/non-respect-objet-social-association-risques-sanctions\/","title":{"rendered":"Risques et sanctions en cas de non-respect de l\u2019objet social d\u2019une association"},"content":{"rendered":"\n<p class=\"has-black-color has-text-color has-background\" style=\"background-color:#a1d5f5\">Une association ne peut agir que dans le cadre fix\u00e9 par son objet social. En cas de <strong>non-respect de l&rsquo;objet social d&rsquo;une association<\/strong>, celle-ci s\u2019expose \u00e0 des sanctions pouvant aller jusqu\u2019\u00e0 sa dissolution. Les actes d\u00e9passant l\u2019objet de l\u2019association peuvent \u00eatre frapp\u00e9s de nullit\u00e9. De plus, ne pas respecter cet objet peut \u00e9galement engager personnellement les dirigeants \u00e9lus et les dirigeants de fait de l\u2019association. Enfin, il est \u00e0 noter qu\u2019un objet trop pr\u00e9cis ou trop flou peut emp\u00eacher votre association, d&rsquo;agir en justice ou d\u2019organiser les actions pour lesquelles elle s&rsquo;est pourtant constitu\u00e9e.<\/p>\n\n\n\n<div class=\"wp-block-buttons is-horizontal is-content-justification-center is-layout-flex wp-container-core-buttons-is-layout-1 wp-block-buttons-is-layout-flex\">\n<div class=\"wp-block-button\"><a class=\"wp-block-button__link has-white-color has-luminous-vivid-amber-background-color has-text-color has-background wp-element-button\"><strong>&gt;&gt;Inscrire mon asso \u00e0 Infolocale <\/strong><\/a><\/div>\n<\/div>\n\n\n\n<h2 class=\"wp-block-heading\">L\u2019objet social d\u2019une association : qu\u2019est-ce que c\u2019est ?&nbsp;<\/h2>\n\n\n\n<p>L\u2019objet social est une information obligatoire que vous devez int\u00e9grer aux <a href=\"https:\/\/www.infolocale.fr\/blog\/rediger-statuts-dune-association\/\">statuts de votre association<\/a>. Il peut \u00e9voluer avec le temps. Cependant, il est \u00e0 d\u00e9finir une premi\u00e8re fois, lors de l\u2019<a href=\"https:\/\/www.infolocale.fr\/blog\/assemblee-generale-constitutive-association\/\">assembl\u00e9e g\u00e9n\u00e9rale constitutive<\/a>, \u00e0 la <a href=\"https:\/\/www.infolocale.fr\/blog\/creer-une-association\/\">cr\u00e9ation de votre association<\/a>.<\/p>\n\n\n\n<p>Son \u00e9criture est une \u00e9tape importante. En effet, c\u2019est cet objet qui va d\u00e9finir les domaines dans lesquels votre association peut ou ne peut pas agir. <br><br>L\u2019objet d&rsquo;une association doit \u00eatre :&nbsp;&nbsp;&nbsp;<\/p>\n\n\n\n<ul class=\"wp-block-list\"><li>l\u00e9gal,<\/li><li>Il ne doit \u00eatre ni trop pr\u00e9cis, pour ne pas vous limiter dans votre \u00e9volution future,<\/li><li>ni trop flou, pour que son champ d\u2019action soit compr\u00e9hensible.<\/li><\/ul>\n\n\n\n<h2 class=\"wp-block-heading\">Que risque-t-on en cas de non-respect de l\u2019objet social d&rsquo;une association ?&nbsp;<\/h2>\n\n\n\n<p>Une association ne peut agir que dans le domaine enregistr\u00e9 dans l&rsquo;objet social de ses statuts.<\/p>\n\n\n\n<p>Si l\u2019association venait \u00e0 agir hors de ce cadre, la <a href=\"https:\/\/www.infolocale.fr\/blog\/responsabilite-penale-civile-association\/\">responsabilit\u00e9 des dirigeants de l\u2019association<\/a> et des personnes impliqu\u00e9es dans la cha\u00eene de d\u00e9cision pourrait \u00eatre engag\u00e9e. Ces sanctions peuvent viser, les dirigeants \u00e9lus et les dirigeants de fait.<\/p>\n\n\n\n<p>Aussi, les actes d\u00e9passant l\u2019objet de l\u2019association peuvent \u00eatre frapp\u00e9s de nullit\u00e9. Cependant, cette d\u00e9cision ne sera pas syst\u00e9matique.<\/p>\n\n\n\n<p>Au-del\u00e0 des sanctions, la mise en place d&rsquo;actions situ\u00e9es hors du champ d\u2019action de l&rsquo;association peut \u00e9galement entra\u00eener sa dissolution. Il est donc important que les statuts soient tr\u00e8s clairs sur la description de cet objet.<br>&nbsp;<br>Enfin, un objet trop pr\u00e9cis ou trop flou peut \u00e9galement emp\u00eacher l\u2019association d\u2019agir. Ce sera par exemple le cas pour les actions en justice. En effet, une association ne peut effectuer ces actions que dans les limites fix\u00e9es par son objet. Celui-ci doit donc r\u00e9pondre \u00e0 cette double contrainte. D&rsquo;une part, il doit \u00eatre suffisamment clair pour ne pas limiter ses actions. D&rsquo;autre part, il ne pas \u00eatre trop pr\u00e9cis, pour ne pas se fermer \u00e0 certains moyens d&rsquo;action.<\/p>\n\n\n<div class=\"wp-block-image is-resized\">\n<figure class=\"aligncenter size-large has-lightbox\"><a href=\"https:\/\/www.infolocale.fr\/decouvrir\/deposant\/?utm_source=blog&amp;utm_medium=banner&amp;utm_campaign=blog-content\"><img fetchpriority=\"high\" decoding=\"async\" width=\"1024\" height=\"1024\" src=\"https:\/\/www.infolocale.fr\/blog\/wp-content\/uploads\/2021\/11\/banniere-NLDASSO-carree1500x1500-1024x1024.jpg\" alt=\"\" class=\"wp-image-23946\" srcset=\"https:\/\/www.infolocale.fr\/blog\/wp-content\/uploads\/2021\/11\/banniere-NLDASSO-carree1500x1500-1024x1024.jpg 1024w, https:\/\/www.infolocale.fr\/blog\/wp-content\/uploads\/2021\/11\/banniere-NLDASSO-carree1500x1500-300x300.jpg 300w, https:\/\/www.infolocale.fr\/blog\/wp-content\/uploads\/2021\/11\/banniere-NLDASSO-carree1500x1500-150x150.jpg 150w, https:\/\/www.infolocale.fr\/blog\/wp-content\/uploads\/2021\/11\/banniere-NLDASSO-carree1500x1500-768x768.jpg 768w, https:\/\/www.infolocale.fr\/blog\/wp-content\/uploads\/2021\/11\/banniere-NLDASSO-carree1500x1500.jpg 1500w\" sizes=\"(max-width: 1024px) 100vw, 1024px\" \/><\/a><\/figure><\/div>\n\n\n<h2 class=\"wp-block-heading\">Modifier l\u2019objet social d\u2019une association<\/h2>\n\n\n\n<p>L\u2019objet d\u2019une association constitue un cadre l\u00e9gal que vous ne devez en aucun cas enfreindre. N\u00e9anmoins, il vous est tout \u00e0 fait possible de <a href=\"https:\/\/www.infolocale.fr\/blog\/modifier-objet-social-association\/\">modifier l\u2019objet social d\u2019une association<\/a>, tout au long de l\u2019existence de celle-ci et d\u2019int\u00e9grer de nouvelles missions \u00e0 votre champ d\u2019action. Pour ce faire, il vous suffit de <a href=\"https:\/\/www.infolocale.fr\/blog\/modifier-statuts-association\/\">modifier les statuts de votre association<\/a>.<\/p>\n\n\n\n<p>Tr\u00e8s souvent, la r\u00e8gle encadrant la modification des statuts est inscrite dans ces m\u00eames statuts. En cas d\u2019absence de r\u00e8gle dans vos statuts, cette modification peut se faire en assembl\u00e9e g\u00e9n\u00e9rale.<\/p>\n\n\n\n<p>Pour commencer, vous devez <a href=\"https:\/\/www.infolocale.fr\/blog\/convocation-assemblee-generale-association\/\">convoquer l\u2019assembl\u00e9e g\u00e9n\u00e9rale<\/a>. La convocation doit comprendre une partie d\u00e9di\u00e9e \u00e0 l\u2019<a href=\"https:\/\/www.infolocale.fr\/blog\/ecrire-ordre-du-jour-assemblee-generale-association\/\">ordre du jour de votre assembl\u00e9e g\u00e9n\u00e9rale<\/a>. Votre ordre du jour doit imp\u00e9rativement porter l\u2019ensemble des points qui seront ouverts au vote de l\u2019assembl\u00e9e g\u00e9n\u00e9rale.<\/p>\n\n\n\n<p>Dans ce domaine, aucun point entra\u00eenant un vote contraignant ne pourra \u00eatre pass\u00e9 sans avoir \u00e9t\u00e9 inscrit pr\u00e9alablement \u00e0 l\u2019ordre du jour. De m\u00eame, il sera interdit de ne pas ouvrir un point pr\u00e9sent \u00e0 l\u2019ordre du jour. Enfreindre l\u2019une ou l\u2019autre de ces deux r\u00e8gles vous expose, en cas de r\u00e9clamation, \u00e0 une annulation des d\u00e9cisions de votre AG.<\/p>\n\n\n\n<p>Une fois l\u2019assembl\u00e9e g\u00e9n\u00e9rale termin\u00e9e et les statuts modifi\u00e9s, vous devrez effectuer une d\u00e9claration en pr\u00e9fecture dans les trois mois suivant votre r\u00e9union.<\/p>\n\n\n\n<h2 class=\"wp-block-heading\">Pour \u00e9viter de nouvelles d\u00e9marches, soignez la r\u00e9daction de l\u2019objet social de votre asso<\/h2>\n\n\n\n<p>Id\u00e9alement, l\u2019objet doit \u00eatre assez pr\u00e9cis pour que le domaine d\u2019action de votre association soit clair et compr\u00e9hensible.<\/p>\n\n\n\n<p>N\u00e9anmoins, il doit aussi laisser des marges de man\u0153uvre et ne pas se fermer des portes sur des domaines d\u2019actions qui auraient pu \u00eatre anticip\u00e9s.<\/p>\n\n\n\n<p>De plus, au-dela des formulations plus ou moins claires, vous pouvez \u00e9galement envisager les \u00e9volutions futures de votre association.<\/p>\n\n\n\n<p>Pour vous mettre \u00e0 l\u2019abri, vous pouvez adopter une formulation ouverte du type \u201c&#8230;et de mettre en place tous les moyens permettant de parvenir \u00e0 r\u00e9aliser son objet\u201d.<\/p>\n","protected":false},"excerpt":{"rendered":"<p>Une association ne peut agir que dans le cadre fix\u00e9 par son objet social. En cas de non-respect de l&rsquo;objet social d&rsquo;une association, celle-ci s\u2019expose [&hellip;]<\/p>\n","protected":false},"author":2,"featured_media":17719,"comment_status":"open","ping_status":"open","sticky":false,"template":"","format":"standard","meta":{"_coblocks_attr":"","_coblocks_dimensions":"","_coblocks_responsive_height":"","_coblocks_accordion_ie_support":"","_mo_disable_npp":"","footnotes":""},"categories":[74],"tags":[103],"class_list":["post-17718","post","type-post","status-publish","format-standard","has-post-thumbnail","hentry","category-creer-et-administrer-une-association-1901","tag-responsabilite"],"yoast_head":"<!-- This site is optimized with the Yoast SEO plugin v23.2 - https:\/\/yoast.com\/wordpress\/plugins\/seo\/ -->\n<title>Non-respect de l&#039;objet social d&#039;une association : risques et sanctions |<\/title>\n<meta name=\"description\" content=\"en cas de non-respect de l\u2019objet social d\u2019une association, celle-ci s\u2019expose \u00e0 des sanctions pouvant aller jusqu\u2019\u00e0 sa dissolution. Les acte...\" \/>\n<meta name=\"robots\" content=\"index, follow, max-snippet:-1, max-image-preview:large, max-video-preview:-1\" \/>\n<link rel=\"canonical\" href=\"https:\/\/infolocale.actu.fr\/blog\/non-respect-objet-social-association-risques-sanctions\/\" \/>\n<meta property=\"og:locale\" content=\"fr_FR\" \/>\n<meta property=\"og:type\" content=\"article\" \/>\n<meta property=\"og:title\" content=\"Non-respect de l&#039;objet social d&#039;une association : risques et sanctions |\" \/>\n<meta property=\"og:description\" content=\"en cas de non-respect de l\u2019objet social d\u2019une association, celle-ci s\u2019expose \u00e0 des sanctions pouvant aller jusqu\u2019\u00e0 sa dissolution. Les acte...\" \/>\n<meta property=\"og:url\" content=\"https:\/\/infolocale.actu.fr\/blog\/non-respect-objet-social-association-risques-sanctions\/\" \/>\n<meta property=\"article:publisher\" content=\"https:\/\/www.facebook.com\/infolocaleFR\/\" \/>\n<meta property=\"article:published_time\" content=\"2022-03-02T09:58:33+00:00\" \/>\n<meta property=\"article:modified_time\" content=\"2022-10-11T10:35:53+00:00\" \/>\n<meta property=\"og:image\" content=\"https:\/\/infolocale.actu.fr\/blog\/wp-content\/uploads\/2022\/03\/non-respect-objet-social-association-risques.jpg\" \/>\n\t<meta property=\"og:image:width\" content=\"900\" \/>\n\t<meta property=\"og:image:height\" content=\"630\" \/>\n\t<meta property=\"og:image:type\" content=\"image\/jpeg\" \/>\n<meta name=\"author\" content=\"Morgan\" \/>\n<meta name=\"twitter:card\" content=\"summary_large_image\" \/>\n<meta name=\"twitter:creator\" content=\"@infolocale\" \/>\n<meta name=\"twitter:site\" content=\"@infolocale\" \/>\n<meta name=\"twitter:label1\" content=\"\u00c9crit par\" \/>\n\t<meta name=\"twitter:data1\" content=\"Morgan\" \/>\n\t<meta name=\"twitter:label2\" content=\"Dur\u00e9e de lecture estim\u00e9e\" \/>\n\t<meta name=\"twitter:data2\" content=\"4 minutes\" \/>\n<script type=\"application\/ld+json\" class=\"yoast-schema-graph\">{\"@context\":\"https:\/\/schema.org\",\"@graph\":[{\"@type\":\"Article\",\"@id\":\"https:\/\/infolocale.actu.fr\/blog\/non-respect-objet-social-association-risques-sanctions\/#article\",\"isPartOf\":{\"@id\":\"https:\/\/infolocale.actu.fr\/blog\/non-respect-objet-social-association-risques-sanctions\/\"},\"author\":{\"name\":\"Morgan\",\"@id\":\"https:\/\/www.infolocale.fr\/blog\/#\/schema\/person\/f0f748ece99417833166b3ba8890f3db\"},\"headline\":\"Risques et sanctions en cas de non-respect de l\u2019objet social d\u2019une association\",\"datePublished\":\"2022-03-02T09:58:33+00:00\",\"dateModified\":\"2022-10-11T10:35:53+00:00\",\"mainEntityOfPage\":{\"@id\":\"https:\/\/infolocale.actu.fr\/blog\/non-respect-objet-social-association-risques-sanctions\/\"},\"wordCount\":850,\"commentCount\":0,\"publisher\":{\"@id\":\"https:\/\/www.infolocale.fr\/blog\/#organization\"},\"image\":{\"@id\":\"https:\/\/infolocale.actu.fr\/blog\/non-respect-objet-social-association-risques-sanctions\/#primaryimage\"},\"thumbnailUrl\":\"https:\/\/www.infolocale.fr\/blog\/wp-content\/uploads\/2022\/03\/non-respect-objet-social-association-risques.jpg\",\"keywords\":[\"Responsabilit\u00e9\"],\"articleSection\":[\"Cr\u00e9er et g\u00e9rer une association\"],\"inLanguage\":\"fr-FR\",\"potentialAction\":[{\"@type\":\"CommentAction\",\"name\":\"Comment\",\"target\":[\"https:\/\/infolocale.actu.fr\/blog\/non-respect-objet-social-association-risques-sanctions\/#respond\"]}]},{\"@type\":\"WebPage\",\"@id\":\"https:\/\/infolocale.actu.fr\/blog\/non-respect-objet-social-association-risques-sanctions\/\",\"url\":\"https:\/\/infolocale.actu.fr\/blog\/non-respect-objet-social-association-risques-sanctions\/\",\"name\":\"Non-respect de l'objet social d'une association : risques et sanctions |\",\"isPartOf\":{\"@id\":\"https:\/\/www.infolocale.fr\/blog\/#website\"},\"primaryImageOfPage\":{\"@id\":\"https:\/\/infolocale.actu.fr\/blog\/non-respect-objet-social-association-risques-sanctions\/#primaryimage\"},\"image\":{\"@id\":\"https:\/\/infolocale.actu.fr\/blog\/non-respect-objet-social-association-risques-sanctions\/#primaryimage\"},\"thumbnailUrl\":\"https:\/\/www.infolocale.fr\/blog\/wp-content\/uploads\/2022\/03\/non-respect-objet-social-association-risques.jpg\",\"datePublished\":\"2022-03-02T09:58:33+00:00\",\"dateModified\":\"2022-10-11T10:35:53+00:00\",\"description\":\"en cas de non-respect de l\u2019objet social d\u2019une association, celle-ci s\u2019expose \u00e0 des sanctions pouvant aller jusqu\u2019\u00e0 sa dissolution. Les acte...\",\"breadcrumb\":{\"@id\":\"https:\/\/infolocale.actu.fr\/blog\/non-respect-objet-social-association-risques-sanctions\/#breadcrumb\"},\"inLanguage\":\"fr-FR\",\"potentialAction\":[{\"@type\":\"ReadAction\",\"target\":[\"https:\/\/infolocale.actu.fr\/blog\/non-respect-objet-social-association-risques-sanctions\/\"]}]},{\"@type\":\"ImageObject\",\"inLanguage\":\"fr-FR\",\"@id\":\"https:\/\/infolocale.actu.fr\/blog\/non-respect-objet-social-association-risques-sanctions\/#primaryimage\",\"url\":\"https:\/\/www.infolocale.fr\/blog\/wp-content\/uploads\/2022\/03\/non-respect-objet-social-association-risques.jpg\",\"contentUrl\":\"https:\/\/www.infolocale.fr\/blog\/wp-content\/uploads\/2022\/03\/non-respect-objet-social-association-risques.jpg\",\"width\":900,\"height\":630,\"caption\":\"Risques et sanction en cas de non-respect de l'objet social d'une association\"},{\"@type\":\"BreadcrumbList\",\"@id\":\"https:\/\/infolocale.actu.fr\/blog\/non-respect-objet-social-association-risques-sanctions\/#breadcrumb\",\"itemListElement\":[{\"@type\":\"ListItem\",\"position\":1,\"name\":\"Blog\",\"item\":\"https:\/\/infolocale.ouest-france.fr\/blog\/\"},{\"@type\":\"ListItem\",\"position\":2,\"name\":\"Cr\u00e9er et g\u00e9rer une association\",\"item\":\"https:\/\/infolocale.ouest-france.fr\/blog\/cat\/creer-et-administrer-une-association-1901\/\"},{\"@type\":\"ListItem\",\"position\":3,\"name\":\"Risques et sanctions en cas de non-respect de l\u2019objet social d\u2019une association\"}]},{\"@type\":\"WebSite\",\"@id\":\"https:\/\/www.infolocale.fr\/blog\/#website\",\"url\":\"https:\/\/www.infolocale.fr\/blog\/\",\"name\":\"\",\"description\":\"\",\"publisher\":{\"@id\":\"https:\/\/www.infolocale.fr\/blog\/#organization\"},\"potentialAction\":[{\"@type\":\"SearchAction\",\"target\":{\"@type\":\"EntryPoint\",\"urlTemplate\":\"https:\/\/www.infolocale.fr\/blog\/?s={search_term_string}\"},\"query-input\":\"required name=search_term_string\"}],\"inLanguage\":\"fr-FR\"},{\"@type\":\"Organization\",\"@id\":\"https:\/\/www.infolocale.fr\/blog\/#organization\",\"name\":\"Infolocale\",\"url\":\"https:\/\/www.infolocale.fr\/blog\/\",\"logo\":{\"@type\":\"ImageObject\",\"inLanguage\":\"fr-FR\",\"@id\":\"https:\/\/www.infolocale.fr\/blog\/#\/schema\/logo\/image\/\",\"url\":\"https:\/\/www.infolocale.fr\/blog\/wp-content\/uploads\/2020\/11\/logol.jpg\",\"contentUrl\":\"https:\/\/www.infolocale.fr\/blog\/wp-content\/uploads\/2020\/11\/logol.jpg\",\"width\":1031,\"height\":398,\"caption\":\"Infolocale\"},\"image\":{\"@id\":\"https:\/\/www.infolocale.fr\/blog\/#\/schema\/logo\/image\/\"},\"sameAs\":[\"https:\/\/www.facebook.com\/infolocaleFR\/\",\"https:\/\/x.com\/infolocale\",\"https:\/\/www.instagram.com\/infolocale\/\",\"https:\/\/fr.linkedin.com\/company\/infolocale\",\"https:\/\/www.youtube.com\/channel\/UCnv4FA8EYEuu_si3TGr7xeA\"]},{\"@type\":\"Person\",\"@id\":\"https:\/\/www.infolocale.fr\/blog\/#\/schema\/person\/f0f748ece99417833166b3ba8890f3db\",\"name\":\"Morgan\",\"image\":{\"@type\":\"ImageObject\",\"inLanguage\":\"fr-FR\",\"@id\":\"https:\/\/www.infolocale.fr\/blog\/#\/schema\/person\/image\/\",\"url\":\"https:\/\/secure.gravatar.com\/avatar\/a22ec2a0cc817ae9fa3ff7341a213632?s=96&d=mm&r=g\",\"contentUrl\":\"https:\/\/secure.gravatar.com\/avatar\/a22ec2a0cc817ae9fa3ff7341a213632?s=96&d=mm&r=g\",\"caption\":\"Morgan\"},\"url\":\"https:\/\/www.infolocale.fr\/blog\/author\/morgan-delepine\/\"}]}<\/script>\n<!-- \/ Yoast SEO plugin. -->","yoast_head_json":{"title":"Non-respect de l'objet social d'une association : risques et sanctions |","description":"en cas de non-respect de l\u2019objet social d\u2019une association, celle-ci s\u2019expose \u00e0 des sanctions pouvant aller jusqu\u2019\u00e0 sa dissolution. Les acte...","robots":{"index":"index","follow":"follow","max-snippet":"max-snippet:-1","max-image-preview":"max-image-preview:large","max-video-preview":"max-video-preview:-1"},"canonical":"https:\/\/infolocale.actu.fr\/blog\/non-respect-objet-social-association-risques-sanctions\/","og_locale":"fr_FR","og_type":"article","og_title":"Non-respect de l'objet social d'une association : risques et sanctions |","og_description":"en cas de non-respect de l\u2019objet social d\u2019une association, celle-ci s\u2019expose \u00e0 des sanctions pouvant aller jusqu\u2019\u00e0 sa dissolution. Les acte...","og_url":"https:\/\/infolocale.actu.fr\/blog\/non-respect-objet-social-association-risques-sanctions\/","article_publisher":"https:\/\/www.facebook.com\/infolocaleFR\/","article_published_time":"2022-03-02T09:58:33+00:00","article_modified_time":"2022-10-11T10:35:53+00:00","og_image":[{"width":900,"height":630,"url":"https:\/\/infolocale.actu.fr\/blog\/wp-content\/uploads\/2022\/03\/non-respect-objet-social-association-risques.jpg","type":"image\/jpeg"}],"author":"Morgan","twitter_card":"summary_large_image","twitter_creator":"@infolocale","twitter_site":"@infolocale","twitter_misc":{"\u00c9crit par":"Morgan","Dur\u00e9e de lecture estim\u00e9e":"4 minutes"},"schema":{"@context":"https:\/\/schema.org","@graph":[{"@type":"Article","@id":"https:\/\/infolocale.actu.fr\/blog\/non-respect-objet-social-association-risques-sanctions\/#article","isPartOf":{"@id":"https:\/\/infolocale.actu.fr\/blog\/non-respect-objet-social-association-risques-sanctions\/"},"author":{"name":"Morgan","@id":"https:\/\/www.infolocale.fr\/blog\/#\/schema\/person\/f0f748ece99417833166b3ba8890f3db"},"headline":"Risques et sanctions en cas de non-respect de l\u2019objet social d\u2019une association","datePublished":"2022-03-02T09:58:33+00:00","dateModified":"2022-10-11T10:35:53+00:00","mainEntityOfPage":{"@id":"https:\/\/infolocale.actu.fr\/blog\/non-respect-objet-social-association-risques-sanctions\/"},"wordCount":850,"commentCount":0,"publisher":{"@id":"https:\/\/www.infolocale.fr\/blog\/#organization"},"image":{"@id":"https:\/\/infolocale.actu.fr\/blog\/non-respect-objet-social-association-risques-sanctions\/#primaryimage"},"thumbnailUrl":"https:\/\/www.infolocale.fr\/blog\/wp-content\/uploads\/2022\/03\/non-respect-objet-social-association-risques.jpg","keywords":["Responsabilit\u00e9"],"articleSection":["Cr\u00e9er et g\u00e9rer une association"],"inLanguage":"fr-FR","potentialAction":[{"@type":"CommentAction","name":"Comment","target":["https:\/\/infolocale.actu.fr\/blog\/non-respect-objet-social-association-risques-sanctions\/#respond"]}]},{"@type":"WebPage","@id":"https:\/\/infolocale.actu.fr\/blog\/non-respect-objet-social-association-risques-sanctions\/","url":"https:\/\/infolocale.actu.fr\/blog\/non-respect-objet-social-association-risques-sanctions\/","name":"Non-respect de l'objet social d'une association : risques et sanctions |","isPartOf":{"@id":"https:\/\/www.infolocale.fr\/blog\/#website"},"primaryImageOfPage":{"@id":"https:\/\/infolocale.actu.fr\/blog\/non-respect-objet-social-association-risques-sanctions\/#primaryimage"},"image":{"@id":"https:\/\/infolocale.actu.fr\/blog\/non-respect-objet-social-association-risques-sanctions\/#primaryimage"},"thumbnailUrl":"https:\/\/www.infolocale.fr\/blog\/wp-content\/uploads\/2022\/03\/non-respect-objet-social-association-risques.jpg","datePublished":"2022-03-02T09:58:33+00:00","dateModified":"2022-10-11T10:35:53+00:00","description":"en cas de non-respect de l\u2019objet social d\u2019une association, celle-ci s\u2019expose \u00e0 des sanctions pouvant aller jusqu\u2019\u00e0 sa dissolution. Les acte...","breadcrumb":{"@id":"https:\/\/infolocale.actu.fr\/blog\/non-respect-objet-social-association-risques-sanctions\/#breadcrumb"},"inLanguage":"fr-FR","potentialAction":[{"@type":"ReadAction","target":["https:\/\/infolocale.actu.fr\/blog\/non-respect-objet-social-association-risques-sanctions\/"]}]},{"@type":"ImageObject","inLanguage":"fr-FR","@id":"https:\/\/infolocale.actu.fr\/blog\/non-respect-objet-social-association-risques-sanctions\/#primaryimage","url":"https:\/\/www.infolocale.fr\/blog\/wp-content\/uploads\/2022\/03\/non-respect-objet-social-association-risques.jpg","contentUrl":"https:\/\/www.infolocale.fr\/blog\/wp-content\/uploads\/2022\/03\/non-respect-objet-social-association-risques.jpg","width":900,"height":630,"caption":"Risques et sanction en cas de non-respect de l'objet social d'une association"},{"@type":"BreadcrumbList","@id":"https:\/\/infolocale.actu.fr\/blog\/non-respect-objet-social-association-risques-sanctions\/#breadcrumb","itemListElement":[{"@type":"ListItem","position":1,"name":"Blog","item":"https:\/\/infolocale.ouest-france.fr\/blog\/"},{"@type":"ListItem","position":2,"name":"Cr\u00e9er et g\u00e9rer une association","item":"https:\/\/infolocale.ouest-france.fr\/blog\/cat\/creer-et-administrer-une-association-1901\/"},{"@type":"ListItem","position":3,"name":"Risques et sanctions en cas de non-respect de l\u2019objet social d\u2019une association"}]},{"@type":"WebSite","@id":"https:\/\/www.infolocale.fr\/blog\/#website","url":"https:\/\/www.infolocale.fr\/blog\/","name":"","description":"","publisher":{"@id":"https:\/\/www.infolocale.fr\/blog\/#organization"},"potentialAction":[{"@type":"SearchAction","target":{"@type":"EntryPoint","urlTemplate":"https:\/\/www.infolocale.fr\/blog\/?s={search_term_string}"},"query-input":"required name=search_term_string"}],"inLanguage":"fr-FR"},{"@type":"Organization","@id":"https:\/\/www.infolocale.fr\/blog\/#organization","name":"Infolocale","url":"https:\/\/www.infolocale.fr\/blog\/","logo":{"@type":"ImageObject","inLanguage":"fr-FR","@id":"https:\/\/www.infolocale.fr\/blog\/#\/schema\/logo\/image\/","url":"https:\/\/www.infolocale.fr\/blog\/wp-content\/uploads\/2020\/11\/logol.jpg","contentUrl":"https:\/\/www.infolocale.fr\/blog\/wp-content\/uploads\/2020\/11\/logol.jpg","width":1031,"height":398,"caption":"Infolocale"},"image":{"@id":"https:\/\/www.infolocale.fr\/blog\/#\/schema\/logo\/image\/"},"sameAs":["https:\/\/www.facebook.com\/infolocaleFR\/","https:\/\/x.com\/infolocale","https:\/\/www.instagram.com\/infolocale\/","https:\/\/fr.linkedin.com\/company\/infolocale","https:\/\/www.youtube.com\/channel\/UCnv4FA8EYEuu_si3TGr7xeA"]},{"@type":"Person","@id":"https:\/\/www.infolocale.fr\/blog\/#\/schema\/person\/f0f748ece99417833166b3ba8890f3db","name":"Morgan","image":{"@type":"ImageObject","inLanguage":"fr-FR","@id":"https:\/\/www.infolocale.fr\/blog\/#\/schema\/person\/image\/","url":"https:\/\/secure.gravatar.com\/avatar\/a22ec2a0cc817ae9fa3ff7341a213632?s=96&d=mm&r=g","contentUrl":"https:\/\/secure.gravatar.com\/avatar\/a22ec2a0cc817ae9fa3ff7341a213632?s=96&d=mm&r=g","caption":"Morgan"},"url":"https:\/\/www.infolocale.fr\/blog\/author\/morgan-delepine\/"}]}},"_links":{"self":[{"href":"https:\/\/www.infolocale.fr\/blog\/wp-json\/wp\/v2\/posts\/17718"}],"collection":[{"href":"https:\/\/www.infolocale.fr\/blog\/wp-json\/wp\/v2\/posts"}],"about":[{"href":"https:\/\/www.infolocale.fr\/blog\/wp-json\/wp\/v2\/types\/post"}],"author":[{"embeddable":true,"href":"https:\/\/www.infolocale.fr\/blog\/wp-json\/wp\/v2\/users\/2"}],"replies":[{"embeddable":true,"href":"https:\/\/www.infolocale.fr\/blog\/wp-json\/wp\/v2\/comments?post=17718"}],"version-history":[{"count":0,"href":"https:\/\/www.infolocale.fr\/blog\/wp-json\/wp\/v2\/posts\/17718\/revisions"}],"wp:featuredmedia":[{"embeddable":true,"href":"https:\/\/www.infolocale.fr\/blog\/wp-json\/wp\/v2\/media\/17719"}],"wp:attachment":[{"href":"https:\/\/www.infolocale.fr\/blog\/wp-json\/wp\/v2\/media?parent=17718"}],"wp:term":[{"taxonomy":"category","embeddable":true,"href":"https:\/\/www.infolocale.fr\/blog\/wp-json\/wp\/v2\/categories?post=17718"},{"taxonomy":"post_tag","embeddable":true,"href":"https:\/\/www.infolocale.fr\/blog\/wp-json\/wp\/v2\/tags?post=17718"}],"curies":[{"name":"wp","href":"https:\/\/api.w.org\/{rel}","templated":true}]}}