{"id":17557,"date":"2022-05-18T09:51:06","date_gmt":"2022-05-18T07:51:06","guid":{"rendered":"https:\/\/www.infolocale.fr\/blog\/?p=17557"},"modified":"2022-06-03T13:32:31","modified_gmt":"2022-06-03T11:32:31","slug":"creation-de-lassociation-un-copain-comme-les-autres-pour-les-handicapes","status":"publish","type":"post","link":"https:\/\/www.infolocale.fr\/blog\/creation-de-lassociation-un-copain-comme-les-autres-pour-les-handicapes\/","title":{"rendered":"Cr\u00e9ation de l&rsquo;association \u00ab\u00a0Un copain comme les autres\u00a0\u00bb"},"content":{"rendered":"\n<p>La cr\u00e9ation de l&rsquo;association <em><a href=\"http:\/\/www.uncopaincommelesautres.com\/\" target=\"_blank\" rel=\"noreferrer noopener\">Un copain comme les autres<\/a><\/em> na\u00eet de la rencontre de deux mamans, chacune m\u00e8re d&rsquo;un enfant porteur d&rsquo;un handicap. Dominique Le Berre et Fran\u00e7oise Richard-Tardivel se lient lors d&rsquo;un T\u00e9l\u00e9thon, organis\u00e9 \u00e0 La Chapelle-sur-Erdre (Loire-Atlantique). Fran\u00e7oise sait que les jours de son fils sont compt\u00e9s. Avec Dominique, elles d\u00e9cident d&rsquo;agir pour proposer des activit\u00e9s de loisirs aux enfants handicap\u00e9s intellectuels en compagnie d&rsquo;enfants valides. \u00ab\u00a0<strong>Nous souhaitions la mixit\u00e9<\/strong>\u00a0\u00bb Dominique t\u00e9moigne \u00ab\u00a0<strong>il existait d\u00e9j\u00e0 un centre de loisirs \u00e0 La Chapelle-sur-Erdre et \u00e0 Treilli\u00e8res. Les activit\u00e9s propos\u00e9es n&rsquo;\u00e9taient gu\u00e8re adapt\u00e9es. Alors que nos jeunes b\u00e9n\u00e9ficiaient d&rsquo;activit\u00e9s appropri\u00e9es la journ\u00e9e, dans le cadre de leur syst\u00e8me scolaire. Nous souhaitions que cette dynamique perdure pr\u00e8s de leurs lieux de r\u00e9sidence. Nos enfants souffraient d&rsquo;isolement. Il y avait urgence<\/strong>\u00ab\u00a0.<\/p>\n\n\n\n<div class=\"wp-block-buttons is-horizontal is-content-justification-center is-layout-flex wp-container-core-buttons-is-layout-1 wp-block-buttons-is-layout-flex\">\n<div class=\"wp-block-button\"><a class=\"wp-block-button__link has-white-color has-luminous-vivid-amber-background-color has-text-color has-background wp-element-button\"><strong>&gt;&gt;Inscrire mon asso \u00e0 Infolocale <\/strong><\/a><\/div>\n<\/div>\n\n\n\n<h2 class=\"wp-block-heading\">Comment avons-nous cr\u00e9\u00e9 l&rsquo;association <em>Un copain comme les autres<\/em> ?<\/h2>\n\n\n\n<p>Pour cr\u00e9er l&rsquo;association <em>Un copain comme les autres<\/em> Dominique et Fran\u00e7oise publient une annonce dans les pages locales de leur quotidien et lancent un appel \u00ab&nbsp;<strong>Venez nous rejoindre<\/strong> <strong>!<\/strong>&nbsp;\u00bb. Lors d\u2019une premi\u00e8re r\u00e9union, cinq personnes se pr\u00e9sentent. Tr\u00e8s vite, elles sont rejointes par une quinzaine de b\u00e9n\u00e9voles. <\/p>\n\n\n\n<p>L\u2019association est cr\u00e9\u00e9e en avril 2004 avec des parents concern\u00e9s par le handicap intellectuel. Fran\u00e7oise prend en charge la pr\u00e9sidence ; Dominique, la vice-pr\u00e9sidence. Sept familles si\u00e8gent au Conseil d&rsquo;administration. Ils d\u00e9cident ensemble des activit\u00e9s. Ils \u00e9tablissent un planning pour les activit\u00e9s des mercredis \u00e0 Treilli\u00e8res et La Chapelle-sur-Erdre. Bien souvent ils encadrent eux-m\u00eames ces activit\u00e9s au d\u00e9but de l&rsquo;association. \u00ab\u00a0<strong>Nous sommes tr\u00e8s engag\u00e9s et soud\u00e9s. Tr\u00e8s dynamiques, nous poursuivons le m\u00eame objectif pour nos jeunes. Personne ne baisse les bras. Avec Fran\u00e7oise -la pr\u00e9sidente de l&rsquo;association-, nous \u00e9changeons tous les jours.\u00a0\u00bb <\/strong><\/p>\n\n\n\n<p>L&rsquo;association est cantonale. Elle intervient sur les communes de La Chapelle-sur-Erdre, Treilli\u00e8res et Suc\u00e9-sur-Erdre. Son objectif de&nbsp;proximit\u00e9&nbsp;est important pour que les familles puissent se retrouver au sein de leurs communes, de leurs quartiers \u00ab\u00a0<strong>Nous comptions une dizaine d&rsquo;inscrits par activit\u00e9. Comme nous tenions \u00e0 ce que nos jeunes c\u00f4toient des jeunes valides, nous pouvions accueillir des jeunes qui venaient faire du sport adapt\u00e9 avec les n\u00f4tres. Tous les mercredis, une dizaine de jeunes handicap\u00e9s sont rejoints par le m\u00eame nombre de jeunes valides. L\u2019acc\u00e8s aux valides \u00e9tant limit\u00e9, certains ne pouvaient participer le mercredi suivant. Ils exprimaient leur d\u00e9ception  \u00ab&nbsp;mais mon copain m\u2019attend !&nbsp;\u00bb.  <\/strong><\/p>\n\n\n<div class=\"wp-block-image is-resized\">\n<figure class=\"aligncenter size-large has-lightbox\"><a href=\"https:\/\/www.infolocale.fr\/decouvrir\/deposant\/?utm_source=blog&amp;utm_medium=banner&amp;utm_campaign=blog-content\"><img fetchpriority=\"high\" decoding=\"async\" width=\"1024\" height=\"1024\" src=\"https:\/\/www.infolocale.fr\/blog\/wp-content\/uploads\/2021\/11\/banniere-NLDASSO-carree1500x1500-1024x1024.jpg\" alt=\"\" class=\"wp-image-23946\" srcset=\"https:\/\/www.infolocale.fr\/blog\/wp-content\/uploads\/2021\/11\/banniere-NLDASSO-carree1500x1500-1024x1024.jpg 1024w, https:\/\/www.infolocale.fr\/blog\/wp-content\/uploads\/2021\/11\/banniere-NLDASSO-carree1500x1500-300x300.jpg 300w, https:\/\/www.infolocale.fr\/blog\/wp-content\/uploads\/2021\/11\/banniere-NLDASSO-carree1500x1500-150x150.jpg 150w, https:\/\/www.infolocale.fr\/blog\/wp-content\/uploads\/2021\/11\/banniere-NLDASSO-carree1500x1500-768x768.jpg 768w, https:\/\/www.infolocale.fr\/blog\/wp-content\/uploads\/2021\/11\/banniere-NLDASSO-carree1500x1500.jpg 1500w\" sizes=\"(max-width: 1024px) 100vw, 1024px\" \/><\/a><\/figure><\/div>\n\n\n<h3 class=\"wp-block-heading\">L&rsquo;association re\u00e7oit des  financements publics <\/h3>\n\n\n\n<p>\u00ab\u00a0<strong>Conscientes que nous souhaitons apporter \u00e0 nos jeunes une vie sociale la plus normale possible sur leur lieu de r\u00e9sidence, les territorialit\u00e9s nous accordent des subventions. Nous d\u00e9marrons l&rsquo;activit\u00e9 de l&rsquo;association gr\u00e2ce \u00e0 l&rsquo;une d&rsquo;elle. Elle nous permet la cr\u00e9ation d\u2019un centre de loisirs adapt\u00e9. Tr\u00e8s vite des professionnels encadrent les activit\u00e9s : danse, th\u00e9\u00e2tre-improvisation, poterie, escalade.<\/strong>\u00a0\u00bb <\/p>\n\n\n\n<p>Parall\u00e8lement \u00e0 son engagement associatif, Dominique Le Berre est nomm\u00e9e premi\u00e8re adjointe au maire, d\u00e9l\u00e9gu\u00e9e \u00e0 la solidarit\u00e9 de sa commune, La Chapelle-sur-Erdre. Elle est \u00e9galement \u00e9lue conseill\u00e8re m\u00e9tropolitaine \u00e0 Nantes M\u00e9tropole. Une bonne ambassadrice pour l&rsquo;association !<\/p>\n\n\n\n<figure class=\"wp-block-image size-full is-resized\"><img decoding=\"async\" src=\"https:\/\/www.infolocale.fr\/blog\/wp-content\/uploads\/2022\/02\/MONTAGE-4-FEMMES-2.jpg\" alt=\"\" class=\"wp-image-17568\" width=\"840\" height=\"588\" srcset=\"https:\/\/www.infolocale.fr\/blog\/wp-content\/uploads\/2022\/02\/MONTAGE-4-FEMMES-2.jpg 900w, https:\/\/www.infolocale.fr\/blog\/wp-content\/uploads\/2022\/02\/MONTAGE-4-FEMMES-2-300x210.jpg 300w, https:\/\/www.infolocale.fr\/blog\/wp-content\/uploads\/2022\/02\/MONTAGE-4-FEMMES-2-768x538.jpg 768w\" sizes=\"(max-width: 840px) 100vw, 840px\" \/><figcaption>Dominique Le Berre et Fran\u00e7oise Richard-Tardivel, les fondatrices de l&rsquo;association <em>Un Copain comme les autres<\/em>, en haut \u00e0 gauche. <br>En bas \u00e0 droite, Jo\u00eblle et Dominique organisatrices des s\u00e9ances de <em>Cin\u00e9-ma diff\u00e9rence<\/em><\/figcaption><\/figure>\n\n\n\n<h3 class=\"wp-block-heading\">L&rsquo;\u00e9volution de notre association<\/h3>\n\n\n\n<p>\u00ab\u00a0<strong>Aujourd&rsquo;hui, nos jeunes travaillent. Ils participent \u00e0 la s\u00e9lection de nos activit\u00e9s. Que nous avons r\u00e9duites de moiti\u00e9 dans le domaine du sport adapt\u00e9. Les activit\u00e9s sont propos\u00e9es un mercredi sur deux. Nous continuons \u00e0 favoriser cette mixit\u00e9 handicap\u00e9 et valide, \u00e0 la base de notre action.<\/strong><\/p>\n\n\n\n<p><strong>Devenus grands, nos jeune r\u00e9sident dans des IME -instituts m\u00e9dico\u00e9ducatifs<\/strong>&#8211;<strong>, ESAT -\u00c9tablissement et service d&rsquo;aide par le travail<\/strong>&#8211;<strong> ou foyers d&rsquo;h\u00e9bergement. Nous programmons des activit\u00e9s le week-end : danse, th\u00e9\u00e2tre-improvisation, poterie, escalade. A pr\u00e9sent, nous embauchons des professionnels. Leurs retours sont super ! Notre professeur de danse s\u2019est form\u00e9e au handicap et r\u00e9alise des chor\u00e9graphies adapt\u00e9es \u00e0 nos jeunes. Ils aiment monter sur sc\u00e8ne. C\u2019est chouette&nbsp;!<\/strong>\u00ab\u00a0<\/p>\n\n\n\n<p>\u00ab\u00a0<strong>Toujours dans l&rsquo;objectif de proposer des activit\u00e9s attrayantes le week-end,<\/strong> n<strong>ous avons \u00e9galement mise en place une activit\u00e9 suppl\u00e9mentaire : <\/strong><em>Cin\u00e9-ma diff\u00e9rence<\/em>.\u00a0\u00bb<\/p>\n\n\n\n<p>Pour annoncer leurs \u00e9v\u00e9nements, spectacles, s\u00e9ances de cin\u00e9ma, l&rsquo;association utilise toujours les services de la Presse Quotidienne R\u00e9gionale (PQR). Elle d\u00e9pose ses annonces sur Infolocale.fr<\/p>\n\n\n\n<div class=\"wp-block-buttons is-horizontal is-content-justification-center is-layout-flex wp-container-core-buttons-is-layout-2 wp-block-buttons-is-layout-flex\">\n<div class=\"wp-block-button\"><a class=\"wp-block-button__link has-white-color has-luminous-vivid-amber-background-color has-text-color has-background wp-element-button\"><strong>&gt;&gt;Inscrire mon asso \u00e0 Infolocale <\/strong><\/a><\/div>\n<\/div>\n\n\n\n<h2 class=\"wp-block-heading\"><em>Cin\u00e9-ma diff\u00e9rence<\/em>, l&rsquo;activit\u00e9 de l&rsquo;association en d\u00e9veloppement<\/h2>\n\n\n\n<p>\u00ab\u00a0<strong>En partenariat avec Cin\u00e9ville de Saint-S\u00e9bastien-sur-Loire (44), nous organisons des s\u00e9ances de cin\u00e9ma bimestrielles depuis douze ans -le samedi \u00e0 14 h- ouvertes aux personnes handicap\u00e9es. Nous choisissons un film o\u00f9 il n&rsquo;y a ni violence, ni traumatisme. La derni\u00e8re fois, c&rsquo;est le film <em>Presque<\/em> de Bernard Campan et du philosophe Alexandre Jollien qui \u00e9tait projet\u00e9. Une quinzaine de nos b\u00e9n\u00e9voles accueille et guide le public dans la salle o\u00f9 l\u2019\u00e9clairage est att\u00e9nu\u00e9, comme le son d&rsquo;ailleurs. Le public des s\u00e9ances de Cin\u00e9-ma diff\u00e9rence est r\u00e9actif, fid\u00e8le et de plus en plus nombreux. Des personnes des foyers et des personnes \u00e2g\u00e9es s&rsquo;y retrouvent. Accessibles \u00e0 tous. Les valides doivent accepter les mouvements dans la salle.  La s\u00e9ance co\u00fbte 4 \u20ac<\/strong>\u00a0\u00bb  <\/p>\n\n\n\n<h2 class=\"wp-block-heading\">L&rsquo;action de notre association vous int\u00e9resse ?<\/h2>\n\n\n\n<p>L&rsquo;association <em><a href=\"http:\/\/www.uncopaincommelesautres.com\/fr\/contacts.html\" target=\"_blank\" rel=\"noreferrer noopener\">Un Copain comme les autres<\/a><\/em> peut conseiller d&rsquo;autres familles pour cr\u00e9er le m\u00eame type d&rsquo;association, dans d&rsquo;autres territoires. Elle tient un kit \u00e0 leur disposition. <\/p>\n\n\n\n<p> <\/p>\n\n\n\n<p><\/p>\n","protected":false},"excerpt":{"rendered":"<p>Les adh\u00e9rents d&rsquo;Un copain comme les autres prennent la pose pour remercier les partenaires de l&rsquo;association.<\/p>\n","protected":false},"author":8,"featured_media":17559,"comment_status":"open","ping_status":"open","sticky":false,"template":"","format":"standard","meta":{"_coblocks_attr":"","_coblocks_dimensions":"","_coblocks_responsive_height":"","_coblocks_accordion_ie_support":"","_mo_disable_npp":"","footnotes":""},"categories":[6],"tags":[],"class_list":["post-17557","post","type-post","status-publish","format-standard","has-post-thumbnail","hentry","category-actu-acteurs-locaux"],"yoast_head":"<!-- This site is optimized with the Yoast SEO plugin v23.2 - https:\/\/yoast.com\/wordpress\/plugins\/seo\/ -->\n<title>Cr\u00e9ation de l&#039;association &quot;Un copain comme les autres&quot; |<\/title>\n<meta name=\"description\" content=\"La cr\u00e9ation de l&#039;association &quot;un copain comme les autres&quot; r\u00e9pond au besoin d&#039;activit\u00e9s de loisirs pour les jeunes handicap\u00e9s intellectuels\" \/>\n<meta name=\"robots\" content=\"index, follow, max-snippet:-1, max-image-preview:large, max-video-preview:-1\" \/>\n<link rel=\"canonical\" href=\"https:\/\/www.infolocale.fr\/blog\/creation-de-lassociation-un-copain-comme-les-autres-pour-les-handicapes\/\" \/>\n<meta property=\"og:locale\" content=\"fr_FR\" \/>\n<meta property=\"og:type\" content=\"article\" \/>\n<meta property=\"og:title\" content=\"Cr\u00e9ation de l&#039;association &quot;Un copain comme les autres&quot; |\" \/>\n<meta property=\"og:description\" content=\"La cr\u00e9ation de l&#039;association &quot;un copain comme les autres&quot; r\u00e9pond au besoin d&#039;activit\u00e9s de loisirs pour les jeunes handicap\u00e9s intellectuels\" \/>\n<meta property=\"og:url\" content=\"https:\/\/www.infolocale.fr\/blog\/creation-de-lassociation-un-copain-comme-les-autres-pour-les-handicapes\/\" \/>\n<meta property=\"article:publisher\" content=\"https:\/\/www.facebook.com\/infolocaleFR\/\" \/>\n<meta property=\"article:published_time\" content=\"2022-05-18T07:51:06+00:00\" \/>\n<meta property=\"article:modified_time\" content=\"2022-06-03T11:32:31+00:00\" \/>\n<meta property=\"og:image\" content=\"https:\/\/www.infolocale.fr\/blog\/wp-content\/uploads\/2022\/02\/Un-Copain_900x630.jpg\" \/>\n\t<meta property=\"og:image:width\" content=\"753\" \/>\n\t<meta property=\"og:image:height\" content=\"527\" \/>\n\t<meta property=\"og:image:type\" content=\"image\/jpeg\" \/>\n<meta name=\"author\" content=\"Myl\u00e8ne\" \/>\n<meta name=\"twitter:card\" content=\"summary_large_image\" \/>\n<meta name=\"twitter:creator\" content=\"@infolocale\" \/>\n<meta name=\"twitter:site\" content=\"@infolocale\" \/>\n<meta name=\"twitter:label1\" content=\"\u00c9crit par\" \/>\n\t<meta name=\"twitter:data1\" content=\"Myl\u00e8ne\" \/>\n\t<meta name=\"twitter:label2\" content=\"Dur\u00e9e de lecture estim\u00e9e\" \/>\n\t<meta name=\"twitter:data2\" content=\"5 minutes\" \/>\n<script type=\"application\/ld+json\" class=\"yoast-schema-graph\">{\"@context\":\"https:\/\/schema.org\",\"@graph\":[{\"@type\":\"Article\",\"@id\":\"https:\/\/www.infolocale.fr\/blog\/creation-de-lassociation-un-copain-comme-les-autres-pour-les-handicapes\/#article\",\"isPartOf\":{\"@id\":\"https:\/\/www.infolocale.fr\/blog\/creation-de-lassociation-un-copain-comme-les-autres-pour-les-handicapes\/\"},\"author\":{\"name\":\"Myl\u00e8ne\",\"@id\":\"https:\/\/www.infolocale.fr\/blog\/#\/schema\/person\/bf2dc50c6636ffa2ce3e44ef1f9eb97f\"},\"headline\":\"Cr\u00e9ation de l&rsquo;association \u00ab\u00a0Un copain comme les autres\u00a0\u00bb\",\"datePublished\":\"2022-05-18T07:51:06+00:00\",\"dateModified\":\"2022-06-03T11:32:31+00:00\",\"mainEntityOfPage\":{\"@id\":\"https:\/\/www.infolocale.fr\/blog\/creation-de-lassociation-un-copain-comme-les-autres-pour-les-handicapes\/\"},\"wordCount\":968,\"commentCount\":1,\"publisher\":{\"@id\":\"https:\/\/www.infolocale.fr\/blog\/#organization\"},\"image\":{\"@id\":\"https:\/\/www.infolocale.fr\/blog\/creation-de-lassociation-un-copain-comme-les-autres-pour-les-handicapes\/#primaryimage\"},\"thumbnailUrl\":\"https:\/\/www.infolocale.fr\/blog\/wp-content\/uploads\/2022\/02\/Un-Copain_900x630.jpg\",\"articleSection\":[\"En ce moment\"],\"inLanguage\":\"fr-FR\",\"potentialAction\":[{\"@type\":\"CommentAction\",\"name\":\"Comment\",\"target\":[\"https:\/\/www.infolocale.fr\/blog\/creation-de-lassociation-un-copain-comme-les-autres-pour-les-handicapes\/#respond\"]}]},{\"@type\":\"WebPage\",\"@id\":\"https:\/\/www.infolocale.fr\/blog\/creation-de-lassociation-un-copain-comme-les-autres-pour-les-handicapes\/\",\"url\":\"https:\/\/www.infolocale.fr\/blog\/creation-de-lassociation-un-copain-comme-les-autres-pour-les-handicapes\/\",\"name\":\"Cr\u00e9ation de l'association \\\"Un copain comme les autres\\\" |\",\"isPartOf\":{\"@id\":\"https:\/\/www.infolocale.fr\/blog\/#website\"},\"primaryImageOfPage\":{\"@id\":\"https:\/\/www.infolocale.fr\/blog\/creation-de-lassociation-un-copain-comme-les-autres-pour-les-handicapes\/#primaryimage\"},\"image\":{\"@id\":\"https:\/\/www.infolocale.fr\/blog\/creation-de-lassociation-un-copain-comme-les-autres-pour-les-handicapes\/#primaryimage\"},\"thumbnailUrl\":\"https:\/\/www.infolocale.fr\/blog\/wp-content\/uploads\/2022\/02\/Un-Copain_900x630.jpg\",\"datePublished\":\"2022-05-18T07:51:06+00:00\",\"dateModified\":\"2022-06-03T11:32:31+00:00\",\"description\":\"La cr\u00e9ation de l'association \\\"un copain comme les autres\\\" r\u00e9pond au besoin d'activit\u00e9s de loisirs pour les jeunes handicap\u00e9s intellectuels\",\"breadcrumb\":{\"@id\":\"https:\/\/www.infolocale.fr\/blog\/creation-de-lassociation-un-copain-comme-les-autres-pour-les-handicapes\/#breadcrumb\"},\"inLanguage\":\"fr-FR\",\"potentialAction\":[{\"@type\":\"ReadAction\",\"target\":[\"https:\/\/www.infolocale.fr\/blog\/creation-de-lassociation-un-copain-comme-les-autres-pour-les-handicapes\/\"]}]},{\"@type\":\"ImageObject\",\"inLanguage\":\"fr-FR\",\"@id\":\"https:\/\/www.infolocale.fr\/blog\/creation-de-lassociation-un-copain-comme-les-autres-pour-les-handicapes\/#primaryimage\",\"url\":\"https:\/\/www.infolocale.fr\/blog\/wp-content\/uploads\/2022\/02\/Un-Copain_900x630.jpg\",\"contentUrl\":\"https:\/\/www.infolocale.fr\/blog\/wp-content\/uploads\/2022\/02\/Un-Copain_900x630.jpg\",\"width\":753,\"height\":527},{\"@type\":\"BreadcrumbList\",\"@id\":\"https:\/\/www.infolocale.fr\/blog\/creation-de-lassociation-un-copain-comme-les-autres-pour-les-handicapes\/#breadcrumb\",\"itemListElement\":[{\"@type\":\"ListItem\",\"position\":1,\"name\":\"Blog\",\"item\":\"https:\/\/infolocale.ouest-france.fr\/blog\/\"},{\"@type\":\"ListItem\",\"position\":2,\"name\":\"En ce moment\",\"item\":\"https:\/\/infolocale.20minutes.fr\/blog\/cat\/actu-acteurs-locaux\/\"},{\"@type\":\"ListItem\",\"position\":3,\"name\":\"Cr\u00e9ation de l&rsquo;association \u00ab\u00a0Un copain comme les autres\u00a0\u00bb\"}]},{\"@type\":\"WebSite\",\"@id\":\"https:\/\/www.infolocale.fr\/blog\/#website\",\"url\":\"https:\/\/www.infolocale.fr\/blog\/\",\"name\":\"\",\"description\":\"\",\"publisher\":{\"@id\":\"https:\/\/www.infolocale.fr\/blog\/#organization\"},\"potentialAction\":[{\"@type\":\"SearchAction\",\"target\":{\"@type\":\"EntryPoint\",\"urlTemplate\":\"https:\/\/www.infolocale.fr\/blog\/?s={search_term_string}\"},\"query-input\":\"required name=search_term_string\"}],\"inLanguage\":\"fr-FR\"},{\"@type\":\"Organization\",\"@id\":\"https:\/\/www.infolocale.fr\/blog\/#organization\",\"name\":\"Infolocale\",\"url\":\"https:\/\/www.infolocale.fr\/blog\/\",\"logo\":{\"@type\":\"ImageObject\",\"inLanguage\":\"fr-FR\",\"@id\":\"https:\/\/www.infolocale.fr\/blog\/#\/schema\/logo\/image\/\",\"url\":\"https:\/\/www.infolocale.fr\/blog\/wp-content\/uploads\/2020\/11\/logol.jpg\",\"contentUrl\":\"https:\/\/www.infolocale.fr\/blog\/wp-content\/uploads\/2020\/11\/logol.jpg\",\"width\":1031,\"height\":398,\"caption\":\"Infolocale\"},\"image\":{\"@id\":\"https:\/\/www.infolocale.fr\/blog\/#\/schema\/logo\/image\/\"},\"sameAs\":[\"https:\/\/www.facebook.com\/infolocaleFR\/\",\"https:\/\/x.com\/infolocale\",\"https:\/\/www.instagram.com\/infolocale\/\",\"https:\/\/fr.linkedin.com\/company\/infolocale\",\"https:\/\/www.youtube.com\/channel\/UCnv4FA8EYEuu_si3TGr7xeA\"]},{\"@type\":\"Person\",\"@id\":\"https:\/\/www.infolocale.fr\/blog\/#\/schema\/person\/bf2dc50c6636ffa2ce3e44ef1f9eb97f\",\"name\":\"Myl\u00e8ne\",\"image\":{\"@type\":\"ImageObject\",\"inLanguage\":\"fr-FR\",\"@id\":\"https:\/\/www.infolocale.fr\/blog\/#\/schema\/person\/image\/\",\"url\":\"https:\/\/secure.gravatar.com\/avatar\/49511f0ea4b41ed3062b218e30f07042?s=96&d=mm&r=g\",\"contentUrl\":\"https:\/\/secure.gravatar.com\/avatar\/49511f0ea4b41ed3062b218e30f07042?s=96&d=mm&r=g\",\"caption\":\"Myl\u00e8ne\"},\"url\":\"https:\/\/www.infolocale.fr\/blog\/author\/mylene-michel\/\"}]}<\/script>\n<!-- \/ Yoast SEO plugin. -->","yoast_head_json":{"title":"Cr\u00e9ation de l'association \"Un copain comme les autres\" |","description":"La cr\u00e9ation de l'association \"un copain comme les autres\" r\u00e9pond au besoin d'activit\u00e9s de loisirs pour les jeunes handicap\u00e9s intellectuels","robots":{"index":"index","follow":"follow","max-snippet":"max-snippet:-1","max-image-preview":"max-image-preview:large","max-video-preview":"max-video-preview:-1"},"canonical":"https:\/\/www.infolocale.fr\/blog\/creation-de-lassociation-un-copain-comme-les-autres-pour-les-handicapes\/","og_locale":"fr_FR","og_type":"article","og_title":"Cr\u00e9ation de l'association \"Un copain comme les autres\" |","og_description":"La cr\u00e9ation de l'association \"un copain comme les autres\" r\u00e9pond au besoin d'activit\u00e9s de loisirs pour les jeunes handicap\u00e9s intellectuels","og_url":"https:\/\/www.infolocale.fr\/blog\/creation-de-lassociation-un-copain-comme-les-autres-pour-les-handicapes\/","article_publisher":"https:\/\/www.facebook.com\/infolocaleFR\/","article_published_time":"2022-05-18T07:51:06+00:00","article_modified_time":"2022-06-03T11:32:31+00:00","og_image":[{"width":753,"height":527,"url":"https:\/\/www.infolocale.fr\/blog\/wp-content\/uploads\/2022\/02\/Un-Copain_900x630.jpg","type":"image\/jpeg"}],"author":"Myl\u00e8ne","twitter_card":"summary_large_image","twitter_creator":"@infolocale","twitter_site":"@infolocale","twitter_misc":{"\u00c9crit par":"Myl\u00e8ne","Dur\u00e9e de lecture estim\u00e9e":"5 minutes"},"schema":{"@context":"https:\/\/schema.org","@graph":[{"@type":"Article","@id":"https:\/\/www.infolocale.fr\/blog\/creation-de-lassociation-un-copain-comme-les-autres-pour-les-handicapes\/#article","isPartOf":{"@id":"https:\/\/www.infolocale.fr\/blog\/creation-de-lassociation-un-copain-comme-les-autres-pour-les-handicapes\/"},"author":{"name":"Myl\u00e8ne","@id":"https:\/\/www.infolocale.fr\/blog\/#\/schema\/person\/bf2dc50c6636ffa2ce3e44ef1f9eb97f"},"headline":"Cr\u00e9ation de l&rsquo;association \u00ab\u00a0Un copain comme les autres\u00a0\u00bb","datePublished":"2022-05-18T07:51:06+00:00","dateModified":"2022-06-03T11:32:31+00:00","mainEntityOfPage":{"@id":"https:\/\/www.infolocale.fr\/blog\/creation-de-lassociation-un-copain-comme-les-autres-pour-les-handicapes\/"},"wordCount":968,"commentCount":1,"publisher":{"@id":"https:\/\/www.infolocale.fr\/blog\/#organization"},"image":{"@id":"https:\/\/www.infolocale.fr\/blog\/creation-de-lassociation-un-copain-comme-les-autres-pour-les-handicapes\/#primaryimage"},"thumbnailUrl":"https:\/\/www.infolocale.fr\/blog\/wp-content\/uploads\/2022\/02\/Un-Copain_900x630.jpg","articleSection":["En ce moment"],"inLanguage":"fr-FR","potentialAction":[{"@type":"CommentAction","name":"Comment","target":["https:\/\/www.infolocale.fr\/blog\/creation-de-lassociation-un-copain-comme-les-autres-pour-les-handicapes\/#respond"]}]},{"@type":"WebPage","@id":"https:\/\/www.infolocale.fr\/blog\/creation-de-lassociation-un-copain-comme-les-autres-pour-les-handicapes\/","url":"https:\/\/www.infolocale.fr\/blog\/creation-de-lassociation-un-copain-comme-les-autres-pour-les-handicapes\/","name":"Cr\u00e9ation de l'association \"Un copain comme les autres\" |","isPartOf":{"@id":"https:\/\/www.infolocale.fr\/blog\/#website"},"primaryImageOfPage":{"@id":"https:\/\/www.infolocale.fr\/blog\/creation-de-lassociation-un-copain-comme-les-autres-pour-les-handicapes\/#primaryimage"},"image":{"@id":"https:\/\/www.infolocale.fr\/blog\/creation-de-lassociation-un-copain-comme-les-autres-pour-les-handicapes\/#primaryimage"},"thumbnailUrl":"https:\/\/www.infolocale.fr\/blog\/wp-content\/uploads\/2022\/02\/Un-Copain_900x630.jpg","datePublished":"2022-05-18T07:51:06+00:00","dateModified":"2022-06-03T11:32:31+00:00","description":"La cr\u00e9ation de l'association \"un copain comme les autres\" r\u00e9pond au besoin d'activit\u00e9s de loisirs pour les jeunes handicap\u00e9s intellectuels","breadcrumb":{"@id":"https:\/\/www.infolocale.fr\/blog\/creation-de-lassociation-un-copain-comme-les-autres-pour-les-handicapes\/#breadcrumb"},"inLanguage":"fr-FR","potentialAction":[{"@type":"ReadAction","target":["https:\/\/www.infolocale.fr\/blog\/creation-de-lassociation-un-copain-comme-les-autres-pour-les-handicapes\/"]}]},{"@type":"ImageObject","inLanguage":"fr-FR","@id":"https:\/\/www.infolocale.fr\/blog\/creation-de-lassociation-un-copain-comme-les-autres-pour-les-handicapes\/#primaryimage","url":"https:\/\/www.infolocale.fr\/blog\/wp-content\/uploads\/2022\/02\/Un-Copain_900x630.jpg","contentUrl":"https:\/\/www.infolocale.fr\/blog\/wp-content\/uploads\/2022\/02\/Un-Copain_900x630.jpg","width":753,"height":527},{"@type":"BreadcrumbList","@id":"https:\/\/www.infolocale.fr\/blog\/creation-de-lassociation-un-copain-comme-les-autres-pour-les-handicapes\/#breadcrumb","itemListElement":[{"@type":"ListItem","position":1,"name":"Blog","item":"https:\/\/infolocale.ouest-france.fr\/blog\/"},{"@type":"ListItem","position":2,"name":"En ce moment","item":"https:\/\/infolocale.20minutes.fr\/blog\/cat\/actu-acteurs-locaux\/"},{"@type":"ListItem","position":3,"name":"Cr\u00e9ation de l&rsquo;association \u00ab\u00a0Un copain comme les autres\u00a0\u00bb"}]},{"@type":"WebSite","@id":"https:\/\/www.infolocale.fr\/blog\/#website","url":"https:\/\/www.infolocale.fr\/blog\/","name":"","description":"","publisher":{"@id":"https:\/\/www.infolocale.fr\/blog\/#organization"},"potentialAction":[{"@type":"SearchAction","target":{"@type":"EntryPoint","urlTemplate":"https:\/\/www.infolocale.fr\/blog\/?s={search_term_string}"},"query-input":"required name=search_term_string"}],"inLanguage":"fr-FR"},{"@type":"Organization","@id":"https:\/\/www.infolocale.fr\/blog\/#organization","name":"Infolocale","url":"https:\/\/www.infolocale.fr\/blog\/","logo":{"@type":"ImageObject","inLanguage":"fr-FR","@id":"https:\/\/www.infolocale.fr\/blog\/#\/schema\/logo\/image\/","url":"https:\/\/www.infolocale.fr\/blog\/wp-content\/uploads\/2020\/11\/logol.jpg","contentUrl":"https:\/\/www.infolocale.fr\/blog\/wp-content\/uploads\/2020\/11\/logol.jpg","width":1031,"height":398,"caption":"Infolocale"},"image":{"@id":"https:\/\/www.infolocale.fr\/blog\/#\/schema\/logo\/image\/"},"sameAs":["https:\/\/www.facebook.com\/infolocaleFR\/","https:\/\/x.com\/infolocale","https:\/\/www.instagram.com\/infolocale\/","https:\/\/fr.linkedin.com\/company\/infolocale","https:\/\/www.youtube.com\/channel\/UCnv4FA8EYEuu_si3TGr7xeA"]},{"@type":"Person","@id":"https:\/\/www.infolocale.fr\/blog\/#\/schema\/person\/bf2dc50c6636ffa2ce3e44ef1f9eb97f","name":"Myl\u00e8ne","image":{"@type":"ImageObject","inLanguage":"fr-FR","@id":"https:\/\/www.infolocale.fr\/blog\/#\/schema\/person\/image\/","url":"https:\/\/secure.gravatar.com\/avatar\/49511f0ea4b41ed3062b218e30f07042?s=96&d=mm&r=g","contentUrl":"https:\/\/secure.gravatar.com\/avatar\/49511f0ea4b41ed3062b218e30f07042?s=96&d=mm&r=g","caption":"Myl\u00e8ne"},"url":"https:\/\/www.infolocale.fr\/blog\/author\/mylene-michel\/"}]}},"_links":{"self":[{"href":"https:\/\/www.infolocale.fr\/blog\/wp-json\/wp\/v2\/posts\/17557"}],"collection":[{"href":"https:\/\/www.infolocale.fr\/blog\/wp-json\/wp\/v2\/posts"}],"about":[{"href":"https:\/\/www.infolocale.fr\/blog\/wp-json\/wp\/v2\/types\/post"}],"author":[{"embeddable":true,"href":"https:\/\/www.infolocale.fr\/blog\/wp-json\/wp\/v2\/users\/8"}],"replies":[{"embeddable":true,"href":"https:\/\/www.infolocale.fr\/blog\/wp-json\/wp\/v2\/comments?post=17557"}],"version-history":[{"count":0,"href":"https:\/\/www.infolocale.fr\/blog\/wp-json\/wp\/v2\/posts\/17557\/revisions"}],"wp:featuredmedia":[{"embeddable":true,"href":"https:\/\/www.infolocale.fr\/blog\/wp-json\/wp\/v2\/media\/17559"}],"wp:attachment":[{"href":"https:\/\/www.infolocale.fr\/blog\/wp-json\/wp\/v2\/media?parent=17557"}],"wp:term":[{"taxonomy":"category","embeddable":true,"href":"https:\/\/www.infolocale.fr\/blog\/wp-json\/wp\/v2\/categories?post=17557"},{"taxonomy":"post_tag","embeddable":true,"href":"https:\/\/www.infolocale.fr\/blog\/wp-json\/wp\/v2\/tags?post=17557"}],"curies":[{"name":"wp","href":"https:\/\/api.w.org\/{rel}","templated":true}]}}