{"id":17390,"date":"2022-02-10T15:59:49","date_gmt":"2022-02-10T14:59:49","guid":{"rendered":"https:\/\/www.infolocale.fr\/blog\/?p=17390"},"modified":"2022-09-09T11:18:45","modified_gmt":"2022-09-09T09:18:45","slug":"ecrire-ordre-du-jour-assemblee-generale-association","status":"publish","type":"post","link":"https:\/\/www.infolocale.fr\/blog\/ecrire-ordre-du-jour-assemblee-generale-association\/","title":{"rendered":"Comment \u00e9crire l&rsquo;ordre du jour de votre assembl\u00e9e g\u00e9n\u00e9rale"},"content":{"rendered":"\n<p class=\"has-black-color has-text-color has-background\" style=\"background-color:#a1d5f5\">En assembl\u00e9e g\u00e9n\u00e9rale d&rsquo;association, l&rsquo;ordre du jour est capital. Il fixe l\u2019organisation de l\u2019AG et permet aux participants de se pr\u00e9parer \u00e0 la r\u00e9union. En outre, il sera impossible au pr\u00e9sident de clore l\u2019AG sans avoir ouvert l\u2019ensemble des points pr\u00e9sents sur le document. Les r\u00e8gles fixant les modalit\u00e9s de r\u00e9daction de l\u2019ordre du jour, les personnes aptes \u00e0 le r\u00e9diger et le moyen d&rsquo;y faire figurer un point sont g\u00e9n\u00e9ralement pr\u00e9cis\u00e9es dans les statuts de l&rsquo;association. <br><br>Un certain nombre d&rsquo;informations doivent appara\u00eetre sur l\u2019ordre du jour. Il doit permettre d\u2019identifier l\u2019association, via son logo et son nom, le lieu, la date de l\u2019AG. Il portera \u00e9galement les diff\u00e9rents points qui seront abord\u00e9s durant la s\u00e9ance. Dans ce domaine, un point \u201cquestions g\u00e9n\u00e9rales\u201d peut \u00eatre pr\u00e9sent \u00e0 l\u2019ordre du jour. Cependant, il ne devra aborder que des questions de moindre importance. Dans le cas contraire, les d\u00e9cisions de l\u2019assembl\u00e9e g\u00e9n\u00e9rale pourraient se voir annul\u00e9es.&nbsp;<\/p>\n\n\n\n<div class=\"wp-block-buttons is-horizontal is-content-justification-center is-layout-flex wp-container-core-buttons-is-layout-1 wp-block-buttons-is-layout-flex\">\n<div class=\"wp-block-button\"><a class=\"wp-block-button__link has-white-color has-luminous-vivid-amber-background-color has-text-color has-background wp-element-button\"><strong>&gt;&gt;Inscrire mon asso \u00e0 Infolocale <\/strong><\/a><\/div>\n<\/div>\n\n\n\n<h2 class=\"wp-block-heading\">Qu\u2019est-ce qu\u2019une assembl\u00e9e g\u00e9n\u00e9rale ?<\/h2>\n\n\n\n<p>L\u2019<a href=\"https:\/\/www.infolocale.fr\/blog\/assemblee-generale-association\/\">assembl\u00e9e g\u00e9n\u00e9rale<\/a> est un corps compos\u00e9 de l\u2019ensemble des membres d&rsquo;une association. Ce corps est r\u00e9uni, sur convocation du bureau ou du <a href=\"https:\/\/www.infolocale.fr\/blog\/conseil-dadministration-association\/\">conseil d\u2019administration de l\u2019association<\/a>. Cette r\u00e9union se d\u00e9roule g\u00e9n\u00e9ralement une fois par an, \u00e0 la fin de l\u2019exercice.<\/p>\n\n\n\n<p>L&rsquo;assembl\u00e9e g\u00e9n\u00e9rale permet aux dirigeants de pr\u00e9senter leur bilan moral et financier et d\u2019obtenir le <a href=\"https:\/\/www.infolocale.fr\/blog\/quitus-association\/\">quitus de l\u2019assembl\u00e9e g\u00e9n\u00e9rale<\/a>. Elle permet \u00e9galement de donner les grands axes et les actions \u00e0 venir, d\u2019<a href=\"https:\/\/www.infolocale.fr\/blog\/elire-bureau-association\/\">\u00e9lire les membres du bureau<\/a>. Les points abord\u00e9s dans une assembl\u00e9e g\u00e9n\u00e9rale sont inscrits \u00e0 son ordre du jour. Ensuite, chaque point est soumis au vote de l\u2019assembl\u00e9e.<\/p>\n\n\n\n<p>Finalement, un <a href=\"https:\/\/www.infolocale.fr\/blog\/proces-verbal-dassemblee-generale-ordinaire\/\">compte-rendu d&rsquo;assembl\u00e9e g\u00e9n\u00e9rale ordinaire<\/a> appel\u00e9 proc\u00e8s-verbal, est \u00e9crit par le secr\u00e9taire. Ce document permet de fixer officiellement les d\u00e9cisions prises. Dans certains cas, l\u2019assembl\u00e9e g\u00e9n\u00e9rale peut \u00eatre suivie d\u2019une <a href=\"https:\/\/www.infolocale.fr\/blog\/modifier-statuts-association\/\">mise \u00e0 jour des statuts<\/a> et d\u2019une d\u00e9claration en pr\u00e9fecture.<\/p>\n\n\n\n<h2 class=\"wp-block-heading\">L\u2019ordre du jour d\u2019une assembl\u00e9e g\u00e9n\u00e9rale : qu&rsquo;est-ce que c&rsquo;est ?<\/h2>\n\n\n\n<p><strong>L\u2019ordre du jour d\u2019une assembl\u00e9e g\u00e9n\u00e9rale d\u2019association<\/strong> est un document dont l\u2019objectif est de fixer le cadre de la r\u00e9union, d\u2019informer les participants sur le contenu de celle-ci, des diff\u00e9rents sujets qui y seront discut\u00e9s et mis au vote. <\/p>\n\n\n\n<p>C\u2019est, en quelque sorte, le programme de l\u2019assembl\u00e9e g\u00e9n\u00e9rale.<\/p>\n\n\n\n<p>Il est g\u00e9n\u00e9ralement communiqu\u00e9 en m\u00eame temps que la convocation. Il peut alors s\u2019agir de deux documents distincts ou d\u2019un seul faisant en m\u00eame temps office de convocation.&nbsp;<\/p>\n\n\n\n<p>L\u2019ordre du jour est un document important.&nbsp;<\/p>\n\n\n\n<ul class=\"wp-block-list\"><li>Il a pour r\u00f4le de permettre aux participants de se pr\u00e9parer \u00e0 la r\u00e9union \u00e0 venir. Son contenu se doit donc d\u2019\u00eatre clair et compr\u00e9hensible.&nbsp;<\/li><li>Aussi, il sera par exemple impossible au pr\u00e9sident de s\u00e9ance de clore l\u2019assembl\u00e9e g\u00e9n\u00e9rale sans avoir ouvert l\u2019ensemble des points au d\u00e9bat.<\/li><li>Enfin, les questions qui y figurent ne devraient en aucun cas \u00eatre \u00e0 la fois positives et n\u00e9gatives \u201cvoter pour ou contre le bilan financier\u201d. L\u00e0 aussi, les membres de l\u2019assembl\u00e9e doivent facilement comprendre ce pourquoi ils votent.<\/li><\/ul>\n\n\n\n<h2 class=\"wp-block-heading\">Comment r\u00e9diger l\u2019ordre du jour d\u2019une assembl\u00e9e g\u00e9n\u00e9rale d\u2019association ?<\/h2>\n\n\n\n<p>La loi qui encadre la <a href=\"https:\/\/www.infolocale.fr\/blog\/creer-une-association\/\">cr\u00e9ation d\u2019une association loi 1901<\/a> ne donne aucune r\u00e8gle sur la mani\u00e8re dont doit se d\u00e9rouler l\u2019assembl\u00e9e g\u00e9n\u00e9rale. C\u2019est \u00e0 l\u2019association et \u00e0 son assembl\u00e9e g\u00e9n\u00e9rale de d\u00e9finir ces r\u00e8gles qui seront inscrites dans les <a href=\"https:\/\/www.infolocale.fr\/blog\/rediger-statuts-dune-association\/\">statuts d\u2019une association<\/a>. A d\u00e9faut, elles peuvent \u00e9galement \u00eatre enregistr\u00e9es dans son <a href=\"https:\/\/www.infolocale.fr\/blog\/reglement-interieur-association\/\">r\u00e8glement int\u00e9rieur<\/a>.&nbsp;<\/p>\n\n\n\n<p>N\u00e9anmoins, ce point est souvent n\u00e9glig\u00e9 par les jeunes associations lors de leur cr\u00e9ation. Si c\u2019est le cas de la v\u00f4tre, il peut-\u00eatre utile de rem\u00e9dier \u00e0 ce probl\u00e8me. En effet, une r\u00e8gle bien d\u00e9finie et couch\u00e9e, ne serait-ce que dans les pages du r\u00e8glement int\u00e9rieur, permet d\u2019\u00e9viter le sentiment d\u2019irr\u00e9gularit\u00e9 que pourraient ressentir les membres m\u00e9contents du processus d\u00e9cisionnel de votre association.<\/p>\n\n\n\n<p>Ainsi, il peut \u00eatre bon de mettre \u00e0 plat l\u2019int\u00e9gralit\u00e9 des r\u00e8gles permettant la tenue de votre assembl\u00e9e g\u00e9n\u00e9rale et la r\u00e9daction de son ordre du jour. Pour ce faire, vos statuts ou votre r\u00e8glement int\u00e9rieur peuvent trancher sur :&nbsp;<\/p>\n\n\n\n<ul class=\"wp-block-list\"><li>les personnes autoris\u00e9es \u00e0 r\u00e9diger l\u2019ordre du jour,<\/li><li>le <a href=\"https:\/\/www.infolocale.fr\/blog\/delai-convoquer-assemblee-generale\/\">d\u00e9lai pour envoyer la convocation \u00e0 l&rsquo;assembl\u00e9e g\u00e9n\u00e9rale<\/a>,<\/li><li>les r\u00e8gles permettant au membres de l\u2019association d\u2019enregistrer un point \u00e0 l\u2019ordre du jour.<\/li><\/ul>\n\n\n<div class=\"wp-block-image is-resized\">\n<figure class=\"aligncenter size-large has-lightbox\"><a href=\"https:\/\/www.infolocale.fr\/decouvrir\/deposant\/?utm_source=blog&amp;utm_medium=banner&amp;utm_campaign=blog-content\"><img fetchpriority=\"high\" decoding=\"async\" width=\"1024\" height=\"1024\" src=\"https:\/\/www.infolocale.fr\/blog\/wp-content\/uploads\/2021\/11\/banniere-NLDASSO-carree1500x1500-1024x1024.jpg\" alt=\"\" class=\"wp-image-23946\" srcset=\"https:\/\/www.infolocale.fr\/blog\/wp-content\/uploads\/2021\/11\/banniere-NLDASSO-carree1500x1500-1024x1024.jpg 1024w, https:\/\/www.infolocale.fr\/blog\/wp-content\/uploads\/2021\/11\/banniere-NLDASSO-carree1500x1500-300x300.jpg 300w, https:\/\/www.infolocale.fr\/blog\/wp-content\/uploads\/2021\/11\/banniere-NLDASSO-carree1500x1500-150x150.jpg 150w, https:\/\/www.infolocale.fr\/blog\/wp-content\/uploads\/2021\/11\/banniere-NLDASSO-carree1500x1500-768x768.jpg 768w, https:\/\/www.infolocale.fr\/blog\/wp-content\/uploads\/2021\/11\/banniere-NLDASSO-carree1500x1500.jpg 1500w\" sizes=\"(max-width: 1024px) 100vw, 1024px\" \/><\/a><\/figure><\/div>\n\n\n<h2 class=\"wp-block-heading\">Quelles informations y faire appara\u00eetre ?&nbsp;<\/h2>\n\n\n\n<p>Vous organisez une assembl\u00e9e g\u00e9n\u00e9rale pour votre association et vous devez r\u00e9diger l\u2019ordre du jour qui sera joint \u00e0 la convocation ? Voici les \u00e9tapes \u00e0 suivre !<\/p>\n\n\n\n<ol class=\"wp-block-list\"><li>Identifier votre association et le sujet du courrier<\/li><\/ol>\n\n\n\n<p>Votre ordre du jour peut tout \u00e0 fait se confondre avec la <a href=\"https:\/\/www.infolocale.fr\/blog\/convocation-assemblee-generale-association\/\">convocation \u00e0 l\u2019assembl\u00e9e g\u00e9n\u00e9rale<\/a> de votre association loi 1901. Dans ce cas, vous devrez :<\/p>\n\n\n\n<ul class=\"wp-block-list\"><li>Faire appara\u00eetre votre logo en t\u00eate,<\/li><li>titrer votre document de la mention \u201cAssembl\u00e9e g\u00e9n\u00e9rale\u201d.<\/li><\/ul>\n\n\n\n<ol class=\"wp-block-list\" start=\"2\"><li>Donner les informations de date et de lieu<\/li><\/ol>\n\n\n\n<p>Ensuite, vous devez pr\u00e9ciser les d\u00e9tails permettant d\u2019assister \u00e0 l\u2019assembl\u00e9e g\u00e9n\u00e9rale. Il s\u2019agira de renseigner sur :&nbsp;&nbsp;<\/p>\n\n\n\n<ul class=\"wp-block-list\"><li>le lieu,<\/li><li>la date,<\/li><li>et l\u2019heure de celle-ci.<\/li><\/ul>\n\n\n\n<ol class=\"wp-block-list\" start=\"3\"><li>Enum\u00e9rer les diff\u00e9rents point de l\u2019<strong>ordre du jour de l\u2019assembl\u00e9e g\u00e9n\u00e9rale<\/strong><\/li><\/ol>\n\n\n\n<p>Enfin, vous pouvez lister les diff\u00e9rents points en passant \u00e0 la ligne pour chacun d\u2019entre eux. Cela peut-\u00eatre :<\/p>\n\n\n\n<ul class=\"wp-block-list\"><li>Pr\u00e9sentation du bilan moral par le pr\u00e9sident,<\/li><li>du <a href=\"https:\/\/www.infolocale.fr\/blog\/rapport-financier-annuel-association\/\">bilan financier<\/a> par le tr\u00e9sorier,<\/li><li>pr\u00e9sentation du projet pour l\u2019ann\u00e9e \u00e0 venir,<\/li><li>question, r\u00e9ponse, d\u00e9bat,<\/li><li>\u00e9lection des dirigeants de l\u2019association,<\/li><li>mise au vote des diff\u00e9rents points.<\/li><\/ul>\n\n\n\n<h2 class=\"wp-block-heading\">Est-ce que les membres peuvent ajouter un point \u00e0 l\u2019ordre du jour ?<\/h2>\n\n\n\n<p>Oui, dans l\u2019absolu rien n\u2019emp\u00eache un membre de demander l\u2019ajout d\u2019un point \u00e0 l\u2019<strong>ordre du jour d\u2019une assembl\u00e9e g\u00e9n\u00e9rale d\u2019association<\/strong>. Cependant, comme toujours, ce sont les statuts qui font foi.&nbsp;<\/p>\n\n\n\n<p>Si votre association \u00e0 enregistr\u00e9, dans ses statuts ou dans son r\u00e8glement int\u00e9rieur, les r\u00e8gles encadrant l\u2019\u00e9criture de l\u2019ordre du jour. Il vous suffit de vous y reporter.&nbsp;<\/p>\n\n\n\n<p>Dans le silence des statuts, dans les petites associations, beaucoup chercheront \u00e0 s&rsquo;arranger avec les dirigeants pour faire figurer le point qui leur tient \u00e0 c\u0153ur \u00e0 l\u2019ordre du jour. Nous vous d\u00e9conseillons de proc\u00e9der ainsi.\u00a0Vous devriez rem\u00e9dier rapidement \u00e0 ce manque et faire voter par l\u2019assembl\u00e9e g\u00e9n\u00e9rale les r\u00e8gles permettant aux membres de soumettre un point \u00e0 l\u2019<strong>ordre du jour de l\u2019AG<\/strong>. Une r\u00e8gle grav\u00e9e dans le marbre et connue de tous, vous mettra d\u00e9finitivement \u00e0 l&rsquo;abri de toute <a href=\"https:\/\/www.infolocale.fr\/blog\/contester-l-assemblee-generale\/\">contestation des d\u00e9cisions vot\u00e9es<\/a>.<\/p>\n\n\n\n<h2 class=\"wp-block-heading\">Peut-on voter un point non inscrit \u00e0 l\u2019ordre du jour ?<\/h2>\n\n\n\n<p>Non, il est impossible de voter un point absent de l\u2019ordre du jour. Dans le cas o\u00f9 votre assembl\u00e9e g\u00e9n\u00e9rale s&rsquo;exprimait sur un sujet n&rsquo;y figurant pas, il serait facile de faire annuler ce vote via un recours effectu\u00e9 par une personne oppos\u00e9e \u00e0 ce point.<br><br>De plus, un point \u201cquestions diverses\u201d est souvent mentionn\u00e9 sur l\u2019<strong>ordre du jour d\u2019une assembl\u00e9e g\u00e9n\u00e9rale<\/strong>. Ce point ne peut en aucun cas \u00eatre un pr\u00e9texte \u00e0 mettre au vote toutes sortes de propositions. En effet, il ne peut s\u2019agir ici que de sujet de moindre importance.<br><br><\/p>\n","protected":false},"excerpt":{"rendered":"<p>En assembl\u00e9e g\u00e9n\u00e9rale d&rsquo;association, l&rsquo;ordre du jour est capital. Il fixe l\u2019organisation de l\u2019AG et permet aux participants de se pr\u00e9parer \u00e0 la r\u00e9union. En [&hellip;]<\/p>\n","protected":false},"author":2,"featured_media":17391,"comment_status":"open","ping_status":"open","sticky":false,"template":"","format":"standard","meta":{"_coblocks_attr":"","_coblocks_dimensions":"","_coblocks_responsive_height":"","_coblocks_accordion_ie_support":"","_mo_disable_npp":"","footnotes":""},"categories":[74],"tags":[104],"class_list":["post-17390","post","type-post","status-publish","format-standard","has-post-thumbnail","hentry","category-creer-et-administrer-une-association-1901","tag-assemblee-generale-ordinaire"],"yoast_head":"<!-- This site is optimized with the Yoast SEO plugin v23.2 - https:\/\/yoast.com\/wordpress\/plugins\/seo\/ -->\n<title>Ordre du jour d&#039;assembl\u00e9e g\u00e9n\u00e9rale d&#039;association : comment l&#039;\u00e9crire ? |<\/title>\n<meta name=\"description\" content=\"L&#039;ordre du jour est g\u00e9n\u00e9ralement \u00e9crit par le pr\u00e9sident. Les membres d&#039;une associations peuvent, dans certains cas, faire ajouter des points..\" \/>\n<meta name=\"robots\" content=\"index, follow, max-snippet:-1, max-image-preview:large, max-video-preview:-1\" \/>\n<link rel=\"canonical\" href=\"https:\/\/infolocale.ouest-france.fr\/blog\/ecrire-ordre-du-jour-assemblee-generale-association\/\" \/>\n<meta property=\"og:locale\" content=\"fr_FR\" \/>\n<meta property=\"og:type\" content=\"article\" \/>\n<meta property=\"og:title\" content=\"Ordre du jour d&#039;assembl\u00e9e g\u00e9n\u00e9rale d&#039;association : comment l&#039;\u00e9crire ? |\" \/>\n<meta property=\"og:description\" content=\"L&#039;ordre du jour est g\u00e9n\u00e9ralement \u00e9crit par le pr\u00e9sident. Les membres d&#039;une associations peuvent, dans certains cas, faire ajouter des points..\" \/>\n<meta property=\"og:url\" content=\"https:\/\/infolocale.ouest-france.fr\/blog\/ecrire-ordre-du-jour-assemblee-generale-association\/\" \/>\n<meta property=\"article:publisher\" content=\"https:\/\/www.facebook.com\/infolocaleFR\/\" \/>\n<meta property=\"article:published_time\" content=\"2022-02-10T14:59:49+00:00\" \/>\n<meta property=\"article:modified_time\" content=\"2022-09-09T09:18:45+00:00\" \/>\n<meta property=\"og:image\" content=\"https:\/\/infolocale.ouest-france.fr\/blog\/wp-content\/uploads\/2022\/02\/ordre-du-jour-assemblee-generale-association.jpg\" \/>\n\t<meta property=\"og:image:width\" content=\"900\" \/>\n\t<meta property=\"og:image:height\" content=\"630\" \/>\n\t<meta property=\"og:image:type\" content=\"image\/jpeg\" \/>\n<meta name=\"author\" content=\"Morgan\" \/>\n<meta name=\"twitter:card\" content=\"summary_large_image\" \/>\n<meta name=\"twitter:creator\" content=\"@infolocale\" \/>\n<meta name=\"twitter:site\" content=\"@infolocale\" \/>\n<meta name=\"twitter:label1\" content=\"\u00c9crit par\" \/>\n\t<meta name=\"twitter:data1\" content=\"Morgan\" \/>\n\t<meta name=\"twitter:label2\" content=\"Dur\u00e9e de lecture estim\u00e9e\" \/>\n\t<meta name=\"twitter:data2\" content=\"6 minutes\" \/>\n<script type=\"application\/ld+json\" class=\"yoast-schema-graph\">{\"@context\":\"https:\/\/schema.org\",\"@graph\":[{\"@type\":\"Article\",\"@id\":\"https:\/\/infolocale.ouest-france.fr\/blog\/ecrire-ordre-du-jour-assemblee-generale-association\/#article\",\"isPartOf\":{\"@id\":\"https:\/\/infolocale.ouest-france.fr\/blog\/ecrire-ordre-du-jour-assemblee-generale-association\/\"},\"author\":{\"name\":\"Morgan\",\"@id\":\"https:\/\/www.infolocale.fr\/blog\/#\/schema\/person\/f0f748ece99417833166b3ba8890f3db\"},\"headline\":\"Comment \u00e9crire l&rsquo;ordre du jour de votre assembl\u00e9e g\u00e9n\u00e9rale\",\"datePublished\":\"2022-02-10T14:59:49+00:00\",\"dateModified\":\"2022-09-09T09:18:45+00:00\",\"mainEntityOfPage\":{\"@id\":\"https:\/\/infolocale.ouest-france.fr\/blog\/ecrire-ordre-du-jour-assemblee-generale-association\/\"},\"wordCount\":1376,\"commentCount\":0,\"publisher\":{\"@id\":\"https:\/\/www.infolocale.fr\/blog\/#organization\"},\"image\":{\"@id\":\"https:\/\/infolocale.ouest-france.fr\/blog\/ecrire-ordre-du-jour-assemblee-generale-association\/#primaryimage\"},\"thumbnailUrl\":\"https:\/\/www.infolocale.fr\/blog\/wp-content\/uploads\/2022\/02\/ordre-du-jour-assemblee-generale-association.jpg\",\"keywords\":[\"Assembl\u00e9e g\u00e9n\u00e9rale ordinaire\"],\"articleSection\":[\"Cr\u00e9er et g\u00e9rer une association\"],\"inLanguage\":\"fr-FR\",\"potentialAction\":[{\"@type\":\"CommentAction\",\"name\":\"Comment\",\"target\":[\"https:\/\/infolocale.ouest-france.fr\/blog\/ecrire-ordre-du-jour-assemblee-generale-association\/#respond\"]}]},{\"@type\":\"WebPage\",\"@id\":\"https:\/\/infolocale.ouest-france.fr\/blog\/ecrire-ordre-du-jour-assemblee-generale-association\/\",\"url\":\"https:\/\/infolocale.ouest-france.fr\/blog\/ecrire-ordre-du-jour-assemblee-generale-association\/\",\"name\":\"Ordre du jour d'assembl\u00e9e g\u00e9n\u00e9rale d'association : comment l'\u00e9crire ? |\",\"isPartOf\":{\"@id\":\"https:\/\/www.infolocale.fr\/blog\/#website\"},\"primaryImageOfPage\":{\"@id\":\"https:\/\/infolocale.ouest-france.fr\/blog\/ecrire-ordre-du-jour-assemblee-generale-association\/#primaryimage\"},\"image\":{\"@id\":\"https:\/\/infolocale.ouest-france.fr\/blog\/ecrire-ordre-du-jour-assemblee-generale-association\/#primaryimage\"},\"thumbnailUrl\":\"https:\/\/www.infolocale.fr\/blog\/wp-content\/uploads\/2022\/02\/ordre-du-jour-assemblee-generale-association.jpg\",\"datePublished\":\"2022-02-10T14:59:49+00:00\",\"dateModified\":\"2022-09-09T09:18:45+00:00\",\"description\":\"L'ordre du jour est g\u00e9n\u00e9ralement \u00e9crit par le pr\u00e9sident. Les membres d'une associations peuvent, dans certains cas, faire ajouter des points..\",\"breadcrumb\":{\"@id\":\"https:\/\/infolocale.ouest-france.fr\/blog\/ecrire-ordre-du-jour-assemblee-generale-association\/#breadcrumb\"},\"inLanguage\":\"fr-FR\",\"potentialAction\":[{\"@type\":\"ReadAction\",\"target\":[\"https:\/\/infolocale.ouest-france.fr\/blog\/ecrire-ordre-du-jour-assemblee-generale-association\/\"]}]},{\"@type\":\"ImageObject\",\"inLanguage\":\"fr-FR\",\"@id\":\"https:\/\/infolocale.ouest-france.fr\/blog\/ecrire-ordre-du-jour-assemblee-generale-association\/#primaryimage\",\"url\":\"https:\/\/www.infolocale.fr\/blog\/wp-content\/uploads\/2022\/02\/ordre-du-jour-assemblee-generale-association.jpg\",\"contentUrl\":\"https:\/\/www.infolocale.fr\/blog\/wp-content\/uploads\/2022\/02\/ordre-du-jour-assemblee-generale-association.jpg\",\"width\":900,\"height\":630,\"caption\":\"Qui \u00e9crit l'ordre du jour de l'assembl\u00e9e g\u00e9n\u00e9rale d'une association ?\"},{\"@type\":\"BreadcrumbList\",\"@id\":\"https:\/\/infolocale.ouest-france.fr\/blog\/ecrire-ordre-du-jour-assemblee-generale-association\/#breadcrumb\",\"itemListElement\":[{\"@type\":\"ListItem\",\"position\":1,\"name\":\"Blog\",\"item\":\"https:\/\/infolocale.ouest-france.fr\/blog\/\"},{\"@type\":\"ListItem\",\"position\":2,\"name\":\"Cr\u00e9er et g\u00e9rer une association\",\"item\":\"https:\/\/infolocale.ouest-france.fr\/blog\/cat\/creer-et-administrer-une-association-1901\/\"},{\"@type\":\"ListItem\",\"position\":3,\"name\":\"Comment \u00e9crire l&rsquo;ordre du jour de votre assembl\u00e9e g\u00e9n\u00e9rale\"}]},{\"@type\":\"WebSite\",\"@id\":\"https:\/\/www.infolocale.fr\/blog\/#website\",\"url\":\"https:\/\/www.infolocale.fr\/blog\/\",\"name\":\"\",\"description\":\"\",\"publisher\":{\"@id\":\"https:\/\/www.infolocale.fr\/blog\/#organization\"},\"potentialAction\":[{\"@type\":\"SearchAction\",\"target\":{\"@type\":\"EntryPoint\",\"urlTemplate\":\"https:\/\/www.infolocale.fr\/blog\/?s={search_term_string}\"},\"query-input\":\"required name=search_term_string\"}],\"inLanguage\":\"fr-FR\"},{\"@type\":\"Organization\",\"@id\":\"https:\/\/www.infolocale.fr\/blog\/#organization\",\"name\":\"Infolocale\",\"url\":\"https:\/\/www.infolocale.fr\/blog\/\",\"logo\":{\"@type\":\"ImageObject\",\"inLanguage\":\"fr-FR\",\"@id\":\"https:\/\/www.infolocale.fr\/blog\/#\/schema\/logo\/image\/\",\"url\":\"https:\/\/www.infolocale.fr\/blog\/wp-content\/uploads\/2020\/11\/logol.jpg\",\"contentUrl\":\"https:\/\/www.infolocale.fr\/blog\/wp-content\/uploads\/2020\/11\/logol.jpg\",\"width\":1031,\"height\":398,\"caption\":\"Infolocale\"},\"image\":{\"@id\":\"https:\/\/www.infolocale.fr\/blog\/#\/schema\/logo\/image\/\"},\"sameAs\":[\"https:\/\/www.facebook.com\/infolocaleFR\/\",\"https:\/\/x.com\/infolocale\",\"https:\/\/www.instagram.com\/infolocale\/\",\"https:\/\/fr.linkedin.com\/company\/infolocale\",\"https:\/\/www.youtube.com\/channel\/UCnv4FA8EYEuu_si3TGr7xeA\"]},{\"@type\":\"Person\",\"@id\":\"https:\/\/www.infolocale.fr\/blog\/#\/schema\/person\/f0f748ece99417833166b3ba8890f3db\",\"name\":\"Morgan\",\"image\":{\"@type\":\"ImageObject\",\"inLanguage\":\"fr-FR\",\"@id\":\"https:\/\/www.infolocale.fr\/blog\/#\/schema\/person\/image\/\",\"url\":\"https:\/\/secure.gravatar.com\/avatar\/a22ec2a0cc817ae9fa3ff7341a213632?s=96&d=mm&r=g\",\"contentUrl\":\"https:\/\/secure.gravatar.com\/avatar\/a22ec2a0cc817ae9fa3ff7341a213632?s=96&d=mm&r=g\",\"caption\":\"Morgan\"},\"url\":\"https:\/\/www.infolocale.fr\/blog\/author\/morgan-delepine\/\"}]}<\/script>\n<!-- \/ Yoast SEO plugin. -->","yoast_head_json":{"title":"Ordre du jour d'assembl\u00e9e g\u00e9n\u00e9rale d'association : comment l'\u00e9crire ? |","description":"L'ordre du jour est g\u00e9n\u00e9ralement \u00e9crit par le pr\u00e9sident. Les membres d'une associations peuvent, dans certains cas, faire ajouter des points..","robots":{"index":"index","follow":"follow","max-snippet":"max-snippet:-1","max-image-preview":"max-image-preview:large","max-video-preview":"max-video-preview:-1"},"canonical":"https:\/\/infolocale.ouest-france.fr\/blog\/ecrire-ordre-du-jour-assemblee-generale-association\/","og_locale":"fr_FR","og_type":"article","og_title":"Ordre du jour d'assembl\u00e9e g\u00e9n\u00e9rale d'association : comment l'\u00e9crire ? |","og_description":"L'ordre du jour est g\u00e9n\u00e9ralement \u00e9crit par le pr\u00e9sident. Les membres d'une associations peuvent, dans certains cas, faire ajouter des points..","og_url":"https:\/\/infolocale.ouest-france.fr\/blog\/ecrire-ordre-du-jour-assemblee-generale-association\/","article_publisher":"https:\/\/www.facebook.com\/infolocaleFR\/","article_published_time":"2022-02-10T14:59:49+00:00","article_modified_time":"2022-09-09T09:18:45+00:00","og_image":[{"width":900,"height":630,"url":"https:\/\/infolocale.ouest-france.fr\/blog\/wp-content\/uploads\/2022\/02\/ordre-du-jour-assemblee-generale-association.jpg","type":"image\/jpeg"}],"author":"Morgan","twitter_card":"summary_large_image","twitter_creator":"@infolocale","twitter_site":"@infolocale","twitter_misc":{"\u00c9crit par":"Morgan","Dur\u00e9e de lecture estim\u00e9e":"6 minutes"},"schema":{"@context":"https:\/\/schema.org","@graph":[{"@type":"Article","@id":"https:\/\/infolocale.ouest-france.fr\/blog\/ecrire-ordre-du-jour-assemblee-generale-association\/#article","isPartOf":{"@id":"https:\/\/infolocale.ouest-france.fr\/blog\/ecrire-ordre-du-jour-assemblee-generale-association\/"},"author":{"name":"Morgan","@id":"https:\/\/www.infolocale.fr\/blog\/#\/schema\/person\/f0f748ece99417833166b3ba8890f3db"},"headline":"Comment \u00e9crire l&rsquo;ordre du jour de votre assembl\u00e9e g\u00e9n\u00e9rale","datePublished":"2022-02-10T14:59:49+00:00","dateModified":"2022-09-09T09:18:45+00:00","mainEntityOfPage":{"@id":"https:\/\/infolocale.ouest-france.fr\/blog\/ecrire-ordre-du-jour-assemblee-generale-association\/"},"wordCount":1376,"commentCount":0,"publisher":{"@id":"https:\/\/www.infolocale.fr\/blog\/#organization"},"image":{"@id":"https:\/\/infolocale.ouest-france.fr\/blog\/ecrire-ordre-du-jour-assemblee-generale-association\/#primaryimage"},"thumbnailUrl":"https:\/\/www.infolocale.fr\/blog\/wp-content\/uploads\/2022\/02\/ordre-du-jour-assemblee-generale-association.jpg","keywords":["Assembl\u00e9e g\u00e9n\u00e9rale ordinaire"],"articleSection":["Cr\u00e9er et g\u00e9rer une association"],"inLanguage":"fr-FR","potentialAction":[{"@type":"CommentAction","name":"Comment","target":["https:\/\/infolocale.ouest-france.fr\/blog\/ecrire-ordre-du-jour-assemblee-generale-association\/#respond"]}]},{"@type":"WebPage","@id":"https:\/\/infolocale.ouest-france.fr\/blog\/ecrire-ordre-du-jour-assemblee-generale-association\/","url":"https:\/\/infolocale.ouest-france.fr\/blog\/ecrire-ordre-du-jour-assemblee-generale-association\/","name":"Ordre du jour d'assembl\u00e9e g\u00e9n\u00e9rale d'association : comment l'\u00e9crire ? |","isPartOf":{"@id":"https:\/\/www.infolocale.fr\/blog\/#website"},"primaryImageOfPage":{"@id":"https:\/\/infolocale.ouest-france.fr\/blog\/ecrire-ordre-du-jour-assemblee-generale-association\/#primaryimage"},"image":{"@id":"https:\/\/infolocale.ouest-france.fr\/blog\/ecrire-ordre-du-jour-assemblee-generale-association\/#primaryimage"},"thumbnailUrl":"https:\/\/www.infolocale.fr\/blog\/wp-content\/uploads\/2022\/02\/ordre-du-jour-assemblee-generale-association.jpg","datePublished":"2022-02-10T14:59:49+00:00","dateModified":"2022-09-09T09:18:45+00:00","description":"L'ordre du jour est g\u00e9n\u00e9ralement \u00e9crit par le pr\u00e9sident. Les membres d'une associations peuvent, dans certains cas, faire ajouter des points..","breadcrumb":{"@id":"https:\/\/infolocale.ouest-france.fr\/blog\/ecrire-ordre-du-jour-assemblee-generale-association\/#breadcrumb"},"inLanguage":"fr-FR","potentialAction":[{"@type":"ReadAction","target":["https:\/\/infolocale.ouest-france.fr\/blog\/ecrire-ordre-du-jour-assemblee-generale-association\/"]}]},{"@type":"ImageObject","inLanguage":"fr-FR","@id":"https:\/\/infolocale.ouest-france.fr\/blog\/ecrire-ordre-du-jour-assemblee-generale-association\/#primaryimage","url":"https:\/\/www.infolocale.fr\/blog\/wp-content\/uploads\/2022\/02\/ordre-du-jour-assemblee-generale-association.jpg","contentUrl":"https:\/\/www.infolocale.fr\/blog\/wp-content\/uploads\/2022\/02\/ordre-du-jour-assemblee-generale-association.jpg","width":900,"height":630,"caption":"Qui \u00e9crit l'ordre du jour de l'assembl\u00e9e g\u00e9n\u00e9rale d'une association ?"},{"@type":"BreadcrumbList","@id":"https:\/\/infolocale.ouest-france.fr\/blog\/ecrire-ordre-du-jour-assemblee-generale-association\/#breadcrumb","itemListElement":[{"@type":"ListItem","position":1,"name":"Blog","item":"https:\/\/infolocale.ouest-france.fr\/blog\/"},{"@type":"ListItem","position":2,"name":"Cr\u00e9er et g\u00e9rer une association","item":"https:\/\/infolocale.ouest-france.fr\/blog\/cat\/creer-et-administrer-une-association-1901\/"},{"@type":"ListItem","position":3,"name":"Comment \u00e9crire l&rsquo;ordre du jour de votre assembl\u00e9e g\u00e9n\u00e9rale"}]},{"@type":"WebSite","@id":"https:\/\/www.infolocale.fr\/blog\/#website","url":"https:\/\/www.infolocale.fr\/blog\/","name":"","description":"","publisher":{"@id":"https:\/\/www.infolocale.fr\/blog\/#organization"},"potentialAction":[{"@type":"SearchAction","target":{"@type":"EntryPoint","urlTemplate":"https:\/\/www.infolocale.fr\/blog\/?s={search_term_string}"},"query-input":"required name=search_term_string"}],"inLanguage":"fr-FR"},{"@type":"Organization","@id":"https:\/\/www.infolocale.fr\/blog\/#organization","name":"Infolocale","url":"https:\/\/www.infolocale.fr\/blog\/","logo":{"@type":"ImageObject","inLanguage":"fr-FR","@id":"https:\/\/www.infolocale.fr\/blog\/#\/schema\/logo\/image\/","url":"https:\/\/www.infolocale.fr\/blog\/wp-content\/uploads\/2020\/11\/logol.jpg","contentUrl":"https:\/\/www.infolocale.fr\/blog\/wp-content\/uploads\/2020\/11\/logol.jpg","width":1031,"height":398,"caption":"Infolocale"},"image":{"@id":"https:\/\/www.infolocale.fr\/blog\/#\/schema\/logo\/image\/"},"sameAs":["https:\/\/www.facebook.com\/infolocaleFR\/","https:\/\/x.com\/infolocale","https:\/\/www.instagram.com\/infolocale\/","https:\/\/fr.linkedin.com\/company\/infolocale","https:\/\/www.youtube.com\/channel\/UCnv4FA8EYEuu_si3TGr7xeA"]},{"@type":"Person","@id":"https:\/\/www.infolocale.fr\/blog\/#\/schema\/person\/f0f748ece99417833166b3ba8890f3db","name":"Morgan","image":{"@type":"ImageObject","inLanguage":"fr-FR","@id":"https:\/\/www.infolocale.fr\/blog\/#\/schema\/person\/image\/","url":"https:\/\/secure.gravatar.com\/avatar\/a22ec2a0cc817ae9fa3ff7341a213632?s=96&d=mm&r=g","contentUrl":"https:\/\/secure.gravatar.com\/avatar\/a22ec2a0cc817ae9fa3ff7341a213632?s=96&d=mm&r=g","caption":"Morgan"},"url":"https:\/\/www.infolocale.fr\/blog\/author\/morgan-delepine\/"}]}},"_links":{"self":[{"href":"https:\/\/www.infolocale.fr\/blog\/wp-json\/wp\/v2\/posts\/17390"}],"collection":[{"href":"https:\/\/www.infolocale.fr\/blog\/wp-json\/wp\/v2\/posts"}],"about":[{"href":"https:\/\/www.infolocale.fr\/blog\/wp-json\/wp\/v2\/types\/post"}],"author":[{"embeddable":true,"href":"https:\/\/www.infolocale.fr\/blog\/wp-json\/wp\/v2\/users\/2"}],"replies":[{"embeddable":true,"href":"https:\/\/www.infolocale.fr\/blog\/wp-json\/wp\/v2\/comments?post=17390"}],"version-history":[{"count":0,"href":"https:\/\/www.infolocale.fr\/blog\/wp-json\/wp\/v2\/posts\/17390\/revisions"}],"wp:featuredmedia":[{"embeddable":true,"href":"https:\/\/www.infolocale.fr\/blog\/wp-json\/wp\/v2\/media\/17391"}],"wp:attachment":[{"href":"https:\/\/www.infolocale.fr\/blog\/wp-json\/wp\/v2\/media?parent=17390"}],"wp:term":[{"taxonomy":"category","embeddable":true,"href":"https:\/\/www.infolocale.fr\/blog\/wp-json\/wp\/v2\/categories?post=17390"},{"taxonomy":"post_tag","embeddable":true,"href":"https:\/\/www.infolocale.fr\/blog\/wp-json\/wp\/v2\/tags?post=17390"}],"curies":[{"name":"wp","href":"https:\/\/api.w.org\/{rel}","templated":true}]}}