{"id":17178,"date":"2022-01-26T16:44:28","date_gmt":"2022-01-26T15:44:28","guid":{"rendered":"https:\/\/www.infolocale.fr\/blog\/?p=17178"},"modified":"2022-10-25T16:27:11","modified_gmt":"2022-10-25T14:27:11","slug":"infolocale-communication-pour-association","status":"publish","type":"post","link":"https:\/\/www.infolocale.fr\/blog\/infolocale-communication-pour-association\/","title":{"rendered":"Comment utiliser Infolocale dans la communication de votre association ?"},"content":{"rendered":"\n<p>Pourquoi et comment utiliser Infolocale dans la communication de son association ?<\/p>\n\n\n\n<p class=\"has-black-color has-text-color has-background\" style=\"background-color:#a1d5f5\">Infolocale propose trois outils. Ceux-ci permettent aux associations de :<br>&#8211; promouvoir leur agenda, <br>&#8211; de mettre en avant leurs activit\u00e9s r\u00e9guli\u00e8res,<br>&#8211; de diffuser leurs communiqu\u00e9s. <br>Ces trois fonctions sont enti\u00e8rement gratuites. En outre, Infolocale, ce sont 50 000 associations utilisatrices et plus de 500 000 \u00e9v\u00e9nements diffus\u00e9s chaque ann\u00e9e. Avec Infolocale, vos contenus apparaissent sur des sites de m\u00e9dias parmi les plus consult\u00e9s de France, ainsi que sur plus de 200 sites de collectivit\u00e9s territoriales offrant \u00e0 votre association de toucher son public sur votre ville et ses environs.<\/p>\n\n\n\n<div class=\"wp-block-buttons is-horizontal is-content-justification-center is-layout-flex wp-container-core-buttons-is-layout-1 wp-block-buttons-is-layout-flex\">\n<div class=\"wp-block-button\"><a class=\"wp-block-button__link has-white-color has-luminous-vivid-amber-background-color has-text-color has-background wp-element-button\"><strong>&gt;&gt;Inscrire mon asso \u00e0 Infolocale <\/strong><\/a><\/div>\n<\/div>\n\n\n\n<p>Vous souhaitez communiquer pour les activit\u00e9s ou les actions de votre association ? Infolocale vous propose trois outils. Ceux-ci vous permettront, de mettre en avant votre organisation et de capter l&rsquo;attention de vos futurs publics, de vos b\u00e9n\u00e9voles et de vos futurs adh\u00e9rents.<\/p>\n\n\n\n<h2 class=\"wp-block-heading\">1. L&rsquo;outil Agenda : diffuse vos \u00e9v\u00e9nements sur votre territoire<\/h2>\n\n\n\n<p>Comme son nom l\u2019indique, l\u2019agenda en ligne d\u2019infolocale offre aux associations l\u2019opportunit\u00e9 de communiquer sur les \u00e9v\u00e9nements qu\u2019elles organisent. Vous avez une rencontre sportive, une exposition, une action caritative \u00e0 venir ? L\u2019inscrire sur l\u2019agenda d\u2019Infolocale vous aidera \u00e0 la diffuser aupr\u00e8s des internautes de votre ville.<\/p>\n\n\n\n<p>Pour publier vos \u00e9v\u00e9nements : rendez-vous sur <a href=\"https:\/\/www.infolocale.fr\/decouvrir\/associations\/?utm_source=blog&amp;utm_medium=banner&amp;utm_campaign=blog-content\">votre espace personnel<\/a>.<\/p>\n\n\n\n<figure class=\"wp-block-embed is-type-video is-provider-youtube wp-block-embed-youtube wp-embed-aspect-16-9 wp-has-aspect-ratio\"><div class=\"wp-block-embed__wrapper\">\n<iframe title=\"Annoncez votre \u00e9v\u00e9nement sur Infolocale\" width=\"1020\" height=\"574\" src=\"https:\/\/www.youtube.com\/embed\/WKnMfSYtRZ4?feature=oembed&#038;enablejsapi=1&#038;origin=https:\/\/www.infolocale.fr\" frameborder=\"0\" allow=\"accelerometer; autoplay; clipboard-write; encrypted-media; gyroscope; picture-in-picture\" allowfullscreen><\/iframe>\n<\/div><\/figure>\n\n\n\n<p>Commencez par cliquer sur agenda et renseignez les informations de votre \u00e9v\u00e9nement, son type, la date, le lieu, l\u2019heure de d\u00e9but et un descriptif. <\/p>\n\n\n\n<p>Ensuite, ajoutez une photo et le tour est jou\u00e9. Vous pouvez m\u00eame associer Infolocale et d\u2019autres outils, int\u00e9grer une billetterie et vendre vos places en ligne.<\/p>\n\n\n\n<div class=\"wp-block-buttons is-content-justification-center is-layout-flex wp-block-buttons-is-layout-flex\">\n<div class=\"wp-block-button\"><a class=\"wp-block-button__link has-white-color has-luminous-vivid-amber-background-color has-text-color has-background\" href=\"https:\/\/www.infolocale.fr\/decouvrir\/associations\/?utm_source=blog&amp;utm_medium=banner&amp;utm_campaign=blog-content\"> Je d\u00e9pose gratuitement un \u00e9v\u00e9nement dans l&rsquo;agenda Infolocale <\/a><\/div>\n<\/div>\n\n\n\n<div style=\"height:100px\" aria-hidden=\"true\" class=\"wp-block-spacer\"><\/div>\n\n\n\n<h3 class=\"wp-block-heading\">Agenda Infolocale : quelle visibilit\u00e9 pour vos \u00e9v\u00e9nements ?<\/h3>\n\n\n\n<p>Infolocale offre une visibilit\u00e9 unique \u00e0 vos \u00e9v\u00e9nements. Via notre site, vos contenus, sont multi-diffus\u00e9s sur de nombreux supports partenaires.&nbsp;Ainsi, une fois valid\u00e9s par notre \u00e9quipe, ils peuvent apparaitre : <\/p>\n\n\n\n<h4 class=\"wp-block-heading\"><strong>Sur Infolocale<\/strong><\/h4>\n\n\n\n<p>En premier lieu, vos \u00e9v\u00e9nements sont visibles sur le site d&rsquo;Infolocale. Ils apparaissent sur la page de votre association ainsi que sur la <a href=\"https:\/\/www.infolocale.fr\/pays-de-la-loire\/maine-et-loire\/angers-49000\">page Infolocale de votre ville<\/a>. Ici, ils seront consultables par les internautes \u00e0 la recherche d\u2019id\u00e9es de sorties sur votre territoire.<\/p>\n\n\n\n<h4 class=\"wp-block-heading\"><strong>Sur des sites internet \u00e0 grande audience<\/strong><\/h4>\n\n\n\n<p>Votre agenda peut \u00e9galement \u00eatre diffus\u00e9 sur les sites d\u2019acteurs nationaux. Ici on peut citer : <\/p>\n\n\n\n<ul class=\"wp-block-list\"><li><a href=\"https:\/\/actu.fr\/\" target=\"_blank\" rel=\"noreferrer noopener\">actu.fr<\/a>, <\/li><li>le site <a href=\"https:\/\/www.francelive.fr\/\">France Live<\/a>, <\/li><li><a href=\"https:\/\/maville.com\/\">maville.com<\/a> <\/li><li>ou <a href=\"https:\/\/www.ouest-france.fr\/\" target=\"_blank\" rel=\"noreferrer noopener\">ouest-france.fr<\/a> l\u2019un des sites d\u2019actualit\u00e9 les plus lus de France.\u00a0<\/li><\/ul>\n\n\n\n<h4 class=\"wp-block-heading\"><strong>Sur les sites de vos collectivit\u00e9s territoriales<\/strong><\/h4>\n\n\n\n<p>Enfin, si celles-ci int\u00e8grent le flux Infolocale, votre agenda peut \u00e9galement appara\u00eetre sur les sites de vos collectivit\u00e9s territoriales. Actuellement, ce sont plus de 200 collectivit\u00e9s fran\u00e7aises qui diffusent les Agendas d\u2019Infolocale de leur territoire.<\/p>\n\n\n\n<h4 class=\"wp-block-heading\"><strong>Dans les pages de vos titres de la presse r\u00e9gionale<\/strong><\/h4>\n\n\n\n<p>Ensuite, l\u2019agenda Infolocale peut appara\u00eetre dans les pages de certains titres de la presse r\u00e9gionale. <\/p>\n\n\n\n<p>Chaque jour, des centaines d&rsquo;\u00e9v\u00e9nements enregistr\u00e9s dans l&rsquo;agenda Infolocale sont diffus\u00e9s dans les pages de ces diff\u00e9rents titres.<\/p>\n\n\n\n<h5 class=\"wp-block-heading\">Les r\u00e9gions concern\u00e9es par la diffusion de leurs \u00e9v\u00e9nements dans les pages de la presse r\u00e9gionale sont&nbsp;:<\/h5>\n\n\n\n<ol class=\"wp-block-list\"><li>La Bretagne sur ses quatre d\u00e9partements<\/li><li>Les Pays-de-la-Loire sur l\u2019ensemble de ses cinq d\u00e9partements<\/li><li>La Normandie sur les d\u00e9partements de l\u2019Eure, l\u2019Orne, le Calvados et la Manche<\/li><li>La Nouvelle-Aquitaine sur le d\u00e9partement des Deux-S\u00e8vres.<\/li><li>Dans la r\u00e9gion Centre en Eure-et-Loire<\/li><li>Dans les Hauts-de-France dans l&rsquo;Oise et La Seine-Maritime.<\/li><li>En Ile-de-France dans le Val-d&rsquo;Oise et Les Yvelines.<\/li><\/ol>\n\n\n\n<h5 class=\"wp-block-heading\">Les titres de la presse dans lesquelles vos \u00e9v\u00e9nements publi\u00e9s sur Infolocale peuvent apparaitre gratuitement sont&nbsp;: &nbsp;<\/h5>\n\n\n\n<ul class=\"wp-block-list\"><li><a href=\"https:\/\/www.ouest-france.fr\/pays-de-la-loire\/\" target=\"_blank\" rel=\"noreferrer noopener\"><strong>Ouest-France<\/strong><\/a>,<\/li><li><a href=\"https:\/\/www.ouest-france.fr\/medias\/presse-ocean\/\" target=\"_blank\" rel=\"noreferrer noopener\"><strong>Presse Oc\u00e9an<\/strong><\/a>,<\/li><li><a href=\"https:\/\/www.ouest-france.fr\/le-maine-libre\/\" target=\"_blank\" rel=\"noreferrer noopener\"><strong>Le Maine Libre<\/strong><\/a>,<\/li><li><a href=\"https:\/\/www.ouest-france.fr\/le-courrier-de-l-ouest\/\" target=\"_blank\" rel=\"noreferrer noopener\"><strong>Le Courrier de l\u2019Ouest<\/strong><\/a>.<\/li><li><a href=\"https:\/\/actu.fr\/la-presse-de-la-manche\/\" target=\"_blank\" rel=\"noreferrer noopener\"><strong>La Presse de la Manche<\/strong><\/a>.<\/li><li><a href=\"https:\/\/actu.fr\/l-eveil-normand\/\" target=\"_blank\" rel=\"noreferrer noopener\"><strong>L\u2019Eveil Normand<\/strong><\/a>,<\/li><li><a href=\"https:\/\/actu.fr\/la-depeche-evreux\/\" target=\"_blank\" rel=\"noreferrer noopener\"><strong>La D\u00e9p\u00eache Evreux<\/strong><\/a>,<\/li><li><a href=\"https:\/\/actu.fr\/l-eveil-de-pont-audemer\/\" target=\"_blank\" rel=\"noreferrer noopener\"><strong>L\u2019Eveil de Pont-Audemer<\/strong><\/a>,<\/li><li><a href=\"https:\/\/actu.fr\/la-depeche-louviers\/\" target=\"_blank\" rel=\"noreferrer noopener\"><strong>La D\u00e9p\u00eache Louviers<\/strong><\/a>,<\/li><li><a href=\"https:\/\/fr-fr.facebook.com\/LaDepecheVerneuil\/\" target=\"_blank\" rel=\"noreferrer noopener\"><strong>La D\u00e9p\u00eache Verneuil,<\/strong><\/a><\/li><li>Eure Infos,<\/li><li><a href=\"https:\/\/actu.fr\/l-eveil-de-lisieux\/faits-divers\" target=\"_blank\" rel=\"noreferrer noopener\"><strong>L\u2019Eveil de Lisieux<\/strong><\/a>,<\/li><li><a href=\"https:\/\/actu.fr\/le-democrate-vernonnais\/\" target=\"_blank\" rel=\"noreferrer noopener\"><strong>Le D\u00e9mocrate Vernonnais,<\/strong><\/a><\/li><li><a href=\"https:\/\/actu.fr\/le-courrier-de-l-eure\/\" target=\"_blank\" rel=\"noreferrer noopener\"><strong>Le Courrier de l\u2019Eure<\/strong><\/a>,<\/li><li><a href=\"https:\/\/actu.fr\/l-impartial\/\" target=\"_blank\" rel=\"noreferrer noopener\"><strong>L\u2019Impartial,<\/strong><\/a><\/li><li><a href=\"https:\/\/actu.fr\/le-reveil-normand\/\" target=\"_blank\" rel=\"noreferrer noopener\"><strong>Le R\u00e9veil normand<\/strong><\/a>.<\/li><li><a href=\"https:\/\/www.ouest-france.fr\/le-courrier-de-l-ouest\/\" target=\"_blank\" rel=\"noreferrer noopener\"><strong>Le Courrier de L\u2019Ouest<\/strong><\/a><\/li><\/ul>\n\n\n<div class=\"wp-block-image is-resized\">\n<figure class=\"aligncenter size-large has-lightbox\"><a href=\"https:\/\/www.infolocale.fr\/decouvrir\/deposant\/?utm_source=blog&amp;utm_medium=banner&amp;utm_campaign=blog-content\"><img fetchpriority=\"high\" decoding=\"async\" width=\"1024\" height=\"1024\" src=\"https:\/\/www.infolocale.fr\/blog\/wp-content\/uploads\/2021\/11\/banniere-NLDASSO-carree1500x1500-1024x1024.jpg\" alt=\"\" class=\"wp-image-23946\" srcset=\"https:\/\/www.infolocale.fr\/blog\/wp-content\/uploads\/2021\/11\/banniere-NLDASSO-carree1500x1500-1024x1024.jpg 1024w, https:\/\/www.infolocale.fr\/blog\/wp-content\/uploads\/2021\/11\/banniere-NLDASSO-carree1500x1500-300x300.jpg 300w, https:\/\/www.infolocale.fr\/blog\/wp-content\/uploads\/2021\/11\/banniere-NLDASSO-carree1500x1500-150x150.jpg 150w, https:\/\/www.infolocale.fr\/blog\/wp-content\/uploads\/2021\/11\/banniere-NLDASSO-carree1500x1500-768x768.jpg 768w, https:\/\/www.infolocale.fr\/blog\/wp-content\/uploads\/2021\/11\/banniere-NLDASSO-carree1500x1500.jpg 1500w\" sizes=\"(max-width: 1024px) 100vw, 1024px\" \/><\/a><\/figure><\/div>\n\n\n<h2 class=\"wp-block-heading\">2. L&rsquo;outil Publications : pour \u00e9crire des nouvelles sur votre association<\/h2>\n\n\n\n<p>Infolocale offre \u00e9galement \u00e0 votre association, la possibilit\u00e9 de diffuser gratuitement des articles vers les lecteurs de votre territoire.<\/p>\n\n\n\n<figure class=\"wp-block-embed aligncenter is-type-video is-provider-youtube wp-block-embed-youtube wp-embed-aspect-16-9 wp-has-aspect-ratio\"><div class=\"wp-block-embed__wrapper\">\n<iframe title=\"R\u00e9digez votre publication sur Infolocale\" width=\"1020\" height=\"574\" src=\"https:\/\/www.youtube.com\/embed\/gryE-hbt9a8?feature=oembed&#038;enablejsapi=1&#038;origin=https:\/\/www.infolocale.fr\" frameborder=\"0\" allow=\"accelerometer; autoplay; clipboard-write; encrypted-media; gyroscope; picture-in-picture\" allowfullscreen><\/iframe>\n<\/div><\/figure>\n\n\n\n<p>Ici, il s\u2019agit de contenus r\u00e9dig\u00e9s que l\u2019on peut comparer \u00e0 un post de blog ou un <a href=\"https:\/\/www.infolocale.fr\/blog\/communique-de-presse-association\/\">communiqu\u00e9 de presse<\/a>. Vous pouvez y aborder diff\u00e9rents sujets de la vie quotidienne de votre association, faire le compte-rendu d\u2019un \u00e9v\u00e9nement, parler d\u2019un projet \u00e0 venir, de l\u2019ouverture d\u2019une nouvelle section, interviewer un membre important de votre association, un b\u00e9n\u00e9vole\u2026<\/p>\n\n\n\n<p>Les publications offrent un v\u00e9ritable site internet gratuit \u00e0 votre association, une agora, un espace d\u2019expression o\u00f9 vous pourrez prendre la parole pour parler de vous. La liste des sujets potentiels est longue. Toutefois, si vous aviez besoin d\u2019inspiration, vous pourrez retrouver ici des d\u2019<a href=\"https:\/\/www.infolocale.fr\/blog\/idees-darticles-pour-blog-association\/\">id\u00e9es d\u2019articles pour le blog d\u2019une association<\/a>.&nbsp;<\/p>\n\n\n\n<div class=\"wp-block-buttons is-content-justification-center is-layout-flex wp-block-buttons-is-layout-flex\">\n<div class=\"wp-block-button\"><a class=\"wp-block-button__link has-white-color has-luminous-vivid-amber-background-color has-text-color has-background\" href=\"https:\/\/www.infolocale.fr\/decouvrir\/associations\/?utm_source=blog&amp;utm_medium=banner&amp;utm_campaign=blog-content\"> Ecrire une publication sur Infolocale <\/a><\/div>\n<\/div>\n\n\n\n<div style=\"height:100px\" aria-hidden=\"true\" class=\"wp-block-spacer\"><\/div>\n\n\n\n<h3 class=\"wp-block-heading\">Quelle visibilit\u00e9 pour mes publications Infolocale ?<\/h3>\n\n\n\n<p>Tout comme l\u2019agenda d\u2019Infolocale, les publications ont vocation \u00e0 offrir une multidiffusion aux contenus de votre association. Aussi, les publications que vous y \u00e9crirez seront-elles diffus\u00e9es : <\/p>\n\n\n\n<p><strong>Sur Infolocale<\/strong><br>Pour commencer, vos publications appara\u00eetront sur la page de votre association, sur Infolocale, ainsi que sur les <a href=\"https:\/\/www.infolocale.fr\/bretagne\/ille-et-vilaine\/rennes-35000\">pages de votre ville<\/a>.<\/p>\n\n\n\n<p><strong>Sur les sites internet de la presse r\u00e9gionale<\/strong><br>Ensuite, selon votre d\u00e9partement, il se peut que vos publications apparaissent sur les pages locales de votre titre de presse r\u00e9gionale. C\u2019est par exemple le cas sur les pages des locales du site ouest-france.fr. Ici, vos publications peuvent appara\u00eetre et ce pour toutes les villes de France couverte par le journal, de Brest, \u00e0 Marseille et de Lille \u00e0 Biarritz. N\u00e9anmoins, seuls les publications de tr\u00e8s bonne qualit\u00e9 peuvent \u00eatre <a href=\"https:\/\/www.infolocale.fr\/blog\/publications-associations-presse\/\">s\u00e9lectionn\u00e9es pour \u00eatre diffus\u00e9es<\/a> sur les sites du journal Ouest-France.<\/p>\n\n\n\n<h2 class=\"wp-block-heading\">3. L&rsquo;outil Activit\u00e9 : forum des associations en ligne<\/h2>\n\n\n\n<p>Vous avez une association et celle-ci propose diff\u00e9rents cr\u00e9neaux ? Vous souhaitez communiquer sur l\u2019ensemble des sections qu\u2019offre votre association ; vos juniors, cadets&#8230; Vous proposez des cours pour les d\u00e9butants et d&rsquo;autres pour les confirm\u00e9s, des r\u00e9unions ou entra\u00eenements sur diff\u00e9rents jours de la semaine\u2026<\/p>\n\n\n\n<figure class=\"wp-block-embed is-type-video is-provider-youtube wp-block-embed-youtube wp-embed-aspect-16-9 wp-has-aspect-ratio\"><div class=\"wp-block-embed__wrapper\">\n<iframe title=\"Inscrivez votre activit\u00e9 sur Infolocale\" width=\"1020\" height=\"574\" src=\"https:\/\/www.youtube.com\/embed\/rNGcGcfgYQ0?feature=oembed&#038;enablejsapi=1&#038;origin=https:\/\/www.infolocale.fr\" frameborder=\"0\" allow=\"accelerometer; autoplay; clipboard-write; encrypted-media; gyroscope; picture-in-picture\" allowfullscreen><\/iframe>\n<\/div><\/figure>\n\n\n\n<p>L\u2019outil activit\u00e9 d\u2019Infolocale vous propose de renseigner l\u2019ensemble de vos informations de section et de cr\u00e9neaux horaires.&nbsp;<\/p>\n\n\n\n<div class=\"wp-block-buttons is-content-justification-center is-layout-flex wp-block-buttons-is-layout-flex\">\n<div class=\"wp-block-button\"><a class=\"wp-block-button__link has-white-color has-luminous-vivid-amber-background-color has-text-color has-background\" href=\"https:\/\/www.infolocale.fr\/decouvrir\/associations\/?utm_source=blog&amp;utm_medium=banner&amp;utm_campaign=blog-content\"> Je renseigne les activit\u00e9s de mon association <\/a><\/div>\n<\/div>\n\n\n\n<div style=\"height:100px\" aria-hidden=\"true\" class=\"wp-block-spacer\"><\/div>\n\n\n\n<h3 class=\"wp-block-heading\">Pourquoi l\u2019utiliser ?<\/h3>\n\n\n\n<p>Cet outil vise \u00e0 cr\u00e9er un v\u00e9ritable forum des associations en ligne et ce pour l\u2019ensemble des villes de France. Les activit\u00e9s enregistr\u00e9es sur Infolocale apparaissent en diff\u00e9rents endroits. <\/p>\n\n\n\n<p><strong>Sur Infolocale<\/strong><br>Ici, vous pouvez les retrouver sur votre fiche association. De plus, elles seront \u00e9galement visibles pour l\u2019ensemble des internautes \u00e0 la recherche d&rsquo;une activit\u00e9, d&rsquo;un club ou d&rsquo;une association dans votre ville, via les pages locales de notre site.<\/p>\n\n\n\n<p><strong>Sur ouest-france.fr<\/strong><br>Vos activit\u00e9s apparaitront aussi sur l&rsquo;annuaire d&rsquo;association ABC des loisirs sur le site d&rsquo;information parmi les plus consult\u00e9s de France : ouest-france.fr. <\/p>\n","protected":false},"excerpt":{"rendered":"<p>Pourquoi et comment utiliser Infolocale dans la communication de son association ? Infolocale propose trois outils. Ceux-ci permettent aux associations de :&#8211; promouvoir leur agenda, [&hellip;]<\/p>\n","protected":false},"author":2,"featured_media":17191,"comment_status":"open","ping_status":"open","sticky":false,"template":"","format":"standard","meta":{"_coblocks_attr":"","_coblocks_dimensions":"","_coblocks_responsive_height":"","_coblocks_accordion_ie_support":"","_mo_disable_npp":"","footnotes":""},"categories":[69],"tags":[86],"class_list":["post-17178","post","type-post","status-publish","format-standard","has-post-thumbnail","hentry","category-communication-des-associations","tag-fonctionnalites"],"yoast_head":"<!-- This site is optimized with the Yoast SEO plugin v23.2 - https:\/\/yoast.com\/wordpress\/plugins\/seo\/ -->\n<title>Comment utiliser Infolocale dans la communication d&#039;une association ? |<\/title>\n<meta name=\"description\" content=\"Infolocale propose trois outils permettant de promouvoir vos \u00e9v\u00e9nements, de mettre en avant vos activit\u00e9s et de diffuser vos communiqu\u00e9s.\" \/>\n<meta name=\"robots\" content=\"index, follow, max-snippet:-1, max-image-preview:large, max-video-preview:-1\" \/>\n<link rel=\"canonical\" href=\"https:\/\/infolocale.actu.fr\/blog\/infolocale-communication-pour-association\/\" \/>\n<meta property=\"og:locale\" content=\"fr_FR\" \/>\n<meta property=\"og:type\" content=\"article\" \/>\n<meta property=\"og:title\" content=\"Comment utiliser Infolocale dans la communication d&#039;une association ? |\" \/>\n<meta property=\"og:description\" content=\"Infolocale propose trois outils permettant de promouvoir vos \u00e9v\u00e9nements, de mettre en avant vos activit\u00e9s et de diffuser vos communiqu\u00e9s.\" \/>\n<meta property=\"og:url\" content=\"https:\/\/infolocale.actu.fr\/blog\/infolocale-communication-pour-association\/\" \/>\n<meta property=\"article:publisher\" content=\"https:\/\/www.facebook.com\/infolocaleFR\/\" \/>\n<meta property=\"article:published_time\" content=\"2022-01-26T15:44:28+00:00\" \/>\n<meta property=\"article:modified_time\" content=\"2022-10-25T14:27:11+00:00\" \/>\n<meta property=\"og:image\" content=\"https:\/\/infolocale.actu.fr\/blog\/wp-content\/uploads\/2022\/01\/infolocale-communication-associations.jpg\" \/>\n\t<meta property=\"og:image:width\" content=\"900\" \/>\n\t<meta property=\"og:image:height\" content=\"630\" \/>\n\t<meta property=\"og:image:type\" content=\"image\/jpeg\" \/>\n<meta name=\"author\" content=\"Morgan\" \/>\n<meta name=\"twitter:card\" content=\"summary_large_image\" \/>\n<meta name=\"twitter:creator\" content=\"@infolocale\" \/>\n<meta name=\"twitter:site\" content=\"@infolocale\" \/>\n<meta name=\"twitter:label1\" content=\"\u00c9crit par\" \/>\n\t<meta name=\"twitter:data1\" content=\"Morgan\" \/>\n\t<meta name=\"twitter:label2\" content=\"Dur\u00e9e de lecture estim\u00e9e\" \/>\n\t<meta name=\"twitter:data2\" content=\"6 minutes\" \/>\n<script type=\"application\/ld+json\" class=\"yoast-schema-graph\">{\"@context\":\"https:\/\/schema.org\",\"@graph\":[{\"@type\":\"Article\",\"@id\":\"https:\/\/infolocale.actu.fr\/blog\/infolocale-communication-pour-association\/#article\",\"isPartOf\":{\"@id\":\"https:\/\/infolocale.actu.fr\/blog\/infolocale-communication-pour-association\/\"},\"author\":{\"name\":\"Morgan\",\"@id\":\"https:\/\/www.infolocale.fr\/blog\/#\/schema\/person\/f0f748ece99417833166b3ba8890f3db\"},\"headline\":\"Comment utiliser Infolocale dans la communication de votre association ?\",\"datePublished\":\"2022-01-26T15:44:28+00:00\",\"dateModified\":\"2022-10-25T14:27:11+00:00\",\"mainEntityOfPage\":{\"@id\":\"https:\/\/infolocale.actu.fr\/blog\/infolocale-communication-pour-association\/\"},\"wordCount\":1234,\"commentCount\":0,\"publisher\":{\"@id\":\"https:\/\/www.infolocale.fr\/blog\/#organization\"},\"image\":{\"@id\":\"https:\/\/infolocale.actu.fr\/blog\/infolocale-communication-pour-association\/#primaryimage\"},\"thumbnailUrl\":\"https:\/\/www.infolocale.fr\/blog\/wp-content\/uploads\/2022\/01\/infolocale-communication-associations.jpg\",\"keywords\":[\"Tout savoir sur Infolocale\"],\"articleSection\":[\"Communication des associations\"],\"inLanguage\":\"fr-FR\",\"potentialAction\":[{\"@type\":\"CommentAction\",\"name\":\"Comment\",\"target\":[\"https:\/\/infolocale.actu.fr\/blog\/infolocale-communication-pour-association\/#respond\"]}]},{\"@type\":\"WebPage\",\"@id\":\"https:\/\/infolocale.actu.fr\/blog\/infolocale-communication-pour-association\/\",\"url\":\"https:\/\/infolocale.actu.fr\/blog\/infolocale-communication-pour-association\/\",\"name\":\"Comment utiliser Infolocale dans la communication d'une association ? |\",\"isPartOf\":{\"@id\":\"https:\/\/www.infolocale.fr\/blog\/#website\"},\"primaryImageOfPage\":{\"@id\":\"https:\/\/infolocale.actu.fr\/blog\/infolocale-communication-pour-association\/#primaryimage\"},\"image\":{\"@id\":\"https:\/\/infolocale.actu.fr\/blog\/infolocale-communication-pour-association\/#primaryimage\"},\"thumbnailUrl\":\"https:\/\/www.infolocale.fr\/blog\/wp-content\/uploads\/2022\/01\/infolocale-communication-associations.jpg\",\"datePublished\":\"2022-01-26T15:44:28+00:00\",\"dateModified\":\"2022-10-25T14:27:11+00:00\",\"description\":\"Infolocale propose trois outils permettant de promouvoir vos \u00e9v\u00e9nements, de mettre en avant vos activit\u00e9s et de diffuser vos communiqu\u00e9s.\",\"breadcrumb\":{\"@id\":\"https:\/\/infolocale.actu.fr\/blog\/infolocale-communication-pour-association\/#breadcrumb\"},\"inLanguage\":\"fr-FR\",\"potentialAction\":[{\"@type\":\"ReadAction\",\"target\":[\"https:\/\/infolocale.actu.fr\/blog\/infolocale-communication-pour-association\/\"]}]},{\"@type\":\"ImageObject\",\"inLanguage\":\"fr-FR\",\"@id\":\"https:\/\/infolocale.actu.fr\/blog\/infolocale-communication-pour-association\/#primaryimage\",\"url\":\"https:\/\/www.infolocale.fr\/blog\/wp-content\/uploads\/2022\/01\/infolocale-communication-associations.jpg\",\"contentUrl\":\"https:\/\/www.infolocale.fr\/blog\/wp-content\/uploads\/2022\/01\/infolocale-communication-associations.jpg\",\"width\":900,\"height\":630,\"caption\":\"Comment utiliser Infolocale dans la communication des associations\"},{\"@type\":\"BreadcrumbList\",\"@id\":\"https:\/\/infolocale.actu.fr\/blog\/infolocale-communication-pour-association\/#breadcrumb\",\"itemListElement\":[{\"@type\":\"ListItem\",\"position\":1,\"name\":\"Blog\",\"item\":\"https:\/\/infolocale.ouest-france.fr\/blog\/\"},{\"@type\":\"ListItem\",\"position\":2,\"name\":\"Communication des associations\",\"item\":\"https:\/\/infolocale.ouest-france.fr\/blog\/cat\/communication-des-associations\/\"},{\"@type\":\"ListItem\",\"position\":3,\"name\":\"Comment utiliser Infolocale dans la communication de votre association ?\"}]},{\"@type\":\"WebSite\",\"@id\":\"https:\/\/www.infolocale.fr\/blog\/#website\",\"url\":\"https:\/\/www.infolocale.fr\/blog\/\",\"name\":\"\",\"description\":\"\",\"publisher\":{\"@id\":\"https:\/\/www.infolocale.fr\/blog\/#organization\"},\"potentialAction\":[{\"@type\":\"SearchAction\",\"target\":{\"@type\":\"EntryPoint\",\"urlTemplate\":\"https:\/\/www.infolocale.fr\/blog\/?s={search_term_string}\"},\"query-input\":\"required name=search_term_string\"}],\"inLanguage\":\"fr-FR\"},{\"@type\":\"Organization\",\"@id\":\"https:\/\/www.infolocale.fr\/blog\/#organization\",\"name\":\"Infolocale\",\"url\":\"https:\/\/www.infolocale.fr\/blog\/\",\"logo\":{\"@type\":\"ImageObject\",\"inLanguage\":\"fr-FR\",\"@id\":\"https:\/\/www.infolocale.fr\/blog\/#\/schema\/logo\/image\/\",\"url\":\"https:\/\/www.infolocale.fr\/blog\/wp-content\/uploads\/2020\/11\/logol.jpg\",\"contentUrl\":\"https:\/\/www.infolocale.fr\/blog\/wp-content\/uploads\/2020\/11\/logol.jpg\",\"width\":1031,\"height\":398,\"caption\":\"Infolocale\"},\"image\":{\"@id\":\"https:\/\/www.infolocale.fr\/blog\/#\/schema\/logo\/image\/\"},\"sameAs\":[\"https:\/\/www.facebook.com\/infolocaleFR\/\",\"https:\/\/x.com\/infolocale\",\"https:\/\/www.instagram.com\/infolocale\/\",\"https:\/\/fr.linkedin.com\/company\/infolocale\",\"https:\/\/www.youtube.com\/channel\/UCnv4FA8EYEuu_si3TGr7xeA\"]},{\"@type\":\"Person\",\"@id\":\"https:\/\/www.infolocale.fr\/blog\/#\/schema\/person\/f0f748ece99417833166b3ba8890f3db\",\"name\":\"Morgan\",\"image\":{\"@type\":\"ImageObject\",\"inLanguage\":\"fr-FR\",\"@id\":\"https:\/\/www.infolocale.fr\/blog\/#\/schema\/person\/image\/\",\"url\":\"https:\/\/secure.gravatar.com\/avatar\/a22ec2a0cc817ae9fa3ff7341a213632?s=96&d=mm&r=g\",\"contentUrl\":\"https:\/\/secure.gravatar.com\/avatar\/a22ec2a0cc817ae9fa3ff7341a213632?s=96&d=mm&r=g\",\"caption\":\"Morgan\"},\"url\":\"https:\/\/www.infolocale.fr\/blog\/author\/morgan-delepine\/\"}]}<\/script>\n<!-- \/ Yoast SEO plugin. -->","yoast_head_json":{"title":"Comment utiliser Infolocale dans la communication d'une association ? |","description":"Infolocale propose trois outils permettant de promouvoir vos \u00e9v\u00e9nements, de mettre en avant vos activit\u00e9s et de diffuser vos communiqu\u00e9s.","robots":{"index":"index","follow":"follow","max-snippet":"max-snippet:-1","max-image-preview":"max-image-preview:large","max-video-preview":"max-video-preview:-1"},"canonical":"https:\/\/infolocale.actu.fr\/blog\/infolocale-communication-pour-association\/","og_locale":"fr_FR","og_type":"article","og_title":"Comment utiliser Infolocale dans la communication d'une association ? |","og_description":"Infolocale propose trois outils permettant de promouvoir vos \u00e9v\u00e9nements, de mettre en avant vos activit\u00e9s et de diffuser vos communiqu\u00e9s.","og_url":"https:\/\/infolocale.actu.fr\/blog\/infolocale-communication-pour-association\/","article_publisher":"https:\/\/www.facebook.com\/infolocaleFR\/","article_published_time":"2022-01-26T15:44:28+00:00","article_modified_time":"2022-10-25T14:27:11+00:00","og_image":[{"width":900,"height":630,"url":"https:\/\/infolocale.actu.fr\/blog\/wp-content\/uploads\/2022\/01\/infolocale-communication-associations.jpg","type":"image\/jpeg"}],"author":"Morgan","twitter_card":"summary_large_image","twitter_creator":"@infolocale","twitter_site":"@infolocale","twitter_misc":{"\u00c9crit par":"Morgan","Dur\u00e9e de lecture estim\u00e9e":"6 minutes"},"schema":{"@context":"https:\/\/schema.org","@graph":[{"@type":"Article","@id":"https:\/\/infolocale.actu.fr\/blog\/infolocale-communication-pour-association\/#article","isPartOf":{"@id":"https:\/\/infolocale.actu.fr\/blog\/infolocale-communication-pour-association\/"},"author":{"name":"Morgan","@id":"https:\/\/www.infolocale.fr\/blog\/#\/schema\/person\/f0f748ece99417833166b3ba8890f3db"},"headline":"Comment utiliser Infolocale dans la communication de votre association ?","datePublished":"2022-01-26T15:44:28+00:00","dateModified":"2022-10-25T14:27:11+00:00","mainEntityOfPage":{"@id":"https:\/\/infolocale.actu.fr\/blog\/infolocale-communication-pour-association\/"},"wordCount":1234,"commentCount":0,"publisher":{"@id":"https:\/\/www.infolocale.fr\/blog\/#organization"},"image":{"@id":"https:\/\/infolocale.actu.fr\/blog\/infolocale-communication-pour-association\/#primaryimage"},"thumbnailUrl":"https:\/\/www.infolocale.fr\/blog\/wp-content\/uploads\/2022\/01\/infolocale-communication-associations.jpg","keywords":["Tout savoir sur Infolocale"],"articleSection":["Communication des associations"],"inLanguage":"fr-FR","potentialAction":[{"@type":"CommentAction","name":"Comment","target":["https:\/\/infolocale.actu.fr\/blog\/infolocale-communication-pour-association\/#respond"]}]},{"@type":"WebPage","@id":"https:\/\/infolocale.actu.fr\/blog\/infolocale-communication-pour-association\/","url":"https:\/\/infolocale.actu.fr\/blog\/infolocale-communication-pour-association\/","name":"Comment utiliser Infolocale dans la communication d'une association ? |","isPartOf":{"@id":"https:\/\/www.infolocale.fr\/blog\/#website"},"primaryImageOfPage":{"@id":"https:\/\/infolocale.actu.fr\/blog\/infolocale-communication-pour-association\/#primaryimage"},"image":{"@id":"https:\/\/infolocale.actu.fr\/blog\/infolocale-communication-pour-association\/#primaryimage"},"thumbnailUrl":"https:\/\/www.infolocale.fr\/blog\/wp-content\/uploads\/2022\/01\/infolocale-communication-associations.jpg","datePublished":"2022-01-26T15:44:28+00:00","dateModified":"2022-10-25T14:27:11+00:00","description":"Infolocale propose trois outils permettant de promouvoir vos \u00e9v\u00e9nements, de mettre en avant vos activit\u00e9s et de diffuser vos communiqu\u00e9s.","breadcrumb":{"@id":"https:\/\/infolocale.actu.fr\/blog\/infolocale-communication-pour-association\/#breadcrumb"},"inLanguage":"fr-FR","potentialAction":[{"@type":"ReadAction","target":["https:\/\/infolocale.actu.fr\/blog\/infolocale-communication-pour-association\/"]}]},{"@type":"ImageObject","inLanguage":"fr-FR","@id":"https:\/\/infolocale.actu.fr\/blog\/infolocale-communication-pour-association\/#primaryimage","url":"https:\/\/www.infolocale.fr\/blog\/wp-content\/uploads\/2022\/01\/infolocale-communication-associations.jpg","contentUrl":"https:\/\/www.infolocale.fr\/blog\/wp-content\/uploads\/2022\/01\/infolocale-communication-associations.jpg","width":900,"height":630,"caption":"Comment utiliser Infolocale dans la communication des associations"},{"@type":"BreadcrumbList","@id":"https:\/\/infolocale.actu.fr\/blog\/infolocale-communication-pour-association\/#breadcrumb","itemListElement":[{"@type":"ListItem","position":1,"name":"Blog","item":"https:\/\/infolocale.ouest-france.fr\/blog\/"},{"@type":"ListItem","position":2,"name":"Communication des associations","item":"https:\/\/infolocale.ouest-france.fr\/blog\/cat\/communication-des-associations\/"},{"@type":"ListItem","position":3,"name":"Comment utiliser Infolocale dans la communication de votre association ?"}]},{"@type":"WebSite","@id":"https:\/\/www.infolocale.fr\/blog\/#website","url":"https:\/\/www.infolocale.fr\/blog\/","name":"","description":"","publisher":{"@id":"https:\/\/www.infolocale.fr\/blog\/#organization"},"potentialAction":[{"@type":"SearchAction","target":{"@type":"EntryPoint","urlTemplate":"https:\/\/www.infolocale.fr\/blog\/?s={search_term_string}"},"query-input":"required name=search_term_string"}],"inLanguage":"fr-FR"},{"@type":"Organization","@id":"https:\/\/www.infolocale.fr\/blog\/#organization","name":"Infolocale","url":"https:\/\/www.infolocale.fr\/blog\/","logo":{"@type":"ImageObject","inLanguage":"fr-FR","@id":"https:\/\/www.infolocale.fr\/blog\/#\/schema\/logo\/image\/","url":"https:\/\/www.infolocale.fr\/blog\/wp-content\/uploads\/2020\/11\/logol.jpg","contentUrl":"https:\/\/www.infolocale.fr\/blog\/wp-content\/uploads\/2020\/11\/logol.jpg","width":1031,"height":398,"caption":"Infolocale"},"image":{"@id":"https:\/\/www.infolocale.fr\/blog\/#\/schema\/logo\/image\/"},"sameAs":["https:\/\/www.facebook.com\/infolocaleFR\/","https:\/\/x.com\/infolocale","https:\/\/www.instagram.com\/infolocale\/","https:\/\/fr.linkedin.com\/company\/infolocale","https:\/\/www.youtube.com\/channel\/UCnv4FA8EYEuu_si3TGr7xeA"]},{"@type":"Person","@id":"https:\/\/www.infolocale.fr\/blog\/#\/schema\/person\/f0f748ece99417833166b3ba8890f3db","name":"Morgan","image":{"@type":"ImageObject","inLanguage":"fr-FR","@id":"https:\/\/www.infolocale.fr\/blog\/#\/schema\/person\/image\/","url":"https:\/\/secure.gravatar.com\/avatar\/a22ec2a0cc817ae9fa3ff7341a213632?s=96&d=mm&r=g","contentUrl":"https:\/\/secure.gravatar.com\/avatar\/a22ec2a0cc817ae9fa3ff7341a213632?s=96&d=mm&r=g","caption":"Morgan"},"url":"https:\/\/www.infolocale.fr\/blog\/author\/morgan-delepine\/"}]}},"_links":{"self":[{"href":"https:\/\/www.infolocale.fr\/blog\/wp-json\/wp\/v2\/posts\/17178"}],"collection":[{"href":"https:\/\/www.infolocale.fr\/blog\/wp-json\/wp\/v2\/posts"}],"about":[{"href":"https:\/\/www.infolocale.fr\/blog\/wp-json\/wp\/v2\/types\/post"}],"author":[{"embeddable":true,"href":"https:\/\/www.infolocale.fr\/blog\/wp-json\/wp\/v2\/users\/2"}],"replies":[{"embeddable":true,"href":"https:\/\/www.infolocale.fr\/blog\/wp-json\/wp\/v2\/comments?post=17178"}],"version-history":[{"count":0,"href":"https:\/\/www.infolocale.fr\/blog\/wp-json\/wp\/v2\/posts\/17178\/revisions"}],"wp:featuredmedia":[{"embeddable":true,"href":"https:\/\/www.infolocale.fr\/blog\/wp-json\/wp\/v2\/media\/17191"}],"wp:attachment":[{"href":"https:\/\/www.infolocale.fr\/blog\/wp-json\/wp\/v2\/media?parent=17178"}],"wp:term":[{"taxonomy":"category","embeddable":true,"href":"https:\/\/www.infolocale.fr\/blog\/wp-json\/wp\/v2\/categories?post=17178"},{"taxonomy":"post_tag","embeddable":true,"href":"https:\/\/www.infolocale.fr\/blog\/wp-json\/wp\/v2\/tags?post=17178"}],"curies":[{"name":"wp","href":"https:\/\/api.w.org\/{rel}","templated":true}]}}