{"id":17174,"date":"2022-01-25T10:18:11","date_gmt":"2022-01-25T09:18:11","guid":{"rendered":"https:\/\/www.infolocale.fr\/blog\/?p=17174"},"modified":"2022-01-25T14:07:14","modified_gmt":"2022-01-25T13:07:14","slug":"chandeleur-2022-communiquer-evenements-infolocale","status":"publish","type":"post","link":"https:\/\/www.infolocale.fr\/blog\/chandeleur-2022-communiquer-evenements-infolocale\/","title":{"rendered":"Chandeleur 2022 : Communiquez vos \u00e9v\u00e8nements sans plus attendre sur Infolocale"},"content":{"rendered":"\n<h2 class=\"wp-block-heading\">L&rsquo;histoire de la f\u00eate de la Chandeleur : <\/h2>\n\n\n\n<p>Chaque ann\u00e9e le 2 f\u00e9vrier nous f\u00eatons traditionnellement la chandeleur, aussi appel\u00e9e la f\u00eate des chandelles. &nbsp;<\/p>\n\n\n\n<p>Et si, pour bon nombre d\u2019entre nous la chandeleur est synonyme d\u2019un moment de convivialit\u00e9 et de partage autour de bonnes cr\u00eapes, cette f\u00eate \u00e0 tout de m\u00eame droit \u00e0 sa part d\u2019histoire.&nbsp;&nbsp;<\/p>\n\n\n\n<p>Il s\u2019agit tout d\u2019abord d\u2019une tradition pa\u00efenne pour f\u00eater le retour \u00e0 la lumi\u00e8re avec l\u2019arriv\u00e9e du printemps apr\u00e8s de longs mois d\u2019hiver pass\u00e9s dans l\u2019obscurit\u00e9.&nbsp;On observe d\u2019ailleurs que le soleil est mat\u00e9rialis\u00e9 par une&nbsp;cr\u00eape. A l\u2019\u00e9poque, ce sont les paysans qui d\u00e9cident de pr\u00e9parer des cr\u00eapes avec leurs denr\u00e9es restantes, \u00e0 savoir, la farine, les \u0153ufs et le lait. Superstition ou gourmandise ? Qu\u2019importe puisque les&nbsp;paysans pensent que cette tradition leur porte chance pour les prochaines r\u00e9coltes. &nbsp;<\/p>\n\n\n\n<p>La chandeleur, survenant peu de temps apr\u00e8s l\u2019\u00e9piphanie est \u00e9galement consid\u00e9r\u00e9e comme une f\u00eate chr\u00e9tienne. Elle c\u00e9l\u00e8bre l\u2019arriv\u00e9e de J\u00e9sus au Temple de J\u00e9rusalem. Au VII\u00e8me si\u00e8cle, pour f\u00eater cet \u00e9v\u00e8nement historique le Pape Serge Ier d\u00e9cide \u00e0 cette occasion d\u2019organiser une marche des chandelles ce qui donnera le nom de la Chandeleur. Pour remercier ses fid\u00e8les le Pape Serge Ier leur pr\u00e9para ensuite des cr\u00eapes. &nbsp;<\/p>\n\n\n\n<h2 class=\"wp-block-heading\">Annoncer un \u00e9v\u00e8nement \u00e0 l&rsquo;occasion de la Chandeleur : <\/h2>\n\n\n\n<p>Et vous ? Qu\u2019avez-vous pr\u00e9vu pour c\u00e9l\u00e9brer la Chandeleur le 2 f\u00e9vrier prochain ? &nbsp;<\/p>\n\n\n\n<ul class=\"wp-block-list\"><li><a href=\"https:\/\/www.infolocale.fr\/evenements\/evenement-forbach-reunion-assemblee-chandeleur-2006211808\" target=\"_blank\" rel=\"noreferrer noopener\">Une d\u00e9gustation de cr\u00eapes ?<\/a> &nbsp;<\/li><li><a href=\"https:\/\/www.infolocale.fr\/evenements\/evenement-montivilliers-festival-le-bal-de-la-chandeleur-2006124965\" target=\"_blank\" rel=\"noreferrer noopener\">Un bal de la Chandeleur ?<\/a>&nbsp;<\/li><li><a href=\"https:\/\/www.infolocale.fr\/evenements\/evenement-leognan-reunion-assemblee-soiree-chandeleur-2006222631\" target=\"_blank\" rel=\"noreferrer noopener\">Une soir\u00e9e musicale aux notes celtiques ? &nbsp;<\/a><\/li><li><a href=\"https:\/\/www.infolocale.fr\/evenements\/evenement-les-rouges-eaux-conference-debat-diaporama-la-chandeleur-ses-origines-de-l-ours-a-la-lumiere-2006253211\" target=\"_blank\" rel=\"noreferrer noopener\">Une soir\u00e9e d\u00e9couverte sur les origines de la f\u00eate de la Chandeleur ?<\/a> &nbsp;<\/li><li><a href=\"https:\/\/www.infolocale.fr\/evenements\/evenement-belmont-reunion-assemblee-animation-de-la-chandeleur-2006213900\" target=\"_blank\" rel=\"noreferrer noopener\">Une animation patinage dans l\u2019ambiance gourmande de la Chandeleur ?<\/a> &nbsp;<\/li><li><a href=\"https:\/\/www.infolocale.fr\/evenements\/evenement-labege-concert-spectacle-musical-concerts-de-la-chandeleur-706202354\" target=\"_blank\" rel=\"noreferrer noopener\">Un concert organis\u00e9 par une \u00e9cole de musique ?<\/a> &nbsp;<\/li><li><a href=\"https:\/\/www.infolocale.fr\/evenements\/evenement-la-petite-raon-sport-marche-de-la-chandeleur-2006222888\" target=\"_blank\" rel=\"noreferrer noopener\">Une marche de la Chandeleur ?<\/a> &nbsp;<\/li><\/ul>\n\n\n\n<p>Comme grand nombre d&rsquo;associations, mairies et collectivit\u00e9s n\u2019h\u00e9sitez pas \u00e0 communiquer vos \u00e9v\u00e8nements sur Infolocale \u00e0 l&rsquo;occasion de la Chandeleur . En partageant vos temps forts vous profiterez d\u2019une meilleure diffusion sur les sites Ouest-France et Infolocale.&nbsp;<\/p>\n\n\n\n<p>De plus, pensez \u00e9galement \u00e0 relayer vos diff\u00e9rents \u00e9v\u00e8nements sur les <a href=\"https:\/\/www.infolocale.fr\/blog\/communiquer-reseaux-sociaux\/\" target=\"_blank\" rel=\"noreferrer noopener\">r\u00e9seaux sociaux <\/a>afin de gagner davantage en visibilit\u00e9. &nbsp;<\/p>\n\n\n\n<p><strong><a href=\"https:\/\/www.infolocale.fr\/decouvrir\/\" target=\"_blank\" rel=\"noreferrer noopener\">Pour annoncer votre \u00e9v\u00e8nement :&nbsp;<\/a> &nbsp;<\/strong><br>&nbsp;<br>1. Connectez-vous \u00e0 votre espace Infolocale.&nbsp;<br>2. Cliquez sur \u00ab\u00a0J&rsquo;annonce\u00a0\u00bb pour cr\u00e9er votre nouvel \u00e9v\u00e8nement.&nbsp;<br>3. S\u00e9lectionnez le th\u00e8me de l&rsquo;\u00e9v\u00e8nement que vous souhaitez annoncer. &nbsp;<br>4. Renseignez la date, le lieu, le tarif, la description, le type de r\u00e9servation ainsi qu&rsquo;un compl\u00e9ment d&rsquo;information ou encore quelques photos pour votre \u00e9v\u00e8nement.&nbsp;<\/p>\n","protected":false},"excerpt":{"rendered":"<p>L&rsquo;histoire de la f\u00eate de la Chandeleur : Chaque ann\u00e9e le 2 f\u00e9vrier nous f\u00eatons traditionnellement la chandeleur, aussi appel\u00e9e la f\u00eate des chandelles. &nbsp; [&hellip;]<\/p>\n","protected":false},"author":14,"featured_media":17175,"comment_status":"open","ping_status":"open","sticky":false,"template":"","format":"standard","meta":{"_coblocks_attr":"","_coblocks_dimensions":"","_coblocks_responsive_height":"","_coblocks_accordion_ie_support":"","_mo_disable_npp":"","footnotes":""},"categories":[6],"tags":[],"class_list":["post-17174","post","type-post","status-publish","format-standard","has-post-thumbnail","hentry","category-actu-acteurs-locaux"],"yoast_head":"<!-- This site is optimized with the Yoast SEO plugin v23.2 - https:\/\/yoast.com\/wordpress\/plugins\/seo\/ -->\n<title>Chandeleur 2022 : Communiquez vos \u00e9v\u00e8nements sans plus attendre sur Infolocale |<\/title>\n<meta name=\"description\" content=\"Chaque ann\u00e9e le 2 f\u00e9vrier nous f\u00eatons traditionnellement la chandeleur. Une bonne raison de communiquer sur vos \u00e9v\u00e8nements\" \/>\n<meta name=\"robots\" content=\"index, follow, max-snippet:-1, max-image-preview:large, max-video-preview:-1\" \/>\n<link rel=\"canonical\" href=\"https:\/\/infolocale.ouest-france.fr\/blog\/chandeleur-2022-communiquer-evenements-infolocale\/\" \/>\n<meta property=\"og:locale\" content=\"fr_FR\" \/>\n<meta property=\"og:type\" content=\"article\" \/>\n<meta property=\"og:title\" content=\"Chandeleur 2022 : Communiquez vos \u00e9v\u00e8nements sans plus attendre sur Infolocale |\" \/>\n<meta property=\"og:description\" content=\"Chaque ann\u00e9e le 2 f\u00e9vrier nous f\u00eatons traditionnellement la chandeleur. Une bonne raison de communiquer sur vos \u00e9v\u00e8nements\" \/>\n<meta property=\"og:url\" content=\"https:\/\/infolocale.ouest-france.fr\/blog\/chandeleur-2022-communiquer-evenements-infolocale\/\" \/>\n<meta property=\"article:publisher\" content=\"https:\/\/www.facebook.com\/infolocaleFR\/\" \/>\n<meta property=\"article:published_time\" content=\"2022-01-25T09:18:11+00:00\" \/>\n<meta property=\"article:modified_time\" content=\"2022-01-25T13:07:14+00:00\" \/>\n<meta property=\"og:image\" content=\"https:\/\/infolocale.ouest-france.fr\/blog\/wp-content\/uploads\/2022\/01\/chandeleur-evenements.png\" \/>\n\t<meta property=\"og:image:width\" content=\"900\" \/>\n\t<meta property=\"og:image:height\" content=\"630\" \/>\n\t<meta property=\"og:image:type\" content=\"image\/png\" \/>\n<meta name=\"author\" content=\"Margot\" \/>\n<meta name=\"twitter:card\" content=\"summary_large_image\" \/>\n<meta name=\"twitter:creator\" content=\"@infolocale\" \/>\n<meta name=\"twitter:site\" content=\"@infolocale\" \/>\n<meta name=\"twitter:label1\" content=\"\u00c9crit par\" \/>\n\t<meta name=\"twitter:data1\" content=\"Margot\" \/>\n\t<meta name=\"twitter:label2\" content=\"Dur\u00e9e de lecture estim\u00e9e\" \/>\n\t<meta name=\"twitter:data2\" content=\"3 minutes\" \/>\n<script type=\"application\/ld+json\" class=\"yoast-schema-graph\">{\"@context\":\"https:\/\/schema.org\",\"@graph\":[{\"@type\":\"Article\",\"@id\":\"https:\/\/infolocale.ouest-france.fr\/blog\/chandeleur-2022-communiquer-evenements-infolocale\/#article\",\"isPartOf\":{\"@id\":\"https:\/\/infolocale.ouest-france.fr\/blog\/chandeleur-2022-communiquer-evenements-infolocale\/\"},\"author\":{\"name\":\"Margot\",\"@id\":\"https:\/\/www.infolocale.fr\/blog\/#\/schema\/person\/ef7bae7d23a1485da4c2c6640f73e989\"},\"headline\":\"Chandeleur 2022 : Communiquez vos \u00e9v\u00e8nements sans plus attendre sur Infolocale\",\"datePublished\":\"2022-01-25T09:18:11+00:00\",\"dateModified\":\"2022-01-25T13:07:14+00:00\",\"mainEntityOfPage\":{\"@id\":\"https:\/\/infolocale.ouest-france.fr\/blog\/chandeleur-2022-communiquer-evenements-infolocale\/\"},\"wordCount\":485,\"commentCount\":0,\"publisher\":{\"@id\":\"https:\/\/www.infolocale.fr\/blog\/#organization\"},\"image\":{\"@id\":\"https:\/\/infolocale.ouest-france.fr\/blog\/chandeleur-2022-communiquer-evenements-infolocale\/#primaryimage\"},\"thumbnailUrl\":\"https:\/\/www.infolocale.fr\/blog\/wp-content\/uploads\/2022\/01\/chandeleur-evenements.png\",\"articleSection\":[\"En ce moment\"],\"inLanguage\":\"fr-FR\",\"potentialAction\":[{\"@type\":\"CommentAction\",\"name\":\"Comment\",\"target\":[\"https:\/\/infolocale.ouest-france.fr\/blog\/chandeleur-2022-communiquer-evenements-infolocale\/#respond\"]}]},{\"@type\":\"WebPage\",\"@id\":\"https:\/\/infolocale.ouest-france.fr\/blog\/chandeleur-2022-communiquer-evenements-infolocale\/\",\"url\":\"https:\/\/infolocale.ouest-france.fr\/blog\/chandeleur-2022-communiquer-evenements-infolocale\/\",\"name\":\"Chandeleur 2022 : Communiquez vos \u00e9v\u00e8nements sans plus attendre sur Infolocale |\",\"isPartOf\":{\"@id\":\"https:\/\/www.infolocale.fr\/blog\/#website\"},\"primaryImageOfPage\":{\"@id\":\"https:\/\/infolocale.ouest-france.fr\/blog\/chandeleur-2022-communiquer-evenements-infolocale\/#primaryimage\"},\"image\":{\"@id\":\"https:\/\/infolocale.ouest-france.fr\/blog\/chandeleur-2022-communiquer-evenements-infolocale\/#primaryimage\"},\"thumbnailUrl\":\"https:\/\/www.infolocale.fr\/blog\/wp-content\/uploads\/2022\/01\/chandeleur-evenements.png\",\"datePublished\":\"2022-01-25T09:18:11+00:00\",\"dateModified\":\"2022-01-25T13:07:14+00:00\",\"description\":\"Chaque ann\u00e9e le 2 f\u00e9vrier nous f\u00eatons traditionnellement la chandeleur. Une bonne raison de communiquer sur vos \u00e9v\u00e8nements\",\"breadcrumb\":{\"@id\":\"https:\/\/infolocale.ouest-france.fr\/blog\/chandeleur-2022-communiquer-evenements-infolocale\/#breadcrumb\"},\"inLanguage\":\"fr-FR\",\"potentialAction\":[{\"@type\":\"ReadAction\",\"target\":[\"https:\/\/infolocale.ouest-france.fr\/blog\/chandeleur-2022-communiquer-evenements-infolocale\/\"]}]},{\"@type\":\"ImageObject\",\"inLanguage\":\"fr-FR\",\"@id\":\"https:\/\/infolocale.ouest-france.fr\/blog\/chandeleur-2022-communiquer-evenements-infolocale\/#primaryimage\",\"url\":\"https:\/\/www.infolocale.fr\/blog\/wp-content\/uploads\/2022\/01\/chandeleur-evenements.png\",\"contentUrl\":\"https:\/\/www.infolocale.fr\/blog\/wp-content\/uploads\/2022\/01\/chandeleur-evenements.png\",\"width\":900,\"height\":630,\"caption\":\"Cr\u00eapes \u00e0 l'occasion de la Chandeleur\"},{\"@type\":\"BreadcrumbList\",\"@id\":\"https:\/\/infolocale.ouest-france.fr\/blog\/chandeleur-2022-communiquer-evenements-infolocale\/#breadcrumb\",\"itemListElement\":[{\"@type\":\"ListItem\",\"position\":1,\"name\":\"Blog\",\"item\":\"https:\/\/infolocale.ouest-france.fr\/blog\/\"},{\"@type\":\"ListItem\",\"position\":2,\"name\":\"En ce moment\",\"item\":\"https:\/\/infolocale.20minutes.fr\/blog\/cat\/actu-acteurs-locaux\/\"},{\"@type\":\"ListItem\",\"position\":3,\"name\":\"Chandeleur 2022 : Communiquez vos \u00e9v\u00e8nements sans plus attendre sur Infolocale\"}]},{\"@type\":\"WebSite\",\"@id\":\"https:\/\/www.infolocale.fr\/blog\/#website\",\"url\":\"https:\/\/www.infolocale.fr\/blog\/\",\"name\":\"\",\"description\":\"\",\"publisher\":{\"@id\":\"https:\/\/www.infolocale.fr\/blog\/#organization\"},\"potentialAction\":[{\"@type\":\"SearchAction\",\"target\":{\"@type\":\"EntryPoint\",\"urlTemplate\":\"https:\/\/www.infolocale.fr\/blog\/?s={search_term_string}\"},\"query-input\":\"required name=search_term_string\"}],\"inLanguage\":\"fr-FR\"},{\"@type\":\"Organization\",\"@id\":\"https:\/\/www.infolocale.fr\/blog\/#organization\",\"name\":\"Infolocale\",\"url\":\"https:\/\/www.infolocale.fr\/blog\/\",\"logo\":{\"@type\":\"ImageObject\",\"inLanguage\":\"fr-FR\",\"@id\":\"https:\/\/www.infolocale.fr\/blog\/#\/schema\/logo\/image\/\",\"url\":\"https:\/\/www.infolocale.fr\/blog\/wp-content\/uploads\/2020\/11\/logol.jpg\",\"contentUrl\":\"https:\/\/www.infolocale.fr\/blog\/wp-content\/uploads\/2020\/11\/logol.jpg\",\"width\":1031,\"height\":398,\"caption\":\"Infolocale\"},\"image\":{\"@id\":\"https:\/\/www.infolocale.fr\/blog\/#\/schema\/logo\/image\/\"},\"sameAs\":[\"https:\/\/www.facebook.com\/infolocaleFR\/\",\"https:\/\/x.com\/infolocale\",\"https:\/\/www.instagram.com\/infolocale\/\",\"https:\/\/fr.linkedin.com\/company\/infolocale\",\"https:\/\/www.youtube.com\/channel\/UCnv4FA8EYEuu_si3TGr7xeA\"]},{\"@type\":\"Person\",\"@id\":\"https:\/\/www.infolocale.fr\/blog\/#\/schema\/person\/ef7bae7d23a1485da4c2c6640f73e989\",\"name\":\"Margot\",\"image\":{\"@type\":\"ImageObject\",\"inLanguage\":\"fr-FR\",\"@id\":\"https:\/\/www.infolocale.fr\/blog\/#\/schema\/person\/image\/\",\"url\":\"https:\/\/secure.gravatar.com\/avatar\/fd7a814627870ba8c5cb11cb724ee955?s=96&d=mm&r=g\",\"contentUrl\":\"https:\/\/secure.gravatar.com\/avatar\/fd7a814627870ba8c5cb11cb724ee955?s=96&d=mm&r=g\",\"caption\":\"Margot\"},\"sameAs\":[\"https:\/\/www.infolocale.fr\/blog\/\"],\"url\":\"https:\/\/www.infolocale.fr\/blog\/author\/margot-cueff\/\"}]}<\/script>\n<!-- \/ Yoast SEO plugin. -->","yoast_head_json":{"title":"Chandeleur 2022 : Communiquez vos \u00e9v\u00e8nements sans plus attendre sur Infolocale |","description":"Chaque ann\u00e9e le 2 f\u00e9vrier nous f\u00eatons traditionnellement la chandeleur. Une bonne raison de communiquer sur vos \u00e9v\u00e8nements","robots":{"index":"index","follow":"follow","max-snippet":"max-snippet:-1","max-image-preview":"max-image-preview:large","max-video-preview":"max-video-preview:-1"},"canonical":"https:\/\/infolocale.ouest-france.fr\/blog\/chandeleur-2022-communiquer-evenements-infolocale\/","og_locale":"fr_FR","og_type":"article","og_title":"Chandeleur 2022 : Communiquez vos \u00e9v\u00e8nements sans plus attendre sur Infolocale |","og_description":"Chaque ann\u00e9e le 2 f\u00e9vrier nous f\u00eatons traditionnellement la chandeleur. Une bonne raison de communiquer sur vos \u00e9v\u00e8nements","og_url":"https:\/\/infolocale.ouest-france.fr\/blog\/chandeleur-2022-communiquer-evenements-infolocale\/","article_publisher":"https:\/\/www.facebook.com\/infolocaleFR\/","article_published_time":"2022-01-25T09:18:11+00:00","article_modified_time":"2022-01-25T13:07:14+00:00","og_image":[{"width":900,"height":630,"url":"https:\/\/infolocale.ouest-france.fr\/blog\/wp-content\/uploads\/2022\/01\/chandeleur-evenements.png","type":"image\/png"}],"author":"Margot","twitter_card":"summary_large_image","twitter_creator":"@infolocale","twitter_site":"@infolocale","twitter_misc":{"\u00c9crit par":"Margot","Dur\u00e9e de lecture estim\u00e9e":"3 minutes"},"schema":{"@context":"https:\/\/schema.org","@graph":[{"@type":"Article","@id":"https:\/\/infolocale.ouest-france.fr\/blog\/chandeleur-2022-communiquer-evenements-infolocale\/#article","isPartOf":{"@id":"https:\/\/infolocale.ouest-france.fr\/blog\/chandeleur-2022-communiquer-evenements-infolocale\/"},"author":{"name":"Margot","@id":"https:\/\/www.infolocale.fr\/blog\/#\/schema\/person\/ef7bae7d23a1485da4c2c6640f73e989"},"headline":"Chandeleur 2022 : Communiquez vos \u00e9v\u00e8nements sans plus attendre sur Infolocale","datePublished":"2022-01-25T09:18:11+00:00","dateModified":"2022-01-25T13:07:14+00:00","mainEntityOfPage":{"@id":"https:\/\/infolocale.ouest-france.fr\/blog\/chandeleur-2022-communiquer-evenements-infolocale\/"},"wordCount":485,"commentCount":0,"publisher":{"@id":"https:\/\/www.infolocale.fr\/blog\/#organization"},"image":{"@id":"https:\/\/infolocale.ouest-france.fr\/blog\/chandeleur-2022-communiquer-evenements-infolocale\/#primaryimage"},"thumbnailUrl":"https:\/\/www.infolocale.fr\/blog\/wp-content\/uploads\/2022\/01\/chandeleur-evenements.png","articleSection":["En ce moment"],"inLanguage":"fr-FR","potentialAction":[{"@type":"CommentAction","name":"Comment","target":["https:\/\/infolocale.ouest-france.fr\/blog\/chandeleur-2022-communiquer-evenements-infolocale\/#respond"]}]},{"@type":"WebPage","@id":"https:\/\/infolocale.ouest-france.fr\/blog\/chandeleur-2022-communiquer-evenements-infolocale\/","url":"https:\/\/infolocale.ouest-france.fr\/blog\/chandeleur-2022-communiquer-evenements-infolocale\/","name":"Chandeleur 2022 : Communiquez vos \u00e9v\u00e8nements sans plus attendre sur Infolocale |","isPartOf":{"@id":"https:\/\/www.infolocale.fr\/blog\/#website"},"primaryImageOfPage":{"@id":"https:\/\/infolocale.ouest-france.fr\/blog\/chandeleur-2022-communiquer-evenements-infolocale\/#primaryimage"},"image":{"@id":"https:\/\/infolocale.ouest-france.fr\/blog\/chandeleur-2022-communiquer-evenements-infolocale\/#primaryimage"},"thumbnailUrl":"https:\/\/www.infolocale.fr\/blog\/wp-content\/uploads\/2022\/01\/chandeleur-evenements.png","datePublished":"2022-01-25T09:18:11+00:00","dateModified":"2022-01-25T13:07:14+00:00","description":"Chaque ann\u00e9e le 2 f\u00e9vrier nous f\u00eatons traditionnellement la chandeleur. Une bonne raison de communiquer sur vos \u00e9v\u00e8nements","breadcrumb":{"@id":"https:\/\/infolocale.ouest-france.fr\/blog\/chandeleur-2022-communiquer-evenements-infolocale\/#breadcrumb"},"inLanguage":"fr-FR","potentialAction":[{"@type":"ReadAction","target":["https:\/\/infolocale.ouest-france.fr\/blog\/chandeleur-2022-communiquer-evenements-infolocale\/"]}]},{"@type":"ImageObject","inLanguage":"fr-FR","@id":"https:\/\/infolocale.ouest-france.fr\/blog\/chandeleur-2022-communiquer-evenements-infolocale\/#primaryimage","url":"https:\/\/www.infolocale.fr\/blog\/wp-content\/uploads\/2022\/01\/chandeleur-evenements.png","contentUrl":"https:\/\/www.infolocale.fr\/blog\/wp-content\/uploads\/2022\/01\/chandeleur-evenements.png","width":900,"height":630,"caption":"Cr\u00eapes \u00e0 l'occasion de la Chandeleur"},{"@type":"BreadcrumbList","@id":"https:\/\/infolocale.ouest-france.fr\/blog\/chandeleur-2022-communiquer-evenements-infolocale\/#breadcrumb","itemListElement":[{"@type":"ListItem","position":1,"name":"Blog","item":"https:\/\/infolocale.ouest-france.fr\/blog\/"},{"@type":"ListItem","position":2,"name":"En ce moment","item":"https:\/\/infolocale.20minutes.fr\/blog\/cat\/actu-acteurs-locaux\/"},{"@type":"ListItem","position":3,"name":"Chandeleur 2022 : Communiquez vos \u00e9v\u00e8nements sans plus attendre sur Infolocale"}]},{"@type":"WebSite","@id":"https:\/\/www.infolocale.fr\/blog\/#website","url":"https:\/\/www.infolocale.fr\/blog\/","name":"","description":"","publisher":{"@id":"https:\/\/www.infolocale.fr\/blog\/#organization"},"potentialAction":[{"@type":"SearchAction","target":{"@type":"EntryPoint","urlTemplate":"https:\/\/www.infolocale.fr\/blog\/?s={search_term_string}"},"query-input":"required name=search_term_string"}],"inLanguage":"fr-FR"},{"@type":"Organization","@id":"https:\/\/www.infolocale.fr\/blog\/#organization","name":"Infolocale","url":"https:\/\/www.infolocale.fr\/blog\/","logo":{"@type":"ImageObject","inLanguage":"fr-FR","@id":"https:\/\/www.infolocale.fr\/blog\/#\/schema\/logo\/image\/","url":"https:\/\/www.infolocale.fr\/blog\/wp-content\/uploads\/2020\/11\/logol.jpg","contentUrl":"https:\/\/www.infolocale.fr\/blog\/wp-content\/uploads\/2020\/11\/logol.jpg","width":1031,"height":398,"caption":"Infolocale"},"image":{"@id":"https:\/\/www.infolocale.fr\/blog\/#\/schema\/logo\/image\/"},"sameAs":["https:\/\/www.facebook.com\/infolocaleFR\/","https:\/\/x.com\/infolocale","https:\/\/www.instagram.com\/infolocale\/","https:\/\/fr.linkedin.com\/company\/infolocale","https:\/\/www.youtube.com\/channel\/UCnv4FA8EYEuu_si3TGr7xeA"]},{"@type":"Person","@id":"https:\/\/www.infolocale.fr\/blog\/#\/schema\/person\/ef7bae7d23a1485da4c2c6640f73e989","name":"Margot","image":{"@type":"ImageObject","inLanguage":"fr-FR","@id":"https:\/\/www.infolocale.fr\/blog\/#\/schema\/person\/image\/","url":"https:\/\/secure.gravatar.com\/avatar\/fd7a814627870ba8c5cb11cb724ee955?s=96&d=mm&r=g","contentUrl":"https:\/\/secure.gravatar.com\/avatar\/fd7a814627870ba8c5cb11cb724ee955?s=96&d=mm&r=g","caption":"Margot"},"sameAs":["https:\/\/www.infolocale.fr\/blog\/"],"url":"https:\/\/www.infolocale.fr\/blog\/author\/margot-cueff\/"}]}},"_links":{"self":[{"href":"https:\/\/www.infolocale.fr\/blog\/wp-json\/wp\/v2\/posts\/17174"}],"collection":[{"href":"https:\/\/www.infolocale.fr\/blog\/wp-json\/wp\/v2\/posts"}],"about":[{"href":"https:\/\/www.infolocale.fr\/blog\/wp-json\/wp\/v2\/types\/post"}],"author":[{"embeddable":true,"href":"https:\/\/www.infolocale.fr\/blog\/wp-json\/wp\/v2\/users\/14"}],"replies":[{"embeddable":true,"href":"https:\/\/www.infolocale.fr\/blog\/wp-json\/wp\/v2\/comments?post=17174"}],"version-history":[{"count":0,"href":"https:\/\/www.infolocale.fr\/blog\/wp-json\/wp\/v2\/posts\/17174\/revisions"}],"wp:featuredmedia":[{"embeddable":true,"href":"https:\/\/www.infolocale.fr\/blog\/wp-json\/wp\/v2\/media\/17175"}],"wp:attachment":[{"href":"https:\/\/www.infolocale.fr\/blog\/wp-json\/wp\/v2\/media?parent=17174"}],"wp:term":[{"taxonomy":"category","embeddable":true,"href":"https:\/\/www.infolocale.fr\/blog\/wp-json\/wp\/v2\/categories?post=17174"},{"taxonomy":"post_tag","embeddable":true,"href":"https:\/\/www.infolocale.fr\/blog\/wp-json\/wp\/v2\/tags?post=17174"}],"curies":[{"name":"wp","href":"https:\/\/api.w.org\/{rel}","templated":true}]}}