{"id":16894,"date":"2022-01-06T12:56:18","date_gmt":"2022-01-06T11:56:18","guid":{"rendered":"https:\/\/www.infolocale.fr\/blog\/?p=16894"},"modified":"2023-10-31T12:31:48","modified_gmt":"2023-10-31T11:31:48","slug":"differences-assemblee-generale-ordinaire-assemblee-extraordinaire","status":"publish","type":"post","link":"https:\/\/www.infolocale.fr\/blog\/differences-assemblee-generale-ordinaire-assemblee-extraordinaire\/","title":{"rendered":"Assembl\u00e9e g\u00e9n\u00e9rale ordinaire et extraordinaire : quelle diff\u00e9rence ?"},"content":{"rendered":"\n<p class=\"has-black-color has-text-color has-background\" style=\"background-color:#a1d5f5\">La<strong> diff\u00e9rence entre une assembl\u00e9e g\u00e9n\u00e9rale ordinaire et une assembl\u00e9e g\u00e9n\u00e9rale extraordinaire<\/strong> n\u2019est pas pr\u00e9cis\u00e9e par la loi 1901. Sauf statuts impos\u00e9s \u00e0 votre association, la pratique m\u00eame de ces deux types de r\u00e9unions rel\u00e8ve souvent plus de l\u2019emprunt au monde de l&rsquo;entreprise que d\u2019une obligation l\u00e9gale. N\u00e9anmoins, s\u00e9parer ces deux AG permet de simplifier l\u2019administration de votre association. Dans les faits, ce sont vos statuts qui fixent les r\u00e8gles et la responsabilit\u00e9 des deux assembl\u00e9es. Il est coutumier de confier \u00e0 l&rsquo;AGO, les sujets li\u00e9s \u00e0 la vie courante de l\u2019association : le renouvellement du bureau, le quitus financier et moral, etc. Pour sa part, l&rsquo;AGE se prononce le plus souvent sur des sujets ponctuels et sp\u00e9cifiques : acquisition immobili\u00e8re, vente, r\u00e9vocation, dissolution de l\u2019association, etc.\u00a0 <\/p>\n\n\n\n<div class=\"wp-block-buttons is-horizontal is-content-justification-center is-layout-flex wp-container-core-buttons-is-layout-1 wp-block-buttons-is-layout-flex\">\n<div class=\"wp-block-button\"><a class=\"wp-block-button__link has-white-color has-luminous-vivid-amber-background-color has-text-color has-background wp-element-button\"><strong>&gt;&gt;Inscrire mon asso \u00e0 Infolocale <\/strong><\/a><\/div>\n<\/div>\n\n\n\n<h2 class=\"wp-block-heading\">Organiser une assembl\u00e9e g\u00e9n\u00e9rale en association&nbsp;<\/h2>\n\n\n\n<p>La <strong>diff\u00e9rence entre une assembl\u00e9e g\u00e9n\u00e9rale ordinaire et une assembl\u00e9e g\u00e9n\u00e9rale extraordinaire<\/strong> repose sur la fr\u00e9quence d&rsquo;organisation et les sujets qui y sont abord\u00e9s. L\u2019organisation de ces deux \u00e9v\u00e9nements, reste, dans les grandes lignes, identique.&nbsp;<\/p>\n\n\n\n<p>Pour commencer, sachez qu\u2019il n\u2019y a aucune loi imposant l\u2019organisation d\u2019assembl\u00e9e g\u00e9n\u00e9rale ordinaire annuelle aux associations. En effet, la loi 1901 vous laisse une marge de man\u0153uvre assez large pour fixer votre mode de fonctionnement. Aussi, retenez que l\u2019ensemble des r\u00e8gles d\u2019organisation et de d\u00e9roulement sont enti\u00e8rement \u00e0 la discr\u00e9tion de l\u2019assembl\u00e9e g\u00e9n\u00e9rale et de ce qui est enregistr\u00e9 dans les <a href=\"https:\/\/www.infolocale.fr\/blog\/rediger-statuts-dune-association\/\">statuts de l\u2019association<\/a>.<\/p>\n\n\n\n<p>Dans les faits, vous organiserez une assembl\u00e9e g\u00e9n\u00e9rale ordinaire de mani\u00e8re p\u00e9riodique. Souvent, une fois par an. A contrario, vous n&rsquo;aurez \u00e0 <a href=\"https:\/\/www.infolocale.fr\/blog\/assemblee-generale-extraordinaire-association\/\">organiser une assembl\u00e9e g\u00e9n\u00e9rale extraordinaire<\/a> que ponctuellement, pour r\u00e9pondre \u00e0 un besoin pr\u00e9cis ne tombant pas dans les pr\u00e9rogatives de l&rsquo;AG ordinaire.<\/p>\n\n\n\n<h2 class=\"wp-block-heading\">Un processus de convocation identique&nbsp;<\/h2>\n\n\n\n<p>Avant d&rsquo;organiser l&rsquo;une ou l&rsquo;autre des assembl\u00e9es g\u00e9n\u00e9rales, vous devrez proc\u00e9der \u00e0 l&rsquo;envoi de la convocation. <\/p>\n\n\n\n<p>Ici aussi, il n\u2019y a pas de <strong>diff\u00e9rence entre une assembl\u00e9e g\u00e9n\u00e9rale ordinaire et une assembl\u00e9e g\u00e9n\u00e9rale extraordinaire<\/strong>. Dans les deux cas, ce sont vos statuts qui fixe la r\u00e8gle, nomment le responsable de l&rsquo;\u00e9criture, d\u00e9crivent la mani\u00e8re de r\u00e9diger l&rsquo;ordre du jour, donnent le <a href=\"https:\/\/www.infolocale.fr\/blog\/delai-convoquer-assemblee-generale\/\">d\u00e9lai de convocation<\/a>. G\u00e9n\u00e9ralement, la convocation doit parvenir \u00e0 son destinataire au moins 15 jours avant l\u2019\u00e9v\u00e9nement.<\/p>\n\n\n\n<p>La convocation contient deux parties. La premi\u00e8re, fait office de <a href=\"https:\/\/www.infolocale.fr\/blog\/convocation-assemblee-generale-association\/\">convocation<\/a> \u00e0 proprement parler. La seconde, informe les participants de son ordre du jour.&nbsp;De nos jours elle est g\u00e9n\u00e9ralement envoy\u00e9e par e-mail. N\u00e9anmoins, le pr\u00e9sident peut aussi d\u00e9cider d\u2019en afficher un exemplaire dans les locaux de l\u2019association.&nbsp;<\/p>\n\n\n\n<p>Le r\u00f4le de la convocation est d\u2019informer les participants sur le <a href=\"https:\/\/www.infolocale.fr\/blog\/deroulement-assemblee-generale-association\/\">d\u00e9roulement de l&rsquo;assembl\u00e9e g\u00e9n\u00e9rale<\/a>, la date, le lieu et l\u2019heure de l\u2019AG. En outre, elle permet de communiquer l\u2019ordre du jour et ainsi, de se pr\u00e9parer aux d\u00e9bats \u00e9ventuels.<\/p>\n\n\n\n<div class=\"wp-block-buttons is-layout-flex wp-block-buttons-is-layout-flex\">\n<div class=\"wp-block-button\"><a class=\"wp-block-button__link has-vivid-cyan-blue-color has-white-background-color has-text-color has-background\" href=\"#elementor-action%3Aaction%3Dpopup%3Aopen%26settings%3DeyJpZCI6IjEyODgwIiwidG9nZ2xlIjpmYWxzZX0%3D\">&gt;&gt; Je t\u00e9l\u00e9charge un exemplaire de convocation et ordre du jour pour assembl\u00e9e g\u00e9n\u00e9rale<\/a><\/div>\n<\/div>\n\n\n\n<h2 class=\"wp-block-heading\">Les d\u00e9cisions vot\u00e9es par l\u2019assembl\u00e9e g\u00e9n\u00e9rale ordinaire&nbsp;<\/h2>\n\n\n\n<p>L\u2019<a href=\"https:\/\/www.infolocale.fr\/blog\/assemblee-generale-association\/\">assembl\u00e9e g\u00e9n\u00e9rale ordinaire d\u2019une association<\/a> se r\u00e9unit g\u00e9n\u00e9ralement une fois par an. Elle est l\u2019occasion pour les personnes pr\u00e9sentes ou repr\u00e9sent\u00e9es de faire le bilan de l\u2019exercice en cours. Ainsi, le r\u00f4le de l\u2019assembl\u00e9e g\u00e9n\u00e9rale est de :&nbsp;&nbsp;<\/p>\n\n\n\n<ul class=\"wp-block-list\"><li>contr\u00f4ler les actions des dirigeants en place,&nbsp;<\/li><li>de v\u00e9rifier la conformit\u00e9 des d\u00e9cisions avec l\u2019objet de l\u2019association,&nbsp;<\/li><li>proc\u00e9der au <a href=\"https:\/\/www.infolocale.fr\/blog\/renouvellement-bureau-association\/\">renouvellement du bureau<\/a>,&nbsp;<\/li><li>de valider la gestion financi\u00e8re.&nbsp;<\/li><\/ul>\n\n\n\n<p>Conform\u00e9ment \u00e0 l\u2019ordre du jour et \u00e0 vos statuts, l\u2019assembl\u00e9e g\u00e9n\u00e9rale peut se d\u00e9rouler comme suit :<\/p>\n\n\n\n<ul class=\"wp-block-list\"><li>V\u00e9rification du <a href=\"https:\/\/www.infolocale.fr\/blog\/quorum-assemblee-generale-association\/\">quorum<\/a> par l\u2019\u00e9margement des participants et personnes repr\u00e9sent\u00e9es&nbsp;<\/li><li>Pr\u00e9sentation du bilan moral,&nbsp;<\/li><li>Pr\u00e9sentation du <a href=\"https:\/\/www.infolocale.fr\/blog\/rapport-financier-annuel-association\/\">bilan financier<\/a>.&nbsp;<\/li><li>L\u2019assembl\u00e9e g\u00e9n\u00e9rale donne son <a href=\"https:\/\/www.infolocale.fr\/blog\/quitus-association\/\">quitus aux dirigeants<\/a>.&nbsp;<\/li><li>On peut y proc\u00e9der \u00e0 l\u2019<a href=\"https:\/\/www.infolocale.fr\/blog\/elire-bureau-association\/\">\u00e9lection des membres du bureau<\/a>,&nbsp;<\/li><li><a href=\"https:\/\/www.infolocale.fr\/blog\/conseil-dadministration-association\/\">voter pour les membres du conseil d\u2019administration<\/a>.<\/li><\/ul>\n\n\n<div class=\"wp-block-image is-resized\">\n<figure class=\"aligncenter size-large has-lightbox\"><a href=\"https:\/\/www.infolocale.fr\/decouvrir\/deposant\/?utm_source=blog&amp;utm_medium=banner&amp;utm_campaign=blog-content\"><img fetchpriority=\"high\" decoding=\"async\" width=\"1024\" height=\"1024\" src=\"https:\/\/www.infolocale.fr\/blog\/wp-content\/uploads\/2021\/11\/banniere-NLDASSO-carree1500x1500-1024x1024.jpg\" alt=\"\" class=\"wp-image-23946\" srcset=\"https:\/\/www.infolocale.fr\/blog\/wp-content\/uploads\/2021\/11\/banniere-NLDASSO-carree1500x1500-1024x1024.jpg 1024w, https:\/\/www.infolocale.fr\/blog\/wp-content\/uploads\/2021\/11\/banniere-NLDASSO-carree1500x1500-300x300.jpg 300w, https:\/\/www.infolocale.fr\/blog\/wp-content\/uploads\/2021\/11\/banniere-NLDASSO-carree1500x1500-150x150.jpg 150w, https:\/\/www.infolocale.fr\/blog\/wp-content\/uploads\/2021\/11\/banniere-NLDASSO-carree1500x1500-768x768.jpg 768w, https:\/\/www.infolocale.fr\/blog\/wp-content\/uploads\/2021\/11\/banniere-NLDASSO-carree1500x1500.jpg 1500w\" sizes=\"(max-width: 1024px) 100vw, 1024px\" \/><\/a><\/figure><\/div>\n\n\n<h2 class=\"wp-block-heading\">Les d\u00e9cisions vot\u00e9es par l\u2019assembl\u00e9e g\u00e9n\u00e9rale extraordinaire&nbsp;<\/h2>\n\n\n\n<p>L&rsquo;assembl\u00e9e g\u00e9n\u00e9rale extraordinaire, se r\u00e9unie afin de l\u00e9gif\u00e9rer sur des d\u00e9cisions ne figurant pas dans les responsabilit\u00e9s de l\u2019assembl\u00e9e g\u00e9n\u00e9rale ordinaire.&nbsp;&nbsp;<\/p>\n\n\n\n<p>Dans les faits, les personnes convoqu\u00e9es et le mode de convocation sont g\u00e9n\u00e9ralement les m\u00eames pour les deux types d&rsquo;assembl\u00e9es. Cependant, l\u2019AG extraordinaire sera organis\u00e9e au moment o\u00f9 \u00e9merge un probl\u00e8me particulier dont la r\u00e9solution ne tombe ni dans les pr\u00e9rogatives des administrateurs ni dans le domaine de l&rsquo;AG ordinaire. <\/p>\n\n\n\n<p>Logiquement, il n\u2019y a donc pas de rythme ou de p\u00e9riodicit\u00e9 \u00e0 l\u2019organisation d\u2019une AG extraordinaire. Ici, c\u2019est le besoin de concertation autour d\u2019une prise de d\u00e9cision collective exceptionnelle qui fixe sa tenue. Ainsi, elle peut se tenir plusieurs fois en une ann\u00e9e comme elle peut ne survenir que rarement dans la vie d\u2019une association.&nbsp;<\/p>\n\n\n\n<p>Souvent, on proc\u00e8de \u00e0 la convocation d\u2019une assembl\u00e9e g\u00e9n\u00e9rale extraordinaire pour l\u2019inviter \u00e0 s\u2019exprimer sur les sujets :&nbsp;<\/p>\n\n\n\n<ul class=\"wp-block-list\"><li>li\u00e9s \u00e0 la modification des statuts,&nbsp;<\/li><li>en cas de dissolution de l\u2019association,&nbsp;<\/li><li>pour l\u2019acquisition ou la vente d\u2019un bien immobilier,&nbsp;<\/li><li>en cas de besoin d\u2019obtenir l\u2019autorisation de contracter un pr\u00eat,&nbsp;<\/li><li>pour <a href=\"https:\/\/www.infolocale.fr\/blog\/revoquer-president-association\/\">r\u00e9voquer un dirigeant<\/a>,&nbsp;<\/li><li>Pour modifier les statuts.&nbsp;<\/li><\/ul>\n","protected":false},"excerpt":{"rendered":"<p>La diff\u00e9rence entre une assembl\u00e9e g\u00e9n\u00e9rale ordinaire et une assembl\u00e9e g\u00e9n\u00e9rale extraordinaire n\u2019est pas pr\u00e9cis\u00e9e par la loi 1901. Sauf statuts impos\u00e9s \u00e0 votre association, [&hellip;]<\/p>\n","protected":false},"author":2,"featured_media":16896,"comment_status":"open","ping_status":"open","sticky":false,"template":"","format":"standard","meta":{"_coblocks_attr":"","_coblocks_dimensions":"","_coblocks_responsive_height":"","_coblocks_accordion_ie_support":"","_mo_disable_npp":"","footnotes":""},"categories":[74],"tags":[104],"class_list":["post-16894","post","type-post","status-publish","format-standard","has-post-thumbnail","hentry","category-creer-et-administrer-une-association-1901","tag-assemblee-generale-ordinaire"],"yoast_head":"<!-- This site is optimized with the Yoast SEO plugin v23.2 - https:\/\/yoast.com\/wordpress\/plugins\/seo\/ -->\n<title>Diff\u00e9rence en assembl\u00e9e g\u00e9n\u00e9rale ordinaire et extraordinaire |<\/title>\n<meta name=\"description\" content=\"La diff\u00e9rence entre l\u2019assembl\u00e9e g\u00e9n\u00e9rale ordinaire et l\u2019assembl\u00e9e g\u00e9n\u00e9rale extraordinaire n\u2019est pas pr\u00e9cis\u00e9e par la loi 1901. Ainsi, cette...\" \/>\n<meta name=\"robots\" content=\"index, follow, max-snippet:-1, max-image-preview:large, max-video-preview:-1\" \/>\n<link rel=\"canonical\" href=\"https:\/\/www.infolocale.fr\/blog\/differences-assemblee-generale-ordinaire-assemblee-extraordinaire\/\" \/>\n<meta property=\"og:locale\" content=\"fr_FR\" \/>\n<meta property=\"og:type\" content=\"article\" \/>\n<meta property=\"og:title\" content=\"Diff\u00e9rence en assembl\u00e9e g\u00e9n\u00e9rale ordinaire et extraordinaire |\" \/>\n<meta property=\"og:description\" content=\"La diff\u00e9rence entre l\u2019assembl\u00e9e g\u00e9n\u00e9rale ordinaire et l\u2019assembl\u00e9e g\u00e9n\u00e9rale extraordinaire n\u2019est pas pr\u00e9cis\u00e9e par la loi 1901. Ainsi, cette...\" \/>\n<meta property=\"og:url\" content=\"https:\/\/www.infolocale.fr\/blog\/differences-assemblee-generale-ordinaire-assemblee-extraordinaire\/\" \/>\n<meta property=\"article:publisher\" content=\"https:\/\/www.facebook.com\/infolocaleFR\/\" \/>\n<meta property=\"article:published_time\" content=\"2022-01-06T11:56:18+00:00\" \/>\n<meta property=\"article:modified_time\" content=\"2023-10-31T11:31:48+00:00\" \/>\n<meta property=\"og:image\" content=\"https:\/\/www.infolocale.fr\/blog\/wp-content\/uploads\/2022\/01\/difference-assemblee-generale-ordinaire-extraordianire.jpg\" \/>\n\t<meta property=\"og:image:width\" content=\"900\" \/>\n\t<meta property=\"og:image:height\" content=\"630\" \/>\n\t<meta property=\"og:image:type\" content=\"image\/jpeg\" \/>\n<meta name=\"author\" content=\"Morgan\" \/>\n<meta name=\"twitter:card\" content=\"summary_large_image\" \/>\n<meta name=\"twitter:creator\" content=\"@infolocale\" \/>\n<meta name=\"twitter:site\" content=\"@infolocale\" \/>\n<meta name=\"twitter:label1\" content=\"\u00c9crit par\" \/>\n\t<meta name=\"twitter:data1\" content=\"Morgan\" \/>\n\t<meta name=\"twitter:label2\" content=\"Dur\u00e9e de lecture estim\u00e9e\" \/>\n\t<meta name=\"twitter:data2\" content=\"4 minutes\" \/>\n<script type=\"application\/ld+json\" class=\"yoast-schema-graph\">{\"@context\":\"https:\/\/schema.org\",\"@graph\":[{\"@type\":\"Article\",\"@id\":\"https:\/\/www.infolocale.fr\/blog\/differences-assemblee-generale-ordinaire-assemblee-extraordinaire\/#article\",\"isPartOf\":{\"@id\":\"https:\/\/www.infolocale.fr\/blog\/differences-assemblee-generale-ordinaire-assemblee-extraordinaire\/\"},\"author\":{\"name\":\"Morgan\",\"@id\":\"https:\/\/www.infolocale.fr\/blog\/#\/schema\/person\/f0f748ece99417833166b3ba8890f3db\"},\"headline\":\"Assembl\u00e9e g\u00e9n\u00e9rale ordinaire et extraordinaire : quelle diff\u00e9rence ?\",\"datePublished\":\"2022-01-06T11:56:18+00:00\",\"dateModified\":\"2023-10-31T11:31:48+00:00\",\"mainEntityOfPage\":{\"@id\":\"https:\/\/www.infolocale.fr\/blog\/differences-assemblee-generale-ordinaire-assemblee-extraordinaire\/\"},\"wordCount\":1019,\"commentCount\":2,\"publisher\":{\"@id\":\"https:\/\/www.infolocale.fr\/blog\/#organization\"},\"image\":{\"@id\":\"https:\/\/www.infolocale.fr\/blog\/differences-assemblee-generale-ordinaire-assemblee-extraordinaire\/#primaryimage\"},\"thumbnailUrl\":\"https:\/\/www.infolocale.fr\/blog\/wp-content\/uploads\/2022\/01\/difference-assemblee-generale-ordinaire-extraordianire.jpg\",\"keywords\":[\"Assembl\u00e9e g\u00e9n\u00e9rale ordinaire\"],\"articleSection\":[\"Cr\u00e9er et g\u00e9rer une association\"],\"inLanguage\":\"fr-FR\",\"potentialAction\":[{\"@type\":\"CommentAction\",\"name\":\"Comment\",\"target\":[\"https:\/\/www.infolocale.fr\/blog\/differences-assemblee-generale-ordinaire-assemblee-extraordinaire\/#respond\"]}]},{\"@type\":\"WebPage\",\"@id\":\"https:\/\/www.infolocale.fr\/blog\/differences-assemblee-generale-ordinaire-assemblee-extraordinaire\/\",\"url\":\"https:\/\/www.infolocale.fr\/blog\/differences-assemblee-generale-ordinaire-assemblee-extraordinaire\/\",\"name\":\"Diff\u00e9rence en assembl\u00e9e g\u00e9n\u00e9rale ordinaire et extraordinaire |\",\"isPartOf\":{\"@id\":\"https:\/\/www.infolocale.fr\/blog\/#website\"},\"primaryImageOfPage\":{\"@id\":\"https:\/\/www.infolocale.fr\/blog\/differences-assemblee-generale-ordinaire-assemblee-extraordinaire\/#primaryimage\"},\"image\":{\"@id\":\"https:\/\/www.infolocale.fr\/blog\/differences-assemblee-generale-ordinaire-assemblee-extraordinaire\/#primaryimage\"},\"thumbnailUrl\":\"https:\/\/www.infolocale.fr\/blog\/wp-content\/uploads\/2022\/01\/difference-assemblee-generale-ordinaire-extraordianire.jpg\",\"datePublished\":\"2022-01-06T11:56:18+00:00\",\"dateModified\":\"2023-10-31T11:31:48+00:00\",\"description\":\"La diff\u00e9rence entre l\u2019assembl\u00e9e g\u00e9n\u00e9rale ordinaire et l\u2019assembl\u00e9e g\u00e9n\u00e9rale extraordinaire n\u2019est pas pr\u00e9cis\u00e9e par la loi 1901. Ainsi, cette...\",\"breadcrumb\":{\"@id\":\"https:\/\/www.infolocale.fr\/blog\/differences-assemblee-generale-ordinaire-assemblee-extraordinaire\/#breadcrumb\"},\"inLanguage\":\"fr-FR\",\"potentialAction\":[{\"@type\":\"ReadAction\",\"target\":[\"https:\/\/www.infolocale.fr\/blog\/differences-assemblee-generale-ordinaire-assemblee-extraordinaire\/\"]}]},{\"@type\":\"ImageObject\",\"inLanguage\":\"fr-FR\",\"@id\":\"https:\/\/www.infolocale.fr\/blog\/differences-assemblee-generale-ordinaire-assemblee-extraordinaire\/#primaryimage\",\"url\":\"https:\/\/www.infolocale.fr\/blog\/wp-content\/uploads\/2022\/01\/difference-assemblee-generale-ordinaire-extraordianire.jpg\",\"contentUrl\":\"https:\/\/www.infolocale.fr\/blog\/wp-content\/uploads\/2022\/01\/difference-assemblee-generale-ordinaire-extraordianire.jpg\",\"width\":900,\"height\":630,\"caption\":\"Quelle est la diff\u00e9rence entre une assembl\u00e9e g\u00e9n\u00e9rale ordinaire et une assembl\u00e9e g\u00e9n\u00e9rale extraordinaire en association\"},{\"@type\":\"BreadcrumbList\",\"@id\":\"https:\/\/www.infolocale.fr\/blog\/differences-assemblee-generale-ordinaire-assemblee-extraordinaire\/#breadcrumb\",\"itemListElement\":[{\"@type\":\"ListItem\",\"position\":1,\"name\":\"Blog\",\"item\":\"https:\/\/infolocale.ouest-france.fr\/blog\/\"},{\"@type\":\"ListItem\",\"position\":2,\"name\":\"Cr\u00e9er et g\u00e9rer une association\",\"item\":\"https:\/\/infolocale.ouest-france.fr\/blog\/cat\/creer-et-administrer-une-association-1901\/\"},{\"@type\":\"ListItem\",\"position\":3,\"name\":\"Assembl\u00e9e g\u00e9n\u00e9rale ordinaire et extraordinaire : quelle diff\u00e9rence ?\"}]},{\"@type\":\"WebSite\",\"@id\":\"https:\/\/www.infolocale.fr\/blog\/#website\",\"url\":\"https:\/\/www.infolocale.fr\/blog\/\",\"name\":\"\",\"description\":\"\",\"publisher\":{\"@id\":\"https:\/\/www.infolocale.fr\/blog\/#organization\"},\"potentialAction\":[{\"@type\":\"SearchAction\",\"target\":{\"@type\":\"EntryPoint\",\"urlTemplate\":\"https:\/\/www.infolocale.fr\/blog\/?s={search_term_string}\"},\"query-input\":\"required name=search_term_string\"}],\"inLanguage\":\"fr-FR\"},{\"@type\":\"Organization\",\"@id\":\"https:\/\/www.infolocale.fr\/blog\/#organization\",\"name\":\"Infolocale\",\"url\":\"https:\/\/www.infolocale.fr\/blog\/\",\"logo\":{\"@type\":\"ImageObject\",\"inLanguage\":\"fr-FR\",\"@id\":\"https:\/\/www.infolocale.fr\/blog\/#\/schema\/logo\/image\/\",\"url\":\"https:\/\/www.infolocale.fr\/blog\/wp-content\/uploads\/2020\/11\/logol.jpg\",\"contentUrl\":\"https:\/\/www.infolocale.fr\/blog\/wp-content\/uploads\/2020\/11\/logol.jpg\",\"width\":1031,\"height\":398,\"caption\":\"Infolocale\"},\"image\":{\"@id\":\"https:\/\/www.infolocale.fr\/blog\/#\/schema\/logo\/image\/\"},\"sameAs\":[\"https:\/\/www.facebook.com\/infolocaleFR\/\",\"https:\/\/x.com\/infolocale\",\"https:\/\/www.instagram.com\/infolocale\/\",\"https:\/\/fr.linkedin.com\/company\/infolocale\",\"https:\/\/www.youtube.com\/channel\/UCnv4FA8EYEuu_si3TGr7xeA\"]},{\"@type\":\"Person\",\"@id\":\"https:\/\/www.infolocale.fr\/blog\/#\/schema\/person\/f0f748ece99417833166b3ba8890f3db\",\"name\":\"Morgan\",\"image\":{\"@type\":\"ImageObject\",\"inLanguage\":\"fr-FR\",\"@id\":\"https:\/\/www.infolocale.fr\/blog\/#\/schema\/person\/image\/\",\"url\":\"https:\/\/secure.gravatar.com\/avatar\/a22ec2a0cc817ae9fa3ff7341a213632?s=96&d=mm&r=g\",\"contentUrl\":\"https:\/\/secure.gravatar.com\/avatar\/a22ec2a0cc817ae9fa3ff7341a213632?s=96&d=mm&r=g\",\"caption\":\"Morgan\"},\"url\":\"https:\/\/www.infolocale.fr\/blog\/author\/morgan-delepine\/\"}]}<\/script>\n<!-- \/ Yoast SEO plugin. -->","yoast_head_json":{"title":"Diff\u00e9rence en assembl\u00e9e g\u00e9n\u00e9rale ordinaire et extraordinaire |","description":"La diff\u00e9rence entre l\u2019assembl\u00e9e g\u00e9n\u00e9rale ordinaire et l\u2019assembl\u00e9e g\u00e9n\u00e9rale extraordinaire n\u2019est pas pr\u00e9cis\u00e9e par la loi 1901. Ainsi, cette...","robots":{"index":"index","follow":"follow","max-snippet":"max-snippet:-1","max-image-preview":"max-image-preview:large","max-video-preview":"max-video-preview:-1"},"canonical":"https:\/\/www.infolocale.fr\/blog\/differences-assemblee-generale-ordinaire-assemblee-extraordinaire\/","og_locale":"fr_FR","og_type":"article","og_title":"Diff\u00e9rence en assembl\u00e9e g\u00e9n\u00e9rale ordinaire et extraordinaire |","og_description":"La diff\u00e9rence entre l\u2019assembl\u00e9e g\u00e9n\u00e9rale ordinaire et l\u2019assembl\u00e9e g\u00e9n\u00e9rale extraordinaire n\u2019est pas pr\u00e9cis\u00e9e par la loi 1901. Ainsi, cette...","og_url":"https:\/\/www.infolocale.fr\/blog\/differences-assemblee-generale-ordinaire-assemblee-extraordinaire\/","article_publisher":"https:\/\/www.facebook.com\/infolocaleFR\/","article_published_time":"2022-01-06T11:56:18+00:00","article_modified_time":"2023-10-31T11:31:48+00:00","og_image":[{"width":900,"height":630,"url":"https:\/\/www.infolocale.fr\/blog\/wp-content\/uploads\/2022\/01\/difference-assemblee-generale-ordinaire-extraordianire.jpg","type":"image\/jpeg"}],"author":"Morgan","twitter_card":"summary_large_image","twitter_creator":"@infolocale","twitter_site":"@infolocale","twitter_misc":{"\u00c9crit par":"Morgan","Dur\u00e9e de lecture estim\u00e9e":"4 minutes"},"schema":{"@context":"https:\/\/schema.org","@graph":[{"@type":"Article","@id":"https:\/\/www.infolocale.fr\/blog\/differences-assemblee-generale-ordinaire-assemblee-extraordinaire\/#article","isPartOf":{"@id":"https:\/\/www.infolocale.fr\/blog\/differences-assemblee-generale-ordinaire-assemblee-extraordinaire\/"},"author":{"name":"Morgan","@id":"https:\/\/www.infolocale.fr\/blog\/#\/schema\/person\/f0f748ece99417833166b3ba8890f3db"},"headline":"Assembl\u00e9e g\u00e9n\u00e9rale ordinaire et extraordinaire : quelle diff\u00e9rence ?","datePublished":"2022-01-06T11:56:18+00:00","dateModified":"2023-10-31T11:31:48+00:00","mainEntityOfPage":{"@id":"https:\/\/www.infolocale.fr\/blog\/differences-assemblee-generale-ordinaire-assemblee-extraordinaire\/"},"wordCount":1019,"commentCount":2,"publisher":{"@id":"https:\/\/www.infolocale.fr\/blog\/#organization"},"image":{"@id":"https:\/\/www.infolocale.fr\/blog\/differences-assemblee-generale-ordinaire-assemblee-extraordinaire\/#primaryimage"},"thumbnailUrl":"https:\/\/www.infolocale.fr\/blog\/wp-content\/uploads\/2022\/01\/difference-assemblee-generale-ordinaire-extraordianire.jpg","keywords":["Assembl\u00e9e g\u00e9n\u00e9rale ordinaire"],"articleSection":["Cr\u00e9er et g\u00e9rer une association"],"inLanguage":"fr-FR","potentialAction":[{"@type":"CommentAction","name":"Comment","target":["https:\/\/www.infolocale.fr\/blog\/differences-assemblee-generale-ordinaire-assemblee-extraordinaire\/#respond"]}]},{"@type":"WebPage","@id":"https:\/\/www.infolocale.fr\/blog\/differences-assemblee-generale-ordinaire-assemblee-extraordinaire\/","url":"https:\/\/www.infolocale.fr\/blog\/differences-assemblee-generale-ordinaire-assemblee-extraordinaire\/","name":"Diff\u00e9rence en assembl\u00e9e g\u00e9n\u00e9rale ordinaire et extraordinaire |","isPartOf":{"@id":"https:\/\/www.infolocale.fr\/blog\/#website"},"primaryImageOfPage":{"@id":"https:\/\/www.infolocale.fr\/blog\/differences-assemblee-generale-ordinaire-assemblee-extraordinaire\/#primaryimage"},"image":{"@id":"https:\/\/www.infolocale.fr\/blog\/differences-assemblee-generale-ordinaire-assemblee-extraordinaire\/#primaryimage"},"thumbnailUrl":"https:\/\/www.infolocale.fr\/blog\/wp-content\/uploads\/2022\/01\/difference-assemblee-generale-ordinaire-extraordianire.jpg","datePublished":"2022-01-06T11:56:18+00:00","dateModified":"2023-10-31T11:31:48+00:00","description":"La diff\u00e9rence entre l\u2019assembl\u00e9e g\u00e9n\u00e9rale ordinaire et l\u2019assembl\u00e9e g\u00e9n\u00e9rale extraordinaire n\u2019est pas pr\u00e9cis\u00e9e par la loi 1901. Ainsi, cette...","breadcrumb":{"@id":"https:\/\/www.infolocale.fr\/blog\/differences-assemblee-generale-ordinaire-assemblee-extraordinaire\/#breadcrumb"},"inLanguage":"fr-FR","potentialAction":[{"@type":"ReadAction","target":["https:\/\/www.infolocale.fr\/blog\/differences-assemblee-generale-ordinaire-assemblee-extraordinaire\/"]}]},{"@type":"ImageObject","inLanguage":"fr-FR","@id":"https:\/\/www.infolocale.fr\/blog\/differences-assemblee-generale-ordinaire-assemblee-extraordinaire\/#primaryimage","url":"https:\/\/www.infolocale.fr\/blog\/wp-content\/uploads\/2022\/01\/difference-assemblee-generale-ordinaire-extraordianire.jpg","contentUrl":"https:\/\/www.infolocale.fr\/blog\/wp-content\/uploads\/2022\/01\/difference-assemblee-generale-ordinaire-extraordianire.jpg","width":900,"height":630,"caption":"Quelle est la diff\u00e9rence entre une assembl\u00e9e g\u00e9n\u00e9rale ordinaire et une assembl\u00e9e g\u00e9n\u00e9rale extraordinaire en association"},{"@type":"BreadcrumbList","@id":"https:\/\/www.infolocale.fr\/blog\/differences-assemblee-generale-ordinaire-assemblee-extraordinaire\/#breadcrumb","itemListElement":[{"@type":"ListItem","position":1,"name":"Blog","item":"https:\/\/infolocale.ouest-france.fr\/blog\/"},{"@type":"ListItem","position":2,"name":"Cr\u00e9er et g\u00e9rer une association","item":"https:\/\/infolocale.ouest-france.fr\/blog\/cat\/creer-et-administrer-une-association-1901\/"},{"@type":"ListItem","position":3,"name":"Assembl\u00e9e g\u00e9n\u00e9rale ordinaire et extraordinaire : quelle diff\u00e9rence ?"}]},{"@type":"WebSite","@id":"https:\/\/www.infolocale.fr\/blog\/#website","url":"https:\/\/www.infolocale.fr\/blog\/","name":"","description":"","publisher":{"@id":"https:\/\/www.infolocale.fr\/blog\/#organization"},"potentialAction":[{"@type":"SearchAction","target":{"@type":"EntryPoint","urlTemplate":"https:\/\/www.infolocale.fr\/blog\/?s={search_term_string}"},"query-input":"required name=search_term_string"}],"inLanguage":"fr-FR"},{"@type":"Organization","@id":"https:\/\/www.infolocale.fr\/blog\/#organization","name":"Infolocale","url":"https:\/\/www.infolocale.fr\/blog\/","logo":{"@type":"ImageObject","inLanguage":"fr-FR","@id":"https:\/\/www.infolocale.fr\/blog\/#\/schema\/logo\/image\/","url":"https:\/\/www.infolocale.fr\/blog\/wp-content\/uploads\/2020\/11\/logol.jpg","contentUrl":"https:\/\/www.infolocale.fr\/blog\/wp-content\/uploads\/2020\/11\/logol.jpg","width":1031,"height":398,"caption":"Infolocale"},"image":{"@id":"https:\/\/www.infolocale.fr\/blog\/#\/schema\/logo\/image\/"},"sameAs":["https:\/\/www.facebook.com\/infolocaleFR\/","https:\/\/x.com\/infolocale","https:\/\/www.instagram.com\/infolocale\/","https:\/\/fr.linkedin.com\/company\/infolocale","https:\/\/www.youtube.com\/channel\/UCnv4FA8EYEuu_si3TGr7xeA"]},{"@type":"Person","@id":"https:\/\/www.infolocale.fr\/blog\/#\/schema\/person\/f0f748ece99417833166b3ba8890f3db","name":"Morgan","image":{"@type":"ImageObject","inLanguage":"fr-FR","@id":"https:\/\/www.infolocale.fr\/blog\/#\/schema\/person\/image\/","url":"https:\/\/secure.gravatar.com\/avatar\/a22ec2a0cc817ae9fa3ff7341a213632?s=96&d=mm&r=g","contentUrl":"https:\/\/secure.gravatar.com\/avatar\/a22ec2a0cc817ae9fa3ff7341a213632?s=96&d=mm&r=g","caption":"Morgan"},"url":"https:\/\/www.infolocale.fr\/blog\/author\/morgan-delepine\/"}]}},"_links":{"self":[{"href":"https:\/\/www.infolocale.fr\/blog\/wp-json\/wp\/v2\/posts\/16894"}],"collection":[{"href":"https:\/\/www.infolocale.fr\/blog\/wp-json\/wp\/v2\/posts"}],"about":[{"href":"https:\/\/www.infolocale.fr\/blog\/wp-json\/wp\/v2\/types\/post"}],"author":[{"embeddable":true,"href":"https:\/\/www.infolocale.fr\/blog\/wp-json\/wp\/v2\/users\/2"}],"replies":[{"embeddable":true,"href":"https:\/\/www.infolocale.fr\/blog\/wp-json\/wp\/v2\/comments?post=16894"}],"version-history":[{"count":0,"href":"https:\/\/www.infolocale.fr\/blog\/wp-json\/wp\/v2\/posts\/16894\/revisions"}],"wp:featuredmedia":[{"embeddable":true,"href":"https:\/\/www.infolocale.fr\/blog\/wp-json\/wp\/v2\/media\/16896"}],"wp:attachment":[{"href":"https:\/\/www.infolocale.fr\/blog\/wp-json\/wp\/v2\/media?parent=16894"}],"wp:term":[{"taxonomy":"category","embeddable":true,"href":"https:\/\/www.infolocale.fr\/blog\/wp-json\/wp\/v2\/categories?post=16894"},{"taxonomy":"post_tag","embeddable":true,"href":"https:\/\/www.infolocale.fr\/blog\/wp-json\/wp\/v2\/tags?post=16894"}],"curies":[{"name":"wp","href":"https:\/\/api.w.org\/{rel}","templated":true}]}}