{"id":16588,"date":"2024-12-18T16:52:00","date_gmt":"2024-12-18T15:52:00","guid":{"rendered":"https:\/\/www.infolocale.fr\/blog\/?p=16588"},"modified":"2025-01-03T09:12:16","modified_gmt":"2025-01-03T08:12:16","slug":"nouvelle-annee-rediger-voeux-associatifs","status":"publish","type":"post","link":"https:\/\/www.infolocale.fr\/blog\/nouvelle-annee-rediger-voeux-associatifs\/","title":{"rendered":"Nouvelle ann\u00e9e ! Conseils pour r\u00e9diger des v\u0153ux associatifs pour 2025"},"content":{"rendered":"\n<p>Qui dit nouvelle ann\u00e9e dit r\u00e9daction des v\u0153ux de votre association. Une belle occasion de tisser davantage de lien avec tous les acteurs qui gravitent autour de votre association.&nbsp;<\/p>\n\n\n\n<p>Avant de vous lancer dans la cr\u00e9ation et dans la r\u00e9daction de vos cartes de v\u0153ux, voici quelques conseils pour renforcer l\u2019impact de votre <a href=\"https:\/\/www.infolocale.fr\/blog\/communication-digitale-association\/\" target=\"_blank\" rel=\"noreferrer noopener\">communication<\/a> :&nbsp;<\/p>\n\n\n\n<ul style=\"background-color:#a1d5f5\" class=\"wp-block-list has-black-color has-text-color has-background\">\n<li>Pensez \u00e0 r\u00e9diger des v\u0153ux qui vous ressemblent et qui font \u00e9cho aux valeurs v\u00e9hicul\u00e9es par votre association.\u00a0\u00a0<\/li>\n\n\n\n<li>Faites preuve de bienveillance et de reconnaissance envers toutes ces personnes qui \u0153uvrent au quotidien pour votre association. Ces acteurs contribuent tous, \u00e0 leur \u00e9chelle au bon fonctionnement et au succ\u00e8s des actions de votre structure associative. Pensez donc \u00e0 les remercier avec enthousiasme.\u00a0\u00a0<\/li>\n\n\n\n<li>Soyez chaleureux\u00a0tout en \u00e9vitant de tomber dans un discours trop personnel,\u00a0veillez \u00e0 adapter au mieux votre discours en fonction de votre cible. Il s\u2019agira ici de trouver le bon \u00e9quilibre pour \u00eatre ni trop formel, ni, \u00e0 contrario trop familier \u00e0 l\u2019\u00e9gard de vos destinataires. En effet, vous ne communiquerez pas de la m\u00eame\u00a0fa\u00e7on\u00a0si vous vous adressez \u00e0 une collectivit\u00e9,\u00a0\u00e0 un partenaire financier ou encore \u00e0 vos adh\u00e9rents. \u00a0<\/li>\n<\/ul>\n\n\n\n<h2 class=\"wp-block-heading\">A qui envoyer vos v\u0153ux ? <\/h2>\n\n\n\n<p>Tout d\u2019abord vous devez dresser une liste de vos contacts aupr\u00e8s desquels vous souhaitez communiquer parmi eux :&nbsp;&nbsp;<\/p>\n\n\n\n<ul class=\"wp-block-list\">\n<li><a href=\"https:\/\/www.infolocale.fr\/blog\/accueillir-nouveau-benevole\/\" target=\"_blank\" rel=\"noreferrer noopener\">B\u00e9n\u00e9voles<\/a>\u00a0\u00a0<\/li>\n\n\n\n<li><a href=\"https:\/\/www.infolocale.fr\/blog\/attirer-nouveaux-adherents-association\/\" target=\"_blank\" rel=\"noreferrer noopener\">Adh\u00e9rents<\/a>\u00a0\u00a0<\/li>\n\n\n\n<li><a href=\"https:\/\/www.infolocale.fr\/blog\/collecter-des-dons-pour-mon-association\/\" target=\"_blank\" rel=\"noreferrer noopener\">Donateurs<\/a>\u00a0\u00a0<\/li>\n\n\n\n<li><a href=\"https:\/\/www.infolocale.fr\/blog\/dossier-sponsoring\/\" target=\"_blank\" rel=\"noreferrer noopener\">Sponsors\u00a0<\/a><\/li>\n\n\n\n<li>Collectivit\u00e9s<\/li>\n\n\n\n<li>Votre public\u00a0<\/li>\n\n\n\n<li>Vos salari\u00e9s si cela est le cas de votre association\u00a0<\/li>\n<\/ul>\n\n\n\n<p>Pour cela nous vous conseillons de centraliser au maximum tous vos contacts et ainsi, de les trier par cat\u00e9gories dans un tableur. Cette t\u00e2che minutieuse mais n\u00e9cessaire vous permettra de tenir \u00e0 jour la liste de vos nombreux acteurs associatifs, et cela, tout au long de l\u2019ann\u00e9e.&nbsp;<\/p>\n\n\n\n<p>Si vous avez peur de commettre un impair ou d\u2019oublier des personnes \u00e0 qui adresser vos v\u0153ux, pensez donc \u00e0 organiser un temps d\u2019\u00e9change afin de discuter de tout cela avec d\u2019autres membres de votre asso. Vous verrez, travailler de mani\u00e8re collaborative pourra m\u00eame booster votre cr\u00e9ativit\u00e9 et ainsi vous donner de nouvelles id\u00e9es. &nbsp;<\/p>\n\n\n\n<h2 class=\"wp-block-heading\">Quel support utiliser pour r\u00e9diger vos v\u0153ux ? <\/h2>\n\n\n\n<p>Plusieurs possibilit\u00e9s s\u2019offrent \u00e0 vous quant aux diff\u00e9rents supports que vous pourrez utiliser.&nbsp;&nbsp;<\/p>\n\n\n\n<p>Tout d\u2019abord, vous pouvez opter pour la traditionnelle carte de v\u0153ux manuscrite. Ce format est tr\u00e8s appr\u00e9ci\u00e9 puisqu\u2019il est singuli\u00e8rement r\u00e9dig\u00e9 \u00e0 l\u2019intention de chaque destinataire. Il faut cependant savoir que cette option sera \u00e0 la fois plus chronophage cependant bien plus personnalis\u00e9e et impactante.&nbsp;<\/p>\n\n\n\n<p>Vous pouvez \u00e9galement opter pour le format des cartes de v\u0153ux num\u00e9riques notamment si vos destinataires sont \u00e0 l\u2019aise avec les <a href=\"https:\/\/www.infolocale.fr\/blog\/digitaliser-actions-association\/\" target=\"_blank\" rel=\"noreferrer noopener\">outils digitaux<\/a>.&nbsp;&nbsp;<\/p>\n\n\n\n<p>Vous aurez aussi la possibilit\u00e9 de faire appel \u00e0 un prestataire, si vous manquez de temps et\/ou d\u2019id\u00e9es. Celui-ci pourra vous proposer une formule adapt\u00e9e \u00e0 vos besoins.&nbsp;&nbsp;&nbsp;<\/p>\n\n\n\n<p>Et pourquoi pas, cr\u00e9er vous-m\u00eame votre propre support personnalis\u00e9 ? Si vous avez quelques notions en graphisme, vous pouvez tout \u00e0 fait cr\u00e9er votre carte de v\u0153ux gr\u00e2ce \u00e0 des logiciels tels qu\u2019Illustrator ou InDesign. Cependant, sachez que des plateformes plus accessibles en termes de comp\u00e9tences graphiques sont disponibles. Parmi elles vous trouverez :&nbsp;&nbsp;<\/p>\n\n\n\n<ul class=\"wp-block-list\">\n<li><a href=\"https:\/\/www.infolocale.fr\/blog\/canva\/\" target=\"_blank\" rel=\"noreferrer noopener\">Canva<\/a> qui vous permettra de designer de A \u00e0 Z vos cartes de v\u0153ux.\u00a0\u00a0<\/li>\n\n\n\n<li><a href=\"https:\/\/www.fizzer.com\/fr\/\" target=\"_blank\" rel=\"noreferrer noopener\">Fizzer<\/a>, une plateforme sur laquelle vous pourrez cr\u00e9er vos cartes de v\u0153ux personnalis\u00e9es en r\u00e9digeant votre texte et en ajoutant les photos de votre choix.\u00a0<\/li>\n\n\n\n<li><a href=\"https:\/\/www.dromadaire.com\/carte-virtuelle\/meilleurs-voeux\" target=\"_blank\" rel=\"noreferrer noopener\">Dromadaire<\/a>, un outil qui vous propose de cr\u00e9er votre propre design pour des cartes de v\u0153ux papier ou virtuelles.\u00a0\u00a0<\/li>\n<\/ul>\n\n\n\n<h2 class=\"wp-block-heading\">Comment r\u00e9diger vos v\u0153ux ? <\/h2>\n\n\n\n<p>Confectionner des cartes de v\u0153ux est un exercice qui vous demandera du temps et de l\u2019investissement personnel. Pour cela vous devrez penser \u00e0 un certain nombre de choses, c\u2019est pourquoi, n\u2019h\u00e9sitez pas \u00e0 \u00e9tablir une checklist des points importants en amont de votre r\u00e9daction.&nbsp;&nbsp;<\/p>\n\n\n\n<p>1\u00b0 Commencez tout d\u2019abord par cat\u00e9goriser en plusieurs listes vos destinataires (b\u00e9n\u00e9voles, adh\u00e9rents, donateurs, sponsors, public, collectivit\u00e9s et autres). En effet il vous faudra adapter votre communication en fonction du type de destinataire. Vous n\u2019aurez donc pas le m\u00eame discours \u00e0 l\u2019\u00e9gard d\u2019un donateur que vis-\u00e0-vis d\u2019un adh\u00e9rent. De m\u00eame, vous devrez \u00e9galement adapter votre communication en fonction du type d\u2019association dont il s\u2019agit. Si celle-ci est \u00e9tudiante alors vous pourrez \u00e9crire de mani\u00e8re relativement d\u00e9contract\u00e9e, en revanche s\u2019il s\u2019agit d\u2019une association d\u2019anciens combattants, veillez \u00e0 avoir une communication plus formelle. Il s\u2019agit ici de la partie la plus d\u00e9licate, il vous faudra donc trouver les bons mots et la bonne tonalit\u00e9 pour ne pas heurter ou surprendre votre interlocuteur.&nbsp;<\/p>\n\n\n\n<p>2\u00b0 Ensuite, choisissez le type de support de votre choix. Choisissez son design, son format, son papier mais \u00e9galement si vous souhaitez y ajouter des photos, des illustrations ou d\u2019autres \u00e9l\u00e9ments. Vous pouvez m\u00eame maquetter votre carte de v\u0153ux pour vous donner une petite id\u00e9e du r\u00e9sultat.&nbsp;<\/p>\n\n\n\n<p>3\u00b0 Puis, sur brouillon, lancez-vous dans la r\u00e9daction du contenu de votre carte de v\u0153ux. Un conseil, \u00e9vitez de parler d\u2019amour et de sant\u00e9 pour souhaiter vos meilleurs v\u0153ux. En effet, compte tenu des situations personnelles de chacun, il peut \u00eatre pr\u00e9f\u00e9rable de ne pas aborder ces sujets et de rester assez g\u00e9n\u00e9rique dans la formulation de vos v\u0153ux. En revanche, ne tombez non plus dans le pi\u00e8ge d\u2019un discours trop impersonnel qui manquerait de chaleur.&nbsp;&nbsp;<\/p>\n\n\n\n<p>4\u00b0 Pensez imp\u00e9rativement \u00e0 faire relire vos v\u0153ux avant l\u2019impression de vos cartes. Parfois lorsque l\u2019on effectue un travail de r\u00e9daction nous pouvons manquer de vigilance en relisant machinalement notre travail. Faire appel \u00e0 une personne qui d\u00e9couvrira votre texte avec un \u0153il ext\u00e9rieur vous aidera \u00e0 modifier les derni\u00e8res fautes ou erreurs d\u2019\u00e9tourderie.&nbsp;&nbsp;<\/p>\n\n\n\n<p>5\u00b0 Enfin envoyez ou programmez l\u2019envoi de vos cartes de v\u0153ux. A partir du 1er janvier vous aurez un mois pour le faire. Les plus organis\u00e9s veilleront \u00e0 les envoyer avant le 15 janvier. N\u00e9anmoins, pas d\u2019inqui\u00e9tude pour les retardataires, vous aurez jusqu\u2019au 31 janvier pour pr\u00e9senter vos v\u0153ux.&nbsp;&nbsp;<\/p>\n\n\n\n<h2 class=\"wp-block-heading\">Exemple de carte de v\u0153ux pour vos b\u00e9n\u00e9voles <\/h2>\n\n\n\n<p>Tr\u00e8s chers b\u00e9n\u00e9voles,&nbsp;&nbsp;<\/p>\n\n\n\n<p>Je vous souhaite \u00e0 toutes et \u00e0 tous une excellente ann\u00e9e 2025. Que cette nouvelle ann\u00e9e vous apporte de grands bonheurs !\u00a0\u00a0<\/p>\n\n\n\n<p>Puisse 2025 \u00eatre une ann\u00e9e de renaissance apr\u00e8s ces deux ann\u00e9es difficiles. Nous avons su garder le cap et nous r\u00e9inventer en cr\u00e9ant davantage de proximit\u00e9 malgr\u00e9 le contexte sanitaire. Solidarit\u00e9, bienveillance et pugnacit\u00e9 sont notre force au quotidien.\u00a0<\/p>\n\n\n\n<p>Je tiens par cette occasion \u00e0 vous remercier du fond du c\u0153ur pour l\u2019engagement sans faille que vous portez \u00e0 notre belle association. Sans vous rien ne serait possible, alors un grand MERCI \u00e0 toutes et \u00e0 tous !&nbsp;&nbsp;<\/p>\n\n\n\n<p>J\u2019esp\u00e8re retrouver tr\u00e8s prochainement toute la richesse de ces moments de convivialit\u00e9 partag\u00e9s ensemble.&nbsp;<\/p>\n\n\n\n<p>Prenez bien soin de vous et de vos proches&nbsp;&nbsp;<\/p>\n\n\n\n<p>A tr\u00e8s bient\u00f4t.&nbsp;&nbsp;<\/p>\n","protected":false},"excerpt":{"rendered":"<p>Qui dit nouvelle ann\u00e9e dit r\u00e9daction des v\u0153ux de votre association. Une belle occasion de tisser davantage de lien avec tous les acteurs qui gravitent [&hellip;]<\/p>\n","protected":false},"author":14,"featured_media":16589,"comment_status":"open","ping_status":"open","sticky":false,"template":"","format":"standard","meta":{"_coblocks_attr":"","_coblocks_dimensions":"","_coblocks_responsive_height":"","_coblocks_accordion_ie_support":"","_mo_disable_npp":"","footnotes":""},"categories":[110],"tags":[102],"class_list":["post-16588","post","type-post","status-publish","format-standard","has-post-thumbnail","hentry","category-preparer-son-debut-et-sa-fin-dannee","tag-voeux"],"yoast_head":"<!-- This site is optimized with the Yoast SEO plugin v23.2 - https:\/\/yoast.com\/wordpress\/plugins\/seo\/ -->\n<title>Conseils pour r\u00e9diger des v\u0153ux associatifs pour 2025 |<\/title>\n<meta name=\"description\" content=\"Nouvelle ann\u00e9e ! Quelques conseils pour r\u00e9diger vos v\u0153ux associatifs. A qui envoyer vos v\u0153ux ? Comment les r\u00e9diger ? Quel support utiliser ?\" \/>\n<meta name=\"robots\" content=\"index, follow, max-snippet:-1, max-image-preview:large, max-video-preview:-1\" \/>\n<link rel=\"canonical\" href=\"https:\/\/infolocale.ouest-france.fr\/blog\/nouvelle-annee-rediger-voeux-associatifs\/\" \/>\n<meta property=\"og:locale\" content=\"fr_FR\" \/>\n<meta property=\"og:type\" content=\"article\" \/>\n<meta property=\"og:title\" content=\"Conseils pour r\u00e9diger des v\u0153ux associatifs pour 2025 |\" \/>\n<meta property=\"og:description\" content=\"Nouvelle ann\u00e9e ! Quelques conseils pour r\u00e9diger vos v\u0153ux associatifs. A qui envoyer vos v\u0153ux ? Comment les r\u00e9diger ? Quel support utiliser ?\" \/>\n<meta property=\"og:url\" content=\"https:\/\/infolocale.ouest-france.fr\/blog\/nouvelle-annee-rediger-voeux-associatifs\/\" \/>\n<meta property=\"article:publisher\" content=\"https:\/\/www.facebook.com\/infolocaleFR\/\" \/>\n<meta property=\"article:published_time\" content=\"2024-12-18T15:52:00+00:00\" \/>\n<meta property=\"article:modified_time\" content=\"2025-01-03T08:12:16+00:00\" \/>\n<meta property=\"og:image\" content=\"https:\/\/infolocale.ouest-france.fr\/blog\/wp-content\/uploads\/2021\/12\/voeux-asso.png\" \/>\n\t<meta property=\"og:image:width\" content=\"900\" \/>\n\t<meta property=\"og:image:height\" content=\"630\" \/>\n\t<meta property=\"og:image:type\" content=\"image\/png\" \/>\n<meta name=\"author\" content=\"Margot\" \/>\n<meta name=\"twitter:card\" content=\"summary_large_image\" \/>\n<meta name=\"twitter:creator\" content=\"@infolocale\" \/>\n<meta name=\"twitter:site\" content=\"@infolocale\" \/>\n<meta name=\"twitter:label1\" content=\"\u00c9crit par\" \/>\n\t<meta name=\"twitter:data1\" content=\"Margot\" \/>\n\t<meta name=\"twitter:label2\" content=\"Dur\u00e9e de lecture estim\u00e9e\" \/>\n\t<meta name=\"twitter:data2\" content=\"6 minutes\" \/>\n<script type=\"application\/ld+json\" class=\"yoast-schema-graph\">{\"@context\":\"https:\/\/schema.org\",\"@graph\":[{\"@type\":\"Article\",\"@id\":\"https:\/\/infolocale.ouest-france.fr\/blog\/nouvelle-annee-rediger-voeux-associatifs\/#article\",\"isPartOf\":{\"@id\":\"https:\/\/infolocale.ouest-france.fr\/blog\/nouvelle-annee-rediger-voeux-associatifs\/\"},\"author\":{\"name\":\"Margot\",\"@id\":\"https:\/\/www.infolocale.fr\/blog\/#\/schema\/person\/ef7bae7d23a1485da4c2c6640f73e989\"},\"headline\":\"Nouvelle ann\u00e9e ! Conseils pour r\u00e9diger des v\u0153ux associatifs pour 2025\",\"datePublished\":\"2024-12-18T15:52:00+00:00\",\"dateModified\":\"2025-01-03T08:12:16+00:00\",\"mainEntityOfPage\":{\"@id\":\"https:\/\/infolocale.ouest-france.fr\/blog\/nouvelle-annee-rediger-voeux-associatifs\/\"},\"wordCount\":1249,\"commentCount\":0,\"publisher\":{\"@id\":\"https:\/\/www.infolocale.fr\/blog\/#organization\"},\"image\":{\"@id\":\"https:\/\/infolocale.ouest-france.fr\/blog\/nouvelle-annee-rediger-voeux-associatifs\/#primaryimage\"},\"thumbnailUrl\":\"https:\/\/www.infolocale.fr\/blog\/wp-content\/uploads\/2021\/12\/voeux-asso.png\",\"keywords\":[\"voeux\"],\"articleSection\":[\"Pr\u00e9parer son d\u00e9but et sa fin d'ann\u00e9e\"],\"inLanguage\":\"fr-FR\",\"potentialAction\":[{\"@type\":\"CommentAction\",\"name\":\"Comment\",\"target\":[\"https:\/\/infolocale.ouest-france.fr\/blog\/nouvelle-annee-rediger-voeux-associatifs\/#respond\"]}]},{\"@type\":\"WebPage\",\"@id\":\"https:\/\/infolocale.ouest-france.fr\/blog\/nouvelle-annee-rediger-voeux-associatifs\/\",\"url\":\"https:\/\/infolocale.ouest-france.fr\/blog\/nouvelle-annee-rediger-voeux-associatifs\/\",\"name\":\"Conseils pour r\u00e9diger des v\u0153ux associatifs pour 2025 |\",\"isPartOf\":{\"@id\":\"https:\/\/www.infolocale.fr\/blog\/#website\"},\"primaryImageOfPage\":{\"@id\":\"https:\/\/infolocale.ouest-france.fr\/blog\/nouvelle-annee-rediger-voeux-associatifs\/#primaryimage\"},\"image\":{\"@id\":\"https:\/\/infolocale.ouest-france.fr\/blog\/nouvelle-annee-rediger-voeux-associatifs\/#primaryimage\"},\"thumbnailUrl\":\"https:\/\/www.infolocale.fr\/blog\/wp-content\/uploads\/2021\/12\/voeux-asso.png\",\"datePublished\":\"2024-12-18T15:52:00+00:00\",\"dateModified\":\"2025-01-03T08:12:16+00:00\",\"description\":\"Nouvelle ann\u00e9e ! Quelques conseils pour r\u00e9diger vos v\u0153ux associatifs. A qui envoyer vos v\u0153ux ? Comment les r\u00e9diger ? Quel support utiliser ?\",\"breadcrumb\":{\"@id\":\"https:\/\/infolocale.ouest-france.fr\/blog\/nouvelle-annee-rediger-voeux-associatifs\/#breadcrumb\"},\"inLanguage\":\"fr-FR\",\"potentialAction\":[{\"@type\":\"ReadAction\",\"target\":[\"https:\/\/infolocale.ouest-france.fr\/blog\/nouvelle-annee-rediger-voeux-associatifs\/\"]}]},{\"@type\":\"ImageObject\",\"inLanguage\":\"fr-FR\",\"@id\":\"https:\/\/infolocale.ouest-france.fr\/blog\/nouvelle-annee-rediger-voeux-associatifs\/#primaryimage\",\"url\":\"https:\/\/www.infolocale.fr\/blog\/wp-content\/uploads\/2021\/12\/voeux-asso.png\",\"contentUrl\":\"https:\/\/www.infolocale.fr\/blog\/wp-content\/uploads\/2021\/12\/voeux-asso.png\",\"width\":900,\"height\":630,\"caption\":\"Carte de v\u0153ux\"},{\"@type\":\"BreadcrumbList\",\"@id\":\"https:\/\/infolocale.ouest-france.fr\/blog\/nouvelle-annee-rediger-voeux-associatifs\/#breadcrumb\",\"itemListElement\":[{\"@type\":\"ListItem\",\"position\":1,\"name\":\"Blog\",\"item\":\"https:\/\/infolocale.ouest-france.fr\/blog\/\"},{\"@type\":\"ListItem\",\"position\":2,\"name\":\"Pr\u00e9parer son d\u00e9but et sa fin d'ann\u00e9e\",\"item\":\"https:\/\/infolocale.20minutes.fr\/blog\/cat\/preparer-son-debut-et-sa-fin-dannee\/\"},{\"@type\":\"ListItem\",\"position\":3,\"name\":\"Nouvelle ann\u00e9e ! Conseils pour r\u00e9diger des v\u0153ux associatifs pour 2025\"}]},{\"@type\":\"WebSite\",\"@id\":\"https:\/\/www.infolocale.fr\/blog\/#website\",\"url\":\"https:\/\/www.infolocale.fr\/blog\/\",\"name\":\"\",\"description\":\"\",\"publisher\":{\"@id\":\"https:\/\/www.infolocale.fr\/blog\/#organization\"},\"potentialAction\":[{\"@type\":\"SearchAction\",\"target\":{\"@type\":\"EntryPoint\",\"urlTemplate\":\"https:\/\/www.infolocale.fr\/blog\/?s={search_term_string}\"},\"query-input\":\"required name=search_term_string\"}],\"inLanguage\":\"fr-FR\"},{\"@type\":\"Organization\",\"@id\":\"https:\/\/www.infolocale.fr\/blog\/#organization\",\"name\":\"Infolocale\",\"url\":\"https:\/\/www.infolocale.fr\/blog\/\",\"logo\":{\"@type\":\"ImageObject\",\"inLanguage\":\"fr-FR\",\"@id\":\"https:\/\/www.infolocale.fr\/blog\/#\/schema\/logo\/image\/\",\"url\":\"https:\/\/www.infolocale.fr\/blog\/wp-content\/uploads\/2020\/11\/logol.jpg\",\"contentUrl\":\"https:\/\/www.infolocale.fr\/blog\/wp-content\/uploads\/2020\/11\/logol.jpg\",\"width\":1031,\"height\":398,\"caption\":\"Infolocale\"},\"image\":{\"@id\":\"https:\/\/www.infolocale.fr\/blog\/#\/schema\/logo\/image\/\"},\"sameAs\":[\"https:\/\/www.facebook.com\/infolocaleFR\/\",\"https:\/\/x.com\/infolocale\",\"https:\/\/www.instagram.com\/infolocale\/\",\"https:\/\/fr.linkedin.com\/company\/infolocale\",\"https:\/\/www.youtube.com\/channel\/UCnv4FA8EYEuu_si3TGr7xeA\"]},{\"@type\":\"Person\",\"@id\":\"https:\/\/www.infolocale.fr\/blog\/#\/schema\/person\/ef7bae7d23a1485da4c2c6640f73e989\",\"name\":\"Margot\",\"image\":{\"@type\":\"ImageObject\",\"inLanguage\":\"fr-FR\",\"@id\":\"https:\/\/www.infolocale.fr\/blog\/#\/schema\/person\/image\/\",\"url\":\"https:\/\/secure.gravatar.com\/avatar\/fd7a814627870ba8c5cb11cb724ee955?s=96&d=mm&r=g\",\"contentUrl\":\"https:\/\/secure.gravatar.com\/avatar\/fd7a814627870ba8c5cb11cb724ee955?s=96&d=mm&r=g\",\"caption\":\"Margot\"},\"sameAs\":[\"https:\/\/www.infolocale.fr\/blog\/\"],\"url\":\"https:\/\/www.infolocale.fr\/blog\/author\/margot-cueff\/\"}]}<\/script>\n<!-- \/ Yoast SEO plugin. -->","yoast_head_json":{"title":"Conseils pour r\u00e9diger des v\u0153ux associatifs pour 2025 |","description":"Nouvelle ann\u00e9e ! Quelques conseils pour r\u00e9diger vos v\u0153ux associatifs. A qui envoyer vos v\u0153ux ? Comment les r\u00e9diger ? Quel support utiliser ?","robots":{"index":"index","follow":"follow","max-snippet":"max-snippet:-1","max-image-preview":"max-image-preview:large","max-video-preview":"max-video-preview:-1"},"canonical":"https:\/\/infolocale.ouest-france.fr\/blog\/nouvelle-annee-rediger-voeux-associatifs\/","og_locale":"fr_FR","og_type":"article","og_title":"Conseils pour r\u00e9diger des v\u0153ux associatifs pour 2025 |","og_description":"Nouvelle ann\u00e9e ! Quelques conseils pour r\u00e9diger vos v\u0153ux associatifs. A qui envoyer vos v\u0153ux ? Comment les r\u00e9diger ? Quel support utiliser ?","og_url":"https:\/\/infolocale.ouest-france.fr\/blog\/nouvelle-annee-rediger-voeux-associatifs\/","article_publisher":"https:\/\/www.facebook.com\/infolocaleFR\/","article_published_time":"2024-12-18T15:52:00+00:00","article_modified_time":"2025-01-03T08:12:16+00:00","og_image":[{"width":900,"height":630,"url":"https:\/\/infolocale.ouest-france.fr\/blog\/wp-content\/uploads\/2021\/12\/voeux-asso.png","type":"image\/png"}],"author":"Margot","twitter_card":"summary_large_image","twitter_creator":"@infolocale","twitter_site":"@infolocale","twitter_misc":{"\u00c9crit par":"Margot","Dur\u00e9e de lecture estim\u00e9e":"6 minutes"},"schema":{"@context":"https:\/\/schema.org","@graph":[{"@type":"Article","@id":"https:\/\/infolocale.ouest-france.fr\/blog\/nouvelle-annee-rediger-voeux-associatifs\/#article","isPartOf":{"@id":"https:\/\/infolocale.ouest-france.fr\/blog\/nouvelle-annee-rediger-voeux-associatifs\/"},"author":{"name":"Margot","@id":"https:\/\/www.infolocale.fr\/blog\/#\/schema\/person\/ef7bae7d23a1485da4c2c6640f73e989"},"headline":"Nouvelle ann\u00e9e ! Conseils pour r\u00e9diger des v\u0153ux associatifs pour 2025","datePublished":"2024-12-18T15:52:00+00:00","dateModified":"2025-01-03T08:12:16+00:00","mainEntityOfPage":{"@id":"https:\/\/infolocale.ouest-france.fr\/blog\/nouvelle-annee-rediger-voeux-associatifs\/"},"wordCount":1249,"commentCount":0,"publisher":{"@id":"https:\/\/www.infolocale.fr\/blog\/#organization"},"image":{"@id":"https:\/\/infolocale.ouest-france.fr\/blog\/nouvelle-annee-rediger-voeux-associatifs\/#primaryimage"},"thumbnailUrl":"https:\/\/www.infolocale.fr\/blog\/wp-content\/uploads\/2021\/12\/voeux-asso.png","keywords":["voeux"],"articleSection":["Pr\u00e9parer son d\u00e9but et sa fin d'ann\u00e9e"],"inLanguage":"fr-FR","potentialAction":[{"@type":"CommentAction","name":"Comment","target":["https:\/\/infolocale.ouest-france.fr\/blog\/nouvelle-annee-rediger-voeux-associatifs\/#respond"]}]},{"@type":"WebPage","@id":"https:\/\/infolocale.ouest-france.fr\/blog\/nouvelle-annee-rediger-voeux-associatifs\/","url":"https:\/\/infolocale.ouest-france.fr\/blog\/nouvelle-annee-rediger-voeux-associatifs\/","name":"Conseils pour r\u00e9diger des v\u0153ux associatifs pour 2025 |","isPartOf":{"@id":"https:\/\/www.infolocale.fr\/blog\/#website"},"primaryImageOfPage":{"@id":"https:\/\/infolocale.ouest-france.fr\/blog\/nouvelle-annee-rediger-voeux-associatifs\/#primaryimage"},"image":{"@id":"https:\/\/infolocale.ouest-france.fr\/blog\/nouvelle-annee-rediger-voeux-associatifs\/#primaryimage"},"thumbnailUrl":"https:\/\/www.infolocale.fr\/blog\/wp-content\/uploads\/2021\/12\/voeux-asso.png","datePublished":"2024-12-18T15:52:00+00:00","dateModified":"2025-01-03T08:12:16+00:00","description":"Nouvelle ann\u00e9e ! Quelques conseils pour r\u00e9diger vos v\u0153ux associatifs. A qui envoyer vos v\u0153ux ? Comment les r\u00e9diger ? Quel support utiliser ?","breadcrumb":{"@id":"https:\/\/infolocale.ouest-france.fr\/blog\/nouvelle-annee-rediger-voeux-associatifs\/#breadcrumb"},"inLanguage":"fr-FR","potentialAction":[{"@type":"ReadAction","target":["https:\/\/infolocale.ouest-france.fr\/blog\/nouvelle-annee-rediger-voeux-associatifs\/"]}]},{"@type":"ImageObject","inLanguage":"fr-FR","@id":"https:\/\/infolocale.ouest-france.fr\/blog\/nouvelle-annee-rediger-voeux-associatifs\/#primaryimage","url":"https:\/\/www.infolocale.fr\/blog\/wp-content\/uploads\/2021\/12\/voeux-asso.png","contentUrl":"https:\/\/www.infolocale.fr\/blog\/wp-content\/uploads\/2021\/12\/voeux-asso.png","width":900,"height":630,"caption":"Carte de v\u0153ux"},{"@type":"BreadcrumbList","@id":"https:\/\/infolocale.ouest-france.fr\/blog\/nouvelle-annee-rediger-voeux-associatifs\/#breadcrumb","itemListElement":[{"@type":"ListItem","position":1,"name":"Blog","item":"https:\/\/infolocale.ouest-france.fr\/blog\/"},{"@type":"ListItem","position":2,"name":"Pr\u00e9parer son d\u00e9but et sa fin d'ann\u00e9e","item":"https:\/\/infolocale.20minutes.fr\/blog\/cat\/preparer-son-debut-et-sa-fin-dannee\/"},{"@type":"ListItem","position":3,"name":"Nouvelle ann\u00e9e ! Conseils pour r\u00e9diger des v\u0153ux associatifs pour 2025"}]},{"@type":"WebSite","@id":"https:\/\/www.infolocale.fr\/blog\/#website","url":"https:\/\/www.infolocale.fr\/blog\/","name":"","description":"","publisher":{"@id":"https:\/\/www.infolocale.fr\/blog\/#organization"},"potentialAction":[{"@type":"SearchAction","target":{"@type":"EntryPoint","urlTemplate":"https:\/\/www.infolocale.fr\/blog\/?s={search_term_string}"},"query-input":"required name=search_term_string"}],"inLanguage":"fr-FR"},{"@type":"Organization","@id":"https:\/\/www.infolocale.fr\/blog\/#organization","name":"Infolocale","url":"https:\/\/www.infolocale.fr\/blog\/","logo":{"@type":"ImageObject","inLanguage":"fr-FR","@id":"https:\/\/www.infolocale.fr\/blog\/#\/schema\/logo\/image\/","url":"https:\/\/www.infolocale.fr\/blog\/wp-content\/uploads\/2020\/11\/logol.jpg","contentUrl":"https:\/\/www.infolocale.fr\/blog\/wp-content\/uploads\/2020\/11\/logol.jpg","width":1031,"height":398,"caption":"Infolocale"},"image":{"@id":"https:\/\/www.infolocale.fr\/blog\/#\/schema\/logo\/image\/"},"sameAs":["https:\/\/www.facebook.com\/infolocaleFR\/","https:\/\/x.com\/infolocale","https:\/\/www.instagram.com\/infolocale\/","https:\/\/fr.linkedin.com\/company\/infolocale","https:\/\/www.youtube.com\/channel\/UCnv4FA8EYEuu_si3TGr7xeA"]},{"@type":"Person","@id":"https:\/\/www.infolocale.fr\/blog\/#\/schema\/person\/ef7bae7d23a1485da4c2c6640f73e989","name":"Margot","image":{"@type":"ImageObject","inLanguage":"fr-FR","@id":"https:\/\/www.infolocale.fr\/blog\/#\/schema\/person\/image\/","url":"https:\/\/secure.gravatar.com\/avatar\/fd7a814627870ba8c5cb11cb724ee955?s=96&d=mm&r=g","contentUrl":"https:\/\/secure.gravatar.com\/avatar\/fd7a814627870ba8c5cb11cb724ee955?s=96&d=mm&r=g","caption":"Margot"},"sameAs":["https:\/\/www.infolocale.fr\/blog\/"],"url":"https:\/\/www.infolocale.fr\/blog\/author\/margot-cueff\/"}]}},"_links":{"self":[{"href":"https:\/\/www.infolocale.fr\/blog\/wp-json\/wp\/v2\/posts\/16588"}],"collection":[{"href":"https:\/\/www.infolocale.fr\/blog\/wp-json\/wp\/v2\/posts"}],"about":[{"href":"https:\/\/www.infolocale.fr\/blog\/wp-json\/wp\/v2\/types\/post"}],"author":[{"embeddable":true,"href":"https:\/\/www.infolocale.fr\/blog\/wp-json\/wp\/v2\/users\/14"}],"replies":[{"embeddable":true,"href":"https:\/\/www.infolocale.fr\/blog\/wp-json\/wp\/v2\/comments?post=16588"}],"version-history":[{"count":0,"href":"https:\/\/www.infolocale.fr\/blog\/wp-json\/wp\/v2\/posts\/16588\/revisions"}],"wp:featuredmedia":[{"embeddable":true,"href":"https:\/\/www.infolocale.fr\/blog\/wp-json\/wp\/v2\/media\/16589"}],"wp:attachment":[{"href":"https:\/\/www.infolocale.fr\/blog\/wp-json\/wp\/v2\/media?parent=16588"}],"wp:term":[{"taxonomy":"category","embeddable":true,"href":"https:\/\/www.infolocale.fr\/blog\/wp-json\/wp\/v2\/categories?post=16588"},{"taxonomy":"post_tag","embeddable":true,"href":"https:\/\/www.infolocale.fr\/blog\/wp-json\/wp\/v2\/tags?post=16588"}],"curies":[{"name":"wp","href":"https:\/\/api.w.org\/{rel}","templated":true}]}}