{"id":152,"date":"2020-03-04T12:14:33","date_gmt":"2020-03-04T11:14:33","guid":{"rendered":"http:\/\/infolocale.data.blog\/?p=152"},"modified":"2021-10-27T17:39:42","modified_gmt":"2021-10-27T15:39:42","slug":"zero-waste-pays-de-rennes","status":"publish","type":"post","link":"https:\/\/www.infolocale.fr\/blog\/zero-waste-pays-de-rennes\/","title":{"rendered":"Zero Waste : l\u2019atout vert de Caroline"},"content":{"rendered":"\n<div class=\"wp-block-columns alignfull is-layout-flex wp-container-core-columns-is-layout-1 wp-block-columns-is-layout-flex\">\n<div class=\"wp-block-column is-layout-flow wp-block-column-is-layout-flow\" style=\"flex-basis:100%\">\n<p class=\"has-text-align-justify has-background has-normal-font-size\" style=\"background-color:#ffffff;line-height:2\">Sensibilis\u00e9e \u00e0 la cause \u00e9cologique, une coll\u00e8gue pr\u00eate \u00e0 Caroline le livre <em>La Famille z\u00e9ro d\u00e9chet<\/em> de Jeremie Pichon et Benedicte Moret. Le contenu, les conseils pratiques&nbsp;l&rsquo;enchantent. Son compagnon se sent \u00e9galement&nbsp;concern\u00e9.&nbsp; Ensemble ils appliquent les recommandations et changent progressivement leur quotidien. Heureux, ils le sont en consommant sain&nbsp;; elle est &nbsp;satisfaite de fabriquer&nbsp; ses produits d\u2019hygi\u00e8ne. Un besoin \u00e9merge&nbsp;: celui de partager ce bien-\u00eatre, procur\u00e9 par ce nouveau mode de consommation. C\u2019est la rentr\u00e9e 2018. Caroline apprend la cr\u00e9ation de l\u2019Association&nbsp; locale <a rel=\"noreferrer noopener\" href=\"http:\/\/zerowastepaysderennes.mystrikingly.com\/\" target=\"_blank\">Zero Waste Pays de Rennes<\/a>&nbsp; au printemps pr\u00e9c\u00e9dent.<\/p>\n<\/div>\n<\/div>\n\n\n\n<div class=\"wp-block-columns alignfull is-layout-flex wp-container-core-columns-is-layout-2 wp-block-columns-is-layout-flex\">\n<div class=\"wp-block-column is-layout-flow wp-block-column-is-layout-flow\" style=\"flex-basis:100%\">\n<figure class=\"wp-block-pullquote\"><blockquote><p><strong>\u00ab\u00a0frustr\u00e9e de ne pouvoir faire plus, je souhaitais rejoindre les citoyens &nbsp;de proximit\u00e9, concern\u00e9s par cette action, participer \u00e0&nbsp; la diffusion de ce mode de vie, crucial.\u00a0\u00bb<\/strong> Caroline  <\/p><\/blockquote><\/figure>\n<\/div>\n<\/div>\n\n\n\n<div class=\"wp-block-columns alignfull is-layout-flex wp-container-core-columns-is-layout-3 wp-block-columns-is-layout-flex\">\n<div class=\"wp-block-column is-layout-flow wp-block-column-is-layout-flow\" style=\"flex-basis:100%\">\n<p class=\"has-text-align-justify has-background has-normal-font-size\" style=\"line-height:2\">A 30 ans, c\u2019est son premier engagement dans une association. Elle le veut pratique, efficace et aspire \u00e0 retrouver les autres adh\u00e9rents (une quarantaine en octobre 2019) pour &nbsp;diffuser les cinq pr\u00e9ceptes : <strong>refuser<\/strong>, <strong>r\u00e9duire<\/strong>, <strong>r\u00e9utiliser<\/strong>, <strong>recycler<\/strong>, <strong>composter<\/strong>.<\/p>\n<\/div>\n<\/div>\n\n\n\n<div class=\"wp-block-columns alignfull is-layout-flex wp-container-core-columns-is-layout-4 wp-block-columns-is-layout-flex\">\n<div class=\"wp-block-column is-vertically-aligned-center is-layout-flow wp-block-column-is-layout-flow\" style=\"flex-basis:100%\">\n<h4 class=\"has-text-align-center wp-block-heading\">Actrice du changement, de la transition<\/h4>\n\n\n\n<div class=\"wp-block-media-text alignfull has-media-on-the-right is-stacked-on-mobile is-vertically-aligned-center is-image-fill has-background\" style=\"background-color:#ffffff;grid-template-columns:auto 40%\"><figure class=\"wp-block-media-text__media\" style=\"background-image:url(https:\/\/blog.infolocale.fr\/wp-content\/uploads\/2020\/03\/les-marathoniennes-zero-waste-place-de-la-mairie-de-rennes-dr.png?w=580);background-position:50% 50%\"><img decoding=\"async\" src=\"https:\/\/blog.infolocale.fr\/wp-content\/uploads\/2020\/03\/les-marathoniennes-zero-waste-place-de-la-mairie-de-rennes-dr.png?w=580\" alt=\"Zero waste z\u00e9ro d\u00e9ch\u00eat b\u00e9n\u00e9voles\" class=\"wp-image-162 size-full\"\/><\/figure><div class=\"wp-block-media-text__content\">\n<p class=\"has-text-align-justify has-normal-font-size\" style=\"line-height:2\">Au sein de l\u2019association, elle s\u2019engage dans le groupe \u00ab&nbsp;Commer\u00e7ants&nbsp; Zero D\u00e9chet\u00bb. Avec les 6 autres adh\u00e9rentes, elles organisent des&nbsp; \u00ab&nbsp;Marathons&nbsp;\u00bb dans le centre-ville rennais, notamment. La d\u00e9marche est de sensibiliser les commer\u00e7ants. Accepter les contenants des clients, apposer le sticker de l\u2019association sur leur vitrine (mi-octobre 2019, 20 commer\u00e7ants du centre l\u2019affichent)&nbsp;.<\/p>\n<\/div><\/div>\n<\/div>\n<\/div>\n\n\n\n<div class=\"wp-block-columns alignfull is-layout-flex wp-container-core-columns-is-layout-6 wp-block-columns-is-layout-flex\">\n<div class=\"wp-block-column is-layout-flow wp-block-column-is-layout-flow\" style=\"flex-basis:100%\">\n<div class=\"wp-block-image\"><figure class=\"aligncenter size-large\"><img decoding=\"async\" src=\"https:\/\/blog.infolocale.fr\/wp-content\/uploads\/2020\/03\/le-sticker-apposc3a9-sur-les-vitrines-des-commerc3a7ants.jpg?w=1024\" alt=\"zero waste z\u00e9ro d\u00e9ch\u00eats stickers\" class=\"wp-image-166\"\/><figcaption>Le sticker appos\u00e9 sur les vitrines des commer\u00e7ants<\/figcaption><\/figure><\/div>\n\n\n\n<div class=\"wp-block-columns alignfull has-background is-layout-flex wp-container-core-columns-is-layout-5 wp-block-columns-is-layout-flex\" style=\"background-color:#ffffff\">\n<div class=\"wp-block-column is-layout-flow wp-block-column-is-layout-flow\">\n<figure class=\"wp-block-image alignfull size-large\"><img decoding=\"async\" src=\"https:\/\/blog.infolocale.fr\/wp-content\/uploads\/2020\/03\/animation-dans-une-c3a9cole-fabircation-dune-c3a9ponge-tawashi-rc3a9alisc3a9e-avec-des-chutes-de-tissu.jpg?w=580\" alt=\"zero waste \u00e9ro d\u00e9ch\u00eats tawashis\" class=\"wp-image-168\"\/><figcaption>Animation dans une \u00e9cole &#8211; fabrication d&rsquo;une \u00e9ponge Tawashi \u00e0 partir de chutes de tissu<\/figcaption><\/figure>\n\n\n\n<p><\/p>\n<\/div>\n\n\n\n<div class=\"wp-block-column is-layout-flow wp-block-column-is-layout-flow\">\n<p class=\"has-text-align-justify has-background has-normal-font-size\" style=\"background-color:#ffffff;line-height:2\">Des rencontres, animations dans les \u00e9coles, les facult\u00e9s, les maisons de quartier sont \u00e9galement organis\u00e9es par Zero Waste Pays de Rennes. Une association qui s\u2019expose dans les salons et autres festivals alternatifs.<\/p>\n<\/div>\n<\/div>\n\n\n\n<blockquote class=\"wp-block-quote has-text-align-left is-layout-flow wp-block-quote-is-layout-flow\"><p>Retrouver tous leurs tutos <a href=\"http:\/\/zerowastepaysderennes.mystrikingly.com\/#nos-tutos\">ici<\/a><\/p><\/blockquote>\n\n\n\n<p><\/p>\n<\/div>\n<\/div>\n\n\n\n<div class=\"wp-block-columns alignfull is-layout-flex wp-container-core-columns-is-layout-7 wp-block-columns-is-layout-flex\">\n<div class=\"wp-block-column is-layout-flow wp-block-column-is-layout-flow\" style=\"flex-basis:100%\">\n<h4 class=\"has-text-align-center wp-block-heading\">Planet Zero, un engagement \u00e9panouissant<\/h4>\n\n\n\n<p class=\"has-text-align-justify has-background has-normal-font-size\" style=\"line-height:2\">Caroline voulait donner du sens \u00e0 sa vie en adh\u00e9rent. Elle l\u2019a trouv\u00e9. M\u00eame plus&nbsp;: un accomplissement&nbsp;! Pour l\u2019association, elle donne de son temps, vingt \u00e0 trente heures par mois. Cette communaut\u00e9 de b\u00e9n\u00e9voles \u00ab&nbsp;<strong>fait du bien<\/strong>&nbsp;\u00bb.&nbsp; L\u2019enjeu est primordial. Il faut convaincre et rallier \u00e0 la cause progressivement. Pas facile de parler de retour sur investissement \u00ab&nbsp;<strong>mais la certitude de bien faire&nbsp;\u00bb. &nbsp;<\/strong><\/p>\n\n\n\n<p class=\"has-text-align-justify has-background has-normal-font-size\" style=\"line-height:2\">D\u00e9veloppeuse informatique, elle n\u2019a pas mis en avant ses comp\u00e9tences &nbsp;professionnelles. \u00ab&nbsp;<strong>Ce n\u2019\u00e9tait pas l\u2019objectif. Mais si un besoin \u00e9merge, je pourrais le faire<\/strong>&nbsp;\u00bb. Le bureau se compose de cinq b\u00e9n\u00e9voles. Mais elle ne souhaite pas y participer. <br>&nbsp;&nbsp;<br>La philosophie, l\u2019esprit, l\u2019action, l\u2019ambiance de Zero Waste r\u00e9pondent aux attentes de Caroline.&nbsp;<\/p>\n<\/div>\n<\/div>\n\n\n\n<div class=\"wp-block-columns alignfull is-layout-flex wp-container-core-columns-is-layout-8 wp-block-columns-is-layout-flex\">\n<div class=\"wp-block-column is-layout-flow wp-block-column-is-layout-flow\" style=\"flex-basis:100%\">\n<figure class=\"wp-block-pullquote is-style-default\"><blockquote><p><strong>\u00ab&nbsp;Je participe \u00e0 une belle d\u00e9marche, elle n\u2019est pas vaine. Nous sommes parfois confront\u00e9s \u00e0 des objections, loin de nous dissuader, elles nous incitent \u00e0 continuer \u00e0 communiquer, sensibiliser. Des graines sont plant\u00e9es&nbsp; pour notre sujet de pr\u00e9dilection&nbsp;: Le meilleur d\u00e9chet, c\u2019est celui qui n\u2019existe pas&nbsp;!&nbsp;\u00bb<\/strong><\/p><\/blockquote><\/figure>\n\n\n\n<figure class=\"wp-block-image size-large\"><a href=\"https:\/\/s.infolocale.fr\/?utm_source=blog&amp;utm_medium=banner&amp;utm_campaign=blog-contents\"><img fetchpriority=\"high\" decoding=\"async\" width=\"908\" height=\"196\" src=\"https:\/\/www.infolocale.fr\/blog\/wp-content\/uploads\/2021\/02\/Banniere_evenement.png\" alt=\"\" class=\"wp-image-5949\" srcset=\"https:\/\/www.infolocale.fr\/blog\/wp-content\/uploads\/2021\/02\/Banniere_evenement.png 908w, https:\/\/www.infolocale.fr\/blog\/wp-content\/uploads\/2021\/02\/Banniere_evenement-300x65.png 300w, https:\/\/www.infolocale.fr\/blog\/wp-content\/uploads\/2021\/02\/Banniere_evenement-768x166.png 768w, https:\/\/www.infolocale.fr\/blog\/wp-content\/uploads\/2021\/02\/Banniere_evenement-278x60.png 278w\" sizes=\"(max-width: 908px) 100vw, 908px\" \/><\/a><\/figure>\n<\/div>\n<\/div>\n","protected":false},"excerpt":{"rendered":"<p>Sensibilis\u00e9e \u00e0 la cause \u00e9cologique, une coll\u00e8gue pr\u00eate \u00e0 Caroline le livre La Famille z\u00e9ro d\u00e9chet de Jeremie Pichon et Benedicte Moret. Le contenu, les [&hellip;]<\/p>\n","protected":false},"author":8,"featured_media":4224,"comment_status":"open","ping_status":"closed","sticky":false,"template":"","format":"standard","meta":{"_coblocks_attr":"","_coblocks_dimensions":"","_coblocks_responsive_height":"","_coblocks_accordion_ie_support":"","_mo_disable_npp":"","footnotes":""},"categories":[6,8],"tags":[],"class_list":["post-152","post","type-post","status-publish","format-standard","has-post-thumbnail","hentry","category-actu-acteurs-locaux","category-acteurs-locaux"],"yoast_head":"<!-- This site is optimized with the Yoast SEO plugin v23.2 - https:\/\/yoast.com\/wordpress\/plugins\/seo\/ -->\n<title>Zero Waste Pays de Rennes : l&#039;atout vert de Caroline |<\/title>\n<meta name=\"description\" content=\"\u00ab Je participe \u00e0 une belle d\u00e9marche. Le meilleur d\u00e9chet, c\u2019est celui qui n\u2019existe pas ! \u00bb. Caroline, b\u00e9n\u00e9vole de Zero Waste t\u00e9moigne.\" \/>\n<meta name=\"robots\" content=\"index, follow, max-snippet:-1, max-image-preview:large, max-video-preview:-1\" \/>\n<link rel=\"canonical\" href=\"https:\/\/infolocale.20minutes.fr\/blog\/zero-waste-pays-de-rennes\/\" \/>\n<meta property=\"og:locale\" content=\"fr_FR\" \/>\n<meta property=\"og:type\" content=\"article\" \/>\n<meta property=\"og:title\" content=\"Zero Waste Pays de Rennes : l&#039;atout vert de Caroline |\" \/>\n<meta property=\"og:description\" content=\"\u00ab Je participe \u00e0 une belle d\u00e9marche. Le meilleur d\u00e9chet, c\u2019est celui qui n\u2019existe pas ! \u00bb. Caroline, b\u00e9n\u00e9vole de Zero Waste t\u00e9moigne.\" \/>\n<meta property=\"og:url\" content=\"https:\/\/infolocale.20minutes.fr\/blog\/zero-waste-pays-de-rennes\/\" \/>\n<meta property=\"article:publisher\" content=\"https:\/\/www.facebook.com\/infolocaleFR\/\" \/>\n<meta property=\"article:published_time\" content=\"2020-03-04T11:14:33+00:00\" \/>\n<meta property=\"article:modified_time\" content=\"2021-10-27T15:39:42+00:00\" \/>\n<meta property=\"og:image\" content=\"https:\/\/infolocale.20minutes.fr\/blog\/wp-content\/uploads\/2020\/03\/Association-locale-Zero-Waste-Pays-de-Rennes.jpg\" \/>\n\t<meta property=\"og:image:width\" content=\"1024\" \/>\n\t<meta property=\"og:image:height\" content=\"768\" \/>\n\t<meta property=\"og:image:type\" content=\"image\/jpeg\" \/>\n<meta name=\"author\" content=\"Myl\u00e8ne\" \/>\n<meta name=\"twitter:card\" content=\"summary_large_image\" \/>\n<meta name=\"twitter:creator\" content=\"@infolocale\" \/>\n<meta name=\"twitter:site\" content=\"@infolocale\" \/>\n<meta name=\"twitter:label1\" content=\"\u00c9crit par\" \/>\n\t<meta name=\"twitter:data1\" content=\"Myl\u00e8ne\" \/>\n\t<meta name=\"twitter:label2\" content=\"Dur\u00e9e de lecture estim\u00e9e\" \/>\n\t<meta name=\"twitter:data2\" content=\"3 minutes\" \/>\n<script type=\"application\/ld+json\" class=\"yoast-schema-graph\">{\"@context\":\"https:\/\/schema.org\",\"@graph\":[{\"@type\":\"Article\",\"@id\":\"https:\/\/infolocale.20minutes.fr\/blog\/zero-waste-pays-de-rennes\/#article\",\"isPartOf\":{\"@id\":\"https:\/\/infolocale.20minutes.fr\/blog\/zero-waste-pays-de-rennes\/\"},\"author\":{\"name\":\"Myl\u00e8ne\",\"@id\":\"https:\/\/www.infolocale.fr\/blog\/#\/schema\/person\/bf2dc50c6636ffa2ce3e44ef1f9eb97f\"},\"headline\":\"Zero Waste : l\u2019atout vert de Caroline\",\"datePublished\":\"2020-03-04T11:14:33+00:00\",\"dateModified\":\"2021-10-27T15:39:42+00:00\",\"mainEntityOfPage\":{\"@id\":\"https:\/\/infolocale.20minutes.fr\/blog\/zero-waste-pays-de-rennes\/\"},\"wordCount\":529,\"commentCount\":0,\"publisher\":{\"@id\":\"https:\/\/www.infolocale.fr\/blog\/#organization\"},\"image\":{\"@id\":\"https:\/\/infolocale.20minutes.fr\/blog\/zero-waste-pays-de-rennes\/#primaryimage\"},\"thumbnailUrl\":\"https:\/\/www.infolocale.fr\/blog\/wp-content\/uploads\/2020\/03\/Association-locale-Zero-Waste-Pays-de-Rennes.jpg\",\"articleSection\":[\"En ce moment\",\"Portraits\"],\"inLanguage\":\"fr-FR\",\"potentialAction\":[{\"@type\":\"CommentAction\",\"name\":\"Comment\",\"target\":[\"https:\/\/infolocale.20minutes.fr\/blog\/zero-waste-pays-de-rennes\/#respond\"]}]},{\"@type\":\"WebPage\",\"@id\":\"https:\/\/infolocale.20minutes.fr\/blog\/zero-waste-pays-de-rennes\/\",\"url\":\"https:\/\/infolocale.20minutes.fr\/blog\/zero-waste-pays-de-rennes\/\",\"name\":\"Zero Waste Pays de Rennes : l'atout vert de Caroline |\",\"isPartOf\":{\"@id\":\"https:\/\/www.infolocale.fr\/blog\/#website\"},\"primaryImageOfPage\":{\"@id\":\"https:\/\/infolocale.20minutes.fr\/blog\/zero-waste-pays-de-rennes\/#primaryimage\"},\"image\":{\"@id\":\"https:\/\/infolocale.20minutes.fr\/blog\/zero-waste-pays-de-rennes\/#primaryimage\"},\"thumbnailUrl\":\"https:\/\/www.infolocale.fr\/blog\/wp-content\/uploads\/2020\/03\/Association-locale-Zero-Waste-Pays-de-Rennes.jpg\",\"datePublished\":\"2020-03-04T11:14:33+00:00\",\"dateModified\":\"2021-10-27T15:39:42+00:00\",\"description\":\"\u00ab Je participe \u00e0 une belle d\u00e9marche. Le meilleur d\u00e9chet, c\u2019est celui qui n\u2019existe pas ! \u00bb. Caroline, b\u00e9n\u00e9vole de Zero Waste t\u00e9moigne.\",\"breadcrumb\":{\"@id\":\"https:\/\/infolocale.20minutes.fr\/blog\/zero-waste-pays-de-rennes\/#breadcrumb\"},\"inLanguage\":\"fr-FR\",\"potentialAction\":[{\"@type\":\"ReadAction\",\"target\":[\"https:\/\/infolocale.20minutes.fr\/blog\/zero-waste-pays-de-rennes\/\"]}]},{\"@type\":\"ImageObject\",\"inLanguage\":\"fr-FR\",\"@id\":\"https:\/\/infolocale.20minutes.fr\/blog\/zero-waste-pays-de-rennes\/#primaryimage\",\"url\":\"https:\/\/www.infolocale.fr\/blog\/wp-content\/uploads\/2020\/03\/Association-locale-Zero-Waste-Pays-de-Rennes.jpg\",\"contentUrl\":\"https:\/\/www.infolocale.fr\/blog\/wp-content\/uploads\/2020\/03\/Association-locale-Zero-Waste-Pays-de-Rennes.jpg\",\"width\":1024,\"height\":768,\"caption\":\"Association locale Zero Waste Pays de Rennes\"},{\"@type\":\"BreadcrumbList\",\"@id\":\"https:\/\/infolocale.20minutes.fr\/blog\/zero-waste-pays-de-rennes\/#breadcrumb\",\"itemListElement\":[{\"@type\":\"ListItem\",\"position\":1,\"name\":\"Blog\",\"item\":\"https:\/\/infolocale.ouest-france.fr\/blog\/\"},{\"@type\":\"ListItem\",\"position\":2,\"name\":\"Portraits\",\"item\":\"https:\/\/infolocale.20minutes.fr\/blog\/cat\/acteurs-locaux\/\"},{\"@type\":\"ListItem\",\"position\":3,\"name\":\"Zero Waste : l\u2019atout vert de Caroline\"}]},{\"@type\":\"WebSite\",\"@id\":\"https:\/\/www.infolocale.fr\/blog\/#website\",\"url\":\"https:\/\/www.infolocale.fr\/blog\/\",\"name\":\"\",\"description\":\"\",\"publisher\":{\"@id\":\"https:\/\/www.infolocale.fr\/blog\/#organization\"},\"potentialAction\":[{\"@type\":\"SearchAction\",\"target\":{\"@type\":\"EntryPoint\",\"urlTemplate\":\"https:\/\/www.infolocale.fr\/blog\/?s={search_term_string}\"},\"query-input\":\"required name=search_term_string\"}],\"inLanguage\":\"fr-FR\"},{\"@type\":\"Organization\",\"@id\":\"https:\/\/www.infolocale.fr\/blog\/#organization\",\"name\":\"Infolocale\",\"url\":\"https:\/\/www.infolocale.fr\/blog\/\",\"logo\":{\"@type\":\"ImageObject\",\"inLanguage\":\"fr-FR\",\"@id\":\"https:\/\/www.infolocale.fr\/blog\/#\/schema\/logo\/image\/\",\"url\":\"https:\/\/www.infolocale.fr\/blog\/wp-content\/uploads\/2020\/11\/logol.jpg\",\"contentUrl\":\"https:\/\/www.infolocale.fr\/blog\/wp-content\/uploads\/2020\/11\/logol.jpg\",\"width\":1031,\"height\":398,\"caption\":\"Infolocale\"},\"image\":{\"@id\":\"https:\/\/www.infolocale.fr\/blog\/#\/schema\/logo\/image\/\"},\"sameAs\":[\"https:\/\/www.facebook.com\/infolocaleFR\/\",\"https:\/\/x.com\/infolocale\",\"https:\/\/www.instagram.com\/infolocale\/\",\"https:\/\/fr.linkedin.com\/company\/infolocale\",\"https:\/\/www.youtube.com\/channel\/UCnv4FA8EYEuu_si3TGr7xeA\"]},{\"@type\":\"Person\",\"@id\":\"https:\/\/www.infolocale.fr\/blog\/#\/schema\/person\/bf2dc50c6636ffa2ce3e44ef1f9eb97f\",\"name\":\"Myl\u00e8ne\",\"image\":{\"@type\":\"ImageObject\",\"inLanguage\":\"fr-FR\",\"@id\":\"https:\/\/www.infolocale.fr\/blog\/#\/schema\/person\/image\/\",\"url\":\"https:\/\/secure.gravatar.com\/avatar\/49511f0ea4b41ed3062b218e30f07042?s=96&d=mm&r=g\",\"contentUrl\":\"https:\/\/secure.gravatar.com\/avatar\/49511f0ea4b41ed3062b218e30f07042?s=96&d=mm&r=g\",\"caption\":\"Myl\u00e8ne\"},\"url\":\"https:\/\/www.infolocale.fr\/blog\/author\/mylene-michel\/\"}]}<\/script>\n<!-- \/ Yoast SEO plugin. -->","yoast_head_json":{"title":"Zero Waste Pays de Rennes : l'atout vert de Caroline |","description":"\u00ab Je participe \u00e0 une belle d\u00e9marche. Le meilleur d\u00e9chet, c\u2019est celui qui n\u2019existe pas ! \u00bb. Caroline, b\u00e9n\u00e9vole de Zero Waste t\u00e9moigne.","robots":{"index":"index","follow":"follow","max-snippet":"max-snippet:-1","max-image-preview":"max-image-preview:large","max-video-preview":"max-video-preview:-1"},"canonical":"https:\/\/infolocale.20minutes.fr\/blog\/zero-waste-pays-de-rennes\/","og_locale":"fr_FR","og_type":"article","og_title":"Zero Waste Pays de Rennes : l'atout vert de Caroline |","og_description":"\u00ab Je participe \u00e0 une belle d\u00e9marche. Le meilleur d\u00e9chet, c\u2019est celui qui n\u2019existe pas ! \u00bb. Caroline, b\u00e9n\u00e9vole de Zero Waste t\u00e9moigne.","og_url":"https:\/\/infolocale.20minutes.fr\/blog\/zero-waste-pays-de-rennes\/","article_publisher":"https:\/\/www.facebook.com\/infolocaleFR\/","article_published_time":"2020-03-04T11:14:33+00:00","article_modified_time":"2021-10-27T15:39:42+00:00","og_image":[{"width":1024,"height":768,"url":"https:\/\/infolocale.20minutes.fr\/blog\/wp-content\/uploads\/2020\/03\/Association-locale-Zero-Waste-Pays-de-Rennes.jpg","type":"image\/jpeg"}],"author":"Myl\u00e8ne","twitter_card":"summary_large_image","twitter_creator":"@infolocale","twitter_site":"@infolocale","twitter_misc":{"\u00c9crit par":"Myl\u00e8ne","Dur\u00e9e de lecture estim\u00e9e":"3 minutes"},"schema":{"@context":"https:\/\/schema.org","@graph":[{"@type":"Article","@id":"https:\/\/infolocale.20minutes.fr\/blog\/zero-waste-pays-de-rennes\/#article","isPartOf":{"@id":"https:\/\/infolocale.20minutes.fr\/blog\/zero-waste-pays-de-rennes\/"},"author":{"name":"Myl\u00e8ne","@id":"https:\/\/www.infolocale.fr\/blog\/#\/schema\/person\/bf2dc50c6636ffa2ce3e44ef1f9eb97f"},"headline":"Zero Waste : l\u2019atout vert de Caroline","datePublished":"2020-03-04T11:14:33+00:00","dateModified":"2021-10-27T15:39:42+00:00","mainEntityOfPage":{"@id":"https:\/\/infolocale.20minutes.fr\/blog\/zero-waste-pays-de-rennes\/"},"wordCount":529,"commentCount":0,"publisher":{"@id":"https:\/\/www.infolocale.fr\/blog\/#organization"},"image":{"@id":"https:\/\/infolocale.20minutes.fr\/blog\/zero-waste-pays-de-rennes\/#primaryimage"},"thumbnailUrl":"https:\/\/www.infolocale.fr\/blog\/wp-content\/uploads\/2020\/03\/Association-locale-Zero-Waste-Pays-de-Rennes.jpg","articleSection":["En ce moment","Portraits"],"inLanguage":"fr-FR","potentialAction":[{"@type":"CommentAction","name":"Comment","target":["https:\/\/infolocale.20minutes.fr\/blog\/zero-waste-pays-de-rennes\/#respond"]}]},{"@type":"WebPage","@id":"https:\/\/infolocale.20minutes.fr\/blog\/zero-waste-pays-de-rennes\/","url":"https:\/\/infolocale.20minutes.fr\/blog\/zero-waste-pays-de-rennes\/","name":"Zero Waste Pays de Rennes : l'atout vert de Caroline |","isPartOf":{"@id":"https:\/\/www.infolocale.fr\/blog\/#website"},"primaryImageOfPage":{"@id":"https:\/\/infolocale.20minutes.fr\/blog\/zero-waste-pays-de-rennes\/#primaryimage"},"image":{"@id":"https:\/\/infolocale.20minutes.fr\/blog\/zero-waste-pays-de-rennes\/#primaryimage"},"thumbnailUrl":"https:\/\/www.infolocale.fr\/blog\/wp-content\/uploads\/2020\/03\/Association-locale-Zero-Waste-Pays-de-Rennes.jpg","datePublished":"2020-03-04T11:14:33+00:00","dateModified":"2021-10-27T15:39:42+00:00","description":"\u00ab Je participe \u00e0 une belle d\u00e9marche. Le meilleur d\u00e9chet, c\u2019est celui qui n\u2019existe pas ! \u00bb. Caroline, b\u00e9n\u00e9vole de Zero Waste t\u00e9moigne.","breadcrumb":{"@id":"https:\/\/infolocale.20minutes.fr\/blog\/zero-waste-pays-de-rennes\/#breadcrumb"},"inLanguage":"fr-FR","potentialAction":[{"@type":"ReadAction","target":["https:\/\/infolocale.20minutes.fr\/blog\/zero-waste-pays-de-rennes\/"]}]},{"@type":"ImageObject","inLanguage":"fr-FR","@id":"https:\/\/infolocale.20minutes.fr\/blog\/zero-waste-pays-de-rennes\/#primaryimage","url":"https:\/\/www.infolocale.fr\/blog\/wp-content\/uploads\/2020\/03\/Association-locale-Zero-Waste-Pays-de-Rennes.jpg","contentUrl":"https:\/\/www.infolocale.fr\/blog\/wp-content\/uploads\/2020\/03\/Association-locale-Zero-Waste-Pays-de-Rennes.jpg","width":1024,"height":768,"caption":"Association locale Zero Waste Pays de Rennes"},{"@type":"BreadcrumbList","@id":"https:\/\/infolocale.20minutes.fr\/blog\/zero-waste-pays-de-rennes\/#breadcrumb","itemListElement":[{"@type":"ListItem","position":1,"name":"Blog","item":"https:\/\/infolocale.ouest-france.fr\/blog\/"},{"@type":"ListItem","position":2,"name":"Portraits","item":"https:\/\/infolocale.20minutes.fr\/blog\/cat\/acteurs-locaux\/"},{"@type":"ListItem","position":3,"name":"Zero Waste : l\u2019atout vert de Caroline"}]},{"@type":"WebSite","@id":"https:\/\/www.infolocale.fr\/blog\/#website","url":"https:\/\/www.infolocale.fr\/blog\/","name":"","description":"","publisher":{"@id":"https:\/\/www.infolocale.fr\/blog\/#organization"},"potentialAction":[{"@type":"SearchAction","target":{"@type":"EntryPoint","urlTemplate":"https:\/\/www.infolocale.fr\/blog\/?s={search_term_string}"},"query-input":"required name=search_term_string"}],"inLanguage":"fr-FR"},{"@type":"Organization","@id":"https:\/\/www.infolocale.fr\/blog\/#organization","name":"Infolocale","url":"https:\/\/www.infolocale.fr\/blog\/","logo":{"@type":"ImageObject","inLanguage":"fr-FR","@id":"https:\/\/www.infolocale.fr\/blog\/#\/schema\/logo\/image\/","url":"https:\/\/www.infolocale.fr\/blog\/wp-content\/uploads\/2020\/11\/logol.jpg","contentUrl":"https:\/\/www.infolocale.fr\/blog\/wp-content\/uploads\/2020\/11\/logol.jpg","width":1031,"height":398,"caption":"Infolocale"},"image":{"@id":"https:\/\/www.infolocale.fr\/blog\/#\/schema\/logo\/image\/"},"sameAs":["https:\/\/www.facebook.com\/infolocaleFR\/","https:\/\/x.com\/infolocale","https:\/\/www.instagram.com\/infolocale\/","https:\/\/fr.linkedin.com\/company\/infolocale","https:\/\/www.youtube.com\/channel\/UCnv4FA8EYEuu_si3TGr7xeA"]},{"@type":"Person","@id":"https:\/\/www.infolocale.fr\/blog\/#\/schema\/person\/bf2dc50c6636ffa2ce3e44ef1f9eb97f","name":"Myl\u00e8ne","image":{"@type":"ImageObject","inLanguage":"fr-FR","@id":"https:\/\/www.infolocale.fr\/blog\/#\/schema\/person\/image\/","url":"https:\/\/secure.gravatar.com\/avatar\/49511f0ea4b41ed3062b218e30f07042?s=96&d=mm&r=g","contentUrl":"https:\/\/secure.gravatar.com\/avatar\/49511f0ea4b41ed3062b218e30f07042?s=96&d=mm&r=g","caption":"Myl\u00e8ne"},"url":"https:\/\/www.infolocale.fr\/blog\/author\/mylene-michel\/"}]}},"_links":{"self":[{"href":"https:\/\/www.infolocale.fr\/blog\/wp-json\/wp\/v2\/posts\/152"}],"collection":[{"href":"https:\/\/www.infolocale.fr\/blog\/wp-json\/wp\/v2\/posts"}],"about":[{"href":"https:\/\/www.infolocale.fr\/blog\/wp-json\/wp\/v2\/types\/post"}],"author":[{"embeddable":true,"href":"https:\/\/www.infolocale.fr\/blog\/wp-json\/wp\/v2\/users\/8"}],"replies":[{"embeddable":true,"href":"https:\/\/www.infolocale.fr\/blog\/wp-json\/wp\/v2\/comments?post=152"}],"version-history":[{"count":0,"href":"https:\/\/www.infolocale.fr\/blog\/wp-json\/wp\/v2\/posts\/152\/revisions"}],"wp:featuredmedia":[{"embeddable":true,"href":"https:\/\/www.infolocale.fr\/blog\/wp-json\/wp\/v2\/media\/4224"}],"wp:attachment":[{"href":"https:\/\/www.infolocale.fr\/blog\/wp-json\/wp\/v2\/media?parent=152"}],"wp:term":[{"taxonomy":"category","embeddable":true,"href":"https:\/\/www.infolocale.fr\/blog\/wp-json\/wp\/v2\/categories?post=152"},{"taxonomy":"post_tag","embeddable":true,"href":"https:\/\/www.infolocale.fr\/blog\/wp-json\/wp\/v2\/tags?post=152"}],"curies":[{"name":"wp","href":"https:\/\/api.w.org\/{rel}","templated":true}]}}